{"id":263205,"date":"2022-12-19T17:37:54","date_gmt":"2022-12-19T22:37:54","guid":{"rendered":"https:\/\/www.fiscalia.gov.co\/colombia\/?p=263205"},"modified":"2022-12-19T17:37:54","modified_gmt":"2022-12-19T22:37:54","slug":"fiscalia-en-guaviare-aumento-de-manera-significativa-las-cifras-de-casos-resueltos-en-2022","status":"publish","type":"post","link":"https:\/\/www.fiscalia.gov.co\/colombia\/noticias\/fiscalia-en-guaviare-aumento-de-manera-significativa-las-cifras-de-casos-resueltos-en-2022\/","title":{"rendered":"Fiscal\u00eda en Guaviare aument\u00f3 de manera significativa las cifras de casos resueltos en 2022"},"content":{"rendered":"<h4><strong><em>De los 168 casos de violencia intrafamiliar, uno de los delitos m\u00e1s denunciados en el departamento durante este a\u00f1o, se resolvieron el 83.33%.\u00a0<\/em><\/strong><\/h4>\n<p>Finalizando el 2022, la seccional Guaviare entrega un <strong>positivo balance<\/strong>\u00a0con el\u00a0<strong>aumento en la resoluci\u00f3n de casos<\/strong>\u00a0que afectan la convivencia ciudadana como la\u00a0<strong>violencia intrafamiliar, los delitos sexuales, el hurto violento, el homicidio doloso y el feminicidio.<\/strong><\/p>\n<p>La labor del equipo de profesionales de esta seccional, liderada por su directora Isabel Cristina Le\u00f3n Henao, permiti\u00f3 resolver un significativo n\u00famero de casos en los cinco municipios que la conforman, incluyendo una localidad del sur del Meta.<\/p>\n<p>Ellos son San Jos\u00e9 del Guaviare, El Retorno, Calamar y Miraflores(Guaviare)y Puerto Concordia del sur del Meta.<\/p>\n<p><strong>Violencia intrafamiliar\u00a0<\/strong><\/p>\n<p>Aunque este a\u00f1o el n\u00famero de casos denunciados disminuy\u00f3, 168 frente a los 181 de 2021,\u00a0<a href=\"https:\/\/www.fiscalia.gov.co\/colombia\/noticias\/fiscalia-general-de-la-nacion-presento-positivo-balance-en-la-lucha-contra-los-delitos-que-mas-afectan-a-la-ciudadania-en-medellin\/\" data-saferedirecturl=\"https:\/\/www.google.com\/url?q=https:\/\/www.fiscalia.gov.co\/colombia\/noticias\/fiscalia-general-de-la-nacion-presento-positivo-balance-en-la-lucha-contra-los-delitos-que-mas-afectan-a-la-ciudadania-en-medellin\/&amp;source=gmail&amp;ust=1671575569377000&amp;usg=AOvVaw30tQrdGoA1pfFQ8wnE3Srg\">un 83.33% de ellos fueron resueltos<\/a>.\u00a0Ese porcentaje el a\u00f1o pasado fue del\u00a030.39%.<\/p>\n<p>De estos casos,\u00a0 122 se presentaron en San Jos\u00e9 del Guaviare, 19 Calamar (Guaviare) y 19 en Puerto Concordia (Meta) y 4 casos en cada una de las localidades de El Retorno y Miraflores.<\/p>\n<p>Dentro de los casos judicializados en los \u00faltimos d\u00edas destacamos un hecho ocurrido el pasado mes de septiembre, donde una mujer fue agredida a golpes por su compa\u00f1ero permanente en un acto de intolerancia, caus\u00e1ndole una incapacidad de 20 d\u00edas en la Vereda Puerto Zancudo de Calamar (Guaviare).<\/p>\n<p>El otro caso se present\u00f3 en San Jos\u00e9 del Guaviare, donde este 14 de diciembre donde\u00a0<strong>un hombre\u00a0<\/strong>fue judicializado por agresi\u00f3n f\u00edsica y verbal en contra de dos exparejas sentimentales y una hermana del detenido.<\/p>\n<p>A la c\u00e1rcel fueron enviados los dos hombres imputados por el delito de violencia intrafamiliar agravada, el cual no fue aceptado por ninguno de ellos.<\/p>\n<p><strong>Delitos sexuales\u00a0<\/strong><\/p>\n<p>En cuanto a estos delitos, de 94 casos denunciados en 2022 se resolvieron el 64.89% de casos frente al 41.18% de 119 hechos investigados en 2021.<\/p>\n<p>En San Jos\u00e9 del Guaviare fueron denunciados 56 casos, 12 en El Retorno, 10 en Calamar (Guaviare)10 en Puerto Concordia (Meta), y 6 en Miraflores (Guaviare).\u00a0<strong>\u00a0<\/strong><\/p>\n<p>Fueron judicializados como presuntos responsables de\u00a0delitos\u00a0sexuales contra menores, en hechos aislados, profesores, hermanos, conocidos de las v\u00edctimas y hombre que se hac\u00eda pasar por &#8220;brujo&#8221; para agredir\u00a0sexualmente a sus v\u00edctimas.<\/p>\n<p>Y en los \u00faltimos d\u00edas fue judicializado el exesposo de la abuela de la v\u00edctima por acceso carnal abusivo con menor de 14 a\u00f1os y actos sexuales con menor de 14 a\u00f1os agravado, en hechos ocurridos el pasado mes de enero en Calamar (Guaviare).<\/p>\n<p>En uno de los hechos, adem\u00e1s, una menor qued\u00f3 en embarazo.<\/p>\n<p>Estas personas fueron\u00a0identificadas, capturadas y recibieron medida de aseguramiento\u00a0consistente en detenci\u00f3n intramural por los jueces de garant\u00edas\u00a0ante los cuales se llevaron a cabo sus audiencias concentradas.<\/p>\n<p><strong>Hurto violento\u00a0<\/strong><\/p>\n<p>Por<strong>\u00a0<\/strong><strong>e<\/strong>ste delito las denuncias aumentaron en 2022, de 33 casos frente a 23 en 2021 y tambi\u00e9n aument\u00f3 el porcentaje de casos resueltos de 21.21% en 2022 frente al 8.7% obtenido en 2021.<\/p>\n<p>De estos casos, 28 ocurrieron en San Jos\u00e9 del Guaviare (Guaviare), 3 en Puerto Concordia(Meta), 1 en El Retorno y uno m\u00e1s en Calamar (Calamar).<\/p>\n<p>Los hurtos habr\u00edan ocurrido en establecimientos p\u00fablicos y residencias.<\/p>\n<p><strong>Homicidio doloso<\/strong><strong>\u00a0<\/strong><\/p>\n<p>En esta seccional de 43 casos conocidos fueron resueltos el 69.77% en 2022 frente al 50% de 36 hechos denunciados en 2021.<\/p>\n<p>De los casos judicializados en 2022, 24 se presentaron en San Jos\u00e9 del Guaviare, 6 en El Retorno, 5 en Calamar, 3 en Miraflores (Guaviare) y 5 en Puerto Concordia (Meta).<\/p>\n<p>Dentro de los judicializados se encuentran padre e hija, detenidos como presuntos responsables de la muerte de un l\u00edder comunal en Puerto Concordia (Meta), el pasado mes de abril. Y a la c\u00e1rcel tambi\u00e9n fue enviado el presunto responsable de la muerte de una persona perteneciente a la comunidad LGTBIQ+, el pasado mes de agosto en San Jos\u00e9 del Guaviare (Guaviare).<\/p>\n<p><strong>Feminicidio<\/strong><strong>\u00a0<\/strong><\/p>\n<p>Tal como aconteci\u00f3 el a\u00f1o inmediatamente anterior,\u00a0 en 2022 solo se ha presentado un caso de feminicidio. Y ambos fueron resueltos<\/p>\n<p>David Jos\u00e9 Negr\u00edn Blanco fue enviado a la c\u00e1rcel como presunto responsable de feminicidio tentado contra su esposa, luego de agredirla con arma cortopunzante tipo machete, en septiembre pasado en San Jos\u00e9 del Guaviare (Guaviare).<\/p>\n<p><strong>En 2022 la Fiscal\u00eda habl\u00f3 con resultados\u00a0<\/strong><\/p>\n<p>&nbsp;<\/p>\n<p>&nbsp;<\/p>\n<p>&nbsp;<\/p>\n<p>&nbsp;<\/p>\n<p>&nbsp;<\/p>\n<p>&nbsp;<\/p>\n<p>PYMP\/CfG\/ICLH\/DSG<\/p>\n<p>&nbsp;<\/p>\n<p>&nbsp;<\/p>\n<p>&nbsp;<\/p>\n<p>&nbsp;<\/p>\n<p>&nbsp;<\/p>\n<div class=\"td-post-content tagdiv-type\">\n<div class=\"td-post-content tagdiv-type\">\n<div class=\"td-post-content tagdiv-type\">\n<p><em><span lang=\"ES\">La informaci\u00f3n contenida en este bolet\u00edn de prensa corresponde a la narraci\u00f3n de los hechos noticiosos objetivos, suministrados por los funcionarios encargados de adelantar las investigaciones penales al interior de la Fiscal\u00eda General de la Naci\u00f3n. Para el momento de la divulgaci\u00f3n de este comunicado, la situaci\u00f3n jur\u00eddica de la(s) persona(s) relacionada(s) se encuentra pendiente de resolver por la autoridad judicial competente, siempre bajo los preceptos de la presunci\u00f3n de inocencia, consagrados en el art\u00edculo 29 de la Constituci\u00f3n Pol\u00edtica y el art\u00edculo 7\u00ba de la Ley 906 de 2004.<\/span><\/em><\/p>\n<\/div>\n<\/div>\n<\/div>\n\n<div class=\"twitter-share\"><a href=\"https:\/\/twitter.com\/intent\/tweet?via=fiscaliacol\" class=\"twitter-share-button\">Tweet<\/a><\/div>\n","protected":false},"excerpt":{"rendered":"<p>De los 168 casos de violencia intrafamiliar, uno de los delitos m\u00e1s denunciados en el departamento durante este a\u00f1o, se resolvieron el 83.33%.\u00a0 Finalizando el 2022, la seccional Guaviare entrega un positivo balance\u00a0con el\u00a0aumento en la resoluci\u00f3n de casos\u00a0que afectan la convivencia ciudadana como la\u00a0violencia intrafamiliar, los delitos sexuales, el hurto violento, el homicidio doloso [&hellip;]<\/p>\n","protected":false},"author":177,"featured_media":0,"comment_status":"closed","ping_status":"open","sticky":false,"template":"","format":"standard","meta":{"tdm_status":"","tdm_grid_status":"","footnotes":""},"categories":[1,12689,303],"tags":[33574,2369,13442,20060,28012,33573,31721,682],"class_list":{"0":"post-263205","1":"post","2":"type-post","3":"status-publish","4":"format-standard","6":"category-noticias","7":"category-seccional-guaviare","8":"category-seccionales","9":"tag-aumento-en-resolucion-de-casos","10":"tag-de4litos-sexuales","11":"tag-feminicidio","12":"tag-homicidio-doloso","13":"tag-hurto-violento","14":"tag-positivo-balance","15":"tag-san-jose-del-guaviare-guaviare","16":"tag-violencia-intrafamiliar"},"yoast_head":"<!-- This site is optimized with the Yoast SEO plugin v24.3 - https:\/\/yoast.com\/wordpress\/plugins\/seo\/ -->\n<title>Fiscal\u00eda General de la Naci\u00f3n<\/title>\n<meta name=\"description\" content=\"P\u00e1gina oficial de la Fiscal\u00eda General de la Naci\u00f3n \u2013 Colombia. Garantizamos el acceso efectivo a la justicia, la verdad y la reparaci\u00f3n de las v\u00edctimas de los delitos.\" \/>\n<meta name=\"robots\" content=\"noindex, follow\" \/>\n<meta property=\"og:locale\" content=\"es_ES\" \/>\n<meta property=\"og:type\" content=\"article\" \/>\n<meta property=\"og:title\" content=\"Fiscal\u00eda General de la Naci\u00f3n\" \/>\n<meta property=\"og:description\" content=\"P\u00e1gina oficial de la Fiscal\u00eda General de la Naci\u00f3n \u2013 Colombia. Garantizamos el acceso efectivo a la justicia, la verdad y la reparaci\u00f3n de las v\u00edctimas de los delitos.\" \/>\n<meta property=\"og:url\" content=\"https:\/\/www.fiscalia.gov.co\/colombia\/noticias\/fiscalia-en-guaviare-aumento-de-manera-significativa-las-cifras-de-casos-resueltos-en-2022\/\" \/>\n<meta property=\"og:site_name\" content=\"Fiscal\u00eda General de la Naci\u00f3n\" \/>\n<meta property=\"article:publisher\" content=\"https:\/\/www.facebook.com\/FiscaliaCol\" \/>\n<meta property=\"article:published_time\" content=\"2022-12-19T22:37:54+00:00\" \/>\n<meta name=\"author\" content=\"Jordan Leandro Oviedo Anzola\" \/>\n<meta name=\"twitter:card\" content=\"summary_large_image\" \/>\n<meta name=\"twitter:creator\" content=\"@FiscaliaCol\" \/>\n<meta name=\"twitter:site\" content=\"@FiscaliaCol\" \/>\n<meta name=\"twitter:label1\" content=\"Escrito por\" \/>\n\t<meta name=\"twitter:data1\" content=\"Jordan Leandro Oviedo Anzola\" \/>\n\t<meta name=\"twitter:label2\" content=\"Tiempo de lectura\" \/>\n\t<meta name=\"twitter:data2\" content=\"4 minutos\" \/>\n<script type=\"application\/ld+json\" class=\"yoast-schema-graph\">{\"@context\":\"https:\/\/schema.org\",\"@graph\":[{\"@type\":\"Article\",\"@id\":\"https:\/\/www.fiscalia.gov.co\/colombia\/noticias\/fiscalia-en-guaviare-aumento-de-manera-significativa-las-cifras-de-casos-resueltos-en-2022\/#article\",\"isPartOf\":{\"@id\":\"https:\/\/www.fiscalia.gov.co\/colombia\/noticias\/fiscalia-en-guaviare-aumento-de-manera-significativa-las-cifras-de-casos-resueltos-en-2022\/\"},\"author\":{\"name\":\"Jordan Leandro Oviedo Anzola\",\"@id\":\"https:\/\/www.fiscalia.gov.co\/colombia\/#\/schema\/person\/bf84402cf293a5393e9c70b111020b24\"},\"headline\":\"Fiscal\u00eda en Guaviare aument\u00f3 de manera significativa las cifras de casos resueltos en 2022\",\"datePublished\":\"2022-12-19T22:37:54+00:00\",\"dateModified\":\"2022-12-19T22:37:54+00:00\",\"mainEntityOfPage\":{\"@id\":\"https:\/\/www.fiscalia.gov.co\/colombia\/noticias\/fiscalia-en-guaviare-aumento-de-manera-significativa-las-cifras-de-casos-resueltos-en-2022\/\"},\"wordCount\":832,\"publisher\":{\"@id\":\"https:\/\/www.fiscalia.gov.co\/colombia\/#organization\"},\"keywords\":[\"aumento en resoluci\u00f3n de casos.\",\"Delitos sexuales\",\"Feminicidio\",\"homicidio doloso\",\"hurto violento\",\"positivo balance\",\"San Jos\u00e9 del Guaviare (Guaviare)\",\"Violencia intrafamiliar\"],\"articleSection\":[\"Noticias\",\"Seccional Guaviare\",\"Seccionales\"],\"inLanguage\":\"es-CO\"},{\"@type\":\"WebPage\",\"@id\":\"https:\/\/www.fiscalia.gov.co\/colombia\/noticias\/fiscalia-en-guaviare-aumento-de-manera-significativa-las-cifras-de-casos-resueltos-en-2022\/\",\"url\":\"https:\/\/www.fiscalia.gov.co\/colombia\/noticias\/fiscalia-en-guaviare-aumento-de-manera-significativa-las-cifras-de-casos-resueltos-en-2022\/\",\"name\":\"Fiscal\u00eda General de la Naci\u00f3n\",\"isPartOf\":{\"@id\":\"https:\/\/www.fiscalia.gov.co\/colombia\/#website\"},\"datePublished\":\"2022-12-19T22:37:54+00:00\",\"dateModified\":\"2022-12-19T22:37:54+00:00\",\"description\":\"P\u00e1gina oficial de la Fiscal\u00eda General de la Naci\u00f3n \u2013 Colombia. Garantizamos el acceso efectivo a la justicia, la verdad y la reparaci\u00f3n de las v\u00edctimas de los delitos.\",\"breadcrumb\":{\"@id\":\"https:\/\/www.fiscalia.gov.co\/colombia\/noticias\/fiscalia-en-guaviare-aumento-de-manera-significativa-las-cifras-de-casos-resueltos-en-2022\/#breadcrumb\"},\"inLanguage\":\"es-CO\",\"potentialAction\":[{\"@type\":\"ReadAction\",\"target\":[\"https:\/\/www.fiscalia.gov.co\/colombia\/noticias\/fiscalia-en-guaviare-aumento-de-manera-significativa-las-cifras-de-casos-resueltos-en-2022\/\"]}]},{\"@type\":\"BreadcrumbList\",\"@id\":\"https:\/\/www.fiscalia.gov.co\/colombia\/noticias\/fiscalia-en-guaviare-aumento-de-manera-significativa-las-cifras-de-casos-resueltos-en-2022\/#breadcrumb\",\"itemListElement\":[{\"@type\":\"ListItem\",\"position\":1,\"name\":\"Home\",\"item\":\"https:\/\/www.fiscalia.gov.co\/colombia\/\"},{\"@type\":\"ListItem\",\"position\":2,\"name\":\"Fiscal\u00eda en Guaviare aument\u00f3 de manera significativa las cifras de casos resueltos en 2022\"}]},{\"@type\":\"WebSite\",\"@id\":\"https:\/\/www.fiscalia.gov.co\/colombia\/#website\",\"url\":\"https:\/\/www.fiscalia.gov.co\/colombia\/\",\"name\":\"Fiscal\u00eda General de la Naci\u00f3n\",\"description\":\"P\u00e1gina oficial de la Fiscal\u00eda General de la Naci\u00f3n \u2013 Colombia. Garantizamos el acceso efectivo a la justicia, la verdad y la reparaci\u00f3n de las v\u00edctimas de los delitos.\",\"publisher\":{\"@id\":\"https:\/\/www.fiscalia.gov.co\/colombia\/#organization\"},\"potentialAction\":[{\"@type\":\"SearchAction\",\"target\":{\"@type\":\"EntryPoint\",\"urlTemplate\":\"https:\/\/www.fiscalia.gov.co\/colombia\/?s={search_term_string}\"},\"query-input\":{\"@type\":\"PropertyValueSpecification\",\"valueRequired\":true,\"valueName\":\"search_term_string\"}}],\"inLanguage\":\"es-CO\"},{\"@type\":\"Organization\",\"@id\":\"https:\/\/www.fiscalia.gov.co\/colombia\/#organization\",\"name\":\"Fiscal\u00eda General de la Naci\u00f3n\",\"url\":\"https:\/\/www.fiscalia.gov.co\/colombia\/\",\"logo\":{\"@type\":\"ImageObject\",\"inLanguage\":\"es-CO\",\"@id\":\"https:\/\/www.fiscalia.gov.co\/colombia\/#\/schema\/logo\/image\/\",\"url\":\"https:\/\/www.fiscalia.gov.co\/colombia\/wp-content\/uploads\/LogoHorizontal_1.jpg\",\"contentUrl\":\"https:\/\/www.fiscalia.gov.co\/colombia\/wp-content\/uploads\/LogoHorizontal_1.jpg\",\"width\":300,\"height\":90,\"caption\":\"Fiscal\u00eda General de la Naci\u00f3n\"},\"image\":{\"@id\":\"https:\/\/www.fiscalia.gov.co\/colombia\/#\/schema\/logo\/image\/\"},\"sameAs\":[\"https:\/\/www.facebook.com\/FiscaliaCol\",\"https:\/\/x.com\/FiscaliaCol\",\"https:\/\/www.instagram.com\/fiscaliacol\",\"https:\/\/www.linkedin.com\/company\/fiscalia-general-de-la-naci-n\/\",\"https:\/\/youtube.com\/@fiscaliageneraldelanacion-4668?si=6nN79nyQICPU5iTh\"]},{\"@type\":\"Person\",\"@id\":\"https:\/\/www.fiscalia.gov.co\/colombia\/#\/schema\/person\/bf84402cf293a5393e9c70b111020b24\",\"name\":\"Jordan Leandro Oviedo Anzola\",\"image\":{\"@type\":\"ImageObject\",\"inLanguage\":\"es-CO\",\"@id\":\"https:\/\/www.fiscalia.gov.co\/colombia\/#\/schema\/person\/image\/\",\"url\":\"https:\/\/secure.gravatar.com\/avatar\/dabba4346fa9b9207d96adafa8f92721?s=96&d=mm&r=g\",\"contentUrl\":\"https:\/\/secure.gravatar.com\/avatar\/dabba4346fa9b9207d96adafa8f92721?s=96&d=mm&r=g\",\"caption\":\"Jordan Leandro Oviedo Anzola\"},\"url\":\"https:\/\/www.fiscalia.gov.co\/colombia\/author\/joviedo\/\"}]}<\/script>\n<!-- \/ Yoast SEO plugin. -->","yoast_head_json":{"title":"Fiscal\u00eda General de la Naci\u00f3n","description":"P\u00e1gina oficial de la Fiscal\u00eda General de la Naci\u00f3n \u2013 Colombia. Garantizamos el acceso efectivo a la justicia, la verdad y la reparaci\u00f3n de las v\u00edctimas de los delitos.","robots":{"index":"noindex","follow":"follow"},"og_locale":"es_ES","og_type":"article","og_title":"Fiscal\u00eda General de la Naci\u00f3n","og_description":"P\u00e1gina oficial de la Fiscal\u00eda General de la Naci\u00f3n \u2013 Colombia. Garantizamos el acceso efectivo a la justicia, la verdad y la reparaci\u00f3n de las v\u00edctimas de los delitos.","og_url":"https:\/\/www.fiscalia.gov.co\/colombia\/noticias\/fiscalia-en-guaviare-aumento-de-manera-significativa-las-cifras-de-casos-resueltos-en-2022\/","og_site_name":"Fiscal\u00eda General de la Naci\u00f3n","article_publisher":"https:\/\/www.facebook.com\/FiscaliaCol","article_published_time":"2022-12-19T22:37:54+00:00","author":"Jordan Leandro Oviedo Anzola","twitter_card":"summary_large_image","twitter_creator":"@FiscaliaCol","twitter_site":"@FiscaliaCol","twitter_misc":{"Escrito por":"Jordan Leandro Oviedo Anzola","Tiempo de lectura":"4 minutos"},"schema":{"@context":"https:\/\/schema.org","@graph":[{"@type":"Article","@id":"https:\/\/www.fiscalia.gov.co\/colombia\/noticias\/fiscalia-en-guaviare-aumento-de-manera-significativa-las-cifras-de-casos-resueltos-en-2022\/#article","isPartOf":{"@id":"https:\/\/www.fiscalia.gov.co\/colombia\/noticias\/fiscalia-en-guaviare-aumento-de-manera-significativa-las-cifras-de-casos-resueltos-en-2022\/"},"author":{"name":"Jordan Leandro Oviedo Anzola","@id":"https:\/\/www.fiscalia.gov.co\/colombia\/#\/schema\/person\/bf84402cf293a5393e9c70b111020b24"},"headline":"Fiscal\u00eda en Guaviare aument\u00f3 de manera significativa las cifras de casos resueltos en 2022","datePublished":"2022-12-19T22:37:54+00:00","dateModified":"2022-12-19T22:37:54+00:00","mainEntityOfPage":{"@id":"https:\/\/www.fiscalia.gov.co\/colombia\/noticias\/fiscalia-en-guaviare-aumento-de-manera-significativa-las-cifras-de-casos-resueltos-en-2022\/"},"wordCount":832,"publisher":{"@id":"https:\/\/www.fiscalia.gov.co\/colombia\/#organization"},"keywords":["aumento en resoluci\u00f3n de casos.","Delitos sexuales","Feminicidio","homicidio doloso","hurto violento","positivo balance","San Jos\u00e9 del Guaviare (Guaviare)","Violencia intrafamiliar"],"articleSection":["Noticias","Seccional Guaviare","Seccionales"],"inLanguage":"es-CO"},{"@type":"WebPage","@id":"https:\/\/www.fiscalia.gov.co\/colombia\/noticias\/fiscalia-en-guaviare-aumento-de-manera-significativa-las-cifras-de-casos-resueltos-en-2022\/","url":"https:\/\/www.fiscalia.gov.co\/colombia\/noticias\/fiscalia-en-guaviare-aumento-de-manera-significativa-las-cifras-de-casos-resueltos-en-2022\/","name":"Fiscal\u00eda General de la Naci\u00f3n","isPartOf":{"@id":"https:\/\/www.fiscalia.gov.co\/colombia\/#website"},"datePublished":"2022-12-19T22:37:54+00:00","dateModified":"2022-12-19T22:37:54+00:00","description":"P\u00e1gina oficial de la Fiscal\u00eda General de la Naci\u00f3n \u2013 Colombia. Garantizamos el acceso efectivo a la justicia, la verdad y la reparaci\u00f3n de las v\u00edctimas de los delitos.","breadcrumb":{"@id":"https:\/\/www.fiscalia.gov.co\/colombia\/noticias\/fiscalia-en-guaviare-aumento-de-manera-significativa-las-cifras-de-casos-resueltos-en-2022\/#breadcrumb"},"inLanguage":"es-CO","potentialAction":[{"@type":"ReadAction","target":["https:\/\/www.fiscalia.gov.co\/colombia\/noticias\/fiscalia-en-guaviare-aumento-de-manera-significativa-las-cifras-de-casos-resueltos-en-2022\/"]}]},{"@type":"BreadcrumbList","@id":"https:\/\/www.fiscalia.gov.co\/colombia\/noticias\/fiscalia-en-guaviare-aumento-de-manera-significativa-las-cifras-de-casos-resueltos-en-2022\/#breadcrumb","itemListElement":[{"@type":"ListItem","position":1,"name":"Home","item":"https:\/\/www.fiscalia.gov.co\/colombia\/"},{"@type":"ListItem","position":2,"name":"Fiscal\u00eda en Guaviare aument\u00f3 de manera significativa las cifras de casos resueltos en 2022"}]},{"@type":"WebSite","@id":"https:\/\/www.fiscalia.gov.co\/colombia\/#website","url":"https:\/\/www.fiscalia.gov.co\/colombia\/","name":"Fiscal\u00eda General de la Naci\u00f3n","description":"P\u00e1gina oficial de la Fiscal\u00eda General de la Naci\u00f3n \u2013 Colombia. Garantizamos el acceso efectivo a la justicia, la verdad y la reparaci\u00f3n de las v\u00edctimas de los delitos.","publisher":{"@id":"https:\/\/www.fiscalia.gov.co\/colombia\/#organization"},"potentialAction":[{"@type":"SearchAction","target":{"@type":"EntryPoint","urlTemplate":"https:\/\/www.fiscalia.gov.co\/colombia\/?s={search_term_string}"},"query-input":{"@type":"PropertyValueSpecification","valueRequired":true,"valueName":"search_term_string"}}],"inLanguage":"es-CO"},{"@type":"Organization","@id":"https:\/\/www.fiscalia.gov.co\/colombia\/#organization","name":"Fiscal\u00eda General de la Naci\u00f3n","url":"https:\/\/www.fiscalia.gov.co\/colombia\/","logo":{"@type":"ImageObject","inLanguage":"es-CO","@id":"https:\/\/www.fiscalia.gov.co\/colombia\/#\/schema\/logo\/image\/","url":"https:\/\/www.fiscalia.gov.co\/colombia\/wp-content\/uploads\/LogoHorizontal_1.jpg","contentUrl":"https:\/\/www.fiscalia.gov.co\/colombia\/wp-content\/uploads\/LogoHorizontal_1.jpg","width":300,"height":90,"caption":"Fiscal\u00eda General de la Naci\u00f3n"},"image":{"@id":"https:\/\/www.fiscalia.gov.co\/colombia\/#\/schema\/logo\/image\/"},"sameAs":["https:\/\/www.facebook.com\/FiscaliaCol","https:\/\/x.com\/FiscaliaCol","https:\/\/www.instagram.com\/fiscaliacol","https:\/\/www.linkedin.com\/company\/fiscalia-general-de-la-naci-n\/","https:\/\/youtube.com\/@fiscaliageneraldelanacion-4668?si=6nN79nyQICPU5iTh"]},{"@type":"Person","@id":"https:\/\/www.fiscalia.gov.co\/colombia\/#\/schema\/person\/bf84402cf293a5393e9c70b111020b24","name":"Jordan Leandro Oviedo Anzola","image":{"@type":"ImageObject","inLanguage":"es-CO","@id":"https:\/\/www.fiscalia.gov.co\/colombia\/#\/schema\/person\/image\/","url":"https:\/\/secure.gravatar.com\/avatar\/dabba4346fa9b9207d96adafa8f92721?s=96&d=mm&r=g","contentUrl":"https:\/\/secure.gravatar.com\/avatar\/dabba4346fa9b9207d96adafa8f92721?s=96&d=mm&r=g","caption":"Jordan Leandro Oviedo Anzola"},"url":"https:\/\/www.fiscalia.gov.co\/colombia\/author\/joviedo\/"}]}},"_links":{"self":[{"href":"https:\/\/www.fiscalia.gov.co\/colombia\/wp-json\/wp\/v2\/posts\/263205","targetHints":{"allow":["GET"]}}],"collection":[{"href":"https:\/\/www.fiscalia.gov.co\/colombia\/wp-json\/wp\/v2\/posts"}],"about":[{"href":"https:\/\/www.fiscalia.gov.co\/colombia\/wp-json\/wp\/v2\/types\/post"}],"author":[{"embeddable":true,"href":"https:\/\/www.fiscalia.gov.co\/colombia\/wp-json\/wp\/v2\/users\/177"}],"replies":[{"embeddable":true,"href":"https:\/\/www.fiscalia.gov.co\/colombia\/wp-json\/wp\/v2\/comments?post=263205"}],"version-history":[{"count":1,"href":"https:\/\/www.fiscalia.gov.co\/colombia\/wp-json\/wp\/v2\/posts\/263205\/revisions"}],"predecessor-version":[{"id":263206,"href":"https:\/\/www.fiscalia.gov.co\/colombia\/wp-json\/wp\/v2\/posts\/263205\/revisions\/263206"}],"wp:attachment":[{"href":"https:\/\/www.fiscalia.gov.co\/colombia\/wp-json\/wp\/v2\/media?parent=263205"}],"wp:term":[{"taxonomy":"category","embeddable":true,"href":"https:\/\/www.fiscalia.gov.co\/colombia\/wp-json\/wp\/v2\/categories?post=263205"},{"taxonomy":"post_tag","embeddable":true,"href":"https:\/\/www.fiscalia.gov.co\/colombia\/wp-json\/wp\/v2\/tags?post=263205"}],"curies":[{"name":"wp","href":"https:\/\/api.w.org\/{rel}","templated":true}]}}