{"id":263198,"date":"2022-12-19T17:24:22","date_gmt":"2022-12-19T22:24:22","guid":{"rendered":"https:\/\/www.fiscalia.gov.co\/colombia\/?p=263198"},"modified":"2022-12-20T09:58:09","modified_gmt":"2022-12-20T14:58:09","slug":"durante-el-2022-la-fiscalia-resolvio-la-totalidad-de-feminicidios-reportados-en-cesar","status":"publish","type":"post","link":"https:\/\/www.fiscalia.gov.co\/colombia\/noticias\/durante-el-2022-la-fiscalia-resolvio-la-totalidad-de-feminicidios-reportados-en-cesar\/","title":{"rendered":"Durante el 2022 la Fiscal\u00eda resolvi\u00f3 la totalidad de feminicidios reportados en Cesar"},"content":{"rendered":"<h4><strong><em>En 2022 la Seccional Cesar captur\u00f3 a 117 personas, presuntamente, vinculadas con redes de crimen organizado. Todos los procesados fueron cobijados con medidas de aseguramiento en centro carcelario<\/em>.<\/strong><\/h4>\n<p>En 2022 la Seccional Cesar de la Fiscal\u00eda General de la Naci\u00f3n no par\u00f3 en su deseo de acercar la justicia a los ciudadanos en la calle y los territorios. Para ello dispuso de distintas estrategias, prioriz\u00f3 investigaciones y enfatiz\u00f3 en la itinerancia; gracias a lo cual logr\u00f3 importantes resultados en casos de feminicidios, pues fueron resueltos en su totalidad.<\/p>\n<p>Los homicidios de mujeres fueron resueltos en un 61 por ciento de los casos conocidos. Las v\u00edctimas de este mismo delito, registradas en otros grupos y sectores sociales, se alcanzaron avances del 49 por ciento, con 118 casos resueltos.<\/p>\n<p>Entre los delitos de mayor impacto en Cesar estuvo la violencia intrafamiliar con 1.489 casos registrados. La priorizaci\u00f3n dada por la Seccional a estos casos permiti\u00f3 que se resolvieran 1.053 hechos, representando 70 por ciento de efectividad.<\/p>\n<p>Otra de las problem\u00e1ticas presentadas en esta parte del pa\u00eds estuvo relacionada con los delitos sexuales que en 2022 registr\u00f3 390 casos de los cuales se resolvieron 221, lo cual significa una efectividad en las investigaciones del 56%.<\/p>\n<p><strong><u>Golpes al crimen organizado <\/u><\/strong><\/p>\n<p>Una de las prioridades de la Secci\u00f3n Cesar durante el a\u00f1o que termina fue enfrentar de manera contundente el crimen organizado.<\/p>\n<p>Se destaca la judicializaci\u00f3n de Los Tranzas banda dedicada a estafar mediante la modalidad de acceso abusivo a sistemas inform\u00e1ticos. En este caso se profirieron 11 \u00f3rdenes de captura, de las cuales se materializaron 7. La contundencia del material probatorio expuesto por la Fiscal\u00eda permiti\u00f3 que todos los procesados fueran enviados a prisi\u00f3n.<\/p>\n<p>Las acciones cumplidas de manera coordinada con el CTI y la fuerza p\u00fablica en esta parte del pa\u00eds permitieron que la Seccional Cesar impactara 17 estructuras. 6 estaban dedicadas a hurtos en distintas modalidades, 4 al comercio de estupefacientes, 4 a extorsiones cuyas v\u00edctimas eran comerciantes, transportadores y la comunidad en general, las restantes estuvieron implicadas en homicidios.<\/p>\n<p>Por estos hechos se captur\u00f3 117 personas. Todas fueron cobijadas con medidas de aseguramiento en centro carcelario lo cual representa una efectividad del 100%.<\/p>\n<p>Luego del trabajo articulado entre el Cuerpo T\u00e9cnico de Investigaci\u00f3n (CTI), Polic\u00eda, Ej\u00e9rcito Nacional, autoridades municipales y departamentales se logr\u00f3 desmantelar la banda Los Codazzi, involucrados en la afectaci\u00f3n a 9 v\u00edctimas de homicidio, bajo la subestructura Clan del Golfo, frente Francisco Jos\u00e9 M\u00f3relo Pe\u00f1ate, con una reducci\u00f3n del 71% en impacto de delitos.<\/p>\n<p>Consecuente con la intenci\u00f3n de llevar la justicia a todos los territorios en 2022 se implementaron dos Puntos de Atenci\u00f3n de la Fiscal\u00eda (PAF). Estos fueron ubicados en el municipio de Sabanas de San \u00c1ngel sur del Magdalena y Manaure (Cesar).<\/p>\n<p><strong>En 2022 la Fiscal\u00eda habl\u00f3 con resultados.<\/strong><\/p>\n<p>&nbsp;<\/p>\n<p>&nbsp;<\/p>\n<p>&nbsp;<\/p>\n<p>&nbsp;<\/p>\n<p>&nbsp;<\/p>\n<p>EDH\/MAGA\/RCV\/DSC<\/p>\n<p>&nbsp;<\/p>\n<p>&nbsp;<\/p>\n<p>&nbsp;<\/p>\n<p>&nbsp;<\/p>\n<p>&nbsp;<\/p>\n<div class=\"td-post-content tagdiv-type\">\n<p><em><span lang=\"ES\">La informaci\u00f3n contenida en este bolet\u00edn de prensa corresponde a la narraci\u00f3n de los hechos noticiosos objetivos, suministrados por los funcionarios encargados de adelantar las investigaciones penales al interior de la Fiscal\u00eda General de la Naci\u00f3n. Para el momento de la divulgaci\u00f3n de este comunicado, la situaci\u00f3n jur\u00eddica de la(s) persona(s) relacionada(s) se encuentra pendiente de resolver por la autoridad judicial competente, siempre bajo los preceptos de la presunci\u00f3n de inocencia, consagrados en el art\u00edculo 29 de la Constituci\u00f3n Pol\u00edtica y el art\u00edculo 7\u00ba de la Ley 906 de 2004.<\/span><\/em><\/p>\n<\/div>\n\n<div class=\"twitter-share\"><a href=\"https:\/\/twitter.com\/intent\/tweet?via=fiscaliacol\" class=\"twitter-share-button\">Tweet<\/a><\/div>\n","protected":false},"excerpt":{"rendered":"<p>En 2022 la Seccional Cesar captur\u00f3 a 117 personas, presuntamente, vinculadas con redes de crimen organizado. Todos los procesados fueron cobijados con medidas de aseguramiento en centro carcelario. En 2022 la Seccional Cesar de la Fiscal\u00eda General de la Naci\u00f3n no par\u00f3 en su deseo de acercar la justicia a los ciudadanos en la calle [&hellip;]<\/p>\n","protected":false},"author":177,"featured_media":0,"comment_status":"closed","ping_status":"open","sticky":false,"template":"","format":"standard","meta":{"tdm_status":"","tdm_grid_status":"","footnotes":""},"categories":[1,342,303],"tags":[30755,7484,24185,1047,30611,24965],"class_list":{"0":"post-263198","1":"post","2":"type-post","3":"status-publish","4":"format-standard","6":"category-noticias","7":"category-seccional-valledupar","8":"category-seccionales","9":"tag-30755","10":"tag-crimen-organizado","11":"tag-fiscal-barbosa","12":"tag-fiscalia-general-de-la-nacion","13":"tag-gestion","14":"tag-valledupar-cesar"},"yoast_head":"<!-- This site is optimized with the Yoast SEO plugin v24.3 - https:\/\/yoast.com\/wordpress\/plugins\/seo\/ -->\n<title>Fiscal\u00eda General de la Naci\u00f3n<\/title>\n<meta name=\"description\" content=\"P\u00e1gina oficial de la Fiscal\u00eda General de la Naci\u00f3n \u2013 Colombia. Garantizamos el acceso efectivo a la justicia, la verdad y la reparaci\u00f3n de las v\u00edctimas de los delitos.\" \/>\n<meta name=\"robots\" content=\"noindex, follow\" \/>\n<meta property=\"og:locale\" content=\"es_ES\" \/>\n<meta property=\"og:type\" content=\"article\" \/>\n<meta property=\"og:title\" content=\"Fiscal\u00eda General de la Naci\u00f3n\" \/>\n<meta property=\"og:description\" content=\"P\u00e1gina oficial de la Fiscal\u00eda General de la Naci\u00f3n \u2013 Colombia. Garantizamos el acceso efectivo a la justicia, la verdad y la reparaci\u00f3n de las v\u00edctimas de los delitos.\" \/>\n<meta property=\"og:url\" content=\"https:\/\/www.fiscalia.gov.co\/colombia\/noticias\/durante-el-2022-la-fiscalia-resolvio-la-totalidad-de-feminicidios-reportados-en-cesar\/\" \/>\n<meta property=\"og:site_name\" content=\"Fiscal\u00eda General de la Naci\u00f3n\" \/>\n<meta property=\"article:publisher\" content=\"https:\/\/www.facebook.com\/FiscaliaCol\" \/>\n<meta property=\"article:published_time\" content=\"2022-12-19T22:24:22+00:00\" \/>\n<meta property=\"article:modified_time\" content=\"2022-12-20T14:58:09+00:00\" \/>\n<meta name=\"author\" content=\"Jordan Leandro Oviedo Anzola\" \/>\n<meta name=\"twitter:card\" content=\"summary_large_image\" \/>\n<meta name=\"twitter:creator\" content=\"@FiscaliaCol\" \/>\n<meta name=\"twitter:site\" content=\"@FiscaliaCol\" \/>\n<meta name=\"twitter:label1\" content=\"Escrito por\" \/>\n\t<meta name=\"twitter:data1\" content=\"Jordan Leandro Oviedo Anzola\" \/>\n\t<meta name=\"twitter:label2\" content=\"Tiempo de lectura\" \/>\n\t<meta name=\"twitter:data2\" content=\"3 minutos\" \/>\n<script type=\"application\/ld+json\" class=\"yoast-schema-graph\">{\"@context\":\"https:\/\/schema.org\",\"@graph\":[{\"@type\":\"Article\",\"@id\":\"https:\/\/www.fiscalia.gov.co\/colombia\/noticias\/durante-el-2022-la-fiscalia-resolvio-la-totalidad-de-feminicidios-reportados-en-cesar\/#article\",\"isPartOf\":{\"@id\":\"https:\/\/www.fiscalia.gov.co\/colombia\/noticias\/durante-el-2022-la-fiscalia-resolvio-la-totalidad-de-feminicidios-reportados-en-cesar\/\"},\"author\":{\"name\":\"Jordan Leandro Oviedo Anzola\",\"@id\":\"https:\/\/www.fiscalia.gov.co\/colombia\/#\/schema\/person\/bf84402cf293a5393e9c70b111020b24\"},\"headline\":\"Durante el 2022 la Fiscal\u00eda resolvi\u00f3 la totalidad de feminicidios reportados en Cesar\",\"datePublished\":\"2022-12-19T22:24:22+00:00\",\"dateModified\":\"2022-12-20T14:58:09+00:00\",\"mainEntityOfPage\":{\"@id\":\"https:\/\/www.fiscalia.gov.co\/colombia\/noticias\/durante-el-2022-la-fiscalia-resolvio-la-totalidad-de-feminicidios-reportados-en-cesar\/\"},\"wordCount\":596,\"publisher\":{\"@id\":\"https:\/\/www.fiscalia.gov.co\/colombia\/#organization\"},\"keywords\":[\"2022\",\"Crimen organizado\",\"Fiscal Barbosa\",\"Fiscal\u00eda General de la Naci\u00f3n\",\"gesti\u00f3n\",\"Valledupar (Cesar)\"],\"articleSection\":[\"Noticias\",\"Seccional Valledupar\",\"Seccionales\"],\"inLanguage\":\"es-CO\"},{\"@type\":\"WebPage\",\"@id\":\"https:\/\/www.fiscalia.gov.co\/colombia\/noticias\/durante-el-2022-la-fiscalia-resolvio-la-totalidad-de-feminicidios-reportados-en-cesar\/\",\"url\":\"https:\/\/www.fiscalia.gov.co\/colombia\/noticias\/durante-el-2022-la-fiscalia-resolvio-la-totalidad-de-feminicidios-reportados-en-cesar\/\",\"name\":\"Fiscal\u00eda General de la Naci\u00f3n\",\"isPartOf\":{\"@id\":\"https:\/\/www.fiscalia.gov.co\/colombia\/#website\"},\"datePublished\":\"2022-12-19T22:24:22+00:00\",\"dateModified\":\"2022-12-20T14:58:09+00:00\",\"description\":\"P\u00e1gina oficial de la Fiscal\u00eda General de la Naci\u00f3n \u2013 Colombia. Garantizamos el acceso efectivo a la justicia, la verdad y la reparaci\u00f3n de las v\u00edctimas de los delitos.\",\"breadcrumb\":{\"@id\":\"https:\/\/www.fiscalia.gov.co\/colombia\/noticias\/durante-el-2022-la-fiscalia-resolvio-la-totalidad-de-feminicidios-reportados-en-cesar\/#breadcrumb\"},\"inLanguage\":\"es-CO\",\"potentialAction\":[{\"@type\":\"ReadAction\",\"target\":[\"https:\/\/www.fiscalia.gov.co\/colombia\/noticias\/durante-el-2022-la-fiscalia-resolvio-la-totalidad-de-feminicidios-reportados-en-cesar\/\"]}]},{\"@type\":\"BreadcrumbList\",\"@id\":\"https:\/\/www.fiscalia.gov.co\/colombia\/noticias\/durante-el-2022-la-fiscalia-resolvio-la-totalidad-de-feminicidios-reportados-en-cesar\/#breadcrumb\",\"itemListElement\":[{\"@type\":\"ListItem\",\"position\":1,\"name\":\"Home\",\"item\":\"https:\/\/www.fiscalia.gov.co\/colombia\/\"},{\"@type\":\"ListItem\",\"position\":2,\"name\":\"Durante el 2022 la Fiscal\u00eda resolvi\u00f3 la totalidad de feminicidios reportados en Cesar\"}]},{\"@type\":\"WebSite\",\"@id\":\"https:\/\/www.fiscalia.gov.co\/colombia\/#website\",\"url\":\"https:\/\/www.fiscalia.gov.co\/colombia\/\",\"name\":\"Fiscal\u00eda General de la Naci\u00f3n\",\"description\":\"P\u00e1gina oficial de la Fiscal\u00eda General de la Naci\u00f3n \u2013 Colombia. Garantizamos el acceso efectivo a la justicia, la verdad y la reparaci\u00f3n de las v\u00edctimas de los delitos.\",\"publisher\":{\"@id\":\"https:\/\/www.fiscalia.gov.co\/colombia\/#organization\"},\"potentialAction\":[{\"@type\":\"SearchAction\",\"target\":{\"@type\":\"EntryPoint\",\"urlTemplate\":\"https:\/\/www.fiscalia.gov.co\/colombia\/?s={search_term_string}\"},\"query-input\":{\"@type\":\"PropertyValueSpecification\",\"valueRequired\":true,\"valueName\":\"search_term_string\"}}],\"inLanguage\":\"es-CO\"},{\"@type\":\"Organization\",\"@id\":\"https:\/\/www.fiscalia.gov.co\/colombia\/#organization\",\"name\":\"Fiscal\u00eda General de la Naci\u00f3n\",\"url\":\"https:\/\/www.fiscalia.gov.co\/colombia\/\",\"logo\":{\"@type\":\"ImageObject\",\"inLanguage\":\"es-CO\",\"@id\":\"https:\/\/www.fiscalia.gov.co\/colombia\/#\/schema\/logo\/image\/\",\"url\":\"https:\/\/www.fiscalia.gov.co\/colombia\/wp-content\/uploads\/LogoHorizontal_1.jpg\",\"contentUrl\":\"https:\/\/www.fiscalia.gov.co\/colombia\/wp-content\/uploads\/LogoHorizontal_1.jpg\",\"width\":300,\"height\":90,\"caption\":\"Fiscal\u00eda General de la Naci\u00f3n\"},\"image\":{\"@id\":\"https:\/\/www.fiscalia.gov.co\/colombia\/#\/schema\/logo\/image\/\"},\"sameAs\":[\"https:\/\/www.facebook.com\/FiscaliaCol\",\"https:\/\/x.com\/FiscaliaCol\",\"https:\/\/www.instagram.com\/fiscaliacol\",\"https:\/\/www.linkedin.com\/company\/fiscalia-general-de-la-naci-n\/\",\"https:\/\/youtube.com\/@fiscaliageneraldelanacion-4668?si=6nN79nyQICPU5iTh\"]},{\"@type\":\"Person\",\"@id\":\"https:\/\/www.fiscalia.gov.co\/colombia\/#\/schema\/person\/bf84402cf293a5393e9c70b111020b24\",\"name\":\"Jordan Leandro Oviedo Anzola\",\"image\":{\"@type\":\"ImageObject\",\"inLanguage\":\"es-CO\",\"@id\":\"https:\/\/www.fiscalia.gov.co\/colombia\/#\/schema\/person\/image\/\",\"url\":\"https:\/\/secure.gravatar.com\/avatar\/dabba4346fa9b9207d96adafa8f92721?s=96&d=mm&r=g\",\"contentUrl\":\"https:\/\/secure.gravatar.com\/avatar\/dabba4346fa9b9207d96adafa8f92721?s=96&d=mm&r=g\",\"caption\":\"Jordan Leandro Oviedo Anzola\"},\"url\":\"https:\/\/www.fiscalia.gov.co\/colombia\/author\/joviedo\/\"}]}<\/script>\n<!-- \/ Yoast SEO plugin. -->","yoast_head_json":{"title":"Fiscal\u00eda General de la Naci\u00f3n","description":"P\u00e1gina oficial de la Fiscal\u00eda General de la Naci\u00f3n \u2013 Colombia. Garantizamos el acceso efectivo a la justicia, la verdad y la reparaci\u00f3n de las v\u00edctimas de los delitos.","robots":{"index":"noindex","follow":"follow"},"og_locale":"es_ES","og_type":"article","og_title":"Fiscal\u00eda General de la Naci\u00f3n","og_description":"P\u00e1gina oficial de la Fiscal\u00eda General de la Naci\u00f3n \u2013 Colombia. Garantizamos el acceso efectivo a la justicia, la verdad y la reparaci\u00f3n de las v\u00edctimas de los delitos.","og_url":"https:\/\/www.fiscalia.gov.co\/colombia\/noticias\/durante-el-2022-la-fiscalia-resolvio-la-totalidad-de-feminicidios-reportados-en-cesar\/","og_site_name":"Fiscal\u00eda General de la Naci\u00f3n","article_publisher":"https:\/\/www.facebook.com\/FiscaliaCol","article_published_time":"2022-12-19T22:24:22+00:00","article_modified_time":"2022-12-20T14:58:09+00:00","author":"Jordan Leandro Oviedo Anzola","twitter_card":"summary_large_image","twitter_creator":"@FiscaliaCol","twitter_site":"@FiscaliaCol","twitter_misc":{"Escrito por":"Jordan Leandro Oviedo Anzola","Tiempo de lectura":"3 minutos"},"schema":{"@context":"https:\/\/schema.org","@graph":[{"@type":"Article","@id":"https:\/\/www.fiscalia.gov.co\/colombia\/noticias\/durante-el-2022-la-fiscalia-resolvio-la-totalidad-de-feminicidios-reportados-en-cesar\/#article","isPartOf":{"@id":"https:\/\/www.fiscalia.gov.co\/colombia\/noticias\/durante-el-2022-la-fiscalia-resolvio-la-totalidad-de-feminicidios-reportados-en-cesar\/"},"author":{"name":"Jordan Leandro Oviedo Anzola","@id":"https:\/\/www.fiscalia.gov.co\/colombia\/#\/schema\/person\/bf84402cf293a5393e9c70b111020b24"},"headline":"Durante el 2022 la Fiscal\u00eda resolvi\u00f3 la totalidad de feminicidios reportados en Cesar","datePublished":"2022-12-19T22:24:22+00:00","dateModified":"2022-12-20T14:58:09+00:00","mainEntityOfPage":{"@id":"https:\/\/www.fiscalia.gov.co\/colombia\/noticias\/durante-el-2022-la-fiscalia-resolvio-la-totalidad-de-feminicidios-reportados-en-cesar\/"},"wordCount":596,"publisher":{"@id":"https:\/\/www.fiscalia.gov.co\/colombia\/#organization"},"keywords":["2022","Crimen organizado","Fiscal Barbosa","Fiscal\u00eda General de la Naci\u00f3n","gesti\u00f3n","Valledupar (Cesar)"],"articleSection":["Noticias","Seccional Valledupar","Seccionales"],"inLanguage":"es-CO"},{"@type":"WebPage","@id":"https:\/\/www.fiscalia.gov.co\/colombia\/noticias\/durante-el-2022-la-fiscalia-resolvio-la-totalidad-de-feminicidios-reportados-en-cesar\/","url":"https:\/\/www.fiscalia.gov.co\/colombia\/noticias\/durante-el-2022-la-fiscalia-resolvio-la-totalidad-de-feminicidios-reportados-en-cesar\/","name":"Fiscal\u00eda General de la Naci\u00f3n","isPartOf":{"@id":"https:\/\/www.fiscalia.gov.co\/colombia\/#website"},"datePublished":"2022-12-19T22:24:22+00:00","dateModified":"2022-12-20T14:58:09+00:00","description":"P\u00e1gina oficial de la Fiscal\u00eda General de la Naci\u00f3n \u2013 Colombia. Garantizamos el acceso efectivo a la justicia, la verdad y la reparaci\u00f3n de las v\u00edctimas de los delitos.","breadcrumb":{"@id":"https:\/\/www.fiscalia.gov.co\/colombia\/noticias\/durante-el-2022-la-fiscalia-resolvio-la-totalidad-de-feminicidios-reportados-en-cesar\/#breadcrumb"},"inLanguage":"es-CO","potentialAction":[{"@type":"ReadAction","target":["https:\/\/www.fiscalia.gov.co\/colombia\/noticias\/durante-el-2022-la-fiscalia-resolvio-la-totalidad-de-feminicidios-reportados-en-cesar\/"]}]},{"@type":"BreadcrumbList","@id":"https:\/\/www.fiscalia.gov.co\/colombia\/noticias\/durante-el-2022-la-fiscalia-resolvio-la-totalidad-de-feminicidios-reportados-en-cesar\/#breadcrumb","itemListElement":[{"@type":"ListItem","position":1,"name":"Home","item":"https:\/\/www.fiscalia.gov.co\/colombia\/"},{"@type":"ListItem","position":2,"name":"Durante el 2022 la Fiscal\u00eda resolvi\u00f3 la totalidad de feminicidios reportados en Cesar"}]},{"@type":"WebSite","@id":"https:\/\/www.fiscalia.gov.co\/colombia\/#website","url":"https:\/\/www.fiscalia.gov.co\/colombia\/","name":"Fiscal\u00eda General de la Naci\u00f3n","description":"P\u00e1gina oficial de la Fiscal\u00eda General de la Naci\u00f3n \u2013 Colombia. Garantizamos el acceso efectivo a la justicia, la verdad y la reparaci\u00f3n de las v\u00edctimas de los delitos.","publisher":{"@id":"https:\/\/www.fiscalia.gov.co\/colombia\/#organization"},"potentialAction":[{"@type":"SearchAction","target":{"@type":"EntryPoint","urlTemplate":"https:\/\/www.fiscalia.gov.co\/colombia\/?s={search_term_string}"},"query-input":{"@type":"PropertyValueSpecification","valueRequired":true,"valueName":"search_term_string"}}],"inLanguage":"es-CO"},{"@type":"Organization","@id":"https:\/\/www.fiscalia.gov.co\/colombia\/#organization","name":"Fiscal\u00eda General de la Naci\u00f3n","url":"https:\/\/www.fiscalia.gov.co\/colombia\/","logo":{"@type":"ImageObject","inLanguage":"es-CO","@id":"https:\/\/www.fiscalia.gov.co\/colombia\/#\/schema\/logo\/image\/","url":"https:\/\/www.fiscalia.gov.co\/colombia\/wp-content\/uploads\/LogoHorizontal_1.jpg","contentUrl":"https:\/\/www.fiscalia.gov.co\/colombia\/wp-content\/uploads\/LogoHorizontal_1.jpg","width":300,"height":90,"caption":"Fiscal\u00eda General de la Naci\u00f3n"},"image":{"@id":"https:\/\/www.fiscalia.gov.co\/colombia\/#\/schema\/logo\/image\/"},"sameAs":["https:\/\/www.facebook.com\/FiscaliaCol","https:\/\/x.com\/FiscaliaCol","https:\/\/www.instagram.com\/fiscaliacol","https:\/\/www.linkedin.com\/company\/fiscalia-general-de-la-naci-n\/","https:\/\/youtube.com\/@fiscaliageneraldelanacion-4668?si=6nN79nyQICPU5iTh"]},{"@type":"Person","@id":"https:\/\/www.fiscalia.gov.co\/colombia\/#\/schema\/person\/bf84402cf293a5393e9c70b111020b24","name":"Jordan Leandro Oviedo Anzola","image":{"@type":"ImageObject","inLanguage":"es-CO","@id":"https:\/\/www.fiscalia.gov.co\/colombia\/#\/schema\/person\/image\/","url":"https:\/\/secure.gravatar.com\/avatar\/dabba4346fa9b9207d96adafa8f92721?s=96&d=mm&r=g","contentUrl":"https:\/\/secure.gravatar.com\/avatar\/dabba4346fa9b9207d96adafa8f92721?s=96&d=mm&r=g","caption":"Jordan Leandro Oviedo Anzola"},"url":"https:\/\/www.fiscalia.gov.co\/colombia\/author\/joviedo\/"}]}},"_links":{"self":[{"href":"https:\/\/www.fiscalia.gov.co\/colombia\/wp-json\/wp\/v2\/posts\/263198","targetHints":{"allow":["GET"]}}],"collection":[{"href":"https:\/\/www.fiscalia.gov.co\/colombia\/wp-json\/wp\/v2\/posts"}],"about":[{"href":"https:\/\/www.fiscalia.gov.co\/colombia\/wp-json\/wp\/v2\/types\/post"}],"author":[{"embeddable":true,"href":"https:\/\/www.fiscalia.gov.co\/colombia\/wp-json\/wp\/v2\/users\/177"}],"replies":[{"embeddable":true,"href":"https:\/\/www.fiscalia.gov.co\/colombia\/wp-json\/wp\/v2\/comments?post=263198"}],"version-history":[{"count":2,"href":"https:\/\/www.fiscalia.gov.co\/colombia\/wp-json\/wp\/v2\/posts\/263198\/revisions"}],"predecessor-version":[{"id":263229,"href":"https:\/\/www.fiscalia.gov.co\/colombia\/wp-json\/wp\/v2\/posts\/263198\/revisions\/263229"}],"wp:attachment":[{"href":"https:\/\/www.fiscalia.gov.co\/colombia\/wp-json\/wp\/v2\/media?parent=263198"}],"wp:term":[{"taxonomy":"category","embeddable":true,"href":"https:\/\/www.fiscalia.gov.co\/colombia\/wp-json\/wp\/v2\/categories?post=263198"},{"taxonomy":"post_tag","embeddable":true,"href":"https:\/\/www.fiscalia.gov.co\/colombia\/wp-json\/wp\/v2\/tags?post=263198"}],"curies":[{"name":"wp","href":"https:\/\/api.w.org\/{rel}","templated":true}]}}