{"id":263030,"date":"2022-12-16T07:37:32","date_gmt":"2022-12-16T12:37:32","guid":{"rendered":"https:\/\/www.fiscalia.gov.co\/colombia\/?p=263030"},"modified":"2022-12-27T10:21:26","modified_gmt":"2022-12-27T15:21:26","slug":"positivo-balance-operacional-de-la-seccional-norte-de-santander-para-el-fortalecimiento-de-la-seguridad-en-el-2022","status":"publish","type":"post","link":"https:\/\/www.fiscalia.gov.co\/colombia\/noticias\/positivo-balance-operacional-de-la-seccional-norte-de-santander-para-el-fortalecimiento-de-la-seguridad-en-el-2022\/","title":{"rendered":"Positivo balance operacional de la Seccional Norte de Santander para el fortalecimiento de la seguridad en el 2022"},"content":{"rendered":"<p>En desarrollo de la estrategia investigativa para contrarrestar fen\u00f3menos delictivos que afectan a la ciudadan\u00eda, la Seccional Norte de Santander entrega un balance de la actividad operativa realizada durante el a\u00f1o 2022.<\/p>\n<p>El trabajo interinstitucional de fiscales con la Polic\u00eda Judicial del CTI y la Polic\u00eda Nacional ha permitido el esclarecimiento de homicidios y delitos que afectan a ni\u00f1as, ni\u00f1os, adolescentes y mujeres.<\/p>\n<p><strong><u>HOMICIDIOS<\/u><\/strong><\/p>\n<p>En este 2022, la Fiscal\u00eda resolvi\u00f3 260\u00a0<a href=\"https:\/\/www.fiscalia.gov.co\/colombia\/noticias\/carcel-para-un-hombre-por-su-presunta-responsabilidad-en-el-homicidio-de-un-hombre-en-cucuta\/\" data-saferedirecturl=\"https:\/\/www.google.com\/url?q=https:\/\/www.fiscalia.gov.co\/colombia\/noticias\/carcel-para-un-hombre-por-su-presunta-responsabilidad-en-el-homicidio-de-un-hombre-en-cucuta\/&amp;source=gmail&amp;ust=1671279271906000&amp;usg=AOvVaw3dlWFkqn_tbYXDyg91q8l0\">homicidios<\/a>\u00a0de 446 ocurridos en el departamento, lo que corresponde a un 56,50%, siendo los municipios de C\u00facuta, Oca\u00f1a, Tib\u00fa y Villa del Rosario, los m\u00e1s afectados con este delito.<\/p>\n<figure id=\"attachment_263035\" aria-describedby=\"caption-attachment-263035\" style=\"width: 624px\" class=\"wp-caption aligncenter\"><img loading=\"lazy\" decoding=\"async\" class=\"size-full wp-image-263035\" src=\"https:\/\/www.fiscalia.gov.co\/colombia\/wp-content\/uploads\/GDCO-LOS-TOYOTEROS-HOMICIDIO-HURTO-ARMAS-DE-FUEGO.jpg\" alt=\"En la fotograf\u00eda aparecen los presuntos integrantes del grupo delincuencial Los Toyoteros, junto a investigadores del CTI y Polic\u00eda Nacional\" width=\"624\" height=\"347\" srcset=\"https:\/\/www.fiscalia.gov.co\/colombia\/wp-content\/uploads\/GDCO-LOS-TOYOTEROS-HOMICIDIO-HURTO-ARMAS-DE-FUEGO.jpg 624w, https:\/\/www.fiscalia.gov.co\/colombia\/wp-content\/uploads\/GDCO-LOS-TOYOTEROS-HOMICIDIO-HURTO-ARMAS-DE-FUEGO-300x167.jpg 300w\" sizes=\"auto, (max-width: 624px) 100vw, 624px\" \/><figcaption id=\"caption-attachment-263035\" class=\"wp-caption-text\">Los procesados fueron capturados por hurto y homicidio. Se les incautaron armas de fuego, munici\u00f3n, un autom\u00f3vil y una motocicleta al parecer utilizadas para sus acciones delictivas.<\/figcaption><\/figure>\n<p>Las investigaciones adelantadas por el ente acusador dieron como resultado los siguientes casos:<\/p>\n<p>La\u00a0Fiscal\u00eda en 10 d\u00edas resolvi\u00f3 el asesinato del l\u00edder comunal del barrio Ciudad Rodeo de C\u00facuta (Norte de Santander), \u00c9dgar Omar Ayala Pinto, el cual ocurri\u00f3 el pasado 8 de noviembre, cuando la v\u00edctima llegaba a su casa. De acuerdo con las investigaciones, la v\u00edctima fue herida con arma de fuego por\u00a0Carlos Javier Tamayo Alva, alias Javi, caus\u00e1ndole la muerte.<\/p>\n<figure id=\"attachment_263031\" aria-describedby=\"caption-attachment-263031\" style=\"width: 724px\" class=\"wp-caption aligncenter\"><img loading=\"lazy\" decoding=\"async\" class=\"size-full wp-image-263031\" src=\"https:\/\/www.fiscalia.gov.co\/colombia\/wp-content\/uploads\/Carlos-Javier-Tamayo-Alva-alias-Javi-judicializado-por-el-homicidio-de-lider-social-del-barrio-Ciudad-Rodeo.jpg\" alt=\"En la fotograf\u00eda aparece el capturado junto a un investigador del CTI y uno de la SIJIN. En la parte posterior se observa un banner que identifica la Polic\u00eda Nacional\" width=\"724\" height=\"543\" srcset=\"https:\/\/www.fiscalia.gov.co\/colombia\/wp-content\/uploads\/Carlos-Javier-Tamayo-Alva-alias-Javi-judicializado-por-el-homicidio-de-lider-social-del-barrio-Ciudad-Rodeo.jpg 724w, https:\/\/www.fiscalia.gov.co\/colombia\/wp-content\/uploads\/Carlos-Javier-Tamayo-Alva-alias-Javi-judicializado-por-el-homicidio-de-lider-social-del-barrio-Ciudad-Rodeo-300x225.jpg 300w, https:\/\/www.fiscalia.gov.co\/colombia\/wp-content\/uploads\/Carlos-Javier-Tamayo-Alva-alias-Javi-judicializado-por-el-homicidio-de-lider-social-del-barrio-Ciudad-Rodeo-696x522.jpg 696w, https:\/\/www.fiscalia.gov.co\/colombia\/wp-content\/uploads\/Carlos-Javier-Tamayo-Alva-alias-Javi-judicializado-por-el-homicidio-de-lider-social-del-barrio-Ciudad-Rodeo-560x420.jpg 560w, https:\/\/www.fiscalia.gov.co\/colombia\/wp-content\/uploads\/Carlos-Javier-Tamayo-Alva-alias-Javi-judicializado-por-el-homicidio-de-lider-social-del-barrio-Ciudad-Rodeo-80x60.jpg 80w, https:\/\/www.fiscalia.gov.co\/colombia\/wp-content\/uploads\/Carlos-Javier-Tamayo-Alva-alias-Javi-judicializado-por-el-homicidio-de-lider-social-del-barrio-Ciudad-Rodeo-265x198.jpg 265w\" sizes=\"auto, (max-width: 724px) 100vw, 724px\" \/><figcaption id=\"caption-attachment-263031\" class=\"wp-caption-text\">Alias Javi, habr\u00eda asesinado a un l\u00edder social de C\u00facuta, el pasado 8 de noviembre, hechos resueltos en 10 d\u00edas.<\/figcaption><\/figure>\n<p>A la c\u00e1rcel Modelo de C\u00facuta, fue enviado alias Javi, luego que la Fiscal\u00eda le imput\u00f3 cargos por los delitos de homicidio agravado, tentativa de homicidio y\u00a0porte de armas de fuego.<\/p>\n<p><strong><u>DELITOS CONTRA LA INTEGRIDAD DE LA MUJER\u00a0<\/u><\/strong><\/p>\n<p>Como resultado de las acciones para combatir los delitos que atentan contra la integridad de la mujer, la Fiscal\u00eda obtuvo un 86,82% de casos resueltos por violencia intrafamiliar.\u00a0De 850 casos denunciados\u00a0738 fueron resueltos, lo\u00a0que permiti\u00f3 un aumento de 41% en comparaci\u00f3n al a\u00f1o 2021, en el que el avance fue del 25,17.<\/p>\n<figure id=\"attachment_263032\" aria-describedby=\"caption-attachment-263032\" style=\"width: 537px\" class=\"wp-caption aligncenter\"><img loading=\"lazy\" decoding=\"async\" class=\"size-full wp-image-263032\" src=\"https:\/\/www.fiscalia.gov.co\/colombia\/wp-content\/uploads\/El-hombre-habria-agredido-sexualmente-a-sus-dos-hijas-de-15-meses-y-de-9-anos..jpg\" alt=\"En la fotograf\u00eda aparece el capturado junto a un investigador del CTI. En la parte de atr\u00e1s se observa un banner que identifica a la Fiscal\u00eda General de la Naci\u00f3n\" width=\"537\" height=\"403\" srcset=\"https:\/\/www.fiscalia.gov.co\/colombia\/wp-content\/uploads\/El-hombre-habria-agredido-sexualmente-a-sus-dos-hijas-de-15-meses-y-de-9-anos..jpg 537w, https:\/\/www.fiscalia.gov.co\/colombia\/wp-content\/uploads\/El-hombre-habria-agredido-sexualmente-a-sus-dos-hijas-de-15-meses-y-de-9-anos.-300x225.jpg 300w, https:\/\/www.fiscalia.gov.co\/colombia\/wp-content\/uploads\/El-hombre-habria-agredido-sexualmente-a-sus-dos-hijas-de-15-meses-y-de-9-anos.-80x60.jpg 80w, https:\/\/www.fiscalia.gov.co\/colombia\/wp-content\/uploads\/El-hombre-habria-agredido-sexualmente-a-sus-dos-hijas-de-15-meses-y-de-9-anos.-265x198.jpg 265w\" sizes=\"auto, (max-width: 537px) 100vw, 537px\" \/><figcaption id=\"caption-attachment-263032\" class=\"wp-caption-text\">Este hombre habr\u00eda agredido sexualmente a sus dos hijas de 15 meses y de 9 a\u00f1os. la Fiscal\u00eda le formul\u00f3 cargos por el delito de actos sexuales abusivos con menor de 14 a\u00f1os agravado<\/figcaption><\/figure>\n<p>Asimismo, en hechos de\u00a0violencia sexual conocidos, la Fiscal\u00eda resolvi\u00f3 el\u00a067,64%. Por estos casos fueron capturados\u00a0<a href=\"https:\/\/www.fiscalia.gov.co\/colombia\/noticias\/detencion-intramuros-para-un-hombre-por-presuntos-delitos-sexuales-en-contra-de-un-menor\/\" data-saferedirecturl=\"https:\/\/www.google.com\/url?q=https:\/\/www.fiscalia.gov.co\/colombia\/noticias\/detencion-intramuros-para-un-hombre-por-presuntos-delitos-sexuales-en-contra-de-un-menor\/&amp;source=gmail&amp;ust=1671279271906000&amp;usg=AOvVaw3bQejgL1-0AhKdWoZjf_W9\">67 hombres<\/a>, de los cuales 60 fueron cobijados con medida de aseguramiento privativa de la libertad, as\u00ed mismo se lograron 71 sentencias condenatorias.<\/p>\n<figure id=\"attachment_263033\" aria-describedby=\"caption-attachment-263033\" style=\"width: 294px\" class=\"wp-caption alignleft\"><img loading=\"lazy\" decoding=\"async\" class=\"size-full wp-image-263033\" src=\"https:\/\/www.fiscalia.gov.co\/colombia\/wp-content\/uploads\/El-hombre-fue-judicializado-por-acceso-carnal-abusivo-en-concurso-con-actos-sexuales-con-menor-de-14-anos.jpg\" alt=\"En la fotograf\u00eda aparece el capturado junto a un investigadora del CTI y un uniformado de la Polic\u00eda Nacional. En la parte posterior su observa el banner que identifica a la Polic\u00eda Nacional.\" width=\"294\" height=\"392\" srcset=\"https:\/\/www.fiscalia.gov.co\/colombia\/wp-content\/uploads\/El-hombre-fue-judicializado-por-acceso-carnal-abusivo-en-concurso-con-actos-sexuales-con-menor-de-14-anos.jpg 294w, https:\/\/www.fiscalia.gov.co\/colombia\/wp-content\/uploads\/El-hombre-fue-judicializado-por-acceso-carnal-abusivo-en-concurso-con-actos-sexuales-con-menor-de-14-anos-225x300.jpg 225w\" sizes=\"auto, (max-width: 294px) 100vw, 294px\" \/><figcaption id=\"caption-attachment-263033\" class=\"wp-caption-text\">El hombre habr\u00eda abusado sexualmente de cuatro menores en zona rural de Oca\u00f1a, cuando las transportaba hacia el colegio.<\/figcaption><\/figure>\n<p>En este sentido, se destaca la captura y judicializaci\u00f3n de un hombre\u00a0quien habr\u00eda agredido sexualmente a sus dos\u00a0hijas de 15 meses y de 9 a\u00f1os. En audiencias, la\u00a0Fiscal\u00eda le formul\u00f3 cargos por el delito de actos sexuales abusivos con menor de 14 a\u00f1os agravado.<\/p>\n<p>Otro de los casos fue la captura de un hombre de 54 a\u00f1os habr\u00eda abusado de cuatro ni\u00f1as entre los 7 y 13 a\u00f1os aprovechando que las transportaba en motocicleta desde sus residencias hasta la instituci\u00f3n educativa, en hechos ocurridos entre febrero y septiembre reciente, judicializado por el delito acceso carnal violento agravado en concurso homog\u00e9neo y sucesivo con actos abusivos con menor de catorce a\u00f1os.<\/p>\n<p>La primera semana de noviembre la Fiscal\u00eda inaugur\u00f3 en el municipio de \u00c1brego un punto de atenci\u00f3n (PAF), lo que les permitir\u00e1 a los pobladores ser atendidos de una forma m\u00e1s \u00e1gil y eficiente, garantizando una investigaci\u00f3n oportuna de los casos denunciados.<\/p>\n<figure id=\"attachment_263034\" aria-describedby=\"caption-attachment-263034\" style=\"width: 435px\" class=\"wp-caption alignleft\"><img loading=\"lazy\" decoding=\"async\" class=\"size-full wp-image-263034\" src=\"https:\/\/www.fiscalia.gov.co\/colombia\/wp-content\/uploads\/Rafael-Jose-Perez-Riveros-judicializado-por-violencia-intrafamiliar-agravada.jpg\" alt=\"En la fotograf\u00eda aparece el capturado junto a un investigador del CTI. En la parte posterior se observa el banner que identifica a la Fiscal\u00eda General de la Naci\u00f3n.\" width=\"435\" height=\"465\" srcset=\"https:\/\/www.fiscalia.gov.co\/colombia\/wp-content\/uploads\/Rafael-Jose-Perez-Riveros-judicializado-por-violencia-intrafamiliar-agravada.jpg 435w, https:\/\/www.fiscalia.gov.co\/colombia\/wp-content\/uploads\/Rafael-Jose-Perez-Riveros-judicializado-por-violencia-intrafamiliar-agravada-281x300.jpg 281w, https:\/\/www.fiscalia.gov.co\/colombia\/wp-content\/uploads\/Rafael-Jose-Perez-Riveros-judicializado-por-violencia-intrafamiliar-agravada-393x420.jpg 393w\" sizes=\"auto, (max-width: 435px) 100vw, 435px\" \/><figcaption id=\"caption-attachment-263034\" class=\"wp-caption-text\">El procesado habr\u00eda agredido a su compa\u00f1era sentimental por espacio de 6 a\u00f1os<\/figcaption><\/figure>\n<p><strong><u>HURTO<\/u><\/strong><\/p>\n<p>La Fiscal\u00eda cre\u00f3 el Grupo Interinstitucional contra el Hurto- GRIHU como estrategia investigativa para golpear a las estructuras delincuenciales dedicadas al hurto a personas, a residencias y establecimientos comerciales en los municipios de C\u00facuta y Oca\u00f1a (Norte de Santander).<\/p>\n<p>Con esta estrategia se logr\u00f3 la desarticulaci\u00f3n de Los Toyoteros con la captura de 11 de sus integrantes, quienes al parecer se dedicaban al robo de veh\u00edculos de alta gama.<\/p>\n<p>Adem\u00e1s, se judicializ\u00f3 a una pareja se\u00f1alada de hurtar a residentes de los barrios La Cordialidad y La Sabana del municipio de Los Patios (Norte de Santander).<\/p>\n<p>A Los capturados se les impuso medida de aseguramiento intramuros por el delito de hurto calificado.<\/p>\n<p><strong>En el 2022 la Fiscal\u00eda habl\u00f3 con resultados.<\/strong><\/p>\n<p>MPHA\/MG\/JAAL\/DSNS<\/p>\n<p>&nbsp;<\/p>\n<p><em>La informaci\u00f3n contenida en este bolet\u00edn de prensa corresponde a la narraci\u00f3n de los hechos noticiosos objetivos, suministrados por los funcionarios encargados de adelantar las investigaciones penales al interior de la Fiscal\u00eda General de la Naci\u00f3n. Para el momento de la divulgaci\u00f3n de este comunicado, la situaci\u00f3n jur\u00eddica de la(s) persona(s) relacionada(s) se encuentra pendiente de resolver por la autoridad\u00a0judicial competente, siempre bajo los preceptos de la presunci\u00f3n de inocencia, consagrados en el art\u00edculo 29 de la Constituci\u00f3n Pol\u00edtica y el art\u00edculo 7\u00ba de la Ley 906 de 2004.<\/em><\/p>\n<p>&nbsp;<\/p>\n\n<div class=\"twitter-share\"><a href=\"https:\/\/twitter.com\/intent\/tweet?via=fiscaliacol\" class=\"twitter-share-button\">Tweet<\/a><\/div>\n","protected":false},"excerpt":{"rendered":"<p>En desarrollo de la estrategia investigativa para contrarrestar fen\u00f3menos delictivos que afectan a la ciudadan\u00eda, la Seccional Norte de Santander entrega un balance de la actividad operativa realizada durante el a\u00f1o 2022. El trabajo interinstitucional de fiscales con la Polic\u00eda Judicial del CTI y la Polic\u00eda Nacional ha permitido el esclarecimiento de homicidios y delitos [&hellip;]<\/p>\n","protected":false},"author":175,"featured_media":0,"comment_status":"closed","ping_status":"open","sticky":false,"template":"","format":"video","meta":{"tdm_status":"","tdm_grid_status":"","footnotes":""},"categories":[1,326,24099],"tags":[25137,24189,4614,2286,30181,10084,30269],"class_list":{"0":"post-263030","1":"post","2":"type-post","3":"status-publish","4":"format-video","6":"category-noticias","7":"category-seccional-cucuta","8":"category-seguridad-territorial","9":"tag-balance","10":"tag-fiscal-francisco-barbosa-delgado","11":"tag-fiscalia-2","12":"tag-justicia","13":"tag-operatividad","14":"tag-seguridad","15":"tag-trabajo-articulado","16":"post_format-post-format-video"},"yoast_head":"<!-- This site is optimized with the Yoast SEO plugin v24.3 - https:\/\/yoast.com\/wordpress\/plugins\/seo\/ -->\n<title>Fiscal\u00eda General de la Naci\u00f3n<\/title>\n<meta name=\"description\" content=\"P\u00e1gina oficial de la Fiscal\u00eda General de la Naci\u00f3n \u2013 Colombia. Garantizamos el acceso efectivo a la justicia, la verdad y la reparaci\u00f3n de las v\u00edctimas de los delitos.\" \/>\n<meta name=\"robots\" content=\"noindex, follow\" \/>\n<meta property=\"og:locale\" content=\"es_ES\" \/>\n<meta property=\"og:type\" content=\"article\" \/>\n<meta property=\"og:title\" content=\"Fiscal\u00eda General de la Naci\u00f3n\" \/>\n<meta property=\"og:description\" content=\"P\u00e1gina oficial de la Fiscal\u00eda General de la Naci\u00f3n \u2013 Colombia. Garantizamos el acceso efectivo a la justicia, la verdad y la reparaci\u00f3n de las v\u00edctimas de los delitos.\" \/>\n<meta property=\"og:url\" content=\"https:\/\/www.fiscalia.gov.co\/colombia\/noticias\/positivo-balance-operacional-de-la-seccional-norte-de-santander-para-el-fortalecimiento-de-la-seguridad-en-el-2022\/\" \/>\n<meta property=\"og:site_name\" content=\"Fiscal\u00eda General de la Naci\u00f3n\" \/>\n<meta property=\"article:publisher\" content=\"https:\/\/www.facebook.com\/FiscaliaCol\" \/>\n<meta property=\"article:published_time\" content=\"2022-12-16T12:37:32+00:00\" \/>\n<meta property=\"article:modified_time\" content=\"2022-12-27T15:21:26+00:00\" \/>\n<meta property=\"og:image\" content=\"https:\/\/www.fiscalia.gov.co\/colombia\/wp-content\/uploads\/GDCO-LOS-TOYOTEROS-HOMICIDIO-HURTO-ARMAS-DE-FUEGO.jpg\" \/>\n<meta name=\"author\" content=\"Katherine Loaiza Mart\u00ednez\" \/>\n<meta name=\"twitter:card\" content=\"summary_large_image\" \/>\n<meta name=\"twitter:creator\" content=\"@FiscaliaCol\" \/>\n<meta name=\"twitter:site\" content=\"@FiscaliaCol\" \/>\n<meta name=\"twitter:label1\" content=\"Escrito por\" \/>\n\t<meta name=\"twitter:data1\" content=\"Katherine Loaiza Mart\u00ednez\" \/>\n\t<meta name=\"twitter:label2\" content=\"Tiempo de lectura\" \/>\n\t<meta name=\"twitter:data2\" content=\"4 minutos\" \/>\n<script type=\"application\/ld+json\" class=\"yoast-schema-graph\">{\"@context\":\"https:\/\/schema.org\",\"@graph\":[{\"@type\":\"Article\",\"@id\":\"https:\/\/www.fiscalia.gov.co\/colombia\/noticias\/positivo-balance-operacional-de-la-seccional-norte-de-santander-para-el-fortalecimiento-de-la-seguridad-en-el-2022\/#article\",\"isPartOf\":{\"@id\":\"https:\/\/www.fiscalia.gov.co\/colombia\/noticias\/positivo-balance-operacional-de-la-seccional-norte-de-santander-para-el-fortalecimiento-de-la-seguridad-en-el-2022\/\"},\"author\":{\"name\":\"Katherine Loaiza Mart\u00ednez\",\"@id\":\"https:\/\/www.fiscalia.gov.co\/colombia\/#\/schema\/person\/2e76b9aba5ecf875ed565ce4de0e0415\"},\"headline\":\"Positivo balance operacional de la Seccional Norte de Santander para el fortalecimiento de la seguridad en el 2022\",\"datePublished\":\"2022-12-16T12:37:32+00:00\",\"dateModified\":\"2022-12-27T15:21:26+00:00\",\"mainEntityOfPage\":{\"@id\":\"https:\/\/www.fiscalia.gov.co\/colombia\/noticias\/positivo-balance-operacional-de-la-seccional-norte-de-santander-para-el-fortalecimiento-de-la-seguridad-en-el-2022\/\"},\"wordCount\":892,\"publisher\":{\"@id\":\"https:\/\/www.fiscalia.gov.co\/colombia\/#organization\"},\"image\":{\"@id\":\"https:\/\/www.fiscalia.gov.co\/colombia\/noticias\/positivo-balance-operacional-de-la-seccional-norte-de-santander-para-el-fortalecimiento-de-la-seguridad-en-el-2022\/#primaryimage\"},\"thumbnailUrl\":\"https:\/\/www.fiscalia.gov.co\/colombia\/wp-content\/uploads\/GDCO-LOS-TOYOTEROS-HOMICIDIO-HURTO-ARMAS-DE-FUEGO.jpg\",\"keywords\":[\"balance\",\"Fiscal Francisco Barbosa Delgado\",\"Fiscal\u00eda\",\"Justicia\",\"Operatividad\",\"Seguridad\",\"trabajo articulado\"],\"articleSection\":[\"Noticias\",\"Seccional C\u00facuta\",\"Seguridad territorial\"],\"inLanguage\":\"es-CO\"},{\"@type\":\"WebPage\",\"@id\":\"https:\/\/www.fiscalia.gov.co\/colombia\/noticias\/positivo-balance-operacional-de-la-seccional-norte-de-santander-para-el-fortalecimiento-de-la-seguridad-en-el-2022\/\",\"url\":\"https:\/\/www.fiscalia.gov.co\/colombia\/noticias\/positivo-balance-operacional-de-la-seccional-norte-de-santander-para-el-fortalecimiento-de-la-seguridad-en-el-2022\/\",\"name\":\"Fiscal\u00eda General de la Naci\u00f3n\",\"isPartOf\":{\"@id\":\"https:\/\/www.fiscalia.gov.co\/colombia\/#website\"},\"primaryImageOfPage\":{\"@id\":\"https:\/\/www.fiscalia.gov.co\/colombia\/noticias\/positivo-balance-operacional-de-la-seccional-norte-de-santander-para-el-fortalecimiento-de-la-seguridad-en-el-2022\/#primaryimage\"},\"image\":{\"@id\":\"https:\/\/www.fiscalia.gov.co\/colombia\/noticias\/positivo-balance-operacional-de-la-seccional-norte-de-santander-para-el-fortalecimiento-de-la-seguridad-en-el-2022\/#primaryimage\"},\"thumbnailUrl\":\"https:\/\/www.fiscalia.gov.co\/colombia\/wp-content\/uploads\/GDCO-LOS-TOYOTEROS-HOMICIDIO-HURTO-ARMAS-DE-FUEGO.jpg\",\"datePublished\":\"2022-12-16T12:37:32+00:00\",\"dateModified\":\"2022-12-27T15:21:26+00:00\",\"description\":\"P\u00e1gina oficial de la Fiscal\u00eda General de la Naci\u00f3n \u2013 Colombia. Garantizamos el acceso efectivo a la justicia, la verdad y la reparaci\u00f3n de las v\u00edctimas de los delitos.\",\"breadcrumb\":{\"@id\":\"https:\/\/www.fiscalia.gov.co\/colombia\/noticias\/positivo-balance-operacional-de-la-seccional-norte-de-santander-para-el-fortalecimiento-de-la-seguridad-en-el-2022\/#breadcrumb\"},\"inLanguage\":\"es-CO\",\"potentialAction\":[{\"@type\":\"ReadAction\",\"target\":[\"https:\/\/www.fiscalia.gov.co\/colombia\/noticias\/positivo-balance-operacional-de-la-seccional-norte-de-santander-para-el-fortalecimiento-de-la-seguridad-en-el-2022\/\"]}]},{\"@type\":\"ImageObject\",\"inLanguage\":\"es-CO\",\"@id\":\"https:\/\/www.fiscalia.gov.co\/colombia\/noticias\/positivo-balance-operacional-de-la-seccional-norte-de-santander-para-el-fortalecimiento-de-la-seguridad-en-el-2022\/#primaryimage\",\"url\":\"https:\/\/www.fiscalia.gov.co\/colombia\/wp-content\/uploads\/GDCO-LOS-TOYOTEROS-HOMICIDIO-HURTO-ARMAS-DE-FUEGO.jpg\",\"contentUrl\":\"https:\/\/www.fiscalia.gov.co\/colombia\/wp-content\/uploads\/GDCO-LOS-TOYOTEROS-HOMICIDIO-HURTO-ARMAS-DE-FUEGO.jpg\",\"width\":624,\"height\":347,\"caption\":\"Los procesados fueron capturados por hurto y homicidio. Se les incautaron armas de fuego, munici\u00f3n, un autom\u00f3vil y una motocicleta al parecer utilizadas para sus acciones delictivas.\"},{\"@type\":\"BreadcrumbList\",\"@id\":\"https:\/\/www.fiscalia.gov.co\/colombia\/noticias\/positivo-balance-operacional-de-la-seccional-norte-de-santander-para-el-fortalecimiento-de-la-seguridad-en-el-2022\/#breadcrumb\",\"itemListElement\":[{\"@type\":\"ListItem\",\"position\":1,\"name\":\"Home\",\"item\":\"https:\/\/www.fiscalia.gov.co\/colombia\/\"},{\"@type\":\"ListItem\",\"position\":2,\"name\":\"Positivo balance operacional de la Seccional Norte de Santander para el fortalecimiento de la seguridad en el 2022\"}]},{\"@type\":\"WebSite\",\"@id\":\"https:\/\/www.fiscalia.gov.co\/colombia\/#website\",\"url\":\"https:\/\/www.fiscalia.gov.co\/colombia\/\",\"name\":\"Fiscal\u00eda General de la Naci\u00f3n\",\"description\":\"P\u00e1gina oficial de la Fiscal\u00eda General de la Naci\u00f3n \u2013 Colombia. Garantizamos el acceso efectivo a la justicia, la verdad y la reparaci\u00f3n de las v\u00edctimas de los delitos.\",\"publisher\":{\"@id\":\"https:\/\/www.fiscalia.gov.co\/colombia\/#organization\"},\"potentialAction\":[{\"@type\":\"SearchAction\",\"target\":{\"@type\":\"EntryPoint\",\"urlTemplate\":\"https:\/\/www.fiscalia.gov.co\/colombia\/?s={search_term_string}\"},\"query-input\":{\"@type\":\"PropertyValueSpecification\",\"valueRequired\":true,\"valueName\":\"search_term_string\"}}],\"inLanguage\":\"es-CO\"},{\"@type\":\"Organization\",\"@id\":\"https:\/\/www.fiscalia.gov.co\/colombia\/#organization\",\"name\":\"Fiscal\u00eda General de la Naci\u00f3n\",\"url\":\"https:\/\/www.fiscalia.gov.co\/colombia\/\",\"logo\":{\"@type\":\"ImageObject\",\"inLanguage\":\"es-CO\",\"@id\":\"https:\/\/www.fiscalia.gov.co\/colombia\/#\/schema\/logo\/image\/\",\"url\":\"https:\/\/www.fiscalia.gov.co\/colombia\/wp-content\/uploads\/LogoHorizontal_1.jpg\",\"contentUrl\":\"https:\/\/www.fiscalia.gov.co\/colombia\/wp-content\/uploads\/LogoHorizontal_1.jpg\",\"width\":300,\"height\":90,\"caption\":\"Fiscal\u00eda General de la Naci\u00f3n\"},\"image\":{\"@id\":\"https:\/\/www.fiscalia.gov.co\/colombia\/#\/schema\/logo\/image\/\"},\"sameAs\":[\"https:\/\/www.facebook.com\/FiscaliaCol\",\"https:\/\/x.com\/FiscaliaCol\",\"https:\/\/www.instagram.com\/fiscaliacol\",\"https:\/\/www.linkedin.com\/company\/fiscalia-general-de-la-naci-n\/\",\"https:\/\/youtube.com\/@fiscaliageneraldelanacion-4668?si=6nN79nyQICPU5iTh\"]},{\"@type\":\"Person\",\"@id\":\"https:\/\/www.fiscalia.gov.co\/colombia\/#\/schema\/person\/2e76b9aba5ecf875ed565ce4de0e0415\",\"name\":\"Katherine Loaiza Mart\u00ednez\",\"image\":{\"@type\":\"ImageObject\",\"inLanguage\":\"es-CO\",\"@id\":\"https:\/\/www.fiscalia.gov.co\/colombia\/#\/schema\/person\/image\/\",\"url\":\"https:\/\/secure.gravatar.com\/avatar\/ab775a2f394c1b83b6d6f78680e57b50?s=96&d=mm&r=g\",\"contentUrl\":\"https:\/\/secure.gravatar.com\/avatar\/ab775a2f394c1b83b6d6f78680e57b50?s=96&d=mm&r=g\",\"caption\":\"Katherine Loaiza Mart\u00ednez\"},\"url\":\"https:\/\/www.fiscalia.gov.co\/colombia\/author\/kloaiza\/\"}]}<\/script>\n<!-- \/ Yoast SEO plugin. -->","yoast_head_json":{"title":"Fiscal\u00eda General de la Naci\u00f3n","description":"P\u00e1gina oficial de la Fiscal\u00eda General de la Naci\u00f3n \u2013 Colombia. Garantizamos el acceso efectivo a la justicia, la verdad y la reparaci\u00f3n de las v\u00edctimas de los delitos.","robots":{"index":"noindex","follow":"follow"},"og_locale":"es_ES","og_type":"article","og_title":"Fiscal\u00eda General de la Naci\u00f3n","og_description":"P\u00e1gina oficial de la Fiscal\u00eda General de la Naci\u00f3n \u2013 Colombia. Garantizamos el acceso efectivo a la justicia, la verdad y la reparaci\u00f3n de las v\u00edctimas de los delitos.","og_url":"https:\/\/www.fiscalia.gov.co\/colombia\/noticias\/positivo-balance-operacional-de-la-seccional-norte-de-santander-para-el-fortalecimiento-de-la-seguridad-en-el-2022\/","og_site_name":"Fiscal\u00eda General de la Naci\u00f3n","article_publisher":"https:\/\/www.facebook.com\/FiscaliaCol","article_published_time":"2022-12-16T12:37:32+00:00","article_modified_time":"2022-12-27T15:21:26+00:00","og_image":[{"url":"https:\/\/www.fiscalia.gov.co\/colombia\/wp-content\/uploads\/GDCO-LOS-TOYOTEROS-HOMICIDIO-HURTO-ARMAS-DE-FUEGO.jpg","type":"","width":"","height":""}],"author":"Katherine Loaiza Mart\u00ednez","twitter_card":"summary_large_image","twitter_creator":"@FiscaliaCol","twitter_site":"@FiscaliaCol","twitter_misc":{"Escrito por":"Katherine Loaiza Mart\u00ednez","Tiempo de lectura":"4 minutos"},"schema":{"@context":"https:\/\/schema.org","@graph":[{"@type":"Article","@id":"https:\/\/www.fiscalia.gov.co\/colombia\/noticias\/positivo-balance-operacional-de-la-seccional-norte-de-santander-para-el-fortalecimiento-de-la-seguridad-en-el-2022\/#article","isPartOf":{"@id":"https:\/\/www.fiscalia.gov.co\/colombia\/noticias\/positivo-balance-operacional-de-la-seccional-norte-de-santander-para-el-fortalecimiento-de-la-seguridad-en-el-2022\/"},"author":{"name":"Katherine Loaiza Mart\u00ednez","@id":"https:\/\/www.fiscalia.gov.co\/colombia\/#\/schema\/person\/2e76b9aba5ecf875ed565ce4de0e0415"},"headline":"Positivo balance operacional de la Seccional Norte de Santander para el fortalecimiento de la seguridad en el 2022","datePublished":"2022-12-16T12:37:32+00:00","dateModified":"2022-12-27T15:21:26+00:00","mainEntityOfPage":{"@id":"https:\/\/www.fiscalia.gov.co\/colombia\/noticias\/positivo-balance-operacional-de-la-seccional-norte-de-santander-para-el-fortalecimiento-de-la-seguridad-en-el-2022\/"},"wordCount":892,"publisher":{"@id":"https:\/\/www.fiscalia.gov.co\/colombia\/#organization"},"image":{"@id":"https:\/\/www.fiscalia.gov.co\/colombia\/noticias\/positivo-balance-operacional-de-la-seccional-norte-de-santander-para-el-fortalecimiento-de-la-seguridad-en-el-2022\/#primaryimage"},"thumbnailUrl":"https:\/\/www.fiscalia.gov.co\/colombia\/wp-content\/uploads\/GDCO-LOS-TOYOTEROS-HOMICIDIO-HURTO-ARMAS-DE-FUEGO.jpg","keywords":["balance","Fiscal Francisco Barbosa Delgado","Fiscal\u00eda","Justicia","Operatividad","Seguridad","trabajo articulado"],"articleSection":["Noticias","Seccional C\u00facuta","Seguridad territorial"],"inLanguage":"es-CO"},{"@type":"WebPage","@id":"https:\/\/www.fiscalia.gov.co\/colombia\/noticias\/positivo-balance-operacional-de-la-seccional-norte-de-santander-para-el-fortalecimiento-de-la-seguridad-en-el-2022\/","url":"https:\/\/www.fiscalia.gov.co\/colombia\/noticias\/positivo-balance-operacional-de-la-seccional-norte-de-santander-para-el-fortalecimiento-de-la-seguridad-en-el-2022\/","name":"Fiscal\u00eda General de la Naci\u00f3n","isPartOf":{"@id":"https:\/\/www.fiscalia.gov.co\/colombia\/#website"},"primaryImageOfPage":{"@id":"https:\/\/www.fiscalia.gov.co\/colombia\/noticias\/positivo-balance-operacional-de-la-seccional-norte-de-santander-para-el-fortalecimiento-de-la-seguridad-en-el-2022\/#primaryimage"},"image":{"@id":"https:\/\/www.fiscalia.gov.co\/colombia\/noticias\/positivo-balance-operacional-de-la-seccional-norte-de-santander-para-el-fortalecimiento-de-la-seguridad-en-el-2022\/#primaryimage"},"thumbnailUrl":"https:\/\/www.fiscalia.gov.co\/colombia\/wp-content\/uploads\/GDCO-LOS-TOYOTEROS-HOMICIDIO-HURTO-ARMAS-DE-FUEGO.jpg","datePublished":"2022-12-16T12:37:32+00:00","dateModified":"2022-12-27T15:21:26+00:00","description":"P\u00e1gina oficial de la Fiscal\u00eda General de la Naci\u00f3n \u2013 Colombia. Garantizamos el acceso efectivo a la justicia, la verdad y la reparaci\u00f3n de las v\u00edctimas de los delitos.","breadcrumb":{"@id":"https:\/\/www.fiscalia.gov.co\/colombia\/noticias\/positivo-balance-operacional-de-la-seccional-norte-de-santander-para-el-fortalecimiento-de-la-seguridad-en-el-2022\/#breadcrumb"},"inLanguage":"es-CO","potentialAction":[{"@type":"ReadAction","target":["https:\/\/www.fiscalia.gov.co\/colombia\/noticias\/positivo-balance-operacional-de-la-seccional-norte-de-santander-para-el-fortalecimiento-de-la-seguridad-en-el-2022\/"]}]},{"@type":"ImageObject","inLanguage":"es-CO","@id":"https:\/\/www.fiscalia.gov.co\/colombia\/noticias\/positivo-balance-operacional-de-la-seccional-norte-de-santander-para-el-fortalecimiento-de-la-seguridad-en-el-2022\/#primaryimage","url":"https:\/\/www.fiscalia.gov.co\/colombia\/wp-content\/uploads\/GDCO-LOS-TOYOTEROS-HOMICIDIO-HURTO-ARMAS-DE-FUEGO.jpg","contentUrl":"https:\/\/www.fiscalia.gov.co\/colombia\/wp-content\/uploads\/GDCO-LOS-TOYOTEROS-HOMICIDIO-HURTO-ARMAS-DE-FUEGO.jpg","width":624,"height":347,"caption":"Los procesados fueron capturados por hurto y homicidio. Se les incautaron armas de fuego, munici\u00f3n, un autom\u00f3vil y una motocicleta al parecer utilizadas para sus acciones delictivas."},{"@type":"BreadcrumbList","@id":"https:\/\/www.fiscalia.gov.co\/colombia\/noticias\/positivo-balance-operacional-de-la-seccional-norte-de-santander-para-el-fortalecimiento-de-la-seguridad-en-el-2022\/#breadcrumb","itemListElement":[{"@type":"ListItem","position":1,"name":"Home","item":"https:\/\/www.fiscalia.gov.co\/colombia\/"},{"@type":"ListItem","position":2,"name":"Positivo balance operacional de la Seccional Norte de Santander para el fortalecimiento de la seguridad en el 2022"}]},{"@type":"WebSite","@id":"https:\/\/www.fiscalia.gov.co\/colombia\/#website","url":"https:\/\/www.fiscalia.gov.co\/colombia\/","name":"Fiscal\u00eda General de la Naci\u00f3n","description":"P\u00e1gina oficial de la Fiscal\u00eda General de la Naci\u00f3n \u2013 Colombia. Garantizamos el acceso efectivo a la justicia, la verdad y la reparaci\u00f3n de las v\u00edctimas de los delitos.","publisher":{"@id":"https:\/\/www.fiscalia.gov.co\/colombia\/#organization"},"potentialAction":[{"@type":"SearchAction","target":{"@type":"EntryPoint","urlTemplate":"https:\/\/www.fiscalia.gov.co\/colombia\/?s={search_term_string}"},"query-input":{"@type":"PropertyValueSpecification","valueRequired":true,"valueName":"search_term_string"}}],"inLanguage":"es-CO"},{"@type":"Organization","@id":"https:\/\/www.fiscalia.gov.co\/colombia\/#organization","name":"Fiscal\u00eda General de la Naci\u00f3n","url":"https:\/\/www.fiscalia.gov.co\/colombia\/","logo":{"@type":"ImageObject","inLanguage":"es-CO","@id":"https:\/\/www.fiscalia.gov.co\/colombia\/#\/schema\/logo\/image\/","url":"https:\/\/www.fiscalia.gov.co\/colombia\/wp-content\/uploads\/LogoHorizontal_1.jpg","contentUrl":"https:\/\/www.fiscalia.gov.co\/colombia\/wp-content\/uploads\/LogoHorizontal_1.jpg","width":300,"height":90,"caption":"Fiscal\u00eda General de la Naci\u00f3n"},"image":{"@id":"https:\/\/www.fiscalia.gov.co\/colombia\/#\/schema\/logo\/image\/"},"sameAs":["https:\/\/www.facebook.com\/FiscaliaCol","https:\/\/x.com\/FiscaliaCol","https:\/\/www.instagram.com\/fiscaliacol","https:\/\/www.linkedin.com\/company\/fiscalia-general-de-la-naci-n\/","https:\/\/youtube.com\/@fiscaliageneraldelanacion-4668?si=6nN79nyQICPU5iTh"]},{"@type":"Person","@id":"https:\/\/www.fiscalia.gov.co\/colombia\/#\/schema\/person\/2e76b9aba5ecf875ed565ce4de0e0415","name":"Katherine Loaiza Mart\u00ednez","image":{"@type":"ImageObject","inLanguage":"es-CO","@id":"https:\/\/www.fiscalia.gov.co\/colombia\/#\/schema\/person\/image\/","url":"https:\/\/secure.gravatar.com\/avatar\/ab775a2f394c1b83b6d6f78680e57b50?s=96&d=mm&r=g","contentUrl":"https:\/\/secure.gravatar.com\/avatar\/ab775a2f394c1b83b6d6f78680e57b50?s=96&d=mm&r=g","caption":"Katherine Loaiza Mart\u00ednez"},"url":"https:\/\/www.fiscalia.gov.co\/colombia\/author\/kloaiza\/"}]}},"_links":{"self":[{"href":"https:\/\/www.fiscalia.gov.co\/colombia\/wp-json\/wp\/v2\/posts\/263030","targetHints":{"allow":["GET"]}}],"collection":[{"href":"https:\/\/www.fiscalia.gov.co\/colombia\/wp-json\/wp\/v2\/posts"}],"about":[{"href":"https:\/\/www.fiscalia.gov.co\/colombia\/wp-json\/wp\/v2\/types\/post"}],"author":[{"embeddable":true,"href":"https:\/\/www.fiscalia.gov.co\/colombia\/wp-json\/wp\/v2\/users\/175"}],"replies":[{"embeddable":true,"href":"https:\/\/www.fiscalia.gov.co\/colombia\/wp-json\/wp\/v2\/comments?post=263030"}],"version-history":[{"count":1,"href":"https:\/\/www.fiscalia.gov.co\/colombia\/wp-json\/wp\/v2\/posts\/263030\/revisions"}],"predecessor-version":[{"id":263036,"href":"https:\/\/www.fiscalia.gov.co\/colombia\/wp-json\/wp\/v2\/posts\/263030\/revisions\/263036"}],"wp:attachment":[{"href":"https:\/\/www.fiscalia.gov.co\/colombia\/wp-json\/wp\/v2\/media?parent=263030"}],"wp:term":[{"taxonomy":"category","embeddable":true,"href":"https:\/\/www.fiscalia.gov.co\/colombia\/wp-json\/wp\/v2\/categories?post=263030"},{"taxonomy":"post_tag","embeddable":true,"href":"https:\/\/www.fiscalia.gov.co\/colombia\/wp-json\/wp\/v2\/tags?post=263030"}],"curies":[{"name":"wp","href":"https:\/\/api.w.org\/{rel}","templated":true}]}}