{"id":262973,"date":"2022-12-15T13:05:05","date_gmt":"2022-12-15T18:05:05","guid":{"rendered":"https:\/\/www.fiscalia.gov.co\/colombia\/?p=262973"},"modified":"2022-12-22T10:01:11","modified_gmt":"2022-12-22T15:01:11","slug":"en-2022-la-seccional-guainia-vaupes-reporto-un-positivo-balance-en-la-resolucion-de-delitos-como-feminicidio-homicidio-y-violencia-intrafamiliar-entre-otros","status":"publish","type":"post","link":"https:\/\/www.fiscalia.gov.co\/colombia\/noticias\/en-2022-la-seccional-guainia-vaupes-reporto-un-positivo-balance-en-la-resolucion-de-delitos-como-feminicidio-homicidio-y-violencia-intrafamiliar-entre-otros\/","title":{"rendered":"En 2022 la Seccional Guain\u00eda \u2013 Vaup\u00e9s report\u00f3 un positivo balance en la resoluci\u00f3n de delitos como feminicidio, homicidio y violencia intrafamiliar entre otros"},"content":{"rendered":"<p>Un positivo balance resolviendo delitos que afectan la seguridad y la tranquilidad de los ciudadanos, report\u00f3 la Seccional Guain\u00eda &#8211; Vaup\u00e9s durante el presente a\u00f1o.<\/p>\n<figure id=\"attachment_262974\" aria-describedby=\"caption-attachment-262974\" style=\"width: 1280px\" class=\"wp-caption aligncenter\"><img loading=\"lazy\" decoding=\"async\" class=\"size-full wp-image-262974\" src=\"https:\/\/www.fiscalia.gov.co\/colombia\/wp-content\/uploads\/FOTO-1-1-3.jpeg\" alt=\"El capturado aparece esposado con sus manos adelante,\u00a0en medio de dos uniformados de la Polic\u00eda Nacional y detr\u00e1s hay un pend\u00f3n institucional.\" width=\"1280\" height=\"1051\" srcset=\"https:\/\/www.fiscalia.gov.co\/colombia\/wp-content\/uploads\/FOTO-1-1-3.jpeg 1280w, https:\/\/www.fiscalia.gov.co\/colombia\/wp-content\/uploads\/FOTO-1-1-3-300x246.jpeg 300w, https:\/\/www.fiscalia.gov.co\/colombia\/wp-content\/uploads\/FOTO-1-1-3-1024x841.jpeg 1024w, https:\/\/www.fiscalia.gov.co\/colombia\/wp-content\/uploads\/FOTO-1-1-3-768x631.jpeg 768w, https:\/\/www.fiscalia.gov.co\/colombia\/wp-content\/uploads\/FOTO-1-1-3-696x571.jpeg 696w, https:\/\/www.fiscalia.gov.co\/colombia\/wp-content\/uploads\/FOTO-1-1-3-1068x877.jpeg 1068w, https:\/\/www.fiscalia.gov.co\/colombia\/wp-content\/uploads\/FOTO-1-1-3-512x420.jpeg 512w\" sizes=\"auto, (max-width: 1280px) 100vw, 1280px\" \/><figcaption id=\"caption-attachment-262974\" class=\"wp-caption-text\">Aristides D\u00e1vila G\u00f3mez fue capturado por el delito de Violencia Intrafamiliar. Un juez lo envi\u00f3 a la c\u00e1rcel. Este hombre\u00a0ya hab\u00eda sido condenado por el mismo delito.<\/figcaption><\/figure>\n<p>En tem\u00e1ticas priorizadas como el feminicidio, se logr\u00f3 resolver de manera r\u00e1pida el \u00fanico caso que se present\u00f3 en zona rural de Carur\u00fa, en el departamento del Vaup\u00e9s, el 31 de enero de 2022.<\/p>\n<p>Con respecto al homicidio, de los cuatro casos reportados en toda la jurisdicci\u00f3n, tres de ellos fueron resueltos, lo que representa un avance del 75 %.<\/p>\n<figure id=\"attachment_262975\" aria-describedby=\"caption-attachment-262975\" style=\"width: 1280px\" class=\"wp-caption aligncenter\"><img loading=\"lazy\" decoding=\"async\" class=\"size-full wp-image-262975\" src=\"https:\/\/www.fiscalia.gov.co\/colombia\/wp-content\/uploads\/FOTO-2-Leider-Hamilton-Barreto-Saenz-acepto-ante-el-juez-de-control-de-garantias-el-delito-de-hurto-calificado-imputado-por-la-fiscalia..jpeg\" alt=\"El capturado viste una bermuda blanca y una camiseta gris, est\u00e1 esposado a su espalda y est\u00e1 custodiado por dos unidades de la Polic\u00eda Nacional.\" width=\"1280\" height=\"958\" srcset=\"https:\/\/www.fiscalia.gov.co\/colombia\/wp-content\/uploads\/FOTO-2-Leider-Hamilton-Barreto-Saenz-acepto-ante-el-juez-de-control-de-garantias-el-delito-de-hurto-calificado-imputado-por-la-fiscalia..jpeg 1280w, https:\/\/www.fiscalia.gov.co\/colombia\/wp-content\/uploads\/FOTO-2-Leider-Hamilton-Barreto-Saenz-acepto-ante-el-juez-de-control-de-garantias-el-delito-de-hurto-calificado-imputado-por-la-fiscalia.-300x225.jpeg 300w, https:\/\/www.fiscalia.gov.co\/colombia\/wp-content\/uploads\/FOTO-2-Leider-Hamilton-Barreto-Saenz-acepto-ante-el-juez-de-control-de-garantias-el-delito-de-hurto-calificado-imputado-por-la-fiscalia.-1024x766.jpeg 1024w, https:\/\/www.fiscalia.gov.co\/colombia\/wp-content\/uploads\/FOTO-2-Leider-Hamilton-Barreto-Saenz-acepto-ante-el-juez-de-control-de-garantias-el-delito-de-hurto-calificado-imputado-por-la-fiscalia.-768x575.jpeg 768w, https:\/\/www.fiscalia.gov.co\/colombia\/wp-content\/uploads\/FOTO-2-Leider-Hamilton-Barreto-Saenz-acepto-ante-el-juez-de-control-de-garantias-el-delito-de-hurto-calificado-imputado-por-la-fiscalia.-696x521.jpeg 696w, https:\/\/www.fiscalia.gov.co\/colombia\/wp-content\/uploads\/FOTO-2-Leider-Hamilton-Barreto-Saenz-acepto-ante-el-juez-de-control-de-garantias-el-delito-de-hurto-calificado-imputado-por-la-fiscalia.-1068x799.jpeg 1068w, https:\/\/www.fiscalia.gov.co\/colombia\/wp-content\/uploads\/FOTO-2-Leider-Hamilton-Barreto-Saenz-acepto-ante-el-juez-de-control-de-garantias-el-delito-de-hurto-calificado-imputado-por-la-fiscalia.-561x420.jpeg 561w, https:\/\/www.fiscalia.gov.co\/colombia\/wp-content\/uploads\/FOTO-2-Leider-Hamilton-Barreto-Saenz-acepto-ante-el-juez-de-control-de-garantias-el-delito-de-hurto-calificado-imputado-por-la-fiscalia.-80x60.jpeg 80w, https:\/\/www.fiscalia.gov.co\/colombia\/wp-content\/uploads\/FOTO-2-Leider-Hamilton-Barreto-Saenz-acepto-ante-el-juez-de-control-de-garantias-el-delito-de-hurto-calificado-imputado-por-la-fiscalia.-265x198.jpeg 265w\" sizes=\"auto, (max-width: 1280px) 100vw, 1280px\" \/><figcaption id=\"caption-attachment-262975\" class=\"wp-caption-text\">Leider H\u00e1milton Barreto S\u00e1enzacept\u00f3 los cargos imputados por la fiscal\u00eda\u00a0por el delito de hurto, est\u00e1 detenido en un centro carcelario a la espera de la condena que impartir\u00e1 un juez de la rep\u00fablica.<\/figcaption><\/figure>\n<p>En cuanto al delito de violencia intrafamiliar se logr\u00f3 un cumplimiento del 57.5 %, pues de los 139 casos conocidos, 80 de ellos se pudieron resolver.<\/p>\n<p>Delitos de alto impacto como la violencia sexual y el hurto, entre otros, tambi\u00e9n arrojaron \u00edndices muy importantes, pues varios de los responsables de estas conductas punibles fueron judicializados y est\u00e1n en la c\u00e1rcel o en proceso de judicializaci\u00f3n.<\/p>\n<figure id=\"attachment_262976\" aria-describedby=\"caption-attachment-262976\" style=\"width: 1280px\" class=\"wp-caption aligncenter\"><img loading=\"lazy\" decoding=\"async\" class=\"size-full wp-image-262976\" src=\"https:\/\/www.fiscalia.gov.co\/colombia\/wp-content\/uploads\/FOTO-3-4.jpg\" alt=\"El capturado tiene una gorra, camiseta blanca y pantal\u00f3n jeans, est\u00e1 en medio de dos polic\u00edas.\" width=\"1280\" height=\"820\" srcset=\"https:\/\/www.fiscalia.gov.co\/colombia\/wp-content\/uploads\/FOTO-3-4.jpg 1280w, https:\/\/www.fiscalia.gov.co\/colombia\/wp-content\/uploads\/FOTO-3-4-300x192.jpg 300w, https:\/\/www.fiscalia.gov.co\/colombia\/wp-content\/uploads\/FOTO-3-4-1024x656.jpg 1024w, https:\/\/www.fiscalia.gov.co\/colombia\/wp-content\/uploads\/FOTO-3-4-768x492.jpg 768w, https:\/\/www.fiscalia.gov.co\/colombia\/wp-content\/uploads\/FOTO-3-4-696x446.jpg 696w, https:\/\/www.fiscalia.gov.co\/colombia\/wp-content\/uploads\/FOTO-3-4-1068x684.jpg 1068w, https:\/\/www.fiscalia.gov.co\/colombia\/wp-content\/uploads\/FOTO-3-4-656x420.jpg 656w\" sizes=\"auto, (max-width: 1280px) 100vw, 1280px\" \/><figcaption id=\"caption-attachment-262976\" class=\"wp-caption-text\">\u00c1lvaro Jes\u00fas Chipiaje fue capturado para que responda por su presunta responsabilidad en el delito de acceso carnal abusivo con menor de 14 a\u00f1os, un juez orden\u00f3 su reclusi\u00f3n en una c\u00e1rcel<\/figcaption><\/figure>\n<p>Cabe destacar que durante este a\u00f1o la Seccional Guain\u00eda \u2013 Vaup\u00e9s logr\u00f3 m\u00e1s de 90 condenas en los dos departamentos, combatiendo as\u00ed el delito y la criminalidad en la calle y en los territorios.<\/p>\n<p>Esta informaci\u00f3n se publica por razones de inter\u00e9s general.<\/p>\n<p><strong>En 2022 la Fiscal\u00eda habl\u00f3 con resultados<\/strong><\/p>\n<p>&nbsp;<\/p>\n<div class=\"td-post-content tagdiv-type\">\n<p><em>La informaci\u00f3n contenida en este bolet\u00edn de prensa corresponde a la narraci\u00f3n de los hechos noticiosos objetivos, suministrados por los funcionarios encargados de adelantar las investigaciones penales al interior de la Fiscal\u00eda General de la Naci\u00f3n. Para el momento de la divulgaci\u00f3n de este comunicado, la situaci\u00f3n jur\u00eddica de la(s) persona(s) relacionada(s) se encuentra pendiente de resolver por la autoridad judicial competente, siempre bajo los preceptos de la presunci\u00f3n de inocencia, consagrados en el art\u00edculo 29 de la Constituci\u00f3n Pol\u00edtica y el art\u00edculo 7\u00ba de la Ley 906 de 2004<\/em><\/p>\n<\/div>\n<footer>\n<div class=\"td-post-source-tags\"><\/div>\n<div class=\"td-post-sharing-bottom\"><\/div>\n<\/footer>\n\n<div class=\"twitter-share\"><a href=\"https:\/\/twitter.com\/intent\/tweet?via=fiscaliacol\" class=\"twitter-share-button\">Tweet<\/a><\/div>\n","protected":false},"excerpt":{"rendered":"<p>Un positivo balance resolviendo delitos que afectan la seguridad y la tranquilidad de los ciudadanos, report\u00f3 la Seccional Guain\u00eda &#8211; Vaup\u00e9s durante el presente a\u00f1o. En tem\u00e1ticas priorizadas como el feminicidio, se logr\u00f3 resolver de manera r\u00e1pida el \u00fanico caso que se present\u00f3 en zona rural de Carur\u00fa, en el departamento del Vaup\u00e9s, el 31 [&hellip;]<\/p>\n","protected":false},"author":175,"featured_media":0,"comment_status":"closed","ping_status":"open","sticky":false,"template":"","format":"video","meta":{"tdm_status":"","tdm_grid_status":"","footnotes":""},"categories":[1,24154,24099],"tags":[],"class_list":{"0":"post-262973","1":"post","2":"type-post","3":"status-publish","4":"format-video","6":"category-noticias","7":"category-seccional-inirida","8":"category-seguridad-territorial","9":"post_format-post-format-video"},"yoast_head":"<!-- This site is optimized with the Yoast SEO plugin v24.3 - https:\/\/yoast.com\/wordpress\/plugins\/seo\/ -->\n<title>Fiscal\u00eda General de la Naci\u00f3n<\/title>\n<meta name=\"description\" content=\"P\u00e1gina oficial de la Fiscal\u00eda General de la Naci\u00f3n \u2013 Colombia. Garantizamos el acceso efectivo a la justicia, la verdad y la reparaci\u00f3n de las v\u00edctimas de los delitos.\" \/>\n<meta name=\"robots\" content=\"noindex, follow\" \/>\n<meta property=\"og:locale\" content=\"es_ES\" \/>\n<meta property=\"og:type\" content=\"article\" \/>\n<meta property=\"og:title\" content=\"Fiscal\u00eda General de la Naci\u00f3n\" \/>\n<meta property=\"og:description\" content=\"P\u00e1gina oficial de la Fiscal\u00eda General de la Naci\u00f3n \u2013 Colombia. Garantizamos el acceso efectivo a la justicia, la verdad y la reparaci\u00f3n de las v\u00edctimas de los delitos.\" \/>\n<meta property=\"og:url\" content=\"https:\/\/www.fiscalia.gov.co\/colombia\/noticias\/en-2022-la-seccional-guainia-vaupes-reporto-un-positivo-balance-en-la-resolucion-de-delitos-como-feminicidio-homicidio-y-violencia-intrafamiliar-entre-otros\/\" \/>\n<meta property=\"og:site_name\" content=\"Fiscal\u00eda General de la Naci\u00f3n\" \/>\n<meta property=\"article:publisher\" content=\"https:\/\/www.facebook.com\/FiscaliaCol\" \/>\n<meta property=\"article:published_time\" content=\"2022-12-15T18:05:05+00:00\" \/>\n<meta property=\"article:modified_time\" content=\"2022-12-22T15:01:11+00:00\" \/>\n<meta property=\"og:image\" content=\"https:\/\/www.fiscalia.gov.co\/colombia\/wp-content\/uploads\/FOTO-1-1-3.jpeg\" \/>\n<meta name=\"author\" content=\"Katherine Loaiza Mart\u00ednez\" \/>\n<meta name=\"twitter:card\" content=\"summary_large_image\" \/>\n<meta name=\"twitter:creator\" content=\"@FiscaliaCol\" \/>\n<meta name=\"twitter:site\" content=\"@FiscaliaCol\" \/>\n<meta name=\"twitter:label1\" content=\"Escrito por\" \/>\n\t<meta name=\"twitter:data1\" content=\"Katherine Loaiza Mart\u00ednez\" \/>\n\t<meta name=\"twitter:label2\" content=\"Tiempo de lectura\" \/>\n\t<meta name=\"twitter:data2\" content=\"2 minutos\" \/>\n<script type=\"application\/ld+json\" class=\"yoast-schema-graph\">{\"@context\":\"https:\/\/schema.org\",\"@graph\":[{\"@type\":\"Article\",\"@id\":\"https:\/\/www.fiscalia.gov.co\/colombia\/noticias\/en-2022-la-seccional-guainia-vaupes-reporto-un-positivo-balance-en-la-resolucion-de-delitos-como-feminicidio-homicidio-y-violencia-intrafamiliar-entre-otros\/#article\",\"isPartOf\":{\"@id\":\"https:\/\/www.fiscalia.gov.co\/colombia\/noticias\/en-2022-la-seccional-guainia-vaupes-reporto-un-positivo-balance-en-la-resolucion-de-delitos-como-feminicidio-homicidio-y-violencia-intrafamiliar-entre-otros\/\"},\"author\":{\"name\":\"Katherine Loaiza Mart\u00ednez\",\"@id\":\"https:\/\/www.fiscalia.gov.co\/colombia\/#\/schema\/person\/2e76b9aba5ecf875ed565ce4de0e0415\"},\"headline\":\"En 2022 la Seccional Guain\u00eda \u2013 Vaup\u00e9s report\u00f3 un positivo balance en la resoluci\u00f3n de delitos como feminicidio, homicidio y violencia intrafamiliar entre otros\",\"datePublished\":\"2022-12-15T18:05:05+00:00\",\"dateModified\":\"2022-12-22T15:01:11+00:00\",\"mainEntityOfPage\":{\"@id\":\"https:\/\/www.fiscalia.gov.co\/colombia\/noticias\/en-2022-la-seccional-guainia-vaupes-reporto-un-positivo-balance-en-la-resolucion-de-delitos-como-feminicidio-homicidio-y-violencia-intrafamiliar-entre-otros\/\"},\"wordCount\":461,\"publisher\":{\"@id\":\"https:\/\/www.fiscalia.gov.co\/colombia\/#organization\"},\"image\":{\"@id\":\"https:\/\/www.fiscalia.gov.co\/colombia\/noticias\/en-2022-la-seccional-guainia-vaupes-reporto-un-positivo-balance-en-la-resolucion-de-delitos-como-feminicidio-homicidio-y-violencia-intrafamiliar-entre-otros\/#primaryimage\"},\"thumbnailUrl\":\"https:\/\/www.fiscalia.gov.co\/colombia\/wp-content\/uploads\/FOTO-1-1-3.jpeg\",\"articleSection\":[\"Noticias\",\"Seccional In\u00edrida\",\"Seguridad territorial\"],\"inLanguage\":\"es-CO\"},{\"@type\":\"WebPage\",\"@id\":\"https:\/\/www.fiscalia.gov.co\/colombia\/noticias\/en-2022-la-seccional-guainia-vaupes-reporto-un-positivo-balance-en-la-resolucion-de-delitos-como-feminicidio-homicidio-y-violencia-intrafamiliar-entre-otros\/\",\"url\":\"https:\/\/www.fiscalia.gov.co\/colombia\/noticias\/en-2022-la-seccional-guainia-vaupes-reporto-un-positivo-balance-en-la-resolucion-de-delitos-como-feminicidio-homicidio-y-violencia-intrafamiliar-entre-otros\/\",\"name\":\"Fiscal\u00eda General de la Naci\u00f3n\",\"isPartOf\":{\"@id\":\"https:\/\/www.fiscalia.gov.co\/colombia\/#website\"},\"primaryImageOfPage\":{\"@id\":\"https:\/\/www.fiscalia.gov.co\/colombia\/noticias\/en-2022-la-seccional-guainia-vaupes-reporto-un-positivo-balance-en-la-resolucion-de-delitos-como-feminicidio-homicidio-y-violencia-intrafamiliar-entre-otros\/#primaryimage\"},\"image\":{\"@id\":\"https:\/\/www.fiscalia.gov.co\/colombia\/noticias\/en-2022-la-seccional-guainia-vaupes-reporto-un-positivo-balance-en-la-resolucion-de-delitos-como-feminicidio-homicidio-y-violencia-intrafamiliar-entre-otros\/#primaryimage\"},\"thumbnailUrl\":\"https:\/\/www.fiscalia.gov.co\/colombia\/wp-content\/uploads\/FOTO-1-1-3.jpeg\",\"datePublished\":\"2022-12-15T18:05:05+00:00\",\"dateModified\":\"2022-12-22T15:01:11+00:00\",\"description\":\"P\u00e1gina oficial de la Fiscal\u00eda General de la Naci\u00f3n \u2013 Colombia. Garantizamos el acceso efectivo a la justicia, la verdad y la reparaci\u00f3n de las v\u00edctimas de los delitos.\",\"breadcrumb\":{\"@id\":\"https:\/\/www.fiscalia.gov.co\/colombia\/noticias\/en-2022-la-seccional-guainia-vaupes-reporto-un-positivo-balance-en-la-resolucion-de-delitos-como-feminicidio-homicidio-y-violencia-intrafamiliar-entre-otros\/#breadcrumb\"},\"inLanguage\":\"es-CO\",\"potentialAction\":[{\"@type\":\"ReadAction\",\"target\":[\"https:\/\/www.fiscalia.gov.co\/colombia\/noticias\/en-2022-la-seccional-guainia-vaupes-reporto-un-positivo-balance-en-la-resolucion-de-delitos-como-feminicidio-homicidio-y-violencia-intrafamiliar-entre-otros\/\"]}]},{\"@type\":\"ImageObject\",\"inLanguage\":\"es-CO\",\"@id\":\"https:\/\/www.fiscalia.gov.co\/colombia\/noticias\/en-2022-la-seccional-guainia-vaupes-reporto-un-positivo-balance-en-la-resolucion-de-delitos-como-feminicidio-homicidio-y-violencia-intrafamiliar-entre-otros\/#primaryimage\",\"url\":\"https:\/\/www.fiscalia.gov.co\/colombia\/wp-content\/uploads\/FOTO-1-1-3.jpeg\",\"contentUrl\":\"https:\/\/www.fiscalia.gov.co\/colombia\/wp-content\/uploads\/FOTO-1-1-3.jpeg\",\"width\":1280,\"height\":1051,\"caption\":\"Aristides D\u00e1vila G\u00f3mez fue capturado por el delito de Violencia Intrafamiliar. Un juez lo envi\u00f3 a la c\u00e1rcel. Este hombre\u00a0ya hab\u00eda sido condenado por el mismo delito.\"},{\"@type\":\"BreadcrumbList\",\"@id\":\"https:\/\/www.fiscalia.gov.co\/colombia\/noticias\/en-2022-la-seccional-guainia-vaupes-reporto-un-positivo-balance-en-la-resolucion-de-delitos-como-feminicidio-homicidio-y-violencia-intrafamiliar-entre-otros\/#breadcrumb\",\"itemListElement\":[{\"@type\":\"ListItem\",\"position\":1,\"name\":\"Home\",\"item\":\"https:\/\/www.fiscalia.gov.co\/colombia\/\"},{\"@type\":\"ListItem\",\"position\":2,\"name\":\"En 2022 la Seccional Guain\u00eda \u2013 Vaup\u00e9s report\u00f3 un positivo balance en la resoluci\u00f3n de delitos como feminicidio, homicidio y violencia intrafamiliar entre otros\"}]},{\"@type\":\"WebSite\",\"@id\":\"https:\/\/www.fiscalia.gov.co\/colombia\/#website\",\"url\":\"https:\/\/www.fiscalia.gov.co\/colombia\/\",\"name\":\"Fiscal\u00eda General de la Naci\u00f3n\",\"description\":\"P\u00e1gina oficial de la Fiscal\u00eda General de la Naci\u00f3n \u2013 Colombia. Garantizamos el acceso efectivo a la justicia, la verdad y la reparaci\u00f3n de las v\u00edctimas de los delitos.\",\"publisher\":{\"@id\":\"https:\/\/www.fiscalia.gov.co\/colombia\/#organization\"},\"potentialAction\":[{\"@type\":\"SearchAction\",\"target\":{\"@type\":\"EntryPoint\",\"urlTemplate\":\"https:\/\/www.fiscalia.gov.co\/colombia\/?s={search_term_string}\"},\"query-input\":{\"@type\":\"PropertyValueSpecification\",\"valueRequired\":true,\"valueName\":\"search_term_string\"}}],\"inLanguage\":\"es-CO\"},{\"@type\":\"Organization\",\"@id\":\"https:\/\/www.fiscalia.gov.co\/colombia\/#organization\",\"name\":\"Fiscal\u00eda General de la Naci\u00f3n\",\"url\":\"https:\/\/www.fiscalia.gov.co\/colombia\/\",\"logo\":{\"@type\":\"ImageObject\",\"inLanguage\":\"es-CO\",\"@id\":\"https:\/\/www.fiscalia.gov.co\/colombia\/#\/schema\/logo\/image\/\",\"url\":\"https:\/\/www.fiscalia.gov.co\/colombia\/wp-content\/uploads\/LogoHorizontal_1.jpg\",\"contentUrl\":\"https:\/\/www.fiscalia.gov.co\/colombia\/wp-content\/uploads\/LogoHorizontal_1.jpg\",\"width\":300,\"height\":90,\"caption\":\"Fiscal\u00eda General de la Naci\u00f3n\"},\"image\":{\"@id\":\"https:\/\/www.fiscalia.gov.co\/colombia\/#\/schema\/logo\/image\/\"},\"sameAs\":[\"https:\/\/www.facebook.com\/FiscaliaCol\",\"https:\/\/x.com\/FiscaliaCol\",\"https:\/\/www.instagram.com\/fiscaliacol\",\"https:\/\/www.linkedin.com\/company\/fiscalia-general-de-la-naci-n\/\",\"https:\/\/youtube.com\/@fiscaliageneraldelanacion-4668?si=6nN79nyQICPU5iTh\"]},{\"@type\":\"Person\",\"@id\":\"https:\/\/www.fiscalia.gov.co\/colombia\/#\/schema\/person\/2e76b9aba5ecf875ed565ce4de0e0415\",\"name\":\"Katherine Loaiza Mart\u00ednez\",\"image\":{\"@type\":\"ImageObject\",\"inLanguage\":\"es-CO\",\"@id\":\"https:\/\/www.fiscalia.gov.co\/colombia\/#\/schema\/person\/image\/\",\"url\":\"https:\/\/secure.gravatar.com\/avatar\/ab775a2f394c1b83b6d6f78680e57b50?s=96&d=mm&r=g\",\"contentUrl\":\"https:\/\/secure.gravatar.com\/avatar\/ab775a2f394c1b83b6d6f78680e57b50?s=96&d=mm&r=g\",\"caption\":\"Katherine Loaiza Mart\u00ednez\"},\"url\":\"https:\/\/www.fiscalia.gov.co\/colombia\/author\/kloaiza\/\"}]}<\/script>\n<!-- \/ Yoast SEO plugin. -->","yoast_head_json":{"title":"Fiscal\u00eda General de la Naci\u00f3n","description":"P\u00e1gina oficial de la Fiscal\u00eda General de la Naci\u00f3n \u2013 Colombia. Garantizamos el acceso efectivo a la justicia, la verdad y la reparaci\u00f3n de las v\u00edctimas de los delitos.","robots":{"index":"noindex","follow":"follow"},"og_locale":"es_ES","og_type":"article","og_title":"Fiscal\u00eda General de la Naci\u00f3n","og_description":"P\u00e1gina oficial de la Fiscal\u00eda General de la Naci\u00f3n \u2013 Colombia. Garantizamos el acceso efectivo a la justicia, la verdad y la reparaci\u00f3n de las v\u00edctimas de los delitos.","og_url":"https:\/\/www.fiscalia.gov.co\/colombia\/noticias\/en-2022-la-seccional-guainia-vaupes-reporto-un-positivo-balance-en-la-resolucion-de-delitos-como-feminicidio-homicidio-y-violencia-intrafamiliar-entre-otros\/","og_site_name":"Fiscal\u00eda General de la Naci\u00f3n","article_publisher":"https:\/\/www.facebook.com\/FiscaliaCol","article_published_time":"2022-12-15T18:05:05+00:00","article_modified_time":"2022-12-22T15:01:11+00:00","og_image":[{"url":"https:\/\/www.fiscalia.gov.co\/colombia\/wp-content\/uploads\/FOTO-1-1-3.jpeg","type":"","width":"","height":""}],"author":"Katherine Loaiza Mart\u00ednez","twitter_card":"summary_large_image","twitter_creator":"@FiscaliaCol","twitter_site":"@FiscaliaCol","twitter_misc":{"Escrito por":"Katherine Loaiza Mart\u00ednez","Tiempo de lectura":"2 minutos"},"schema":{"@context":"https:\/\/schema.org","@graph":[{"@type":"Article","@id":"https:\/\/www.fiscalia.gov.co\/colombia\/noticias\/en-2022-la-seccional-guainia-vaupes-reporto-un-positivo-balance-en-la-resolucion-de-delitos-como-feminicidio-homicidio-y-violencia-intrafamiliar-entre-otros\/#article","isPartOf":{"@id":"https:\/\/www.fiscalia.gov.co\/colombia\/noticias\/en-2022-la-seccional-guainia-vaupes-reporto-un-positivo-balance-en-la-resolucion-de-delitos-como-feminicidio-homicidio-y-violencia-intrafamiliar-entre-otros\/"},"author":{"name":"Katherine Loaiza Mart\u00ednez","@id":"https:\/\/www.fiscalia.gov.co\/colombia\/#\/schema\/person\/2e76b9aba5ecf875ed565ce4de0e0415"},"headline":"En 2022 la Seccional Guain\u00eda \u2013 Vaup\u00e9s report\u00f3 un positivo balance en la resoluci\u00f3n de delitos como feminicidio, homicidio y violencia intrafamiliar entre otros","datePublished":"2022-12-15T18:05:05+00:00","dateModified":"2022-12-22T15:01:11+00:00","mainEntityOfPage":{"@id":"https:\/\/www.fiscalia.gov.co\/colombia\/noticias\/en-2022-la-seccional-guainia-vaupes-reporto-un-positivo-balance-en-la-resolucion-de-delitos-como-feminicidio-homicidio-y-violencia-intrafamiliar-entre-otros\/"},"wordCount":461,"publisher":{"@id":"https:\/\/www.fiscalia.gov.co\/colombia\/#organization"},"image":{"@id":"https:\/\/www.fiscalia.gov.co\/colombia\/noticias\/en-2022-la-seccional-guainia-vaupes-reporto-un-positivo-balance-en-la-resolucion-de-delitos-como-feminicidio-homicidio-y-violencia-intrafamiliar-entre-otros\/#primaryimage"},"thumbnailUrl":"https:\/\/www.fiscalia.gov.co\/colombia\/wp-content\/uploads\/FOTO-1-1-3.jpeg","articleSection":["Noticias","Seccional In\u00edrida","Seguridad territorial"],"inLanguage":"es-CO"},{"@type":"WebPage","@id":"https:\/\/www.fiscalia.gov.co\/colombia\/noticias\/en-2022-la-seccional-guainia-vaupes-reporto-un-positivo-balance-en-la-resolucion-de-delitos-como-feminicidio-homicidio-y-violencia-intrafamiliar-entre-otros\/","url":"https:\/\/www.fiscalia.gov.co\/colombia\/noticias\/en-2022-la-seccional-guainia-vaupes-reporto-un-positivo-balance-en-la-resolucion-de-delitos-como-feminicidio-homicidio-y-violencia-intrafamiliar-entre-otros\/","name":"Fiscal\u00eda General de la Naci\u00f3n","isPartOf":{"@id":"https:\/\/www.fiscalia.gov.co\/colombia\/#website"},"primaryImageOfPage":{"@id":"https:\/\/www.fiscalia.gov.co\/colombia\/noticias\/en-2022-la-seccional-guainia-vaupes-reporto-un-positivo-balance-en-la-resolucion-de-delitos-como-feminicidio-homicidio-y-violencia-intrafamiliar-entre-otros\/#primaryimage"},"image":{"@id":"https:\/\/www.fiscalia.gov.co\/colombia\/noticias\/en-2022-la-seccional-guainia-vaupes-reporto-un-positivo-balance-en-la-resolucion-de-delitos-como-feminicidio-homicidio-y-violencia-intrafamiliar-entre-otros\/#primaryimage"},"thumbnailUrl":"https:\/\/www.fiscalia.gov.co\/colombia\/wp-content\/uploads\/FOTO-1-1-3.jpeg","datePublished":"2022-12-15T18:05:05+00:00","dateModified":"2022-12-22T15:01:11+00:00","description":"P\u00e1gina oficial de la Fiscal\u00eda General de la Naci\u00f3n \u2013 Colombia. Garantizamos el acceso efectivo a la justicia, la verdad y la reparaci\u00f3n de las v\u00edctimas de los delitos.","breadcrumb":{"@id":"https:\/\/www.fiscalia.gov.co\/colombia\/noticias\/en-2022-la-seccional-guainia-vaupes-reporto-un-positivo-balance-en-la-resolucion-de-delitos-como-feminicidio-homicidio-y-violencia-intrafamiliar-entre-otros\/#breadcrumb"},"inLanguage":"es-CO","potentialAction":[{"@type":"ReadAction","target":["https:\/\/www.fiscalia.gov.co\/colombia\/noticias\/en-2022-la-seccional-guainia-vaupes-reporto-un-positivo-balance-en-la-resolucion-de-delitos-como-feminicidio-homicidio-y-violencia-intrafamiliar-entre-otros\/"]}]},{"@type":"ImageObject","inLanguage":"es-CO","@id":"https:\/\/www.fiscalia.gov.co\/colombia\/noticias\/en-2022-la-seccional-guainia-vaupes-reporto-un-positivo-balance-en-la-resolucion-de-delitos-como-feminicidio-homicidio-y-violencia-intrafamiliar-entre-otros\/#primaryimage","url":"https:\/\/www.fiscalia.gov.co\/colombia\/wp-content\/uploads\/FOTO-1-1-3.jpeg","contentUrl":"https:\/\/www.fiscalia.gov.co\/colombia\/wp-content\/uploads\/FOTO-1-1-3.jpeg","width":1280,"height":1051,"caption":"Aristides D\u00e1vila G\u00f3mez fue capturado por el delito de Violencia Intrafamiliar. Un juez lo envi\u00f3 a la c\u00e1rcel. Este hombre\u00a0ya hab\u00eda sido condenado por el mismo delito."},{"@type":"BreadcrumbList","@id":"https:\/\/www.fiscalia.gov.co\/colombia\/noticias\/en-2022-la-seccional-guainia-vaupes-reporto-un-positivo-balance-en-la-resolucion-de-delitos-como-feminicidio-homicidio-y-violencia-intrafamiliar-entre-otros\/#breadcrumb","itemListElement":[{"@type":"ListItem","position":1,"name":"Home","item":"https:\/\/www.fiscalia.gov.co\/colombia\/"},{"@type":"ListItem","position":2,"name":"En 2022 la Seccional Guain\u00eda \u2013 Vaup\u00e9s report\u00f3 un positivo balance en la resoluci\u00f3n de delitos como feminicidio, homicidio y violencia intrafamiliar entre otros"}]},{"@type":"WebSite","@id":"https:\/\/www.fiscalia.gov.co\/colombia\/#website","url":"https:\/\/www.fiscalia.gov.co\/colombia\/","name":"Fiscal\u00eda General de la Naci\u00f3n","description":"P\u00e1gina oficial de la Fiscal\u00eda General de la Naci\u00f3n \u2013 Colombia. Garantizamos el acceso efectivo a la justicia, la verdad y la reparaci\u00f3n de las v\u00edctimas de los delitos.","publisher":{"@id":"https:\/\/www.fiscalia.gov.co\/colombia\/#organization"},"potentialAction":[{"@type":"SearchAction","target":{"@type":"EntryPoint","urlTemplate":"https:\/\/www.fiscalia.gov.co\/colombia\/?s={search_term_string}"},"query-input":{"@type":"PropertyValueSpecification","valueRequired":true,"valueName":"search_term_string"}}],"inLanguage":"es-CO"},{"@type":"Organization","@id":"https:\/\/www.fiscalia.gov.co\/colombia\/#organization","name":"Fiscal\u00eda General de la Naci\u00f3n","url":"https:\/\/www.fiscalia.gov.co\/colombia\/","logo":{"@type":"ImageObject","inLanguage":"es-CO","@id":"https:\/\/www.fiscalia.gov.co\/colombia\/#\/schema\/logo\/image\/","url":"https:\/\/www.fiscalia.gov.co\/colombia\/wp-content\/uploads\/LogoHorizontal_1.jpg","contentUrl":"https:\/\/www.fiscalia.gov.co\/colombia\/wp-content\/uploads\/LogoHorizontal_1.jpg","width":300,"height":90,"caption":"Fiscal\u00eda General de la Naci\u00f3n"},"image":{"@id":"https:\/\/www.fiscalia.gov.co\/colombia\/#\/schema\/logo\/image\/"},"sameAs":["https:\/\/www.facebook.com\/FiscaliaCol","https:\/\/x.com\/FiscaliaCol","https:\/\/www.instagram.com\/fiscaliacol","https:\/\/www.linkedin.com\/company\/fiscalia-general-de-la-naci-n\/","https:\/\/youtube.com\/@fiscaliageneraldelanacion-4668?si=6nN79nyQICPU5iTh"]},{"@type":"Person","@id":"https:\/\/www.fiscalia.gov.co\/colombia\/#\/schema\/person\/2e76b9aba5ecf875ed565ce4de0e0415","name":"Katherine Loaiza Mart\u00ednez","image":{"@type":"ImageObject","inLanguage":"es-CO","@id":"https:\/\/www.fiscalia.gov.co\/colombia\/#\/schema\/person\/image\/","url":"https:\/\/secure.gravatar.com\/avatar\/ab775a2f394c1b83b6d6f78680e57b50?s=96&d=mm&r=g","contentUrl":"https:\/\/secure.gravatar.com\/avatar\/ab775a2f394c1b83b6d6f78680e57b50?s=96&d=mm&r=g","caption":"Katherine Loaiza Mart\u00ednez"},"url":"https:\/\/www.fiscalia.gov.co\/colombia\/author\/kloaiza\/"}]}},"_links":{"self":[{"href":"https:\/\/www.fiscalia.gov.co\/colombia\/wp-json\/wp\/v2\/posts\/262973","targetHints":{"allow":["GET"]}}],"collection":[{"href":"https:\/\/www.fiscalia.gov.co\/colombia\/wp-json\/wp\/v2\/posts"}],"about":[{"href":"https:\/\/www.fiscalia.gov.co\/colombia\/wp-json\/wp\/v2\/types\/post"}],"author":[{"embeddable":true,"href":"https:\/\/www.fiscalia.gov.co\/colombia\/wp-json\/wp\/v2\/users\/175"}],"replies":[{"embeddable":true,"href":"https:\/\/www.fiscalia.gov.co\/colombia\/wp-json\/wp\/v2\/comments?post=262973"}],"version-history":[{"count":1,"href":"https:\/\/www.fiscalia.gov.co\/colombia\/wp-json\/wp\/v2\/posts\/262973\/revisions"}],"predecessor-version":[{"id":262977,"href":"https:\/\/www.fiscalia.gov.co\/colombia\/wp-json\/wp\/v2\/posts\/262973\/revisions\/262977"}],"wp:attachment":[{"href":"https:\/\/www.fiscalia.gov.co\/colombia\/wp-json\/wp\/v2\/media?parent=262973"}],"wp:term":[{"taxonomy":"category","embeddable":true,"href":"https:\/\/www.fiscalia.gov.co\/colombia\/wp-json\/wp\/v2\/categories?post=262973"},{"taxonomy":"post_tag","embeddable":true,"href":"https:\/\/www.fiscalia.gov.co\/colombia\/wp-json\/wp\/v2\/tags?post=262973"}],"curies":[{"name":"wp","href":"https:\/\/api.w.org\/{rel}","templated":true}]}}