{"id":262965,"date":"2022-12-15T11:34:43","date_gmt":"2022-12-15T16:34:43","guid":{"rendered":"https:\/\/www.fiscalia.gov.co\/colombia\/?p=262965"},"modified":"2022-12-22T10:13:56","modified_gmt":"2022-12-22T15:13:56","slug":"acciones-de-la-fiscalia-contra-el-homicidio-permitieron-salvar-330-vidas-en-cali-donde-209-personas-fueron-enviadas-a-la-carcel-por-este-delito-en-2022","status":"publish","type":"post","link":"https:\/\/www.fiscalia.gov.co\/colombia\/noticias\/acciones-de-la-fiscalia-contra-el-homicidio-permitieron-salvar-330-vidas-en-cali-donde-209-personas-fueron-enviadas-a-la-carcel-por-este-delito-en-2022\/","title":{"rendered":"Acciones de la Fiscal\u00eda contra el homicidio permitieron salvar 330 vidas en Cali, donde 209 personas fueron enviadas a la c\u00e1rcel por este delito en 2022"},"content":{"rendered":"<blockquote>\n<h4 style=\"text-align: left;\"><strong><em>Durante 2022, se impactaron las finanzas de la criminalidad organizada con la incautaci\u00f3n de $3.697 millones representados en bienes e inmuebles, dinero en efectivo, oro, relojes, d\u00f3lares y euros. Cali registra la tasa m\u00e1s baja de homicidios de los \u00faltimos 30 a\u00f1os.\u00a0<\/em><\/strong><\/h4>\n<\/blockquote>\n<p><em>\u00a0<\/em><\/p>\n<p>La Fiscal\u00eda Seccional Cali ha logrado avances importantes en la investigaci\u00f3n y obtenci\u00f3n de resultados en los delitos de alto impacto que,\u00a0durante 2022, afectaron la seguridad y el bienestar de los ciudadanos de la capital del Valle y de municipios como Jamund\u00ed, Yumbo, Vijes, La Cumbre, Dagua, Candelaria, Palmira, Cerrito, Florida y Pradera, entre otros.<\/p>\n<p>La priorizaci\u00f3n de delitos como la violencia intrafamiliar, la violencia sexual, la violencia basad en orientaci\u00f3n sexual e identidad de g\u00e9nero, los homicidios de mujeres, el feminicidio y los homicidios dolosos, permiti\u00f3 obtener avances en los resultados operacionales, a trav\u00e9s de las estrategias de captura y judicializaci\u00f3n de los presuntos responsables.<\/p>\n<p>En materia de violencia intrafamiliar, con se logr\u00f3 aumentar el \u00edndice de resultados pasando del 28.90% en 2021 al 54.36% en el 2022.<\/p>\n<p>El a\u00f1o pasado se registraron 6.177 casos de violencia intrafamiliar en Cali y los 10 municipios de la seccional. Y en 2022 la Fiscal\u00eda ha atendido 5.887, logr\u00e1ndo\u00a0una reducci\u00f3n judicial del delito durante este a\u00f1o del 4.69%.<\/p>\n<p>Asimismo, en materia de lucha contra la violencia sexual se pas\u00f3 del 25.70% con 1.439 casos registrados en 2021, contra ni\u00f1as, ni\u00f1os, adolescentes y mujeres, al\u00a0\u00a044.83% en avance de resultados en los 1.287 hechos ocurridos en 2022. Logr\u00e1ndo\u00a0una reducci\u00f3n judicial del delito durante este a\u00f1o del 11.79%.<\/p>\n<p>Es de resaltar que fueron capturados y judicializados dos abusadores seriales: alias El Pastor y alias El violador de las perlas, con 25 v\u00edctimas, cuyas casos fueron esclarecidos.<\/p>\n<p>Con relaci\u00f3n al homicidio de mujeres, se pas\u00f3 del 37% con 100 casos ocurridos en 2021 al 53.1% con 96 casos de este a\u00f1o.<\/p>\n<figure id=\"attachment_262966\" aria-describedby=\"caption-attachment-262966\" style=\"width: 1080px\" class=\"wp-caption aligncenter\"><img loading=\"lazy\" decoding=\"async\" class=\"size-full wp-image-262966\" src=\"https:\/\/www.fiscalia.gov.co\/colombia\/wp-content\/uploads\/IMG-20221215-WA0042.jpg\" alt=\"En la fotograf\u00eda se observan los 15 capturados junto a dos agentes de la Sijin de la polic\u00eda\u00a0metropolitana. En la parte posterior se observa una mesa con estupefacientes, drogas, armas, dinero, entre otros elementos.\" width=\"1080\" height=\"548\" srcset=\"https:\/\/www.fiscalia.gov.co\/colombia\/wp-content\/uploads\/IMG-20221215-WA0042.jpg 1080w, https:\/\/www.fiscalia.gov.co\/colombia\/wp-content\/uploads\/IMG-20221215-WA0042-300x152.jpg 300w, https:\/\/www.fiscalia.gov.co\/colombia\/wp-content\/uploads\/IMG-20221215-WA0042-1024x520.jpg 1024w, https:\/\/www.fiscalia.gov.co\/colombia\/wp-content\/uploads\/IMG-20221215-WA0042-768x390.jpg 768w, https:\/\/www.fiscalia.gov.co\/colombia\/wp-content\/uploads\/IMG-20221215-WA0042-696x353.jpg 696w, https:\/\/www.fiscalia.gov.co\/colombia\/wp-content\/uploads\/IMG-20221215-WA0042-1068x542.jpg 1068w, https:\/\/www.fiscalia.gov.co\/colombia\/wp-content\/uploads\/IMG-20221215-WA0042-828x420.jpg 828w\" sizes=\"auto, (max-width: 1080px) 100vw, 1080px\" \/><figcaption id=\"caption-attachment-262966\" class=\"wp-caption-text\">Homicidios:\u00a0\u00a0banda Los Zarcos.<\/figcaption><\/figure>\n<p>Sobre el feminicidio se tiene un avance de resultados del 100%, en los 12 casos registrados durante 2022 en la Seccional.<\/p>\n<p>En cuanto a los homicidios dolosos se registra una tasa de avance en los resultados del 36.2% en los 1.280 casos registrados en el presente con respecto al 20.8% del a\u00f1o anterior, con 1.638 casos. Lo que permiti\u00f3 salvar en este a\u00f1o 330 vidas y obtener la menor tasa de homicidios en los \u00faltimos 30 a\u00f1os.<\/p>\n<p>En este a\u00f1o, el trabajo de la Seccional Cali permiti\u00f3 el desmantelamiento de\u00a0\u00a084 organizaciones criminales dedicadas al homicidio (24), hurto (14), tr\u00e1fico de estupefacientes (29) y extorsi\u00f3n (12), entre otros delitos.<\/p>\n<figure id=\"attachment_262967\" aria-describedby=\"caption-attachment-262967\" style=\"width: 1080px\" class=\"wp-caption aligncenter\"><img loading=\"lazy\" decoding=\"async\" class=\"size-full wp-image-262967\" src=\"https:\/\/www.fiscalia.gov.co\/colombia\/wp-content\/uploads\/IMG-20221215-WA0044.jpg\" alt=\"En la fotograf\u00eda se observan los 5 capturados junto a dos agentes de la Sijin de la polic\u00eda metropolitana. En la parte posterior se observa una mesa con relojes, joyas de oro, dinero, armas de fuego, billeteras.\" width=\"1080\" height=\"797\" srcset=\"https:\/\/www.fiscalia.gov.co\/colombia\/wp-content\/uploads\/IMG-20221215-WA0044.jpg 1080w, https:\/\/www.fiscalia.gov.co\/colombia\/wp-content\/uploads\/IMG-20221215-WA0044-300x221.jpg 300w, https:\/\/www.fiscalia.gov.co\/colombia\/wp-content\/uploads\/IMG-20221215-WA0044-1024x756.jpg 1024w, https:\/\/www.fiscalia.gov.co\/colombia\/wp-content\/uploads\/IMG-20221215-WA0044-768x567.jpg 768w, https:\/\/www.fiscalia.gov.co\/colombia\/wp-content\/uploads\/IMG-20221215-WA0044-696x514.jpg 696w, https:\/\/www.fiscalia.gov.co\/colombia\/wp-content\/uploads\/IMG-20221215-WA0044-1068x788.jpg 1068w, https:\/\/www.fiscalia.gov.co\/colombia\/wp-content\/uploads\/IMG-20221215-WA0044-569x420.jpg 569w, https:\/\/www.fiscalia.gov.co\/colombia\/wp-content\/uploads\/IMG-20221215-WA0044-80x60.jpg 80w\" sizes=\"auto, (max-width: 1080px) 100vw, 1080px\" \/><figcaption id=\"caption-attachment-262967\" class=\"wp-caption-text\">Hurto violento:\u00a0\u00a0banda Los Rolex<\/figcaption><\/figure>\n<p>El impacto contra estas estructuras criminales permiti\u00f3 la captura de 671 personas, de las cuales 669 han sido imputadas con cargos durante las audiencias concentradas y 624 fueron privadas por la libertad en establecimiento carcelario, por jueces penales con control de garant\u00edas, para un avance em los resultados del 93%.<\/p>\n<p>Mediante la estrategia Argenta, dise\u00f1ada por el Fiscal General de la Naci\u00f3n, la seccional impact\u00f3 las finanzas de las bandas criminales con la incautaci\u00f3n de $3.697millones representados en veh\u00edculos, motos, bienes muebles e inmuebles, oro, relojes de alta gama, d\u00f3lares y euros.<\/p>\n<p>&nbsp;<\/p>\n<p>Esta informaci\u00f3n se publica por razones de inter\u00e9s general.<\/p>\n<p><strong>La Fiscal\u00eda habla\u00f3 con resultados\u00a0en 2022<\/strong><\/p>\n<p>JGP\/CFG\/SEGM\/DSC<\/p>\n<p><em>La informaci\u00f3n contenida en este bolet\u00edn de prensa corresponde a la narraci\u00f3n de los hechos noticiosos objetivos, suministrados por los funcionarios encargados de adelantar las investigaciones penales al interior de la Fiscal\u00eda General de la Naci\u00f3n. Para el momento de la divulgaci\u00f3n de este comunicado, la situaci\u00f3n jur\u00eddica de la(s) persona(s) relacionada(s) se encuentra pendiente de resolver por la autoridad judicial competente, siempre bajo los preceptos de la presunci\u00f3n de inocencia, consagrados en el art\u00edculo 29 de la Constituci\u00f3n Pol\u00edtica y el art\u00edculo 7\u00ba de la Ley 906 de 2004<\/em><\/p>\n<p>&nbsp;<\/p>\n\n<div class=\"twitter-share\"><a href=\"https:\/\/twitter.com\/intent\/tweet?via=fiscaliacol\" class=\"twitter-share-button\">Tweet<\/a><\/div>\n","protected":false},"excerpt":{"rendered":"<p>Durante 2022, se impactaron las finanzas de la criminalidad organizada con la incautaci\u00f3n de $3.697 millones representados en bienes e inmuebles, dinero en efectivo, oro, relojes, d\u00f3lares y euros. Cali registra la tasa m\u00e1s baja de homicidios de los \u00faltimos 30 a\u00f1os.\u00a0 \u00a0 La Fiscal\u00eda Seccional Cali ha logrado avances importantes en la investigaci\u00f3n y [&hellip;]<\/p>\n","protected":false},"author":175,"featured_media":263399,"comment_status":"closed","ping_status":"open","sticky":false,"template":"","format":"video","meta":{"tdm_status":"","tdm_grid_status":"","footnotes":""},"categories":[1,324,24099],"tags":[24189,24526],"class_list":{"0":"post-262965","1":"post","2":"type-post","3":"status-publish","4":"format-video","5":"has-post-thumbnail","7":"category-noticias","8":"category-seccional-cali","9":"category-seguridad-territorial","10":"tag-fiscal-francisco-barbosa-delgado","11":"tag-fiscal-general-francisco-barbosa-delgado","12":"post_format-post-format-video"},"yoast_head":"<!-- This site is optimized with the Yoast SEO plugin v24.3 - https:\/\/yoast.com\/wordpress\/plugins\/seo\/ -->\n<title>Fiscal\u00eda General de la Naci\u00f3n<\/title>\n<meta name=\"description\" content=\"P\u00e1gina oficial de la Fiscal\u00eda General de la Naci\u00f3n \u2013 Colombia. Garantizamos el acceso efectivo a la justicia, la verdad y la reparaci\u00f3n de las v\u00edctimas de los delitos.\" \/>\n<meta name=\"robots\" content=\"noindex, follow\" \/>\n<meta property=\"og:locale\" content=\"es_ES\" \/>\n<meta property=\"og:type\" content=\"article\" \/>\n<meta property=\"og:title\" content=\"Fiscal\u00eda General de la Naci\u00f3n\" \/>\n<meta property=\"og:description\" content=\"P\u00e1gina oficial de la Fiscal\u00eda General de la Naci\u00f3n \u2013 Colombia. Garantizamos el acceso efectivo a la justicia, la verdad y la reparaci\u00f3n de las v\u00edctimas de los delitos.\" \/>\n<meta property=\"og:url\" content=\"https:\/\/www.fiscalia.gov.co\/colombia\/noticias\/acciones-de-la-fiscalia-contra-el-homicidio-permitieron-salvar-330-vidas-en-cali-donde-209-personas-fueron-enviadas-a-la-carcel-por-este-delito-en-2022\/\" \/>\n<meta property=\"og:site_name\" content=\"Fiscal\u00eda General de la Naci\u00f3n\" \/>\n<meta property=\"article:publisher\" content=\"https:\/\/www.facebook.com\/FiscaliaCol\" \/>\n<meta property=\"article:published_time\" content=\"2022-12-15T16:34:43+00:00\" \/>\n<meta property=\"article:modified_time\" content=\"2022-12-22T15:13:56+00:00\" \/>\n<meta property=\"og:image\" content=\"https:\/\/www.fiscalia.gov.co\/colombia\/wp-content\/uploads\/maxresdefault-828.jpg\" \/>\n\t<meta property=\"og:image:width\" content=\"1280\" \/>\n\t<meta property=\"og:image:height\" content=\"720\" \/>\n\t<meta property=\"og:image:type\" content=\"image\/jpeg\" \/>\n<meta name=\"author\" content=\"Katherine Loaiza Mart\u00ednez\" \/>\n<meta name=\"twitter:card\" content=\"summary_large_image\" \/>\n<meta name=\"twitter:creator\" content=\"@FiscaliaCol\" \/>\n<meta name=\"twitter:site\" content=\"@FiscaliaCol\" \/>\n<meta name=\"twitter:label1\" content=\"Escrito por\" \/>\n\t<meta name=\"twitter:data1\" content=\"Katherine Loaiza Mart\u00ednez\" \/>\n\t<meta name=\"twitter:label2\" content=\"Tiempo de lectura\" \/>\n\t<meta name=\"twitter:data2\" content=\"3 minutos\" \/>\n<script type=\"application\/ld+json\" class=\"yoast-schema-graph\">{\"@context\":\"https:\/\/schema.org\",\"@graph\":[{\"@type\":\"Article\",\"@id\":\"https:\/\/www.fiscalia.gov.co\/colombia\/noticias\/acciones-de-la-fiscalia-contra-el-homicidio-permitieron-salvar-330-vidas-en-cali-donde-209-personas-fueron-enviadas-a-la-carcel-por-este-delito-en-2022\/#article\",\"isPartOf\":{\"@id\":\"https:\/\/www.fiscalia.gov.co\/colombia\/noticias\/acciones-de-la-fiscalia-contra-el-homicidio-permitieron-salvar-330-vidas-en-cali-donde-209-personas-fueron-enviadas-a-la-carcel-por-este-delito-en-2022\/\"},\"author\":{\"name\":\"Katherine Loaiza Mart\u00ednez\",\"@id\":\"https:\/\/www.fiscalia.gov.co\/colombia\/#\/schema\/person\/2e76b9aba5ecf875ed565ce4de0e0415\"},\"headline\":\"Acciones de la Fiscal\u00eda contra el homicidio permitieron salvar 330 vidas en Cali, donde 209 personas fueron enviadas a la c\u00e1rcel por este delito en 2022\",\"datePublished\":\"2022-12-15T16:34:43+00:00\",\"dateModified\":\"2022-12-22T15:13:56+00:00\",\"mainEntityOfPage\":{\"@id\":\"https:\/\/www.fiscalia.gov.co\/colombia\/noticias\/acciones-de-la-fiscalia-contra-el-homicidio-permitieron-salvar-330-vidas-en-cali-donde-209-personas-fueron-enviadas-a-la-carcel-por-este-delito-en-2022\/\"},\"wordCount\":679,\"publisher\":{\"@id\":\"https:\/\/www.fiscalia.gov.co\/colombia\/#organization\"},\"image\":{\"@id\":\"https:\/\/www.fiscalia.gov.co\/colombia\/noticias\/acciones-de-la-fiscalia-contra-el-homicidio-permitieron-salvar-330-vidas-en-cali-donde-209-personas-fueron-enviadas-a-la-carcel-por-este-delito-en-2022\/#primaryimage\"},\"thumbnailUrl\":\"https:\/\/www.fiscalia.gov.co\/colombia\/wp-content\/uploads\/maxresdefault-828.jpg\",\"keywords\":[\"Fiscal Francisco Barbosa Delgado\",\"Fiscal General Francisco Barbosa Delgado\"],\"articleSection\":[\"Noticias\",\"Seccional Cali\",\"Seguridad territorial\"],\"inLanguage\":\"es-CO\"},{\"@type\":\"WebPage\",\"@id\":\"https:\/\/www.fiscalia.gov.co\/colombia\/noticias\/acciones-de-la-fiscalia-contra-el-homicidio-permitieron-salvar-330-vidas-en-cali-donde-209-personas-fueron-enviadas-a-la-carcel-por-este-delito-en-2022\/\",\"url\":\"https:\/\/www.fiscalia.gov.co\/colombia\/noticias\/acciones-de-la-fiscalia-contra-el-homicidio-permitieron-salvar-330-vidas-en-cali-donde-209-personas-fueron-enviadas-a-la-carcel-por-este-delito-en-2022\/\",\"name\":\"Fiscal\u00eda General de la Naci\u00f3n\",\"isPartOf\":{\"@id\":\"https:\/\/www.fiscalia.gov.co\/colombia\/#website\"},\"primaryImageOfPage\":{\"@id\":\"https:\/\/www.fiscalia.gov.co\/colombia\/noticias\/acciones-de-la-fiscalia-contra-el-homicidio-permitieron-salvar-330-vidas-en-cali-donde-209-personas-fueron-enviadas-a-la-carcel-por-este-delito-en-2022\/#primaryimage\"},\"image\":{\"@id\":\"https:\/\/www.fiscalia.gov.co\/colombia\/noticias\/acciones-de-la-fiscalia-contra-el-homicidio-permitieron-salvar-330-vidas-en-cali-donde-209-personas-fueron-enviadas-a-la-carcel-por-este-delito-en-2022\/#primaryimage\"},\"thumbnailUrl\":\"https:\/\/www.fiscalia.gov.co\/colombia\/wp-content\/uploads\/maxresdefault-828.jpg\",\"datePublished\":\"2022-12-15T16:34:43+00:00\",\"dateModified\":\"2022-12-22T15:13:56+00:00\",\"description\":\"P\u00e1gina oficial de la Fiscal\u00eda General de la Naci\u00f3n \u2013 Colombia. Garantizamos el acceso efectivo a la justicia, la verdad y la reparaci\u00f3n de las v\u00edctimas de los delitos.\",\"breadcrumb\":{\"@id\":\"https:\/\/www.fiscalia.gov.co\/colombia\/noticias\/acciones-de-la-fiscalia-contra-el-homicidio-permitieron-salvar-330-vidas-en-cali-donde-209-personas-fueron-enviadas-a-la-carcel-por-este-delito-en-2022\/#breadcrumb\"},\"inLanguage\":\"es-CO\",\"potentialAction\":[{\"@type\":\"ReadAction\",\"target\":[\"https:\/\/www.fiscalia.gov.co\/colombia\/noticias\/acciones-de-la-fiscalia-contra-el-homicidio-permitieron-salvar-330-vidas-en-cali-donde-209-personas-fueron-enviadas-a-la-carcel-por-este-delito-en-2022\/\"]}]},{\"@type\":\"ImageObject\",\"inLanguage\":\"es-CO\",\"@id\":\"https:\/\/www.fiscalia.gov.co\/colombia\/noticias\/acciones-de-la-fiscalia-contra-el-homicidio-permitieron-salvar-330-vidas-en-cali-donde-209-personas-fueron-enviadas-a-la-carcel-por-este-delito-en-2022\/#primaryimage\",\"url\":\"https:\/\/www.fiscalia.gov.co\/colombia\/wp-content\/uploads\/maxresdefault-828.jpg\",\"contentUrl\":\"https:\/\/www.fiscalia.gov.co\/colombia\/wp-content\/uploads\/maxresdefault-828.jpg\",\"width\":1280,\"height\":720},{\"@type\":\"BreadcrumbList\",\"@id\":\"https:\/\/www.fiscalia.gov.co\/colombia\/noticias\/acciones-de-la-fiscalia-contra-el-homicidio-permitieron-salvar-330-vidas-en-cali-donde-209-personas-fueron-enviadas-a-la-carcel-por-este-delito-en-2022\/#breadcrumb\",\"itemListElement\":[{\"@type\":\"ListItem\",\"position\":1,\"name\":\"Home\",\"item\":\"https:\/\/www.fiscalia.gov.co\/colombia\/\"},{\"@type\":\"ListItem\",\"position\":2,\"name\":\"Acciones de la Fiscal\u00eda contra el homicidio permitieron salvar 330 vidas en Cali, donde 209 personas fueron enviadas a la c\u00e1rcel por este delito en 2022\"}]},{\"@type\":\"WebSite\",\"@id\":\"https:\/\/www.fiscalia.gov.co\/colombia\/#website\",\"url\":\"https:\/\/www.fiscalia.gov.co\/colombia\/\",\"name\":\"Fiscal\u00eda General de la Naci\u00f3n\",\"description\":\"P\u00e1gina oficial de la Fiscal\u00eda General de la Naci\u00f3n \u2013 Colombia. Garantizamos el acceso efectivo a la justicia, la verdad y la reparaci\u00f3n de las v\u00edctimas de los delitos.\",\"publisher\":{\"@id\":\"https:\/\/www.fiscalia.gov.co\/colombia\/#organization\"},\"potentialAction\":[{\"@type\":\"SearchAction\",\"target\":{\"@type\":\"EntryPoint\",\"urlTemplate\":\"https:\/\/www.fiscalia.gov.co\/colombia\/?s={search_term_string}\"},\"query-input\":{\"@type\":\"PropertyValueSpecification\",\"valueRequired\":true,\"valueName\":\"search_term_string\"}}],\"inLanguage\":\"es-CO\"},{\"@type\":\"Organization\",\"@id\":\"https:\/\/www.fiscalia.gov.co\/colombia\/#organization\",\"name\":\"Fiscal\u00eda General de la Naci\u00f3n\",\"url\":\"https:\/\/www.fiscalia.gov.co\/colombia\/\",\"logo\":{\"@type\":\"ImageObject\",\"inLanguage\":\"es-CO\",\"@id\":\"https:\/\/www.fiscalia.gov.co\/colombia\/#\/schema\/logo\/image\/\",\"url\":\"https:\/\/www.fiscalia.gov.co\/colombia\/wp-content\/uploads\/LogoHorizontal_1.jpg\",\"contentUrl\":\"https:\/\/www.fiscalia.gov.co\/colombia\/wp-content\/uploads\/LogoHorizontal_1.jpg\",\"width\":300,\"height\":90,\"caption\":\"Fiscal\u00eda General de la Naci\u00f3n\"},\"image\":{\"@id\":\"https:\/\/www.fiscalia.gov.co\/colombia\/#\/schema\/logo\/image\/\"},\"sameAs\":[\"https:\/\/www.facebook.com\/FiscaliaCol\",\"https:\/\/x.com\/FiscaliaCol\",\"https:\/\/www.instagram.com\/fiscaliacol\",\"https:\/\/www.linkedin.com\/company\/fiscalia-general-de-la-naci-n\/\",\"https:\/\/youtube.com\/@fiscaliageneraldelanacion-4668?si=6nN79nyQICPU5iTh\"]},{\"@type\":\"Person\",\"@id\":\"https:\/\/www.fiscalia.gov.co\/colombia\/#\/schema\/person\/2e76b9aba5ecf875ed565ce4de0e0415\",\"name\":\"Katherine Loaiza Mart\u00ednez\",\"image\":{\"@type\":\"ImageObject\",\"inLanguage\":\"es-CO\",\"@id\":\"https:\/\/www.fiscalia.gov.co\/colombia\/#\/schema\/person\/image\/\",\"url\":\"https:\/\/secure.gravatar.com\/avatar\/ab775a2f394c1b83b6d6f78680e57b50?s=96&d=mm&r=g\",\"contentUrl\":\"https:\/\/secure.gravatar.com\/avatar\/ab775a2f394c1b83b6d6f78680e57b50?s=96&d=mm&r=g\",\"caption\":\"Katherine Loaiza Mart\u00ednez\"},\"url\":\"https:\/\/www.fiscalia.gov.co\/colombia\/author\/kloaiza\/\"}]}<\/script>\n<!-- \/ Yoast SEO plugin. -->","yoast_head_json":{"title":"Fiscal\u00eda General de la Naci\u00f3n","description":"P\u00e1gina oficial de la Fiscal\u00eda General de la Naci\u00f3n \u2013 Colombia. Garantizamos el acceso efectivo a la justicia, la verdad y la reparaci\u00f3n de las v\u00edctimas de los delitos.","robots":{"index":"noindex","follow":"follow"},"og_locale":"es_ES","og_type":"article","og_title":"Fiscal\u00eda General de la Naci\u00f3n","og_description":"P\u00e1gina oficial de la Fiscal\u00eda General de la Naci\u00f3n \u2013 Colombia. Garantizamos el acceso efectivo a la justicia, la verdad y la reparaci\u00f3n de las v\u00edctimas de los delitos.","og_url":"https:\/\/www.fiscalia.gov.co\/colombia\/noticias\/acciones-de-la-fiscalia-contra-el-homicidio-permitieron-salvar-330-vidas-en-cali-donde-209-personas-fueron-enviadas-a-la-carcel-por-este-delito-en-2022\/","og_site_name":"Fiscal\u00eda General de la Naci\u00f3n","article_publisher":"https:\/\/www.facebook.com\/FiscaliaCol","article_published_time":"2022-12-15T16:34:43+00:00","article_modified_time":"2022-12-22T15:13:56+00:00","og_image":[{"width":1280,"height":720,"url":"https:\/\/www.fiscalia.gov.co\/colombia\/wp-content\/uploads\/maxresdefault-828.jpg","type":"image\/jpeg"}],"author":"Katherine Loaiza Mart\u00ednez","twitter_card":"summary_large_image","twitter_creator":"@FiscaliaCol","twitter_site":"@FiscaliaCol","twitter_misc":{"Escrito por":"Katherine Loaiza Mart\u00ednez","Tiempo de lectura":"3 minutos"},"schema":{"@context":"https:\/\/schema.org","@graph":[{"@type":"Article","@id":"https:\/\/www.fiscalia.gov.co\/colombia\/noticias\/acciones-de-la-fiscalia-contra-el-homicidio-permitieron-salvar-330-vidas-en-cali-donde-209-personas-fueron-enviadas-a-la-carcel-por-este-delito-en-2022\/#article","isPartOf":{"@id":"https:\/\/www.fiscalia.gov.co\/colombia\/noticias\/acciones-de-la-fiscalia-contra-el-homicidio-permitieron-salvar-330-vidas-en-cali-donde-209-personas-fueron-enviadas-a-la-carcel-por-este-delito-en-2022\/"},"author":{"name":"Katherine Loaiza Mart\u00ednez","@id":"https:\/\/www.fiscalia.gov.co\/colombia\/#\/schema\/person\/2e76b9aba5ecf875ed565ce4de0e0415"},"headline":"Acciones de la Fiscal\u00eda contra el homicidio permitieron salvar 330 vidas en Cali, donde 209 personas fueron enviadas a la c\u00e1rcel por este delito en 2022","datePublished":"2022-12-15T16:34:43+00:00","dateModified":"2022-12-22T15:13:56+00:00","mainEntityOfPage":{"@id":"https:\/\/www.fiscalia.gov.co\/colombia\/noticias\/acciones-de-la-fiscalia-contra-el-homicidio-permitieron-salvar-330-vidas-en-cali-donde-209-personas-fueron-enviadas-a-la-carcel-por-este-delito-en-2022\/"},"wordCount":679,"publisher":{"@id":"https:\/\/www.fiscalia.gov.co\/colombia\/#organization"},"image":{"@id":"https:\/\/www.fiscalia.gov.co\/colombia\/noticias\/acciones-de-la-fiscalia-contra-el-homicidio-permitieron-salvar-330-vidas-en-cali-donde-209-personas-fueron-enviadas-a-la-carcel-por-este-delito-en-2022\/#primaryimage"},"thumbnailUrl":"https:\/\/www.fiscalia.gov.co\/colombia\/wp-content\/uploads\/maxresdefault-828.jpg","keywords":["Fiscal Francisco Barbosa Delgado","Fiscal General Francisco Barbosa Delgado"],"articleSection":["Noticias","Seccional Cali","Seguridad territorial"],"inLanguage":"es-CO"},{"@type":"WebPage","@id":"https:\/\/www.fiscalia.gov.co\/colombia\/noticias\/acciones-de-la-fiscalia-contra-el-homicidio-permitieron-salvar-330-vidas-en-cali-donde-209-personas-fueron-enviadas-a-la-carcel-por-este-delito-en-2022\/","url":"https:\/\/www.fiscalia.gov.co\/colombia\/noticias\/acciones-de-la-fiscalia-contra-el-homicidio-permitieron-salvar-330-vidas-en-cali-donde-209-personas-fueron-enviadas-a-la-carcel-por-este-delito-en-2022\/","name":"Fiscal\u00eda General de la Naci\u00f3n","isPartOf":{"@id":"https:\/\/www.fiscalia.gov.co\/colombia\/#website"},"primaryImageOfPage":{"@id":"https:\/\/www.fiscalia.gov.co\/colombia\/noticias\/acciones-de-la-fiscalia-contra-el-homicidio-permitieron-salvar-330-vidas-en-cali-donde-209-personas-fueron-enviadas-a-la-carcel-por-este-delito-en-2022\/#primaryimage"},"image":{"@id":"https:\/\/www.fiscalia.gov.co\/colombia\/noticias\/acciones-de-la-fiscalia-contra-el-homicidio-permitieron-salvar-330-vidas-en-cali-donde-209-personas-fueron-enviadas-a-la-carcel-por-este-delito-en-2022\/#primaryimage"},"thumbnailUrl":"https:\/\/www.fiscalia.gov.co\/colombia\/wp-content\/uploads\/maxresdefault-828.jpg","datePublished":"2022-12-15T16:34:43+00:00","dateModified":"2022-12-22T15:13:56+00:00","description":"P\u00e1gina oficial de la Fiscal\u00eda General de la Naci\u00f3n \u2013 Colombia. Garantizamos el acceso efectivo a la justicia, la verdad y la reparaci\u00f3n de las v\u00edctimas de los delitos.","breadcrumb":{"@id":"https:\/\/www.fiscalia.gov.co\/colombia\/noticias\/acciones-de-la-fiscalia-contra-el-homicidio-permitieron-salvar-330-vidas-en-cali-donde-209-personas-fueron-enviadas-a-la-carcel-por-este-delito-en-2022\/#breadcrumb"},"inLanguage":"es-CO","potentialAction":[{"@type":"ReadAction","target":["https:\/\/www.fiscalia.gov.co\/colombia\/noticias\/acciones-de-la-fiscalia-contra-el-homicidio-permitieron-salvar-330-vidas-en-cali-donde-209-personas-fueron-enviadas-a-la-carcel-por-este-delito-en-2022\/"]}]},{"@type":"ImageObject","inLanguage":"es-CO","@id":"https:\/\/www.fiscalia.gov.co\/colombia\/noticias\/acciones-de-la-fiscalia-contra-el-homicidio-permitieron-salvar-330-vidas-en-cali-donde-209-personas-fueron-enviadas-a-la-carcel-por-este-delito-en-2022\/#primaryimage","url":"https:\/\/www.fiscalia.gov.co\/colombia\/wp-content\/uploads\/maxresdefault-828.jpg","contentUrl":"https:\/\/www.fiscalia.gov.co\/colombia\/wp-content\/uploads\/maxresdefault-828.jpg","width":1280,"height":720},{"@type":"BreadcrumbList","@id":"https:\/\/www.fiscalia.gov.co\/colombia\/noticias\/acciones-de-la-fiscalia-contra-el-homicidio-permitieron-salvar-330-vidas-en-cali-donde-209-personas-fueron-enviadas-a-la-carcel-por-este-delito-en-2022\/#breadcrumb","itemListElement":[{"@type":"ListItem","position":1,"name":"Home","item":"https:\/\/www.fiscalia.gov.co\/colombia\/"},{"@type":"ListItem","position":2,"name":"Acciones de la Fiscal\u00eda contra el homicidio permitieron salvar 330 vidas en Cali, donde 209 personas fueron enviadas a la c\u00e1rcel por este delito en 2022"}]},{"@type":"WebSite","@id":"https:\/\/www.fiscalia.gov.co\/colombia\/#website","url":"https:\/\/www.fiscalia.gov.co\/colombia\/","name":"Fiscal\u00eda General de la Naci\u00f3n","description":"P\u00e1gina oficial de la Fiscal\u00eda General de la Naci\u00f3n \u2013 Colombia. Garantizamos el acceso efectivo a la justicia, la verdad y la reparaci\u00f3n de las v\u00edctimas de los delitos.","publisher":{"@id":"https:\/\/www.fiscalia.gov.co\/colombia\/#organization"},"potentialAction":[{"@type":"SearchAction","target":{"@type":"EntryPoint","urlTemplate":"https:\/\/www.fiscalia.gov.co\/colombia\/?s={search_term_string}"},"query-input":{"@type":"PropertyValueSpecification","valueRequired":true,"valueName":"search_term_string"}}],"inLanguage":"es-CO"},{"@type":"Organization","@id":"https:\/\/www.fiscalia.gov.co\/colombia\/#organization","name":"Fiscal\u00eda General de la Naci\u00f3n","url":"https:\/\/www.fiscalia.gov.co\/colombia\/","logo":{"@type":"ImageObject","inLanguage":"es-CO","@id":"https:\/\/www.fiscalia.gov.co\/colombia\/#\/schema\/logo\/image\/","url":"https:\/\/www.fiscalia.gov.co\/colombia\/wp-content\/uploads\/LogoHorizontal_1.jpg","contentUrl":"https:\/\/www.fiscalia.gov.co\/colombia\/wp-content\/uploads\/LogoHorizontal_1.jpg","width":300,"height":90,"caption":"Fiscal\u00eda General de la Naci\u00f3n"},"image":{"@id":"https:\/\/www.fiscalia.gov.co\/colombia\/#\/schema\/logo\/image\/"},"sameAs":["https:\/\/www.facebook.com\/FiscaliaCol","https:\/\/x.com\/FiscaliaCol","https:\/\/www.instagram.com\/fiscaliacol","https:\/\/www.linkedin.com\/company\/fiscalia-general-de-la-naci-n\/","https:\/\/youtube.com\/@fiscaliageneraldelanacion-4668?si=6nN79nyQICPU5iTh"]},{"@type":"Person","@id":"https:\/\/www.fiscalia.gov.co\/colombia\/#\/schema\/person\/2e76b9aba5ecf875ed565ce4de0e0415","name":"Katherine Loaiza Mart\u00ednez","image":{"@type":"ImageObject","inLanguage":"es-CO","@id":"https:\/\/www.fiscalia.gov.co\/colombia\/#\/schema\/person\/image\/","url":"https:\/\/secure.gravatar.com\/avatar\/ab775a2f394c1b83b6d6f78680e57b50?s=96&d=mm&r=g","contentUrl":"https:\/\/secure.gravatar.com\/avatar\/ab775a2f394c1b83b6d6f78680e57b50?s=96&d=mm&r=g","caption":"Katherine Loaiza Mart\u00ednez"},"url":"https:\/\/www.fiscalia.gov.co\/colombia\/author\/kloaiza\/"}]}},"_links":{"self":[{"href":"https:\/\/www.fiscalia.gov.co\/colombia\/wp-json\/wp\/v2\/posts\/262965","targetHints":{"allow":["GET"]}}],"collection":[{"href":"https:\/\/www.fiscalia.gov.co\/colombia\/wp-json\/wp\/v2\/posts"}],"about":[{"href":"https:\/\/www.fiscalia.gov.co\/colombia\/wp-json\/wp\/v2\/types\/post"}],"author":[{"embeddable":true,"href":"https:\/\/www.fiscalia.gov.co\/colombia\/wp-json\/wp\/v2\/users\/175"}],"replies":[{"embeddable":true,"href":"https:\/\/www.fiscalia.gov.co\/colombia\/wp-json\/wp\/v2\/comments?post=262965"}],"version-history":[{"count":2,"href":"https:\/\/www.fiscalia.gov.co\/colombia\/wp-json\/wp\/v2\/posts\/262965\/revisions"}],"predecessor-version":[{"id":262969,"href":"https:\/\/www.fiscalia.gov.co\/colombia\/wp-json\/wp\/v2\/posts\/262965\/revisions\/262969"}],"wp:featuredmedia":[{"embeddable":true,"href":"https:\/\/www.fiscalia.gov.co\/colombia\/wp-json\/wp\/v2\/media\/263399"}],"wp:attachment":[{"href":"https:\/\/www.fiscalia.gov.co\/colombia\/wp-json\/wp\/v2\/media?parent=262965"}],"wp:term":[{"taxonomy":"category","embeddable":true,"href":"https:\/\/www.fiscalia.gov.co\/colombia\/wp-json\/wp\/v2\/categories?post=262965"},{"taxonomy":"post_tag","embeddable":true,"href":"https:\/\/www.fiscalia.gov.co\/colombia\/wp-json\/wp\/v2\/tags?post=262965"}],"curies":[{"name":"wp","href":"https:\/\/api.w.org\/{rel}","templated":true}]}}