{"id":262944,"date":"2022-12-15T10:45:12","date_gmt":"2022-12-15T15:45:12","guid":{"rendered":"https:\/\/www.fiscalia.gov.co\/colombia\/?p=262944"},"modified":"2022-12-22T09:57:25","modified_gmt":"2022-12-22T14:57:25","slug":"hemos-logrado-resultados-historicos-en-la-lucha-contra-la-violencia-contra-las-mujeres-y-triplicado-los-resueltos-positivos-en-el-norte-del-valle-y-buenaventura","status":"publish","type":"post","link":"https:\/\/www.fiscalia.gov.co\/colombia\/noticias\/hemos-logrado-resultados-historicos-en-la-lucha-contra-la-violencia-contra-las-mujeres-y-triplicado-los-resueltos-positivos-en-el-norte-del-valle-y-buenaventura\/","title":{"rendered":"\u201cHemos logrado resultados hist\u00f3ricos en la lucha contra la violencia contra las mujeres y triplicado los resueltos positivos en el Norte del Valle y Buenaventura\u201d\u00a0"},"content":{"rendered":"<p>Con un balance positivo y cifras r\u00e9cord, la Seccional Valle del Cauca de la Fiscal\u00eda General de la Naci\u00f3n cerr\u00f3 el 2022. Estas acciones fueron posibles gracias al trabajo liderado por la directora Diana Hern\u00e1ndez S\u00e1nchez; y a la coordinaci\u00f3n con el Cuerpo T\u00e9cnico de Investigaci\u00f3n, la Polic\u00eda Nacional y las fuerzas armadas.<\/p>\n<p>Las investigaciones relacionadas con feminicidios fueron resueltas en su totalidad (100%); los avances en casos de violencia intrafamiliar llegaron al 60,39 por ciento; los homicidios de mujeres superaron el 53,95 por ciento; y en el caso de delitos sexuales se lleg\u00f3 al 48,22 por ciento.<\/p>\n<figure id=\"attachment_262959\" aria-describedby=\"caption-attachment-262959\" style=\"width: 1280px\" class=\"wp-caption aligncenter\"><img loading=\"lazy\" decoding=\"async\" class=\"size-full wp-image-262959\" src=\"https:\/\/www.fiscalia.gov.co\/colombia\/wp-content\/uploads\/Foto-3.-Jesus-Antonio-Rios-Castrillon.-Violencia-intrafamiliar.-Buga-Valle..jpg\" alt=\"En la foto aparece Jes\u00fas Antonio R\u00edos Castrill\u00f3n, con tapabocas, los brazos atr\u00e1s y la cabeza abajo. Vista camiseta roja y jean azul. A lado y lado de \u00e9l hay dos uniformados de la Polic\u00eda Nacional. Delante de ellos hay una mesa con mantel verde y sobre ella un letrero que dice: \u2018Violencia intrafamiliar\u2019. Detr\u00e1s de ellos hay un pend\u00f3n institucional de la Polic\u00eda.\" width=\"1280\" height=\"1087\" srcset=\"https:\/\/www.fiscalia.gov.co\/colombia\/wp-content\/uploads\/Foto-3.-Jesus-Antonio-Rios-Castrillon.-Violencia-intrafamiliar.-Buga-Valle..jpg 1280w, https:\/\/www.fiscalia.gov.co\/colombia\/wp-content\/uploads\/Foto-3.-Jesus-Antonio-Rios-Castrillon.-Violencia-intrafamiliar.-Buga-Valle.-300x255.jpg 300w, https:\/\/www.fiscalia.gov.co\/colombia\/wp-content\/uploads\/Foto-3.-Jesus-Antonio-Rios-Castrillon.-Violencia-intrafamiliar.-Buga-Valle.-1024x870.jpg 1024w, https:\/\/www.fiscalia.gov.co\/colombia\/wp-content\/uploads\/Foto-3.-Jesus-Antonio-Rios-Castrillon.-Violencia-intrafamiliar.-Buga-Valle.-768x652.jpg 768w, https:\/\/www.fiscalia.gov.co\/colombia\/wp-content\/uploads\/Foto-3.-Jesus-Antonio-Rios-Castrillon.-Violencia-intrafamiliar.-Buga-Valle.-696x591.jpg 696w, https:\/\/www.fiscalia.gov.co\/colombia\/wp-content\/uploads\/Foto-3.-Jesus-Antonio-Rios-Castrillon.-Violencia-intrafamiliar.-Buga-Valle.-1068x907.jpg 1068w, https:\/\/www.fiscalia.gov.co\/colombia\/wp-content\/uploads\/Foto-3.-Jesus-Antonio-Rios-Castrillon.-Violencia-intrafamiliar.-Buga-Valle.-495x420.jpg 495w\" sizes=\"auto, (max-width: 1280px) 100vw, 1280px\" \/><figcaption id=\"caption-attachment-262959\" class=\"wp-caption-text\">Jes\u00fas Antonio R\u00edos Castrill\u00f3n, judicializado como presunto responsable de maltratar f\u00edsica psicol\u00f3gicamente a su compa\u00f1era sentimental, en Buga (Valle).<\/figcaption><\/figure>\n<p>Es importante destacar el trabajo realizado por la Fiscal\u00eda en casos de homicidios. \u201cEn 2020 ten\u00edamos un resultado positivo del 15,44 por ciento; mientras que este a\u00f1o ese valor alcanza 32,73 por ciento\u201d, resalt\u00f3 la directora seccional.<\/p>\n<p>Un reflejo de estas cifras se ve en municipios como Buga donde el trabajo investigativo pas\u00f3 de un 29,11% en 2021; a un 46,03% en 2022. En Tulu\u00e1 el avance en cuanto a los resultados por investigaciones en homicidios alcanz\u00f3 un 30,61%. En Buenaventura este a\u00f1o se avanz\u00f3 en un 42,45%, duplicando el 20,83% que se registr\u00f3 en 2021.<\/p>\n<p>La implementaci\u00f3n de distintas estrategias permiti\u00f3 alcanzar buenas cifras en cuanto a hurto por medios inform\u00e1ticos. En este caso, fue impactado el grupo delictivo \u2018Los Cibers\u2019, que delinqu\u00eda en Buenaventura. En total fueron judicializadas 9 personas que habr\u00edan hurtado cerca de 6.000 millones de pesos. La Fiscal\u00eda evidenci\u00f3 que esta red criminal habr\u00eda contratado hackers obtener mayores resultados en sus delitos.<\/p>\n<p>Tambi\u00e9n se destaca el impacto a \u2018Los flacos nueva alianza\u2019 que delinqu\u00eda en los municipios de Obando y Cartago donde incurr\u00eda en delitos de microtr\u00e1fico y homicidios. Seis personas fueron judicializadas por, presuntamente, ser integrantes de esta estructura delincuencial. As\u00ed, la Fiscal\u00eda identific\u00f3 a los responsables de ocho homicidios y tres tentativas de homicidio.<\/p>\n<figure id=\"attachment_262958\" aria-describedby=\"caption-attachment-262958\" style=\"width: 1280px\" class=\"wp-caption aligncenter\"><img loading=\"lazy\" decoding=\"async\" class=\"size-full wp-image-262958\" src=\"https:\/\/www.fiscalia.gov.co\/colombia\/wp-content\/uploads\/Foto-2.-Los-Flacos.-Homicidio.-Cartago-y-Obando-Valle..jpg\" alt=\"Aparecen los presuntos integrantes del grupo delictivo \u2018Los Flacos Nueva Alianza\u2019. Al lado derecho e izquierdo de ellos hay uniformados de la Polic\u00eda Nacional. Delante de ellos hay una mesa blanca y sobre ella varios elementos como un arma de fuego, dos proveedores, munici\u00f3n y un tel\u00e9fono celular. Detr\u00e1s de ellos hay un pend\u00f3n institucional de la Polic\u00eda.\" width=\"1280\" height=\"960\" srcset=\"https:\/\/www.fiscalia.gov.co\/colombia\/wp-content\/uploads\/Foto-2.-Los-Flacos.-Homicidio.-Cartago-y-Obando-Valle..jpg 1280w, https:\/\/www.fiscalia.gov.co\/colombia\/wp-content\/uploads\/Foto-2.-Los-Flacos.-Homicidio.-Cartago-y-Obando-Valle.-300x225.jpg 300w, https:\/\/www.fiscalia.gov.co\/colombia\/wp-content\/uploads\/Foto-2.-Los-Flacos.-Homicidio.-Cartago-y-Obando-Valle.-1024x768.jpg 1024w, https:\/\/www.fiscalia.gov.co\/colombia\/wp-content\/uploads\/Foto-2.-Los-Flacos.-Homicidio.-Cartago-y-Obando-Valle.-768x576.jpg 768w, https:\/\/www.fiscalia.gov.co\/colombia\/wp-content\/uploads\/Foto-2.-Los-Flacos.-Homicidio.-Cartago-y-Obando-Valle.-696x522.jpg 696w, https:\/\/www.fiscalia.gov.co\/colombia\/wp-content\/uploads\/Foto-2.-Los-Flacos.-Homicidio.-Cartago-y-Obando-Valle.-1068x801.jpg 1068w, https:\/\/www.fiscalia.gov.co\/colombia\/wp-content\/uploads\/Foto-2.-Los-Flacos.-Homicidio.-Cartago-y-Obando-Valle.-560x420.jpg 560w, https:\/\/www.fiscalia.gov.co\/colombia\/wp-content\/uploads\/Foto-2.-Los-Flacos.-Homicidio.-Cartago-y-Obando-Valle.-80x60.jpg 80w, https:\/\/www.fiscalia.gov.co\/colombia\/wp-content\/uploads\/Foto-2.-Los-Flacos.-Homicidio.-Cartago-y-Obando-Valle.-265x198.jpg 265w\" sizes=\"auto, (max-width: 1280px) 100vw, 1280px\" \/><figcaption id=\"caption-attachment-262958\" class=\"wp-caption-text\">Presuntos integrantes de \u2018Los Flacos Nueva Alianza\u2019, que delinqu\u00edan en los municipios de Obando y Cartago (Valle). Se les endilga la comisi\u00f3n de ocho homicidios.<\/figcaption><\/figure>\n<p><strong><u>Lucha frontal contra estructuras delictivas\u00a0<\/u><\/strong><\/p>\n<p>Las acciones dirigidas a impactar los grupos ilegales dieron buenos resultados en el a\u00f1o que termina. En total 41 redes de crimen organizado implicadas en delitos como tr\u00e1fico de estupefacientes, homicidios, hurtos, extorsi\u00f3n y secuestros extorsivos; fueron golpeadas.<\/p>\n<p>Por estos hechos 198 personas fueron judicializadas, a 193 se les impuso medida de aseguramiento privativa de la libertad. Entre las bandas golpeadas est\u00e1n: \u2018Los Chingas\u2019 y \u2018Los Financieros\u2019 cuyas acciones il\u00edcitas se cumpl\u00edan en Tulu\u00e1.<\/p>\n<figure id=\"attachment_262960\" aria-describedby=\"caption-attachment-262960\" style=\"width: 539px\" class=\"wp-caption aligncenter\"><img loading=\"lazy\" decoding=\"async\" class=\"size-full wp-image-262960\" src=\"https:\/\/www.fiscalia.gov.co\/colombia\/wp-content\/uploads\/Foto-4.-Los-Chinga.-Homicidio-y-otros-Tulua-Valle..jpg\" alt=\"En la foto aparecen de pie y la cabeza agachada los presuntos\u00a0\u00a0integrantes de \u2018Los Chingas\u2019. Al lado derecho de ellos hay dos uniformados del CTI y la Polic\u00eda. Al lado izquierdo hay dos uniformados de la Polic\u00eda. Detr\u00e1s de ellos hay un pend\u00f3n institucional de la Polic\u00eda Nacional.\" width=\"539\" height=\"417\" srcset=\"https:\/\/www.fiscalia.gov.co\/colombia\/wp-content\/uploads\/Foto-4.-Los-Chinga.-Homicidio-y-otros-Tulua-Valle..jpg 539w, https:\/\/www.fiscalia.gov.co\/colombia\/wp-content\/uploads\/Foto-4.-Los-Chinga.-Homicidio-y-otros-Tulua-Valle.-300x232.jpg 300w\" sizes=\"auto, (max-width: 539px) 100vw, 539px\" \/><figcaption id=\"caption-attachment-262960\" class=\"wp-caption-text\">Presuntos integrantes de \u2018Los Chingas\u2019.<\/figcaption><\/figure>\n<p>Otro de los grupos impactados fue \u2018Los Lobos\u2019, quienes se dedicaban a cometer hurtos y asaltos sexuales en Tulu\u00e1 y San Pedro; produciendo m\u00e1s de 35 v\u00edctimas. \u201cEn este caso fueron judicializadas ocho personas, todas fueron cobijadas con medida de aseguramiento, lo que representa una efectividad del 100%\u201d, dijo\u00a0Diana Hern\u00e1ndez S\u00e1nchez.<u>\u00a0<\/u><\/p>\n<figure id=\"attachment_262957\" aria-describedby=\"caption-attachment-262957\" style=\"width: 1280px\" class=\"wp-caption aligncenter\"><img loading=\"lazy\" decoding=\"async\" class=\"size-full wp-image-262957\" src=\"https:\/\/www.fiscalia.gov.co\/colombia\/wp-content\/uploads\/Foto-1.-Los-Lobos.-Hurto-y-Asalto-Sexual.-Tulua-Valle..jpg\" alt=\"Aparecen los presuntos integrantes del grupo delictivo \u2018Los Lobos\u2019, de espalda. A lado y lado hay servidores del CTI de la Fiscal\u00eda, uniformados de la Polic\u00eda Nacional y del Ej\u00e9rcito. Delante de ellos hay una mesa con mantel blanco y sobre ella varios elementos como armas de fuego y otros. Detr\u00e1s de ellos hay dos pendones institucionales de la Fiscal\u00eda y del Ej\u00e9rcito.\" width=\"1280\" height=\"960\" srcset=\"https:\/\/www.fiscalia.gov.co\/colombia\/wp-content\/uploads\/Foto-1.-Los-Lobos.-Hurto-y-Asalto-Sexual.-Tulua-Valle..jpg 1280w, https:\/\/www.fiscalia.gov.co\/colombia\/wp-content\/uploads\/Foto-1.-Los-Lobos.-Hurto-y-Asalto-Sexual.-Tulua-Valle.-300x225.jpg 300w, https:\/\/www.fiscalia.gov.co\/colombia\/wp-content\/uploads\/Foto-1.-Los-Lobos.-Hurto-y-Asalto-Sexual.-Tulua-Valle.-1024x768.jpg 1024w, https:\/\/www.fiscalia.gov.co\/colombia\/wp-content\/uploads\/Foto-1.-Los-Lobos.-Hurto-y-Asalto-Sexual.-Tulua-Valle.-768x576.jpg 768w, https:\/\/www.fiscalia.gov.co\/colombia\/wp-content\/uploads\/Foto-1.-Los-Lobos.-Hurto-y-Asalto-Sexual.-Tulua-Valle.-696x522.jpg 696w, https:\/\/www.fiscalia.gov.co\/colombia\/wp-content\/uploads\/Foto-1.-Los-Lobos.-Hurto-y-Asalto-Sexual.-Tulua-Valle.-1068x801.jpg 1068w, https:\/\/www.fiscalia.gov.co\/colombia\/wp-content\/uploads\/Foto-1.-Los-Lobos.-Hurto-y-Asalto-Sexual.-Tulua-Valle.-560x420.jpg 560w, https:\/\/www.fiscalia.gov.co\/colombia\/wp-content\/uploads\/Foto-1.-Los-Lobos.-Hurto-y-Asalto-Sexual.-Tulua-Valle.-80x60.jpg 80w, https:\/\/www.fiscalia.gov.co\/colombia\/wp-content\/uploads\/Foto-1.-Los-Lobos.-Hurto-y-Asalto-Sexual.-Tulua-Valle.-265x198.jpg 265w\" sizes=\"auto, (max-width: 1280px) 100vw, 1280px\" \/><figcaption id=\"caption-attachment-262957\" class=\"wp-caption-text\">Presuntos integrantes del grupo delictivo \u2018Los Lobos\u2019, se\u00f1alando de la comisi\u00f3n de\u00a0 hurtos y asalto sexual, en Tulu\u00e1 (Valle).<\/figcaption><\/figure>\n<p>Para el 2023, la directora seccional continuar\u00e1 con la priorizaci\u00f3n de casos relacionados con homicidios; adem\u00e1s de impactar estructuras que afectan la seguridad ciudadana en Tulu\u00e1 y Buenaventura.<\/p>\n<p>Tambi\u00e9n ser\u00e1 prioridad la desarticulaci\u00f3n de estructuras dedicadas al homicidio y al tr\u00e1fico de estupefacientes en Ansermanuevo y su zona rural. Adem\u00e1s, se continuar\u00e1n las actividades operativas en San Jos\u00e9 del Palmar (Choc\u00f3) contra el grupo armado organizado residual (Gaor) Che Guevara del ELN.<\/p>\n<figure id=\"attachment_262961\" aria-describedby=\"caption-attachment-262961\" style=\"width: 1280px\" class=\"wp-caption aligncenter\"><img loading=\"lazy\" decoding=\"async\" class=\"size-full wp-image-262961\" src=\"https:\/\/www.fiscalia.gov.co\/colombia\/wp-content\/uploads\/Foto-5.-Los-Financieros.-Estupefacientes-y-otros.-Tulua-Valle..jpg\" alt=\"En la foto aparecen de pie y con la cabeza agachada, los presuntos\u00a0integrantes de \u2018Los Financieros\u2019. Al lado derecho de ellos, hay uniformados del CTI de la Fiscal\u00eda y de la Polic\u00eda. Al lado izquierdo de ellos hay dos uniformados de la Polic\u00eda. Detr\u00e1s de ellos hay un pend\u00f3n institucional de la Polic\u00eda Nacional.\" width=\"1280\" height=\"720\" srcset=\"https:\/\/www.fiscalia.gov.co\/colombia\/wp-content\/uploads\/Foto-5.-Los-Financieros.-Estupefacientes-y-otros.-Tulua-Valle..jpg 1280w, https:\/\/www.fiscalia.gov.co\/colombia\/wp-content\/uploads\/Foto-5.-Los-Financieros.-Estupefacientes-y-otros.-Tulua-Valle.-300x169.jpg 300w, https:\/\/www.fiscalia.gov.co\/colombia\/wp-content\/uploads\/Foto-5.-Los-Financieros.-Estupefacientes-y-otros.-Tulua-Valle.-1024x576.jpg 1024w, https:\/\/www.fiscalia.gov.co\/colombia\/wp-content\/uploads\/Foto-5.-Los-Financieros.-Estupefacientes-y-otros.-Tulua-Valle.-768x432.jpg 768w, https:\/\/www.fiscalia.gov.co\/colombia\/wp-content\/uploads\/Foto-5.-Los-Financieros.-Estupefacientes-y-otros.-Tulua-Valle.-696x392.jpg 696w, https:\/\/www.fiscalia.gov.co\/colombia\/wp-content\/uploads\/Foto-5.-Los-Financieros.-Estupefacientes-y-otros.-Tulua-Valle.-1068x601.jpg 1068w, https:\/\/www.fiscalia.gov.co\/colombia\/wp-content\/uploads\/Foto-5.-Los-Financieros.-Estupefacientes-y-otros.-Tulua-Valle.-747x420.jpg 747w\" sizes=\"auto, (max-width: 1280px) 100vw, 1280px\" \/><figcaption id=\"caption-attachment-262961\" class=\"wp-caption-text\">Presuntos integrantes de \u2018Los Financieros\u2019.<\/figcaption><\/figure>\n<p>Esos esfuerzos ir\u00e1n dirigidos adem\u00e1s a afectar las redes que con su actuar buscan permear el sector salud. Tambi\u00e9n se reforzar\u00e1n las acciones en el hurto mediante delitos inform\u00e1ticos e impactar estructuras contra el microtr\u00e1fico en el centro y norte del Valle del Cauca, especialmente en el municipio de Alcal\u00e1.<\/p>\n<p>Esta informaci\u00f3n se publica por razones de inter\u00e9s general.<\/p>\n<p>MAP\/MAGA\/DMHS\/DSVC<\/p>\n<p><strong>\u00a0<\/strong><\/p>\n<p><strong>En 2022 la Fiscal\u00eda habl\u00f3 con resultados.<\/strong><\/p>\n<p>&nbsp;<\/p>\n<p><em>La informaci\u00f3n contenida en este bolet\u00edn de prensa corresponde a la narraci\u00f3n de los hechos noticiosos objetivos, suministrados por los funcionarios encargados de adelantar las investigaciones penales al interior de la Fiscal\u00eda General de la Naci\u00f3n. Para el momento de la divulgaci\u00f3n de este comunicado, la situaci\u00f3n jur\u00eddica de la(s) persona(s) relacionada(s) se encuentra pendiente de resolver por la autoridad judicial competente, siempre bajo los preceptos de la presunci\u00f3n de inocencia, consagrados en el art\u00edculo 29 de la Constituci\u00f3n Pol\u00edtica y el art\u00edculo 7\u00ba de la Ley 906 de 2004<\/em><\/p>\n\n<div class=\"twitter-share\"><a href=\"https:\/\/twitter.com\/intent\/tweet?via=fiscaliacol\" class=\"twitter-share-button\">Tweet<\/a><\/div>\n","protected":false},"excerpt":{"rendered":"<p>Con un balance positivo y cifras r\u00e9cord, la Seccional Valle del Cauca de la Fiscal\u00eda General de la Naci\u00f3n cerr\u00f3 el 2022. Estas acciones fueron posibles gracias al trabajo liderado [&hellip;]<\/p>\n","protected":false},"author":175,"featured_media":0,"comment_status":"closed","ping_status":"open","sticky":false,"template":"","format":"video","meta":{"tdm_status":"","tdm_grid_status":"","footnotes":""},"categories":[1,324,24099],"tags":[30690,33550,24189,78,24187,33551,30691,33552,29437],"class_list":["post-262944","post","type-post","status-publish","format-video","category-noticias","category-seccional-cali","category-seguridad-territorial","tag-avance-de-esclarecimiento","tag-balance-2022","tag-fiscal-francisco-barbosa-delgado","tag-fiscal-general-de-la-nacion","tag-fiscalia-colombia","tag-microproyecto","tag-priorizados","tag-proyeccion-2023","tag-seccional-valle-del-cauca","post_format-post-format-video"],"yoast_head":"<!-- This site is optimized with the Yoast SEO plugin v24.3 - https:\/\/yoast.com\/wordpress\/plugins\/seo\/ -->\n<title>Fiscal\u00eda General de la Naci\u00f3n<\/title>\n<meta name=\"description\" content=\"P\u00e1gina oficial de la Fiscal\u00eda General de la Naci\u00f3n \u2013 Colombia. Garantizamos el acceso efectivo a la justicia, la verdad y la reparaci\u00f3n de las v\u00edctimas de los delitos.\" \/>\n<meta name=\"robots\" content=\"noindex, follow\" \/>\n<meta property=\"og:locale\" content=\"es_ES\" \/>\n<meta property=\"og:type\" content=\"article\" \/>\n<meta property=\"og:title\" content=\"Fiscal\u00eda General de la Naci\u00f3n\" \/>\n<meta property=\"og:description\" content=\"P\u00e1gina oficial de la Fiscal\u00eda General de la Naci\u00f3n \u2013 Colombia. Garantizamos el acceso efectivo a la justicia, la verdad y la reparaci\u00f3n de las v\u00edctimas de los delitos.\" \/>\n<meta property=\"og:url\" content=\"https:\/\/www.fiscalia.gov.co\/colombia\/noticias\/hemos-logrado-resultados-historicos-en-la-lucha-contra-la-violencia-contra-las-mujeres-y-triplicado-los-resueltos-positivos-en-el-norte-del-valle-y-buenaventura\/\" \/>\n<meta property=\"og:site_name\" content=\"Fiscal\u00eda General de la Naci\u00f3n\" \/>\n<meta property=\"article:publisher\" content=\"https:\/\/www.facebook.com\/FiscaliaCol\" \/>\n<meta property=\"article:published_time\" content=\"2022-12-15T15:45:12+00:00\" \/>\n<meta property=\"article:modified_time\" content=\"2022-12-22T14:57:25+00:00\" \/>\n<meta property=\"og:image\" content=\"https:\/\/www.fiscalia.gov.co\/colombia\/wp-content\/uploads\/Foto-3.-Jesus-Antonio-Rios-Castrillon.-Violencia-intrafamiliar.-Buga-Valle..jpg\" \/>\n<meta name=\"author\" content=\"Katherine Loaiza Mart\u00ednez\" \/>\n<meta name=\"twitter:card\" content=\"summary_large_image\" \/>\n<meta name=\"twitter:creator\" content=\"@FiscaliaCol\" \/>\n<meta name=\"twitter:site\" content=\"@FiscaliaCol\" \/>\n<meta name=\"twitter:label1\" content=\"Escrito por\" \/>\n\t<meta name=\"twitter:data1\" content=\"Katherine Loaiza Mart\u00ednez\" \/>\n\t<meta name=\"twitter:label2\" content=\"Tiempo de lectura\" \/>\n\t<meta name=\"twitter:data2\" content=\"4 minutos\" \/>\n<script type=\"application\/ld+json\" class=\"yoast-schema-graph\">{\"@context\":\"https:\/\/schema.org\",\"@graph\":[{\"@type\":\"Article\",\"@id\":\"https:\/\/www.fiscalia.gov.co\/colombia\/noticias\/hemos-logrado-resultados-historicos-en-la-lucha-contra-la-violencia-contra-las-mujeres-y-triplicado-los-resueltos-positivos-en-el-norte-del-valle-y-buenaventura\/#article\",\"isPartOf\":{\"@id\":\"https:\/\/www.fiscalia.gov.co\/colombia\/noticias\/hemos-logrado-resultados-historicos-en-la-lucha-contra-la-violencia-contra-las-mujeres-y-triplicado-los-resueltos-positivos-en-el-norte-del-valle-y-buenaventura\/\"},\"author\":{\"name\":\"Katherine Loaiza Mart\u00ednez\",\"@id\":\"https:\/\/www.fiscalia.gov.co\/colombia\/#\/schema\/person\/2e76b9aba5ecf875ed565ce4de0e0415\"},\"headline\":\"\u201cHemos logrado resultados hist\u00f3ricos en la lucha contra la violencia contra las mujeres y triplicado los resueltos positivos en el Norte del Valle y Buenaventura\u201d\u00a0\",\"datePublished\":\"2022-12-15T15:45:12+00:00\",\"dateModified\":\"2022-12-22T14:57:25+00:00\",\"mainEntityOfPage\":{\"@id\":\"https:\/\/www.fiscalia.gov.co\/colombia\/noticias\/hemos-logrado-resultados-historicos-en-la-lucha-contra-la-violencia-contra-las-mujeres-y-triplicado-los-resueltos-positivos-en-el-norte-del-valle-y-buenaventura\/\"},\"wordCount\":854,\"publisher\":{\"@id\":\"https:\/\/www.fiscalia.gov.co\/colombia\/#organization\"},\"image\":{\"@id\":\"https:\/\/www.fiscalia.gov.co\/colombia\/noticias\/hemos-logrado-resultados-historicos-en-la-lucha-contra-la-violencia-contra-las-mujeres-y-triplicado-los-resueltos-positivos-en-el-norte-del-valle-y-buenaventura\/#primaryimage\"},\"thumbnailUrl\":\"https:\/\/www.fiscalia.gov.co\/colombia\/wp-content\/uploads\/Foto-3.-Jesus-Antonio-Rios-Castrillon.-Violencia-intrafamiliar.-Buga-Valle..jpg\",\"keywords\":[\"avance de esclarecimiento\",\"balance 2022\",\"Fiscal Francisco Barbosa Delgado\",\"Fiscal General de la Naci\u00f3n\",\"Fiscal\u00eda Colombia\",\"microproyecto\",\"priorizados\",\"proyecci\u00f3n 2023\",\"Seccional Valle del Cauca\"],\"articleSection\":[\"Noticias\",\"Seccional Cali\",\"Seguridad territorial\"],\"inLanguage\":\"es-CO\"},{\"@type\":\"WebPage\",\"@id\":\"https:\/\/www.fiscalia.gov.co\/colombia\/noticias\/hemos-logrado-resultados-historicos-en-la-lucha-contra-la-violencia-contra-las-mujeres-y-triplicado-los-resueltos-positivos-en-el-norte-del-valle-y-buenaventura\/\",\"url\":\"https:\/\/www.fiscalia.gov.co\/colombia\/noticias\/hemos-logrado-resultados-historicos-en-la-lucha-contra-la-violencia-contra-las-mujeres-y-triplicado-los-resueltos-positivos-en-el-norte-del-valle-y-buenaventura\/\",\"name\":\"Fiscal\u00eda General de la Naci\u00f3n\",\"isPartOf\":{\"@id\":\"https:\/\/www.fiscalia.gov.co\/colombia\/#website\"},\"primaryImageOfPage\":{\"@id\":\"https:\/\/www.fiscalia.gov.co\/colombia\/noticias\/hemos-logrado-resultados-historicos-en-la-lucha-contra-la-violencia-contra-las-mujeres-y-triplicado-los-resueltos-positivos-en-el-norte-del-valle-y-buenaventura\/#primaryimage\"},\"image\":{\"@id\":\"https:\/\/www.fiscalia.gov.co\/colombia\/noticias\/hemos-logrado-resultados-historicos-en-la-lucha-contra-la-violencia-contra-las-mujeres-y-triplicado-los-resueltos-positivos-en-el-norte-del-valle-y-buenaventura\/#primaryimage\"},\"thumbnailUrl\":\"https:\/\/www.fiscalia.gov.co\/colombia\/wp-content\/uploads\/Foto-3.-Jesus-Antonio-Rios-Castrillon.-Violencia-intrafamiliar.-Buga-Valle..jpg\",\"datePublished\":\"2022-12-15T15:45:12+00:00\",\"dateModified\":\"2022-12-22T14:57:25+00:00\",\"description\":\"P\u00e1gina oficial de la Fiscal\u00eda General de la Naci\u00f3n \u2013 Colombia. Garantizamos el acceso efectivo a la justicia, la verdad y la reparaci\u00f3n de las v\u00edctimas de los delitos.\",\"breadcrumb\":{\"@id\":\"https:\/\/www.fiscalia.gov.co\/colombia\/noticias\/hemos-logrado-resultados-historicos-en-la-lucha-contra-la-violencia-contra-las-mujeres-y-triplicado-los-resueltos-positivos-en-el-norte-del-valle-y-buenaventura\/#breadcrumb\"},\"inLanguage\":\"es-CO\",\"potentialAction\":[{\"@type\":\"ReadAction\",\"target\":[\"https:\/\/www.fiscalia.gov.co\/colombia\/noticias\/hemos-logrado-resultados-historicos-en-la-lucha-contra-la-violencia-contra-las-mujeres-y-triplicado-los-resueltos-positivos-en-el-norte-del-valle-y-buenaventura\/\"]}]},{\"@type\":\"ImageObject\",\"inLanguage\":\"es-CO\",\"@id\":\"https:\/\/www.fiscalia.gov.co\/colombia\/noticias\/hemos-logrado-resultados-historicos-en-la-lucha-contra-la-violencia-contra-las-mujeres-y-triplicado-los-resueltos-positivos-en-el-norte-del-valle-y-buenaventura\/#primaryimage\",\"url\":\"https:\/\/www.fiscalia.gov.co\/colombia\/wp-content\/uploads\/Foto-3.-Jesus-Antonio-Rios-Castrillon.-Violencia-intrafamiliar.-Buga-Valle..jpg\",\"contentUrl\":\"https:\/\/www.fiscalia.gov.co\/colombia\/wp-content\/uploads\/Foto-3.-Jesus-Antonio-Rios-Castrillon.-Violencia-intrafamiliar.-Buga-Valle..jpg\",\"width\":1280,\"height\":1087,\"caption\":\"Jes\u00fas Antonio R\u00edos Castrill\u00f3n, judicializado como presunto responsable de maltratar f\u00edsica psicol\u00f3gicamente a su compa\u00f1era sentimental, en Buga (Valle).\"},{\"@type\":\"BreadcrumbList\",\"@id\":\"https:\/\/www.fiscalia.gov.co\/colombia\/noticias\/hemos-logrado-resultados-historicos-en-la-lucha-contra-la-violencia-contra-las-mujeres-y-triplicado-los-resueltos-positivos-en-el-norte-del-valle-y-buenaventura\/#breadcrumb\",\"itemListElement\":[{\"@type\":\"ListItem\",\"position\":1,\"name\":\"Home\",\"item\":\"https:\/\/www.fiscalia.gov.co\/colombia\/\"},{\"@type\":\"ListItem\",\"position\":2,\"name\":\"\u201cHemos logrado resultados hist\u00f3ricos en la lucha contra la violencia contra las mujeres y triplicado los resueltos positivos en el Norte del Valle y Buenaventura\u201d\u00a0\"}]},{\"@type\":\"WebSite\",\"@id\":\"https:\/\/www.fiscalia.gov.co\/colombia\/#website\",\"url\":\"https:\/\/www.fiscalia.gov.co\/colombia\/\",\"name\":\"Fiscal\u00eda General de la Naci\u00f3n\",\"description\":\"P\u00e1gina oficial de la Fiscal\u00eda General de la Naci\u00f3n \u2013 Colombia. Garantizamos el acceso efectivo a la justicia, la verdad y la reparaci\u00f3n de las v\u00edctimas de los delitos.\",\"publisher\":{\"@id\":\"https:\/\/www.fiscalia.gov.co\/colombia\/#organization\"},\"potentialAction\":[{\"@type\":\"SearchAction\",\"target\":{\"@type\":\"EntryPoint\",\"urlTemplate\":\"https:\/\/www.fiscalia.gov.co\/colombia\/?s={search_term_string}\"},\"query-input\":{\"@type\":\"PropertyValueSpecification\",\"valueRequired\":true,\"valueName\":\"search_term_string\"}}],\"inLanguage\":\"es-CO\"},{\"@type\":\"Organization\",\"@id\":\"https:\/\/www.fiscalia.gov.co\/colombia\/#organization\",\"name\":\"Fiscal\u00eda General de la Naci\u00f3n\",\"url\":\"https:\/\/www.fiscalia.gov.co\/colombia\/\",\"logo\":{\"@type\":\"ImageObject\",\"inLanguage\":\"es-CO\",\"@id\":\"https:\/\/www.fiscalia.gov.co\/colombia\/#\/schema\/logo\/image\/\",\"url\":\"https:\/\/www.fiscalia.gov.co\/colombia\/wp-content\/uploads\/LogoHorizontal_1.jpg\",\"contentUrl\":\"https:\/\/www.fiscalia.gov.co\/colombia\/wp-content\/uploads\/LogoHorizontal_1.jpg\",\"width\":300,\"height\":90,\"caption\":\"Fiscal\u00eda General de la Naci\u00f3n\"},\"image\":{\"@id\":\"https:\/\/www.fiscalia.gov.co\/colombia\/#\/schema\/logo\/image\/\"},\"sameAs\":[\"https:\/\/www.facebook.com\/FiscaliaCol\",\"https:\/\/x.com\/FiscaliaCol\",\"https:\/\/www.instagram.com\/fiscaliacol\",\"https:\/\/www.linkedin.com\/company\/fiscalia-general-de-la-naci-n\/\",\"https:\/\/youtube.com\/@fiscaliageneraldelanacion-4668?si=6nN79nyQICPU5iTh\"]},{\"@type\":\"Person\",\"@id\":\"https:\/\/www.fiscalia.gov.co\/colombia\/#\/schema\/person\/2e76b9aba5ecf875ed565ce4de0e0415\",\"name\":\"Katherine Loaiza Mart\u00ednez\",\"image\":{\"@type\":\"ImageObject\",\"inLanguage\":\"es-CO\",\"@id\":\"https:\/\/www.fiscalia.gov.co\/colombia\/#\/schema\/person\/image\/\",\"url\":\"https:\/\/secure.gravatar.com\/avatar\/ab775a2f394c1b83b6d6f78680e57b50?s=96&d=mm&r=g\",\"contentUrl\":\"https:\/\/secure.gravatar.com\/avatar\/ab775a2f394c1b83b6d6f78680e57b50?s=96&d=mm&r=g\",\"caption\":\"Katherine Loaiza Mart\u00ednez\"},\"url\":\"https:\/\/www.fiscalia.gov.co\/colombia\/author\/kloaiza\/\"}]}<\/script>\n<!-- \/ Yoast SEO plugin. -->","yoast_head_json":{"title":"Fiscal\u00eda General de la Naci\u00f3n","description":"P\u00e1gina oficial de la Fiscal\u00eda General de la Naci\u00f3n \u2013 Colombia. Garantizamos el acceso efectivo a la justicia, la verdad y la reparaci\u00f3n de las v\u00edctimas de los delitos.","robots":{"index":"noindex","follow":"follow"},"og_locale":"es_ES","og_type":"article","og_title":"Fiscal\u00eda General de la Naci\u00f3n","og_description":"P\u00e1gina oficial de la Fiscal\u00eda General de la Naci\u00f3n \u2013 Colombia. Garantizamos el acceso efectivo a la justicia, la verdad y la reparaci\u00f3n de las v\u00edctimas de los delitos.","og_url":"https:\/\/www.fiscalia.gov.co\/colombia\/noticias\/hemos-logrado-resultados-historicos-en-la-lucha-contra-la-violencia-contra-las-mujeres-y-triplicado-los-resueltos-positivos-en-el-norte-del-valle-y-buenaventura\/","og_site_name":"Fiscal\u00eda General de la Naci\u00f3n","article_publisher":"https:\/\/www.facebook.com\/FiscaliaCol","article_published_time":"2022-12-15T15:45:12+00:00","article_modified_time":"2022-12-22T14:57:25+00:00","og_image":[{"url":"https:\/\/www.fiscalia.gov.co\/colombia\/wp-content\/uploads\/Foto-3.-Jesus-Antonio-Rios-Castrillon.-Violencia-intrafamiliar.-Buga-Valle..jpg","type":"","width":"","height":""}],"author":"Katherine Loaiza Mart\u00ednez","twitter_card":"summary_large_image","twitter_creator":"@FiscaliaCol","twitter_site":"@FiscaliaCol","twitter_misc":{"Escrito por":"Katherine Loaiza Mart\u00ednez","Tiempo de lectura":"4 minutos"},"schema":{"@context":"https:\/\/schema.org","@graph":[{"@type":"Article","@id":"https:\/\/www.fiscalia.gov.co\/colombia\/noticias\/hemos-logrado-resultados-historicos-en-la-lucha-contra-la-violencia-contra-las-mujeres-y-triplicado-los-resueltos-positivos-en-el-norte-del-valle-y-buenaventura\/#article","isPartOf":{"@id":"https:\/\/www.fiscalia.gov.co\/colombia\/noticias\/hemos-logrado-resultados-historicos-en-la-lucha-contra-la-violencia-contra-las-mujeres-y-triplicado-los-resueltos-positivos-en-el-norte-del-valle-y-buenaventura\/"},"author":{"name":"Katherine Loaiza Mart\u00ednez","@id":"https:\/\/www.fiscalia.gov.co\/colombia\/#\/schema\/person\/2e76b9aba5ecf875ed565ce4de0e0415"},"headline":"\u201cHemos logrado resultados hist\u00f3ricos en la lucha contra la violencia contra las mujeres y triplicado los resueltos positivos en el Norte del Valle y Buenaventura\u201d\u00a0","datePublished":"2022-12-15T15:45:12+00:00","dateModified":"2022-12-22T14:57:25+00:00","mainEntityOfPage":{"@id":"https:\/\/www.fiscalia.gov.co\/colombia\/noticias\/hemos-logrado-resultados-historicos-en-la-lucha-contra-la-violencia-contra-las-mujeres-y-triplicado-los-resueltos-positivos-en-el-norte-del-valle-y-buenaventura\/"},"wordCount":854,"publisher":{"@id":"https:\/\/www.fiscalia.gov.co\/colombia\/#organization"},"image":{"@id":"https:\/\/www.fiscalia.gov.co\/colombia\/noticias\/hemos-logrado-resultados-historicos-en-la-lucha-contra-la-violencia-contra-las-mujeres-y-triplicado-los-resueltos-positivos-en-el-norte-del-valle-y-buenaventura\/#primaryimage"},"thumbnailUrl":"https:\/\/www.fiscalia.gov.co\/colombia\/wp-content\/uploads\/Foto-3.-Jesus-Antonio-Rios-Castrillon.-Violencia-intrafamiliar.-Buga-Valle..jpg","keywords":["avance de esclarecimiento","balance 2022","Fiscal Francisco Barbosa Delgado","Fiscal General de la Naci\u00f3n","Fiscal\u00eda Colombia","microproyecto","priorizados","proyecci\u00f3n 2023","Seccional Valle del Cauca"],"articleSection":["Noticias","Seccional Cali","Seguridad territorial"],"inLanguage":"es-CO"},{"@type":"WebPage","@id":"https:\/\/www.fiscalia.gov.co\/colombia\/noticias\/hemos-logrado-resultados-historicos-en-la-lucha-contra-la-violencia-contra-las-mujeres-y-triplicado-los-resueltos-positivos-en-el-norte-del-valle-y-buenaventura\/","url":"https:\/\/www.fiscalia.gov.co\/colombia\/noticias\/hemos-logrado-resultados-historicos-en-la-lucha-contra-la-violencia-contra-las-mujeres-y-triplicado-los-resueltos-positivos-en-el-norte-del-valle-y-buenaventura\/","name":"Fiscal\u00eda General de la Naci\u00f3n","isPartOf":{"@id":"https:\/\/www.fiscalia.gov.co\/colombia\/#website"},"primaryImageOfPage":{"@id":"https:\/\/www.fiscalia.gov.co\/colombia\/noticias\/hemos-logrado-resultados-historicos-en-la-lucha-contra-la-violencia-contra-las-mujeres-y-triplicado-los-resueltos-positivos-en-el-norte-del-valle-y-buenaventura\/#primaryimage"},"image":{"@id":"https:\/\/www.fiscalia.gov.co\/colombia\/noticias\/hemos-logrado-resultados-historicos-en-la-lucha-contra-la-violencia-contra-las-mujeres-y-triplicado-los-resueltos-positivos-en-el-norte-del-valle-y-buenaventura\/#primaryimage"},"thumbnailUrl":"https:\/\/www.fiscalia.gov.co\/colombia\/wp-content\/uploads\/Foto-3.-Jesus-Antonio-Rios-Castrillon.-Violencia-intrafamiliar.-Buga-Valle..jpg","datePublished":"2022-12-15T15:45:12+00:00","dateModified":"2022-12-22T14:57:25+00:00","description":"P\u00e1gina oficial de la Fiscal\u00eda General de la Naci\u00f3n \u2013 Colombia. Garantizamos el acceso efectivo a la justicia, la verdad y la reparaci\u00f3n de las v\u00edctimas de los delitos.","breadcrumb":{"@id":"https:\/\/www.fiscalia.gov.co\/colombia\/noticias\/hemos-logrado-resultados-historicos-en-la-lucha-contra-la-violencia-contra-las-mujeres-y-triplicado-los-resueltos-positivos-en-el-norte-del-valle-y-buenaventura\/#breadcrumb"},"inLanguage":"es-CO","potentialAction":[{"@type":"ReadAction","target":["https:\/\/www.fiscalia.gov.co\/colombia\/noticias\/hemos-logrado-resultados-historicos-en-la-lucha-contra-la-violencia-contra-las-mujeres-y-triplicado-los-resueltos-positivos-en-el-norte-del-valle-y-buenaventura\/"]}]},{"@type":"ImageObject","inLanguage":"es-CO","@id":"https:\/\/www.fiscalia.gov.co\/colombia\/noticias\/hemos-logrado-resultados-historicos-en-la-lucha-contra-la-violencia-contra-las-mujeres-y-triplicado-los-resueltos-positivos-en-el-norte-del-valle-y-buenaventura\/#primaryimage","url":"https:\/\/www.fiscalia.gov.co\/colombia\/wp-content\/uploads\/Foto-3.-Jesus-Antonio-Rios-Castrillon.-Violencia-intrafamiliar.-Buga-Valle..jpg","contentUrl":"https:\/\/www.fiscalia.gov.co\/colombia\/wp-content\/uploads\/Foto-3.-Jesus-Antonio-Rios-Castrillon.-Violencia-intrafamiliar.-Buga-Valle..jpg","width":1280,"height":1087,"caption":"Jes\u00fas Antonio R\u00edos Castrill\u00f3n, judicializado como presunto responsable de maltratar f\u00edsica psicol\u00f3gicamente a su compa\u00f1era sentimental, en Buga (Valle)."},{"@type":"BreadcrumbList","@id":"https:\/\/www.fiscalia.gov.co\/colombia\/noticias\/hemos-logrado-resultados-historicos-en-la-lucha-contra-la-violencia-contra-las-mujeres-y-triplicado-los-resueltos-positivos-en-el-norte-del-valle-y-buenaventura\/#breadcrumb","itemListElement":[{"@type":"ListItem","position":1,"name":"Home","item":"https:\/\/www.fiscalia.gov.co\/colombia\/"},{"@type":"ListItem","position":2,"name":"\u201cHemos logrado resultados hist\u00f3ricos en la lucha contra la violencia contra las mujeres y triplicado los resueltos positivos en el Norte del Valle y Buenaventura\u201d\u00a0"}]},{"@type":"WebSite","@id":"https:\/\/www.fiscalia.gov.co\/colombia\/#website","url":"https:\/\/www.fiscalia.gov.co\/colombia\/","name":"Fiscal\u00eda General de la Naci\u00f3n","description":"P\u00e1gina oficial de la Fiscal\u00eda General de la Naci\u00f3n \u2013 Colombia. Garantizamos el acceso efectivo a la justicia, la verdad y la reparaci\u00f3n de las v\u00edctimas de los delitos.","publisher":{"@id":"https:\/\/www.fiscalia.gov.co\/colombia\/#organization"},"potentialAction":[{"@type":"SearchAction","target":{"@type":"EntryPoint","urlTemplate":"https:\/\/www.fiscalia.gov.co\/colombia\/?s={search_term_string}"},"query-input":{"@type":"PropertyValueSpecification","valueRequired":true,"valueName":"search_term_string"}}],"inLanguage":"es-CO"},{"@type":"Organization","@id":"https:\/\/www.fiscalia.gov.co\/colombia\/#organization","name":"Fiscal\u00eda General de la Naci\u00f3n","url":"https:\/\/www.fiscalia.gov.co\/colombia\/","logo":{"@type":"ImageObject","inLanguage":"es-CO","@id":"https:\/\/www.fiscalia.gov.co\/colombia\/#\/schema\/logo\/image\/","url":"https:\/\/www.fiscalia.gov.co\/colombia\/wp-content\/uploads\/LogoHorizontal_1.jpg","contentUrl":"https:\/\/www.fiscalia.gov.co\/colombia\/wp-content\/uploads\/LogoHorizontal_1.jpg","width":300,"height":90,"caption":"Fiscal\u00eda General de la Naci\u00f3n"},"image":{"@id":"https:\/\/www.fiscalia.gov.co\/colombia\/#\/schema\/logo\/image\/"},"sameAs":["https:\/\/www.facebook.com\/FiscaliaCol","https:\/\/x.com\/FiscaliaCol","https:\/\/www.instagram.com\/fiscaliacol","https:\/\/www.linkedin.com\/company\/fiscalia-general-de-la-naci-n\/","https:\/\/youtube.com\/@fiscaliageneraldelanacion-4668?si=6nN79nyQICPU5iTh"]},{"@type":"Person","@id":"https:\/\/www.fiscalia.gov.co\/colombia\/#\/schema\/person\/2e76b9aba5ecf875ed565ce4de0e0415","name":"Katherine Loaiza Mart\u00ednez","image":{"@type":"ImageObject","inLanguage":"es-CO","@id":"https:\/\/www.fiscalia.gov.co\/colombia\/#\/schema\/person\/image\/","url":"https:\/\/secure.gravatar.com\/avatar\/ab775a2f394c1b83b6d6f78680e57b50?s=96&d=mm&r=g","contentUrl":"https:\/\/secure.gravatar.com\/avatar\/ab775a2f394c1b83b6d6f78680e57b50?s=96&d=mm&r=g","caption":"Katherine Loaiza Mart\u00ednez"},"url":"https:\/\/www.fiscalia.gov.co\/colombia\/author\/kloaiza\/"}]}},"_links":{"self":[{"href":"https:\/\/www.fiscalia.gov.co\/colombia\/wp-json\/wp\/v2\/posts\/262944","targetHints":{"allow":["GET"]}}],"collection":[{"href":"https:\/\/www.fiscalia.gov.co\/colombia\/wp-json\/wp\/v2\/posts"}],"about":[{"href":"https:\/\/www.fiscalia.gov.co\/colombia\/wp-json\/wp\/v2\/types\/post"}],"author":[{"embeddable":true,"href":"https:\/\/www.fiscalia.gov.co\/colombia\/wp-json\/wp\/v2\/users\/175"}],"replies":[{"embeddable":true,"href":"https:\/\/www.fiscalia.gov.co\/colombia\/wp-json\/wp\/v2\/comments?post=262944"}],"version-history":[{"count":2,"href":"https:\/\/www.fiscalia.gov.co\/colombia\/wp-json\/wp\/v2\/posts\/262944\/revisions"}],"predecessor-version":[{"id":262962,"href":"https:\/\/www.fiscalia.gov.co\/colombia\/wp-json\/wp\/v2\/posts\/262944\/revisions\/262962"}],"wp:attachment":[{"href":"https:\/\/www.fiscalia.gov.co\/colombia\/wp-json\/wp\/v2\/media?parent=262944"}],"wp:term":[{"taxonomy":"category","embeddable":true,"href":"https:\/\/www.fiscalia.gov.co\/colombia\/wp-json\/wp\/v2\/categories?post=262944"},{"taxonomy":"post_tag","embeddable":true,"href":"https:\/\/www.fiscalia.gov.co\/colombia\/wp-json\/wp\/v2\/tags?post=262944"}],"curies":[{"name":"wp","href":"https:\/\/api.w.org\/{rel}","templated":true}]}}