{"id":262933,"date":"2022-12-15T09:48:38","date_gmt":"2022-12-15T14:48:38","guid":{"rendered":"https:\/\/www.fiscalia.gov.co\/colombia\/?p=262933"},"modified":"2022-12-22T09:57:16","modified_gmt":"2022-12-22T14:57:16","slug":"fiscalia-en-narino-presento-resultados-positivos-contra-la-violencia-intrafamiliar-y-sexual-y-el-homicidio-durante-2022","status":"publish","type":"post","link":"https:\/\/www.fiscalia.gov.co\/colombia\/noticias\/fiscalia-en-narino-presento-resultados-positivos-contra-la-violencia-intrafamiliar-y-sexual-y-el-homicidio-durante-2022\/","title":{"rendered":"Fiscal\u00eda en Nari\u00f1o present\u00f3 resultados positivos contra la violencia intrafamiliar y sexual y el homicidio durante 2022"},"content":{"rendered":"<blockquote>\n<h4 style=\"text-align: left;\"><strong><em>Con la estrategia &#8216;En los barrios y los parques&#8217;, el ente investigador desmantel\u00f3 bandas dedicadas al hurto, el microtr\u00e0fico y la extorsi\u00f3n\u00a0<\/em><em>en Tumaco. La Seccional judicializ\u00f3 7 estructuras de las disidencias residuales Ur\u00edas Rond\u00f3n, Jaime Mart\u00ednez y Oliver Sinisterra\u00a0<\/em><\/strong><\/h4>\n<\/blockquote>\n<p><strong><em>\u00a0<\/em><\/strong><\/p>\n<p>La Fiscal\u00eda Seccional Nari\u00f1o prioriz\u00f3 los delitos que m\u00e1s impacto han producido entre los habitantes del departamento, logrando avances importantes en la investigaci\u00f3n y judicializaci\u00f3n de los casos de homicidios dolosos, la violencia intrafamiliar, el feminicidio, los delitos sexuales y el hurto, con la captura y judicializaci\u00f3n de los presuntos responsables.<\/p>\n<figure id=\"attachment_262940\" aria-describedby=\"caption-attachment-262940\" style=\"width: 1080px\" class=\"wp-caption aligncenter\"><img loading=\"lazy\" decoding=\"async\" class=\"size-full wp-image-262940\" src=\"https:\/\/www.fiscalia.gov.co\/colombia\/wp-content\/uploads\/Disidencia-residual-Urias-Rondon.jpg\" alt=\"En la fotograf\u00eda se observan a los 10 capturados junto a dos soldados del Ej\u00e9rcito Nacional. En la parte posterior se observa una mesa con armas de fuego, proveedores, munici\u00f3n y un morral\u00a0\" width=\"1080\" height=\"680\" srcset=\"https:\/\/www.fiscalia.gov.co\/colombia\/wp-content\/uploads\/Disidencia-residual-Urias-Rondon.jpg 1080w, https:\/\/www.fiscalia.gov.co\/colombia\/wp-content\/uploads\/Disidencia-residual-Urias-Rondon-300x189.jpg 300w, https:\/\/www.fiscalia.gov.co\/colombia\/wp-content\/uploads\/Disidencia-residual-Urias-Rondon-1024x645.jpg 1024w, https:\/\/www.fiscalia.gov.co\/colombia\/wp-content\/uploads\/Disidencia-residual-Urias-Rondon-768x484.jpg 768w, https:\/\/www.fiscalia.gov.co\/colombia\/wp-content\/uploads\/Disidencia-residual-Urias-Rondon-696x438.jpg 696w, https:\/\/www.fiscalia.gov.co\/colombia\/wp-content\/uploads\/Disidencia-residual-Urias-Rondon-1068x672.jpg 1068w, https:\/\/www.fiscalia.gov.co\/colombia\/wp-content\/uploads\/Disidencia-residual-Urias-Rondon-667x420.jpg 667w\" sizes=\"auto, (max-width: 1080px) 100vw, 1080px\" \/><figcaption id=\"caption-attachment-262940\" class=\"wp-caption-text\">Disidencia residual Ur\u00edas Rond\u00f3n.<\/figcaption><\/figure>\n<p>En materia de hurto violento la seccional registra un crecimiento en los casos resueltos del 29.53%.<\/p>\n<p>Con relaci\u00f3n al tema de feminicidio se tiene un avance de resultados del 90.9% en los 11 casos registrados durante el 2022, con la captura y judicializaci\u00f3n de los autores de estos cr\u00edmenes.<\/p>\n<figure id=\"attachment_262941\" aria-describedby=\"caption-attachment-262941\" style=\"width: 1080px\" class=\"wp-caption aligncenter\"><img loading=\"lazy\" decoding=\"async\" class=\"size-full wp-image-262941\" src=\"https:\/\/www.fiscalia.gov.co\/colombia\/wp-content\/uploads\/IMG-20221214-WA0096.jpg\" alt=\"En la fotograf\u00eda se observan a los 4 capturados junto a agentes de la Polic\u00eca Nacional. En la parte posterior se observa una mueble con dos armas de fuego y municiones.\u00a0\" width=\"1080\" height=\"741\" srcset=\"https:\/\/www.fiscalia.gov.co\/colombia\/wp-content\/uploads\/IMG-20221214-WA0096.jpg 1080w, https:\/\/www.fiscalia.gov.co\/colombia\/wp-content\/uploads\/IMG-20221214-WA0096-300x206.jpg 300w, https:\/\/www.fiscalia.gov.co\/colombia\/wp-content\/uploads\/IMG-20221214-WA0096-1024x703.jpg 1024w, https:\/\/www.fiscalia.gov.co\/colombia\/wp-content\/uploads\/IMG-20221214-WA0096-768x527.jpg 768w, https:\/\/www.fiscalia.gov.co\/colombia\/wp-content\/uploads\/IMG-20221214-WA0096-218x150.jpg 218w, https:\/\/www.fiscalia.gov.co\/colombia\/wp-content\/uploads\/IMG-20221214-WA0096-696x478.jpg 696w, https:\/\/www.fiscalia.gov.co\/colombia\/wp-content\/uploads\/IMG-20221214-WA0096-1068x733.jpg 1068w, https:\/\/www.fiscalia.gov.co\/colombia\/wp-content\/uploads\/IMG-20221214-WA0096-612x420.jpg 612w, https:\/\/www.fiscalia.gov.co\/colombia\/wp-content\/uploads\/IMG-20221214-WA0096-100x70.jpg 100w\" sizes=\"auto, (max-width: 1080px) 100vw, 1080px\" \/><figcaption id=\"caption-attachment-262941\" class=\"wp-caption-text\">Disidencia residual Segunda Marquetalia<\/figcaption><\/figure>\n<p>En cuanto a delitos sexuales, la Fiscal\u00eda Seccional logr\u00f3 aumentar el \u00edndice de resultados pasando del 27.57% en 2021 con 797 casos resueltos, al 50.38% con 665 casos finiquitados en 2022. Con 312 Pasto fue la ciudad con el mayor n\u00famero investigaciones y la poblaci\u00f3n de mujeres fue la m\u00e1s afectada con 636 casos, con una tasa del 52.17% en resultados, con la captura y judicializaci\u00f3n de presuntos responsables.<\/p>\n<p>Asimismo, en violencia intrafamiliar, se pas\u00f3 del 37.95% de 2021, con 2.201 denuncias, al 73.74% en avance de resultados en 2022, con 2.609 casos denunciados.<\/p>\n<p>Las mujeres son la poblaci\u00f3n m\u00e1s afectada por esta modalidad delictiva, con 2.225 denuncias y con la tasa de resultados del 73.5%.\u00a0\u00a0Es de resaltar que los municipios m\u00e1s afectados con esta problem\u00e1tica son Pasto (1.201 casos), Ipiales (160) y Tumaco (154).<\/p>\n<p>En cuanto a los homicidios dolosos se registra una tasa de avance en resultados\u00a0del 40,62%\u00a0\u00a0en 2022, con respecto al 33.33% del a\u00f1o anterior, en la zona urbana del departamento.<\/p>\n<p>Frente al 37.06% de avance en resultados del 2021, en los homicidios dolosos cometidos en el \u00e1rea rural, se tiene avances en los resultados durante 2022 del 47.89%.\u00a0\u00a0Cabe anotar que este delito tiene mayor incidencia en el sector rural que en el urbano.<\/p>\n<p>En los homicidios dolosos con enfoque diferencial, el sector de poblaci\u00f3n m\u00e1s afectado por este delito es el de mujeres en 2022, con 63 casos, cuyo avance en resultados es del 57.14%, seguido por los ind\u00edgenas con 57 homicidios, y un avance de resultados del 42.10%.<\/p>\n<p>En materia de hurtos violentos la Seccional registra un incremento negativo del 29.53%. Pues pas\u00f3 de 2.577\u00a0\u00a0casos en 2021 a 3.338 en 2022.\u00a0 El hurto de personas (1.245 personas), hurto de celulares (con 939 casos), motocicletas (237 casos) y establecimientos comerciales (102) son los hechos judiciales m\u00e1s denunciados.<\/p>\n<p>En el hurto violento con indiciado conocido se lograron resultados en 222 asuntos, de los cuales 151 registran avance, correspondiente al 68,01% y 143 esclarecidos, cifra correspondiente a 64,41%<\/p>\n<figure id=\"attachment_262938\" aria-describedby=\"caption-attachment-262938\" style=\"width: 1080px\" class=\"wp-caption aligncenter\"><img loading=\"lazy\" decoding=\"async\" class=\"size-full wp-image-262938\" src=\"https:\/\/www.fiscalia.gov.co\/colombia\/wp-content\/uploads\/Banda-los-Samurai..jpg\" alt=\"En la fotograf\u00eda se observan a los 6 capturados junto a dos agentes de la Polic\u00eda Nacional. En la parte posterior se observa una mesa con dinero, tel\u00e9fonos celulares, un televisor, chaquetas, bolsos, cascos y una patineta.\u00a0\" width=\"1080\" height=\"848\" srcset=\"https:\/\/www.fiscalia.gov.co\/colombia\/wp-content\/uploads\/Banda-los-Samurai..jpg 1080w, https:\/\/www.fiscalia.gov.co\/colombia\/wp-content\/uploads\/Banda-los-Samurai.-300x236.jpg 300w, https:\/\/www.fiscalia.gov.co\/colombia\/wp-content\/uploads\/Banda-los-Samurai.-1024x804.jpg 1024w, https:\/\/www.fiscalia.gov.co\/colombia\/wp-content\/uploads\/Banda-los-Samurai.-768x603.jpg 768w, https:\/\/www.fiscalia.gov.co\/colombia\/wp-content\/uploads\/Banda-los-Samurai.-696x546.jpg 696w, https:\/\/www.fiscalia.gov.co\/colombia\/wp-content\/uploads\/Banda-los-Samurai.-1068x839.jpg 1068w, https:\/\/www.fiscalia.gov.co\/colombia\/wp-content\/uploads\/Banda-los-Samurai.-535x420.jpg 535w\" sizes=\"auto, (max-width: 1080px) 100vw, 1080px\" \/><figcaption id=\"caption-attachment-262938\" class=\"wp-caption-text\">Hurto: banda Los Samur\u00e1is<\/figcaption><\/figure>\n<p>Mediante la estrategia &#8216;En los barrios y en los parques&#8217;, se ha logrado impactar a varias estructuras delictivas dedicadas al hurto como Los Tour, Los Cafeteros, Los Enanos, Dulces Sue\u00f1os, Los Samur\u00e1is, Los contadores. Y a la extorsi\u00f3n como El tren de Aragua y Las Pelite\u00f1idas, entre otras.<\/p>\n<figure id=\"attachment_262937\" aria-describedby=\"caption-attachment-262937\" style=\"width: 1080px\" class=\"wp-caption aligncenter\"><img loading=\"lazy\" decoding=\"async\" class=\"size-full wp-image-262937\" src=\"https:\/\/www.fiscalia.gov.co\/colombia\/wp-content\/uploads\/Los-tour-2.jpg\" alt=\"En la fotograf\u00eda se observan a los 6 capturados junto a dos agentes de la Polic\u00eda Nacional. En la parte posterior se observa una mesa con dinero, tel\u00e9fonos celulares, un televisor, chaquetas, bolsos, cascos y una patineta.\u00a0\" width=\"1080\" height=\"578\" srcset=\"https:\/\/www.fiscalia.gov.co\/colombia\/wp-content\/uploads\/Los-tour-2.jpg 1080w, https:\/\/www.fiscalia.gov.co\/colombia\/wp-content\/uploads\/Los-tour-2-300x161.jpg 300w, https:\/\/www.fiscalia.gov.co\/colombia\/wp-content\/uploads\/Los-tour-2-1024x548.jpg 1024w, https:\/\/www.fiscalia.gov.co\/colombia\/wp-content\/uploads\/Los-tour-2-768x411.jpg 768w, https:\/\/www.fiscalia.gov.co\/colombia\/wp-content\/uploads\/Los-tour-2-696x372.jpg 696w, https:\/\/www.fiscalia.gov.co\/colombia\/wp-content\/uploads\/Los-tour-2-1068x572.jpg 1068w, https:\/\/www.fiscalia.gov.co\/colombia\/wp-content\/uploads\/Los-tour-2-785x420.jpg 785w\" sizes=\"auto, (max-width: 1080px) 100vw, 1080px\" \/><figcaption id=\"caption-attachment-262937\" class=\"wp-caption-text\">Hurto: banda Los Tour<\/figcaption><\/figure>\n<p>Adicionalmente, se ha logrado el desmantelamiento de organizaciones\u00a0\u00a0delictivas dedicadas al microtr\u00e1fico, que ten\u00edan injerencia en 7 comunas:\u00a0Los Activ, Los del Rosario, Los Cafeteros y Los p\u00farpura.<\/p>\n<figure id=\"attachment_262936\" aria-describedby=\"caption-attachment-262936\" style=\"width: 1080px\" class=\"wp-caption aligncenter\"><img loading=\"lazy\" decoding=\"async\" class=\"size-full wp-image-262936\" src=\"https:\/\/www.fiscalia.gov.co\/colombia\/wp-content\/uploads\/LOS-ACTIVE.jpg\" alt=\"En la fotograf\u00eda se observan a 8 capturados junto a dos agentes de la Polic\u00eda Nacional. En la parte posterior se observa una mesa con estupefacientes, una gramera y bolsas para empacar drogas\u00a0\" width=\"1080\" height=\"716\" srcset=\"https:\/\/www.fiscalia.gov.co\/colombia\/wp-content\/uploads\/LOS-ACTIVE.jpg 1080w, https:\/\/www.fiscalia.gov.co\/colombia\/wp-content\/uploads\/LOS-ACTIVE-300x199.jpg 300w, https:\/\/www.fiscalia.gov.co\/colombia\/wp-content\/uploads\/LOS-ACTIVE-1024x679.jpg 1024w, https:\/\/www.fiscalia.gov.co\/colombia\/wp-content\/uploads\/LOS-ACTIVE-768x509.jpg 768w, https:\/\/www.fiscalia.gov.co\/colombia\/wp-content\/uploads\/LOS-ACTIVE-696x461.jpg 696w, https:\/\/www.fiscalia.gov.co\/colombia\/wp-content\/uploads\/LOS-ACTIVE-1068x708.jpg 1068w, https:\/\/www.fiscalia.gov.co\/colombia\/wp-content\/uploads\/LOS-ACTIVE-634x420.jpg 634w\" sizes=\"auto, (max-width: 1080px) 100vw, 1080px\" \/><figcaption id=\"caption-attachment-262936\" class=\"wp-caption-text\">Tr\u00e1fico de estupefacientes: banda Los Activ<\/figcaption><\/figure>\n<p>En el puerto de Tumaco, la Seccional Nari\u00f1o judicializ\u00f3 7 estructuras de las disidencias residuales Ur\u00edas Rond\u00f3n, Jaime Mart\u00ednez, Oliver Sinisterra y Segunda Marquetalia.<\/p>\n<figure id=\"attachment_262939\" aria-describedby=\"caption-attachment-262939\" style=\"width: 1080px\" class=\"wp-caption aligncenter\"><img loading=\"lazy\" decoding=\"async\" class=\"size-full wp-image-262939\" src=\"https:\/\/www.fiscalia.gov.co\/colombia\/wp-content\/uploads\/TREN-DE-ARAGUA.jpg\" alt=\"En la fotograf\u00eda se observan a los 2 capturados junto a dos agentes de la Polic\u00eda Nacional. En la parte posterior se observa una mesa con armas de fuego, proveedores, munici\u00f3n, explosivos, tel\u00e9fonos celulares y una motocicleta\u00a0\" width=\"1080\" height=\"434\" srcset=\"https:\/\/www.fiscalia.gov.co\/colombia\/wp-content\/uploads\/TREN-DE-ARAGUA.jpg 1080w, https:\/\/www.fiscalia.gov.co\/colombia\/wp-content\/uploads\/TREN-DE-ARAGUA-300x121.jpg 300w, https:\/\/www.fiscalia.gov.co\/colombia\/wp-content\/uploads\/TREN-DE-ARAGUA-1024x411.jpg 1024w, https:\/\/www.fiscalia.gov.co\/colombia\/wp-content\/uploads\/TREN-DE-ARAGUA-768x309.jpg 768w, https:\/\/www.fiscalia.gov.co\/colombia\/wp-content\/uploads\/TREN-DE-ARAGUA-696x280.jpg 696w, https:\/\/www.fiscalia.gov.co\/colombia\/wp-content\/uploads\/TREN-DE-ARAGUA-1068x429.jpg 1068w, https:\/\/www.fiscalia.gov.co\/colombia\/wp-content\/uploads\/TREN-DE-ARAGUA-1045x420.jpg 1045w\" sizes=\"auto, (max-width: 1080px) 100vw, 1080px\" \/><figcaption id=\"caption-attachment-262939\" class=\"wp-caption-text\">Extorsi\u00f3n: El tren de Aragua<\/figcaption><\/figure>\n<p>Esta informaci\u00f3n se publica por razones de inter\u00e9s general.<\/p>\n<p><strong>En el 2022, la Fiscal\u00eda habl\u00f3 con resultados\u00a0<\/strong><\/p>\n<p>JGP\/CFG\/LVB\/DSN<\/p>\n<p><em>La informaci\u00f3n contenida en este bolet\u00edn de prensa corresponde a la narraci\u00f3n de los hechos noticiosos objetivos, suministrados por los funcionarios encargados de adelantar las investigaciones penales al interior de la Fiscal\u00eda General de la Naci\u00f3n. Para el momento de la divulgaci\u00f3n de este comunicado, la situaci\u00f3n jur\u00eddica de la(s) persona(s) relacionada(s) se encuentra pendiente de resolver por la autoridad judicial competente, siempre bajo los preceptos de la presunci\u00f3n de inocencia, consagrados en el art\u00edculo 29 de la Constituci\u00f3n Pol\u00edtica y el art\u00edculo 7\u00ba de la Ley 906 de 2004<\/em><\/p>\n<p>&nbsp;<\/p>\n\n<div class=\"twitter-share\"><a href=\"https:\/\/twitter.com\/intent\/tweet?via=fiscaliacol\" class=\"twitter-share-button\">Tweet<\/a><\/div>\n","protected":false},"excerpt":{"rendered":"<p>Con la estrategia &#8216;En los barrios y los parques&#8217;, el ente investigador desmantel\u00f3 bandas dedicadas al hurto, el microtr\u00e0fico y la extorsi\u00f3n\u00a0en Tumaco. La Seccional judicializ\u00f3 7 estructuras de las [&hellip;]<\/p>\n","protected":false},"author":175,"featured_media":0,"comment_status":"closed","ping_status":"open","sticky":false,"template":"","format":"video","meta":{"tdm_status":"","tdm_grid_status":"","footnotes":""},"categories":[1,334,24099],"tags":[24189,24305],"class_list":["post-262933","post","type-post","status-publish","format-video","category-noticias","category-seccional-pasto","category-seguridad-territorial","tag-fiscal-francisco-barbosa-delgado","tag-fiscal-general-francisco-barbosa","post_format-post-format-video"],"yoast_head":"<!-- This site is optimized with the Yoast SEO plugin v24.3 - https:\/\/yoast.com\/wordpress\/plugins\/seo\/ -->\n<title>Fiscal\u00eda General de la Naci\u00f3n<\/title>\n<meta name=\"description\" content=\"P\u00e1gina oficial de la Fiscal\u00eda General de la Naci\u00f3n \u2013 Colombia. Garantizamos el acceso efectivo a la justicia, la verdad y la reparaci\u00f3n de las v\u00edctimas de los delitos.\" \/>\n<meta name=\"robots\" content=\"noindex, follow\" \/>\n<meta property=\"og:locale\" content=\"es_ES\" \/>\n<meta property=\"og:type\" content=\"article\" \/>\n<meta property=\"og:title\" content=\"Fiscal\u00eda General de la Naci\u00f3n\" \/>\n<meta property=\"og:description\" content=\"P\u00e1gina oficial de la Fiscal\u00eda General de la Naci\u00f3n \u2013 Colombia. Garantizamos el acceso efectivo a la justicia, la verdad y la reparaci\u00f3n de las v\u00edctimas de los delitos.\" \/>\n<meta property=\"og:url\" content=\"https:\/\/www.fiscalia.gov.co\/colombia\/noticias\/fiscalia-en-narino-presento-resultados-positivos-contra-la-violencia-intrafamiliar-y-sexual-y-el-homicidio-durante-2022\/\" \/>\n<meta property=\"og:site_name\" content=\"Fiscal\u00eda General de la Naci\u00f3n\" \/>\n<meta property=\"article:publisher\" content=\"https:\/\/www.facebook.com\/FiscaliaCol\" \/>\n<meta property=\"article:published_time\" content=\"2022-12-15T14:48:38+00:00\" \/>\n<meta property=\"article:modified_time\" content=\"2022-12-22T14:57:16+00:00\" \/>\n<meta property=\"og:image\" content=\"https:\/\/www.fiscalia.gov.co\/colombia\/wp-content\/uploads\/Disidencia-residual-Urias-Rondon.jpg\" \/>\n<meta name=\"author\" content=\"Katherine Loaiza Mart\u00ednez\" \/>\n<meta name=\"twitter:card\" content=\"summary_large_image\" \/>\n<meta name=\"twitter:creator\" content=\"@FiscaliaCol\" \/>\n<meta name=\"twitter:site\" content=\"@FiscaliaCol\" \/>\n<meta name=\"twitter:label1\" content=\"Escrito por\" \/>\n\t<meta name=\"twitter:data1\" content=\"Katherine Loaiza Mart\u00ednez\" \/>\n\t<meta name=\"twitter:label2\" content=\"Tiempo de lectura\" \/>\n\t<meta name=\"twitter:data2\" content=\"4 minutos\" \/>\n<script type=\"application\/ld+json\" class=\"yoast-schema-graph\">{\"@context\":\"https:\/\/schema.org\",\"@graph\":[{\"@type\":\"Article\",\"@id\":\"https:\/\/www.fiscalia.gov.co\/colombia\/noticias\/fiscalia-en-narino-presento-resultados-positivos-contra-la-violencia-intrafamiliar-y-sexual-y-el-homicidio-durante-2022\/#article\",\"isPartOf\":{\"@id\":\"https:\/\/www.fiscalia.gov.co\/colombia\/noticias\/fiscalia-en-narino-presento-resultados-positivos-contra-la-violencia-intrafamiliar-y-sexual-y-el-homicidio-durante-2022\/\"},\"author\":{\"name\":\"Katherine Loaiza Mart\u00ednez\",\"@id\":\"https:\/\/www.fiscalia.gov.co\/colombia\/#\/schema\/person\/2e76b9aba5ecf875ed565ce4de0e0415\"},\"headline\":\"Fiscal\u00eda en Nari\u00f1o present\u00f3 resultados positivos contra la violencia intrafamiliar y sexual y el homicidio durante 2022\",\"datePublished\":\"2022-12-15T14:48:38+00:00\",\"dateModified\":\"2022-12-22T14:57:16+00:00\",\"mainEntityOfPage\":{\"@id\":\"https:\/\/www.fiscalia.gov.co\/colombia\/noticias\/fiscalia-en-narino-presento-resultados-positivos-contra-la-violencia-intrafamiliar-y-sexual-y-el-homicidio-durante-2022\/\"},\"wordCount\":779,\"publisher\":{\"@id\":\"https:\/\/www.fiscalia.gov.co\/colombia\/#organization\"},\"image\":{\"@id\":\"https:\/\/www.fiscalia.gov.co\/colombia\/noticias\/fiscalia-en-narino-presento-resultados-positivos-contra-la-violencia-intrafamiliar-y-sexual-y-el-homicidio-durante-2022\/#primaryimage\"},\"thumbnailUrl\":\"https:\/\/www.fiscalia.gov.co\/colombia\/wp-content\/uploads\/Disidencia-residual-Urias-Rondon.jpg\",\"keywords\":[\"Fiscal Francisco Barbosa Delgado\",\"Fiscal General Francisco Barbosa\"],\"articleSection\":[\"Noticias\",\"Seccional Pasto\",\"Seguridad territorial\"],\"inLanguage\":\"es-CO\"},{\"@type\":\"WebPage\",\"@id\":\"https:\/\/www.fiscalia.gov.co\/colombia\/noticias\/fiscalia-en-narino-presento-resultados-positivos-contra-la-violencia-intrafamiliar-y-sexual-y-el-homicidio-durante-2022\/\",\"url\":\"https:\/\/www.fiscalia.gov.co\/colombia\/noticias\/fiscalia-en-narino-presento-resultados-positivos-contra-la-violencia-intrafamiliar-y-sexual-y-el-homicidio-durante-2022\/\",\"name\":\"Fiscal\u00eda General de la Naci\u00f3n\",\"isPartOf\":{\"@id\":\"https:\/\/www.fiscalia.gov.co\/colombia\/#website\"},\"primaryImageOfPage\":{\"@id\":\"https:\/\/www.fiscalia.gov.co\/colombia\/noticias\/fiscalia-en-narino-presento-resultados-positivos-contra-la-violencia-intrafamiliar-y-sexual-y-el-homicidio-durante-2022\/#primaryimage\"},\"image\":{\"@id\":\"https:\/\/www.fiscalia.gov.co\/colombia\/noticias\/fiscalia-en-narino-presento-resultados-positivos-contra-la-violencia-intrafamiliar-y-sexual-y-el-homicidio-durante-2022\/#primaryimage\"},\"thumbnailUrl\":\"https:\/\/www.fiscalia.gov.co\/colombia\/wp-content\/uploads\/Disidencia-residual-Urias-Rondon.jpg\",\"datePublished\":\"2022-12-15T14:48:38+00:00\",\"dateModified\":\"2022-12-22T14:57:16+00:00\",\"description\":\"P\u00e1gina oficial de la Fiscal\u00eda General de la Naci\u00f3n \u2013 Colombia. Garantizamos el acceso efectivo a la justicia, la verdad y la reparaci\u00f3n de las v\u00edctimas de los delitos.\",\"breadcrumb\":{\"@id\":\"https:\/\/www.fiscalia.gov.co\/colombia\/noticias\/fiscalia-en-narino-presento-resultados-positivos-contra-la-violencia-intrafamiliar-y-sexual-y-el-homicidio-durante-2022\/#breadcrumb\"},\"inLanguage\":\"es-CO\",\"potentialAction\":[{\"@type\":\"ReadAction\",\"target\":[\"https:\/\/www.fiscalia.gov.co\/colombia\/noticias\/fiscalia-en-narino-presento-resultados-positivos-contra-la-violencia-intrafamiliar-y-sexual-y-el-homicidio-durante-2022\/\"]}]},{\"@type\":\"ImageObject\",\"inLanguage\":\"es-CO\",\"@id\":\"https:\/\/www.fiscalia.gov.co\/colombia\/noticias\/fiscalia-en-narino-presento-resultados-positivos-contra-la-violencia-intrafamiliar-y-sexual-y-el-homicidio-durante-2022\/#primaryimage\",\"url\":\"https:\/\/www.fiscalia.gov.co\/colombia\/wp-content\/uploads\/Disidencia-residual-Urias-Rondon.jpg\",\"contentUrl\":\"https:\/\/www.fiscalia.gov.co\/colombia\/wp-content\/uploads\/Disidencia-residual-Urias-Rondon.jpg\",\"width\":1080,\"height\":680,\"caption\":\"Disidencia residual Ur\u00edas Rond\u00f3n.\"},{\"@type\":\"BreadcrumbList\",\"@id\":\"https:\/\/www.fiscalia.gov.co\/colombia\/noticias\/fiscalia-en-narino-presento-resultados-positivos-contra-la-violencia-intrafamiliar-y-sexual-y-el-homicidio-durante-2022\/#breadcrumb\",\"itemListElement\":[{\"@type\":\"ListItem\",\"position\":1,\"name\":\"Home\",\"item\":\"https:\/\/www.fiscalia.gov.co\/colombia\/\"},{\"@type\":\"ListItem\",\"position\":2,\"name\":\"Fiscal\u00eda en Nari\u00f1o present\u00f3 resultados positivos contra la violencia intrafamiliar y sexual y el homicidio durante 2022\"}]},{\"@type\":\"WebSite\",\"@id\":\"https:\/\/www.fiscalia.gov.co\/colombia\/#website\",\"url\":\"https:\/\/www.fiscalia.gov.co\/colombia\/\",\"name\":\"Fiscal\u00eda General de la Naci\u00f3n\",\"description\":\"P\u00e1gina oficial de la Fiscal\u00eda General de la Naci\u00f3n \u2013 Colombia. Garantizamos el acceso efectivo a la justicia, la verdad y la reparaci\u00f3n de las v\u00edctimas de los delitos.\",\"publisher\":{\"@id\":\"https:\/\/www.fiscalia.gov.co\/colombia\/#organization\"},\"potentialAction\":[{\"@type\":\"SearchAction\",\"target\":{\"@type\":\"EntryPoint\",\"urlTemplate\":\"https:\/\/www.fiscalia.gov.co\/colombia\/?s={search_term_string}\"},\"query-input\":{\"@type\":\"PropertyValueSpecification\",\"valueRequired\":true,\"valueName\":\"search_term_string\"}}],\"inLanguage\":\"es-CO\"},{\"@type\":\"Organization\",\"@id\":\"https:\/\/www.fiscalia.gov.co\/colombia\/#organization\",\"name\":\"Fiscal\u00eda General de la Naci\u00f3n\",\"url\":\"https:\/\/www.fiscalia.gov.co\/colombia\/\",\"logo\":{\"@type\":\"ImageObject\",\"inLanguage\":\"es-CO\",\"@id\":\"https:\/\/www.fiscalia.gov.co\/colombia\/#\/schema\/logo\/image\/\",\"url\":\"https:\/\/www.fiscalia.gov.co\/colombia\/wp-content\/uploads\/LogoHorizontal_1.jpg\",\"contentUrl\":\"https:\/\/www.fiscalia.gov.co\/colombia\/wp-content\/uploads\/LogoHorizontal_1.jpg\",\"width\":300,\"height\":90,\"caption\":\"Fiscal\u00eda General de la Naci\u00f3n\"},\"image\":{\"@id\":\"https:\/\/www.fiscalia.gov.co\/colombia\/#\/schema\/logo\/image\/\"},\"sameAs\":[\"https:\/\/www.facebook.com\/FiscaliaCol\",\"https:\/\/x.com\/FiscaliaCol\",\"https:\/\/www.instagram.com\/fiscaliacol\",\"https:\/\/www.linkedin.com\/company\/fiscalia-general-de-la-naci-n\/\",\"https:\/\/youtube.com\/@fiscaliageneraldelanacion-4668?si=6nN79nyQICPU5iTh\"]},{\"@type\":\"Person\",\"@id\":\"https:\/\/www.fiscalia.gov.co\/colombia\/#\/schema\/person\/2e76b9aba5ecf875ed565ce4de0e0415\",\"name\":\"Katherine Loaiza Mart\u00ednez\",\"image\":{\"@type\":\"ImageObject\",\"inLanguage\":\"es-CO\",\"@id\":\"https:\/\/www.fiscalia.gov.co\/colombia\/#\/schema\/person\/image\/\",\"url\":\"https:\/\/secure.gravatar.com\/avatar\/ab775a2f394c1b83b6d6f78680e57b50?s=96&d=mm&r=g\",\"contentUrl\":\"https:\/\/secure.gravatar.com\/avatar\/ab775a2f394c1b83b6d6f78680e57b50?s=96&d=mm&r=g\",\"caption\":\"Katherine Loaiza Mart\u00ednez\"},\"url\":\"https:\/\/www.fiscalia.gov.co\/colombia\/author\/kloaiza\/\"}]}<\/script>\n<!-- \/ Yoast SEO plugin. -->","yoast_head_json":{"title":"Fiscal\u00eda General de la Naci\u00f3n","description":"P\u00e1gina oficial de la Fiscal\u00eda General de la Naci\u00f3n \u2013 Colombia. Garantizamos el acceso efectivo a la justicia, la verdad y la reparaci\u00f3n de las v\u00edctimas de los delitos.","robots":{"index":"noindex","follow":"follow"},"og_locale":"es_ES","og_type":"article","og_title":"Fiscal\u00eda General de la Naci\u00f3n","og_description":"P\u00e1gina oficial de la Fiscal\u00eda General de la Naci\u00f3n \u2013 Colombia. Garantizamos el acceso efectivo a la justicia, la verdad y la reparaci\u00f3n de las v\u00edctimas de los delitos.","og_url":"https:\/\/www.fiscalia.gov.co\/colombia\/noticias\/fiscalia-en-narino-presento-resultados-positivos-contra-la-violencia-intrafamiliar-y-sexual-y-el-homicidio-durante-2022\/","og_site_name":"Fiscal\u00eda General de la Naci\u00f3n","article_publisher":"https:\/\/www.facebook.com\/FiscaliaCol","article_published_time":"2022-12-15T14:48:38+00:00","article_modified_time":"2022-12-22T14:57:16+00:00","og_image":[{"url":"https:\/\/www.fiscalia.gov.co\/colombia\/wp-content\/uploads\/Disidencia-residual-Urias-Rondon.jpg","type":"","width":"","height":""}],"author":"Katherine Loaiza Mart\u00ednez","twitter_card":"summary_large_image","twitter_creator":"@FiscaliaCol","twitter_site":"@FiscaliaCol","twitter_misc":{"Escrito por":"Katherine Loaiza Mart\u00ednez","Tiempo de lectura":"4 minutos"},"schema":{"@context":"https:\/\/schema.org","@graph":[{"@type":"Article","@id":"https:\/\/www.fiscalia.gov.co\/colombia\/noticias\/fiscalia-en-narino-presento-resultados-positivos-contra-la-violencia-intrafamiliar-y-sexual-y-el-homicidio-durante-2022\/#article","isPartOf":{"@id":"https:\/\/www.fiscalia.gov.co\/colombia\/noticias\/fiscalia-en-narino-presento-resultados-positivos-contra-la-violencia-intrafamiliar-y-sexual-y-el-homicidio-durante-2022\/"},"author":{"name":"Katherine Loaiza Mart\u00ednez","@id":"https:\/\/www.fiscalia.gov.co\/colombia\/#\/schema\/person\/2e76b9aba5ecf875ed565ce4de0e0415"},"headline":"Fiscal\u00eda en Nari\u00f1o present\u00f3 resultados positivos contra la violencia intrafamiliar y sexual y el homicidio durante 2022","datePublished":"2022-12-15T14:48:38+00:00","dateModified":"2022-12-22T14:57:16+00:00","mainEntityOfPage":{"@id":"https:\/\/www.fiscalia.gov.co\/colombia\/noticias\/fiscalia-en-narino-presento-resultados-positivos-contra-la-violencia-intrafamiliar-y-sexual-y-el-homicidio-durante-2022\/"},"wordCount":779,"publisher":{"@id":"https:\/\/www.fiscalia.gov.co\/colombia\/#organization"},"image":{"@id":"https:\/\/www.fiscalia.gov.co\/colombia\/noticias\/fiscalia-en-narino-presento-resultados-positivos-contra-la-violencia-intrafamiliar-y-sexual-y-el-homicidio-durante-2022\/#primaryimage"},"thumbnailUrl":"https:\/\/www.fiscalia.gov.co\/colombia\/wp-content\/uploads\/Disidencia-residual-Urias-Rondon.jpg","keywords":["Fiscal Francisco Barbosa Delgado","Fiscal General Francisco Barbosa"],"articleSection":["Noticias","Seccional Pasto","Seguridad territorial"],"inLanguage":"es-CO"},{"@type":"WebPage","@id":"https:\/\/www.fiscalia.gov.co\/colombia\/noticias\/fiscalia-en-narino-presento-resultados-positivos-contra-la-violencia-intrafamiliar-y-sexual-y-el-homicidio-durante-2022\/","url":"https:\/\/www.fiscalia.gov.co\/colombia\/noticias\/fiscalia-en-narino-presento-resultados-positivos-contra-la-violencia-intrafamiliar-y-sexual-y-el-homicidio-durante-2022\/","name":"Fiscal\u00eda General de la Naci\u00f3n","isPartOf":{"@id":"https:\/\/www.fiscalia.gov.co\/colombia\/#website"},"primaryImageOfPage":{"@id":"https:\/\/www.fiscalia.gov.co\/colombia\/noticias\/fiscalia-en-narino-presento-resultados-positivos-contra-la-violencia-intrafamiliar-y-sexual-y-el-homicidio-durante-2022\/#primaryimage"},"image":{"@id":"https:\/\/www.fiscalia.gov.co\/colombia\/noticias\/fiscalia-en-narino-presento-resultados-positivos-contra-la-violencia-intrafamiliar-y-sexual-y-el-homicidio-durante-2022\/#primaryimage"},"thumbnailUrl":"https:\/\/www.fiscalia.gov.co\/colombia\/wp-content\/uploads\/Disidencia-residual-Urias-Rondon.jpg","datePublished":"2022-12-15T14:48:38+00:00","dateModified":"2022-12-22T14:57:16+00:00","description":"P\u00e1gina oficial de la Fiscal\u00eda General de la Naci\u00f3n \u2013 Colombia. Garantizamos el acceso efectivo a la justicia, la verdad y la reparaci\u00f3n de las v\u00edctimas de los delitos.","breadcrumb":{"@id":"https:\/\/www.fiscalia.gov.co\/colombia\/noticias\/fiscalia-en-narino-presento-resultados-positivos-contra-la-violencia-intrafamiliar-y-sexual-y-el-homicidio-durante-2022\/#breadcrumb"},"inLanguage":"es-CO","potentialAction":[{"@type":"ReadAction","target":["https:\/\/www.fiscalia.gov.co\/colombia\/noticias\/fiscalia-en-narino-presento-resultados-positivos-contra-la-violencia-intrafamiliar-y-sexual-y-el-homicidio-durante-2022\/"]}]},{"@type":"ImageObject","inLanguage":"es-CO","@id":"https:\/\/www.fiscalia.gov.co\/colombia\/noticias\/fiscalia-en-narino-presento-resultados-positivos-contra-la-violencia-intrafamiliar-y-sexual-y-el-homicidio-durante-2022\/#primaryimage","url":"https:\/\/www.fiscalia.gov.co\/colombia\/wp-content\/uploads\/Disidencia-residual-Urias-Rondon.jpg","contentUrl":"https:\/\/www.fiscalia.gov.co\/colombia\/wp-content\/uploads\/Disidencia-residual-Urias-Rondon.jpg","width":1080,"height":680,"caption":"Disidencia residual Ur\u00edas Rond\u00f3n."},{"@type":"BreadcrumbList","@id":"https:\/\/www.fiscalia.gov.co\/colombia\/noticias\/fiscalia-en-narino-presento-resultados-positivos-contra-la-violencia-intrafamiliar-y-sexual-y-el-homicidio-durante-2022\/#breadcrumb","itemListElement":[{"@type":"ListItem","position":1,"name":"Home","item":"https:\/\/www.fiscalia.gov.co\/colombia\/"},{"@type":"ListItem","position":2,"name":"Fiscal\u00eda en Nari\u00f1o present\u00f3 resultados positivos contra la violencia intrafamiliar y sexual y el homicidio durante 2022"}]},{"@type":"WebSite","@id":"https:\/\/www.fiscalia.gov.co\/colombia\/#website","url":"https:\/\/www.fiscalia.gov.co\/colombia\/","name":"Fiscal\u00eda General de la Naci\u00f3n","description":"P\u00e1gina oficial de la Fiscal\u00eda General de la Naci\u00f3n \u2013 Colombia. Garantizamos el acceso efectivo a la justicia, la verdad y la reparaci\u00f3n de las v\u00edctimas de los delitos.","publisher":{"@id":"https:\/\/www.fiscalia.gov.co\/colombia\/#organization"},"potentialAction":[{"@type":"SearchAction","target":{"@type":"EntryPoint","urlTemplate":"https:\/\/www.fiscalia.gov.co\/colombia\/?s={search_term_string}"},"query-input":{"@type":"PropertyValueSpecification","valueRequired":true,"valueName":"search_term_string"}}],"inLanguage":"es-CO"},{"@type":"Organization","@id":"https:\/\/www.fiscalia.gov.co\/colombia\/#organization","name":"Fiscal\u00eda General de la Naci\u00f3n","url":"https:\/\/www.fiscalia.gov.co\/colombia\/","logo":{"@type":"ImageObject","inLanguage":"es-CO","@id":"https:\/\/www.fiscalia.gov.co\/colombia\/#\/schema\/logo\/image\/","url":"https:\/\/www.fiscalia.gov.co\/colombia\/wp-content\/uploads\/LogoHorizontal_1.jpg","contentUrl":"https:\/\/www.fiscalia.gov.co\/colombia\/wp-content\/uploads\/LogoHorizontal_1.jpg","width":300,"height":90,"caption":"Fiscal\u00eda General de la Naci\u00f3n"},"image":{"@id":"https:\/\/www.fiscalia.gov.co\/colombia\/#\/schema\/logo\/image\/"},"sameAs":["https:\/\/www.facebook.com\/FiscaliaCol","https:\/\/x.com\/FiscaliaCol","https:\/\/www.instagram.com\/fiscaliacol","https:\/\/www.linkedin.com\/company\/fiscalia-general-de-la-naci-n\/","https:\/\/youtube.com\/@fiscaliageneraldelanacion-4668?si=6nN79nyQICPU5iTh"]},{"@type":"Person","@id":"https:\/\/www.fiscalia.gov.co\/colombia\/#\/schema\/person\/2e76b9aba5ecf875ed565ce4de0e0415","name":"Katherine Loaiza Mart\u00ednez","image":{"@type":"ImageObject","inLanguage":"es-CO","@id":"https:\/\/www.fiscalia.gov.co\/colombia\/#\/schema\/person\/image\/","url":"https:\/\/secure.gravatar.com\/avatar\/ab775a2f394c1b83b6d6f78680e57b50?s=96&d=mm&r=g","contentUrl":"https:\/\/secure.gravatar.com\/avatar\/ab775a2f394c1b83b6d6f78680e57b50?s=96&d=mm&r=g","caption":"Katherine Loaiza Mart\u00ednez"},"url":"https:\/\/www.fiscalia.gov.co\/colombia\/author\/kloaiza\/"}]}},"_links":{"self":[{"href":"https:\/\/www.fiscalia.gov.co\/colombia\/wp-json\/wp\/v2\/posts\/262933","targetHints":{"allow":["GET"]}}],"collection":[{"href":"https:\/\/www.fiscalia.gov.co\/colombia\/wp-json\/wp\/v2\/posts"}],"about":[{"href":"https:\/\/www.fiscalia.gov.co\/colombia\/wp-json\/wp\/v2\/types\/post"}],"author":[{"embeddable":true,"href":"https:\/\/www.fiscalia.gov.co\/colombia\/wp-json\/wp\/v2\/users\/175"}],"replies":[{"embeddable":true,"href":"https:\/\/www.fiscalia.gov.co\/colombia\/wp-json\/wp\/v2\/comments?post=262933"}],"version-history":[{"count":3,"href":"https:\/\/www.fiscalia.gov.co\/colombia\/wp-json\/wp\/v2\/posts\/262933\/revisions"}],"predecessor-version":[{"id":263397,"href":"https:\/\/www.fiscalia.gov.co\/colombia\/wp-json\/wp\/v2\/posts\/262933\/revisions\/263397"}],"wp:attachment":[{"href":"https:\/\/www.fiscalia.gov.co\/colombia\/wp-json\/wp\/v2\/media?parent=262933"}],"wp:term":[{"taxonomy":"category","embeddable":true,"href":"https:\/\/www.fiscalia.gov.co\/colombia\/wp-json\/wp\/v2\/categories?post=262933"},{"taxonomy":"post_tag","embeddable":true,"href":"https:\/\/www.fiscalia.gov.co\/colombia\/wp-json\/wp\/v2\/tags?post=262933"}],"curies":[{"name":"wp","href":"https:\/\/api.w.org\/{rel}","templated":true}]}}