{"id":262909,"date":"2022-12-14T16:53:24","date_gmt":"2022-12-14T21:53:24","guid":{"rendered":"https:\/\/www.fiscalia.gov.co\/colombia\/?p=262909"},"modified":"2022-12-22T09:26:41","modified_gmt":"2022-12-22T14:26:41","slug":"la-fiscalia-en-santander-continuo-reportando-cifras-record-durante-2022-en-la-desarticulacion-de-bandas-criminales-y-en-la-resolucion-de-todos-los-casos-de-feminicidio","status":"publish","type":"post","link":"https:\/\/www.fiscalia.gov.co\/colombia\/noticias\/la-fiscalia-en-santander-continuo-reportando-cifras-record-durante-2022-en-la-desarticulacion-de-bandas-criminales-y-en-la-resolucion-de-todos-los-casos-de-feminicidio\/","title":{"rendered":"La Fiscal\u00eda en Santander continu\u00f3 reportando cifras r\u00e9cord durante 2022 en la desarticulaci\u00f3n de bandas criminales y en la resoluci\u00f3n de todos los casos de feminicidio"},"content":{"rendered":"<blockquote>\n<h4 style=\"text-align: left;\"><strong><em>Se capturaron 445 miembros de organizaciones dedicadas a la comercializaci\u00f3n de estupefacientes<\/em><em>, hurto, extorsi\u00f3n, homicidio y\u00a0tr\u00e1fico de migrantes.<\/em><\/strong><\/h4>\n<\/blockquote>\n<p>&nbsp;<\/p>\n<p>La Direcci\u00f3n Seccional de Fiscal\u00edas de Santander logr\u00f3 durante el 2022 la desarticulaci\u00f3n de 76 estructuras criminales que estaban afectando la seguridad ciudadana en diferentes municipios del departamento.<\/p>\n<p>En un trabajo articulado con el Cuerpo T\u00e9cnico de Investigaci\u00f3n, Polic\u00eda, Ej\u00e9rcito Nacional y autoridades municipales y departamentales se logr\u00f3 la captura de 468 miembros de estas bandas dedicadas al tr\u00e1fico de estupefacientes, hurto extorsi\u00f3n, homicidio y tr\u00e1fico de migrantes.<\/p>\n<figure id=\"attachment_262910\" aria-describedby=\"caption-attachment-262910\" style=\"width: 1024px\" class=\"wp-caption aligncenter\"><img loading=\"lazy\" decoding=\"async\" class=\"size-full wp-image-262910\" src=\"https:\/\/www.fiscalia.gov.co\/colombia\/wp-content\/uploads\/Director-Fiscalia-Santander.jpg\" alt=\"En la foto aparece el Director Seccional de Fiscal\u00edas realizando la presentaci\u00f3n del balance de gesti\u00f3n. \" width=\"1024\" height=\"768\" srcset=\"https:\/\/www.fiscalia.gov.co\/colombia\/wp-content\/uploads\/Director-Fiscalia-Santander.jpg 1024w, https:\/\/www.fiscalia.gov.co\/colombia\/wp-content\/uploads\/Director-Fiscalia-Santander-300x225.jpg 300w, https:\/\/www.fiscalia.gov.co\/colombia\/wp-content\/uploads\/Director-Fiscalia-Santander-768x576.jpg 768w, https:\/\/www.fiscalia.gov.co\/colombia\/wp-content\/uploads\/Director-Fiscalia-Santander-696x522.jpg 696w, https:\/\/www.fiscalia.gov.co\/colombia\/wp-content\/uploads\/Director-Fiscalia-Santander-560x420.jpg 560w, https:\/\/www.fiscalia.gov.co\/colombia\/wp-content\/uploads\/Director-Fiscalia-Santander-80x60.jpg 80w, https:\/\/www.fiscalia.gov.co\/colombia\/wp-content\/uploads\/Director-Fiscalia-Santander-265x198.jpg 265w\" sizes=\"auto, (max-width: 1024px) 100vw, 1024px\" \/><figcaption id=\"caption-attachment-262910\" class=\"wp-caption-text\">El Director Seccional de Fiscal\u00edas de Santander, Oliden Ria\u00f1o Acelas, present\u00f3\u00a0el balance de gesti\u00f3n del a\u00f1o 2022.<\/figcaption><\/figure>\n<p>Delinqu\u00edan en los municipios de Bucaramanga, Piedecuesta, Gir\u00f3n, Floridablanca, San Gil, Socorro y Barbosa, entre otros, afectando la seguridad, convivencia y bienestar de la comunidad en los territorios de esta jurisdicci\u00f3n.<\/p>\n<p>El amplio material probatorio obtenido contra cada uno de los judicializados, a trav\u00e9s de la aplicaci\u00f3n exitosa de las t\u00e9cnicas de investigaci\u00f3n, permiti\u00f3 la imputaci\u00f3n y la imposici\u00f3n de 387 medidas privativas de la libertad, con una efectividad del 83% en las medidas de aseguramiento.<\/p>\n<p>De acuerdo con esta cifra, semanalmente se desarticularon 1,5 bandas demostrando el compromiso de esta Seccional en la lucha contra las organizaciones criminales, entre las que se destacan: Los Paqueteros, San Mart\u00edn, Los Kalistenicos, Manipuladores, Los Next, Los Dif\u00edciles, Los Warner, Motoladrones, Comisionistas, Pegajosos, Los del Sur, Los del Caldas y Los Piratas, entre otros.<\/p>\n<p>Este a\u00f1o la Seccional Santander fue condecorada con la m\u00e1xima distinci\u00f3n que otorga el ente acusador por la investigaci\u00f3n que permiti\u00f3 la desarticulaci\u00f3n de la banda Los Coyotes, dedicada al tr\u00e1fico de migrantes, facilitando la entrada y salida por territorio colombiano de personas extranjeras, quienes ingresaban por trochas de pasos fronterizos con Ecuador y Venezuela y que ten\u00edan como destino a pa\u00edses de Sur y Centro Am\u00e9rica.<\/p>\n<p>Se logr\u00f3 una extinci\u00f3n de dominio superior a los 2.500 millones de pesos sobre los bienes pertenecientes a esta organizaci\u00f3n.<\/p>\n<p>Otra de las bandas impactadas fue la de Los Comisionistas, dedicada a la trata de personas e indicio a la prostituci\u00f3n. Sus principales v\u00edctimas eran mujeres de nacionalidad extranjera y menores de edad, siendo rescatadas 17 que estaban siendo explotadas sexualmente. En la desarticulaci\u00f3n de esta banda se realizaron 14 personas y se logr\u00f3 afectar su patrimonio econ\u00f3mico en 3 mil 900 millones de pesos a trav\u00e9s de la extinci\u00f3n de dominio.<\/p>\n<p><strong>Avances en la resoluci\u00f3n de otros delitos<\/strong><\/p>\n<p>La Seccional Santander logr\u00f3 un avance en la resoluci\u00f3n de otros delitos como el feminicidio, logrando resolver el 100% de los casos que se presentaron en el presente a\u00f1o.<\/p>\n<p>As\u00ed mismo, comprometidos con los delitos en donde las v\u00edctimas son las mujeres, se logr\u00f3 resolver en violencia sexual el 63% de los casos, y el 86% en los de violencia intrafamiliar.<\/p>\n<p>Igualmente, se judicializ\u00f3 a un grupo de actores delincuenciales dedicados a la estafa a trav\u00e9s de proyectos de vivienda de inter\u00e9s social que dej\u00f3 619 v\u00edctimas, recaudando de manera ilegal m\u00e1s 7.500 millones de pesos, La Fiscal\u00eda logr\u00f3 la captura y la imposici\u00f3n de medidas de aseguramiento en contra de sus integrantes, as\u00ed como la adopci\u00f3n de medidas de protecci\u00f3n en procura de salvaguardar el patrimonio de las v\u00edctimas.<\/p>\n<p><strong>Fiscal\u00eda en los territorios<\/strong><\/p>\n<p>En la aplicaci\u00f3n de la estrategia del Fiscal General de la Naci\u00f3n de hacer presencia en los territorios, se abrieron durante 2022 cinco Puntos de Atenci\u00f3n de la Fiscal\u00eda (PAF) en Barichara, Curit\u00ed, Aratoca, Zapatoca y Los Santos, creados como un modelo de gesti\u00f3n y atenci\u00f3n para la ciudadan\u00eda en respuesta a la necesidad de ampliar los mecanismos de contacto en los lugares donde no existe presencia f\u00edsica del ente acusador.<\/p>\n<p>As\u00ed mismo, se habilit\u00f3 el primer Centro de Justicia Restaurativa en convenio con la Universidad de San Gil, a donde los ciudadanos pueden acudir la soluci\u00f3n del conflictos por fuera del \u00e1mbito penal.<\/p>\n<p>Estos resultados hacen parte del compromiso de la Fiscal\u00eda con los santandereanos de cara a la judicializaci\u00f3n de quienes atenten contra la seguridad y convivencia en el departamento.<\/p>\n<p><strong>La Fiscal\u00eda habl\u00f3 con resultados en el 2022<\/strong><\/p>\n<p>&nbsp;<\/p>\n<p>DRA\/CFG\/ORA.<\/p>\n<p>&nbsp;<\/p>\n<div class=\"td-post-content tagdiv-type\">\n<p><em>La informaci\u00f3n contenida en este bolet\u00edn de prensa corresponde a la narraci\u00f3n de los hechos noticiosos objetivos, suministrados por los funcionarios encargados de adelantar las investigaciones penales al interior de la Fiscal\u00eda General de la Naci\u00f3n. Para el momento de la divulgaci\u00f3n de este comunicado, la situaci\u00f3n jur\u00eddica de la(s) persona(s) relacionada(s) se encuentra pendiente de resolver por la autoridad judicial competente, siempre bajo los preceptos de la presunci\u00f3n de inocencia, consagrados en el art\u00edculo 29 de la Constituci\u00f3n Pol\u00edtica y el art\u00edculo 7\u00ba de la Ley 906 de 2004\u00a0<\/em><\/p>\n<\/div>\n\n<div class=\"twitter-share\"><a href=\"https:\/\/twitter.com\/intent\/tweet?via=fiscaliacol\" class=\"twitter-share-button\">Tweet<\/a><\/div>\n","protected":false},"excerpt":{"rendered":"<p>Se capturaron 445 miembros de organizaciones dedicadas a la comercializaci\u00f3n de estupefacientes, hurto, extorsi\u00f3n, homicidio y\u00a0tr\u00e1fico de migrantes. &nbsp; La Direcci\u00f3n Seccional de Fiscal\u00edas de Santander logr\u00f3 durante el 2022 la desarticulaci\u00f3n de 76 estructuras criminales que estaban afectando la seguridad ciudadana en diferentes municipios del departamento. En un trabajo articulado con el Cuerpo T\u00e9cnico [&hellip;]<\/p>\n","protected":false},"author":175,"featured_media":0,"comment_status":"closed","ping_status":"open","sticky":false,"template":"","format":"video","meta":{"tdm_status":"","tdm_grid_status":"","footnotes":""},"categories":[1,322,24099],"tags":[24189,24305],"class_list":{"0":"post-262909","1":"post","2":"type-post","3":"status-publish","4":"format-video","6":"category-noticias","7":"category-seccional-bucaramanga","8":"category-seguridad-territorial","9":"tag-fiscal-francisco-barbosa-delgado","10":"tag-fiscal-general-francisco-barbosa","11":"post_format-post-format-video"},"yoast_head":"<!-- This site is optimized with the Yoast SEO plugin v24.3 - https:\/\/yoast.com\/wordpress\/plugins\/seo\/ -->\n<title>Fiscal\u00eda General de la Naci\u00f3n<\/title>\n<meta name=\"description\" content=\"P\u00e1gina oficial de la Fiscal\u00eda General de la Naci\u00f3n \u2013 Colombia. Garantizamos el acceso efectivo a la justicia, la verdad y la reparaci\u00f3n de las v\u00edctimas de los delitos.\" \/>\n<meta name=\"robots\" content=\"noindex, follow\" \/>\n<meta property=\"og:locale\" content=\"es_ES\" \/>\n<meta property=\"og:type\" content=\"article\" \/>\n<meta property=\"og:title\" content=\"Fiscal\u00eda General de la Naci\u00f3n\" \/>\n<meta property=\"og:description\" content=\"P\u00e1gina oficial de la Fiscal\u00eda General de la Naci\u00f3n \u2013 Colombia. Garantizamos el acceso efectivo a la justicia, la verdad y la reparaci\u00f3n de las v\u00edctimas de los delitos.\" \/>\n<meta property=\"og:url\" content=\"https:\/\/www.fiscalia.gov.co\/colombia\/noticias\/la-fiscalia-en-santander-continuo-reportando-cifras-record-durante-2022-en-la-desarticulacion-de-bandas-criminales-y-en-la-resolucion-de-todos-los-casos-de-feminicidio\/\" \/>\n<meta property=\"og:site_name\" content=\"Fiscal\u00eda General de la Naci\u00f3n\" \/>\n<meta property=\"article:publisher\" content=\"https:\/\/www.facebook.com\/FiscaliaCol\" \/>\n<meta property=\"article:published_time\" content=\"2022-12-14T21:53:24+00:00\" \/>\n<meta property=\"article:modified_time\" content=\"2022-12-22T14:26:41+00:00\" \/>\n<meta property=\"og:image\" content=\"https:\/\/www.fiscalia.gov.co\/colombia\/wp-content\/uploads\/Director-Fiscalia-Santander.jpg\" \/>\n<meta name=\"author\" content=\"Katherine Loaiza Mart\u00ednez\" \/>\n<meta name=\"twitter:card\" content=\"summary_large_image\" \/>\n<meta name=\"twitter:creator\" content=\"@FiscaliaCol\" \/>\n<meta name=\"twitter:site\" content=\"@FiscaliaCol\" \/>\n<meta name=\"twitter:label1\" content=\"Escrito por\" \/>\n\t<meta name=\"twitter:data1\" content=\"Katherine Loaiza Mart\u00ednez\" \/>\n\t<meta name=\"twitter:label2\" content=\"Tiempo de lectura\" \/>\n\t<meta name=\"twitter:data2\" content=\"4 minutos\" \/>\n<script type=\"application\/ld+json\" class=\"yoast-schema-graph\">{\"@context\":\"https:\/\/schema.org\",\"@graph\":[{\"@type\":\"Article\",\"@id\":\"https:\/\/www.fiscalia.gov.co\/colombia\/noticias\/la-fiscalia-en-santander-continuo-reportando-cifras-record-durante-2022-en-la-desarticulacion-de-bandas-criminales-y-en-la-resolucion-de-todos-los-casos-de-feminicidio\/#article\",\"isPartOf\":{\"@id\":\"https:\/\/www.fiscalia.gov.co\/colombia\/noticias\/la-fiscalia-en-santander-continuo-reportando-cifras-record-durante-2022-en-la-desarticulacion-de-bandas-criminales-y-en-la-resolucion-de-todos-los-casos-de-feminicidio\/\"},\"author\":{\"name\":\"Katherine Loaiza Mart\u00ednez\",\"@id\":\"https:\/\/www.fiscalia.gov.co\/colombia\/#\/schema\/person\/2e76b9aba5ecf875ed565ce4de0e0415\"},\"headline\":\"La Fiscal\u00eda en Santander continu\u00f3 reportando cifras r\u00e9cord durante 2022 en la desarticulaci\u00f3n de bandas criminales y en la resoluci\u00f3n de todos los casos de feminicidio\",\"datePublished\":\"2022-12-14T21:53:24+00:00\",\"dateModified\":\"2022-12-22T14:26:41+00:00\",\"mainEntityOfPage\":{\"@id\":\"https:\/\/www.fiscalia.gov.co\/colombia\/noticias\/la-fiscalia-en-santander-continuo-reportando-cifras-record-durante-2022-en-la-desarticulacion-de-bandas-criminales-y-en-la-resolucion-de-todos-los-casos-de-feminicidio\/\"},\"wordCount\":871,\"publisher\":{\"@id\":\"https:\/\/www.fiscalia.gov.co\/colombia\/#organization\"},\"image\":{\"@id\":\"https:\/\/www.fiscalia.gov.co\/colombia\/noticias\/la-fiscalia-en-santander-continuo-reportando-cifras-record-durante-2022-en-la-desarticulacion-de-bandas-criminales-y-en-la-resolucion-de-todos-los-casos-de-feminicidio\/#primaryimage\"},\"thumbnailUrl\":\"https:\/\/www.fiscalia.gov.co\/colombia\/wp-content\/uploads\/Director-Fiscalia-Santander.jpg\",\"keywords\":[\"Fiscal Francisco Barbosa Delgado\",\"Fiscal General Francisco Barbosa\"],\"articleSection\":[\"Noticias\",\"Seccional Bucaramanga\",\"Seguridad territorial\"],\"inLanguage\":\"es-CO\"},{\"@type\":\"WebPage\",\"@id\":\"https:\/\/www.fiscalia.gov.co\/colombia\/noticias\/la-fiscalia-en-santander-continuo-reportando-cifras-record-durante-2022-en-la-desarticulacion-de-bandas-criminales-y-en-la-resolucion-de-todos-los-casos-de-feminicidio\/\",\"url\":\"https:\/\/www.fiscalia.gov.co\/colombia\/noticias\/la-fiscalia-en-santander-continuo-reportando-cifras-record-durante-2022-en-la-desarticulacion-de-bandas-criminales-y-en-la-resolucion-de-todos-los-casos-de-feminicidio\/\",\"name\":\"Fiscal\u00eda General de la Naci\u00f3n\",\"isPartOf\":{\"@id\":\"https:\/\/www.fiscalia.gov.co\/colombia\/#website\"},\"primaryImageOfPage\":{\"@id\":\"https:\/\/www.fiscalia.gov.co\/colombia\/noticias\/la-fiscalia-en-santander-continuo-reportando-cifras-record-durante-2022-en-la-desarticulacion-de-bandas-criminales-y-en-la-resolucion-de-todos-los-casos-de-feminicidio\/#primaryimage\"},\"image\":{\"@id\":\"https:\/\/www.fiscalia.gov.co\/colombia\/noticias\/la-fiscalia-en-santander-continuo-reportando-cifras-record-durante-2022-en-la-desarticulacion-de-bandas-criminales-y-en-la-resolucion-de-todos-los-casos-de-feminicidio\/#primaryimage\"},\"thumbnailUrl\":\"https:\/\/www.fiscalia.gov.co\/colombia\/wp-content\/uploads\/Director-Fiscalia-Santander.jpg\",\"datePublished\":\"2022-12-14T21:53:24+00:00\",\"dateModified\":\"2022-12-22T14:26:41+00:00\",\"description\":\"P\u00e1gina oficial de la Fiscal\u00eda General de la Naci\u00f3n \u2013 Colombia. Garantizamos el acceso efectivo a la justicia, la verdad y la reparaci\u00f3n de las v\u00edctimas de los delitos.\",\"breadcrumb\":{\"@id\":\"https:\/\/www.fiscalia.gov.co\/colombia\/noticias\/la-fiscalia-en-santander-continuo-reportando-cifras-record-durante-2022-en-la-desarticulacion-de-bandas-criminales-y-en-la-resolucion-de-todos-los-casos-de-feminicidio\/#breadcrumb\"},\"inLanguage\":\"es-CO\",\"potentialAction\":[{\"@type\":\"ReadAction\",\"target\":[\"https:\/\/www.fiscalia.gov.co\/colombia\/noticias\/la-fiscalia-en-santander-continuo-reportando-cifras-record-durante-2022-en-la-desarticulacion-de-bandas-criminales-y-en-la-resolucion-de-todos-los-casos-de-feminicidio\/\"]}]},{\"@type\":\"ImageObject\",\"inLanguage\":\"es-CO\",\"@id\":\"https:\/\/www.fiscalia.gov.co\/colombia\/noticias\/la-fiscalia-en-santander-continuo-reportando-cifras-record-durante-2022-en-la-desarticulacion-de-bandas-criminales-y-en-la-resolucion-de-todos-los-casos-de-feminicidio\/#primaryimage\",\"url\":\"https:\/\/www.fiscalia.gov.co\/colombia\/wp-content\/uploads\/Director-Fiscalia-Santander.jpg\",\"contentUrl\":\"https:\/\/www.fiscalia.gov.co\/colombia\/wp-content\/uploads\/Director-Fiscalia-Santander.jpg\",\"width\":1024,\"height\":768,\"caption\":\"El Director Seccional de Fiscal\u00edas de Santander, Oliden Ria\u00f1o Acelas, present\u00f3\u00a0el balance de gesti\u00f3n del a\u00f1o 2022.\u00a0\"},{\"@type\":\"BreadcrumbList\",\"@id\":\"https:\/\/www.fiscalia.gov.co\/colombia\/noticias\/la-fiscalia-en-santander-continuo-reportando-cifras-record-durante-2022-en-la-desarticulacion-de-bandas-criminales-y-en-la-resolucion-de-todos-los-casos-de-feminicidio\/#breadcrumb\",\"itemListElement\":[{\"@type\":\"ListItem\",\"position\":1,\"name\":\"Home\",\"item\":\"https:\/\/www.fiscalia.gov.co\/colombia\/\"},{\"@type\":\"ListItem\",\"position\":2,\"name\":\"La Fiscal\u00eda en Santander continu\u00f3 reportando cifras r\u00e9cord durante 2022 en la desarticulaci\u00f3n de bandas criminales y en la resoluci\u00f3n de todos los casos de feminicidio\"}]},{\"@type\":\"WebSite\",\"@id\":\"https:\/\/www.fiscalia.gov.co\/colombia\/#website\",\"url\":\"https:\/\/www.fiscalia.gov.co\/colombia\/\",\"name\":\"Fiscal\u00eda General de la Naci\u00f3n\",\"description\":\"P\u00e1gina oficial de la Fiscal\u00eda General de la Naci\u00f3n \u2013 Colombia. Garantizamos el acceso efectivo a la justicia, la verdad y la reparaci\u00f3n de las v\u00edctimas de los delitos.\",\"publisher\":{\"@id\":\"https:\/\/www.fiscalia.gov.co\/colombia\/#organization\"},\"potentialAction\":[{\"@type\":\"SearchAction\",\"target\":{\"@type\":\"EntryPoint\",\"urlTemplate\":\"https:\/\/www.fiscalia.gov.co\/colombia\/?s={search_term_string}\"},\"query-input\":{\"@type\":\"PropertyValueSpecification\",\"valueRequired\":true,\"valueName\":\"search_term_string\"}}],\"inLanguage\":\"es-CO\"},{\"@type\":\"Organization\",\"@id\":\"https:\/\/www.fiscalia.gov.co\/colombia\/#organization\",\"name\":\"Fiscal\u00eda General de la Naci\u00f3n\",\"url\":\"https:\/\/www.fiscalia.gov.co\/colombia\/\",\"logo\":{\"@type\":\"ImageObject\",\"inLanguage\":\"es-CO\",\"@id\":\"https:\/\/www.fiscalia.gov.co\/colombia\/#\/schema\/logo\/image\/\",\"url\":\"https:\/\/www.fiscalia.gov.co\/colombia\/wp-content\/uploads\/LogoHorizontal_1.jpg\",\"contentUrl\":\"https:\/\/www.fiscalia.gov.co\/colombia\/wp-content\/uploads\/LogoHorizontal_1.jpg\",\"width\":300,\"height\":90,\"caption\":\"Fiscal\u00eda General de la Naci\u00f3n\"},\"image\":{\"@id\":\"https:\/\/www.fiscalia.gov.co\/colombia\/#\/schema\/logo\/image\/\"},\"sameAs\":[\"https:\/\/www.facebook.com\/FiscaliaCol\",\"https:\/\/x.com\/FiscaliaCol\",\"https:\/\/www.instagram.com\/fiscaliacol\",\"https:\/\/www.linkedin.com\/company\/fiscalia-general-de-la-naci-n\/\",\"https:\/\/youtube.com\/@fiscaliageneraldelanacion-4668?si=6nN79nyQICPU5iTh\"]},{\"@type\":\"Person\",\"@id\":\"https:\/\/www.fiscalia.gov.co\/colombia\/#\/schema\/person\/2e76b9aba5ecf875ed565ce4de0e0415\",\"name\":\"Katherine Loaiza Mart\u00ednez\",\"image\":{\"@type\":\"ImageObject\",\"inLanguage\":\"es-CO\",\"@id\":\"https:\/\/www.fiscalia.gov.co\/colombia\/#\/schema\/person\/image\/\",\"url\":\"https:\/\/secure.gravatar.com\/avatar\/ab775a2f394c1b83b6d6f78680e57b50?s=96&d=mm&r=g\",\"contentUrl\":\"https:\/\/secure.gravatar.com\/avatar\/ab775a2f394c1b83b6d6f78680e57b50?s=96&d=mm&r=g\",\"caption\":\"Katherine Loaiza Mart\u00ednez\"},\"url\":\"https:\/\/www.fiscalia.gov.co\/colombia\/author\/kloaiza\/\"}]}<\/script>\n<!-- \/ Yoast SEO plugin. -->","yoast_head_json":{"title":"Fiscal\u00eda General de la Naci\u00f3n","description":"P\u00e1gina oficial de la Fiscal\u00eda General de la Naci\u00f3n \u2013 Colombia. Garantizamos el acceso efectivo a la justicia, la verdad y la reparaci\u00f3n de las v\u00edctimas de los delitos.","robots":{"index":"noindex","follow":"follow"},"og_locale":"es_ES","og_type":"article","og_title":"Fiscal\u00eda General de la Naci\u00f3n","og_description":"P\u00e1gina oficial de la Fiscal\u00eda General de la Naci\u00f3n \u2013 Colombia. Garantizamos el acceso efectivo a la justicia, la verdad y la reparaci\u00f3n de las v\u00edctimas de los delitos.","og_url":"https:\/\/www.fiscalia.gov.co\/colombia\/noticias\/la-fiscalia-en-santander-continuo-reportando-cifras-record-durante-2022-en-la-desarticulacion-de-bandas-criminales-y-en-la-resolucion-de-todos-los-casos-de-feminicidio\/","og_site_name":"Fiscal\u00eda General de la Naci\u00f3n","article_publisher":"https:\/\/www.facebook.com\/FiscaliaCol","article_published_time":"2022-12-14T21:53:24+00:00","article_modified_time":"2022-12-22T14:26:41+00:00","og_image":[{"url":"https:\/\/www.fiscalia.gov.co\/colombia\/wp-content\/uploads\/Director-Fiscalia-Santander.jpg","type":"","width":"","height":""}],"author":"Katherine Loaiza Mart\u00ednez","twitter_card":"summary_large_image","twitter_creator":"@FiscaliaCol","twitter_site":"@FiscaliaCol","twitter_misc":{"Escrito por":"Katherine Loaiza Mart\u00ednez","Tiempo de lectura":"4 minutos"},"schema":{"@context":"https:\/\/schema.org","@graph":[{"@type":"Article","@id":"https:\/\/www.fiscalia.gov.co\/colombia\/noticias\/la-fiscalia-en-santander-continuo-reportando-cifras-record-durante-2022-en-la-desarticulacion-de-bandas-criminales-y-en-la-resolucion-de-todos-los-casos-de-feminicidio\/#article","isPartOf":{"@id":"https:\/\/www.fiscalia.gov.co\/colombia\/noticias\/la-fiscalia-en-santander-continuo-reportando-cifras-record-durante-2022-en-la-desarticulacion-de-bandas-criminales-y-en-la-resolucion-de-todos-los-casos-de-feminicidio\/"},"author":{"name":"Katherine Loaiza Mart\u00ednez","@id":"https:\/\/www.fiscalia.gov.co\/colombia\/#\/schema\/person\/2e76b9aba5ecf875ed565ce4de0e0415"},"headline":"La Fiscal\u00eda en Santander continu\u00f3 reportando cifras r\u00e9cord durante 2022 en la desarticulaci\u00f3n de bandas criminales y en la resoluci\u00f3n de todos los casos de feminicidio","datePublished":"2022-12-14T21:53:24+00:00","dateModified":"2022-12-22T14:26:41+00:00","mainEntityOfPage":{"@id":"https:\/\/www.fiscalia.gov.co\/colombia\/noticias\/la-fiscalia-en-santander-continuo-reportando-cifras-record-durante-2022-en-la-desarticulacion-de-bandas-criminales-y-en-la-resolucion-de-todos-los-casos-de-feminicidio\/"},"wordCount":871,"publisher":{"@id":"https:\/\/www.fiscalia.gov.co\/colombia\/#organization"},"image":{"@id":"https:\/\/www.fiscalia.gov.co\/colombia\/noticias\/la-fiscalia-en-santander-continuo-reportando-cifras-record-durante-2022-en-la-desarticulacion-de-bandas-criminales-y-en-la-resolucion-de-todos-los-casos-de-feminicidio\/#primaryimage"},"thumbnailUrl":"https:\/\/www.fiscalia.gov.co\/colombia\/wp-content\/uploads\/Director-Fiscalia-Santander.jpg","keywords":["Fiscal Francisco Barbosa Delgado","Fiscal General Francisco Barbosa"],"articleSection":["Noticias","Seccional Bucaramanga","Seguridad territorial"],"inLanguage":"es-CO"},{"@type":"WebPage","@id":"https:\/\/www.fiscalia.gov.co\/colombia\/noticias\/la-fiscalia-en-santander-continuo-reportando-cifras-record-durante-2022-en-la-desarticulacion-de-bandas-criminales-y-en-la-resolucion-de-todos-los-casos-de-feminicidio\/","url":"https:\/\/www.fiscalia.gov.co\/colombia\/noticias\/la-fiscalia-en-santander-continuo-reportando-cifras-record-durante-2022-en-la-desarticulacion-de-bandas-criminales-y-en-la-resolucion-de-todos-los-casos-de-feminicidio\/","name":"Fiscal\u00eda General de la Naci\u00f3n","isPartOf":{"@id":"https:\/\/www.fiscalia.gov.co\/colombia\/#website"},"primaryImageOfPage":{"@id":"https:\/\/www.fiscalia.gov.co\/colombia\/noticias\/la-fiscalia-en-santander-continuo-reportando-cifras-record-durante-2022-en-la-desarticulacion-de-bandas-criminales-y-en-la-resolucion-de-todos-los-casos-de-feminicidio\/#primaryimage"},"image":{"@id":"https:\/\/www.fiscalia.gov.co\/colombia\/noticias\/la-fiscalia-en-santander-continuo-reportando-cifras-record-durante-2022-en-la-desarticulacion-de-bandas-criminales-y-en-la-resolucion-de-todos-los-casos-de-feminicidio\/#primaryimage"},"thumbnailUrl":"https:\/\/www.fiscalia.gov.co\/colombia\/wp-content\/uploads\/Director-Fiscalia-Santander.jpg","datePublished":"2022-12-14T21:53:24+00:00","dateModified":"2022-12-22T14:26:41+00:00","description":"P\u00e1gina oficial de la Fiscal\u00eda General de la Naci\u00f3n \u2013 Colombia. Garantizamos el acceso efectivo a la justicia, la verdad y la reparaci\u00f3n de las v\u00edctimas de los delitos.","breadcrumb":{"@id":"https:\/\/www.fiscalia.gov.co\/colombia\/noticias\/la-fiscalia-en-santander-continuo-reportando-cifras-record-durante-2022-en-la-desarticulacion-de-bandas-criminales-y-en-la-resolucion-de-todos-los-casos-de-feminicidio\/#breadcrumb"},"inLanguage":"es-CO","potentialAction":[{"@type":"ReadAction","target":["https:\/\/www.fiscalia.gov.co\/colombia\/noticias\/la-fiscalia-en-santander-continuo-reportando-cifras-record-durante-2022-en-la-desarticulacion-de-bandas-criminales-y-en-la-resolucion-de-todos-los-casos-de-feminicidio\/"]}]},{"@type":"ImageObject","inLanguage":"es-CO","@id":"https:\/\/www.fiscalia.gov.co\/colombia\/noticias\/la-fiscalia-en-santander-continuo-reportando-cifras-record-durante-2022-en-la-desarticulacion-de-bandas-criminales-y-en-la-resolucion-de-todos-los-casos-de-feminicidio\/#primaryimage","url":"https:\/\/www.fiscalia.gov.co\/colombia\/wp-content\/uploads\/Director-Fiscalia-Santander.jpg","contentUrl":"https:\/\/www.fiscalia.gov.co\/colombia\/wp-content\/uploads\/Director-Fiscalia-Santander.jpg","width":1024,"height":768,"caption":"El Director Seccional de Fiscal\u00edas de Santander, Oliden Ria\u00f1o Acelas, present\u00f3\u00a0el balance de gesti\u00f3n del a\u00f1o 2022.\u00a0"},{"@type":"BreadcrumbList","@id":"https:\/\/www.fiscalia.gov.co\/colombia\/noticias\/la-fiscalia-en-santander-continuo-reportando-cifras-record-durante-2022-en-la-desarticulacion-de-bandas-criminales-y-en-la-resolucion-de-todos-los-casos-de-feminicidio\/#breadcrumb","itemListElement":[{"@type":"ListItem","position":1,"name":"Home","item":"https:\/\/www.fiscalia.gov.co\/colombia\/"},{"@type":"ListItem","position":2,"name":"La Fiscal\u00eda en Santander continu\u00f3 reportando cifras r\u00e9cord durante 2022 en la desarticulaci\u00f3n de bandas criminales y en la resoluci\u00f3n de todos los casos de feminicidio"}]},{"@type":"WebSite","@id":"https:\/\/www.fiscalia.gov.co\/colombia\/#website","url":"https:\/\/www.fiscalia.gov.co\/colombia\/","name":"Fiscal\u00eda General de la Naci\u00f3n","description":"P\u00e1gina oficial de la Fiscal\u00eda General de la Naci\u00f3n \u2013 Colombia. Garantizamos el acceso efectivo a la justicia, la verdad y la reparaci\u00f3n de las v\u00edctimas de los delitos.","publisher":{"@id":"https:\/\/www.fiscalia.gov.co\/colombia\/#organization"},"potentialAction":[{"@type":"SearchAction","target":{"@type":"EntryPoint","urlTemplate":"https:\/\/www.fiscalia.gov.co\/colombia\/?s={search_term_string}"},"query-input":{"@type":"PropertyValueSpecification","valueRequired":true,"valueName":"search_term_string"}}],"inLanguage":"es-CO"},{"@type":"Organization","@id":"https:\/\/www.fiscalia.gov.co\/colombia\/#organization","name":"Fiscal\u00eda General de la Naci\u00f3n","url":"https:\/\/www.fiscalia.gov.co\/colombia\/","logo":{"@type":"ImageObject","inLanguage":"es-CO","@id":"https:\/\/www.fiscalia.gov.co\/colombia\/#\/schema\/logo\/image\/","url":"https:\/\/www.fiscalia.gov.co\/colombia\/wp-content\/uploads\/LogoHorizontal_1.jpg","contentUrl":"https:\/\/www.fiscalia.gov.co\/colombia\/wp-content\/uploads\/LogoHorizontal_1.jpg","width":300,"height":90,"caption":"Fiscal\u00eda General de la Naci\u00f3n"},"image":{"@id":"https:\/\/www.fiscalia.gov.co\/colombia\/#\/schema\/logo\/image\/"},"sameAs":["https:\/\/www.facebook.com\/FiscaliaCol","https:\/\/x.com\/FiscaliaCol","https:\/\/www.instagram.com\/fiscaliacol","https:\/\/www.linkedin.com\/company\/fiscalia-general-de-la-naci-n\/","https:\/\/youtube.com\/@fiscaliageneraldelanacion-4668?si=6nN79nyQICPU5iTh"]},{"@type":"Person","@id":"https:\/\/www.fiscalia.gov.co\/colombia\/#\/schema\/person\/2e76b9aba5ecf875ed565ce4de0e0415","name":"Katherine Loaiza Mart\u00ednez","image":{"@type":"ImageObject","inLanguage":"es-CO","@id":"https:\/\/www.fiscalia.gov.co\/colombia\/#\/schema\/person\/image\/","url":"https:\/\/secure.gravatar.com\/avatar\/ab775a2f394c1b83b6d6f78680e57b50?s=96&d=mm&r=g","contentUrl":"https:\/\/secure.gravatar.com\/avatar\/ab775a2f394c1b83b6d6f78680e57b50?s=96&d=mm&r=g","caption":"Katherine Loaiza Mart\u00ednez"},"url":"https:\/\/www.fiscalia.gov.co\/colombia\/author\/kloaiza\/"}]}},"_links":{"self":[{"href":"https:\/\/www.fiscalia.gov.co\/colombia\/wp-json\/wp\/v2\/posts\/262909","targetHints":{"allow":["GET"]}}],"collection":[{"href":"https:\/\/www.fiscalia.gov.co\/colombia\/wp-json\/wp\/v2\/posts"}],"about":[{"href":"https:\/\/www.fiscalia.gov.co\/colombia\/wp-json\/wp\/v2\/types\/post"}],"author":[{"embeddable":true,"href":"https:\/\/www.fiscalia.gov.co\/colombia\/wp-json\/wp\/v2\/users\/175"}],"replies":[{"embeddable":true,"href":"https:\/\/www.fiscalia.gov.co\/colombia\/wp-json\/wp\/v2\/comments?post=262909"}],"version-history":[{"count":1,"href":"https:\/\/www.fiscalia.gov.co\/colombia\/wp-json\/wp\/v2\/posts\/262909\/revisions"}],"predecessor-version":[{"id":262912,"href":"https:\/\/www.fiscalia.gov.co\/colombia\/wp-json\/wp\/v2\/posts\/262909\/revisions\/262912"}],"wp:attachment":[{"href":"https:\/\/www.fiscalia.gov.co\/colombia\/wp-json\/wp\/v2\/media?parent=262909"}],"wp:term":[{"taxonomy":"category","embeddable":true,"href":"https:\/\/www.fiscalia.gov.co\/colombia\/wp-json\/wp\/v2\/categories?post=262909"},{"taxonomy":"post_tag","embeddable":true,"href":"https:\/\/www.fiscalia.gov.co\/colombia\/wp-json\/wp\/v2\/tags?post=262909"}],"curies":[{"name":"wp","href":"https:\/\/api.w.org\/{rel}","templated":true}]}}