{"id":262892,"date":"2022-12-14T15:25:27","date_gmt":"2022-12-14T20:25:27","guid":{"rendered":"https:\/\/www.fiscalia.gov.co\/colombia\/?p=262892"},"modified":"2022-12-22T09:26:43","modified_gmt":"2022-12-22T14:26:43","slug":"el-trabajo-en-equipo-y-la-itinerancia-fueron-determinantes-en-los-resultados-de-la-seccional","status":"publish","type":"post","link":"https:\/\/www.fiscalia.gov.co\/colombia\/noticias\/el-trabajo-en-equipo-y-la-itinerancia-fueron-determinantes-en-los-resultados-de-la-seccional\/","title":{"rendered":"&#8220;El trabajo en equipo y la itinerancia fueron determinantes en los resultados de la seccional&#8221;\u00a0"},"content":{"rendered":"<p>El 2022 fue un a\u00f1o complejo en materia de orden p\u00fablico para el Departamento del Cauca. Esto signific\u00f3 para instituciones como la Fiscal\u00eda General de la Naci\u00f3n ajustes en sus procesos y sus acciones. Al respecto, el ente investigador prioriz\u00f3 las investigaciones relacionadas con delitos de feminicidios, homicidios, violencia sexual e intrafamiliar, hurto violento, ocupaci\u00f3n de tierras y afectaci\u00f3n a organizaciones delictivas.<\/p>\n<p>Al respecto el director de la\u00a0Seccional Cauca,\u00a0Gustavo Alfredo Monta\u00f1a Montoya se\u00f1al\u00f3.<\/p>\n<p><strong>De mayor a menor, \u00bfCu\u00e1les fueron los avances en los cinco temas priorizados de la Seccional Cauca?\u00a0<\/strong><\/p>\n<p>Los casos de feminicidio marcaron un punto importante, pues en la seccional resolvimos el total de los hechos denunciados por este delito. Le siguen la violencia intrafamiliar; en el que alcanzamos avances del 90,99% y la sexual con 62,83%. En el homicidio de mujeres llegamos a niveles del 55,0%, y en los homicidios en general, superamos el 45%.<\/p>\n<figure id=\"attachment_262893\" aria-describedby=\"caption-attachment-262893\" style=\"width: 1280px\" class=\"wp-caption aligncenter\"><img loading=\"lazy\" decoding=\"async\" class=\"size-full wp-image-262893\" src=\"https:\/\/www.fiscalia.gov.co\/colombia\/wp-content\/uploads\/Foto-1.-Los-Aceiteros.-Popayan-Cauca..jpg\" alt=\"En la foto aparecen de pies, con los brazos adelante y esposados, Edgar Silvio Mu\u00f1oz; Kevin Esteban Benav\u00eddez y Reimon Yovanny Vivas. A lado y lado de ellos hay uniformados del CTI de la Fiscal\u00eda, Gaula Polic\u00eda y Ej\u00e9rcito. Detr\u00e1s de ellos hay tres pendones institucionales del Ej\u00e9rcito, Polic\u00eda y Fiscal\u00eda.\" width=\"1280\" height=\"647\" srcset=\"https:\/\/www.fiscalia.gov.co\/colombia\/wp-content\/uploads\/Foto-1.-Los-Aceiteros.-Popayan-Cauca..jpg 1280w, https:\/\/www.fiscalia.gov.co\/colombia\/wp-content\/uploads\/Foto-1.-Los-Aceiteros.-Popayan-Cauca.-300x152.jpg 300w, https:\/\/www.fiscalia.gov.co\/colombia\/wp-content\/uploads\/Foto-1.-Los-Aceiteros.-Popayan-Cauca.-1024x518.jpg 1024w, https:\/\/www.fiscalia.gov.co\/colombia\/wp-content\/uploads\/Foto-1.-Los-Aceiteros.-Popayan-Cauca.-768x388.jpg 768w, https:\/\/www.fiscalia.gov.co\/colombia\/wp-content\/uploads\/Foto-1.-Los-Aceiteros.-Popayan-Cauca.-696x352.jpg 696w, https:\/\/www.fiscalia.gov.co\/colombia\/wp-content\/uploads\/Foto-1.-Los-Aceiteros.-Popayan-Cauca.-1068x540.jpg 1068w, https:\/\/www.fiscalia.gov.co\/colombia\/wp-content\/uploads\/Foto-1.-Los-Aceiteros.-Popayan-Cauca.-831x420.jpg 831w\" sizes=\"auto, (max-width: 1280px) 100vw, 1280px\" \/><figcaption id=\"caption-attachment-262893\" class=\"wp-caption-text\">Edgar Silvio Mu\u00f1oz; Kevin Esteban Benav\u00eddez y Reimon Yovanny Vivas, presuntos integrantes de \u2018Los Aceiteros\u2019.<\/figcaption><\/figure>\n<p><strong>En cuanto al hurto violento, \u00bfcu\u00e1les fueron los resultados en Cauca?\u00a0<\/strong><\/p>\n<p>Hemos articulado esfuerzos e implementado estrategias con la Polic\u00eda Nacional, las administraciones municipales y el Ej\u00e9rcito. Esto nos permiti\u00f3 pasar de un 53% de casos resueltos en 2021; a un 76% en el presente a\u00f1o. El avance positivo debemos continuarlo y fortalecerlo para que la comunidad sienta que estamos trabajando por la seguridad ciudadana.<\/p>\n<figure id=\"attachment_262894\" aria-describedby=\"caption-attachment-262894\" style=\"width: 1280px\" class=\"wp-caption aligncenter\"><img loading=\"lazy\" decoding=\"async\" class=\"size-full wp-image-262894\" src=\"https:\/\/www.fiscalia.gov.co\/colombia\/wp-content\/uploads\/Foto-2.-Los-Aceiteros.-Popayan-Cauca..jpg\" alt=\"En la foto aparecen de pie, con los brazos atr\u00e1s Jhon Fernando Ruiz Mu\u00f1oz, alias \u2018El Mono\u2019; Juan Esteban Luna Hoyos; Jos\u00e9 Alex\u00e1nder Ruiz Mu\u00f1oz. Al lado derecho de ellos hay un uniformado del Ej\u00e9rcito Nacional y al lado iquierdo de ellos hay un uniformado de la Polic\u00eda Nacional. Detr\u00e1s de ellos hauy dos pendones institucionales del Ej\u00e9rcito y la Polic\u00eda.\" width=\"1280\" height=\"763\" srcset=\"https:\/\/www.fiscalia.gov.co\/colombia\/wp-content\/uploads\/Foto-2.-Los-Aceiteros.-Popayan-Cauca..jpg 1280w, https:\/\/www.fiscalia.gov.co\/colombia\/wp-content\/uploads\/Foto-2.-Los-Aceiteros.-Popayan-Cauca.-300x179.jpg 300w, https:\/\/www.fiscalia.gov.co\/colombia\/wp-content\/uploads\/Foto-2.-Los-Aceiteros.-Popayan-Cauca.-1024x610.jpg 1024w, https:\/\/www.fiscalia.gov.co\/colombia\/wp-content\/uploads\/Foto-2.-Los-Aceiteros.-Popayan-Cauca.-768x458.jpg 768w, https:\/\/www.fiscalia.gov.co\/colombia\/wp-content\/uploads\/Foto-2.-Los-Aceiteros.-Popayan-Cauca.-696x415.jpg 696w, https:\/\/www.fiscalia.gov.co\/colombia\/wp-content\/uploads\/Foto-2.-Los-Aceiteros.-Popayan-Cauca.-1068x637.jpg 1068w, https:\/\/www.fiscalia.gov.co\/colombia\/wp-content\/uploads\/Foto-2.-Los-Aceiteros.-Popayan-Cauca.-705x420.jpg 705w\" sizes=\"auto, (max-width: 1280px) 100vw, 1280px\" \/><figcaption id=\"caption-attachment-262894\" class=\"wp-caption-text\">Jhon Fernando Ruiz Mu\u00f1oz, alias \u2018El Mono\u2019; Juan Esteban Luna Hoyos; Jos\u00e9 Alex\u00e1nder Ruiz Mu\u00f1oz, presuntos integrantes de \u2018Los Aceiteros\u2019.<\/figcaption><\/figure>\n<p><strong>Este a\u00f1o se presentaron casos hechos relacionados con temas de usurpaci\u00f3n de tierras y explotaci\u00f3n de oro \u00bfQu\u00e9 resultados destaca?\u00a0<\/strong><\/p>\n<p>En el tema de tierras la Seccional Cauca conoci\u00f3 casos de avasallamiento e invasi\u00f3n de terrenos. Fueron judicializadas 23 personas; y por el segundo 24 ciudadanos m\u00e1s. Frente a la explotaci\u00f3n ilegal de oro, tuvimos un hecho exitoso denominado \u2018Natan\u2019, donde se imputaron delitos como lavado de activos, fraude procesal y concierto para delinquir. Solicitamos siete \u00f3rdenes de captura. Los argumentos expuestos por la Fiscal\u00eda permitieron que cinco procesados aceptaran los cargos imputados. Todos fueron privados de la libertad.<\/p>\n<figure id=\"attachment_262895\" aria-describedby=\"caption-attachment-262895\" style=\"width: 1280px\" class=\"wp-caption aligncenter\"><img loading=\"lazy\" decoding=\"async\" class=\"size-full wp-image-262895\" src=\"https:\/\/www.fiscalia.gov.co\/colombia\/wp-content\/uploads\/Foto-3.-Los-Sin-Techo.-Popayan-Cauca..jpg\" alt=\"En la foto aparecen de pie, cuatro presuntos integrantes de \u2018Los Sin Techo\u2019, uno de ellos sostiera a su lado derecho una muleta. Al lado derecho de ellos hay un uniformado de la Polic\u00eda Nacional y al lado izquierdo un servidor del CTI de la Fiscal\u00eda. Detr\u00e1s de ellos hay dos pendones institucionales de la Fiscal\u00eda y la Polic\u00eda Nacional.\" width=\"1280\" height=\"861\" srcset=\"https:\/\/www.fiscalia.gov.co\/colombia\/wp-content\/uploads\/Foto-3.-Los-Sin-Techo.-Popayan-Cauca..jpg 1280w, https:\/\/www.fiscalia.gov.co\/colombia\/wp-content\/uploads\/Foto-3.-Los-Sin-Techo.-Popayan-Cauca.-300x202.jpg 300w, https:\/\/www.fiscalia.gov.co\/colombia\/wp-content\/uploads\/Foto-3.-Los-Sin-Techo.-Popayan-Cauca.-1024x689.jpg 1024w, https:\/\/www.fiscalia.gov.co\/colombia\/wp-content\/uploads\/Foto-3.-Los-Sin-Techo.-Popayan-Cauca.-768x517.jpg 768w, https:\/\/www.fiscalia.gov.co\/colombia\/wp-content\/uploads\/Foto-3.-Los-Sin-Techo.-Popayan-Cauca.-696x468.jpg 696w, https:\/\/www.fiscalia.gov.co\/colombia\/wp-content\/uploads\/Foto-3.-Los-Sin-Techo.-Popayan-Cauca.-1068x718.jpg 1068w, https:\/\/www.fiscalia.gov.co\/colombia\/wp-content\/uploads\/Foto-3.-Los-Sin-Techo.-Popayan-Cauca.-624x420.jpg 624w\" sizes=\"auto, (max-width: 1280px) 100vw, 1280px\" \/><figcaption id=\"caption-attachment-262895\" class=\"wp-caption-text\">Cuatro presuntos integrantes del grupo delicito \u2018Los Sin Tierra\u2019 o \u2018Los Sin Techo\u2019, fueron capturados y judicializados por avasallamiento de tierras y otros delitos, en Popay\u00e1n (Cauca).<\/figcaption><\/figure>\n<p><strong>\u00bfC\u00f3mo le fue a la seccional en la lucha contra las estructuras criminales?\u00a0<\/strong><\/p>\n<p>En 2022 impactamos 32 estructuras criminales dedicadas a delitos de alto impacto para la seguridad y la salud p\u00fablicas como lo son la comercializaci\u00f3n de estupefacientes, la extorsi\u00f3n, el hurto, los homicidio, delitos inform\u00e1ticos, administraci\u00f3n p\u00fablica e invasi\u00f3n de tierras. En desarrollo de las acciones adelantadas fueron capturadas e imputadas 163 personas; 130 de las cuales fueron cobijadas con medida de aseguramiento. Esto representa un 80% de efectividad para la Fiscal\u00eda.<\/p>\n<p>Destacamos el impacto a \u2018Los Tatos\u2019, un grupo delictivo dedicado al hurto violento que afect\u00f3 a 27 v\u00edctimas. Tambi\u00e9n fueron judicializados \u2018Los Mark\u2019 por secuestro extorsivo, hurto y otros punibles.<\/p>\n<figure id=\"attachment_262896\" aria-describedby=\"caption-attachment-262896\" style=\"width: 271px\" class=\"wp-caption alignleft\"><img loading=\"lazy\" decoding=\"async\" class=\"wp-image-262896 size-medium\" src=\"https:\/\/www.fiscalia.gov.co\/colombia\/wp-content\/uploads\/Foto-4.-Manuel-Alejandro-Daza-Munoz.-Violencia-intrafamiliar.-Popayan-Cauca.-271x300.jpg\" alt=\"En la foto aparece, de pie y con los brazos atr\u00e1s, Manuel Alejandro Daza Mu\u00f1oz. Usa tapabocas, camisa roja y jean azul. A su derecha hay una servidora del CTI de la Fiscal\u00eda y a su izquierda un uniformado de la Polic\u00eda Nacional. Detr\u00e1s de ellos hay un pend\u00f3n institucional de la Fiscal\u00eda.\" width=\"271\" height=\"300\" srcset=\"https:\/\/www.fiscalia.gov.co\/colombia\/wp-content\/uploads\/Foto-4.-Manuel-Alejandro-Daza-Munoz.-Violencia-intrafamiliar.-Popayan-Cauca.-271x300.jpg 271w, https:\/\/www.fiscalia.gov.co\/colombia\/wp-content\/uploads\/Foto-4.-Manuel-Alejandro-Daza-Munoz.-Violencia-intrafamiliar.-Popayan-Cauca.-924x1024.jpg 924w, https:\/\/www.fiscalia.gov.co\/colombia\/wp-content\/uploads\/Foto-4.-Manuel-Alejandro-Daza-Munoz.-Violencia-intrafamiliar.-Popayan-Cauca.-768x851.jpg 768w, https:\/\/www.fiscalia.gov.co\/colombia\/wp-content\/uploads\/Foto-4.-Manuel-Alejandro-Daza-Munoz.-Violencia-intrafamiliar.-Popayan-Cauca.-696x771.jpg 696w, https:\/\/www.fiscalia.gov.co\/colombia\/wp-content\/uploads\/Foto-4.-Manuel-Alejandro-Daza-Munoz.-Violencia-intrafamiliar.-Popayan-Cauca.-1068x1184.jpg 1068w, https:\/\/www.fiscalia.gov.co\/colombia\/wp-content\/uploads\/Foto-4.-Manuel-Alejandro-Daza-Munoz.-Violencia-intrafamiliar.-Popayan-Cauca.-379x420.jpg 379w, https:\/\/www.fiscalia.gov.co\/colombia\/wp-content\/uploads\/Foto-4.-Manuel-Alejandro-Daza-Munoz.-Violencia-intrafamiliar.-Popayan-Cauca..jpg 1155w\" sizes=\"auto, (max-width: 271px) 100vw, 271px\" \/><figcaption id=\"caption-attachment-262896\" class=\"wp-caption-text\">Manuel Alejandro Daza Mu\u00f1oz, asegurado y acusado como presunto responsable de violencia intrafamiliar agravada, en Popay\u00e1n (Cauca).<\/figcaption><\/figure>\n<p><strong>Argelia y El Tambo son regiones complejas\u2026\u00a0\u00a0<\/strong><\/p>\n<p>En esos dos municipios la Seccional dise\u00f1\u00f3 un microproyecto que nos permiti\u00f3 tener un avance del 46,51%\u00a0en avances de delitos como el homicidio. En esa parte del pa\u00eds ten\u00edamos 40 v\u00edctimas de homicidio; en este caso solicitamos 18 \u00f3rdenes de captura y se han hecho 11 imputaciones y se estableci\u00f3 un preacuerdo.<\/p>\n<p><strong>Para el 2023\u2026, qu\u00e9 viene en la Seccional.\u00a0<\/strong><\/p>\n<p>Tenemos tres aspectos clave en los que nos concentraremos: I) vamos a continuar con la priorizaci\u00f3n de investigaciones relacionadas con violencia sexual e intrafamiliar. II) seguiremos trabajando los casos relacionados con la estructura ilegal Carlos Pati\u00f1o en el Sur del Cauca y la Dagoberto Ramos y III)\u00a0vamos a aumentar continuar con las investigaciones por invasi\u00f3n de tierras y avasallamiento.<\/p>\n<figure id=\"attachment_262897\" aria-describedby=\"caption-attachment-262897\" style=\"width: 1280px\" class=\"wp-caption aligncenter\"><img loading=\"lazy\" decoding=\"async\" class=\"size-full wp-image-262897\" src=\"https:\/\/www.fiscalia.gov.co\/colombia\/wp-content\/uploads\/Foto-5.-Los-Mark.-Popayan-Cauca..jpg\" alt=\"En la foto aparecen en hilera y de pie los 7 presuntos integrantes de \u2018Los Mark\u2019, con sus cabezas agachadas y en su mayor\u00eda cubiertas con las capuchas de sus camisas, as\u00ed como gorras. A lado y lado de ellos hay uniformados del Gaula Ej\u00e9rcito, Polic\u00eda Nacional y del CTI de la Fiscal\u00eda. Detr\u00e1s de ellos hay tres pendones institucionales de La Fiscal\u00eda, Polic\u00eda y Gaula Militar.\" width=\"1280\" height=\"715\" srcset=\"https:\/\/www.fiscalia.gov.co\/colombia\/wp-content\/uploads\/Foto-5.-Los-Mark.-Popayan-Cauca..jpg 1280w, https:\/\/www.fiscalia.gov.co\/colombia\/wp-content\/uploads\/Foto-5.-Los-Mark.-Popayan-Cauca.-300x168.jpg 300w, https:\/\/www.fiscalia.gov.co\/colombia\/wp-content\/uploads\/Foto-5.-Los-Mark.-Popayan-Cauca.-1024x572.jpg 1024w, https:\/\/www.fiscalia.gov.co\/colombia\/wp-content\/uploads\/Foto-5.-Los-Mark.-Popayan-Cauca.-768x429.jpg 768w, https:\/\/www.fiscalia.gov.co\/colombia\/wp-content\/uploads\/Foto-5.-Los-Mark.-Popayan-Cauca.-696x389.jpg 696w, https:\/\/www.fiscalia.gov.co\/colombia\/wp-content\/uploads\/Foto-5.-Los-Mark.-Popayan-Cauca.-1068x597.jpg 1068w, https:\/\/www.fiscalia.gov.co\/colombia\/wp-content\/uploads\/Foto-5.-Los-Mark.-Popayan-Cauca.-752x420.jpg 752w\" sizes=\"auto, (max-width: 1280px) 100vw, 1280px\" \/><figcaption id=\"caption-attachment-262897\" class=\"wp-caption-text\">Presuntos integrantes de \u2018Los Mark\u2019, se\u00f1alados del secuestro extorsivo y otros delitos en contra de gerente de empresa de licores, en Popay\u00e1n (Cauca).<\/figcaption><\/figure>\n<p>Seguiremos fortaleciendo la presencia institucional con la Ruta Itinerante en la Costa Pac\u00edfica caucana para abordar, estrat\u00e9gicamente, denuncias por delitos sexuales, violencia intrafamiliar y explotaci\u00f3n il\u00edcita de yacimiento minero.<\/p>\n<p>Esta informaci\u00f3n se publica por razones de inter\u00e9s general.<\/p>\n<p>&nbsp;<\/p>\n<p><strong>En 2022 la Fiscal\u00eda habl\u00f3 con resultados.\u00a0\u00a0\u00a0\u00a0\u00a0\u00a0\u00a0\u00a0\u00a0\u00a0\u00a0\u00a0\u00a0\u00a0\u00a0\u00a0\u00a0\u00a0\u00a0<\/strong><\/p>\n<p>MAP\/MAGA\/GAMM\/DSC<\/p>\n<p>&nbsp;<\/p>\n<p><em>La informaci\u00f3n contenida en este bolet\u00edn de prensa corresponde a la narraci\u00f3n de los hechos noticiosos objetivos, suministrados por los funcionarios encargados de adelantar las investigaciones penales al interior de la Fiscal\u00eda General de la Naci\u00f3n. Para el momento de la divulgaci\u00f3n de este comunicado, la situaci\u00f3n jur\u00eddica de la(s) persona(s) relacionada(s) se encuentra pendiente de resolver por la autoridad judicial competente, siempre bajo los preceptos de la presunci\u00f3n de inocencia, consagrados en el art\u00edculo 29 de la Constituci\u00f3n Pol\u00edtica y el art\u00edculo 7\u00ba de la Ley 906 de 2004\u00a0<\/em><\/p>\n\n<div class=\"twitter-share\"><a href=\"https:\/\/twitter.com\/intent\/tweet?via=fiscaliacol\" class=\"twitter-share-button\">Tweet<\/a><\/div>\n","protected":false},"excerpt":{"rendered":"<p>El 2022 fue un a\u00f1o complejo en materia de orden p\u00fablico para el Departamento del Cauca. Esto signific\u00f3 para instituciones como la Fiscal\u00eda General de la Naci\u00f3n ajustes en sus [&hellip;]<\/p>\n","protected":false},"author":175,"featured_media":0,"comment_status":"closed","ping_status":"open","sticky":false,"template":"","format":"video","meta":{"tdm_status":"","tdm_grid_status":"","footnotes":""},"categories":[1,336,24099],"tags":[30690,33550,78,24187,33551,30691,33552,26556],"class_list":["post-262892","post","type-post","status-publish","format-video","category-noticias","category-seccional-popayan","category-seguridad-territorial","tag-avance-de-esclarecimiento","tag-balance-2022","tag-fiscal-general-de-la-nacion","tag-fiscalia-colombia","tag-microproyecto","tag-priorizados","tag-proyeccion-2023","tag-seccional-cauca","post_format-post-format-video"],"yoast_head":"<!-- This site is optimized with the Yoast SEO plugin v24.3 - https:\/\/yoast.com\/wordpress\/plugins\/seo\/ -->\n<title>Fiscal\u00eda General de la Naci\u00f3n<\/title>\n<meta name=\"description\" content=\"P\u00e1gina oficial de la Fiscal\u00eda General de la Naci\u00f3n \u2013 Colombia. Garantizamos el acceso efectivo a la justicia, la verdad y la reparaci\u00f3n de las v\u00edctimas de los delitos.\" \/>\n<meta name=\"robots\" content=\"noindex, follow\" \/>\n<meta property=\"og:locale\" content=\"es_ES\" \/>\n<meta property=\"og:type\" content=\"article\" \/>\n<meta property=\"og:title\" content=\"Fiscal\u00eda General de la Naci\u00f3n\" \/>\n<meta property=\"og:description\" content=\"P\u00e1gina oficial de la Fiscal\u00eda General de la Naci\u00f3n \u2013 Colombia. Garantizamos el acceso efectivo a la justicia, la verdad y la reparaci\u00f3n de las v\u00edctimas de los delitos.\" \/>\n<meta property=\"og:url\" content=\"https:\/\/www.fiscalia.gov.co\/colombia\/noticias\/el-trabajo-en-equipo-y-la-itinerancia-fueron-determinantes-en-los-resultados-de-la-seccional\/\" \/>\n<meta property=\"og:site_name\" content=\"Fiscal\u00eda General de la Naci\u00f3n\" \/>\n<meta property=\"article:publisher\" content=\"https:\/\/www.facebook.com\/FiscaliaCol\" \/>\n<meta property=\"article:published_time\" content=\"2022-12-14T20:25:27+00:00\" \/>\n<meta property=\"article:modified_time\" content=\"2022-12-22T14:26:43+00:00\" \/>\n<meta property=\"og:image\" content=\"https:\/\/www.fiscalia.gov.co\/colombia\/wp-content\/uploads\/Foto-1.-Los-Aceiteros.-Popayan-Cauca..jpg\" \/>\n<meta name=\"author\" content=\"Katherine Loaiza Mart\u00ednez\" \/>\n<meta name=\"twitter:card\" content=\"summary_large_image\" \/>\n<meta name=\"twitter:creator\" content=\"@FiscaliaCol\" \/>\n<meta name=\"twitter:site\" content=\"@FiscaliaCol\" \/>\n<meta name=\"twitter:label1\" content=\"Escrito por\" \/>\n\t<meta name=\"twitter:data1\" content=\"Katherine Loaiza Mart\u00ednez\" \/>\n\t<meta name=\"twitter:label2\" content=\"Tiempo de lectura\" \/>\n\t<meta name=\"twitter:data2\" content=\"4 minutos\" \/>\n<script type=\"application\/ld+json\" class=\"yoast-schema-graph\">{\"@context\":\"https:\/\/schema.org\",\"@graph\":[{\"@type\":\"Article\",\"@id\":\"https:\/\/www.fiscalia.gov.co\/colombia\/noticias\/el-trabajo-en-equipo-y-la-itinerancia-fueron-determinantes-en-los-resultados-de-la-seccional\/#article\",\"isPartOf\":{\"@id\":\"https:\/\/www.fiscalia.gov.co\/colombia\/noticias\/el-trabajo-en-equipo-y-la-itinerancia-fueron-determinantes-en-los-resultados-de-la-seccional\/\"},\"author\":{\"name\":\"Katherine Loaiza Mart\u00ednez\",\"@id\":\"https:\/\/www.fiscalia.gov.co\/colombia\/#\/schema\/person\/2e76b9aba5ecf875ed565ce4de0e0415\"},\"headline\":\"&#8220;El trabajo en equipo y la itinerancia fueron determinantes en los resultados de la seccional&#8221;\u00a0\",\"datePublished\":\"2022-12-14T20:25:27+00:00\",\"dateModified\":\"2022-12-22T14:26:43+00:00\",\"mainEntityOfPage\":{\"@id\":\"https:\/\/www.fiscalia.gov.co\/colombia\/noticias\/el-trabajo-en-equipo-y-la-itinerancia-fueron-determinantes-en-los-resultados-de-la-seccional\/\"},\"wordCount\":893,\"publisher\":{\"@id\":\"https:\/\/www.fiscalia.gov.co\/colombia\/#organization\"},\"image\":{\"@id\":\"https:\/\/www.fiscalia.gov.co\/colombia\/noticias\/el-trabajo-en-equipo-y-la-itinerancia-fueron-determinantes-en-los-resultados-de-la-seccional\/#primaryimage\"},\"thumbnailUrl\":\"https:\/\/www.fiscalia.gov.co\/colombia\/wp-content\/uploads\/Foto-1.-Los-Aceiteros.-Popayan-Cauca..jpg\",\"keywords\":[\"avance de esclarecimiento\",\"balance 2022\",\"Fiscal General de la Naci\u00f3n\",\"Fiscal\u00eda Colombia\",\"microproyecto\",\"priorizados\",\"proyecci\u00f3n 2023\",\"Seccional Cauca\"],\"articleSection\":[\"Noticias\",\"Seccional Popay\u00e1n\",\"Seguridad territorial\"],\"inLanguage\":\"es-CO\"},{\"@type\":\"WebPage\",\"@id\":\"https:\/\/www.fiscalia.gov.co\/colombia\/noticias\/el-trabajo-en-equipo-y-la-itinerancia-fueron-determinantes-en-los-resultados-de-la-seccional\/\",\"url\":\"https:\/\/www.fiscalia.gov.co\/colombia\/noticias\/el-trabajo-en-equipo-y-la-itinerancia-fueron-determinantes-en-los-resultados-de-la-seccional\/\",\"name\":\"Fiscal\u00eda General de la Naci\u00f3n\",\"isPartOf\":{\"@id\":\"https:\/\/www.fiscalia.gov.co\/colombia\/#website\"},\"primaryImageOfPage\":{\"@id\":\"https:\/\/www.fiscalia.gov.co\/colombia\/noticias\/el-trabajo-en-equipo-y-la-itinerancia-fueron-determinantes-en-los-resultados-de-la-seccional\/#primaryimage\"},\"image\":{\"@id\":\"https:\/\/www.fiscalia.gov.co\/colombia\/noticias\/el-trabajo-en-equipo-y-la-itinerancia-fueron-determinantes-en-los-resultados-de-la-seccional\/#primaryimage\"},\"thumbnailUrl\":\"https:\/\/www.fiscalia.gov.co\/colombia\/wp-content\/uploads\/Foto-1.-Los-Aceiteros.-Popayan-Cauca..jpg\",\"datePublished\":\"2022-12-14T20:25:27+00:00\",\"dateModified\":\"2022-12-22T14:26:43+00:00\",\"description\":\"P\u00e1gina oficial de la Fiscal\u00eda General de la Naci\u00f3n \u2013 Colombia. Garantizamos el acceso efectivo a la justicia, la verdad y la reparaci\u00f3n de las v\u00edctimas de los delitos.\",\"breadcrumb\":{\"@id\":\"https:\/\/www.fiscalia.gov.co\/colombia\/noticias\/el-trabajo-en-equipo-y-la-itinerancia-fueron-determinantes-en-los-resultados-de-la-seccional\/#breadcrumb\"},\"inLanguage\":\"es-CO\",\"potentialAction\":[{\"@type\":\"ReadAction\",\"target\":[\"https:\/\/www.fiscalia.gov.co\/colombia\/noticias\/el-trabajo-en-equipo-y-la-itinerancia-fueron-determinantes-en-los-resultados-de-la-seccional\/\"]}]},{\"@type\":\"ImageObject\",\"inLanguage\":\"es-CO\",\"@id\":\"https:\/\/www.fiscalia.gov.co\/colombia\/noticias\/el-trabajo-en-equipo-y-la-itinerancia-fueron-determinantes-en-los-resultados-de-la-seccional\/#primaryimage\",\"url\":\"https:\/\/www.fiscalia.gov.co\/colombia\/wp-content\/uploads\/Foto-1.-Los-Aceiteros.-Popayan-Cauca..jpg\",\"contentUrl\":\"https:\/\/www.fiscalia.gov.co\/colombia\/wp-content\/uploads\/Foto-1.-Los-Aceiteros.-Popayan-Cauca..jpg\",\"width\":1280,\"height\":647,\"caption\":\"Edgar Silvio Mu\u00f1oz; Kevin Esteban Benav\u00eddez y Reimon Yovanny Vivas, presuntos integrantes de \u2018Los Aceiteros\u2019.\"},{\"@type\":\"BreadcrumbList\",\"@id\":\"https:\/\/www.fiscalia.gov.co\/colombia\/noticias\/el-trabajo-en-equipo-y-la-itinerancia-fueron-determinantes-en-los-resultados-de-la-seccional\/#breadcrumb\",\"itemListElement\":[{\"@type\":\"ListItem\",\"position\":1,\"name\":\"Home\",\"item\":\"https:\/\/www.fiscalia.gov.co\/colombia\/\"},{\"@type\":\"ListItem\",\"position\":2,\"name\":\"&#8220;El trabajo en equipo y la itinerancia fueron determinantes en los resultados de la seccional&#8221;\u00a0\"}]},{\"@type\":\"WebSite\",\"@id\":\"https:\/\/www.fiscalia.gov.co\/colombia\/#website\",\"url\":\"https:\/\/www.fiscalia.gov.co\/colombia\/\",\"name\":\"Fiscal\u00eda General de la Naci\u00f3n\",\"description\":\"P\u00e1gina oficial de la Fiscal\u00eda General de la Naci\u00f3n \u2013 Colombia. Garantizamos el acceso efectivo a la justicia, la verdad y la reparaci\u00f3n de las v\u00edctimas de los delitos.\",\"publisher\":{\"@id\":\"https:\/\/www.fiscalia.gov.co\/colombia\/#organization\"},\"potentialAction\":[{\"@type\":\"SearchAction\",\"target\":{\"@type\":\"EntryPoint\",\"urlTemplate\":\"https:\/\/www.fiscalia.gov.co\/colombia\/?s={search_term_string}\"},\"query-input\":{\"@type\":\"PropertyValueSpecification\",\"valueRequired\":true,\"valueName\":\"search_term_string\"}}],\"inLanguage\":\"es-CO\"},{\"@type\":\"Organization\",\"@id\":\"https:\/\/www.fiscalia.gov.co\/colombia\/#organization\",\"name\":\"Fiscal\u00eda General de la Naci\u00f3n\",\"url\":\"https:\/\/www.fiscalia.gov.co\/colombia\/\",\"logo\":{\"@type\":\"ImageObject\",\"inLanguage\":\"es-CO\",\"@id\":\"https:\/\/www.fiscalia.gov.co\/colombia\/#\/schema\/logo\/image\/\",\"url\":\"https:\/\/www.fiscalia.gov.co\/colombia\/wp-content\/uploads\/LogoHorizontal_1.jpg\",\"contentUrl\":\"https:\/\/www.fiscalia.gov.co\/colombia\/wp-content\/uploads\/LogoHorizontal_1.jpg\",\"width\":300,\"height\":90,\"caption\":\"Fiscal\u00eda General de la Naci\u00f3n\"},\"image\":{\"@id\":\"https:\/\/www.fiscalia.gov.co\/colombia\/#\/schema\/logo\/image\/\"},\"sameAs\":[\"https:\/\/www.facebook.com\/FiscaliaCol\",\"https:\/\/x.com\/FiscaliaCol\",\"https:\/\/www.instagram.com\/fiscaliacol\",\"https:\/\/www.linkedin.com\/company\/fiscalia-general-de-la-naci-n\/\",\"https:\/\/youtube.com\/@fiscaliageneraldelanacion-4668?si=6nN79nyQICPU5iTh\"]},{\"@type\":\"Person\",\"@id\":\"https:\/\/www.fiscalia.gov.co\/colombia\/#\/schema\/person\/2e76b9aba5ecf875ed565ce4de0e0415\",\"name\":\"Katherine Loaiza Mart\u00ednez\",\"image\":{\"@type\":\"ImageObject\",\"inLanguage\":\"es-CO\",\"@id\":\"https:\/\/www.fiscalia.gov.co\/colombia\/#\/schema\/person\/image\/\",\"url\":\"https:\/\/secure.gravatar.com\/avatar\/ab775a2f394c1b83b6d6f78680e57b50?s=96&d=mm&r=g\",\"contentUrl\":\"https:\/\/secure.gravatar.com\/avatar\/ab775a2f394c1b83b6d6f78680e57b50?s=96&d=mm&r=g\",\"caption\":\"Katherine Loaiza Mart\u00ednez\"},\"url\":\"https:\/\/www.fiscalia.gov.co\/colombia\/author\/kloaiza\/\"}]}<\/script>\n<!-- \/ Yoast SEO plugin. -->","yoast_head_json":{"title":"Fiscal\u00eda General de la Naci\u00f3n","description":"P\u00e1gina oficial de la Fiscal\u00eda General de la Naci\u00f3n \u2013 Colombia. Garantizamos el acceso efectivo a la justicia, la verdad y la reparaci\u00f3n de las v\u00edctimas de los delitos.","robots":{"index":"noindex","follow":"follow"},"og_locale":"es_ES","og_type":"article","og_title":"Fiscal\u00eda General de la Naci\u00f3n","og_description":"P\u00e1gina oficial de la Fiscal\u00eda General de la Naci\u00f3n \u2013 Colombia. Garantizamos el acceso efectivo a la justicia, la verdad y la reparaci\u00f3n de las v\u00edctimas de los delitos.","og_url":"https:\/\/www.fiscalia.gov.co\/colombia\/noticias\/el-trabajo-en-equipo-y-la-itinerancia-fueron-determinantes-en-los-resultados-de-la-seccional\/","og_site_name":"Fiscal\u00eda General de la Naci\u00f3n","article_publisher":"https:\/\/www.facebook.com\/FiscaliaCol","article_published_time":"2022-12-14T20:25:27+00:00","article_modified_time":"2022-12-22T14:26:43+00:00","og_image":[{"url":"https:\/\/www.fiscalia.gov.co\/colombia\/wp-content\/uploads\/Foto-1.-Los-Aceiteros.-Popayan-Cauca..jpg","type":"","width":"","height":""}],"author":"Katherine Loaiza Mart\u00ednez","twitter_card":"summary_large_image","twitter_creator":"@FiscaliaCol","twitter_site":"@FiscaliaCol","twitter_misc":{"Escrito por":"Katherine Loaiza Mart\u00ednez","Tiempo de lectura":"4 minutos"},"schema":{"@context":"https:\/\/schema.org","@graph":[{"@type":"Article","@id":"https:\/\/www.fiscalia.gov.co\/colombia\/noticias\/el-trabajo-en-equipo-y-la-itinerancia-fueron-determinantes-en-los-resultados-de-la-seccional\/#article","isPartOf":{"@id":"https:\/\/www.fiscalia.gov.co\/colombia\/noticias\/el-trabajo-en-equipo-y-la-itinerancia-fueron-determinantes-en-los-resultados-de-la-seccional\/"},"author":{"name":"Katherine Loaiza Mart\u00ednez","@id":"https:\/\/www.fiscalia.gov.co\/colombia\/#\/schema\/person\/2e76b9aba5ecf875ed565ce4de0e0415"},"headline":"&#8220;El trabajo en equipo y la itinerancia fueron determinantes en los resultados de la seccional&#8221;\u00a0","datePublished":"2022-12-14T20:25:27+00:00","dateModified":"2022-12-22T14:26:43+00:00","mainEntityOfPage":{"@id":"https:\/\/www.fiscalia.gov.co\/colombia\/noticias\/el-trabajo-en-equipo-y-la-itinerancia-fueron-determinantes-en-los-resultados-de-la-seccional\/"},"wordCount":893,"publisher":{"@id":"https:\/\/www.fiscalia.gov.co\/colombia\/#organization"},"image":{"@id":"https:\/\/www.fiscalia.gov.co\/colombia\/noticias\/el-trabajo-en-equipo-y-la-itinerancia-fueron-determinantes-en-los-resultados-de-la-seccional\/#primaryimage"},"thumbnailUrl":"https:\/\/www.fiscalia.gov.co\/colombia\/wp-content\/uploads\/Foto-1.-Los-Aceiteros.-Popayan-Cauca..jpg","keywords":["avance de esclarecimiento","balance 2022","Fiscal General de la Naci\u00f3n","Fiscal\u00eda Colombia","microproyecto","priorizados","proyecci\u00f3n 2023","Seccional Cauca"],"articleSection":["Noticias","Seccional Popay\u00e1n","Seguridad territorial"],"inLanguage":"es-CO"},{"@type":"WebPage","@id":"https:\/\/www.fiscalia.gov.co\/colombia\/noticias\/el-trabajo-en-equipo-y-la-itinerancia-fueron-determinantes-en-los-resultados-de-la-seccional\/","url":"https:\/\/www.fiscalia.gov.co\/colombia\/noticias\/el-trabajo-en-equipo-y-la-itinerancia-fueron-determinantes-en-los-resultados-de-la-seccional\/","name":"Fiscal\u00eda General de la Naci\u00f3n","isPartOf":{"@id":"https:\/\/www.fiscalia.gov.co\/colombia\/#website"},"primaryImageOfPage":{"@id":"https:\/\/www.fiscalia.gov.co\/colombia\/noticias\/el-trabajo-en-equipo-y-la-itinerancia-fueron-determinantes-en-los-resultados-de-la-seccional\/#primaryimage"},"image":{"@id":"https:\/\/www.fiscalia.gov.co\/colombia\/noticias\/el-trabajo-en-equipo-y-la-itinerancia-fueron-determinantes-en-los-resultados-de-la-seccional\/#primaryimage"},"thumbnailUrl":"https:\/\/www.fiscalia.gov.co\/colombia\/wp-content\/uploads\/Foto-1.-Los-Aceiteros.-Popayan-Cauca..jpg","datePublished":"2022-12-14T20:25:27+00:00","dateModified":"2022-12-22T14:26:43+00:00","description":"P\u00e1gina oficial de la Fiscal\u00eda General de la Naci\u00f3n \u2013 Colombia. Garantizamos el acceso efectivo a la justicia, la verdad y la reparaci\u00f3n de las v\u00edctimas de los delitos.","breadcrumb":{"@id":"https:\/\/www.fiscalia.gov.co\/colombia\/noticias\/el-trabajo-en-equipo-y-la-itinerancia-fueron-determinantes-en-los-resultados-de-la-seccional\/#breadcrumb"},"inLanguage":"es-CO","potentialAction":[{"@type":"ReadAction","target":["https:\/\/www.fiscalia.gov.co\/colombia\/noticias\/el-trabajo-en-equipo-y-la-itinerancia-fueron-determinantes-en-los-resultados-de-la-seccional\/"]}]},{"@type":"ImageObject","inLanguage":"es-CO","@id":"https:\/\/www.fiscalia.gov.co\/colombia\/noticias\/el-trabajo-en-equipo-y-la-itinerancia-fueron-determinantes-en-los-resultados-de-la-seccional\/#primaryimage","url":"https:\/\/www.fiscalia.gov.co\/colombia\/wp-content\/uploads\/Foto-1.-Los-Aceiteros.-Popayan-Cauca..jpg","contentUrl":"https:\/\/www.fiscalia.gov.co\/colombia\/wp-content\/uploads\/Foto-1.-Los-Aceiteros.-Popayan-Cauca..jpg","width":1280,"height":647,"caption":"Edgar Silvio Mu\u00f1oz; Kevin Esteban Benav\u00eddez y Reimon Yovanny Vivas, presuntos integrantes de \u2018Los Aceiteros\u2019."},{"@type":"BreadcrumbList","@id":"https:\/\/www.fiscalia.gov.co\/colombia\/noticias\/el-trabajo-en-equipo-y-la-itinerancia-fueron-determinantes-en-los-resultados-de-la-seccional\/#breadcrumb","itemListElement":[{"@type":"ListItem","position":1,"name":"Home","item":"https:\/\/www.fiscalia.gov.co\/colombia\/"},{"@type":"ListItem","position":2,"name":"&#8220;El trabajo en equipo y la itinerancia fueron determinantes en los resultados de la seccional&#8221;\u00a0"}]},{"@type":"WebSite","@id":"https:\/\/www.fiscalia.gov.co\/colombia\/#website","url":"https:\/\/www.fiscalia.gov.co\/colombia\/","name":"Fiscal\u00eda General de la Naci\u00f3n","description":"P\u00e1gina oficial de la Fiscal\u00eda General de la Naci\u00f3n \u2013 Colombia. Garantizamos el acceso efectivo a la justicia, la verdad y la reparaci\u00f3n de las v\u00edctimas de los delitos.","publisher":{"@id":"https:\/\/www.fiscalia.gov.co\/colombia\/#organization"},"potentialAction":[{"@type":"SearchAction","target":{"@type":"EntryPoint","urlTemplate":"https:\/\/www.fiscalia.gov.co\/colombia\/?s={search_term_string}"},"query-input":{"@type":"PropertyValueSpecification","valueRequired":true,"valueName":"search_term_string"}}],"inLanguage":"es-CO"},{"@type":"Organization","@id":"https:\/\/www.fiscalia.gov.co\/colombia\/#organization","name":"Fiscal\u00eda General de la Naci\u00f3n","url":"https:\/\/www.fiscalia.gov.co\/colombia\/","logo":{"@type":"ImageObject","inLanguage":"es-CO","@id":"https:\/\/www.fiscalia.gov.co\/colombia\/#\/schema\/logo\/image\/","url":"https:\/\/www.fiscalia.gov.co\/colombia\/wp-content\/uploads\/LogoHorizontal_1.jpg","contentUrl":"https:\/\/www.fiscalia.gov.co\/colombia\/wp-content\/uploads\/LogoHorizontal_1.jpg","width":300,"height":90,"caption":"Fiscal\u00eda General de la Naci\u00f3n"},"image":{"@id":"https:\/\/www.fiscalia.gov.co\/colombia\/#\/schema\/logo\/image\/"},"sameAs":["https:\/\/www.facebook.com\/FiscaliaCol","https:\/\/x.com\/FiscaliaCol","https:\/\/www.instagram.com\/fiscaliacol","https:\/\/www.linkedin.com\/company\/fiscalia-general-de-la-naci-n\/","https:\/\/youtube.com\/@fiscaliageneraldelanacion-4668?si=6nN79nyQICPU5iTh"]},{"@type":"Person","@id":"https:\/\/www.fiscalia.gov.co\/colombia\/#\/schema\/person\/2e76b9aba5ecf875ed565ce4de0e0415","name":"Katherine Loaiza Mart\u00ednez","image":{"@type":"ImageObject","inLanguage":"es-CO","@id":"https:\/\/www.fiscalia.gov.co\/colombia\/#\/schema\/person\/image\/","url":"https:\/\/secure.gravatar.com\/avatar\/ab775a2f394c1b83b6d6f78680e57b50?s=96&d=mm&r=g","contentUrl":"https:\/\/secure.gravatar.com\/avatar\/ab775a2f394c1b83b6d6f78680e57b50?s=96&d=mm&r=g","caption":"Katherine Loaiza Mart\u00ednez"},"url":"https:\/\/www.fiscalia.gov.co\/colombia\/author\/kloaiza\/"}]}},"_links":{"self":[{"href":"https:\/\/www.fiscalia.gov.co\/colombia\/wp-json\/wp\/v2\/posts\/262892","targetHints":{"allow":["GET"]}}],"collection":[{"href":"https:\/\/www.fiscalia.gov.co\/colombia\/wp-json\/wp\/v2\/posts"}],"about":[{"href":"https:\/\/www.fiscalia.gov.co\/colombia\/wp-json\/wp\/v2\/types\/post"}],"author":[{"embeddable":true,"href":"https:\/\/www.fiscalia.gov.co\/colombia\/wp-json\/wp\/v2\/users\/175"}],"replies":[{"embeddable":true,"href":"https:\/\/www.fiscalia.gov.co\/colombia\/wp-json\/wp\/v2\/comments?post=262892"}],"version-history":[{"count":3,"href":"https:\/\/www.fiscalia.gov.co\/colombia\/wp-json\/wp\/v2\/posts\/262892\/revisions"}],"predecessor-version":[{"id":263390,"href":"https:\/\/www.fiscalia.gov.co\/colombia\/wp-json\/wp\/v2\/posts\/262892\/revisions\/263390"}],"wp:attachment":[{"href":"https:\/\/www.fiscalia.gov.co\/colombia\/wp-json\/wp\/v2\/media?parent=262892"}],"wp:term":[{"taxonomy":"category","embeddable":true,"href":"https:\/\/www.fiscalia.gov.co\/colombia\/wp-json\/wp\/v2\/categories?post=262892"},{"taxonomy":"post_tag","embeddable":true,"href":"https:\/\/www.fiscalia.gov.co\/colombia\/wp-json\/wp\/v2\/tags?post=262892"}],"curies":[{"name":"wp","href":"https:\/\/api.w.org\/{rel}","templated":true}]}}