{"id":262867,"date":"2022-12-14T13:41:02","date_gmt":"2022-12-14T18:41:02","guid":{"rendered":"https:\/\/www.fiscalia.gov.co\/colombia\/?p=262867"},"modified":"2022-12-22T09:18:54","modified_gmt":"2022-12-22T14:18:54","slug":"fiscalia-general-de-la-nacion-presento-positivo-balance-en-la-lucha-contra-los-delitos-que-mas-afectan-a-la-ciudadania-en-medellin","status":"publish","type":"post","link":"https:\/\/www.fiscalia.gov.co\/colombia\/noticias\/fiscalia-general-de-la-nacion-presento-positivo-balance-en-la-lucha-contra-los-delitos-que-mas-afectan-a-la-ciudadania-en-medellin\/","title":{"rendered":"Fiscal\u00eda General de la Naci\u00f3n present\u00f3 positivo balance en la lucha contra los delitos que m\u00e1s afectan a la ciudadan\u00eda en Medell\u00edn\u00a0"},"content":{"rendered":"<blockquote>\n<h4 style=\"text-align: left;\"><strong><em>En la lucha contra bandas delincuenciales dedicadas al tr\u00e1fico de estupefacientes, la extorsi\u00f3n, el hurto y los homicidios selectivos, el trabajo articulado del CTI y la Polic\u00eda Nacional, permiti\u00f3 la judicializaci\u00f3n de 1.078 personas, quienes fueron afectadas con medidas de aseguramiento privativas de la libertad.\u00a0<\/em><\/strong><\/h4>\n<\/blockquote>\n<p>&nbsp;<\/p>\n<p>Durante este a\u00f1o 2022, la Fiscal\u00eda General de la Naci\u00f3n, Seccional de Medell\u00edn, ha obtenido importantes logros en la resoluci\u00f3n de casos, especialmente relacionados con delitos priorizados como el homicidio, feminicidio, delitos sexuales contra ni\u00f1os, ni\u00f1as y adolescentes; violencia intrafamiliar y la lucha contra las bandas criminales.<\/p>\n<p>En materia de homicidios, se resolvieron m\u00e1s del 50% de los casos y\u00a0los feminicidios alcanzaron el 100%. En los 12 hechos ocurridos este a\u00f1o se logr\u00f3 la captura de los presuntos responsables.<\/p>\n<p>A finales de noviembre, el trabajo articulado entre el CTI y la Polic\u00eda Nacional permiti\u00f3 la captura de 30 presuntos integrantes de la GDO Caicedo, investigados por 22 homicidios y 5 tentativas de homicidio cometidos entre 2018 y 2022 en el centro de la capital antioque\u00f1a.<\/p>\n<p><strong><u>Violencia contra ni\u00f1as, ni\u00f1os, adolescentes y mujeres\u00a0<\/u><\/strong><\/p>\n<p>Adem\u00e1s, los fiscales del Centro de Atenci\u00f3n Integral a V\u00edctimas de Abuso Sexual (Caivas) lograron incrementar el porcentaje de casos resueltos de 19% que ocurrieron en el a\u00f1o 2021 al 75% en lo que va corrido de este a\u00f1o.\u00a0 La mayor\u00eda de sentenciados son familiares o personas cercanas a las v\u00edctimas.<\/p>\n<p>En la misma vigencia, Fiscales de la Unidad de Responsabilidad Penal para Adolescentes (URPA) obtuvieron 68 sanciones contra igual n\u00famero de adolescentes procesados por abuso sexual. En estos casos tambi\u00e9n la mayor\u00eda de las v\u00edctimas son menores y hac\u00edan parte del mismo entorno familiar del agresor.<\/p>\n<p>Actualmente se adelantan investigaciones contra 5 ciudadanos extranjeros por presunto abuso sexual de menores, especialmente por delitos como pornograf\u00eda y demanda de explotaci\u00f3n sexual comercial con menores de 18 a\u00f1os. El caso m\u00e1s reciente es el de un abogado mexicano que habr\u00eda sostenido encuentros sexuales con una mujer colombiana y sus dos hijas de 11 y 17 a\u00f1os, a cambio de dinero.<\/p>\n<p>En la resoluci\u00f3n de casos por violencia intrafamiliar, la Seccional de Fiscal\u00edas de Medell\u00edn pas\u00f3 de un 24% en el a\u00f1o 2021 a un 89% en 2022.\u00a0 La Fiscal\u00eda General de la Naci\u00f3n reitera el llamado, especialmente a las mujeres y a sus familiares, para que denuncien cualquier forma de violencia de g\u00e9nero o dom\u00e9stica; una denuncia a tiempo, puede evitarnos un feminicidio.<\/p>\n<p><strong><u>Avance en delitos que afectan la seguridad ciudadana\u00a0<\/u><\/strong><\/p>\n<p>En la lucha contra bandas delincuenciales dedicadas al tr\u00e1fico de estupefacientes, la extorsi\u00f3n, el hurto y los homicidios selectivos, el trabajo articulado del CTI y la Polic\u00eda Nacional, permiti\u00f3 la judicializaci\u00f3n de 1.078 personas, quienes fueron afectadas con medidas de aseguramiento privativas de la libertad.<\/p>\n<p>Entre los grupos impactados figuran &#8216;Los M\u00f3viles&#8217;, una banda conformada en su mayor\u00eda por mujeres trans, que estar\u00eda dedicada al hurto de celulares en varios sectores de la zona rosa, ubicada en el barrio El Poblado de la capital antioque\u00f1a.\u00a0 En mayo de este a\u00f1o, 8 presuntas integrantes de esa organizaci\u00f3n fueron capturadas y enviadas a la c\u00e1rcel de manera preventiva, lo que redujo en un 24% el n\u00famero de robos de equipos m\u00f3viles en esa zona de Medell\u00edn.<\/p>\n<p><strong><u>Hurto<\/u><\/strong><\/p>\n<p>En las \u00faltimas horas tambi\u00e9n fueron privados de la libertad 4 personas que ser\u00edan los responsables de comprar y revender los celulares hurtados en Medell\u00edn y la ciudad de Cartagena (Bol\u00edvar).\u00a0 Los procesados har\u00edan parte de un grupo delincuencial conocido como Los Bi\u00f3nicos.<\/p>\n<p>Durante las diligencias de captura de los Bi\u00f3nicos, se logr\u00f3 la inmovilizaci\u00f3n de un taxi que ser\u00eda utilizado por los presuntos delincuentes para recoger los celulares hurtados muy cerca al lugar de los hechos y trasladarlos a las caletas donde eran almacenados.<\/p>\n<p>Finalmente, se destaca la lucha contra el hurto mediante la utilizaci\u00f3n de escopolamina o de otras sustancias usadas para doblegar la voluntad de las v\u00edctimas.\u00a0 \u00a0En esta materia se logr\u00f3 impactar una banda conformada especialmente por mujeres que eran contactadas por extranjeros mediante el uso plataformas digitales para supuestos encuentros sexuales, situaci\u00f3n que habr\u00edan aprovechado para drogar a sus v\u00edctimas y robarles celulares, computadores y saquear sus cuentas bancarias.<\/p>\n<p>Bajo la misma modalidad delictiva venia actuando un hombre conocido con el alias de El Ingeniero, quien contactaba a personas de la comunidad LGTBIQ+ y despu\u00e9s de sedarlos les hurtaba sus pertenencias.\u00a0 El hombre fue\u00a0capturado por el CTI en septiembre de este a\u00f1o, y ante la contundencia del material probatorio recopilado por la Fiscal\u00eda acept\u00f3 cargos por m\u00e1s de 50 hechos y est\u00e1 a la espera de sentencia condenatoria.<\/p>\n<p>De acuerdo con la estad\u00edstica judicial, con la captura de las mujeres y de alias el Ingeniero, esta modalidad de hurto se redujo en un 90% en Medell\u00edn.<\/p>\n<p>La Fiscal\u00eda General de la Naci\u00f3n en el a\u00f1o 2022 habl\u00f3 con resultados.<\/p>\n<p>&nbsp;<\/p>\n<p>LFML\/SH\/MG\/DSM<\/p>\n<div class=\"td-post-content tagdiv-type\">\n<div class=\"td-post-content tagdiv-type\">\n<div class=\"td-post-content tagdiv-type\">\n<div class=\"td-post-content tagdiv-type\">\n<p><em>La informaci\u00f3n contenida en este bolet\u00edn de prensa corresponde a la narraci\u00f3n de los hechos noticiosos objetivos, suministrados por los funcionarios encargados de adelantar las investigaciones penales al interior de la Fiscal\u00eda General de la Naci\u00f3n. Para el momento de la divulgaci\u00f3n de este comunicado, la situaci\u00f3n jur\u00eddica de la(s) persona(s) relacionada(s) se encuentra pendiente de resolver por la autoridad judicial competente, siempre bajo los preceptos de la presunci\u00f3n de inocencia, consagrados en el art\u00edculo 29 de la Constituci\u00f3n Pol\u00edtica y el art\u00edculo 7\u00ba de la Ley 906 de 2004.<\/em><\/p>\n<\/div>\n<\/div>\n<\/div>\n<\/div>\n<footer>\n<div class=\"td-post-source-tags\"><\/div>\n<div class=\"td-post-sharing-bottom\"><\/div>\n<\/footer>\n\n<div class=\"twitter-share\"><a href=\"https:\/\/twitter.com\/intent\/tweet?via=fiscaliacol\" class=\"twitter-share-button\">Tweet<\/a><\/div>\n","protected":false},"excerpt":{"rendered":"<p>En la lucha contra bandas delincuenciales dedicadas al tr\u00e1fico de estupefacientes, la extorsi\u00f3n, el hurto y los homicidios selectivos, el trabajo articulado del CTI y la Polic\u00eda Nacional, permiti\u00f3 la judicializaci\u00f3n de 1.078 personas, quienes fueron afectadas con medidas de aseguramiento privativas de la libertad.\u00a0 &nbsp; Durante este a\u00f1o 2022, la Fiscal\u00eda General de la [&hellip;]<\/p>\n","protected":false},"author":175,"featured_media":263388,"comment_status":"closed","ping_status":"open","sticky":false,"template":"","format":"video","meta":{"tdm_status":"","tdm_grid_status":"","footnotes":""},"categories":[1,331,24099],"tags":[24189,24526],"class_list":{"0":"post-262867","1":"post","2":"type-post","3":"status-publish","4":"format-video","5":"has-post-thumbnail","7":"category-noticias","8":"category-seccional-medellin","9":"category-seguridad-territorial","10":"tag-fiscal-francisco-barbosa-delgado","11":"tag-fiscal-general-francisco-barbosa-delgado","12":"post_format-post-format-video"},"yoast_head":"<!-- This site is optimized with the Yoast SEO plugin v24.3 - https:\/\/yoast.com\/wordpress\/plugins\/seo\/ -->\n<title>Fiscal\u00eda General de la Naci\u00f3n<\/title>\n<meta name=\"description\" content=\"P\u00e1gina oficial de la Fiscal\u00eda General de la Naci\u00f3n \u2013 Colombia. Garantizamos el acceso efectivo a la justicia, la verdad y la reparaci\u00f3n de las v\u00edctimas de los delitos.\" \/>\n<meta name=\"robots\" content=\"noindex, follow\" \/>\n<meta property=\"og:locale\" content=\"es_ES\" \/>\n<meta property=\"og:type\" content=\"article\" \/>\n<meta property=\"og:title\" content=\"Fiscal\u00eda General de la Naci\u00f3n\" \/>\n<meta property=\"og:description\" content=\"P\u00e1gina oficial de la Fiscal\u00eda General de la Naci\u00f3n \u2013 Colombia. Garantizamos el acceso efectivo a la justicia, la verdad y la reparaci\u00f3n de las v\u00edctimas de los delitos.\" \/>\n<meta property=\"og:url\" content=\"https:\/\/www.fiscalia.gov.co\/colombia\/noticias\/fiscalia-general-de-la-nacion-presento-positivo-balance-en-la-lucha-contra-los-delitos-que-mas-afectan-a-la-ciudadania-en-medellin\/\" \/>\n<meta property=\"og:site_name\" content=\"Fiscal\u00eda General de la Naci\u00f3n\" \/>\n<meta property=\"article:publisher\" content=\"https:\/\/www.facebook.com\/FiscaliaCol\" \/>\n<meta property=\"article:published_time\" content=\"2022-12-14T18:41:02+00:00\" \/>\n<meta property=\"article:modified_time\" content=\"2022-12-22T14:18:54+00:00\" \/>\n<meta property=\"og:image\" content=\"https:\/\/www.fiscalia.gov.co\/colombia\/wp-content\/uploads\/maxresdefault-821.jpg\" \/>\n\t<meta property=\"og:image:width\" content=\"1280\" \/>\n\t<meta property=\"og:image:height\" content=\"720\" \/>\n\t<meta property=\"og:image:type\" content=\"image\/jpeg\" \/>\n<meta name=\"author\" content=\"Katherine Loaiza Mart\u00ednez\" \/>\n<meta name=\"twitter:card\" content=\"summary_large_image\" \/>\n<meta name=\"twitter:creator\" content=\"@FiscaliaCol\" \/>\n<meta name=\"twitter:site\" content=\"@FiscaliaCol\" \/>\n<meta name=\"twitter:label1\" content=\"Escrito por\" \/>\n\t<meta name=\"twitter:data1\" content=\"Katherine Loaiza Mart\u00ednez\" \/>\n\t<meta name=\"twitter:label2\" content=\"Tiempo de lectura\" \/>\n\t<meta name=\"twitter:data2\" content=\"5 minutos\" \/>\n<script type=\"application\/ld+json\" class=\"yoast-schema-graph\">{\"@context\":\"https:\/\/schema.org\",\"@graph\":[{\"@type\":\"Article\",\"@id\":\"https:\/\/www.fiscalia.gov.co\/colombia\/noticias\/fiscalia-general-de-la-nacion-presento-positivo-balance-en-la-lucha-contra-los-delitos-que-mas-afectan-a-la-ciudadania-en-medellin\/#article\",\"isPartOf\":{\"@id\":\"https:\/\/www.fiscalia.gov.co\/colombia\/noticias\/fiscalia-general-de-la-nacion-presento-positivo-balance-en-la-lucha-contra-los-delitos-que-mas-afectan-a-la-ciudadania-en-medellin\/\"},\"author\":{\"name\":\"Katherine Loaiza Mart\u00ednez\",\"@id\":\"https:\/\/www.fiscalia.gov.co\/colombia\/#\/schema\/person\/2e76b9aba5ecf875ed565ce4de0e0415\"},\"headline\":\"Fiscal\u00eda General de la Naci\u00f3n present\u00f3 positivo balance en la lucha contra los delitos que m\u00e1s afectan a la ciudadan\u00eda en Medell\u00edn\u00a0\",\"datePublished\":\"2022-12-14T18:41:02+00:00\",\"dateModified\":\"2022-12-22T14:18:54+00:00\",\"mainEntityOfPage\":{\"@id\":\"https:\/\/www.fiscalia.gov.co\/colombia\/noticias\/fiscalia-general-de-la-nacion-presento-positivo-balance-en-la-lucha-contra-los-delitos-que-mas-afectan-a-la-ciudadania-en-medellin\/\"},\"wordCount\":984,\"publisher\":{\"@id\":\"https:\/\/www.fiscalia.gov.co\/colombia\/#organization\"},\"image\":{\"@id\":\"https:\/\/www.fiscalia.gov.co\/colombia\/noticias\/fiscalia-general-de-la-nacion-presento-positivo-balance-en-la-lucha-contra-los-delitos-que-mas-afectan-a-la-ciudadania-en-medellin\/#primaryimage\"},\"thumbnailUrl\":\"https:\/\/www.fiscalia.gov.co\/colombia\/wp-content\/uploads\/maxresdefault-821.jpg\",\"keywords\":[\"Fiscal Francisco Barbosa Delgado\",\"Fiscal General Francisco Barbosa Delgado\"],\"articleSection\":[\"Noticias\",\"Seccional Medell\u00edn\",\"Seguridad territorial\"],\"inLanguage\":\"es-CO\"},{\"@type\":\"WebPage\",\"@id\":\"https:\/\/www.fiscalia.gov.co\/colombia\/noticias\/fiscalia-general-de-la-nacion-presento-positivo-balance-en-la-lucha-contra-los-delitos-que-mas-afectan-a-la-ciudadania-en-medellin\/\",\"url\":\"https:\/\/www.fiscalia.gov.co\/colombia\/noticias\/fiscalia-general-de-la-nacion-presento-positivo-balance-en-la-lucha-contra-los-delitos-que-mas-afectan-a-la-ciudadania-en-medellin\/\",\"name\":\"Fiscal\u00eda General de la Naci\u00f3n\",\"isPartOf\":{\"@id\":\"https:\/\/www.fiscalia.gov.co\/colombia\/#website\"},\"primaryImageOfPage\":{\"@id\":\"https:\/\/www.fiscalia.gov.co\/colombia\/noticias\/fiscalia-general-de-la-nacion-presento-positivo-balance-en-la-lucha-contra-los-delitos-que-mas-afectan-a-la-ciudadania-en-medellin\/#primaryimage\"},\"image\":{\"@id\":\"https:\/\/www.fiscalia.gov.co\/colombia\/noticias\/fiscalia-general-de-la-nacion-presento-positivo-balance-en-la-lucha-contra-los-delitos-que-mas-afectan-a-la-ciudadania-en-medellin\/#primaryimage\"},\"thumbnailUrl\":\"https:\/\/www.fiscalia.gov.co\/colombia\/wp-content\/uploads\/maxresdefault-821.jpg\",\"datePublished\":\"2022-12-14T18:41:02+00:00\",\"dateModified\":\"2022-12-22T14:18:54+00:00\",\"description\":\"P\u00e1gina oficial de la Fiscal\u00eda General de la Naci\u00f3n \u2013 Colombia. Garantizamos el acceso efectivo a la justicia, la verdad y la reparaci\u00f3n de las v\u00edctimas de los delitos.\",\"breadcrumb\":{\"@id\":\"https:\/\/www.fiscalia.gov.co\/colombia\/noticias\/fiscalia-general-de-la-nacion-presento-positivo-balance-en-la-lucha-contra-los-delitos-que-mas-afectan-a-la-ciudadania-en-medellin\/#breadcrumb\"},\"inLanguage\":\"es-CO\",\"potentialAction\":[{\"@type\":\"ReadAction\",\"target\":[\"https:\/\/www.fiscalia.gov.co\/colombia\/noticias\/fiscalia-general-de-la-nacion-presento-positivo-balance-en-la-lucha-contra-los-delitos-que-mas-afectan-a-la-ciudadania-en-medellin\/\"]}]},{\"@type\":\"ImageObject\",\"inLanguage\":\"es-CO\",\"@id\":\"https:\/\/www.fiscalia.gov.co\/colombia\/noticias\/fiscalia-general-de-la-nacion-presento-positivo-balance-en-la-lucha-contra-los-delitos-que-mas-afectan-a-la-ciudadania-en-medellin\/#primaryimage\",\"url\":\"https:\/\/www.fiscalia.gov.co\/colombia\/wp-content\/uploads\/maxresdefault-821.jpg\",\"contentUrl\":\"https:\/\/www.fiscalia.gov.co\/colombia\/wp-content\/uploads\/maxresdefault-821.jpg\",\"width\":1280,\"height\":720},{\"@type\":\"BreadcrumbList\",\"@id\":\"https:\/\/www.fiscalia.gov.co\/colombia\/noticias\/fiscalia-general-de-la-nacion-presento-positivo-balance-en-la-lucha-contra-los-delitos-que-mas-afectan-a-la-ciudadania-en-medellin\/#breadcrumb\",\"itemListElement\":[{\"@type\":\"ListItem\",\"position\":1,\"name\":\"Home\",\"item\":\"https:\/\/www.fiscalia.gov.co\/colombia\/\"},{\"@type\":\"ListItem\",\"position\":2,\"name\":\"Fiscal\u00eda General de la Naci\u00f3n present\u00f3 positivo balance en la lucha contra los delitos que m\u00e1s afectan a la ciudadan\u00eda en Medell\u00edn\u00a0\"}]},{\"@type\":\"WebSite\",\"@id\":\"https:\/\/www.fiscalia.gov.co\/colombia\/#website\",\"url\":\"https:\/\/www.fiscalia.gov.co\/colombia\/\",\"name\":\"Fiscal\u00eda General de la Naci\u00f3n\",\"description\":\"P\u00e1gina oficial de la Fiscal\u00eda General de la Naci\u00f3n \u2013 Colombia. Garantizamos el acceso efectivo a la justicia, la verdad y la reparaci\u00f3n de las v\u00edctimas de los delitos.\",\"publisher\":{\"@id\":\"https:\/\/www.fiscalia.gov.co\/colombia\/#organization\"},\"potentialAction\":[{\"@type\":\"SearchAction\",\"target\":{\"@type\":\"EntryPoint\",\"urlTemplate\":\"https:\/\/www.fiscalia.gov.co\/colombia\/?s={search_term_string}\"},\"query-input\":{\"@type\":\"PropertyValueSpecification\",\"valueRequired\":true,\"valueName\":\"search_term_string\"}}],\"inLanguage\":\"es-CO\"},{\"@type\":\"Organization\",\"@id\":\"https:\/\/www.fiscalia.gov.co\/colombia\/#organization\",\"name\":\"Fiscal\u00eda General de la Naci\u00f3n\",\"url\":\"https:\/\/www.fiscalia.gov.co\/colombia\/\",\"logo\":{\"@type\":\"ImageObject\",\"inLanguage\":\"es-CO\",\"@id\":\"https:\/\/www.fiscalia.gov.co\/colombia\/#\/schema\/logo\/image\/\",\"url\":\"https:\/\/www.fiscalia.gov.co\/colombia\/wp-content\/uploads\/LogoHorizontal_1.jpg\",\"contentUrl\":\"https:\/\/www.fiscalia.gov.co\/colombia\/wp-content\/uploads\/LogoHorizontal_1.jpg\",\"width\":300,\"height\":90,\"caption\":\"Fiscal\u00eda General de la Naci\u00f3n\"},\"image\":{\"@id\":\"https:\/\/www.fiscalia.gov.co\/colombia\/#\/schema\/logo\/image\/\"},\"sameAs\":[\"https:\/\/www.facebook.com\/FiscaliaCol\",\"https:\/\/x.com\/FiscaliaCol\",\"https:\/\/www.instagram.com\/fiscaliacol\",\"https:\/\/www.linkedin.com\/company\/fiscalia-general-de-la-naci-n\/\",\"https:\/\/youtube.com\/@fiscaliageneraldelanacion-4668?si=6nN79nyQICPU5iTh\"]},{\"@type\":\"Person\",\"@id\":\"https:\/\/www.fiscalia.gov.co\/colombia\/#\/schema\/person\/2e76b9aba5ecf875ed565ce4de0e0415\",\"name\":\"Katherine Loaiza Mart\u00ednez\",\"image\":{\"@type\":\"ImageObject\",\"inLanguage\":\"es-CO\",\"@id\":\"https:\/\/www.fiscalia.gov.co\/colombia\/#\/schema\/person\/image\/\",\"url\":\"https:\/\/secure.gravatar.com\/avatar\/ab775a2f394c1b83b6d6f78680e57b50?s=96&d=mm&r=g\",\"contentUrl\":\"https:\/\/secure.gravatar.com\/avatar\/ab775a2f394c1b83b6d6f78680e57b50?s=96&d=mm&r=g\",\"caption\":\"Katherine Loaiza Mart\u00ednez\"},\"url\":\"https:\/\/www.fiscalia.gov.co\/colombia\/author\/kloaiza\/\"}]}<\/script>\n<!-- \/ Yoast SEO plugin. -->","yoast_head_json":{"title":"Fiscal\u00eda General de la Naci\u00f3n","description":"P\u00e1gina oficial de la Fiscal\u00eda General de la Naci\u00f3n \u2013 Colombia. Garantizamos el acceso efectivo a la justicia, la verdad y la reparaci\u00f3n de las v\u00edctimas de los delitos.","robots":{"index":"noindex","follow":"follow"},"og_locale":"es_ES","og_type":"article","og_title":"Fiscal\u00eda General de la Naci\u00f3n","og_description":"P\u00e1gina oficial de la Fiscal\u00eda General de la Naci\u00f3n \u2013 Colombia. Garantizamos el acceso efectivo a la justicia, la verdad y la reparaci\u00f3n de las v\u00edctimas de los delitos.","og_url":"https:\/\/www.fiscalia.gov.co\/colombia\/noticias\/fiscalia-general-de-la-nacion-presento-positivo-balance-en-la-lucha-contra-los-delitos-que-mas-afectan-a-la-ciudadania-en-medellin\/","og_site_name":"Fiscal\u00eda General de la Naci\u00f3n","article_publisher":"https:\/\/www.facebook.com\/FiscaliaCol","article_published_time":"2022-12-14T18:41:02+00:00","article_modified_time":"2022-12-22T14:18:54+00:00","og_image":[{"width":1280,"height":720,"url":"https:\/\/www.fiscalia.gov.co\/colombia\/wp-content\/uploads\/maxresdefault-821.jpg","type":"image\/jpeg"}],"author":"Katherine Loaiza Mart\u00ednez","twitter_card":"summary_large_image","twitter_creator":"@FiscaliaCol","twitter_site":"@FiscaliaCol","twitter_misc":{"Escrito por":"Katherine Loaiza Mart\u00ednez","Tiempo de lectura":"5 minutos"},"schema":{"@context":"https:\/\/schema.org","@graph":[{"@type":"Article","@id":"https:\/\/www.fiscalia.gov.co\/colombia\/noticias\/fiscalia-general-de-la-nacion-presento-positivo-balance-en-la-lucha-contra-los-delitos-que-mas-afectan-a-la-ciudadania-en-medellin\/#article","isPartOf":{"@id":"https:\/\/www.fiscalia.gov.co\/colombia\/noticias\/fiscalia-general-de-la-nacion-presento-positivo-balance-en-la-lucha-contra-los-delitos-que-mas-afectan-a-la-ciudadania-en-medellin\/"},"author":{"name":"Katherine Loaiza Mart\u00ednez","@id":"https:\/\/www.fiscalia.gov.co\/colombia\/#\/schema\/person\/2e76b9aba5ecf875ed565ce4de0e0415"},"headline":"Fiscal\u00eda General de la Naci\u00f3n present\u00f3 positivo balance en la lucha contra los delitos que m\u00e1s afectan a la ciudadan\u00eda en Medell\u00edn\u00a0","datePublished":"2022-12-14T18:41:02+00:00","dateModified":"2022-12-22T14:18:54+00:00","mainEntityOfPage":{"@id":"https:\/\/www.fiscalia.gov.co\/colombia\/noticias\/fiscalia-general-de-la-nacion-presento-positivo-balance-en-la-lucha-contra-los-delitos-que-mas-afectan-a-la-ciudadania-en-medellin\/"},"wordCount":984,"publisher":{"@id":"https:\/\/www.fiscalia.gov.co\/colombia\/#organization"},"image":{"@id":"https:\/\/www.fiscalia.gov.co\/colombia\/noticias\/fiscalia-general-de-la-nacion-presento-positivo-balance-en-la-lucha-contra-los-delitos-que-mas-afectan-a-la-ciudadania-en-medellin\/#primaryimage"},"thumbnailUrl":"https:\/\/www.fiscalia.gov.co\/colombia\/wp-content\/uploads\/maxresdefault-821.jpg","keywords":["Fiscal Francisco Barbosa Delgado","Fiscal General Francisco Barbosa Delgado"],"articleSection":["Noticias","Seccional Medell\u00edn","Seguridad territorial"],"inLanguage":"es-CO"},{"@type":"WebPage","@id":"https:\/\/www.fiscalia.gov.co\/colombia\/noticias\/fiscalia-general-de-la-nacion-presento-positivo-balance-en-la-lucha-contra-los-delitos-que-mas-afectan-a-la-ciudadania-en-medellin\/","url":"https:\/\/www.fiscalia.gov.co\/colombia\/noticias\/fiscalia-general-de-la-nacion-presento-positivo-balance-en-la-lucha-contra-los-delitos-que-mas-afectan-a-la-ciudadania-en-medellin\/","name":"Fiscal\u00eda General de la Naci\u00f3n","isPartOf":{"@id":"https:\/\/www.fiscalia.gov.co\/colombia\/#website"},"primaryImageOfPage":{"@id":"https:\/\/www.fiscalia.gov.co\/colombia\/noticias\/fiscalia-general-de-la-nacion-presento-positivo-balance-en-la-lucha-contra-los-delitos-que-mas-afectan-a-la-ciudadania-en-medellin\/#primaryimage"},"image":{"@id":"https:\/\/www.fiscalia.gov.co\/colombia\/noticias\/fiscalia-general-de-la-nacion-presento-positivo-balance-en-la-lucha-contra-los-delitos-que-mas-afectan-a-la-ciudadania-en-medellin\/#primaryimage"},"thumbnailUrl":"https:\/\/www.fiscalia.gov.co\/colombia\/wp-content\/uploads\/maxresdefault-821.jpg","datePublished":"2022-12-14T18:41:02+00:00","dateModified":"2022-12-22T14:18:54+00:00","description":"P\u00e1gina oficial de la Fiscal\u00eda General de la Naci\u00f3n \u2013 Colombia. Garantizamos el acceso efectivo a la justicia, la verdad y la reparaci\u00f3n de las v\u00edctimas de los delitos.","breadcrumb":{"@id":"https:\/\/www.fiscalia.gov.co\/colombia\/noticias\/fiscalia-general-de-la-nacion-presento-positivo-balance-en-la-lucha-contra-los-delitos-que-mas-afectan-a-la-ciudadania-en-medellin\/#breadcrumb"},"inLanguage":"es-CO","potentialAction":[{"@type":"ReadAction","target":["https:\/\/www.fiscalia.gov.co\/colombia\/noticias\/fiscalia-general-de-la-nacion-presento-positivo-balance-en-la-lucha-contra-los-delitos-que-mas-afectan-a-la-ciudadania-en-medellin\/"]}]},{"@type":"ImageObject","inLanguage":"es-CO","@id":"https:\/\/www.fiscalia.gov.co\/colombia\/noticias\/fiscalia-general-de-la-nacion-presento-positivo-balance-en-la-lucha-contra-los-delitos-que-mas-afectan-a-la-ciudadania-en-medellin\/#primaryimage","url":"https:\/\/www.fiscalia.gov.co\/colombia\/wp-content\/uploads\/maxresdefault-821.jpg","contentUrl":"https:\/\/www.fiscalia.gov.co\/colombia\/wp-content\/uploads\/maxresdefault-821.jpg","width":1280,"height":720},{"@type":"BreadcrumbList","@id":"https:\/\/www.fiscalia.gov.co\/colombia\/noticias\/fiscalia-general-de-la-nacion-presento-positivo-balance-en-la-lucha-contra-los-delitos-que-mas-afectan-a-la-ciudadania-en-medellin\/#breadcrumb","itemListElement":[{"@type":"ListItem","position":1,"name":"Home","item":"https:\/\/www.fiscalia.gov.co\/colombia\/"},{"@type":"ListItem","position":2,"name":"Fiscal\u00eda General de la Naci\u00f3n present\u00f3 positivo balance en la lucha contra los delitos que m\u00e1s afectan a la ciudadan\u00eda en Medell\u00edn\u00a0"}]},{"@type":"WebSite","@id":"https:\/\/www.fiscalia.gov.co\/colombia\/#website","url":"https:\/\/www.fiscalia.gov.co\/colombia\/","name":"Fiscal\u00eda General de la Naci\u00f3n","description":"P\u00e1gina oficial de la Fiscal\u00eda General de la Naci\u00f3n \u2013 Colombia. Garantizamos el acceso efectivo a la justicia, la verdad y la reparaci\u00f3n de las v\u00edctimas de los delitos.","publisher":{"@id":"https:\/\/www.fiscalia.gov.co\/colombia\/#organization"},"potentialAction":[{"@type":"SearchAction","target":{"@type":"EntryPoint","urlTemplate":"https:\/\/www.fiscalia.gov.co\/colombia\/?s={search_term_string}"},"query-input":{"@type":"PropertyValueSpecification","valueRequired":true,"valueName":"search_term_string"}}],"inLanguage":"es-CO"},{"@type":"Organization","@id":"https:\/\/www.fiscalia.gov.co\/colombia\/#organization","name":"Fiscal\u00eda General de la Naci\u00f3n","url":"https:\/\/www.fiscalia.gov.co\/colombia\/","logo":{"@type":"ImageObject","inLanguage":"es-CO","@id":"https:\/\/www.fiscalia.gov.co\/colombia\/#\/schema\/logo\/image\/","url":"https:\/\/www.fiscalia.gov.co\/colombia\/wp-content\/uploads\/LogoHorizontal_1.jpg","contentUrl":"https:\/\/www.fiscalia.gov.co\/colombia\/wp-content\/uploads\/LogoHorizontal_1.jpg","width":300,"height":90,"caption":"Fiscal\u00eda General de la Naci\u00f3n"},"image":{"@id":"https:\/\/www.fiscalia.gov.co\/colombia\/#\/schema\/logo\/image\/"},"sameAs":["https:\/\/www.facebook.com\/FiscaliaCol","https:\/\/x.com\/FiscaliaCol","https:\/\/www.instagram.com\/fiscaliacol","https:\/\/www.linkedin.com\/company\/fiscalia-general-de-la-naci-n\/","https:\/\/youtube.com\/@fiscaliageneraldelanacion-4668?si=6nN79nyQICPU5iTh"]},{"@type":"Person","@id":"https:\/\/www.fiscalia.gov.co\/colombia\/#\/schema\/person\/2e76b9aba5ecf875ed565ce4de0e0415","name":"Katherine Loaiza Mart\u00ednez","image":{"@type":"ImageObject","inLanguage":"es-CO","@id":"https:\/\/www.fiscalia.gov.co\/colombia\/#\/schema\/person\/image\/","url":"https:\/\/secure.gravatar.com\/avatar\/ab775a2f394c1b83b6d6f78680e57b50?s=96&d=mm&r=g","contentUrl":"https:\/\/secure.gravatar.com\/avatar\/ab775a2f394c1b83b6d6f78680e57b50?s=96&d=mm&r=g","caption":"Katherine Loaiza Mart\u00ednez"},"url":"https:\/\/www.fiscalia.gov.co\/colombia\/author\/kloaiza\/"}]}},"_links":{"self":[{"href":"https:\/\/www.fiscalia.gov.co\/colombia\/wp-json\/wp\/v2\/posts\/262867","targetHints":{"allow":["GET"]}}],"collection":[{"href":"https:\/\/www.fiscalia.gov.co\/colombia\/wp-json\/wp\/v2\/posts"}],"about":[{"href":"https:\/\/www.fiscalia.gov.co\/colombia\/wp-json\/wp\/v2\/types\/post"}],"author":[{"embeddable":true,"href":"https:\/\/www.fiscalia.gov.co\/colombia\/wp-json\/wp\/v2\/users\/175"}],"replies":[{"embeddable":true,"href":"https:\/\/www.fiscalia.gov.co\/colombia\/wp-json\/wp\/v2\/comments?post=262867"}],"version-history":[{"count":1,"href":"https:\/\/www.fiscalia.gov.co\/colombia\/wp-json\/wp\/v2\/posts\/262867\/revisions"}],"predecessor-version":[{"id":262868,"href":"https:\/\/www.fiscalia.gov.co\/colombia\/wp-json\/wp\/v2\/posts\/262867\/revisions\/262868"}],"wp:featuredmedia":[{"embeddable":true,"href":"https:\/\/www.fiscalia.gov.co\/colombia\/wp-json\/wp\/v2\/media\/263388"}],"wp:attachment":[{"href":"https:\/\/www.fiscalia.gov.co\/colombia\/wp-json\/wp\/v2\/media?parent=262867"}],"wp:term":[{"taxonomy":"category","embeddable":true,"href":"https:\/\/www.fiscalia.gov.co\/colombia\/wp-json\/wp\/v2\/categories?post=262867"},{"taxonomy":"post_tag","embeddable":true,"href":"https:\/\/www.fiscalia.gov.co\/colombia\/wp-json\/wp\/v2\/tags?post=262867"}],"curies":[{"name":"wp","href":"https:\/\/api.w.org\/{rel}","templated":true}]}}