{"id":262560,"date":"2022-12-09T16:01:11","date_gmt":"2022-12-09T21:01:11","guid":{"rendered":"https:\/\/www.fiscalia.gov.co\/colombia\/?p=262560"},"modified":"2022-12-09T16:01:11","modified_gmt":"2022-12-09T21:01:11","slug":"en-cordoba-la-fiscalia-impacto-durante-el-2022-14-estructuras-dedicadas-a-diversos-delitos","status":"publish","type":"post","link":"https:\/\/www.fiscalia.gov.co\/colombia\/noticias\/en-cordoba-la-fiscalia-impacto-durante-el-2022-14-estructuras-dedicadas-a-diversos-delitos\/","title":{"rendered":"En C\u00f3rdoba la Fiscal\u00eda impact\u00f3, durante el 2022, 14 estructuras dedicadas a diversos delitos"},"content":{"rendered":"<p><strong><em>Dentro del balance de gesti\u00f3n del 2022 la seccional tuvo 100 por ciento de esclarecimiento en casos de feminicidios y avanz\u00f3 positivamente en casos de violencia sexual e intrafamiliar.<\/em><\/strong><\/p>\n<p>Un parte positivo present\u00f3 la Fiscal\u00eda seccional C\u00f3rdoba por medio de su directora, Cindy Tatiana Varga Tapia, quien entreg\u00f3 los resultados y avances obtenidos en la lucha contra los diversos delitos que afectan al departamento.<\/p>\n<figure id=\"attachment_262565\" aria-describedby=\"caption-attachment-262565\" style=\"width: 1280px\" class=\"wp-caption aligncenter\"><img loading=\"lazy\" decoding=\"async\" class=\"size-full wp-image-262565\" src=\"https:\/\/www.fiscalia.gov.co\/colombia\/wp-content\/uploads\/Foto-1-Grupo-Capital.jpg\" alt=\"En la imagen se aprecian 6 hombres detenidos y una mujer, entre investigadores de la Fiscal\u00eda y la Polic\u00eda y frente a tres motocicletas.\" width=\"1280\" height=\"730\" srcset=\"https:\/\/www.fiscalia.gov.co\/colombia\/wp-content\/uploads\/Foto-1-Grupo-Capital.jpg 1280w, https:\/\/www.fiscalia.gov.co\/colombia\/wp-content\/uploads\/Foto-1-Grupo-Capital-300x171.jpg 300w, https:\/\/www.fiscalia.gov.co\/colombia\/wp-content\/uploads\/Foto-1-Grupo-Capital-1024x584.jpg 1024w, https:\/\/www.fiscalia.gov.co\/colombia\/wp-content\/uploads\/Foto-1-Grupo-Capital-768x438.jpg 768w, https:\/\/www.fiscalia.gov.co\/colombia\/wp-content\/uploads\/Foto-1-Grupo-Capital-696x397.jpg 696w, https:\/\/www.fiscalia.gov.co\/colombia\/wp-content\/uploads\/Foto-1-Grupo-Capital-1068x609.jpg 1068w, https:\/\/www.fiscalia.gov.co\/colombia\/wp-content\/uploads\/Foto-1-Grupo-Capital-736x420.jpg 736w\" sizes=\"auto, (max-width: 1280px) 100vw, 1280px\" \/><figcaption id=\"caption-attachment-262565\" class=\"wp-caption-text\">El \u2018Grupo Capital\u2019 fue desarticulado en mayo de este a\u00f1o. Ser\u00eda responsables de varios homicidios en el departamento.<\/figcaption><\/figure>\n<p>En delitos priorizados como el feminicidio, se logr\u00f3 un esclarecimiento del 100 por ciento en los cinco casos reportados a lo largo del a\u00f1o.A su vez, se impactaron 14 estructuras, 6 dedicadas a la extorsi\u00f3n, 5 a los estupefacientes, 2 de homicidio y 1 de hurto.<\/p>\n<figure id=\"attachment_262566\" aria-describedby=\"caption-attachment-262566\" style=\"width: 1027px\" class=\"wp-caption aligncenter\"><img loading=\"lazy\" decoding=\"async\" class=\"size-full wp-image-262566\" src=\"https:\/\/www.fiscalia.gov.co\/colombia\/wp-content\/uploads\/Foto-2-Ferney-Urriaga-alias-banano-operacion-Tamesis.jpg\" alt=\"En la imagen se aprecia una persona detenida entre tres uniformados de la Polic\u00eda, el Ej\u00e9rcito y la Fiscal\u00eda.\" width=\"1027\" height=\"594\" srcset=\"https:\/\/www.fiscalia.gov.co\/colombia\/wp-content\/uploads\/Foto-2-Ferney-Urriaga-alias-banano-operacion-Tamesis.jpg 1027w, https:\/\/www.fiscalia.gov.co\/colombia\/wp-content\/uploads\/Foto-2-Ferney-Urriaga-alias-banano-operacion-Tamesis-300x174.jpg 300w, https:\/\/www.fiscalia.gov.co\/colombia\/wp-content\/uploads\/Foto-2-Ferney-Urriaga-alias-banano-operacion-Tamesis-1024x592.jpg 1024w, https:\/\/www.fiscalia.gov.co\/colombia\/wp-content\/uploads\/Foto-2-Ferney-Urriaga-alias-banano-operacion-Tamesis-768x444.jpg 768w, https:\/\/www.fiscalia.gov.co\/colombia\/wp-content\/uploads\/Foto-2-Ferney-Urriaga-alias-banano-operacion-Tamesis-696x403.jpg 696w, https:\/\/www.fiscalia.gov.co\/colombia\/wp-content\/uploads\/Foto-2-Ferney-Urriaga-alias-banano-operacion-Tamesis-726x420.jpg 726w\" sizes=\"auto, (max-width: 1027px) 100vw, 1027px\" \/><figcaption id=\"caption-attachment-262566\" class=\"wp-caption-text\">El 15 de mayo de 2022, se captur\u00f3 a Ferney Antonio Urriaga Bola\u00f1o, alias \u2018Banano\u2019, quien presuntamente hac\u00eda parte de la organizaci\u00f3n T\u00e1mesis.<\/figcaption><\/figure>\n<p>Por su parte, en los homicidios de mujeres, 10 de los 15 casos presentados fueron esclarecidos logrando un 66 por ciento de avance.<\/p>\n<p>De los 339 casos de homicidio se esclarecieron 159 lo que representa un 46 por ciento de avance.<\/p>\n<p>En violencia sexual de 295 casos, se esclarecieron 190, siendo el 64 por ciento de avance y en violencia intrafamiliar el 75 por ciento, ya que de 844 casos se esclarecieron 635 durante el a\u00f1o.<\/p>\n<figure id=\"attachment_262567\" aria-describedby=\"caption-attachment-262567\" style=\"width: 1280px\" class=\"wp-caption aligncenter\"><img loading=\"lazy\" decoding=\"async\" class=\"size-full wp-image-262567\" src=\"https:\/\/www.fiscalia.gov.co\/colombia\/wp-content\/uploads\/Foto-3-Organizacion-Trafico-Fauna.jpeg\" alt=\"\" width=\"1280\" height=\"566\" srcset=\"https:\/\/www.fiscalia.gov.co\/colombia\/wp-content\/uploads\/Foto-3-Organizacion-Trafico-Fauna.jpeg 1280w, https:\/\/www.fiscalia.gov.co\/colombia\/wp-content\/uploads\/Foto-3-Organizacion-Trafico-Fauna-300x133.jpeg 300w, https:\/\/www.fiscalia.gov.co\/colombia\/wp-content\/uploads\/Foto-3-Organizacion-Trafico-Fauna-1024x453.jpeg 1024w, https:\/\/www.fiscalia.gov.co\/colombia\/wp-content\/uploads\/Foto-3-Organizacion-Trafico-Fauna-768x340.jpeg 768w, https:\/\/www.fiscalia.gov.co\/colombia\/wp-content\/uploads\/Foto-3-Organizacion-Trafico-Fauna-696x308.jpeg 696w, https:\/\/www.fiscalia.gov.co\/colombia\/wp-content\/uploads\/Foto-3-Organizacion-Trafico-Fauna-1068x472.jpeg 1068w, https:\/\/www.fiscalia.gov.co\/colombia\/wp-content\/uploads\/Foto-3-Organizacion-Trafico-Fauna-950x420.jpeg 950w\" sizes=\"auto, (max-width: 1280px) 100vw, 1280px\" \/><figcaption id=\"caption-attachment-262567\" class=\"wp-caption-text\">Las m\u00e1s recientes operaciones de la Fiscal\u00eda terminaron con una organizaci\u00f3n dedicada al tr\u00e1fico de fauna silvestre.<\/figcaption><\/figure>\n<p>En el desarrollo de la estrategia de casos priorizados en estafa, por los accesos en cupos a la Universidad de C\u00f3rdoba, de 20 v\u00edctimas, se esclareci\u00f3 el 100 por ciento de los casos.<\/p>\n<p>Finalmente, en hurto violento se avanz\u00f3 en el 76 por ciento de los casos.<\/p>\n<p>Es importante destacar que durante el a\u00f1o se realizaron actividades con rutas itinerantes emblem\u00e1ticas como la ruta de los ni\u00f1os, ni\u00f1as y adolescentes en contextos escolares y de formaci\u00f3n deportiva y cultural de la regi\u00f3n.<\/p>\n<p>Por otra parte, la ruta de esclarecimiento itinerante estuvo en Monter\u00eda, Planeta Rica y Lorica y se inauguraron tres nuevos Puntos de Atenci\u00f3n de la Fiscal\u00eda (PAF), en los municipios de Cotorra, Pueblo Nuevo y San Bernardo del Viento, uno de ellos con la presencia del fiscal general, Francisco Barbosa Delgado.<\/p>\n<p>En la seccional C\u00f3rdoba, de 86 capturas en casos de organizaciones criminales, se lograron 77 medidas de aseguramiento lo que representa el 90% de efectividad.<\/p>\n<p>Se destacan las operationes T\u00e1mesis y Capital, en el delito de homicidio en la modalidad de sicariato, donde se presentaron 23 v\u00edctimas y se avanz\u00f3 un 100 por ciento en los casos. Como resultado hubo un 90% en el impacto a la reducci\u00f3n de este delito.<\/p>\n<p>Respecto a las operaciones en torno a la subestructura Javier Yepes Cantero, del Clan del Golfo, en operaciones en Tierralta y Chim\u00e1, entre el dos de enero y el 31 de marzo de este a\u00f1o, se identificaron 9 v\u00edctimas y dos victimarios, alias el \u2018mono\u2019 y alias \u2018Roberto\u2019.<\/p>\n<p>En los casos del supuesto \u2018Plan Pistola\u2019 que se ejecut\u00f3 en el departamento, en contra de la Polic\u00eda Nacional, de los cuatro polic\u00edas afectados, de los cuales tres fallecieron, fueron esclarecidos el 100 por ciento de los procesos.<\/p>\n<p>En las operaciones se incautaron 5 armas de fuego, se emitieron 38 \u00f3rdenes de captura, se interceptaron 203 l\u00edneas telef\u00f3nicas y 25 dispositivos electr\u00f3nicos logrando un avance del 75 por ciento.<\/p>\n<p>La seccional seguir\u00e1 trabajando con todo su capital humano para fortalecer la justicia en la regi\u00f3n.<\/p>\n<p><strong><br \/>\nLa Fiscal\u00eda General de la Naci\u00f3n habla con resultados.<\/strong><\/p>\n<p>VGHB\/FAGH\/CTVT\/DSC<\/p>\n<p><em><br \/>\nLa informaci\u00f3n contenida en este bolet\u00edn de prensa corresponde a la narraci\u00f3n de los hechos noticiosos objetivos, suministrados por los funcionarios encargados de adelantar las investigaciones penales al interior de la Fiscal\u00eda General de la Naci\u00f3n. Para el momento de la divulgaci\u00f3n de este comunicado, la situaci\u00f3n jur\u00eddica de la(s) persona(s) relacionada(s) se encuentra pendiente de resolver por la autoridad judicial competente, siempre bajo los preceptos de la presunci\u00f3n de inocencia, consagrados en el art\u00edculo 29 de la Constituci\u00f3n Pol\u00edtica y el art\u00edculo 7\u00ba de la Ley 906 de 2004.<\/em><\/p>\n<p><strong>Le puede interesar:<\/strong><\/p>\n<p><a href=\"https:\/\/www.fiscalia.gov.co\/colombia\/noticias\/positivo-balance-deja-el-2021-para-la-fiscalia-en-cordoba\/\">Positivo balance deja el 2021 para la Fiscal\u00eda en C\u00f3rdoba<\/a><\/p>\n<p><a href=\"https:\/\/www.fiscalia.gov.co\/colombia\/noticias\/con-presencia-en-los-territorios-y-nuevas-metodologias-investigativas-fiscal-general-de-la-nacion-francisco-barbosa-delgado-entrega-destacado-balance-de-su-segundo-ano-de-gestion\/\">Con presencia en los territorios y nuevas metodolog\u00edas investigativas, Fiscal General de la Naci\u00f3n, Francisco Barbosa Delgado, entrega destacado balance de su segundo a\u00f1o de gesti\u00f3n<\/a><\/p>\n\n<div class=\"twitter-share\"><a href=\"https:\/\/twitter.com\/intent\/tweet?via=fiscaliacol\" class=\"twitter-share-button\">Tweet<\/a><\/div>\n","protected":false},"excerpt":{"rendered":"<p>Dentro del balance de gesti\u00f3n del 2022 la seccional tuvo 100 por ciento de esclarecimiento en casos de feminicidios y avanz\u00f3 positivamente en casos de violencia sexual e intrafamiliar. Un [&hellip;]<\/p>\n","protected":false},"author":175,"featured_media":0,"comment_status":"closed","ping_status":"open","sticky":false,"template":"","format":"standard","meta":{"tdm_status":"","tdm_grid_status":"","footnotes":""},"categories":[1,332,24099],"tags":[33535,13531,24187,1047,33536,558,8446],"class_list":["post-262560","post","type-post","status-publish","format-standard","category-noticias","category-seccional-monteria","category-seguridad-territorial","tag-balance-de-gestion","tag-cordoba","tag-fiscalia-colombia","tag-fiscalia-general-de-la-nacion","tag-lucha-contra-el-delito","tag-policia-nacional","tag-resultados"],"yoast_head":"<!-- This site is optimized with the Yoast SEO plugin v24.3 - https:\/\/yoast.com\/wordpress\/plugins\/seo\/ -->\n<title>Fiscal\u00eda General de la Naci\u00f3n<\/title>\n<meta name=\"description\" content=\"P\u00e1gina oficial de la Fiscal\u00eda General de la Naci\u00f3n \u2013 Colombia. Garantizamos el acceso efectivo a la justicia, la verdad y la reparaci\u00f3n de las v\u00edctimas de los delitos.\" \/>\n<meta name=\"robots\" content=\"noindex, follow\" \/>\n<meta property=\"og:locale\" content=\"es_ES\" \/>\n<meta property=\"og:type\" content=\"article\" \/>\n<meta property=\"og:title\" content=\"Fiscal\u00eda General de la Naci\u00f3n\" \/>\n<meta property=\"og:description\" content=\"P\u00e1gina oficial de la Fiscal\u00eda General de la Naci\u00f3n \u2013 Colombia. Garantizamos el acceso efectivo a la justicia, la verdad y la reparaci\u00f3n de las v\u00edctimas de los delitos.\" \/>\n<meta property=\"og:url\" content=\"https:\/\/www.fiscalia.gov.co\/colombia\/noticias\/en-cordoba-la-fiscalia-impacto-durante-el-2022-14-estructuras-dedicadas-a-diversos-delitos\/\" \/>\n<meta property=\"og:site_name\" content=\"Fiscal\u00eda General de la Naci\u00f3n\" \/>\n<meta property=\"article:publisher\" content=\"https:\/\/www.facebook.com\/FiscaliaCol\" \/>\n<meta property=\"article:published_time\" content=\"2022-12-09T21:01:11+00:00\" \/>\n<meta property=\"og:image\" content=\"https:\/\/www.fiscalia.gov.co\/colombia\/wp-content\/uploads\/Foto-1-Grupo-Capital.jpg\" \/>\n<meta name=\"author\" content=\"Katherine Loaiza Mart\u00ednez\" \/>\n<meta name=\"twitter:card\" content=\"summary_large_image\" \/>\n<meta name=\"twitter:creator\" content=\"@FiscaliaCol\" \/>\n<meta name=\"twitter:site\" content=\"@FiscaliaCol\" \/>\n<meta name=\"twitter:label1\" content=\"Escrito por\" \/>\n\t<meta name=\"twitter:data1\" content=\"Katherine Loaiza Mart\u00ednez\" \/>\n\t<meta name=\"twitter:label2\" content=\"Tiempo de lectura\" \/>\n\t<meta name=\"twitter:data2\" content=\"4 minutos\" \/>\n<script type=\"application\/ld+json\" class=\"yoast-schema-graph\">{\"@context\":\"https:\/\/schema.org\",\"@graph\":[{\"@type\":\"Article\",\"@id\":\"https:\/\/www.fiscalia.gov.co\/colombia\/noticias\/en-cordoba-la-fiscalia-impacto-durante-el-2022-14-estructuras-dedicadas-a-diversos-delitos\/#article\",\"isPartOf\":{\"@id\":\"https:\/\/www.fiscalia.gov.co\/colombia\/noticias\/en-cordoba-la-fiscalia-impacto-durante-el-2022-14-estructuras-dedicadas-a-diversos-delitos\/\"},\"author\":{\"name\":\"Katherine Loaiza Mart\u00ednez\",\"@id\":\"https:\/\/www.fiscalia.gov.co\/colombia\/#\/schema\/person\/2e76b9aba5ecf875ed565ce4de0e0415\"},\"headline\":\"En C\u00f3rdoba la Fiscal\u00eda impact\u00f3, durante el 2022, 14 estructuras dedicadas a diversos delitos\",\"datePublished\":\"2022-12-09T21:01:11+00:00\",\"dateModified\":\"2022-12-09T21:01:11+00:00\",\"mainEntityOfPage\":{\"@id\":\"https:\/\/www.fiscalia.gov.co\/colombia\/noticias\/en-cordoba-la-fiscalia-impacto-durante-el-2022-14-estructuras-dedicadas-a-diversos-delitos\/\"},\"wordCount\":778,\"publisher\":{\"@id\":\"https:\/\/www.fiscalia.gov.co\/colombia\/#organization\"},\"image\":{\"@id\":\"https:\/\/www.fiscalia.gov.co\/colombia\/noticias\/en-cordoba-la-fiscalia-impacto-durante-el-2022-14-estructuras-dedicadas-a-diversos-delitos\/#primaryimage\"},\"thumbnailUrl\":\"https:\/\/www.fiscalia.gov.co\/colombia\/wp-content\/uploads\/Foto-1-Grupo-Capital.jpg\",\"keywords\":[\"balance de gesti\u00f3n\",\"C\u00f3rdoba\",\"Fiscal\u00eda Colombia\",\"Fiscal\u00eda General de la Naci\u00f3n\",\"lucha contra el delito\",\"Polic\u00eda Nacional\",\"Resultados\"],\"articleSection\":[\"Noticias\",\"Seccional Monter\u00eda\",\"Seguridad territorial\"],\"inLanguage\":\"es-CO\"},{\"@type\":\"WebPage\",\"@id\":\"https:\/\/www.fiscalia.gov.co\/colombia\/noticias\/en-cordoba-la-fiscalia-impacto-durante-el-2022-14-estructuras-dedicadas-a-diversos-delitos\/\",\"url\":\"https:\/\/www.fiscalia.gov.co\/colombia\/noticias\/en-cordoba-la-fiscalia-impacto-durante-el-2022-14-estructuras-dedicadas-a-diversos-delitos\/\",\"name\":\"Fiscal\u00eda General de la Naci\u00f3n\",\"isPartOf\":{\"@id\":\"https:\/\/www.fiscalia.gov.co\/colombia\/#website\"},\"primaryImageOfPage\":{\"@id\":\"https:\/\/www.fiscalia.gov.co\/colombia\/noticias\/en-cordoba-la-fiscalia-impacto-durante-el-2022-14-estructuras-dedicadas-a-diversos-delitos\/#primaryimage\"},\"image\":{\"@id\":\"https:\/\/www.fiscalia.gov.co\/colombia\/noticias\/en-cordoba-la-fiscalia-impacto-durante-el-2022-14-estructuras-dedicadas-a-diversos-delitos\/#primaryimage\"},\"thumbnailUrl\":\"https:\/\/www.fiscalia.gov.co\/colombia\/wp-content\/uploads\/Foto-1-Grupo-Capital.jpg\",\"datePublished\":\"2022-12-09T21:01:11+00:00\",\"dateModified\":\"2022-12-09T21:01:11+00:00\",\"description\":\"P\u00e1gina oficial de la Fiscal\u00eda General de la Naci\u00f3n \u2013 Colombia. Garantizamos el acceso efectivo a la justicia, la verdad y la reparaci\u00f3n de las v\u00edctimas de los delitos.\",\"breadcrumb\":{\"@id\":\"https:\/\/www.fiscalia.gov.co\/colombia\/noticias\/en-cordoba-la-fiscalia-impacto-durante-el-2022-14-estructuras-dedicadas-a-diversos-delitos\/#breadcrumb\"},\"inLanguage\":\"es-CO\",\"potentialAction\":[{\"@type\":\"ReadAction\",\"target\":[\"https:\/\/www.fiscalia.gov.co\/colombia\/noticias\/en-cordoba-la-fiscalia-impacto-durante-el-2022-14-estructuras-dedicadas-a-diversos-delitos\/\"]}]},{\"@type\":\"ImageObject\",\"inLanguage\":\"es-CO\",\"@id\":\"https:\/\/www.fiscalia.gov.co\/colombia\/noticias\/en-cordoba-la-fiscalia-impacto-durante-el-2022-14-estructuras-dedicadas-a-diversos-delitos\/#primaryimage\",\"url\":\"https:\/\/www.fiscalia.gov.co\/colombia\/wp-content\/uploads\/Foto-1-Grupo-Capital.jpg\",\"contentUrl\":\"https:\/\/www.fiscalia.gov.co\/colombia\/wp-content\/uploads\/Foto-1-Grupo-Capital.jpg\",\"width\":1280,\"height\":730,\"caption\":\"El \u2018Grupo Capital\u2019 fue desarticulado en mayo de este a\u00f1o. Ser\u00eda responsables de varios homicidios en el departamento.\"},{\"@type\":\"BreadcrumbList\",\"@id\":\"https:\/\/www.fiscalia.gov.co\/colombia\/noticias\/en-cordoba-la-fiscalia-impacto-durante-el-2022-14-estructuras-dedicadas-a-diversos-delitos\/#breadcrumb\",\"itemListElement\":[{\"@type\":\"ListItem\",\"position\":1,\"name\":\"Home\",\"item\":\"https:\/\/www.fiscalia.gov.co\/colombia\/\"},{\"@type\":\"ListItem\",\"position\":2,\"name\":\"En C\u00f3rdoba la Fiscal\u00eda impact\u00f3, durante el 2022, 14 estructuras dedicadas a diversos delitos\"}]},{\"@type\":\"WebSite\",\"@id\":\"https:\/\/www.fiscalia.gov.co\/colombia\/#website\",\"url\":\"https:\/\/www.fiscalia.gov.co\/colombia\/\",\"name\":\"Fiscal\u00eda General de la Naci\u00f3n\",\"description\":\"P\u00e1gina oficial de la Fiscal\u00eda General de la Naci\u00f3n \u2013 Colombia. Garantizamos el acceso efectivo a la justicia, la verdad y la reparaci\u00f3n de las v\u00edctimas de los delitos.\",\"publisher\":{\"@id\":\"https:\/\/www.fiscalia.gov.co\/colombia\/#organization\"},\"potentialAction\":[{\"@type\":\"SearchAction\",\"target\":{\"@type\":\"EntryPoint\",\"urlTemplate\":\"https:\/\/www.fiscalia.gov.co\/colombia\/?s={search_term_string}\"},\"query-input\":{\"@type\":\"PropertyValueSpecification\",\"valueRequired\":true,\"valueName\":\"search_term_string\"}}],\"inLanguage\":\"es-CO\"},{\"@type\":\"Organization\",\"@id\":\"https:\/\/www.fiscalia.gov.co\/colombia\/#organization\",\"name\":\"Fiscal\u00eda General de la Naci\u00f3n\",\"url\":\"https:\/\/www.fiscalia.gov.co\/colombia\/\",\"logo\":{\"@type\":\"ImageObject\",\"inLanguage\":\"es-CO\",\"@id\":\"https:\/\/www.fiscalia.gov.co\/colombia\/#\/schema\/logo\/image\/\",\"url\":\"https:\/\/www.fiscalia.gov.co\/colombia\/wp-content\/uploads\/LogoHorizontal_1.jpg\",\"contentUrl\":\"https:\/\/www.fiscalia.gov.co\/colombia\/wp-content\/uploads\/LogoHorizontal_1.jpg\",\"width\":300,\"height\":90,\"caption\":\"Fiscal\u00eda General de la Naci\u00f3n\"},\"image\":{\"@id\":\"https:\/\/www.fiscalia.gov.co\/colombia\/#\/schema\/logo\/image\/\"},\"sameAs\":[\"https:\/\/www.facebook.com\/FiscaliaCol\",\"https:\/\/x.com\/FiscaliaCol\",\"https:\/\/www.instagram.com\/fiscaliacol\",\"https:\/\/www.linkedin.com\/company\/fiscalia-general-de-la-naci-n\/\",\"https:\/\/youtube.com\/@fiscaliageneraldelanacion-4668?si=6nN79nyQICPU5iTh\"]},{\"@type\":\"Person\",\"@id\":\"https:\/\/www.fiscalia.gov.co\/colombia\/#\/schema\/person\/2e76b9aba5ecf875ed565ce4de0e0415\",\"name\":\"Katherine Loaiza Mart\u00ednez\",\"image\":{\"@type\":\"ImageObject\",\"inLanguage\":\"es-CO\",\"@id\":\"https:\/\/www.fiscalia.gov.co\/colombia\/#\/schema\/person\/image\/\",\"url\":\"https:\/\/secure.gravatar.com\/avatar\/ab775a2f394c1b83b6d6f78680e57b50?s=96&d=mm&r=g\",\"contentUrl\":\"https:\/\/secure.gravatar.com\/avatar\/ab775a2f394c1b83b6d6f78680e57b50?s=96&d=mm&r=g\",\"caption\":\"Katherine Loaiza Mart\u00ednez\"},\"url\":\"https:\/\/www.fiscalia.gov.co\/colombia\/author\/kloaiza\/\"}]}<\/script>\n<!-- \/ Yoast SEO plugin. -->","yoast_head_json":{"title":"Fiscal\u00eda General de la Naci\u00f3n","description":"P\u00e1gina oficial de la Fiscal\u00eda General de la Naci\u00f3n \u2013 Colombia. Garantizamos el acceso efectivo a la justicia, la verdad y la reparaci\u00f3n de las v\u00edctimas de los delitos.","robots":{"index":"noindex","follow":"follow"},"og_locale":"es_ES","og_type":"article","og_title":"Fiscal\u00eda General de la Naci\u00f3n","og_description":"P\u00e1gina oficial de la Fiscal\u00eda General de la Naci\u00f3n \u2013 Colombia. Garantizamos el acceso efectivo a la justicia, la verdad y la reparaci\u00f3n de las v\u00edctimas de los delitos.","og_url":"https:\/\/www.fiscalia.gov.co\/colombia\/noticias\/en-cordoba-la-fiscalia-impacto-durante-el-2022-14-estructuras-dedicadas-a-diversos-delitos\/","og_site_name":"Fiscal\u00eda General de la Naci\u00f3n","article_publisher":"https:\/\/www.facebook.com\/FiscaliaCol","article_published_time":"2022-12-09T21:01:11+00:00","og_image":[{"url":"https:\/\/www.fiscalia.gov.co\/colombia\/wp-content\/uploads\/Foto-1-Grupo-Capital.jpg","type":"","width":"","height":""}],"author":"Katherine Loaiza Mart\u00ednez","twitter_card":"summary_large_image","twitter_creator":"@FiscaliaCol","twitter_site":"@FiscaliaCol","twitter_misc":{"Escrito por":"Katherine Loaiza Mart\u00ednez","Tiempo de lectura":"4 minutos"},"schema":{"@context":"https:\/\/schema.org","@graph":[{"@type":"Article","@id":"https:\/\/www.fiscalia.gov.co\/colombia\/noticias\/en-cordoba-la-fiscalia-impacto-durante-el-2022-14-estructuras-dedicadas-a-diversos-delitos\/#article","isPartOf":{"@id":"https:\/\/www.fiscalia.gov.co\/colombia\/noticias\/en-cordoba-la-fiscalia-impacto-durante-el-2022-14-estructuras-dedicadas-a-diversos-delitos\/"},"author":{"name":"Katherine Loaiza Mart\u00ednez","@id":"https:\/\/www.fiscalia.gov.co\/colombia\/#\/schema\/person\/2e76b9aba5ecf875ed565ce4de0e0415"},"headline":"En C\u00f3rdoba la Fiscal\u00eda impact\u00f3, durante el 2022, 14 estructuras dedicadas a diversos delitos","datePublished":"2022-12-09T21:01:11+00:00","dateModified":"2022-12-09T21:01:11+00:00","mainEntityOfPage":{"@id":"https:\/\/www.fiscalia.gov.co\/colombia\/noticias\/en-cordoba-la-fiscalia-impacto-durante-el-2022-14-estructuras-dedicadas-a-diversos-delitos\/"},"wordCount":778,"publisher":{"@id":"https:\/\/www.fiscalia.gov.co\/colombia\/#organization"},"image":{"@id":"https:\/\/www.fiscalia.gov.co\/colombia\/noticias\/en-cordoba-la-fiscalia-impacto-durante-el-2022-14-estructuras-dedicadas-a-diversos-delitos\/#primaryimage"},"thumbnailUrl":"https:\/\/www.fiscalia.gov.co\/colombia\/wp-content\/uploads\/Foto-1-Grupo-Capital.jpg","keywords":["balance de gesti\u00f3n","C\u00f3rdoba","Fiscal\u00eda Colombia","Fiscal\u00eda General de la Naci\u00f3n","lucha contra el delito","Polic\u00eda Nacional","Resultados"],"articleSection":["Noticias","Seccional Monter\u00eda","Seguridad territorial"],"inLanguage":"es-CO"},{"@type":"WebPage","@id":"https:\/\/www.fiscalia.gov.co\/colombia\/noticias\/en-cordoba-la-fiscalia-impacto-durante-el-2022-14-estructuras-dedicadas-a-diversos-delitos\/","url":"https:\/\/www.fiscalia.gov.co\/colombia\/noticias\/en-cordoba-la-fiscalia-impacto-durante-el-2022-14-estructuras-dedicadas-a-diversos-delitos\/","name":"Fiscal\u00eda General de la Naci\u00f3n","isPartOf":{"@id":"https:\/\/www.fiscalia.gov.co\/colombia\/#website"},"primaryImageOfPage":{"@id":"https:\/\/www.fiscalia.gov.co\/colombia\/noticias\/en-cordoba-la-fiscalia-impacto-durante-el-2022-14-estructuras-dedicadas-a-diversos-delitos\/#primaryimage"},"image":{"@id":"https:\/\/www.fiscalia.gov.co\/colombia\/noticias\/en-cordoba-la-fiscalia-impacto-durante-el-2022-14-estructuras-dedicadas-a-diversos-delitos\/#primaryimage"},"thumbnailUrl":"https:\/\/www.fiscalia.gov.co\/colombia\/wp-content\/uploads\/Foto-1-Grupo-Capital.jpg","datePublished":"2022-12-09T21:01:11+00:00","dateModified":"2022-12-09T21:01:11+00:00","description":"P\u00e1gina oficial de la Fiscal\u00eda General de la Naci\u00f3n \u2013 Colombia. Garantizamos el acceso efectivo a la justicia, la verdad y la reparaci\u00f3n de las v\u00edctimas de los delitos.","breadcrumb":{"@id":"https:\/\/www.fiscalia.gov.co\/colombia\/noticias\/en-cordoba-la-fiscalia-impacto-durante-el-2022-14-estructuras-dedicadas-a-diversos-delitos\/#breadcrumb"},"inLanguage":"es-CO","potentialAction":[{"@type":"ReadAction","target":["https:\/\/www.fiscalia.gov.co\/colombia\/noticias\/en-cordoba-la-fiscalia-impacto-durante-el-2022-14-estructuras-dedicadas-a-diversos-delitos\/"]}]},{"@type":"ImageObject","inLanguage":"es-CO","@id":"https:\/\/www.fiscalia.gov.co\/colombia\/noticias\/en-cordoba-la-fiscalia-impacto-durante-el-2022-14-estructuras-dedicadas-a-diversos-delitos\/#primaryimage","url":"https:\/\/www.fiscalia.gov.co\/colombia\/wp-content\/uploads\/Foto-1-Grupo-Capital.jpg","contentUrl":"https:\/\/www.fiscalia.gov.co\/colombia\/wp-content\/uploads\/Foto-1-Grupo-Capital.jpg","width":1280,"height":730,"caption":"El \u2018Grupo Capital\u2019 fue desarticulado en mayo de este a\u00f1o. Ser\u00eda responsables de varios homicidios en el departamento."},{"@type":"BreadcrumbList","@id":"https:\/\/www.fiscalia.gov.co\/colombia\/noticias\/en-cordoba-la-fiscalia-impacto-durante-el-2022-14-estructuras-dedicadas-a-diversos-delitos\/#breadcrumb","itemListElement":[{"@type":"ListItem","position":1,"name":"Home","item":"https:\/\/www.fiscalia.gov.co\/colombia\/"},{"@type":"ListItem","position":2,"name":"En C\u00f3rdoba la Fiscal\u00eda impact\u00f3, durante el 2022, 14 estructuras dedicadas a diversos delitos"}]},{"@type":"WebSite","@id":"https:\/\/www.fiscalia.gov.co\/colombia\/#website","url":"https:\/\/www.fiscalia.gov.co\/colombia\/","name":"Fiscal\u00eda General de la Naci\u00f3n","description":"P\u00e1gina oficial de la Fiscal\u00eda General de la Naci\u00f3n \u2013 Colombia. Garantizamos el acceso efectivo a la justicia, la verdad y la reparaci\u00f3n de las v\u00edctimas de los delitos.","publisher":{"@id":"https:\/\/www.fiscalia.gov.co\/colombia\/#organization"},"potentialAction":[{"@type":"SearchAction","target":{"@type":"EntryPoint","urlTemplate":"https:\/\/www.fiscalia.gov.co\/colombia\/?s={search_term_string}"},"query-input":{"@type":"PropertyValueSpecification","valueRequired":true,"valueName":"search_term_string"}}],"inLanguage":"es-CO"},{"@type":"Organization","@id":"https:\/\/www.fiscalia.gov.co\/colombia\/#organization","name":"Fiscal\u00eda General de la Naci\u00f3n","url":"https:\/\/www.fiscalia.gov.co\/colombia\/","logo":{"@type":"ImageObject","inLanguage":"es-CO","@id":"https:\/\/www.fiscalia.gov.co\/colombia\/#\/schema\/logo\/image\/","url":"https:\/\/www.fiscalia.gov.co\/colombia\/wp-content\/uploads\/LogoHorizontal_1.jpg","contentUrl":"https:\/\/www.fiscalia.gov.co\/colombia\/wp-content\/uploads\/LogoHorizontal_1.jpg","width":300,"height":90,"caption":"Fiscal\u00eda General de la Naci\u00f3n"},"image":{"@id":"https:\/\/www.fiscalia.gov.co\/colombia\/#\/schema\/logo\/image\/"},"sameAs":["https:\/\/www.facebook.com\/FiscaliaCol","https:\/\/x.com\/FiscaliaCol","https:\/\/www.instagram.com\/fiscaliacol","https:\/\/www.linkedin.com\/company\/fiscalia-general-de-la-naci-n\/","https:\/\/youtube.com\/@fiscaliageneraldelanacion-4668?si=6nN79nyQICPU5iTh"]},{"@type":"Person","@id":"https:\/\/www.fiscalia.gov.co\/colombia\/#\/schema\/person\/2e76b9aba5ecf875ed565ce4de0e0415","name":"Katherine Loaiza Mart\u00ednez","image":{"@type":"ImageObject","inLanguage":"es-CO","@id":"https:\/\/www.fiscalia.gov.co\/colombia\/#\/schema\/person\/image\/","url":"https:\/\/secure.gravatar.com\/avatar\/ab775a2f394c1b83b6d6f78680e57b50?s=96&d=mm&r=g","contentUrl":"https:\/\/secure.gravatar.com\/avatar\/ab775a2f394c1b83b6d6f78680e57b50?s=96&d=mm&r=g","caption":"Katherine Loaiza Mart\u00ednez"},"url":"https:\/\/www.fiscalia.gov.co\/colombia\/author\/kloaiza\/"}]}},"_links":{"self":[{"href":"https:\/\/www.fiscalia.gov.co\/colombia\/wp-json\/wp\/v2\/posts\/262560","targetHints":{"allow":["GET"]}}],"collection":[{"href":"https:\/\/www.fiscalia.gov.co\/colombia\/wp-json\/wp\/v2\/posts"}],"about":[{"href":"https:\/\/www.fiscalia.gov.co\/colombia\/wp-json\/wp\/v2\/types\/post"}],"author":[{"embeddable":true,"href":"https:\/\/www.fiscalia.gov.co\/colombia\/wp-json\/wp\/v2\/users\/175"}],"replies":[{"embeddable":true,"href":"https:\/\/www.fiscalia.gov.co\/colombia\/wp-json\/wp\/v2\/comments?post=262560"}],"version-history":[{"count":1,"href":"https:\/\/www.fiscalia.gov.co\/colombia\/wp-json\/wp\/v2\/posts\/262560\/revisions"}],"predecessor-version":[{"id":262568,"href":"https:\/\/www.fiscalia.gov.co\/colombia\/wp-json\/wp\/v2\/posts\/262560\/revisions\/262568"}],"wp:attachment":[{"href":"https:\/\/www.fiscalia.gov.co\/colombia\/wp-json\/wp\/v2\/media?parent=262560"}],"wp:term":[{"taxonomy":"category","embeddable":true,"href":"https:\/\/www.fiscalia.gov.co\/colombia\/wp-json\/wp\/v2\/categories?post=262560"},{"taxonomy":"post_tag","embeddable":true,"href":"https:\/\/www.fiscalia.gov.co\/colombia\/wp-json\/wp\/v2\/tags?post=262560"}],"curies":[{"name":"wp","href":"https:\/\/api.w.org\/{rel}","templated":true}]}}