{"id":262557,"date":"2022-12-09T15:51:09","date_gmt":"2022-12-09T20:51:09","guid":{"rendered":"https:\/\/www.fiscalia.gov.co\/colombia\/?p=262557"},"modified":"2022-12-16T12:41:56","modified_gmt":"2022-12-16T17:41:56","slug":"judicializados-hermanos-que-presuntamente-abusaron-sexualmente-de-una-prima","status":"publish","type":"post","link":"https:\/\/www.fiscalia.gov.co\/colombia\/noticias\/judicializados-hermanos-que-presuntamente-abusaron-sexualmente-de-una-prima\/","title":{"rendered":"Judicializados hermanos que presuntamente abusaron sexualmente de una prima"},"content":{"rendered":"<blockquote>\n<h4 style=\"text-align: left;\"><strong><em>De acuerdo con la investigaci\u00f3n la hermana del victimario convid\u00f3 a su familiar a una playa para que \u00e9ste, al parecer, la accediera carnalmente, mientras ella observaba.<\/em><\/strong><\/h4>\n<\/blockquote>\n<p>&nbsp;<\/p>\n<p>Gracias a la solicitud de una fiscal del Centro de Atenci\u00f3n Integral a V\u00edctimas de Abuso Sexual (Caivas), un juez dict\u00f3 medida de aseguramiento intramural en contra de Carlos Andr\u00e9s de la Rosa Elguedo y medida domiciliaria para Daniela de la Rosa Elguedo por su presunta responsabilidad en el delito de acceso carnal violento agravado en calidad de coautora.<\/p>\n<figure id=\"attachment_262558\" aria-describedby=\"caption-attachment-262558\" style=\"width: 814px\" class=\"wp-caption aligncenter\"><img loading=\"lazy\" decoding=\"async\" class=\"size-full wp-image-262558\" src=\"https:\/\/www.fiscalia.gov.co\/colombia\/wp-content\/uploads\/Primos-abusadores.jpeg\" alt=\"En la imagen se ven dos personas, hombre y mujer, entre uniformados de la Polic\u00eda.\" width=\"814\" height=\"750\" srcset=\"https:\/\/www.fiscalia.gov.co\/colombia\/wp-content\/uploads\/Primos-abusadores.jpeg 814w, https:\/\/www.fiscalia.gov.co\/colombia\/wp-content\/uploads\/Primos-abusadores-300x276.jpeg 300w, https:\/\/www.fiscalia.gov.co\/colombia\/wp-content\/uploads\/Primos-abusadores-768x708.jpeg 768w, https:\/\/www.fiscalia.gov.co\/colombia\/wp-content\/uploads\/Primos-abusadores-696x641.jpeg 696w, https:\/\/www.fiscalia.gov.co\/colombia\/wp-content\/uploads\/Primos-abusadores-456x420.jpeg 456w\" sizes=\"auto, (max-width: 814px) 100vw, 814px\" \/><figcaption id=\"caption-attachment-262558\" class=\"wp-caption-text\">Seg\u00fan la Fiscal\u00eda los hermanos, al parecer, participaron en el abuso de una de sus familiares, en una playa de C\u00f3rdoba.<\/figcaption><\/figure>\n<p>Seg\u00fan el ente investigador la v\u00edctima de 18 a\u00f1os y qui\u00e9n es prima de los hoy indiciados, fue invitada por Daniela a la playa y estando all\u00ed a los cinco minutos lleg\u00f3 su primo Carlos Andr\u00e9s y cuando ella manifest\u00f3 que se quer\u00eda ir porque oscurec\u00eda el imputado la tom\u00f3 muy fuerte por los brazos, la tir\u00f3 en la arena, le subi\u00f3 la falta y, al parecer, la accedi\u00f3 carnalmente.<\/p>\n<p>Cuando la v\u00edctima le pidi\u00f3 ayuda a su prima Daniela, de acuerdo al expediente, \u00e9sta solo observ\u00f3. Minutos despu\u00e9s el imputado la amenaz\u00f3 con agredirla si contaba algo. La v\u00edctima regres\u00f3 con sus victimarios a la casa de sus abuelos donde le pidieron que se ba\u00f1ara.<\/p>\n<p>Los hechos habr\u00edan ocurrido el 5 de octubre del 2020 en las playas del municipio de Los C\u00f3rdobas (C\u00f3rdoba).<\/p>\n<p>Luego de que un juez promiscuo municipal expidiera orden de captura en contra de los procesados, el 6 de diciembre en curso fueron detenidos en el mismo municipio y durante las audiencias no se allanaron al cargo endilgado por la Fiscal\u00eda.<\/p>\n<p>&nbsp;<\/p>\n<p><strong>La Fiscal\u00eda General de la Naci\u00f3n habla con resultados.<\/strong><\/p>\n<p>&nbsp;<\/p>\n<p>VHGB\/FAGH\/MCR\/DSC<\/p>\n<p>&nbsp;<\/p>\n<p><em>La informaci\u00f3n contenida en este bolet\u00edn de prensa corresponde a la narraci\u00f3n de los hechos noticiosos objetivos, suministrados por los funcionarios encargados de adelantar las investigaciones penales al interior de la Fiscal\u00eda General de la Naci\u00f3n. Para el momento de la divulgaci\u00f3n de este comunicado, la situaci\u00f3n jur\u00eddica de la(s) persona(s) relacionada(s) se encuentra pendiente de resolver por la autoridad judicial competente, siempre bajo los preceptos de la presunci\u00f3n de inocencia, consagrados en el art\u00edculo 29 de la Constituci\u00f3n Pol\u00edtica y el art\u00edculo 7\u00ba de la Ley 906 de 2004.<\/em><\/p>\n<p>&nbsp;<\/p>\n<p><strong>Le puede interesar:<\/strong><\/p>\n<p>&nbsp;<\/p>\n<p><a href=\"https:\/\/www.fiscalia.gov.co\/colombia\/seccionales\/a-prision-envian-a-un-hombre-presuntamente-implicado-en-el-abuso-sexual-de-dos-de-sus-primos\/\">A prisi\u00f3n env\u00edan a un hombre, presuntamente, implicado en el abus\u00f3 sexual de dos de sus primos<\/a><\/p>\n<p><a href=\"http:\/\/xn--a%20la%20crcel%20por%20presunto%20abuso%20sexual%20a%20sus%20primos-0nf\/\">A la c\u00e1rcel por presunto abuso sexual a sus primos<\/a><\/p>\n<p>&nbsp;<\/p>\n<p>&nbsp;<\/p>\n\n<div class=\"twitter-share\"><a href=\"https:\/\/twitter.com\/intent\/tweet?via=fiscaliacol\" class=\"twitter-share-button\">Tweet<\/a><\/div>\n","protected":false},"excerpt":{"rendered":"<p>De acuerdo con la investigaci\u00f3n la hermana del victimario convid\u00f3 a su familiar a una playa para que \u00e9ste, al parecer, la accediera carnalmente, mientras ella observaba. &nbsp; Gracias a la solicitud de una fiscal del Centro de Atenci\u00f3n Integral a V\u00edctimas de Abuso Sexual (Caivas), un juez dict\u00f3 medida de aseguramiento intramural en contra [&hellip;]<\/p>\n","protected":false},"author":175,"featured_media":0,"comment_status":"closed","ping_status":"open","sticky":false,"template":"","format":"video","meta":{"_price":"","_stock":"","_tribe_ticket_header":"","_tribe_default_ticket_provider":"","_tribe_ticket_capacity":"0","_ticket_start_date":"","_ticket_end_date":"","_tribe_ticket_show_description":"","_tribe_ticket_show_not_going":false,"_tribe_ticket_use_global_stock":"","_tribe_ticket_global_stock_level":"","_global_stock_mode":"","_global_stock_cap":"","_tribe_rsvp_for_event":"","_tribe_ticket_going_count":"","_tribe_ticket_not_going_count":"","_tribe_tickets_list":"[]","_tribe_ticket_has_attendee_info_fields":false,"tdm_status":"","tdm_grid_status":"","footnotes":""},"categories":[1,332,24099],"tags":[801,13531,24187,1047,1185,558,18897,24637],"class_list":{"0":"post-262557","1":"post","2":"type-post","3":"status-publish","4":"format-video","6":"category-noticias","7":"category-seccional-monteria","8":"category-seguridad-territorial","9":"tag-abuso-sexual","10":"tag-cordoba","11":"tag-fiscalia-colombia","12":"tag-fiscalia-general-de-la-nacion","13":"tag-medida-de-aseguramiento","14":"tag-policia-nacional","15":"tag-prima","16":"tag-primos","17":"post_format-post-format-video"},"yoast_head":"<!-- This site is optimized with the Yoast SEO plugin v24.3 - https:\/\/yoast.com\/wordpress\/plugins\/seo\/ -->\n<title>Fiscal\u00eda General de la Naci\u00f3n<\/title>\n<meta name=\"description\" content=\"P\u00e1gina oficial de la Fiscal\u00eda General de la Naci\u00f3n \u2013 Colombia. Garantizamos el acceso efectivo a la justicia, la verdad y la reparaci\u00f3n de las v\u00edctimas de los delitos.\" \/>\n<meta name=\"robots\" content=\"noindex, follow\" \/>\n<meta property=\"og:locale\" content=\"es_ES\" \/>\n<meta property=\"og:type\" content=\"article\" \/>\n<meta property=\"og:title\" content=\"Fiscal\u00eda General de la Naci\u00f3n\" \/>\n<meta property=\"og:description\" content=\"P\u00e1gina oficial de la Fiscal\u00eda General de la Naci\u00f3n \u2013 Colombia. Garantizamos el acceso efectivo a la justicia, la verdad y la reparaci\u00f3n de las v\u00edctimas de los delitos.\" \/>\n<meta property=\"og:url\" content=\"https:\/\/www.fiscalia.gov.co\/colombia\/noticias\/judicializados-hermanos-que-presuntamente-abusaron-sexualmente-de-una-prima\/\" \/>\n<meta property=\"og:site_name\" content=\"Fiscal\u00eda General de la Naci\u00f3n\" \/>\n<meta property=\"article:publisher\" content=\"https:\/\/www.facebook.com\/FiscaliaCol\" \/>\n<meta property=\"article:published_time\" content=\"2022-12-09T20:51:09+00:00\" \/>\n<meta property=\"article:modified_time\" content=\"2022-12-16T17:41:56+00:00\" \/>\n<meta property=\"og:image\" content=\"https:\/\/www.fiscalia.gov.co\/colombia\/wp-content\/uploads\/Primos-abusadores.jpeg\" \/>\n<meta name=\"author\" content=\"Katherine Loaiza Mart\u00ednez\" \/>\n<meta name=\"twitter:card\" content=\"summary_large_image\" \/>\n<meta name=\"twitter:creator\" content=\"@FiscaliaCol\" \/>\n<meta name=\"twitter:site\" content=\"@FiscaliaCol\" \/>\n<meta name=\"twitter:label1\" content=\"Escrito por\" \/>\n\t<meta name=\"twitter:data1\" content=\"Katherine Loaiza Mart\u00ednez\" \/>\n\t<meta name=\"twitter:label2\" content=\"Tiempo de lectura\" \/>\n\t<meta name=\"twitter:data2\" content=\"2 minutos\" \/>\n<script type=\"application\/ld+json\" class=\"yoast-schema-graph\">{\"@context\":\"https:\/\/schema.org\",\"@graph\":[{\"@type\":\"Article\",\"@id\":\"https:\/\/www.fiscalia.gov.co\/colombia\/noticias\/judicializados-hermanos-que-presuntamente-abusaron-sexualmente-de-una-prima\/#article\",\"isPartOf\":{\"@id\":\"https:\/\/www.fiscalia.gov.co\/colombia\/noticias\/judicializados-hermanos-que-presuntamente-abusaron-sexualmente-de-una-prima\/\"},\"author\":{\"name\":\"Katherine Loaiza Mart\u00ednez\",\"@id\":\"https:\/\/www.fiscalia.gov.co\/colombia\/#\/schema\/person\/2e76b9aba5ecf875ed565ce4de0e0415\"},\"headline\":\"Judicializados hermanos que presuntamente abusaron sexualmente de una prima\",\"datePublished\":\"2022-12-09T20:51:09+00:00\",\"dateModified\":\"2022-12-16T17:41:56+00:00\",\"mainEntityOfPage\":{\"@id\":\"https:\/\/www.fiscalia.gov.co\/colombia\/noticias\/judicializados-hermanos-que-presuntamente-abusaron-sexualmente-de-una-prima\/\"},\"wordCount\":475,\"publisher\":{\"@id\":\"https:\/\/www.fiscalia.gov.co\/colombia\/#organization\"},\"image\":{\"@id\":\"https:\/\/www.fiscalia.gov.co\/colombia\/noticias\/judicializados-hermanos-que-presuntamente-abusaron-sexualmente-de-una-prima\/#primaryimage\"},\"thumbnailUrl\":\"https:\/\/www.fiscalia.gov.co\/colombia\/wp-content\/uploads\/Primos-abusadores.jpeg\",\"keywords\":[\"Abuso sexual\",\"C\u00f3rdoba\",\"Fiscal\u00eda Colombia\",\"Fiscal\u00eda General de la Naci\u00f3n\",\"Medida de aseguramiento\",\"Polic\u00eda Nacional\",\"Prima\",\"primos\"],\"articleSection\":[\"Noticias\",\"Seccional Monter\u00eda\",\"Seguridad territorial\"],\"inLanguage\":\"es-CO\"},{\"@type\":\"WebPage\",\"@id\":\"https:\/\/www.fiscalia.gov.co\/colombia\/noticias\/judicializados-hermanos-que-presuntamente-abusaron-sexualmente-de-una-prima\/\",\"url\":\"https:\/\/www.fiscalia.gov.co\/colombia\/noticias\/judicializados-hermanos-que-presuntamente-abusaron-sexualmente-de-una-prima\/\",\"name\":\"Fiscal\u00eda General de la Naci\u00f3n\",\"isPartOf\":{\"@id\":\"https:\/\/www.fiscalia.gov.co\/colombia\/#website\"},\"primaryImageOfPage\":{\"@id\":\"https:\/\/www.fiscalia.gov.co\/colombia\/noticias\/judicializados-hermanos-que-presuntamente-abusaron-sexualmente-de-una-prima\/#primaryimage\"},\"image\":{\"@id\":\"https:\/\/www.fiscalia.gov.co\/colombia\/noticias\/judicializados-hermanos-que-presuntamente-abusaron-sexualmente-de-una-prima\/#primaryimage\"},\"thumbnailUrl\":\"https:\/\/www.fiscalia.gov.co\/colombia\/wp-content\/uploads\/Primos-abusadores.jpeg\",\"datePublished\":\"2022-12-09T20:51:09+00:00\",\"dateModified\":\"2022-12-16T17:41:56+00:00\",\"description\":\"P\u00e1gina oficial de la Fiscal\u00eda General de la Naci\u00f3n \u2013 Colombia. Garantizamos el acceso efectivo a la justicia, la verdad y la reparaci\u00f3n de las v\u00edctimas de los delitos.\",\"breadcrumb\":{\"@id\":\"https:\/\/www.fiscalia.gov.co\/colombia\/noticias\/judicializados-hermanos-que-presuntamente-abusaron-sexualmente-de-una-prima\/#breadcrumb\"},\"inLanguage\":\"es-CO\",\"potentialAction\":[{\"@type\":\"ReadAction\",\"target\":[\"https:\/\/www.fiscalia.gov.co\/colombia\/noticias\/judicializados-hermanos-que-presuntamente-abusaron-sexualmente-de-una-prima\/\"]}]},{\"@type\":\"ImageObject\",\"inLanguage\":\"es-CO\",\"@id\":\"https:\/\/www.fiscalia.gov.co\/colombia\/noticias\/judicializados-hermanos-que-presuntamente-abusaron-sexualmente-de-una-prima\/#primaryimage\",\"url\":\"https:\/\/www.fiscalia.gov.co\/colombia\/wp-content\/uploads\/Primos-abusadores.jpeg\",\"contentUrl\":\"https:\/\/www.fiscalia.gov.co\/colombia\/wp-content\/uploads\/Primos-abusadores.jpeg\",\"width\":814,\"height\":750,\"caption\":\"Seg\u00fan la Fiscal\u00eda los hermanos, al parecer, participaron en el abuso de una de sus familiares, en una playa de C\u00f3rdoba. \u00a0\"},{\"@type\":\"BreadcrumbList\",\"@id\":\"https:\/\/www.fiscalia.gov.co\/colombia\/noticias\/judicializados-hermanos-que-presuntamente-abusaron-sexualmente-de-una-prima\/#breadcrumb\",\"itemListElement\":[{\"@type\":\"ListItem\",\"position\":1,\"name\":\"Home\",\"item\":\"https:\/\/www.fiscalia.gov.co\/colombia\/\"},{\"@type\":\"ListItem\",\"position\":2,\"name\":\"Judicializados hermanos que presuntamente abusaron sexualmente de una prima\"}]},{\"@type\":\"WebSite\",\"@id\":\"https:\/\/www.fiscalia.gov.co\/colombia\/#website\",\"url\":\"https:\/\/www.fiscalia.gov.co\/colombia\/\",\"name\":\"Fiscal\u00eda General de la Naci\u00f3n\",\"description\":\"P\u00e1gina oficial de la Fiscal\u00eda General de la Naci\u00f3n \u2013 Colombia. Garantizamos el acceso efectivo a la justicia, la verdad y la reparaci\u00f3n de las v\u00edctimas de los delitos.\",\"publisher\":{\"@id\":\"https:\/\/www.fiscalia.gov.co\/colombia\/#organization\"},\"potentialAction\":[{\"@type\":\"SearchAction\",\"target\":{\"@type\":\"EntryPoint\",\"urlTemplate\":\"https:\/\/www.fiscalia.gov.co\/colombia\/?s={search_term_string}\"},\"query-input\":{\"@type\":\"PropertyValueSpecification\",\"valueRequired\":true,\"valueName\":\"search_term_string\"}}],\"inLanguage\":\"es-CO\"},{\"@type\":\"Organization\",\"@id\":\"https:\/\/www.fiscalia.gov.co\/colombia\/#organization\",\"name\":\"Fiscal\u00eda General de la Naci\u00f3n\",\"url\":\"https:\/\/www.fiscalia.gov.co\/colombia\/\",\"logo\":{\"@type\":\"ImageObject\",\"inLanguage\":\"es-CO\",\"@id\":\"https:\/\/www.fiscalia.gov.co\/colombia\/#\/schema\/logo\/image\/\",\"url\":\"https:\/\/www.fiscalia.gov.co\/colombia\/wp-content\/uploads\/LogoHorizontal_1.jpg\",\"contentUrl\":\"https:\/\/www.fiscalia.gov.co\/colombia\/wp-content\/uploads\/LogoHorizontal_1.jpg\",\"width\":300,\"height\":90,\"caption\":\"Fiscal\u00eda General de la Naci\u00f3n\"},\"image\":{\"@id\":\"https:\/\/www.fiscalia.gov.co\/colombia\/#\/schema\/logo\/image\/\"},\"sameAs\":[\"https:\/\/www.facebook.com\/FiscaliaCol\",\"https:\/\/x.com\/FiscaliaCol\",\"https:\/\/www.instagram.com\/fiscaliacol\",\"https:\/\/www.linkedin.com\/company\/fiscalia-general-de-la-naci-n\/\",\"https:\/\/youtube.com\/@fiscaliageneraldelanacion-4668?si=6nN79nyQICPU5iTh\"]},{\"@type\":\"Person\",\"@id\":\"https:\/\/www.fiscalia.gov.co\/colombia\/#\/schema\/person\/2e76b9aba5ecf875ed565ce4de0e0415\",\"name\":\"Katherine Loaiza Mart\u00ednez\",\"image\":{\"@type\":\"ImageObject\",\"inLanguage\":\"es-CO\",\"@id\":\"https:\/\/www.fiscalia.gov.co\/colombia\/#\/schema\/person\/image\/\",\"url\":\"https:\/\/secure.gravatar.com\/avatar\/ab775a2f394c1b83b6d6f78680e57b50?s=96&d=mm&r=g\",\"contentUrl\":\"https:\/\/secure.gravatar.com\/avatar\/ab775a2f394c1b83b6d6f78680e57b50?s=96&d=mm&r=g\",\"caption\":\"Katherine Loaiza Mart\u00ednez\"},\"url\":\"https:\/\/www.fiscalia.gov.co\/colombia\/author\/kloaiza\/\"}]}<\/script>\n<!-- \/ Yoast SEO plugin. -->","yoast_head_json":{"title":"Fiscal\u00eda General de la Naci\u00f3n","description":"P\u00e1gina oficial de la Fiscal\u00eda General de la Naci\u00f3n \u2013 Colombia. Garantizamos el acceso efectivo a la justicia, la verdad y la reparaci\u00f3n de las v\u00edctimas de los delitos.","robots":{"index":"noindex","follow":"follow"},"og_locale":"es_ES","og_type":"article","og_title":"Fiscal\u00eda General de la Naci\u00f3n","og_description":"P\u00e1gina oficial de la Fiscal\u00eda General de la Naci\u00f3n \u2013 Colombia. Garantizamos el acceso efectivo a la justicia, la verdad y la reparaci\u00f3n de las v\u00edctimas de los delitos.","og_url":"https:\/\/www.fiscalia.gov.co\/colombia\/noticias\/judicializados-hermanos-que-presuntamente-abusaron-sexualmente-de-una-prima\/","og_site_name":"Fiscal\u00eda General de la Naci\u00f3n","article_publisher":"https:\/\/www.facebook.com\/FiscaliaCol","article_published_time":"2022-12-09T20:51:09+00:00","article_modified_time":"2022-12-16T17:41:56+00:00","og_image":[{"url":"https:\/\/www.fiscalia.gov.co\/colombia\/wp-content\/uploads\/Primos-abusadores.jpeg","type":"","width":"","height":""}],"author":"Katherine Loaiza Mart\u00ednez","twitter_card":"summary_large_image","twitter_creator":"@FiscaliaCol","twitter_site":"@FiscaliaCol","twitter_misc":{"Escrito por":"Katherine Loaiza Mart\u00ednez","Tiempo de lectura":"2 minutos"},"schema":{"@context":"https:\/\/schema.org","@graph":[{"@type":"Article","@id":"https:\/\/www.fiscalia.gov.co\/colombia\/noticias\/judicializados-hermanos-que-presuntamente-abusaron-sexualmente-de-una-prima\/#article","isPartOf":{"@id":"https:\/\/www.fiscalia.gov.co\/colombia\/noticias\/judicializados-hermanos-que-presuntamente-abusaron-sexualmente-de-una-prima\/"},"author":{"name":"Katherine Loaiza Mart\u00ednez","@id":"https:\/\/www.fiscalia.gov.co\/colombia\/#\/schema\/person\/2e76b9aba5ecf875ed565ce4de0e0415"},"headline":"Judicializados hermanos que presuntamente abusaron sexualmente de una prima","datePublished":"2022-12-09T20:51:09+00:00","dateModified":"2022-12-16T17:41:56+00:00","mainEntityOfPage":{"@id":"https:\/\/www.fiscalia.gov.co\/colombia\/noticias\/judicializados-hermanos-que-presuntamente-abusaron-sexualmente-de-una-prima\/"},"wordCount":475,"publisher":{"@id":"https:\/\/www.fiscalia.gov.co\/colombia\/#organization"},"image":{"@id":"https:\/\/www.fiscalia.gov.co\/colombia\/noticias\/judicializados-hermanos-que-presuntamente-abusaron-sexualmente-de-una-prima\/#primaryimage"},"thumbnailUrl":"https:\/\/www.fiscalia.gov.co\/colombia\/wp-content\/uploads\/Primos-abusadores.jpeg","keywords":["Abuso sexual","C\u00f3rdoba","Fiscal\u00eda Colombia","Fiscal\u00eda General de la Naci\u00f3n","Medida de aseguramiento","Polic\u00eda Nacional","Prima","primos"],"articleSection":["Noticias","Seccional Monter\u00eda","Seguridad territorial"],"inLanguage":"es-CO"},{"@type":"WebPage","@id":"https:\/\/www.fiscalia.gov.co\/colombia\/noticias\/judicializados-hermanos-que-presuntamente-abusaron-sexualmente-de-una-prima\/","url":"https:\/\/www.fiscalia.gov.co\/colombia\/noticias\/judicializados-hermanos-que-presuntamente-abusaron-sexualmente-de-una-prima\/","name":"Fiscal\u00eda General de la Naci\u00f3n","isPartOf":{"@id":"https:\/\/www.fiscalia.gov.co\/colombia\/#website"},"primaryImageOfPage":{"@id":"https:\/\/www.fiscalia.gov.co\/colombia\/noticias\/judicializados-hermanos-que-presuntamente-abusaron-sexualmente-de-una-prima\/#primaryimage"},"image":{"@id":"https:\/\/www.fiscalia.gov.co\/colombia\/noticias\/judicializados-hermanos-que-presuntamente-abusaron-sexualmente-de-una-prima\/#primaryimage"},"thumbnailUrl":"https:\/\/www.fiscalia.gov.co\/colombia\/wp-content\/uploads\/Primos-abusadores.jpeg","datePublished":"2022-12-09T20:51:09+00:00","dateModified":"2022-12-16T17:41:56+00:00","description":"P\u00e1gina oficial de la Fiscal\u00eda General de la Naci\u00f3n \u2013 Colombia. Garantizamos el acceso efectivo a la justicia, la verdad y la reparaci\u00f3n de las v\u00edctimas de los delitos.","breadcrumb":{"@id":"https:\/\/www.fiscalia.gov.co\/colombia\/noticias\/judicializados-hermanos-que-presuntamente-abusaron-sexualmente-de-una-prima\/#breadcrumb"},"inLanguage":"es-CO","potentialAction":[{"@type":"ReadAction","target":["https:\/\/www.fiscalia.gov.co\/colombia\/noticias\/judicializados-hermanos-que-presuntamente-abusaron-sexualmente-de-una-prima\/"]}]},{"@type":"ImageObject","inLanguage":"es-CO","@id":"https:\/\/www.fiscalia.gov.co\/colombia\/noticias\/judicializados-hermanos-que-presuntamente-abusaron-sexualmente-de-una-prima\/#primaryimage","url":"https:\/\/www.fiscalia.gov.co\/colombia\/wp-content\/uploads\/Primos-abusadores.jpeg","contentUrl":"https:\/\/www.fiscalia.gov.co\/colombia\/wp-content\/uploads\/Primos-abusadores.jpeg","width":814,"height":750,"caption":"Seg\u00fan la Fiscal\u00eda los hermanos, al parecer, participaron en el abuso de una de sus familiares, en una playa de C\u00f3rdoba. \u00a0"},{"@type":"BreadcrumbList","@id":"https:\/\/www.fiscalia.gov.co\/colombia\/noticias\/judicializados-hermanos-que-presuntamente-abusaron-sexualmente-de-una-prima\/#breadcrumb","itemListElement":[{"@type":"ListItem","position":1,"name":"Home","item":"https:\/\/www.fiscalia.gov.co\/colombia\/"},{"@type":"ListItem","position":2,"name":"Judicializados hermanos que presuntamente abusaron sexualmente de una prima"}]},{"@type":"WebSite","@id":"https:\/\/www.fiscalia.gov.co\/colombia\/#website","url":"https:\/\/www.fiscalia.gov.co\/colombia\/","name":"Fiscal\u00eda General de la Naci\u00f3n","description":"P\u00e1gina oficial de la Fiscal\u00eda General de la Naci\u00f3n \u2013 Colombia. Garantizamos el acceso efectivo a la justicia, la verdad y la reparaci\u00f3n de las v\u00edctimas de los delitos.","publisher":{"@id":"https:\/\/www.fiscalia.gov.co\/colombia\/#organization"},"potentialAction":[{"@type":"SearchAction","target":{"@type":"EntryPoint","urlTemplate":"https:\/\/www.fiscalia.gov.co\/colombia\/?s={search_term_string}"},"query-input":{"@type":"PropertyValueSpecification","valueRequired":true,"valueName":"search_term_string"}}],"inLanguage":"es-CO"},{"@type":"Organization","@id":"https:\/\/www.fiscalia.gov.co\/colombia\/#organization","name":"Fiscal\u00eda General de la Naci\u00f3n","url":"https:\/\/www.fiscalia.gov.co\/colombia\/","logo":{"@type":"ImageObject","inLanguage":"es-CO","@id":"https:\/\/www.fiscalia.gov.co\/colombia\/#\/schema\/logo\/image\/","url":"https:\/\/www.fiscalia.gov.co\/colombia\/wp-content\/uploads\/LogoHorizontal_1.jpg","contentUrl":"https:\/\/www.fiscalia.gov.co\/colombia\/wp-content\/uploads\/LogoHorizontal_1.jpg","width":300,"height":90,"caption":"Fiscal\u00eda General de la Naci\u00f3n"},"image":{"@id":"https:\/\/www.fiscalia.gov.co\/colombia\/#\/schema\/logo\/image\/"},"sameAs":["https:\/\/www.facebook.com\/FiscaliaCol","https:\/\/x.com\/FiscaliaCol","https:\/\/www.instagram.com\/fiscaliacol","https:\/\/www.linkedin.com\/company\/fiscalia-general-de-la-naci-n\/","https:\/\/youtube.com\/@fiscaliageneraldelanacion-4668?si=6nN79nyQICPU5iTh"]},{"@type":"Person","@id":"https:\/\/www.fiscalia.gov.co\/colombia\/#\/schema\/person\/2e76b9aba5ecf875ed565ce4de0e0415","name":"Katherine Loaiza Mart\u00ednez","image":{"@type":"ImageObject","inLanguage":"es-CO","@id":"https:\/\/www.fiscalia.gov.co\/colombia\/#\/schema\/person\/image\/","url":"https:\/\/secure.gravatar.com\/avatar\/ab775a2f394c1b83b6d6f78680e57b50?s=96&d=mm&r=g","contentUrl":"https:\/\/secure.gravatar.com\/avatar\/ab775a2f394c1b83b6d6f78680e57b50?s=96&d=mm&r=g","caption":"Katherine Loaiza Mart\u00ednez"},"url":"https:\/\/www.fiscalia.gov.co\/colombia\/author\/kloaiza\/"}]}},"_links":{"self":[{"href":"https:\/\/www.fiscalia.gov.co\/colombia\/wp-json\/wp\/v2\/posts\/262557","targetHints":{"allow":["GET"]}}],"collection":[{"href":"https:\/\/www.fiscalia.gov.co\/colombia\/wp-json\/wp\/v2\/posts"}],"about":[{"href":"https:\/\/www.fiscalia.gov.co\/colombia\/wp-json\/wp\/v2\/types\/post"}],"author":[{"embeddable":true,"href":"https:\/\/www.fiscalia.gov.co\/colombia\/wp-json\/wp\/v2\/users\/175"}],"replies":[{"embeddable":true,"href":"https:\/\/www.fiscalia.gov.co\/colombia\/wp-json\/wp\/v2\/comments?post=262557"}],"version-history":[{"count":1,"href":"https:\/\/www.fiscalia.gov.co\/colombia\/wp-json\/wp\/v2\/posts\/262557\/revisions"}],"predecessor-version":[{"id":262559,"href":"https:\/\/www.fiscalia.gov.co\/colombia\/wp-json\/wp\/v2\/posts\/262557\/revisions\/262559"}],"wp:attachment":[{"href":"https:\/\/www.fiscalia.gov.co\/colombia\/wp-json\/wp\/v2\/media?parent=262557"}],"wp:term":[{"taxonomy":"category","embeddable":true,"href":"https:\/\/www.fiscalia.gov.co\/colombia\/wp-json\/wp\/v2\/categories?post=262557"},{"taxonomy":"post_tag","embeddable":true,"href":"https:\/\/www.fiscalia.gov.co\/colombia\/wp-json\/wp\/v2\/tags?post=262557"}],"curies":[{"name":"wp","href":"https:\/\/api.w.org\/{rel}","templated":true}]}}