{"id":262395,"date":"2022-12-07T09:09:01","date_gmt":"2022-12-07T14:09:01","guid":{"rendered":"https:\/\/www.fiscalia.gov.co\/colombia\/?p=262395"},"modified":"2022-12-07T12:34:37","modified_gmt":"2022-12-07T17:34:37","slug":"impactado-grupo-de-delincuencia-organizada-los-kamikazes-por-su-presunta-participacion-en-el-hurto-a-fincas-y-residencias-del-guamo-y-san-luis-tolima","status":"publish","type":"post","link":"https:\/\/www.fiscalia.gov.co\/colombia\/noticias\/impactado-grupo-de-delincuencia-organizada-los-kamikazes-por-su-presunta-participacion-en-el-hurto-a-fincas-y-residencias-del-guamo-y-san-luis-tolima\/","title":{"rendered":"Impactado grupo de delincuencia organizada Los Kamikazes por su presunta participaci\u00f3n en el hurto a fincas y residencias del Guamo y San Luis (Tolima)"},"content":{"rendered":"<p style=\"font-weight: 400;\">Tres personas fueron enviadas a centro carcelario como medida de aseguramiento preventiva, por su presunta participaci\u00f3n en los delitos de concierto para delinquir y hurto calificado y agravado cometidos bajo la modalidad de atraco en el Guamo y San Luis (Tolima).<\/p>\n<figure id=\"attachment_262396\" aria-describedby=\"caption-attachment-262396\" style=\"width: 696px\" class=\"wp-caption aligncenter\"><img loading=\"lazy\" decoding=\"async\" class=\"size-large wp-image-262396\" src=\"https:\/\/www.fiscalia.gov.co\/colombia\/wp-content\/uploads\/Los-kamikaze-hurto-fincas-tolima-1024x474.jpeg\" alt=\"En la imagen se ven tres personas detenidas bajo la custodia de dos investigadores del CTI, uno de la Polic\u00eda Nacional y el Ej\u00e9rcito. Detr\u00e1s suyo un backing de la Fiscal\u00eda General de la Naci\u00f3n.\" width=\"696\" height=\"322\" srcset=\"https:\/\/www.fiscalia.gov.co\/colombia\/wp-content\/uploads\/Los-kamikaze-hurto-fincas-tolima-1024x474.jpeg 1024w, https:\/\/www.fiscalia.gov.co\/colombia\/wp-content\/uploads\/Los-kamikaze-hurto-fincas-tolima-300x139.jpeg 300w, https:\/\/www.fiscalia.gov.co\/colombia\/wp-content\/uploads\/Los-kamikaze-hurto-fincas-tolima-768x355.jpeg 768w, https:\/\/www.fiscalia.gov.co\/colombia\/wp-content\/uploads\/Los-kamikaze-hurto-fincas-tolima-696x322.jpeg 696w, https:\/\/www.fiscalia.gov.co\/colombia\/wp-content\/uploads\/Los-kamikaze-hurto-fincas-tolima-1068x494.jpeg 1068w, https:\/\/www.fiscalia.gov.co\/colombia\/wp-content\/uploads\/Los-kamikaze-hurto-fincas-tolima-908x420.jpeg 908w, https:\/\/www.fiscalia.gov.co\/colombia\/wp-content\/uploads\/Los-kamikaze-hurto-fincas-tolima.jpeg 1280w\" sizes=\"auto, (max-width: 696px) 100vw, 696px\" \/><figcaption id=\"caption-attachment-262396\" class=\"wp-caption-text\">Los Kamikazes fueron afectados con medida intramuros por concierto para delinquir y hurto.<\/figcaption><\/figure>\n<p style=\"font-weight: 400;\">Otra persona detenida por otros hechos en la c\u00e1rcel Picale\u00f1a de Ibagu\u00e9, fue llamada a imputaci\u00f3n por los mismos delitos.<\/p>\n<p style=\"font-weight: 400;\">Los cobijados con la medida fueron identificados como Henry Roncancio Villalba, quien ser\u00eda el l\u00edder de la organizaci\u00f3n delincuencial; Jos\u00e9 Ferney Rocha Camacho; Fernando Barreiro Flori\u00e1n, y Javier Esquivel Guzm\u00e1n. Estos \u00faltimos tres fueron detenidos por investigadores del CTI adscrito al grupo de Estructura de Apoyo (EDA), en coordinaci\u00f3n con la Polic\u00eda Nacional y el Gaula Militar en los municipios tolimenses del Guamo y El Espinal mediante orden judicial.<\/p>\n<p style=\"font-weight: 400;\">Seg\u00fan el fiscal adscrito al grupo de Estructura de Apoyo de la Seccional Tolima que los investiga, estas personas habr\u00edan cometido tres hurtos entre noviembre y diciembre del 2021 en una finca, una residencia y una arenera; esta \u00faltima en San Luis, bajo la modalidad de atraco, hurtos que superaron los 40 millones de pesos.<\/p>\n<p style=\"font-weight: 400;\">Su modus operandi consistir\u00eda en ingresar de manera violenta a los inmuebles amedrentando a sus moradores y usando violencia f\u00edsica para reducirlos y despojarlos de objetos de valor y dinero en efectivo, bajo el mando de Roncancio Villalba quien fue detenido a inicios de octubre en el sector de Gualanday en la capital tolimense.<\/p>\n<p style=\"font-weight: 400;\">Ninguno acept\u00f3 los cargos enrostrados por el fiscal.<\/p>\n<p style=\"font-weight: 400;\"><strong>La Fiscal\u00eda habla con resultados.<\/strong><\/p>\n<p>&nbsp;<\/p>\n<p>&nbsp;<\/p>\n<p>&nbsp;<\/p>\n<p>&nbsp;<\/p>\n<p>PAAM\/LYBT\/AATP\/DST<\/p>\n<p>&nbsp;<\/p>\n<p>&nbsp;<\/p>\n<p>&nbsp;<\/p>\n<div class=\"td-post-content tagdiv-type\">\n<div class=\"td-post-content tagdiv-type\">\n<div class=\"td-post-content tagdiv-type\">\n<div class=\"td-post-content tagdiv-type\">\n<p><em>La informaci\u00f3n contenida en este bolet\u00edn de prensa corresponde a la narraci\u00f3n de los hechos noticiosos objetivos, suministrados por los funcionarios encargados de adelantar las investigaciones penales al interior de la Fiscal\u00eda General de la Naci\u00f3n. Para el momento de la divulgaci\u00f3n de este comunicado, la situaci\u00f3n jur\u00eddica de la(s) persona(s) relacionada(s) se encuentra pendiente de resolver por la autoridad judicial competente, siempre bajo los preceptos de la presunci\u00f3n de inocencia, consagrados en el art\u00edculo 29 de la Constituci\u00f3n Pol\u00edtica y el art\u00edculo 7\u00ba de la Ley 906 de 2004.\u00a0 \u00a0 \u00a0 \u00a0 \u00a0\u00a0<\/em><\/p>\n<\/div>\n<\/div>\n<\/div>\n<\/div>\n\n<div class=\"twitter-share\"><a href=\"https:\/\/twitter.com\/intent\/tweet?via=fiscaliacol\" class=\"twitter-share-button\">Tweet<\/a><\/div>\n","protected":false},"excerpt":{"rendered":"<p>Tres personas fueron enviadas a centro carcelario como medida de aseguramiento preventiva, por su presunta participaci\u00f3n en los delitos de concierto para delinquir y hurto calificado y agravado cometidos bajo [&hellip;]<\/p>\n","protected":false},"author":177,"featured_media":0,"comment_status":"closed","ping_status":"open","sticky":false,"template":"","format":"standard","meta":{"tdm_status":"","tdm_grid_status":"","footnotes":""},"categories":[1,329,303,24099],"tags":[33520,83,45,24888,26039,667,24536,1047,25007,25204,33519,24810,23990,33521,558,25203,30239],"class_list":["post-262395","post","type-post","status-publish","format-standard","category-noticias","category-seccional-ibague","category-seccionales","category-seguridad-territorial","tag-atraco-a-mano-armada","tag-concierto-para-delinquir","tag-cti","tag-delincuencia-organizada","tag-eda","tag-ejercito","tag-el-espinal","tag-fiscalia-general-de-la-nacion","tag-gaula-militar","tag-guamo","tag-hurto-a-fincas","tag-hurto-a-residencias","tag-ibague-tolima","tag-los-kamikazes","tag-policia-nacional","tag-san-luis","tag-seguridad-territorial"],"yoast_head":"<!-- This site is optimized with the Yoast SEO plugin v24.3 - https:\/\/yoast.com\/wordpress\/plugins\/seo\/ -->\n<title>Fiscal\u00eda General de la Naci\u00f3n<\/title>\n<meta name=\"description\" content=\"P\u00e1gina oficial de la Fiscal\u00eda General de la Naci\u00f3n \u2013 Colombia. Garantizamos el acceso efectivo a la justicia, la verdad y la reparaci\u00f3n de las v\u00edctimas de los delitos.\" \/>\n<meta name=\"robots\" content=\"noindex, follow\" \/>\n<meta property=\"og:locale\" content=\"es_ES\" \/>\n<meta property=\"og:type\" content=\"article\" \/>\n<meta property=\"og:title\" content=\"Fiscal\u00eda General de la Naci\u00f3n\" \/>\n<meta property=\"og:description\" content=\"P\u00e1gina oficial de la Fiscal\u00eda General de la Naci\u00f3n \u2013 Colombia. Garantizamos el acceso efectivo a la justicia, la verdad y la reparaci\u00f3n de las v\u00edctimas de los delitos.\" \/>\n<meta property=\"og:url\" content=\"https:\/\/www.fiscalia.gov.co\/colombia\/noticias\/impactado-grupo-de-delincuencia-organizada-los-kamikazes-por-su-presunta-participacion-en-el-hurto-a-fincas-y-residencias-del-guamo-y-san-luis-tolima\/\" \/>\n<meta property=\"og:site_name\" content=\"Fiscal\u00eda General de la Naci\u00f3n\" \/>\n<meta property=\"article:publisher\" content=\"https:\/\/www.facebook.com\/FiscaliaCol\" \/>\n<meta property=\"article:published_time\" content=\"2022-12-07T14:09:01+00:00\" \/>\n<meta property=\"article:modified_time\" content=\"2022-12-07T17:34:37+00:00\" \/>\n<meta property=\"og:image\" content=\"https:\/\/www.fiscalia.gov.co\/colombia\/wp-content\/uploads\/Los-kamikaze-hurto-fincas-tolima-1024x474.jpeg\" \/>\n<meta name=\"author\" content=\"Jordan Leandro Oviedo Anzola\" \/>\n<meta name=\"twitter:card\" content=\"summary_large_image\" \/>\n<meta name=\"twitter:creator\" content=\"@FiscaliaCol\" \/>\n<meta name=\"twitter:site\" content=\"@FiscaliaCol\" \/>\n<meta name=\"twitter:label1\" content=\"Escrito por\" \/>\n\t<meta name=\"twitter:data1\" content=\"Jordan Leandro Oviedo Anzola\" \/>\n\t<meta name=\"twitter:label2\" content=\"Tiempo de lectura\" \/>\n\t<meta name=\"twitter:data2\" content=\"2 minutos\" \/>\n<script type=\"application\/ld+json\" class=\"yoast-schema-graph\">{\"@context\":\"https:\/\/schema.org\",\"@graph\":[{\"@type\":\"Article\",\"@id\":\"https:\/\/www.fiscalia.gov.co\/colombia\/noticias\/impactado-grupo-de-delincuencia-organizada-los-kamikazes-por-su-presunta-participacion-en-el-hurto-a-fincas-y-residencias-del-guamo-y-san-luis-tolima\/#article\",\"isPartOf\":{\"@id\":\"https:\/\/www.fiscalia.gov.co\/colombia\/noticias\/impactado-grupo-de-delincuencia-organizada-los-kamikazes-por-su-presunta-participacion-en-el-hurto-a-fincas-y-residencias-del-guamo-y-san-luis-tolima\/\"},\"author\":{\"name\":\"Jordan Leandro Oviedo Anzola\",\"@id\":\"https:\/\/www.fiscalia.gov.co\/colombia\/#\/schema\/person\/bf84402cf293a5393e9c70b111020b24\"},\"headline\":\"Impactado grupo de delincuencia organizada Los Kamikazes por su presunta participaci\u00f3n en el hurto a fincas y residencias del Guamo y San Luis (Tolima)\",\"datePublished\":\"2022-12-07T14:09:01+00:00\",\"dateModified\":\"2022-12-07T17:34:37+00:00\",\"mainEntityOfPage\":{\"@id\":\"https:\/\/www.fiscalia.gov.co\/colombia\/noticias\/impactado-grupo-de-delincuencia-organizada-los-kamikazes-por-su-presunta-participacion-en-el-hurto-a-fincas-y-residencias-del-guamo-y-san-luis-tolima\/\"},\"wordCount\":424,\"publisher\":{\"@id\":\"https:\/\/www.fiscalia.gov.co\/colombia\/#organization\"},\"image\":{\"@id\":\"https:\/\/www.fiscalia.gov.co\/colombia\/noticias\/impactado-grupo-de-delincuencia-organizada-los-kamikazes-por-su-presunta-participacion-en-el-hurto-a-fincas-y-residencias-del-guamo-y-san-luis-tolima\/#primaryimage\"},\"thumbnailUrl\":\"https:\/\/www.fiscalia.gov.co\/colombia\/wp-content\/uploads\/Los-kamikaze-hurto-fincas-tolima-1024x474.jpeg\",\"keywords\":[\"atraco a mano armada\",\"Concierto para delinquir\",\"CTI\",\"delincuencia organizada\",\"EDA\",\"Ej\u00e9rcito\",\"El Espinal\",\"Fiscal\u00eda General de la Naci\u00f3n\",\"Gaula Militar\",\"Guamo\",\"hurto a fincas\",\"hurto a residencias\",\"Ibagu\u00e9 (Tolima)\",\"los kamikazes\",\"Polic\u00eda Nacional\",\"San Luis\",\"Seguridad territorial\"],\"articleSection\":[\"Noticias\",\"Seccional Ibagu\u00e9\",\"Seccionales\",\"Seguridad territorial\"],\"inLanguage\":\"es-CO\"},{\"@type\":\"WebPage\",\"@id\":\"https:\/\/www.fiscalia.gov.co\/colombia\/noticias\/impactado-grupo-de-delincuencia-organizada-los-kamikazes-por-su-presunta-participacion-en-el-hurto-a-fincas-y-residencias-del-guamo-y-san-luis-tolima\/\",\"url\":\"https:\/\/www.fiscalia.gov.co\/colombia\/noticias\/impactado-grupo-de-delincuencia-organizada-los-kamikazes-por-su-presunta-participacion-en-el-hurto-a-fincas-y-residencias-del-guamo-y-san-luis-tolima\/\",\"name\":\"Fiscal\u00eda General de la Naci\u00f3n\",\"isPartOf\":{\"@id\":\"https:\/\/www.fiscalia.gov.co\/colombia\/#website\"},\"primaryImageOfPage\":{\"@id\":\"https:\/\/www.fiscalia.gov.co\/colombia\/noticias\/impactado-grupo-de-delincuencia-organizada-los-kamikazes-por-su-presunta-participacion-en-el-hurto-a-fincas-y-residencias-del-guamo-y-san-luis-tolima\/#primaryimage\"},\"image\":{\"@id\":\"https:\/\/www.fiscalia.gov.co\/colombia\/noticias\/impactado-grupo-de-delincuencia-organizada-los-kamikazes-por-su-presunta-participacion-en-el-hurto-a-fincas-y-residencias-del-guamo-y-san-luis-tolima\/#primaryimage\"},\"thumbnailUrl\":\"https:\/\/www.fiscalia.gov.co\/colombia\/wp-content\/uploads\/Los-kamikaze-hurto-fincas-tolima-1024x474.jpeg\",\"datePublished\":\"2022-12-07T14:09:01+00:00\",\"dateModified\":\"2022-12-07T17:34:37+00:00\",\"description\":\"P\u00e1gina oficial de la Fiscal\u00eda General de la Naci\u00f3n \u2013 Colombia. Garantizamos el acceso efectivo a la justicia, la verdad y la reparaci\u00f3n de las v\u00edctimas de los delitos.\",\"breadcrumb\":{\"@id\":\"https:\/\/www.fiscalia.gov.co\/colombia\/noticias\/impactado-grupo-de-delincuencia-organizada-los-kamikazes-por-su-presunta-participacion-en-el-hurto-a-fincas-y-residencias-del-guamo-y-san-luis-tolima\/#breadcrumb\"},\"inLanguage\":\"es-CO\",\"potentialAction\":[{\"@type\":\"ReadAction\",\"target\":[\"https:\/\/www.fiscalia.gov.co\/colombia\/noticias\/impactado-grupo-de-delincuencia-organizada-los-kamikazes-por-su-presunta-participacion-en-el-hurto-a-fincas-y-residencias-del-guamo-y-san-luis-tolima\/\"]}]},{\"@type\":\"ImageObject\",\"inLanguage\":\"es-CO\",\"@id\":\"https:\/\/www.fiscalia.gov.co\/colombia\/noticias\/impactado-grupo-de-delincuencia-organizada-los-kamikazes-por-su-presunta-participacion-en-el-hurto-a-fincas-y-residencias-del-guamo-y-san-luis-tolima\/#primaryimage\",\"url\":\"https:\/\/www.fiscalia.gov.co\/colombia\/wp-content\/uploads\/Los-kamikaze-hurto-fincas-tolima-1024x474.jpeg\",\"contentUrl\":\"https:\/\/www.fiscalia.gov.co\/colombia\/wp-content\/uploads\/Los-kamikaze-hurto-fincas-tolima-1024x474.jpeg\"},{\"@type\":\"BreadcrumbList\",\"@id\":\"https:\/\/www.fiscalia.gov.co\/colombia\/noticias\/impactado-grupo-de-delincuencia-organizada-los-kamikazes-por-su-presunta-participacion-en-el-hurto-a-fincas-y-residencias-del-guamo-y-san-luis-tolima\/#breadcrumb\",\"itemListElement\":[{\"@type\":\"ListItem\",\"position\":1,\"name\":\"Home\",\"item\":\"https:\/\/www.fiscalia.gov.co\/colombia\/\"},{\"@type\":\"ListItem\",\"position\":2,\"name\":\"Impactado grupo de delincuencia organizada Los Kamikazes por su presunta participaci\u00f3n en el hurto a fincas y residencias del Guamo y San Luis (Tolima)\"}]},{\"@type\":\"WebSite\",\"@id\":\"https:\/\/www.fiscalia.gov.co\/colombia\/#website\",\"url\":\"https:\/\/www.fiscalia.gov.co\/colombia\/\",\"name\":\"Fiscal\u00eda General de la Naci\u00f3n\",\"description\":\"P\u00e1gina oficial de la Fiscal\u00eda General de la Naci\u00f3n \u2013 Colombia. Garantizamos el acceso efectivo a la justicia, la verdad y la reparaci\u00f3n de las v\u00edctimas de los delitos.\",\"publisher\":{\"@id\":\"https:\/\/www.fiscalia.gov.co\/colombia\/#organization\"},\"potentialAction\":[{\"@type\":\"SearchAction\",\"target\":{\"@type\":\"EntryPoint\",\"urlTemplate\":\"https:\/\/www.fiscalia.gov.co\/colombia\/?s={search_term_string}\"},\"query-input\":{\"@type\":\"PropertyValueSpecification\",\"valueRequired\":true,\"valueName\":\"search_term_string\"}}],\"inLanguage\":\"es-CO\"},{\"@type\":\"Organization\",\"@id\":\"https:\/\/www.fiscalia.gov.co\/colombia\/#organization\",\"name\":\"Fiscal\u00eda General de la Naci\u00f3n\",\"url\":\"https:\/\/www.fiscalia.gov.co\/colombia\/\",\"logo\":{\"@type\":\"ImageObject\",\"inLanguage\":\"es-CO\",\"@id\":\"https:\/\/www.fiscalia.gov.co\/colombia\/#\/schema\/logo\/image\/\",\"url\":\"https:\/\/www.fiscalia.gov.co\/colombia\/wp-content\/uploads\/LogoHorizontal_1.jpg\",\"contentUrl\":\"https:\/\/www.fiscalia.gov.co\/colombia\/wp-content\/uploads\/LogoHorizontal_1.jpg\",\"width\":300,\"height\":90,\"caption\":\"Fiscal\u00eda General de la Naci\u00f3n\"},\"image\":{\"@id\":\"https:\/\/www.fiscalia.gov.co\/colombia\/#\/schema\/logo\/image\/\"},\"sameAs\":[\"https:\/\/www.facebook.com\/FiscaliaCol\",\"https:\/\/x.com\/FiscaliaCol\",\"https:\/\/www.instagram.com\/fiscaliacol\",\"https:\/\/www.linkedin.com\/company\/fiscalia-general-de-la-naci-n\/\",\"https:\/\/youtube.com\/@fiscaliageneraldelanacion-4668?si=6nN79nyQICPU5iTh\"]},{\"@type\":\"Person\",\"@id\":\"https:\/\/www.fiscalia.gov.co\/colombia\/#\/schema\/person\/bf84402cf293a5393e9c70b111020b24\",\"name\":\"Jordan Leandro Oviedo Anzola\",\"image\":{\"@type\":\"ImageObject\",\"inLanguage\":\"es-CO\",\"@id\":\"https:\/\/www.fiscalia.gov.co\/colombia\/#\/schema\/person\/image\/\",\"url\":\"https:\/\/secure.gravatar.com\/avatar\/dabba4346fa9b9207d96adafa8f92721?s=96&d=mm&r=g\",\"contentUrl\":\"https:\/\/secure.gravatar.com\/avatar\/dabba4346fa9b9207d96adafa8f92721?s=96&d=mm&r=g\",\"caption\":\"Jordan Leandro Oviedo Anzola\"},\"url\":\"https:\/\/www.fiscalia.gov.co\/colombia\/author\/joviedo\/\"}]}<\/script>\n<!-- \/ Yoast SEO plugin. -->","yoast_head_json":{"title":"Fiscal\u00eda General de la Naci\u00f3n","description":"P\u00e1gina oficial de la Fiscal\u00eda General de la Naci\u00f3n \u2013 Colombia. Garantizamos el acceso efectivo a la justicia, la verdad y la reparaci\u00f3n de las v\u00edctimas de los delitos.","robots":{"index":"noindex","follow":"follow"},"og_locale":"es_ES","og_type":"article","og_title":"Fiscal\u00eda General de la Naci\u00f3n","og_description":"P\u00e1gina oficial de la Fiscal\u00eda General de la Naci\u00f3n \u2013 Colombia. Garantizamos el acceso efectivo a la justicia, la verdad y la reparaci\u00f3n de las v\u00edctimas de los delitos.","og_url":"https:\/\/www.fiscalia.gov.co\/colombia\/noticias\/impactado-grupo-de-delincuencia-organizada-los-kamikazes-por-su-presunta-participacion-en-el-hurto-a-fincas-y-residencias-del-guamo-y-san-luis-tolima\/","og_site_name":"Fiscal\u00eda General de la Naci\u00f3n","article_publisher":"https:\/\/www.facebook.com\/FiscaliaCol","article_published_time":"2022-12-07T14:09:01+00:00","article_modified_time":"2022-12-07T17:34:37+00:00","og_image":[{"url":"https:\/\/www.fiscalia.gov.co\/colombia\/wp-content\/uploads\/Los-kamikaze-hurto-fincas-tolima-1024x474.jpeg","type":"","width":"","height":""}],"author":"Jordan Leandro Oviedo Anzola","twitter_card":"summary_large_image","twitter_creator":"@FiscaliaCol","twitter_site":"@FiscaliaCol","twitter_misc":{"Escrito por":"Jordan Leandro Oviedo Anzola","Tiempo de lectura":"2 minutos"},"schema":{"@context":"https:\/\/schema.org","@graph":[{"@type":"Article","@id":"https:\/\/www.fiscalia.gov.co\/colombia\/noticias\/impactado-grupo-de-delincuencia-organizada-los-kamikazes-por-su-presunta-participacion-en-el-hurto-a-fincas-y-residencias-del-guamo-y-san-luis-tolima\/#article","isPartOf":{"@id":"https:\/\/www.fiscalia.gov.co\/colombia\/noticias\/impactado-grupo-de-delincuencia-organizada-los-kamikazes-por-su-presunta-participacion-en-el-hurto-a-fincas-y-residencias-del-guamo-y-san-luis-tolima\/"},"author":{"name":"Jordan Leandro Oviedo Anzola","@id":"https:\/\/www.fiscalia.gov.co\/colombia\/#\/schema\/person\/bf84402cf293a5393e9c70b111020b24"},"headline":"Impactado grupo de delincuencia organizada Los Kamikazes por su presunta participaci\u00f3n en el hurto a fincas y residencias del Guamo y San Luis (Tolima)","datePublished":"2022-12-07T14:09:01+00:00","dateModified":"2022-12-07T17:34:37+00:00","mainEntityOfPage":{"@id":"https:\/\/www.fiscalia.gov.co\/colombia\/noticias\/impactado-grupo-de-delincuencia-organizada-los-kamikazes-por-su-presunta-participacion-en-el-hurto-a-fincas-y-residencias-del-guamo-y-san-luis-tolima\/"},"wordCount":424,"publisher":{"@id":"https:\/\/www.fiscalia.gov.co\/colombia\/#organization"},"image":{"@id":"https:\/\/www.fiscalia.gov.co\/colombia\/noticias\/impactado-grupo-de-delincuencia-organizada-los-kamikazes-por-su-presunta-participacion-en-el-hurto-a-fincas-y-residencias-del-guamo-y-san-luis-tolima\/#primaryimage"},"thumbnailUrl":"https:\/\/www.fiscalia.gov.co\/colombia\/wp-content\/uploads\/Los-kamikaze-hurto-fincas-tolima-1024x474.jpeg","keywords":["atraco a mano armada","Concierto para delinquir","CTI","delincuencia organizada","EDA","Ej\u00e9rcito","El Espinal","Fiscal\u00eda General de la Naci\u00f3n","Gaula Militar","Guamo","hurto a fincas","hurto a residencias","Ibagu\u00e9 (Tolima)","los kamikazes","Polic\u00eda Nacional","San Luis","Seguridad territorial"],"articleSection":["Noticias","Seccional Ibagu\u00e9","Seccionales","Seguridad territorial"],"inLanguage":"es-CO"},{"@type":"WebPage","@id":"https:\/\/www.fiscalia.gov.co\/colombia\/noticias\/impactado-grupo-de-delincuencia-organizada-los-kamikazes-por-su-presunta-participacion-en-el-hurto-a-fincas-y-residencias-del-guamo-y-san-luis-tolima\/","url":"https:\/\/www.fiscalia.gov.co\/colombia\/noticias\/impactado-grupo-de-delincuencia-organizada-los-kamikazes-por-su-presunta-participacion-en-el-hurto-a-fincas-y-residencias-del-guamo-y-san-luis-tolima\/","name":"Fiscal\u00eda General de la Naci\u00f3n","isPartOf":{"@id":"https:\/\/www.fiscalia.gov.co\/colombia\/#website"},"primaryImageOfPage":{"@id":"https:\/\/www.fiscalia.gov.co\/colombia\/noticias\/impactado-grupo-de-delincuencia-organizada-los-kamikazes-por-su-presunta-participacion-en-el-hurto-a-fincas-y-residencias-del-guamo-y-san-luis-tolima\/#primaryimage"},"image":{"@id":"https:\/\/www.fiscalia.gov.co\/colombia\/noticias\/impactado-grupo-de-delincuencia-organizada-los-kamikazes-por-su-presunta-participacion-en-el-hurto-a-fincas-y-residencias-del-guamo-y-san-luis-tolima\/#primaryimage"},"thumbnailUrl":"https:\/\/www.fiscalia.gov.co\/colombia\/wp-content\/uploads\/Los-kamikaze-hurto-fincas-tolima-1024x474.jpeg","datePublished":"2022-12-07T14:09:01+00:00","dateModified":"2022-12-07T17:34:37+00:00","description":"P\u00e1gina oficial de la Fiscal\u00eda General de la Naci\u00f3n \u2013 Colombia. Garantizamos el acceso efectivo a la justicia, la verdad y la reparaci\u00f3n de las v\u00edctimas de los delitos.","breadcrumb":{"@id":"https:\/\/www.fiscalia.gov.co\/colombia\/noticias\/impactado-grupo-de-delincuencia-organizada-los-kamikazes-por-su-presunta-participacion-en-el-hurto-a-fincas-y-residencias-del-guamo-y-san-luis-tolima\/#breadcrumb"},"inLanguage":"es-CO","potentialAction":[{"@type":"ReadAction","target":["https:\/\/www.fiscalia.gov.co\/colombia\/noticias\/impactado-grupo-de-delincuencia-organizada-los-kamikazes-por-su-presunta-participacion-en-el-hurto-a-fincas-y-residencias-del-guamo-y-san-luis-tolima\/"]}]},{"@type":"ImageObject","inLanguage":"es-CO","@id":"https:\/\/www.fiscalia.gov.co\/colombia\/noticias\/impactado-grupo-de-delincuencia-organizada-los-kamikazes-por-su-presunta-participacion-en-el-hurto-a-fincas-y-residencias-del-guamo-y-san-luis-tolima\/#primaryimage","url":"https:\/\/www.fiscalia.gov.co\/colombia\/wp-content\/uploads\/Los-kamikaze-hurto-fincas-tolima-1024x474.jpeg","contentUrl":"https:\/\/www.fiscalia.gov.co\/colombia\/wp-content\/uploads\/Los-kamikaze-hurto-fincas-tolima-1024x474.jpeg"},{"@type":"BreadcrumbList","@id":"https:\/\/www.fiscalia.gov.co\/colombia\/noticias\/impactado-grupo-de-delincuencia-organizada-los-kamikazes-por-su-presunta-participacion-en-el-hurto-a-fincas-y-residencias-del-guamo-y-san-luis-tolima\/#breadcrumb","itemListElement":[{"@type":"ListItem","position":1,"name":"Home","item":"https:\/\/www.fiscalia.gov.co\/colombia\/"},{"@type":"ListItem","position":2,"name":"Impactado grupo de delincuencia organizada Los Kamikazes por su presunta participaci\u00f3n en el hurto a fincas y residencias del Guamo y San Luis (Tolima)"}]},{"@type":"WebSite","@id":"https:\/\/www.fiscalia.gov.co\/colombia\/#website","url":"https:\/\/www.fiscalia.gov.co\/colombia\/","name":"Fiscal\u00eda General de la Naci\u00f3n","description":"P\u00e1gina oficial de la Fiscal\u00eda General de la Naci\u00f3n \u2013 Colombia. Garantizamos el acceso efectivo a la justicia, la verdad y la reparaci\u00f3n de las v\u00edctimas de los delitos.","publisher":{"@id":"https:\/\/www.fiscalia.gov.co\/colombia\/#organization"},"potentialAction":[{"@type":"SearchAction","target":{"@type":"EntryPoint","urlTemplate":"https:\/\/www.fiscalia.gov.co\/colombia\/?s={search_term_string}"},"query-input":{"@type":"PropertyValueSpecification","valueRequired":true,"valueName":"search_term_string"}}],"inLanguage":"es-CO"},{"@type":"Organization","@id":"https:\/\/www.fiscalia.gov.co\/colombia\/#organization","name":"Fiscal\u00eda General de la Naci\u00f3n","url":"https:\/\/www.fiscalia.gov.co\/colombia\/","logo":{"@type":"ImageObject","inLanguage":"es-CO","@id":"https:\/\/www.fiscalia.gov.co\/colombia\/#\/schema\/logo\/image\/","url":"https:\/\/www.fiscalia.gov.co\/colombia\/wp-content\/uploads\/LogoHorizontal_1.jpg","contentUrl":"https:\/\/www.fiscalia.gov.co\/colombia\/wp-content\/uploads\/LogoHorizontal_1.jpg","width":300,"height":90,"caption":"Fiscal\u00eda General de la Naci\u00f3n"},"image":{"@id":"https:\/\/www.fiscalia.gov.co\/colombia\/#\/schema\/logo\/image\/"},"sameAs":["https:\/\/www.facebook.com\/FiscaliaCol","https:\/\/x.com\/FiscaliaCol","https:\/\/www.instagram.com\/fiscaliacol","https:\/\/www.linkedin.com\/company\/fiscalia-general-de-la-naci-n\/","https:\/\/youtube.com\/@fiscaliageneraldelanacion-4668?si=6nN79nyQICPU5iTh"]},{"@type":"Person","@id":"https:\/\/www.fiscalia.gov.co\/colombia\/#\/schema\/person\/bf84402cf293a5393e9c70b111020b24","name":"Jordan Leandro Oviedo Anzola","image":{"@type":"ImageObject","inLanguage":"es-CO","@id":"https:\/\/www.fiscalia.gov.co\/colombia\/#\/schema\/person\/image\/","url":"https:\/\/secure.gravatar.com\/avatar\/dabba4346fa9b9207d96adafa8f92721?s=96&d=mm&r=g","contentUrl":"https:\/\/secure.gravatar.com\/avatar\/dabba4346fa9b9207d96adafa8f92721?s=96&d=mm&r=g","caption":"Jordan Leandro Oviedo Anzola"},"url":"https:\/\/www.fiscalia.gov.co\/colombia\/author\/joviedo\/"}]}},"_links":{"self":[{"href":"https:\/\/www.fiscalia.gov.co\/colombia\/wp-json\/wp\/v2\/posts\/262395","targetHints":{"allow":["GET"]}}],"collection":[{"href":"https:\/\/www.fiscalia.gov.co\/colombia\/wp-json\/wp\/v2\/posts"}],"about":[{"href":"https:\/\/www.fiscalia.gov.co\/colombia\/wp-json\/wp\/v2\/types\/post"}],"author":[{"embeddable":true,"href":"https:\/\/www.fiscalia.gov.co\/colombia\/wp-json\/wp\/v2\/users\/177"}],"replies":[{"embeddable":true,"href":"https:\/\/www.fiscalia.gov.co\/colombia\/wp-json\/wp\/v2\/comments?post=262395"}],"version-history":[{"count":2,"href":"https:\/\/www.fiscalia.gov.co\/colombia\/wp-json\/wp\/v2\/posts\/262395\/revisions"}],"predecessor-version":[{"id":262455,"href":"https:\/\/www.fiscalia.gov.co\/colombia\/wp-json\/wp\/v2\/posts\/262395\/revisions\/262455"}],"wp:attachment":[{"href":"https:\/\/www.fiscalia.gov.co\/colombia\/wp-json\/wp\/v2\/media?parent=262395"}],"wp:term":[{"taxonomy":"category","embeddable":true,"href":"https:\/\/www.fiscalia.gov.co\/colombia\/wp-json\/wp\/v2\/categories?post=262395"},{"taxonomy":"post_tag","embeddable":true,"href":"https:\/\/www.fiscalia.gov.co\/colombia\/wp-json\/wp\/v2\/tags?post=262395"}],"curies":[{"name":"wp","href":"https:\/\/api.w.org\/{rel}","templated":true}]}}