{"id":262225,"date":"2022-12-04T08:21:09","date_gmt":"2022-12-04T13:21:09","guid":{"rendered":"https:\/\/www.fiscalia.gov.co\/colombia\/?p=262225"},"modified":"2022-12-04T08:21:09","modified_gmt":"2022-12-04T13:21:09","slug":"fiscalia-impacta-a-una-de-las-mayores-redes-dedicadas-a-la-caza-ilegal-y-sacrificio-de-chiguiro-en-las-sabanas-de-la-orinoquia","status":"publish","type":"post","link":"https:\/\/www.fiscalia.gov.co\/colombia\/noticias\/fiscalia-impacta-a-una-de-las-mayores-redes-dedicadas-a-la-caza-ilegal-y-sacrificio-de-chiguiro-en-las-sabanas-de-la-orinoquia\/","title":{"rendered":"Fiscal\u00eda impacta a una de las mayores redes dedicadas a la caza ilegal y sacrificio de chig\u00fciro en las sabanas de la Orinoqu\u00eda"},"content":{"rendered":"<h4><strong><em>15 de los presuntos integrantes de la estructura, entre ellos los se\u00f1alados cabecillas, fueron judicializados. Ser\u00edan los encargados de la captura y desposte de los animales, as\u00ed como del transporte y la posterior comercializaci\u00f3n de la carne en restaurantes y plazas de mercado de diferentes ciudades del interior y oriente del pa\u00eds.<\/em><\/strong><\/h4>\n<p>La Fiscal\u00eda General de la Naci\u00f3n logr\u00f3 uno de los resultados m\u00e1s importantes en defensa del chig\u00fciro o capibara, una especie de vital importancia para la conservaci\u00f3n de los cuerpos de agua y los corredores naturales en la Orinoqu\u00eda colombiana.<\/p>\n<p>En una acci\u00f3n articulada con la Direcci\u00f3n de Protecci\u00f3n y Servicios Especiales de la Polic\u00eda Nacional (DIPRO) fueron capturados 15 presuntos integrantes de una de las mayores redes dedicadas a la caza ilegal de chig\u00fciro y la comercializaci\u00f3n de la carne. Las diligencias se realizaron de manera simult\u00e1nea en Paz de Ariporo y Yopal (Casanare), y en la ciudad de Arauca (Arauca).<\/p>\n<p>Abundante evidencia indica que esta organizaci\u00f3n coordinaba las faenas de cacer\u00eda en las sabanas inundables de Casanare, el desposte de los animales, el acopio y transporte de la carne, y la comercializaci\u00f3n del producto en plazas de mercado y restaurantes de Bogot\u00e1 y otras ciudades del interior y oriente del pa\u00eds.<\/p>\n<p>En el curso de la investigaci\u00f3n se constat\u00f3 que esta actividad fue ejercida sin los permisos exigidos por las autoridades ambientales y de salud del orden nacional y local. Tambi\u00e9n se constat\u00f3 que los chig\u00fciros eran perseguidos indiscriminadamente, aprovechando su docilidad y movimiento en manada.<\/p>\n<p>De otra parte, se estableci\u00f3 que la carne era trasladada por v\u00eda terrestre de manera insalubre, oculta en las bodegas de buses de servicio p\u00fablico, como encomiendas en camiones o escondida en veh\u00edculos particulares. En diferentes procedimientos realizados durante el \u00faltimo a\u00f1o en v\u00edas principales fueron incautadas m\u00e1s de cuatro toneladas de carne que pretend\u00eda vender esta organizaci\u00f3n.<\/p>\n<p><strong><u>Judicializaci\u00f3n<\/u><\/strong><\/p>\n<p>Un fiscal de la Direcci\u00f3n Especializada contra las Violaciones a los Derechos Humanos imput\u00f3 a los presuntos integrantes de la red los delitos de concierto para delinquir y aprovechamiento il\u00edcito de los recursos\u00a0naturales. Los cargos fueron aceptados por 13 de los procesados. Todos seguir\u00e1n vinculados a la investigaci\u00f3n.<\/p>\n<p>Entre los judicializados est\u00e1n los se\u00f1alados cabecillas y financiadores del andamiaje il\u00edcito, identificados como Juan David Moreno Torres, Juan Carlos y Jos\u00e9 Ramon Rodr\u00edguez Mora, y Jos\u00e9 Gilberto Fern\u00e1ndez. De igual manera, est\u00e1n quienes ser\u00edan los cazadores de los chig\u00fciros, ellos son Luis \u00d3scar Ortiz Vacca, Kevin Stiven Rangel Pe\u00f1a, Hern\u00e1n Dar\u00edo Burgos Torres y Diomedes Cetina Salazar.<\/p>\n<p>Los dem\u00e1s investigados cumplir\u00edan roles relacionados con el transporte, log\u00edstica y seguridad, y comercializaci\u00f3n a gran escala de la carne en Casanare y Arauca.<\/p>\n<p><strong>La Fiscal\u00eda habla con resultados.<\/strong><\/p>\n<p>&nbsp;<\/p>\n<p>&nbsp;<\/p>\n<p>&nbsp;<\/p>\n<p>&nbsp;<\/p>\n<p>&nbsp;<\/p>\n<p>JARG\/DAMB\/DECVDH\/MCRC.<\/p>\n<p>&nbsp;<\/p>\n<p>&nbsp;<\/p>\n<p>&nbsp;<\/p>\n<p>&nbsp;<\/p>\n<p>&nbsp;<\/p>\n<div class=\"td-post-content tagdiv-type\">\n<div class=\"td-post-content tagdiv-type\">\n<div class=\"td-post-content tagdiv-type\">\n<div class=\"td-post-content tagdiv-type\">\n<div class=\"td-post-content tagdiv-type\">\n<p><em>La informaci\u00f3n contenida en este bolet\u00edn de prensa corresponde a la narraci\u00f3n de los hechos noticiosos objetivos, suministrados por los funcionarios encargados de adelantar las investigaciones penales al interior de la Fiscal\u00eda General de la Naci\u00f3n. Para el momento de la divulgaci\u00f3n de este comunicado, la situaci\u00f3n jur\u00eddica de la(s) persona(s) relacionada(s) se encuentra pendiente de resolver por la autoridad judicial competente, siempre bajo los preceptos de la presunci\u00f3n de inocencia, consagrados en el art\u00edculo 29 de la Constituci\u00f3n Pol\u00edtica y el art\u00edculo 7\u00ba de la Ley 906 de 2004.<\/em><\/p>\n<\/div>\n<\/div>\n<\/div>\n<\/div>\n<\/div>\n<p>&nbsp;<\/p>\n\n<div class=\"twitter-share\"><a href=\"https:\/\/twitter.com\/intent\/tweet?via=fiscaliacol\" class=\"twitter-share-button\">Tweet<\/a><\/div>\n","protected":false},"excerpt":{"rendered":"<p>15 de los presuntos integrantes de la estructura, entre ellos los se\u00f1alados cabecillas, fueron judicializados. Ser\u00edan los encargados de la captura y desposte de los animales, as\u00ed como del transporte y la posterior comercializaci\u00f3n de la carne en restaurantes y plazas de mercado de diferentes ciudades del interior y oriente del pa\u00eds. La Fiscal\u00eda General [&hellip;]<\/p>\n","protected":false},"author":177,"featured_media":0,"comment_status":"closed","ping_status":"open","sticky":false,"template":"","format":"standard","meta":{"_price":"","_stock":"","_tribe_ticket_header":"","_tribe_default_ticket_provider":"","_tribe_ticket_capacity":"0","_ticket_start_date":"","_ticket_end_date":"","_tribe_ticket_show_description":"","_tribe_ticket_show_not_going":false,"_tribe_ticket_use_global_stock":"","_tribe_ticket_global_stock_level":"","_global_stock_mode":"","_global_stock_cap":"","_tribe_rsvp_for_event":"","_tribe_ticket_going_count":"","_tribe_ticket_not_going_count":"","_tribe_tickets_list":"[]","_tribe_ticket_has_attendee_info_fields":false,"tdm_status":"","tdm_grid_status":"","footnotes":""},"categories":[24102,1],"tags":[30445,33500,33499,1050,33498,24185,1047,32532],"class_list":{"0":"post-262225","1":"post","2":"type-post","3":"status-publish","4":"format-standard","6":"category-derechos-humanos","7":"category-noticias","8":"tag-animales-silvestres","9":"tag-caza-ilegal","10":"tag-chiguiro","11":"tag-derechoa-humanos","12":"tag-fauna","13":"tag-fiscal-barbosa","14":"tag-fiscalia-general-de-la-nacion","15":"tag-orinoquia"},"yoast_head":"<!-- This site is optimized with the Yoast SEO plugin v24.3 - https:\/\/yoast.com\/wordpress\/plugins\/seo\/ -->\n<title>Fiscal\u00eda General de la Naci\u00f3n<\/title>\n<meta name=\"description\" content=\"P\u00e1gina oficial de la Fiscal\u00eda General de la Naci\u00f3n \u2013 Colombia. Garantizamos el acceso efectivo a la justicia, la verdad y la reparaci\u00f3n de las v\u00edctimas de los delitos.\" \/>\n<meta name=\"robots\" content=\"noindex, follow\" \/>\n<meta property=\"og:locale\" content=\"es_ES\" \/>\n<meta property=\"og:type\" content=\"article\" \/>\n<meta property=\"og:title\" content=\"Fiscal\u00eda General de la Naci\u00f3n\" \/>\n<meta property=\"og:description\" content=\"P\u00e1gina oficial de la Fiscal\u00eda General de la Naci\u00f3n \u2013 Colombia. Garantizamos el acceso efectivo a la justicia, la verdad y la reparaci\u00f3n de las v\u00edctimas de los delitos.\" \/>\n<meta property=\"og:url\" content=\"https:\/\/www.fiscalia.gov.co\/colombia\/noticias\/fiscalia-impacta-a-una-de-las-mayores-redes-dedicadas-a-la-caza-ilegal-y-sacrificio-de-chiguiro-en-las-sabanas-de-la-orinoquia\/\" \/>\n<meta property=\"og:site_name\" content=\"Fiscal\u00eda General de la Naci\u00f3n\" \/>\n<meta property=\"article:publisher\" content=\"https:\/\/www.facebook.com\/FiscaliaCol\" \/>\n<meta property=\"article:published_time\" content=\"2022-12-04T13:21:09+00:00\" \/>\n<meta name=\"author\" content=\"Jordan Leandro Oviedo Anzola\" \/>\n<meta name=\"twitter:card\" content=\"summary_large_image\" \/>\n<meta name=\"twitter:creator\" content=\"@FiscaliaCol\" \/>\n<meta name=\"twitter:site\" content=\"@FiscaliaCol\" \/>\n<meta name=\"twitter:label1\" content=\"Escrito por\" \/>\n\t<meta name=\"twitter:data1\" content=\"Jordan Leandro Oviedo Anzola\" \/>\n\t<meta name=\"twitter:label2\" content=\"Tiempo de lectura\" \/>\n\t<meta name=\"twitter:data2\" content=\"3 minutos\" \/>\n<script type=\"application\/ld+json\" class=\"yoast-schema-graph\">{\"@context\":\"https:\/\/schema.org\",\"@graph\":[{\"@type\":\"Article\",\"@id\":\"https:\/\/www.fiscalia.gov.co\/colombia\/noticias\/fiscalia-impacta-a-una-de-las-mayores-redes-dedicadas-a-la-caza-ilegal-y-sacrificio-de-chiguiro-en-las-sabanas-de-la-orinoquia\/#article\",\"isPartOf\":{\"@id\":\"https:\/\/www.fiscalia.gov.co\/colombia\/noticias\/fiscalia-impacta-a-una-de-las-mayores-redes-dedicadas-a-la-caza-ilegal-y-sacrificio-de-chiguiro-en-las-sabanas-de-la-orinoquia\/\"},\"author\":{\"name\":\"Jordan Leandro Oviedo Anzola\",\"@id\":\"https:\/\/www.fiscalia.gov.co\/colombia\/#\/schema\/person\/bf84402cf293a5393e9c70b111020b24\"},\"headline\":\"Fiscal\u00eda impacta a una de las mayores redes dedicadas a la caza ilegal y sacrificio de chig\u00fciro en las sabanas de la Orinoqu\u00eda\",\"datePublished\":\"2022-12-04T13:21:09+00:00\",\"dateModified\":\"2022-12-04T13:21:09+00:00\",\"mainEntityOfPage\":{\"@id\":\"https:\/\/www.fiscalia.gov.co\/colombia\/noticias\/fiscalia-impacta-a-una-de-las-mayores-redes-dedicadas-a-la-caza-ilegal-y-sacrificio-de-chiguiro-en-las-sabanas-de-la-orinoquia\/\"},\"wordCount\":638,\"publisher\":{\"@id\":\"https:\/\/www.fiscalia.gov.co\/colombia\/#organization\"},\"keywords\":[\"animales silvestres\",\"caza ilegal\",\"chiguiro\",\"Derechos Humanos\",\"fauna\",\"Fiscal Barbosa\",\"Fiscal\u00eda General de la Naci\u00f3n\",\"Orinoqu\u00eda\"],\"articleSection\":[\"Derechos Humanos\",\"Noticias\"],\"inLanguage\":\"es-CO\"},{\"@type\":\"WebPage\",\"@id\":\"https:\/\/www.fiscalia.gov.co\/colombia\/noticias\/fiscalia-impacta-a-una-de-las-mayores-redes-dedicadas-a-la-caza-ilegal-y-sacrificio-de-chiguiro-en-las-sabanas-de-la-orinoquia\/\",\"url\":\"https:\/\/www.fiscalia.gov.co\/colombia\/noticias\/fiscalia-impacta-a-una-de-las-mayores-redes-dedicadas-a-la-caza-ilegal-y-sacrificio-de-chiguiro-en-las-sabanas-de-la-orinoquia\/\",\"name\":\"Fiscal\u00eda General de la Naci\u00f3n\",\"isPartOf\":{\"@id\":\"https:\/\/www.fiscalia.gov.co\/colombia\/#website\"},\"datePublished\":\"2022-12-04T13:21:09+00:00\",\"dateModified\":\"2022-12-04T13:21:09+00:00\",\"description\":\"P\u00e1gina oficial de la Fiscal\u00eda General de la Naci\u00f3n \u2013 Colombia. Garantizamos el acceso efectivo a la justicia, la verdad y la reparaci\u00f3n de las v\u00edctimas de los delitos.\",\"breadcrumb\":{\"@id\":\"https:\/\/www.fiscalia.gov.co\/colombia\/noticias\/fiscalia-impacta-a-una-de-las-mayores-redes-dedicadas-a-la-caza-ilegal-y-sacrificio-de-chiguiro-en-las-sabanas-de-la-orinoquia\/#breadcrumb\"},\"inLanguage\":\"es-CO\",\"potentialAction\":[{\"@type\":\"ReadAction\",\"target\":[\"https:\/\/www.fiscalia.gov.co\/colombia\/noticias\/fiscalia-impacta-a-una-de-las-mayores-redes-dedicadas-a-la-caza-ilegal-y-sacrificio-de-chiguiro-en-las-sabanas-de-la-orinoquia\/\"]}]},{\"@type\":\"BreadcrumbList\",\"@id\":\"https:\/\/www.fiscalia.gov.co\/colombia\/noticias\/fiscalia-impacta-a-una-de-las-mayores-redes-dedicadas-a-la-caza-ilegal-y-sacrificio-de-chiguiro-en-las-sabanas-de-la-orinoquia\/#breadcrumb\",\"itemListElement\":[{\"@type\":\"ListItem\",\"position\":1,\"name\":\"Home\",\"item\":\"https:\/\/www.fiscalia.gov.co\/colombia\/\"},{\"@type\":\"ListItem\",\"position\":2,\"name\":\"Fiscal\u00eda impacta a una de las mayores redes dedicadas a la caza ilegal y sacrificio de chig\u00fciro en las sabanas de la Orinoqu\u00eda\"}]},{\"@type\":\"WebSite\",\"@id\":\"https:\/\/www.fiscalia.gov.co\/colombia\/#website\",\"url\":\"https:\/\/www.fiscalia.gov.co\/colombia\/\",\"name\":\"Fiscal\u00eda General de la Naci\u00f3n\",\"description\":\"P\u00e1gina oficial de la Fiscal\u00eda General de la Naci\u00f3n \u2013 Colombia. Garantizamos el acceso efectivo a la justicia, la verdad y la reparaci\u00f3n de las v\u00edctimas de los delitos.\",\"publisher\":{\"@id\":\"https:\/\/www.fiscalia.gov.co\/colombia\/#organization\"},\"potentialAction\":[{\"@type\":\"SearchAction\",\"target\":{\"@type\":\"EntryPoint\",\"urlTemplate\":\"https:\/\/www.fiscalia.gov.co\/colombia\/?s={search_term_string}\"},\"query-input\":{\"@type\":\"PropertyValueSpecification\",\"valueRequired\":true,\"valueName\":\"search_term_string\"}}],\"inLanguage\":\"es-CO\"},{\"@type\":\"Organization\",\"@id\":\"https:\/\/www.fiscalia.gov.co\/colombia\/#organization\",\"name\":\"Fiscal\u00eda General de la Naci\u00f3n\",\"url\":\"https:\/\/www.fiscalia.gov.co\/colombia\/\",\"logo\":{\"@type\":\"ImageObject\",\"inLanguage\":\"es-CO\",\"@id\":\"https:\/\/www.fiscalia.gov.co\/colombia\/#\/schema\/logo\/image\/\",\"url\":\"https:\/\/www.fiscalia.gov.co\/colombia\/wp-content\/uploads\/LogoHorizontal_1.jpg\",\"contentUrl\":\"https:\/\/www.fiscalia.gov.co\/colombia\/wp-content\/uploads\/LogoHorizontal_1.jpg\",\"width\":300,\"height\":90,\"caption\":\"Fiscal\u00eda General de la Naci\u00f3n\"},\"image\":{\"@id\":\"https:\/\/www.fiscalia.gov.co\/colombia\/#\/schema\/logo\/image\/\"},\"sameAs\":[\"https:\/\/www.facebook.com\/FiscaliaCol\",\"https:\/\/x.com\/FiscaliaCol\",\"https:\/\/www.instagram.com\/fiscaliacol\",\"https:\/\/www.linkedin.com\/company\/fiscalia-general-de-la-naci-n\/\",\"https:\/\/youtube.com\/@fiscaliageneraldelanacion-4668?si=6nN79nyQICPU5iTh\"]},{\"@type\":\"Person\",\"@id\":\"https:\/\/www.fiscalia.gov.co\/colombia\/#\/schema\/person\/bf84402cf293a5393e9c70b111020b24\",\"name\":\"Jordan Leandro Oviedo Anzola\",\"image\":{\"@type\":\"ImageObject\",\"inLanguage\":\"es-CO\",\"@id\":\"https:\/\/www.fiscalia.gov.co\/colombia\/#\/schema\/person\/image\/\",\"url\":\"https:\/\/secure.gravatar.com\/avatar\/dabba4346fa9b9207d96adafa8f92721?s=96&d=mm&r=g\",\"contentUrl\":\"https:\/\/secure.gravatar.com\/avatar\/dabba4346fa9b9207d96adafa8f92721?s=96&d=mm&r=g\",\"caption\":\"Jordan Leandro Oviedo Anzola\"},\"url\":\"https:\/\/www.fiscalia.gov.co\/colombia\/author\/joviedo\/\"}]}<\/script>\n<!-- \/ Yoast SEO plugin. -->","yoast_head_json":{"title":"Fiscal\u00eda General de la Naci\u00f3n","description":"P\u00e1gina oficial de la Fiscal\u00eda General de la Naci\u00f3n \u2013 Colombia. Garantizamos el acceso efectivo a la justicia, la verdad y la reparaci\u00f3n de las v\u00edctimas de los delitos.","robots":{"index":"noindex","follow":"follow"},"og_locale":"es_ES","og_type":"article","og_title":"Fiscal\u00eda General de la Naci\u00f3n","og_description":"P\u00e1gina oficial de la Fiscal\u00eda General de la Naci\u00f3n \u2013 Colombia. Garantizamos el acceso efectivo a la justicia, la verdad y la reparaci\u00f3n de las v\u00edctimas de los delitos.","og_url":"https:\/\/www.fiscalia.gov.co\/colombia\/noticias\/fiscalia-impacta-a-una-de-las-mayores-redes-dedicadas-a-la-caza-ilegal-y-sacrificio-de-chiguiro-en-las-sabanas-de-la-orinoquia\/","og_site_name":"Fiscal\u00eda General de la Naci\u00f3n","article_publisher":"https:\/\/www.facebook.com\/FiscaliaCol","article_published_time":"2022-12-04T13:21:09+00:00","author":"Jordan Leandro Oviedo Anzola","twitter_card":"summary_large_image","twitter_creator":"@FiscaliaCol","twitter_site":"@FiscaliaCol","twitter_misc":{"Escrito por":"Jordan Leandro Oviedo Anzola","Tiempo de lectura":"3 minutos"},"schema":{"@context":"https:\/\/schema.org","@graph":[{"@type":"Article","@id":"https:\/\/www.fiscalia.gov.co\/colombia\/noticias\/fiscalia-impacta-a-una-de-las-mayores-redes-dedicadas-a-la-caza-ilegal-y-sacrificio-de-chiguiro-en-las-sabanas-de-la-orinoquia\/#article","isPartOf":{"@id":"https:\/\/www.fiscalia.gov.co\/colombia\/noticias\/fiscalia-impacta-a-una-de-las-mayores-redes-dedicadas-a-la-caza-ilegal-y-sacrificio-de-chiguiro-en-las-sabanas-de-la-orinoquia\/"},"author":{"name":"Jordan Leandro Oviedo Anzola","@id":"https:\/\/www.fiscalia.gov.co\/colombia\/#\/schema\/person\/bf84402cf293a5393e9c70b111020b24"},"headline":"Fiscal\u00eda impacta a una de las mayores redes dedicadas a la caza ilegal y sacrificio de chig\u00fciro en las sabanas de la Orinoqu\u00eda","datePublished":"2022-12-04T13:21:09+00:00","dateModified":"2022-12-04T13:21:09+00:00","mainEntityOfPage":{"@id":"https:\/\/www.fiscalia.gov.co\/colombia\/noticias\/fiscalia-impacta-a-una-de-las-mayores-redes-dedicadas-a-la-caza-ilegal-y-sacrificio-de-chiguiro-en-las-sabanas-de-la-orinoquia\/"},"wordCount":638,"publisher":{"@id":"https:\/\/www.fiscalia.gov.co\/colombia\/#organization"},"keywords":["animales silvestres","caza ilegal","chiguiro","Derechos Humanos","fauna","Fiscal Barbosa","Fiscal\u00eda General de la Naci\u00f3n","Orinoqu\u00eda"],"articleSection":["Derechos Humanos","Noticias"],"inLanguage":"es-CO"},{"@type":"WebPage","@id":"https:\/\/www.fiscalia.gov.co\/colombia\/noticias\/fiscalia-impacta-a-una-de-las-mayores-redes-dedicadas-a-la-caza-ilegal-y-sacrificio-de-chiguiro-en-las-sabanas-de-la-orinoquia\/","url":"https:\/\/www.fiscalia.gov.co\/colombia\/noticias\/fiscalia-impacta-a-una-de-las-mayores-redes-dedicadas-a-la-caza-ilegal-y-sacrificio-de-chiguiro-en-las-sabanas-de-la-orinoquia\/","name":"Fiscal\u00eda General de la Naci\u00f3n","isPartOf":{"@id":"https:\/\/www.fiscalia.gov.co\/colombia\/#website"},"datePublished":"2022-12-04T13:21:09+00:00","dateModified":"2022-12-04T13:21:09+00:00","description":"P\u00e1gina oficial de la Fiscal\u00eda General de la Naci\u00f3n \u2013 Colombia. Garantizamos el acceso efectivo a la justicia, la verdad y la reparaci\u00f3n de las v\u00edctimas de los delitos.","breadcrumb":{"@id":"https:\/\/www.fiscalia.gov.co\/colombia\/noticias\/fiscalia-impacta-a-una-de-las-mayores-redes-dedicadas-a-la-caza-ilegal-y-sacrificio-de-chiguiro-en-las-sabanas-de-la-orinoquia\/#breadcrumb"},"inLanguage":"es-CO","potentialAction":[{"@type":"ReadAction","target":["https:\/\/www.fiscalia.gov.co\/colombia\/noticias\/fiscalia-impacta-a-una-de-las-mayores-redes-dedicadas-a-la-caza-ilegal-y-sacrificio-de-chiguiro-en-las-sabanas-de-la-orinoquia\/"]}]},{"@type":"BreadcrumbList","@id":"https:\/\/www.fiscalia.gov.co\/colombia\/noticias\/fiscalia-impacta-a-una-de-las-mayores-redes-dedicadas-a-la-caza-ilegal-y-sacrificio-de-chiguiro-en-las-sabanas-de-la-orinoquia\/#breadcrumb","itemListElement":[{"@type":"ListItem","position":1,"name":"Home","item":"https:\/\/www.fiscalia.gov.co\/colombia\/"},{"@type":"ListItem","position":2,"name":"Fiscal\u00eda impacta a una de las mayores redes dedicadas a la caza ilegal y sacrificio de chig\u00fciro en las sabanas de la Orinoqu\u00eda"}]},{"@type":"WebSite","@id":"https:\/\/www.fiscalia.gov.co\/colombia\/#website","url":"https:\/\/www.fiscalia.gov.co\/colombia\/","name":"Fiscal\u00eda General de la Naci\u00f3n","description":"P\u00e1gina oficial de la Fiscal\u00eda General de la Naci\u00f3n \u2013 Colombia. Garantizamos el acceso efectivo a la justicia, la verdad y la reparaci\u00f3n de las v\u00edctimas de los delitos.","publisher":{"@id":"https:\/\/www.fiscalia.gov.co\/colombia\/#organization"},"potentialAction":[{"@type":"SearchAction","target":{"@type":"EntryPoint","urlTemplate":"https:\/\/www.fiscalia.gov.co\/colombia\/?s={search_term_string}"},"query-input":{"@type":"PropertyValueSpecification","valueRequired":true,"valueName":"search_term_string"}}],"inLanguage":"es-CO"},{"@type":"Organization","@id":"https:\/\/www.fiscalia.gov.co\/colombia\/#organization","name":"Fiscal\u00eda General de la Naci\u00f3n","url":"https:\/\/www.fiscalia.gov.co\/colombia\/","logo":{"@type":"ImageObject","inLanguage":"es-CO","@id":"https:\/\/www.fiscalia.gov.co\/colombia\/#\/schema\/logo\/image\/","url":"https:\/\/www.fiscalia.gov.co\/colombia\/wp-content\/uploads\/LogoHorizontal_1.jpg","contentUrl":"https:\/\/www.fiscalia.gov.co\/colombia\/wp-content\/uploads\/LogoHorizontal_1.jpg","width":300,"height":90,"caption":"Fiscal\u00eda General de la Naci\u00f3n"},"image":{"@id":"https:\/\/www.fiscalia.gov.co\/colombia\/#\/schema\/logo\/image\/"},"sameAs":["https:\/\/www.facebook.com\/FiscaliaCol","https:\/\/x.com\/FiscaliaCol","https:\/\/www.instagram.com\/fiscaliacol","https:\/\/www.linkedin.com\/company\/fiscalia-general-de-la-naci-n\/","https:\/\/youtube.com\/@fiscaliageneraldelanacion-4668?si=6nN79nyQICPU5iTh"]},{"@type":"Person","@id":"https:\/\/www.fiscalia.gov.co\/colombia\/#\/schema\/person\/bf84402cf293a5393e9c70b111020b24","name":"Jordan Leandro Oviedo Anzola","image":{"@type":"ImageObject","inLanguage":"es-CO","@id":"https:\/\/www.fiscalia.gov.co\/colombia\/#\/schema\/person\/image\/","url":"https:\/\/secure.gravatar.com\/avatar\/dabba4346fa9b9207d96adafa8f92721?s=96&d=mm&r=g","contentUrl":"https:\/\/secure.gravatar.com\/avatar\/dabba4346fa9b9207d96adafa8f92721?s=96&d=mm&r=g","caption":"Jordan Leandro Oviedo Anzola"},"url":"https:\/\/www.fiscalia.gov.co\/colombia\/author\/joviedo\/"}]}},"_links":{"self":[{"href":"https:\/\/www.fiscalia.gov.co\/colombia\/wp-json\/wp\/v2\/posts\/262225","targetHints":{"allow":["GET"]}}],"collection":[{"href":"https:\/\/www.fiscalia.gov.co\/colombia\/wp-json\/wp\/v2\/posts"}],"about":[{"href":"https:\/\/www.fiscalia.gov.co\/colombia\/wp-json\/wp\/v2\/types\/post"}],"author":[{"embeddable":true,"href":"https:\/\/www.fiscalia.gov.co\/colombia\/wp-json\/wp\/v2\/users\/177"}],"replies":[{"embeddable":true,"href":"https:\/\/www.fiscalia.gov.co\/colombia\/wp-json\/wp\/v2\/comments?post=262225"}],"version-history":[{"count":1,"href":"https:\/\/www.fiscalia.gov.co\/colombia\/wp-json\/wp\/v2\/posts\/262225\/revisions"}],"predecessor-version":[{"id":262226,"href":"https:\/\/www.fiscalia.gov.co\/colombia\/wp-json\/wp\/v2\/posts\/262225\/revisions\/262226"}],"wp:attachment":[{"href":"https:\/\/www.fiscalia.gov.co\/colombia\/wp-json\/wp\/v2\/media?parent=262225"}],"wp:term":[{"taxonomy":"category","embeddable":true,"href":"https:\/\/www.fiscalia.gov.co\/colombia\/wp-json\/wp\/v2\/categories?post=262225"},{"taxonomy":"post_tag","embeddable":true,"href":"https:\/\/www.fiscalia.gov.co\/colombia\/wp-json\/wp\/v2\/tags?post=262225"}],"curies":[{"name":"wp","href":"https:\/\/api.w.org\/{rel}","templated":true}]}}