{"id":262053,"date":"2022-12-01T15:41:46","date_gmt":"2022-12-01T20:41:46","guid":{"rendered":"https:\/\/www.fiscalia.gov.co\/colombia\/?p=262053"},"modified":"2022-12-01T15:41:46","modified_gmt":"2022-12-01T20:41:46","slug":"a-la-carcel-19-presuntos-integrantes-de-banda-dedicada-al-microtrafico-porte-de-armas-de-fuego-y-uso-de-menores-para-actividades-ilicitas-en-cali","status":"publish","type":"post","link":"https:\/\/www.fiscalia.gov.co\/colombia\/noticias\/a-la-carcel-19-presuntos-integrantes-de-banda-dedicada-al-microtrafico-porte-de-armas-de-fuego-y-uso-de-menores-para-actividades-ilicitas-en-cali\/","title":{"rendered":"A la c\u00e1rcel 19 presuntos integrantes de banda dedicada al microtr\u00e1fico, porte de armas de fuego y uso de menores para actividades il\u00edcitas en Cali"},"content":{"rendered":"<h4 style=\"font-weight: 400;\"><strong><em>Las capturas se llevaron a cabo mediante\u00a0<\/em>20 diligencias de registro y allanamiento en el oriente de la capital del Valle.<\/strong><\/h4>\n<p style=\"font-weight: 400;\">Seg\u00fan el material probatorio recaudado, la banda Nueve de Enero reclutaba menores para amparar sus actividades criminales y eludir la acci\u00f3n de las autoridades. Igualmente, controlaba la venta y comercializaci\u00f3n de marihuana y bazuco en la Comuna 14 de la capital del Valle.<\/p>\n<p style=\"font-weight: 400;\">A quienes se dedicaban a expender estupefacientes en este sector del oriente de la ciudad, la organizaci\u00f3n delincuencial les cobraba $200.000 como cuota. Y aquellas personas que se resist\u00edan a pagar eran objeto de atentados. En este sentido, la Fiscal\u00eda Seccional logr\u00f3 esclarecer dos homicidios ocurridos en el presente a\u00f1o que comprometen a esta red criminal.<\/p>\n<p style=\"font-weight: 400;\">En audiencias concentradas un fiscal especializado imput\u00f3 cargos a 19 presuntos miembros de Nueve de Enero por los delitos de concierto para delinquir agravado, fabricaci\u00f3n, tr\u00e1fico y porte de estupefacientes, porte de armas de fuego y uso de menores de edad para la comisi\u00f3n de delitos.<\/p>\n<p style=\"font-weight: 400;\">Los hoy imputados fueron detenidos durante operativos realizados por agentes de la SIJIN de la Polic\u00eda Metropolitana, bajo la coordinaci\u00f3n de un fiscal seccional. 14 con orden judicial y 5 m\u00e1s en flagrancia, en 20 diligencias de registro y allanamiento en el oriente de Cali.<\/p>\n<p style=\"font-weight: 400;\">En las diligencias judiciales fueron incautados un rev\u00f3lver calibre 38, dos armas traum\u00e1ticas, cinco tel\u00e9fonos celulares, una motocicleta, dosis de coca\u00edna, bazuco, siete kilos de marihuana y 1.500 cigarrillos de marihuana.<\/p>\n<p style=\"font-weight: 400;\">Un juez penal con control de garant\u00edas dict\u00f3 medida de aseguramiento contra 17 de sus presuntos integrantes y orden\u00f3 la libertad de dos mujeres, quienes fueron igualmente imputadas con cargos.<\/p>\n<p style=\"font-weight: 400;\">En lo que va corrido del 2022, la Fiscal\u00eda ha impactado 79 estructuras criminales en la ciudad y capturado a 628 personas. Ha imputado a 626, de las cuales 582 han sido cobijadas con medida de aseguramiento, para una efectividad del 92.7 por ciento.<\/p>\n<p style=\"font-weight: 400;\">De las 79 organizaciones criminales impactadas, 27 corresponden a bandas dedicadas al microtr\u00e1fico con 241 presuntos integrantes imputados con cargos y 235 privados de la libertad en centro carcelario, para un 97.5 por ciento de efectividad.<\/p>\n<p style=\"font-weight: 400;\">En cuanto al delito de homicidio, la Fiscal\u00eda, junto con la Polic\u00eda Metropolitana, ha desmantelado 23 estructuras delictivas, capturado a 201 personas quienes fueron imputadas con cargos, y 195 han sido aseguradas con medida intramuros para un 97 por ciento de efectividad.<\/p>\n<p style=\"font-weight: 400;\">Esta informaci\u00f3n se publica por razones de inter\u00e9s general.<\/p>\n<p style=\"font-weight: 400;\"><strong>La Fiscal\u00eda habla con resultados<\/strong><\/p>\n<p>&nbsp;<\/p>\n<p>&nbsp;<\/p>\n<p>&nbsp;<\/p>\n<p style=\"font-weight: 400;\">\n<p>&nbsp;<\/p>\n<p style=\"font-weight: 400;\">JGP\/CFG\/SEG\/DSC<\/p>\n<p>&nbsp;<\/p>\n<p>&nbsp;<\/p>\n<p>&nbsp;<\/p>\n<p>&nbsp;<\/p>\n<p>&nbsp;<\/p>\n<div class=\"td-post-content tagdiv-type\">\n<div dir=\"ltr\">\n<div dir=\"ltr\">\n<p><i><span lang=\"ES-CO\">La informaci\u00f3n contenida en este bolet\u00edn de prensa corresponde a la narraci\u00f3n de los hechos noticiosos objetivos, suministrados por los funcionarios encargados de adelantar las investigaciones penales al interior de la Fiscal\u00eda General de la Naci\u00f3n. Para el momento de la divulgaci\u00f3n de este comunicado, la situaci\u00f3n jur\u00eddica de la(s) persona(s) relacionada(s) se encuentra pendiente de resolver por la autoridad judicial competente, siempre bajo los preceptos de la presunci\u00f3n de inocencia, consagrados en el art\u00edculo 29 de la Constituci\u00f3n Pol\u00edtica y el art\u00edculo 7\u00ba de la Ley 906 de 2004.<\/span><\/i><\/p>\n<\/div>\n<\/div>\n<\/div>\n\n<div class=\"twitter-share\"><a href=\"https:\/\/twitter.com\/intent\/tweet?via=fiscaliacol\" class=\"twitter-share-button\">Tweet<\/a><\/div>\n","protected":false},"excerpt":{"rendered":"<p>Las capturas se llevaron a cabo mediante\u00a020 diligencias de registro y allanamiento en el oriente de la capital del Valle. Seg\u00fan el material probatorio recaudado, la banda Nueve de Enero reclutaba menores para amparar sus actividades criminales y eludir la acci\u00f3n de las autoridades. Igualmente, controlaba la venta y comercializaci\u00f3n de marihuana y bazuco en [&hellip;]<\/p>\n","protected":false},"author":177,"featured_media":0,"comment_status":"closed","ping_status":"open","sticky":false,"template":"","format":"standard","meta":{"_price":"","_stock":"","_tribe_ticket_header":"","_tribe_default_ticket_provider":"","_tribe_ticket_capacity":"0","_ticket_start_date":"","_ticket_end_date":"","_tribe_ticket_show_description":"","_tribe_ticket_show_not_going":false,"_tribe_ticket_use_global_stock":"","_tribe_ticket_global_stock_level":"","_global_stock_mode":"","_global_stock_cap":"","_tribe_rsvp_for_event":"","_tribe_ticket_going_count":"","_tribe_ticket_not_going_count":"","_tribe_tickets_list":"[]","_tribe_ticket_has_attendee_info_fields":false,"tdm_status":"","tdm_grid_status":"","footnotes":""},"categories":[1,324,303,24103],"tags":[30077,50,24185,1047,916],"class_list":{"0":"post-262053","1":"post","2":"type-post","3":"status-publish","4":"format-standard","6":"category-noticias","7":"category-seccional-cali","8":"category-seccionales","9":"category-trafico-de-estupefacientes","10":"tag-cali-valle-del-cauca","11":"tag-estupefacientes","12":"tag-fiscal-barbosa","13":"tag-fiscalia-general-de-la-nacion","14":"tag-trafico"},"yoast_head":"<!-- This site is optimized with the Yoast SEO plugin v24.3 - https:\/\/yoast.com\/wordpress\/plugins\/seo\/ -->\n<title>Fiscal\u00eda General de la Naci\u00f3n<\/title>\n<meta name=\"description\" content=\"P\u00e1gina oficial de la Fiscal\u00eda General de la Naci\u00f3n \u2013 Colombia. Garantizamos el acceso efectivo a la justicia, la verdad y la reparaci\u00f3n de las v\u00edctimas de los delitos.\" \/>\n<meta name=\"robots\" content=\"noindex, follow\" \/>\n<meta property=\"og:locale\" content=\"es_ES\" \/>\n<meta property=\"og:type\" content=\"article\" \/>\n<meta property=\"og:title\" content=\"Fiscal\u00eda General de la Naci\u00f3n\" \/>\n<meta property=\"og:description\" content=\"P\u00e1gina oficial de la Fiscal\u00eda General de la Naci\u00f3n \u2013 Colombia. Garantizamos el acceso efectivo a la justicia, la verdad y la reparaci\u00f3n de las v\u00edctimas de los delitos.\" \/>\n<meta property=\"og:url\" content=\"https:\/\/www.fiscalia.gov.co\/colombia\/noticias\/a-la-carcel-19-presuntos-integrantes-de-banda-dedicada-al-microtrafico-porte-de-armas-de-fuego-y-uso-de-menores-para-actividades-ilicitas-en-cali\/\" \/>\n<meta property=\"og:site_name\" content=\"Fiscal\u00eda General de la Naci\u00f3n\" \/>\n<meta property=\"article:publisher\" content=\"https:\/\/www.facebook.com\/FiscaliaCol\" \/>\n<meta property=\"article:published_time\" content=\"2022-12-01T20:41:46+00:00\" \/>\n<meta name=\"author\" content=\"Jordan Leandro Oviedo Anzola\" \/>\n<meta name=\"twitter:card\" content=\"summary_large_image\" \/>\n<meta name=\"twitter:creator\" content=\"@FiscaliaCol\" \/>\n<meta name=\"twitter:site\" content=\"@FiscaliaCol\" \/>\n<meta name=\"twitter:label1\" content=\"Escrito por\" \/>\n\t<meta name=\"twitter:data1\" content=\"Jordan Leandro Oviedo Anzola\" \/>\n\t<meta name=\"twitter:label2\" content=\"Tiempo de lectura\" \/>\n\t<meta name=\"twitter:data2\" content=\"3 minutos\" \/>\n<script type=\"application\/ld+json\" class=\"yoast-schema-graph\">{\"@context\":\"https:\/\/schema.org\",\"@graph\":[{\"@type\":\"Article\",\"@id\":\"https:\/\/www.fiscalia.gov.co\/colombia\/noticias\/a-la-carcel-19-presuntos-integrantes-de-banda-dedicada-al-microtrafico-porte-de-armas-de-fuego-y-uso-de-menores-para-actividades-ilicitas-en-cali\/#article\",\"isPartOf\":{\"@id\":\"https:\/\/www.fiscalia.gov.co\/colombia\/noticias\/a-la-carcel-19-presuntos-integrantes-de-banda-dedicada-al-microtrafico-porte-de-armas-de-fuego-y-uso-de-menores-para-actividades-ilicitas-en-cali\/\"},\"author\":{\"name\":\"Jordan Leandro Oviedo Anzola\",\"@id\":\"https:\/\/www.fiscalia.gov.co\/colombia\/#\/schema\/person\/bf84402cf293a5393e9c70b111020b24\"},\"headline\":\"A la c\u00e1rcel 19 presuntos integrantes de banda dedicada al microtr\u00e1fico, porte de armas de fuego y uso de menores para actividades il\u00edcitas en Cali\",\"datePublished\":\"2022-12-01T20:41:46+00:00\",\"dateModified\":\"2022-12-01T20:41:46+00:00\",\"mainEntityOfPage\":{\"@id\":\"https:\/\/www.fiscalia.gov.co\/colombia\/noticias\/a-la-carcel-19-presuntos-integrantes-de-banda-dedicada-al-microtrafico-porte-de-armas-de-fuego-y-uso-de-menores-para-actividades-ilicitas-en-cali\/\"},\"wordCount\":550,\"publisher\":{\"@id\":\"https:\/\/www.fiscalia.gov.co\/colombia\/#organization\"},\"keywords\":[\"Cali (Valle del Cauca)\",\"Estupefacientes\",\"Fiscal Barbosa\",\"Fiscal\u00eda General de la Naci\u00f3n\",\"Tr\u00e1fico\"],\"articleSection\":[\"Noticias\",\"Seccional Cali\",\"Seccionales\",\"Tr\u00e1fico de estupefacientes\"],\"inLanguage\":\"es-CO\"},{\"@type\":\"WebPage\",\"@id\":\"https:\/\/www.fiscalia.gov.co\/colombia\/noticias\/a-la-carcel-19-presuntos-integrantes-de-banda-dedicada-al-microtrafico-porte-de-armas-de-fuego-y-uso-de-menores-para-actividades-ilicitas-en-cali\/\",\"url\":\"https:\/\/www.fiscalia.gov.co\/colombia\/noticias\/a-la-carcel-19-presuntos-integrantes-de-banda-dedicada-al-microtrafico-porte-de-armas-de-fuego-y-uso-de-menores-para-actividades-ilicitas-en-cali\/\",\"name\":\"Fiscal\u00eda General de la Naci\u00f3n\",\"isPartOf\":{\"@id\":\"https:\/\/www.fiscalia.gov.co\/colombia\/#website\"},\"datePublished\":\"2022-12-01T20:41:46+00:00\",\"dateModified\":\"2022-12-01T20:41:46+00:00\",\"description\":\"P\u00e1gina oficial de la Fiscal\u00eda General de la Naci\u00f3n \u2013 Colombia. Garantizamos el acceso efectivo a la justicia, la verdad y la reparaci\u00f3n de las v\u00edctimas de los delitos.\",\"breadcrumb\":{\"@id\":\"https:\/\/www.fiscalia.gov.co\/colombia\/noticias\/a-la-carcel-19-presuntos-integrantes-de-banda-dedicada-al-microtrafico-porte-de-armas-de-fuego-y-uso-de-menores-para-actividades-ilicitas-en-cali\/#breadcrumb\"},\"inLanguage\":\"es-CO\",\"potentialAction\":[{\"@type\":\"ReadAction\",\"target\":[\"https:\/\/www.fiscalia.gov.co\/colombia\/noticias\/a-la-carcel-19-presuntos-integrantes-de-banda-dedicada-al-microtrafico-porte-de-armas-de-fuego-y-uso-de-menores-para-actividades-ilicitas-en-cali\/\"]}]},{\"@type\":\"BreadcrumbList\",\"@id\":\"https:\/\/www.fiscalia.gov.co\/colombia\/noticias\/a-la-carcel-19-presuntos-integrantes-de-banda-dedicada-al-microtrafico-porte-de-armas-de-fuego-y-uso-de-menores-para-actividades-ilicitas-en-cali\/#breadcrumb\",\"itemListElement\":[{\"@type\":\"ListItem\",\"position\":1,\"name\":\"Home\",\"item\":\"https:\/\/www.fiscalia.gov.co\/colombia\/\"},{\"@type\":\"ListItem\",\"position\":2,\"name\":\"A la c\u00e1rcel 19 presuntos integrantes de banda dedicada al microtr\u00e1fico, porte de armas de fuego y uso de menores para actividades il\u00edcitas en Cali\"}]},{\"@type\":\"WebSite\",\"@id\":\"https:\/\/www.fiscalia.gov.co\/colombia\/#website\",\"url\":\"https:\/\/www.fiscalia.gov.co\/colombia\/\",\"name\":\"Fiscal\u00eda General de la Naci\u00f3n\",\"description\":\"P\u00e1gina oficial de la Fiscal\u00eda General de la Naci\u00f3n \u2013 Colombia. Garantizamos el acceso efectivo a la justicia, la verdad y la reparaci\u00f3n de las v\u00edctimas de los delitos.\",\"publisher\":{\"@id\":\"https:\/\/www.fiscalia.gov.co\/colombia\/#organization\"},\"potentialAction\":[{\"@type\":\"SearchAction\",\"target\":{\"@type\":\"EntryPoint\",\"urlTemplate\":\"https:\/\/www.fiscalia.gov.co\/colombia\/?s={search_term_string}\"},\"query-input\":{\"@type\":\"PropertyValueSpecification\",\"valueRequired\":true,\"valueName\":\"search_term_string\"}}],\"inLanguage\":\"es-CO\"},{\"@type\":\"Organization\",\"@id\":\"https:\/\/www.fiscalia.gov.co\/colombia\/#organization\",\"name\":\"Fiscal\u00eda General de la Naci\u00f3n\",\"url\":\"https:\/\/www.fiscalia.gov.co\/colombia\/\",\"logo\":{\"@type\":\"ImageObject\",\"inLanguage\":\"es-CO\",\"@id\":\"https:\/\/www.fiscalia.gov.co\/colombia\/#\/schema\/logo\/image\/\",\"url\":\"https:\/\/www.fiscalia.gov.co\/colombia\/wp-content\/uploads\/LogoHorizontal_1.jpg\",\"contentUrl\":\"https:\/\/www.fiscalia.gov.co\/colombia\/wp-content\/uploads\/LogoHorizontal_1.jpg\",\"width\":300,\"height\":90,\"caption\":\"Fiscal\u00eda General de la Naci\u00f3n\"},\"image\":{\"@id\":\"https:\/\/www.fiscalia.gov.co\/colombia\/#\/schema\/logo\/image\/\"},\"sameAs\":[\"https:\/\/www.facebook.com\/FiscaliaCol\",\"https:\/\/x.com\/FiscaliaCol\",\"https:\/\/www.instagram.com\/fiscaliacol\",\"https:\/\/www.linkedin.com\/company\/fiscalia-general-de-la-naci-n\/\",\"https:\/\/youtube.com\/@fiscaliageneraldelanacion-4668?si=6nN79nyQICPU5iTh\"]},{\"@type\":\"Person\",\"@id\":\"https:\/\/www.fiscalia.gov.co\/colombia\/#\/schema\/person\/bf84402cf293a5393e9c70b111020b24\",\"name\":\"Jordan Leandro Oviedo Anzola\",\"image\":{\"@type\":\"ImageObject\",\"inLanguage\":\"es-CO\",\"@id\":\"https:\/\/www.fiscalia.gov.co\/colombia\/#\/schema\/person\/image\/\",\"url\":\"https:\/\/secure.gravatar.com\/avatar\/dabba4346fa9b9207d96adafa8f92721?s=96&d=mm&r=g\",\"contentUrl\":\"https:\/\/secure.gravatar.com\/avatar\/dabba4346fa9b9207d96adafa8f92721?s=96&d=mm&r=g\",\"caption\":\"Jordan Leandro Oviedo Anzola\"},\"url\":\"https:\/\/www.fiscalia.gov.co\/colombia\/author\/joviedo\/\"}]}<\/script>\n<!-- \/ Yoast SEO plugin. -->","yoast_head_json":{"title":"Fiscal\u00eda General de la Naci\u00f3n","description":"P\u00e1gina oficial de la Fiscal\u00eda General de la Naci\u00f3n \u2013 Colombia. Garantizamos el acceso efectivo a la justicia, la verdad y la reparaci\u00f3n de las v\u00edctimas de los delitos.","robots":{"index":"noindex","follow":"follow"},"og_locale":"es_ES","og_type":"article","og_title":"Fiscal\u00eda General de la Naci\u00f3n","og_description":"P\u00e1gina oficial de la Fiscal\u00eda General de la Naci\u00f3n \u2013 Colombia. Garantizamos el acceso efectivo a la justicia, la verdad y la reparaci\u00f3n de las v\u00edctimas de los delitos.","og_url":"https:\/\/www.fiscalia.gov.co\/colombia\/noticias\/a-la-carcel-19-presuntos-integrantes-de-banda-dedicada-al-microtrafico-porte-de-armas-de-fuego-y-uso-de-menores-para-actividades-ilicitas-en-cali\/","og_site_name":"Fiscal\u00eda General de la Naci\u00f3n","article_publisher":"https:\/\/www.facebook.com\/FiscaliaCol","article_published_time":"2022-12-01T20:41:46+00:00","author":"Jordan Leandro Oviedo Anzola","twitter_card":"summary_large_image","twitter_creator":"@FiscaliaCol","twitter_site":"@FiscaliaCol","twitter_misc":{"Escrito por":"Jordan Leandro Oviedo Anzola","Tiempo de lectura":"3 minutos"},"schema":{"@context":"https:\/\/schema.org","@graph":[{"@type":"Article","@id":"https:\/\/www.fiscalia.gov.co\/colombia\/noticias\/a-la-carcel-19-presuntos-integrantes-de-banda-dedicada-al-microtrafico-porte-de-armas-de-fuego-y-uso-de-menores-para-actividades-ilicitas-en-cali\/#article","isPartOf":{"@id":"https:\/\/www.fiscalia.gov.co\/colombia\/noticias\/a-la-carcel-19-presuntos-integrantes-de-banda-dedicada-al-microtrafico-porte-de-armas-de-fuego-y-uso-de-menores-para-actividades-ilicitas-en-cali\/"},"author":{"name":"Jordan Leandro Oviedo Anzola","@id":"https:\/\/www.fiscalia.gov.co\/colombia\/#\/schema\/person\/bf84402cf293a5393e9c70b111020b24"},"headline":"A la c\u00e1rcel 19 presuntos integrantes de banda dedicada al microtr\u00e1fico, porte de armas de fuego y uso de menores para actividades il\u00edcitas en Cali","datePublished":"2022-12-01T20:41:46+00:00","dateModified":"2022-12-01T20:41:46+00:00","mainEntityOfPage":{"@id":"https:\/\/www.fiscalia.gov.co\/colombia\/noticias\/a-la-carcel-19-presuntos-integrantes-de-banda-dedicada-al-microtrafico-porte-de-armas-de-fuego-y-uso-de-menores-para-actividades-ilicitas-en-cali\/"},"wordCount":550,"publisher":{"@id":"https:\/\/www.fiscalia.gov.co\/colombia\/#organization"},"keywords":["Cali (Valle del Cauca)","Estupefacientes","Fiscal Barbosa","Fiscal\u00eda General de la Naci\u00f3n","Tr\u00e1fico"],"articleSection":["Noticias","Seccional Cali","Seccionales","Tr\u00e1fico de estupefacientes"],"inLanguage":"es-CO"},{"@type":"WebPage","@id":"https:\/\/www.fiscalia.gov.co\/colombia\/noticias\/a-la-carcel-19-presuntos-integrantes-de-banda-dedicada-al-microtrafico-porte-de-armas-de-fuego-y-uso-de-menores-para-actividades-ilicitas-en-cali\/","url":"https:\/\/www.fiscalia.gov.co\/colombia\/noticias\/a-la-carcel-19-presuntos-integrantes-de-banda-dedicada-al-microtrafico-porte-de-armas-de-fuego-y-uso-de-menores-para-actividades-ilicitas-en-cali\/","name":"Fiscal\u00eda General de la Naci\u00f3n","isPartOf":{"@id":"https:\/\/www.fiscalia.gov.co\/colombia\/#website"},"datePublished":"2022-12-01T20:41:46+00:00","dateModified":"2022-12-01T20:41:46+00:00","description":"P\u00e1gina oficial de la Fiscal\u00eda General de la Naci\u00f3n \u2013 Colombia. Garantizamos el acceso efectivo a la justicia, la verdad y la reparaci\u00f3n de las v\u00edctimas de los delitos.","breadcrumb":{"@id":"https:\/\/www.fiscalia.gov.co\/colombia\/noticias\/a-la-carcel-19-presuntos-integrantes-de-banda-dedicada-al-microtrafico-porte-de-armas-de-fuego-y-uso-de-menores-para-actividades-ilicitas-en-cali\/#breadcrumb"},"inLanguage":"es-CO","potentialAction":[{"@type":"ReadAction","target":["https:\/\/www.fiscalia.gov.co\/colombia\/noticias\/a-la-carcel-19-presuntos-integrantes-de-banda-dedicada-al-microtrafico-porte-de-armas-de-fuego-y-uso-de-menores-para-actividades-ilicitas-en-cali\/"]}]},{"@type":"BreadcrumbList","@id":"https:\/\/www.fiscalia.gov.co\/colombia\/noticias\/a-la-carcel-19-presuntos-integrantes-de-banda-dedicada-al-microtrafico-porte-de-armas-de-fuego-y-uso-de-menores-para-actividades-ilicitas-en-cali\/#breadcrumb","itemListElement":[{"@type":"ListItem","position":1,"name":"Home","item":"https:\/\/www.fiscalia.gov.co\/colombia\/"},{"@type":"ListItem","position":2,"name":"A la c\u00e1rcel 19 presuntos integrantes de banda dedicada al microtr\u00e1fico, porte de armas de fuego y uso de menores para actividades il\u00edcitas en Cali"}]},{"@type":"WebSite","@id":"https:\/\/www.fiscalia.gov.co\/colombia\/#website","url":"https:\/\/www.fiscalia.gov.co\/colombia\/","name":"Fiscal\u00eda General de la Naci\u00f3n","description":"P\u00e1gina oficial de la Fiscal\u00eda General de la Naci\u00f3n \u2013 Colombia. Garantizamos el acceso efectivo a la justicia, la verdad y la reparaci\u00f3n de las v\u00edctimas de los delitos.","publisher":{"@id":"https:\/\/www.fiscalia.gov.co\/colombia\/#organization"},"potentialAction":[{"@type":"SearchAction","target":{"@type":"EntryPoint","urlTemplate":"https:\/\/www.fiscalia.gov.co\/colombia\/?s={search_term_string}"},"query-input":{"@type":"PropertyValueSpecification","valueRequired":true,"valueName":"search_term_string"}}],"inLanguage":"es-CO"},{"@type":"Organization","@id":"https:\/\/www.fiscalia.gov.co\/colombia\/#organization","name":"Fiscal\u00eda General de la Naci\u00f3n","url":"https:\/\/www.fiscalia.gov.co\/colombia\/","logo":{"@type":"ImageObject","inLanguage":"es-CO","@id":"https:\/\/www.fiscalia.gov.co\/colombia\/#\/schema\/logo\/image\/","url":"https:\/\/www.fiscalia.gov.co\/colombia\/wp-content\/uploads\/LogoHorizontal_1.jpg","contentUrl":"https:\/\/www.fiscalia.gov.co\/colombia\/wp-content\/uploads\/LogoHorizontal_1.jpg","width":300,"height":90,"caption":"Fiscal\u00eda General de la Naci\u00f3n"},"image":{"@id":"https:\/\/www.fiscalia.gov.co\/colombia\/#\/schema\/logo\/image\/"},"sameAs":["https:\/\/www.facebook.com\/FiscaliaCol","https:\/\/x.com\/FiscaliaCol","https:\/\/www.instagram.com\/fiscaliacol","https:\/\/www.linkedin.com\/company\/fiscalia-general-de-la-naci-n\/","https:\/\/youtube.com\/@fiscaliageneraldelanacion-4668?si=6nN79nyQICPU5iTh"]},{"@type":"Person","@id":"https:\/\/www.fiscalia.gov.co\/colombia\/#\/schema\/person\/bf84402cf293a5393e9c70b111020b24","name":"Jordan Leandro Oviedo Anzola","image":{"@type":"ImageObject","inLanguage":"es-CO","@id":"https:\/\/www.fiscalia.gov.co\/colombia\/#\/schema\/person\/image\/","url":"https:\/\/secure.gravatar.com\/avatar\/dabba4346fa9b9207d96adafa8f92721?s=96&d=mm&r=g","contentUrl":"https:\/\/secure.gravatar.com\/avatar\/dabba4346fa9b9207d96adafa8f92721?s=96&d=mm&r=g","caption":"Jordan Leandro Oviedo Anzola"},"url":"https:\/\/www.fiscalia.gov.co\/colombia\/author\/joviedo\/"}]}},"_links":{"self":[{"href":"https:\/\/www.fiscalia.gov.co\/colombia\/wp-json\/wp\/v2\/posts\/262053","targetHints":{"allow":["GET"]}}],"collection":[{"href":"https:\/\/www.fiscalia.gov.co\/colombia\/wp-json\/wp\/v2\/posts"}],"about":[{"href":"https:\/\/www.fiscalia.gov.co\/colombia\/wp-json\/wp\/v2\/types\/post"}],"author":[{"embeddable":true,"href":"https:\/\/www.fiscalia.gov.co\/colombia\/wp-json\/wp\/v2\/users\/177"}],"replies":[{"embeddable":true,"href":"https:\/\/www.fiscalia.gov.co\/colombia\/wp-json\/wp\/v2\/comments?post=262053"}],"version-history":[{"count":1,"href":"https:\/\/www.fiscalia.gov.co\/colombia\/wp-json\/wp\/v2\/posts\/262053\/revisions"}],"predecessor-version":[{"id":262057,"href":"https:\/\/www.fiscalia.gov.co\/colombia\/wp-json\/wp\/v2\/posts\/262053\/revisions\/262057"}],"wp:attachment":[{"href":"https:\/\/www.fiscalia.gov.co\/colombia\/wp-json\/wp\/v2\/media?parent=262053"}],"wp:term":[{"taxonomy":"category","embeddable":true,"href":"https:\/\/www.fiscalia.gov.co\/colombia\/wp-json\/wp\/v2\/categories?post=262053"},{"taxonomy":"post_tag","embeddable":true,"href":"https:\/\/www.fiscalia.gov.co\/colombia\/wp-json\/wp\/v2\/tags?post=262053"}],"curies":[{"name":"wp","href":"https:\/\/api.w.org\/{rel}","templated":true}]}}