{"id":261684,"date":"2022-11-25T12:36:04","date_gmt":"2022-11-25T17:36:04","guid":{"rendered":"https:\/\/www.fiscalia.gov.co\/colombia\/?p=261684"},"modified":"2022-11-25T12:36:04","modified_gmt":"2022-11-25T17:36:04","slug":"fiscal-general-francisco-barbosa-reconoce-la-gestion-y-buenos-resultados-de-su-equipo-directivo-que-permanecera-durante-su-ultimo-ano-de-gestion-2023-2024","status":"publish","type":"post","link":"https:\/\/www.fiscalia.gov.co\/colombia\/noticias\/fiscal-general-francisco-barbosa-reconoce-la-gestion-y-buenos-resultados-de-su-equipo-directivo-que-permanecera-durante-su-ultimo-ano-de-gestion-2023-2024\/","title":{"rendered":"Fiscal General Francisco Barbosa reconoce la gesti\u00f3n y buenos resultados de su equipo directivo que permanecer\u00e1 durante su \u00faltimo a\u00f1o de gesti\u00f3n 2023-2024."},"content":{"rendered":"<p>El Fiscal General de la Naci\u00f3n, Francisco Barbosa Delgado, en las dos \u00faltimas semanas realiz\u00f3 mesas de trabajo con los servidores p\u00fablicos del m\u00e1s alto nivel directivo de la entidad, evaluando los resultados obtenidos en los frentes investigativos priorizados en el Direccionamiento Estrat\u00e9gico 2020-2024 y formulando estrategias para fortalecer y consolidar la gesti\u00f3n y acciones de la Fiscal\u00eda en la Calle y en los Territorios, bajo el nuevo modelo t\u00e9cnico de Investigaci\u00f3n implementado.<\/p>\n<p>Inicialmente, se reuni\u00f3 con los directores de las 35 seccionales en Bucaramanga (Santander), Santa Marta (Magdalena) y Medell\u00edn (Antioquia), donde hizo una valoraci\u00f3n de los avances de esclarecimiento en los delitos que, de manera diferencial, m\u00e1s afectan a la ciudadan\u00eda.<\/p>\n<p>Luego, en Paipa (Boyac\u00e1), verific\u00f3 con detalle los logros reportados por los delegados, directores nacionales y coordinadores de grupos que, desde el Nivel Central, han orientado los planes para impactar entre otros a la criminalidad organizada, la corrupci\u00f3n y las distintas manifestaciones de violencia que ponen en peligro la integridad, la vida, la defensa de los derechos humanos y la preservaci\u00f3n de los recursos naturales.<\/p>\n<p>Al t\u00e9rmino de las jornadas de trabajo, se destac\u00f3 el desempe\u00f1o de los servidores p\u00fablicos del nivel directivo, as\u00ed como de los fiscales e investigadores que, a nivel nacional y en las distintas seccionales, han avanzado con determinaci\u00f3n en el esclarecimiento de los delitos que m\u00e1s afectan la seguridad ciudadana y de mayor incidencia en los territorios. De igual manera hizo un reconocimiento a la Unidad de Fiscales Delgados ante la Corte Suprema de Justicia, especialmente al trabajo de su coordinador Gabriel Ram\u00f3n Jaimes Dur\u00e1n<\/p>\n<p>Luego de este proceso evaluativo y gracias a los buenos resultados obtenidos en este 2022, se dispuso en consecuencia, la permanencia en sus cargos del actual equipo directivo de la entidad, garantizando con ello el afianzamiento de la capacidad institucional para lograr la consolidaci\u00f3n de m\u00e1s y mejores resultados durante el \u00faltimo a\u00f1o de gesti\u00f3n.<\/p>\n<p>En desarrollo de la libertad de la entidad para decidir con qu\u00e9 servidores p\u00fablicos de libre nombramiento y remoci\u00f3n cumplir\u00e1 de mejor forma la misi\u00f3n constitucional asignada, la Direcci\u00f3n Ejecutiva, en el marco de las funciones que tiene delegadas, acept\u00f3 la renuncia al cargo de Fiscal Delegado ante la Corte Suprema de Justicia presentada por el doctor Carlos Iban Mej\u00eda Abello.<\/p>\n\n<div class=\"twitter-share\"><a href=\"https:\/\/twitter.com\/intent\/tweet?via=fiscaliacol\" class=\"twitter-share-button\">Tweet<\/a><\/div>\n","protected":false},"excerpt":{"rendered":"<p>El Fiscal General de la Naci\u00f3n, Francisco Barbosa Delgado, en las dos \u00faltimas semanas realiz\u00f3 mesas de trabajo con los servidores p\u00fablicos del m\u00e1s alto nivel directivo de la entidad, evaluando los resultados obtenidos en los frentes investigativos priorizados en el Direccionamiento Estrat\u00e9gico 2020-2024 y formulando estrategias para fortalecer y consolidar la gesti\u00f3n y acciones [&hellip;]<\/p>\n","protected":false},"author":177,"featured_media":0,"comment_status":"closed","ping_status":"open","sticky":false,"template":"","format":"standard","meta":{"_price":"","_stock":"","_tribe_ticket_header":"","_tribe_default_ticket_provider":"","_tribe_ticket_capacity":"0","_ticket_start_date":"","_ticket_end_date":"","_tribe_ticket_show_description":"","_tribe_ticket_show_not_going":false,"_tribe_ticket_use_global_stock":"","_tribe_ticket_global_stock_level":"","_global_stock_mode":"","_global_stock_cap":"","_tribe_rsvp_for_event":"","_tribe_ticket_going_count":"","_tribe_ticket_not_going_count":"","_tribe_tickets_list":"[]","_tribe_ticket_has_attendee_info_fields":false,"tdm_status":"","tdm_grid_status":"","footnotes":""},"categories":[25128,24096,1],"tags":[24185,1047,30611,8446],"class_list":{"0":"post-261684","1":"post","2":"type-post","3":"status-publish","4":"format-standard","6":"category-el-fiscal-en-los-territorios","7":"category-fiscal-general-de-la-nacion","8":"category-noticias","9":"tag-fiscal-barbosa","10":"tag-fiscalia-general-de-la-nacion","11":"tag-gestion","12":"tag-resultados"},"yoast_head":"<!-- This site is optimized with the Yoast SEO plugin v24.3 - https:\/\/yoast.com\/wordpress\/plugins\/seo\/ -->\n<title>Fiscal\u00eda General de la Naci\u00f3n<\/title>\n<meta name=\"description\" content=\"P\u00e1gina oficial de la Fiscal\u00eda General de la Naci\u00f3n \u2013 Colombia. Garantizamos el acceso efectivo a la justicia, la verdad y la reparaci\u00f3n de las v\u00edctimas de los delitos.\" \/>\n<meta name=\"robots\" content=\"noindex, follow\" \/>\n<meta property=\"og:locale\" content=\"es_ES\" \/>\n<meta property=\"og:type\" content=\"article\" \/>\n<meta property=\"og:title\" content=\"Fiscal\u00eda General de la Naci\u00f3n\" \/>\n<meta property=\"og:description\" content=\"P\u00e1gina oficial de la Fiscal\u00eda General de la Naci\u00f3n \u2013 Colombia. Garantizamos el acceso efectivo a la justicia, la verdad y la reparaci\u00f3n de las v\u00edctimas de los delitos.\" \/>\n<meta property=\"og:url\" content=\"https:\/\/www.fiscalia.gov.co\/colombia\/noticias\/fiscal-general-francisco-barbosa-reconoce-la-gestion-y-buenos-resultados-de-su-equipo-directivo-que-permanecera-durante-su-ultimo-ano-de-gestion-2023-2024\/\" \/>\n<meta property=\"og:site_name\" content=\"Fiscal\u00eda General de la Naci\u00f3n\" \/>\n<meta property=\"article:publisher\" content=\"https:\/\/www.facebook.com\/FiscaliaCol\" \/>\n<meta property=\"article:published_time\" content=\"2022-11-25T17:36:04+00:00\" \/>\n<meta name=\"author\" content=\"Jordan Leandro Oviedo Anzola\" \/>\n<meta name=\"twitter:card\" content=\"summary_large_image\" \/>\n<meta name=\"twitter:creator\" content=\"@FiscaliaCol\" \/>\n<meta name=\"twitter:site\" content=\"@FiscaliaCol\" \/>\n<meta name=\"twitter:label1\" content=\"Escrito por\" \/>\n\t<meta name=\"twitter:data1\" content=\"Jordan Leandro Oviedo Anzola\" \/>\n\t<meta name=\"twitter:label2\" content=\"Tiempo de lectura\" \/>\n\t<meta name=\"twitter:data2\" content=\"2 minutos\" \/>\n<script type=\"application\/ld+json\" class=\"yoast-schema-graph\">{\"@context\":\"https:\/\/schema.org\",\"@graph\":[{\"@type\":\"Article\",\"@id\":\"https:\/\/www.fiscalia.gov.co\/colombia\/noticias\/fiscal-general-francisco-barbosa-reconoce-la-gestion-y-buenos-resultados-de-su-equipo-directivo-que-permanecera-durante-su-ultimo-ano-de-gestion-2023-2024\/#article\",\"isPartOf\":{\"@id\":\"https:\/\/www.fiscalia.gov.co\/colombia\/noticias\/fiscal-general-francisco-barbosa-reconoce-la-gestion-y-buenos-resultados-de-su-equipo-directivo-que-permanecera-durante-su-ultimo-ano-de-gestion-2023-2024\/\"},\"author\":{\"name\":\"Jordan Leandro Oviedo Anzola\",\"@id\":\"https:\/\/www.fiscalia.gov.co\/colombia\/#\/schema\/person\/bf84402cf293a5393e9c70b111020b24\"},\"headline\":\"Fiscal General Francisco Barbosa reconoce la gesti\u00f3n y buenos resultados de su equipo directivo que permanecer\u00e1 durante su \u00faltimo a\u00f1o de gesti\u00f3n 2023-2024.\",\"datePublished\":\"2022-11-25T17:36:04+00:00\",\"dateModified\":\"2022-11-25T17:36:04+00:00\",\"mainEntityOfPage\":{\"@id\":\"https:\/\/www.fiscalia.gov.co\/colombia\/noticias\/fiscal-general-francisco-barbosa-reconoce-la-gestion-y-buenos-resultados-de-su-equipo-directivo-que-permanecera-durante-su-ultimo-ano-de-gestion-2023-2024\/\"},\"wordCount\":433,\"publisher\":{\"@id\":\"https:\/\/www.fiscalia.gov.co\/colombia\/#organization\"},\"keywords\":[\"Fiscal Barbosa\",\"Fiscal\u00eda General de la Naci\u00f3n\",\"gesti\u00f3n\",\"Resultados\"],\"articleSection\":[\"El Fiscal en los territorios\",\"Fiscal General de la Naci\u00f3n\",\"Noticias\"],\"inLanguage\":\"es-CO\"},{\"@type\":\"WebPage\",\"@id\":\"https:\/\/www.fiscalia.gov.co\/colombia\/noticias\/fiscal-general-francisco-barbosa-reconoce-la-gestion-y-buenos-resultados-de-su-equipo-directivo-que-permanecera-durante-su-ultimo-ano-de-gestion-2023-2024\/\",\"url\":\"https:\/\/www.fiscalia.gov.co\/colombia\/noticias\/fiscal-general-francisco-barbosa-reconoce-la-gestion-y-buenos-resultados-de-su-equipo-directivo-que-permanecera-durante-su-ultimo-ano-de-gestion-2023-2024\/\",\"name\":\"Fiscal\u00eda General de la Naci\u00f3n\",\"isPartOf\":{\"@id\":\"https:\/\/www.fiscalia.gov.co\/colombia\/#website\"},\"datePublished\":\"2022-11-25T17:36:04+00:00\",\"dateModified\":\"2022-11-25T17:36:04+00:00\",\"description\":\"P\u00e1gina oficial de la Fiscal\u00eda General de la Naci\u00f3n \u2013 Colombia. Garantizamos el acceso efectivo a la justicia, la verdad y la reparaci\u00f3n de las v\u00edctimas de los delitos.\",\"breadcrumb\":{\"@id\":\"https:\/\/www.fiscalia.gov.co\/colombia\/noticias\/fiscal-general-francisco-barbosa-reconoce-la-gestion-y-buenos-resultados-de-su-equipo-directivo-que-permanecera-durante-su-ultimo-ano-de-gestion-2023-2024\/#breadcrumb\"},\"inLanguage\":\"es-CO\",\"potentialAction\":[{\"@type\":\"ReadAction\",\"target\":[\"https:\/\/www.fiscalia.gov.co\/colombia\/noticias\/fiscal-general-francisco-barbosa-reconoce-la-gestion-y-buenos-resultados-de-su-equipo-directivo-que-permanecera-durante-su-ultimo-ano-de-gestion-2023-2024\/\"]}]},{\"@type\":\"BreadcrumbList\",\"@id\":\"https:\/\/www.fiscalia.gov.co\/colombia\/noticias\/fiscal-general-francisco-barbosa-reconoce-la-gestion-y-buenos-resultados-de-su-equipo-directivo-que-permanecera-durante-su-ultimo-ano-de-gestion-2023-2024\/#breadcrumb\",\"itemListElement\":[{\"@type\":\"ListItem\",\"position\":1,\"name\":\"Home\",\"item\":\"https:\/\/www.fiscalia.gov.co\/colombia\/\"},{\"@type\":\"ListItem\",\"position\":2,\"name\":\"Fiscal General Francisco Barbosa reconoce la gesti\u00f3n y buenos resultados de su equipo directivo que permanecer\u00e1 durante su \u00faltimo a\u00f1o de gesti\u00f3n 2023-2024.\"}]},{\"@type\":\"WebSite\",\"@id\":\"https:\/\/www.fiscalia.gov.co\/colombia\/#website\",\"url\":\"https:\/\/www.fiscalia.gov.co\/colombia\/\",\"name\":\"Fiscal\u00eda General de la Naci\u00f3n\",\"description\":\"P\u00e1gina oficial de la Fiscal\u00eda General de la Naci\u00f3n \u2013 Colombia. Garantizamos el acceso efectivo a la justicia, la verdad y la reparaci\u00f3n de las v\u00edctimas de los delitos.\",\"publisher\":{\"@id\":\"https:\/\/www.fiscalia.gov.co\/colombia\/#organization\"},\"potentialAction\":[{\"@type\":\"SearchAction\",\"target\":{\"@type\":\"EntryPoint\",\"urlTemplate\":\"https:\/\/www.fiscalia.gov.co\/colombia\/?s={search_term_string}\"},\"query-input\":{\"@type\":\"PropertyValueSpecification\",\"valueRequired\":true,\"valueName\":\"search_term_string\"}}],\"inLanguage\":\"es-CO\"},{\"@type\":\"Organization\",\"@id\":\"https:\/\/www.fiscalia.gov.co\/colombia\/#organization\",\"name\":\"Fiscal\u00eda General de la Naci\u00f3n\",\"url\":\"https:\/\/www.fiscalia.gov.co\/colombia\/\",\"logo\":{\"@type\":\"ImageObject\",\"inLanguage\":\"es-CO\",\"@id\":\"https:\/\/www.fiscalia.gov.co\/colombia\/#\/schema\/logo\/image\/\",\"url\":\"https:\/\/www.fiscalia.gov.co\/colombia\/wp-content\/uploads\/LogoHorizontal_1.jpg\",\"contentUrl\":\"https:\/\/www.fiscalia.gov.co\/colombia\/wp-content\/uploads\/LogoHorizontal_1.jpg\",\"width\":300,\"height\":90,\"caption\":\"Fiscal\u00eda General de la Naci\u00f3n\"},\"image\":{\"@id\":\"https:\/\/www.fiscalia.gov.co\/colombia\/#\/schema\/logo\/image\/\"},\"sameAs\":[\"https:\/\/www.facebook.com\/FiscaliaCol\",\"https:\/\/x.com\/FiscaliaCol\",\"https:\/\/www.instagram.com\/fiscaliacol\",\"https:\/\/www.linkedin.com\/company\/fiscalia-general-de-la-naci-n\/\",\"https:\/\/youtube.com\/@fiscaliageneraldelanacion-4668?si=6nN79nyQICPU5iTh\"]},{\"@type\":\"Person\",\"@id\":\"https:\/\/www.fiscalia.gov.co\/colombia\/#\/schema\/person\/bf84402cf293a5393e9c70b111020b24\",\"name\":\"Jordan Leandro Oviedo Anzola\",\"image\":{\"@type\":\"ImageObject\",\"inLanguage\":\"es-CO\",\"@id\":\"https:\/\/www.fiscalia.gov.co\/colombia\/#\/schema\/person\/image\/\",\"url\":\"https:\/\/secure.gravatar.com\/avatar\/dabba4346fa9b9207d96adafa8f92721?s=96&d=mm&r=g\",\"contentUrl\":\"https:\/\/secure.gravatar.com\/avatar\/dabba4346fa9b9207d96adafa8f92721?s=96&d=mm&r=g\",\"caption\":\"Jordan Leandro Oviedo Anzola\"},\"url\":\"https:\/\/www.fiscalia.gov.co\/colombia\/author\/joviedo\/\"}]}<\/script>\n<!-- \/ Yoast SEO plugin. -->","yoast_head_json":{"title":"Fiscal\u00eda General de la Naci\u00f3n","description":"P\u00e1gina oficial de la Fiscal\u00eda General de la Naci\u00f3n \u2013 Colombia. Garantizamos el acceso efectivo a la justicia, la verdad y la reparaci\u00f3n de las v\u00edctimas de los delitos.","robots":{"index":"noindex","follow":"follow"},"og_locale":"es_ES","og_type":"article","og_title":"Fiscal\u00eda General de la Naci\u00f3n","og_description":"P\u00e1gina oficial de la Fiscal\u00eda General de la Naci\u00f3n \u2013 Colombia. Garantizamos el acceso efectivo a la justicia, la verdad y la reparaci\u00f3n de las v\u00edctimas de los delitos.","og_url":"https:\/\/www.fiscalia.gov.co\/colombia\/noticias\/fiscal-general-francisco-barbosa-reconoce-la-gestion-y-buenos-resultados-de-su-equipo-directivo-que-permanecera-durante-su-ultimo-ano-de-gestion-2023-2024\/","og_site_name":"Fiscal\u00eda General de la Naci\u00f3n","article_publisher":"https:\/\/www.facebook.com\/FiscaliaCol","article_published_time":"2022-11-25T17:36:04+00:00","author":"Jordan Leandro Oviedo Anzola","twitter_card":"summary_large_image","twitter_creator":"@FiscaliaCol","twitter_site":"@FiscaliaCol","twitter_misc":{"Escrito por":"Jordan Leandro Oviedo Anzola","Tiempo de lectura":"2 minutos"},"schema":{"@context":"https:\/\/schema.org","@graph":[{"@type":"Article","@id":"https:\/\/www.fiscalia.gov.co\/colombia\/noticias\/fiscal-general-francisco-barbosa-reconoce-la-gestion-y-buenos-resultados-de-su-equipo-directivo-que-permanecera-durante-su-ultimo-ano-de-gestion-2023-2024\/#article","isPartOf":{"@id":"https:\/\/www.fiscalia.gov.co\/colombia\/noticias\/fiscal-general-francisco-barbosa-reconoce-la-gestion-y-buenos-resultados-de-su-equipo-directivo-que-permanecera-durante-su-ultimo-ano-de-gestion-2023-2024\/"},"author":{"name":"Jordan Leandro Oviedo Anzola","@id":"https:\/\/www.fiscalia.gov.co\/colombia\/#\/schema\/person\/bf84402cf293a5393e9c70b111020b24"},"headline":"Fiscal General Francisco Barbosa reconoce la gesti\u00f3n y buenos resultados de su equipo directivo que permanecer\u00e1 durante su \u00faltimo a\u00f1o de gesti\u00f3n 2023-2024.","datePublished":"2022-11-25T17:36:04+00:00","dateModified":"2022-11-25T17:36:04+00:00","mainEntityOfPage":{"@id":"https:\/\/www.fiscalia.gov.co\/colombia\/noticias\/fiscal-general-francisco-barbosa-reconoce-la-gestion-y-buenos-resultados-de-su-equipo-directivo-que-permanecera-durante-su-ultimo-ano-de-gestion-2023-2024\/"},"wordCount":433,"publisher":{"@id":"https:\/\/www.fiscalia.gov.co\/colombia\/#organization"},"keywords":["Fiscal Barbosa","Fiscal\u00eda General de la Naci\u00f3n","gesti\u00f3n","Resultados"],"articleSection":["El Fiscal en los territorios","Fiscal General de la Naci\u00f3n","Noticias"],"inLanguage":"es-CO"},{"@type":"WebPage","@id":"https:\/\/www.fiscalia.gov.co\/colombia\/noticias\/fiscal-general-francisco-barbosa-reconoce-la-gestion-y-buenos-resultados-de-su-equipo-directivo-que-permanecera-durante-su-ultimo-ano-de-gestion-2023-2024\/","url":"https:\/\/www.fiscalia.gov.co\/colombia\/noticias\/fiscal-general-francisco-barbosa-reconoce-la-gestion-y-buenos-resultados-de-su-equipo-directivo-que-permanecera-durante-su-ultimo-ano-de-gestion-2023-2024\/","name":"Fiscal\u00eda General de la Naci\u00f3n","isPartOf":{"@id":"https:\/\/www.fiscalia.gov.co\/colombia\/#website"},"datePublished":"2022-11-25T17:36:04+00:00","dateModified":"2022-11-25T17:36:04+00:00","description":"P\u00e1gina oficial de la Fiscal\u00eda General de la Naci\u00f3n \u2013 Colombia. Garantizamos el acceso efectivo a la justicia, la verdad y la reparaci\u00f3n de las v\u00edctimas de los delitos.","breadcrumb":{"@id":"https:\/\/www.fiscalia.gov.co\/colombia\/noticias\/fiscal-general-francisco-barbosa-reconoce-la-gestion-y-buenos-resultados-de-su-equipo-directivo-que-permanecera-durante-su-ultimo-ano-de-gestion-2023-2024\/#breadcrumb"},"inLanguage":"es-CO","potentialAction":[{"@type":"ReadAction","target":["https:\/\/www.fiscalia.gov.co\/colombia\/noticias\/fiscal-general-francisco-barbosa-reconoce-la-gestion-y-buenos-resultados-de-su-equipo-directivo-que-permanecera-durante-su-ultimo-ano-de-gestion-2023-2024\/"]}]},{"@type":"BreadcrumbList","@id":"https:\/\/www.fiscalia.gov.co\/colombia\/noticias\/fiscal-general-francisco-barbosa-reconoce-la-gestion-y-buenos-resultados-de-su-equipo-directivo-que-permanecera-durante-su-ultimo-ano-de-gestion-2023-2024\/#breadcrumb","itemListElement":[{"@type":"ListItem","position":1,"name":"Home","item":"https:\/\/www.fiscalia.gov.co\/colombia\/"},{"@type":"ListItem","position":2,"name":"Fiscal General Francisco Barbosa reconoce la gesti\u00f3n y buenos resultados de su equipo directivo que permanecer\u00e1 durante su \u00faltimo a\u00f1o de gesti\u00f3n 2023-2024."}]},{"@type":"WebSite","@id":"https:\/\/www.fiscalia.gov.co\/colombia\/#website","url":"https:\/\/www.fiscalia.gov.co\/colombia\/","name":"Fiscal\u00eda General de la Naci\u00f3n","description":"P\u00e1gina oficial de la Fiscal\u00eda General de la Naci\u00f3n \u2013 Colombia. Garantizamos el acceso efectivo a la justicia, la verdad y la reparaci\u00f3n de las v\u00edctimas de los delitos.","publisher":{"@id":"https:\/\/www.fiscalia.gov.co\/colombia\/#organization"},"potentialAction":[{"@type":"SearchAction","target":{"@type":"EntryPoint","urlTemplate":"https:\/\/www.fiscalia.gov.co\/colombia\/?s={search_term_string}"},"query-input":{"@type":"PropertyValueSpecification","valueRequired":true,"valueName":"search_term_string"}}],"inLanguage":"es-CO"},{"@type":"Organization","@id":"https:\/\/www.fiscalia.gov.co\/colombia\/#organization","name":"Fiscal\u00eda General de la Naci\u00f3n","url":"https:\/\/www.fiscalia.gov.co\/colombia\/","logo":{"@type":"ImageObject","inLanguage":"es-CO","@id":"https:\/\/www.fiscalia.gov.co\/colombia\/#\/schema\/logo\/image\/","url":"https:\/\/www.fiscalia.gov.co\/colombia\/wp-content\/uploads\/LogoHorizontal_1.jpg","contentUrl":"https:\/\/www.fiscalia.gov.co\/colombia\/wp-content\/uploads\/LogoHorizontal_1.jpg","width":300,"height":90,"caption":"Fiscal\u00eda General de la Naci\u00f3n"},"image":{"@id":"https:\/\/www.fiscalia.gov.co\/colombia\/#\/schema\/logo\/image\/"},"sameAs":["https:\/\/www.facebook.com\/FiscaliaCol","https:\/\/x.com\/FiscaliaCol","https:\/\/www.instagram.com\/fiscaliacol","https:\/\/www.linkedin.com\/company\/fiscalia-general-de-la-naci-n\/","https:\/\/youtube.com\/@fiscaliageneraldelanacion-4668?si=6nN79nyQICPU5iTh"]},{"@type":"Person","@id":"https:\/\/www.fiscalia.gov.co\/colombia\/#\/schema\/person\/bf84402cf293a5393e9c70b111020b24","name":"Jordan Leandro Oviedo Anzola","image":{"@type":"ImageObject","inLanguage":"es-CO","@id":"https:\/\/www.fiscalia.gov.co\/colombia\/#\/schema\/person\/image\/","url":"https:\/\/secure.gravatar.com\/avatar\/dabba4346fa9b9207d96adafa8f92721?s=96&d=mm&r=g","contentUrl":"https:\/\/secure.gravatar.com\/avatar\/dabba4346fa9b9207d96adafa8f92721?s=96&d=mm&r=g","caption":"Jordan Leandro Oviedo Anzola"},"url":"https:\/\/www.fiscalia.gov.co\/colombia\/author\/joviedo\/"}]}},"_links":{"self":[{"href":"https:\/\/www.fiscalia.gov.co\/colombia\/wp-json\/wp\/v2\/posts\/261684","targetHints":{"allow":["GET"]}}],"collection":[{"href":"https:\/\/www.fiscalia.gov.co\/colombia\/wp-json\/wp\/v2\/posts"}],"about":[{"href":"https:\/\/www.fiscalia.gov.co\/colombia\/wp-json\/wp\/v2\/types\/post"}],"author":[{"embeddable":true,"href":"https:\/\/www.fiscalia.gov.co\/colombia\/wp-json\/wp\/v2\/users\/177"}],"replies":[{"embeddable":true,"href":"https:\/\/www.fiscalia.gov.co\/colombia\/wp-json\/wp\/v2\/comments?post=261684"}],"version-history":[{"count":1,"href":"https:\/\/www.fiscalia.gov.co\/colombia\/wp-json\/wp\/v2\/posts\/261684\/revisions"}],"predecessor-version":[{"id":261685,"href":"https:\/\/www.fiscalia.gov.co\/colombia\/wp-json\/wp\/v2\/posts\/261684\/revisions\/261685"}],"wp:attachment":[{"href":"https:\/\/www.fiscalia.gov.co\/colombia\/wp-json\/wp\/v2\/media?parent=261684"}],"wp:term":[{"taxonomy":"category","embeddable":true,"href":"https:\/\/www.fiscalia.gov.co\/colombia\/wp-json\/wp\/v2\/categories?post=261684"},{"taxonomy":"post_tag","embeddable":true,"href":"https:\/\/www.fiscalia.gov.co\/colombia\/wp-json\/wp\/v2\/tags?post=261684"}],"curies":[{"name":"wp","href":"https:\/\/api.w.org\/{rel}","templated":true}]}}