{"id":260983,"date":"2022-11-15T14:56:36","date_gmt":"2022-11-15T19:56:36","guid":{"rendered":"https:\/\/www.fiscalia.gov.co\/colombia\/?p=260983"},"modified":"2022-11-15T14:56:36","modified_gmt":"2022-11-15T19:56:36","slug":"fiscalia-judicializo-a-cuatro-presuntos-integrantes-de-la-organizacion-delincuencial-los-galanes-dedicados-a-la-venta-de-sustancias-alucinogenas","status":"publish","type":"post","link":"https:\/\/www.fiscalia.gov.co\/colombia\/noticias\/fiscalia-judicializo-a-cuatro-presuntos-integrantes-de-la-organizacion-delincuencial-los-galanes-dedicados-a-la-venta-de-sustancias-alucinogenas\/","title":{"rendered":"Fiscal\u00eda judicializo a cuatro presuntos integrantes de la organizaci\u00f3n delincuencial Los Galanes, dedicados a la venta de sustancias alucin\u00f3genas"},"content":{"rendered":"<div id=\"m_5307120862647705134x_Signature\">\n<div id=\"m_5307120862647705134x_divtagdefaultwrapper\" dir=\"ltr\">\n<p><span lang=\"ES-CO\">La Fiscal\u00eda General de la Naci\u00f3n,\u2002\u00a0a trav\u00e9s de la Seccional Guain\u00eda-Vaup\u00e9s, logr\u00f3 que un juez dictar\u00e1 medida de aseguramiento carcelario contra\u00a0<\/span><span lang=\"ES-CO\">Aldemar Casallas Ortega, Mada Fanny Rodr\u00edguez Garc\u00eda, Fabio Garrido Camico, William Ismael Ram\u00edrez Bautista, por su presunta responsabilidad en los delitos de\u00a0<a href=\"https:\/\/www.fiscalia.gov.co\/colombia\/noticias\/fiscalia-impacto-a-organizacion-al-margen-de-la-ley-los-triada-ciudadanos-extranjeros-investigados-por-posible-trafico-de-estupefacientes-en-duitama-boyaca\/\" target=\"_blank\" rel=\"noopener\" data-saferedirecturl=\"https:\/\/www.google.com\/url?q=https:\/\/www.fiscalia.gov.co\/colombia\/noticias\/fiscalia-impacto-a-organizacion-al-margen-de-la-ley-los-triada-ciudadanos-extranjeros-investigados-por-posible-trafico-de-estupefacientes-en-duitama-boyaca\/&amp;source=gmail&amp;ust=1668628430580000&amp;usg=AOvVaw1m4F2lXUNw4cTU0hvHn2ak\">tr\u00e1fico, fabricaci\u00f3n o porte de estupefacientes agravado<\/a>\u00a0y uso de menores comisi\u00f3n de delitos.\u00a0<\/span><\/p>\n<figure id=\"attachment_260984\" aria-describedby=\"caption-attachment-260984\" style=\"width: 696px\" class=\"wp-caption aligncenter\"><img loading=\"lazy\" decoding=\"async\" class=\"size-large wp-image-260984\" src=\"https:\/\/www.fiscalia.gov.co\/colombia\/wp-content\/uploads\/FOTO-2-10-1024x271.jpg\" alt=\"Las cuatro personas capturadas, entre ellas una mujer, est\u00e1n esposados a su espalda y con algunos elementos incautados sobre una mesa, est\u00e1n custodiados por uniformados de la Polic\u00eda, el Ej\u00e9rcito y la Armada Nacional.\" width=\"696\" height=\"184\" srcset=\"https:\/\/www.fiscalia.gov.co\/colombia\/wp-content\/uploads\/FOTO-2-10-1024x271.jpg 1024w, https:\/\/www.fiscalia.gov.co\/colombia\/wp-content\/uploads\/FOTO-2-10-300x79.jpg 300w, https:\/\/www.fiscalia.gov.co\/colombia\/wp-content\/uploads\/FOTO-2-10-768x203.jpg 768w, https:\/\/www.fiscalia.gov.co\/colombia\/wp-content\/uploads\/FOTO-2-10-696x184.jpg 696w, https:\/\/www.fiscalia.gov.co\/colombia\/wp-content\/uploads\/FOTO-2-10-1068x283.jpg 1068w, https:\/\/www.fiscalia.gov.co\/colombia\/wp-content\/uploads\/FOTO-2-10.jpg 1280w\" sizes=\"auto, (max-width: 696px) 100vw, 696px\" \/><figcaption id=\"caption-attachment-260984\" class=\"wp-caption-text\">Aldemar Casallas Ortega, Mada Fanny Rodr\u00edguez Garc\u00eda, Fabio Garrido Camico, William Ismael Ram\u00edrez Bautista, aceptaron cargos por los delitos de tr\u00e1fico, fabricaci\u00f3n o porte de estupefacientes agravado y uso de menores comisi\u00f3n de delitos, ante la contundencia de las pruebas presentadas por la Fiscal\u00eda.<\/figcaption><\/figure>\n<p><span lang=\"ES-CO\">De acuerdo con las investigaciones realizadas, dos de los procesados, quienes son pareja, presuntamente estar\u00edan usando sus hijos\u00a0menores de edad\u00a0para hacer la entrega de las\u00a0<\/span><span lang=\"ES-CO\"><a href=\"https:\/\/www.fiscalia.gov.co\/colombia\/noticias\/impactado-grupo-de-delincuencia-organizado-la-escala-por-trafico-de-estupefacientes-en-ibague-tolima\/\" target=\"_blank\" rel=\"noopener\" data-saferedirecturl=\"https:\/\/www.google.com\/url?q=https:\/\/www.fiscalia.gov.co\/colombia\/noticias\/impactado-grupo-de-delincuencia-organizado-la-escala-por-trafico-de-estupefacientes-en-ibague-tolima\/&amp;source=gmail&amp;ust=1668628430580000&amp;usg=AOvVaw3JuQ50w8X_mvJkv3uLd1v5\">sustancias alucin\u00f3genas<\/a>\u00a0en su casa.\u00a0<\/span><\/p>\n<p><span lang=\"ES-CO\">Los hechos ocurrieron entre febrero del 2021 y julio del presente a\u00f1o, donde estas personas, quienes, al parecer, integraban el grupo de delincuencial Los Galanes, se dedicaban a la distribuci\u00f3n y venta de\u00a0<a href=\"https:\/\/www.fiscalia.gov.co\/colombia\/noticias\/un-hombre-fue-condenado-a-mas-de-3-anos-de-prision-por-trafico-de-estupefacientes-en-guainia\/\" target=\"_blank\" rel=\"noopener\" data-saferedirecturl=\"https:\/\/www.google.com\/url?q=https:\/\/www.fiscalia.gov.co\/colombia\/noticias\/un-hombre-fue-condenado-a-mas-de-3-anos-de-prision-por-trafico-de-estupefacientes-en-guainia\/&amp;source=gmail&amp;ust=1668628430580000&amp;usg=AOvVaw20rKT2LGvZXDaf6rz4whr5\">coca\u00edna y marihuana<\/a>, en entornos escolares del barrio El Paujil, y entrega expr\u00e9s en el municipio de\u00a0In\u00edrida (Guain\u00eda).<\/span><\/p>\n<p><span lang=\"ES-CO\">Sus capturas fueron adelantadas el pasado 3 de noviembre por uniformados de la Polic\u00eda Nacional.\u00a0<\/span><\/p>\n<p><span lang=\"ES-CO\">Esta informaci\u00f3n se publica por razones de inter\u00e9s general.\u00a0<\/span><\/p>\n<p><strong><span lang=\"ES-CO\">La Fiscal\u00eda habla con resultados.<\/span><\/strong><\/p>\n<\/div>\n<\/div>\n<p>&nbsp;<\/p>\n<p>&nbsp;<\/p>\n<p>&nbsp;<\/p>\n<p>&nbsp;<\/p>\n<p>&nbsp;<\/p>\n<div id=\"m_5307120862647705134x_Signature\">\n<div id=\"m_5307120862647705134x_divtagdefaultwrapper\" dir=\"ltr\">\n<p><span lang=\"ES-CO\">LAZL\/MG\/LFRR\/DSGV<\/span><\/p>\n<\/div>\n<\/div>\n<p>&nbsp;<\/p>\n<p>&nbsp;<\/p>\n<p>&nbsp;<\/p>\n<p>&nbsp;<\/p>\n<div>\n<div>\n<div dir=\"ltr\">\n<div id=\"m_5307120862647705134x_x_divtagdefaultwrapper\" dir=\"ltr\">\n<div id=\"m_5307120862647705134x_x_Signature\">\n<div id=\"m_5307120862647705134x_x_divtagdefaultwrapper\" dir=\"ltr\">\n<p><span lang=\"ES-CO\">\u00a0<\/span><\/p>\n<p><i><span lang=\"ES-CO\">La informaci\u00f3n contenida en este bolet\u00edn de prensa corresponde a la narraci\u00f3n de los hechos noticiosos objetivos, suministrados por los funcionarios encargados de adelantar las investigaciones penales al interior de la Fiscal\u00eda General de la Naci\u00f3n. Para el momento de la divulgaci\u00f3n de este comunicado, la situaci\u00f3n jur\u00eddica de la(s) persona(s) relacionada(s) se encuentra pendiente de resolver por la autoridad judicial competente, siempre bajo los preceptos de la presunci\u00f3n de inocencia, consagrados en el art\u00edculo 29 de la Constituci\u00f3n Pol\u00edtica y el art\u00edculo 7\u00ba de la Ley 906 de 2004.<\/span><\/i><\/p>\n<p>&nbsp;<\/p>\n<p><span lang=\"ES-CO\">\u00a0<\/span><\/p>\n<\/div>\n<\/div>\n<\/div>\n<\/div>\n<\/div>\n<\/div>\n\n<div class=\"twitter-share\"><a href=\"https:\/\/twitter.com\/intent\/tweet?via=fiscaliacol\" class=\"twitter-share-button\">Tweet<\/a><\/div>\n","protected":false},"excerpt":{"rendered":"<p>La Fiscal\u00eda General de la Naci\u00f3n,\u2002\u00a0a trav\u00e9s de la Seccional Guain\u00eda-Vaup\u00e9s, logr\u00f3 que un juez dictar\u00e1 medida de aseguramiento carcelario contra\u00a0Aldemar Casallas Ortega, Mada Fanny Rodr\u00edguez Garc\u00eda, Fabio Garrido Camico, William Ismael Ram\u00edrez Bautista, por su presunta responsabilidad en los delitos de\u00a0tr\u00e1fico, fabricaci\u00f3n o porte de estupefacientes agravado\u00a0y uso de menores comisi\u00f3n de delitos.\u00a0 De [&hellip;]<\/p>\n","protected":false},"author":177,"featured_media":0,"comment_status":"closed","ping_status":"open","sticky":false,"template":"","format":"standard","meta":{"_price":"","_stock":"","_tribe_ticket_header":"","_tribe_default_ticket_provider":"","_tribe_ticket_capacity":"0","_ticket_start_date":"","_ticket_end_date":"","_tribe_ticket_show_description":"","_tribe_ticket_show_not_going":false,"_tribe_ticket_use_global_stock":"","_tribe_ticket_global_stock_level":"","_global_stock_mode":"","_global_stock_cap":"","_tribe_rsvp_for_event":"","_tribe_ticket_going_count":"","_tribe_ticket_not_going_count":"","_tribe_tickets_list":"[]","_tribe_ticket_has_attendee_info_fields":false,"tdm_status":"","tdm_grid_status":"","footnotes":""},"categories":[1,24154,303,24103],"tags":[924,14550,1047,31740,1185,33357],"class_list":{"0":"post-260983","1":"post","2":"type-post","3":"status-publish","4":"format-standard","6":"category-noticias","7":"category-seccional-inirida","8":"category-seccionales","9":"category-trafico-de-estupefacientes","10":"tag-captura","11":"tag-carcel","12":"tag-fiscalia-general-de-la-nacion","13":"tag-inirida-guainia","14":"tag-medida-de-aseguramiento","15":"tag-trafico-de-estupefacientes-y-uso-de-menores"},"yoast_head":"<!-- This site is optimized with the Yoast SEO plugin v24.3 - https:\/\/yoast.com\/wordpress\/plugins\/seo\/ -->\n<title>Fiscal\u00eda General de la Naci\u00f3n<\/title>\n<meta name=\"description\" content=\"P\u00e1gina oficial de la Fiscal\u00eda General de la Naci\u00f3n \u2013 Colombia. Garantizamos el acceso efectivo a la justicia, la verdad y la reparaci\u00f3n de las v\u00edctimas de los delitos.\" \/>\n<meta name=\"robots\" content=\"noindex, follow\" \/>\n<meta property=\"og:locale\" content=\"es_ES\" \/>\n<meta property=\"og:type\" content=\"article\" \/>\n<meta property=\"og:title\" content=\"Fiscal\u00eda General de la Naci\u00f3n\" \/>\n<meta property=\"og:description\" content=\"P\u00e1gina oficial de la Fiscal\u00eda General de la Naci\u00f3n \u2013 Colombia. Garantizamos el acceso efectivo a la justicia, la verdad y la reparaci\u00f3n de las v\u00edctimas de los delitos.\" \/>\n<meta property=\"og:url\" content=\"https:\/\/www.fiscalia.gov.co\/colombia\/noticias\/fiscalia-judicializo-a-cuatro-presuntos-integrantes-de-la-organizacion-delincuencial-los-galanes-dedicados-a-la-venta-de-sustancias-alucinogenas\/\" \/>\n<meta property=\"og:site_name\" content=\"Fiscal\u00eda General de la Naci\u00f3n\" \/>\n<meta property=\"article:publisher\" content=\"https:\/\/www.facebook.com\/FiscaliaCol\" \/>\n<meta property=\"article:published_time\" content=\"2022-11-15T19:56:36+00:00\" \/>\n<meta property=\"og:image\" content=\"https:\/\/www.fiscalia.gov.co\/colombia\/wp-content\/uploads\/FOTO-2-10-1024x271.jpg\" \/>\n<meta name=\"author\" content=\"Jordan Leandro Oviedo Anzola\" \/>\n<meta name=\"twitter:card\" content=\"summary_large_image\" \/>\n<meta name=\"twitter:creator\" content=\"@FiscaliaCol\" \/>\n<meta name=\"twitter:site\" content=\"@FiscaliaCol\" \/>\n<meta name=\"twitter:label1\" content=\"Escrito por\" \/>\n\t<meta name=\"twitter:data1\" content=\"Jordan Leandro Oviedo Anzola\" \/>\n\t<meta name=\"twitter:label2\" content=\"Tiempo de lectura\" \/>\n\t<meta name=\"twitter:data2\" content=\"2 minutos\" \/>\n<script type=\"application\/ld+json\" class=\"yoast-schema-graph\">{\"@context\":\"https:\/\/schema.org\",\"@graph\":[{\"@type\":\"Article\",\"@id\":\"https:\/\/www.fiscalia.gov.co\/colombia\/noticias\/fiscalia-judicializo-a-cuatro-presuntos-integrantes-de-la-organizacion-delincuencial-los-galanes-dedicados-a-la-venta-de-sustancias-alucinogenas\/#article\",\"isPartOf\":{\"@id\":\"https:\/\/www.fiscalia.gov.co\/colombia\/noticias\/fiscalia-judicializo-a-cuatro-presuntos-integrantes-de-la-organizacion-delincuencial-los-galanes-dedicados-a-la-venta-de-sustancias-alucinogenas\/\"},\"author\":{\"name\":\"Jordan Leandro Oviedo Anzola\",\"@id\":\"https:\/\/www.fiscalia.gov.co\/colombia\/#\/schema\/person\/bf84402cf293a5393e9c70b111020b24\"},\"headline\":\"Fiscal\u00eda judicializo a cuatro presuntos integrantes de la organizaci\u00f3n delincuencial Los Galanes, dedicados a la venta de sustancias alucin\u00f3genas\",\"datePublished\":\"2022-11-15T19:56:36+00:00\",\"dateModified\":\"2022-11-15T19:56:36+00:00\",\"mainEntityOfPage\":{\"@id\":\"https:\/\/www.fiscalia.gov.co\/colombia\/noticias\/fiscalia-judicializo-a-cuatro-presuntos-integrantes-de-la-organizacion-delincuencial-los-galanes-dedicados-a-la-venta-de-sustancias-alucinogenas\/\"},\"wordCount\":388,\"publisher\":{\"@id\":\"https:\/\/www.fiscalia.gov.co\/colombia\/#organization\"},\"image\":{\"@id\":\"https:\/\/www.fiscalia.gov.co\/colombia\/noticias\/fiscalia-judicializo-a-cuatro-presuntos-integrantes-de-la-organizacion-delincuencial-los-galanes-dedicados-a-la-venta-de-sustancias-alucinogenas\/#primaryimage\"},\"thumbnailUrl\":\"https:\/\/www.fiscalia.gov.co\/colombia\/wp-content\/uploads\/FOTO-2-10-1024x271.jpg\",\"keywords\":[\"Captura\",\"C\u00e1rcel\",\"Fiscal\u00eda General de la Naci\u00f3n\",\"In\u00edrida (Guain\u00eda)\",\"Medida de aseguramiento\",\"tr\u00e1fico de estupefacientes y uso de menores\"],\"articleSection\":[\"Noticias\",\"Seccional In\u00edrida\",\"Seccionales\",\"Tr\u00e1fico de estupefacientes\"],\"inLanguage\":\"es-CO\"},{\"@type\":\"WebPage\",\"@id\":\"https:\/\/www.fiscalia.gov.co\/colombia\/noticias\/fiscalia-judicializo-a-cuatro-presuntos-integrantes-de-la-organizacion-delincuencial-los-galanes-dedicados-a-la-venta-de-sustancias-alucinogenas\/\",\"url\":\"https:\/\/www.fiscalia.gov.co\/colombia\/noticias\/fiscalia-judicializo-a-cuatro-presuntos-integrantes-de-la-organizacion-delincuencial-los-galanes-dedicados-a-la-venta-de-sustancias-alucinogenas\/\",\"name\":\"Fiscal\u00eda General de la Naci\u00f3n\",\"isPartOf\":{\"@id\":\"https:\/\/www.fiscalia.gov.co\/colombia\/#website\"},\"primaryImageOfPage\":{\"@id\":\"https:\/\/www.fiscalia.gov.co\/colombia\/noticias\/fiscalia-judicializo-a-cuatro-presuntos-integrantes-de-la-organizacion-delincuencial-los-galanes-dedicados-a-la-venta-de-sustancias-alucinogenas\/#primaryimage\"},\"image\":{\"@id\":\"https:\/\/www.fiscalia.gov.co\/colombia\/noticias\/fiscalia-judicializo-a-cuatro-presuntos-integrantes-de-la-organizacion-delincuencial-los-galanes-dedicados-a-la-venta-de-sustancias-alucinogenas\/#primaryimage\"},\"thumbnailUrl\":\"https:\/\/www.fiscalia.gov.co\/colombia\/wp-content\/uploads\/FOTO-2-10-1024x271.jpg\",\"datePublished\":\"2022-11-15T19:56:36+00:00\",\"dateModified\":\"2022-11-15T19:56:36+00:00\",\"description\":\"P\u00e1gina oficial de la Fiscal\u00eda General de la Naci\u00f3n \u2013 Colombia. Garantizamos el acceso efectivo a la justicia, la verdad y la reparaci\u00f3n de las v\u00edctimas de los delitos.\",\"breadcrumb\":{\"@id\":\"https:\/\/www.fiscalia.gov.co\/colombia\/noticias\/fiscalia-judicializo-a-cuatro-presuntos-integrantes-de-la-organizacion-delincuencial-los-galanes-dedicados-a-la-venta-de-sustancias-alucinogenas\/#breadcrumb\"},\"inLanguage\":\"es-CO\",\"potentialAction\":[{\"@type\":\"ReadAction\",\"target\":[\"https:\/\/www.fiscalia.gov.co\/colombia\/noticias\/fiscalia-judicializo-a-cuatro-presuntos-integrantes-de-la-organizacion-delincuencial-los-galanes-dedicados-a-la-venta-de-sustancias-alucinogenas\/\"]}]},{\"@type\":\"ImageObject\",\"inLanguage\":\"es-CO\",\"@id\":\"https:\/\/www.fiscalia.gov.co\/colombia\/noticias\/fiscalia-judicializo-a-cuatro-presuntos-integrantes-de-la-organizacion-delincuencial-los-galanes-dedicados-a-la-venta-de-sustancias-alucinogenas\/#primaryimage\",\"url\":\"https:\/\/www.fiscalia.gov.co\/colombia\/wp-content\/uploads\/FOTO-2-10.jpg\",\"contentUrl\":\"https:\/\/www.fiscalia.gov.co\/colombia\/wp-content\/uploads\/FOTO-2-10.jpg\",\"width\":1280,\"height\":339,\"caption\":\"Aldemar Casallas Ortega, Mada Fanny Rodr\u00edguez Garc\u00eda, Fabio Garrido Camico, William Ismael Ram\u00edrez Bautista, aceptaron cargos por los delitos de tr\u00e1fico, fabricaci\u00f3n o porte de estupefacientes agravado y uso de menores comisi\u00f3n de delitos, ante la contundencia de las pruebas presentadas por la Fiscal\u00eda.\"},{\"@type\":\"BreadcrumbList\",\"@id\":\"https:\/\/www.fiscalia.gov.co\/colombia\/noticias\/fiscalia-judicializo-a-cuatro-presuntos-integrantes-de-la-organizacion-delincuencial-los-galanes-dedicados-a-la-venta-de-sustancias-alucinogenas\/#breadcrumb\",\"itemListElement\":[{\"@type\":\"ListItem\",\"position\":1,\"name\":\"Home\",\"item\":\"https:\/\/www.fiscalia.gov.co\/colombia\/\"},{\"@type\":\"ListItem\",\"position\":2,\"name\":\"Fiscal\u00eda judicializo a cuatro presuntos integrantes de la organizaci\u00f3n delincuencial Los Galanes, dedicados a la venta de sustancias alucin\u00f3genas\"}]},{\"@type\":\"WebSite\",\"@id\":\"https:\/\/www.fiscalia.gov.co\/colombia\/#website\",\"url\":\"https:\/\/www.fiscalia.gov.co\/colombia\/\",\"name\":\"Fiscal\u00eda General de la Naci\u00f3n\",\"description\":\"P\u00e1gina oficial de la Fiscal\u00eda General de la Naci\u00f3n \u2013 Colombia. Garantizamos el acceso efectivo a la justicia, la verdad y la reparaci\u00f3n de las v\u00edctimas de los delitos.\",\"publisher\":{\"@id\":\"https:\/\/www.fiscalia.gov.co\/colombia\/#organization\"},\"potentialAction\":[{\"@type\":\"SearchAction\",\"target\":{\"@type\":\"EntryPoint\",\"urlTemplate\":\"https:\/\/www.fiscalia.gov.co\/colombia\/?s={search_term_string}\"},\"query-input\":{\"@type\":\"PropertyValueSpecification\",\"valueRequired\":true,\"valueName\":\"search_term_string\"}}],\"inLanguage\":\"es-CO\"},{\"@type\":\"Organization\",\"@id\":\"https:\/\/www.fiscalia.gov.co\/colombia\/#organization\",\"name\":\"Fiscal\u00eda General de la Naci\u00f3n\",\"url\":\"https:\/\/www.fiscalia.gov.co\/colombia\/\",\"logo\":{\"@type\":\"ImageObject\",\"inLanguage\":\"es-CO\",\"@id\":\"https:\/\/www.fiscalia.gov.co\/colombia\/#\/schema\/logo\/image\/\",\"url\":\"https:\/\/www.fiscalia.gov.co\/colombia\/wp-content\/uploads\/LogoHorizontal_1.jpg\",\"contentUrl\":\"https:\/\/www.fiscalia.gov.co\/colombia\/wp-content\/uploads\/LogoHorizontal_1.jpg\",\"width\":300,\"height\":90,\"caption\":\"Fiscal\u00eda General de la Naci\u00f3n\"},\"image\":{\"@id\":\"https:\/\/www.fiscalia.gov.co\/colombia\/#\/schema\/logo\/image\/\"},\"sameAs\":[\"https:\/\/www.facebook.com\/FiscaliaCol\",\"https:\/\/x.com\/FiscaliaCol\",\"https:\/\/www.instagram.com\/fiscaliacol\",\"https:\/\/www.linkedin.com\/company\/fiscalia-general-de-la-naci-n\/\",\"https:\/\/youtube.com\/@fiscaliageneraldelanacion-4668?si=6nN79nyQICPU5iTh\"]},{\"@type\":\"Person\",\"@id\":\"https:\/\/www.fiscalia.gov.co\/colombia\/#\/schema\/person\/bf84402cf293a5393e9c70b111020b24\",\"name\":\"Jordan Leandro Oviedo Anzola\",\"image\":{\"@type\":\"ImageObject\",\"inLanguage\":\"es-CO\",\"@id\":\"https:\/\/www.fiscalia.gov.co\/colombia\/#\/schema\/person\/image\/\",\"url\":\"https:\/\/secure.gravatar.com\/avatar\/dabba4346fa9b9207d96adafa8f92721?s=96&d=mm&r=g\",\"contentUrl\":\"https:\/\/secure.gravatar.com\/avatar\/dabba4346fa9b9207d96adafa8f92721?s=96&d=mm&r=g\",\"caption\":\"Jordan Leandro Oviedo Anzola\"},\"url\":\"https:\/\/www.fiscalia.gov.co\/colombia\/author\/joviedo\/\"}]}<\/script>\n<!-- \/ Yoast SEO plugin. -->","yoast_head_json":{"title":"Fiscal\u00eda General de la Naci\u00f3n","description":"P\u00e1gina oficial de la Fiscal\u00eda General de la Naci\u00f3n \u2013 Colombia. Garantizamos el acceso efectivo a la justicia, la verdad y la reparaci\u00f3n de las v\u00edctimas de los delitos.","robots":{"index":"noindex","follow":"follow"},"og_locale":"es_ES","og_type":"article","og_title":"Fiscal\u00eda General de la Naci\u00f3n","og_description":"P\u00e1gina oficial de la Fiscal\u00eda General de la Naci\u00f3n \u2013 Colombia. Garantizamos el acceso efectivo a la justicia, la verdad y la reparaci\u00f3n de las v\u00edctimas de los delitos.","og_url":"https:\/\/www.fiscalia.gov.co\/colombia\/noticias\/fiscalia-judicializo-a-cuatro-presuntos-integrantes-de-la-organizacion-delincuencial-los-galanes-dedicados-a-la-venta-de-sustancias-alucinogenas\/","og_site_name":"Fiscal\u00eda General de la Naci\u00f3n","article_publisher":"https:\/\/www.facebook.com\/FiscaliaCol","article_published_time":"2022-11-15T19:56:36+00:00","og_image":[{"url":"https:\/\/www.fiscalia.gov.co\/colombia\/wp-content\/uploads\/FOTO-2-10-1024x271.jpg","type":"","width":"","height":""}],"author":"Jordan Leandro Oviedo Anzola","twitter_card":"summary_large_image","twitter_creator":"@FiscaliaCol","twitter_site":"@FiscaliaCol","twitter_misc":{"Escrito por":"Jordan Leandro Oviedo Anzola","Tiempo de lectura":"2 minutos"},"schema":{"@context":"https:\/\/schema.org","@graph":[{"@type":"Article","@id":"https:\/\/www.fiscalia.gov.co\/colombia\/noticias\/fiscalia-judicializo-a-cuatro-presuntos-integrantes-de-la-organizacion-delincuencial-los-galanes-dedicados-a-la-venta-de-sustancias-alucinogenas\/#article","isPartOf":{"@id":"https:\/\/www.fiscalia.gov.co\/colombia\/noticias\/fiscalia-judicializo-a-cuatro-presuntos-integrantes-de-la-organizacion-delincuencial-los-galanes-dedicados-a-la-venta-de-sustancias-alucinogenas\/"},"author":{"name":"Jordan Leandro Oviedo Anzola","@id":"https:\/\/www.fiscalia.gov.co\/colombia\/#\/schema\/person\/bf84402cf293a5393e9c70b111020b24"},"headline":"Fiscal\u00eda judicializo a cuatro presuntos integrantes de la organizaci\u00f3n delincuencial Los Galanes, dedicados a la venta de sustancias alucin\u00f3genas","datePublished":"2022-11-15T19:56:36+00:00","dateModified":"2022-11-15T19:56:36+00:00","mainEntityOfPage":{"@id":"https:\/\/www.fiscalia.gov.co\/colombia\/noticias\/fiscalia-judicializo-a-cuatro-presuntos-integrantes-de-la-organizacion-delincuencial-los-galanes-dedicados-a-la-venta-de-sustancias-alucinogenas\/"},"wordCount":388,"publisher":{"@id":"https:\/\/www.fiscalia.gov.co\/colombia\/#organization"},"image":{"@id":"https:\/\/www.fiscalia.gov.co\/colombia\/noticias\/fiscalia-judicializo-a-cuatro-presuntos-integrantes-de-la-organizacion-delincuencial-los-galanes-dedicados-a-la-venta-de-sustancias-alucinogenas\/#primaryimage"},"thumbnailUrl":"https:\/\/www.fiscalia.gov.co\/colombia\/wp-content\/uploads\/FOTO-2-10-1024x271.jpg","keywords":["Captura","C\u00e1rcel","Fiscal\u00eda General de la Naci\u00f3n","In\u00edrida (Guain\u00eda)","Medida de aseguramiento","tr\u00e1fico de estupefacientes y uso de menores"],"articleSection":["Noticias","Seccional In\u00edrida","Seccionales","Tr\u00e1fico de estupefacientes"],"inLanguage":"es-CO"},{"@type":"WebPage","@id":"https:\/\/www.fiscalia.gov.co\/colombia\/noticias\/fiscalia-judicializo-a-cuatro-presuntos-integrantes-de-la-organizacion-delincuencial-los-galanes-dedicados-a-la-venta-de-sustancias-alucinogenas\/","url":"https:\/\/www.fiscalia.gov.co\/colombia\/noticias\/fiscalia-judicializo-a-cuatro-presuntos-integrantes-de-la-organizacion-delincuencial-los-galanes-dedicados-a-la-venta-de-sustancias-alucinogenas\/","name":"Fiscal\u00eda General de la Naci\u00f3n","isPartOf":{"@id":"https:\/\/www.fiscalia.gov.co\/colombia\/#website"},"primaryImageOfPage":{"@id":"https:\/\/www.fiscalia.gov.co\/colombia\/noticias\/fiscalia-judicializo-a-cuatro-presuntos-integrantes-de-la-organizacion-delincuencial-los-galanes-dedicados-a-la-venta-de-sustancias-alucinogenas\/#primaryimage"},"image":{"@id":"https:\/\/www.fiscalia.gov.co\/colombia\/noticias\/fiscalia-judicializo-a-cuatro-presuntos-integrantes-de-la-organizacion-delincuencial-los-galanes-dedicados-a-la-venta-de-sustancias-alucinogenas\/#primaryimage"},"thumbnailUrl":"https:\/\/www.fiscalia.gov.co\/colombia\/wp-content\/uploads\/FOTO-2-10-1024x271.jpg","datePublished":"2022-11-15T19:56:36+00:00","dateModified":"2022-11-15T19:56:36+00:00","description":"P\u00e1gina oficial de la Fiscal\u00eda General de la Naci\u00f3n \u2013 Colombia. Garantizamos el acceso efectivo a la justicia, la verdad y la reparaci\u00f3n de las v\u00edctimas de los delitos.","breadcrumb":{"@id":"https:\/\/www.fiscalia.gov.co\/colombia\/noticias\/fiscalia-judicializo-a-cuatro-presuntos-integrantes-de-la-organizacion-delincuencial-los-galanes-dedicados-a-la-venta-de-sustancias-alucinogenas\/#breadcrumb"},"inLanguage":"es-CO","potentialAction":[{"@type":"ReadAction","target":["https:\/\/www.fiscalia.gov.co\/colombia\/noticias\/fiscalia-judicializo-a-cuatro-presuntos-integrantes-de-la-organizacion-delincuencial-los-galanes-dedicados-a-la-venta-de-sustancias-alucinogenas\/"]}]},{"@type":"ImageObject","inLanguage":"es-CO","@id":"https:\/\/www.fiscalia.gov.co\/colombia\/noticias\/fiscalia-judicializo-a-cuatro-presuntos-integrantes-de-la-organizacion-delincuencial-los-galanes-dedicados-a-la-venta-de-sustancias-alucinogenas\/#primaryimage","url":"https:\/\/www.fiscalia.gov.co\/colombia\/wp-content\/uploads\/FOTO-2-10.jpg","contentUrl":"https:\/\/www.fiscalia.gov.co\/colombia\/wp-content\/uploads\/FOTO-2-10.jpg","width":1280,"height":339,"caption":"Aldemar Casallas Ortega, Mada Fanny Rodr\u00edguez Garc\u00eda, Fabio Garrido Camico, William Ismael Ram\u00edrez Bautista, aceptaron cargos por los delitos de tr\u00e1fico, fabricaci\u00f3n o porte de estupefacientes agravado y uso de menores comisi\u00f3n de delitos, ante la contundencia de las pruebas presentadas por la Fiscal\u00eda."},{"@type":"BreadcrumbList","@id":"https:\/\/www.fiscalia.gov.co\/colombia\/noticias\/fiscalia-judicializo-a-cuatro-presuntos-integrantes-de-la-organizacion-delincuencial-los-galanes-dedicados-a-la-venta-de-sustancias-alucinogenas\/#breadcrumb","itemListElement":[{"@type":"ListItem","position":1,"name":"Home","item":"https:\/\/www.fiscalia.gov.co\/colombia\/"},{"@type":"ListItem","position":2,"name":"Fiscal\u00eda judicializo a cuatro presuntos integrantes de la organizaci\u00f3n delincuencial Los Galanes, dedicados a la venta de sustancias alucin\u00f3genas"}]},{"@type":"WebSite","@id":"https:\/\/www.fiscalia.gov.co\/colombia\/#website","url":"https:\/\/www.fiscalia.gov.co\/colombia\/","name":"Fiscal\u00eda General de la Naci\u00f3n","description":"P\u00e1gina oficial de la Fiscal\u00eda General de la Naci\u00f3n \u2013 Colombia. Garantizamos el acceso efectivo a la justicia, la verdad y la reparaci\u00f3n de las v\u00edctimas de los delitos.","publisher":{"@id":"https:\/\/www.fiscalia.gov.co\/colombia\/#organization"},"potentialAction":[{"@type":"SearchAction","target":{"@type":"EntryPoint","urlTemplate":"https:\/\/www.fiscalia.gov.co\/colombia\/?s={search_term_string}"},"query-input":{"@type":"PropertyValueSpecification","valueRequired":true,"valueName":"search_term_string"}}],"inLanguage":"es-CO"},{"@type":"Organization","@id":"https:\/\/www.fiscalia.gov.co\/colombia\/#organization","name":"Fiscal\u00eda General de la Naci\u00f3n","url":"https:\/\/www.fiscalia.gov.co\/colombia\/","logo":{"@type":"ImageObject","inLanguage":"es-CO","@id":"https:\/\/www.fiscalia.gov.co\/colombia\/#\/schema\/logo\/image\/","url":"https:\/\/www.fiscalia.gov.co\/colombia\/wp-content\/uploads\/LogoHorizontal_1.jpg","contentUrl":"https:\/\/www.fiscalia.gov.co\/colombia\/wp-content\/uploads\/LogoHorizontal_1.jpg","width":300,"height":90,"caption":"Fiscal\u00eda General de la Naci\u00f3n"},"image":{"@id":"https:\/\/www.fiscalia.gov.co\/colombia\/#\/schema\/logo\/image\/"},"sameAs":["https:\/\/www.facebook.com\/FiscaliaCol","https:\/\/x.com\/FiscaliaCol","https:\/\/www.instagram.com\/fiscaliacol","https:\/\/www.linkedin.com\/company\/fiscalia-general-de-la-naci-n\/","https:\/\/youtube.com\/@fiscaliageneraldelanacion-4668?si=6nN79nyQICPU5iTh"]},{"@type":"Person","@id":"https:\/\/www.fiscalia.gov.co\/colombia\/#\/schema\/person\/bf84402cf293a5393e9c70b111020b24","name":"Jordan Leandro Oviedo Anzola","image":{"@type":"ImageObject","inLanguage":"es-CO","@id":"https:\/\/www.fiscalia.gov.co\/colombia\/#\/schema\/person\/image\/","url":"https:\/\/secure.gravatar.com\/avatar\/dabba4346fa9b9207d96adafa8f92721?s=96&d=mm&r=g","contentUrl":"https:\/\/secure.gravatar.com\/avatar\/dabba4346fa9b9207d96adafa8f92721?s=96&d=mm&r=g","caption":"Jordan Leandro Oviedo Anzola"},"url":"https:\/\/www.fiscalia.gov.co\/colombia\/author\/joviedo\/"}]}},"_links":{"self":[{"href":"https:\/\/www.fiscalia.gov.co\/colombia\/wp-json\/wp\/v2\/posts\/260983","targetHints":{"allow":["GET"]}}],"collection":[{"href":"https:\/\/www.fiscalia.gov.co\/colombia\/wp-json\/wp\/v2\/posts"}],"about":[{"href":"https:\/\/www.fiscalia.gov.co\/colombia\/wp-json\/wp\/v2\/types\/post"}],"author":[{"embeddable":true,"href":"https:\/\/www.fiscalia.gov.co\/colombia\/wp-json\/wp\/v2\/users\/177"}],"replies":[{"embeddable":true,"href":"https:\/\/www.fiscalia.gov.co\/colombia\/wp-json\/wp\/v2\/comments?post=260983"}],"version-history":[{"count":1,"href":"https:\/\/www.fiscalia.gov.co\/colombia\/wp-json\/wp\/v2\/posts\/260983\/revisions"}],"predecessor-version":[{"id":260985,"href":"https:\/\/www.fiscalia.gov.co\/colombia\/wp-json\/wp\/v2\/posts\/260983\/revisions\/260985"}],"wp:attachment":[{"href":"https:\/\/www.fiscalia.gov.co\/colombia\/wp-json\/wp\/v2\/media?parent=260983"}],"wp:term":[{"taxonomy":"category","embeddable":true,"href":"https:\/\/www.fiscalia.gov.co\/colombia\/wp-json\/wp\/v2\/categories?post=260983"},{"taxonomy":"post_tag","embeddable":true,"href":"https:\/\/www.fiscalia.gov.co\/colombia\/wp-json\/wp\/v2\/tags?post=260983"}],"curies":[{"name":"wp","href":"https:\/\/api.w.org\/{rel}","templated":true}]}}