{"id":260980,"date":"2022-11-15T14:27:22","date_gmt":"2022-11-15T19:27:22","guid":{"rendered":"https:\/\/www.fiscalia.gov.co\/colombia\/?p=260980"},"modified":"2022-11-23T12:54:16","modified_gmt":"2022-11-23T17:54:16","slug":"judicializados-13-presuntos-integrantes-de-la-subestructura-heroes-del-caribe-que-delinque-para-el-clan-del-golfo-en-bolivar","status":"publish","type":"post","link":"https:\/\/www.fiscalia.gov.co\/colombia\/noticias\/judicializados-13-presuntos-integrantes-de-la-subestructura-heroes-del-caribe-que-delinque-para-el-clan-del-golfo-en-bolivar\/","title":{"rendered":"Judicializados 13 presuntos integrantes de la subestructura H\u00e9roes del Caribe que delinque para el Clan del Golfo en Bol\u00edvar"},"content":{"rendered":"<p>Trece presuntos integrantes de la subestructura H\u00e9roes del Caribe, que delinque para el Clan del Golfo en los municipios de Magangu\u00e9, C\u00f3rdoba, Tet\u00f3n, Zambrano, El Carmen de Bol\u00edvar (Bol\u00edvar) y sus \u00e1reas rurales, fueron judicializados por un fiscal especializado de Cartagena.<\/p>\n<p>De acuerdo con la investigaci\u00f3n, los procesados estar\u00edan implicados en extorsiones a ganaderos, agricultores, comerciantes, docentes y habitantes de los referidos municipios.<\/p>\n<p>Labores de Polic\u00eda Judicial permitieron establecer que esta organizaci\u00f3n, al parecer, exig\u00eda sumas que iban de los 10 mil pesos; por cada cabeza de ganado que tuvieran los hacendados, hasta los 30 millones de pesos de acuerdo a las actividades desarrolladas por las v\u00edctimas. Tambi\u00e9n se estableci\u00f3 que en algunos casos los referidos montos depender\u00edan del valor de las obras civiles que se estuviese ejecutando. Se presume que, en caso de no acceder a las pretensiones de la red criminal, las personas eran obligadas a abandonar sus tierras, hogares y negocios.<\/p>\n<p>Esta organizaci\u00f3n ser\u00eda responsable de incinerar un veh\u00edculo de carga, el pasado 5 de mayo en el corregimiento de Juan Arias, jurisdicci\u00f3n del municipio de Magangu\u00e9. Tambi\u00e9n se le atribuyen acciones violentas contra la Fuerza P\u00fablica.<\/p>\n<p>Por estos hechos el Gaula de la Polic\u00eda Nacional, en coordinaci\u00f3n con la Armada Nacional, captur\u00f3 a los procesados el pasado 26 de octubre en diligencias de allanamiento cumplidas en las poblaciones de Magangu\u00e9, C\u00f3rdoba, Tet\u00f3n y Zambrano.<\/p>\n<p>Los procesados son:<\/p>\n<p>1.\u00a0\u00a0\u00a0\u00a0\u00a0 Sen\u00e9n Guti\u00e9rrez Alc\u00e1zar, al\u00edas Tarz\u00e1n y quien ser\u00eda el presunto cabecilla en esa regi\u00f3n.<\/p>\n<p>2.\u00a0\u00a0\u00a0\u00a0\u00a0 Manuel Sebasti\u00e1n \u00c1lvarez P\u00e9rez, al\u00edas La Segunda.<\/p>\n<p>3.\u00a0\u00a0\u00a0\u00a0\u00a0 Juan Enrique Mart\u00ednez Palencia, al\u00edas El Gordo o El Gallero<\/p>\n<p>4.\u00a0\u00a0\u00a0\u00a0\u00a0 Jes\u00fas Alberto Ag\u00e1mez Santis, al\u00edas Marco o El Doctor<\/p>\n<p>5.\u00a0\u00a0\u00a0\u00a0\u00a0 Albeiro Teher\u00e1n Mercado, al\u00edas El Llantero<\/p>\n<p>6.\u00a0\u00a0\u00a0\u00a0\u00a0 Yair Jos\u00e9 Meza Jim\u00e9nez, al\u00edas Jes\u00fas<\/p>\n<p>7.\u00a0\u00a0\u00a0\u00a0\u00a0 John Jairo Quiroz Restrepo al\u00edas El Gordo de Juan Arias<\/p>\n<p>8.\u00a0\u00a0\u00a0\u00a0\u00a0 Dairo Antonio Arrieta Tovar, al\u00edas Maluco<\/p>\n<p>9.\u00a0\u00a0\u00a0\u00a0\u00a0 Eloy Manuel Granado Jim\u00e9nez, al\u00edas Rafa<\/p>\n<p>10.\u00a0 Juan Alfonzo Meza Jim\u00e9nez, al\u00edas Juancho<\/p>\n<p>11.\u00a0 Manuel Vidal D\u00e1vila Barrios, al\u00edas Migue o Bizco<\/p>\n<p>12.\u00a0 Yolanda Mercedes Acosta Vel\u00e1squez, al\u00edas Yola<\/p>\n<p>13.\u00a0 Dairo Enrique Valeta Romero, al\u00edas Dairo.<\/p>\n<p>La Fiscal\u00eda imput\u00f3 a los procesados los delitos de extorsi\u00f3n agravada y concierto para delinquir. Ninguno de los investigados acept\u00f3 los cargos.<\/p>\n<p>Por disposici\u00f3n judicial los procesados deber\u00e1n cumplir sus medidas en centro carcelarios.<\/p>\n<p>Esta informaci\u00f3n se publica por razones de inter\u00e9s general.<\/p>\n<p><b>La Fiscal\u00eda habla con resultados.\u00a0<\/b><\/p>\n<p><em><b><span lang=\"ES\">Le puede interesar:<\/span><\/b><\/em><\/p>\n<p><a title=\"Prisi\u00f3n para alias Tembleque presunto cabecilla del Clan del Golfo en Atl\u00e1ntico\" href=\"https:\/\/www.fiscalia.gov.co\/colombia\/noticias\/prision-para-alias-tembleque-presunto-cabecilla-del-clan-del-golfo-en-atlantico\/\" target=\"_blank\" rel=\"noopener noreferrer\" data-saferedirecturl=\"https:\/\/www.google.com\/url?q=https:\/\/www.fiscalia.gov.co\/colombia\/noticias\/prision-para-alias-tembleque-presunto-cabecilla-del-clan-del-golfo-en-atlantico\/&amp;source=gmail&amp;ust=1668626698547000&amp;usg=AOvVaw0H8X51yumrCPzRgZFm0MoX\">Prisi\u00f3n para alias Tembleque presunto cabecilla del Clan del Golfo en Atl\u00e1ntico<\/a><\/p>\n<p><a title=\"A prisi\u00f3n presunto responsable de asesinar a un hombre que se neg\u00f3 a delinquir para el Clan del Golfo\" href=\"https:\/\/www.fiscalia.gov.co\/colombia\/noticias\/a-prision-presunto-responsable-de-asesinar-a-un-hombre-que-se-nego-a-delinquir-para-el-clan-del-golfo\/\" target=\"_blank\" rel=\"noopener noreferrer\" data-saferedirecturl=\"https:\/\/www.google.com\/url?q=https:\/\/www.fiscalia.gov.co\/colombia\/noticias\/a-prision-presunto-responsable-de-asesinar-a-un-hombre-que-se-nego-a-delinquir-para-el-clan-del-golfo\/&amp;source=gmail&amp;ust=1668626698547000&amp;usg=AOvVaw281hCHZcjrANhlHYhDLXd6\">A prisi\u00f3n presunto responsable de asesinar a un hombre que se neg\u00f3 a delinquir para el Clan del Golfo<\/a><\/p>\n<p>&nbsp;<\/p>\n<p>&nbsp;<\/p>\n<p>&nbsp;<\/p>\n<p>&nbsp;<\/p>\n<p>MEVA\/MAGA\/PD\/DSB<\/p>\n<p>&nbsp;<\/p>\n<p>&nbsp;<\/p>\n<p>&nbsp;<\/p>\n<p>&nbsp;<\/p>\n<p><em><span lang=\"ES\">La informaci\u00f3n contenida en este bolet\u00edn de prensa corresponde a la narraci\u00f3n de los hechos noticiosos objetivos, suministrados por los funcionarios encargados de adelantar las investigaciones penales al interior de la Fiscal\u00eda General de la Naci\u00f3n. Para el momento de la divulgaci\u00f3n de este comunicado, la situaci\u00f3n jur\u00eddica de la(s) persona(s) relacionada(s) se encuentra pendiente de resolver por la autoridad judicial competente, siempre bajo los preceptos de la presunci\u00f3n de inocencia, consagrados en el art\u00edculo 29 de la Constituci\u00f3n Pol\u00edtica y el art\u00edculo 7\u00ba de la Ley 906 de 2004.<\/span><\/em><\/p>\n\n<div class=\"twitter-share\"><a href=\"https:\/\/twitter.com\/intent\/tweet?via=fiscaliacol\" class=\"twitter-share-button\">Tweet<\/a><\/div>\n","protected":false},"excerpt":{"rendered":"<p>Trece presuntos integrantes de la subestructura H\u00e9roes del Caribe, que delinque para el Clan del Golfo en los municipios de Magangu\u00e9, C\u00f3rdoba, Tet\u00f3n, Zambrano, El Carmen de Bol\u00edvar (Bol\u00edvar) y sus \u00e1reas rurales, fueron judicializados por un fiscal especializado de Cartagena. De acuerdo con la investigaci\u00f3n, los procesados estar\u00edan implicados en extorsiones a ganaderos, agricultores, [&hellip;]<\/p>\n","protected":false},"author":177,"featured_media":261484,"comment_status":"closed","ping_status":"open","sticky":false,"template":"","format":"video","meta":{"tdm_status":"","tdm_grid_status":"","footnotes":""},"categories":[1,325,303,24099],"tags":[9082,14550,23998,18672,83,871,24187,1047,558],"class_list":{"0":"post-260980","1":"post","2":"type-post","3":"status-publish","4":"format-video","5":"has-post-thumbnail","7":"category-noticias","8":"category-seccional-cartagena","9":"category-seccionales","10":"category-seguridad-territorial","11":"tag-bolivar","12":"tag-carcel","13":"tag-cartagena-bolivar","14":"tag-clan-del-golfo","15":"tag-concierto-para-delinquir","16":"tag-extorion","17":"tag-fiscalia-colombia","18":"tag-fiscalia-general-de-la-nacion","19":"tag-policia-nacional","20":"post_format-post-format-video"},"yoast_head":"<!-- This site is optimized with the Yoast SEO plugin v24.3 - https:\/\/yoast.com\/wordpress\/plugins\/seo\/ -->\n<title>Fiscal\u00eda General de la Naci\u00f3n<\/title>\n<meta name=\"description\" content=\"P\u00e1gina oficial de la Fiscal\u00eda General de la Naci\u00f3n \u2013 Colombia. Garantizamos el acceso efectivo a la justicia, la verdad y la reparaci\u00f3n de las v\u00edctimas de los delitos.\" \/>\n<meta name=\"robots\" content=\"noindex, follow\" \/>\n<meta property=\"og:locale\" content=\"es_ES\" \/>\n<meta property=\"og:type\" content=\"article\" \/>\n<meta property=\"og:title\" content=\"Fiscal\u00eda General de la Naci\u00f3n\" \/>\n<meta property=\"og:description\" content=\"P\u00e1gina oficial de la Fiscal\u00eda General de la Naci\u00f3n \u2013 Colombia. Garantizamos el acceso efectivo a la justicia, la verdad y la reparaci\u00f3n de las v\u00edctimas de los delitos.\" \/>\n<meta property=\"og:url\" content=\"https:\/\/www.fiscalia.gov.co\/colombia\/noticias\/judicializados-13-presuntos-integrantes-de-la-subestructura-heroes-del-caribe-que-delinque-para-el-clan-del-golfo-en-bolivar\/\" \/>\n<meta property=\"og:site_name\" content=\"Fiscal\u00eda General de la Naci\u00f3n\" \/>\n<meta property=\"article:publisher\" content=\"https:\/\/www.facebook.com\/FiscaliaCol\" \/>\n<meta property=\"article:published_time\" content=\"2022-11-15T19:27:22+00:00\" \/>\n<meta property=\"article:modified_time\" content=\"2022-11-23T17:54:16+00:00\" \/>\n<meta property=\"og:image\" content=\"https:\/\/www.fiscalia.gov.co\/colombia\/wp-content\/uploads\/maxresdefault-783.jpg\" \/>\n\t<meta property=\"og:image:width\" content=\"1280\" \/>\n\t<meta property=\"og:image:height\" content=\"720\" \/>\n\t<meta property=\"og:image:type\" content=\"image\/jpeg\" \/>\n<meta name=\"author\" content=\"Jordan Leandro Oviedo Anzola\" \/>\n<meta name=\"twitter:card\" content=\"summary_large_image\" \/>\n<meta name=\"twitter:creator\" content=\"@FiscaliaCol\" \/>\n<meta name=\"twitter:site\" content=\"@FiscaliaCol\" \/>\n<meta name=\"twitter:label1\" content=\"Escrito por\" \/>\n\t<meta name=\"twitter:data1\" content=\"Jordan Leandro Oviedo Anzola\" \/>\n\t<meta name=\"twitter:label2\" content=\"Tiempo de lectura\" \/>\n\t<meta name=\"twitter:data2\" content=\"3 minutos\" \/>\n<script type=\"application\/ld+json\" class=\"yoast-schema-graph\">{\"@context\":\"https:\/\/schema.org\",\"@graph\":[{\"@type\":\"Article\",\"@id\":\"https:\/\/www.fiscalia.gov.co\/colombia\/noticias\/judicializados-13-presuntos-integrantes-de-la-subestructura-heroes-del-caribe-que-delinque-para-el-clan-del-golfo-en-bolivar\/#article\",\"isPartOf\":{\"@id\":\"https:\/\/www.fiscalia.gov.co\/colombia\/noticias\/judicializados-13-presuntos-integrantes-de-la-subestructura-heroes-del-caribe-que-delinque-para-el-clan-del-golfo-en-bolivar\/\"},\"author\":{\"name\":\"Jordan Leandro Oviedo Anzola\",\"@id\":\"https:\/\/www.fiscalia.gov.co\/colombia\/#\/schema\/person\/bf84402cf293a5393e9c70b111020b24\"},\"headline\":\"Judicializados 13 presuntos integrantes de la subestructura H\u00e9roes del Caribe que delinque para el Clan del Golfo en Bol\u00edvar\",\"datePublished\":\"2022-11-15T19:27:22+00:00\",\"dateModified\":\"2022-11-23T17:54:16+00:00\",\"mainEntityOfPage\":{\"@id\":\"https:\/\/www.fiscalia.gov.co\/colombia\/noticias\/judicializados-13-presuntos-integrantes-de-la-subestructura-heroes-del-caribe-que-delinque-para-el-clan-del-golfo-en-bolivar\/\"},\"wordCount\":607,\"publisher\":{\"@id\":\"https:\/\/www.fiscalia.gov.co\/colombia\/#organization\"},\"image\":{\"@id\":\"https:\/\/www.fiscalia.gov.co\/colombia\/noticias\/judicializados-13-presuntos-integrantes-de-la-subestructura-heroes-del-caribe-que-delinque-para-el-clan-del-golfo-en-bolivar\/#primaryimage\"},\"thumbnailUrl\":\"https:\/\/www.fiscalia.gov.co\/colombia\/wp-content\/uploads\/maxresdefault-783.jpg\",\"keywords\":[\"Bol\u00edvar\",\"C\u00e1rcel\",\"Cartagena (Bol\u00edvar)\",\"Clan del Golfo\",\"Concierto para delinquir\",\"Extorsi\u00f3n\",\"Fiscal\u00eda Colombia\",\"Fiscal\u00eda General de la Naci\u00f3n\",\"Polic\u00eda Nacional\"],\"articleSection\":[\"Noticias\",\"Seccional Cartagena\",\"Seccionales\",\"Seguridad territorial\"],\"inLanguage\":\"es-CO\"},{\"@type\":\"WebPage\",\"@id\":\"https:\/\/www.fiscalia.gov.co\/colombia\/noticias\/judicializados-13-presuntos-integrantes-de-la-subestructura-heroes-del-caribe-que-delinque-para-el-clan-del-golfo-en-bolivar\/\",\"url\":\"https:\/\/www.fiscalia.gov.co\/colombia\/noticias\/judicializados-13-presuntos-integrantes-de-la-subestructura-heroes-del-caribe-que-delinque-para-el-clan-del-golfo-en-bolivar\/\",\"name\":\"Fiscal\u00eda General de la Naci\u00f3n\",\"isPartOf\":{\"@id\":\"https:\/\/www.fiscalia.gov.co\/colombia\/#website\"},\"primaryImageOfPage\":{\"@id\":\"https:\/\/www.fiscalia.gov.co\/colombia\/noticias\/judicializados-13-presuntos-integrantes-de-la-subestructura-heroes-del-caribe-que-delinque-para-el-clan-del-golfo-en-bolivar\/#primaryimage\"},\"image\":{\"@id\":\"https:\/\/www.fiscalia.gov.co\/colombia\/noticias\/judicializados-13-presuntos-integrantes-de-la-subestructura-heroes-del-caribe-que-delinque-para-el-clan-del-golfo-en-bolivar\/#primaryimage\"},\"thumbnailUrl\":\"https:\/\/www.fiscalia.gov.co\/colombia\/wp-content\/uploads\/maxresdefault-783.jpg\",\"datePublished\":\"2022-11-15T19:27:22+00:00\",\"dateModified\":\"2022-11-23T17:54:16+00:00\",\"description\":\"P\u00e1gina oficial de la Fiscal\u00eda General de la Naci\u00f3n \u2013 Colombia. Garantizamos el acceso efectivo a la justicia, la verdad y la reparaci\u00f3n de las v\u00edctimas de los delitos.\",\"breadcrumb\":{\"@id\":\"https:\/\/www.fiscalia.gov.co\/colombia\/noticias\/judicializados-13-presuntos-integrantes-de-la-subestructura-heroes-del-caribe-que-delinque-para-el-clan-del-golfo-en-bolivar\/#breadcrumb\"},\"inLanguage\":\"es-CO\",\"potentialAction\":[{\"@type\":\"ReadAction\",\"target\":[\"https:\/\/www.fiscalia.gov.co\/colombia\/noticias\/judicializados-13-presuntos-integrantes-de-la-subestructura-heroes-del-caribe-que-delinque-para-el-clan-del-golfo-en-bolivar\/\"]}]},{\"@type\":\"ImageObject\",\"inLanguage\":\"es-CO\",\"@id\":\"https:\/\/www.fiscalia.gov.co\/colombia\/noticias\/judicializados-13-presuntos-integrantes-de-la-subestructura-heroes-del-caribe-que-delinque-para-el-clan-del-golfo-en-bolivar\/#primaryimage\",\"url\":\"https:\/\/www.fiscalia.gov.co\/colombia\/wp-content\/uploads\/maxresdefault-783.jpg\",\"contentUrl\":\"https:\/\/www.fiscalia.gov.co\/colombia\/wp-content\/uploads\/maxresdefault-783.jpg\",\"width\":1280,\"height\":720},{\"@type\":\"BreadcrumbList\",\"@id\":\"https:\/\/www.fiscalia.gov.co\/colombia\/noticias\/judicializados-13-presuntos-integrantes-de-la-subestructura-heroes-del-caribe-que-delinque-para-el-clan-del-golfo-en-bolivar\/#breadcrumb\",\"itemListElement\":[{\"@type\":\"ListItem\",\"position\":1,\"name\":\"Home\",\"item\":\"https:\/\/www.fiscalia.gov.co\/colombia\/\"},{\"@type\":\"ListItem\",\"position\":2,\"name\":\"Judicializados 13 presuntos integrantes de la subestructura H\u00e9roes del Caribe que delinque para el Clan del Golfo en Bol\u00edvar\"}]},{\"@type\":\"WebSite\",\"@id\":\"https:\/\/www.fiscalia.gov.co\/colombia\/#website\",\"url\":\"https:\/\/www.fiscalia.gov.co\/colombia\/\",\"name\":\"Fiscal\u00eda General de la Naci\u00f3n\",\"description\":\"P\u00e1gina oficial de la Fiscal\u00eda General de la Naci\u00f3n \u2013 Colombia. Garantizamos el acceso efectivo a la justicia, la verdad y la reparaci\u00f3n de las v\u00edctimas de los delitos.\",\"publisher\":{\"@id\":\"https:\/\/www.fiscalia.gov.co\/colombia\/#organization\"},\"potentialAction\":[{\"@type\":\"SearchAction\",\"target\":{\"@type\":\"EntryPoint\",\"urlTemplate\":\"https:\/\/www.fiscalia.gov.co\/colombia\/?s={search_term_string}\"},\"query-input\":{\"@type\":\"PropertyValueSpecification\",\"valueRequired\":true,\"valueName\":\"search_term_string\"}}],\"inLanguage\":\"es-CO\"},{\"@type\":\"Organization\",\"@id\":\"https:\/\/www.fiscalia.gov.co\/colombia\/#organization\",\"name\":\"Fiscal\u00eda General de la Naci\u00f3n\",\"url\":\"https:\/\/www.fiscalia.gov.co\/colombia\/\",\"logo\":{\"@type\":\"ImageObject\",\"inLanguage\":\"es-CO\",\"@id\":\"https:\/\/www.fiscalia.gov.co\/colombia\/#\/schema\/logo\/image\/\",\"url\":\"https:\/\/www.fiscalia.gov.co\/colombia\/wp-content\/uploads\/LogoHorizontal_1.jpg\",\"contentUrl\":\"https:\/\/www.fiscalia.gov.co\/colombia\/wp-content\/uploads\/LogoHorizontal_1.jpg\",\"width\":300,\"height\":90,\"caption\":\"Fiscal\u00eda General de la Naci\u00f3n\"},\"image\":{\"@id\":\"https:\/\/www.fiscalia.gov.co\/colombia\/#\/schema\/logo\/image\/\"},\"sameAs\":[\"https:\/\/www.facebook.com\/FiscaliaCol\",\"https:\/\/x.com\/FiscaliaCol\",\"https:\/\/www.instagram.com\/fiscaliacol\",\"https:\/\/www.linkedin.com\/company\/fiscalia-general-de-la-naci-n\/\",\"https:\/\/youtube.com\/@fiscaliageneraldelanacion-4668?si=6nN79nyQICPU5iTh\"]},{\"@type\":\"Person\",\"@id\":\"https:\/\/www.fiscalia.gov.co\/colombia\/#\/schema\/person\/bf84402cf293a5393e9c70b111020b24\",\"name\":\"Jordan Leandro Oviedo Anzola\",\"image\":{\"@type\":\"ImageObject\",\"inLanguage\":\"es-CO\",\"@id\":\"https:\/\/www.fiscalia.gov.co\/colombia\/#\/schema\/person\/image\/\",\"url\":\"https:\/\/secure.gravatar.com\/avatar\/dabba4346fa9b9207d96adafa8f92721?s=96&d=mm&r=g\",\"contentUrl\":\"https:\/\/secure.gravatar.com\/avatar\/dabba4346fa9b9207d96adafa8f92721?s=96&d=mm&r=g\",\"caption\":\"Jordan Leandro Oviedo Anzola\"},\"url\":\"https:\/\/www.fiscalia.gov.co\/colombia\/author\/joviedo\/\"}]}<\/script>\n<!-- \/ Yoast SEO plugin. -->","yoast_head_json":{"title":"Fiscal\u00eda General de la Naci\u00f3n","description":"P\u00e1gina oficial de la Fiscal\u00eda General de la Naci\u00f3n \u2013 Colombia. Garantizamos el acceso efectivo a la justicia, la verdad y la reparaci\u00f3n de las v\u00edctimas de los delitos.","robots":{"index":"noindex","follow":"follow"},"og_locale":"es_ES","og_type":"article","og_title":"Fiscal\u00eda General de la Naci\u00f3n","og_description":"P\u00e1gina oficial de la Fiscal\u00eda General de la Naci\u00f3n \u2013 Colombia. Garantizamos el acceso efectivo a la justicia, la verdad y la reparaci\u00f3n de las v\u00edctimas de los delitos.","og_url":"https:\/\/www.fiscalia.gov.co\/colombia\/noticias\/judicializados-13-presuntos-integrantes-de-la-subestructura-heroes-del-caribe-que-delinque-para-el-clan-del-golfo-en-bolivar\/","og_site_name":"Fiscal\u00eda General de la Naci\u00f3n","article_publisher":"https:\/\/www.facebook.com\/FiscaliaCol","article_published_time":"2022-11-15T19:27:22+00:00","article_modified_time":"2022-11-23T17:54:16+00:00","og_image":[{"width":1280,"height":720,"url":"https:\/\/www.fiscalia.gov.co\/colombia\/wp-content\/uploads\/maxresdefault-783.jpg","type":"image\/jpeg"}],"author":"Jordan Leandro Oviedo Anzola","twitter_card":"summary_large_image","twitter_creator":"@FiscaliaCol","twitter_site":"@FiscaliaCol","twitter_misc":{"Escrito por":"Jordan Leandro Oviedo Anzola","Tiempo de lectura":"3 minutos"},"schema":{"@context":"https:\/\/schema.org","@graph":[{"@type":"Article","@id":"https:\/\/www.fiscalia.gov.co\/colombia\/noticias\/judicializados-13-presuntos-integrantes-de-la-subestructura-heroes-del-caribe-que-delinque-para-el-clan-del-golfo-en-bolivar\/#article","isPartOf":{"@id":"https:\/\/www.fiscalia.gov.co\/colombia\/noticias\/judicializados-13-presuntos-integrantes-de-la-subestructura-heroes-del-caribe-que-delinque-para-el-clan-del-golfo-en-bolivar\/"},"author":{"name":"Jordan Leandro Oviedo Anzola","@id":"https:\/\/www.fiscalia.gov.co\/colombia\/#\/schema\/person\/bf84402cf293a5393e9c70b111020b24"},"headline":"Judicializados 13 presuntos integrantes de la subestructura H\u00e9roes del Caribe que delinque para el Clan del Golfo en Bol\u00edvar","datePublished":"2022-11-15T19:27:22+00:00","dateModified":"2022-11-23T17:54:16+00:00","mainEntityOfPage":{"@id":"https:\/\/www.fiscalia.gov.co\/colombia\/noticias\/judicializados-13-presuntos-integrantes-de-la-subestructura-heroes-del-caribe-que-delinque-para-el-clan-del-golfo-en-bolivar\/"},"wordCount":607,"publisher":{"@id":"https:\/\/www.fiscalia.gov.co\/colombia\/#organization"},"image":{"@id":"https:\/\/www.fiscalia.gov.co\/colombia\/noticias\/judicializados-13-presuntos-integrantes-de-la-subestructura-heroes-del-caribe-que-delinque-para-el-clan-del-golfo-en-bolivar\/#primaryimage"},"thumbnailUrl":"https:\/\/www.fiscalia.gov.co\/colombia\/wp-content\/uploads\/maxresdefault-783.jpg","keywords":["Bol\u00edvar","C\u00e1rcel","Cartagena (Bol\u00edvar)","Clan del Golfo","Concierto para delinquir","Extorsi\u00f3n","Fiscal\u00eda Colombia","Fiscal\u00eda General de la Naci\u00f3n","Polic\u00eda Nacional"],"articleSection":["Noticias","Seccional Cartagena","Seccionales","Seguridad territorial"],"inLanguage":"es-CO"},{"@type":"WebPage","@id":"https:\/\/www.fiscalia.gov.co\/colombia\/noticias\/judicializados-13-presuntos-integrantes-de-la-subestructura-heroes-del-caribe-que-delinque-para-el-clan-del-golfo-en-bolivar\/","url":"https:\/\/www.fiscalia.gov.co\/colombia\/noticias\/judicializados-13-presuntos-integrantes-de-la-subestructura-heroes-del-caribe-que-delinque-para-el-clan-del-golfo-en-bolivar\/","name":"Fiscal\u00eda General de la Naci\u00f3n","isPartOf":{"@id":"https:\/\/www.fiscalia.gov.co\/colombia\/#website"},"primaryImageOfPage":{"@id":"https:\/\/www.fiscalia.gov.co\/colombia\/noticias\/judicializados-13-presuntos-integrantes-de-la-subestructura-heroes-del-caribe-que-delinque-para-el-clan-del-golfo-en-bolivar\/#primaryimage"},"image":{"@id":"https:\/\/www.fiscalia.gov.co\/colombia\/noticias\/judicializados-13-presuntos-integrantes-de-la-subestructura-heroes-del-caribe-que-delinque-para-el-clan-del-golfo-en-bolivar\/#primaryimage"},"thumbnailUrl":"https:\/\/www.fiscalia.gov.co\/colombia\/wp-content\/uploads\/maxresdefault-783.jpg","datePublished":"2022-11-15T19:27:22+00:00","dateModified":"2022-11-23T17:54:16+00:00","description":"P\u00e1gina oficial de la Fiscal\u00eda General de la Naci\u00f3n \u2013 Colombia. Garantizamos el acceso efectivo a la justicia, la verdad y la reparaci\u00f3n de las v\u00edctimas de los delitos.","breadcrumb":{"@id":"https:\/\/www.fiscalia.gov.co\/colombia\/noticias\/judicializados-13-presuntos-integrantes-de-la-subestructura-heroes-del-caribe-que-delinque-para-el-clan-del-golfo-en-bolivar\/#breadcrumb"},"inLanguage":"es-CO","potentialAction":[{"@type":"ReadAction","target":["https:\/\/www.fiscalia.gov.co\/colombia\/noticias\/judicializados-13-presuntos-integrantes-de-la-subestructura-heroes-del-caribe-que-delinque-para-el-clan-del-golfo-en-bolivar\/"]}]},{"@type":"ImageObject","inLanguage":"es-CO","@id":"https:\/\/www.fiscalia.gov.co\/colombia\/noticias\/judicializados-13-presuntos-integrantes-de-la-subestructura-heroes-del-caribe-que-delinque-para-el-clan-del-golfo-en-bolivar\/#primaryimage","url":"https:\/\/www.fiscalia.gov.co\/colombia\/wp-content\/uploads\/maxresdefault-783.jpg","contentUrl":"https:\/\/www.fiscalia.gov.co\/colombia\/wp-content\/uploads\/maxresdefault-783.jpg","width":1280,"height":720},{"@type":"BreadcrumbList","@id":"https:\/\/www.fiscalia.gov.co\/colombia\/noticias\/judicializados-13-presuntos-integrantes-de-la-subestructura-heroes-del-caribe-que-delinque-para-el-clan-del-golfo-en-bolivar\/#breadcrumb","itemListElement":[{"@type":"ListItem","position":1,"name":"Home","item":"https:\/\/www.fiscalia.gov.co\/colombia\/"},{"@type":"ListItem","position":2,"name":"Judicializados 13 presuntos integrantes de la subestructura H\u00e9roes del Caribe que delinque para el Clan del Golfo en Bol\u00edvar"}]},{"@type":"WebSite","@id":"https:\/\/www.fiscalia.gov.co\/colombia\/#website","url":"https:\/\/www.fiscalia.gov.co\/colombia\/","name":"Fiscal\u00eda General de la Naci\u00f3n","description":"P\u00e1gina oficial de la Fiscal\u00eda General de la Naci\u00f3n \u2013 Colombia. Garantizamos el acceso efectivo a la justicia, la verdad y la reparaci\u00f3n de las v\u00edctimas de los delitos.","publisher":{"@id":"https:\/\/www.fiscalia.gov.co\/colombia\/#organization"},"potentialAction":[{"@type":"SearchAction","target":{"@type":"EntryPoint","urlTemplate":"https:\/\/www.fiscalia.gov.co\/colombia\/?s={search_term_string}"},"query-input":{"@type":"PropertyValueSpecification","valueRequired":true,"valueName":"search_term_string"}}],"inLanguage":"es-CO"},{"@type":"Organization","@id":"https:\/\/www.fiscalia.gov.co\/colombia\/#organization","name":"Fiscal\u00eda General de la Naci\u00f3n","url":"https:\/\/www.fiscalia.gov.co\/colombia\/","logo":{"@type":"ImageObject","inLanguage":"es-CO","@id":"https:\/\/www.fiscalia.gov.co\/colombia\/#\/schema\/logo\/image\/","url":"https:\/\/www.fiscalia.gov.co\/colombia\/wp-content\/uploads\/LogoHorizontal_1.jpg","contentUrl":"https:\/\/www.fiscalia.gov.co\/colombia\/wp-content\/uploads\/LogoHorizontal_1.jpg","width":300,"height":90,"caption":"Fiscal\u00eda General de la Naci\u00f3n"},"image":{"@id":"https:\/\/www.fiscalia.gov.co\/colombia\/#\/schema\/logo\/image\/"},"sameAs":["https:\/\/www.facebook.com\/FiscaliaCol","https:\/\/x.com\/FiscaliaCol","https:\/\/www.instagram.com\/fiscaliacol","https:\/\/www.linkedin.com\/company\/fiscalia-general-de-la-naci-n\/","https:\/\/youtube.com\/@fiscaliageneraldelanacion-4668?si=6nN79nyQICPU5iTh"]},{"@type":"Person","@id":"https:\/\/www.fiscalia.gov.co\/colombia\/#\/schema\/person\/bf84402cf293a5393e9c70b111020b24","name":"Jordan Leandro Oviedo Anzola","image":{"@type":"ImageObject","inLanguage":"es-CO","@id":"https:\/\/www.fiscalia.gov.co\/colombia\/#\/schema\/person\/image\/","url":"https:\/\/secure.gravatar.com\/avatar\/dabba4346fa9b9207d96adafa8f92721?s=96&d=mm&r=g","contentUrl":"https:\/\/secure.gravatar.com\/avatar\/dabba4346fa9b9207d96adafa8f92721?s=96&d=mm&r=g","caption":"Jordan Leandro Oviedo Anzola"},"url":"https:\/\/www.fiscalia.gov.co\/colombia\/author\/joviedo\/"}]}},"_links":{"self":[{"href":"https:\/\/www.fiscalia.gov.co\/colombia\/wp-json\/wp\/v2\/posts\/260980","targetHints":{"allow":["GET"]}}],"collection":[{"href":"https:\/\/www.fiscalia.gov.co\/colombia\/wp-json\/wp\/v2\/posts"}],"about":[{"href":"https:\/\/www.fiscalia.gov.co\/colombia\/wp-json\/wp\/v2\/types\/post"}],"author":[{"embeddable":true,"href":"https:\/\/www.fiscalia.gov.co\/colombia\/wp-json\/wp\/v2\/users\/177"}],"replies":[{"embeddable":true,"href":"https:\/\/www.fiscalia.gov.co\/colombia\/wp-json\/wp\/v2\/comments?post=260980"}],"version-history":[{"count":1,"href":"https:\/\/www.fiscalia.gov.co\/colombia\/wp-json\/wp\/v2\/posts\/260980\/revisions"}],"predecessor-version":[{"id":260981,"href":"https:\/\/www.fiscalia.gov.co\/colombia\/wp-json\/wp\/v2\/posts\/260980\/revisions\/260981"}],"wp:featuredmedia":[{"embeddable":true,"href":"https:\/\/www.fiscalia.gov.co\/colombia\/wp-json\/wp\/v2\/media\/261484"}],"wp:attachment":[{"href":"https:\/\/www.fiscalia.gov.co\/colombia\/wp-json\/wp\/v2\/media?parent=260980"}],"wp:term":[{"taxonomy":"category","embeddable":true,"href":"https:\/\/www.fiscalia.gov.co\/colombia\/wp-json\/wp\/v2\/categories?post=260980"},{"taxonomy":"post_tag","embeddable":true,"href":"https:\/\/www.fiscalia.gov.co\/colombia\/wp-json\/wp\/v2\/tags?post=260980"}],"curies":[{"name":"wp","href":"https:\/\/api.w.org\/{rel}","templated":true}]}}