{"id":260230,"date":"2022-11-01T09:56:01","date_gmt":"2022-11-01T14:56:01","guid":{"rendered":"https:\/\/www.fiscalia.gov.co\/colombia\/?p=260230"},"modified":"2022-11-10T11:09:34","modified_gmt":"2022-11-10T16:09:34","slug":"judicializados-exsecretaria-de-salud-de-riohacha-y-representante-legal-de-fundacion-por-irregularidades-en-contrato-por-1-850-millones","status":"publish","type":"post","link":"https:\/\/www.fiscalia.gov.co\/colombia\/noticias\/judicializados-exsecretaria-de-salud-de-riohacha-y-representante-legal-de-fundacion-por-irregularidades-en-contrato-por-1-850-millones\/","title":{"rendered":"Judicializados exsecretaria de Salud de Riohacha y representante legal de fundaci\u00f3n por irregularidades en contrato por $1.850 millones"},"content":{"rendered":"<p>La Fiscal\u00eda General de la Naci\u00f3n logr\u00f3 la judicializaci\u00f3n de Vanessa Lisette Ram\u00edrez Pugliesse, exsecretaria de Salud de Riohacha (La Guajira) y Eduardo Alberto Ortiz Corzo, representante legal de la Fundaci\u00f3n Progreso en Marcha, como presuntos responsables de los delitos de peculado por apropiaci\u00f3n y contrato sin cumplimiento de los requisitos legales.<\/p>\n<figure id=\"attachment_260233\" aria-describedby=\"caption-attachment-260233\" style=\"width: 696px\" class=\"wp-caption aligncenter\"><img loading=\"lazy\" decoding=\"async\" class=\"size-large wp-image-260233\" src=\"https:\/\/www.fiscalia.gov.co\/colombia\/wp-content\/uploads\/Vanessa-Lisette-Ramirez-Pugliesse-exsecretaria-de-Salud-de-Riohacha-La-Guajira-y-Eduardo-Alberto-Ortiz-Corzo-judicializados-por-la-Fiscalia-1024x871.jpg\" alt=\"En la fotograf\u00eda aparecen dos personas capturadas una mujer y un hombre capturados, junto a servidores del CTI. En la parte posterior de la imagen se ve un banner con logos de la Fiscal\u00eda General de la Naci\u00f3n. \" width=\"696\" height=\"592\" srcset=\"https:\/\/www.fiscalia.gov.co\/colombia\/wp-content\/uploads\/Vanessa-Lisette-Ramirez-Pugliesse-exsecretaria-de-Salud-de-Riohacha-La-Guajira-y-Eduardo-Alberto-Ortiz-Corzo-judicializados-por-la-Fiscalia-1024x871.jpg 1024w, https:\/\/www.fiscalia.gov.co\/colombia\/wp-content\/uploads\/Vanessa-Lisette-Ramirez-Pugliesse-exsecretaria-de-Salud-de-Riohacha-La-Guajira-y-Eduardo-Alberto-Ortiz-Corzo-judicializados-por-la-Fiscalia-300x255.jpg 300w, https:\/\/www.fiscalia.gov.co\/colombia\/wp-content\/uploads\/Vanessa-Lisette-Ramirez-Pugliesse-exsecretaria-de-Salud-de-Riohacha-La-Guajira-y-Eduardo-Alberto-Ortiz-Corzo-judicializados-por-la-Fiscalia-768x653.jpg 768w, https:\/\/www.fiscalia.gov.co\/colombia\/wp-content\/uploads\/Vanessa-Lisette-Ramirez-Pugliesse-exsecretaria-de-Salud-de-Riohacha-La-Guajira-y-Eduardo-Alberto-Ortiz-Corzo-judicializados-por-la-Fiscalia-696x592.jpg 696w, https:\/\/www.fiscalia.gov.co\/colombia\/wp-content\/uploads\/Vanessa-Lisette-Ramirez-Pugliesse-exsecretaria-de-Salud-de-Riohacha-La-Guajira-y-Eduardo-Alberto-Ortiz-Corzo-judicializados-por-la-Fiscalia-1068x909.jpg 1068w, https:\/\/www.fiscalia.gov.co\/colombia\/wp-content\/uploads\/Vanessa-Lisette-Ramirez-Pugliesse-exsecretaria-de-Salud-de-Riohacha-La-Guajira-y-Eduardo-Alberto-Ortiz-Corzo-judicializados-por-la-Fiscalia-494x420.jpg 494w, https:\/\/www.fiscalia.gov.co\/colombia\/wp-content\/uploads\/Vanessa-Lisette-Ramirez-Pugliesse-exsecretaria-de-Salud-de-Riohacha-La-Guajira-y-Eduardo-Alberto-Ortiz-Corzo-judicializados-por-la-Fiscalia.jpg 1260w\" sizes=\"auto, (max-width: 696px) 100vw, 696px\" \/><figcaption id=\"caption-attachment-260233\" class=\"wp-caption-text\">Vanessa Lisette Ram\u00edrez Pugliesse, exsecretaria de Salud de Riohacha (La Guajira) y Eduardo Alberto Ortiz Corzo, judicializados por la Fiscal\u00eda.<\/figcaption><\/figure>\n<p>La determinaci\u00f3n se relaciona con presuntas irregularidades cometidas en 2018, durante la firma y ejecuci\u00f3n de un convenio de colaboraci\u00f3n entre el municipio de Riohacha y la mencionada fundaci\u00f3n por un valor de 1.850 millones de pesos.<\/p>\n<p>Seg\u00fan consta en la investigaci\u00f3n, el convenio ten\u00eda como objetivo la promoci\u00f3n y participaci\u00f3n de la comunidad en el desarrollo integral de la salud en la capital guajira.<\/p>\n<p>Entre las posibles irregularidades se destaca que, una vez firmada el acta de inicio del convenio, se pag\u00f3 un anticipo por 925 millones de pesos. Adem\u00e1s, que al poco tiempo fue suspendido el contrato sin que se adelantar\u00e1 ninguna actividad relacionada con el cumplimiento del mismo, y sin que hasta el momento se tenga raz\u00f3n del destino de los recursos.<\/p>\n<p>La captura de los implicados estuvo a cargo de servidores del Cuerpo T\u00e9cnico de Investigaciones (CTI) en varios sectores de Riohacha. Ninguno de los dos implicados acept\u00f3 cargos y un juez les dict\u00f3 medida de aseguramiento en su lugar de residencia.<\/p>\n<p>Esta informaci\u00f3n se publica por razones de inter\u00e9s general.<\/p>\n<p><strong>La Fiscal\u00eda habla con resultados<\/strong><\/p>\n<p><strong>\u00a0<\/strong><\/p>\n<p>&nbsp;<\/p>\n<p>&nbsp;<\/p>\n<p>&nbsp;<\/p>\n<p>EDH\/CFG\/DNF\/DSC<\/p>\n<p>&nbsp;<\/p>\n<p>&nbsp;<\/p>\n<p>&nbsp;<\/p>\n<p>&nbsp;<\/p>\n<div class=\"td-post-content tagdiv-type\">\n<div class=\"td-post-content tagdiv-type\">\n<div class=\"td-post-content tagdiv-type\">\n<div class=\"td-post-content tagdiv-type\">\n<div class=\"td-post-content tagdiv-type\">\n<div class=\"td-post-content tagdiv-type\">\n<div class=\"td-post-content tagdiv-type\">\n<p><em>La informaci\u00f3n contenida en este bolet\u00edn de prensa corresponde a la narraci\u00f3n de los hechos noticiosos objetivos, suministrados por los funcionarios encargados de adelantar las investigaciones penales al interior de la Fiscal\u00eda General de la Naci\u00f3n. Para el momento de la divulgaci\u00f3n de este comunicado, la situaci\u00f3n jur\u00eddica de la(s) persona(s) relacionada(s) se encuentra pendiente de resolver por la autoridad judicial competente, siempre bajo los preceptos de la presunci\u00f3n de inocencia, consagrados en el art\u00edculo 29 de la Constituci\u00f3n Pol\u00edtica y el art\u00edculo 7\u00ba de la Ley 906 de 2004.\u00a0<\/em><\/p>\n<\/div>\n<\/div>\n<\/div>\n<\/div>\n<\/div>\n<\/div>\n<\/div>\n\n<div class=\"twitter-share\"><a href=\"https:\/\/twitter.com\/intent\/tweet?via=fiscaliacol\" class=\"twitter-share-button\">Tweet<\/a><\/div>\n","protected":false},"excerpt":{"rendered":"<p>La Fiscal\u00eda General de la Naci\u00f3n logr\u00f3 la judicializaci\u00f3n de Vanessa Lisette Ram\u00edrez Pugliesse, exsecretaria de Salud de Riohacha (La Guajira) y Eduardo Alberto Ortiz Corzo, representante legal de la [&hellip;]<\/p>\n","protected":false},"author":177,"featured_media":0,"comment_status":"closed","ping_status":"open","sticky":false,"template":"","format":"video","meta":{"tdm_status":"","tdm_grid_status":"","footnotes":""},"categories":[24097,24107,1],"tags":[427,33255,24185,24188,1047,464,23876,28780],"class_list":["post-260230","post","type-post","status-publish","format-video","category-corrupcion","category-lucha-contra-corrupcion","category-noticias","tag-corrupcion","tag-exsecretaria-de-salud","tag-fiscal-barbosa","tag-fiscal-francisco-barbosa","tag-fiscalia-general-de-la-nacion","tag-peculado","tag-riohacha","tag-riohacha-la-guajira","post_format-post-format-video"],"yoast_head":"<!-- This site is optimized with the Yoast SEO plugin v24.3 - https:\/\/yoast.com\/wordpress\/plugins\/seo\/ -->\n<title>Fiscal\u00eda General de la Naci\u00f3n<\/title>\n<meta name=\"description\" content=\"P\u00e1gina oficial de la Fiscal\u00eda General de la Naci\u00f3n \u2013 Colombia. Garantizamos el acceso efectivo a la justicia, la verdad y la reparaci\u00f3n de las v\u00edctimas de los delitos.\" \/>\n<meta name=\"robots\" content=\"noindex, follow\" \/>\n<meta property=\"og:locale\" content=\"es_ES\" \/>\n<meta property=\"og:type\" content=\"article\" \/>\n<meta property=\"og:title\" content=\"Fiscal\u00eda General de la Naci\u00f3n\" \/>\n<meta property=\"og:description\" content=\"P\u00e1gina oficial de la Fiscal\u00eda General de la Naci\u00f3n \u2013 Colombia. Garantizamos el acceso efectivo a la justicia, la verdad y la reparaci\u00f3n de las v\u00edctimas de los delitos.\" \/>\n<meta property=\"og:url\" content=\"https:\/\/www.fiscalia.gov.co\/colombia\/noticias\/judicializados-exsecretaria-de-salud-de-riohacha-y-representante-legal-de-fundacion-por-irregularidades-en-contrato-por-1-850-millones\/\" \/>\n<meta property=\"og:site_name\" content=\"Fiscal\u00eda General de la Naci\u00f3n\" \/>\n<meta property=\"article:publisher\" content=\"https:\/\/www.facebook.com\/FiscaliaCol\" \/>\n<meta property=\"article:published_time\" content=\"2022-11-01T14:56:01+00:00\" \/>\n<meta property=\"article:modified_time\" content=\"2022-11-10T16:09:34+00:00\" \/>\n<meta property=\"og:image\" content=\"https:\/\/www.fiscalia.gov.co\/colombia\/wp-content\/uploads\/Vanessa-Lisette-Ramirez-Pugliesse-exsecretaria-de-Salud-de-Riohacha-La-Guajira-y-Eduardo-Alberto-Ortiz-Corzo-judicializados-por-la-Fiscalia-1024x871.jpg\" \/>\n<meta name=\"author\" content=\"Jordan Leandro Oviedo Anzola\" \/>\n<meta name=\"twitter:card\" content=\"summary_large_image\" \/>\n<meta name=\"twitter:creator\" content=\"@FiscaliaCol\" \/>\n<meta name=\"twitter:site\" content=\"@FiscaliaCol\" \/>\n<meta name=\"twitter:label1\" content=\"Escrito por\" \/>\n\t<meta name=\"twitter:data1\" content=\"Jordan Leandro Oviedo Anzola\" \/>\n\t<meta name=\"twitter:label2\" content=\"Tiempo de lectura\" \/>\n\t<meta name=\"twitter:data2\" content=\"2 minutos\" \/>\n<script type=\"application\/ld+json\" class=\"yoast-schema-graph\">{\"@context\":\"https:\/\/schema.org\",\"@graph\":[{\"@type\":\"Article\",\"@id\":\"https:\/\/www.fiscalia.gov.co\/colombia\/noticias\/judicializados-exsecretaria-de-salud-de-riohacha-y-representante-legal-de-fundacion-por-irregularidades-en-contrato-por-1-850-millones\/#article\",\"isPartOf\":{\"@id\":\"https:\/\/www.fiscalia.gov.co\/colombia\/noticias\/judicializados-exsecretaria-de-salud-de-riohacha-y-representante-legal-de-fundacion-por-irregularidades-en-contrato-por-1-850-millones\/\"},\"author\":{\"name\":\"Jordan Leandro Oviedo Anzola\",\"@id\":\"https:\/\/www.fiscalia.gov.co\/colombia\/#\/schema\/person\/bf84402cf293a5393e9c70b111020b24\"},\"headline\":\"Judicializados exsecretaria de Salud de Riohacha y representante legal de fundaci\u00f3n por irregularidades en contrato por $1.850 millones\",\"datePublished\":\"2022-11-01T14:56:01+00:00\",\"dateModified\":\"2022-11-10T16:09:34+00:00\",\"mainEntityOfPage\":{\"@id\":\"https:\/\/www.fiscalia.gov.co\/colombia\/noticias\/judicializados-exsecretaria-de-salud-de-riohacha-y-representante-legal-de-fundacion-por-irregularidades-en-contrato-por-1-850-millones\/\"},\"wordCount\":410,\"publisher\":{\"@id\":\"https:\/\/www.fiscalia.gov.co\/colombia\/#organization\"},\"image\":{\"@id\":\"https:\/\/www.fiscalia.gov.co\/colombia\/noticias\/judicializados-exsecretaria-de-salud-de-riohacha-y-representante-legal-de-fundacion-por-irregularidades-en-contrato-por-1-850-millones\/#primaryimage\"},\"thumbnailUrl\":\"https:\/\/www.fiscalia.gov.co\/colombia\/wp-content\/uploads\/Vanessa-Lisette-Ramirez-Pugliesse-exsecretaria-de-Salud-de-Riohacha-La-Guajira-y-Eduardo-Alberto-Ortiz-Corzo-judicializados-por-la-Fiscalia-1024x871.jpg\",\"keywords\":[\"Corrupci\u00f3n\",\"exsecretaria de salud\",\"Fiscal Barbosa\",\"Fiscal Francisco Barbosa\",\"Fiscal\u00eda General de la Naci\u00f3n\",\"Peculado\",\"Riohacha\",\"Riohacha (La Guajira)\"],\"articleSection\":[\"Corrupci\u00f3n\",\"Corrupci\u00f3n\",\"Noticias\"],\"inLanguage\":\"es-CO\"},{\"@type\":\"WebPage\",\"@id\":\"https:\/\/www.fiscalia.gov.co\/colombia\/noticias\/judicializados-exsecretaria-de-salud-de-riohacha-y-representante-legal-de-fundacion-por-irregularidades-en-contrato-por-1-850-millones\/\",\"url\":\"https:\/\/www.fiscalia.gov.co\/colombia\/noticias\/judicializados-exsecretaria-de-salud-de-riohacha-y-representante-legal-de-fundacion-por-irregularidades-en-contrato-por-1-850-millones\/\",\"name\":\"Fiscal\u00eda General de la Naci\u00f3n\",\"isPartOf\":{\"@id\":\"https:\/\/www.fiscalia.gov.co\/colombia\/#website\"},\"primaryImageOfPage\":{\"@id\":\"https:\/\/www.fiscalia.gov.co\/colombia\/noticias\/judicializados-exsecretaria-de-salud-de-riohacha-y-representante-legal-de-fundacion-por-irregularidades-en-contrato-por-1-850-millones\/#primaryimage\"},\"image\":{\"@id\":\"https:\/\/www.fiscalia.gov.co\/colombia\/noticias\/judicializados-exsecretaria-de-salud-de-riohacha-y-representante-legal-de-fundacion-por-irregularidades-en-contrato-por-1-850-millones\/#primaryimage\"},\"thumbnailUrl\":\"https:\/\/www.fiscalia.gov.co\/colombia\/wp-content\/uploads\/Vanessa-Lisette-Ramirez-Pugliesse-exsecretaria-de-Salud-de-Riohacha-La-Guajira-y-Eduardo-Alberto-Ortiz-Corzo-judicializados-por-la-Fiscalia-1024x871.jpg\",\"datePublished\":\"2022-11-01T14:56:01+00:00\",\"dateModified\":\"2022-11-10T16:09:34+00:00\",\"description\":\"P\u00e1gina oficial de la Fiscal\u00eda General de la Naci\u00f3n \u2013 Colombia. Garantizamos el acceso efectivo a la justicia, la verdad y la reparaci\u00f3n de las v\u00edctimas de los delitos.\",\"breadcrumb\":{\"@id\":\"https:\/\/www.fiscalia.gov.co\/colombia\/noticias\/judicializados-exsecretaria-de-salud-de-riohacha-y-representante-legal-de-fundacion-por-irregularidades-en-contrato-por-1-850-millones\/#breadcrumb\"},\"inLanguage\":\"es-CO\",\"potentialAction\":[{\"@type\":\"ReadAction\",\"target\":[\"https:\/\/www.fiscalia.gov.co\/colombia\/noticias\/judicializados-exsecretaria-de-salud-de-riohacha-y-representante-legal-de-fundacion-por-irregularidades-en-contrato-por-1-850-millones\/\"]}]},{\"@type\":\"ImageObject\",\"inLanguage\":\"es-CO\",\"@id\":\"https:\/\/www.fiscalia.gov.co\/colombia\/noticias\/judicializados-exsecretaria-de-salud-de-riohacha-y-representante-legal-de-fundacion-por-irregularidades-en-contrato-por-1-850-millones\/#primaryimage\",\"url\":\"https:\/\/www.fiscalia.gov.co\/colombia\/wp-content\/uploads\/Vanessa-Lisette-Ramirez-Pugliesse-exsecretaria-de-Salud-de-Riohacha-La-Guajira-y-Eduardo-Alberto-Ortiz-Corzo-judicializados-por-la-Fiscalia.jpg\",\"contentUrl\":\"https:\/\/www.fiscalia.gov.co\/colombia\/wp-content\/uploads\/Vanessa-Lisette-Ramirez-Pugliesse-exsecretaria-de-Salud-de-Riohacha-La-Guajira-y-Eduardo-Alberto-Ortiz-Corzo-judicializados-por-la-Fiscalia.jpg\",\"width\":1260,\"height\":1072,\"caption\":\"Vanessa Lisette Ram\u00edrez Pugliesse, exsecretaria de Salud de Riohacha (La Guajira) y Eduardo Alberto Ortiz Corzo, judicializados por la Fiscal\u00eda.\"},{\"@type\":\"BreadcrumbList\",\"@id\":\"https:\/\/www.fiscalia.gov.co\/colombia\/noticias\/judicializados-exsecretaria-de-salud-de-riohacha-y-representante-legal-de-fundacion-por-irregularidades-en-contrato-por-1-850-millones\/#breadcrumb\",\"itemListElement\":[{\"@type\":\"ListItem\",\"position\":1,\"name\":\"Home\",\"item\":\"https:\/\/www.fiscalia.gov.co\/colombia\/\"},{\"@type\":\"ListItem\",\"position\":2,\"name\":\"Judicializados exsecretaria de Salud de Riohacha y representante legal de fundaci\u00f3n por irregularidades en contrato por $1.850 millones\"}]},{\"@type\":\"WebSite\",\"@id\":\"https:\/\/www.fiscalia.gov.co\/colombia\/#website\",\"url\":\"https:\/\/www.fiscalia.gov.co\/colombia\/\",\"name\":\"Fiscal\u00eda General de la Naci\u00f3n\",\"description\":\"P\u00e1gina oficial de la Fiscal\u00eda General de la Naci\u00f3n \u2013 Colombia. Garantizamos el acceso efectivo a la justicia, la verdad y la reparaci\u00f3n de las v\u00edctimas de los delitos.\",\"publisher\":{\"@id\":\"https:\/\/www.fiscalia.gov.co\/colombia\/#organization\"},\"potentialAction\":[{\"@type\":\"SearchAction\",\"target\":{\"@type\":\"EntryPoint\",\"urlTemplate\":\"https:\/\/www.fiscalia.gov.co\/colombia\/?s={search_term_string}\"},\"query-input\":{\"@type\":\"PropertyValueSpecification\",\"valueRequired\":true,\"valueName\":\"search_term_string\"}}],\"inLanguage\":\"es-CO\"},{\"@type\":\"Organization\",\"@id\":\"https:\/\/www.fiscalia.gov.co\/colombia\/#organization\",\"name\":\"Fiscal\u00eda General de la Naci\u00f3n\",\"url\":\"https:\/\/www.fiscalia.gov.co\/colombia\/\",\"logo\":{\"@type\":\"ImageObject\",\"inLanguage\":\"es-CO\",\"@id\":\"https:\/\/www.fiscalia.gov.co\/colombia\/#\/schema\/logo\/image\/\",\"url\":\"https:\/\/www.fiscalia.gov.co\/colombia\/wp-content\/uploads\/LogoHorizontal_1.jpg\",\"contentUrl\":\"https:\/\/www.fiscalia.gov.co\/colombia\/wp-content\/uploads\/LogoHorizontal_1.jpg\",\"width\":300,\"height\":90,\"caption\":\"Fiscal\u00eda General de la Naci\u00f3n\"},\"image\":{\"@id\":\"https:\/\/www.fiscalia.gov.co\/colombia\/#\/schema\/logo\/image\/\"},\"sameAs\":[\"https:\/\/www.facebook.com\/FiscaliaCol\",\"https:\/\/x.com\/FiscaliaCol\",\"https:\/\/www.instagram.com\/fiscaliacol\",\"https:\/\/www.linkedin.com\/company\/fiscalia-general-de-la-naci-n\/\",\"https:\/\/youtube.com\/@fiscaliageneraldelanacion-4668?si=6nN79nyQICPU5iTh\"]},{\"@type\":\"Person\",\"@id\":\"https:\/\/www.fiscalia.gov.co\/colombia\/#\/schema\/person\/bf84402cf293a5393e9c70b111020b24\",\"name\":\"Jordan Leandro Oviedo Anzola\",\"image\":{\"@type\":\"ImageObject\",\"inLanguage\":\"es-CO\",\"@id\":\"https:\/\/www.fiscalia.gov.co\/colombia\/#\/schema\/person\/image\/\",\"url\":\"https:\/\/secure.gravatar.com\/avatar\/dabba4346fa9b9207d96adafa8f92721?s=96&d=mm&r=g\",\"contentUrl\":\"https:\/\/secure.gravatar.com\/avatar\/dabba4346fa9b9207d96adafa8f92721?s=96&d=mm&r=g\",\"caption\":\"Jordan Leandro Oviedo Anzola\"},\"url\":\"https:\/\/www.fiscalia.gov.co\/colombia\/author\/joviedo\/\"}]}<\/script>\n<!-- \/ Yoast SEO plugin. -->","yoast_head_json":{"title":"Fiscal\u00eda General de la Naci\u00f3n","description":"P\u00e1gina oficial de la Fiscal\u00eda General de la Naci\u00f3n \u2013 Colombia. Garantizamos el acceso efectivo a la justicia, la verdad y la reparaci\u00f3n de las v\u00edctimas de los delitos.","robots":{"index":"noindex","follow":"follow"},"og_locale":"es_ES","og_type":"article","og_title":"Fiscal\u00eda General de la Naci\u00f3n","og_description":"P\u00e1gina oficial de la Fiscal\u00eda General de la Naci\u00f3n \u2013 Colombia. Garantizamos el acceso efectivo a la justicia, la verdad y la reparaci\u00f3n de las v\u00edctimas de los delitos.","og_url":"https:\/\/www.fiscalia.gov.co\/colombia\/noticias\/judicializados-exsecretaria-de-salud-de-riohacha-y-representante-legal-de-fundacion-por-irregularidades-en-contrato-por-1-850-millones\/","og_site_name":"Fiscal\u00eda General de la Naci\u00f3n","article_publisher":"https:\/\/www.facebook.com\/FiscaliaCol","article_published_time":"2022-11-01T14:56:01+00:00","article_modified_time":"2022-11-10T16:09:34+00:00","og_image":[{"url":"https:\/\/www.fiscalia.gov.co\/colombia\/wp-content\/uploads\/Vanessa-Lisette-Ramirez-Pugliesse-exsecretaria-de-Salud-de-Riohacha-La-Guajira-y-Eduardo-Alberto-Ortiz-Corzo-judicializados-por-la-Fiscalia-1024x871.jpg","type":"","width":"","height":""}],"author":"Jordan Leandro Oviedo Anzola","twitter_card":"summary_large_image","twitter_creator":"@FiscaliaCol","twitter_site":"@FiscaliaCol","twitter_misc":{"Escrito por":"Jordan Leandro Oviedo Anzola","Tiempo de lectura":"2 minutos"},"schema":{"@context":"https:\/\/schema.org","@graph":[{"@type":"Article","@id":"https:\/\/www.fiscalia.gov.co\/colombia\/noticias\/judicializados-exsecretaria-de-salud-de-riohacha-y-representante-legal-de-fundacion-por-irregularidades-en-contrato-por-1-850-millones\/#article","isPartOf":{"@id":"https:\/\/www.fiscalia.gov.co\/colombia\/noticias\/judicializados-exsecretaria-de-salud-de-riohacha-y-representante-legal-de-fundacion-por-irregularidades-en-contrato-por-1-850-millones\/"},"author":{"name":"Jordan Leandro Oviedo Anzola","@id":"https:\/\/www.fiscalia.gov.co\/colombia\/#\/schema\/person\/bf84402cf293a5393e9c70b111020b24"},"headline":"Judicializados exsecretaria de Salud de Riohacha y representante legal de fundaci\u00f3n por irregularidades en contrato por $1.850 millones","datePublished":"2022-11-01T14:56:01+00:00","dateModified":"2022-11-10T16:09:34+00:00","mainEntityOfPage":{"@id":"https:\/\/www.fiscalia.gov.co\/colombia\/noticias\/judicializados-exsecretaria-de-salud-de-riohacha-y-representante-legal-de-fundacion-por-irregularidades-en-contrato-por-1-850-millones\/"},"wordCount":410,"publisher":{"@id":"https:\/\/www.fiscalia.gov.co\/colombia\/#organization"},"image":{"@id":"https:\/\/www.fiscalia.gov.co\/colombia\/noticias\/judicializados-exsecretaria-de-salud-de-riohacha-y-representante-legal-de-fundacion-por-irregularidades-en-contrato-por-1-850-millones\/#primaryimage"},"thumbnailUrl":"https:\/\/www.fiscalia.gov.co\/colombia\/wp-content\/uploads\/Vanessa-Lisette-Ramirez-Pugliesse-exsecretaria-de-Salud-de-Riohacha-La-Guajira-y-Eduardo-Alberto-Ortiz-Corzo-judicializados-por-la-Fiscalia-1024x871.jpg","keywords":["Corrupci\u00f3n","exsecretaria de salud","Fiscal Barbosa","Fiscal Francisco Barbosa","Fiscal\u00eda General de la Naci\u00f3n","Peculado","Riohacha","Riohacha (La Guajira)"],"articleSection":["Corrupci\u00f3n","Corrupci\u00f3n","Noticias"],"inLanguage":"es-CO"},{"@type":"WebPage","@id":"https:\/\/www.fiscalia.gov.co\/colombia\/noticias\/judicializados-exsecretaria-de-salud-de-riohacha-y-representante-legal-de-fundacion-por-irregularidades-en-contrato-por-1-850-millones\/","url":"https:\/\/www.fiscalia.gov.co\/colombia\/noticias\/judicializados-exsecretaria-de-salud-de-riohacha-y-representante-legal-de-fundacion-por-irregularidades-en-contrato-por-1-850-millones\/","name":"Fiscal\u00eda General de la Naci\u00f3n","isPartOf":{"@id":"https:\/\/www.fiscalia.gov.co\/colombia\/#website"},"primaryImageOfPage":{"@id":"https:\/\/www.fiscalia.gov.co\/colombia\/noticias\/judicializados-exsecretaria-de-salud-de-riohacha-y-representante-legal-de-fundacion-por-irregularidades-en-contrato-por-1-850-millones\/#primaryimage"},"image":{"@id":"https:\/\/www.fiscalia.gov.co\/colombia\/noticias\/judicializados-exsecretaria-de-salud-de-riohacha-y-representante-legal-de-fundacion-por-irregularidades-en-contrato-por-1-850-millones\/#primaryimage"},"thumbnailUrl":"https:\/\/www.fiscalia.gov.co\/colombia\/wp-content\/uploads\/Vanessa-Lisette-Ramirez-Pugliesse-exsecretaria-de-Salud-de-Riohacha-La-Guajira-y-Eduardo-Alberto-Ortiz-Corzo-judicializados-por-la-Fiscalia-1024x871.jpg","datePublished":"2022-11-01T14:56:01+00:00","dateModified":"2022-11-10T16:09:34+00:00","description":"P\u00e1gina oficial de la Fiscal\u00eda General de la Naci\u00f3n \u2013 Colombia. Garantizamos el acceso efectivo a la justicia, la verdad y la reparaci\u00f3n de las v\u00edctimas de los delitos.","breadcrumb":{"@id":"https:\/\/www.fiscalia.gov.co\/colombia\/noticias\/judicializados-exsecretaria-de-salud-de-riohacha-y-representante-legal-de-fundacion-por-irregularidades-en-contrato-por-1-850-millones\/#breadcrumb"},"inLanguage":"es-CO","potentialAction":[{"@type":"ReadAction","target":["https:\/\/www.fiscalia.gov.co\/colombia\/noticias\/judicializados-exsecretaria-de-salud-de-riohacha-y-representante-legal-de-fundacion-por-irregularidades-en-contrato-por-1-850-millones\/"]}]},{"@type":"ImageObject","inLanguage":"es-CO","@id":"https:\/\/www.fiscalia.gov.co\/colombia\/noticias\/judicializados-exsecretaria-de-salud-de-riohacha-y-representante-legal-de-fundacion-por-irregularidades-en-contrato-por-1-850-millones\/#primaryimage","url":"https:\/\/www.fiscalia.gov.co\/colombia\/wp-content\/uploads\/Vanessa-Lisette-Ramirez-Pugliesse-exsecretaria-de-Salud-de-Riohacha-La-Guajira-y-Eduardo-Alberto-Ortiz-Corzo-judicializados-por-la-Fiscalia.jpg","contentUrl":"https:\/\/www.fiscalia.gov.co\/colombia\/wp-content\/uploads\/Vanessa-Lisette-Ramirez-Pugliesse-exsecretaria-de-Salud-de-Riohacha-La-Guajira-y-Eduardo-Alberto-Ortiz-Corzo-judicializados-por-la-Fiscalia.jpg","width":1260,"height":1072,"caption":"Vanessa Lisette Ram\u00edrez Pugliesse, exsecretaria de Salud de Riohacha (La Guajira) y Eduardo Alberto Ortiz Corzo, judicializados por la Fiscal\u00eda."},{"@type":"BreadcrumbList","@id":"https:\/\/www.fiscalia.gov.co\/colombia\/noticias\/judicializados-exsecretaria-de-salud-de-riohacha-y-representante-legal-de-fundacion-por-irregularidades-en-contrato-por-1-850-millones\/#breadcrumb","itemListElement":[{"@type":"ListItem","position":1,"name":"Home","item":"https:\/\/www.fiscalia.gov.co\/colombia\/"},{"@type":"ListItem","position":2,"name":"Judicializados exsecretaria de Salud de Riohacha y representante legal de fundaci\u00f3n por irregularidades en contrato por $1.850 millones"}]},{"@type":"WebSite","@id":"https:\/\/www.fiscalia.gov.co\/colombia\/#website","url":"https:\/\/www.fiscalia.gov.co\/colombia\/","name":"Fiscal\u00eda General de la Naci\u00f3n","description":"P\u00e1gina oficial de la Fiscal\u00eda General de la Naci\u00f3n \u2013 Colombia. Garantizamos el acceso efectivo a la justicia, la verdad y la reparaci\u00f3n de las v\u00edctimas de los delitos.","publisher":{"@id":"https:\/\/www.fiscalia.gov.co\/colombia\/#organization"},"potentialAction":[{"@type":"SearchAction","target":{"@type":"EntryPoint","urlTemplate":"https:\/\/www.fiscalia.gov.co\/colombia\/?s={search_term_string}"},"query-input":{"@type":"PropertyValueSpecification","valueRequired":true,"valueName":"search_term_string"}}],"inLanguage":"es-CO"},{"@type":"Organization","@id":"https:\/\/www.fiscalia.gov.co\/colombia\/#organization","name":"Fiscal\u00eda General de la Naci\u00f3n","url":"https:\/\/www.fiscalia.gov.co\/colombia\/","logo":{"@type":"ImageObject","inLanguage":"es-CO","@id":"https:\/\/www.fiscalia.gov.co\/colombia\/#\/schema\/logo\/image\/","url":"https:\/\/www.fiscalia.gov.co\/colombia\/wp-content\/uploads\/LogoHorizontal_1.jpg","contentUrl":"https:\/\/www.fiscalia.gov.co\/colombia\/wp-content\/uploads\/LogoHorizontal_1.jpg","width":300,"height":90,"caption":"Fiscal\u00eda General de la Naci\u00f3n"},"image":{"@id":"https:\/\/www.fiscalia.gov.co\/colombia\/#\/schema\/logo\/image\/"},"sameAs":["https:\/\/www.facebook.com\/FiscaliaCol","https:\/\/x.com\/FiscaliaCol","https:\/\/www.instagram.com\/fiscaliacol","https:\/\/www.linkedin.com\/company\/fiscalia-general-de-la-naci-n\/","https:\/\/youtube.com\/@fiscaliageneraldelanacion-4668?si=6nN79nyQICPU5iTh"]},{"@type":"Person","@id":"https:\/\/www.fiscalia.gov.co\/colombia\/#\/schema\/person\/bf84402cf293a5393e9c70b111020b24","name":"Jordan Leandro Oviedo Anzola","image":{"@type":"ImageObject","inLanguage":"es-CO","@id":"https:\/\/www.fiscalia.gov.co\/colombia\/#\/schema\/person\/image\/","url":"https:\/\/secure.gravatar.com\/avatar\/dabba4346fa9b9207d96adafa8f92721?s=96&d=mm&r=g","contentUrl":"https:\/\/secure.gravatar.com\/avatar\/dabba4346fa9b9207d96adafa8f92721?s=96&d=mm&r=g","caption":"Jordan Leandro Oviedo Anzola"},"url":"https:\/\/www.fiscalia.gov.co\/colombia\/author\/joviedo\/"}]}},"_links":{"self":[{"href":"https:\/\/www.fiscalia.gov.co\/colombia\/wp-json\/wp\/v2\/posts\/260230","targetHints":{"allow":["GET"]}}],"collection":[{"href":"https:\/\/www.fiscalia.gov.co\/colombia\/wp-json\/wp\/v2\/posts"}],"about":[{"href":"https:\/\/www.fiscalia.gov.co\/colombia\/wp-json\/wp\/v2\/types\/post"}],"author":[{"embeddable":true,"href":"https:\/\/www.fiscalia.gov.co\/colombia\/wp-json\/wp\/v2\/users\/177"}],"replies":[{"embeddable":true,"href":"https:\/\/www.fiscalia.gov.co\/colombia\/wp-json\/wp\/v2\/comments?post=260230"}],"version-history":[{"count":3,"href":"https:\/\/www.fiscalia.gov.co\/colombia\/wp-json\/wp\/v2\/posts\/260230\/revisions"}],"predecessor-version":[{"id":260793,"href":"https:\/\/www.fiscalia.gov.co\/colombia\/wp-json\/wp\/v2\/posts\/260230\/revisions\/260793"}],"wp:attachment":[{"href":"https:\/\/www.fiscalia.gov.co\/colombia\/wp-json\/wp\/v2\/media?parent=260230"}],"wp:term":[{"taxonomy":"category","embeddable":true,"href":"https:\/\/www.fiscalia.gov.co\/colombia\/wp-json\/wp\/v2\/categories?post=260230"},{"taxonomy":"post_tag","embeddable":true,"href":"https:\/\/www.fiscalia.gov.co\/colombia\/wp-json\/wp\/v2\/tags?post=260230"}],"curies":[{"name":"wp","href":"https:\/\/api.w.org\/{rel}","templated":true}]}}