{"id":260073,"date":"2022-10-28T11:49:22","date_gmt":"2022-10-28T16:49:22","guid":{"rendered":"https:\/\/www.fiscalia.gov.co\/colombia\/?p=260073"},"modified":"2022-10-28T11:49:22","modified_gmt":"2022-10-28T16:49:22","slug":"dos-hombres-fueron-condenados-a-9-anos-y-10-meses-de-prision-por-intentar-asesinar-en-medio-de-un-robo-a-un-hombre-en-una-finca-cafetera","status":"publish","type":"post","link":"https:\/\/www.fiscalia.gov.co\/colombia\/noticias\/dos-hombres-fueron-condenados-a-9-anos-y-10-meses-de-prision-por-intentar-asesinar-en-medio-de-un-robo-a-un-hombre-en-una-finca-cafetera\/","title":{"rendered":"Dos hombres fueron condenados a 9 a\u00f1os y 10 meses de prisi\u00f3n por intentar asesinar, en medio de un robo, a un hombre en una finca cafetera"},"content":{"rendered":"<p>Una fiscal seccional de la Unidad de Vida de Neiva (Huila) obtuvo sentencia condenatoria en contra de Willington Javier Ossa Moreno y Jeysi Jeans Zoria Ahuanari, por hurto e intento de homicidio en zona rural de Santa Mar\u00eda (Huila).<\/p>\n<p>Los hombres amordazaron a los due\u00f1os de una finca ubicada en la vereda Los Andes de Santa Mar\u00eda (Huila), y a uno de ellos\u00a0 le dispararon con un arma de fuego. Luego se llevaron de la propiedad varios bultos de caf\u00e9. Los hechos ocurrieron el pasado 20 de mayo.<\/p>\n<p>Los hoy condenados fueron capturados abord\u00f3\u00a0 de un motocarro en el que transportaban el caf\u00e9 hurtado, una escopeta y dos machetes.<\/p>\n<p>Tras el abundante material probatorio recaudado, Ossa Moreno y Zoria Ahuanari aceptaron un preacuerdo con la Fiscal\u00eda aceptando su responsabilidad por los delitos de tentativa de homicidio agravado, porte o tenencia de armas de fuego y hurto calificado y agravado.<\/p>\n<p>La decisi\u00f3n qued\u00f3 ejecutoriada.<\/p>\n<p>La Fiscal\u00eda habla con resultados.<\/p>\n<p>LMGM\/CFG\/DFHI\/DSH<\/p>\n<p><strong>Tambi\u00e9n le puede interesar:<\/strong><strong>\u00a0<\/strong><strong><a href=\"https:\/\/www.fiscalia.gov.co\/colombia\/noticias\/condenado-a-mas-45-anos-de-prision-autor-del-homicidio-de-una-menor-en-el-huila\/\">Condenado a m\u00e1s 45 a\u00f1os de prisi\u00f3n autor del homicidio de una menor en el Huila\u00a0<\/a><\/strong><\/p>\n<p><em>La informaci\u00f3n contenida en este bolet\u00edn de prensa corresponde a la narraci\u00f3n de los hechos noticiosos objetivos, suministrados por los funcionarios encargados de adelantar las investigaciones penales al interior de la Fiscal\u00eda General de la Naci\u00f3n. Para el momento de la divulgaci\u00f3n de este comunicado, la situaci\u00f3n jur\u00eddica de la(s) persona(s) relacionada(s) se encuentra pendiente de resolver por la autoridad judicial competente, siempre bajo los preceptos de la presunci\u00f3n de inocencia, consagrados en el art\u00edculo 29 de la Constituci\u00f3n Pol\u00edtica y el art\u00edculo 7\u00ba de la Ley 906 de 2004.<\/em><strong>\u00a0<\/strong><\/p>\n\n<div class=\"twitter-share\"><a href=\"https:\/\/twitter.com\/intent\/tweet?via=fiscaliacol\" class=\"twitter-share-button\">Tweet<\/a><\/div>\n","protected":false},"excerpt":{"rendered":"<p>Una fiscal seccional de la Unidad de Vida de Neiva (Huila) obtuvo sentencia condenatoria en contra de Willington Javier Ossa Moreno y Jeysi Jeans Zoria Ahuanari, por hurto e intento de homicidio en zona rural de Santa Mar\u00eda (Huila). Los hombres amordazaron a los due\u00f1os de una finca ubicada en la vereda Los Andes de [&hellip;]<\/p>\n","protected":false},"author":175,"featured_media":0,"comment_status":"closed","ping_status":"open","sticky":false,"template":"","format":"standard","meta":{"_price":"","_stock":"","_tribe_ticket_header":"","_tribe_default_ticket_provider":"","_tribe_ticket_capacity":"0","_ticket_start_date":"","_ticket_end_date":"","_tribe_ticket_show_description":"","_tribe_ticket_show_not_going":false,"_tribe_ticket_use_global_stock":"","_tribe_ticket_global_stock_level":"","_global_stock_mode":"","_global_stock_cap":"","_tribe_rsvp_for_event":"","_tribe_ticket_going_count":"","_tribe_ticket_not_going_count":"","_tribe_tickets_list":"[]","_tribe_ticket_has_attendee_info_fields":false,"tdm_status":"","tdm_grid_status":"","footnotes":""},"categories":[24174,1,333,24099],"tags":[33235,12163,33234,293,1540,24189,24305,16,23960,2286,33002,479],"class_list":{"0":"post-260073","1":"post","2":"type-post","3":"status-publish","4":"format-standard","6":"category-hay-justicia","7":"category-noticias","8":"category-seccional-neiva","9":"category-seguridad-territorial","10":"tag-arma-cortocontudente","11":"tag-arma-de-fuego","12":"tag-cafeteros","13":"tag-condena","14":"tag-finca","15":"tag-fiscal-francisco-barbosa-delgado","16":"tag-fiscal-general-francisco-barbosa","17":"tag-huila","18":"tag-hurto","19":"tag-justicia","20":"tag-santa-maria","21":"tag-tentativa-de-homicidio"},"yoast_head":"<!-- This site is optimized with the Yoast SEO plugin v24.3 - https:\/\/yoast.com\/wordpress\/plugins\/seo\/ -->\n<title>Fiscal\u00eda General de la Naci\u00f3n<\/title>\n<meta name=\"description\" content=\"P\u00e1gina oficial de la Fiscal\u00eda General de la Naci\u00f3n \u2013 Colombia. Garantizamos el acceso efectivo a la justicia, la verdad y la reparaci\u00f3n de las v\u00edctimas de los delitos.\" \/>\n<meta name=\"robots\" content=\"noindex, follow\" \/>\n<meta property=\"og:locale\" content=\"es_ES\" \/>\n<meta property=\"og:type\" content=\"article\" \/>\n<meta property=\"og:title\" content=\"Fiscal\u00eda General de la Naci\u00f3n\" \/>\n<meta property=\"og:description\" content=\"P\u00e1gina oficial de la Fiscal\u00eda General de la Naci\u00f3n \u2013 Colombia. Garantizamos el acceso efectivo a la justicia, la verdad y la reparaci\u00f3n de las v\u00edctimas de los delitos.\" \/>\n<meta property=\"og:url\" content=\"https:\/\/www.fiscalia.gov.co\/colombia\/noticias\/dos-hombres-fueron-condenados-a-9-anos-y-10-meses-de-prision-por-intentar-asesinar-en-medio-de-un-robo-a-un-hombre-en-una-finca-cafetera\/\" \/>\n<meta property=\"og:site_name\" content=\"Fiscal\u00eda General de la Naci\u00f3n\" \/>\n<meta property=\"article:publisher\" content=\"https:\/\/www.facebook.com\/FiscaliaCol\" \/>\n<meta property=\"article:published_time\" content=\"2022-10-28T16:49:22+00:00\" \/>\n<meta name=\"author\" content=\"Katherine Loaiza Mart\u00ednez\" \/>\n<meta name=\"twitter:card\" content=\"summary_large_image\" \/>\n<meta name=\"twitter:creator\" content=\"@FiscaliaCol\" \/>\n<meta name=\"twitter:site\" content=\"@FiscaliaCol\" \/>\n<meta name=\"twitter:label1\" content=\"Escrito por\" \/>\n\t<meta name=\"twitter:data1\" content=\"Katherine Loaiza Mart\u00ednez\" \/>\n\t<meta name=\"twitter:label2\" content=\"Tiempo de lectura\" \/>\n\t<meta name=\"twitter:data2\" content=\"1 minuto\" \/>\n<script type=\"application\/ld+json\" class=\"yoast-schema-graph\">{\"@context\":\"https:\/\/schema.org\",\"@graph\":[{\"@type\":\"Article\",\"@id\":\"https:\/\/www.fiscalia.gov.co\/colombia\/noticias\/dos-hombres-fueron-condenados-a-9-anos-y-10-meses-de-prision-por-intentar-asesinar-en-medio-de-un-robo-a-un-hombre-en-una-finca-cafetera\/#article\",\"isPartOf\":{\"@id\":\"https:\/\/www.fiscalia.gov.co\/colombia\/noticias\/dos-hombres-fueron-condenados-a-9-anos-y-10-meses-de-prision-por-intentar-asesinar-en-medio-de-un-robo-a-un-hombre-en-una-finca-cafetera\/\"},\"author\":{\"name\":\"Katherine Loaiza Mart\u00ednez\",\"@id\":\"https:\/\/www.fiscalia.gov.co\/colombia\/#\/schema\/person\/2e76b9aba5ecf875ed565ce4de0e0415\"},\"headline\":\"Dos hombres fueron condenados a 9 a\u00f1os y 10 meses de prisi\u00f3n por intentar asesinar, en medio de un robo, a un hombre en una finca cafetera\",\"datePublished\":\"2022-10-28T16:49:22+00:00\",\"dateModified\":\"2022-10-28T16:49:22+00:00\",\"mainEntityOfPage\":{\"@id\":\"https:\/\/www.fiscalia.gov.co\/colombia\/noticias\/dos-hombres-fueron-condenados-a-9-anos-y-10-meses-de-prision-por-intentar-asesinar-en-medio-de-un-robo-a-un-hombre-en-una-finca-cafetera\/\"},\"wordCount\":319,\"publisher\":{\"@id\":\"https:\/\/www.fiscalia.gov.co\/colombia\/#organization\"},\"keywords\":[\"arma cortocontudente\",\"Arma de fuego\",\"cafeteros\",\"Condena\",\"Finca\",\"Fiscal Francisco Barbosa Delgado\",\"Fiscal General Francisco Barbosa\",\"Huila\",\"Hurto\",\"Justicia\",\"Santa Mar\u00eda\",\"Tentativa de homicidio\"],\"articleSection\":[\"Hay Justicia\",\"Noticias\",\"Seccional Neiva\",\"Seguridad territorial\"],\"inLanguage\":\"es-CO\"},{\"@type\":\"WebPage\",\"@id\":\"https:\/\/www.fiscalia.gov.co\/colombia\/noticias\/dos-hombres-fueron-condenados-a-9-anos-y-10-meses-de-prision-por-intentar-asesinar-en-medio-de-un-robo-a-un-hombre-en-una-finca-cafetera\/\",\"url\":\"https:\/\/www.fiscalia.gov.co\/colombia\/noticias\/dos-hombres-fueron-condenados-a-9-anos-y-10-meses-de-prision-por-intentar-asesinar-en-medio-de-un-robo-a-un-hombre-en-una-finca-cafetera\/\",\"name\":\"Fiscal\u00eda General de la Naci\u00f3n\",\"isPartOf\":{\"@id\":\"https:\/\/www.fiscalia.gov.co\/colombia\/#website\"},\"datePublished\":\"2022-10-28T16:49:22+00:00\",\"dateModified\":\"2022-10-28T16:49:22+00:00\",\"description\":\"P\u00e1gina oficial de la Fiscal\u00eda General de la Naci\u00f3n \u2013 Colombia. Garantizamos el acceso efectivo a la justicia, la verdad y la reparaci\u00f3n de las v\u00edctimas de los delitos.\",\"breadcrumb\":{\"@id\":\"https:\/\/www.fiscalia.gov.co\/colombia\/noticias\/dos-hombres-fueron-condenados-a-9-anos-y-10-meses-de-prision-por-intentar-asesinar-en-medio-de-un-robo-a-un-hombre-en-una-finca-cafetera\/#breadcrumb\"},\"inLanguage\":\"es-CO\",\"potentialAction\":[{\"@type\":\"ReadAction\",\"target\":[\"https:\/\/www.fiscalia.gov.co\/colombia\/noticias\/dos-hombres-fueron-condenados-a-9-anos-y-10-meses-de-prision-por-intentar-asesinar-en-medio-de-un-robo-a-un-hombre-en-una-finca-cafetera\/\"]}]},{\"@type\":\"BreadcrumbList\",\"@id\":\"https:\/\/www.fiscalia.gov.co\/colombia\/noticias\/dos-hombres-fueron-condenados-a-9-anos-y-10-meses-de-prision-por-intentar-asesinar-en-medio-de-un-robo-a-un-hombre-en-una-finca-cafetera\/#breadcrumb\",\"itemListElement\":[{\"@type\":\"ListItem\",\"position\":1,\"name\":\"Home\",\"item\":\"https:\/\/www.fiscalia.gov.co\/colombia\/\"},{\"@type\":\"ListItem\",\"position\":2,\"name\":\"Dos hombres fueron condenados a 9 a\u00f1os y 10 meses de prisi\u00f3n por intentar asesinar, en medio de un robo, a un hombre en una finca cafetera\"}]},{\"@type\":\"WebSite\",\"@id\":\"https:\/\/www.fiscalia.gov.co\/colombia\/#website\",\"url\":\"https:\/\/www.fiscalia.gov.co\/colombia\/\",\"name\":\"Fiscal\u00eda General de la Naci\u00f3n\",\"description\":\"P\u00e1gina oficial de la Fiscal\u00eda General de la Naci\u00f3n \u2013 Colombia. Garantizamos el acceso efectivo a la justicia, la verdad y la reparaci\u00f3n de las v\u00edctimas de los delitos.\",\"publisher\":{\"@id\":\"https:\/\/www.fiscalia.gov.co\/colombia\/#organization\"},\"potentialAction\":[{\"@type\":\"SearchAction\",\"target\":{\"@type\":\"EntryPoint\",\"urlTemplate\":\"https:\/\/www.fiscalia.gov.co\/colombia\/?s={search_term_string}\"},\"query-input\":{\"@type\":\"PropertyValueSpecification\",\"valueRequired\":true,\"valueName\":\"search_term_string\"}}],\"inLanguage\":\"es-CO\"},{\"@type\":\"Organization\",\"@id\":\"https:\/\/www.fiscalia.gov.co\/colombia\/#organization\",\"name\":\"Fiscal\u00eda General de la Naci\u00f3n\",\"url\":\"https:\/\/www.fiscalia.gov.co\/colombia\/\",\"logo\":{\"@type\":\"ImageObject\",\"inLanguage\":\"es-CO\",\"@id\":\"https:\/\/www.fiscalia.gov.co\/colombia\/#\/schema\/logo\/image\/\",\"url\":\"https:\/\/www.fiscalia.gov.co\/colombia\/wp-content\/uploads\/LogoHorizontal_1.jpg\",\"contentUrl\":\"https:\/\/www.fiscalia.gov.co\/colombia\/wp-content\/uploads\/LogoHorizontal_1.jpg\",\"width\":300,\"height\":90,\"caption\":\"Fiscal\u00eda General de la Naci\u00f3n\"},\"image\":{\"@id\":\"https:\/\/www.fiscalia.gov.co\/colombia\/#\/schema\/logo\/image\/\"},\"sameAs\":[\"https:\/\/www.facebook.com\/FiscaliaCol\",\"https:\/\/x.com\/FiscaliaCol\",\"https:\/\/www.instagram.com\/fiscaliacol\",\"https:\/\/www.linkedin.com\/company\/fiscalia-general-de-la-naci-n\/\",\"https:\/\/youtube.com\/@fiscaliageneraldelanacion-4668?si=6nN79nyQICPU5iTh\"]},{\"@type\":\"Person\",\"@id\":\"https:\/\/www.fiscalia.gov.co\/colombia\/#\/schema\/person\/2e76b9aba5ecf875ed565ce4de0e0415\",\"name\":\"Katherine Loaiza Mart\u00ednez\",\"image\":{\"@type\":\"ImageObject\",\"inLanguage\":\"es-CO\",\"@id\":\"https:\/\/www.fiscalia.gov.co\/colombia\/#\/schema\/person\/image\/\",\"url\":\"https:\/\/secure.gravatar.com\/avatar\/ab775a2f394c1b83b6d6f78680e57b50?s=96&d=mm&r=g\",\"contentUrl\":\"https:\/\/secure.gravatar.com\/avatar\/ab775a2f394c1b83b6d6f78680e57b50?s=96&d=mm&r=g\",\"caption\":\"Katherine Loaiza Mart\u00ednez\"},\"url\":\"https:\/\/www.fiscalia.gov.co\/colombia\/author\/kloaiza\/\"}]}<\/script>\n<!-- \/ Yoast SEO plugin. -->","yoast_head_json":{"title":"Fiscal\u00eda General de la Naci\u00f3n","description":"P\u00e1gina oficial de la Fiscal\u00eda General de la Naci\u00f3n \u2013 Colombia. Garantizamos el acceso efectivo a la justicia, la verdad y la reparaci\u00f3n de las v\u00edctimas de los delitos.","robots":{"index":"noindex","follow":"follow"},"og_locale":"es_ES","og_type":"article","og_title":"Fiscal\u00eda General de la Naci\u00f3n","og_description":"P\u00e1gina oficial de la Fiscal\u00eda General de la Naci\u00f3n \u2013 Colombia. Garantizamos el acceso efectivo a la justicia, la verdad y la reparaci\u00f3n de las v\u00edctimas de los delitos.","og_url":"https:\/\/www.fiscalia.gov.co\/colombia\/noticias\/dos-hombres-fueron-condenados-a-9-anos-y-10-meses-de-prision-por-intentar-asesinar-en-medio-de-un-robo-a-un-hombre-en-una-finca-cafetera\/","og_site_name":"Fiscal\u00eda General de la Naci\u00f3n","article_publisher":"https:\/\/www.facebook.com\/FiscaliaCol","article_published_time":"2022-10-28T16:49:22+00:00","author":"Katherine Loaiza Mart\u00ednez","twitter_card":"summary_large_image","twitter_creator":"@FiscaliaCol","twitter_site":"@FiscaliaCol","twitter_misc":{"Escrito por":"Katherine Loaiza Mart\u00ednez","Tiempo de lectura":"1 minuto"},"schema":{"@context":"https:\/\/schema.org","@graph":[{"@type":"Article","@id":"https:\/\/www.fiscalia.gov.co\/colombia\/noticias\/dos-hombres-fueron-condenados-a-9-anos-y-10-meses-de-prision-por-intentar-asesinar-en-medio-de-un-robo-a-un-hombre-en-una-finca-cafetera\/#article","isPartOf":{"@id":"https:\/\/www.fiscalia.gov.co\/colombia\/noticias\/dos-hombres-fueron-condenados-a-9-anos-y-10-meses-de-prision-por-intentar-asesinar-en-medio-de-un-robo-a-un-hombre-en-una-finca-cafetera\/"},"author":{"name":"Katherine Loaiza Mart\u00ednez","@id":"https:\/\/www.fiscalia.gov.co\/colombia\/#\/schema\/person\/2e76b9aba5ecf875ed565ce4de0e0415"},"headline":"Dos hombres fueron condenados a 9 a\u00f1os y 10 meses de prisi\u00f3n por intentar asesinar, en medio de un robo, a un hombre en una finca cafetera","datePublished":"2022-10-28T16:49:22+00:00","dateModified":"2022-10-28T16:49:22+00:00","mainEntityOfPage":{"@id":"https:\/\/www.fiscalia.gov.co\/colombia\/noticias\/dos-hombres-fueron-condenados-a-9-anos-y-10-meses-de-prision-por-intentar-asesinar-en-medio-de-un-robo-a-un-hombre-en-una-finca-cafetera\/"},"wordCount":319,"publisher":{"@id":"https:\/\/www.fiscalia.gov.co\/colombia\/#organization"},"keywords":["arma cortocontudente","Arma de fuego","cafeteros","Condena","Finca","Fiscal Francisco Barbosa Delgado","Fiscal General Francisco Barbosa","Huila","Hurto","Justicia","Santa Mar\u00eda","Tentativa de homicidio"],"articleSection":["Hay Justicia","Noticias","Seccional Neiva","Seguridad territorial"],"inLanguage":"es-CO"},{"@type":"WebPage","@id":"https:\/\/www.fiscalia.gov.co\/colombia\/noticias\/dos-hombres-fueron-condenados-a-9-anos-y-10-meses-de-prision-por-intentar-asesinar-en-medio-de-un-robo-a-un-hombre-en-una-finca-cafetera\/","url":"https:\/\/www.fiscalia.gov.co\/colombia\/noticias\/dos-hombres-fueron-condenados-a-9-anos-y-10-meses-de-prision-por-intentar-asesinar-en-medio-de-un-robo-a-un-hombre-en-una-finca-cafetera\/","name":"Fiscal\u00eda General de la Naci\u00f3n","isPartOf":{"@id":"https:\/\/www.fiscalia.gov.co\/colombia\/#website"},"datePublished":"2022-10-28T16:49:22+00:00","dateModified":"2022-10-28T16:49:22+00:00","description":"P\u00e1gina oficial de la Fiscal\u00eda General de la Naci\u00f3n \u2013 Colombia. Garantizamos el acceso efectivo a la justicia, la verdad y la reparaci\u00f3n de las v\u00edctimas de los delitos.","breadcrumb":{"@id":"https:\/\/www.fiscalia.gov.co\/colombia\/noticias\/dos-hombres-fueron-condenados-a-9-anos-y-10-meses-de-prision-por-intentar-asesinar-en-medio-de-un-robo-a-un-hombre-en-una-finca-cafetera\/#breadcrumb"},"inLanguage":"es-CO","potentialAction":[{"@type":"ReadAction","target":["https:\/\/www.fiscalia.gov.co\/colombia\/noticias\/dos-hombres-fueron-condenados-a-9-anos-y-10-meses-de-prision-por-intentar-asesinar-en-medio-de-un-robo-a-un-hombre-en-una-finca-cafetera\/"]}]},{"@type":"BreadcrumbList","@id":"https:\/\/www.fiscalia.gov.co\/colombia\/noticias\/dos-hombres-fueron-condenados-a-9-anos-y-10-meses-de-prision-por-intentar-asesinar-en-medio-de-un-robo-a-un-hombre-en-una-finca-cafetera\/#breadcrumb","itemListElement":[{"@type":"ListItem","position":1,"name":"Home","item":"https:\/\/www.fiscalia.gov.co\/colombia\/"},{"@type":"ListItem","position":2,"name":"Dos hombres fueron condenados a 9 a\u00f1os y 10 meses de prisi\u00f3n por intentar asesinar, en medio de un robo, a un hombre en una finca cafetera"}]},{"@type":"WebSite","@id":"https:\/\/www.fiscalia.gov.co\/colombia\/#website","url":"https:\/\/www.fiscalia.gov.co\/colombia\/","name":"Fiscal\u00eda General de la Naci\u00f3n","description":"P\u00e1gina oficial de la Fiscal\u00eda General de la Naci\u00f3n \u2013 Colombia. Garantizamos el acceso efectivo a la justicia, la verdad y la reparaci\u00f3n de las v\u00edctimas de los delitos.","publisher":{"@id":"https:\/\/www.fiscalia.gov.co\/colombia\/#organization"},"potentialAction":[{"@type":"SearchAction","target":{"@type":"EntryPoint","urlTemplate":"https:\/\/www.fiscalia.gov.co\/colombia\/?s={search_term_string}"},"query-input":{"@type":"PropertyValueSpecification","valueRequired":true,"valueName":"search_term_string"}}],"inLanguage":"es-CO"},{"@type":"Organization","@id":"https:\/\/www.fiscalia.gov.co\/colombia\/#organization","name":"Fiscal\u00eda General de la Naci\u00f3n","url":"https:\/\/www.fiscalia.gov.co\/colombia\/","logo":{"@type":"ImageObject","inLanguage":"es-CO","@id":"https:\/\/www.fiscalia.gov.co\/colombia\/#\/schema\/logo\/image\/","url":"https:\/\/www.fiscalia.gov.co\/colombia\/wp-content\/uploads\/LogoHorizontal_1.jpg","contentUrl":"https:\/\/www.fiscalia.gov.co\/colombia\/wp-content\/uploads\/LogoHorizontal_1.jpg","width":300,"height":90,"caption":"Fiscal\u00eda General de la Naci\u00f3n"},"image":{"@id":"https:\/\/www.fiscalia.gov.co\/colombia\/#\/schema\/logo\/image\/"},"sameAs":["https:\/\/www.facebook.com\/FiscaliaCol","https:\/\/x.com\/FiscaliaCol","https:\/\/www.instagram.com\/fiscaliacol","https:\/\/www.linkedin.com\/company\/fiscalia-general-de-la-naci-n\/","https:\/\/youtube.com\/@fiscaliageneraldelanacion-4668?si=6nN79nyQICPU5iTh"]},{"@type":"Person","@id":"https:\/\/www.fiscalia.gov.co\/colombia\/#\/schema\/person\/2e76b9aba5ecf875ed565ce4de0e0415","name":"Katherine Loaiza Mart\u00ednez","image":{"@type":"ImageObject","inLanguage":"es-CO","@id":"https:\/\/www.fiscalia.gov.co\/colombia\/#\/schema\/person\/image\/","url":"https:\/\/secure.gravatar.com\/avatar\/ab775a2f394c1b83b6d6f78680e57b50?s=96&d=mm&r=g","contentUrl":"https:\/\/secure.gravatar.com\/avatar\/ab775a2f394c1b83b6d6f78680e57b50?s=96&d=mm&r=g","caption":"Katherine Loaiza Mart\u00ednez"},"url":"https:\/\/www.fiscalia.gov.co\/colombia\/author\/kloaiza\/"}]}},"_links":{"self":[{"href":"https:\/\/www.fiscalia.gov.co\/colombia\/wp-json\/wp\/v2\/posts\/260073","targetHints":{"allow":["GET"]}}],"collection":[{"href":"https:\/\/www.fiscalia.gov.co\/colombia\/wp-json\/wp\/v2\/posts"}],"about":[{"href":"https:\/\/www.fiscalia.gov.co\/colombia\/wp-json\/wp\/v2\/types\/post"}],"author":[{"embeddable":true,"href":"https:\/\/www.fiscalia.gov.co\/colombia\/wp-json\/wp\/v2\/users\/175"}],"replies":[{"embeddable":true,"href":"https:\/\/www.fiscalia.gov.co\/colombia\/wp-json\/wp\/v2\/comments?post=260073"}],"version-history":[{"count":1,"href":"https:\/\/www.fiscalia.gov.co\/colombia\/wp-json\/wp\/v2\/posts\/260073\/revisions"}],"predecessor-version":[{"id":260074,"href":"https:\/\/www.fiscalia.gov.co\/colombia\/wp-json\/wp\/v2\/posts\/260073\/revisions\/260074"}],"wp:attachment":[{"href":"https:\/\/www.fiscalia.gov.co\/colombia\/wp-json\/wp\/v2\/media?parent=260073"}],"wp:term":[{"taxonomy":"category","embeddable":true,"href":"https:\/\/www.fiscalia.gov.co\/colombia\/wp-json\/wp\/v2\/categories?post=260073"},{"taxonomy":"post_tag","embeddable":true,"href":"https:\/\/www.fiscalia.gov.co\/colombia\/wp-json\/wp\/v2\/tags?post=260073"}],"curies":[{"name":"wp","href":"https:\/\/api.w.org\/{rel}","templated":true}]}}