{"id":259887,"date":"2022-10-26T08:14:35","date_gmt":"2022-10-26T13:14:35","guid":{"rendered":"https:\/\/www.fiscalia.gov.co\/colombia\/?p=259887"},"modified":"2022-10-26T08:31:50","modified_gmt":"2022-10-26T13:31:50","slug":"los-carneros-iran-a-la-carcel-por-la-desaparicion-de-un-nino-y-otras-conductas-que-habrian-realizado-en-medio-de-posibles-rituales-de-santeria-en-antioquia","status":"publish","type":"post","link":"https:\/\/www.fiscalia.gov.co\/colombia\/noticias\/los-carneros-iran-a-la-carcel-por-la-desaparicion-de-un-nino-y-otras-conductas-que-habrian-realizado-en-medio-de-posibles-rituales-de-santeria-en-antioquia\/","title":{"rendered":"\u2018Los Carneros\u2019 ir\u00e1n a la c\u00e1rcel por la desaparici\u00f3n de un ni\u00f1o y otras conductas que habr\u00edan realizado en medio de posibles rituales de santer\u00eda en Antioquia\u00a0\u00a0"},"content":{"rendered":"<blockquote>\n<h4 style=\"text-align: left;\"><strong><em>Entre los procesados est\u00e1n la mam\u00e1, la abuela y el padrastro de la v\u00edctima.\u00a0\u00a0<\/em><\/strong><\/h4>\n<\/blockquote>\n<p>&nbsp;<\/p>\n<p>Ante la contundencia del material probatorio presentado por la Fiscal\u00eda General de la Naci\u00f3n, un juez de control de garant\u00edas impuso medida de aseguramiento privativa de la libertad en centro carcelario a seis presuntos integrantes de un grupo autodenominado \u2018Los Carneros\u2019, que estar\u00edan involucrados en la desaparici\u00f3n de un ni\u00f1o de seis a\u00f1os que fue reportado como tal en Remedios (Antioquia).<\/p>\n<p>Los procesados son la mam\u00e1, la abuela y el padrastro de la v\u00edctima; y otras tres personas, entre ellas un hombre conocido con el alias de Orejas. Un fiscal especializado de la Seccional Antioquia les imput\u00f3, seg\u00fan el posible nivel de participaci\u00f3n, los delitos de desaparici\u00f3n forzada agravada y tortura.<\/p>\n<p><strong><u>La investigaci\u00f3n\u00a0<\/u><\/strong><\/p>\n<p>El pasado 21 de septiembre, la madre del ni\u00f1o report\u00f3 la desaparici\u00f3n y afirm\u00f3 que su hijo no hab\u00eda regresado a la casa despu\u00e9s de salir a una tienda ubicada en el corregimiento La Cruzada, en Remedios (Antioquia). Sin embargo, la evidencia indica que, el 20 de septiembre, el menor de edad era transportado en un motocarro por alias Orejas, y viajaba en compa\u00f1\u00eda de la mam\u00e1 y el padrastro por el sector La Loma del Hueso, en Segovia (Antioquia).<\/p>\n<p>Al respecto, los testigos se\u00f1alaron que esta fue la \u00faltima vez que vieron con vida a la v\u00edctima.<\/p>\n<p>La labor investigativa realizada por el CTI de la Seccional Antioquia, de manera articulada con la Polic\u00eda de Infancia y Adolescencia, da cuenta de que el ni\u00f1o habr\u00eda sido sometido a un ritual de santer\u00eda para ubicar una supuesta guaca con oro. Desde entonces se desconoce el paradero.<\/p>\n<p><strong><u>Actos de tortura\u00a0<\/u><\/strong><\/p>\n<p>Los elementos de prueba indican que \u2018Los Carneros\u2019 estar\u00edan involucrados en actos violentos y desmedidos contra otro se\u00f1alado integrante del grupo a quien, presuntamente, le propinaron quemaduras, y lesiones en los genitales y distintas partes del cuerpo.<\/p>\n<p>Los seis investigados fueron capturados en diligencias de registro y allanamiento realizadas en Segovia y Bello (Antioquia). En los procedimientos se incautaron siete celulares; adem\u00e1s de un mu\u00f1eco, libros y objetos usados para pr\u00e1cticas de santer\u00eda.<\/p>\n<p>La Fiscal\u00eda, en coordinaci\u00f3n con otras autoridades, trabaja en la ubicaci\u00f3n del ni\u00f1o reportado como desaparecido.<\/p>\n<p>LFM\/MAGA\/JARG\/MRC.<\/p>\n<p><strong>La Fiscal\u00eda habla con resultados.\u00a0<\/strong><\/p>\n<p><em>La informaci\u00f3n contenida en este bolet\u00edn de prensa corresponde a la narraci\u00f3n de los hechos noticiosos objetivos, suministrados por los funcionarios encargados de adelantar las investigaciones penales al interior de la Fiscal\u00eda General de la Naci\u00f3n. Para el momento de la divulgaci\u00f3n de este comunicado, la situaci\u00f3n jur\u00eddica de la(s) persona(s) relacionada(s) se encuentra pendiente de resolver por la autoridad judicial competente, siempre bajo los preceptos de la presunci\u00f3n de inocencia, consagrados en el art\u00edculo 29 de la Constituci\u00f3n Pol\u00edtica y el art\u00edculo 7\u00ba de la Ley 906 de 2004.\u00a0<\/em><\/p>\n\n<div class=\"twitter-share\"><a href=\"https:\/\/twitter.com\/intent\/tweet?via=fiscaliacol\" class=\"twitter-share-button\">Tweet<\/a><\/div>\n","protected":false},"excerpt":{"rendered":"<p>Entre los procesados est\u00e1n la mam\u00e1, la abuela y el padrastro de la v\u00edctima.\u00a0\u00a0 &nbsp; Ante la contundencia del material probatorio presentado por la Fiscal\u00eda General de la Naci\u00f3n, un juez de control de garant\u00edas impuso medida de aseguramiento privativa de la libertad en centro carcelario a seis presuntos integrantes de un grupo autodenominado \u2018Los [&hellip;]<\/p>\n","protected":false},"author":175,"featured_media":0,"comment_status":"closed","ping_status":"open","sticky":false,"template":"","format":"standard","meta":{"tdm_status":"","tdm_grid_status":"","footnotes":""},"categories":[1,318,24099],"tags":[24189,24305],"class_list":{"0":"post-259887","1":"post","2":"type-post","3":"status-publish","4":"format-standard","6":"category-noticias","7":"category-seccional-antioquia","8":"category-seguridad-territorial","9":"tag-fiscal-francisco-barbosa-delgado","10":"tag-fiscal-general-francisco-barbosa"},"yoast_head":"<!-- This site is optimized with the Yoast SEO plugin v24.3 - https:\/\/yoast.com\/wordpress\/plugins\/seo\/ -->\n<title>Fiscal\u00eda General de la Naci\u00f3n<\/title>\n<meta name=\"description\" content=\"P\u00e1gina oficial de la Fiscal\u00eda General de la Naci\u00f3n \u2013 Colombia. Garantizamos el acceso efectivo a la justicia, la verdad y la reparaci\u00f3n de las v\u00edctimas de los delitos.\" \/>\n<meta name=\"robots\" content=\"noindex, follow\" \/>\n<meta property=\"og:locale\" content=\"es_ES\" \/>\n<meta property=\"og:type\" content=\"article\" \/>\n<meta property=\"og:title\" content=\"Fiscal\u00eda General de la Naci\u00f3n\" \/>\n<meta property=\"og:description\" content=\"P\u00e1gina oficial de la Fiscal\u00eda General de la Naci\u00f3n \u2013 Colombia. Garantizamos el acceso efectivo a la justicia, la verdad y la reparaci\u00f3n de las v\u00edctimas de los delitos.\" \/>\n<meta property=\"og:url\" content=\"https:\/\/www.fiscalia.gov.co\/colombia\/noticias\/los-carneros-iran-a-la-carcel-por-la-desaparicion-de-un-nino-y-otras-conductas-que-habrian-realizado-en-medio-de-posibles-rituales-de-santeria-en-antioquia\/\" \/>\n<meta property=\"og:site_name\" content=\"Fiscal\u00eda General de la Naci\u00f3n\" \/>\n<meta property=\"article:publisher\" content=\"https:\/\/www.facebook.com\/FiscaliaCol\" \/>\n<meta property=\"article:published_time\" content=\"2022-10-26T13:14:35+00:00\" \/>\n<meta property=\"article:modified_time\" content=\"2022-10-26T13:31:50+00:00\" \/>\n<meta name=\"author\" content=\"Katherine Loaiza Mart\u00ednez\" \/>\n<meta name=\"twitter:card\" content=\"summary_large_image\" \/>\n<meta name=\"twitter:creator\" content=\"@FiscaliaCol\" \/>\n<meta name=\"twitter:site\" content=\"@FiscaliaCol\" \/>\n<meta name=\"twitter:label1\" content=\"Escrito por\" \/>\n\t<meta name=\"twitter:data1\" content=\"Katherine Loaiza Mart\u00ednez\" \/>\n\t<meta name=\"twitter:label2\" content=\"Tiempo de lectura\" \/>\n\t<meta name=\"twitter:data2\" content=\"3 minutos\" \/>\n<script type=\"application\/ld+json\" class=\"yoast-schema-graph\">{\"@context\":\"https:\/\/schema.org\",\"@graph\":[{\"@type\":\"Article\",\"@id\":\"https:\/\/www.fiscalia.gov.co\/colombia\/noticias\/los-carneros-iran-a-la-carcel-por-la-desaparicion-de-un-nino-y-otras-conductas-que-habrian-realizado-en-medio-de-posibles-rituales-de-santeria-en-antioquia\/#article\",\"isPartOf\":{\"@id\":\"https:\/\/www.fiscalia.gov.co\/colombia\/noticias\/los-carneros-iran-a-la-carcel-por-la-desaparicion-de-un-nino-y-otras-conductas-que-habrian-realizado-en-medio-de-posibles-rituales-de-santeria-en-antioquia\/\"},\"author\":{\"name\":\"Katherine Loaiza Mart\u00ednez\",\"@id\":\"https:\/\/www.fiscalia.gov.co\/colombia\/#\/schema\/person\/2e76b9aba5ecf875ed565ce4de0e0415\"},\"headline\":\"\u2018Los Carneros\u2019 ir\u00e1n a la c\u00e1rcel por la desaparici\u00f3n de un ni\u00f1o y otras conductas que habr\u00edan realizado en medio de posibles rituales de santer\u00eda en Antioquia\u00a0\u00a0\",\"datePublished\":\"2022-10-26T13:14:35+00:00\",\"dateModified\":\"2022-10-26T13:31:50+00:00\",\"mainEntityOfPage\":{\"@id\":\"https:\/\/www.fiscalia.gov.co\/colombia\/noticias\/los-carneros-iran-a-la-carcel-por-la-desaparicion-de-un-nino-y-otras-conductas-que-habrian-realizado-en-medio-de-posibles-rituales-de-santeria-en-antioquia\/\"},\"wordCount\":544,\"publisher\":{\"@id\":\"https:\/\/www.fiscalia.gov.co\/colombia\/#organization\"},\"keywords\":[\"Fiscal Francisco Barbosa Delgado\",\"Fiscal General Francisco Barbosa\"],\"articleSection\":[\"Noticias\",\"Seccional Antioquia\",\"Seguridad territorial\"],\"inLanguage\":\"es-CO\"},{\"@type\":\"WebPage\",\"@id\":\"https:\/\/www.fiscalia.gov.co\/colombia\/noticias\/los-carneros-iran-a-la-carcel-por-la-desaparicion-de-un-nino-y-otras-conductas-que-habrian-realizado-en-medio-de-posibles-rituales-de-santeria-en-antioquia\/\",\"url\":\"https:\/\/www.fiscalia.gov.co\/colombia\/noticias\/los-carneros-iran-a-la-carcel-por-la-desaparicion-de-un-nino-y-otras-conductas-que-habrian-realizado-en-medio-de-posibles-rituales-de-santeria-en-antioquia\/\",\"name\":\"Fiscal\u00eda General de la Naci\u00f3n\",\"isPartOf\":{\"@id\":\"https:\/\/www.fiscalia.gov.co\/colombia\/#website\"},\"datePublished\":\"2022-10-26T13:14:35+00:00\",\"dateModified\":\"2022-10-26T13:31:50+00:00\",\"description\":\"P\u00e1gina oficial de la Fiscal\u00eda General de la Naci\u00f3n \u2013 Colombia. Garantizamos el acceso efectivo a la justicia, la verdad y la reparaci\u00f3n de las v\u00edctimas de los delitos.\",\"breadcrumb\":{\"@id\":\"https:\/\/www.fiscalia.gov.co\/colombia\/noticias\/los-carneros-iran-a-la-carcel-por-la-desaparicion-de-un-nino-y-otras-conductas-que-habrian-realizado-en-medio-de-posibles-rituales-de-santeria-en-antioquia\/#breadcrumb\"},\"inLanguage\":\"es-CO\",\"potentialAction\":[{\"@type\":\"ReadAction\",\"target\":[\"https:\/\/www.fiscalia.gov.co\/colombia\/noticias\/los-carneros-iran-a-la-carcel-por-la-desaparicion-de-un-nino-y-otras-conductas-que-habrian-realizado-en-medio-de-posibles-rituales-de-santeria-en-antioquia\/\"]}]},{\"@type\":\"BreadcrumbList\",\"@id\":\"https:\/\/www.fiscalia.gov.co\/colombia\/noticias\/los-carneros-iran-a-la-carcel-por-la-desaparicion-de-un-nino-y-otras-conductas-que-habrian-realizado-en-medio-de-posibles-rituales-de-santeria-en-antioquia\/#breadcrumb\",\"itemListElement\":[{\"@type\":\"ListItem\",\"position\":1,\"name\":\"Home\",\"item\":\"https:\/\/www.fiscalia.gov.co\/colombia\/\"},{\"@type\":\"ListItem\",\"position\":2,\"name\":\"\u2018Los Carneros\u2019 ir\u00e1n a la c\u00e1rcel por la desaparici\u00f3n de un ni\u00f1o y otras conductas que habr\u00edan realizado en medio de posibles rituales de santer\u00eda en Antioquia\u00a0\u00a0\"}]},{\"@type\":\"WebSite\",\"@id\":\"https:\/\/www.fiscalia.gov.co\/colombia\/#website\",\"url\":\"https:\/\/www.fiscalia.gov.co\/colombia\/\",\"name\":\"Fiscal\u00eda General de la Naci\u00f3n\",\"description\":\"P\u00e1gina oficial de la Fiscal\u00eda General de la Naci\u00f3n \u2013 Colombia. Garantizamos el acceso efectivo a la justicia, la verdad y la reparaci\u00f3n de las v\u00edctimas de los delitos.\",\"publisher\":{\"@id\":\"https:\/\/www.fiscalia.gov.co\/colombia\/#organization\"},\"potentialAction\":[{\"@type\":\"SearchAction\",\"target\":{\"@type\":\"EntryPoint\",\"urlTemplate\":\"https:\/\/www.fiscalia.gov.co\/colombia\/?s={search_term_string}\"},\"query-input\":{\"@type\":\"PropertyValueSpecification\",\"valueRequired\":true,\"valueName\":\"search_term_string\"}}],\"inLanguage\":\"es-CO\"},{\"@type\":\"Organization\",\"@id\":\"https:\/\/www.fiscalia.gov.co\/colombia\/#organization\",\"name\":\"Fiscal\u00eda General de la Naci\u00f3n\",\"url\":\"https:\/\/www.fiscalia.gov.co\/colombia\/\",\"logo\":{\"@type\":\"ImageObject\",\"inLanguage\":\"es-CO\",\"@id\":\"https:\/\/www.fiscalia.gov.co\/colombia\/#\/schema\/logo\/image\/\",\"url\":\"https:\/\/www.fiscalia.gov.co\/colombia\/wp-content\/uploads\/LogoHorizontal_1.jpg\",\"contentUrl\":\"https:\/\/www.fiscalia.gov.co\/colombia\/wp-content\/uploads\/LogoHorizontal_1.jpg\",\"width\":300,\"height\":90,\"caption\":\"Fiscal\u00eda General de la Naci\u00f3n\"},\"image\":{\"@id\":\"https:\/\/www.fiscalia.gov.co\/colombia\/#\/schema\/logo\/image\/\"},\"sameAs\":[\"https:\/\/www.facebook.com\/FiscaliaCol\",\"https:\/\/x.com\/FiscaliaCol\",\"https:\/\/www.instagram.com\/fiscaliacol\",\"https:\/\/www.linkedin.com\/company\/fiscalia-general-de-la-naci-n\/\",\"https:\/\/youtube.com\/@fiscaliageneraldelanacion-4668?si=6nN79nyQICPU5iTh\"]},{\"@type\":\"Person\",\"@id\":\"https:\/\/www.fiscalia.gov.co\/colombia\/#\/schema\/person\/2e76b9aba5ecf875ed565ce4de0e0415\",\"name\":\"Katherine Loaiza Mart\u00ednez\",\"image\":{\"@type\":\"ImageObject\",\"inLanguage\":\"es-CO\",\"@id\":\"https:\/\/www.fiscalia.gov.co\/colombia\/#\/schema\/person\/image\/\",\"url\":\"https:\/\/secure.gravatar.com\/avatar\/ab775a2f394c1b83b6d6f78680e57b50?s=96&d=mm&r=g\",\"contentUrl\":\"https:\/\/secure.gravatar.com\/avatar\/ab775a2f394c1b83b6d6f78680e57b50?s=96&d=mm&r=g\",\"caption\":\"Katherine Loaiza Mart\u00ednez\"},\"url\":\"https:\/\/www.fiscalia.gov.co\/colombia\/author\/kloaiza\/\"}]}<\/script>\n<!-- \/ Yoast SEO plugin. -->","yoast_head_json":{"title":"Fiscal\u00eda General de la Naci\u00f3n","description":"P\u00e1gina oficial de la Fiscal\u00eda General de la Naci\u00f3n \u2013 Colombia. Garantizamos el acceso efectivo a la justicia, la verdad y la reparaci\u00f3n de las v\u00edctimas de los delitos.","robots":{"index":"noindex","follow":"follow"},"og_locale":"es_ES","og_type":"article","og_title":"Fiscal\u00eda General de la Naci\u00f3n","og_description":"P\u00e1gina oficial de la Fiscal\u00eda General de la Naci\u00f3n \u2013 Colombia. Garantizamos el acceso efectivo a la justicia, la verdad y la reparaci\u00f3n de las v\u00edctimas de los delitos.","og_url":"https:\/\/www.fiscalia.gov.co\/colombia\/noticias\/los-carneros-iran-a-la-carcel-por-la-desaparicion-de-un-nino-y-otras-conductas-que-habrian-realizado-en-medio-de-posibles-rituales-de-santeria-en-antioquia\/","og_site_name":"Fiscal\u00eda General de la Naci\u00f3n","article_publisher":"https:\/\/www.facebook.com\/FiscaliaCol","article_published_time":"2022-10-26T13:14:35+00:00","article_modified_time":"2022-10-26T13:31:50+00:00","author":"Katherine Loaiza Mart\u00ednez","twitter_card":"summary_large_image","twitter_creator":"@FiscaliaCol","twitter_site":"@FiscaliaCol","twitter_misc":{"Escrito por":"Katherine Loaiza Mart\u00ednez","Tiempo de lectura":"3 minutos"},"schema":{"@context":"https:\/\/schema.org","@graph":[{"@type":"Article","@id":"https:\/\/www.fiscalia.gov.co\/colombia\/noticias\/los-carneros-iran-a-la-carcel-por-la-desaparicion-de-un-nino-y-otras-conductas-que-habrian-realizado-en-medio-de-posibles-rituales-de-santeria-en-antioquia\/#article","isPartOf":{"@id":"https:\/\/www.fiscalia.gov.co\/colombia\/noticias\/los-carneros-iran-a-la-carcel-por-la-desaparicion-de-un-nino-y-otras-conductas-que-habrian-realizado-en-medio-de-posibles-rituales-de-santeria-en-antioquia\/"},"author":{"name":"Katherine Loaiza Mart\u00ednez","@id":"https:\/\/www.fiscalia.gov.co\/colombia\/#\/schema\/person\/2e76b9aba5ecf875ed565ce4de0e0415"},"headline":"\u2018Los Carneros\u2019 ir\u00e1n a la c\u00e1rcel por la desaparici\u00f3n de un ni\u00f1o y otras conductas que habr\u00edan realizado en medio de posibles rituales de santer\u00eda en Antioquia\u00a0\u00a0","datePublished":"2022-10-26T13:14:35+00:00","dateModified":"2022-10-26T13:31:50+00:00","mainEntityOfPage":{"@id":"https:\/\/www.fiscalia.gov.co\/colombia\/noticias\/los-carneros-iran-a-la-carcel-por-la-desaparicion-de-un-nino-y-otras-conductas-que-habrian-realizado-en-medio-de-posibles-rituales-de-santeria-en-antioquia\/"},"wordCount":544,"publisher":{"@id":"https:\/\/www.fiscalia.gov.co\/colombia\/#organization"},"keywords":["Fiscal Francisco Barbosa Delgado","Fiscal General Francisco Barbosa"],"articleSection":["Noticias","Seccional Antioquia","Seguridad territorial"],"inLanguage":"es-CO"},{"@type":"WebPage","@id":"https:\/\/www.fiscalia.gov.co\/colombia\/noticias\/los-carneros-iran-a-la-carcel-por-la-desaparicion-de-un-nino-y-otras-conductas-que-habrian-realizado-en-medio-de-posibles-rituales-de-santeria-en-antioquia\/","url":"https:\/\/www.fiscalia.gov.co\/colombia\/noticias\/los-carneros-iran-a-la-carcel-por-la-desaparicion-de-un-nino-y-otras-conductas-que-habrian-realizado-en-medio-de-posibles-rituales-de-santeria-en-antioquia\/","name":"Fiscal\u00eda General de la Naci\u00f3n","isPartOf":{"@id":"https:\/\/www.fiscalia.gov.co\/colombia\/#website"},"datePublished":"2022-10-26T13:14:35+00:00","dateModified":"2022-10-26T13:31:50+00:00","description":"P\u00e1gina oficial de la Fiscal\u00eda General de la Naci\u00f3n \u2013 Colombia. Garantizamos el acceso efectivo a la justicia, la verdad y la reparaci\u00f3n de las v\u00edctimas de los delitos.","breadcrumb":{"@id":"https:\/\/www.fiscalia.gov.co\/colombia\/noticias\/los-carneros-iran-a-la-carcel-por-la-desaparicion-de-un-nino-y-otras-conductas-que-habrian-realizado-en-medio-de-posibles-rituales-de-santeria-en-antioquia\/#breadcrumb"},"inLanguage":"es-CO","potentialAction":[{"@type":"ReadAction","target":["https:\/\/www.fiscalia.gov.co\/colombia\/noticias\/los-carneros-iran-a-la-carcel-por-la-desaparicion-de-un-nino-y-otras-conductas-que-habrian-realizado-en-medio-de-posibles-rituales-de-santeria-en-antioquia\/"]}]},{"@type":"BreadcrumbList","@id":"https:\/\/www.fiscalia.gov.co\/colombia\/noticias\/los-carneros-iran-a-la-carcel-por-la-desaparicion-de-un-nino-y-otras-conductas-que-habrian-realizado-en-medio-de-posibles-rituales-de-santeria-en-antioquia\/#breadcrumb","itemListElement":[{"@type":"ListItem","position":1,"name":"Home","item":"https:\/\/www.fiscalia.gov.co\/colombia\/"},{"@type":"ListItem","position":2,"name":"\u2018Los Carneros\u2019 ir\u00e1n a la c\u00e1rcel por la desaparici\u00f3n de un ni\u00f1o y otras conductas que habr\u00edan realizado en medio de posibles rituales de santer\u00eda en Antioquia\u00a0\u00a0"}]},{"@type":"WebSite","@id":"https:\/\/www.fiscalia.gov.co\/colombia\/#website","url":"https:\/\/www.fiscalia.gov.co\/colombia\/","name":"Fiscal\u00eda General de la Naci\u00f3n","description":"P\u00e1gina oficial de la Fiscal\u00eda General de la Naci\u00f3n \u2013 Colombia. Garantizamos el acceso efectivo a la justicia, la verdad y la reparaci\u00f3n de las v\u00edctimas de los delitos.","publisher":{"@id":"https:\/\/www.fiscalia.gov.co\/colombia\/#organization"},"potentialAction":[{"@type":"SearchAction","target":{"@type":"EntryPoint","urlTemplate":"https:\/\/www.fiscalia.gov.co\/colombia\/?s={search_term_string}"},"query-input":{"@type":"PropertyValueSpecification","valueRequired":true,"valueName":"search_term_string"}}],"inLanguage":"es-CO"},{"@type":"Organization","@id":"https:\/\/www.fiscalia.gov.co\/colombia\/#organization","name":"Fiscal\u00eda General de la Naci\u00f3n","url":"https:\/\/www.fiscalia.gov.co\/colombia\/","logo":{"@type":"ImageObject","inLanguage":"es-CO","@id":"https:\/\/www.fiscalia.gov.co\/colombia\/#\/schema\/logo\/image\/","url":"https:\/\/www.fiscalia.gov.co\/colombia\/wp-content\/uploads\/LogoHorizontal_1.jpg","contentUrl":"https:\/\/www.fiscalia.gov.co\/colombia\/wp-content\/uploads\/LogoHorizontal_1.jpg","width":300,"height":90,"caption":"Fiscal\u00eda General de la Naci\u00f3n"},"image":{"@id":"https:\/\/www.fiscalia.gov.co\/colombia\/#\/schema\/logo\/image\/"},"sameAs":["https:\/\/www.facebook.com\/FiscaliaCol","https:\/\/x.com\/FiscaliaCol","https:\/\/www.instagram.com\/fiscaliacol","https:\/\/www.linkedin.com\/company\/fiscalia-general-de-la-naci-n\/","https:\/\/youtube.com\/@fiscaliageneraldelanacion-4668?si=6nN79nyQICPU5iTh"]},{"@type":"Person","@id":"https:\/\/www.fiscalia.gov.co\/colombia\/#\/schema\/person\/2e76b9aba5ecf875ed565ce4de0e0415","name":"Katherine Loaiza Mart\u00ednez","image":{"@type":"ImageObject","inLanguage":"es-CO","@id":"https:\/\/www.fiscalia.gov.co\/colombia\/#\/schema\/person\/image\/","url":"https:\/\/secure.gravatar.com\/avatar\/ab775a2f394c1b83b6d6f78680e57b50?s=96&d=mm&r=g","contentUrl":"https:\/\/secure.gravatar.com\/avatar\/ab775a2f394c1b83b6d6f78680e57b50?s=96&d=mm&r=g","caption":"Katherine Loaiza Mart\u00ednez"},"url":"https:\/\/www.fiscalia.gov.co\/colombia\/author\/kloaiza\/"}]}},"_links":{"self":[{"href":"https:\/\/www.fiscalia.gov.co\/colombia\/wp-json\/wp\/v2\/posts\/259887","targetHints":{"allow":["GET"]}}],"collection":[{"href":"https:\/\/www.fiscalia.gov.co\/colombia\/wp-json\/wp\/v2\/posts"}],"about":[{"href":"https:\/\/www.fiscalia.gov.co\/colombia\/wp-json\/wp\/v2\/types\/post"}],"author":[{"embeddable":true,"href":"https:\/\/www.fiscalia.gov.co\/colombia\/wp-json\/wp\/v2\/users\/175"}],"replies":[{"embeddable":true,"href":"https:\/\/www.fiscalia.gov.co\/colombia\/wp-json\/wp\/v2\/comments?post=259887"}],"version-history":[{"count":2,"href":"https:\/\/www.fiscalia.gov.co\/colombia\/wp-json\/wp\/v2\/posts\/259887\/revisions"}],"predecessor-version":[{"id":259896,"href":"https:\/\/www.fiscalia.gov.co\/colombia\/wp-json\/wp\/v2\/posts\/259887\/revisions\/259896"}],"wp:attachment":[{"href":"https:\/\/www.fiscalia.gov.co\/colombia\/wp-json\/wp\/v2\/media?parent=259887"}],"wp:term":[{"taxonomy":"category","embeddable":true,"href":"https:\/\/www.fiscalia.gov.co\/colombia\/wp-json\/wp\/v2\/categories?post=259887"},{"taxonomy":"post_tag","embeddable":true,"href":"https:\/\/www.fiscalia.gov.co\/colombia\/wp-json\/wp\/v2\/tags?post=259887"}],"curies":[{"name":"wp","href":"https:\/\/api.w.org\/{rel}","templated":true}]}}