{"id":259412,"date":"2022-10-19T14:59:44","date_gmt":"2022-10-19T19:59:44","guid":{"rendered":"https:\/\/www.fiscalia.gov.co\/colombia\/?p=259412"},"modified":"2022-10-19T14:59:44","modified_gmt":"2022-10-19T19:59:44","slug":"impactado-grupo-delictivo-el-indio-responsable-de-comercializar-estupefacientes-en-tulua-valle-del-cauca","status":"publish","type":"post","link":"https:\/\/www.fiscalia.gov.co\/colombia\/noticias\/impactado-grupo-delictivo-el-indio-responsable-de-comercializar-estupefacientes-en-tulua-valle-del-cauca\/","title":{"rendered":"Impactado grupo delictivo \u2018El Indio\u2019 responsable de comercializar estupefacientes en Tulu\u00e1 (Valle del Cauca)"},"content":{"rendered":"<p style=\"font-weight: 400;\">Cinco presuntos integrantes del grupo delictivo \u2018El Indio\u2019 fueron capturados y enviados a la c\u00e1rcel debido a su posible participaci\u00f3n en la comercializaci\u00f3n de estupefacientes en Tulu\u00e1 (Valle del Cauca).<\/p>\n<figure id=\"attachment_259414\" aria-describedby=\"caption-attachment-259414\" style=\"width: 947px\" class=\"wp-caption aligncenter\"><img loading=\"lazy\" decoding=\"async\" class=\"size-full wp-image-259414\" src=\"https:\/\/www.fiscalia.gov.co\/colombia\/wp-content\/uploads\/Grupo-delictivo-El-Indio.-Estupefacientes.-Tulua-Valle-1.jpg\" alt=\"En la foto aparecen los cinco presuntos integrantes del grupo delictivo \u2018El Indio\u2019. Tres hombres y dos mujeres. Al lado derecho de ellos hay un uniformado de la Polic\u00eda y al izquierdo un servidor del CTI de la Fiscal\u00eda y otro uniformado de la Polic\u00eda. Delante de ellos hay una mesa con mantel verde y sobre ella hay tres armas de fuego, munici\u00f3n, estupefacientes y 3 tel\u00e9fonos celulares. Detr\u00e1s de ellos hay un pend\u00f3n institucional de la Polic\u00eda Nacional.\" width=\"947\" height=\"720\" srcset=\"https:\/\/www.fiscalia.gov.co\/colombia\/wp-content\/uploads\/Grupo-delictivo-El-Indio.-Estupefacientes.-Tulua-Valle-1.jpg 947w, https:\/\/www.fiscalia.gov.co\/colombia\/wp-content\/uploads\/Grupo-delictivo-El-Indio.-Estupefacientes.-Tulua-Valle-1-300x228.jpg 300w, https:\/\/www.fiscalia.gov.co\/colombia\/wp-content\/uploads\/Grupo-delictivo-El-Indio.-Estupefacientes.-Tulua-Valle-1-768x584.jpg 768w, https:\/\/www.fiscalia.gov.co\/colombia\/wp-content\/uploads\/Grupo-delictivo-El-Indio.-Estupefacientes.-Tulua-Valle-1-696x529.jpg 696w, https:\/\/www.fiscalia.gov.co\/colombia\/wp-content\/uploads\/Grupo-delictivo-El-Indio.-Estupefacientes.-Tulua-Valle-1-552x420.jpg 552w, https:\/\/www.fiscalia.gov.co\/colombia\/wp-content\/uploads\/Grupo-delictivo-El-Indio.-Estupefacientes.-Tulua-Valle-1-80x60.jpg 80w\" sizes=\"auto, (max-width: 947px) 100vw, 947px\" \/><figcaption id=\"caption-attachment-259414\" class=\"wp-caption-text\">Cinco presuntos integrantes del grupo delictivo \u2018El Indio\u2019, judicializados por comercializar estupefacientes, en Tulu\u00e1 (Valle).<\/figcaption><\/figure>\n<p style=\"font-weight: 400;\">La decisi\u00f3n fue adoptada por un juez de control de garant\u00edas tras conocer los argumentos de la Fiscal\u00eda en contra de Elmer Yuli\u00e1n Mosquera Pechene, alias Elmer o El Indio; Suleyo Hilamo Peteche, alias Sule; Parmenio Garavito Dur\u00e1n, alias Junior; Lina Vanessa Zapata Bejarano, alias La Flaca; y Leonardo Ospina Silva, alias Momia.<\/p>\n<p style=\"font-weight: 400;\">Estas personas fueron capturadas con orden judicial durante una diligencia de registro y allanamiento cumplida en Tulu\u00e1. Las autoridades incautaron cuatro celulares, 1 motocicleta, 1 pistola traum\u00e1tica, 1 proveedor, 38 cartuchos; y 2.588 gramos de\u00a0<a href=\"https:\/\/www.fiscalia.gov.co\/colombia\/noticias\/privadas-de-la-libertad-cuatro-personas-que-estarian-transportando-marihuana-en-putumayo\/\" data-saferedirecturl=\"https:\/\/www.google.com\/url?q=https:\/\/www.fiscalia.gov.co\/colombia\/noticias\/privadas-de-la-libertad-cuatro-personas-que-estarian-transportando-marihuana-en-putumayo\/&amp;source=gmail&amp;ust=1666206538108000&amp;usg=AOvVaw0llM03W0OMjQ7M9s_vSVQW\">marihuana<\/a>.<\/p>\n<p style=\"font-weight: 400;\">La Fiscal\u00eda imput\u00f3 a los capturados los delitos de tr\u00e1fico, fabricaci\u00f3n o porte de estupefacientes y concierto para delinquir agravado. Por determinaci\u00f3n del juez del caso los presuntos implicados, quienes no aceptaron cargos, deber\u00e1n cumplir la medida de aseguramiento en centros carcelarios.<\/p>\n<p style=\"font-weight: 400;\">Esta informaci\u00f3n se publica por razones de inter\u00e9s general.<\/p>\n<p style=\"font-weight: 400;\"><strong>La Fiscal\u00eda habla con resultados.<\/strong><\/p>\n<p>&nbsp;<\/p>\n<p>&nbsp;<\/p>\n<p style=\"font-weight: 400;\">MAP\/MAGA\/SMLR\/DSVC<\/p>\n<p>&nbsp;<\/p>\n<p>&nbsp;<\/p>\n<p>&nbsp;<\/p>\n<p style=\"font-weight: 400;\"><em>La informaci\u00f3n contenida en este bolet\u00edn de prensa corresponde a la narraci\u00f3n de los hechos noticiosos objetivos, suministrados por los funcionarios encargados de adelantar las investigaciones penales al interior de la Fiscal\u00eda General de la Naci\u00f3n. Para el momento de la divulgaci\u00f3n de este comunicado, la situaci\u00f3n jur\u00eddica de la(s) persona(s) relacionada(s) se encuentra pendiente de resolver por la autoridad judicial competente, siempre bajo los preceptos de la presunci\u00f3n de inocencia, consagrados en el art\u00edculo 29 de la Constituci\u00f3n Pol\u00edtica y el art\u00edculo 7\u00ba de la Ley 906 de 2004.<\/em><em>\u00a0<\/em><\/p>\n\n<div class=\"twitter-share\"><a href=\"https:\/\/twitter.com\/intent\/tweet?via=fiscaliacol\" class=\"twitter-share-button\">Tweet<\/a><\/div>\n","protected":false},"excerpt":{"rendered":"<p>Cinco presuntos integrantes del grupo delictivo \u2018El Indio\u2019 fueron capturados y enviados a la c\u00e1rcel debido a su posible participaci\u00f3n en la comercializaci\u00f3n de estupefacientes en Tulu\u00e1 (Valle del Cauca). La decisi\u00f3n fue adoptada por un juez de control de garant\u00edas tras conocer los argumentos de la Fiscal\u00eda en contra de Elmer Yuli\u00e1n Mosquera Pechene, [&hellip;]<\/p>\n","protected":false},"author":177,"featured_media":0,"comment_status":"closed","ping_status":"open","sticky":false,"template":"","format":"standard","meta":{"_price":"","_stock":"","_tribe_ticket_header":"","_tribe_default_ticket_provider":"","_tribe_ticket_capacity":"0","_ticket_start_date":"","_ticket_end_date":"","_tribe_ticket_show_description":"","_tribe_ticket_show_not_going":false,"_tribe_ticket_use_global_stock":"","_tribe_ticket_global_stock_level":"","_global_stock_mode":"","_global_stock_cap":"","_tribe_rsvp_for_event":"","_tribe_ticket_going_count":"","_tribe_ticket_not_going_count":"","_tribe_tickets_list":"[]","_tribe_ticket_has_attendee_info_fields":false,"tdm_status":"","tdm_grid_status":"","footnotes":""},"categories":[1,324,303,24103],"tags":[27643,25070,12799,33155,78,24187,33157,33156,1264,1185,24549,29437,916,24046],"class_list":{"0":"post-259412","1":"post","2":"type-post","3":"status-publish","4":"format-standard","6":"category-noticias","7":"category-seccional-cali","8":"category-seccionales","9":"category-trafico-de-estupefacientes","10":"tag-arma-traumatica","11":"tag-centros-carcelarios","12":"tag-comercializacion","13":"tag-fabricacion-o-porte-de-estupefacientes-y-concierto-para-delinquir-agravado-capturados","14":"tag-fiscal-general-de-la-nacion","15":"tag-fiscalia-colombia","16":"tag-grupo-delictivo-el-indio","17":"tag-incauto","18":"tag-marihuana","19":"tag-medida-de-aseguramiento","20":"tag-orden-judicial","21":"tag-seccional-valle-del-cauca","22":"tag-trafico","23":"tag-tulua-valle-del-cauca"},"yoast_head":"<!-- This site is optimized with the Yoast SEO plugin v24.3 - https:\/\/yoast.com\/wordpress\/plugins\/seo\/ -->\n<title>Fiscal\u00eda General de la Naci\u00f3n<\/title>\n<meta name=\"description\" content=\"P\u00e1gina oficial de la Fiscal\u00eda General de la Naci\u00f3n \u2013 Colombia. Garantizamos el acceso efectivo a la justicia, la verdad y la reparaci\u00f3n de las v\u00edctimas de los delitos.\" \/>\n<meta name=\"robots\" content=\"noindex, follow\" \/>\n<meta property=\"og:locale\" content=\"es_ES\" \/>\n<meta property=\"og:type\" content=\"article\" \/>\n<meta property=\"og:title\" content=\"Fiscal\u00eda General de la Naci\u00f3n\" \/>\n<meta property=\"og:description\" content=\"P\u00e1gina oficial de la Fiscal\u00eda General de la Naci\u00f3n \u2013 Colombia. Garantizamos el acceso efectivo a la justicia, la verdad y la reparaci\u00f3n de las v\u00edctimas de los delitos.\" \/>\n<meta property=\"og:url\" content=\"https:\/\/www.fiscalia.gov.co\/colombia\/noticias\/impactado-grupo-delictivo-el-indio-responsable-de-comercializar-estupefacientes-en-tulua-valle-del-cauca\/\" \/>\n<meta property=\"og:site_name\" content=\"Fiscal\u00eda General de la Naci\u00f3n\" \/>\n<meta property=\"article:publisher\" content=\"https:\/\/www.facebook.com\/FiscaliaCol\" \/>\n<meta property=\"article:published_time\" content=\"2022-10-19T19:59:44+00:00\" \/>\n<meta property=\"og:image\" content=\"https:\/\/www.fiscalia.gov.co\/colombia\/wp-content\/uploads\/Grupo-delictivo-El-Indio.-Estupefacientes.-Tulua-Valle-1.jpg\" \/>\n<meta name=\"author\" content=\"Jordan Leandro Oviedo Anzola\" \/>\n<meta name=\"twitter:card\" content=\"summary_large_image\" \/>\n<meta name=\"twitter:creator\" content=\"@FiscaliaCol\" \/>\n<meta name=\"twitter:site\" content=\"@FiscaliaCol\" \/>\n<meta name=\"twitter:label1\" content=\"Escrito por\" \/>\n\t<meta name=\"twitter:data1\" content=\"Jordan Leandro Oviedo Anzola\" \/>\n\t<meta name=\"twitter:label2\" content=\"Tiempo de lectura\" \/>\n\t<meta name=\"twitter:data2\" content=\"2 minutos\" \/>\n<script type=\"application\/ld+json\" class=\"yoast-schema-graph\">{\"@context\":\"https:\/\/schema.org\",\"@graph\":[{\"@type\":\"Article\",\"@id\":\"https:\/\/www.fiscalia.gov.co\/colombia\/noticias\/impactado-grupo-delictivo-el-indio-responsable-de-comercializar-estupefacientes-en-tulua-valle-del-cauca\/#article\",\"isPartOf\":{\"@id\":\"https:\/\/www.fiscalia.gov.co\/colombia\/noticias\/impactado-grupo-delictivo-el-indio-responsable-de-comercializar-estupefacientes-en-tulua-valle-del-cauca\/\"},\"author\":{\"name\":\"Jordan Leandro Oviedo Anzola\",\"@id\":\"https:\/\/www.fiscalia.gov.co\/colombia\/#\/schema\/person\/bf84402cf293a5393e9c70b111020b24\"},\"headline\":\"Impactado grupo delictivo \u2018El Indio\u2019 responsable de comercializar estupefacientes en Tulu\u00e1 (Valle del Cauca)\",\"datePublished\":\"2022-10-19T19:59:44+00:00\",\"dateModified\":\"2022-10-19T19:59:44+00:00\",\"mainEntityOfPage\":{\"@id\":\"https:\/\/www.fiscalia.gov.co\/colombia\/noticias\/impactado-grupo-delictivo-el-indio-responsable-de-comercializar-estupefacientes-en-tulua-valle-del-cauca\/\"},\"wordCount\":334,\"publisher\":{\"@id\":\"https:\/\/www.fiscalia.gov.co\/colombia\/#organization\"},\"image\":{\"@id\":\"https:\/\/www.fiscalia.gov.co\/colombia\/noticias\/impactado-grupo-delictivo-el-indio-responsable-de-comercializar-estupefacientes-en-tulua-valle-del-cauca\/#primaryimage\"},\"thumbnailUrl\":\"https:\/\/www.fiscalia.gov.co\/colombia\/wp-content\/uploads\/Grupo-delictivo-El-Indio.-Estupefacientes.-Tulua-Valle-1.jpg\",\"keywords\":[\"arma traum\u00e1tica\",\"centros carcelarios\",\"Comercializaci\u00f3n\",\"fabricaci\u00f3n o porte de estupefacientes y concierto para delinquir agravado;\u00a0capturados\",\"Fiscal General de la Naci\u00f3n\",\"Fiscal\u00eda Colombia\",\"grupo delictivo \u2018El Indio\u2019\",\"incaut\u00f3\",\"Marihuana\",\"Medida de aseguramiento\",\"orden judicial\",\"Seccional Valle del Cauca\",\"Tr\u00e1fico\",\"Tulu\u00e1 (Valle del Cauca)\"],\"articleSection\":[\"Noticias\",\"Seccional Cali\",\"Seccionales\",\"Tr\u00e1fico de estupefacientes\"],\"inLanguage\":\"es-CO\"},{\"@type\":\"WebPage\",\"@id\":\"https:\/\/www.fiscalia.gov.co\/colombia\/noticias\/impactado-grupo-delictivo-el-indio-responsable-de-comercializar-estupefacientes-en-tulua-valle-del-cauca\/\",\"url\":\"https:\/\/www.fiscalia.gov.co\/colombia\/noticias\/impactado-grupo-delictivo-el-indio-responsable-de-comercializar-estupefacientes-en-tulua-valle-del-cauca\/\",\"name\":\"Fiscal\u00eda General de la Naci\u00f3n\",\"isPartOf\":{\"@id\":\"https:\/\/www.fiscalia.gov.co\/colombia\/#website\"},\"primaryImageOfPage\":{\"@id\":\"https:\/\/www.fiscalia.gov.co\/colombia\/noticias\/impactado-grupo-delictivo-el-indio-responsable-de-comercializar-estupefacientes-en-tulua-valle-del-cauca\/#primaryimage\"},\"image\":{\"@id\":\"https:\/\/www.fiscalia.gov.co\/colombia\/noticias\/impactado-grupo-delictivo-el-indio-responsable-de-comercializar-estupefacientes-en-tulua-valle-del-cauca\/#primaryimage\"},\"thumbnailUrl\":\"https:\/\/www.fiscalia.gov.co\/colombia\/wp-content\/uploads\/Grupo-delictivo-El-Indio.-Estupefacientes.-Tulua-Valle-1.jpg\",\"datePublished\":\"2022-10-19T19:59:44+00:00\",\"dateModified\":\"2022-10-19T19:59:44+00:00\",\"description\":\"P\u00e1gina oficial de la Fiscal\u00eda General de la Naci\u00f3n \u2013 Colombia. Garantizamos el acceso efectivo a la justicia, la verdad y la reparaci\u00f3n de las v\u00edctimas de los delitos.\",\"breadcrumb\":{\"@id\":\"https:\/\/www.fiscalia.gov.co\/colombia\/noticias\/impactado-grupo-delictivo-el-indio-responsable-de-comercializar-estupefacientes-en-tulua-valle-del-cauca\/#breadcrumb\"},\"inLanguage\":\"es-CO\",\"potentialAction\":[{\"@type\":\"ReadAction\",\"target\":[\"https:\/\/www.fiscalia.gov.co\/colombia\/noticias\/impactado-grupo-delictivo-el-indio-responsable-de-comercializar-estupefacientes-en-tulua-valle-del-cauca\/\"]}]},{\"@type\":\"ImageObject\",\"inLanguage\":\"es-CO\",\"@id\":\"https:\/\/www.fiscalia.gov.co\/colombia\/noticias\/impactado-grupo-delictivo-el-indio-responsable-de-comercializar-estupefacientes-en-tulua-valle-del-cauca\/#primaryimage\",\"url\":\"https:\/\/www.fiscalia.gov.co\/colombia\/wp-content\/uploads\/Grupo-delictivo-El-Indio.-Estupefacientes.-Tulua-Valle-1.jpg\",\"contentUrl\":\"https:\/\/www.fiscalia.gov.co\/colombia\/wp-content\/uploads\/Grupo-delictivo-El-Indio.-Estupefacientes.-Tulua-Valle-1.jpg\",\"width\":947,\"height\":720,\"caption\":\"Cinco presuntos integrantes del grupo delictivo \u2018El Indio\u2019, judicializados por comercializar estupefacientes, en Tulu\u00e1 (Valle).\"},{\"@type\":\"BreadcrumbList\",\"@id\":\"https:\/\/www.fiscalia.gov.co\/colombia\/noticias\/impactado-grupo-delictivo-el-indio-responsable-de-comercializar-estupefacientes-en-tulua-valle-del-cauca\/#breadcrumb\",\"itemListElement\":[{\"@type\":\"ListItem\",\"position\":1,\"name\":\"Home\",\"item\":\"https:\/\/www.fiscalia.gov.co\/colombia\/\"},{\"@type\":\"ListItem\",\"position\":2,\"name\":\"Impactado grupo delictivo \u2018El Indio\u2019 responsable de comercializar estupefacientes en Tulu\u00e1 (Valle del Cauca)\"}]},{\"@type\":\"WebSite\",\"@id\":\"https:\/\/www.fiscalia.gov.co\/colombia\/#website\",\"url\":\"https:\/\/www.fiscalia.gov.co\/colombia\/\",\"name\":\"Fiscal\u00eda General de la Naci\u00f3n\",\"description\":\"P\u00e1gina oficial de la Fiscal\u00eda General de la Naci\u00f3n \u2013 Colombia. Garantizamos el acceso efectivo a la justicia, la verdad y la reparaci\u00f3n de las v\u00edctimas de los delitos.\",\"publisher\":{\"@id\":\"https:\/\/www.fiscalia.gov.co\/colombia\/#organization\"},\"potentialAction\":[{\"@type\":\"SearchAction\",\"target\":{\"@type\":\"EntryPoint\",\"urlTemplate\":\"https:\/\/www.fiscalia.gov.co\/colombia\/?s={search_term_string}\"},\"query-input\":{\"@type\":\"PropertyValueSpecification\",\"valueRequired\":true,\"valueName\":\"search_term_string\"}}],\"inLanguage\":\"es-CO\"},{\"@type\":\"Organization\",\"@id\":\"https:\/\/www.fiscalia.gov.co\/colombia\/#organization\",\"name\":\"Fiscal\u00eda General de la Naci\u00f3n\",\"url\":\"https:\/\/www.fiscalia.gov.co\/colombia\/\",\"logo\":{\"@type\":\"ImageObject\",\"inLanguage\":\"es-CO\",\"@id\":\"https:\/\/www.fiscalia.gov.co\/colombia\/#\/schema\/logo\/image\/\",\"url\":\"https:\/\/www.fiscalia.gov.co\/colombia\/wp-content\/uploads\/LogoHorizontal_1.jpg\",\"contentUrl\":\"https:\/\/www.fiscalia.gov.co\/colombia\/wp-content\/uploads\/LogoHorizontal_1.jpg\",\"width\":300,\"height\":90,\"caption\":\"Fiscal\u00eda General de la Naci\u00f3n\"},\"image\":{\"@id\":\"https:\/\/www.fiscalia.gov.co\/colombia\/#\/schema\/logo\/image\/\"},\"sameAs\":[\"https:\/\/www.facebook.com\/FiscaliaCol\",\"https:\/\/x.com\/FiscaliaCol\",\"https:\/\/www.instagram.com\/fiscaliacol\",\"https:\/\/www.linkedin.com\/company\/fiscalia-general-de-la-naci-n\/\",\"https:\/\/youtube.com\/@fiscaliageneraldelanacion-4668?si=6nN79nyQICPU5iTh\"]},{\"@type\":\"Person\",\"@id\":\"https:\/\/www.fiscalia.gov.co\/colombia\/#\/schema\/person\/bf84402cf293a5393e9c70b111020b24\",\"name\":\"Jordan Leandro Oviedo Anzola\",\"image\":{\"@type\":\"ImageObject\",\"inLanguage\":\"es-CO\",\"@id\":\"https:\/\/www.fiscalia.gov.co\/colombia\/#\/schema\/person\/image\/\",\"url\":\"https:\/\/secure.gravatar.com\/avatar\/dabba4346fa9b9207d96adafa8f92721?s=96&d=mm&r=g\",\"contentUrl\":\"https:\/\/secure.gravatar.com\/avatar\/dabba4346fa9b9207d96adafa8f92721?s=96&d=mm&r=g\",\"caption\":\"Jordan Leandro Oviedo Anzola\"},\"url\":\"https:\/\/www.fiscalia.gov.co\/colombia\/author\/joviedo\/\"}]}<\/script>\n<!-- \/ Yoast SEO plugin. -->","yoast_head_json":{"title":"Fiscal\u00eda General de la Naci\u00f3n","description":"P\u00e1gina oficial de la Fiscal\u00eda General de la Naci\u00f3n \u2013 Colombia. Garantizamos el acceso efectivo a la justicia, la verdad y la reparaci\u00f3n de las v\u00edctimas de los delitos.","robots":{"index":"noindex","follow":"follow"},"og_locale":"es_ES","og_type":"article","og_title":"Fiscal\u00eda General de la Naci\u00f3n","og_description":"P\u00e1gina oficial de la Fiscal\u00eda General de la Naci\u00f3n \u2013 Colombia. Garantizamos el acceso efectivo a la justicia, la verdad y la reparaci\u00f3n de las v\u00edctimas de los delitos.","og_url":"https:\/\/www.fiscalia.gov.co\/colombia\/noticias\/impactado-grupo-delictivo-el-indio-responsable-de-comercializar-estupefacientes-en-tulua-valle-del-cauca\/","og_site_name":"Fiscal\u00eda General de la Naci\u00f3n","article_publisher":"https:\/\/www.facebook.com\/FiscaliaCol","article_published_time":"2022-10-19T19:59:44+00:00","og_image":[{"url":"https:\/\/www.fiscalia.gov.co\/colombia\/wp-content\/uploads\/Grupo-delictivo-El-Indio.-Estupefacientes.-Tulua-Valle-1.jpg","type":"","width":"","height":""}],"author":"Jordan Leandro Oviedo Anzola","twitter_card":"summary_large_image","twitter_creator":"@FiscaliaCol","twitter_site":"@FiscaliaCol","twitter_misc":{"Escrito por":"Jordan Leandro Oviedo Anzola","Tiempo de lectura":"2 minutos"},"schema":{"@context":"https:\/\/schema.org","@graph":[{"@type":"Article","@id":"https:\/\/www.fiscalia.gov.co\/colombia\/noticias\/impactado-grupo-delictivo-el-indio-responsable-de-comercializar-estupefacientes-en-tulua-valle-del-cauca\/#article","isPartOf":{"@id":"https:\/\/www.fiscalia.gov.co\/colombia\/noticias\/impactado-grupo-delictivo-el-indio-responsable-de-comercializar-estupefacientes-en-tulua-valle-del-cauca\/"},"author":{"name":"Jordan Leandro Oviedo Anzola","@id":"https:\/\/www.fiscalia.gov.co\/colombia\/#\/schema\/person\/bf84402cf293a5393e9c70b111020b24"},"headline":"Impactado grupo delictivo \u2018El Indio\u2019 responsable de comercializar estupefacientes en Tulu\u00e1 (Valle del Cauca)","datePublished":"2022-10-19T19:59:44+00:00","dateModified":"2022-10-19T19:59:44+00:00","mainEntityOfPage":{"@id":"https:\/\/www.fiscalia.gov.co\/colombia\/noticias\/impactado-grupo-delictivo-el-indio-responsable-de-comercializar-estupefacientes-en-tulua-valle-del-cauca\/"},"wordCount":334,"publisher":{"@id":"https:\/\/www.fiscalia.gov.co\/colombia\/#organization"},"image":{"@id":"https:\/\/www.fiscalia.gov.co\/colombia\/noticias\/impactado-grupo-delictivo-el-indio-responsable-de-comercializar-estupefacientes-en-tulua-valle-del-cauca\/#primaryimage"},"thumbnailUrl":"https:\/\/www.fiscalia.gov.co\/colombia\/wp-content\/uploads\/Grupo-delictivo-El-Indio.-Estupefacientes.-Tulua-Valle-1.jpg","keywords":["arma traum\u00e1tica","centros carcelarios","Comercializaci\u00f3n","fabricaci\u00f3n o porte de estupefacientes y concierto para delinquir agravado;\u00a0capturados","Fiscal General de la Naci\u00f3n","Fiscal\u00eda Colombia","grupo delictivo \u2018El Indio\u2019","incaut\u00f3","Marihuana","Medida de aseguramiento","orden judicial","Seccional Valle del Cauca","Tr\u00e1fico","Tulu\u00e1 (Valle del Cauca)"],"articleSection":["Noticias","Seccional Cali","Seccionales","Tr\u00e1fico de estupefacientes"],"inLanguage":"es-CO"},{"@type":"WebPage","@id":"https:\/\/www.fiscalia.gov.co\/colombia\/noticias\/impactado-grupo-delictivo-el-indio-responsable-de-comercializar-estupefacientes-en-tulua-valle-del-cauca\/","url":"https:\/\/www.fiscalia.gov.co\/colombia\/noticias\/impactado-grupo-delictivo-el-indio-responsable-de-comercializar-estupefacientes-en-tulua-valle-del-cauca\/","name":"Fiscal\u00eda General de la Naci\u00f3n","isPartOf":{"@id":"https:\/\/www.fiscalia.gov.co\/colombia\/#website"},"primaryImageOfPage":{"@id":"https:\/\/www.fiscalia.gov.co\/colombia\/noticias\/impactado-grupo-delictivo-el-indio-responsable-de-comercializar-estupefacientes-en-tulua-valle-del-cauca\/#primaryimage"},"image":{"@id":"https:\/\/www.fiscalia.gov.co\/colombia\/noticias\/impactado-grupo-delictivo-el-indio-responsable-de-comercializar-estupefacientes-en-tulua-valle-del-cauca\/#primaryimage"},"thumbnailUrl":"https:\/\/www.fiscalia.gov.co\/colombia\/wp-content\/uploads\/Grupo-delictivo-El-Indio.-Estupefacientes.-Tulua-Valle-1.jpg","datePublished":"2022-10-19T19:59:44+00:00","dateModified":"2022-10-19T19:59:44+00:00","description":"P\u00e1gina oficial de la Fiscal\u00eda General de la Naci\u00f3n \u2013 Colombia. Garantizamos el acceso efectivo a la justicia, la verdad y la reparaci\u00f3n de las v\u00edctimas de los delitos.","breadcrumb":{"@id":"https:\/\/www.fiscalia.gov.co\/colombia\/noticias\/impactado-grupo-delictivo-el-indio-responsable-de-comercializar-estupefacientes-en-tulua-valle-del-cauca\/#breadcrumb"},"inLanguage":"es-CO","potentialAction":[{"@type":"ReadAction","target":["https:\/\/www.fiscalia.gov.co\/colombia\/noticias\/impactado-grupo-delictivo-el-indio-responsable-de-comercializar-estupefacientes-en-tulua-valle-del-cauca\/"]}]},{"@type":"ImageObject","inLanguage":"es-CO","@id":"https:\/\/www.fiscalia.gov.co\/colombia\/noticias\/impactado-grupo-delictivo-el-indio-responsable-de-comercializar-estupefacientes-en-tulua-valle-del-cauca\/#primaryimage","url":"https:\/\/www.fiscalia.gov.co\/colombia\/wp-content\/uploads\/Grupo-delictivo-El-Indio.-Estupefacientes.-Tulua-Valle-1.jpg","contentUrl":"https:\/\/www.fiscalia.gov.co\/colombia\/wp-content\/uploads\/Grupo-delictivo-El-Indio.-Estupefacientes.-Tulua-Valle-1.jpg","width":947,"height":720,"caption":"Cinco presuntos integrantes del grupo delictivo \u2018El Indio\u2019, judicializados por comercializar estupefacientes, en Tulu\u00e1 (Valle)."},{"@type":"BreadcrumbList","@id":"https:\/\/www.fiscalia.gov.co\/colombia\/noticias\/impactado-grupo-delictivo-el-indio-responsable-de-comercializar-estupefacientes-en-tulua-valle-del-cauca\/#breadcrumb","itemListElement":[{"@type":"ListItem","position":1,"name":"Home","item":"https:\/\/www.fiscalia.gov.co\/colombia\/"},{"@type":"ListItem","position":2,"name":"Impactado grupo delictivo \u2018El Indio\u2019 responsable de comercializar estupefacientes en Tulu\u00e1 (Valle del Cauca)"}]},{"@type":"WebSite","@id":"https:\/\/www.fiscalia.gov.co\/colombia\/#website","url":"https:\/\/www.fiscalia.gov.co\/colombia\/","name":"Fiscal\u00eda General de la Naci\u00f3n","description":"P\u00e1gina oficial de la Fiscal\u00eda General de la Naci\u00f3n \u2013 Colombia. Garantizamos el acceso efectivo a la justicia, la verdad y la reparaci\u00f3n de las v\u00edctimas de los delitos.","publisher":{"@id":"https:\/\/www.fiscalia.gov.co\/colombia\/#organization"},"potentialAction":[{"@type":"SearchAction","target":{"@type":"EntryPoint","urlTemplate":"https:\/\/www.fiscalia.gov.co\/colombia\/?s={search_term_string}"},"query-input":{"@type":"PropertyValueSpecification","valueRequired":true,"valueName":"search_term_string"}}],"inLanguage":"es-CO"},{"@type":"Organization","@id":"https:\/\/www.fiscalia.gov.co\/colombia\/#organization","name":"Fiscal\u00eda General de la Naci\u00f3n","url":"https:\/\/www.fiscalia.gov.co\/colombia\/","logo":{"@type":"ImageObject","inLanguage":"es-CO","@id":"https:\/\/www.fiscalia.gov.co\/colombia\/#\/schema\/logo\/image\/","url":"https:\/\/www.fiscalia.gov.co\/colombia\/wp-content\/uploads\/LogoHorizontal_1.jpg","contentUrl":"https:\/\/www.fiscalia.gov.co\/colombia\/wp-content\/uploads\/LogoHorizontal_1.jpg","width":300,"height":90,"caption":"Fiscal\u00eda General de la Naci\u00f3n"},"image":{"@id":"https:\/\/www.fiscalia.gov.co\/colombia\/#\/schema\/logo\/image\/"},"sameAs":["https:\/\/www.facebook.com\/FiscaliaCol","https:\/\/x.com\/FiscaliaCol","https:\/\/www.instagram.com\/fiscaliacol","https:\/\/www.linkedin.com\/company\/fiscalia-general-de-la-naci-n\/","https:\/\/youtube.com\/@fiscaliageneraldelanacion-4668?si=6nN79nyQICPU5iTh"]},{"@type":"Person","@id":"https:\/\/www.fiscalia.gov.co\/colombia\/#\/schema\/person\/bf84402cf293a5393e9c70b111020b24","name":"Jordan Leandro Oviedo Anzola","image":{"@type":"ImageObject","inLanguage":"es-CO","@id":"https:\/\/www.fiscalia.gov.co\/colombia\/#\/schema\/person\/image\/","url":"https:\/\/secure.gravatar.com\/avatar\/dabba4346fa9b9207d96adafa8f92721?s=96&d=mm&r=g","contentUrl":"https:\/\/secure.gravatar.com\/avatar\/dabba4346fa9b9207d96adafa8f92721?s=96&d=mm&r=g","caption":"Jordan Leandro Oviedo Anzola"},"url":"https:\/\/www.fiscalia.gov.co\/colombia\/author\/joviedo\/"}]}},"_links":{"self":[{"href":"https:\/\/www.fiscalia.gov.co\/colombia\/wp-json\/wp\/v2\/posts\/259412","targetHints":{"allow":["GET"]}}],"collection":[{"href":"https:\/\/www.fiscalia.gov.co\/colombia\/wp-json\/wp\/v2\/posts"}],"about":[{"href":"https:\/\/www.fiscalia.gov.co\/colombia\/wp-json\/wp\/v2\/types\/post"}],"author":[{"embeddable":true,"href":"https:\/\/www.fiscalia.gov.co\/colombia\/wp-json\/wp\/v2\/users\/177"}],"replies":[{"embeddable":true,"href":"https:\/\/www.fiscalia.gov.co\/colombia\/wp-json\/wp\/v2\/comments?post=259412"}],"version-history":[{"count":2,"href":"https:\/\/www.fiscalia.gov.co\/colombia\/wp-json\/wp\/v2\/posts\/259412\/revisions"}],"predecessor-version":[{"id":259415,"href":"https:\/\/www.fiscalia.gov.co\/colombia\/wp-json\/wp\/v2\/posts\/259412\/revisions\/259415"}],"wp:attachment":[{"href":"https:\/\/www.fiscalia.gov.co\/colombia\/wp-json\/wp\/v2\/media?parent=259412"}],"wp:term":[{"taxonomy":"category","embeddable":true,"href":"https:\/\/www.fiscalia.gov.co\/colombia\/wp-json\/wp\/v2\/categories?post=259412"},{"taxonomy":"post_tag","embeddable":true,"href":"https:\/\/www.fiscalia.gov.co\/colombia\/wp-json\/wp\/v2\/tags?post=259412"}],"curies":[{"name":"wp","href":"https:\/\/api.w.org\/{rel}","templated":true}]}}