{"id":259170,"date":"2022-10-13T08:50:27","date_gmt":"2022-10-13T13:50:27","guid":{"rendered":"https:\/\/www.fiscalia.gov.co\/colombia\/?p=259170"},"modified":"2022-10-13T08:50:27","modified_gmt":"2022-10-13T13:50:27","slug":"a-la-carcel-tres-presuntos-integrantes-del-grupo-delincuencial-la-oficina-dedicado-al-trafico-de-narcoticos-y-de-armas-de-uso-privativo-de-las-fuerzas-armadas-en-tulua-valle-del-cauca","status":"publish","type":"post","link":"https:\/\/www.fiscalia.gov.co\/colombia\/noticias\/a-la-carcel-tres-presuntos-integrantes-del-grupo-delincuencial-la-oficina-dedicado-al-trafico-de-narcoticos-y-de-armas-de-uso-privativo-de-las-fuerzas-armadas-en-tulua-valle-del-cauca\/","title":{"rendered":"A la c\u00e1rcel tres presuntos integrantes del grupo delincuencial, La Oficina, dedicado al tr\u00e1fico de narc\u00f3ticos y de armas de uso privativo de las fuerzas armadas en Tulu\u00e1 (Valle del Cauca)\u00a0"},"content":{"rendered":"<p>Tres personas que formar\u00edan parte del grupo delictivo La Oficina fueron privadas de la libertad, durante tres diligencias registro y allanamiento en las que se incaut\u00f3 una granada de fragmentaci\u00f3n, armas de fuego, munici\u00f3n y estupefacientes, en el municipio de Tulu\u00e1 (Valle del Cauca).<\/p>\n<figure id=\"attachment_259171\" aria-describedby=\"caption-attachment-259171\" style=\"width: 1280px\" class=\"wp-caption aligncenter\"><img loading=\"lazy\" decoding=\"async\" class=\"size-full wp-image-259171\" src=\"https:\/\/www.fiscalia.gov.co\/colombia\/wp-content\/uploads\/Foto-1.-La-Oficina.-Tulua-Valle..jpg\" alt=\"En la foto aparecen de espalda los 3 presuntos integrantes de \u2018La Oficina\u2019, tres hombres y una mujer. A lado y lado de ellos hay uniformados del Gaula Polic\u00eda y Gaula Militar. Delante de ellos hay una mesa con mantel verde con los elementos incautados durante la diligencia de registro y allanamiento. Detr\u00e1s de ellos hay un pend\u00f3n institucional de la Polic\u00eda Nacional.\" width=\"1280\" height=\"960\" srcset=\"https:\/\/www.fiscalia.gov.co\/colombia\/wp-content\/uploads\/Foto-1.-La-Oficina.-Tulua-Valle..jpg 1280w, https:\/\/www.fiscalia.gov.co\/colombia\/wp-content\/uploads\/Foto-1.-La-Oficina.-Tulua-Valle.-300x225.jpg 300w, https:\/\/www.fiscalia.gov.co\/colombia\/wp-content\/uploads\/Foto-1.-La-Oficina.-Tulua-Valle.-1024x768.jpg 1024w, https:\/\/www.fiscalia.gov.co\/colombia\/wp-content\/uploads\/Foto-1.-La-Oficina.-Tulua-Valle.-768x576.jpg 768w, https:\/\/www.fiscalia.gov.co\/colombia\/wp-content\/uploads\/Foto-1.-La-Oficina.-Tulua-Valle.-696x522.jpg 696w, https:\/\/www.fiscalia.gov.co\/colombia\/wp-content\/uploads\/Foto-1.-La-Oficina.-Tulua-Valle.-1068x801.jpg 1068w, https:\/\/www.fiscalia.gov.co\/colombia\/wp-content\/uploads\/Foto-1.-La-Oficina.-Tulua-Valle.-560x420.jpg 560w, https:\/\/www.fiscalia.gov.co\/colombia\/wp-content\/uploads\/Foto-1.-La-Oficina.-Tulua-Valle.-80x60.jpg 80w, https:\/\/www.fiscalia.gov.co\/colombia\/wp-content\/uploads\/Foto-1.-La-Oficina.-Tulua-Valle.-265x198.jpg 265w\" sizes=\"auto, (max-width: 1280px) 100vw, 1280px\" \/><figcaption id=\"caption-attachment-259171\" class=\"wp-caption-text\">Tres presuntos integrantes del grupo delictivo \u2018La Oficina\u2019, judicializados por porte ilegal de armas de uso privativo, de estupefacientes y terrorismo, en Tulu\u00e1 (Valle).<\/figcaption><\/figure>\n<p>Un juez de control de garant\u00edas, acogi\u00f3 la solicitud de la Fiscal\u00eda General de la Naci\u00f3n que investiga a los hoy imputados por delitos de\u00a0<a href=\"https:\/\/www.fiscalia.gov.co\/colombia\/noticias\/asegurados-4-presuntos-responsables-de-porte-ilegal-de-armas-de-uso-privativos-y-otros-elementos-en-barbacoas-narino\/\">fabricaci\u00f3n, tr\u00e1fico y porte de armas, munici\u00f3n de uso restringido, de uso privativo de Fuerzas Armadas o explosivos<\/a>; terrorismo y tr\u00e1fico, fabricaci\u00f3n o porte de estupefacientes, seg\u00fan su presunta responsabilidad<\/p>\n<p>Se trata de\u00a0Carlos Andr\u00e9s Perlaza Carabal\u00ed, Andr\u00e9s Camilo Perlaza Carabal\u00ed y Edgar Andr\u00e9s Mina Moreno.<\/p>\n<p>Los hombres fueron capturados en flagrancia, por personal del Cuerpo T\u00e9cnico de Investigaci\u00f3n (CTI) y Gaula Polic\u00eda, con apoyo del Gaula Militar, durante tres diligencias de registro y allanamiento, ordenadas por un fiscal especializado de la Seccional Valle del Cauca, en inmuebles ubicados en los barrios Villa Liliana, Las Delicias y en la invasi\u00f3n Brisas del Valle, de esa localidad.<\/p>\n<p>Durante dichas diligencias, las autoridades incautaron 1 granada de fragmentaci\u00f3n, panfletos extorsivos, 6 tel\u00e9fonos celulares, 1 pistola traum\u00e1tica, 100 gramos de base de coca y 38 dosis de la misma; 240 dosis de marihuana, 8 bolsas dosificadas de TSB con esticker de la cara del diablo; elementos para la fabricaci\u00f3n, pesaje y embalaje de narc\u00f3ticos y 10 cartuchos 9 mm y 10 cartuchos calibre 38. Qu\u00edmicos saborizantes, jeringas y cuadernos con supuesta informaci\u00f3n de giros de dinero producto de extorsiones.<\/p>\n<p>Esta informaci\u00f3n se publica por razones de inter\u00e9s general.<\/p>\n<p>&nbsp;<\/p>\n<p><strong>La Fiscal\u00eda habla con resultados.<\/strong><\/p>\n<p>&nbsp;<\/p>\n<p>MAP\/MG\/SMLR\/DSVC\/<\/p>\n<p>&nbsp;<\/p>\n<p><em>La informaci\u00f3n contenida en este bolet\u00edn de prensa corresponde a la narraci\u00f3n de los hechos noticiosos objetivos, suministrados por los funcionarios encargados de adelantar las investigaciones penales al interior de la Fiscal\u00eda General de la Naci\u00f3n. Para el momento de la divulgaci\u00f3n de este comunicado, la situaci\u00f3n jur\u00eddica de la(s) persona(s) relacionada(s) se encuentra pendiente de resolver por la autoridad\u00a0judicial competente, siempre bajo los preceptos de la presunci\u00f3n de inocencia, consagrados en el art\u00edculo 29 de la Constituci\u00f3n Pol\u00edtica y el art\u00edculo 7\u00ba de la Ley 906 de 2004.\u00a0<\/em><\/p>\n\n<div class=\"twitter-share\"><a href=\"https:\/\/twitter.com\/intent\/tweet?via=fiscaliacol\" class=\"twitter-share-button\">Tweet<\/a><\/div>\n","protected":false},"excerpt":{"rendered":"<p>Tres personas que formar\u00edan parte del grupo delictivo La Oficina fueron privadas de la libertad, durante tres diligencias registro y allanamiento en las que se incaut\u00f3 una granada de fragmentaci\u00f3n, armas de fuego, munici\u00f3n y estupefacientes, en el municipio de Tulu\u00e1 (Valle del Cauca). Un juez de control de garant\u00edas, acogi\u00f3 la solicitud de la [&hellip;]<\/p>\n","protected":false},"author":175,"featured_media":0,"comment_status":"closed","ping_status":"open","sticky":false,"template":"","format":"standard","meta":{"_price":"","_stock":"","_tribe_ticket_header":"","_tribe_default_ticket_provider":"","_tribe_ticket_capacity":"0","_ticket_start_date":"","_ticket_end_date":"","_tribe_ticket_show_description":"","_tribe_ticket_show_not_going":false,"_tribe_ticket_use_global_stock":"","_tribe_ticket_global_stock_level":"","_global_stock_mode":"","_global_stock_cap":"","_tribe_rsvp_for_event":"","_tribe_ticket_going_count":"","_tribe_ticket_not_going_count":"","_tribe_tickets_list":"[]","_tribe_ticket_has_attendee_info_fields":false,"tdm_status":"","tdm_grid_status":"","footnotes":""},"categories":[1,324,24099],"tags":[33123,33122,14550,24551,33121,4140,31138,24189,78,24187,7169,1185,30409,29437,961],"class_list":{"0":"post-259170","1":"post","2":"type-post","3":"status-publish","4":"format-standard","6":"category-noticias","7":"category-seccional-cali","8":"category-seguridad-territorial","9":"tag-alias-gomita","10":"tag-alias-gordito","11":"tag-carcel","12":"tag-centro-carcelario","13":"tag-de-uso-privativo-de-fuerzas-armadas-o-explosivos-terrorismo-y-trafico","14":"tag-fabricacion","15":"tag-fabricacion-o-porte-de-estupefacientes-capturados","16":"tag-fiscal-francisco-barbosa-delgado","17":"tag-fiscal-general-de-la-nacion","18":"tag-fiscalia-colombia","19":"tag-flagrancia","20":"tag-medida-de-aseguramiento","21":"tag-municion-de-uso-restringido","22":"tag-seccional-valle-del-cauca","23":"tag-trafico-y-porte-de-armas"},"yoast_head":"<!-- This site is optimized with the Yoast SEO plugin v24.3 - https:\/\/yoast.com\/wordpress\/plugins\/seo\/ -->\n<title>Fiscal\u00eda General de la Naci\u00f3n<\/title>\n<meta name=\"description\" content=\"P\u00e1gina oficial de la Fiscal\u00eda General de la Naci\u00f3n \u2013 Colombia. Garantizamos el acceso efectivo a la justicia, la verdad y la reparaci\u00f3n de las v\u00edctimas de los delitos.\" \/>\n<meta name=\"robots\" content=\"noindex, follow\" \/>\n<meta property=\"og:locale\" content=\"es_ES\" \/>\n<meta property=\"og:type\" content=\"article\" \/>\n<meta property=\"og:title\" content=\"Fiscal\u00eda General de la Naci\u00f3n\" \/>\n<meta property=\"og:description\" content=\"P\u00e1gina oficial de la Fiscal\u00eda General de la Naci\u00f3n \u2013 Colombia. Garantizamos el acceso efectivo a la justicia, la verdad y la reparaci\u00f3n de las v\u00edctimas de los delitos.\" \/>\n<meta property=\"og:url\" content=\"https:\/\/www.fiscalia.gov.co\/colombia\/noticias\/a-la-carcel-tres-presuntos-integrantes-del-grupo-delincuencial-la-oficina-dedicado-al-trafico-de-narcoticos-y-de-armas-de-uso-privativo-de-las-fuerzas-armadas-en-tulua-valle-del-cauca\/\" \/>\n<meta property=\"og:site_name\" content=\"Fiscal\u00eda General de la Naci\u00f3n\" \/>\n<meta property=\"article:publisher\" content=\"https:\/\/www.facebook.com\/FiscaliaCol\" \/>\n<meta property=\"article:published_time\" content=\"2022-10-13T13:50:27+00:00\" \/>\n<meta property=\"og:image\" content=\"https:\/\/www.fiscalia.gov.co\/colombia\/wp-content\/uploads\/Foto-1.-La-Oficina.-Tulua-Valle..jpg\" \/>\n<meta name=\"author\" content=\"Katherine Loaiza Mart\u00ednez\" \/>\n<meta name=\"twitter:card\" content=\"summary_large_image\" \/>\n<meta name=\"twitter:creator\" content=\"@FiscaliaCol\" \/>\n<meta name=\"twitter:site\" content=\"@FiscaliaCol\" \/>\n<meta name=\"twitter:label1\" content=\"Escrito por\" \/>\n\t<meta name=\"twitter:data1\" content=\"Katherine Loaiza Mart\u00ednez\" \/>\n\t<meta name=\"twitter:label2\" content=\"Tiempo de lectura\" \/>\n\t<meta name=\"twitter:data2\" content=\"2 minutos\" \/>\n<script type=\"application\/ld+json\" class=\"yoast-schema-graph\">{\"@context\":\"https:\/\/schema.org\",\"@graph\":[{\"@type\":\"Article\",\"@id\":\"https:\/\/www.fiscalia.gov.co\/colombia\/noticias\/a-la-carcel-tres-presuntos-integrantes-del-grupo-delincuencial-la-oficina-dedicado-al-trafico-de-narcoticos-y-de-armas-de-uso-privativo-de-las-fuerzas-armadas-en-tulua-valle-del-cauca\/#article\",\"isPartOf\":{\"@id\":\"https:\/\/www.fiscalia.gov.co\/colombia\/noticias\/a-la-carcel-tres-presuntos-integrantes-del-grupo-delincuencial-la-oficina-dedicado-al-trafico-de-narcoticos-y-de-armas-de-uso-privativo-de-las-fuerzas-armadas-en-tulua-valle-del-cauca\/\"},\"author\":{\"name\":\"Katherine Loaiza Mart\u00ednez\",\"@id\":\"https:\/\/www.fiscalia.gov.co\/colombia\/#\/schema\/person\/2e76b9aba5ecf875ed565ce4de0e0415\"},\"headline\":\"A la c\u00e1rcel tres presuntos integrantes del grupo delincuencial, La Oficina, dedicado al tr\u00e1fico de narc\u00f3ticos y de armas de uso privativo de las fuerzas armadas en Tulu\u00e1 (Valle del Cauca)\u00a0\",\"datePublished\":\"2022-10-13T13:50:27+00:00\",\"dateModified\":\"2022-10-13T13:50:27+00:00\",\"mainEntityOfPage\":{\"@id\":\"https:\/\/www.fiscalia.gov.co\/colombia\/noticias\/a-la-carcel-tres-presuntos-integrantes-del-grupo-delincuencial-la-oficina-dedicado-al-trafico-de-narcoticos-y-de-armas-de-uso-privativo-de-las-fuerzas-armadas-en-tulua-valle-del-cauca\/\"},\"wordCount\":461,\"publisher\":{\"@id\":\"https:\/\/www.fiscalia.gov.co\/colombia\/#organization\"},\"image\":{\"@id\":\"https:\/\/www.fiscalia.gov.co\/colombia\/noticias\/a-la-carcel-tres-presuntos-integrantes-del-grupo-delincuencial-la-oficina-dedicado-al-trafico-de-narcoticos-y-de-armas-de-uso-privativo-de-las-fuerzas-armadas-en-tulua-valle-del-cauca\/#primaryimage\"},\"thumbnailUrl\":\"https:\/\/www.fiscalia.gov.co\/colombia\/wp-content\/uploads\/Foto-1.-La-Oficina.-Tulua-Valle..jpg\",\"keywords\":[\"alias \u2018Gomita\u2019\",\"alias \u2018Gordito\u2019\",\"C\u00e1rcel\",\"centro carcelario\",\"de uso privativo de Fuerzas Armadas o explosivos; terrorismo y tr\u00e1fico\",\"Fabricaci\u00f3n\",\"fabricaci\u00f3n o porte de estupefacientes;\u00a0capturados\",\"Fiscal Francisco Barbosa Delgado\",\"Fiscal General de la Naci\u00f3n\",\"Fiscal\u00eda Colombia\",\"Flagrancia\",\"Medida de aseguramiento\",\"munici\u00f3n de uso restringido\",\"Seccional Valle del Cauca\",\"Tr\u00e1fico y porte de armas\"],\"articleSection\":[\"Noticias\",\"Seccional Cali\",\"Seguridad territorial\"],\"inLanguage\":\"es-CO\"},{\"@type\":\"WebPage\",\"@id\":\"https:\/\/www.fiscalia.gov.co\/colombia\/noticias\/a-la-carcel-tres-presuntos-integrantes-del-grupo-delincuencial-la-oficina-dedicado-al-trafico-de-narcoticos-y-de-armas-de-uso-privativo-de-las-fuerzas-armadas-en-tulua-valle-del-cauca\/\",\"url\":\"https:\/\/www.fiscalia.gov.co\/colombia\/noticias\/a-la-carcel-tres-presuntos-integrantes-del-grupo-delincuencial-la-oficina-dedicado-al-trafico-de-narcoticos-y-de-armas-de-uso-privativo-de-las-fuerzas-armadas-en-tulua-valle-del-cauca\/\",\"name\":\"Fiscal\u00eda General de la Naci\u00f3n\",\"isPartOf\":{\"@id\":\"https:\/\/www.fiscalia.gov.co\/colombia\/#website\"},\"primaryImageOfPage\":{\"@id\":\"https:\/\/www.fiscalia.gov.co\/colombia\/noticias\/a-la-carcel-tres-presuntos-integrantes-del-grupo-delincuencial-la-oficina-dedicado-al-trafico-de-narcoticos-y-de-armas-de-uso-privativo-de-las-fuerzas-armadas-en-tulua-valle-del-cauca\/#primaryimage\"},\"image\":{\"@id\":\"https:\/\/www.fiscalia.gov.co\/colombia\/noticias\/a-la-carcel-tres-presuntos-integrantes-del-grupo-delincuencial-la-oficina-dedicado-al-trafico-de-narcoticos-y-de-armas-de-uso-privativo-de-las-fuerzas-armadas-en-tulua-valle-del-cauca\/#primaryimage\"},\"thumbnailUrl\":\"https:\/\/www.fiscalia.gov.co\/colombia\/wp-content\/uploads\/Foto-1.-La-Oficina.-Tulua-Valle..jpg\",\"datePublished\":\"2022-10-13T13:50:27+00:00\",\"dateModified\":\"2022-10-13T13:50:27+00:00\",\"description\":\"P\u00e1gina oficial de la Fiscal\u00eda General de la Naci\u00f3n \u2013 Colombia. Garantizamos el acceso efectivo a la justicia, la verdad y la reparaci\u00f3n de las v\u00edctimas de los delitos.\",\"breadcrumb\":{\"@id\":\"https:\/\/www.fiscalia.gov.co\/colombia\/noticias\/a-la-carcel-tres-presuntos-integrantes-del-grupo-delincuencial-la-oficina-dedicado-al-trafico-de-narcoticos-y-de-armas-de-uso-privativo-de-las-fuerzas-armadas-en-tulua-valle-del-cauca\/#breadcrumb\"},\"inLanguage\":\"es-CO\",\"potentialAction\":[{\"@type\":\"ReadAction\",\"target\":[\"https:\/\/www.fiscalia.gov.co\/colombia\/noticias\/a-la-carcel-tres-presuntos-integrantes-del-grupo-delincuencial-la-oficina-dedicado-al-trafico-de-narcoticos-y-de-armas-de-uso-privativo-de-las-fuerzas-armadas-en-tulua-valle-del-cauca\/\"]}]},{\"@type\":\"ImageObject\",\"inLanguage\":\"es-CO\",\"@id\":\"https:\/\/www.fiscalia.gov.co\/colombia\/noticias\/a-la-carcel-tres-presuntos-integrantes-del-grupo-delincuencial-la-oficina-dedicado-al-trafico-de-narcoticos-y-de-armas-de-uso-privativo-de-las-fuerzas-armadas-en-tulua-valle-del-cauca\/#primaryimage\",\"url\":\"https:\/\/www.fiscalia.gov.co\/colombia\/wp-content\/uploads\/Foto-1.-La-Oficina.-Tulua-Valle..jpg\",\"contentUrl\":\"https:\/\/www.fiscalia.gov.co\/colombia\/wp-content\/uploads\/Foto-1.-La-Oficina.-Tulua-Valle..jpg\",\"width\":1280,\"height\":960,\"caption\":\"Tres presuntos integrantes del grupo delictivo \u2018La Oficina\u2019, judicializados por porte ilegal de armas de uso privativo, de estupefacientes y terrorismo, en Tulu\u00e1 (Valle).\"},{\"@type\":\"BreadcrumbList\",\"@id\":\"https:\/\/www.fiscalia.gov.co\/colombia\/noticias\/a-la-carcel-tres-presuntos-integrantes-del-grupo-delincuencial-la-oficina-dedicado-al-trafico-de-narcoticos-y-de-armas-de-uso-privativo-de-las-fuerzas-armadas-en-tulua-valle-del-cauca\/#breadcrumb\",\"itemListElement\":[{\"@type\":\"ListItem\",\"position\":1,\"name\":\"Home\",\"item\":\"https:\/\/www.fiscalia.gov.co\/colombia\/\"},{\"@type\":\"ListItem\",\"position\":2,\"name\":\"A la c\u00e1rcel tres presuntos integrantes del grupo delincuencial, La Oficina, dedicado al tr\u00e1fico de narc\u00f3ticos y de armas de uso privativo de las fuerzas armadas en Tulu\u00e1 (Valle del Cauca)\u00a0\"}]},{\"@type\":\"WebSite\",\"@id\":\"https:\/\/www.fiscalia.gov.co\/colombia\/#website\",\"url\":\"https:\/\/www.fiscalia.gov.co\/colombia\/\",\"name\":\"Fiscal\u00eda General de la Naci\u00f3n\",\"description\":\"P\u00e1gina oficial de la Fiscal\u00eda General de la Naci\u00f3n \u2013 Colombia. Garantizamos el acceso efectivo a la justicia, la verdad y la reparaci\u00f3n de las v\u00edctimas de los delitos.\",\"publisher\":{\"@id\":\"https:\/\/www.fiscalia.gov.co\/colombia\/#organization\"},\"potentialAction\":[{\"@type\":\"SearchAction\",\"target\":{\"@type\":\"EntryPoint\",\"urlTemplate\":\"https:\/\/www.fiscalia.gov.co\/colombia\/?s={search_term_string}\"},\"query-input\":{\"@type\":\"PropertyValueSpecification\",\"valueRequired\":true,\"valueName\":\"search_term_string\"}}],\"inLanguage\":\"es-CO\"},{\"@type\":\"Organization\",\"@id\":\"https:\/\/www.fiscalia.gov.co\/colombia\/#organization\",\"name\":\"Fiscal\u00eda General de la Naci\u00f3n\",\"url\":\"https:\/\/www.fiscalia.gov.co\/colombia\/\",\"logo\":{\"@type\":\"ImageObject\",\"inLanguage\":\"es-CO\",\"@id\":\"https:\/\/www.fiscalia.gov.co\/colombia\/#\/schema\/logo\/image\/\",\"url\":\"https:\/\/www.fiscalia.gov.co\/colombia\/wp-content\/uploads\/LogoHorizontal_1.jpg\",\"contentUrl\":\"https:\/\/www.fiscalia.gov.co\/colombia\/wp-content\/uploads\/LogoHorizontal_1.jpg\",\"width\":300,\"height\":90,\"caption\":\"Fiscal\u00eda General de la Naci\u00f3n\"},\"image\":{\"@id\":\"https:\/\/www.fiscalia.gov.co\/colombia\/#\/schema\/logo\/image\/\"},\"sameAs\":[\"https:\/\/www.facebook.com\/FiscaliaCol\",\"https:\/\/x.com\/FiscaliaCol\",\"https:\/\/www.instagram.com\/fiscaliacol\",\"https:\/\/www.linkedin.com\/company\/fiscalia-general-de-la-naci-n\/\",\"https:\/\/youtube.com\/@fiscaliageneraldelanacion-4668?si=6nN79nyQICPU5iTh\"]},{\"@type\":\"Person\",\"@id\":\"https:\/\/www.fiscalia.gov.co\/colombia\/#\/schema\/person\/2e76b9aba5ecf875ed565ce4de0e0415\",\"name\":\"Katherine Loaiza Mart\u00ednez\",\"image\":{\"@type\":\"ImageObject\",\"inLanguage\":\"es-CO\",\"@id\":\"https:\/\/www.fiscalia.gov.co\/colombia\/#\/schema\/person\/image\/\",\"url\":\"https:\/\/secure.gravatar.com\/avatar\/ab775a2f394c1b83b6d6f78680e57b50?s=96&d=mm&r=g\",\"contentUrl\":\"https:\/\/secure.gravatar.com\/avatar\/ab775a2f394c1b83b6d6f78680e57b50?s=96&d=mm&r=g\",\"caption\":\"Katherine Loaiza Mart\u00ednez\"},\"url\":\"https:\/\/www.fiscalia.gov.co\/colombia\/author\/kloaiza\/\"}]}<\/script>\n<!-- \/ Yoast SEO plugin. -->","yoast_head_json":{"title":"Fiscal\u00eda General de la Naci\u00f3n","description":"P\u00e1gina oficial de la Fiscal\u00eda General de la Naci\u00f3n \u2013 Colombia. Garantizamos el acceso efectivo a la justicia, la verdad y la reparaci\u00f3n de las v\u00edctimas de los delitos.","robots":{"index":"noindex","follow":"follow"},"og_locale":"es_ES","og_type":"article","og_title":"Fiscal\u00eda General de la Naci\u00f3n","og_description":"P\u00e1gina oficial de la Fiscal\u00eda General de la Naci\u00f3n \u2013 Colombia. Garantizamos el acceso efectivo a la justicia, la verdad y la reparaci\u00f3n de las v\u00edctimas de los delitos.","og_url":"https:\/\/www.fiscalia.gov.co\/colombia\/noticias\/a-la-carcel-tres-presuntos-integrantes-del-grupo-delincuencial-la-oficina-dedicado-al-trafico-de-narcoticos-y-de-armas-de-uso-privativo-de-las-fuerzas-armadas-en-tulua-valle-del-cauca\/","og_site_name":"Fiscal\u00eda General de la Naci\u00f3n","article_publisher":"https:\/\/www.facebook.com\/FiscaliaCol","article_published_time":"2022-10-13T13:50:27+00:00","og_image":[{"url":"https:\/\/www.fiscalia.gov.co\/colombia\/wp-content\/uploads\/Foto-1.-La-Oficina.-Tulua-Valle..jpg","type":"","width":"","height":""}],"author":"Katherine Loaiza Mart\u00ednez","twitter_card":"summary_large_image","twitter_creator":"@FiscaliaCol","twitter_site":"@FiscaliaCol","twitter_misc":{"Escrito por":"Katherine Loaiza Mart\u00ednez","Tiempo de lectura":"2 minutos"},"schema":{"@context":"https:\/\/schema.org","@graph":[{"@type":"Article","@id":"https:\/\/www.fiscalia.gov.co\/colombia\/noticias\/a-la-carcel-tres-presuntos-integrantes-del-grupo-delincuencial-la-oficina-dedicado-al-trafico-de-narcoticos-y-de-armas-de-uso-privativo-de-las-fuerzas-armadas-en-tulua-valle-del-cauca\/#article","isPartOf":{"@id":"https:\/\/www.fiscalia.gov.co\/colombia\/noticias\/a-la-carcel-tres-presuntos-integrantes-del-grupo-delincuencial-la-oficina-dedicado-al-trafico-de-narcoticos-y-de-armas-de-uso-privativo-de-las-fuerzas-armadas-en-tulua-valle-del-cauca\/"},"author":{"name":"Katherine Loaiza Mart\u00ednez","@id":"https:\/\/www.fiscalia.gov.co\/colombia\/#\/schema\/person\/2e76b9aba5ecf875ed565ce4de0e0415"},"headline":"A la c\u00e1rcel tres presuntos integrantes del grupo delincuencial, La Oficina, dedicado al tr\u00e1fico de narc\u00f3ticos y de armas de uso privativo de las fuerzas armadas en Tulu\u00e1 (Valle del Cauca)\u00a0","datePublished":"2022-10-13T13:50:27+00:00","dateModified":"2022-10-13T13:50:27+00:00","mainEntityOfPage":{"@id":"https:\/\/www.fiscalia.gov.co\/colombia\/noticias\/a-la-carcel-tres-presuntos-integrantes-del-grupo-delincuencial-la-oficina-dedicado-al-trafico-de-narcoticos-y-de-armas-de-uso-privativo-de-las-fuerzas-armadas-en-tulua-valle-del-cauca\/"},"wordCount":461,"publisher":{"@id":"https:\/\/www.fiscalia.gov.co\/colombia\/#organization"},"image":{"@id":"https:\/\/www.fiscalia.gov.co\/colombia\/noticias\/a-la-carcel-tres-presuntos-integrantes-del-grupo-delincuencial-la-oficina-dedicado-al-trafico-de-narcoticos-y-de-armas-de-uso-privativo-de-las-fuerzas-armadas-en-tulua-valle-del-cauca\/#primaryimage"},"thumbnailUrl":"https:\/\/www.fiscalia.gov.co\/colombia\/wp-content\/uploads\/Foto-1.-La-Oficina.-Tulua-Valle..jpg","keywords":["alias \u2018Gomita\u2019","alias \u2018Gordito\u2019","C\u00e1rcel","centro carcelario","de uso privativo de Fuerzas Armadas o explosivos; terrorismo y tr\u00e1fico","Fabricaci\u00f3n","fabricaci\u00f3n o porte de estupefacientes;\u00a0capturados","Fiscal Francisco Barbosa Delgado","Fiscal General de la Naci\u00f3n","Fiscal\u00eda Colombia","Flagrancia","Medida de aseguramiento","munici\u00f3n de uso restringido","Seccional Valle del Cauca","Tr\u00e1fico y porte de armas"],"articleSection":["Noticias","Seccional Cali","Seguridad territorial"],"inLanguage":"es-CO"},{"@type":"WebPage","@id":"https:\/\/www.fiscalia.gov.co\/colombia\/noticias\/a-la-carcel-tres-presuntos-integrantes-del-grupo-delincuencial-la-oficina-dedicado-al-trafico-de-narcoticos-y-de-armas-de-uso-privativo-de-las-fuerzas-armadas-en-tulua-valle-del-cauca\/","url":"https:\/\/www.fiscalia.gov.co\/colombia\/noticias\/a-la-carcel-tres-presuntos-integrantes-del-grupo-delincuencial-la-oficina-dedicado-al-trafico-de-narcoticos-y-de-armas-de-uso-privativo-de-las-fuerzas-armadas-en-tulua-valle-del-cauca\/","name":"Fiscal\u00eda General de la Naci\u00f3n","isPartOf":{"@id":"https:\/\/www.fiscalia.gov.co\/colombia\/#website"},"primaryImageOfPage":{"@id":"https:\/\/www.fiscalia.gov.co\/colombia\/noticias\/a-la-carcel-tres-presuntos-integrantes-del-grupo-delincuencial-la-oficina-dedicado-al-trafico-de-narcoticos-y-de-armas-de-uso-privativo-de-las-fuerzas-armadas-en-tulua-valle-del-cauca\/#primaryimage"},"image":{"@id":"https:\/\/www.fiscalia.gov.co\/colombia\/noticias\/a-la-carcel-tres-presuntos-integrantes-del-grupo-delincuencial-la-oficina-dedicado-al-trafico-de-narcoticos-y-de-armas-de-uso-privativo-de-las-fuerzas-armadas-en-tulua-valle-del-cauca\/#primaryimage"},"thumbnailUrl":"https:\/\/www.fiscalia.gov.co\/colombia\/wp-content\/uploads\/Foto-1.-La-Oficina.-Tulua-Valle..jpg","datePublished":"2022-10-13T13:50:27+00:00","dateModified":"2022-10-13T13:50:27+00:00","description":"P\u00e1gina oficial de la Fiscal\u00eda General de la Naci\u00f3n \u2013 Colombia. Garantizamos el acceso efectivo a la justicia, la verdad y la reparaci\u00f3n de las v\u00edctimas de los delitos.","breadcrumb":{"@id":"https:\/\/www.fiscalia.gov.co\/colombia\/noticias\/a-la-carcel-tres-presuntos-integrantes-del-grupo-delincuencial-la-oficina-dedicado-al-trafico-de-narcoticos-y-de-armas-de-uso-privativo-de-las-fuerzas-armadas-en-tulua-valle-del-cauca\/#breadcrumb"},"inLanguage":"es-CO","potentialAction":[{"@type":"ReadAction","target":["https:\/\/www.fiscalia.gov.co\/colombia\/noticias\/a-la-carcel-tres-presuntos-integrantes-del-grupo-delincuencial-la-oficina-dedicado-al-trafico-de-narcoticos-y-de-armas-de-uso-privativo-de-las-fuerzas-armadas-en-tulua-valle-del-cauca\/"]}]},{"@type":"ImageObject","inLanguage":"es-CO","@id":"https:\/\/www.fiscalia.gov.co\/colombia\/noticias\/a-la-carcel-tres-presuntos-integrantes-del-grupo-delincuencial-la-oficina-dedicado-al-trafico-de-narcoticos-y-de-armas-de-uso-privativo-de-las-fuerzas-armadas-en-tulua-valle-del-cauca\/#primaryimage","url":"https:\/\/www.fiscalia.gov.co\/colombia\/wp-content\/uploads\/Foto-1.-La-Oficina.-Tulua-Valle..jpg","contentUrl":"https:\/\/www.fiscalia.gov.co\/colombia\/wp-content\/uploads\/Foto-1.-La-Oficina.-Tulua-Valle..jpg","width":1280,"height":960,"caption":"Tres presuntos integrantes del grupo delictivo \u2018La Oficina\u2019, judicializados por porte ilegal de armas de uso privativo, de estupefacientes y terrorismo, en Tulu\u00e1 (Valle)."},{"@type":"BreadcrumbList","@id":"https:\/\/www.fiscalia.gov.co\/colombia\/noticias\/a-la-carcel-tres-presuntos-integrantes-del-grupo-delincuencial-la-oficina-dedicado-al-trafico-de-narcoticos-y-de-armas-de-uso-privativo-de-las-fuerzas-armadas-en-tulua-valle-del-cauca\/#breadcrumb","itemListElement":[{"@type":"ListItem","position":1,"name":"Home","item":"https:\/\/www.fiscalia.gov.co\/colombia\/"},{"@type":"ListItem","position":2,"name":"A la c\u00e1rcel tres presuntos integrantes del grupo delincuencial, La Oficina, dedicado al tr\u00e1fico de narc\u00f3ticos y de armas de uso privativo de las fuerzas armadas en Tulu\u00e1 (Valle del Cauca)\u00a0"}]},{"@type":"WebSite","@id":"https:\/\/www.fiscalia.gov.co\/colombia\/#website","url":"https:\/\/www.fiscalia.gov.co\/colombia\/","name":"Fiscal\u00eda General de la Naci\u00f3n","description":"P\u00e1gina oficial de la Fiscal\u00eda General de la Naci\u00f3n \u2013 Colombia. Garantizamos el acceso efectivo a la justicia, la verdad y la reparaci\u00f3n de las v\u00edctimas de los delitos.","publisher":{"@id":"https:\/\/www.fiscalia.gov.co\/colombia\/#organization"},"potentialAction":[{"@type":"SearchAction","target":{"@type":"EntryPoint","urlTemplate":"https:\/\/www.fiscalia.gov.co\/colombia\/?s={search_term_string}"},"query-input":{"@type":"PropertyValueSpecification","valueRequired":true,"valueName":"search_term_string"}}],"inLanguage":"es-CO"},{"@type":"Organization","@id":"https:\/\/www.fiscalia.gov.co\/colombia\/#organization","name":"Fiscal\u00eda General de la Naci\u00f3n","url":"https:\/\/www.fiscalia.gov.co\/colombia\/","logo":{"@type":"ImageObject","inLanguage":"es-CO","@id":"https:\/\/www.fiscalia.gov.co\/colombia\/#\/schema\/logo\/image\/","url":"https:\/\/www.fiscalia.gov.co\/colombia\/wp-content\/uploads\/LogoHorizontal_1.jpg","contentUrl":"https:\/\/www.fiscalia.gov.co\/colombia\/wp-content\/uploads\/LogoHorizontal_1.jpg","width":300,"height":90,"caption":"Fiscal\u00eda General de la Naci\u00f3n"},"image":{"@id":"https:\/\/www.fiscalia.gov.co\/colombia\/#\/schema\/logo\/image\/"},"sameAs":["https:\/\/www.facebook.com\/FiscaliaCol","https:\/\/x.com\/FiscaliaCol","https:\/\/www.instagram.com\/fiscaliacol","https:\/\/www.linkedin.com\/company\/fiscalia-general-de-la-naci-n\/","https:\/\/youtube.com\/@fiscaliageneraldelanacion-4668?si=6nN79nyQICPU5iTh"]},{"@type":"Person","@id":"https:\/\/www.fiscalia.gov.co\/colombia\/#\/schema\/person\/2e76b9aba5ecf875ed565ce4de0e0415","name":"Katherine Loaiza Mart\u00ednez","image":{"@type":"ImageObject","inLanguage":"es-CO","@id":"https:\/\/www.fiscalia.gov.co\/colombia\/#\/schema\/person\/image\/","url":"https:\/\/secure.gravatar.com\/avatar\/ab775a2f394c1b83b6d6f78680e57b50?s=96&d=mm&r=g","contentUrl":"https:\/\/secure.gravatar.com\/avatar\/ab775a2f394c1b83b6d6f78680e57b50?s=96&d=mm&r=g","caption":"Katherine Loaiza Mart\u00ednez"},"url":"https:\/\/www.fiscalia.gov.co\/colombia\/author\/kloaiza\/"}]}},"_links":{"self":[{"href":"https:\/\/www.fiscalia.gov.co\/colombia\/wp-json\/wp\/v2\/posts\/259170","targetHints":{"allow":["GET"]}}],"collection":[{"href":"https:\/\/www.fiscalia.gov.co\/colombia\/wp-json\/wp\/v2\/posts"}],"about":[{"href":"https:\/\/www.fiscalia.gov.co\/colombia\/wp-json\/wp\/v2\/types\/post"}],"author":[{"embeddable":true,"href":"https:\/\/www.fiscalia.gov.co\/colombia\/wp-json\/wp\/v2\/users\/175"}],"replies":[{"embeddable":true,"href":"https:\/\/www.fiscalia.gov.co\/colombia\/wp-json\/wp\/v2\/comments?post=259170"}],"version-history":[{"count":1,"href":"https:\/\/www.fiscalia.gov.co\/colombia\/wp-json\/wp\/v2\/posts\/259170\/revisions"}],"predecessor-version":[{"id":259172,"href":"https:\/\/www.fiscalia.gov.co\/colombia\/wp-json\/wp\/v2\/posts\/259170\/revisions\/259172"}],"wp:attachment":[{"href":"https:\/\/www.fiscalia.gov.co\/colombia\/wp-json\/wp\/v2\/media?parent=259170"}],"wp:term":[{"taxonomy":"category","embeddable":true,"href":"https:\/\/www.fiscalia.gov.co\/colombia\/wp-json\/wp\/v2\/categories?post=259170"},{"taxonomy":"post_tag","embeddable":true,"href":"https:\/\/www.fiscalia.gov.co\/colombia\/wp-json\/wp\/v2\/tags?post=259170"}],"curies":[{"name":"wp","href":"https:\/\/api.w.org\/{rel}","templated":true}]}}