{"id":259100,"date":"2022-10-12T11:22:30","date_gmt":"2022-10-12T16:22:30","guid":{"rendered":"https:\/\/www.fiscalia.gov.co\/colombia\/?p=259100"},"modified":"2022-10-12T11:22:30","modified_gmt":"2022-10-12T16:22:30","slug":"privadas-de-la-libertad-cuatro-personas-que-estarian-transportando-marihuana-en-putumayo","status":"publish","type":"post","link":"https:\/\/www.fiscalia.gov.co\/colombia\/noticias\/privadas-de-la-libertad-cuatro-personas-que-estarian-transportando-marihuana-en-putumayo\/","title":{"rendered":"Privadas de la libertad cuatro personas que estar\u00edan transportando marihuana en Putumayo\u00a0\u00a0"},"content":{"rendered":"<p>Acogiendo los argumentos de una fiscal de la Direcci\u00f3n Especializada Contra el Narcotr\u00e1fico, cuatro personas al parecer implicadas en transporte de sustancias estupefacientes fueron cobijadas con medidas privativas de la libertad por\u00a0un juez con funci\u00f3n de control de garant\u00edas.<\/p>\n<figure id=\"attachment_259101\" aria-describedby=\"caption-attachment-259101\" style=\"width: 1001px\" class=\"wp-caption aligncenter\"><img loading=\"lazy\" decoding=\"async\" class=\"size-full wp-image-259101\" src=\"https:\/\/www.fiscalia.gov.co\/colombia\/wp-content\/uploads\/Cuatro-capturados-transportando-estupefacientes-Putumayo.jpeg\" alt=\"En la fotograf\u00eda aparecen cuatro capturados, junto a personal de Polic\u00eda Nacional. En la parte posterior de la imagen se ven banners de Polic\u00eda Nacional y la Fiscal\u00eda General de la Naci\u00f3n.  \" width=\"1001\" height=\"720\" srcset=\"https:\/\/www.fiscalia.gov.co\/colombia\/wp-content\/uploads\/Cuatro-capturados-transportando-estupefacientes-Putumayo.jpeg 1001w, https:\/\/www.fiscalia.gov.co\/colombia\/wp-content\/uploads\/Cuatro-capturados-transportando-estupefacientes-Putumayo-300x216.jpeg 300w, https:\/\/www.fiscalia.gov.co\/colombia\/wp-content\/uploads\/Cuatro-capturados-transportando-estupefacientes-Putumayo-768x552.jpeg 768w, https:\/\/www.fiscalia.gov.co\/colombia\/wp-content\/uploads\/Cuatro-capturados-transportando-estupefacientes-Putumayo-696x501.jpeg 696w, https:\/\/www.fiscalia.gov.co\/colombia\/wp-content\/uploads\/Cuatro-capturados-transportando-estupefacientes-Putumayo-584x420.jpeg 584w\" sizes=\"auto, (max-width: 1001px) 100vw, 1001px\" \/><figcaption id=\"caption-attachment-259101\" class=\"wp-caption-text\">Jos\u00e9 F\u00e9lix Maigual Ramos, Lina Marcela Velazco, Gerson Yojhan Monta\u00f1o Guevara y Cristian Fernando Meza Ordo\u00f1ez se movilizaban en un autom\u00f3vil al parecer con 94 kilos de marihuana por la v\u00eda que conduce de Pitalito (Huila) a Mocoa (Putumayo).<\/figcaption><\/figure>\n<p>Jos\u00e9 F\u00e9lix Maigual Ramos, Lina Marcela Velazco, Gerson Yojhan Monta\u00f1o Guevara y Cristian Fernando Meza Ordo\u00f1ez se movilizaban en un autom\u00f3vil al parecer con 94 kilos y 150 gramos de marihuana por la v\u00eda que conduce de Pitalito (Huila) a Mocoa (Putumayo).<\/p>\n<p>Personal de Polic\u00eda Nacional y Ej\u00e9rcito\u00a0detuvieron el veh\u00edculo en un puesto de control que el conductor quiso eludir tratando\u00a0 de\u00a0arrollar a uno de los uniformados.<\/p>\n<p>Los judicializados no aceptaron cargos por los delitos de tr\u00e1fico, fabricaci\u00f3n o porte de estupefacientes. Los hombres fueron enviados a la c\u00e1rcel, mientras\u00a0 que la mujer fue asegurada en su lugar de residencia por ser madre cabeza de familia.<\/p>\n<p>La Fiscal\u00eda habla con resultados.<\/p>\n<p>LMGM\/CFG\/YCSL\/DSP<\/p>\n<p><em>La informaci\u00f3n contenida en este bolet\u00edn de prensa corresponde a la narraci\u00f3n de los hechos noticiosos objetivos, suministrados por los funcionarios encargados de adelantar las investigaciones penales al interior de la Fiscal\u00eda General de la Naci\u00f3n. Para el momento de la divulgaci\u00f3n de este comunicado, la situaci\u00f3n jur\u00eddica de la(s) persona(s) relacionada(s) se encuentra pendiente de resolver por la autoridad judicial competente, siempre bajo los preceptos de la presunci\u00f3n de inocencia, consagrados en el art\u00edculo 29 de la Constituci\u00f3n Pol\u00edtica y el art\u00edculo 7\u00ba de la Ley 906 de 2004.\u00a0<\/em><\/p>\n<p>&nbsp;<\/p>\n<p><strong>Tambi\u00e9n le puede interesar:<\/strong>\u00a0\u00a0<u><a href=\"https:\/\/www.fiscalia.gov.co\/colombia\/noticias\/a-tres-presuntos-integrantes-de-la-banda-delincuencial-los-buitres-se-les-impuso-medida-de-aseguramiento-de-detencion-carcelaria-por-hurto-violento-en-neiva-huila\/\">A tres presuntos integrantes de la banda delincuencial Los Buitres se les impuso medida de aseguramiento de detenci\u00f3n carcelaria por\u00a0 hurto violento en Neiva (Huila)<\/a><\/u><\/p>\n\n<div class=\"twitter-share\"><a href=\"https:\/\/twitter.com\/intent\/tweet?via=fiscaliacol\" class=\"twitter-share-button\">Tweet<\/a><\/div>\n","protected":false},"excerpt":{"rendered":"<p>Acogiendo los argumentos de una fiscal de la Direcci\u00f3n Especializada Contra el Narcotr\u00e1fico, cuatro personas al parecer implicadas en transporte de sustancias estupefacientes fueron cobijadas con medidas privativas de la libertad por\u00a0un juez con funci\u00f3n de control de garant\u00edas. Jos\u00e9 F\u00e9lix Maigual Ramos, Lina Marcela Velazco, Gerson Yojhan Monta\u00f1o Guevara y Cristian Fernando Meza Ordo\u00f1ez [&hellip;]<\/p>\n","protected":false},"author":175,"featured_media":0,"comment_status":"closed","ping_status":"open","sticky":false,"template":"","format":"standard","meta":{"_price":"","_stock":"","_tribe_ticket_header":"","_tribe_default_ticket_provider":"","_tribe_ticket_capacity":"0","_ticket_start_date":"","_ticket_end_date":"","_tribe_ticket_show_description":"","_tribe_ticket_show_not_going":false,"_tribe_ticket_use_global_stock":"","_tribe_ticket_global_stock_level":"","_global_stock_mode":"","_global_stock_cap":"","_tribe_rsvp_for_event":"","_tribe_ticket_going_count":"","_tribe_ticket_not_going_count":"","_tribe_tickets_list":"[]","_tribe_ticket_has_attendee_info_fields":false,"tdm_status":"","tdm_grid_status":"","footnotes":""},"categories":[1,2910,24103],"tags":[26473,50,24189,16,23889,2723,2279,14236],"class_list":{"0":"post-259100","1":"post","2":"type-post","3":"status-publish","4":"format-standard","6":"category-noticias","7":"category-seccional-mocoa","8":"category-trafico-de-estupefacientes","9":"tag-comercializar","10":"tag-estupefacientes","11":"tag-fiscal-francisco-barbosa-delgado","12":"tag-huila","13":"tag-mocoa","14":"tag-pitalito","15":"tag-putumayo","16":"tag-transportar"},"yoast_head":"<!-- This site is optimized with the Yoast SEO plugin v24.3 - https:\/\/yoast.com\/wordpress\/plugins\/seo\/ -->\n<title>Fiscal\u00eda General de la Naci\u00f3n<\/title>\n<meta name=\"description\" content=\"P\u00e1gina oficial de la Fiscal\u00eda General de la Naci\u00f3n \u2013 Colombia. Garantizamos el acceso efectivo a la justicia, la verdad y la reparaci\u00f3n de las v\u00edctimas de los delitos.\" \/>\n<meta name=\"robots\" content=\"noindex, follow\" \/>\n<meta property=\"og:locale\" content=\"es_ES\" \/>\n<meta property=\"og:type\" content=\"article\" \/>\n<meta property=\"og:title\" content=\"Fiscal\u00eda General de la Naci\u00f3n\" \/>\n<meta property=\"og:description\" content=\"P\u00e1gina oficial de la Fiscal\u00eda General de la Naci\u00f3n \u2013 Colombia. Garantizamos el acceso efectivo a la justicia, la verdad y la reparaci\u00f3n de las v\u00edctimas de los delitos.\" \/>\n<meta property=\"og:url\" content=\"https:\/\/www.fiscalia.gov.co\/colombia\/noticias\/privadas-de-la-libertad-cuatro-personas-que-estarian-transportando-marihuana-en-putumayo\/\" \/>\n<meta property=\"og:site_name\" content=\"Fiscal\u00eda General de la Naci\u00f3n\" \/>\n<meta property=\"article:publisher\" content=\"https:\/\/www.facebook.com\/FiscaliaCol\" \/>\n<meta property=\"article:published_time\" content=\"2022-10-12T16:22:30+00:00\" \/>\n<meta property=\"og:image\" content=\"https:\/\/www.fiscalia.gov.co\/colombia\/wp-content\/uploads\/Cuatro-capturados-transportando-estupefacientes-Putumayo.jpeg\" \/>\n<meta name=\"author\" content=\"Katherine Loaiza Mart\u00ednez\" \/>\n<meta name=\"twitter:card\" content=\"summary_large_image\" \/>\n<meta name=\"twitter:creator\" content=\"@FiscaliaCol\" \/>\n<meta name=\"twitter:site\" content=\"@FiscaliaCol\" \/>\n<meta name=\"twitter:label1\" content=\"Escrito por\" \/>\n\t<meta name=\"twitter:data1\" content=\"Katherine Loaiza Mart\u00ednez\" \/>\n\t<meta name=\"twitter:label2\" content=\"Tiempo de lectura\" \/>\n\t<meta name=\"twitter:data2\" content=\"2 minutos\" \/>\n<script type=\"application\/ld+json\" class=\"yoast-schema-graph\">{\"@context\":\"https:\/\/schema.org\",\"@graph\":[{\"@type\":\"Article\",\"@id\":\"https:\/\/www.fiscalia.gov.co\/colombia\/noticias\/privadas-de-la-libertad-cuatro-personas-que-estarian-transportando-marihuana-en-putumayo\/#article\",\"isPartOf\":{\"@id\":\"https:\/\/www.fiscalia.gov.co\/colombia\/noticias\/privadas-de-la-libertad-cuatro-personas-que-estarian-transportando-marihuana-en-putumayo\/\"},\"author\":{\"name\":\"Katherine Loaiza Mart\u00ednez\",\"@id\":\"https:\/\/www.fiscalia.gov.co\/colombia\/#\/schema\/person\/2e76b9aba5ecf875ed565ce4de0e0415\"},\"headline\":\"Privadas de la libertad cuatro personas que estar\u00edan transportando marihuana en Putumayo\u00a0\u00a0\",\"datePublished\":\"2022-10-12T16:22:30+00:00\",\"dateModified\":\"2022-10-12T16:22:30+00:00\",\"mainEntityOfPage\":{\"@id\":\"https:\/\/www.fiscalia.gov.co\/colombia\/noticias\/privadas-de-la-libertad-cuatro-personas-que-estarian-transportando-marihuana-en-putumayo\/\"},\"wordCount\":368,\"publisher\":{\"@id\":\"https:\/\/www.fiscalia.gov.co\/colombia\/#organization\"},\"image\":{\"@id\":\"https:\/\/www.fiscalia.gov.co\/colombia\/noticias\/privadas-de-la-libertad-cuatro-personas-que-estarian-transportando-marihuana-en-putumayo\/#primaryimage\"},\"thumbnailUrl\":\"https:\/\/www.fiscalia.gov.co\/colombia\/wp-content\/uploads\/Cuatro-capturados-transportando-estupefacientes-Putumayo.jpeg\",\"keywords\":[\"comercializar\",\"Estupefacientes\",\"Fiscal Francisco Barbosa Delgado\",\"Huila\",\"Mocoa\",\"Pitalito\",\"Putumayo\",\"Transportar\"],\"articleSection\":[\"Noticias\",\"Seccional Mocoa\",\"Tr\u00e1fico de estupefacientes\"],\"inLanguage\":\"es-CO\"},{\"@type\":\"WebPage\",\"@id\":\"https:\/\/www.fiscalia.gov.co\/colombia\/noticias\/privadas-de-la-libertad-cuatro-personas-que-estarian-transportando-marihuana-en-putumayo\/\",\"url\":\"https:\/\/www.fiscalia.gov.co\/colombia\/noticias\/privadas-de-la-libertad-cuatro-personas-que-estarian-transportando-marihuana-en-putumayo\/\",\"name\":\"Fiscal\u00eda General de la Naci\u00f3n\",\"isPartOf\":{\"@id\":\"https:\/\/www.fiscalia.gov.co\/colombia\/#website\"},\"primaryImageOfPage\":{\"@id\":\"https:\/\/www.fiscalia.gov.co\/colombia\/noticias\/privadas-de-la-libertad-cuatro-personas-que-estarian-transportando-marihuana-en-putumayo\/#primaryimage\"},\"image\":{\"@id\":\"https:\/\/www.fiscalia.gov.co\/colombia\/noticias\/privadas-de-la-libertad-cuatro-personas-que-estarian-transportando-marihuana-en-putumayo\/#primaryimage\"},\"thumbnailUrl\":\"https:\/\/www.fiscalia.gov.co\/colombia\/wp-content\/uploads\/Cuatro-capturados-transportando-estupefacientes-Putumayo.jpeg\",\"datePublished\":\"2022-10-12T16:22:30+00:00\",\"dateModified\":\"2022-10-12T16:22:30+00:00\",\"description\":\"P\u00e1gina oficial de la Fiscal\u00eda General de la Naci\u00f3n \u2013 Colombia. Garantizamos el acceso efectivo a la justicia, la verdad y la reparaci\u00f3n de las v\u00edctimas de los delitos.\",\"breadcrumb\":{\"@id\":\"https:\/\/www.fiscalia.gov.co\/colombia\/noticias\/privadas-de-la-libertad-cuatro-personas-que-estarian-transportando-marihuana-en-putumayo\/#breadcrumb\"},\"inLanguage\":\"es-CO\",\"potentialAction\":[{\"@type\":\"ReadAction\",\"target\":[\"https:\/\/www.fiscalia.gov.co\/colombia\/noticias\/privadas-de-la-libertad-cuatro-personas-que-estarian-transportando-marihuana-en-putumayo\/\"]}]},{\"@type\":\"ImageObject\",\"inLanguage\":\"es-CO\",\"@id\":\"https:\/\/www.fiscalia.gov.co\/colombia\/noticias\/privadas-de-la-libertad-cuatro-personas-que-estarian-transportando-marihuana-en-putumayo\/#primaryimage\",\"url\":\"https:\/\/www.fiscalia.gov.co\/colombia\/wp-content\/uploads\/Cuatro-capturados-transportando-estupefacientes-Putumayo.jpeg\",\"contentUrl\":\"https:\/\/www.fiscalia.gov.co\/colombia\/wp-content\/uploads\/Cuatro-capturados-transportando-estupefacientes-Putumayo.jpeg\",\"width\":1001,\"height\":720,\"caption\":\"Jos\u00e9 F\u00e9lix Maigual Ramos, Lina Marcela Velazco, Gerson Yojhan Monta\u00f1o Guevara y Cristian Fernando Meza Ordo\u00f1ez se movilizaban en un autom\u00f3vil al parecer con 94 kilos de marihuana por la v\u00eda que conduce de Pitalito (Huila) a Mocoa (Putumayo).\u00a0\u00a0\u00a0\"},{\"@type\":\"BreadcrumbList\",\"@id\":\"https:\/\/www.fiscalia.gov.co\/colombia\/noticias\/privadas-de-la-libertad-cuatro-personas-que-estarian-transportando-marihuana-en-putumayo\/#breadcrumb\",\"itemListElement\":[{\"@type\":\"ListItem\",\"position\":1,\"name\":\"Home\",\"item\":\"https:\/\/www.fiscalia.gov.co\/colombia\/\"},{\"@type\":\"ListItem\",\"position\":2,\"name\":\"Privadas de la libertad cuatro personas que estar\u00edan transportando marihuana en Putumayo\u00a0\u00a0\"}]},{\"@type\":\"WebSite\",\"@id\":\"https:\/\/www.fiscalia.gov.co\/colombia\/#website\",\"url\":\"https:\/\/www.fiscalia.gov.co\/colombia\/\",\"name\":\"Fiscal\u00eda General de la Naci\u00f3n\",\"description\":\"P\u00e1gina oficial de la Fiscal\u00eda General de la Naci\u00f3n \u2013 Colombia. Garantizamos el acceso efectivo a la justicia, la verdad y la reparaci\u00f3n de las v\u00edctimas de los delitos.\",\"publisher\":{\"@id\":\"https:\/\/www.fiscalia.gov.co\/colombia\/#organization\"},\"potentialAction\":[{\"@type\":\"SearchAction\",\"target\":{\"@type\":\"EntryPoint\",\"urlTemplate\":\"https:\/\/www.fiscalia.gov.co\/colombia\/?s={search_term_string}\"},\"query-input\":{\"@type\":\"PropertyValueSpecification\",\"valueRequired\":true,\"valueName\":\"search_term_string\"}}],\"inLanguage\":\"es-CO\"},{\"@type\":\"Organization\",\"@id\":\"https:\/\/www.fiscalia.gov.co\/colombia\/#organization\",\"name\":\"Fiscal\u00eda General de la Naci\u00f3n\",\"url\":\"https:\/\/www.fiscalia.gov.co\/colombia\/\",\"logo\":{\"@type\":\"ImageObject\",\"inLanguage\":\"es-CO\",\"@id\":\"https:\/\/www.fiscalia.gov.co\/colombia\/#\/schema\/logo\/image\/\",\"url\":\"https:\/\/www.fiscalia.gov.co\/colombia\/wp-content\/uploads\/LogoHorizontal_1.jpg\",\"contentUrl\":\"https:\/\/www.fiscalia.gov.co\/colombia\/wp-content\/uploads\/LogoHorizontal_1.jpg\",\"width\":300,\"height\":90,\"caption\":\"Fiscal\u00eda General de la Naci\u00f3n\"},\"image\":{\"@id\":\"https:\/\/www.fiscalia.gov.co\/colombia\/#\/schema\/logo\/image\/\"},\"sameAs\":[\"https:\/\/www.facebook.com\/FiscaliaCol\",\"https:\/\/x.com\/FiscaliaCol\",\"https:\/\/www.instagram.com\/fiscaliacol\",\"https:\/\/www.linkedin.com\/company\/fiscalia-general-de-la-naci-n\/\",\"https:\/\/youtube.com\/@fiscaliageneraldelanacion-4668?si=6nN79nyQICPU5iTh\"]},{\"@type\":\"Person\",\"@id\":\"https:\/\/www.fiscalia.gov.co\/colombia\/#\/schema\/person\/2e76b9aba5ecf875ed565ce4de0e0415\",\"name\":\"Katherine Loaiza Mart\u00ednez\",\"image\":{\"@type\":\"ImageObject\",\"inLanguage\":\"es-CO\",\"@id\":\"https:\/\/www.fiscalia.gov.co\/colombia\/#\/schema\/person\/image\/\",\"url\":\"https:\/\/secure.gravatar.com\/avatar\/ab775a2f394c1b83b6d6f78680e57b50?s=96&d=mm&r=g\",\"contentUrl\":\"https:\/\/secure.gravatar.com\/avatar\/ab775a2f394c1b83b6d6f78680e57b50?s=96&d=mm&r=g\",\"caption\":\"Katherine Loaiza Mart\u00ednez\"},\"url\":\"https:\/\/www.fiscalia.gov.co\/colombia\/author\/kloaiza\/\"}]}<\/script>\n<!-- \/ Yoast SEO plugin. -->","yoast_head_json":{"title":"Fiscal\u00eda General de la Naci\u00f3n","description":"P\u00e1gina oficial de la Fiscal\u00eda General de la Naci\u00f3n \u2013 Colombia. Garantizamos el acceso efectivo a la justicia, la verdad y la reparaci\u00f3n de las v\u00edctimas de los delitos.","robots":{"index":"noindex","follow":"follow"},"og_locale":"es_ES","og_type":"article","og_title":"Fiscal\u00eda General de la Naci\u00f3n","og_description":"P\u00e1gina oficial de la Fiscal\u00eda General de la Naci\u00f3n \u2013 Colombia. Garantizamos el acceso efectivo a la justicia, la verdad y la reparaci\u00f3n de las v\u00edctimas de los delitos.","og_url":"https:\/\/www.fiscalia.gov.co\/colombia\/noticias\/privadas-de-la-libertad-cuatro-personas-que-estarian-transportando-marihuana-en-putumayo\/","og_site_name":"Fiscal\u00eda General de la Naci\u00f3n","article_publisher":"https:\/\/www.facebook.com\/FiscaliaCol","article_published_time":"2022-10-12T16:22:30+00:00","og_image":[{"url":"https:\/\/www.fiscalia.gov.co\/colombia\/wp-content\/uploads\/Cuatro-capturados-transportando-estupefacientes-Putumayo.jpeg","type":"","width":"","height":""}],"author":"Katherine Loaiza Mart\u00ednez","twitter_card":"summary_large_image","twitter_creator":"@FiscaliaCol","twitter_site":"@FiscaliaCol","twitter_misc":{"Escrito por":"Katherine Loaiza Mart\u00ednez","Tiempo de lectura":"2 minutos"},"schema":{"@context":"https:\/\/schema.org","@graph":[{"@type":"Article","@id":"https:\/\/www.fiscalia.gov.co\/colombia\/noticias\/privadas-de-la-libertad-cuatro-personas-que-estarian-transportando-marihuana-en-putumayo\/#article","isPartOf":{"@id":"https:\/\/www.fiscalia.gov.co\/colombia\/noticias\/privadas-de-la-libertad-cuatro-personas-que-estarian-transportando-marihuana-en-putumayo\/"},"author":{"name":"Katherine Loaiza Mart\u00ednez","@id":"https:\/\/www.fiscalia.gov.co\/colombia\/#\/schema\/person\/2e76b9aba5ecf875ed565ce4de0e0415"},"headline":"Privadas de la libertad cuatro personas que estar\u00edan transportando marihuana en Putumayo\u00a0\u00a0","datePublished":"2022-10-12T16:22:30+00:00","dateModified":"2022-10-12T16:22:30+00:00","mainEntityOfPage":{"@id":"https:\/\/www.fiscalia.gov.co\/colombia\/noticias\/privadas-de-la-libertad-cuatro-personas-que-estarian-transportando-marihuana-en-putumayo\/"},"wordCount":368,"publisher":{"@id":"https:\/\/www.fiscalia.gov.co\/colombia\/#organization"},"image":{"@id":"https:\/\/www.fiscalia.gov.co\/colombia\/noticias\/privadas-de-la-libertad-cuatro-personas-que-estarian-transportando-marihuana-en-putumayo\/#primaryimage"},"thumbnailUrl":"https:\/\/www.fiscalia.gov.co\/colombia\/wp-content\/uploads\/Cuatro-capturados-transportando-estupefacientes-Putumayo.jpeg","keywords":["comercializar","Estupefacientes","Fiscal Francisco Barbosa Delgado","Huila","Mocoa","Pitalito","Putumayo","Transportar"],"articleSection":["Noticias","Seccional Mocoa","Tr\u00e1fico de estupefacientes"],"inLanguage":"es-CO"},{"@type":"WebPage","@id":"https:\/\/www.fiscalia.gov.co\/colombia\/noticias\/privadas-de-la-libertad-cuatro-personas-que-estarian-transportando-marihuana-en-putumayo\/","url":"https:\/\/www.fiscalia.gov.co\/colombia\/noticias\/privadas-de-la-libertad-cuatro-personas-que-estarian-transportando-marihuana-en-putumayo\/","name":"Fiscal\u00eda General de la Naci\u00f3n","isPartOf":{"@id":"https:\/\/www.fiscalia.gov.co\/colombia\/#website"},"primaryImageOfPage":{"@id":"https:\/\/www.fiscalia.gov.co\/colombia\/noticias\/privadas-de-la-libertad-cuatro-personas-que-estarian-transportando-marihuana-en-putumayo\/#primaryimage"},"image":{"@id":"https:\/\/www.fiscalia.gov.co\/colombia\/noticias\/privadas-de-la-libertad-cuatro-personas-que-estarian-transportando-marihuana-en-putumayo\/#primaryimage"},"thumbnailUrl":"https:\/\/www.fiscalia.gov.co\/colombia\/wp-content\/uploads\/Cuatro-capturados-transportando-estupefacientes-Putumayo.jpeg","datePublished":"2022-10-12T16:22:30+00:00","dateModified":"2022-10-12T16:22:30+00:00","description":"P\u00e1gina oficial de la Fiscal\u00eda General de la Naci\u00f3n \u2013 Colombia. Garantizamos el acceso efectivo a la justicia, la verdad y la reparaci\u00f3n de las v\u00edctimas de los delitos.","breadcrumb":{"@id":"https:\/\/www.fiscalia.gov.co\/colombia\/noticias\/privadas-de-la-libertad-cuatro-personas-que-estarian-transportando-marihuana-en-putumayo\/#breadcrumb"},"inLanguage":"es-CO","potentialAction":[{"@type":"ReadAction","target":["https:\/\/www.fiscalia.gov.co\/colombia\/noticias\/privadas-de-la-libertad-cuatro-personas-que-estarian-transportando-marihuana-en-putumayo\/"]}]},{"@type":"ImageObject","inLanguage":"es-CO","@id":"https:\/\/www.fiscalia.gov.co\/colombia\/noticias\/privadas-de-la-libertad-cuatro-personas-que-estarian-transportando-marihuana-en-putumayo\/#primaryimage","url":"https:\/\/www.fiscalia.gov.co\/colombia\/wp-content\/uploads\/Cuatro-capturados-transportando-estupefacientes-Putumayo.jpeg","contentUrl":"https:\/\/www.fiscalia.gov.co\/colombia\/wp-content\/uploads\/Cuatro-capturados-transportando-estupefacientes-Putumayo.jpeg","width":1001,"height":720,"caption":"Jos\u00e9 F\u00e9lix Maigual Ramos, Lina Marcela Velazco, Gerson Yojhan Monta\u00f1o Guevara y Cristian Fernando Meza Ordo\u00f1ez se movilizaban en un autom\u00f3vil al parecer con 94 kilos de marihuana por la v\u00eda que conduce de Pitalito (Huila) a Mocoa (Putumayo).\u00a0\u00a0\u00a0"},{"@type":"BreadcrumbList","@id":"https:\/\/www.fiscalia.gov.co\/colombia\/noticias\/privadas-de-la-libertad-cuatro-personas-que-estarian-transportando-marihuana-en-putumayo\/#breadcrumb","itemListElement":[{"@type":"ListItem","position":1,"name":"Home","item":"https:\/\/www.fiscalia.gov.co\/colombia\/"},{"@type":"ListItem","position":2,"name":"Privadas de la libertad cuatro personas que estar\u00edan transportando marihuana en Putumayo\u00a0\u00a0"}]},{"@type":"WebSite","@id":"https:\/\/www.fiscalia.gov.co\/colombia\/#website","url":"https:\/\/www.fiscalia.gov.co\/colombia\/","name":"Fiscal\u00eda General de la Naci\u00f3n","description":"P\u00e1gina oficial de la Fiscal\u00eda General de la Naci\u00f3n \u2013 Colombia. Garantizamos el acceso efectivo a la justicia, la verdad y la reparaci\u00f3n de las v\u00edctimas de los delitos.","publisher":{"@id":"https:\/\/www.fiscalia.gov.co\/colombia\/#organization"},"potentialAction":[{"@type":"SearchAction","target":{"@type":"EntryPoint","urlTemplate":"https:\/\/www.fiscalia.gov.co\/colombia\/?s={search_term_string}"},"query-input":{"@type":"PropertyValueSpecification","valueRequired":true,"valueName":"search_term_string"}}],"inLanguage":"es-CO"},{"@type":"Organization","@id":"https:\/\/www.fiscalia.gov.co\/colombia\/#organization","name":"Fiscal\u00eda General de la Naci\u00f3n","url":"https:\/\/www.fiscalia.gov.co\/colombia\/","logo":{"@type":"ImageObject","inLanguage":"es-CO","@id":"https:\/\/www.fiscalia.gov.co\/colombia\/#\/schema\/logo\/image\/","url":"https:\/\/www.fiscalia.gov.co\/colombia\/wp-content\/uploads\/LogoHorizontal_1.jpg","contentUrl":"https:\/\/www.fiscalia.gov.co\/colombia\/wp-content\/uploads\/LogoHorizontal_1.jpg","width":300,"height":90,"caption":"Fiscal\u00eda General de la Naci\u00f3n"},"image":{"@id":"https:\/\/www.fiscalia.gov.co\/colombia\/#\/schema\/logo\/image\/"},"sameAs":["https:\/\/www.facebook.com\/FiscaliaCol","https:\/\/x.com\/FiscaliaCol","https:\/\/www.instagram.com\/fiscaliacol","https:\/\/www.linkedin.com\/company\/fiscalia-general-de-la-naci-n\/","https:\/\/youtube.com\/@fiscaliageneraldelanacion-4668?si=6nN79nyQICPU5iTh"]},{"@type":"Person","@id":"https:\/\/www.fiscalia.gov.co\/colombia\/#\/schema\/person\/2e76b9aba5ecf875ed565ce4de0e0415","name":"Katherine Loaiza Mart\u00ednez","image":{"@type":"ImageObject","inLanguage":"es-CO","@id":"https:\/\/www.fiscalia.gov.co\/colombia\/#\/schema\/person\/image\/","url":"https:\/\/secure.gravatar.com\/avatar\/ab775a2f394c1b83b6d6f78680e57b50?s=96&d=mm&r=g","contentUrl":"https:\/\/secure.gravatar.com\/avatar\/ab775a2f394c1b83b6d6f78680e57b50?s=96&d=mm&r=g","caption":"Katherine Loaiza Mart\u00ednez"},"url":"https:\/\/www.fiscalia.gov.co\/colombia\/author\/kloaiza\/"}]}},"_links":{"self":[{"href":"https:\/\/www.fiscalia.gov.co\/colombia\/wp-json\/wp\/v2\/posts\/259100","targetHints":{"allow":["GET"]}}],"collection":[{"href":"https:\/\/www.fiscalia.gov.co\/colombia\/wp-json\/wp\/v2\/posts"}],"about":[{"href":"https:\/\/www.fiscalia.gov.co\/colombia\/wp-json\/wp\/v2\/types\/post"}],"author":[{"embeddable":true,"href":"https:\/\/www.fiscalia.gov.co\/colombia\/wp-json\/wp\/v2\/users\/175"}],"replies":[{"embeddable":true,"href":"https:\/\/www.fiscalia.gov.co\/colombia\/wp-json\/wp\/v2\/comments?post=259100"}],"version-history":[{"count":1,"href":"https:\/\/www.fiscalia.gov.co\/colombia\/wp-json\/wp\/v2\/posts\/259100\/revisions"}],"predecessor-version":[{"id":259102,"href":"https:\/\/www.fiscalia.gov.co\/colombia\/wp-json\/wp\/v2\/posts\/259100\/revisions\/259102"}],"wp:attachment":[{"href":"https:\/\/www.fiscalia.gov.co\/colombia\/wp-json\/wp\/v2\/media?parent=259100"}],"wp:term":[{"taxonomy":"category","embeddable":true,"href":"https:\/\/www.fiscalia.gov.co\/colombia\/wp-json\/wp\/v2\/categories?post=259100"},{"taxonomy":"post_tag","embeddable":true,"href":"https:\/\/www.fiscalia.gov.co\/colombia\/wp-json\/wp\/v2\/tags?post=259100"}],"curies":[{"name":"wp","href":"https:\/\/api.w.org\/{rel}","templated":true}]}}