{"id":259011,"date":"2022-10-11T12:10:15","date_gmt":"2022-10-11T17:10:15","guid":{"rendered":"https:\/\/www.fiscalia.gov.co\/colombia\/?p=259011"},"modified":"2022-10-11T12:10:15","modified_gmt":"2022-10-11T17:10:15","slug":"cayo-presunto-extorsionador-que-tenia-azotados-a-comerciantes-en-buenaventura","status":"publish","type":"post","link":"https:\/\/www.fiscalia.gov.co\/colombia\/noticias\/cayo-presunto-extorsionador-que-tenia-azotados-a-comerciantes-en-buenaventura\/","title":{"rendered":"Cay\u00f3 presunto\u00a0extorsionador\u00a0que ten\u00eda azotados a comerciantes en Buenaventura\u00a0"},"content":{"rendered":"<p>Michel Manrique L\u00f3pez, alias Camilo, presunto integrante de la facci\u00f3n\u00a0<strong><a href=\"https:\/\/www.fiscalia.gov.co\/colombia\/noticias\/asegurado-alias-chacorta-presunto-integrante-de-los-espartanos-por-su-presunta-responsabilidad-en-extorsion-agravada\/\">Los Espartanos<\/a>,<\/strong>\u00a0de la\u00a0banda La Local, fue imputado por la Fiscal\u00eda\u00a0 por su presunta autor\u00eda en los delitos de concierto para de delinquir agravado y\u00a0<strong><a href=\"https:\/\/www.fiscalia.gov.co\/colombia\/noticias\/a-la-carcel-4-presuntos-miembros-de-los-shottas-que-estarian-extorsionando-a-comerciantes-en-buenaventura\/\">extorsi\u00f3n<\/a><\/strong>\u00a0agravado y un\u00a0<strong>juez penal de Buenaventura le dict\u00f3 medida de aseguramiento consistente en detenci\u00f3n preventiva en establecimiento carcelario.<\/strong><\/p>\n<figure id=\"attachment_259012\" aria-describedby=\"caption-attachment-259012\" style=\"width: 1280px\" class=\"wp-caption aligncenter\"><img loading=\"lazy\" decoding=\"async\" class=\"size-full wp-image-259012\" src=\"https:\/\/www.fiscalia.gov.co\/colombia\/wp-content\/uploads\/Michel-Manrique-Lopez-alias-Camilo.jpg\" alt=\"En la fotograf\u00eda aparece un hombre capturado, junto a dos agentes del Gaula de la Polic\u00eda Nacional. En la parte posterior de la imagen se ve un banner de la Polic\u00eda Nacional \" width=\"1280\" height=\"987\" srcset=\"https:\/\/www.fiscalia.gov.co\/colombia\/wp-content\/uploads\/Michel-Manrique-Lopez-alias-Camilo.jpg 1280w, https:\/\/www.fiscalia.gov.co\/colombia\/wp-content\/uploads\/Michel-Manrique-Lopez-alias-Camilo-300x231.jpg 300w, https:\/\/www.fiscalia.gov.co\/colombia\/wp-content\/uploads\/Michel-Manrique-Lopez-alias-Camilo-1024x790.jpg 1024w, https:\/\/www.fiscalia.gov.co\/colombia\/wp-content\/uploads\/Michel-Manrique-Lopez-alias-Camilo-768x592.jpg 768w, https:\/\/www.fiscalia.gov.co\/colombia\/wp-content\/uploads\/Michel-Manrique-Lopez-alias-Camilo-696x537.jpg 696w, https:\/\/www.fiscalia.gov.co\/colombia\/wp-content\/uploads\/Michel-Manrique-Lopez-alias-Camilo-1068x824.jpg 1068w, https:\/\/www.fiscalia.gov.co\/colombia\/wp-content\/uploads\/Michel-Manrique-Lopez-alias-Camilo-545x420.jpg 545w\" sizes=\"auto, (max-width: 1280px) 100vw, 1280px\" \/><figcaption id=\"caption-attachment-259012\" class=\"wp-caption-text\">Michel Manrique L\u00f3pez, alias Camilo, presunto integrante de la facci\u00f3n Los Espartanos, fue enviado a la c\u00e1rcel porque al parecer estar\u00eda extorsionando a comerciantes de Buenaventura\u00a0(Valle del Cauca).<\/figcaption><\/figure>\n<p>El hombre har\u00eda parte de una organizaci\u00f3n delictiva que delinque en el sector de Pueblo Nuevo\u00a0 y que les exige a los comerciantes el pago de una cuota inicial de $6.000.000 por desarrollar sus actividades econ\u00f3micas y cuotas mensuales entre $150.000 y $500.000, dependiendo de la categor\u00eda comercial e ingresos.<\/p>\n<p>Si los comerciantes no pagaban, miembros de Los Espartanos atentar\u00edan contra los establecimientos, las familias de los propietarios y los empleados.<\/p>\n<p>La Fiscal\u00eda logr\u00f3 asociar cuatro casos de extorsiones por sumas millonarias y se identific\u00f3 a alias Camilo como uno de los presuntos responsables de dichas exigencias econ\u00f3micas en el sector de Pueblo Nuevo.<\/p>\n<p>El hombre fue detenido por agentes del Gaula la de la Polic\u00eda en dicha localidad cumpliendo una orden emitida por un juez penal con control de garant\u00edas.<\/p>\n<p>Esta informaci\u00f3n se publica por razones de inter\u00e9s general.<\/p>\n<p><strong>La Fiscal\u00eda habla con resultados.\u00a0<\/strong><\/p>\n<p>JGP\/CFG\/FV\/DSV<\/p>\n<p>Le puede interesar:\u00a0<strong><a href=\"https:\/\/www.fiscalia.gov.co\/colombia\/noticias\/fiscalia-judicializo-a-7-presuntos-integrantes-de-la-banda-los-vigilantes-senalada-de-extorsionar-a-comerciantes\/\">Fiscal\u00eda judicializ\u00f3 a 7 presuntos integrantes de la banda Los Vigilantes, se\u00f1alada de extorsionar a comerciantes<\/a><\/strong><\/p>\n<p>&nbsp;<\/p>\n<p><em>La informaci\u00f3n contenida en este bolet\u00edn de prensa corresponde a la narraci\u00f3n de los hechos noticiosos objetivos, suministrados por los funcionarios encargados de adelantar las investigaciones penales al interior de la Fiscal\u00eda General de la Naci\u00f3n. Para el momento de la divulgaci\u00f3n de este comunicado, la situaci\u00f3n jur\u00eddica de la(s) persona(s) relacionada(s) se encuentra pendiente de resolver por la autoridad judicial competente, siempre bajo los preceptos de la presunci\u00f3n de inocencia, consagrados en el art\u00edculo 29 de la Constituci\u00f3n Pol\u00edtica y el art\u00edculo 7\u00ba de la Ley 906 de 2004.<\/em><strong>\u00a0<\/strong><\/p>\n<p>&nbsp;<\/p>\n\n<div class=\"twitter-share\"><a href=\"https:\/\/twitter.com\/intent\/tweet?via=fiscaliacol\" class=\"twitter-share-button\">Tweet<\/a><\/div>\n","protected":false},"excerpt":{"rendered":"<p>Michel Manrique L\u00f3pez, alias Camilo, presunto integrante de la facci\u00f3n\u00a0Los Espartanos,\u00a0de la\u00a0banda La Local, fue imputado por la Fiscal\u00eda\u00a0 por su presunta autor\u00eda en los delitos de concierto para de delinquir agravado y\u00a0extorsi\u00f3n\u00a0agravado y un\u00a0juez penal de Buenaventura le dict\u00f3 medida de aseguramiento consistente en detenci\u00f3n preventiva en establecimiento carcelario. El hombre har\u00eda parte de [&hellip;]<\/p>\n","protected":false},"author":175,"featured_media":0,"comment_status":"closed","ping_status":"open","sticky":false,"template":"","format":"standard","meta":{"_price":"","_stock":"","_tribe_ticket_header":"","_tribe_default_ticket_provider":"","_tribe_ticket_capacity":"0","_ticket_start_date":"","_ticket_end_date":"","_tribe_ticket_show_description":"","_tribe_ticket_show_not_going":false,"_tribe_ticket_use_global_stock":"","_tribe_ticket_global_stock_level":"","_global_stock_mode":"","_global_stock_cap":"","_tribe_rsvp_for_event":"","_tribe_ticket_going_count":"","_tribe_ticket_not_going_count":"","_tribe_tickets_list":"[]","_tribe_ticket_has_attendee_info_fields":false,"tdm_status":"","tdm_grid_status":"","footnotes":""},"categories":[1,324,24099],"tags":[871,24526,24481,1047,26048],"class_list":{"0":"post-259011","1":"post","2":"type-post","3":"status-publish","4":"format-standard","6":"category-noticias","7":"category-seccional-cali","8":"category-seguridad-territorial","9":"tag-extorion","10":"tag-fiscal-general-francisco-barbosa-delgado","11":"tag-fiscalia-de-colombia","12":"tag-fiscalia-general-de-la-nacion","13":"tag-los-espartanos"},"yoast_head":"<!-- This site is optimized with the Yoast SEO plugin v24.3 - https:\/\/yoast.com\/wordpress\/plugins\/seo\/ -->\n<title>Fiscal\u00eda General de la Naci\u00f3n<\/title>\n<meta name=\"description\" content=\"P\u00e1gina oficial de la Fiscal\u00eda General de la Naci\u00f3n \u2013 Colombia. Garantizamos el acceso efectivo a la justicia, la verdad y la reparaci\u00f3n de las v\u00edctimas de los delitos.\" \/>\n<meta name=\"robots\" content=\"noindex, follow\" \/>\n<meta property=\"og:locale\" content=\"es_ES\" \/>\n<meta property=\"og:type\" content=\"article\" \/>\n<meta property=\"og:title\" content=\"Fiscal\u00eda General de la Naci\u00f3n\" \/>\n<meta property=\"og:description\" content=\"P\u00e1gina oficial de la Fiscal\u00eda General de la Naci\u00f3n \u2013 Colombia. Garantizamos el acceso efectivo a la justicia, la verdad y la reparaci\u00f3n de las v\u00edctimas de los delitos.\" \/>\n<meta property=\"og:url\" content=\"https:\/\/www.fiscalia.gov.co\/colombia\/noticias\/cayo-presunto-extorsionador-que-tenia-azotados-a-comerciantes-en-buenaventura\/\" \/>\n<meta property=\"og:site_name\" content=\"Fiscal\u00eda General de la Naci\u00f3n\" \/>\n<meta property=\"article:publisher\" content=\"https:\/\/www.facebook.com\/FiscaliaCol\" \/>\n<meta property=\"article:published_time\" content=\"2022-10-11T17:10:15+00:00\" \/>\n<meta property=\"og:image\" content=\"https:\/\/www.fiscalia.gov.co\/colombia\/wp-content\/uploads\/Michel-Manrique-Lopez-alias-Camilo.jpg\" \/>\n<meta name=\"author\" content=\"Katherine Loaiza Mart\u00ednez\" \/>\n<meta name=\"twitter:card\" content=\"summary_large_image\" \/>\n<meta name=\"twitter:creator\" content=\"@FiscaliaCol\" \/>\n<meta name=\"twitter:site\" content=\"@FiscaliaCol\" \/>\n<meta name=\"twitter:label1\" content=\"Escrito por\" \/>\n\t<meta name=\"twitter:data1\" content=\"Katherine Loaiza Mart\u00ednez\" \/>\n\t<meta name=\"twitter:label2\" content=\"Tiempo de lectura\" \/>\n\t<meta name=\"twitter:data2\" content=\"2 minutos\" \/>\n<script type=\"application\/ld+json\" class=\"yoast-schema-graph\">{\"@context\":\"https:\/\/schema.org\",\"@graph\":[{\"@type\":\"Article\",\"@id\":\"https:\/\/www.fiscalia.gov.co\/colombia\/noticias\/cayo-presunto-extorsionador-que-tenia-azotados-a-comerciantes-en-buenaventura\/#article\",\"isPartOf\":{\"@id\":\"https:\/\/www.fiscalia.gov.co\/colombia\/noticias\/cayo-presunto-extorsionador-que-tenia-azotados-a-comerciantes-en-buenaventura\/\"},\"author\":{\"name\":\"Katherine Loaiza Mart\u00ednez\",\"@id\":\"https:\/\/www.fiscalia.gov.co\/colombia\/#\/schema\/person\/2e76b9aba5ecf875ed565ce4de0e0415\"},\"headline\":\"Cay\u00f3 presunto\u00a0extorsionador\u00a0que ten\u00eda azotados a comerciantes en Buenaventura\u00a0\",\"datePublished\":\"2022-10-11T17:10:15+00:00\",\"dateModified\":\"2022-10-11T17:10:15+00:00\",\"mainEntityOfPage\":{\"@id\":\"https:\/\/www.fiscalia.gov.co\/colombia\/noticias\/cayo-presunto-extorsionador-que-tenia-azotados-a-comerciantes-en-buenaventura\/\"},\"wordCount\":395,\"publisher\":{\"@id\":\"https:\/\/www.fiscalia.gov.co\/colombia\/#organization\"},\"image\":{\"@id\":\"https:\/\/www.fiscalia.gov.co\/colombia\/noticias\/cayo-presunto-extorsionador-que-tenia-azotados-a-comerciantes-en-buenaventura\/#primaryimage\"},\"thumbnailUrl\":\"https:\/\/www.fiscalia.gov.co\/colombia\/wp-content\/uploads\/Michel-Manrique-Lopez-alias-Camilo.jpg\",\"keywords\":[\"Extorsi\u00f3n\",\"Fiscal General Francisco Barbosa Delgado\",\"Fiscal\u00eda de Colombia\",\"Fiscal\u00eda General de la Naci\u00f3n\",\"Los Espartanos\"],\"articleSection\":[\"Noticias\",\"Seccional Cali\",\"Seguridad territorial\"],\"inLanguage\":\"es-CO\"},{\"@type\":\"WebPage\",\"@id\":\"https:\/\/www.fiscalia.gov.co\/colombia\/noticias\/cayo-presunto-extorsionador-que-tenia-azotados-a-comerciantes-en-buenaventura\/\",\"url\":\"https:\/\/www.fiscalia.gov.co\/colombia\/noticias\/cayo-presunto-extorsionador-que-tenia-azotados-a-comerciantes-en-buenaventura\/\",\"name\":\"Fiscal\u00eda General de la Naci\u00f3n\",\"isPartOf\":{\"@id\":\"https:\/\/www.fiscalia.gov.co\/colombia\/#website\"},\"primaryImageOfPage\":{\"@id\":\"https:\/\/www.fiscalia.gov.co\/colombia\/noticias\/cayo-presunto-extorsionador-que-tenia-azotados-a-comerciantes-en-buenaventura\/#primaryimage\"},\"image\":{\"@id\":\"https:\/\/www.fiscalia.gov.co\/colombia\/noticias\/cayo-presunto-extorsionador-que-tenia-azotados-a-comerciantes-en-buenaventura\/#primaryimage\"},\"thumbnailUrl\":\"https:\/\/www.fiscalia.gov.co\/colombia\/wp-content\/uploads\/Michel-Manrique-Lopez-alias-Camilo.jpg\",\"datePublished\":\"2022-10-11T17:10:15+00:00\",\"dateModified\":\"2022-10-11T17:10:15+00:00\",\"description\":\"P\u00e1gina oficial de la Fiscal\u00eda General de la Naci\u00f3n \u2013 Colombia. Garantizamos el acceso efectivo a la justicia, la verdad y la reparaci\u00f3n de las v\u00edctimas de los delitos.\",\"breadcrumb\":{\"@id\":\"https:\/\/www.fiscalia.gov.co\/colombia\/noticias\/cayo-presunto-extorsionador-que-tenia-azotados-a-comerciantes-en-buenaventura\/#breadcrumb\"},\"inLanguage\":\"es-CO\",\"potentialAction\":[{\"@type\":\"ReadAction\",\"target\":[\"https:\/\/www.fiscalia.gov.co\/colombia\/noticias\/cayo-presunto-extorsionador-que-tenia-azotados-a-comerciantes-en-buenaventura\/\"]}]},{\"@type\":\"ImageObject\",\"inLanguage\":\"es-CO\",\"@id\":\"https:\/\/www.fiscalia.gov.co\/colombia\/noticias\/cayo-presunto-extorsionador-que-tenia-azotados-a-comerciantes-en-buenaventura\/#primaryimage\",\"url\":\"https:\/\/www.fiscalia.gov.co\/colombia\/wp-content\/uploads\/Michel-Manrique-Lopez-alias-Camilo.jpg\",\"contentUrl\":\"https:\/\/www.fiscalia.gov.co\/colombia\/wp-content\/uploads\/Michel-Manrique-Lopez-alias-Camilo.jpg\",\"width\":1280,\"height\":987,\"caption\":\"Michel Manrique L\u00f3pez, alias Camilo, presunto integrante de la facci\u00f3n Los Espartanos, fue enviado a la c\u00e1rcel porque al parecer estar\u00eda extorsionando a comerciantes de Buenaventura\u00a0(Valle del Cauca).\"},{\"@type\":\"BreadcrumbList\",\"@id\":\"https:\/\/www.fiscalia.gov.co\/colombia\/noticias\/cayo-presunto-extorsionador-que-tenia-azotados-a-comerciantes-en-buenaventura\/#breadcrumb\",\"itemListElement\":[{\"@type\":\"ListItem\",\"position\":1,\"name\":\"Home\",\"item\":\"https:\/\/www.fiscalia.gov.co\/colombia\/\"},{\"@type\":\"ListItem\",\"position\":2,\"name\":\"Cay\u00f3 presunto\u00a0extorsionador\u00a0que ten\u00eda azotados a comerciantes en Buenaventura\u00a0\"}]},{\"@type\":\"WebSite\",\"@id\":\"https:\/\/www.fiscalia.gov.co\/colombia\/#website\",\"url\":\"https:\/\/www.fiscalia.gov.co\/colombia\/\",\"name\":\"Fiscal\u00eda General de la Naci\u00f3n\",\"description\":\"P\u00e1gina oficial de la Fiscal\u00eda General de la Naci\u00f3n \u2013 Colombia. Garantizamos el acceso efectivo a la justicia, la verdad y la reparaci\u00f3n de las v\u00edctimas de los delitos.\",\"publisher\":{\"@id\":\"https:\/\/www.fiscalia.gov.co\/colombia\/#organization\"},\"potentialAction\":[{\"@type\":\"SearchAction\",\"target\":{\"@type\":\"EntryPoint\",\"urlTemplate\":\"https:\/\/www.fiscalia.gov.co\/colombia\/?s={search_term_string}\"},\"query-input\":{\"@type\":\"PropertyValueSpecification\",\"valueRequired\":true,\"valueName\":\"search_term_string\"}}],\"inLanguage\":\"es-CO\"},{\"@type\":\"Organization\",\"@id\":\"https:\/\/www.fiscalia.gov.co\/colombia\/#organization\",\"name\":\"Fiscal\u00eda General de la Naci\u00f3n\",\"url\":\"https:\/\/www.fiscalia.gov.co\/colombia\/\",\"logo\":{\"@type\":\"ImageObject\",\"inLanguage\":\"es-CO\",\"@id\":\"https:\/\/www.fiscalia.gov.co\/colombia\/#\/schema\/logo\/image\/\",\"url\":\"https:\/\/www.fiscalia.gov.co\/colombia\/wp-content\/uploads\/LogoHorizontal_1.jpg\",\"contentUrl\":\"https:\/\/www.fiscalia.gov.co\/colombia\/wp-content\/uploads\/LogoHorizontal_1.jpg\",\"width\":300,\"height\":90,\"caption\":\"Fiscal\u00eda General de la Naci\u00f3n\"},\"image\":{\"@id\":\"https:\/\/www.fiscalia.gov.co\/colombia\/#\/schema\/logo\/image\/\"},\"sameAs\":[\"https:\/\/www.facebook.com\/FiscaliaCol\",\"https:\/\/x.com\/FiscaliaCol\",\"https:\/\/www.instagram.com\/fiscaliacol\",\"https:\/\/www.linkedin.com\/company\/fiscalia-general-de-la-naci-n\/\",\"https:\/\/youtube.com\/@fiscaliageneraldelanacion-4668?si=6nN79nyQICPU5iTh\"]},{\"@type\":\"Person\",\"@id\":\"https:\/\/www.fiscalia.gov.co\/colombia\/#\/schema\/person\/2e76b9aba5ecf875ed565ce4de0e0415\",\"name\":\"Katherine Loaiza Mart\u00ednez\",\"image\":{\"@type\":\"ImageObject\",\"inLanguage\":\"es-CO\",\"@id\":\"https:\/\/www.fiscalia.gov.co\/colombia\/#\/schema\/person\/image\/\",\"url\":\"https:\/\/secure.gravatar.com\/avatar\/ab775a2f394c1b83b6d6f78680e57b50?s=96&d=mm&r=g\",\"contentUrl\":\"https:\/\/secure.gravatar.com\/avatar\/ab775a2f394c1b83b6d6f78680e57b50?s=96&d=mm&r=g\",\"caption\":\"Katherine Loaiza Mart\u00ednez\"},\"url\":\"https:\/\/www.fiscalia.gov.co\/colombia\/author\/kloaiza\/\"}]}<\/script>\n<!-- \/ Yoast SEO plugin. -->","yoast_head_json":{"title":"Fiscal\u00eda General de la Naci\u00f3n","description":"P\u00e1gina oficial de la Fiscal\u00eda General de la Naci\u00f3n \u2013 Colombia. Garantizamos el acceso efectivo a la justicia, la verdad y la reparaci\u00f3n de las v\u00edctimas de los delitos.","robots":{"index":"noindex","follow":"follow"},"og_locale":"es_ES","og_type":"article","og_title":"Fiscal\u00eda General de la Naci\u00f3n","og_description":"P\u00e1gina oficial de la Fiscal\u00eda General de la Naci\u00f3n \u2013 Colombia. Garantizamos el acceso efectivo a la justicia, la verdad y la reparaci\u00f3n de las v\u00edctimas de los delitos.","og_url":"https:\/\/www.fiscalia.gov.co\/colombia\/noticias\/cayo-presunto-extorsionador-que-tenia-azotados-a-comerciantes-en-buenaventura\/","og_site_name":"Fiscal\u00eda General de la Naci\u00f3n","article_publisher":"https:\/\/www.facebook.com\/FiscaliaCol","article_published_time":"2022-10-11T17:10:15+00:00","og_image":[{"url":"https:\/\/www.fiscalia.gov.co\/colombia\/wp-content\/uploads\/Michel-Manrique-Lopez-alias-Camilo.jpg","type":"","width":"","height":""}],"author":"Katherine Loaiza Mart\u00ednez","twitter_card":"summary_large_image","twitter_creator":"@FiscaliaCol","twitter_site":"@FiscaliaCol","twitter_misc":{"Escrito por":"Katherine Loaiza Mart\u00ednez","Tiempo de lectura":"2 minutos"},"schema":{"@context":"https:\/\/schema.org","@graph":[{"@type":"Article","@id":"https:\/\/www.fiscalia.gov.co\/colombia\/noticias\/cayo-presunto-extorsionador-que-tenia-azotados-a-comerciantes-en-buenaventura\/#article","isPartOf":{"@id":"https:\/\/www.fiscalia.gov.co\/colombia\/noticias\/cayo-presunto-extorsionador-que-tenia-azotados-a-comerciantes-en-buenaventura\/"},"author":{"name":"Katherine Loaiza Mart\u00ednez","@id":"https:\/\/www.fiscalia.gov.co\/colombia\/#\/schema\/person\/2e76b9aba5ecf875ed565ce4de0e0415"},"headline":"Cay\u00f3 presunto\u00a0extorsionador\u00a0que ten\u00eda azotados a comerciantes en Buenaventura\u00a0","datePublished":"2022-10-11T17:10:15+00:00","dateModified":"2022-10-11T17:10:15+00:00","mainEntityOfPage":{"@id":"https:\/\/www.fiscalia.gov.co\/colombia\/noticias\/cayo-presunto-extorsionador-que-tenia-azotados-a-comerciantes-en-buenaventura\/"},"wordCount":395,"publisher":{"@id":"https:\/\/www.fiscalia.gov.co\/colombia\/#organization"},"image":{"@id":"https:\/\/www.fiscalia.gov.co\/colombia\/noticias\/cayo-presunto-extorsionador-que-tenia-azotados-a-comerciantes-en-buenaventura\/#primaryimage"},"thumbnailUrl":"https:\/\/www.fiscalia.gov.co\/colombia\/wp-content\/uploads\/Michel-Manrique-Lopez-alias-Camilo.jpg","keywords":["Extorsi\u00f3n","Fiscal General Francisco Barbosa Delgado","Fiscal\u00eda de Colombia","Fiscal\u00eda General de la Naci\u00f3n","Los Espartanos"],"articleSection":["Noticias","Seccional Cali","Seguridad territorial"],"inLanguage":"es-CO"},{"@type":"WebPage","@id":"https:\/\/www.fiscalia.gov.co\/colombia\/noticias\/cayo-presunto-extorsionador-que-tenia-azotados-a-comerciantes-en-buenaventura\/","url":"https:\/\/www.fiscalia.gov.co\/colombia\/noticias\/cayo-presunto-extorsionador-que-tenia-azotados-a-comerciantes-en-buenaventura\/","name":"Fiscal\u00eda General de la Naci\u00f3n","isPartOf":{"@id":"https:\/\/www.fiscalia.gov.co\/colombia\/#website"},"primaryImageOfPage":{"@id":"https:\/\/www.fiscalia.gov.co\/colombia\/noticias\/cayo-presunto-extorsionador-que-tenia-azotados-a-comerciantes-en-buenaventura\/#primaryimage"},"image":{"@id":"https:\/\/www.fiscalia.gov.co\/colombia\/noticias\/cayo-presunto-extorsionador-que-tenia-azotados-a-comerciantes-en-buenaventura\/#primaryimage"},"thumbnailUrl":"https:\/\/www.fiscalia.gov.co\/colombia\/wp-content\/uploads\/Michel-Manrique-Lopez-alias-Camilo.jpg","datePublished":"2022-10-11T17:10:15+00:00","dateModified":"2022-10-11T17:10:15+00:00","description":"P\u00e1gina oficial de la Fiscal\u00eda General de la Naci\u00f3n \u2013 Colombia. Garantizamos el acceso efectivo a la justicia, la verdad y la reparaci\u00f3n de las v\u00edctimas de los delitos.","breadcrumb":{"@id":"https:\/\/www.fiscalia.gov.co\/colombia\/noticias\/cayo-presunto-extorsionador-que-tenia-azotados-a-comerciantes-en-buenaventura\/#breadcrumb"},"inLanguage":"es-CO","potentialAction":[{"@type":"ReadAction","target":["https:\/\/www.fiscalia.gov.co\/colombia\/noticias\/cayo-presunto-extorsionador-que-tenia-azotados-a-comerciantes-en-buenaventura\/"]}]},{"@type":"ImageObject","inLanguage":"es-CO","@id":"https:\/\/www.fiscalia.gov.co\/colombia\/noticias\/cayo-presunto-extorsionador-que-tenia-azotados-a-comerciantes-en-buenaventura\/#primaryimage","url":"https:\/\/www.fiscalia.gov.co\/colombia\/wp-content\/uploads\/Michel-Manrique-Lopez-alias-Camilo.jpg","contentUrl":"https:\/\/www.fiscalia.gov.co\/colombia\/wp-content\/uploads\/Michel-Manrique-Lopez-alias-Camilo.jpg","width":1280,"height":987,"caption":"Michel Manrique L\u00f3pez, alias Camilo, presunto integrante de la facci\u00f3n Los Espartanos, fue enviado a la c\u00e1rcel porque al parecer estar\u00eda extorsionando a comerciantes de Buenaventura\u00a0(Valle del Cauca)."},{"@type":"BreadcrumbList","@id":"https:\/\/www.fiscalia.gov.co\/colombia\/noticias\/cayo-presunto-extorsionador-que-tenia-azotados-a-comerciantes-en-buenaventura\/#breadcrumb","itemListElement":[{"@type":"ListItem","position":1,"name":"Home","item":"https:\/\/www.fiscalia.gov.co\/colombia\/"},{"@type":"ListItem","position":2,"name":"Cay\u00f3 presunto\u00a0extorsionador\u00a0que ten\u00eda azotados a comerciantes en Buenaventura\u00a0"}]},{"@type":"WebSite","@id":"https:\/\/www.fiscalia.gov.co\/colombia\/#website","url":"https:\/\/www.fiscalia.gov.co\/colombia\/","name":"Fiscal\u00eda General de la Naci\u00f3n","description":"P\u00e1gina oficial de la Fiscal\u00eda General de la Naci\u00f3n \u2013 Colombia. Garantizamos el acceso efectivo a la justicia, la verdad y la reparaci\u00f3n de las v\u00edctimas de los delitos.","publisher":{"@id":"https:\/\/www.fiscalia.gov.co\/colombia\/#organization"},"potentialAction":[{"@type":"SearchAction","target":{"@type":"EntryPoint","urlTemplate":"https:\/\/www.fiscalia.gov.co\/colombia\/?s={search_term_string}"},"query-input":{"@type":"PropertyValueSpecification","valueRequired":true,"valueName":"search_term_string"}}],"inLanguage":"es-CO"},{"@type":"Organization","@id":"https:\/\/www.fiscalia.gov.co\/colombia\/#organization","name":"Fiscal\u00eda General de la Naci\u00f3n","url":"https:\/\/www.fiscalia.gov.co\/colombia\/","logo":{"@type":"ImageObject","inLanguage":"es-CO","@id":"https:\/\/www.fiscalia.gov.co\/colombia\/#\/schema\/logo\/image\/","url":"https:\/\/www.fiscalia.gov.co\/colombia\/wp-content\/uploads\/LogoHorizontal_1.jpg","contentUrl":"https:\/\/www.fiscalia.gov.co\/colombia\/wp-content\/uploads\/LogoHorizontal_1.jpg","width":300,"height":90,"caption":"Fiscal\u00eda General de la Naci\u00f3n"},"image":{"@id":"https:\/\/www.fiscalia.gov.co\/colombia\/#\/schema\/logo\/image\/"},"sameAs":["https:\/\/www.facebook.com\/FiscaliaCol","https:\/\/x.com\/FiscaliaCol","https:\/\/www.instagram.com\/fiscaliacol","https:\/\/www.linkedin.com\/company\/fiscalia-general-de-la-naci-n\/","https:\/\/youtube.com\/@fiscaliageneraldelanacion-4668?si=6nN79nyQICPU5iTh"]},{"@type":"Person","@id":"https:\/\/www.fiscalia.gov.co\/colombia\/#\/schema\/person\/2e76b9aba5ecf875ed565ce4de0e0415","name":"Katherine Loaiza Mart\u00ednez","image":{"@type":"ImageObject","inLanguage":"es-CO","@id":"https:\/\/www.fiscalia.gov.co\/colombia\/#\/schema\/person\/image\/","url":"https:\/\/secure.gravatar.com\/avatar\/ab775a2f394c1b83b6d6f78680e57b50?s=96&d=mm&r=g","contentUrl":"https:\/\/secure.gravatar.com\/avatar\/ab775a2f394c1b83b6d6f78680e57b50?s=96&d=mm&r=g","caption":"Katherine Loaiza Mart\u00ednez"},"url":"https:\/\/www.fiscalia.gov.co\/colombia\/author\/kloaiza\/"}]}},"_links":{"self":[{"href":"https:\/\/www.fiscalia.gov.co\/colombia\/wp-json\/wp\/v2\/posts\/259011","targetHints":{"allow":["GET"]}}],"collection":[{"href":"https:\/\/www.fiscalia.gov.co\/colombia\/wp-json\/wp\/v2\/posts"}],"about":[{"href":"https:\/\/www.fiscalia.gov.co\/colombia\/wp-json\/wp\/v2\/types\/post"}],"author":[{"embeddable":true,"href":"https:\/\/www.fiscalia.gov.co\/colombia\/wp-json\/wp\/v2\/users\/175"}],"replies":[{"embeddable":true,"href":"https:\/\/www.fiscalia.gov.co\/colombia\/wp-json\/wp\/v2\/comments?post=259011"}],"version-history":[{"count":1,"href":"https:\/\/www.fiscalia.gov.co\/colombia\/wp-json\/wp\/v2\/posts\/259011\/revisions"}],"predecessor-version":[{"id":259013,"href":"https:\/\/www.fiscalia.gov.co\/colombia\/wp-json\/wp\/v2\/posts\/259011\/revisions\/259013"}],"wp:attachment":[{"href":"https:\/\/www.fiscalia.gov.co\/colombia\/wp-json\/wp\/v2\/media?parent=259011"}],"wp:term":[{"taxonomy":"category","embeddable":true,"href":"https:\/\/www.fiscalia.gov.co\/colombia\/wp-json\/wp\/v2\/categories?post=259011"},{"taxonomy":"post_tag","embeddable":true,"href":"https:\/\/www.fiscalia.gov.co\/colombia\/wp-json\/wp\/v2\/tags?post=259011"}],"curies":[{"name":"wp","href":"https:\/\/api.w.org\/{rel}","templated":true}]}}