{"id":258876,"date":"2022-10-09T10:54:28","date_gmt":"2022-10-09T15:54:28","guid":{"rendered":"https:\/\/www.fiscalia.gov.co\/colombia\/?p=258876"},"modified":"2022-10-09T10:54:28","modified_gmt":"2022-10-09T15:54:28","slug":"judicializadas-17-personas-senaladas-de-pertenecer-a-dos-bandas-de-microtrafico-que-actuaban-en-cundinamarca","status":"publish","type":"post","link":"https:\/\/www.fiscalia.gov.co\/colombia\/noticias\/judicializadas-17-personas-senaladas-de-pertenecer-a-dos-bandas-de-microtrafico-que-actuaban-en-cundinamarca\/","title":{"rendered":"Judicializadas 17 personas se\u00f1aladas de pertenecer a dos bandas de microtr\u00e1fico que actuaban en Cundinamarca"},"content":{"rendered":"<p>El trabajo articulado de la Fiscal\u00eda General <a href=\"https:\/\/www.fiscalia.gov.co\/colombia\/category\/seccionales\/seccional-cundinamarca\/\">seccional Cundinamarca<\/a>, con la polic\u00eda judicial SIJIN, logr\u00f3 la captura y posterior judicializaci\u00f3n de cerca de <strong>17 presuntos integrantes de dos organizaciones al margen de la ley, <\/strong>responsables presuntamente de la venta de drogas en Soacha y Yacop\u00ed (Cundinamarca).<\/p>\n<figure id=\"attachment_258877\" aria-describedby=\"caption-attachment-258877\" style=\"width: 1280px\" class=\"wp-caption aligncenter\"><img loading=\"lazy\" decoding=\"async\" class=\"size-full wp-image-258877\" src=\"https:\/\/www.fiscalia.gov.co\/colombia\/wp-content\/uploads\/responsables-presuntamente-de-la-venta-de-drogas-en-Soacha-y-Yacopi.jpeg\" alt=\"En las fotos aparece el material incautado y los capturados por microtr\u00e1fico mediante la modalidad de entregas a domicilio en Soacha y Yacop\u00ed (Cundinamarca).\" width=\"1280\" height=\"466\" srcset=\"https:\/\/www.fiscalia.gov.co\/colombia\/wp-content\/uploads\/responsables-presuntamente-de-la-venta-de-drogas-en-Soacha-y-Yacopi.jpeg 1280w, https:\/\/www.fiscalia.gov.co\/colombia\/wp-content\/uploads\/responsables-presuntamente-de-la-venta-de-drogas-en-Soacha-y-Yacopi-300x109.jpeg 300w, https:\/\/www.fiscalia.gov.co\/colombia\/wp-content\/uploads\/responsables-presuntamente-de-la-venta-de-drogas-en-Soacha-y-Yacopi-1024x373.jpeg 1024w, https:\/\/www.fiscalia.gov.co\/colombia\/wp-content\/uploads\/responsables-presuntamente-de-la-venta-de-drogas-en-Soacha-y-Yacopi-768x280.jpeg 768w, https:\/\/www.fiscalia.gov.co\/colombia\/wp-content\/uploads\/responsables-presuntamente-de-la-venta-de-drogas-en-Soacha-y-Yacopi-696x253.jpeg 696w, https:\/\/www.fiscalia.gov.co\/colombia\/wp-content\/uploads\/responsables-presuntamente-de-la-venta-de-drogas-en-Soacha-y-Yacopi-1068x389.jpeg 1068w, https:\/\/www.fiscalia.gov.co\/colombia\/wp-content\/uploads\/responsables-presuntamente-de-la-venta-de-drogas-en-Soacha-y-Yacopi-1154x420.jpeg 1154w\" sizes=\"auto, (max-width: 1280px) 100vw, 1280px\" \/><figcaption id=\"caption-attachment-258877\" class=\"wp-caption-text\">Se trata de las bandas identificadas como, Los Armero y los Pecas las cuales, para cometer los delitos, usaban motocicletas para la entrega del estupefaciente.<\/figcaption><\/figure>\n<p>En menos de 4 meses de investigaciones, fueron ubicados los lugares donde era vendida la droga y los centros de acopio de estas organizaciones, que ten\u00edan como modus operandi la entrega a domicilio, <strong>previo contacto con los expendedores por mensajes de WhatsApp.<\/strong><\/p>\n<p>Se trata de las bandas identificadas como, <strong>Los Armero y los Pecas<\/strong> las cuales, para cometer los delitos, usaban motocicletas para la entrega del estupefaciente.<\/p>\n<p>A estas personas<strong>, un juez de garant\u00edas les impuso medida de aseguramiento privativa de la <\/strong><\/p>\n<p><strong>libertad<\/strong>, y les fueron imputados los delitos de concierto para delinquir y tr\u00e1fico, fabricaci\u00f3n o porte de estupefacientes.<\/p>\n<p>&nbsp;<\/p>\n<p>Algunos de los procesados <strong>aceptaron los cargos formulados por el ente acusador.<\/strong><\/p>\n<p><strong>\u00a0<\/strong><\/p>\n<p>La Fiscal\u00eda habla con resultados<\/p>\n<p>&nbsp;<\/p>\n<p>CMRM\/CMS\/FAGH<\/p>\n<p>&nbsp;<\/p>\n<div class=\"td-post-content tagdiv-type\">\n<p><em>La informaci\u00f3n contenida en este bolet\u00edn de prensa corresponde a la narraci\u00f3n de los hechos noticiosos objetivos, suministrados por los funcionarios encargados de adelantar las investigaciones penales al interior de la Fiscal\u00eda General de la Naci\u00f3n. Para el momento de la divulgaci\u00f3n de este comunicado, la situaci\u00f3n jur\u00eddica de la(s) persona(s) relacionada(s) se encuentra pendiente de resolver por la autoridad judicial competente, siempre bajo los preceptos de la presunci\u00f3n de inocencia, consagrados en el art\u00edculo 29 de la Constituci\u00f3n Pol\u00edtica y el art\u00edculo 7\u00ba de la Ley 906 de 2004.\u00a0<\/em><\/p>\n<\/div>\n<footer>\n<div class=\"td-post-source-tags\"><\/div>\n<div class=\"td-post-sharing-bottom\"><\/div>\n<\/footer>\n\n<div class=\"twitter-share\"><a href=\"https:\/\/twitter.com\/intent\/tweet?via=fiscaliacol\" class=\"twitter-share-button\">Tweet<\/a><\/div>\n","protected":false},"excerpt":{"rendered":"<p>El trabajo articulado de la Fiscal\u00eda General seccional Cundinamarca, con la polic\u00eda judicial SIJIN, logr\u00f3 la captura y posterior judicializaci\u00f3n de cerca de 17 presuntos integrantes de dos organizaciones al margen de la ley, responsables presuntamente de la venta de drogas en Soacha y Yacop\u00ed (Cundinamarca). En menos de 4 meses de investigaciones, fueron ubicados [&hellip;]<\/p>\n","protected":false},"author":175,"featured_media":0,"comment_status":"closed","ping_status":"open","sticky":false,"template":"","format":"standard","meta":{"_price":"","_stock":"","_tribe_ticket_header":"","_tribe_default_ticket_provider":"","_tribe_ticket_capacity":"0","_ticket_start_date":"","_ticket_end_date":"","_tribe_ticket_show_description":"","_tribe_ticket_show_not_going":false,"_tribe_ticket_use_global_stock":"","_tribe_ticket_global_stock_level":"","_global_stock_mode":"","_global_stock_cap":"","_tribe_rsvp_for_event":"","_tribe_ticket_going_count":"","_tribe_ticket_not_going_count":"","_tribe_tickets_list":"[]","_tribe_ticket_has_attendee_info_fields":false,"tdm_status":"","tdm_grid_status":"","footnotes":""},"categories":[1,327,24099],"tags":[24189,24305],"class_list":{"0":"post-258876","1":"post","2":"type-post","3":"status-publish","4":"format-standard","6":"category-noticias","7":"category-seccional-cundinamarca","8":"category-seguridad-territorial","9":"tag-fiscal-francisco-barbosa-delgado","10":"tag-fiscal-general-francisco-barbosa"},"yoast_head":"<!-- This site is optimized with the Yoast SEO plugin v24.3 - https:\/\/yoast.com\/wordpress\/plugins\/seo\/ -->\n<title>Fiscal\u00eda General de la Naci\u00f3n<\/title>\n<meta name=\"description\" content=\"P\u00e1gina oficial de la Fiscal\u00eda General de la Naci\u00f3n \u2013 Colombia. Garantizamos el acceso efectivo a la justicia, la verdad y la reparaci\u00f3n de las v\u00edctimas de los delitos.\" \/>\n<meta name=\"robots\" content=\"noindex, follow\" \/>\n<meta property=\"og:locale\" content=\"es_ES\" \/>\n<meta property=\"og:type\" content=\"article\" \/>\n<meta property=\"og:title\" content=\"Fiscal\u00eda General de la Naci\u00f3n\" \/>\n<meta property=\"og:description\" content=\"P\u00e1gina oficial de la Fiscal\u00eda General de la Naci\u00f3n \u2013 Colombia. Garantizamos el acceso efectivo a la justicia, la verdad y la reparaci\u00f3n de las v\u00edctimas de los delitos.\" \/>\n<meta property=\"og:url\" content=\"https:\/\/www.fiscalia.gov.co\/colombia\/noticias\/judicializadas-17-personas-senaladas-de-pertenecer-a-dos-bandas-de-microtrafico-que-actuaban-en-cundinamarca\/\" \/>\n<meta property=\"og:site_name\" content=\"Fiscal\u00eda General de la Naci\u00f3n\" \/>\n<meta property=\"article:publisher\" content=\"https:\/\/www.facebook.com\/FiscaliaCol\" \/>\n<meta property=\"article:published_time\" content=\"2022-10-09T15:54:28+00:00\" \/>\n<meta property=\"og:image\" content=\"https:\/\/www.fiscalia.gov.co\/colombia\/wp-content\/uploads\/responsables-presuntamente-de-la-venta-de-drogas-en-Soacha-y-Yacopi.jpeg\" \/>\n<meta name=\"author\" content=\"Katherine Loaiza Mart\u00ednez\" \/>\n<meta name=\"twitter:card\" content=\"summary_large_image\" \/>\n<meta name=\"twitter:creator\" content=\"@FiscaliaCol\" \/>\n<meta name=\"twitter:site\" content=\"@FiscaliaCol\" \/>\n<meta name=\"twitter:label1\" content=\"Escrito por\" \/>\n\t<meta name=\"twitter:data1\" content=\"Katherine Loaiza Mart\u00ednez\" \/>\n\t<meta name=\"twitter:label2\" content=\"Tiempo de lectura\" \/>\n\t<meta name=\"twitter:data2\" content=\"2 minutos\" \/>\n<script type=\"application\/ld+json\" class=\"yoast-schema-graph\">{\"@context\":\"https:\/\/schema.org\",\"@graph\":[{\"@type\":\"Article\",\"@id\":\"https:\/\/www.fiscalia.gov.co\/colombia\/noticias\/judicializadas-17-personas-senaladas-de-pertenecer-a-dos-bandas-de-microtrafico-que-actuaban-en-cundinamarca\/#article\",\"isPartOf\":{\"@id\":\"https:\/\/www.fiscalia.gov.co\/colombia\/noticias\/judicializadas-17-personas-senaladas-de-pertenecer-a-dos-bandas-de-microtrafico-que-actuaban-en-cundinamarca\/\"},\"author\":{\"name\":\"Katherine Loaiza Mart\u00ednez\",\"@id\":\"https:\/\/www.fiscalia.gov.co\/colombia\/#\/schema\/person\/2e76b9aba5ecf875ed565ce4de0e0415\"},\"headline\":\"Judicializadas 17 personas se\u00f1aladas de pertenecer a dos bandas de microtr\u00e1fico que actuaban en Cundinamarca\",\"datePublished\":\"2022-10-09T15:54:28+00:00\",\"dateModified\":\"2022-10-09T15:54:28+00:00\",\"mainEntityOfPage\":{\"@id\":\"https:\/\/www.fiscalia.gov.co\/colombia\/noticias\/judicializadas-17-personas-senaladas-de-pertenecer-a-dos-bandas-de-microtrafico-que-actuaban-en-cundinamarca\/\"},\"wordCount\":325,\"publisher\":{\"@id\":\"https:\/\/www.fiscalia.gov.co\/colombia\/#organization\"},\"image\":{\"@id\":\"https:\/\/www.fiscalia.gov.co\/colombia\/noticias\/judicializadas-17-personas-senaladas-de-pertenecer-a-dos-bandas-de-microtrafico-que-actuaban-en-cundinamarca\/#primaryimage\"},\"thumbnailUrl\":\"https:\/\/www.fiscalia.gov.co\/colombia\/wp-content\/uploads\/responsables-presuntamente-de-la-venta-de-drogas-en-Soacha-y-Yacopi.jpeg\",\"keywords\":[\"Fiscal Francisco Barbosa Delgado\",\"Fiscal General Francisco Barbosa\"],\"articleSection\":[\"Noticias\",\"Seccional Cundinamarca\",\"Seguridad territorial\"],\"inLanguage\":\"es-CO\"},{\"@type\":\"WebPage\",\"@id\":\"https:\/\/www.fiscalia.gov.co\/colombia\/noticias\/judicializadas-17-personas-senaladas-de-pertenecer-a-dos-bandas-de-microtrafico-que-actuaban-en-cundinamarca\/\",\"url\":\"https:\/\/www.fiscalia.gov.co\/colombia\/noticias\/judicializadas-17-personas-senaladas-de-pertenecer-a-dos-bandas-de-microtrafico-que-actuaban-en-cundinamarca\/\",\"name\":\"Fiscal\u00eda General de la Naci\u00f3n\",\"isPartOf\":{\"@id\":\"https:\/\/www.fiscalia.gov.co\/colombia\/#website\"},\"primaryImageOfPage\":{\"@id\":\"https:\/\/www.fiscalia.gov.co\/colombia\/noticias\/judicializadas-17-personas-senaladas-de-pertenecer-a-dos-bandas-de-microtrafico-que-actuaban-en-cundinamarca\/#primaryimage\"},\"image\":{\"@id\":\"https:\/\/www.fiscalia.gov.co\/colombia\/noticias\/judicializadas-17-personas-senaladas-de-pertenecer-a-dos-bandas-de-microtrafico-que-actuaban-en-cundinamarca\/#primaryimage\"},\"thumbnailUrl\":\"https:\/\/www.fiscalia.gov.co\/colombia\/wp-content\/uploads\/responsables-presuntamente-de-la-venta-de-drogas-en-Soacha-y-Yacopi.jpeg\",\"datePublished\":\"2022-10-09T15:54:28+00:00\",\"dateModified\":\"2022-10-09T15:54:28+00:00\",\"description\":\"P\u00e1gina oficial de la Fiscal\u00eda General de la Naci\u00f3n \u2013 Colombia. Garantizamos el acceso efectivo a la justicia, la verdad y la reparaci\u00f3n de las v\u00edctimas de los delitos.\",\"breadcrumb\":{\"@id\":\"https:\/\/www.fiscalia.gov.co\/colombia\/noticias\/judicializadas-17-personas-senaladas-de-pertenecer-a-dos-bandas-de-microtrafico-que-actuaban-en-cundinamarca\/#breadcrumb\"},\"inLanguage\":\"es-CO\",\"potentialAction\":[{\"@type\":\"ReadAction\",\"target\":[\"https:\/\/www.fiscalia.gov.co\/colombia\/noticias\/judicializadas-17-personas-senaladas-de-pertenecer-a-dos-bandas-de-microtrafico-que-actuaban-en-cundinamarca\/\"]}]},{\"@type\":\"ImageObject\",\"inLanguage\":\"es-CO\",\"@id\":\"https:\/\/www.fiscalia.gov.co\/colombia\/noticias\/judicializadas-17-personas-senaladas-de-pertenecer-a-dos-bandas-de-microtrafico-que-actuaban-en-cundinamarca\/#primaryimage\",\"url\":\"https:\/\/www.fiscalia.gov.co\/colombia\/wp-content\/uploads\/responsables-presuntamente-de-la-venta-de-drogas-en-Soacha-y-Yacopi.jpeg\",\"contentUrl\":\"https:\/\/www.fiscalia.gov.co\/colombia\/wp-content\/uploads\/responsables-presuntamente-de-la-venta-de-drogas-en-Soacha-y-Yacopi.jpeg\",\"width\":1280,\"height\":466,\"caption\":\"Se trata de las bandas identificadas como, Los Armero y los Pecas las cuales, para cometer los delitos, usaban motocicletas para la entrega del estupefaciente.\"},{\"@type\":\"BreadcrumbList\",\"@id\":\"https:\/\/www.fiscalia.gov.co\/colombia\/noticias\/judicializadas-17-personas-senaladas-de-pertenecer-a-dos-bandas-de-microtrafico-que-actuaban-en-cundinamarca\/#breadcrumb\",\"itemListElement\":[{\"@type\":\"ListItem\",\"position\":1,\"name\":\"Home\",\"item\":\"https:\/\/www.fiscalia.gov.co\/colombia\/\"},{\"@type\":\"ListItem\",\"position\":2,\"name\":\"Judicializadas 17 personas se\u00f1aladas de pertenecer a dos bandas de microtr\u00e1fico que actuaban en Cundinamarca\"}]},{\"@type\":\"WebSite\",\"@id\":\"https:\/\/www.fiscalia.gov.co\/colombia\/#website\",\"url\":\"https:\/\/www.fiscalia.gov.co\/colombia\/\",\"name\":\"Fiscal\u00eda General de la Naci\u00f3n\",\"description\":\"P\u00e1gina oficial de la Fiscal\u00eda General de la Naci\u00f3n \u2013 Colombia. Garantizamos el acceso efectivo a la justicia, la verdad y la reparaci\u00f3n de las v\u00edctimas de los delitos.\",\"publisher\":{\"@id\":\"https:\/\/www.fiscalia.gov.co\/colombia\/#organization\"},\"potentialAction\":[{\"@type\":\"SearchAction\",\"target\":{\"@type\":\"EntryPoint\",\"urlTemplate\":\"https:\/\/www.fiscalia.gov.co\/colombia\/?s={search_term_string}\"},\"query-input\":{\"@type\":\"PropertyValueSpecification\",\"valueRequired\":true,\"valueName\":\"search_term_string\"}}],\"inLanguage\":\"es-CO\"},{\"@type\":\"Organization\",\"@id\":\"https:\/\/www.fiscalia.gov.co\/colombia\/#organization\",\"name\":\"Fiscal\u00eda General de la Naci\u00f3n\",\"url\":\"https:\/\/www.fiscalia.gov.co\/colombia\/\",\"logo\":{\"@type\":\"ImageObject\",\"inLanguage\":\"es-CO\",\"@id\":\"https:\/\/www.fiscalia.gov.co\/colombia\/#\/schema\/logo\/image\/\",\"url\":\"https:\/\/www.fiscalia.gov.co\/colombia\/wp-content\/uploads\/LogoHorizontal_1.jpg\",\"contentUrl\":\"https:\/\/www.fiscalia.gov.co\/colombia\/wp-content\/uploads\/LogoHorizontal_1.jpg\",\"width\":300,\"height\":90,\"caption\":\"Fiscal\u00eda General de la Naci\u00f3n\"},\"image\":{\"@id\":\"https:\/\/www.fiscalia.gov.co\/colombia\/#\/schema\/logo\/image\/\"},\"sameAs\":[\"https:\/\/www.facebook.com\/FiscaliaCol\",\"https:\/\/x.com\/FiscaliaCol\",\"https:\/\/www.instagram.com\/fiscaliacol\",\"https:\/\/www.linkedin.com\/company\/fiscalia-general-de-la-naci-n\/\",\"https:\/\/youtube.com\/@fiscaliageneraldelanacion-4668?si=6nN79nyQICPU5iTh\"]},{\"@type\":\"Person\",\"@id\":\"https:\/\/www.fiscalia.gov.co\/colombia\/#\/schema\/person\/2e76b9aba5ecf875ed565ce4de0e0415\",\"name\":\"Katherine Loaiza Mart\u00ednez\",\"image\":{\"@type\":\"ImageObject\",\"inLanguage\":\"es-CO\",\"@id\":\"https:\/\/www.fiscalia.gov.co\/colombia\/#\/schema\/person\/image\/\",\"url\":\"https:\/\/secure.gravatar.com\/avatar\/ab775a2f394c1b83b6d6f78680e57b50?s=96&d=mm&r=g\",\"contentUrl\":\"https:\/\/secure.gravatar.com\/avatar\/ab775a2f394c1b83b6d6f78680e57b50?s=96&d=mm&r=g\",\"caption\":\"Katherine Loaiza Mart\u00ednez\"},\"url\":\"https:\/\/www.fiscalia.gov.co\/colombia\/author\/kloaiza\/\"}]}<\/script>\n<!-- \/ Yoast SEO plugin. -->","yoast_head_json":{"title":"Fiscal\u00eda General de la Naci\u00f3n","description":"P\u00e1gina oficial de la Fiscal\u00eda General de la Naci\u00f3n \u2013 Colombia. Garantizamos el acceso efectivo a la justicia, la verdad y la reparaci\u00f3n de las v\u00edctimas de los delitos.","robots":{"index":"noindex","follow":"follow"},"og_locale":"es_ES","og_type":"article","og_title":"Fiscal\u00eda General de la Naci\u00f3n","og_description":"P\u00e1gina oficial de la Fiscal\u00eda General de la Naci\u00f3n \u2013 Colombia. Garantizamos el acceso efectivo a la justicia, la verdad y la reparaci\u00f3n de las v\u00edctimas de los delitos.","og_url":"https:\/\/www.fiscalia.gov.co\/colombia\/noticias\/judicializadas-17-personas-senaladas-de-pertenecer-a-dos-bandas-de-microtrafico-que-actuaban-en-cundinamarca\/","og_site_name":"Fiscal\u00eda General de la Naci\u00f3n","article_publisher":"https:\/\/www.facebook.com\/FiscaliaCol","article_published_time":"2022-10-09T15:54:28+00:00","og_image":[{"url":"https:\/\/www.fiscalia.gov.co\/colombia\/wp-content\/uploads\/responsables-presuntamente-de-la-venta-de-drogas-en-Soacha-y-Yacopi.jpeg","type":"","width":"","height":""}],"author":"Katherine Loaiza Mart\u00ednez","twitter_card":"summary_large_image","twitter_creator":"@FiscaliaCol","twitter_site":"@FiscaliaCol","twitter_misc":{"Escrito por":"Katherine Loaiza Mart\u00ednez","Tiempo de lectura":"2 minutos"},"schema":{"@context":"https:\/\/schema.org","@graph":[{"@type":"Article","@id":"https:\/\/www.fiscalia.gov.co\/colombia\/noticias\/judicializadas-17-personas-senaladas-de-pertenecer-a-dos-bandas-de-microtrafico-que-actuaban-en-cundinamarca\/#article","isPartOf":{"@id":"https:\/\/www.fiscalia.gov.co\/colombia\/noticias\/judicializadas-17-personas-senaladas-de-pertenecer-a-dos-bandas-de-microtrafico-que-actuaban-en-cundinamarca\/"},"author":{"name":"Katherine Loaiza Mart\u00ednez","@id":"https:\/\/www.fiscalia.gov.co\/colombia\/#\/schema\/person\/2e76b9aba5ecf875ed565ce4de0e0415"},"headline":"Judicializadas 17 personas se\u00f1aladas de pertenecer a dos bandas de microtr\u00e1fico que actuaban en Cundinamarca","datePublished":"2022-10-09T15:54:28+00:00","dateModified":"2022-10-09T15:54:28+00:00","mainEntityOfPage":{"@id":"https:\/\/www.fiscalia.gov.co\/colombia\/noticias\/judicializadas-17-personas-senaladas-de-pertenecer-a-dos-bandas-de-microtrafico-que-actuaban-en-cundinamarca\/"},"wordCount":325,"publisher":{"@id":"https:\/\/www.fiscalia.gov.co\/colombia\/#organization"},"image":{"@id":"https:\/\/www.fiscalia.gov.co\/colombia\/noticias\/judicializadas-17-personas-senaladas-de-pertenecer-a-dos-bandas-de-microtrafico-que-actuaban-en-cundinamarca\/#primaryimage"},"thumbnailUrl":"https:\/\/www.fiscalia.gov.co\/colombia\/wp-content\/uploads\/responsables-presuntamente-de-la-venta-de-drogas-en-Soacha-y-Yacopi.jpeg","keywords":["Fiscal Francisco Barbosa Delgado","Fiscal General Francisco Barbosa"],"articleSection":["Noticias","Seccional Cundinamarca","Seguridad territorial"],"inLanguage":"es-CO"},{"@type":"WebPage","@id":"https:\/\/www.fiscalia.gov.co\/colombia\/noticias\/judicializadas-17-personas-senaladas-de-pertenecer-a-dos-bandas-de-microtrafico-que-actuaban-en-cundinamarca\/","url":"https:\/\/www.fiscalia.gov.co\/colombia\/noticias\/judicializadas-17-personas-senaladas-de-pertenecer-a-dos-bandas-de-microtrafico-que-actuaban-en-cundinamarca\/","name":"Fiscal\u00eda General de la Naci\u00f3n","isPartOf":{"@id":"https:\/\/www.fiscalia.gov.co\/colombia\/#website"},"primaryImageOfPage":{"@id":"https:\/\/www.fiscalia.gov.co\/colombia\/noticias\/judicializadas-17-personas-senaladas-de-pertenecer-a-dos-bandas-de-microtrafico-que-actuaban-en-cundinamarca\/#primaryimage"},"image":{"@id":"https:\/\/www.fiscalia.gov.co\/colombia\/noticias\/judicializadas-17-personas-senaladas-de-pertenecer-a-dos-bandas-de-microtrafico-que-actuaban-en-cundinamarca\/#primaryimage"},"thumbnailUrl":"https:\/\/www.fiscalia.gov.co\/colombia\/wp-content\/uploads\/responsables-presuntamente-de-la-venta-de-drogas-en-Soacha-y-Yacopi.jpeg","datePublished":"2022-10-09T15:54:28+00:00","dateModified":"2022-10-09T15:54:28+00:00","description":"P\u00e1gina oficial de la Fiscal\u00eda General de la Naci\u00f3n \u2013 Colombia. Garantizamos el acceso efectivo a la justicia, la verdad y la reparaci\u00f3n de las v\u00edctimas de los delitos.","breadcrumb":{"@id":"https:\/\/www.fiscalia.gov.co\/colombia\/noticias\/judicializadas-17-personas-senaladas-de-pertenecer-a-dos-bandas-de-microtrafico-que-actuaban-en-cundinamarca\/#breadcrumb"},"inLanguage":"es-CO","potentialAction":[{"@type":"ReadAction","target":["https:\/\/www.fiscalia.gov.co\/colombia\/noticias\/judicializadas-17-personas-senaladas-de-pertenecer-a-dos-bandas-de-microtrafico-que-actuaban-en-cundinamarca\/"]}]},{"@type":"ImageObject","inLanguage":"es-CO","@id":"https:\/\/www.fiscalia.gov.co\/colombia\/noticias\/judicializadas-17-personas-senaladas-de-pertenecer-a-dos-bandas-de-microtrafico-que-actuaban-en-cundinamarca\/#primaryimage","url":"https:\/\/www.fiscalia.gov.co\/colombia\/wp-content\/uploads\/responsables-presuntamente-de-la-venta-de-drogas-en-Soacha-y-Yacopi.jpeg","contentUrl":"https:\/\/www.fiscalia.gov.co\/colombia\/wp-content\/uploads\/responsables-presuntamente-de-la-venta-de-drogas-en-Soacha-y-Yacopi.jpeg","width":1280,"height":466,"caption":"Se trata de las bandas identificadas como, Los Armero y los Pecas las cuales, para cometer los delitos, usaban motocicletas para la entrega del estupefaciente."},{"@type":"BreadcrumbList","@id":"https:\/\/www.fiscalia.gov.co\/colombia\/noticias\/judicializadas-17-personas-senaladas-de-pertenecer-a-dos-bandas-de-microtrafico-que-actuaban-en-cundinamarca\/#breadcrumb","itemListElement":[{"@type":"ListItem","position":1,"name":"Home","item":"https:\/\/www.fiscalia.gov.co\/colombia\/"},{"@type":"ListItem","position":2,"name":"Judicializadas 17 personas se\u00f1aladas de pertenecer a dos bandas de microtr\u00e1fico que actuaban en Cundinamarca"}]},{"@type":"WebSite","@id":"https:\/\/www.fiscalia.gov.co\/colombia\/#website","url":"https:\/\/www.fiscalia.gov.co\/colombia\/","name":"Fiscal\u00eda General de la Naci\u00f3n","description":"P\u00e1gina oficial de la Fiscal\u00eda General de la Naci\u00f3n \u2013 Colombia. Garantizamos el acceso efectivo a la justicia, la verdad y la reparaci\u00f3n de las v\u00edctimas de los delitos.","publisher":{"@id":"https:\/\/www.fiscalia.gov.co\/colombia\/#organization"},"potentialAction":[{"@type":"SearchAction","target":{"@type":"EntryPoint","urlTemplate":"https:\/\/www.fiscalia.gov.co\/colombia\/?s={search_term_string}"},"query-input":{"@type":"PropertyValueSpecification","valueRequired":true,"valueName":"search_term_string"}}],"inLanguage":"es-CO"},{"@type":"Organization","@id":"https:\/\/www.fiscalia.gov.co\/colombia\/#organization","name":"Fiscal\u00eda General de la Naci\u00f3n","url":"https:\/\/www.fiscalia.gov.co\/colombia\/","logo":{"@type":"ImageObject","inLanguage":"es-CO","@id":"https:\/\/www.fiscalia.gov.co\/colombia\/#\/schema\/logo\/image\/","url":"https:\/\/www.fiscalia.gov.co\/colombia\/wp-content\/uploads\/LogoHorizontal_1.jpg","contentUrl":"https:\/\/www.fiscalia.gov.co\/colombia\/wp-content\/uploads\/LogoHorizontal_1.jpg","width":300,"height":90,"caption":"Fiscal\u00eda General de la Naci\u00f3n"},"image":{"@id":"https:\/\/www.fiscalia.gov.co\/colombia\/#\/schema\/logo\/image\/"},"sameAs":["https:\/\/www.facebook.com\/FiscaliaCol","https:\/\/x.com\/FiscaliaCol","https:\/\/www.instagram.com\/fiscaliacol","https:\/\/www.linkedin.com\/company\/fiscalia-general-de-la-naci-n\/","https:\/\/youtube.com\/@fiscaliageneraldelanacion-4668?si=6nN79nyQICPU5iTh"]},{"@type":"Person","@id":"https:\/\/www.fiscalia.gov.co\/colombia\/#\/schema\/person\/2e76b9aba5ecf875ed565ce4de0e0415","name":"Katherine Loaiza Mart\u00ednez","image":{"@type":"ImageObject","inLanguage":"es-CO","@id":"https:\/\/www.fiscalia.gov.co\/colombia\/#\/schema\/person\/image\/","url":"https:\/\/secure.gravatar.com\/avatar\/ab775a2f394c1b83b6d6f78680e57b50?s=96&d=mm&r=g","contentUrl":"https:\/\/secure.gravatar.com\/avatar\/ab775a2f394c1b83b6d6f78680e57b50?s=96&d=mm&r=g","caption":"Katherine Loaiza Mart\u00ednez"},"url":"https:\/\/www.fiscalia.gov.co\/colombia\/author\/kloaiza\/"}]}},"_links":{"self":[{"href":"https:\/\/www.fiscalia.gov.co\/colombia\/wp-json\/wp\/v2\/posts\/258876","targetHints":{"allow":["GET"]}}],"collection":[{"href":"https:\/\/www.fiscalia.gov.co\/colombia\/wp-json\/wp\/v2\/posts"}],"about":[{"href":"https:\/\/www.fiscalia.gov.co\/colombia\/wp-json\/wp\/v2\/types\/post"}],"author":[{"embeddable":true,"href":"https:\/\/www.fiscalia.gov.co\/colombia\/wp-json\/wp\/v2\/users\/175"}],"replies":[{"embeddable":true,"href":"https:\/\/www.fiscalia.gov.co\/colombia\/wp-json\/wp\/v2\/comments?post=258876"}],"version-history":[{"count":1,"href":"https:\/\/www.fiscalia.gov.co\/colombia\/wp-json\/wp\/v2\/posts\/258876\/revisions"}],"predecessor-version":[{"id":258878,"href":"https:\/\/www.fiscalia.gov.co\/colombia\/wp-json\/wp\/v2\/posts\/258876\/revisions\/258878"}],"wp:attachment":[{"href":"https:\/\/www.fiscalia.gov.co\/colombia\/wp-json\/wp\/v2\/media?parent=258876"}],"wp:term":[{"taxonomy":"category","embeddable":true,"href":"https:\/\/www.fiscalia.gov.co\/colombia\/wp-json\/wp\/v2\/categories?post=258876"},{"taxonomy":"post_tag","embeddable":true,"href":"https:\/\/www.fiscalia.gov.co\/colombia\/wp-json\/wp\/v2\/tags?post=258876"}],"curies":[{"name":"wp","href":"https:\/\/api.w.org\/{rel}","templated":true}]}}