{"id":258731,"date":"2022-10-06T12:01:49","date_gmt":"2022-10-06T17:01:49","guid":{"rendered":"https:\/\/www.fiscalia.gov.co\/colombia\/?p=258731"},"modified":"2022-10-18T12:56:40","modified_gmt":"2022-10-18T17:56:40","slug":"judicializados-cuatro-presuntos-integrantes-de-las-disidencias-de-las-farc-en-arauca","status":"publish","type":"post","link":"https:\/\/www.fiscalia.gov.co\/colombia\/noticias\/judicializados-cuatro-presuntos-integrantes-de-las-disidencias-de-las-farc-en-arauca\/","title":{"rendered":"Judicializados cuatro presuntos integrantes de las disidencias de las Farc en Arauca"},"content":{"rendered":"<p style=\"font-weight: 400;\">En un operativo conjunto entre la Fiscal\u00eda, la Polic\u00eda Nacional el Ej\u00e9rcito se logr\u00f3 la judicializaci\u00f3n de cuatro presuntos integrantes del frente Mart\u00edn Villa de las disidencias de las <a href=\"https:\/\/www.fiscalia.gov.co\/colombia\/noticias\/asegurado-presunto-integrante-de-las-disidencias-de-las-farc-en-tame-arauca\/\" data-saferedirecturl=\"https:\/\/www.google.com\/url?q=https:\/\/www.fiscalia.gov.co\/colombia\/noticias\/asegurado-presunto-integrante-de-las-disidencias-de-las-farc-en-tame-arauca\/&amp;source=gmail&amp;ust=1665160817618000&amp;usg=AOvVaw11YnYiY3V2bOebhbRo0uwK\">Farc<\/a>\u00a0con presencia en el departamento de Arauca.<\/p>\n<p style=\"font-weight: 400;\">Dicho grupo, al mando de\u00a0Alexander Lozada Ram\u00edrez, alias Mono Cuco, concentra sus acciones delictivas en la ciudad de Arauca, donde se le atribuyen\u00a0homicidios selectivos, extorsiones, labores de inteligencia contra la\u00a0<a href=\"https:\/\/www.fiscalia.gov.co\/colombia\/noticias\/a-la-carcel-cinco-presuntos-integrantes-de-las-disidencias-de-las-farc-quienes-habrian-participado-en-varios-homicidios-en-arauca\/\" data-saferedirecturl=\"https:\/\/www.google.com\/url?q=https:\/\/www.fiscalia.gov.co\/colombia\/noticias\/a-la-carcel-cinco-presuntos-integrantes-de-las-disidencias-de-las-farc-quienes-habrian-participado-en-varios-homicidios-en-arauca\/&amp;source=gmail&amp;ust=1665160817618000&amp;usg=AOvVaw1x6ibPpgk2QYaQwuUHC-Tm\">fuerza p\u00fablica<\/a>, compra de elementos de intendencia y actividades relacionadas con la comercializaci\u00f3n de estupefacientes.<\/p>\n<p style=\"font-weight: 400;\">Yilber Eleuterio P\u00e9rez Santana, alias Chiriguare, habr\u00eda participado como autor material en el homicidio de Willner Jos\u00e9 Guevara Castillo, hechos ocurridos el pasado 6 de mayo en el barrio Buena Vista de Arauca (Arauca). Fue judicializado por los delitos de homicidio, concierto para delinquir agravado y porte o tenencia de armas de fuego.<\/p>\n<figure id=\"attachment_258732\" aria-describedby=\"caption-attachment-258732\" style=\"width: 810px\" class=\"wp-caption aligncenter\"><img loading=\"lazy\" decoding=\"async\" class=\"size-full wp-image-258732\" src=\"https:\/\/www.fiscalia.gov.co\/colombia\/wp-content\/uploads\/Yilber-Eleuterio-Perez-Santana-alias-Chiriguare-de-concierto-para-delinquir-agravado-homicidio-agravado-fabricacion-trafico-porte-o-tenencia-de-armas-de-fuego.jpg\" alt=\"En la fotograf\u00eda aparece el capturado junto a dos uniformados de la Polic\u00eda Nacional e investigador del CTI\" width=\"810\" height=\"607\" srcset=\"https:\/\/www.fiscalia.gov.co\/colombia\/wp-content\/uploads\/Yilber-Eleuterio-Perez-Santana-alias-Chiriguare-de-concierto-para-delinquir-agravado-homicidio-agravado-fabricacion-trafico-porte-o-tenencia-de-armas-de-fuego.jpg 810w, https:\/\/www.fiscalia.gov.co\/colombia\/wp-content\/uploads\/Yilber-Eleuterio-Perez-Santana-alias-Chiriguare-de-concierto-para-delinquir-agravado-homicidio-agravado-fabricacion-trafico-porte-o-tenencia-de-armas-de-fuego-300x225.jpg 300w, https:\/\/www.fiscalia.gov.co\/colombia\/wp-content\/uploads\/Yilber-Eleuterio-Perez-Santana-alias-Chiriguare-de-concierto-para-delinquir-agravado-homicidio-agravado-fabricacion-trafico-porte-o-tenencia-de-armas-de-fuego-768x576.jpg 768w, https:\/\/www.fiscalia.gov.co\/colombia\/wp-content\/uploads\/Yilber-Eleuterio-Perez-Santana-alias-Chiriguare-de-concierto-para-delinquir-agravado-homicidio-agravado-fabricacion-trafico-porte-o-tenencia-de-armas-de-fuego-696x522.jpg 696w, https:\/\/www.fiscalia.gov.co\/colombia\/wp-content\/uploads\/Yilber-Eleuterio-Perez-Santana-alias-Chiriguare-de-concierto-para-delinquir-agravado-homicidio-agravado-fabricacion-trafico-porte-o-tenencia-de-armas-de-fuego-560x420.jpg 560w, https:\/\/www.fiscalia.gov.co\/colombia\/wp-content\/uploads\/Yilber-Eleuterio-Perez-Santana-alias-Chiriguare-de-concierto-para-delinquir-agravado-homicidio-agravado-fabricacion-trafico-porte-o-tenencia-de-armas-de-fuego-80x60.jpg 80w, https:\/\/www.fiscalia.gov.co\/colombia\/wp-content\/uploads\/Yilber-Eleuterio-Perez-Santana-alias-Chiriguare-de-concierto-para-delinquir-agravado-homicidio-agravado-fabricacion-trafico-porte-o-tenencia-de-armas-de-fuego-265x198.jpg 265w\" sizes=\"auto, (max-width: 810px) 100vw, 810px\" \/><figcaption id=\"caption-attachment-258732\" class=\"wp-caption-text\">Yilber Eleuterio P\u00e9rez Santana, alias Chiriguare, presunto integrante del GAOR E-10 frente Martin Villa, ser\u00eda responsable del asesinato de Willner Jos\u00e9 Guevara Castillo, hechos ocurridos en mayo reciente en el barrio Buena Vista de Arauca.<\/figcaption><\/figure>\n<p style=\"font-weight: 400;\">Bernardo Eliecer Contreras Osorio, alias Guara\u00f1a, quien el pasado 2 de mayo al parecer lanz\u00f3 un artefacto explosivo contra un CAI en el municipio de Arauca, fue judicializado por los delitos de concierto para delinquir agravado y terrorismo.<\/p>\n<figure id=\"attachment_258733\" aria-describedby=\"caption-attachment-258733\" style=\"width: 639px\" class=\"wp-caption aligncenter\"><img loading=\"lazy\" decoding=\"async\" class=\"size-full wp-image-258733\" src=\"https:\/\/www.fiscalia.gov.co\/colombia\/wp-content\/uploads\/Bernardo-Eliecer-Contreras-Osorio-alias-Guarana-judicializado-concierto-para-delinquir-agravado-y-terrorismo.jpg\" alt=\"En la imagen se aprecia el capturado en muletas, junto a dos uniformados de la Polic\u00eda Nacional, en la parte posterior se observa el banner de la Polic\u00eda Nacional.\" width=\"639\" height=\"479\" srcset=\"https:\/\/www.fiscalia.gov.co\/colombia\/wp-content\/uploads\/Bernardo-Eliecer-Contreras-Osorio-alias-Guarana-judicializado-concierto-para-delinquir-agravado-y-terrorismo.jpg 639w, https:\/\/www.fiscalia.gov.co\/colombia\/wp-content\/uploads\/Bernardo-Eliecer-Contreras-Osorio-alias-Guarana-judicializado-concierto-para-delinquir-agravado-y-terrorismo-300x225.jpg 300w, https:\/\/www.fiscalia.gov.co\/colombia\/wp-content\/uploads\/Bernardo-Eliecer-Contreras-Osorio-alias-Guarana-judicializado-concierto-para-delinquir-agravado-y-terrorismo-560x420.jpg 560w, https:\/\/www.fiscalia.gov.co\/colombia\/wp-content\/uploads\/Bernardo-Eliecer-Contreras-Osorio-alias-Guarana-judicializado-concierto-para-delinquir-agravado-y-terrorismo-80x60.jpg 80w, https:\/\/www.fiscalia.gov.co\/colombia\/wp-content\/uploads\/Bernardo-Eliecer-Contreras-Osorio-alias-Guarana-judicializado-concierto-para-delinquir-agravado-y-terrorismo-265x198.jpg 265w\" sizes=\"auto, (max-width: 639px) 100vw, 639px\" \/><figcaption id=\"caption-attachment-258733\" class=\"wp-caption-text\">Bernardo Eliecer Contreras Osorio, alias Guara\u00f1a habr\u00eda participado en el lanzamiento de un artefacto explosivo contra un CAI de la Polic\u00eda Nacional en la capital araucana.<\/figcaption><\/figure>\n<p style=\"font-weight: 400;\">Greyssy Marcela Doria Fern\u00e1ndez, alias La Comadre, responder\u00e1 por los delitos de concierto para delinquir y tr\u00e1fico, fabricaci\u00f3n o porte de estupefacientes.\u00a0 La procesada se encargar\u00eda dentro del grupo de la administraci\u00f3n de finanzas il\u00edcitas a trav\u00e9s del control territorial para la comercializaci\u00f3n de sustancias estupefacientes en la capital araucana.<\/p>\n<figure id=\"attachment_258734\" aria-describedby=\"caption-attachment-258734\" style=\"width: 668px\" class=\"wp-caption aligncenter\"><img loading=\"lazy\" decoding=\"async\" class=\"size-full wp-image-258734\" src=\"https:\/\/www.fiscalia.gov.co\/colombia\/wp-content\/uploads\/Greyssy-Marcela-Doria-Fernandez-alias-La-Comadre-respondera-concierto-para-delinquir-y-trafico-fabricacion-o-porte-de-estupefacientes.jpg\" alt=\"En la fotograf\u00eda aparece una mujer, junto a un uniformado de la Polic\u00eda Nacional, quien le esta dando a conocer los derechos que tiene al ser capturada.\" width=\"668\" height=\"500\" srcset=\"https:\/\/www.fiscalia.gov.co\/colombia\/wp-content\/uploads\/Greyssy-Marcela-Doria-Fernandez-alias-La-Comadre-respondera-concierto-para-delinquir-y-trafico-fabricacion-o-porte-de-estupefacientes.jpg 668w, https:\/\/www.fiscalia.gov.co\/colombia\/wp-content\/uploads\/Greyssy-Marcela-Doria-Fernandez-alias-La-Comadre-respondera-concierto-para-delinquir-y-trafico-fabricacion-o-porte-de-estupefacientes-300x225.jpg 300w, https:\/\/www.fiscalia.gov.co\/colombia\/wp-content\/uploads\/Greyssy-Marcela-Doria-Fernandez-alias-La-Comadre-respondera-concierto-para-delinquir-y-trafico-fabricacion-o-porte-de-estupefacientes-561x420.jpg 561w, https:\/\/www.fiscalia.gov.co\/colombia\/wp-content\/uploads\/Greyssy-Marcela-Doria-Fernandez-alias-La-Comadre-respondera-concierto-para-delinquir-y-trafico-fabricacion-o-porte-de-estupefacientes-80x60.jpg 80w, https:\/\/www.fiscalia.gov.co\/colombia\/wp-content\/uploads\/Greyssy-Marcela-Doria-Fernandez-alias-La-Comadre-respondera-concierto-para-delinquir-y-trafico-fabricacion-o-porte-de-estupefacientes-265x198.jpg 265w\" sizes=\"auto, (max-width: 668px) 100vw, 668px\" \/><figcaption id=\"caption-attachment-258734\" class=\"wp-caption-text\">Greyssy Marcela Doria Fern\u00e1ndez, alias La Comadre, ser\u00eda dentro del GAOR la encargada de las finanzas y del control territorial para la comercializaci\u00f3n de sustancias estupefacientes.<\/figcaption><\/figure>\n<p style=\"font-weight: 400;\">As\u00ed mismo, se le imputaron cargos a alias Mono Cuco por los delitos de\u00a0concierto para delinquir agravado, homicidio agravado, terrorismo y porte o tenencia de armas de fuego, y quien se encuentra recluido en establecimiento carcelario desde junio pasado por investigaciones similares.<\/p>\n<p style=\"font-weight: 400;\">Los investigados no aceptaron su responsabilidad en los cargos formulados por la Fiscal\u00eda y un juez con funciones de control de garant\u00edas les\u00a0<a href=\"https:\/\/www.fiscalia.gov.co\/colombia\/noticias\/la-fiscalia-ha-capturado-a-mas-de-43-presuntos-integrantes-de-grupos-armados-organizados-con-injerencia-en-el-departamento-de-arauca\/\" data-saferedirecturl=\"https:\/\/www.google.com\/url?q=https:\/\/www.fiscalia.gov.co\/colombia\/noticias\/la-fiscalia-ha-capturado-a-mas-de-43-presuntos-integrantes-de-grupos-armados-organizados-con-injerencia-en-el-departamento-de-arauca\/&amp;source=gmail&amp;ust=1665160817618000&amp;usg=AOvVaw1t_66lwUgzem5-u7rFD3rP\">impuso medida<\/a>\u00a0de aseguramiento privativa de la libertad en establecimiento carcelario.<\/p>\n<p style=\"font-weight: 400;\"><strong>La Fiscal\u00eda habla con resultados<\/strong><\/p>\n<p>&nbsp;<\/p>\n<p>&nbsp;<\/p>\n<p>&nbsp;<\/p>\n<p>&nbsp;<\/p>\n<p style=\"font-weight: 400;\">MPHA\/CFG\/JFEL\/DSA<\/p>\n<p>&nbsp;<\/p>\n<p>&nbsp;<\/p>\n<p>&nbsp;<\/p>\n<p style=\"font-weight: 400;\"><em>La informaci\u00f3n contenida en este bolet\u00edn de prensa corresponde a la narraci\u00f3n de los hechos noticiosos objetivos, suministrados por los funcionarios encargados de adelantar las investigaciones penales al interior de la Fiscal\u00eda General de la Naci\u00f3n. Para el momento de la divulgaci\u00f3n de este comunicado, la situaci\u00f3n jur\u00eddica de la(s) persona(s) relacionada(s) se encuentra pendiente de resolver por la autoridad\u00a0judicial competente, siempre bajo los preceptos de la presunci\u00f3n de inocencia, consagrados en el art\u00edculo 29 de la Constituci\u00f3n Pol\u00edtica y el art\u00edculo 7\u00ba de la Ley 906 de 2004.\u00a0<\/em><\/p>\n\n<div class=\"twitter-share\"><a href=\"https:\/\/twitter.com\/intent\/tweet?via=fiscaliacol\" class=\"twitter-share-button\">Tweet<\/a><\/div>\n","protected":false},"excerpt":{"rendered":"<p>En un operativo conjunto entre la Fiscal\u00eda, la Polic\u00eda Nacional el Ej\u00e9rcito se logr\u00f3 la judicializaci\u00f3n de cuatro presuntos integrantes del frente Mart\u00edn Villa de las disidencias de las Farc\u00a0con presencia en el departamento de Arauca. Dicho grupo, al mando de\u00a0Alexander Lozada Ram\u00edrez, alias Mono Cuco, concentra sus acciones delictivas en la ciudad de Arauca, [&hellip;]<\/p>\n","protected":false},"author":177,"featured_media":259400,"comment_status":"closed","ping_status":"open","sticky":false,"template":"","format":"video","meta":{"_price":"","_stock":"","_tribe_ticket_header":"","_tribe_default_ticket_provider":"","_tribe_ticket_capacity":"0","_ticket_start_date":"","_ticket_end_date":"","_tribe_ticket_show_description":"","_tribe_ticket_show_not_going":false,"_tribe_ticket_use_global_stock":"","_tribe_ticket_global_stock_level":"","_global_stock_mode":"","_global_stock_cap":"","_tribe_rsvp_for_event":"","_tribe_ticket_going_count":"","_tribe_ticket_not_going_count":"","_tribe_tickets_list":"[]","_tribe_ticket_has_attendee_info_fields":false,"tdm_status":"","tdm_grid_status":"","footnotes":""},"categories":[1,12632,303,24099],"tags":[31726,24185,24188,4614,1047,24300,29615,17967,24277,10084],"class_list":{"0":"post-258731","1":"post","2":"type-post","3":"status-publish","4":"format-video","5":"has-post-thumbnail","7":"category-noticias","8":"category-seccional-arauca","9":"category-seccionales","10":"category-seguridad-territorial","11":"tag-arauca-arauca","12":"tag-fiscal-barbosa","13":"tag-fiscal-francisco-barbosa","14":"tag-fiscalia-2","15":"tag-fiscalia-general-de-la-nacion","16":"tag-grupo-armado","17":"tag-impacto","18":"tag-investigacion","19":"tag-medida","20":"tag-seguridad","21":"post_format-post-format-video"},"yoast_head":"<!-- This site is optimized with the Yoast SEO plugin v24.3 - https:\/\/yoast.com\/wordpress\/plugins\/seo\/ -->\n<title>Fiscal\u00eda General de la Naci\u00f3n<\/title>\n<meta name=\"description\" content=\"P\u00e1gina oficial de la Fiscal\u00eda General de la Naci\u00f3n \u2013 Colombia. Garantizamos el acceso efectivo a la justicia, la verdad y la reparaci\u00f3n de las v\u00edctimas de los delitos.\" \/>\n<meta name=\"robots\" content=\"noindex, follow\" \/>\n<meta property=\"og:locale\" content=\"es_ES\" \/>\n<meta property=\"og:type\" content=\"article\" \/>\n<meta property=\"og:title\" content=\"Fiscal\u00eda General de la Naci\u00f3n\" \/>\n<meta property=\"og:description\" content=\"P\u00e1gina oficial de la Fiscal\u00eda General de la Naci\u00f3n \u2013 Colombia. Garantizamos el acceso efectivo a la justicia, la verdad y la reparaci\u00f3n de las v\u00edctimas de los delitos.\" \/>\n<meta property=\"og:url\" content=\"https:\/\/www.fiscalia.gov.co\/colombia\/noticias\/judicializados-cuatro-presuntos-integrantes-de-las-disidencias-de-las-farc-en-arauca\/\" \/>\n<meta property=\"og:site_name\" content=\"Fiscal\u00eda General de la Naci\u00f3n\" \/>\n<meta property=\"article:publisher\" content=\"https:\/\/www.facebook.com\/FiscaliaCol\" \/>\n<meta property=\"article:published_time\" content=\"2022-10-06T17:01:49+00:00\" \/>\n<meta property=\"article:modified_time\" content=\"2022-10-18T17:56:40+00:00\" \/>\n<meta property=\"og:image\" content=\"https:\/\/www.fiscalia.gov.co\/colombia\/wp-content\/uploads\/maxresdefault-737.jpg\" \/>\n\t<meta property=\"og:image:width\" content=\"1280\" \/>\n\t<meta property=\"og:image:height\" content=\"720\" \/>\n\t<meta property=\"og:image:type\" content=\"image\/jpeg\" \/>\n<meta name=\"author\" content=\"Jordan Leandro Oviedo Anzola\" \/>\n<meta name=\"twitter:card\" content=\"summary_large_image\" \/>\n<meta name=\"twitter:creator\" content=\"@FiscaliaCol\" \/>\n<meta name=\"twitter:site\" content=\"@FiscaliaCol\" \/>\n<meta name=\"twitter:label1\" content=\"Escrito por\" \/>\n\t<meta name=\"twitter:data1\" content=\"Jordan Leandro Oviedo Anzola\" \/>\n\t<meta name=\"twitter:label2\" content=\"Tiempo de lectura\" \/>\n\t<meta name=\"twitter:data2\" content=\"3 minutos\" \/>\n<script type=\"application\/ld+json\" class=\"yoast-schema-graph\">{\"@context\":\"https:\/\/schema.org\",\"@graph\":[{\"@type\":\"Article\",\"@id\":\"https:\/\/www.fiscalia.gov.co\/colombia\/noticias\/judicializados-cuatro-presuntos-integrantes-de-las-disidencias-de-las-farc-en-arauca\/#article\",\"isPartOf\":{\"@id\":\"https:\/\/www.fiscalia.gov.co\/colombia\/noticias\/judicializados-cuatro-presuntos-integrantes-de-las-disidencias-de-las-farc-en-arauca\/\"},\"author\":{\"name\":\"Jordan Leandro Oviedo Anzola\",\"@id\":\"https:\/\/www.fiscalia.gov.co\/colombia\/#\/schema\/person\/bf84402cf293a5393e9c70b111020b24\"},\"headline\":\"Judicializados cuatro presuntos integrantes de las disidencias de las Farc en Arauca\",\"datePublished\":\"2022-10-06T17:01:49+00:00\",\"dateModified\":\"2022-10-18T17:56:40+00:00\",\"mainEntityOfPage\":{\"@id\":\"https:\/\/www.fiscalia.gov.co\/colombia\/noticias\/judicializados-cuatro-presuntos-integrantes-de-las-disidencias-de-las-farc-en-arauca\/\"},\"wordCount\":568,\"publisher\":{\"@id\":\"https:\/\/www.fiscalia.gov.co\/colombia\/#organization\"},\"image\":{\"@id\":\"https:\/\/www.fiscalia.gov.co\/colombia\/noticias\/judicializados-cuatro-presuntos-integrantes-de-las-disidencias-de-las-farc-en-arauca\/#primaryimage\"},\"thumbnailUrl\":\"https:\/\/www.fiscalia.gov.co\/colombia\/wp-content\/uploads\/maxresdefault-737.jpg\",\"keywords\":[\"Arauca (Arauca)\",\"Fiscal Barbosa\",\"Fiscal Francisco Barbosa\",\"Fiscal\u00eda\",\"Fiscal\u00eda General de la Naci\u00f3n\",\"grupo armado\",\"impacto\",\"Investigaci\u00f3n\",\"medida\",\"Seguridad\"],\"articleSection\":[\"Noticias\",\"Seccional Arauca\",\"Seccionales\",\"Seguridad territorial\"],\"inLanguage\":\"es-CO\"},{\"@type\":\"WebPage\",\"@id\":\"https:\/\/www.fiscalia.gov.co\/colombia\/noticias\/judicializados-cuatro-presuntos-integrantes-de-las-disidencias-de-las-farc-en-arauca\/\",\"url\":\"https:\/\/www.fiscalia.gov.co\/colombia\/noticias\/judicializados-cuatro-presuntos-integrantes-de-las-disidencias-de-las-farc-en-arauca\/\",\"name\":\"Fiscal\u00eda General de la Naci\u00f3n\",\"isPartOf\":{\"@id\":\"https:\/\/www.fiscalia.gov.co\/colombia\/#website\"},\"primaryImageOfPage\":{\"@id\":\"https:\/\/www.fiscalia.gov.co\/colombia\/noticias\/judicializados-cuatro-presuntos-integrantes-de-las-disidencias-de-las-farc-en-arauca\/#primaryimage\"},\"image\":{\"@id\":\"https:\/\/www.fiscalia.gov.co\/colombia\/noticias\/judicializados-cuatro-presuntos-integrantes-de-las-disidencias-de-las-farc-en-arauca\/#primaryimage\"},\"thumbnailUrl\":\"https:\/\/www.fiscalia.gov.co\/colombia\/wp-content\/uploads\/maxresdefault-737.jpg\",\"datePublished\":\"2022-10-06T17:01:49+00:00\",\"dateModified\":\"2022-10-18T17:56:40+00:00\",\"description\":\"P\u00e1gina oficial de la Fiscal\u00eda General de la Naci\u00f3n \u2013 Colombia. Garantizamos el acceso efectivo a la justicia, la verdad y la reparaci\u00f3n de las v\u00edctimas de los delitos.\",\"breadcrumb\":{\"@id\":\"https:\/\/www.fiscalia.gov.co\/colombia\/noticias\/judicializados-cuatro-presuntos-integrantes-de-las-disidencias-de-las-farc-en-arauca\/#breadcrumb\"},\"inLanguage\":\"es-CO\",\"potentialAction\":[{\"@type\":\"ReadAction\",\"target\":[\"https:\/\/www.fiscalia.gov.co\/colombia\/noticias\/judicializados-cuatro-presuntos-integrantes-de-las-disidencias-de-las-farc-en-arauca\/\"]}]},{\"@type\":\"ImageObject\",\"inLanguage\":\"es-CO\",\"@id\":\"https:\/\/www.fiscalia.gov.co\/colombia\/noticias\/judicializados-cuatro-presuntos-integrantes-de-las-disidencias-de-las-farc-en-arauca\/#primaryimage\",\"url\":\"https:\/\/www.fiscalia.gov.co\/colombia\/wp-content\/uploads\/maxresdefault-737.jpg\",\"contentUrl\":\"https:\/\/www.fiscalia.gov.co\/colombia\/wp-content\/uploads\/maxresdefault-737.jpg\",\"width\":1280,\"height\":720},{\"@type\":\"BreadcrumbList\",\"@id\":\"https:\/\/www.fiscalia.gov.co\/colombia\/noticias\/judicializados-cuatro-presuntos-integrantes-de-las-disidencias-de-las-farc-en-arauca\/#breadcrumb\",\"itemListElement\":[{\"@type\":\"ListItem\",\"position\":1,\"name\":\"Home\",\"item\":\"https:\/\/www.fiscalia.gov.co\/colombia\/\"},{\"@type\":\"ListItem\",\"position\":2,\"name\":\"Judicializados cuatro presuntos integrantes de las disidencias de las Farc en Arauca\"}]},{\"@type\":\"WebSite\",\"@id\":\"https:\/\/www.fiscalia.gov.co\/colombia\/#website\",\"url\":\"https:\/\/www.fiscalia.gov.co\/colombia\/\",\"name\":\"Fiscal\u00eda General de la Naci\u00f3n\",\"description\":\"P\u00e1gina oficial de la Fiscal\u00eda General de la Naci\u00f3n \u2013 Colombia. Garantizamos el acceso efectivo a la justicia, la verdad y la reparaci\u00f3n de las v\u00edctimas de los delitos.\",\"publisher\":{\"@id\":\"https:\/\/www.fiscalia.gov.co\/colombia\/#organization\"},\"potentialAction\":[{\"@type\":\"SearchAction\",\"target\":{\"@type\":\"EntryPoint\",\"urlTemplate\":\"https:\/\/www.fiscalia.gov.co\/colombia\/?s={search_term_string}\"},\"query-input\":{\"@type\":\"PropertyValueSpecification\",\"valueRequired\":true,\"valueName\":\"search_term_string\"}}],\"inLanguage\":\"es-CO\"},{\"@type\":\"Organization\",\"@id\":\"https:\/\/www.fiscalia.gov.co\/colombia\/#organization\",\"name\":\"Fiscal\u00eda General de la Naci\u00f3n\",\"url\":\"https:\/\/www.fiscalia.gov.co\/colombia\/\",\"logo\":{\"@type\":\"ImageObject\",\"inLanguage\":\"es-CO\",\"@id\":\"https:\/\/www.fiscalia.gov.co\/colombia\/#\/schema\/logo\/image\/\",\"url\":\"https:\/\/www.fiscalia.gov.co\/colombia\/wp-content\/uploads\/LogoHorizontal_1.jpg\",\"contentUrl\":\"https:\/\/www.fiscalia.gov.co\/colombia\/wp-content\/uploads\/LogoHorizontal_1.jpg\",\"width\":300,\"height\":90,\"caption\":\"Fiscal\u00eda General de la Naci\u00f3n\"},\"image\":{\"@id\":\"https:\/\/www.fiscalia.gov.co\/colombia\/#\/schema\/logo\/image\/\"},\"sameAs\":[\"https:\/\/www.facebook.com\/FiscaliaCol\",\"https:\/\/x.com\/FiscaliaCol\",\"https:\/\/www.instagram.com\/fiscaliacol\",\"https:\/\/www.linkedin.com\/company\/fiscalia-general-de-la-naci-n\/\",\"https:\/\/youtube.com\/@fiscaliageneraldelanacion-4668?si=6nN79nyQICPU5iTh\"]},{\"@type\":\"Person\",\"@id\":\"https:\/\/www.fiscalia.gov.co\/colombia\/#\/schema\/person\/bf84402cf293a5393e9c70b111020b24\",\"name\":\"Jordan Leandro Oviedo Anzola\",\"image\":{\"@type\":\"ImageObject\",\"inLanguage\":\"es-CO\",\"@id\":\"https:\/\/www.fiscalia.gov.co\/colombia\/#\/schema\/person\/image\/\",\"url\":\"https:\/\/secure.gravatar.com\/avatar\/dabba4346fa9b9207d96adafa8f92721?s=96&d=mm&r=g\",\"contentUrl\":\"https:\/\/secure.gravatar.com\/avatar\/dabba4346fa9b9207d96adafa8f92721?s=96&d=mm&r=g\",\"caption\":\"Jordan Leandro Oviedo Anzola\"},\"url\":\"https:\/\/www.fiscalia.gov.co\/colombia\/author\/joviedo\/\"}]}<\/script>\n<!-- \/ Yoast SEO plugin. -->","yoast_head_json":{"title":"Fiscal\u00eda General de la Naci\u00f3n","description":"P\u00e1gina oficial de la Fiscal\u00eda General de la Naci\u00f3n \u2013 Colombia. Garantizamos el acceso efectivo a la justicia, la verdad y la reparaci\u00f3n de las v\u00edctimas de los delitos.","robots":{"index":"noindex","follow":"follow"},"og_locale":"es_ES","og_type":"article","og_title":"Fiscal\u00eda General de la Naci\u00f3n","og_description":"P\u00e1gina oficial de la Fiscal\u00eda General de la Naci\u00f3n \u2013 Colombia. Garantizamos el acceso efectivo a la justicia, la verdad y la reparaci\u00f3n de las v\u00edctimas de los delitos.","og_url":"https:\/\/www.fiscalia.gov.co\/colombia\/noticias\/judicializados-cuatro-presuntos-integrantes-de-las-disidencias-de-las-farc-en-arauca\/","og_site_name":"Fiscal\u00eda General de la Naci\u00f3n","article_publisher":"https:\/\/www.facebook.com\/FiscaliaCol","article_published_time":"2022-10-06T17:01:49+00:00","article_modified_time":"2022-10-18T17:56:40+00:00","og_image":[{"width":1280,"height":720,"url":"https:\/\/www.fiscalia.gov.co\/colombia\/wp-content\/uploads\/maxresdefault-737.jpg","type":"image\/jpeg"}],"author":"Jordan Leandro Oviedo Anzola","twitter_card":"summary_large_image","twitter_creator":"@FiscaliaCol","twitter_site":"@FiscaliaCol","twitter_misc":{"Escrito por":"Jordan Leandro Oviedo Anzola","Tiempo de lectura":"3 minutos"},"schema":{"@context":"https:\/\/schema.org","@graph":[{"@type":"Article","@id":"https:\/\/www.fiscalia.gov.co\/colombia\/noticias\/judicializados-cuatro-presuntos-integrantes-de-las-disidencias-de-las-farc-en-arauca\/#article","isPartOf":{"@id":"https:\/\/www.fiscalia.gov.co\/colombia\/noticias\/judicializados-cuatro-presuntos-integrantes-de-las-disidencias-de-las-farc-en-arauca\/"},"author":{"name":"Jordan Leandro Oviedo Anzola","@id":"https:\/\/www.fiscalia.gov.co\/colombia\/#\/schema\/person\/bf84402cf293a5393e9c70b111020b24"},"headline":"Judicializados cuatro presuntos integrantes de las disidencias de las Farc en Arauca","datePublished":"2022-10-06T17:01:49+00:00","dateModified":"2022-10-18T17:56:40+00:00","mainEntityOfPage":{"@id":"https:\/\/www.fiscalia.gov.co\/colombia\/noticias\/judicializados-cuatro-presuntos-integrantes-de-las-disidencias-de-las-farc-en-arauca\/"},"wordCount":568,"publisher":{"@id":"https:\/\/www.fiscalia.gov.co\/colombia\/#organization"},"image":{"@id":"https:\/\/www.fiscalia.gov.co\/colombia\/noticias\/judicializados-cuatro-presuntos-integrantes-de-las-disidencias-de-las-farc-en-arauca\/#primaryimage"},"thumbnailUrl":"https:\/\/www.fiscalia.gov.co\/colombia\/wp-content\/uploads\/maxresdefault-737.jpg","keywords":["Arauca (Arauca)","Fiscal Barbosa","Fiscal Francisco Barbosa","Fiscal\u00eda","Fiscal\u00eda General de la Naci\u00f3n","grupo armado","impacto","Investigaci\u00f3n","medida","Seguridad"],"articleSection":["Noticias","Seccional Arauca","Seccionales","Seguridad territorial"],"inLanguage":"es-CO"},{"@type":"WebPage","@id":"https:\/\/www.fiscalia.gov.co\/colombia\/noticias\/judicializados-cuatro-presuntos-integrantes-de-las-disidencias-de-las-farc-en-arauca\/","url":"https:\/\/www.fiscalia.gov.co\/colombia\/noticias\/judicializados-cuatro-presuntos-integrantes-de-las-disidencias-de-las-farc-en-arauca\/","name":"Fiscal\u00eda General de la Naci\u00f3n","isPartOf":{"@id":"https:\/\/www.fiscalia.gov.co\/colombia\/#website"},"primaryImageOfPage":{"@id":"https:\/\/www.fiscalia.gov.co\/colombia\/noticias\/judicializados-cuatro-presuntos-integrantes-de-las-disidencias-de-las-farc-en-arauca\/#primaryimage"},"image":{"@id":"https:\/\/www.fiscalia.gov.co\/colombia\/noticias\/judicializados-cuatro-presuntos-integrantes-de-las-disidencias-de-las-farc-en-arauca\/#primaryimage"},"thumbnailUrl":"https:\/\/www.fiscalia.gov.co\/colombia\/wp-content\/uploads\/maxresdefault-737.jpg","datePublished":"2022-10-06T17:01:49+00:00","dateModified":"2022-10-18T17:56:40+00:00","description":"P\u00e1gina oficial de la Fiscal\u00eda General de la Naci\u00f3n \u2013 Colombia. Garantizamos el acceso efectivo a la justicia, la verdad y la reparaci\u00f3n de las v\u00edctimas de los delitos.","breadcrumb":{"@id":"https:\/\/www.fiscalia.gov.co\/colombia\/noticias\/judicializados-cuatro-presuntos-integrantes-de-las-disidencias-de-las-farc-en-arauca\/#breadcrumb"},"inLanguage":"es-CO","potentialAction":[{"@type":"ReadAction","target":["https:\/\/www.fiscalia.gov.co\/colombia\/noticias\/judicializados-cuatro-presuntos-integrantes-de-las-disidencias-de-las-farc-en-arauca\/"]}]},{"@type":"ImageObject","inLanguage":"es-CO","@id":"https:\/\/www.fiscalia.gov.co\/colombia\/noticias\/judicializados-cuatro-presuntos-integrantes-de-las-disidencias-de-las-farc-en-arauca\/#primaryimage","url":"https:\/\/www.fiscalia.gov.co\/colombia\/wp-content\/uploads\/maxresdefault-737.jpg","contentUrl":"https:\/\/www.fiscalia.gov.co\/colombia\/wp-content\/uploads\/maxresdefault-737.jpg","width":1280,"height":720},{"@type":"BreadcrumbList","@id":"https:\/\/www.fiscalia.gov.co\/colombia\/noticias\/judicializados-cuatro-presuntos-integrantes-de-las-disidencias-de-las-farc-en-arauca\/#breadcrumb","itemListElement":[{"@type":"ListItem","position":1,"name":"Home","item":"https:\/\/www.fiscalia.gov.co\/colombia\/"},{"@type":"ListItem","position":2,"name":"Judicializados cuatro presuntos integrantes de las disidencias de las Farc en Arauca"}]},{"@type":"WebSite","@id":"https:\/\/www.fiscalia.gov.co\/colombia\/#website","url":"https:\/\/www.fiscalia.gov.co\/colombia\/","name":"Fiscal\u00eda General de la Naci\u00f3n","description":"P\u00e1gina oficial de la Fiscal\u00eda General de la Naci\u00f3n \u2013 Colombia. Garantizamos el acceso efectivo a la justicia, la verdad y la reparaci\u00f3n de las v\u00edctimas de los delitos.","publisher":{"@id":"https:\/\/www.fiscalia.gov.co\/colombia\/#organization"},"potentialAction":[{"@type":"SearchAction","target":{"@type":"EntryPoint","urlTemplate":"https:\/\/www.fiscalia.gov.co\/colombia\/?s={search_term_string}"},"query-input":{"@type":"PropertyValueSpecification","valueRequired":true,"valueName":"search_term_string"}}],"inLanguage":"es-CO"},{"@type":"Organization","@id":"https:\/\/www.fiscalia.gov.co\/colombia\/#organization","name":"Fiscal\u00eda General de la Naci\u00f3n","url":"https:\/\/www.fiscalia.gov.co\/colombia\/","logo":{"@type":"ImageObject","inLanguage":"es-CO","@id":"https:\/\/www.fiscalia.gov.co\/colombia\/#\/schema\/logo\/image\/","url":"https:\/\/www.fiscalia.gov.co\/colombia\/wp-content\/uploads\/LogoHorizontal_1.jpg","contentUrl":"https:\/\/www.fiscalia.gov.co\/colombia\/wp-content\/uploads\/LogoHorizontal_1.jpg","width":300,"height":90,"caption":"Fiscal\u00eda General de la Naci\u00f3n"},"image":{"@id":"https:\/\/www.fiscalia.gov.co\/colombia\/#\/schema\/logo\/image\/"},"sameAs":["https:\/\/www.facebook.com\/FiscaliaCol","https:\/\/x.com\/FiscaliaCol","https:\/\/www.instagram.com\/fiscaliacol","https:\/\/www.linkedin.com\/company\/fiscalia-general-de-la-naci-n\/","https:\/\/youtube.com\/@fiscaliageneraldelanacion-4668?si=6nN79nyQICPU5iTh"]},{"@type":"Person","@id":"https:\/\/www.fiscalia.gov.co\/colombia\/#\/schema\/person\/bf84402cf293a5393e9c70b111020b24","name":"Jordan Leandro Oviedo Anzola","image":{"@type":"ImageObject","inLanguage":"es-CO","@id":"https:\/\/www.fiscalia.gov.co\/colombia\/#\/schema\/person\/image\/","url":"https:\/\/secure.gravatar.com\/avatar\/dabba4346fa9b9207d96adafa8f92721?s=96&d=mm&r=g","contentUrl":"https:\/\/secure.gravatar.com\/avatar\/dabba4346fa9b9207d96adafa8f92721?s=96&d=mm&r=g","caption":"Jordan Leandro Oviedo Anzola"},"url":"https:\/\/www.fiscalia.gov.co\/colombia\/author\/joviedo\/"}]}},"_links":{"self":[{"href":"https:\/\/www.fiscalia.gov.co\/colombia\/wp-json\/wp\/v2\/posts\/258731","targetHints":{"allow":["GET"]}}],"collection":[{"href":"https:\/\/www.fiscalia.gov.co\/colombia\/wp-json\/wp\/v2\/posts"}],"about":[{"href":"https:\/\/www.fiscalia.gov.co\/colombia\/wp-json\/wp\/v2\/types\/post"}],"author":[{"embeddable":true,"href":"https:\/\/www.fiscalia.gov.co\/colombia\/wp-json\/wp\/v2\/users\/177"}],"replies":[{"embeddable":true,"href":"https:\/\/www.fiscalia.gov.co\/colombia\/wp-json\/wp\/v2\/comments?post=258731"}],"version-history":[{"count":2,"href":"https:\/\/www.fiscalia.gov.co\/colombia\/wp-json\/wp\/v2\/posts\/258731\/revisions"}],"predecessor-version":[{"id":259401,"href":"https:\/\/www.fiscalia.gov.co\/colombia\/wp-json\/wp\/v2\/posts\/258731\/revisions\/259401"}],"wp:featuredmedia":[{"embeddable":true,"href":"https:\/\/www.fiscalia.gov.co\/colombia\/wp-json\/wp\/v2\/media\/259400"}],"wp:attachment":[{"href":"https:\/\/www.fiscalia.gov.co\/colombia\/wp-json\/wp\/v2\/media?parent=258731"}],"wp:term":[{"taxonomy":"category","embeddable":true,"href":"https:\/\/www.fiscalia.gov.co\/colombia\/wp-json\/wp\/v2\/categories?post=258731"},{"taxonomy":"post_tag","embeddable":true,"href":"https:\/\/www.fiscalia.gov.co\/colombia\/wp-json\/wp\/v2\/tags?post=258731"}],"curies":[{"name":"wp","href":"https:\/\/api.w.org\/{rel}","templated":true}]}}