{"id":258710,"date":"2022-10-06T09:17:29","date_gmt":"2022-10-06T14:17:29","guid":{"rendered":"https:\/\/www.fiscalia.gov.co\/colombia\/?p=258710"},"modified":"2022-10-06T09:17:29","modified_gmt":"2022-10-06T14:17:29","slug":"cuatro-hombres-fueron-judicializados-por-presuntamente-incurrir-en-delitos-que-afectan-la-seguridad-ciudadana-en-cartagena","status":"publish","type":"post","link":"https:\/\/www.fiscalia.gov.co\/colombia\/noticias\/cuatro-hombres-fueron-judicializados-por-presuntamente-incurrir-en-delitos-que-afectan-la-seguridad-ciudadana-en-cartagena\/","title":{"rendered":"Cuatro hombres fueron judicializados por, presuntamente, incurrir en delitos que afectan la seguridad ciudadana en Cartagena"},"content":{"rendered":"<p>Dos fiscales de la Unidad de Reacci\u00f3n Inmediata de Cartagena solicitaron, en procesos diferentes, medidas de aseguramiento contra cuatro hombres que estar\u00edan implicados en distintos delitos que afectan la seguridad ciudadana en la capital de Bol\u00edvar.<\/p>\n<p><b>Procesados por presunto hurto agravado y extorsi\u00f3n<\/b><\/p>\n<p>La primera investigaci\u00f3n cobija a Jos\u00e9 Ezequiel Montero Urdaneta y a Cristhian Jos\u00e9 Morelo Barrios quienes, presuntamente, le hurtaron a un turista peruano su celular y dinero en efectivo. Al parecer, para devolverle el tel\u00e9fono le habr\u00edan exigido el pago de 100 d\u00f3lares.\u00a0Estos hechos ocurrieron el pasado 1 de octubre, en el barrio La Matuna.<\/p>\n<figure id=\"attachment_258711\" aria-describedby=\"caption-attachment-258711\" style=\"width: 696px\" class=\"wp-caption aligncenter\"><img loading=\"lazy\" decoding=\"async\" class=\"size-large wp-image-258711\" src=\"https:\/\/www.fiscalia.gov.co\/colombia\/wp-content\/uploads\/Foto-1-boletin-6-de-octubre-huto-extorsion-y-fabrico-de-estupefacientes--1024x767.jpeg\" alt=\"En la imagen se observa a dos hombres con camisetas blancas custodiado por dos agentes de la Polic\u00eda Nacional.\" width=\"696\" height=\"521\" srcset=\"https:\/\/www.fiscalia.gov.co\/colombia\/wp-content\/uploads\/Foto-1-boletin-6-de-octubre-huto-extorsion-y-fabrico-de-estupefacientes--1024x767.jpeg 1024w, https:\/\/www.fiscalia.gov.co\/colombia\/wp-content\/uploads\/Foto-1-boletin-6-de-octubre-huto-extorsion-y-fabrico-de-estupefacientes--300x225.jpeg 300w, https:\/\/www.fiscalia.gov.co\/colombia\/wp-content\/uploads\/Foto-1-boletin-6-de-octubre-huto-extorsion-y-fabrico-de-estupefacientes--768x575.jpeg 768w, https:\/\/www.fiscalia.gov.co\/colombia\/wp-content\/uploads\/Foto-1-boletin-6-de-octubre-huto-extorsion-y-fabrico-de-estupefacientes--696x521.jpeg 696w, https:\/\/www.fiscalia.gov.co\/colombia\/wp-content\/uploads\/Foto-1-boletin-6-de-octubre-huto-extorsion-y-fabrico-de-estupefacientes--1068x800.jpeg 1068w, https:\/\/www.fiscalia.gov.co\/colombia\/wp-content\/uploads\/Foto-1-boletin-6-de-octubre-huto-extorsion-y-fabrico-de-estupefacientes--561x420.jpeg 561w, https:\/\/www.fiscalia.gov.co\/colombia\/wp-content\/uploads\/Foto-1-boletin-6-de-octubre-huto-extorsion-y-fabrico-de-estupefacientes--80x60.jpeg 80w, https:\/\/www.fiscalia.gov.co\/colombia\/wp-content\/uploads\/Foto-1-boletin-6-de-octubre-huto-extorsion-y-fabrico-de-estupefacientes--265x198.jpeg 265w, https:\/\/www.fiscalia.gov.co\/colombia\/wp-content\/uploads\/Foto-1-boletin-6-de-octubre-huto-extorsion-y-fabrico-de-estupefacientes-.jpeg 1280w\" sizes=\"auto, (max-width: 696px) 100vw, 696px\" \/><figcaption id=\"caption-attachment-258711\" class=\"wp-caption-text\">Montero Urdaneta y Morelo Barrios capturados cuando al parecer extorsionaban a un extranjero.<\/figcaption><\/figure>\n<p>Por la intervenci\u00f3n de varios ciudadanos los presuntos implicados fueron capturados por la Polic\u00eda Nacional cuando, al parecer, obligaban a la v\u00edctima a retirar dinero de un cajero autom\u00e1tico. En poder de uno de los procesados fue encontrado el m\u00f3vil del extranjero.<\/p>\n<p>Ninguno de los procesados acept\u00f3 su responsabilidad frente a los delitos de extorsi\u00f3n y hurto agravado que les imput\u00f3 la Fiscal\u00eda. Estas dos personas fueron enviadas a centros carcelarios.<\/p>\n<p><b>Tr\u00e1fico y porte de estupefacientes<\/b><\/p>\n<p>El caso est\u00e1 relacionado con hechos ocurridos el pasado 23 de septiembre. En la v\u00eda que de Barranquilla conduce a Cartagena uniformados de la Polic\u00eda Nacional que adelantaban una requisa a un bus de servicio interdepartamental encontraron 10 paquetes que conten\u00edan marihuana.<\/p>\n<figure id=\"attachment_258712\" aria-describedby=\"caption-attachment-258712\" style=\"width: 696px\" class=\"wp-caption aligncenter\"><img loading=\"lazy\" decoding=\"async\" class=\"size-large wp-image-258712\" src=\"https:\/\/www.fiscalia.gov.co\/colombia\/wp-content\/uploads\/Foto-2-boletin-6-de-octubre-hurto-extorsion-y-fabrico-de-estupefacientes--1024x768.jpeg\" alt=\"En la fotograf\u00eda se observan a dos hombres, uno de camiseta azul manga corta y el otro de camisa azul manga larga, custodiado por dos agentes de la Polic\u00eda Nacional. En una mesa se observa una mesa con unos paquetes.\" width=\"696\" height=\"522\" srcset=\"https:\/\/www.fiscalia.gov.co\/colombia\/wp-content\/uploads\/Foto-2-boletin-6-de-octubre-hurto-extorsion-y-fabrico-de-estupefacientes--1024x768.jpeg 1024w, https:\/\/www.fiscalia.gov.co\/colombia\/wp-content\/uploads\/Foto-2-boletin-6-de-octubre-hurto-extorsion-y-fabrico-de-estupefacientes--300x225.jpeg 300w, https:\/\/www.fiscalia.gov.co\/colombia\/wp-content\/uploads\/Foto-2-boletin-6-de-octubre-hurto-extorsion-y-fabrico-de-estupefacientes--768x576.jpeg 768w, https:\/\/www.fiscalia.gov.co\/colombia\/wp-content\/uploads\/Foto-2-boletin-6-de-octubre-hurto-extorsion-y-fabrico-de-estupefacientes--696x522.jpeg 696w, https:\/\/www.fiscalia.gov.co\/colombia\/wp-content\/uploads\/Foto-2-boletin-6-de-octubre-hurto-extorsion-y-fabrico-de-estupefacientes--1068x801.jpeg 1068w, https:\/\/www.fiscalia.gov.co\/colombia\/wp-content\/uploads\/Foto-2-boletin-6-de-octubre-hurto-extorsion-y-fabrico-de-estupefacientes--560x420.jpeg 560w, https:\/\/www.fiscalia.gov.co\/colombia\/wp-content\/uploads\/Foto-2-boletin-6-de-octubre-hurto-extorsion-y-fabrico-de-estupefacientes--80x60.jpeg 80w, https:\/\/www.fiscalia.gov.co\/colombia\/wp-content\/uploads\/Foto-2-boletin-6-de-octubre-hurto-extorsion-y-fabrico-de-estupefacientes--265x198.jpeg 265w, https:\/\/www.fiscalia.gov.co\/colombia\/wp-content\/uploads\/Foto-2-boletin-6-de-octubre-hurto-extorsion-y-fabrico-de-estupefacientes-.jpeg 1280w\" sizes=\"auto, (max-width: 696px) 100vw, 696px\" \/><figcaption id=\"caption-attachment-258712\" class=\"wp-caption-text\">Higuita Madrid y Aristiz\u00e1bal Tenza, procesados por su presunta responsabilidad en el delito tr\u00e1fico de estupefacientes.<\/figcaption><\/figure>\n<p>Las pesquisas adelantadas permitieron establecer que el estupefaciente pertenecer\u00eda a Ronald Armando Higuita Madrid y Jainiber Aristiz\u00e1bal Tezna, posibles due\u00f1os de las maletas en que iban empacadas las sustancias.<\/p>\n<p>Ninguno de los procesados acept\u00f3 responsabilidad alguna frente al transporte de la sustancia ilegal. La Fiscal\u00eda los imput\u00f3 como presuntos responsables de los cargos de fabricaci\u00f3n, tr\u00e1fico o porte de estupefacientes. Las dos personas fueron enviadas a la c\u00e1rcel Ternera de Cartagena.<\/p>\n<p>Esta informaci\u00f3n se publica por razones de inter\u00e9s general.<\/p>\n<p><b>La Fiscal\u00eda habla con resultados<\/b><b>.<\/b><\/p>\n<p><b><span lang=\"ES\">Le puede interesar:<\/span><\/b><\/p>\n<p><a title=\"C\u00e1rcel para 3 presuntos miembros de la banda Los Agentes, dedicados a la extorsi\u00f3n y al hurto de residencias\" href=\"https:\/\/www.fiscalia.gov.co\/colombia\/noticias\/carcel-para-3-presuntos-miembros-de-la-banda-los-agentes-dedicados-a-la-extorsion-y-al-hurto-de-residencias\/\" target=\"_blank\" rel=\"noopener noreferrer\" data-saferedirecturl=\"https:\/\/www.google.com\/url?q=https:\/\/www.fiscalia.gov.co\/colombia\/noticias\/carcel-para-3-presuntos-miembros-de-la-banda-los-agentes-dedicados-a-la-extorsion-y-al-hurto-de-residencias\/&amp;source=gmail&amp;ust=1665151212509000&amp;usg=AOvVaw0iavj0b_fTvOH-o_yQukrf\">C\u00e1rcel para 3 presuntos miembros de la banda Los Agentes, dedicados a la extorsi\u00f3n y al hurto de residencias<\/a><\/p>\n<p><a title=\"Fiscal\u00eda judicializ\u00f3 a cinco presuntos integrantes de Los Trocheros\" href=\"https:\/\/www.fiscalia.gov.co\/colombia\/noticias\/fiscalia-judicializo-a-cinco-presuntos-integrantes-de-los-trocheros\/\" target=\"_blank\" rel=\"noopener noreferrer\" data-saferedirecturl=\"https:\/\/www.google.com\/url?q=https:\/\/www.fiscalia.gov.co\/colombia\/noticias\/fiscalia-judicializo-a-cinco-presuntos-integrantes-de-los-trocheros\/&amp;source=gmail&amp;ust=1665151212509000&amp;usg=AOvVaw1CsbwRt8L10yf8vC0MPyAT\">Fiscal\u00eda judicializ\u00f3 a cinco presuntos integrantes de Los Trocheros<\/a><\/p>\n<p>&nbsp;<\/p>\n<p>&nbsp;<\/p>\n<p>&nbsp;<\/p>\n<p>&nbsp;<\/p>\n<p>MEVA\/MAGA\/PP\/DSB<\/p>\n<p>&nbsp;<\/p>\n<p>&nbsp;<\/p>\n<p>&nbsp;<\/p>\n<p>&nbsp;<\/p>\n<p><i><span lang=\"ES\">La informaci\u00f3n contenida en este bolet\u00edn de prensa corresponde a la narraci\u00f3n de los hechos noticiosos objetivos, suministrados por los funcionarios encargados de adelantar las investigaciones penales al interior de la Fiscal\u00eda General de la Naci\u00f3n. Para el momento de la divulgaci\u00f3n de este comunicado, la situaci\u00f3n jur\u00eddica de la(s) persona(s) relacionada(s) se encuentra pendiente de resolver por la autoridad judicial competente, siempre bajo los preceptos de la presunci\u00f3n de inocencia, consagrados en el art\u00edculo 29 de la Constituci\u00f3n Pol\u00edtica y el art\u00edculo 7\u00ba de la Ley 906 de 2004.<\/span><\/i><\/p>\n\n<div class=\"twitter-share\"><a href=\"https:\/\/twitter.com\/intent\/tweet?via=fiscaliacol\" class=\"twitter-share-button\">Tweet<\/a><\/div>\n","protected":false},"excerpt":{"rendered":"<p>Dos fiscales de la Unidad de Reacci\u00f3n Inmediata de Cartagena solicitaron, en procesos diferentes, medidas de aseguramiento contra cuatro hombres que estar\u00edan implicados en distintos delitos que afectan la seguridad ciudadana en la capital de Bol\u00edvar. Procesados por presunto hurto agravado y extorsi\u00f3n La primera investigaci\u00f3n cobija a Jos\u00e9 Ezequiel Montero Urdaneta y a Cristhian [&hellip;]<\/p>\n","protected":false},"author":177,"featured_media":0,"comment_status":"closed","ping_status":"open","sticky":false,"template":"","format":"standard","meta":{"_price":"","_stock":"","_tribe_ticket_header":"","_tribe_default_ticket_provider":"","_tribe_ticket_capacity":"0","_ticket_start_date":"","_ticket_end_date":"","_tribe_ticket_show_description":"","_tribe_ticket_show_not_going":false,"_tribe_ticket_use_global_stock":"","_tribe_ticket_global_stock_level":"","_global_stock_mode":"","_global_stock_cap":"","_tribe_rsvp_for_event":"","_tribe_ticket_going_count":"","_tribe_ticket_not_going_count":"","_tribe_tickets_list":"[]","_tribe_ticket_has_attendee_info_fields":false,"tdm_status":"","tdm_grid_status":"","footnotes":""},"categories":[1,325,303,24099],"tags":[9082,14550,23819,23998,871,24187,1047,23960,558,155],"class_list":{"0":"post-258710","1":"post","2":"type-post","3":"status-publish","4":"format-standard","6":"category-noticias","7":"category-seccional-cartagena","8":"category-seccionales","9":"category-seguridad-territorial","10":"tag-bolivar","11":"tag-carcel","12":"tag-cartagena","13":"tag-cartagena-bolivar","14":"tag-extorion","15":"tag-fiscalia-colombia","16":"tag-fiscalia-general-de-la-nacion","17":"tag-hurto","18":"tag-policia-nacional","19":"tag-trafico-de-estupefacientes"},"yoast_head":"<!-- This site is optimized with the Yoast SEO plugin v24.3 - https:\/\/yoast.com\/wordpress\/plugins\/seo\/ -->\n<title>Fiscal\u00eda General de la Naci\u00f3n<\/title>\n<meta name=\"description\" content=\"P\u00e1gina oficial de la Fiscal\u00eda General de la Naci\u00f3n \u2013 Colombia. Garantizamos el acceso efectivo a la justicia, la verdad y la reparaci\u00f3n de las v\u00edctimas de los delitos.\" \/>\n<meta name=\"robots\" content=\"noindex, follow\" \/>\n<meta property=\"og:locale\" content=\"es_ES\" \/>\n<meta property=\"og:type\" content=\"article\" \/>\n<meta property=\"og:title\" content=\"Fiscal\u00eda General de la Naci\u00f3n\" \/>\n<meta property=\"og:description\" content=\"P\u00e1gina oficial de la Fiscal\u00eda General de la Naci\u00f3n \u2013 Colombia. Garantizamos el acceso efectivo a la justicia, la verdad y la reparaci\u00f3n de las v\u00edctimas de los delitos.\" \/>\n<meta property=\"og:url\" content=\"https:\/\/www.fiscalia.gov.co\/colombia\/noticias\/cuatro-hombres-fueron-judicializados-por-presuntamente-incurrir-en-delitos-que-afectan-la-seguridad-ciudadana-en-cartagena\/\" \/>\n<meta property=\"og:site_name\" content=\"Fiscal\u00eda General de la Naci\u00f3n\" \/>\n<meta property=\"article:publisher\" content=\"https:\/\/www.facebook.com\/FiscaliaCol\" \/>\n<meta property=\"article:published_time\" content=\"2022-10-06T14:17:29+00:00\" \/>\n<meta property=\"og:image\" content=\"https:\/\/www.fiscalia.gov.co\/colombia\/wp-content\/uploads\/Foto-1-boletin-6-de-octubre-huto-extorsion-y-fabrico-de-estupefacientes--1024x767.jpeg\" \/>\n<meta name=\"author\" content=\"Jordan Leandro Oviedo Anzola\" \/>\n<meta name=\"twitter:card\" content=\"summary_large_image\" \/>\n<meta name=\"twitter:creator\" content=\"@FiscaliaCol\" \/>\n<meta name=\"twitter:site\" content=\"@FiscaliaCol\" \/>\n<meta name=\"twitter:label1\" content=\"Escrito por\" \/>\n\t<meta name=\"twitter:data1\" content=\"Jordan Leandro Oviedo Anzola\" \/>\n\t<meta name=\"twitter:label2\" content=\"Tiempo de lectura\" \/>\n\t<meta name=\"twitter:data2\" content=\"3 minutos\" \/>\n<script type=\"application\/ld+json\" class=\"yoast-schema-graph\">{\"@context\":\"https:\/\/schema.org\",\"@graph\":[{\"@type\":\"Article\",\"@id\":\"https:\/\/www.fiscalia.gov.co\/colombia\/noticias\/cuatro-hombres-fueron-judicializados-por-presuntamente-incurrir-en-delitos-que-afectan-la-seguridad-ciudadana-en-cartagena\/#article\",\"isPartOf\":{\"@id\":\"https:\/\/www.fiscalia.gov.co\/colombia\/noticias\/cuatro-hombres-fueron-judicializados-por-presuntamente-incurrir-en-delitos-que-afectan-la-seguridad-ciudadana-en-cartagena\/\"},\"author\":{\"name\":\"Jordan Leandro Oviedo Anzola\",\"@id\":\"https:\/\/www.fiscalia.gov.co\/colombia\/#\/schema\/person\/bf84402cf293a5393e9c70b111020b24\"},\"headline\":\"Cuatro hombres fueron judicializados por, presuntamente, incurrir en delitos que afectan la seguridad ciudadana en Cartagena\",\"datePublished\":\"2022-10-06T14:17:29+00:00\",\"dateModified\":\"2022-10-06T14:17:29+00:00\",\"mainEntityOfPage\":{\"@id\":\"https:\/\/www.fiscalia.gov.co\/colombia\/noticias\/cuatro-hombres-fueron-judicializados-por-presuntamente-incurrir-en-delitos-que-afectan-la-seguridad-ciudadana-en-cartagena\/\"},\"wordCount\":535,\"publisher\":{\"@id\":\"https:\/\/www.fiscalia.gov.co\/colombia\/#organization\"},\"image\":{\"@id\":\"https:\/\/www.fiscalia.gov.co\/colombia\/noticias\/cuatro-hombres-fueron-judicializados-por-presuntamente-incurrir-en-delitos-que-afectan-la-seguridad-ciudadana-en-cartagena\/#primaryimage\"},\"thumbnailUrl\":\"https:\/\/www.fiscalia.gov.co\/colombia\/wp-content\/uploads\/Foto-1-boletin-6-de-octubre-huto-extorsion-y-fabrico-de-estupefacientes--1024x767.jpeg\",\"keywords\":[\"Bol\u00edvar\",\"C\u00e1rcel\",\"Cartagena\",\"Cartagena (Bol\u00edvar)\",\"Extorsi\u00f3n\",\"Fiscal\u00eda Colombia\",\"Fiscal\u00eda General de la Naci\u00f3n\",\"Hurto\",\"Polic\u00eda Nacional\",\"Tr\u00e1fico de estupefacientes\"],\"articleSection\":[\"Noticias\",\"Seccional Cartagena\",\"Seccionales\",\"Seguridad territorial\"],\"inLanguage\":\"es-CO\"},{\"@type\":\"WebPage\",\"@id\":\"https:\/\/www.fiscalia.gov.co\/colombia\/noticias\/cuatro-hombres-fueron-judicializados-por-presuntamente-incurrir-en-delitos-que-afectan-la-seguridad-ciudadana-en-cartagena\/\",\"url\":\"https:\/\/www.fiscalia.gov.co\/colombia\/noticias\/cuatro-hombres-fueron-judicializados-por-presuntamente-incurrir-en-delitos-que-afectan-la-seguridad-ciudadana-en-cartagena\/\",\"name\":\"Fiscal\u00eda General de la Naci\u00f3n\",\"isPartOf\":{\"@id\":\"https:\/\/www.fiscalia.gov.co\/colombia\/#website\"},\"primaryImageOfPage\":{\"@id\":\"https:\/\/www.fiscalia.gov.co\/colombia\/noticias\/cuatro-hombres-fueron-judicializados-por-presuntamente-incurrir-en-delitos-que-afectan-la-seguridad-ciudadana-en-cartagena\/#primaryimage\"},\"image\":{\"@id\":\"https:\/\/www.fiscalia.gov.co\/colombia\/noticias\/cuatro-hombres-fueron-judicializados-por-presuntamente-incurrir-en-delitos-que-afectan-la-seguridad-ciudadana-en-cartagena\/#primaryimage\"},\"thumbnailUrl\":\"https:\/\/www.fiscalia.gov.co\/colombia\/wp-content\/uploads\/Foto-1-boletin-6-de-octubre-huto-extorsion-y-fabrico-de-estupefacientes--1024x767.jpeg\",\"datePublished\":\"2022-10-06T14:17:29+00:00\",\"dateModified\":\"2022-10-06T14:17:29+00:00\",\"description\":\"P\u00e1gina oficial de la Fiscal\u00eda General de la Naci\u00f3n \u2013 Colombia. Garantizamos el acceso efectivo a la justicia, la verdad y la reparaci\u00f3n de las v\u00edctimas de los delitos.\",\"breadcrumb\":{\"@id\":\"https:\/\/www.fiscalia.gov.co\/colombia\/noticias\/cuatro-hombres-fueron-judicializados-por-presuntamente-incurrir-en-delitos-que-afectan-la-seguridad-ciudadana-en-cartagena\/#breadcrumb\"},\"inLanguage\":\"es-CO\",\"potentialAction\":[{\"@type\":\"ReadAction\",\"target\":[\"https:\/\/www.fiscalia.gov.co\/colombia\/noticias\/cuatro-hombres-fueron-judicializados-por-presuntamente-incurrir-en-delitos-que-afectan-la-seguridad-ciudadana-en-cartagena\/\"]}]},{\"@type\":\"ImageObject\",\"inLanguage\":\"es-CO\",\"@id\":\"https:\/\/www.fiscalia.gov.co\/colombia\/noticias\/cuatro-hombres-fueron-judicializados-por-presuntamente-incurrir-en-delitos-que-afectan-la-seguridad-ciudadana-en-cartagena\/#primaryimage\",\"url\":\"https:\/\/www.fiscalia.gov.co\/colombia\/wp-content\/uploads\/Foto-1-boletin-6-de-octubre-huto-extorsion-y-fabrico-de-estupefacientes--1024x767.jpeg\",\"contentUrl\":\"https:\/\/www.fiscalia.gov.co\/colombia\/wp-content\/uploads\/Foto-1-boletin-6-de-octubre-huto-extorsion-y-fabrico-de-estupefacientes--1024x767.jpeg\"},{\"@type\":\"BreadcrumbList\",\"@id\":\"https:\/\/www.fiscalia.gov.co\/colombia\/noticias\/cuatro-hombres-fueron-judicializados-por-presuntamente-incurrir-en-delitos-que-afectan-la-seguridad-ciudadana-en-cartagena\/#breadcrumb\",\"itemListElement\":[{\"@type\":\"ListItem\",\"position\":1,\"name\":\"Home\",\"item\":\"https:\/\/www.fiscalia.gov.co\/colombia\/\"},{\"@type\":\"ListItem\",\"position\":2,\"name\":\"Cuatro hombres fueron judicializados por, presuntamente, incurrir en delitos que afectan la seguridad ciudadana en Cartagena\"}]},{\"@type\":\"WebSite\",\"@id\":\"https:\/\/www.fiscalia.gov.co\/colombia\/#website\",\"url\":\"https:\/\/www.fiscalia.gov.co\/colombia\/\",\"name\":\"Fiscal\u00eda General de la Naci\u00f3n\",\"description\":\"P\u00e1gina oficial de la Fiscal\u00eda General de la Naci\u00f3n \u2013 Colombia. Garantizamos el acceso efectivo a la justicia, la verdad y la reparaci\u00f3n de las v\u00edctimas de los delitos.\",\"publisher\":{\"@id\":\"https:\/\/www.fiscalia.gov.co\/colombia\/#organization\"},\"potentialAction\":[{\"@type\":\"SearchAction\",\"target\":{\"@type\":\"EntryPoint\",\"urlTemplate\":\"https:\/\/www.fiscalia.gov.co\/colombia\/?s={search_term_string}\"},\"query-input\":{\"@type\":\"PropertyValueSpecification\",\"valueRequired\":true,\"valueName\":\"search_term_string\"}}],\"inLanguage\":\"es-CO\"},{\"@type\":\"Organization\",\"@id\":\"https:\/\/www.fiscalia.gov.co\/colombia\/#organization\",\"name\":\"Fiscal\u00eda General de la Naci\u00f3n\",\"url\":\"https:\/\/www.fiscalia.gov.co\/colombia\/\",\"logo\":{\"@type\":\"ImageObject\",\"inLanguage\":\"es-CO\",\"@id\":\"https:\/\/www.fiscalia.gov.co\/colombia\/#\/schema\/logo\/image\/\",\"url\":\"https:\/\/www.fiscalia.gov.co\/colombia\/wp-content\/uploads\/LogoHorizontal_1.jpg\",\"contentUrl\":\"https:\/\/www.fiscalia.gov.co\/colombia\/wp-content\/uploads\/LogoHorizontal_1.jpg\",\"width\":300,\"height\":90,\"caption\":\"Fiscal\u00eda General de la Naci\u00f3n\"},\"image\":{\"@id\":\"https:\/\/www.fiscalia.gov.co\/colombia\/#\/schema\/logo\/image\/\"},\"sameAs\":[\"https:\/\/www.facebook.com\/FiscaliaCol\",\"https:\/\/x.com\/FiscaliaCol\",\"https:\/\/www.instagram.com\/fiscaliacol\",\"https:\/\/www.linkedin.com\/company\/fiscalia-general-de-la-naci-n\/\",\"https:\/\/youtube.com\/@fiscaliageneraldelanacion-4668?si=6nN79nyQICPU5iTh\"]},{\"@type\":\"Person\",\"@id\":\"https:\/\/www.fiscalia.gov.co\/colombia\/#\/schema\/person\/bf84402cf293a5393e9c70b111020b24\",\"name\":\"Jordan Leandro Oviedo Anzola\",\"image\":{\"@type\":\"ImageObject\",\"inLanguage\":\"es-CO\",\"@id\":\"https:\/\/www.fiscalia.gov.co\/colombia\/#\/schema\/person\/image\/\",\"url\":\"https:\/\/secure.gravatar.com\/avatar\/dabba4346fa9b9207d96adafa8f92721?s=96&d=mm&r=g\",\"contentUrl\":\"https:\/\/secure.gravatar.com\/avatar\/dabba4346fa9b9207d96adafa8f92721?s=96&d=mm&r=g\",\"caption\":\"Jordan Leandro Oviedo Anzola\"},\"url\":\"https:\/\/www.fiscalia.gov.co\/colombia\/author\/joviedo\/\"}]}<\/script>\n<!-- \/ Yoast SEO plugin. -->","yoast_head_json":{"title":"Fiscal\u00eda General de la Naci\u00f3n","description":"P\u00e1gina oficial de la Fiscal\u00eda General de la Naci\u00f3n \u2013 Colombia. Garantizamos el acceso efectivo a la justicia, la verdad y la reparaci\u00f3n de las v\u00edctimas de los delitos.","robots":{"index":"noindex","follow":"follow"},"og_locale":"es_ES","og_type":"article","og_title":"Fiscal\u00eda General de la Naci\u00f3n","og_description":"P\u00e1gina oficial de la Fiscal\u00eda General de la Naci\u00f3n \u2013 Colombia. Garantizamos el acceso efectivo a la justicia, la verdad y la reparaci\u00f3n de las v\u00edctimas de los delitos.","og_url":"https:\/\/www.fiscalia.gov.co\/colombia\/noticias\/cuatro-hombres-fueron-judicializados-por-presuntamente-incurrir-en-delitos-que-afectan-la-seguridad-ciudadana-en-cartagena\/","og_site_name":"Fiscal\u00eda General de la Naci\u00f3n","article_publisher":"https:\/\/www.facebook.com\/FiscaliaCol","article_published_time":"2022-10-06T14:17:29+00:00","og_image":[{"url":"https:\/\/www.fiscalia.gov.co\/colombia\/wp-content\/uploads\/Foto-1-boletin-6-de-octubre-huto-extorsion-y-fabrico-de-estupefacientes--1024x767.jpeg","type":"","width":"","height":""}],"author":"Jordan Leandro Oviedo Anzola","twitter_card":"summary_large_image","twitter_creator":"@FiscaliaCol","twitter_site":"@FiscaliaCol","twitter_misc":{"Escrito por":"Jordan Leandro Oviedo Anzola","Tiempo de lectura":"3 minutos"},"schema":{"@context":"https:\/\/schema.org","@graph":[{"@type":"Article","@id":"https:\/\/www.fiscalia.gov.co\/colombia\/noticias\/cuatro-hombres-fueron-judicializados-por-presuntamente-incurrir-en-delitos-que-afectan-la-seguridad-ciudadana-en-cartagena\/#article","isPartOf":{"@id":"https:\/\/www.fiscalia.gov.co\/colombia\/noticias\/cuatro-hombres-fueron-judicializados-por-presuntamente-incurrir-en-delitos-que-afectan-la-seguridad-ciudadana-en-cartagena\/"},"author":{"name":"Jordan Leandro Oviedo Anzola","@id":"https:\/\/www.fiscalia.gov.co\/colombia\/#\/schema\/person\/bf84402cf293a5393e9c70b111020b24"},"headline":"Cuatro hombres fueron judicializados por, presuntamente, incurrir en delitos que afectan la seguridad ciudadana en Cartagena","datePublished":"2022-10-06T14:17:29+00:00","dateModified":"2022-10-06T14:17:29+00:00","mainEntityOfPage":{"@id":"https:\/\/www.fiscalia.gov.co\/colombia\/noticias\/cuatro-hombres-fueron-judicializados-por-presuntamente-incurrir-en-delitos-que-afectan-la-seguridad-ciudadana-en-cartagena\/"},"wordCount":535,"publisher":{"@id":"https:\/\/www.fiscalia.gov.co\/colombia\/#organization"},"image":{"@id":"https:\/\/www.fiscalia.gov.co\/colombia\/noticias\/cuatro-hombres-fueron-judicializados-por-presuntamente-incurrir-en-delitos-que-afectan-la-seguridad-ciudadana-en-cartagena\/#primaryimage"},"thumbnailUrl":"https:\/\/www.fiscalia.gov.co\/colombia\/wp-content\/uploads\/Foto-1-boletin-6-de-octubre-huto-extorsion-y-fabrico-de-estupefacientes--1024x767.jpeg","keywords":["Bol\u00edvar","C\u00e1rcel","Cartagena","Cartagena (Bol\u00edvar)","Extorsi\u00f3n","Fiscal\u00eda Colombia","Fiscal\u00eda General de la Naci\u00f3n","Hurto","Polic\u00eda Nacional","Tr\u00e1fico de estupefacientes"],"articleSection":["Noticias","Seccional Cartagena","Seccionales","Seguridad territorial"],"inLanguage":"es-CO"},{"@type":"WebPage","@id":"https:\/\/www.fiscalia.gov.co\/colombia\/noticias\/cuatro-hombres-fueron-judicializados-por-presuntamente-incurrir-en-delitos-que-afectan-la-seguridad-ciudadana-en-cartagena\/","url":"https:\/\/www.fiscalia.gov.co\/colombia\/noticias\/cuatro-hombres-fueron-judicializados-por-presuntamente-incurrir-en-delitos-que-afectan-la-seguridad-ciudadana-en-cartagena\/","name":"Fiscal\u00eda General de la Naci\u00f3n","isPartOf":{"@id":"https:\/\/www.fiscalia.gov.co\/colombia\/#website"},"primaryImageOfPage":{"@id":"https:\/\/www.fiscalia.gov.co\/colombia\/noticias\/cuatro-hombres-fueron-judicializados-por-presuntamente-incurrir-en-delitos-que-afectan-la-seguridad-ciudadana-en-cartagena\/#primaryimage"},"image":{"@id":"https:\/\/www.fiscalia.gov.co\/colombia\/noticias\/cuatro-hombres-fueron-judicializados-por-presuntamente-incurrir-en-delitos-que-afectan-la-seguridad-ciudadana-en-cartagena\/#primaryimage"},"thumbnailUrl":"https:\/\/www.fiscalia.gov.co\/colombia\/wp-content\/uploads\/Foto-1-boletin-6-de-octubre-huto-extorsion-y-fabrico-de-estupefacientes--1024x767.jpeg","datePublished":"2022-10-06T14:17:29+00:00","dateModified":"2022-10-06T14:17:29+00:00","description":"P\u00e1gina oficial de la Fiscal\u00eda General de la Naci\u00f3n \u2013 Colombia. Garantizamos el acceso efectivo a la justicia, la verdad y la reparaci\u00f3n de las v\u00edctimas de los delitos.","breadcrumb":{"@id":"https:\/\/www.fiscalia.gov.co\/colombia\/noticias\/cuatro-hombres-fueron-judicializados-por-presuntamente-incurrir-en-delitos-que-afectan-la-seguridad-ciudadana-en-cartagena\/#breadcrumb"},"inLanguage":"es-CO","potentialAction":[{"@type":"ReadAction","target":["https:\/\/www.fiscalia.gov.co\/colombia\/noticias\/cuatro-hombres-fueron-judicializados-por-presuntamente-incurrir-en-delitos-que-afectan-la-seguridad-ciudadana-en-cartagena\/"]}]},{"@type":"ImageObject","inLanguage":"es-CO","@id":"https:\/\/www.fiscalia.gov.co\/colombia\/noticias\/cuatro-hombres-fueron-judicializados-por-presuntamente-incurrir-en-delitos-que-afectan-la-seguridad-ciudadana-en-cartagena\/#primaryimage","url":"https:\/\/www.fiscalia.gov.co\/colombia\/wp-content\/uploads\/Foto-1-boletin-6-de-octubre-huto-extorsion-y-fabrico-de-estupefacientes--1024x767.jpeg","contentUrl":"https:\/\/www.fiscalia.gov.co\/colombia\/wp-content\/uploads\/Foto-1-boletin-6-de-octubre-huto-extorsion-y-fabrico-de-estupefacientes--1024x767.jpeg"},{"@type":"BreadcrumbList","@id":"https:\/\/www.fiscalia.gov.co\/colombia\/noticias\/cuatro-hombres-fueron-judicializados-por-presuntamente-incurrir-en-delitos-que-afectan-la-seguridad-ciudadana-en-cartagena\/#breadcrumb","itemListElement":[{"@type":"ListItem","position":1,"name":"Home","item":"https:\/\/www.fiscalia.gov.co\/colombia\/"},{"@type":"ListItem","position":2,"name":"Cuatro hombres fueron judicializados por, presuntamente, incurrir en delitos que afectan la seguridad ciudadana en Cartagena"}]},{"@type":"WebSite","@id":"https:\/\/www.fiscalia.gov.co\/colombia\/#website","url":"https:\/\/www.fiscalia.gov.co\/colombia\/","name":"Fiscal\u00eda General de la Naci\u00f3n","description":"P\u00e1gina oficial de la Fiscal\u00eda General de la Naci\u00f3n \u2013 Colombia. Garantizamos el acceso efectivo a la justicia, la verdad y la reparaci\u00f3n de las v\u00edctimas de los delitos.","publisher":{"@id":"https:\/\/www.fiscalia.gov.co\/colombia\/#organization"},"potentialAction":[{"@type":"SearchAction","target":{"@type":"EntryPoint","urlTemplate":"https:\/\/www.fiscalia.gov.co\/colombia\/?s={search_term_string}"},"query-input":{"@type":"PropertyValueSpecification","valueRequired":true,"valueName":"search_term_string"}}],"inLanguage":"es-CO"},{"@type":"Organization","@id":"https:\/\/www.fiscalia.gov.co\/colombia\/#organization","name":"Fiscal\u00eda General de la Naci\u00f3n","url":"https:\/\/www.fiscalia.gov.co\/colombia\/","logo":{"@type":"ImageObject","inLanguage":"es-CO","@id":"https:\/\/www.fiscalia.gov.co\/colombia\/#\/schema\/logo\/image\/","url":"https:\/\/www.fiscalia.gov.co\/colombia\/wp-content\/uploads\/LogoHorizontal_1.jpg","contentUrl":"https:\/\/www.fiscalia.gov.co\/colombia\/wp-content\/uploads\/LogoHorizontal_1.jpg","width":300,"height":90,"caption":"Fiscal\u00eda General de la Naci\u00f3n"},"image":{"@id":"https:\/\/www.fiscalia.gov.co\/colombia\/#\/schema\/logo\/image\/"},"sameAs":["https:\/\/www.facebook.com\/FiscaliaCol","https:\/\/x.com\/FiscaliaCol","https:\/\/www.instagram.com\/fiscaliacol","https:\/\/www.linkedin.com\/company\/fiscalia-general-de-la-naci-n\/","https:\/\/youtube.com\/@fiscaliageneraldelanacion-4668?si=6nN79nyQICPU5iTh"]},{"@type":"Person","@id":"https:\/\/www.fiscalia.gov.co\/colombia\/#\/schema\/person\/bf84402cf293a5393e9c70b111020b24","name":"Jordan Leandro Oviedo Anzola","image":{"@type":"ImageObject","inLanguage":"es-CO","@id":"https:\/\/www.fiscalia.gov.co\/colombia\/#\/schema\/person\/image\/","url":"https:\/\/secure.gravatar.com\/avatar\/dabba4346fa9b9207d96adafa8f92721?s=96&d=mm&r=g","contentUrl":"https:\/\/secure.gravatar.com\/avatar\/dabba4346fa9b9207d96adafa8f92721?s=96&d=mm&r=g","caption":"Jordan Leandro Oviedo Anzola"},"url":"https:\/\/www.fiscalia.gov.co\/colombia\/author\/joviedo\/"}]}},"_links":{"self":[{"href":"https:\/\/www.fiscalia.gov.co\/colombia\/wp-json\/wp\/v2\/posts\/258710","targetHints":{"allow":["GET"]}}],"collection":[{"href":"https:\/\/www.fiscalia.gov.co\/colombia\/wp-json\/wp\/v2\/posts"}],"about":[{"href":"https:\/\/www.fiscalia.gov.co\/colombia\/wp-json\/wp\/v2\/types\/post"}],"author":[{"embeddable":true,"href":"https:\/\/www.fiscalia.gov.co\/colombia\/wp-json\/wp\/v2\/users\/177"}],"replies":[{"embeddable":true,"href":"https:\/\/www.fiscalia.gov.co\/colombia\/wp-json\/wp\/v2\/comments?post=258710"}],"version-history":[{"count":1,"href":"https:\/\/www.fiscalia.gov.co\/colombia\/wp-json\/wp\/v2\/posts\/258710\/revisions"}],"predecessor-version":[{"id":258713,"href":"https:\/\/www.fiscalia.gov.co\/colombia\/wp-json\/wp\/v2\/posts\/258710\/revisions\/258713"}],"wp:attachment":[{"href":"https:\/\/www.fiscalia.gov.co\/colombia\/wp-json\/wp\/v2\/media?parent=258710"}],"wp:term":[{"taxonomy":"category","embeddable":true,"href":"https:\/\/www.fiscalia.gov.co\/colombia\/wp-json\/wp\/v2\/categories?post=258710"},{"taxonomy":"post_tag","embeddable":true,"href":"https:\/\/www.fiscalia.gov.co\/colombia\/wp-json\/wp\/v2\/tags?post=258710"}],"curies":[{"name":"wp","href":"https:\/\/api.w.org\/{rel}","templated":true}]}}