{"id":258621,"date":"2022-10-05T08:57:18","date_gmt":"2022-10-05T13:57:18","guid":{"rendered":"https:\/\/www.fiscalia.gov.co\/colombia\/?p=258621"},"modified":"2022-10-05T08:57:18","modified_gmt":"2022-10-05T13:57:18","slug":"golpe-a-red-criminal-senalada-de-obtener-documentos-y-permisos-falsos-para-enviar-irregularmente-migrantes-desde-la-costa-atlantica-hacia-estados-unidos-europa-y-paises-de-suramerica","status":"publish","type":"post","link":"https:\/\/www.fiscalia.gov.co\/colombia\/noticias\/golpe-a-red-criminal-senalada-de-obtener-documentos-y-permisos-falsos-para-enviar-irregularmente-migrantes-desde-la-costa-atlantica-hacia-estados-unidos-europa-y-paises-de-suramerica\/","title":{"rendered":"Golpe a red criminal se\u00f1alada de obtener documentos y permisos falsos para enviar irregularmente migrantes desde la Costa Atl\u00e1ntica hacia Estados Unidos, Europa y pa\u00edses de Suram\u00e9rica"},"content":{"rendered":"<ul>\n<li>\n<h4><strong><em>En uno de los eventos que se le atribuye a la organizaci\u00f3n murieron cinco ciudadanos venezolanos y, por lo menos, 24 m\u00e1s resultaron heridos, luego de que se accidentara el bus en el que eran transportados ilegalmente a Guayaquil (Ecuador).<\/em><\/strong><\/h4>\n<\/li>\n<li>\n<h4><strong><em>Nueve personas fueron judicializadas, entre ellas dos funcionarios de Migraci\u00f3n Colombia.<\/em><\/strong><\/h4>\n<\/li>\n<\/ul>\n<p>La acci\u00f3n investigativa de la Fiscal\u00eda General de la Naci\u00f3n, a trav\u00e9s de la Seccional Bol\u00edvar y la Direcci\u00f3n Especializada contra las Violaciones a los Derechos Humanos, permiti\u00f3 judicializar a nueve presuntos integrantes de una red de tr\u00e1fico de migrantes que estar\u00edan involucrados en distintas maniobras il\u00edcitas para garantizar el paso y salida de ciudadanos extranjeros con destino final a Estados Unidos, Europa y pa\u00edses de Suram\u00e9rica.<\/p>\n<p>Dos de los procesados son funcionarios de Migraci\u00f3n Colombia. Uno de ellos, Rolando Iglesias Sanjuan, ser\u00eda el principal articulador del andamiaje criminal. Al parecer, desde su puesto de trabajo en Paraguach\u00f3n (La Guajira), contactaba a extranjeros y les ofrec\u00eda documentos de identidad como si fueran ciudadanos colombianos o pr\u00f3rrogas en los pasaportes para ayudarlos a salir del pa\u00eds por los aeropuertos Rafael N\u00fa\u00f1ez, en Cartagena; y Ernesto Cortissoz, en Soledad (Atl\u00e1ntico).<\/p>\n<p>El otro servidor p\u00fablico, identificado como Rafael P\u00faa R\u00edos, es se\u00f1alado de sellar los pasaportes y avalar el paso de los migrantes que lo buscaban en los filtros de migraci\u00f3n de la terminal a\u00e9rea que sirve a Barranquilla.<\/p>\n<p>Los dem\u00e1s involucrados cumplir\u00edan distintos roles como falsificadores, tramitadores o intermediarios para conseguir registros civiles en distintas notar\u00edas y registradur\u00edas en ciudades de la Costa Atl\u00e1ntica.<\/p>\n<p><strong><u>Casos documentados<\/u><\/strong><\/p>\n<p>En el curso de la investigaci\u00f3n fueron detectados varios eventos en los que habr\u00eda participado la organizaci\u00f3n delictiva.<\/p>\n<ul>\n<li>En febrero del a\u00f1o en curso murieron cinco ciudadanos venezolanos, entre ellos un menor de edad, que eran movilizados ilegalmente junto a otros migrantes en un bus que cubr\u00eda la ruta Maicao (La Guajira) &#8211; Guayaquil (Ecuador). El automotor se accident\u00f3 en el puente La Magdalena en Ipiales (Nari\u00f1o), antes de cruzar zona de frontera. En el siniestro 24 extranjeros resultaron heridos.<\/li>\n<li>En septiembre de 2021, cuatro ciudadanos venezolanos, integrantes de una misma familia, fueron retenidos en el aeropuerto de Cartagena por portar pr\u00f3rrogas falsas en los pasaportes. El procedimiento se cumpli\u00f3 previo a que abordaran un avi\u00f3n que ten\u00eda como destino Ciudad de M\u00e9xico.<\/li>\n<li>En agosto de 2021, una joven venezolana habr\u00eda salido por el aeropuerto de Cartagena con una pr\u00f3rroga falsa en su pasaporte que le fue suministrada por la red criminal. Al llegar a M\u00e9xico, las autoridades detectaron la ilegalidad y deportaron la mujer a Colombia. D\u00edas despu\u00e9s fue expulsada de territorio nacional.<\/li>\n<li>En noviembre de 2020, cuatro dominicanos fueron capturados en el aeropuerto de Cartagena por portar pasaportes colombianos que habr\u00edan sido tramitados con registros civiles falsos que los acreditaban como nacidos en el pa\u00eds. Uno de los extranjeros fue expulsado.<\/li>\n<\/ul>\n<p><strong><u>Captura y judicializaci\u00f3n<\/u><\/strong><\/p>\n<p>Las personas que har\u00edan parte de la estructura fueron capturadas en un trabajo conjunto de la Fiscal\u00eda, la Polic\u00eda Nacional y Migraci\u00f3n Colombia, en diligencias realizadas en distintos municipios de Atl\u00e1ntico, C\u00f3rdoba y La Guajira.<\/p>\n<p>Un fiscal de la Direcci\u00f3n Especializada contra las Violaciones a los Derechos Humanos imput\u00f3 a los detenidos, seg\u00fan el posible nivel de participaci\u00f3n, los delitos de concierto para delinquir, tr\u00e1fico de migrantes y falsedad material en documento p\u00fablico. Cinco de los procesos aceptaron cargos, estos son:<\/p>\n<ul>\n<li><u>Rolando Iglesias Sanjuan<\/u>, oficial de Migraci\u00f3n Colombia en Paraguach\u00f3n (La Guajira).<\/li>\n<li><u>Ram\u00f3n Antonio Toncel Ariza<\/u>, presunto responsable de la falsificaci\u00f3n de los documentos y prorrogas en los pasaportes que usaban los extranjeros para permanecer en el pa\u00eds o pasar por los puestos migratorios.<\/li>\n<li><u>Lucy Patricia Conrado Manotas<\/u> y <u>Diana Patricia Hern\u00e1ndez Almanza<\/u>, se\u00f1aladas de recibir a los migrantes que contactaba la organizaci\u00f3n y brindarles hospedaje mientras les ubicaban pasaportes, c\u00e9dulas de extranjer\u00eda y otros documentos.<\/li>\n<li><u>Gustavo Moya Puertas<\/u>, propietario de una empresa de transporte de pasajeros con sede en La Guajira y Cesar. El material de prueba indica que, al parecer, ofrec\u00eda paquetes de alojamiento, alimentaci\u00f3n y transporte de migrantes. Asimismo, habr\u00eda coordinado el traslado y la log\u00edstica del grupo de ciudadanos venezolanos que se accident\u00f3 en Ipiales (Nari\u00f1o) intentando llegar a Ecuador.<\/li>\n<\/ul>\n<p>Los otros procesados son:<\/p>\n<ul>\n<li><u>Rafael P\u00faa R\u00edos<\/u>, servidor de Migraci\u00f3n Colombia que cumple funciones en los filtros del aeropuerto Ernesto Cortizzos. En la investigaci\u00f3n se conoci\u00f3 que, al parecer, fue el funcionario que sell\u00f3 el pasaporte de la ciudadana venezolana que sali\u00f3 del Colombia y fue expulsada de M\u00e9xico.<\/li>\n<li><u>Jorge Williangton Cabral Su\u00e1rez<\/u>, quien estar\u00eda involucrado en la captaci\u00f3n de migrantes en La Guajira, y la obtenci\u00f3n de sellos y documentos para garantizarles el tr\u00e1nsito por el pa\u00eds.<\/li>\n<li><u>\u00d3scar Gabriel Dickson Herrera<\/u>, presunto mediador.<\/li>\n<\/ul>\n<p>Respecto a <u>Arlington Camargo Diaz<\/u>, se\u00f1alado de llevar ciudadanos extranjeros a Valledupar (Cesar) para facilitarles la documentaci\u00f3n necesaria para transitar y salir del pa\u00eds, durante las audiencias concentradas manifest\u00f3 su voluntad de suscribir preacuerdo con la Fiscal\u00eda y aceptar su responsabilidad en los hechos.<\/p>\n<p>Por disposici\u00f3n de una juez de control de garant\u00edas de Barranquilla todos los procesados deber\u00e1n cumplir medida de aseguramiento privativa de la libertad en el lugar de residencia.<\/p>\n<p>Esta informaci\u00f3n se publica por razones de inter\u00e9s general.<\/p>\n<p><strong>La Fiscal\u00eda habla con resultados.<\/strong><\/p>\n<p>&nbsp;<\/p>\n<p>&nbsp;<\/p>\n<p>&nbsp;<\/p>\n<p>&nbsp;<\/p>\n<p>JARG\/CACM\/DJR\/DECVDH\/MCRC.<\/p>\n<p>&nbsp;<\/p>\n<p>&nbsp;<\/p>\n<p>&nbsp;<\/p>\n<p>&nbsp;<\/p>\n<div class=\"td-post-content tagdiv-type\">\n<p><em>La informaci\u00f3n contenida en este bolet\u00edn de prensa corresponde a la narraci\u00f3n de los hechos noticiosos objetivos, suministrados por los funcionarios encargados de adelantar las investigaciones penales al interior de la Fiscal\u00eda General de la Naci\u00f3n. Para el momento de la divulgaci\u00f3n de este comunicado, la situaci\u00f3n jur\u00eddica de la(s) persona(s) relacionada(s) se encuentra pendiente de resolver por la autoridad judicial competente, siempre bajo los preceptos de la presunci\u00f3n de inocencia, consagrados en el art\u00edculo 29 de la Constituci\u00f3n Pol\u00edtica y el art\u00edculo 7\u00ba de la Ley 906 de 2004.<\/em><\/p>\n<\/div>\n\n<div class=\"twitter-share\"><a href=\"https:\/\/twitter.com\/intent\/tweet?via=fiscaliacol\" class=\"twitter-share-button\">Tweet<\/a><\/div>\n","protected":false},"excerpt":{"rendered":"<p>En uno de los eventos que se le atribuye a la organizaci\u00f3n murieron cinco ciudadanos venezolanos y, por lo menos, 24 m\u00e1s resultaron heridos, luego de que se accidentara el bus en el que eran transportados ilegalmente a Guayaquil (Ecuador). Nueve personas fueron judicializadas, entre ellas dos funcionarios de Migraci\u00f3n Colombia. La acci\u00f3n investigativa de [&hellip;]<\/p>\n","protected":false},"author":177,"featured_media":0,"comment_status":"closed","ping_status":"open","sticky":false,"template":"","format":"standard","meta":{"_price":"","_stock":"","_tribe_ticket_header":"","_tribe_default_ticket_provider":"","_tribe_ticket_capacity":"0","_ticket_start_date":"","_ticket_end_date":"","_tribe_ticket_show_description":"","_tribe_ticket_show_not_going":false,"_tribe_ticket_use_global_stock":"","_tribe_ticket_global_stock_level":"","_global_stock_mode":"","_global_stock_cap":"","_tribe_rsvp_for_event":"","_tribe_ticket_going_count":"","_tribe_ticket_not_going_count":"","_tribe_tickets_list":"[]","_tribe_ticket_has_attendee_info_fields":false,"tdm_status":"","tdm_grid_status":"","footnotes":""},"categories":[24102,1,325,303],"tags":[1050,8998,2663,19993,24185,1047,13658,8479],"class_list":{"0":"post-258621","1":"post","2":"type-post","3":"status-publish","4":"format-standard","6":"category-derechos-humanos","7":"category-noticias","8":"category-seccional-cartagena","9":"category-seccionales","10":"tag-derechoa-humanos","11":"tag-documentos-falsos","12":"tag-estados-unidos","13":"tag-europa","14":"tag-fiscal-barbosa","15":"tag-fiscalia-general-de-la-nacion","16":"tag-migrantes","17":"tag-red-criminal"},"yoast_head":"<!-- This site is optimized with the Yoast SEO plugin v24.3 - https:\/\/yoast.com\/wordpress\/plugins\/seo\/ -->\n<title>Fiscal\u00eda General de la Naci\u00f3n<\/title>\n<meta name=\"description\" content=\"P\u00e1gina oficial de la Fiscal\u00eda General de la Naci\u00f3n \u2013 Colombia. Garantizamos el acceso efectivo a la justicia, la verdad y la reparaci\u00f3n de las v\u00edctimas de los delitos.\" \/>\n<meta name=\"robots\" content=\"noindex, follow\" \/>\n<meta property=\"og:locale\" content=\"es_ES\" \/>\n<meta property=\"og:type\" content=\"article\" \/>\n<meta property=\"og:title\" content=\"Fiscal\u00eda General de la Naci\u00f3n\" \/>\n<meta property=\"og:description\" content=\"P\u00e1gina oficial de la Fiscal\u00eda General de la Naci\u00f3n \u2013 Colombia. Garantizamos el acceso efectivo a la justicia, la verdad y la reparaci\u00f3n de las v\u00edctimas de los delitos.\" \/>\n<meta property=\"og:url\" content=\"https:\/\/www.fiscalia.gov.co\/colombia\/noticias\/golpe-a-red-criminal-senalada-de-obtener-documentos-y-permisos-falsos-para-enviar-irregularmente-migrantes-desde-la-costa-atlantica-hacia-estados-unidos-europa-y-paises-de-suramerica\/\" \/>\n<meta property=\"og:site_name\" content=\"Fiscal\u00eda General de la Naci\u00f3n\" \/>\n<meta property=\"article:publisher\" content=\"https:\/\/www.facebook.com\/FiscaliaCol\" \/>\n<meta property=\"article:published_time\" content=\"2022-10-05T13:57:18+00:00\" \/>\n<meta name=\"author\" content=\"Jordan Leandro Oviedo Anzola\" \/>\n<meta name=\"twitter:card\" content=\"summary_large_image\" \/>\n<meta name=\"twitter:creator\" content=\"@FiscaliaCol\" \/>\n<meta name=\"twitter:site\" content=\"@FiscaliaCol\" \/>\n<meta name=\"twitter:label1\" content=\"Escrito por\" \/>\n\t<meta name=\"twitter:data1\" content=\"Jordan Leandro Oviedo Anzola\" \/>\n\t<meta name=\"twitter:label2\" content=\"Tiempo de lectura\" \/>\n\t<meta name=\"twitter:data2\" content=\"5 minutos\" \/>\n<script type=\"application\/ld+json\" class=\"yoast-schema-graph\">{\"@context\":\"https:\/\/schema.org\",\"@graph\":[{\"@type\":\"Article\",\"@id\":\"https:\/\/www.fiscalia.gov.co\/colombia\/noticias\/golpe-a-red-criminal-senalada-de-obtener-documentos-y-permisos-falsos-para-enviar-irregularmente-migrantes-desde-la-costa-atlantica-hacia-estados-unidos-europa-y-paises-de-suramerica\/#article\",\"isPartOf\":{\"@id\":\"https:\/\/www.fiscalia.gov.co\/colombia\/noticias\/golpe-a-red-criminal-senalada-de-obtener-documentos-y-permisos-falsos-para-enviar-irregularmente-migrantes-desde-la-costa-atlantica-hacia-estados-unidos-europa-y-paises-de-suramerica\/\"},\"author\":{\"name\":\"Jordan Leandro Oviedo Anzola\",\"@id\":\"https:\/\/www.fiscalia.gov.co\/colombia\/#\/schema\/person\/bf84402cf293a5393e9c70b111020b24\"},\"headline\":\"Golpe a red criminal se\u00f1alada de obtener documentos y permisos falsos para enviar irregularmente migrantes desde la Costa Atl\u00e1ntica hacia Estados Unidos, Europa y pa\u00edses de Suram\u00e9rica\",\"datePublished\":\"2022-10-05T13:57:18+00:00\",\"dateModified\":\"2022-10-05T13:57:18+00:00\",\"mainEntityOfPage\":{\"@id\":\"https:\/\/www.fiscalia.gov.co\/colombia\/noticias\/golpe-a-red-criminal-senalada-de-obtener-documentos-y-permisos-falsos-para-enviar-irregularmente-migrantes-desde-la-costa-atlantica-hacia-estados-unidos-europa-y-paises-de-suramerica\/\"},\"wordCount\":1094,\"publisher\":{\"@id\":\"https:\/\/www.fiscalia.gov.co\/colombia\/#organization\"},\"keywords\":[\"Derechos Humanos\",\"Documentos falsos\",\"Estados Unidos\",\"Europa\",\"Fiscal Barbosa\",\"Fiscal\u00eda General de la Naci\u00f3n\",\"Migrantes\",\"Red criminal\"],\"articleSection\":[\"Derechos Humanos\",\"Noticias\",\"Seccional Cartagena\",\"Seccionales\"],\"inLanguage\":\"es-CO\"},{\"@type\":\"WebPage\",\"@id\":\"https:\/\/www.fiscalia.gov.co\/colombia\/noticias\/golpe-a-red-criminal-senalada-de-obtener-documentos-y-permisos-falsos-para-enviar-irregularmente-migrantes-desde-la-costa-atlantica-hacia-estados-unidos-europa-y-paises-de-suramerica\/\",\"url\":\"https:\/\/www.fiscalia.gov.co\/colombia\/noticias\/golpe-a-red-criminal-senalada-de-obtener-documentos-y-permisos-falsos-para-enviar-irregularmente-migrantes-desde-la-costa-atlantica-hacia-estados-unidos-europa-y-paises-de-suramerica\/\",\"name\":\"Fiscal\u00eda General de la Naci\u00f3n\",\"isPartOf\":{\"@id\":\"https:\/\/www.fiscalia.gov.co\/colombia\/#website\"},\"datePublished\":\"2022-10-05T13:57:18+00:00\",\"dateModified\":\"2022-10-05T13:57:18+00:00\",\"description\":\"P\u00e1gina oficial de la Fiscal\u00eda General de la Naci\u00f3n \u2013 Colombia. Garantizamos el acceso efectivo a la justicia, la verdad y la reparaci\u00f3n de las v\u00edctimas de los delitos.\",\"breadcrumb\":{\"@id\":\"https:\/\/www.fiscalia.gov.co\/colombia\/noticias\/golpe-a-red-criminal-senalada-de-obtener-documentos-y-permisos-falsos-para-enviar-irregularmente-migrantes-desde-la-costa-atlantica-hacia-estados-unidos-europa-y-paises-de-suramerica\/#breadcrumb\"},\"inLanguage\":\"es-CO\",\"potentialAction\":[{\"@type\":\"ReadAction\",\"target\":[\"https:\/\/www.fiscalia.gov.co\/colombia\/noticias\/golpe-a-red-criminal-senalada-de-obtener-documentos-y-permisos-falsos-para-enviar-irregularmente-migrantes-desde-la-costa-atlantica-hacia-estados-unidos-europa-y-paises-de-suramerica\/\"]}]},{\"@type\":\"BreadcrumbList\",\"@id\":\"https:\/\/www.fiscalia.gov.co\/colombia\/noticias\/golpe-a-red-criminal-senalada-de-obtener-documentos-y-permisos-falsos-para-enviar-irregularmente-migrantes-desde-la-costa-atlantica-hacia-estados-unidos-europa-y-paises-de-suramerica\/#breadcrumb\",\"itemListElement\":[{\"@type\":\"ListItem\",\"position\":1,\"name\":\"Home\",\"item\":\"https:\/\/www.fiscalia.gov.co\/colombia\/\"},{\"@type\":\"ListItem\",\"position\":2,\"name\":\"Golpe a red criminal se\u00f1alada de obtener documentos y permisos falsos para enviar irregularmente migrantes desde la Costa Atl\u00e1ntica hacia Estados Unidos, Europa y pa\u00edses de Suram\u00e9rica\"}]},{\"@type\":\"WebSite\",\"@id\":\"https:\/\/www.fiscalia.gov.co\/colombia\/#website\",\"url\":\"https:\/\/www.fiscalia.gov.co\/colombia\/\",\"name\":\"Fiscal\u00eda General de la Naci\u00f3n\",\"description\":\"P\u00e1gina oficial de la Fiscal\u00eda General de la Naci\u00f3n \u2013 Colombia. Garantizamos el acceso efectivo a la justicia, la verdad y la reparaci\u00f3n de las v\u00edctimas de los delitos.\",\"publisher\":{\"@id\":\"https:\/\/www.fiscalia.gov.co\/colombia\/#organization\"},\"potentialAction\":[{\"@type\":\"SearchAction\",\"target\":{\"@type\":\"EntryPoint\",\"urlTemplate\":\"https:\/\/www.fiscalia.gov.co\/colombia\/?s={search_term_string}\"},\"query-input\":{\"@type\":\"PropertyValueSpecification\",\"valueRequired\":true,\"valueName\":\"search_term_string\"}}],\"inLanguage\":\"es-CO\"},{\"@type\":\"Organization\",\"@id\":\"https:\/\/www.fiscalia.gov.co\/colombia\/#organization\",\"name\":\"Fiscal\u00eda General de la Naci\u00f3n\",\"url\":\"https:\/\/www.fiscalia.gov.co\/colombia\/\",\"logo\":{\"@type\":\"ImageObject\",\"inLanguage\":\"es-CO\",\"@id\":\"https:\/\/www.fiscalia.gov.co\/colombia\/#\/schema\/logo\/image\/\",\"url\":\"https:\/\/www.fiscalia.gov.co\/colombia\/wp-content\/uploads\/LogoHorizontal_1.jpg\",\"contentUrl\":\"https:\/\/www.fiscalia.gov.co\/colombia\/wp-content\/uploads\/LogoHorizontal_1.jpg\",\"width\":300,\"height\":90,\"caption\":\"Fiscal\u00eda General de la Naci\u00f3n\"},\"image\":{\"@id\":\"https:\/\/www.fiscalia.gov.co\/colombia\/#\/schema\/logo\/image\/\"},\"sameAs\":[\"https:\/\/www.facebook.com\/FiscaliaCol\",\"https:\/\/x.com\/FiscaliaCol\",\"https:\/\/www.instagram.com\/fiscaliacol\",\"https:\/\/www.linkedin.com\/company\/fiscalia-general-de-la-naci-n\/\",\"https:\/\/youtube.com\/@fiscaliageneraldelanacion-4668?si=6nN79nyQICPU5iTh\"]},{\"@type\":\"Person\",\"@id\":\"https:\/\/www.fiscalia.gov.co\/colombia\/#\/schema\/person\/bf84402cf293a5393e9c70b111020b24\",\"name\":\"Jordan Leandro Oviedo Anzola\",\"image\":{\"@type\":\"ImageObject\",\"inLanguage\":\"es-CO\",\"@id\":\"https:\/\/www.fiscalia.gov.co\/colombia\/#\/schema\/person\/image\/\",\"url\":\"https:\/\/secure.gravatar.com\/avatar\/dabba4346fa9b9207d96adafa8f92721?s=96&d=mm&r=g\",\"contentUrl\":\"https:\/\/secure.gravatar.com\/avatar\/dabba4346fa9b9207d96adafa8f92721?s=96&d=mm&r=g\",\"caption\":\"Jordan Leandro Oviedo Anzola\"},\"url\":\"https:\/\/www.fiscalia.gov.co\/colombia\/author\/joviedo\/\"}]}<\/script>\n<!-- \/ Yoast SEO plugin. -->","yoast_head_json":{"title":"Fiscal\u00eda General de la Naci\u00f3n","description":"P\u00e1gina oficial de la Fiscal\u00eda General de la Naci\u00f3n \u2013 Colombia. Garantizamos el acceso efectivo a la justicia, la verdad y la reparaci\u00f3n de las v\u00edctimas de los delitos.","robots":{"index":"noindex","follow":"follow"},"og_locale":"es_ES","og_type":"article","og_title":"Fiscal\u00eda General de la Naci\u00f3n","og_description":"P\u00e1gina oficial de la Fiscal\u00eda General de la Naci\u00f3n \u2013 Colombia. Garantizamos el acceso efectivo a la justicia, la verdad y la reparaci\u00f3n de las v\u00edctimas de los delitos.","og_url":"https:\/\/www.fiscalia.gov.co\/colombia\/noticias\/golpe-a-red-criminal-senalada-de-obtener-documentos-y-permisos-falsos-para-enviar-irregularmente-migrantes-desde-la-costa-atlantica-hacia-estados-unidos-europa-y-paises-de-suramerica\/","og_site_name":"Fiscal\u00eda General de la Naci\u00f3n","article_publisher":"https:\/\/www.facebook.com\/FiscaliaCol","article_published_time":"2022-10-05T13:57:18+00:00","author":"Jordan Leandro Oviedo Anzola","twitter_card":"summary_large_image","twitter_creator":"@FiscaliaCol","twitter_site":"@FiscaliaCol","twitter_misc":{"Escrito por":"Jordan Leandro Oviedo Anzola","Tiempo de lectura":"5 minutos"},"schema":{"@context":"https:\/\/schema.org","@graph":[{"@type":"Article","@id":"https:\/\/www.fiscalia.gov.co\/colombia\/noticias\/golpe-a-red-criminal-senalada-de-obtener-documentos-y-permisos-falsos-para-enviar-irregularmente-migrantes-desde-la-costa-atlantica-hacia-estados-unidos-europa-y-paises-de-suramerica\/#article","isPartOf":{"@id":"https:\/\/www.fiscalia.gov.co\/colombia\/noticias\/golpe-a-red-criminal-senalada-de-obtener-documentos-y-permisos-falsos-para-enviar-irregularmente-migrantes-desde-la-costa-atlantica-hacia-estados-unidos-europa-y-paises-de-suramerica\/"},"author":{"name":"Jordan Leandro Oviedo Anzola","@id":"https:\/\/www.fiscalia.gov.co\/colombia\/#\/schema\/person\/bf84402cf293a5393e9c70b111020b24"},"headline":"Golpe a red criminal se\u00f1alada de obtener documentos y permisos falsos para enviar irregularmente migrantes desde la Costa Atl\u00e1ntica hacia Estados Unidos, Europa y pa\u00edses de Suram\u00e9rica","datePublished":"2022-10-05T13:57:18+00:00","dateModified":"2022-10-05T13:57:18+00:00","mainEntityOfPage":{"@id":"https:\/\/www.fiscalia.gov.co\/colombia\/noticias\/golpe-a-red-criminal-senalada-de-obtener-documentos-y-permisos-falsos-para-enviar-irregularmente-migrantes-desde-la-costa-atlantica-hacia-estados-unidos-europa-y-paises-de-suramerica\/"},"wordCount":1094,"publisher":{"@id":"https:\/\/www.fiscalia.gov.co\/colombia\/#organization"},"keywords":["Derechos Humanos","Documentos falsos","Estados Unidos","Europa","Fiscal Barbosa","Fiscal\u00eda General de la Naci\u00f3n","Migrantes","Red criminal"],"articleSection":["Derechos Humanos","Noticias","Seccional Cartagena","Seccionales"],"inLanguage":"es-CO"},{"@type":"WebPage","@id":"https:\/\/www.fiscalia.gov.co\/colombia\/noticias\/golpe-a-red-criminal-senalada-de-obtener-documentos-y-permisos-falsos-para-enviar-irregularmente-migrantes-desde-la-costa-atlantica-hacia-estados-unidos-europa-y-paises-de-suramerica\/","url":"https:\/\/www.fiscalia.gov.co\/colombia\/noticias\/golpe-a-red-criminal-senalada-de-obtener-documentos-y-permisos-falsos-para-enviar-irregularmente-migrantes-desde-la-costa-atlantica-hacia-estados-unidos-europa-y-paises-de-suramerica\/","name":"Fiscal\u00eda General de la Naci\u00f3n","isPartOf":{"@id":"https:\/\/www.fiscalia.gov.co\/colombia\/#website"},"datePublished":"2022-10-05T13:57:18+00:00","dateModified":"2022-10-05T13:57:18+00:00","description":"P\u00e1gina oficial de la Fiscal\u00eda General de la Naci\u00f3n \u2013 Colombia. Garantizamos el acceso efectivo a la justicia, la verdad y la reparaci\u00f3n de las v\u00edctimas de los delitos.","breadcrumb":{"@id":"https:\/\/www.fiscalia.gov.co\/colombia\/noticias\/golpe-a-red-criminal-senalada-de-obtener-documentos-y-permisos-falsos-para-enviar-irregularmente-migrantes-desde-la-costa-atlantica-hacia-estados-unidos-europa-y-paises-de-suramerica\/#breadcrumb"},"inLanguage":"es-CO","potentialAction":[{"@type":"ReadAction","target":["https:\/\/www.fiscalia.gov.co\/colombia\/noticias\/golpe-a-red-criminal-senalada-de-obtener-documentos-y-permisos-falsos-para-enviar-irregularmente-migrantes-desde-la-costa-atlantica-hacia-estados-unidos-europa-y-paises-de-suramerica\/"]}]},{"@type":"BreadcrumbList","@id":"https:\/\/www.fiscalia.gov.co\/colombia\/noticias\/golpe-a-red-criminal-senalada-de-obtener-documentos-y-permisos-falsos-para-enviar-irregularmente-migrantes-desde-la-costa-atlantica-hacia-estados-unidos-europa-y-paises-de-suramerica\/#breadcrumb","itemListElement":[{"@type":"ListItem","position":1,"name":"Home","item":"https:\/\/www.fiscalia.gov.co\/colombia\/"},{"@type":"ListItem","position":2,"name":"Golpe a red criminal se\u00f1alada de obtener documentos y permisos falsos para enviar irregularmente migrantes desde la Costa Atl\u00e1ntica hacia Estados Unidos, Europa y pa\u00edses de Suram\u00e9rica"}]},{"@type":"WebSite","@id":"https:\/\/www.fiscalia.gov.co\/colombia\/#website","url":"https:\/\/www.fiscalia.gov.co\/colombia\/","name":"Fiscal\u00eda General de la Naci\u00f3n","description":"P\u00e1gina oficial de la Fiscal\u00eda General de la Naci\u00f3n \u2013 Colombia. Garantizamos el acceso efectivo a la justicia, la verdad y la reparaci\u00f3n de las v\u00edctimas de los delitos.","publisher":{"@id":"https:\/\/www.fiscalia.gov.co\/colombia\/#organization"},"potentialAction":[{"@type":"SearchAction","target":{"@type":"EntryPoint","urlTemplate":"https:\/\/www.fiscalia.gov.co\/colombia\/?s={search_term_string}"},"query-input":{"@type":"PropertyValueSpecification","valueRequired":true,"valueName":"search_term_string"}}],"inLanguage":"es-CO"},{"@type":"Organization","@id":"https:\/\/www.fiscalia.gov.co\/colombia\/#organization","name":"Fiscal\u00eda General de la Naci\u00f3n","url":"https:\/\/www.fiscalia.gov.co\/colombia\/","logo":{"@type":"ImageObject","inLanguage":"es-CO","@id":"https:\/\/www.fiscalia.gov.co\/colombia\/#\/schema\/logo\/image\/","url":"https:\/\/www.fiscalia.gov.co\/colombia\/wp-content\/uploads\/LogoHorizontal_1.jpg","contentUrl":"https:\/\/www.fiscalia.gov.co\/colombia\/wp-content\/uploads\/LogoHorizontal_1.jpg","width":300,"height":90,"caption":"Fiscal\u00eda General de la Naci\u00f3n"},"image":{"@id":"https:\/\/www.fiscalia.gov.co\/colombia\/#\/schema\/logo\/image\/"},"sameAs":["https:\/\/www.facebook.com\/FiscaliaCol","https:\/\/x.com\/FiscaliaCol","https:\/\/www.instagram.com\/fiscaliacol","https:\/\/www.linkedin.com\/company\/fiscalia-general-de-la-naci-n\/","https:\/\/youtube.com\/@fiscaliageneraldelanacion-4668?si=6nN79nyQICPU5iTh"]},{"@type":"Person","@id":"https:\/\/www.fiscalia.gov.co\/colombia\/#\/schema\/person\/bf84402cf293a5393e9c70b111020b24","name":"Jordan Leandro Oviedo Anzola","image":{"@type":"ImageObject","inLanguage":"es-CO","@id":"https:\/\/www.fiscalia.gov.co\/colombia\/#\/schema\/person\/image\/","url":"https:\/\/secure.gravatar.com\/avatar\/dabba4346fa9b9207d96adafa8f92721?s=96&d=mm&r=g","contentUrl":"https:\/\/secure.gravatar.com\/avatar\/dabba4346fa9b9207d96adafa8f92721?s=96&d=mm&r=g","caption":"Jordan Leandro Oviedo Anzola"},"url":"https:\/\/www.fiscalia.gov.co\/colombia\/author\/joviedo\/"}]}},"_links":{"self":[{"href":"https:\/\/www.fiscalia.gov.co\/colombia\/wp-json\/wp\/v2\/posts\/258621","targetHints":{"allow":["GET"]}}],"collection":[{"href":"https:\/\/www.fiscalia.gov.co\/colombia\/wp-json\/wp\/v2\/posts"}],"about":[{"href":"https:\/\/www.fiscalia.gov.co\/colombia\/wp-json\/wp\/v2\/types\/post"}],"author":[{"embeddable":true,"href":"https:\/\/www.fiscalia.gov.co\/colombia\/wp-json\/wp\/v2\/users\/177"}],"replies":[{"embeddable":true,"href":"https:\/\/www.fiscalia.gov.co\/colombia\/wp-json\/wp\/v2\/comments?post=258621"}],"version-history":[{"count":1,"href":"https:\/\/www.fiscalia.gov.co\/colombia\/wp-json\/wp\/v2\/posts\/258621\/revisions"}],"predecessor-version":[{"id":258622,"href":"https:\/\/www.fiscalia.gov.co\/colombia\/wp-json\/wp\/v2\/posts\/258621\/revisions\/258622"}],"wp:attachment":[{"href":"https:\/\/www.fiscalia.gov.co\/colombia\/wp-json\/wp\/v2\/media?parent=258621"}],"wp:term":[{"taxonomy":"category","embeddable":true,"href":"https:\/\/www.fiscalia.gov.co\/colombia\/wp-json\/wp\/v2\/categories?post=258621"},{"taxonomy":"post_tag","embeddable":true,"href":"https:\/\/www.fiscalia.gov.co\/colombia\/wp-json\/wp\/v2\/tags?post=258621"}],"curies":[{"name":"wp","href":"https:\/\/api.w.org\/{rel}","templated":true}]}}