{"id":258568,"date":"2022-10-04T15:08:42","date_gmt":"2022-10-04T20:08:42","guid":{"rendered":"https:\/\/www.fiscalia.gov.co\/colombia\/?p=258568"},"modified":"2022-10-14T14:27:24","modified_gmt":"2022-10-14T19:27:24","slug":"duro-golpe-a-la-extorsion-a-comerciantes-y-propietarios-de-vehiculos-en-quibdo-choco","status":"publish","type":"post","link":"https:\/\/www.fiscalia.gov.co\/colombia\/noticias\/duro-golpe-a-la-extorsion-a-comerciantes-y-propietarios-de-vehiculos-en-quibdo-choco\/","title":{"rendered":"Duro golpe a la extorsi\u00f3n a comerciantes y propietarios de veh\u00edculos en Quibd\u00f3 (Choc\u00f3)"},"content":{"rendered":"<h4 style=\"font-weight: 400;\"><strong><em>La Operaci\u00f3n Onix se desarroll\u00f3 con 185 denuncias que realizaron las v\u00edctimas de enero a julio de 2022. Los capturados no aceptaron cargos.<\/em><\/strong><\/h4>\n<p style=\"font-weight: 400;\">La\u00a0<strong>Fiscal\u00eda Seccional Choc\u00f3<\/strong>\u00a0en un trabajo articulado con el\u00a0<strong>Cuerpo T\u00e9cnico de Investigaci\u00f3n (CTI) de la Fiscal\u00eda, el Gaula de la Polic\u00eda y el Gaula del Ejercito<\/strong>, capturaron a 13 personas durante siete diligencias de registro y allanamiento en la\u00a0<strong>Operaci\u00f3n Onix<\/strong>, se\u00f1aladas de pertenecer al\u00a0<strong>Grupo Delincuencia Com\u00fan Organizada (GDCO) conocido como Los Zetas<\/strong>, perteneciente a\u00a0<strong>Los Mexicanos o Fuerza Revolucionaria Mexicana<\/strong>.<\/p>\n<figure id=\"attachment_258569\" aria-describedby=\"caption-attachment-258569\" style=\"width: 696px\" class=\"wp-caption aligncenter\"><img loading=\"lazy\" decoding=\"async\" class=\"size-large wp-image-258569\" src=\"https:\/\/www.fiscalia.gov.co\/colombia\/wp-content\/uploads\/WhatsApp-Image-2022-10-04-at-8.04.43-AM-1024x576.jpeg\" alt=\"En la fotograf\u00eda se ve a los 13 capturados durante la Operaci\u00f3n Onix. Al fondo se ven los banner con logos de la Fiscal\u00eda, Gaula de la Polic\u00eda y la Polic\u00eda Naciona.\" width=\"696\" height=\"392\" srcset=\"https:\/\/www.fiscalia.gov.co\/colombia\/wp-content\/uploads\/WhatsApp-Image-2022-10-04-at-8.04.43-AM-1024x576.jpeg 1024w, https:\/\/www.fiscalia.gov.co\/colombia\/wp-content\/uploads\/WhatsApp-Image-2022-10-04-at-8.04.43-AM-300x169.jpeg 300w, https:\/\/www.fiscalia.gov.co\/colombia\/wp-content\/uploads\/WhatsApp-Image-2022-10-04-at-8.04.43-AM-768x432.jpeg 768w, https:\/\/www.fiscalia.gov.co\/colombia\/wp-content\/uploads\/WhatsApp-Image-2022-10-04-at-8.04.43-AM-696x392.jpeg 696w, https:\/\/www.fiscalia.gov.co\/colombia\/wp-content\/uploads\/WhatsApp-Image-2022-10-04-at-8.04.43-AM-1068x601.jpeg 1068w, https:\/\/www.fiscalia.gov.co\/colombia\/wp-content\/uploads\/WhatsApp-Image-2022-10-04-at-8.04.43-AM-747x420.jpeg 747w, https:\/\/www.fiscalia.gov.co\/colombia\/wp-content\/uploads\/WhatsApp-Image-2022-10-04-at-8.04.43-AM.jpeg 1280w\" sizes=\"auto, (max-width: 696px) 100vw, 696px\" \/><figcaption id=\"caption-attachment-258569\" class=\"wp-caption-text\">A los 13 detenidos capturados durante la Operaci\u00f3n Onix se les se\u00f1ala de los delitos de concierto para delinquir agravado, extorsi\u00f3n agravada, porte ilegal de armas de fuego y porte, tr\u00e1fico y fabricaci\u00f3n de estupefacientes, los cuales no aceptaron.<\/figcaption><\/figure>\n<p style=\"font-weight: 400;\">Los capturados fueron procesados por los delitos de\u00a0<strong>concierto para delinquir agravado, extorsi\u00f3n agravada, porte ilegal de armas de fuego y porte, tr\u00e1fico y fabricaci\u00f3n de estupefacientes.<\/strong><\/p>\n<p style=\"font-weight: 400;\">De acuerdo con el material probatorio recaudado, en\u00a0\u00a0la Operaci\u00f3n Onix se conexaron 185 denuncias hechas por diferentes v\u00edctimas de enero a julio de 2022, que se\u00f1alaban recibir amenazas de este grupo delincuencial.<\/p>\n<p style=\"font-weight: 400;\">Entre las actividades delictivas a las que presuntamente se dedicaban estas personas, est\u00e1 la extorsi\u00f3n a comerciantes o a personas de Quibd\u00f3 a las que le hac\u00edan seguimiento y verificaban su capacidad econ\u00f3mica. Ellos a trav\u00e9s de llamadas, mensajes por redes sociales y panfletos les hac\u00edan exigencias econ\u00f3micas que oscilaban entre los $100 mil y $1 mill\u00f3n y de no pagar eran sujetas a amenazas de muerte para ellos o sus familias.<\/p>\n<p style=\"font-weight: 400;\">Tambi\u00e9n, al parecer, fue v\u00edctima de ellos una empresa de transporte terrestre a quienes les incineraron las instalaciones, adem\u00e1s una empresa de giros que opera en\u00a0<strong>Quibd\u00f3<\/strong>\u00a0y varias compraventas de oro.<\/p>\n<p style=\"font-weight: 400;\">Testimonios, y material probatorio recolectado da cuenta que estas personas son se\u00f1aladas del hurto a automotores por los que hac\u00edan exigencias econ\u00f3micas a sus propietarios, y les ped\u00edan entre $2 y $5 millones, de acuerdo con el cilindraje del veh\u00edculo. Y el hurto en distintas modalidades a mano armada a comerciantes que no accedieron a pagar sus exigencias econ\u00f3micas.<\/p>\n<p style=\"font-weight: 400;\">Esta organizaci\u00f3n tambi\u00e9n, seg\u00fan las indagaciones, hace parte de una red de venta de estupefacientes al menudeo, que instrumentalizar\u00eda a menores de edad para distribuirla.<\/p>\n<p style=\"font-weight: 400;\">Entre los capturados est\u00e1n, presuntamente, los cabecillas de varios sectores en la capital chocoana, Mena Palacios, se encargaba de los\u00a0<strong>barrios Para\u00edso, Porvenir y Bonanza<\/strong>;\u00a0Palacios Mosquera de\u00a0<strong>Ciudadela M\u00eda y 1500 Casas<\/strong>; y\u00a0Becerra Asprilla, barrios\u00a0<strong>minutos de Dios y la Aurora.<\/strong><\/p>\n<p style=\"font-weight: 400;\">Durante las diligencias de registro y allanamiento incautaron 1300 gramos de base de coca, lista para la venta, $2 millones 500 mil, 2 armas de fuego y sus Municiones, cuadernos contables, panfletos con el lema \u201cplata o plomo M\u00e9xico\u201d, binoculares, y celulares.<\/p>\n<p style=\"font-weight: 400;\">Los capturados son:\u00a0<strong>Fernando Mena Palacios, alias HH; Aristarco Renter\u00eda Renter\u00eda, alias Calvo o Compa; H\u00e9ctor Fabio Becerra Asprilla, alias Tany; Carlos Arturo Andrade Ortiz, alias Neneco o Yabeto; Francisco Palacios Mosquera, alias Pachito; Yesneider Cordoba Rivas; Jaime Orejuela Lizalda; Weymer Andr\u00e9s Mendoza Potes; Cindy Johana Bejarano, alias Lorena; Milton Harold Perea Mosquera, alias Ni\u00f1o Tupa; Kenis Chala Palacios, alias Piyayo; Nilson Fernando Murillo; y Yerlin Johana Urrutia Valencia<\/strong>.<\/p>\n<p style=\"font-weight: 400;\">Un\u00a0<strong>juzgado Segundo Penal ambulante con funci\u00f3n de control de garant\u00edas de Quibd\u00f3<\/strong>\u00a0concedi\u00f3 medida de aseguramiento intramuros, para 11 de los detenidos. Mientras que a Cindy Jhoana Bejarano le otorg\u00f3 detenci\u00f3n intramuros por su estado de embarazo; y a Yerlin Johana Urrutia Valencia le dio la libertad, porque fue capturada en flagrancia en las diligencias.<\/p>\n<p style=\"font-weight: 400;\"><strong>La\u00a0Fiscal\u00eda General de la Naci\u00f3n\u00a0habla con resultados.<\/strong><\/p>\n<p>&nbsp;<\/p>\n<p>&nbsp;<\/p>\n<p style=\"font-weight: 400;\">JLH\/TCH\/FAGH<\/p>\n<p>&nbsp;<\/p>\n<p>&nbsp;<\/p>\n<p>&nbsp;<\/p>\n<div class=\"td-post-content tagdiv-type\">\n<div class=\"td-post-content tagdiv-type\">\n<p><em>La informaci\u00f3n contenida en este bolet\u00edn de prensa corresponde a la narraci\u00f3n de los hechos noticiosos objetivos, suministrados por los funcionarios encargados de adelantar las investigaciones penales al interior de la Fiscal\u00eda General de la Naci\u00f3n. Para el momento de la divulgaci\u00f3n de este comunicado, la situaci\u00f3n jur\u00eddica de la(s) persona(s) relacionada(s) se encuentra pendiente de resolver por la autoridad judicial competente, siempre bajo los preceptos de la presunci\u00f3n de inocencia, consagrados en el art\u00edculo 29 de la Constituci\u00f3n Pol\u00edtica y el art\u00edculo 7\u00ba de la Ley 906 de 2004.<\/em><em>\u00a0<\/em><\/p>\n<\/div>\n<\/div>\n\n<div class=\"twitter-share\"><a href=\"https:\/\/twitter.com\/intent\/tweet?via=fiscaliacol\" class=\"twitter-share-button\">Tweet<\/a><\/div>\n","protected":false},"excerpt":{"rendered":"<p>La Operaci\u00f3n Onix se desarroll\u00f3 con 185 denuncias que realizaron las v\u00edctimas de enero a julio de 2022. Los capturados no aceptaron cargos. La\u00a0Fiscal\u00eda Seccional Choc\u00f3\u00a0en un trabajo articulado con el\u00a0Cuerpo T\u00e9cnico de Investigaci\u00f3n (CTI) de la Fiscal\u00eda, el Gaula de la Polic\u00eda y el Gaula del Ejercito, capturaron a 13 personas durante siete diligencias [&hellip;]<\/p>\n","protected":false},"author":177,"featured_media":0,"comment_status":"closed","ping_status":"open","sticky":false,"template":"","format":"video","meta":{"_price":"","_stock":"","_tribe_ticket_header":"","_tribe_default_ticket_provider":"","_tribe_ticket_capacity":"0","_ticket_start_date":"","_ticket_end_date":"","_tribe_ticket_show_description":"","_tribe_ticket_show_not_going":false,"_tribe_ticket_use_global_stock":"","_tribe_ticket_global_stock_level":"","_global_stock_mode":"","_global_stock_cap":"","_tribe_rsvp_for_event":"","_tribe_ticket_going_count":"","_tribe_ticket_not_going_count":"","_tribe_tickets_list":"[]","_tribe_ticket_has_attendee_info_fields":false,"tdm_status":"","tdm_grid_status":"","footnotes":""},"categories":[1,2336,303,24099],"tags":[654,871,24185,1047,25613],"class_list":{"0":"post-258568","1":"post","2":"type-post","3":"status-publish","4":"format-video","6":"category-noticias","7":"category-seccional-quibdo","8":"category-seccionales","9":"category-seguridad-territorial","10":"tag-comerciantes","11":"tag-extorion","12":"tag-fiscal-barbosa","13":"tag-fiscalia-general-de-la-nacion","14":"tag-quibdo-choco","15":"post_format-post-format-video"},"yoast_head":"<!-- This site is optimized with the Yoast SEO plugin v24.3 - https:\/\/yoast.com\/wordpress\/plugins\/seo\/ -->\n<title>Fiscal\u00eda General de la Naci\u00f3n<\/title>\n<meta name=\"description\" content=\"P\u00e1gina oficial de la Fiscal\u00eda General de la Naci\u00f3n \u2013 Colombia. Garantizamos el acceso efectivo a la justicia, la verdad y la reparaci\u00f3n de las v\u00edctimas de los delitos.\" \/>\n<meta name=\"robots\" content=\"noindex, follow\" \/>\n<meta property=\"og:locale\" content=\"es_ES\" \/>\n<meta property=\"og:type\" content=\"article\" \/>\n<meta property=\"og:title\" content=\"Fiscal\u00eda General de la Naci\u00f3n\" \/>\n<meta property=\"og:description\" content=\"P\u00e1gina oficial de la Fiscal\u00eda General de la Naci\u00f3n \u2013 Colombia. Garantizamos el acceso efectivo a la justicia, la verdad y la reparaci\u00f3n de las v\u00edctimas de los delitos.\" \/>\n<meta property=\"og:url\" content=\"https:\/\/www.fiscalia.gov.co\/colombia\/noticias\/duro-golpe-a-la-extorsion-a-comerciantes-y-propietarios-de-vehiculos-en-quibdo-choco\/\" \/>\n<meta property=\"og:site_name\" content=\"Fiscal\u00eda General de la Naci\u00f3n\" \/>\n<meta property=\"article:publisher\" content=\"https:\/\/www.facebook.com\/FiscaliaCol\" \/>\n<meta property=\"article:published_time\" content=\"2022-10-04T20:08:42+00:00\" \/>\n<meta property=\"article:modified_time\" content=\"2022-10-14T19:27:24+00:00\" \/>\n<meta property=\"og:image\" content=\"https:\/\/www.fiscalia.gov.co\/colombia\/wp-content\/uploads\/WhatsApp-Image-2022-10-04-at-8.04.43-AM-1024x576.jpeg\" \/>\n<meta name=\"author\" content=\"Jordan Leandro Oviedo Anzola\" \/>\n<meta name=\"twitter:card\" content=\"summary_large_image\" \/>\n<meta name=\"twitter:creator\" content=\"@FiscaliaCol\" \/>\n<meta name=\"twitter:site\" content=\"@FiscaliaCol\" \/>\n<meta name=\"twitter:label1\" content=\"Escrito por\" \/>\n\t<meta name=\"twitter:data1\" content=\"Jordan Leandro Oviedo Anzola\" \/>\n\t<meta name=\"twitter:label2\" content=\"Tiempo de lectura\" \/>\n\t<meta name=\"twitter:data2\" content=\"4 minutos\" \/>\n<script type=\"application\/ld+json\" class=\"yoast-schema-graph\">{\"@context\":\"https:\/\/schema.org\",\"@graph\":[{\"@type\":\"Article\",\"@id\":\"https:\/\/www.fiscalia.gov.co\/colombia\/noticias\/duro-golpe-a-la-extorsion-a-comerciantes-y-propietarios-de-vehiculos-en-quibdo-choco\/#article\",\"isPartOf\":{\"@id\":\"https:\/\/www.fiscalia.gov.co\/colombia\/noticias\/duro-golpe-a-la-extorsion-a-comerciantes-y-propietarios-de-vehiculos-en-quibdo-choco\/\"},\"author\":{\"name\":\"Jordan Leandro Oviedo Anzola\",\"@id\":\"https:\/\/www.fiscalia.gov.co\/colombia\/#\/schema\/person\/bf84402cf293a5393e9c70b111020b24\"},\"headline\":\"Duro golpe a la extorsi\u00f3n a comerciantes y propietarios de veh\u00edculos en Quibd\u00f3 (Choc\u00f3)\",\"datePublished\":\"2022-10-04T20:08:42+00:00\",\"dateModified\":\"2022-10-14T19:27:24+00:00\",\"mainEntityOfPage\":{\"@id\":\"https:\/\/www.fiscalia.gov.co\/colombia\/noticias\/duro-golpe-a-la-extorsion-a-comerciantes-y-propietarios-de-vehiculos-en-quibdo-choco\/\"},\"wordCount\":765,\"publisher\":{\"@id\":\"https:\/\/www.fiscalia.gov.co\/colombia\/#organization\"},\"image\":{\"@id\":\"https:\/\/www.fiscalia.gov.co\/colombia\/noticias\/duro-golpe-a-la-extorsion-a-comerciantes-y-propietarios-de-vehiculos-en-quibdo-choco\/#primaryimage\"},\"thumbnailUrl\":\"https:\/\/www.fiscalia.gov.co\/colombia\/wp-content\/uploads\/WhatsApp-Image-2022-10-04-at-8.04.43-AM-1024x576.jpeg\",\"keywords\":[\"Comerciantes\",\"Extorsi\u00f3n\",\"Fiscal Barbosa\",\"Fiscal\u00eda General de la Naci\u00f3n\",\"QUIBD\u00d3-CHOC\u00d3\"],\"articleSection\":[\"Noticias\",\"Seccional Quibd\u00f3\",\"Seccionales\",\"Seguridad territorial\"],\"inLanguage\":\"es-CO\"},{\"@type\":\"WebPage\",\"@id\":\"https:\/\/www.fiscalia.gov.co\/colombia\/noticias\/duro-golpe-a-la-extorsion-a-comerciantes-y-propietarios-de-vehiculos-en-quibdo-choco\/\",\"url\":\"https:\/\/www.fiscalia.gov.co\/colombia\/noticias\/duro-golpe-a-la-extorsion-a-comerciantes-y-propietarios-de-vehiculos-en-quibdo-choco\/\",\"name\":\"Fiscal\u00eda General de la Naci\u00f3n\",\"isPartOf\":{\"@id\":\"https:\/\/www.fiscalia.gov.co\/colombia\/#website\"},\"primaryImageOfPage\":{\"@id\":\"https:\/\/www.fiscalia.gov.co\/colombia\/noticias\/duro-golpe-a-la-extorsion-a-comerciantes-y-propietarios-de-vehiculos-en-quibdo-choco\/#primaryimage\"},\"image\":{\"@id\":\"https:\/\/www.fiscalia.gov.co\/colombia\/noticias\/duro-golpe-a-la-extorsion-a-comerciantes-y-propietarios-de-vehiculos-en-quibdo-choco\/#primaryimage\"},\"thumbnailUrl\":\"https:\/\/www.fiscalia.gov.co\/colombia\/wp-content\/uploads\/WhatsApp-Image-2022-10-04-at-8.04.43-AM-1024x576.jpeg\",\"datePublished\":\"2022-10-04T20:08:42+00:00\",\"dateModified\":\"2022-10-14T19:27:24+00:00\",\"description\":\"P\u00e1gina oficial de la Fiscal\u00eda General de la Naci\u00f3n \u2013 Colombia. Garantizamos el acceso efectivo a la justicia, la verdad y la reparaci\u00f3n de las v\u00edctimas de los delitos.\",\"breadcrumb\":{\"@id\":\"https:\/\/www.fiscalia.gov.co\/colombia\/noticias\/duro-golpe-a-la-extorsion-a-comerciantes-y-propietarios-de-vehiculos-en-quibdo-choco\/#breadcrumb\"},\"inLanguage\":\"es-CO\",\"potentialAction\":[{\"@type\":\"ReadAction\",\"target\":[\"https:\/\/www.fiscalia.gov.co\/colombia\/noticias\/duro-golpe-a-la-extorsion-a-comerciantes-y-propietarios-de-vehiculos-en-quibdo-choco\/\"]}]},{\"@type\":\"ImageObject\",\"inLanguage\":\"es-CO\",\"@id\":\"https:\/\/www.fiscalia.gov.co\/colombia\/noticias\/duro-golpe-a-la-extorsion-a-comerciantes-y-propietarios-de-vehiculos-en-quibdo-choco\/#primaryimage\",\"url\":\"https:\/\/www.fiscalia.gov.co\/colombia\/wp-content\/uploads\/WhatsApp-Image-2022-10-04-at-8.04.43-AM-1024x576.jpeg\",\"contentUrl\":\"https:\/\/www.fiscalia.gov.co\/colombia\/wp-content\/uploads\/WhatsApp-Image-2022-10-04-at-8.04.43-AM-1024x576.jpeg\"},{\"@type\":\"BreadcrumbList\",\"@id\":\"https:\/\/www.fiscalia.gov.co\/colombia\/noticias\/duro-golpe-a-la-extorsion-a-comerciantes-y-propietarios-de-vehiculos-en-quibdo-choco\/#breadcrumb\",\"itemListElement\":[{\"@type\":\"ListItem\",\"position\":1,\"name\":\"Home\",\"item\":\"https:\/\/www.fiscalia.gov.co\/colombia\/\"},{\"@type\":\"ListItem\",\"position\":2,\"name\":\"Duro golpe a la extorsi\u00f3n a comerciantes y propietarios de veh\u00edculos en Quibd\u00f3 (Choc\u00f3)\"}]},{\"@type\":\"WebSite\",\"@id\":\"https:\/\/www.fiscalia.gov.co\/colombia\/#website\",\"url\":\"https:\/\/www.fiscalia.gov.co\/colombia\/\",\"name\":\"Fiscal\u00eda General de la Naci\u00f3n\",\"description\":\"P\u00e1gina oficial de la Fiscal\u00eda General de la Naci\u00f3n \u2013 Colombia. Garantizamos el acceso efectivo a la justicia, la verdad y la reparaci\u00f3n de las v\u00edctimas de los delitos.\",\"publisher\":{\"@id\":\"https:\/\/www.fiscalia.gov.co\/colombia\/#organization\"},\"potentialAction\":[{\"@type\":\"SearchAction\",\"target\":{\"@type\":\"EntryPoint\",\"urlTemplate\":\"https:\/\/www.fiscalia.gov.co\/colombia\/?s={search_term_string}\"},\"query-input\":{\"@type\":\"PropertyValueSpecification\",\"valueRequired\":true,\"valueName\":\"search_term_string\"}}],\"inLanguage\":\"es-CO\"},{\"@type\":\"Organization\",\"@id\":\"https:\/\/www.fiscalia.gov.co\/colombia\/#organization\",\"name\":\"Fiscal\u00eda General de la Naci\u00f3n\",\"url\":\"https:\/\/www.fiscalia.gov.co\/colombia\/\",\"logo\":{\"@type\":\"ImageObject\",\"inLanguage\":\"es-CO\",\"@id\":\"https:\/\/www.fiscalia.gov.co\/colombia\/#\/schema\/logo\/image\/\",\"url\":\"https:\/\/www.fiscalia.gov.co\/colombia\/wp-content\/uploads\/LogoHorizontal_1.jpg\",\"contentUrl\":\"https:\/\/www.fiscalia.gov.co\/colombia\/wp-content\/uploads\/LogoHorizontal_1.jpg\",\"width\":300,\"height\":90,\"caption\":\"Fiscal\u00eda General de la Naci\u00f3n\"},\"image\":{\"@id\":\"https:\/\/www.fiscalia.gov.co\/colombia\/#\/schema\/logo\/image\/\"},\"sameAs\":[\"https:\/\/www.facebook.com\/FiscaliaCol\",\"https:\/\/x.com\/FiscaliaCol\",\"https:\/\/www.instagram.com\/fiscaliacol\",\"https:\/\/www.linkedin.com\/company\/fiscalia-general-de-la-naci-n\/\",\"https:\/\/youtube.com\/@fiscaliageneraldelanacion-4668?si=6nN79nyQICPU5iTh\"]},{\"@type\":\"Person\",\"@id\":\"https:\/\/www.fiscalia.gov.co\/colombia\/#\/schema\/person\/bf84402cf293a5393e9c70b111020b24\",\"name\":\"Jordan Leandro Oviedo Anzola\",\"image\":{\"@type\":\"ImageObject\",\"inLanguage\":\"es-CO\",\"@id\":\"https:\/\/www.fiscalia.gov.co\/colombia\/#\/schema\/person\/image\/\",\"url\":\"https:\/\/secure.gravatar.com\/avatar\/dabba4346fa9b9207d96adafa8f92721?s=96&d=mm&r=g\",\"contentUrl\":\"https:\/\/secure.gravatar.com\/avatar\/dabba4346fa9b9207d96adafa8f92721?s=96&d=mm&r=g\",\"caption\":\"Jordan Leandro Oviedo Anzola\"},\"url\":\"https:\/\/www.fiscalia.gov.co\/colombia\/author\/joviedo\/\"}]}<\/script>\n<!-- \/ Yoast SEO plugin. -->","yoast_head_json":{"title":"Fiscal\u00eda General de la Naci\u00f3n","description":"P\u00e1gina oficial de la Fiscal\u00eda General de la Naci\u00f3n \u2013 Colombia. Garantizamos el acceso efectivo a la justicia, la verdad y la reparaci\u00f3n de las v\u00edctimas de los delitos.","robots":{"index":"noindex","follow":"follow"},"og_locale":"es_ES","og_type":"article","og_title":"Fiscal\u00eda General de la Naci\u00f3n","og_description":"P\u00e1gina oficial de la Fiscal\u00eda General de la Naci\u00f3n \u2013 Colombia. Garantizamos el acceso efectivo a la justicia, la verdad y la reparaci\u00f3n de las v\u00edctimas de los delitos.","og_url":"https:\/\/www.fiscalia.gov.co\/colombia\/noticias\/duro-golpe-a-la-extorsion-a-comerciantes-y-propietarios-de-vehiculos-en-quibdo-choco\/","og_site_name":"Fiscal\u00eda General de la Naci\u00f3n","article_publisher":"https:\/\/www.facebook.com\/FiscaliaCol","article_published_time":"2022-10-04T20:08:42+00:00","article_modified_time":"2022-10-14T19:27:24+00:00","og_image":[{"url":"https:\/\/www.fiscalia.gov.co\/colombia\/wp-content\/uploads\/WhatsApp-Image-2022-10-04-at-8.04.43-AM-1024x576.jpeg","type":"","width":"","height":""}],"author":"Jordan Leandro Oviedo Anzola","twitter_card":"summary_large_image","twitter_creator":"@FiscaliaCol","twitter_site":"@FiscaliaCol","twitter_misc":{"Escrito por":"Jordan Leandro Oviedo Anzola","Tiempo de lectura":"4 minutos"},"schema":{"@context":"https:\/\/schema.org","@graph":[{"@type":"Article","@id":"https:\/\/www.fiscalia.gov.co\/colombia\/noticias\/duro-golpe-a-la-extorsion-a-comerciantes-y-propietarios-de-vehiculos-en-quibdo-choco\/#article","isPartOf":{"@id":"https:\/\/www.fiscalia.gov.co\/colombia\/noticias\/duro-golpe-a-la-extorsion-a-comerciantes-y-propietarios-de-vehiculos-en-quibdo-choco\/"},"author":{"name":"Jordan Leandro Oviedo Anzola","@id":"https:\/\/www.fiscalia.gov.co\/colombia\/#\/schema\/person\/bf84402cf293a5393e9c70b111020b24"},"headline":"Duro golpe a la extorsi\u00f3n a comerciantes y propietarios de veh\u00edculos en Quibd\u00f3 (Choc\u00f3)","datePublished":"2022-10-04T20:08:42+00:00","dateModified":"2022-10-14T19:27:24+00:00","mainEntityOfPage":{"@id":"https:\/\/www.fiscalia.gov.co\/colombia\/noticias\/duro-golpe-a-la-extorsion-a-comerciantes-y-propietarios-de-vehiculos-en-quibdo-choco\/"},"wordCount":765,"publisher":{"@id":"https:\/\/www.fiscalia.gov.co\/colombia\/#organization"},"image":{"@id":"https:\/\/www.fiscalia.gov.co\/colombia\/noticias\/duro-golpe-a-la-extorsion-a-comerciantes-y-propietarios-de-vehiculos-en-quibdo-choco\/#primaryimage"},"thumbnailUrl":"https:\/\/www.fiscalia.gov.co\/colombia\/wp-content\/uploads\/WhatsApp-Image-2022-10-04-at-8.04.43-AM-1024x576.jpeg","keywords":["Comerciantes","Extorsi\u00f3n","Fiscal Barbosa","Fiscal\u00eda General de la Naci\u00f3n","QUIBD\u00d3-CHOC\u00d3"],"articleSection":["Noticias","Seccional Quibd\u00f3","Seccionales","Seguridad territorial"],"inLanguage":"es-CO"},{"@type":"WebPage","@id":"https:\/\/www.fiscalia.gov.co\/colombia\/noticias\/duro-golpe-a-la-extorsion-a-comerciantes-y-propietarios-de-vehiculos-en-quibdo-choco\/","url":"https:\/\/www.fiscalia.gov.co\/colombia\/noticias\/duro-golpe-a-la-extorsion-a-comerciantes-y-propietarios-de-vehiculos-en-quibdo-choco\/","name":"Fiscal\u00eda General de la Naci\u00f3n","isPartOf":{"@id":"https:\/\/www.fiscalia.gov.co\/colombia\/#website"},"primaryImageOfPage":{"@id":"https:\/\/www.fiscalia.gov.co\/colombia\/noticias\/duro-golpe-a-la-extorsion-a-comerciantes-y-propietarios-de-vehiculos-en-quibdo-choco\/#primaryimage"},"image":{"@id":"https:\/\/www.fiscalia.gov.co\/colombia\/noticias\/duro-golpe-a-la-extorsion-a-comerciantes-y-propietarios-de-vehiculos-en-quibdo-choco\/#primaryimage"},"thumbnailUrl":"https:\/\/www.fiscalia.gov.co\/colombia\/wp-content\/uploads\/WhatsApp-Image-2022-10-04-at-8.04.43-AM-1024x576.jpeg","datePublished":"2022-10-04T20:08:42+00:00","dateModified":"2022-10-14T19:27:24+00:00","description":"P\u00e1gina oficial de la Fiscal\u00eda General de la Naci\u00f3n \u2013 Colombia. Garantizamos el acceso efectivo a la justicia, la verdad y la reparaci\u00f3n de las v\u00edctimas de los delitos.","breadcrumb":{"@id":"https:\/\/www.fiscalia.gov.co\/colombia\/noticias\/duro-golpe-a-la-extorsion-a-comerciantes-y-propietarios-de-vehiculos-en-quibdo-choco\/#breadcrumb"},"inLanguage":"es-CO","potentialAction":[{"@type":"ReadAction","target":["https:\/\/www.fiscalia.gov.co\/colombia\/noticias\/duro-golpe-a-la-extorsion-a-comerciantes-y-propietarios-de-vehiculos-en-quibdo-choco\/"]}]},{"@type":"ImageObject","inLanguage":"es-CO","@id":"https:\/\/www.fiscalia.gov.co\/colombia\/noticias\/duro-golpe-a-la-extorsion-a-comerciantes-y-propietarios-de-vehiculos-en-quibdo-choco\/#primaryimage","url":"https:\/\/www.fiscalia.gov.co\/colombia\/wp-content\/uploads\/WhatsApp-Image-2022-10-04-at-8.04.43-AM-1024x576.jpeg","contentUrl":"https:\/\/www.fiscalia.gov.co\/colombia\/wp-content\/uploads\/WhatsApp-Image-2022-10-04-at-8.04.43-AM-1024x576.jpeg"},{"@type":"BreadcrumbList","@id":"https:\/\/www.fiscalia.gov.co\/colombia\/noticias\/duro-golpe-a-la-extorsion-a-comerciantes-y-propietarios-de-vehiculos-en-quibdo-choco\/#breadcrumb","itemListElement":[{"@type":"ListItem","position":1,"name":"Home","item":"https:\/\/www.fiscalia.gov.co\/colombia\/"},{"@type":"ListItem","position":2,"name":"Duro golpe a la extorsi\u00f3n a comerciantes y propietarios de veh\u00edculos en Quibd\u00f3 (Choc\u00f3)"}]},{"@type":"WebSite","@id":"https:\/\/www.fiscalia.gov.co\/colombia\/#website","url":"https:\/\/www.fiscalia.gov.co\/colombia\/","name":"Fiscal\u00eda General de la Naci\u00f3n","description":"P\u00e1gina oficial de la Fiscal\u00eda General de la Naci\u00f3n \u2013 Colombia. Garantizamos el acceso efectivo a la justicia, la verdad y la reparaci\u00f3n de las v\u00edctimas de los delitos.","publisher":{"@id":"https:\/\/www.fiscalia.gov.co\/colombia\/#organization"},"potentialAction":[{"@type":"SearchAction","target":{"@type":"EntryPoint","urlTemplate":"https:\/\/www.fiscalia.gov.co\/colombia\/?s={search_term_string}"},"query-input":{"@type":"PropertyValueSpecification","valueRequired":true,"valueName":"search_term_string"}}],"inLanguage":"es-CO"},{"@type":"Organization","@id":"https:\/\/www.fiscalia.gov.co\/colombia\/#organization","name":"Fiscal\u00eda General de la Naci\u00f3n","url":"https:\/\/www.fiscalia.gov.co\/colombia\/","logo":{"@type":"ImageObject","inLanguage":"es-CO","@id":"https:\/\/www.fiscalia.gov.co\/colombia\/#\/schema\/logo\/image\/","url":"https:\/\/www.fiscalia.gov.co\/colombia\/wp-content\/uploads\/LogoHorizontal_1.jpg","contentUrl":"https:\/\/www.fiscalia.gov.co\/colombia\/wp-content\/uploads\/LogoHorizontal_1.jpg","width":300,"height":90,"caption":"Fiscal\u00eda General de la Naci\u00f3n"},"image":{"@id":"https:\/\/www.fiscalia.gov.co\/colombia\/#\/schema\/logo\/image\/"},"sameAs":["https:\/\/www.facebook.com\/FiscaliaCol","https:\/\/x.com\/FiscaliaCol","https:\/\/www.instagram.com\/fiscaliacol","https:\/\/www.linkedin.com\/company\/fiscalia-general-de-la-naci-n\/","https:\/\/youtube.com\/@fiscaliageneraldelanacion-4668?si=6nN79nyQICPU5iTh"]},{"@type":"Person","@id":"https:\/\/www.fiscalia.gov.co\/colombia\/#\/schema\/person\/bf84402cf293a5393e9c70b111020b24","name":"Jordan Leandro Oviedo Anzola","image":{"@type":"ImageObject","inLanguage":"es-CO","@id":"https:\/\/www.fiscalia.gov.co\/colombia\/#\/schema\/person\/image\/","url":"https:\/\/secure.gravatar.com\/avatar\/dabba4346fa9b9207d96adafa8f92721?s=96&d=mm&r=g","contentUrl":"https:\/\/secure.gravatar.com\/avatar\/dabba4346fa9b9207d96adafa8f92721?s=96&d=mm&r=g","caption":"Jordan Leandro Oviedo Anzola"},"url":"https:\/\/www.fiscalia.gov.co\/colombia\/author\/joviedo\/"}]}},"_links":{"self":[{"href":"https:\/\/www.fiscalia.gov.co\/colombia\/wp-json\/wp\/v2\/posts\/258568","targetHints":{"allow":["GET"]}}],"collection":[{"href":"https:\/\/www.fiscalia.gov.co\/colombia\/wp-json\/wp\/v2\/posts"}],"about":[{"href":"https:\/\/www.fiscalia.gov.co\/colombia\/wp-json\/wp\/v2\/types\/post"}],"author":[{"embeddable":true,"href":"https:\/\/www.fiscalia.gov.co\/colombia\/wp-json\/wp\/v2\/users\/177"}],"replies":[{"embeddable":true,"href":"https:\/\/www.fiscalia.gov.co\/colombia\/wp-json\/wp\/v2\/comments?post=258568"}],"version-history":[{"count":2,"href":"https:\/\/www.fiscalia.gov.co\/colombia\/wp-json\/wp\/v2\/posts\/258568\/revisions"}],"predecessor-version":[{"id":259315,"href":"https:\/\/www.fiscalia.gov.co\/colombia\/wp-json\/wp\/v2\/posts\/258568\/revisions\/259315"}],"wp:attachment":[{"href":"https:\/\/www.fiscalia.gov.co\/colombia\/wp-json\/wp\/v2\/media?parent=258568"}],"wp:term":[{"taxonomy":"category","embeddable":true,"href":"https:\/\/www.fiscalia.gov.co\/colombia\/wp-json\/wp\/v2\/categories?post=258568"},{"taxonomy":"post_tag","embeddable":true,"href":"https:\/\/www.fiscalia.gov.co\/colombia\/wp-json\/wp\/v2\/tags?post=258568"}],"curies":[{"name":"wp","href":"https:\/\/api.w.org\/{rel}","templated":true}]}}