{"id":258515,"date":"2022-10-04T08:42:47","date_gmt":"2022-10-04T13:42:47","guid":{"rendered":"https:\/\/www.fiscalia.gov.co\/colombia\/?p=258515"},"modified":"2022-10-13T11:16:37","modified_gmt":"2022-10-13T16:16:37","slug":"desarticulada-estructura-narcotraficante-senalada-de-enviar-cargamentos-de-cocaina-por-via-terrestre-rumbo-a-venezuela","status":"publish","type":"post","link":"https:\/\/www.fiscalia.gov.co\/colombia\/noticias\/desarticulada-estructura-narcotraficante-senalada-de-enviar-cargamentos-de-cocaina-por-via-terrestre-rumbo-a-venezuela\/","title":{"rendered":"Desarticulada estructura narcotraficante se\u00f1alada de enviar cargamentos de coca\u00edna por v\u00eda terrestre rumbo a Venezuela"},"content":{"rendered":"<h4><strong><em>Seis presuntos articuladores del andamiaje criminal fueron judicializados. Simult\u00e1neamente, la Fiscal\u00eda ocup\u00f3 con fines de extinci\u00f3n de dominio 27 bienes, avaluados en m\u00e1s de 5.000 millones de pesos, que pertenecer\u00edan a la organizaci\u00f3n ilegal.<\/em><\/strong><\/h4>\n<p>El liderazgo investigativo de la Fiscal\u00eda General de la Naci\u00f3n, a trav\u00e9s de la Direcci\u00f3n Especializada contra el Narcotr\u00e1fico y la Direcci\u00f3n Especializada de Extinci\u00f3n del Derecho de Dominio, y el trabajo articulado con la DIJIN de la Polic\u00eda Nacional y agencias estadounidenses, permitieron impactar a una red ilegal que ser\u00eda la responsable de mover cargamentos de clorhidrato de coca\u00edna entre Norte de Santander y el estado del T\u00e1chira, en Venezuela.<\/p>\n<p>Esta estructura tendr\u00eda nexos con organizaciones criminales que delinquen en la regi\u00f3n para garantizar la salida del estupefaciente desde distintos puntos del Catatumbo. Al parecer, la sustancia era transportada a C\u00facuta y almacenada durante varios d\u00edas hasta completar una cantidad determinada. Posteriormente, era camuflada en veh\u00edculos de carga y trasladada al otro lado de la frontera por trochas y caminos clandestinos.<\/p>\n<p>Seis presuntos integrantes de la organizaci\u00f3n fueron capturados en diligencias de registro y allanamiento realizadas en Villa del Rosario y Los Patios (Norte de Santander).<\/p>\n<p>Entre los detenidos est\u00e1n los se\u00f1alados m\u00e1ximos cabecillas, los hermanos Eduar Jos\u00e9 y Luis Francisco Contreras Caicedo, conocidos como \u2018El Patr\u00f3n\u2019 y \u2018Franklin\u2019, respectivamente. Estos dos hombres ser\u00edan los encargados de conseguir los cargamentos de coca\u00edna y financiar toda la actividad narcotraficante.<\/p>\n<p>Los otros detenidos son: William Jacinto Contreras Buitrago y Yordi Alejandro Rubiano Toloza, presuntos responsables del transporte de los alijos; V\u00edctor Alfonso Sanabria Miranda, alias Macgyver, quien estar\u00eda involucrado en el dise\u00f1o y adaptaci\u00f3n de las caletas; y \u00c1lvaro Enrique Hern\u00e1ndez P\u00e9rez, alias Gordo, se\u00f1alado de controlar los puntos de acopio.<\/p>\n<p>Un fiscal de la Direcci\u00f3n Especializada contra el Narcotr\u00e1fico imput\u00f3 a estas seis personas los delitos de concierto para delinquir; y tr\u00e1fico, fabricaci\u00f3n y porte de estupefacientes agravado. Los procesados deber\u00e1n cumplir medida de aseguramiento privativa de la libertad en centro carcelario.<\/p>\n<p><strong><u>Golpe al patrimonio il\u00edcito<\/u><\/strong><\/p>\n<p>Simult\u00e1neamente al proceso de judicializaci\u00f3n, la Direcci\u00f3n Especializada de Extinci\u00f3n del Derecho de Dominio impuso medidas cautelares de embargo, secuestro, suspensi\u00f3n del poder dispositivo y toma de posesi\u00f3n sobre 27 bienes que pertenecer\u00edan a esta red narcotraficante, y cuyo aval\u00fao supera los 5.000 millones de pesos.<\/p>\n<p>Se trata de 2 establecimientos de comercio, 10 inmuebles urbanos, 1 rural y 14 veh\u00edculos, los cuales fueron ocupados en diligencias realizadas en C\u00facuta, Villa del Rosario y Los Patios (Norte de Santander).<\/p>\n<p>Los activos quedaron a disposici\u00f3n de la Sociedad de Activos Especiales (SAE) para su administraci\u00f3n.<\/p>\n<p>Esta informaci\u00f3n se publica por razones de inter\u00e9s general.<\/p>\n<p><strong>La Fiscal\u00eda habla con resultados.<\/strong><\/p>\n<p>&nbsp;<\/p>\n<p>&nbsp;<\/p>\n<p>&nbsp;<\/p>\n<p>LMBG\/JARG\/DECN\/MRC.<\/p>\n<p>&nbsp;<\/p>\n<p>&nbsp;<\/p>\n<p>&nbsp;<\/p>\n<p>&nbsp;<\/p>\n<p style=\"text-align: center;\"><em>La informaci\u00f3n contenida en este bolet\u00edn de prensa corresponde a la narraci\u00f3n de los hechos noticiosos objetivos, suministrados por los funcionarios encargados de adelantar las investigaciones penales al interior de la Fiscal\u00eda General de la Naci\u00f3n. Para el momento de la divulgaci\u00f3n de este comunicado, la situaci\u00f3n jur\u00eddica de la(s) persona(s) relacionada(s) se encuentra pendiente de resolver por la autoridad judicial competente, siempre bajo los preceptos de la presunci\u00f3n de inocencia, consagrados en el art\u00edculo 29 de la Constituci\u00f3n Pol\u00edtica y el art\u00edculo 7\u00ba de la Ley 906 de 2004.\u00a0<\/em><\/p>\n<p>&nbsp;<\/p>\n\n<div class=\"twitter-share\"><a href=\"https:\/\/twitter.com\/intent\/tweet?via=fiscaliacol\" class=\"twitter-share-button\">Tweet<\/a><\/div>\n","protected":false},"excerpt":{"rendered":"<p>Seis presuntos articuladores del andamiaje criminal fueron judicializados. Simult\u00e1neamente, la Fiscal\u00eda ocup\u00f3 con fines de extinci\u00f3n de dominio 27 bienes, avaluados en m\u00e1s de 5.000 millones de pesos, que pertenecer\u00edan [&hellip;]<\/p>\n","protected":false},"author":177,"featured_media":259189,"comment_status":"closed","ping_status":"open","sticky":false,"template":"","format":"video","meta":{"tdm_status":"","tdm_grid_status":"","footnotes":""},"categories":[24115,1],"tags":[19,24185,1047,148,6838],"class_list":["post-258515","post","type-post","status-publish","format-video","has-post-thumbnail","category-narcotrafico","category-noticias","tag-cocaina","tag-fiscal-barbosa","tag-fiscalia-general-de-la-nacion","tag-narcotrafico","tag-venezuela","post_format-post-format-video"],"yoast_head":"<!-- This site is optimized with the Yoast SEO plugin v24.3 - https:\/\/yoast.com\/wordpress\/plugins\/seo\/ -->\n<title>Fiscal\u00eda General de la Naci\u00f3n<\/title>\n<meta name=\"description\" content=\"P\u00e1gina oficial de la Fiscal\u00eda General de la Naci\u00f3n \u2013 Colombia. Garantizamos el acceso efectivo a la justicia, la verdad y la reparaci\u00f3n de las v\u00edctimas de los delitos.\" \/>\n<meta name=\"robots\" content=\"noindex, follow\" \/>\n<meta property=\"og:locale\" content=\"es_ES\" \/>\n<meta property=\"og:type\" content=\"article\" \/>\n<meta property=\"og:title\" content=\"Fiscal\u00eda General de la Naci\u00f3n\" \/>\n<meta property=\"og:description\" content=\"P\u00e1gina oficial de la Fiscal\u00eda General de la Naci\u00f3n \u2013 Colombia. Garantizamos el acceso efectivo a la justicia, la verdad y la reparaci\u00f3n de las v\u00edctimas de los delitos.\" \/>\n<meta property=\"og:url\" content=\"https:\/\/www.fiscalia.gov.co\/colombia\/noticias\/desarticulada-estructura-narcotraficante-senalada-de-enviar-cargamentos-de-cocaina-por-via-terrestre-rumbo-a-venezuela\/\" \/>\n<meta property=\"og:site_name\" content=\"Fiscal\u00eda General de la Naci\u00f3n\" \/>\n<meta property=\"article:publisher\" content=\"https:\/\/www.facebook.com\/FiscaliaCol\" \/>\n<meta property=\"article:published_time\" content=\"2022-10-04T13:42:47+00:00\" \/>\n<meta property=\"article:modified_time\" content=\"2022-10-13T16:16:37+00:00\" \/>\n<meta property=\"og:image\" content=\"https:\/\/www.fiscalia.gov.co\/colombia\/wp-content\/uploads\/maxresdefault-730.jpg\" \/>\n\t<meta property=\"og:image:width\" content=\"1280\" \/>\n\t<meta property=\"og:image:height\" content=\"720\" \/>\n\t<meta property=\"og:image:type\" content=\"image\/jpeg\" \/>\n<meta name=\"author\" content=\"Jordan Leandro Oviedo Anzola\" \/>\n<meta name=\"twitter:card\" content=\"summary_large_image\" \/>\n<meta name=\"twitter:creator\" content=\"@FiscaliaCol\" \/>\n<meta name=\"twitter:site\" content=\"@FiscaliaCol\" \/>\n<meta name=\"twitter:label1\" content=\"Escrito por\" \/>\n\t<meta name=\"twitter:data1\" content=\"Jordan Leandro Oviedo Anzola\" \/>\n\t<meta name=\"twitter:label2\" content=\"Tiempo de lectura\" \/>\n\t<meta name=\"twitter:data2\" content=\"3 minutos\" \/>\n<script type=\"application\/ld+json\" class=\"yoast-schema-graph\">{\"@context\":\"https:\/\/schema.org\",\"@graph\":[{\"@type\":\"Article\",\"@id\":\"https:\/\/www.fiscalia.gov.co\/colombia\/noticias\/desarticulada-estructura-narcotraficante-senalada-de-enviar-cargamentos-de-cocaina-por-via-terrestre-rumbo-a-venezuela\/#article\",\"isPartOf\":{\"@id\":\"https:\/\/www.fiscalia.gov.co\/colombia\/noticias\/desarticulada-estructura-narcotraficante-senalada-de-enviar-cargamentos-de-cocaina-por-via-terrestre-rumbo-a-venezuela\/\"},\"author\":{\"name\":\"Jordan Leandro Oviedo Anzola\",\"@id\":\"https:\/\/www.fiscalia.gov.co\/colombia\/#\/schema\/person\/bf84402cf293a5393e9c70b111020b24\"},\"headline\":\"Desarticulada estructura narcotraficante se\u00f1alada de enviar cargamentos de coca\u00edna por v\u00eda terrestre rumbo a Venezuela\",\"datePublished\":\"2022-10-04T13:42:47+00:00\",\"dateModified\":\"2022-10-13T16:16:37+00:00\",\"mainEntityOfPage\":{\"@id\":\"https:\/\/www.fiscalia.gov.co\/colombia\/noticias\/desarticulada-estructura-narcotraficante-senalada-de-enviar-cargamentos-de-cocaina-por-via-terrestre-rumbo-a-venezuela\/\"},\"wordCount\":619,\"publisher\":{\"@id\":\"https:\/\/www.fiscalia.gov.co\/colombia\/#organization\"},\"image\":{\"@id\":\"https:\/\/www.fiscalia.gov.co\/colombia\/noticias\/desarticulada-estructura-narcotraficante-senalada-de-enviar-cargamentos-de-cocaina-por-via-terrestre-rumbo-a-venezuela\/#primaryimage\"},\"thumbnailUrl\":\"https:\/\/www.fiscalia.gov.co\/colombia\/wp-content\/uploads\/maxresdefault-730.jpg\",\"keywords\":[\"Coca\u00edna\",\"Fiscal Barbosa\",\"Fiscal\u00eda General de la Naci\u00f3n\",\"Narcotr\u00e1fico\",\"Venezuela\"],\"articleSection\":[\"Narcotr\u00e1fico\",\"Noticias\"],\"inLanguage\":\"es-CO\"},{\"@type\":\"WebPage\",\"@id\":\"https:\/\/www.fiscalia.gov.co\/colombia\/noticias\/desarticulada-estructura-narcotraficante-senalada-de-enviar-cargamentos-de-cocaina-por-via-terrestre-rumbo-a-venezuela\/\",\"url\":\"https:\/\/www.fiscalia.gov.co\/colombia\/noticias\/desarticulada-estructura-narcotraficante-senalada-de-enviar-cargamentos-de-cocaina-por-via-terrestre-rumbo-a-venezuela\/\",\"name\":\"Fiscal\u00eda General de la Naci\u00f3n\",\"isPartOf\":{\"@id\":\"https:\/\/www.fiscalia.gov.co\/colombia\/#website\"},\"primaryImageOfPage\":{\"@id\":\"https:\/\/www.fiscalia.gov.co\/colombia\/noticias\/desarticulada-estructura-narcotraficante-senalada-de-enviar-cargamentos-de-cocaina-por-via-terrestre-rumbo-a-venezuela\/#primaryimage\"},\"image\":{\"@id\":\"https:\/\/www.fiscalia.gov.co\/colombia\/noticias\/desarticulada-estructura-narcotraficante-senalada-de-enviar-cargamentos-de-cocaina-por-via-terrestre-rumbo-a-venezuela\/#primaryimage\"},\"thumbnailUrl\":\"https:\/\/www.fiscalia.gov.co\/colombia\/wp-content\/uploads\/maxresdefault-730.jpg\",\"datePublished\":\"2022-10-04T13:42:47+00:00\",\"dateModified\":\"2022-10-13T16:16:37+00:00\",\"description\":\"P\u00e1gina oficial de la Fiscal\u00eda General de la Naci\u00f3n \u2013 Colombia. Garantizamos el acceso efectivo a la justicia, la verdad y la reparaci\u00f3n de las v\u00edctimas de los delitos.\",\"breadcrumb\":{\"@id\":\"https:\/\/www.fiscalia.gov.co\/colombia\/noticias\/desarticulada-estructura-narcotraficante-senalada-de-enviar-cargamentos-de-cocaina-por-via-terrestre-rumbo-a-venezuela\/#breadcrumb\"},\"inLanguage\":\"es-CO\",\"potentialAction\":[{\"@type\":\"ReadAction\",\"target\":[\"https:\/\/www.fiscalia.gov.co\/colombia\/noticias\/desarticulada-estructura-narcotraficante-senalada-de-enviar-cargamentos-de-cocaina-por-via-terrestre-rumbo-a-venezuela\/\"]}]},{\"@type\":\"ImageObject\",\"inLanguage\":\"es-CO\",\"@id\":\"https:\/\/www.fiscalia.gov.co\/colombia\/noticias\/desarticulada-estructura-narcotraficante-senalada-de-enviar-cargamentos-de-cocaina-por-via-terrestre-rumbo-a-venezuela\/#primaryimage\",\"url\":\"https:\/\/www.fiscalia.gov.co\/colombia\/wp-content\/uploads\/maxresdefault-730.jpg\",\"contentUrl\":\"https:\/\/www.fiscalia.gov.co\/colombia\/wp-content\/uploads\/maxresdefault-730.jpg\",\"width\":1280,\"height\":720},{\"@type\":\"BreadcrumbList\",\"@id\":\"https:\/\/www.fiscalia.gov.co\/colombia\/noticias\/desarticulada-estructura-narcotraficante-senalada-de-enviar-cargamentos-de-cocaina-por-via-terrestre-rumbo-a-venezuela\/#breadcrumb\",\"itemListElement\":[{\"@type\":\"ListItem\",\"position\":1,\"name\":\"Home\",\"item\":\"https:\/\/www.fiscalia.gov.co\/colombia\/\"},{\"@type\":\"ListItem\",\"position\":2,\"name\":\"Desarticulada estructura narcotraficante se\u00f1alada de enviar cargamentos de coca\u00edna por v\u00eda terrestre rumbo a Venezuela\"}]},{\"@type\":\"WebSite\",\"@id\":\"https:\/\/www.fiscalia.gov.co\/colombia\/#website\",\"url\":\"https:\/\/www.fiscalia.gov.co\/colombia\/\",\"name\":\"Fiscal\u00eda General de la Naci\u00f3n\",\"description\":\"P\u00e1gina oficial de la Fiscal\u00eda General de la Naci\u00f3n \u2013 Colombia. Garantizamos el acceso efectivo a la justicia, la verdad y la reparaci\u00f3n de las v\u00edctimas de los delitos.\",\"publisher\":{\"@id\":\"https:\/\/www.fiscalia.gov.co\/colombia\/#organization\"},\"potentialAction\":[{\"@type\":\"SearchAction\",\"target\":{\"@type\":\"EntryPoint\",\"urlTemplate\":\"https:\/\/www.fiscalia.gov.co\/colombia\/?s={search_term_string}\"},\"query-input\":{\"@type\":\"PropertyValueSpecification\",\"valueRequired\":true,\"valueName\":\"search_term_string\"}}],\"inLanguage\":\"es-CO\"},{\"@type\":\"Organization\",\"@id\":\"https:\/\/www.fiscalia.gov.co\/colombia\/#organization\",\"name\":\"Fiscal\u00eda General de la Naci\u00f3n\",\"url\":\"https:\/\/www.fiscalia.gov.co\/colombia\/\",\"logo\":{\"@type\":\"ImageObject\",\"inLanguage\":\"es-CO\",\"@id\":\"https:\/\/www.fiscalia.gov.co\/colombia\/#\/schema\/logo\/image\/\",\"url\":\"https:\/\/www.fiscalia.gov.co\/colombia\/wp-content\/uploads\/LogoHorizontal_1.jpg\",\"contentUrl\":\"https:\/\/www.fiscalia.gov.co\/colombia\/wp-content\/uploads\/LogoHorizontal_1.jpg\",\"width\":300,\"height\":90,\"caption\":\"Fiscal\u00eda General de la Naci\u00f3n\"},\"image\":{\"@id\":\"https:\/\/www.fiscalia.gov.co\/colombia\/#\/schema\/logo\/image\/\"},\"sameAs\":[\"https:\/\/www.facebook.com\/FiscaliaCol\",\"https:\/\/x.com\/FiscaliaCol\",\"https:\/\/www.instagram.com\/fiscaliacol\",\"https:\/\/www.linkedin.com\/company\/fiscalia-general-de-la-naci-n\/\",\"https:\/\/youtube.com\/@fiscaliageneraldelanacion-4668?si=6nN79nyQICPU5iTh\"]},{\"@type\":\"Person\",\"@id\":\"https:\/\/www.fiscalia.gov.co\/colombia\/#\/schema\/person\/bf84402cf293a5393e9c70b111020b24\",\"name\":\"Jordan Leandro Oviedo Anzola\",\"image\":{\"@type\":\"ImageObject\",\"inLanguage\":\"es-CO\",\"@id\":\"https:\/\/www.fiscalia.gov.co\/colombia\/#\/schema\/person\/image\/\",\"url\":\"https:\/\/secure.gravatar.com\/avatar\/dabba4346fa9b9207d96adafa8f92721?s=96&d=mm&r=g\",\"contentUrl\":\"https:\/\/secure.gravatar.com\/avatar\/dabba4346fa9b9207d96adafa8f92721?s=96&d=mm&r=g\",\"caption\":\"Jordan Leandro Oviedo Anzola\"},\"url\":\"https:\/\/www.fiscalia.gov.co\/colombia\/author\/joviedo\/\"}]}<\/script>\n<!-- \/ Yoast SEO plugin. -->","yoast_head_json":{"title":"Fiscal\u00eda General de la Naci\u00f3n","description":"P\u00e1gina oficial de la Fiscal\u00eda General de la Naci\u00f3n \u2013 Colombia. Garantizamos el acceso efectivo a la justicia, la verdad y la reparaci\u00f3n de las v\u00edctimas de los delitos.","robots":{"index":"noindex","follow":"follow"},"og_locale":"es_ES","og_type":"article","og_title":"Fiscal\u00eda General de la Naci\u00f3n","og_description":"P\u00e1gina oficial de la Fiscal\u00eda General de la Naci\u00f3n \u2013 Colombia. Garantizamos el acceso efectivo a la justicia, la verdad y la reparaci\u00f3n de las v\u00edctimas de los delitos.","og_url":"https:\/\/www.fiscalia.gov.co\/colombia\/noticias\/desarticulada-estructura-narcotraficante-senalada-de-enviar-cargamentos-de-cocaina-por-via-terrestre-rumbo-a-venezuela\/","og_site_name":"Fiscal\u00eda General de la Naci\u00f3n","article_publisher":"https:\/\/www.facebook.com\/FiscaliaCol","article_published_time":"2022-10-04T13:42:47+00:00","article_modified_time":"2022-10-13T16:16:37+00:00","og_image":[{"width":1280,"height":720,"url":"https:\/\/www.fiscalia.gov.co\/colombia\/wp-content\/uploads\/maxresdefault-730.jpg","type":"image\/jpeg"}],"author":"Jordan Leandro Oviedo Anzola","twitter_card":"summary_large_image","twitter_creator":"@FiscaliaCol","twitter_site":"@FiscaliaCol","twitter_misc":{"Escrito por":"Jordan Leandro Oviedo Anzola","Tiempo de lectura":"3 minutos"},"schema":{"@context":"https:\/\/schema.org","@graph":[{"@type":"Article","@id":"https:\/\/www.fiscalia.gov.co\/colombia\/noticias\/desarticulada-estructura-narcotraficante-senalada-de-enviar-cargamentos-de-cocaina-por-via-terrestre-rumbo-a-venezuela\/#article","isPartOf":{"@id":"https:\/\/www.fiscalia.gov.co\/colombia\/noticias\/desarticulada-estructura-narcotraficante-senalada-de-enviar-cargamentos-de-cocaina-por-via-terrestre-rumbo-a-venezuela\/"},"author":{"name":"Jordan Leandro Oviedo Anzola","@id":"https:\/\/www.fiscalia.gov.co\/colombia\/#\/schema\/person\/bf84402cf293a5393e9c70b111020b24"},"headline":"Desarticulada estructura narcotraficante se\u00f1alada de enviar cargamentos de coca\u00edna por v\u00eda terrestre rumbo a Venezuela","datePublished":"2022-10-04T13:42:47+00:00","dateModified":"2022-10-13T16:16:37+00:00","mainEntityOfPage":{"@id":"https:\/\/www.fiscalia.gov.co\/colombia\/noticias\/desarticulada-estructura-narcotraficante-senalada-de-enviar-cargamentos-de-cocaina-por-via-terrestre-rumbo-a-venezuela\/"},"wordCount":619,"publisher":{"@id":"https:\/\/www.fiscalia.gov.co\/colombia\/#organization"},"image":{"@id":"https:\/\/www.fiscalia.gov.co\/colombia\/noticias\/desarticulada-estructura-narcotraficante-senalada-de-enviar-cargamentos-de-cocaina-por-via-terrestre-rumbo-a-venezuela\/#primaryimage"},"thumbnailUrl":"https:\/\/www.fiscalia.gov.co\/colombia\/wp-content\/uploads\/maxresdefault-730.jpg","keywords":["Coca\u00edna","Fiscal Barbosa","Fiscal\u00eda General de la Naci\u00f3n","Narcotr\u00e1fico","Venezuela"],"articleSection":["Narcotr\u00e1fico","Noticias"],"inLanguage":"es-CO"},{"@type":"WebPage","@id":"https:\/\/www.fiscalia.gov.co\/colombia\/noticias\/desarticulada-estructura-narcotraficante-senalada-de-enviar-cargamentos-de-cocaina-por-via-terrestre-rumbo-a-venezuela\/","url":"https:\/\/www.fiscalia.gov.co\/colombia\/noticias\/desarticulada-estructura-narcotraficante-senalada-de-enviar-cargamentos-de-cocaina-por-via-terrestre-rumbo-a-venezuela\/","name":"Fiscal\u00eda General de la Naci\u00f3n","isPartOf":{"@id":"https:\/\/www.fiscalia.gov.co\/colombia\/#website"},"primaryImageOfPage":{"@id":"https:\/\/www.fiscalia.gov.co\/colombia\/noticias\/desarticulada-estructura-narcotraficante-senalada-de-enviar-cargamentos-de-cocaina-por-via-terrestre-rumbo-a-venezuela\/#primaryimage"},"image":{"@id":"https:\/\/www.fiscalia.gov.co\/colombia\/noticias\/desarticulada-estructura-narcotraficante-senalada-de-enviar-cargamentos-de-cocaina-por-via-terrestre-rumbo-a-venezuela\/#primaryimage"},"thumbnailUrl":"https:\/\/www.fiscalia.gov.co\/colombia\/wp-content\/uploads\/maxresdefault-730.jpg","datePublished":"2022-10-04T13:42:47+00:00","dateModified":"2022-10-13T16:16:37+00:00","description":"P\u00e1gina oficial de la Fiscal\u00eda General de la Naci\u00f3n \u2013 Colombia. Garantizamos el acceso efectivo a la justicia, la verdad y la reparaci\u00f3n de las v\u00edctimas de los delitos.","breadcrumb":{"@id":"https:\/\/www.fiscalia.gov.co\/colombia\/noticias\/desarticulada-estructura-narcotraficante-senalada-de-enviar-cargamentos-de-cocaina-por-via-terrestre-rumbo-a-venezuela\/#breadcrumb"},"inLanguage":"es-CO","potentialAction":[{"@type":"ReadAction","target":["https:\/\/www.fiscalia.gov.co\/colombia\/noticias\/desarticulada-estructura-narcotraficante-senalada-de-enviar-cargamentos-de-cocaina-por-via-terrestre-rumbo-a-venezuela\/"]}]},{"@type":"ImageObject","inLanguage":"es-CO","@id":"https:\/\/www.fiscalia.gov.co\/colombia\/noticias\/desarticulada-estructura-narcotraficante-senalada-de-enviar-cargamentos-de-cocaina-por-via-terrestre-rumbo-a-venezuela\/#primaryimage","url":"https:\/\/www.fiscalia.gov.co\/colombia\/wp-content\/uploads\/maxresdefault-730.jpg","contentUrl":"https:\/\/www.fiscalia.gov.co\/colombia\/wp-content\/uploads\/maxresdefault-730.jpg","width":1280,"height":720},{"@type":"BreadcrumbList","@id":"https:\/\/www.fiscalia.gov.co\/colombia\/noticias\/desarticulada-estructura-narcotraficante-senalada-de-enviar-cargamentos-de-cocaina-por-via-terrestre-rumbo-a-venezuela\/#breadcrumb","itemListElement":[{"@type":"ListItem","position":1,"name":"Home","item":"https:\/\/www.fiscalia.gov.co\/colombia\/"},{"@type":"ListItem","position":2,"name":"Desarticulada estructura narcotraficante se\u00f1alada de enviar cargamentos de coca\u00edna por v\u00eda terrestre rumbo a Venezuela"}]},{"@type":"WebSite","@id":"https:\/\/www.fiscalia.gov.co\/colombia\/#website","url":"https:\/\/www.fiscalia.gov.co\/colombia\/","name":"Fiscal\u00eda General de la Naci\u00f3n","description":"P\u00e1gina oficial de la Fiscal\u00eda General de la Naci\u00f3n \u2013 Colombia. Garantizamos el acceso efectivo a la justicia, la verdad y la reparaci\u00f3n de las v\u00edctimas de los delitos.","publisher":{"@id":"https:\/\/www.fiscalia.gov.co\/colombia\/#organization"},"potentialAction":[{"@type":"SearchAction","target":{"@type":"EntryPoint","urlTemplate":"https:\/\/www.fiscalia.gov.co\/colombia\/?s={search_term_string}"},"query-input":{"@type":"PropertyValueSpecification","valueRequired":true,"valueName":"search_term_string"}}],"inLanguage":"es-CO"},{"@type":"Organization","@id":"https:\/\/www.fiscalia.gov.co\/colombia\/#organization","name":"Fiscal\u00eda General de la Naci\u00f3n","url":"https:\/\/www.fiscalia.gov.co\/colombia\/","logo":{"@type":"ImageObject","inLanguage":"es-CO","@id":"https:\/\/www.fiscalia.gov.co\/colombia\/#\/schema\/logo\/image\/","url":"https:\/\/www.fiscalia.gov.co\/colombia\/wp-content\/uploads\/LogoHorizontal_1.jpg","contentUrl":"https:\/\/www.fiscalia.gov.co\/colombia\/wp-content\/uploads\/LogoHorizontal_1.jpg","width":300,"height":90,"caption":"Fiscal\u00eda General de la Naci\u00f3n"},"image":{"@id":"https:\/\/www.fiscalia.gov.co\/colombia\/#\/schema\/logo\/image\/"},"sameAs":["https:\/\/www.facebook.com\/FiscaliaCol","https:\/\/x.com\/FiscaliaCol","https:\/\/www.instagram.com\/fiscaliacol","https:\/\/www.linkedin.com\/company\/fiscalia-general-de-la-naci-n\/","https:\/\/youtube.com\/@fiscaliageneraldelanacion-4668?si=6nN79nyQICPU5iTh"]},{"@type":"Person","@id":"https:\/\/www.fiscalia.gov.co\/colombia\/#\/schema\/person\/bf84402cf293a5393e9c70b111020b24","name":"Jordan Leandro Oviedo Anzola","image":{"@type":"ImageObject","inLanguage":"es-CO","@id":"https:\/\/www.fiscalia.gov.co\/colombia\/#\/schema\/person\/image\/","url":"https:\/\/secure.gravatar.com\/avatar\/dabba4346fa9b9207d96adafa8f92721?s=96&d=mm&r=g","contentUrl":"https:\/\/secure.gravatar.com\/avatar\/dabba4346fa9b9207d96adafa8f92721?s=96&d=mm&r=g","caption":"Jordan Leandro Oviedo Anzola"},"url":"https:\/\/www.fiscalia.gov.co\/colombia\/author\/joviedo\/"}]}},"_links":{"self":[{"href":"https:\/\/www.fiscalia.gov.co\/colombia\/wp-json\/wp\/v2\/posts\/258515","targetHints":{"allow":["GET"]}}],"collection":[{"href":"https:\/\/www.fiscalia.gov.co\/colombia\/wp-json\/wp\/v2\/posts"}],"about":[{"href":"https:\/\/www.fiscalia.gov.co\/colombia\/wp-json\/wp\/v2\/types\/post"}],"author":[{"embeddable":true,"href":"https:\/\/www.fiscalia.gov.co\/colombia\/wp-json\/wp\/v2\/users\/177"}],"replies":[{"embeddable":true,"href":"https:\/\/www.fiscalia.gov.co\/colombia\/wp-json\/wp\/v2\/comments?post=258515"}],"version-history":[{"count":3,"href":"https:\/\/www.fiscalia.gov.co\/colombia\/wp-json\/wp\/v2\/posts\/258515\/revisions"}],"predecessor-version":[{"id":258517,"href":"https:\/\/www.fiscalia.gov.co\/colombia\/wp-json\/wp\/v2\/posts\/258515\/revisions\/258517"}],"wp:featuredmedia":[{"embeddable":true,"href":"https:\/\/www.fiscalia.gov.co\/colombia\/wp-json\/wp\/v2\/media\/259189"}],"wp:attachment":[{"href":"https:\/\/www.fiscalia.gov.co\/colombia\/wp-json\/wp\/v2\/media?parent=258515"}],"wp:term":[{"taxonomy":"category","embeddable":true,"href":"https:\/\/www.fiscalia.gov.co\/colombia\/wp-json\/wp\/v2\/categories?post=258515"},{"taxonomy":"post_tag","embeddable":true,"href":"https:\/\/www.fiscalia.gov.co\/colombia\/wp-json\/wp\/v2\/tags?post=258515"}],"curies":[{"name":"wp","href":"https:\/\/api.w.org\/{rel}","templated":true}]}}