{"id":258456,"date":"2022-10-03T12:16:21","date_gmt":"2022-10-03T17:16:21","guid":{"rendered":"https:\/\/www.fiscalia.gov.co\/colombia\/?p=258456"},"modified":"2022-10-03T12:16:21","modified_gmt":"2022-10-03T17:16:21","slug":"a-la-carcel-4-presuntos-miembros-de-los-shottas-que-estarian-extorsionando-a-comerciantes-en-buenaventura","status":"publish","type":"post","link":"https:\/\/www.fiscalia.gov.co\/colombia\/noticias\/a-la-carcel-4-presuntos-miembros-de-los-shottas-que-estarian-extorsionando-a-comerciantes-en-buenaventura\/","title":{"rendered":"A la c\u00e1rcel 4 presuntos miembros de Los Shottas que estar\u00edan extorsionando a comerciantes en Buenaventura"},"content":{"rendered":"<p style=\"font-weight: 400;\">Los cuatro presuntos integrantes de la facci\u00f3n Los\u00a0<a href=\"https:\/\/www.fiscalia.gov.co\/colombia\/noticias\/asegurados-4-presuntos-miembros-de-la-banda-delictiva-la-local-los-chotas-por-porte-ilegal-de-armas-y-trafico-de-estupefacientes\/\" data-saferedirecturl=\"https:\/\/www.google.com\/url?q=https:\/\/www.fiscalia.gov.co\/colombia\/noticias\/asegurados-4-presuntos-miembros-de-la-banda-delictiva-la-local-los-chotas-por-porte-ilegal-de-armas-y-trafico-de-estupefacientes\/&amp;source=gmail&amp;ust=1664903331514000&amp;usg=AOvVaw2yN4ahs3pIxXTjMJ_RenoZ\">Shottas<\/a>, de la banda La Local, fueron privados de la libertad por un juez penal de Buenaventura (Valle del Cauca), luego de que la Fiscal\u00eda los imputara como presuntos coautores de los delitos de los concierto para delinquir agravado y\u00a0<a href=\"https:\/\/www.fiscalia.gov.co\/colombia\/noticias\/medida-de-aseguramiento-en-contra-de-tres-personas-que-integrarian-los-rebuscadores-vinculadas-al-parecer-con-extorsiones\/\" data-saferedirecturl=\"https:\/\/www.google.com\/url?q=https:\/\/www.fiscalia.gov.co\/colombia\/noticias\/medida-de-aseguramiento-en-contra-de-tres-personas-que-integrarian-los-rebuscadores-vinculadas-al-parecer-con-extorsiones\/&amp;source=gmail&amp;ust=1664903331514000&amp;usg=AOvVaw07UZ8XsiKr8RBe56Qnvb44\">extorsi\u00f3n<\/a>\u00a0agravada en concurso sucesivo.<\/p>\n<figure id=\"attachment_258457\" aria-describedby=\"caption-attachment-258457\" style=\"width: 696px\" class=\"wp-caption aligncenter\"><img loading=\"lazy\" decoding=\"async\" class=\"wp-image-258457 size-large\" src=\"https:\/\/www.fiscalia.gov.co\/colombia\/wp-content\/uploads\/IMG-20221003-WA0036-1024x574.jpg\" alt=\"En las fotograf\u00edas aparecen los 4 presuntos miembros de la banda Los Shottas junto a agentes de la Polic\u00eda Nacional. En la parte posterior se ve un banner de la Polic\u00eda Nacional. \" width=\"696\" height=\"390\" srcset=\"https:\/\/www.fiscalia.gov.co\/colombia\/wp-content\/uploads\/IMG-20221003-WA0036-1024x574.jpg 1024w, https:\/\/www.fiscalia.gov.co\/colombia\/wp-content\/uploads\/IMG-20221003-WA0036-300x168.jpg 300w, https:\/\/www.fiscalia.gov.co\/colombia\/wp-content\/uploads\/IMG-20221003-WA0036-768x431.jpg 768w, https:\/\/www.fiscalia.gov.co\/colombia\/wp-content\/uploads\/IMG-20221003-WA0036-696x390.jpg 696w, https:\/\/www.fiscalia.gov.co\/colombia\/wp-content\/uploads\/IMG-20221003-WA0036-1068x599.jpg 1068w, https:\/\/www.fiscalia.gov.co\/colombia\/wp-content\/uploads\/IMG-20221003-WA0036-749x420.jpg 749w, https:\/\/www.fiscalia.gov.co\/colombia\/wp-content\/uploads\/IMG-20221003-WA0036.jpg 1280w\" sizes=\"auto, (max-width: 696px) 100vw, 696px\" \/><figcaption id=\"caption-attachment-258457\" class=\"wp-caption-text\">Cuatro presuntos integrantes de la facci\u00f3n Los Shottas, de la banda La Local, a quienes la Fiscal\u00eda los imput\u00f3 por los delitos de concierto para delinquir y extorsi\u00f3n en Buenaventura (Valle del Cauca). H\u00e9ctor de Jes\u00fas Orta Gonz\u00e1lez, alias El Veneco, y Carlos Humberto Hinestroza, alias Yunta<\/figcaption><\/figure>\n<p style=\"font-weight: 400;\">De acuerdo con la investigaci\u00f3n, H\u00e9ctor de Jes\u00fas Orta Gonz\u00e1lez, alias El Veneco, Carlos Humberto Hinestroza, alias Yunta, Yeiner Andr\u00e9s G\u00f3mez Castillo, alias El Cholo, y Jos\u00e9 Miguel V\u00e1squez Bastidas, alias El Negro, presuntamente delinqu\u00edan en el barrio La Independencia, Comuna 9 de este puerto sobre el Pac\u00edfico.<\/p>\n<figure id=\"attachment_258458\" aria-describedby=\"caption-attachment-258458\" style=\"width: 696px\" class=\"wp-caption aligncenter\"><img loading=\"lazy\" decoding=\"async\" class=\"wp-image-258458 size-large\" src=\"https:\/\/www.fiscalia.gov.co\/colombia\/wp-content\/uploads\/IMG-20221003-WA0037-1024x901.jpg\" alt=\"En las fotograf\u00edas aparecen los 4 presuntos miembros de la banda Los Shottas junto a agentes de la Polic\u00eda Nacional. En la parte posterior se ve un banner de la Polic\u00eda Nacional. \" width=\"696\" height=\"612\" srcset=\"https:\/\/www.fiscalia.gov.co\/colombia\/wp-content\/uploads\/IMG-20221003-WA0037-1024x901.jpg 1024w, https:\/\/www.fiscalia.gov.co\/colombia\/wp-content\/uploads\/IMG-20221003-WA0037-300x264.jpg 300w, https:\/\/www.fiscalia.gov.co\/colombia\/wp-content\/uploads\/IMG-20221003-WA0037-768x676.jpg 768w, https:\/\/www.fiscalia.gov.co\/colombia\/wp-content\/uploads\/IMG-20221003-WA0037-696x613.jpg 696w, https:\/\/www.fiscalia.gov.co\/colombia\/wp-content\/uploads\/IMG-20221003-WA0037-1068x940.jpg 1068w, https:\/\/www.fiscalia.gov.co\/colombia\/wp-content\/uploads\/IMG-20221003-WA0037-477x420.jpg 477w, https:\/\/www.fiscalia.gov.co\/colombia\/wp-content\/uploads\/IMG-20221003-WA0037.jpg 1218w\" sizes=\"auto, (max-width: 696px) 100vw, 696px\" \/><figcaption id=\"caption-attachment-258458\" class=\"wp-caption-text\">Cuatro presuntos integrantes de la facci\u00f3n Los Shottas, de la banda La Local, a quienes la Fiscal\u00eda los imput\u00f3 por los delitos de concierto para delinquir y extorsi\u00f3n en Buenaventura (Valle del Cauca). Jos\u00e9 Miguel V\u00e1squez Bastidas alias El negro<\/figcaption><\/figure>\n<p style=\"font-weight: 400;\">Los cuatro asegurados les habr\u00edan impuesto a los comerciantes del barrio el pago de una cuota mensual entre $100.000 y $600.000 para garantizarles seguridad contra la facci\u00f3n rival Los Espartanos, bajo la amenaza de atentados contra los locales, los familiares de los propietarios y empleados.<\/p>\n<figure id=\"attachment_258459\" aria-describedby=\"caption-attachment-258459\" style=\"width: 696px\" class=\"wp-caption aligncenter\"><img loading=\"lazy\" decoding=\"async\" class=\"wp-image-258459 size-large\" src=\"https:\/\/www.fiscalia.gov.co\/colombia\/wp-content\/uploads\/IMG-20221003-WA0038-1024x576.jpg\" alt=\"En las fotograf\u00edas aparecen los 4 presuntos miembros de la banda Los Shottas junto a agentes de la Polic\u00eda Nacional. En la parte posterior se ve un banner de la Polic\u00eda Nacional. \" width=\"696\" height=\"392\" srcset=\"https:\/\/www.fiscalia.gov.co\/colombia\/wp-content\/uploads\/IMG-20221003-WA0038-1024x576.jpg 1024w, https:\/\/www.fiscalia.gov.co\/colombia\/wp-content\/uploads\/IMG-20221003-WA0038-300x169.jpg 300w, https:\/\/www.fiscalia.gov.co\/colombia\/wp-content\/uploads\/IMG-20221003-WA0038-768x432.jpg 768w, https:\/\/www.fiscalia.gov.co\/colombia\/wp-content\/uploads\/IMG-20221003-WA0038-696x392.jpg 696w, https:\/\/www.fiscalia.gov.co\/colombia\/wp-content\/uploads\/IMG-20221003-WA0038-1068x601.jpg 1068w, https:\/\/www.fiscalia.gov.co\/colombia\/wp-content\/uploads\/IMG-20221003-WA0038-747x420.jpg 747w, https:\/\/www.fiscalia.gov.co\/colombia\/wp-content\/uploads\/IMG-20221003-WA0038.jpg 1280w\" sizes=\"auto, (max-width: 696px) 100vw, 696px\" \/><figcaption id=\"caption-attachment-258459\" class=\"wp-caption-text\">Cuatro presuntos integrantes de la facci\u00f3n Los Shottas, de la banda La Local, a quienes la Fiscal\u00eda los imput\u00f3 por los delitos de concierto para delinquir y extorsi\u00f3n en Buenaventura (Valle del Cauca). Yeiner Andr\u00e9s G\u00f3mez Castillo, alias El Cholo<\/figcaption><\/figure>\n<p style=\"font-weight: 400;\">Luego de las denuncias presentadas por varios comerciantes, los cuatro sujetos fueron capturados por agentes del Gaula de la Polic\u00eda durante operativos realizados en la Comuna 9, cumpliendo \u00f3rdenes emitidas por un juez penal del puerto.<\/p>\n<p style=\"font-weight: 400;\">Esta informaci\u00f3n se publica por razones de inter\u00e9s general.<\/p>\n<p style=\"font-weight: 400;\"><strong>La Fiscal\u00eda habla con resultados.\u00a0<\/strong><\/p>\n<p>&nbsp;<\/p>\n<p>&nbsp;<\/p>\n<p>&nbsp;<\/p>\n<p>&nbsp;<\/p>\n<p style=\"font-weight: 400;\">JGP\/CFG\/FV\/DSV<\/p>\n<p>&nbsp;<\/p>\n<p>&nbsp;<\/p>\n<p>&nbsp;<\/p>\n<div class=\"td-post-content tagdiv-type\">\n<div class=\"td-post-content tagdiv-type\">\n<div class=\"td-post-content tagdiv-type\">\n<div class=\"td-post-content tagdiv-type\">\n<div class=\"td-post-content tagdiv-type\">\n<div class=\"td-post-content tagdiv-type\">\n<div class=\"td-post-content tagdiv-type\">\n<div class=\"td-post-content tagdiv-type\">\n<div class=\"td-post-content tagdiv-type\">\n<div class=\"td-post-content tagdiv-type\">\n<div class=\"td-post-content tagdiv-type\">\n<div class=\"td-post-content tagdiv-type\">\n<p><em>La informaci\u00f3n contenida en este bolet\u00edn de prensa corresponde a la narraci\u00f3n de los hechos noticiosos objetivos, suministrados por los funcionarios encargados de adelantar las investigaciones penales al interior de la Fiscal\u00eda General de la Naci\u00f3n. Para el momento de la divulgaci\u00f3n de este comunicado, la situaci\u00f3n jur\u00eddica de la(s) persona(s) relacionada(s) se encuentra pendiente de resolver por la autoridad judicial competente, siempre bajo los preceptos de la presunci\u00f3n de inocencia, consagrados en el art\u00edculo 29 de la Constituci\u00f3n Pol\u00edtica y el art\u00edculo 7\u00ba de la Ley 906 de 2004.\u00a0<\/em><\/p>\n<\/div>\n<\/div>\n<\/div>\n<\/div>\n<\/div>\n<\/div>\n<\/div>\n<\/div>\n<\/div>\n<\/div>\n<\/div>\n<\/div>\n<p>&nbsp;<\/p>\n\n<div class=\"twitter-share\"><a href=\"https:\/\/twitter.com\/intent\/tweet?via=fiscaliacol\" class=\"twitter-share-button\">Tweet<\/a><\/div>\n","protected":false},"excerpt":{"rendered":"<p>Los cuatro presuntos integrantes de la facci\u00f3n Los\u00a0Shottas, de la banda La Local, fueron privados de la libertad por un juez penal de Buenaventura (Valle del Cauca), luego de que la Fiscal\u00eda los imputara como presuntos coautores de los delitos de los concierto para delinquir agravado y\u00a0extorsi\u00f3n\u00a0agravada en concurso sucesivo. De acuerdo con la investigaci\u00f3n, [&hellip;]<\/p>\n","protected":false},"author":177,"featured_media":0,"comment_status":"closed","ping_status":"open","sticky":false,"template":"","format":"standard","meta":{"_price":"","_stock":"","_tribe_ticket_header":"","_tribe_default_ticket_provider":"","_tribe_ticket_capacity":"0","_ticket_start_date":"","_ticket_end_date":"","_tribe_ticket_show_description":"","_tribe_ticket_show_not_going":false,"_tribe_ticket_use_global_stock":"","_tribe_ticket_global_stock_level":"","_global_stock_mode":"","_global_stock_cap":"","_tribe_rsvp_for_event":"","_tribe_ticket_going_count":"","_tribe_ticket_not_going_count":"","_tribe_tickets_list":"[]","_tribe_ticket_has_attendee_info_fields":false,"tdm_status":"","tdm_grid_status":"","footnotes":""},"categories":[1,324,303,24099],"tags":[24020,871,33026,24481,1047,33025],"class_list":{"0":"post-258456","1":"post","2":"type-post","3":"status-publish","4":"format-standard","6":"category-noticias","7":"category-seccional-cali","8":"category-seccionales","9":"category-seguridad-territorial","10":"tag-buenaventura-valle-del-cauca","11":"tag-extorion","12":"tag-fiscal-general-francisco-barbosa-delgado-8","13":"tag-fiscalia-de-colombia","14":"tag-fiscalia-general-de-la-nacion","15":"tag-shottas"},"yoast_head":"<!-- This site is optimized with the Yoast SEO plugin v24.3 - https:\/\/yoast.com\/wordpress\/plugins\/seo\/ -->\n<title>Fiscal\u00eda General de la Naci\u00f3n<\/title>\n<meta name=\"description\" content=\"P\u00e1gina oficial de la Fiscal\u00eda General de la Naci\u00f3n \u2013 Colombia. Garantizamos el acceso efectivo a la justicia, la verdad y la reparaci\u00f3n de las v\u00edctimas de los delitos.\" \/>\n<meta name=\"robots\" content=\"noindex, follow\" \/>\n<meta property=\"og:locale\" content=\"es_ES\" \/>\n<meta property=\"og:type\" content=\"article\" \/>\n<meta property=\"og:title\" content=\"Fiscal\u00eda General de la Naci\u00f3n\" \/>\n<meta property=\"og:description\" content=\"P\u00e1gina oficial de la Fiscal\u00eda General de la Naci\u00f3n \u2013 Colombia. Garantizamos el acceso efectivo a la justicia, la verdad y la reparaci\u00f3n de las v\u00edctimas de los delitos.\" \/>\n<meta property=\"og:url\" content=\"https:\/\/www.fiscalia.gov.co\/colombia\/noticias\/a-la-carcel-4-presuntos-miembros-de-los-shottas-que-estarian-extorsionando-a-comerciantes-en-buenaventura\/\" \/>\n<meta property=\"og:site_name\" content=\"Fiscal\u00eda General de la Naci\u00f3n\" \/>\n<meta property=\"article:publisher\" content=\"https:\/\/www.facebook.com\/FiscaliaCol\" \/>\n<meta property=\"article:published_time\" content=\"2022-10-03T17:16:21+00:00\" \/>\n<meta property=\"og:image\" content=\"https:\/\/www.fiscalia.gov.co\/colombia\/wp-content\/uploads\/IMG-20221003-WA0036-1024x574.jpg\" \/>\n<meta name=\"author\" content=\"Jordan Leandro Oviedo Anzola\" \/>\n<meta name=\"twitter:card\" content=\"summary_large_image\" \/>\n<meta name=\"twitter:creator\" content=\"@FiscaliaCol\" \/>\n<meta name=\"twitter:site\" content=\"@FiscaliaCol\" \/>\n<meta name=\"twitter:label1\" content=\"Escrito por\" \/>\n\t<meta name=\"twitter:data1\" content=\"Jordan Leandro Oviedo Anzola\" \/>\n\t<meta name=\"twitter:label2\" content=\"Tiempo de lectura\" \/>\n\t<meta name=\"twitter:data2\" content=\"2 minutos\" \/>\n<script type=\"application\/ld+json\" class=\"yoast-schema-graph\">{\"@context\":\"https:\/\/schema.org\",\"@graph\":[{\"@type\":\"Article\",\"@id\":\"https:\/\/www.fiscalia.gov.co\/colombia\/noticias\/a-la-carcel-4-presuntos-miembros-de-los-shottas-que-estarian-extorsionando-a-comerciantes-en-buenaventura\/#article\",\"isPartOf\":{\"@id\":\"https:\/\/www.fiscalia.gov.co\/colombia\/noticias\/a-la-carcel-4-presuntos-miembros-de-los-shottas-que-estarian-extorsionando-a-comerciantes-en-buenaventura\/\"},\"author\":{\"name\":\"Jordan Leandro Oviedo Anzola\",\"@id\":\"https:\/\/www.fiscalia.gov.co\/colombia\/#\/schema\/person\/bf84402cf293a5393e9c70b111020b24\"},\"headline\":\"A la c\u00e1rcel 4 presuntos miembros de Los Shottas que estar\u00edan extorsionando a comerciantes en Buenaventura\",\"datePublished\":\"2022-10-03T17:16:21+00:00\",\"dateModified\":\"2022-10-03T17:16:21+00:00\",\"mainEntityOfPage\":{\"@id\":\"https:\/\/www.fiscalia.gov.co\/colombia\/noticias\/a-la-carcel-4-presuntos-miembros-de-los-shottas-que-estarian-extorsionando-a-comerciantes-en-buenaventura\/\"},\"wordCount\":504,\"publisher\":{\"@id\":\"https:\/\/www.fiscalia.gov.co\/colombia\/#organization\"},\"image\":{\"@id\":\"https:\/\/www.fiscalia.gov.co\/colombia\/noticias\/a-la-carcel-4-presuntos-miembros-de-los-shottas-que-estarian-extorsionando-a-comerciantes-en-buenaventura\/#primaryimage\"},\"thumbnailUrl\":\"https:\/\/www.fiscalia.gov.co\/colombia\/wp-content\/uploads\/IMG-20221003-WA0036-1024x574.jpg\",\"keywords\":[\"Buenaventura (Valle del Cauca)\",\"Extorsi\u00f3n\",\"Fiscal General Francisco Barbosa Delgado\u00a08\",\"Fiscal\u00eda de Colombia\",\"Fiscal\u00eda General de la Naci\u00f3n\",\"Shottas\"],\"articleSection\":[\"Noticias\",\"Seccional Cali\",\"Seccionales\",\"Seguridad territorial\"],\"inLanguage\":\"es-CO\"},{\"@type\":\"WebPage\",\"@id\":\"https:\/\/www.fiscalia.gov.co\/colombia\/noticias\/a-la-carcel-4-presuntos-miembros-de-los-shottas-que-estarian-extorsionando-a-comerciantes-en-buenaventura\/\",\"url\":\"https:\/\/www.fiscalia.gov.co\/colombia\/noticias\/a-la-carcel-4-presuntos-miembros-de-los-shottas-que-estarian-extorsionando-a-comerciantes-en-buenaventura\/\",\"name\":\"Fiscal\u00eda General de la Naci\u00f3n\",\"isPartOf\":{\"@id\":\"https:\/\/www.fiscalia.gov.co\/colombia\/#website\"},\"primaryImageOfPage\":{\"@id\":\"https:\/\/www.fiscalia.gov.co\/colombia\/noticias\/a-la-carcel-4-presuntos-miembros-de-los-shottas-que-estarian-extorsionando-a-comerciantes-en-buenaventura\/#primaryimage\"},\"image\":{\"@id\":\"https:\/\/www.fiscalia.gov.co\/colombia\/noticias\/a-la-carcel-4-presuntos-miembros-de-los-shottas-que-estarian-extorsionando-a-comerciantes-en-buenaventura\/#primaryimage\"},\"thumbnailUrl\":\"https:\/\/www.fiscalia.gov.co\/colombia\/wp-content\/uploads\/IMG-20221003-WA0036-1024x574.jpg\",\"datePublished\":\"2022-10-03T17:16:21+00:00\",\"dateModified\":\"2022-10-03T17:16:21+00:00\",\"description\":\"P\u00e1gina oficial de la Fiscal\u00eda General de la Naci\u00f3n \u2013 Colombia. Garantizamos el acceso efectivo a la justicia, la verdad y la reparaci\u00f3n de las v\u00edctimas de los delitos.\",\"breadcrumb\":{\"@id\":\"https:\/\/www.fiscalia.gov.co\/colombia\/noticias\/a-la-carcel-4-presuntos-miembros-de-los-shottas-que-estarian-extorsionando-a-comerciantes-en-buenaventura\/#breadcrumb\"},\"inLanguage\":\"es-CO\",\"potentialAction\":[{\"@type\":\"ReadAction\",\"target\":[\"https:\/\/www.fiscalia.gov.co\/colombia\/noticias\/a-la-carcel-4-presuntos-miembros-de-los-shottas-que-estarian-extorsionando-a-comerciantes-en-buenaventura\/\"]}]},{\"@type\":\"ImageObject\",\"inLanguage\":\"es-CO\",\"@id\":\"https:\/\/www.fiscalia.gov.co\/colombia\/noticias\/a-la-carcel-4-presuntos-miembros-de-los-shottas-que-estarian-extorsionando-a-comerciantes-en-buenaventura\/#primaryimage\",\"url\":\"https:\/\/www.fiscalia.gov.co\/colombia\/wp-content\/uploads\/IMG-20221003-WA0036.jpg\",\"contentUrl\":\"https:\/\/www.fiscalia.gov.co\/colombia\/wp-content\/uploads\/IMG-20221003-WA0036.jpg\",\"width\":1280,\"height\":718,\"caption\":\"Cuatro presuntos integrantes de la facci\u00f3n Los Shottas, de la banda La Local, a quienes la Fiscal\u00eda los imput\u00f3 por los delitos de concierto para delinquir y extorsi\u00f3n en Buenaventura (Valle del Cauca). H\u00e9ctor de Jes\u00fas Orta Gonz\u00e1lez, alias El Veneco, y Carlos Humberto Hinestroza, alias Yunta\"},{\"@type\":\"BreadcrumbList\",\"@id\":\"https:\/\/www.fiscalia.gov.co\/colombia\/noticias\/a-la-carcel-4-presuntos-miembros-de-los-shottas-que-estarian-extorsionando-a-comerciantes-en-buenaventura\/#breadcrumb\",\"itemListElement\":[{\"@type\":\"ListItem\",\"position\":1,\"name\":\"Home\",\"item\":\"https:\/\/www.fiscalia.gov.co\/colombia\/\"},{\"@type\":\"ListItem\",\"position\":2,\"name\":\"A la c\u00e1rcel 4 presuntos miembros de Los Shottas que estar\u00edan extorsionando a comerciantes en Buenaventura\"}]},{\"@type\":\"WebSite\",\"@id\":\"https:\/\/www.fiscalia.gov.co\/colombia\/#website\",\"url\":\"https:\/\/www.fiscalia.gov.co\/colombia\/\",\"name\":\"Fiscal\u00eda General de la Naci\u00f3n\",\"description\":\"P\u00e1gina oficial de la Fiscal\u00eda General de la Naci\u00f3n \u2013 Colombia. Garantizamos el acceso efectivo a la justicia, la verdad y la reparaci\u00f3n de las v\u00edctimas de los delitos.\",\"publisher\":{\"@id\":\"https:\/\/www.fiscalia.gov.co\/colombia\/#organization\"},\"potentialAction\":[{\"@type\":\"SearchAction\",\"target\":{\"@type\":\"EntryPoint\",\"urlTemplate\":\"https:\/\/www.fiscalia.gov.co\/colombia\/?s={search_term_string}\"},\"query-input\":{\"@type\":\"PropertyValueSpecification\",\"valueRequired\":true,\"valueName\":\"search_term_string\"}}],\"inLanguage\":\"es-CO\"},{\"@type\":\"Organization\",\"@id\":\"https:\/\/www.fiscalia.gov.co\/colombia\/#organization\",\"name\":\"Fiscal\u00eda General de la Naci\u00f3n\",\"url\":\"https:\/\/www.fiscalia.gov.co\/colombia\/\",\"logo\":{\"@type\":\"ImageObject\",\"inLanguage\":\"es-CO\",\"@id\":\"https:\/\/www.fiscalia.gov.co\/colombia\/#\/schema\/logo\/image\/\",\"url\":\"https:\/\/www.fiscalia.gov.co\/colombia\/wp-content\/uploads\/LogoHorizontal_1.jpg\",\"contentUrl\":\"https:\/\/www.fiscalia.gov.co\/colombia\/wp-content\/uploads\/LogoHorizontal_1.jpg\",\"width\":300,\"height\":90,\"caption\":\"Fiscal\u00eda General de la Naci\u00f3n\"},\"image\":{\"@id\":\"https:\/\/www.fiscalia.gov.co\/colombia\/#\/schema\/logo\/image\/\"},\"sameAs\":[\"https:\/\/www.facebook.com\/FiscaliaCol\",\"https:\/\/x.com\/FiscaliaCol\",\"https:\/\/www.instagram.com\/fiscaliacol\",\"https:\/\/www.linkedin.com\/company\/fiscalia-general-de-la-naci-n\/\",\"https:\/\/youtube.com\/@fiscaliageneraldelanacion-4668?si=6nN79nyQICPU5iTh\"]},{\"@type\":\"Person\",\"@id\":\"https:\/\/www.fiscalia.gov.co\/colombia\/#\/schema\/person\/bf84402cf293a5393e9c70b111020b24\",\"name\":\"Jordan Leandro Oviedo Anzola\",\"image\":{\"@type\":\"ImageObject\",\"inLanguage\":\"es-CO\",\"@id\":\"https:\/\/www.fiscalia.gov.co\/colombia\/#\/schema\/person\/image\/\",\"url\":\"https:\/\/secure.gravatar.com\/avatar\/dabba4346fa9b9207d96adafa8f92721?s=96&d=mm&r=g\",\"contentUrl\":\"https:\/\/secure.gravatar.com\/avatar\/dabba4346fa9b9207d96adafa8f92721?s=96&d=mm&r=g\",\"caption\":\"Jordan Leandro Oviedo Anzola\"},\"url\":\"https:\/\/www.fiscalia.gov.co\/colombia\/author\/joviedo\/\"}]}<\/script>\n<!-- \/ Yoast SEO plugin. -->","yoast_head_json":{"title":"Fiscal\u00eda General de la Naci\u00f3n","description":"P\u00e1gina oficial de la Fiscal\u00eda General de la Naci\u00f3n \u2013 Colombia. Garantizamos el acceso efectivo a la justicia, la verdad y la reparaci\u00f3n de las v\u00edctimas de los delitos.","robots":{"index":"noindex","follow":"follow"},"og_locale":"es_ES","og_type":"article","og_title":"Fiscal\u00eda General de la Naci\u00f3n","og_description":"P\u00e1gina oficial de la Fiscal\u00eda General de la Naci\u00f3n \u2013 Colombia. Garantizamos el acceso efectivo a la justicia, la verdad y la reparaci\u00f3n de las v\u00edctimas de los delitos.","og_url":"https:\/\/www.fiscalia.gov.co\/colombia\/noticias\/a-la-carcel-4-presuntos-miembros-de-los-shottas-que-estarian-extorsionando-a-comerciantes-en-buenaventura\/","og_site_name":"Fiscal\u00eda General de la Naci\u00f3n","article_publisher":"https:\/\/www.facebook.com\/FiscaliaCol","article_published_time":"2022-10-03T17:16:21+00:00","og_image":[{"url":"https:\/\/www.fiscalia.gov.co\/colombia\/wp-content\/uploads\/IMG-20221003-WA0036-1024x574.jpg","type":"","width":"","height":""}],"author":"Jordan Leandro Oviedo Anzola","twitter_card":"summary_large_image","twitter_creator":"@FiscaliaCol","twitter_site":"@FiscaliaCol","twitter_misc":{"Escrito por":"Jordan Leandro Oviedo Anzola","Tiempo de lectura":"2 minutos"},"schema":{"@context":"https:\/\/schema.org","@graph":[{"@type":"Article","@id":"https:\/\/www.fiscalia.gov.co\/colombia\/noticias\/a-la-carcel-4-presuntos-miembros-de-los-shottas-que-estarian-extorsionando-a-comerciantes-en-buenaventura\/#article","isPartOf":{"@id":"https:\/\/www.fiscalia.gov.co\/colombia\/noticias\/a-la-carcel-4-presuntos-miembros-de-los-shottas-que-estarian-extorsionando-a-comerciantes-en-buenaventura\/"},"author":{"name":"Jordan Leandro Oviedo Anzola","@id":"https:\/\/www.fiscalia.gov.co\/colombia\/#\/schema\/person\/bf84402cf293a5393e9c70b111020b24"},"headline":"A la c\u00e1rcel 4 presuntos miembros de Los Shottas que estar\u00edan extorsionando a comerciantes en Buenaventura","datePublished":"2022-10-03T17:16:21+00:00","dateModified":"2022-10-03T17:16:21+00:00","mainEntityOfPage":{"@id":"https:\/\/www.fiscalia.gov.co\/colombia\/noticias\/a-la-carcel-4-presuntos-miembros-de-los-shottas-que-estarian-extorsionando-a-comerciantes-en-buenaventura\/"},"wordCount":504,"publisher":{"@id":"https:\/\/www.fiscalia.gov.co\/colombia\/#organization"},"image":{"@id":"https:\/\/www.fiscalia.gov.co\/colombia\/noticias\/a-la-carcel-4-presuntos-miembros-de-los-shottas-que-estarian-extorsionando-a-comerciantes-en-buenaventura\/#primaryimage"},"thumbnailUrl":"https:\/\/www.fiscalia.gov.co\/colombia\/wp-content\/uploads\/IMG-20221003-WA0036-1024x574.jpg","keywords":["Buenaventura (Valle del Cauca)","Extorsi\u00f3n","Fiscal General Francisco Barbosa Delgado\u00a08","Fiscal\u00eda de Colombia","Fiscal\u00eda General de la Naci\u00f3n","Shottas"],"articleSection":["Noticias","Seccional Cali","Seccionales","Seguridad territorial"],"inLanguage":"es-CO"},{"@type":"WebPage","@id":"https:\/\/www.fiscalia.gov.co\/colombia\/noticias\/a-la-carcel-4-presuntos-miembros-de-los-shottas-que-estarian-extorsionando-a-comerciantes-en-buenaventura\/","url":"https:\/\/www.fiscalia.gov.co\/colombia\/noticias\/a-la-carcel-4-presuntos-miembros-de-los-shottas-que-estarian-extorsionando-a-comerciantes-en-buenaventura\/","name":"Fiscal\u00eda General de la Naci\u00f3n","isPartOf":{"@id":"https:\/\/www.fiscalia.gov.co\/colombia\/#website"},"primaryImageOfPage":{"@id":"https:\/\/www.fiscalia.gov.co\/colombia\/noticias\/a-la-carcel-4-presuntos-miembros-de-los-shottas-que-estarian-extorsionando-a-comerciantes-en-buenaventura\/#primaryimage"},"image":{"@id":"https:\/\/www.fiscalia.gov.co\/colombia\/noticias\/a-la-carcel-4-presuntos-miembros-de-los-shottas-que-estarian-extorsionando-a-comerciantes-en-buenaventura\/#primaryimage"},"thumbnailUrl":"https:\/\/www.fiscalia.gov.co\/colombia\/wp-content\/uploads\/IMG-20221003-WA0036-1024x574.jpg","datePublished":"2022-10-03T17:16:21+00:00","dateModified":"2022-10-03T17:16:21+00:00","description":"P\u00e1gina oficial de la Fiscal\u00eda General de la Naci\u00f3n \u2013 Colombia. Garantizamos el acceso efectivo a la justicia, la verdad y la reparaci\u00f3n de las v\u00edctimas de los delitos.","breadcrumb":{"@id":"https:\/\/www.fiscalia.gov.co\/colombia\/noticias\/a-la-carcel-4-presuntos-miembros-de-los-shottas-que-estarian-extorsionando-a-comerciantes-en-buenaventura\/#breadcrumb"},"inLanguage":"es-CO","potentialAction":[{"@type":"ReadAction","target":["https:\/\/www.fiscalia.gov.co\/colombia\/noticias\/a-la-carcel-4-presuntos-miembros-de-los-shottas-que-estarian-extorsionando-a-comerciantes-en-buenaventura\/"]}]},{"@type":"ImageObject","inLanguage":"es-CO","@id":"https:\/\/www.fiscalia.gov.co\/colombia\/noticias\/a-la-carcel-4-presuntos-miembros-de-los-shottas-que-estarian-extorsionando-a-comerciantes-en-buenaventura\/#primaryimage","url":"https:\/\/www.fiscalia.gov.co\/colombia\/wp-content\/uploads\/IMG-20221003-WA0036.jpg","contentUrl":"https:\/\/www.fiscalia.gov.co\/colombia\/wp-content\/uploads\/IMG-20221003-WA0036.jpg","width":1280,"height":718,"caption":"Cuatro presuntos integrantes de la facci\u00f3n Los Shottas, de la banda La Local, a quienes la Fiscal\u00eda los imput\u00f3 por los delitos de concierto para delinquir y extorsi\u00f3n en Buenaventura (Valle del Cauca). H\u00e9ctor de Jes\u00fas Orta Gonz\u00e1lez, alias El Veneco, y Carlos Humberto Hinestroza, alias Yunta"},{"@type":"BreadcrumbList","@id":"https:\/\/www.fiscalia.gov.co\/colombia\/noticias\/a-la-carcel-4-presuntos-miembros-de-los-shottas-que-estarian-extorsionando-a-comerciantes-en-buenaventura\/#breadcrumb","itemListElement":[{"@type":"ListItem","position":1,"name":"Home","item":"https:\/\/www.fiscalia.gov.co\/colombia\/"},{"@type":"ListItem","position":2,"name":"A la c\u00e1rcel 4 presuntos miembros de Los Shottas que estar\u00edan extorsionando a comerciantes en Buenaventura"}]},{"@type":"WebSite","@id":"https:\/\/www.fiscalia.gov.co\/colombia\/#website","url":"https:\/\/www.fiscalia.gov.co\/colombia\/","name":"Fiscal\u00eda General de la Naci\u00f3n","description":"P\u00e1gina oficial de la Fiscal\u00eda General de la Naci\u00f3n \u2013 Colombia. Garantizamos el acceso efectivo a la justicia, la verdad y la reparaci\u00f3n de las v\u00edctimas de los delitos.","publisher":{"@id":"https:\/\/www.fiscalia.gov.co\/colombia\/#organization"},"potentialAction":[{"@type":"SearchAction","target":{"@type":"EntryPoint","urlTemplate":"https:\/\/www.fiscalia.gov.co\/colombia\/?s={search_term_string}"},"query-input":{"@type":"PropertyValueSpecification","valueRequired":true,"valueName":"search_term_string"}}],"inLanguage":"es-CO"},{"@type":"Organization","@id":"https:\/\/www.fiscalia.gov.co\/colombia\/#organization","name":"Fiscal\u00eda General de la Naci\u00f3n","url":"https:\/\/www.fiscalia.gov.co\/colombia\/","logo":{"@type":"ImageObject","inLanguage":"es-CO","@id":"https:\/\/www.fiscalia.gov.co\/colombia\/#\/schema\/logo\/image\/","url":"https:\/\/www.fiscalia.gov.co\/colombia\/wp-content\/uploads\/LogoHorizontal_1.jpg","contentUrl":"https:\/\/www.fiscalia.gov.co\/colombia\/wp-content\/uploads\/LogoHorizontal_1.jpg","width":300,"height":90,"caption":"Fiscal\u00eda General de la Naci\u00f3n"},"image":{"@id":"https:\/\/www.fiscalia.gov.co\/colombia\/#\/schema\/logo\/image\/"},"sameAs":["https:\/\/www.facebook.com\/FiscaliaCol","https:\/\/x.com\/FiscaliaCol","https:\/\/www.instagram.com\/fiscaliacol","https:\/\/www.linkedin.com\/company\/fiscalia-general-de-la-naci-n\/","https:\/\/youtube.com\/@fiscaliageneraldelanacion-4668?si=6nN79nyQICPU5iTh"]},{"@type":"Person","@id":"https:\/\/www.fiscalia.gov.co\/colombia\/#\/schema\/person\/bf84402cf293a5393e9c70b111020b24","name":"Jordan Leandro Oviedo Anzola","image":{"@type":"ImageObject","inLanguage":"es-CO","@id":"https:\/\/www.fiscalia.gov.co\/colombia\/#\/schema\/person\/image\/","url":"https:\/\/secure.gravatar.com\/avatar\/dabba4346fa9b9207d96adafa8f92721?s=96&d=mm&r=g","contentUrl":"https:\/\/secure.gravatar.com\/avatar\/dabba4346fa9b9207d96adafa8f92721?s=96&d=mm&r=g","caption":"Jordan Leandro Oviedo Anzola"},"url":"https:\/\/www.fiscalia.gov.co\/colombia\/author\/joviedo\/"}]}},"_links":{"self":[{"href":"https:\/\/www.fiscalia.gov.co\/colombia\/wp-json\/wp\/v2\/posts\/258456","targetHints":{"allow":["GET"]}}],"collection":[{"href":"https:\/\/www.fiscalia.gov.co\/colombia\/wp-json\/wp\/v2\/posts"}],"about":[{"href":"https:\/\/www.fiscalia.gov.co\/colombia\/wp-json\/wp\/v2\/types\/post"}],"author":[{"embeddable":true,"href":"https:\/\/www.fiscalia.gov.co\/colombia\/wp-json\/wp\/v2\/users\/177"}],"replies":[{"embeddable":true,"href":"https:\/\/www.fiscalia.gov.co\/colombia\/wp-json\/wp\/v2\/comments?post=258456"}],"version-history":[{"count":2,"href":"https:\/\/www.fiscalia.gov.co\/colombia\/wp-json\/wp\/v2\/posts\/258456\/revisions"}],"predecessor-version":[{"id":258461,"href":"https:\/\/www.fiscalia.gov.co\/colombia\/wp-json\/wp\/v2\/posts\/258456\/revisions\/258461"}],"wp:attachment":[{"href":"https:\/\/www.fiscalia.gov.co\/colombia\/wp-json\/wp\/v2\/media?parent=258456"}],"wp:term":[{"taxonomy":"category","embeddable":true,"href":"https:\/\/www.fiscalia.gov.co\/colombia\/wp-json\/wp\/v2\/categories?post=258456"},{"taxonomy":"post_tag","embeddable":true,"href":"https:\/\/www.fiscalia.gov.co\/colombia\/wp-json\/wp\/v2\/tags?post=258456"}],"curies":[{"name":"wp","href":"https:\/\/api.w.org\/{rel}","templated":true}]}}