{"id":258371,"date":"2022-09-30T16:16:48","date_gmt":"2022-09-30T21:16:48","guid":{"rendered":"https:\/\/www.fiscalia.gov.co\/colombia\/?p=258371"},"modified":"2022-09-30T16:16:48","modified_gmt":"2022-09-30T21:16:48","slug":"medida-de-aseguramiento-en-contra-de-tres-personas-que-integrarian-los-rebuscadores-vinculadas-al-parecer-con-extorsiones","status":"publish","type":"post","link":"https:\/\/www.fiscalia.gov.co\/colombia\/noticias\/medida-de-aseguramiento-en-contra-de-tres-personas-que-integrarian-los-rebuscadores-vinculadas-al-parecer-con-extorsiones\/","title":{"rendered":"Medida de aseguramiento en contra de tres personas que integrar\u00edan \u2018Los Rebuscadores\u2019 vinculadas al parecer con extorsiones\u00a0"},"content":{"rendered":"<p>Como presuntos responsables del delito de extorsi\u00f3n agravada, la Fiscal\u00eda judicializ\u00f3 a<strong>\u00a0<\/strong>Carlos Nicolay Sarmiento Herrera, Flor Alba Moreno Rodr\u00edguez y Leidy Catherine Moreno Rodr\u00edguez, quienes haci\u00e9ndose pasar por funcionarios p\u00fablicos estar\u00edan extorsionando a personas en Puerto As\u00eds (Putumayo).<\/p>\n<figure id=\"attachment_258372\" aria-describedby=\"caption-attachment-258372\" style=\"width: 1280px\" class=\"wp-caption aligncenter\"><img loading=\"lazy\" decoding=\"async\" class=\"size-full wp-image-258372\" src=\"https:\/\/www.fiscalia.gov.co\/colombia\/wp-content\/uploads\/Flor-Alba-Moreno-Rodriguez-y-Leidy-Catherine-Moreno-Rodriguez.jpeg\" alt=\"En la fotograf\u00eda aparecen dos capturadas, junto a personal de CTI y Ej\u00e9rcito Nacional. En la parte posterior de la imagen se ven banners de Ej\u00e9rcito Nacional y la Fiscal\u00eda General de la Naci\u00f3n.    \" width=\"1280\" height=\"969\" srcset=\"https:\/\/www.fiscalia.gov.co\/colombia\/wp-content\/uploads\/Flor-Alba-Moreno-Rodriguez-y-Leidy-Catherine-Moreno-Rodriguez.jpeg 1280w, https:\/\/www.fiscalia.gov.co\/colombia\/wp-content\/uploads\/Flor-Alba-Moreno-Rodriguez-y-Leidy-Catherine-Moreno-Rodriguez-300x227.jpeg 300w, https:\/\/www.fiscalia.gov.co\/colombia\/wp-content\/uploads\/Flor-Alba-Moreno-Rodriguez-y-Leidy-Catherine-Moreno-Rodriguez-1024x775.jpeg 1024w, https:\/\/www.fiscalia.gov.co\/colombia\/wp-content\/uploads\/Flor-Alba-Moreno-Rodriguez-y-Leidy-Catherine-Moreno-Rodriguez-768x581.jpeg 768w, https:\/\/www.fiscalia.gov.co\/colombia\/wp-content\/uploads\/Flor-Alba-Moreno-Rodriguez-y-Leidy-Catherine-Moreno-Rodriguez-696x527.jpeg 696w, https:\/\/www.fiscalia.gov.co\/colombia\/wp-content\/uploads\/Flor-Alba-Moreno-Rodriguez-y-Leidy-Catherine-Moreno-Rodriguez-1068x809.jpeg 1068w, https:\/\/www.fiscalia.gov.co\/colombia\/wp-content\/uploads\/Flor-Alba-Moreno-Rodriguez-y-Leidy-Catherine-Moreno-Rodriguez-555x420.jpeg 555w, https:\/\/www.fiscalia.gov.co\/colombia\/wp-content\/uploads\/Flor-Alba-Moreno-Rodriguez-y-Leidy-Catherine-Moreno-Rodriguez-80x60.jpeg 80w\" sizes=\"auto, (max-width: 1280px) 100vw, 1280px\" \/><figcaption id=\"caption-attachment-258372\" class=\"wp-caption-text\">Flor Alba y Leidy Catherine Moreno Rodr\u00edguez fueron capturadas por elbCTI y el Gaula Militar en El Espinal (Tolima) y la Fiscal\u00eda las imput\u00f3 por extorsi\u00f3n agravada.<\/figcaption><\/figure>\n<p>Los procesados, quienes conforman la organizaci\u00f3n delincuencial \u2018Los Rebuscadores\u2019 al parecer simulaban envestidura o cargo p\u00fablico en la Fiscal\u00eda o la DIAN, exigiendo sumas de dinero para no librar supuestas \u00f3rdenes de captura en contra de sus v\u00edctimas.<\/p>\n<p>Los imputados no aceptaron los cargos y fueron cobijados con medida restrictiva de la libertad en lugar de residencia, por decisi\u00f3n de un juez con funci\u00f3n de control de garant\u00edas.<\/p>\n<figure id=\"attachment_258373\" aria-describedby=\"caption-attachment-258373\" style=\"width: 1280px\" class=\"wp-caption aligncenter\"><img loading=\"lazy\" decoding=\"async\" class=\"size-full wp-image-258373\" src=\"https:\/\/www.fiscalia.gov.co\/colombia\/wp-content\/uploads\/Carlos-Nicolay-Sarmiento-Herrera.jpeg\" alt=\" En la fotograf\u00eda aparece un capturado, junto a personal de CTI y Ej\u00e9rcito Nacional. En la parte posterior de la imagen se ven banners de Ej\u00e9rcito Nacional y la Fiscal\u00eda General de la Naci\u00f3n.       \" width=\"1280\" height=\"970\" srcset=\"https:\/\/www.fiscalia.gov.co\/colombia\/wp-content\/uploads\/Carlos-Nicolay-Sarmiento-Herrera.jpeg 1280w, https:\/\/www.fiscalia.gov.co\/colombia\/wp-content\/uploads\/Carlos-Nicolay-Sarmiento-Herrera-300x227.jpeg 300w, https:\/\/www.fiscalia.gov.co\/colombia\/wp-content\/uploads\/Carlos-Nicolay-Sarmiento-Herrera-1024x776.jpeg 1024w, https:\/\/www.fiscalia.gov.co\/colombia\/wp-content\/uploads\/Carlos-Nicolay-Sarmiento-Herrera-768x582.jpeg 768w, https:\/\/www.fiscalia.gov.co\/colombia\/wp-content\/uploads\/Carlos-Nicolay-Sarmiento-Herrera-696x527.jpeg 696w, https:\/\/www.fiscalia.gov.co\/colombia\/wp-content\/uploads\/Carlos-Nicolay-Sarmiento-Herrera-1068x809.jpeg 1068w, https:\/\/www.fiscalia.gov.co\/colombia\/wp-content\/uploads\/Carlos-Nicolay-Sarmiento-Herrera-554x420.jpeg 554w, https:\/\/www.fiscalia.gov.co\/colombia\/wp-content\/uploads\/Carlos-Nicolay-Sarmiento-Herrera-80x60.jpeg 80w\" sizes=\"auto, (max-width: 1280px) 100vw, 1280px\" \/><figcaption id=\"caption-attachment-258373\" class=\"wp-caption-text\">Carlos Nicolay Sarmiento Herrera fue capturado en Bogot\u00e1 y La Fiscal\u00eda por el delito de extorsi\u00f3n agravada.<\/figcaption><\/figure>\n<p>Miembros del CTI de Putumayo en coordinaci\u00f3n con Gaula Militar realizaron las capturas de las hermanas Moreno Rodr\u00edguez en El Espinal (Tolima). Sarmiento Herrera, por su parte, fue detenido en\u00a0Bogot\u00e1.<\/p>\n<p><strong>Eventos de extorsi\u00f3n<\/strong><\/p>\n<p>-En una de las extorsiones, la\u00a0v\u00edctima denunci\u00f3 que el 3 de agosto de 2021, a trav\u00e9s de una red social acept\u00f3 una solicitud de amistad de una mujer con quien interactu\u00f3 con fotograf\u00edas. El 5 de agosto, recibi\u00f3 una llamada de un supuesto funcionario de la Fiscal\u00eda, quien le exigi\u00f3 dinero cambio de no ser judicializado por pornograf\u00eda infantil. La v\u00edctima consign\u00f3 en distintas oportunidades casi 3 millones de pesos.<br \/>\n-El 12 de enero del a\u00f1o en curso los procesados, haci\u00e9ndose pasar como funcionarios de la DIAN, al\u00a0parecer informaron a un hombre que una amiga de \u00e9l ten\u00eda una supuesta mercanc\u00eda avaluada en 400\u00a0millones de pesos con 45.000\u00a0d\u00f3lares camuflados proveniente de Estados Unidos, motivo por el cual podr\u00edan ir detenida ella y su hija.\u00a0\u00a0El hombre cancel\u00f3 casi 6 millones de pesos producto de la extorsi\u00f3n.<\/p>\n<p>&nbsp;<\/p>\n<p>La Fiscal\u00eda habla con resultados.<\/p>\n<p>&nbsp;<\/p>\n<p>LMGM\/CFG\/\u00a0YCSL\/DSP<\/p>\n<p>&nbsp;<\/p>\n<p><em>La informaci\u00f3n contenida en este bolet\u00edn de prensa corresponde a la narraci\u00f3n de los hechos noticiosos objetivos, suministrados por los funcionarios encargados de adelantar las investigaciones penales al interior de la Fiscal\u00eda General de la Naci\u00f3n. Para el momento de la divulgaci\u00f3n de este comunicado, la situaci\u00f3n jur\u00eddica de la(s) persona(s) relacionada(s) se encuentra pendiente de resolver por la autoridad judicial competente, siempre bajo los preceptos de la presunci\u00f3n de inocencia, consagrados en el art\u00edculo 29 de la Constituci\u00f3n Pol\u00edtica y el art\u00edculo 7\u00ba de la Ley 906 de 2004.\u00a0<\/em><\/p>\n<p>&nbsp;<\/p>\n<p><strong>Tambi\u00e9n le puede interesar:<\/strong>\u00a0\u00a0<a href=\"https:\/\/www.fiscalia.gov.co\/colombia\/noticias\/fiscalia-judicializo-a-alias-guillermo-presunto-responsable-del-cobro-de-extorsiones-en-choco\/\">Fiscal\u00eda judicializ\u00f3 a alias \u2018Guillermo\u2019 presunto responsable del cobro de extorsiones en Choc\u00f3<\/a><\/p>\n\n<div class=\"twitter-share\"><a href=\"https:\/\/twitter.com\/intent\/tweet?via=fiscaliacol\" class=\"twitter-share-button\">Tweet<\/a><\/div>\n","protected":false},"excerpt":{"rendered":"<p>Como presuntos responsables del delito de extorsi\u00f3n agravada, la Fiscal\u00eda judicializ\u00f3 a\u00a0Carlos Nicolay Sarmiento Herrera, Flor Alba Moreno Rodr\u00edguez y Leidy Catherine Moreno Rodr\u00edguez, quienes haci\u00e9ndose pasar por funcionarios p\u00fablicos estar\u00edan extorsionando a personas en Puerto As\u00eds (Putumayo). Los procesados, quienes conforman la organizaci\u00f3n delincuencial \u2018Los Rebuscadores\u2019 al parecer simulaban envestidura o cargo p\u00fablico en [&hellip;]<\/p>\n","protected":false},"author":175,"featured_media":0,"comment_status":"closed","ping_status":"open","sticky":false,"template":"","format":"standard","meta":{"_price":"","_stock":"","_tribe_ticket_header":"","_tribe_default_ticket_provider":"","_tribe_ticket_capacity":"0","_ticket_start_date":"","_ticket_end_date":"","_tribe_ticket_show_description":"","_tribe_ticket_show_not_going":false,"_tribe_ticket_use_global_stock":"","_tribe_ticket_global_stock_level":"","_global_stock_mode":"","_global_stock_cap":"","_tribe_rsvp_for_event":"","_tribe_ticket_going_count":"","_tribe_ticket_not_going_count":"","_tribe_tickets_list":"[]","_tribe_ticket_has_attendee_info_fields":false,"tdm_status":"","tdm_grid_status":"","footnotes":""},"categories":[1,2910,24099],"tags":[26683,19111,871,24189,24526,13960,23858,2279],"class_list":{"0":"post-258371","1":"post","2":"type-post","3":"status-publish","4":"format-standard","6":"category-noticias","7":"category-seccional-mocoa","8":"category-seguridad-territorial","9":"tag-consignaciones","10":"tag-dinero","11":"tag-extorion","12":"tag-fiscal-francisco-barbosa-delgado","13":"tag-fiscal-general-francisco-barbosa-delgado","14":"tag-funcionarios-publicos","15":"tag-puerto-asis","16":"tag-putumayo"},"yoast_head":"<!-- This site is optimized with the Yoast SEO plugin v24.3 - https:\/\/yoast.com\/wordpress\/plugins\/seo\/ -->\n<title>Fiscal\u00eda General de la Naci\u00f3n<\/title>\n<meta name=\"description\" content=\"P\u00e1gina oficial de la Fiscal\u00eda General de la Naci\u00f3n \u2013 Colombia. Garantizamos el acceso efectivo a la justicia, la verdad y la reparaci\u00f3n de las v\u00edctimas de los delitos.\" \/>\n<meta name=\"robots\" content=\"noindex, follow\" \/>\n<meta property=\"og:locale\" content=\"es_ES\" \/>\n<meta property=\"og:type\" content=\"article\" \/>\n<meta property=\"og:title\" content=\"Fiscal\u00eda General de la Naci\u00f3n\" \/>\n<meta property=\"og:description\" content=\"P\u00e1gina oficial de la Fiscal\u00eda General de la Naci\u00f3n \u2013 Colombia. Garantizamos el acceso efectivo a la justicia, la verdad y la reparaci\u00f3n de las v\u00edctimas de los delitos.\" \/>\n<meta property=\"og:url\" content=\"https:\/\/www.fiscalia.gov.co\/colombia\/noticias\/medida-de-aseguramiento-en-contra-de-tres-personas-que-integrarian-los-rebuscadores-vinculadas-al-parecer-con-extorsiones\/\" \/>\n<meta property=\"og:site_name\" content=\"Fiscal\u00eda General de la Naci\u00f3n\" \/>\n<meta property=\"article:publisher\" content=\"https:\/\/www.facebook.com\/FiscaliaCol\" \/>\n<meta property=\"article:published_time\" content=\"2022-09-30T21:16:48+00:00\" \/>\n<meta property=\"og:image\" content=\"https:\/\/www.fiscalia.gov.co\/colombia\/wp-content\/uploads\/Flor-Alba-Moreno-Rodriguez-y-Leidy-Catherine-Moreno-Rodriguez.jpeg\" \/>\n<meta name=\"author\" content=\"Katherine Loaiza Mart\u00ednez\" \/>\n<meta name=\"twitter:card\" content=\"summary_large_image\" \/>\n<meta name=\"twitter:creator\" content=\"@FiscaliaCol\" \/>\n<meta name=\"twitter:site\" content=\"@FiscaliaCol\" \/>\n<meta name=\"twitter:label1\" content=\"Escrito por\" \/>\n\t<meta name=\"twitter:data1\" content=\"Katherine Loaiza Mart\u00ednez\" \/>\n\t<meta name=\"twitter:label2\" content=\"Tiempo de lectura\" \/>\n\t<meta name=\"twitter:data2\" content=\"3 minutos\" \/>\n<script type=\"application\/ld+json\" class=\"yoast-schema-graph\">{\"@context\":\"https:\/\/schema.org\",\"@graph\":[{\"@type\":\"Article\",\"@id\":\"https:\/\/www.fiscalia.gov.co\/colombia\/noticias\/medida-de-aseguramiento-en-contra-de-tres-personas-que-integrarian-los-rebuscadores-vinculadas-al-parecer-con-extorsiones\/#article\",\"isPartOf\":{\"@id\":\"https:\/\/www.fiscalia.gov.co\/colombia\/noticias\/medida-de-aseguramiento-en-contra-de-tres-personas-que-integrarian-los-rebuscadores-vinculadas-al-parecer-con-extorsiones\/\"},\"author\":{\"name\":\"Katherine Loaiza Mart\u00ednez\",\"@id\":\"https:\/\/www.fiscalia.gov.co\/colombia\/#\/schema\/person\/2e76b9aba5ecf875ed565ce4de0e0415\"},\"headline\":\"Medida de aseguramiento en contra de tres personas que integrar\u00edan \u2018Los Rebuscadores\u2019 vinculadas al parecer con extorsiones\u00a0\",\"datePublished\":\"2022-09-30T21:16:48+00:00\",\"dateModified\":\"2022-09-30T21:16:48+00:00\",\"mainEntityOfPage\":{\"@id\":\"https:\/\/www.fiscalia.gov.co\/colombia\/noticias\/medida-de-aseguramiento-en-contra-de-tres-personas-que-integrarian-los-rebuscadores-vinculadas-al-parecer-con-extorsiones\/\"},\"wordCount\":520,\"publisher\":{\"@id\":\"https:\/\/www.fiscalia.gov.co\/colombia\/#organization\"},\"image\":{\"@id\":\"https:\/\/www.fiscalia.gov.co\/colombia\/noticias\/medida-de-aseguramiento-en-contra-de-tres-personas-que-integrarian-los-rebuscadores-vinculadas-al-parecer-con-extorsiones\/#primaryimage\"},\"thumbnailUrl\":\"https:\/\/www.fiscalia.gov.co\/colombia\/wp-content\/uploads\/Flor-Alba-Moreno-Rodriguez-y-Leidy-Catherine-Moreno-Rodriguez.jpeg\",\"keywords\":[\"consignaciones.\",\"Dinero\",\"Extorsi\u00f3n\",\"Fiscal Francisco Barbosa Delgado\",\"Fiscal General Francisco Barbosa Delgado\",\"Funcionarios p\u00fablicos\",\"Puerto As\u00eds\",\"Putumayo\"],\"articleSection\":[\"Noticias\",\"Seccional Mocoa\",\"Seguridad territorial\"],\"inLanguage\":\"es-CO\"},{\"@type\":\"WebPage\",\"@id\":\"https:\/\/www.fiscalia.gov.co\/colombia\/noticias\/medida-de-aseguramiento-en-contra-de-tres-personas-que-integrarian-los-rebuscadores-vinculadas-al-parecer-con-extorsiones\/\",\"url\":\"https:\/\/www.fiscalia.gov.co\/colombia\/noticias\/medida-de-aseguramiento-en-contra-de-tres-personas-que-integrarian-los-rebuscadores-vinculadas-al-parecer-con-extorsiones\/\",\"name\":\"Fiscal\u00eda General de la Naci\u00f3n\",\"isPartOf\":{\"@id\":\"https:\/\/www.fiscalia.gov.co\/colombia\/#website\"},\"primaryImageOfPage\":{\"@id\":\"https:\/\/www.fiscalia.gov.co\/colombia\/noticias\/medida-de-aseguramiento-en-contra-de-tres-personas-que-integrarian-los-rebuscadores-vinculadas-al-parecer-con-extorsiones\/#primaryimage\"},\"image\":{\"@id\":\"https:\/\/www.fiscalia.gov.co\/colombia\/noticias\/medida-de-aseguramiento-en-contra-de-tres-personas-que-integrarian-los-rebuscadores-vinculadas-al-parecer-con-extorsiones\/#primaryimage\"},\"thumbnailUrl\":\"https:\/\/www.fiscalia.gov.co\/colombia\/wp-content\/uploads\/Flor-Alba-Moreno-Rodriguez-y-Leidy-Catherine-Moreno-Rodriguez.jpeg\",\"datePublished\":\"2022-09-30T21:16:48+00:00\",\"dateModified\":\"2022-09-30T21:16:48+00:00\",\"description\":\"P\u00e1gina oficial de la Fiscal\u00eda General de la Naci\u00f3n \u2013 Colombia. Garantizamos el acceso efectivo a la justicia, la verdad y la reparaci\u00f3n de las v\u00edctimas de los delitos.\",\"breadcrumb\":{\"@id\":\"https:\/\/www.fiscalia.gov.co\/colombia\/noticias\/medida-de-aseguramiento-en-contra-de-tres-personas-que-integrarian-los-rebuscadores-vinculadas-al-parecer-con-extorsiones\/#breadcrumb\"},\"inLanguage\":\"es-CO\",\"potentialAction\":[{\"@type\":\"ReadAction\",\"target\":[\"https:\/\/www.fiscalia.gov.co\/colombia\/noticias\/medida-de-aseguramiento-en-contra-de-tres-personas-que-integrarian-los-rebuscadores-vinculadas-al-parecer-con-extorsiones\/\"]}]},{\"@type\":\"ImageObject\",\"inLanguage\":\"es-CO\",\"@id\":\"https:\/\/www.fiscalia.gov.co\/colombia\/noticias\/medida-de-aseguramiento-en-contra-de-tres-personas-que-integrarian-los-rebuscadores-vinculadas-al-parecer-con-extorsiones\/#primaryimage\",\"url\":\"https:\/\/www.fiscalia.gov.co\/colombia\/wp-content\/uploads\/Flor-Alba-Moreno-Rodriguez-y-Leidy-Catherine-Moreno-Rodriguez.jpeg\",\"contentUrl\":\"https:\/\/www.fiscalia.gov.co\/colombia\/wp-content\/uploads\/Flor-Alba-Moreno-Rodriguez-y-Leidy-Catherine-Moreno-Rodriguez.jpeg\",\"width\":1280,\"height\":969,\"caption\":\"Flor Alba y Leidy Catherine Moreno Rodr\u00edguez fueron capturadas por elbCTI y el Gaula Militar en El Espinal (Tolima) y la Fiscal\u00eda las imput\u00f3 por extorsi\u00f3n agravada.\"},{\"@type\":\"BreadcrumbList\",\"@id\":\"https:\/\/www.fiscalia.gov.co\/colombia\/noticias\/medida-de-aseguramiento-en-contra-de-tres-personas-que-integrarian-los-rebuscadores-vinculadas-al-parecer-con-extorsiones\/#breadcrumb\",\"itemListElement\":[{\"@type\":\"ListItem\",\"position\":1,\"name\":\"Home\",\"item\":\"https:\/\/www.fiscalia.gov.co\/colombia\/\"},{\"@type\":\"ListItem\",\"position\":2,\"name\":\"Medida de aseguramiento en contra de tres personas que integrar\u00edan \u2018Los Rebuscadores\u2019 vinculadas al parecer con extorsiones\u00a0\"}]},{\"@type\":\"WebSite\",\"@id\":\"https:\/\/www.fiscalia.gov.co\/colombia\/#website\",\"url\":\"https:\/\/www.fiscalia.gov.co\/colombia\/\",\"name\":\"Fiscal\u00eda General de la Naci\u00f3n\",\"description\":\"P\u00e1gina oficial de la Fiscal\u00eda General de la Naci\u00f3n \u2013 Colombia. Garantizamos el acceso efectivo a la justicia, la verdad y la reparaci\u00f3n de las v\u00edctimas de los delitos.\",\"publisher\":{\"@id\":\"https:\/\/www.fiscalia.gov.co\/colombia\/#organization\"},\"potentialAction\":[{\"@type\":\"SearchAction\",\"target\":{\"@type\":\"EntryPoint\",\"urlTemplate\":\"https:\/\/www.fiscalia.gov.co\/colombia\/?s={search_term_string}\"},\"query-input\":{\"@type\":\"PropertyValueSpecification\",\"valueRequired\":true,\"valueName\":\"search_term_string\"}}],\"inLanguage\":\"es-CO\"},{\"@type\":\"Organization\",\"@id\":\"https:\/\/www.fiscalia.gov.co\/colombia\/#organization\",\"name\":\"Fiscal\u00eda General de la Naci\u00f3n\",\"url\":\"https:\/\/www.fiscalia.gov.co\/colombia\/\",\"logo\":{\"@type\":\"ImageObject\",\"inLanguage\":\"es-CO\",\"@id\":\"https:\/\/www.fiscalia.gov.co\/colombia\/#\/schema\/logo\/image\/\",\"url\":\"https:\/\/www.fiscalia.gov.co\/colombia\/wp-content\/uploads\/LogoHorizontal_1.jpg\",\"contentUrl\":\"https:\/\/www.fiscalia.gov.co\/colombia\/wp-content\/uploads\/LogoHorizontal_1.jpg\",\"width\":300,\"height\":90,\"caption\":\"Fiscal\u00eda General de la Naci\u00f3n\"},\"image\":{\"@id\":\"https:\/\/www.fiscalia.gov.co\/colombia\/#\/schema\/logo\/image\/\"},\"sameAs\":[\"https:\/\/www.facebook.com\/FiscaliaCol\",\"https:\/\/x.com\/FiscaliaCol\",\"https:\/\/www.instagram.com\/fiscaliacol\",\"https:\/\/www.linkedin.com\/company\/fiscalia-general-de-la-naci-n\/\",\"https:\/\/youtube.com\/@fiscaliageneraldelanacion-4668?si=6nN79nyQICPU5iTh\"]},{\"@type\":\"Person\",\"@id\":\"https:\/\/www.fiscalia.gov.co\/colombia\/#\/schema\/person\/2e76b9aba5ecf875ed565ce4de0e0415\",\"name\":\"Katherine Loaiza Mart\u00ednez\",\"image\":{\"@type\":\"ImageObject\",\"inLanguage\":\"es-CO\",\"@id\":\"https:\/\/www.fiscalia.gov.co\/colombia\/#\/schema\/person\/image\/\",\"url\":\"https:\/\/secure.gravatar.com\/avatar\/ab775a2f394c1b83b6d6f78680e57b50?s=96&d=mm&r=g\",\"contentUrl\":\"https:\/\/secure.gravatar.com\/avatar\/ab775a2f394c1b83b6d6f78680e57b50?s=96&d=mm&r=g\",\"caption\":\"Katherine Loaiza Mart\u00ednez\"},\"url\":\"https:\/\/www.fiscalia.gov.co\/colombia\/author\/kloaiza\/\"}]}<\/script>\n<!-- \/ Yoast SEO plugin. -->","yoast_head_json":{"title":"Fiscal\u00eda General de la Naci\u00f3n","description":"P\u00e1gina oficial de la Fiscal\u00eda General de la Naci\u00f3n \u2013 Colombia. Garantizamos el acceso efectivo a la justicia, la verdad y la reparaci\u00f3n de las v\u00edctimas de los delitos.","robots":{"index":"noindex","follow":"follow"},"og_locale":"es_ES","og_type":"article","og_title":"Fiscal\u00eda General de la Naci\u00f3n","og_description":"P\u00e1gina oficial de la Fiscal\u00eda General de la Naci\u00f3n \u2013 Colombia. Garantizamos el acceso efectivo a la justicia, la verdad y la reparaci\u00f3n de las v\u00edctimas de los delitos.","og_url":"https:\/\/www.fiscalia.gov.co\/colombia\/noticias\/medida-de-aseguramiento-en-contra-de-tres-personas-que-integrarian-los-rebuscadores-vinculadas-al-parecer-con-extorsiones\/","og_site_name":"Fiscal\u00eda General de la Naci\u00f3n","article_publisher":"https:\/\/www.facebook.com\/FiscaliaCol","article_published_time":"2022-09-30T21:16:48+00:00","og_image":[{"url":"https:\/\/www.fiscalia.gov.co\/colombia\/wp-content\/uploads\/Flor-Alba-Moreno-Rodriguez-y-Leidy-Catherine-Moreno-Rodriguez.jpeg","type":"","width":"","height":""}],"author":"Katherine Loaiza Mart\u00ednez","twitter_card":"summary_large_image","twitter_creator":"@FiscaliaCol","twitter_site":"@FiscaliaCol","twitter_misc":{"Escrito por":"Katherine Loaiza Mart\u00ednez","Tiempo de lectura":"3 minutos"},"schema":{"@context":"https:\/\/schema.org","@graph":[{"@type":"Article","@id":"https:\/\/www.fiscalia.gov.co\/colombia\/noticias\/medida-de-aseguramiento-en-contra-de-tres-personas-que-integrarian-los-rebuscadores-vinculadas-al-parecer-con-extorsiones\/#article","isPartOf":{"@id":"https:\/\/www.fiscalia.gov.co\/colombia\/noticias\/medida-de-aseguramiento-en-contra-de-tres-personas-que-integrarian-los-rebuscadores-vinculadas-al-parecer-con-extorsiones\/"},"author":{"name":"Katherine Loaiza Mart\u00ednez","@id":"https:\/\/www.fiscalia.gov.co\/colombia\/#\/schema\/person\/2e76b9aba5ecf875ed565ce4de0e0415"},"headline":"Medida de aseguramiento en contra de tres personas que integrar\u00edan \u2018Los Rebuscadores\u2019 vinculadas al parecer con extorsiones\u00a0","datePublished":"2022-09-30T21:16:48+00:00","dateModified":"2022-09-30T21:16:48+00:00","mainEntityOfPage":{"@id":"https:\/\/www.fiscalia.gov.co\/colombia\/noticias\/medida-de-aseguramiento-en-contra-de-tres-personas-que-integrarian-los-rebuscadores-vinculadas-al-parecer-con-extorsiones\/"},"wordCount":520,"publisher":{"@id":"https:\/\/www.fiscalia.gov.co\/colombia\/#organization"},"image":{"@id":"https:\/\/www.fiscalia.gov.co\/colombia\/noticias\/medida-de-aseguramiento-en-contra-de-tres-personas-que-integrarian-los-rebuscadores-vinculadas-al-parecer-con-extorsiones\/#primaryimage"},"thumbnailUrl":"https:\/\/www.fiscalia.gov.co\/colombia\/wp-content\/uploads\/Flor-Alba-Moreno-Rodriguez-y-Leidy-Catherine-Moreno-Rodriguez.jpeg","keywords":["consignaciones.","Dinero","Extorsi\u00f3n","Fiscal Francisco Barbosa Delgado","Fiscal General Francisco Barbosa Delgado","Funcionarios p\u00fablicos","Puerto As\u00eds","Putumayo"],"articleSection":["Noticias","Seccional Mocoa","Seguridad territorial"],"inLanguage":"es-CO"},{"@type":"WebPage","@id":"https:\/\/www.fiscalia.gov.co\/colombia\/noticias\/medida-de-aseguramiento-en-contra-de-tres-personas-que-integrarian-los-rebuscadores-vinculadas-al-parecer-con-extorsiones\/","url":"https:\/\/www.fiscalia.gov.co\/colombia\/noticias\/medida-de-aseguramiento-en-contra-de-tres-personas-que-integrarian-los-rebuscadores-vinculadas-al-parecer-con-extorsiones\/","name":"Fiscal\u00eda General de la Naci\u00f3n","isPartOf":{"@id":"https:\/\/www.fiscalia.gov.co\/colombia\/#website"},"primaryImageOfPage":{"@id":"https:\/\/www.fiscalia.gov.co\/colombia\/noticias\/medida-de-aseguramiento-en-contra-de-tres-personas-que-integrarian-los-rebuscadores-vinculadas-al-parecer-con-extorsiones\/#primaryimage"},"image":{"@id":"https:\/\/www.fiscalia.gov.co\/colombia\/noticias\/medida-de-aseguramiento-en-contra-de-tres-personas-que-integrarian-los-rebuscadores-vinculadas-al-parecer-con-extorsiones\/#primaryimage"},"thumbnailUrl":"https:\/\/www.fiscalia.gov.co\/colombia\/wp-content\/uploads\/Flor-Alba-Moreno-Rodriguez-y-Leidy-Catherine-Moreno-Rodriguez.jpeg","datePublished":"2022-09-30T21:16:48+00:00","dateModified":"2022-09-30T21:16:48+00:00","description":"P\u00e1gina oficial de la Fiscal\u00eda General de la Naci\u00f3n \u2013 Colombia. Garantizamos el acceso efectivo a la justicia, la verdad y la reparaci\u00f3n de las v\u00edctimas de los delitos.","breadcrumb":{"@id":"https:\/\/www.fiscalia.gov.co\/colombia\/noticias\/medida-de-aseguramiento-en-contra-de-tres-personas-que-integrarian-los-rebuscadores-vinculadas-al-parecer-con-extorsiones\/#breadcrumb"},"inLanguage":"es-CO","potentialAction":[{"@type":"ReadAction","target":["https:\/\/www.fiscalia.gov.co\/colombia\/noticias\/medida-de-aseguramiento-en-contra-de-tres-personas-que-integrarian-los-rebuscadores-vinculadas-al-parecer-con-extorsiones\/"]}]},{"@type":"ImageObject","inLanguage":"es-CO","@id":"https:\/\/www.fiscalia.gov.co\/colombia\/noticias\/medida-de-aseguramiento-en-contra-de-tres-personas-que-integrarian-los-rebuscadores-vinculadas-al-parecer-con-extorsiones\/#primaryimage","url":"https:\/\/www.fiscalia.gov.co\/colombia\/wp-content\/uploads\/Flor-Alba-Moreno-Rodriguez-y-Leidy-Catherine-Moreno-Rodriguez.jpeg","contentUrl":"https:\/\/www.fiscalia.gov.co\/colombia\/wp-content\/uploads\/Flor-Alba-Moreno-Rodriguez-y-Leidy-Catherine-Moreno-Rodriguez.jpeg","width":1280,"height":969,"caption":"Flor Alba y Leidy Catherine Moreno Rodr\u00edguez fueron capturadas por elbCTI y el Gaula Militar en El Espinal (Tolima) y la Fiscal\u00eda las imput\u00f3 por extorsi\u00f3n agravada."},{"@type":"BreadcrumbList","@id":"https:\/\/www.fiscalia.gov.co\/colombia\/noticias\/medida-de-aseguramiento-en-contra-de-tres-personas-que-integrarian-los-rebuscadores-vinculadas-al-parecer-con-extorsiones\/#breadcrumb","itemListElement":[{"@type":"ListItem","position":1,"name":"Home","item":"https:\/\/www.fiscalia.gov.co\/colombia\/"},{"@type":"ListItem","position":2,"name":"Medida de aseguramiento en contra de tres personas que integrar\u00edan \u2018Los Rebuscadores\u2019 vinculadas al parecer con extorsiones\u00a0"}]},{"@type":"WebSite","@id":"https:\/\/www.fiscalia.gov.co\/colombia\/#website","url":"https:\/\/www.fiscalia.gov.co\/colombia\/","name":"Fiscal\u00eda General de la Naci\u00f3n","description":"P\u00e1gina oficial de la Fiscal\u00eda General de la Naci\u00f3n \u2013 Colombia. Garantizamos el acceso efectivo a la justicia, la verdad y la reparaci\u00f3n de las v\u00edctimas de los delitos.","publisher":{"@id":"https:\/\/www.fiscalia.gov.co\/colombia\/#organization"},"potentialAction":[{"@type":"SearchAction","target":{"@type":"EntryPoint","urlTemplate":"https:\/\/www.fiscalia.gov.co\/colombia\/?s={search_term_string}"},"query-input":{"@type":"PropertyValueSpecification","valueRequired":true,"valueName":"search_term_string"}}],"inLanguage":"es-CO"},{"@type":"Organization","@id":"https:\/\/www.fiscalia.gov.co\/colombia\/#organization","name":"Fiscal\u00eda General de la Naci\u00f3n","url":"https:\/\/www.fiscalia.gov.co\/colombia\/","logo":{"@type":"ImageObject","inLanguage":"es-CO","@id":"https:\/\/www.fiscalia.gov.co\/colombia\/#\/schema\/logo\/image\/","url":"https:\/\/www.fiscalia.gov.co\/colombia\/wp-content\/uploads\/LogoHorizontal_1.jpg","contentUrl":"https:\/\/www.fiscalia.gov.co\/colombia\/wp-content\/uploads\/LogoHorizontal_1.jpg","width":300,"height":90,"caption":"Fiscal\u00eda General de la Naci\u00f3n"},"image":{"@id":"https:\/\/www.fiscalia.gov.co\/colombia\/#\/schema\/logo\/image\/"},"sameAs":["https:\/\/www.facebook.com\/FiscaliaCol","https:\/\/x.com\/FiscaliaCol","https:\/\/www.instagram.com\/fiscaliacol","https:\/\/www.linkedin.com\/company\/fiscalia-general-de-la-naci-n\/","https:\/\/youtube.com\/@fiscaliageneraldelanacion-4668?si=6nN79nyQICPU5iTh"]},{"@type":"Person","@id":"https:\/\/www.fiscalia.gov.co\/colombia\/#\/schema\/person\/2e76b9aba5ecf875ed565ce4de0e0415","name":"Katherine Loaiza Mart\u00ednez","image":{"@type":"ImageObject","inLanguage":"es-CO","@id":"https:\/\/www.fiscalia.gov.co\/colombia\/#\/schema\/person\/image\/","url":"https:\/\/secure.gravatar.com\/avatar\/ab775a2f394c1b83b6d6f78680e57b50?s=96&d=mm&r=g","contentUrl":"https:\/\/secure.gravatar.com\/avatar\/ab775a2f394c1b83b6d6f78680e57b50?s=96&d=mm&r=g","caption":"Katherine Loaiza Mart\u00ednez"},"url":"https:\/\/www.fiscalia.gov.co\/colombia\/author\/kloaiza\/"}]}},"_links":{"self":[{"href":"https:\/\/www.fiscalia.gov.co\/colombia\/wp-json\/wp\/v2\/posts\/258371","targetHints":{"allow":["GET"]}}],"collection":[{"href":"https:\/\/www.fiscalia.gov.co\/colombia\/wp-json\/wp\/v2\/posts"}],"about":[{"href":"https:\/\/www.fiscalia.gov.co\/colombia\/wp-json\/wp\/v2\/types\/post"}],"author":[{"embeddable":true,"href":"https:\/\/www.fiscalia.gov.co\/colombia\/wp-json\/wp\/v2\/users\/175"}],"replies":[{"embeddable":true,"href":"https:\/\/www.fiscalia.gov.co\/colombia\/wp-json\/wp\/v2\/comments?post=258371"}],"version-history":[{"count":1,"href":"https:\/\/www.fiscalia.gov.co\/colombia\/wp-json\/wp\/v2\/posts\/258371\/revisions"}],"predecessor-version":[{"id":258374,"href":"https:\/\/www.fiscalia.gov.co\/colombia\/wp-json\/wp\/v2\/posts\/258371\/revisions\/258374"}],"wp:attachment":[{"href":"https:\/\/www.fiscalia.gov.co\/colombia\/wp-json\/wp\/v2\/media?parent=258371"}],"wp:term":[{"taxonomy":"category","embeddable":true,"href":"https:\/\/www.fiscalia.gov.co\/colombia\/wp-json\/wp\/v2\/categories?post=258371"},{"taxonomy":"post_tag","embeddable":true,"href":"https:\/\/www.fiscalia.gov.co\/colombia\/wp-json\/wp\/v2\/tags?post=258371"}],"curies":[{"name":"wp","href":"https:\/\/api.w.org\/{rel}","templated":true}]}}