{"id":258273,"date":"2022-09-30T06:30:31","date_gmt":"2022-09-30T11:30:31","guid":{"rendered":"https:\/\/www.fiscalia.gov.co\/colombia\/?p=258273"},"modified":"2022-09-30T06:41:12","modified_gmt":"2022-09-30T11:41:12","slug":"ofensiva-de-la-fiscalia-contra-el-patrimonio-de-los-presuntos-responsables-de-hechos-de-corrupcion","status":"publish","type":"post","link":"https:\/\/www.fiscalia.gov.co\/colombia\/noticias\/ofensiva-de-la-fiscalia-contra-el-patrimonio-de-los-presuntos-responsables-de-hechos-de-corrupcion\/","title":{"rendered":"Ofensiva de la Fiscal\u00eda contra el patrimonio de los presuntos responsables de hechos de corrupci\u00f3n"},"content":{"rendered":"<ul>\n<li style=\"text-align: left;\">\n<h4><strong><em>184 bienes fueron ocupados con fines de extinci\u00f3n de dominio, en diligencias realizadas en 30 municipios de 15 departamentos.<\/em><em>\u00a0<\/em><\/strong><\/h4>\n<\/li>\n<li style=\"text-align: left;\">\n<h4><strong><em>Las propiedades pertenecer\u00edan a los se\u00f1alados involucrados en casos como \u2018El carrusel de las pensiones\u2019, irregularidades de contrataci\u00f3n en el Plan de Alimentaci\u00f3n Escolar y desviaci\u00f3n de recursos del sector salud.<\/em><\/strong><\/h4>\n<\/li>\n<\/ul>\n<blockquote>\n<h4 style=\"text-align: left;\"><\/h4>\n<\/blockquote>\n<p>Como parte de una ofensiva nacional para afectar el patrimonio de los presuntos responsables en hechos de corrupci\u00f3n, ocho fiscales de la Direcci\u00f3n Especializada de Extinci\u00f3n del Derecho de Dominio, adscrita a la Delegada para las Finanzas Criminales, con el apoyo de personal del CTI y unidades del Ej\u00e9rcito Nacional, ocuparon 184 bienes avaluados en algo m\u00e1s de 69.000 millones de pesos.<\/p>\n<figure id=\"attachment_258277\" aria-describedby=\"caption-attachment-258277\" style=\"width: 1280px\" class=\"wp-caption aligncenter\"><img loading=\"lazy\" decoding=\"async\" class=\"size-full wp-image-258277\" src=\"https:\/\/www.fiscalia.gov.co\/colombia\/wp-content\/uploads\/Ofensiva_Fiscalia_contra_corrupcion_fiscal_Barbosa-3.jpeg\" alt=\"Al fondo es\u00b4ta la vivienda afectada con las medidas cautelares. En frente hay dos personas del CTI sosteniendo un cartel que dice Fiscal\u00eda y a cada lado hay una persona del ej\u00e9rcito. \" width=\"1280\" height=\"720\" srcset=\"https:\/\/www.fiscalia.gov.co\/colombia\/wp-content\/uploads\/Ofensiva_Fiscalia_contra_corrupcion_fiscal_Barbosa-3.jpeg 1280w, https:\/\/www.fiscalia.gov.co\/colombia\/wp-content\/uploads\/Ofensiva_Fiscalia_contra_corrupcion_fiscal_Barbosa-3-300x169.jpeg 300w, https:\/\/www.fiscalia.gov.co\/colombia\/wp-content\/uploads\/Ofensiva_Fiscalia_contra_corrupcion_fiscal_Barbosa-3-1024x576.jpeg 1024w, https:\/\/www.fiscalia.gov.co\/colombia\/wp-content\/uploads\/Ofensiva_Fiscalia_contra_corrupcion_fiscal_Barbosa-3-768x432.jpeg 768w, https:\/\/www.fiscalia.gov.co\/colombia\/wp-content\/uploads\/Ofensiva_Fiscalia_contra_corrupcion_fiscal_Barbosa-3-696x392.jpeg 696w, https:\/\/www.fiscalia.gov.co\/colombia\/wp-content\/uploads\/Ofensiva_Fiscalia_contra_corrupcion_fiscal_Barbosa-3-1068x601.jpeg 1068w, https:\/\/www.fiscalia.gov.co\/colombia\/wp-content\/uploads\/Ofensiva_Fiscalia_contra_corrupcion_fiscal_Barbosa-3-747x420.jpeg 747w\" sizes=\"auto, (max-width: 1280px) 100vw, 1280px\" \/><figcaption id=\"caption-attachment-258277\" class=\"wp-caption-text\">Estas son algunas de las propiedades afectadas con medidas cautelares de extinci\u00f3n del derecho de dominio, por pertenecer a personas que habr\u00edan incurrido en delitos relacionados con corrupci\u00f3n.<\/figcaption><\/figure>\n<p>Las diligencias se realizaron durante la \u00faltima semana en Bogot\u00e1; Santa Marta y Gaira (Magdalena), Quibd\u00f3 (Choc\u00f3), Neiva (Huila), Cartagena (Bol\u00edvar), Tunja, (Boyac\u00e1), Restrepo y Villavicencio (Meta), Pasto y Tumaco (Nari\u00f1o), Bucaramanga y Barrancabermeja (Santander), Melgar (Tolima), Cali (Valle del Cauca), Valledupar y San Marcos (Cesar), Maicao y Fonseca (Guajira); Ricaurte, Funza, La Calera, Ch\u00eda y Cajic\u00e1 (Cundinamarca); Sabaneta, Bello y Rionegro (Antioquia); Soledad, Juan de Acosta y Barranquilla (Atl\u00e1ntico).<\/p>\n<p>Las propiedades afectadas con medidas cautelares de suspensi\u00f3n del poder dispositivo, embargo, secuestro y toma de posesi\u00f3n son 137 inmuebles, 1 sociedad, 3 establecimientos de comercio, 38 veh\u00edculos y 5 cuentas bancarias.<\/p>\n<p><img loading=\"lazy\" decoding=\"async\" class=\"aligncenter size-full wp-image-258279\" src=\"https:\/\/www.fiscalia.gov.co\/colombia\/wp-content\/uploads\/Ofensiva_Fiscalia_contra_corrupcion_fiscal_Barbosa-4.jpeg\" alt=\"Al fondo es\u00b4ta la vivienda afectada con las medidas cautelares. En frente hay dos personas del CTI sosteniendo un cartel que dice Fiscal\u00eda y a cada lado hay una persona del ej\u00e9rcito. \" width=\"1280\" height=\"720\" srcset=\"https:\/\/www.fiscalia.gov.co\/colombia\/wp-content\/uploads\/Ofensiva_Fiscalia_contra_corrupcion_fiscal_Barbosa-4.jpeg 1280w, https:\/\/www.fiscalia.gov.co\/colombia\/wp-content\/uploads\/Ofensiva_Fiscalia_contra_corrupcion_fiscal_Barbosa-4-300x169.jpeg 300w, https:\/\/www.fiscalia.gov.co\/colombia\/wp-content\/uploads\/Ofensiva_Fiscalia_contra_corrupcion_fiscal_Barbosa-4-1024x576.jpeg 1024w, https:\/\/www.fiscalia.gov.co\/colombia\/wp-content\/uploads\/Ofensiva_Fiscalia_contra_corrupcion_fiscal_Barbosa-4-768x432.jpeg 768w, https:\/\/www.fiscalia.gov.co\/colombia\/wp-content\/uploads\/Ofensiva_Fiscalia_contra_corrupcion_fiscal_Barbosa-4-696x392.jpeg 696w, https:\/\/www.fiscalia.gov.co\/colombia\/wp-content\/uploads\/Ofensiva_Fiscalia_contra_corrupcion_fiscal_Barbosa-4-1068x601.jpeg 1068w, https:\/\/www.fiscalia.gov.co\/colombia\/wp-content\/uploads\/Ofensiva_Fiscalia_contra_corrupcion_fiscal_Barbosa-4-747x420.jpeg 747w\" sizes=\"auto, (max-width: 1280px) 100vw, 1280px\" \/><\/p>\n<p>Todos los activos fueron afectados con medidas cautelares con fines de extinci\u00f3n de dominio, en el entendido de que habr\u00edan sido adquiridos con dineros producto de actos de corrupci\u00f3n o pertenecer\u00eda a los principales implicados en casos de desviaci\u00f3n de recursos de la salud, pensiones, educaci\u00f3n y Plan de Alimentaci\u00f3n Escolar (PAE), entre otros sectores.<\/p>\n<p>\u201cEstas acciones estuvieron dirigidas a afectar el patrimonio de servidores p\u00fablicos, contratistas, particulares; que estuvieron involucrados en irregularidades de todo tipo afectando el derecho a la salud de los colombianos, el derecho a la educaci\u00f3n de los colombianos\u201d, se\u00f1al\u00f3 el Fiscal General de la Naci\u00f3n, Francisco Barbosa Delgado al pronunciarse sobre el tema.<\/p>\n<p><strong><u>CASOS DESTACADOS<\/u><\/strong><\/p>\n<ul>\n<li><strong>SaludCoop<\/strong>. Fueron afectados varios predios que habr\u00edan sido adquiridos con dineros que habr\u00edan sido desviados del sistema general de seguridad social en salud.<\/li>\n<li><strong>\u2018Carrusel de Pensiones\u2019<\/strong>. Durante la ofensiva fueron afectados bienes que estar\u00edan vinculados a eventos de corrupci\u00f3n identificados en Cajanal y Colpensiones, en los que varias personas fueron beneficiadas con el pago jubilaciones y ajustes en las mesadas pensionales sin cumplir los requisitos de ley.<\/li>\n<li><strong>Plan de Alimentaci\u00f3n Escolar (PAE). <\/strong>Varios de los inmuebles que recibieron medidas cautelares, al parecer, fueron adquiridos con recursos producto de las diversas irregularidades de contrataci\u00f3n y ejecuci\u00f3n de los PAE en distintos lugares del pa\u00eds.<\/li>\n<li><strong>Universidad Tecnol\u00f3gica del Choc\u00f3<\/strong>. La Fiscal\u00eda afect\u00f3 los bienes de un contratista y un interventor, quienes son procesados por posibles anomal\u00edas en la celebraci\u00f3n de contratos para la construcci\u00f3n de la sede de la Universidad Tecnol\u00f3gica del Choc\u00f3.<\/li>\n<\/ul>\n<p><strong><img loading=\"lazy\" decoding=\"async\" class=\"aligncenter size-full wp-image-258280\" src=\"https:\/\/www.fiscalia.gov.co\/colombia\/wp-content\/uploads\/Ofensiva_Fiscalia_contra_corrupcion_fiscal_Barbosa-1.jpeg\" alt=\"Al fondo es\u00b4ta la vivienda afectada con las medidas cautelares. En frente hay dos personas del CTI sosteniendo un cartel que dice Fiscal\u00eda y a cada lado hay una persona del ej\u00e9rcito. \" width=\"1280\" height=\"720\" srcset=\"https:\/\/www.fiscalia.gov.co\/colombia\/wp-content\/uploads\/Ofensiva_Fiscalia_contra_corrupcion_fiscal_Barbosa-1.jpeg 1280w, https:\/\/www.fiscalia.gov.co\/colombia\/wp-content\/uploads\/Ofensiva_Fiscalia_contra_corrupcion_fiscal_Barbosa-1-300x169.jpeg 300w, https:\/\/www.fiscalia.gov.co\/colombia\/wp-content\/uploads\/Ofensiva_Fiscalia_contra_corrupcion_fiscal_Barbosa-1-1024x576.jpeg 1024w, https:\/\/www.fiscalia.gov.co\/colombia\/wp-content\/uploads\/Ofensiva_Fiscalia_contra_corrupcion_fiscal_Barbosa-1-768x432.jpeg 768w, https:\/\/www.fiscalia.gov.co\/colombia\/wp-content\/uploads\/Ofensiva_Fiscalia_contra_corrupcion_fiscal_Barbosa-1-696x392.jpeg 696w, https:\/\/www.fiscalia.gov.co\/colombia\/wp-content\/uploads\/Ofensiva_Fiscalia_contra_corrupcion_fiscal_Barbosa-1-1068x601.jpeg 1068w, https:\/\/www.fiscalia.gov.co\/colombia\/wp-content\/uploads\/Ofensiva_Fiscalia_contra_corrupcion_fiscal_Barbosa-1-747x420.jpeg 747w\" sizes=\"auto, (max-width: 1280px) 100vw, 1280px\" \/>\u00a0<\/strong><\/p>\n<ul>\n<li><strong>Comando de la Polic\u00eda Metropolitana de Bogot\u00e1<\/strong>. Un inmueble que pertenecer\u00eda a uno de los contratistas que estar\u00eda involucrado en las demoras y actos il\u00edcitos detectados en la construcci\u00f3n del comando de la Polic\u00eda Metropolitana de Bogot\u00e1, fue ocupado con fines de extinci\u00f3n de dominio.<\/li>\n<li><strong>\u2018Quir\u00f3fano\u2019<\/strong>. La Fiscal\u00eda impuso medidas cautelares sobre varios bienes asociados a una red delincuencial que se concert\u00f3 para manipular decisiones administrativas y favorecer a varias entidades e institutos prestadores de salud. Los se\u00f1alados responsables fueron capturados y judicializados como parte de una operaci\u00f3n denominada como \u2018Quir\u00f3fano\u2019.<\/li>\n<\/ul>\n<p><img loading=\"lazy\" decoding=\"async\" class=\"aligncenter size-full wp-image-258281\" src=\"https:\/\/www.fiscalia.gov.co\/colombia\/wp-content\/uploads\/Ofensiva_Fiscalia_contra_corrupcion_fiscal_Barbosa-2.jpeg\" alt=\"Puede verse una persona del CTI sosteniendo un cartel y atr\u00e1s se ve un veh\u00edculo afectado con medidas cautelares.\" width=\"1280\" height=\"720\" srcset=\"https:\/\/www.fiscalia.gov.co\/colombia\/wp-content\/uploads\/Ofensiva_Fiscalia_contra_corrupcion_fiscal_Barbosa-2.jpeg 1280w, https:\/\/www.fiscalia.gov.co\/colombia\/wp-content\/uploads\/Ofensiva_Fiscalia_contra_corrupcion_fiscal_Barbosa-2-300x169.jpeg 300w, https:\/\/www.fiscalia.gov.co\/colombia\/wp-content\/uploads\/Ofensiva_Fiscalia_contra_corrupcion_fiscal_Barbosa-2-1024x576.jpeg 1024w, https:\/\/www.fiscalia.gov.co\/colombia\/wp-content\/uploads\/Ofensiva_Fiscalia_contra_corrupcion_fiscal_Barbosa-2-768x432.jpeg 768w, https:\/\/www.fiscalia.gov.co\/colombia\/wp-content\/uploads\/Ofensiva_Fiscalia_contra_corrupcion_fiscal_Barbosa-2-696x392.jpeg 696w, https:\/\/www.fiscalia.gov.co\/colombia\/wp-content\/uploads\/Ofensiva_Fiscalia_contra_corrupcion_fiscal_Barbosa-2-1068x601.jpeg 1068w, https:\/\/www.fiscalia.gov.co\/colombia\/wp-content\/uploads\/Ofensiva_Fiscalia_contra_corrupcion_fiscal_Barbosa-2-747x420.jpeg 747w\" sizes=\"auto, (max-width: 1280px) 100vw, 1280px\" \/><\/p>\n<p>\u201cTodos estos bienes quedaron a disposici\u00f3n de la Sociedad de Activos Especiales (SAE) para su administraci\u00f3n y pretendemos adem\u00e1s que con estas acciones se incremente el n\u00famero de bienes para que puedan ser monetizados, y puedan ser utilizados r\u00e1pidamente por parte del Gobierno Nacional en la mejora de las condiciones de vida de todos los colombianos. La Fiscal\u00eda entrega recursos de la mafia y de los delincuentes a los colombianos, y seguimos hablando con resultados contundentes en el pa\u00eds\u201d, concluy\u00f3 el Fiscal General de la Naci\u00f3n.<\/p>\n<p>Esta informaci\u00f3n se publica por razones de inter\u00e9s general.<\/p>\n<p>MAGA\/JARG\/LPDS\/DEEDD\/LABF\/DPFC\/MRC.<\/p>\n<p><strong>La Fiscal\u00eda habla con resultados.<\/strong><\/p>\n<p>&nbsp;<\/p>\n<div class=\"td-post-content tagdiv-type\">\n<p><em>La informaci\u00f3n contenida en este bolet\u00edn de prensa corresponde a la narraci\u00f3n de los hechos noticiosos objetivos, suministrados por los funcionarios encargados de adelantar las investigaciones penales al interior de la Fiscal\u00eda General de la Naci\u00f3n. Para el momento de la divulgaci\u00f3n de este comunicado, la situaci\u00f3n jur\u00eddica de la(s) persona(s) relacionada(s) se encuentra pendiente de resolver por la autoridad judicial competente, siempre bajo los preceptos de la presunci\u00f3n de inocencia, consagrados en el art\u00edculo 29 de la Constituci\u00f3n Pol\u00edtica y el art\u00edculo 7\u00ba de la Ley 906 de 2004.<\/em><\/p>\n<\/div>\n\n<div class=\"twitter-share\"><a href=\"https:\/\/twitter.com\/intent\/tweet?via=fiscaliacol\" class=\"twitter-share-button\">Tweet<\/a><\/div>\n","protected":false},"excerpt":{"rendered":"<p>184 bienes fueron ocupados con fines de extinci\u00f3n de dominio, en diligencias realizadas en 30 municipios de 15 departamentos.\u00a0 Las propiedades pertenecer\u00edan a los se\u00f1alados involucrados en casos como \u2018El [&hellip;]<\/p>\n","protected":false},"author":175,"featured_media":258276,"comment_status":"closed","ping_status":"open","sticky":false,"template":"","format":"video","meta":{"tdm_status":"","tdm_grid_status":"","footnotes":""},"categories":[24097,24107,25128,24096,1],"tags":[24189],"class_list":["post-258273","post","type-post","status-publish","format-video","has-post-thumbnail","category-corrupcion","category-lucha-contra-corrupcion","category-el-fiscal-en-los-territorios","category-fiscal-general-de-la-nacion","category-noticias","tag-fiscal-francisco-barbosa-delgado","post_format-post-format-video"],"yoast_head":"<!-- This site is optimized with the Yoast SEO plugin v24.3 - https:\/\/yoast.com\/wordpress\/plugins\/seo\/ -->\n<title>Fiscal\u00eda General de la Naci\u00f3n<\/title>\n<meta name=\"description\" content=\"P\u00e1gina oficial de la Fiscal\u00eda General de la Naci\u00f3n \u2013 Colombia. Garantizamos el acceso efectivo a la justicia, la verdad y la reparaci\u00f3n de las v\u00edctimas de los delitos.\" \/>\n<meta name=\"robots\" content=\"noindex, follow\" \/>\n<meta property=\"og:locale\" content=\"es_ES\" \/>\n<meta property=\"og:type\" content=\"article\" \/>\n<meta property=\"og:title\" content=\"Fiscal\u00eda General de la Naci\u00f3n\" \/>\n<meta property=\"og:description\" content=\"P\u00e1gina oficial de la Fiscal\u00eda General de la Naci\u00f3n \u2013 Colombia. Garantizamos el acceso efectivo a la justicia, la verdad y la reparaci\u00f3n de las v\u00edctimas de los delitos.\" \/>\n<meta property=\"og:url\" content=\"https:\/\/www.fiscalia.gov.co\/colombia\/noticias\/ofensiva-de-la-fiscalia-contra-el-patrimonio-de-los-presuntos-responsables-de-hechos-de-corrupcion\/\" \/>\n<meta property=\"og:site_name\" content=\"Fiscal\u00eda General de la Naci\u00f3n\" \/>\n<meta property=\"article:publisher\" content=\"https:\/\/www.facebook.com\/FiscaliaCol\" \/>\n<meta property=\"article:published_time\" content=\"2022-09-30T11:30:31+00:00\" \/>\n<meta property=\"article:modified_time\" content=\"2022-09-30T11:41:12+00:00\" \/>\n<meta property=\"og:image\" content=\"https:\/\/www.fiscalia.gov.co\/colombia\/wp-content\/uploads\/maxresdefault-704.jpg\" \/>\n\t<meta property=\"og:image:width\" content=\"1280\" \/>\n\t<meta property=\"og:image:height\" content=\"720\" \/>\n\t<meta property=\"og:image:type\" content=\"image\/jpeg\" \/>\n<meta name=\"author\" content=\"Katherine Loaiza Mart\u00ednez\" \/>\n<meta name=\"twitter:card\" content=\"summary_large_image\" \/>\n<meta name=\"twitter:creator\" content=\"@FiscaliaCol\" \/>\n<meta name=\"twitter:site\" content=\"@FiscaliaCol\" \/>\n<meta name=\"twitter:label1\" content=\"Escrito por\" \/>\n\t<meta name=\"twitter:data1\" content=\"Katherine Loaiza Mart\u00ednez\" \/>\n\t<meta name=\"twitter:label2\" content=\"Tiempo de lectura\" \/>\n\t<meta name=\"twitter:data2\" content=\"4 minutos\" \/>\n<script type=\"application\/ld+json\" class=\"yoast-schema-graph\">{\"@context\":\"https:\/\/schema.org\",\"@graph\":[{\"@type\":\"Article\",\"@id\":\"https:\/\/www.fiscalia.gov.co\/colombia\/noticias\/ofensiva-de-la-fiscalia-contra-el-patrimonio-de-los-presuntos-responsables-de-hechos-de-corrupcion\/#article\",\"isPartOf\":{\"@id\":\"https:\/\/www.fiscalia.gov.co\/colombia\/noticias\/ofensiva-de-la-fiscalia-contra-el-patrimonio-de-los-presuntos-responsables-de-hechos-de-corrupcion\/\"},\"author\":{\"name\":\"Katherine Loaiza Mart\u00ednez\",\"@id\":\"https:\/\/www.fiscalia.gov.co\/colombia\/#\/schema\/person\/2e76b9aba5ecf875ed565ce4de0e0415\"},\"headline\":\"Ofensiva de la Fiscal\u00eda contra el patrimonio de los presuntos responsables de hechos de corrupci\u00f3n\",\"datePublished\":\"2022-09-30T11:30:31+00:00\",\"dateModified\":\"2022-09-30T11:41:12+00:00\",\"mainEntityOfPage\":{\"@id\":\"https:\/\/www.fiscalia.gov.co\/colombia\/noticias\/ofensiva-de-la-fiscalia-contra-el-patrimonio-de-los-presuntos-responsables-de-hechos-de-corrupcion\/\"},\"wordCount\":877,\"publisher\":{\"@id\":\"https:\/\/www.fiscalia.gov.co\/colombia\/#organization\"},\"image\":{\"@id\":\"https:\/\/www.fiscalia.gov.co\/colombia\/noticias\/ofensiva-de-la-fiscalia-contra-el-patrimonio-de-los-presuntos-responsables-de-hechos-de-corrupcion\/#primaryimage\"},\"thumbnailUrl\":\"https:\/\/www.fiscalia.gov.co\/colombia\/wp-content\/uploads\/maxresdefault-704.jpg\",\"keywords\":[\"Fiscal Francisco Barbosa Delgado\"],\"articleSection\":[\"Corrupci\u00f3n\",\"Corrupci\u00f3n\",\"El Fiscal en los territorios\",\"Fiscal General de la Naci\u00f3n\",\"Noticias\"],\"inLanguage\":\"es-CO\"},{\"@type\":\"WebPage\",\"@id\":\"https:\/\/www.fiscalia.gov.co\/colombia\/noticias\/ofensiva-de-la-fiscalia-contra-el-patrimonio-de-los-presuntos-responsables-de-hechos-de-corrupcion\/\",\"url\":\"https:\/\/www.fiscalia.gov.co\/colombia\/noticias\/ofensiva-de-la-fiscalia-contra-el-patrimonio-de-los-presuntos-responsables-de-hechos-de-corrupcion\/\",\"name\":\"Fiscal\u00eda General de la Naci\u00f3n\",\"isPartOf\":{\"@id\":\"https:\/\/www.fiscalia.gov.co\/colombia\/#website\"},\"primaryImageOfPage\":{\"@id\":\"https:\/\/www.fiscalia.gov.co\/colombia\/noticias\/ofensiva-de-la-fiscalia-contra-el-patrimonio-de-los-presuntos-responsables-de-hechos-de-corrupcion\/#primaryimage\"},\"image\":{\"@id\":\"https:\/\/www.fiscalia.gov.co\/colombia\/noticias\/ofensiva-de-la-fiscalia-contra-el-patrimonio-de-los-presuntos-responsables-de-hechos-de-corrupcion\/#primaryimage\"},\"thumbnailUrl\":\"https:\/\/www.fiscalia.gov.co\/colombia\/wp-content\/uploads\/maxresdefault-704.jpg\",\"datePublished\":\"2022-09-30T11:30:31+00:00\",\"dateModified\":\"2022-09-30T11:41:12+00:00\",\"description\":\"P\u00e1gina oficial de la Fiscal\u00eda General de la Naci\u00f3n \u2013 Colombia. Garantizamos el acceso efectivo a la justicia, la verdad y la reparaci\u00f3n de las v\u00edctimas de los delitos.\",\"breadcrumb\":{\"@id\":\"https:\/\/www.fiscalia.gov.co\/colombia\/noticias\/ofensiva-de-la-fiscalia-contra-el-patrimonio-de-los-presuntos-responsables-de-hechos-de-corrupcion\/#breadcrumb\"},\"inLanguage\":\"es-CO\",\"potentialAction\":[{\"@type\":\"ReadAction\",\"target\":[\"https:\/\/www.fiscalia.gov.co\/colombia\/noticias\/ofensiva-de-la-fiscalia-contra-el-patrimonio-de-los-presuntos-responsables-de-hechos-de-corrupcion\/\"]}]},{\"@type\":\"ImageObject\",\"inLanguage\":\"es-CO\",\"@id\":\"https:\/\/www.fiscalia.gov.co\/colombia\/noticias\/ofensiva-de-la-fiscalia-contra-el-patrimonio-de-los-presuntos-responsables-de-hechos-de-corrupcion\/#primaryimage\",\"url\":\"https:\/\/www.fiscalia.gov.co\/colombia\/wp-content\/uploads\/maxresdefault-704.jpg\",\"contentUrl\":\"https:\/\/www.fiscalia.gov.co\/colombia\/wp-content\/uploads\/maxresdefault-704.jpg\",\"width\":1280,\"height\":720},{\"@type\":\"BreadcrumbList\",\"@id\":\"https:\/\/www.fiscalia.gov.co\/colombia\/noticias\/ofensiva-de-la-fiscalia-contra-el-patrimonio-de-los-presuntos-responsables-de-hechos-de-corrupcion\/#breadcrumb\",\"itemListElement\":[{\"@type\":\"ListItem\",\"position\":1,\"name\":\"Home\",\"item\":\"https:\/\/www.fiscalia.gov.co\/colombia\/\"},{\"@type\":\"ListItem\",\"position\":2,\"name\":\"Ofensiva de la Fiscal\u00eda contra el patrimonio de los presuntos responsables de hechos de corrupci\u00f3n\"}]},{\"@type\":\"WebSite\",\"@id\":\"https:\/\/www.fiscalia.gov.co\/colombia\/#website\",\"url\":\"https:\/\/www.fiscalia.gov.co\/colombia\/\",\"name\":\"Fiscal\u00eda General de la Naci\u00f3n\",\"description\":\"P\u00e1gina oficial de la Fiscal\u00eda General de la Naci\u00f3n \u2013 Colombia. Garantizamos el acceso efectivo a la justicia, la verdad y la reparaci\u00f3n de las v\u00edctimas de los delitos.\",\"publisher\":{\"@id\":\"https:\/\/www.fiscalia.gov.co\/colombia\/#organization\"},\"potentialAction\":[{\"@type\":\"SearchAction\",\"target\":{\"@type\":\"EntryPoint\",\"urlTemplate\":\"https:\/\/www.fiscalia.gov.co\/colombia\/?s={search_term_string}\"},\"query-input\":{\"@type\":\"PropertyValueSpecification\",\"valueRequired\":true,\"valueName\":\"search_term_string\"}}],\"inLanguage\":\"es-CO\"},{\"@type\":\"Organization\",\"@id\":\"https:\/\/www.fiscalia.gov.co\/colombia\/#organization\",\"name\":\"Fiscal\u00eda General de la Naci\u00f3n\",\"url\":\"https:\/\/www.fiscalia.gov.co\/colombia\/\",\"logo\":{\"@type\":\"ImageObject\",\"inLanguage\":\"es-CO\",\"@id\":\"https:\/\/www.fiscalia.gov.co\/colombia\/#\/schema\/logo\/image\/\",\"url\":\"https:\/\/www.fiscalia.gov.co\/colombia\/wp-content\/uploads\/LogoHorizontal_1.jpg\",\"contentUrl\":\"https:\/\/www.fiscalia.gov.co\/colombia\/wp-content\/uploads\/LogoHorizontal_1.jpg\",\"width\":300,\"height\":90,\"caption\":\"Fiscal\u00eda General de la Naci\u00f3n\"},\"image\":{\"@id\":\"https:\/\/www.fiscalia.gov.co\/colombia\/#\/schema\/logo\/image\/\"},\"sameAs\":[\"https:\/\/www.facebook.com\/FiscaliaCol\",\"https:\/\/x.com\/FiscaliaCol\",\"https:\/\/www.instagram.com\/fiscaliacol\",\"https:\/\/www.linkedin.com\/company\/fiscalia-general-de-la-naci-n\/\",\"https:\/\/youtube.com\/@fiscaliageneraldelanacion-4668?si=6nN79nyQICPU5iTh\"]},{\"@type\":\"Person\",\"@id\":\"https:\/\/www.fiscalia.gov.co\/colombia\/#\/schema\/person\/2e76b9aba5ecf875ed565ce4de0e0415\",\"name\":\"Katherine Loaiza Mart\u00ednez\",\"image\":{\"@type\":\"ImageObject\",\"inLanguage\":\"es-CO\",\"@id\":\"https:\/\/www.fiscalia.gov.co\/colombia\/#\/schema\/person\/image\/\",\"url\":\"https:\/\/secure.gravatar.com\/avatar\/ab775a2f394c1b83b6d6f78680e57b50?s=96&d=mm&r=g\",\"contentUrl\":\"https:\/\/secure.gravatar.com\/avatar\/ab775a2f394c1b83b6d6f78680e57b50?s=96&d=mm&r=g\",\"caption\":\"Katherine Loaiza Mart\u00ednez\"},\"url\":\"https:\/\/www.fiscalia.gov.co\/colombia\/author\/kloaiza\/\"}]}<\/script>\n<!-- \/ Yoast SEO plugin. -->","yoast_head_json":{"title":"Fiscal\u00eda General de la Naci\u00f3n","description":"P\u00e1gina oficial de la Fiscal\u00eda General de la Naci\u00f3n \u2013 Colombia. Garantizamos el acceso efectivo a la justicia, la verdad y la reparaci\u00f3n de las v\u00edctimas de los delitos.","robots":{"index":"noindex","follow":"follow"},"og_locale":"es_ES","og_type":"article","og_title":"Fiscal\u00eda General de la Naci\u00f3n","og_description":"P\u00e1gina oficial de la Fiscal\u00eda General de la Naci\u00f3n \u2013 Colombia. Garantizamos el acceso efectivo a la justicia, la verdad y la reparaci\u00f3n de las v\u00edctimas de los delitos.","og_url":"https:\/\/www.fiscalia.gov.co\/colombia\/noticias\/ofensiva-de-la-fiscalia-contra-el-patrimonio-de-los-presuntos-responsables-de-hechos-de-corrupcion\/","og_site_name":"Fiscal\u00eda General de la Naci\u00f3n","article_publisher":"https:\/\/www.facebook.com\/FiscaliaCol","article_published_time":"2022-09-30T11:30:31+00:00","article_modified_time":"2022-09-30T11:41:12+00:00","og_image":[{"width":1280,"height":720,"url":"https:\/\/www.fiscalia.gov.co\/colombia\/wp-content\/uploads\/maxresdefault-704.jpg","type":"image\/jpeg"}],"author":"Katherine Loaiza Mart\u00ednez","twitter_card":"summary_large_image","twitter_creator":"@FiscaliaCol","twitter_site":"@FiscaliaCol","twitter_misc":{"Escrito por":"Katherine Loaiza Mart\u00ednez","Tiempo de lectura":"4 minutos"},"schema":{"@context":"https:\/\/schema.org","@graph":[{"@type":"Article","@id":"https:\/\/www.fiscalia.gov.co\/colombia\/noticias\/ofensiva-de-la-fiscalia-contra-el-patrimonio-de-los-presuntos-responsables-de-hechos-de-corrupcion\/#article","isPartOf":{"@id":"https:\/\/www.fiscalia.gov.co\/colombia\/noticias\/ofensiva-de-la-fiscalia-contra-el-patrimonio-de-los-presuntos-responsables-de-hechos-de-corrupcion\/"},"author":{"name":"Katherine Loaiza Mart\u00ednez","@id":"https:\/\/www.fiscalia.gov.co\/colombia\/#\/schema\/person\/2e76b9aba5ecf875ed565ce4de0e0415"},"headline":"Ofensiva de la Fiscal\u00eda contra el patrimonio de los presuntos responsables de hechos de corrupci\u00f3n","datePublished":"2022-09-30T11:30:31+00:00","dateModified":"2022-09-30T11:41:12+00:00","mainEntityOfPage":{"@id":"https:\/\/www.fiscalia.gov.co\/colombia\/noticias\/ofensiva-de-la-fiscalia-contra-el-patrimonio-de-los-presuntos-responsables-de-hechos-de-corrupcion\/"},"wordCount":877,"publisher":{"@id":"https:\/\/www.fiscalia.gov.co\/colombia\/#organization"},"image":{"@id":"https:\/\/www.fiscalia.gov.co\/colombia\/noticias\/ofensiva-de-la-fiscalia-contra-el-patrimonio-de-los-presuntos-responsables-de-hechos-de-corrupcion\/#primaryimage"},"thumbnailUrl":"https:\/\/www.fiscalia.gov.co\/colombia\/wp-content\/uploads\/maxresdefault-704.jpg","keywords":["Fiscal Francisco Barbosa Delgado"],"articleSection":["Corrupci\u00f3n","Corrupci\u00f3n","El Fiscal en los territorios","Fiscal General de la Naci\u00f3n","Noticias"],"inLanguage":"es-CO"},{"@type":"WebPage","@id":"https:\/\/www.fiscalia.gov.co\/colombia\/noticias\/ofensiva-de-la-fiscalia-contra-el-patrimonio-de-los-presuntos-responsables-de-hechos-de-corrupcion\/","url":"https:\/\/www.fiscalia.gov.co\/colombia\/noticias\/ofensiva-de-la-fiscalia-contra-el-patrimonio-de-los-presuntos-responsables-de-hechos-de-corrupcion\/","name":"Fiscal\u00eda General de la Naci\u00f3n","isPartOf":{"@id":"https:\/\/www.fiscalia.gov.co\/colombia\/#website"},"primaryImageOfPage":{"@id":"https:\/\/www.fiscalia.gov.co\/colombia\/noticias\/ofensiva-de-la-fiscalia-contra-el-patrimonio-de-los-presuntos-responsables-de-hechos-de-corrupcion\/#primaryimage"},"image":{"@id":"https:\/\/www.fiscalia.gov.co\/colombia\/noticias\/ofensiva-de-la-fiscalia-contra-el-patrimonio-de-los-presuntos-responsables-de-hechos-de-corrupcion\/#primaryimage"},"thumbnailUrl":"https:\/\/www.fiscalia.gov.co\/colombia\/wp-content\/uploads\/maxresdefault-704.jpg","datePublished":"2022-09-30T11:30:31+00:00","dateModified":"2022-09-30T11:41:12+00:00","description":"P\u00e1gina oficial de la Fiscal\u00eda General de la Naci\u00f3n \u2013 Colombia. Garantizamos el acceso efectivo a la justicia, la verdad y la reparaci\u00f3n de las v\u00edctimas de los delitos.","breadcrumb":{"@id":"https:\/\/www.fiscalia.gov.co\/colombia\/noticias\/ofensiva-de-la-fiscalia-contra-el-patrimonio-de-los-presuntos-responsables-de-hechos-de-corrupcion\/#breadcrumb"},"inLanguage":"es-CO","potentialAction":[{"@type":"ReadAction","target":["https:\/\/www.fiscalia.gov.co\/colombia\/noticias\/ofensiva-de-la-fiscalia-contra-el-patrimonio-de-los-presuntos-responsables-de-hechos-de-corrupcion\/"]}]},{"@type":"ImageObject","inLanguage":"es-CO","@id":"https:\/\/www.fiscalia.gov.co\/colombia\/noticias\/ofensiva-de-la-fiscalia-contra-el-patrimonio-de-los-presuntos-responsables-de-hechos-de-corrupcion\/#primaryimage","url":"https:\/\/www.fiscalia.gov.co\/colombia\/wp-content\/uploads\/maxresdefault-704.jpg","contentUrl":"https:\/\/www.fiscalia.gov.co\/colombia\/wp-content\/uploads\/maxresdefault-704.jpg","width":1280,"height":720},{"@type":"BreadcrumbList","@id":"https:\/\/www.fiscalia.gov.co\/colombia\/noticias\/ofensiva-de-la-fiscalia-contra-el-patrimonio-de-los-presuntos-responsables-de-hechos-de-corrupcion\/#breadcrumb","itemListElement":[{"@type":"ListItem","position":1,"name":"Home","item":"https:\/\/www.fiscalia.gov.co\/colombia\/"},{"@type":"ListItem","position":2,"name":"Ofensiva de la Fiscal\u00eda contra el patrimonio de los presuntos responsables de hechos de corrupci\u00f3n"}]},{"@type":"WebSite","@id":"https:\/\/www.fiscalia.gov.co\/colombia\/#website","url":"https:\/\/www.fiscalia.gov.co\/colombia\/","name":"Fiscal\u00eda General de la Naci\u00f3n","description":"P\u00e1gina oficial de la Fiscal\u00eda General de la Naci\u00f3n \u2013 Colombia. Garantizamos el acceso efectivo a la justicia, la verdad y la reparaci\u00f3n de las v\u00edctimas de los delitos.","publisher":{"@id":"https:\/\/www.fiscalia.gov.co\/colombia\/#organization"},"potentialAction":[{"@type":"SearchAction","target":{"@type":"EntryPoint","urlTemplate":"https:\/\/www.fiscalia.gov.co\/colombia\/?s={search_term_string}"},"query-input":{"@type":"PropertyValueSpecification","valueRequired":true,"valueName":"search_term_string"}}],"inLanguage":"es-CO"},{"@type":"Organization","@id":"https:\/\/www.fiscalia.gov.co\/colombia\/#organization","name":"Fiscal\u00eda General de la Naci\u00f3n","url":"https:\/\/www.fiscalia.gov.co\/colombia\/","logo":{"@type":"ImageObject","inLanguage":"es-CO","@id":"https:\/\/www.fiscalia.gov.co\/colombia\/#\/schema\/logo\/image\/","url":"https:\/\/www.fiscalia.gov.co\/colombia\/wp-content\/uploads\/LogoHorizontal_1.jpg","contentUrl":"https:\/\/www.fiscalia.gov.co\/colombia\/wp-content\/uploads\/LogoHorizontal_1.jpg","width":300,"height":90,"caption":"Fiscal\u00eda General de la Naci\u00f3n"},"image":{"@id":"https:\/\/www.fiscalia.gov.co\/colombia\/#\/schema\/logo\/image\/"},"sameAs":["https:\/\/www.facebook.com\/FiscaliaCol","https:\/\/x.com\/FiscaliaCol","https:\/\/www.instagram.com\/fiscaliacol","https:\/\/www.linkedin.com\/company\/fiscalia-general-de-la-naci-n\/","https:\/\/youtube.com\/@fiscaliageneraldelanacion-4668?si=6nN79nyQICPU5iTh"]},{"@type":"Person","@id":"https:\/\/www.fiscalia.gov.co\/colombia\/#\/schema\/person\/2e76b9aba5ecf875ed565ce4de0e0415","name":"Katherine Loaiza Mart\u00ednez","image":{"@type":"ImageObject","inLanguage":"es-CO","@id":"https:\/\/www.fiscalia.gov.co\/colombia\/#\/schema\/person\/image\/","url":"https:\/\/secure.gravatar.com\/avatar\/ab775a2f394c1b83b6d6f78680e57b50?s=96&d=mm&r=g","contentUrl":"https:\/\/secure.gravatar.com\/avatar\/ab775a2f394c1b83b6d6f78680e57b50?s=96&d=mm&r=g","caption":"Katherine Loaiza Mart\u00ednez"},"url":"https:\/\/www.fiscalia.gov.co\/colombia\/author\/kloaiza\/"}]}},"_links":{"self":[{"href":"https:\/\/www.fiscalia.gov.co\/colombia\/wp-json\/wp\/v2\/posts\/258273","targetHints":{"allow":["GET"]}}],"collection":[{"href":"https:\/\/www.fiscalia.gov.co\/colombia\/wp-json\/wp\/v2\/posts"}],"about":[{"href":"https:\/\/www.fiscalia.gov.co\/colombia\/wp-json\/wp\/v2\/types\/post"}],"author":[{"embeddable":true,"href":"https:\/\/www.fiscalia.gov.co\/colombia\/wp-json\/wp\/v2\/users\/175"}],"replies":[{"embeddable":true,"href":"https:\/\/www.fiscalia.gov.co\/colombia\/wp-json\/wp\/v2\/comments?post=258273"}],"version-history":[{"count":3,"href":"https:\/\/www.fiscalia.gov.co\/colombia\/wp-json\/wp\/v2\/posts\/258273\/revisions"}],"predecessor-version":[{"id":258282,"href":"https:\/\/www.fiscalia.gov.co\/colombia\/wp-json\/wp\/v2\/posts\/258273\/revisions\/258282"}],"wp:featuredmedia":[{"embeddable":true,"href":"https:\/\/www.fiscalia.gov.co\/colombia\/wp-json\/wp\/v2\/media\/258276"}],"wp:attachment":[{"href":"https:\/\/www.fiscalia.gov.co\/colombia\/wp-json\/wp\/v2\/media?parent=258273"}],"wp:term":[{"taxonomy":"category","embeddable":true,"href":"https:\/\/www.fiscalia.gov.co\/colombia\/wp-json\/wp\/v2\/categories?post=258273"},{"taxonomy":"post_tag","embeddable":true,"href":"https:\/\/www.fiscalia.gov.co\/colombia\/wp-json\/wp\/v2\/tags?post=258273"}],"curies":[{"name":"wp","href":"https:\/\/api.w.org\/{rel}","templated":true}]}}