{"id":258207,"date":"2022-09-29T15:20:19","date_gmt":"2022-09-29T20:20:19","guid":{"rendered":"https:\/\/www.fiscalia.gov.co\/colombia\/?p=258207"},"modified":"2022-10-07T14:20:16","modified_gmt":"2022-10-07T19:20:16","slug":"fiscalia-judicializo-a-5-presuntos-integrantes-de-la-banda-dulces-suenos-dedicada-al-hurto-a-personas-residencias-y-vehiculos-en-pasto","status":"publish","type":"post","link":"https:\/\/www.fiscalia.gov.co\/colombia\/noticias\/fiscalia-judicializo-a-5-presuntos-integrantes-de-la-banda-dulces-suenos-dedicada-al-hurto-a-personas-residencias-y-vehiculos-en-pasto\/","title":{"rendered":"Fiscal\u00eda judicializ\u00f3 a 5 presuntos integrantes de la banda Dulces Sue\u00f1os dedicada al hurto a personas, residencias y veh\u00edculos\u00a0en Pasto"},"content":{"rendered":"<blockquote>\n<h4 style=\"text-align: left;\"><strong><em>Para cometer los hurtos a personas la estructura criminal utilizaba sustancias como escopolamina y lorazepan. La Fiscal\u00eda logr\u00f3 asociar 10 casos y 7 noticias criminales\u00a0<\/em><\/strong><\/h4>\n<\/blockquote>\n<p>El material probatorio recaudado por un fiscal de la Estructura de Apoyo, adscrito al CTI, permiti\u00f3 que un juez penal de Pasto enviara a la c\u00e1rcel a cuatro presuntos integrantes de la banda Dulce Sue\u00f1os, dedicada al\u00a0<a href=\"https:\/\/www.fiscalia.gov.co\/colombia\/noticias\/fiscalia-impacta-a-las-bandas-delictivas-calibre-38-y-los-nortenos-responsables-de-hurtos-a-personas-y-a-vehiculos-en-bogota\/\">hurto<\/a>\u00a0calificado mediante el suministro de\u00a0<a href=\"https:\/\/www.fiscalia.gov.co\/colombia\/seccionales\/imputados-presuntos-integrantes-de-banda-que-suministraba-escopolamina-a-clientes-en-zonas-de-rumba-en-bogota\/\">escopolamina<\/a>\u00a0y otras sustancias.<\/p>\n<figure id=\"attachment_258208\" aria-describedby=\"caption-attachment-258208\" style=\"width: 1280px\" class=\"wp-caption aligncenter\"><img loading=\"lazy\" decoding=\"async\" class=\"size-full wp-image-258208\" src=\"https:\/\/www.fiscalia.gov.co\/colombia\/wp-content\/uploads\/Banda-Dulces-Suenos.jpg\" alt=\"En la fotograf\u00eda aparecen 4 de los 5 presuntos miembros de la banda Dulces Sue\u00f1os junto a un funcionario del CTI y un agente del GOES de la Polic\u00eda Nacional. En la parte posterior se ve un banner de la Fiscal\u00eda General y otro banner de la Polic\u00eda Nacional. \" width=\"1280\" height=\"720\" srcset=\"https:\/\/www.fiscalia.gov.co\/colombia\/wp-content\/uploads\/Banda-Dulces-Suenos.jpg 1280w, https:\/\/www.fiscalia.gov.co\/colombia\/wp-content\/uploads\/Banda-Dulces-Suenos-300x169.jpg 300w, https:\/\/www.fiscalia.gov.co\/colombia\/wp-content\/uploads\/Banda-Dulces-Suenos-1024x576.jpg 1024w, https:\/\/www.fiscalia.gov.co\/colombia\/wp-content\/uploads\/Banda-Dulces-Suenos-768x432.jpg 768w, https:\/\/www.fiscalia.gov.co\/colombia\/wp-content\/uploads\/Banda-Dulces-Suenos-696x392.jpg 696w, https:\/\/www.fiscalia.gov.co\/colombia\/wp-content\/uploads\/Banda-Dulces-Suenos-1068x601.jpg 1068w, https:\/\/www.fiscalia.gov.co\/colombia\/wp-content\/uploads\/Banda-Dulces-Suenos-747x420.jpg 747w\" sizes=\"auto, (max-width: 1280px) 100vw, 1280px\" \/><figcaption id=\"caption-attachment-258208\" class=\"wp-caption-text\">Los cinco presuntos integrantes de la banda Dulces Sue\u00f1os de Ipiales (Nari\u00f1o) estar\u00edan dedicados al hurto de personas, utilizando sustancias como escopolamina y Lorazepam.<\/figcaption><\/figure>\n<p>El ente investigador les imput\u00f3 cargos a Paola Andrea Delgado, alias Tatiana, Nathalia Vanesa Cando Pantoja, alias Leidy, Danilo Esteban Erira Vallejos, alias Danilo, Darwin Fernando Rivera Inga, alias Fernando, y David Santiago Rodr\u00edguez, alias Juan, por su presunta participaci\u00f3n en los delitos de concierto para delinquir, hurto calificado y agravado, porte de sustancias, secuestro simple agravado y porte de armas de fuego y receptaci\u00f3n.<\/p>\n<p>A alias Juan, el juez le impuso medida de aseguramiento no privativa de la libertad, pero sigue vinculado al proceso penal.<\/p>\n<p>De acuerdo con la investigaci\u00f3n, la estructura criminal Dulces Sue\u00f1os estaba dedicada al hurto de personas, veh\u00edculos y residencias.<\/p>\n<p>Para doblegar la voluntad de las v\u00edctimas, las mujeres presuntamente sal\u00edan acompa\u00f1adas a discotecas y bares y suministraban sustancias como escopolamina en bebidas a sus v\u00edctimas. Tambi\u00e9n eran utilizadas pastillas de Clorozepan, Rivotril y Lorazepan.<\/p>\n<p>La Fiscal\u00eda logr\u00f3 asociar 10 casos y 7 noticias criminales que evidenciaron el modo como\u00a0 delinqu\u00eda esta organizaci\u00f3n delictiva y la individualizaci\u00f3n de sus presuntos integrantes, de acuerdo con la descripci\u00f3n de las v\u00edctimas.<\/p>\n<p>Los cinco presuntos miembros de Dulces Sue\u00f1os fueron detenidos durante operativos realizados por servidores del CTI junto con unidades del Grupo de Operaciones Especiales de la Polic\u00eda Nacional en Pasto, T\u00f9querres e Ipiales (Nari\u00f1o).<\/p>\n<p>En una de las viviendas de los capturados fueron encontrados pastillas de Lorazepan.<\/p>\n<p>Ninguno de los 4 asegurados en establecimiento carcelario se acogi\u00f3 a los cargos.<\/p>\n<p>Esta informaci\u00f3n se publica por razones de inter\u00e9s general.<\/p>\n<p><strong>La Fiscal\u00eda habla con resultados\u00a0<\/strong><\/p>\n<p>JGP\/CFG\/LVB\/DSN<\/p>\n<p><em>La informaci\u00f3n contenida en este bolet\u00edn de prensa corresponde a la narraci\u00f3n de los hechos noticiosos objetivos, suministrados por los funcionarios encargados de adelantar las investigaciones penales al interior de la Fiscal\u00eda General de la Naci\u00f3n. Para el momento de la divulgaci\u00f3n de este comunicado, la situaci\u00f3n jur\u00eddica de la(s) persona(s) relacionada(s) se encuentra pendiente de resolver por la autoridad judicial competente, siempre bajo los preceptos de la presunci\u00f3n de inocencia, consagrados en el art\u00edculo 29 de la Constituci\u00f3n Pol\u00edtica y el art\u00edculo 7\u00ba de la Ley 906 de 2004\u00a0<\/em><\/p>\n<p>Le puede interesar<strong>:<\/strong>\u00a0<strong><a href=\"https:\/\/www.fiscalia.gov.co\/colombia\/noticias\/carcel-para-la-banda-los-timadores-senalados-del-hurto-a-personas-a-quienes-habrian-enganado-con-la-venta-de-vehiculos-a-traves-de-plataformas-comerciales\/\">C\u00e1rcel para la banda Los Timadores se\u00f1alados del hurto a personas a quienes habr\u00edan enga\u00f1ado con la venta de veh\u00edculos a trav\u00e9s de plataformas comerciales<\/a><\/strong><\/p>\n\n<div class=\"twitter-share\"><a href=\"https:\/\/twitter.com\/intent\/tweet?via=fiscaliacol\" class=\"twitter-share-button\">Tweet<\/a><\/div>\n","protected":false},"excerpt":{"rendered":"<p>Para cometer los hurtos a personas la estructura criminal utilizaba sustancias como escopolamina y lorazepan. La Fiscal\u00eda logr\u00f3 asociar 10 casos y 7 noticias criminales\u00a0 El material probatorio recaudado por [&hellip;]<\/p>\n","protected":false},"author":175,"featured_media":0,"comment_status":"closed","ping_status":"open","sticky":false,"template":"","format":"video","meta":{"tdm_status":"","tdm_grid_status":"","footnotes":""},"categories":[1,334,24099],"tags":[13265,24189,24305,24526,24481,1047,23960],"class_list":["post-258207","post","type-post","status-publish","format-video","category-noticias","category-seccional-pasto","category-seguridad-territorial","tag-escopolamina","tag-fiscal-francisco-barbosa-delgado","tag-fiscal-general-francisco-barbosa","tag-fiscal-general-francisco-barbosa-delgado","tag-fiscalia-de-colombia","tag-fiscalia-general-de-la-nacion","tag-hurto","post_format-post-format-video"],"yoast_head":"<!-- This site is optimized with the Yoast SEO plugin v24.3 - https:\/\/yoast.com\/wordpress\/plugins\/seo\/ -->\n<title>Fiscal\u00eda General de la Naci\u00f3n<\/title>\n<meta name=\"description\" content=\"P\u00e1gina oficial de la Fiscal\u00eda General de la Naci\u00f3n \u2013 Colombia. Garantizamos el acceso efectivo a la justicia, la verdad y la reparaci\u00f3n de las v\u00edctimas de los delitos.\" \/>\n<meta name=\"robots\" content=\"noindex, follow\" \/>\n<meta property=\"og:locale\" content=\"es_ES\" \/>\n<meta property=\"og:type\" content=\"article\" \/>\n<meta property=\"og:title\" content=\"Fiscal\u00eda General de la Naci\u00f3n\" \/>\n<meta property=\"og:description\" content=\"P\u00e1gina oficial de la Fiscal\u00eda General de la Naci\u00f3n \u2013 Colombia. Garantizamos el acceso efectivo a la justicia, la verdad y la reparaci\u00f3n de las v\u00edctimas de los delitos.\" \/>\n<meta property=\"og:url\" content=\"https:\/\/www.fiscalia.gov.co\/colombia\/noticias\/fiscalia-judicializo-a-5-presuntos-integrantes-de-la-banda-dulces-suenos-dedicada-al-hurto-a-personas-residencias-y-vehiculos-en-pasto\/\" \/>\n<meta property=\"og:site_name\" content=\"Fiscal\u00eda General de la Naci\u00f3n\" \/>\n<meta property=\"article:publisher\" content=\"https:\/\/www.facebook.com\/FiscaliaCol\" \/>\n<meta property=\"article:published_time\" content=\"2022-09-29T20:20:19+00:00\" \/>\n<meta property=\"article:modified_time\" content=\"2022-10-07T19:20:16+00:00\" \/>\n<meta property=\"og:image\" content=\"https:\/\/www.fiscalia.gov.co\/colombia\/wp-content\/uploads\/Banda-Dulces-Suenos.jpg\" \/>\n<meta name=\"author\" content=\"Katherine Loaiza Mart\u00ednez\" \/>\n<meta name=\"twitter:card\" content=\"summary_large_image\" \/>\n<meta name=\"twitter:creator\" content=\"@FiscaliaCol\" \/>\n<meta name=\"twitter:site\" content=\"@FiscaliaCol\" \/>\n<meta name=\"twitter:label1\" content=\"Escrito por\" \/>\n\t<meta name=\"twitter:data1\" content=\"Katherine Loaiza Mart\u00ednez\" \/>\n\t<meta name=\"twitter:label2\" content=\"Tiempo de lectura\" \/>\n\t<meta name=\"twitter:data2\" content=\"3 minutos\" \/>\n<script type=\"application\/ld+json\" class=\"yoast-schema-graph\">{\"@context\":\"https:\/\/schema.org\",\"@graph\":[{\"@type\":\"Article\",\"@id\":\"https:\/\/www.fiscalia.gov.co\/colombia\/noticias\/fiscalia-judicializo-a-5-presuntos-integrantes-de-la-banda-dulces-suenos-dedicada-al-hurto-a-personas-residencias-y-vehiculos-en-pasto\/#article\",\"isPartOf\":{\"@id\":\"https:\/\/www.fiscalia.gov.co\/colombia\/noticias\/fiscalia-judicializo-a-5-presuntos-integrantes-de-la-banda-dulces-suenos-dedicada-al-hurto-a-personas-residencias-y-vehiculos-en-pasto\/\"},\"author\":{\"name\":\"Katherine Loaiza Mart\u00ednez\",\"@id\":\"https:\/\/www.fiscalia.gov.co\/colombia\/#\/schema\/person\/2e76b9aba5ecf875ed565ce4de0e0415\"},\"headline\":\"Fiscal\u00eda judicializ\u00f3 a 5 presuntos integrantes de la banda Dulces Sue\u00f1os dedicada al hurto a personas, residencias y veh\u00edculos\u00a0en Pasto\",\"datePublished\":\"2022-09-29T20:20:19+00:00\",\"dateModified\":\"2022-10-07T19:20:16+00:00\",\"mainEntityOfPage\":{\"@id\":\"https:\/\/www.fiscalia.gov.co\/colombia\/noticias\/fiscalia-judicializo-a-5-presuntos-integrantes-de-la-banda-dulces-suenos-dedicada-al-hurto-a-personas-residencias-y-vehiculos-en-pasto\/\"},\"wordCount\":539,\"publisher\":{\"@id\":\"https:\/\/www.fiscalia.gov.co\/colombia\/#organization\"},\"image\":{\"@id\":\"https:\/\/www.fiscalia.gov.co\/colombia\/noticias\/fiscalia-judicializo-a-5-presuntos-integrantes-de-la-banda-dulces-suenos-dedicada-al-hurto-a-personas-residencias-y-vehiculos-en-pasto\/#primaryimage\"},\"thumbnailUrl\":\"https:\/\/www.fiscalia.gov.co\/colombia\/wp-content\/uploads\/Banda-Dulces-Suenos.jpg\",\"keywords\":[\"escopolamina\",\"Fiscal Francisco Barbosa Delgado\",\"Fiscal General Francisco Barbosa\",\"Fiscal General Francisco Barbosa Delgado\",\"Fiscal\u00eda de Colombia\",\"Fiscal\u00eda General de la Naci\u00f3n\",\"Hurto\"],\"articleSection\":[\"Noticias\",\"Seccional Pasto\",\"Seguridad territorial\"],\"inLanguage\":\"es-CO\"},{\"@type\":\"WebPage\",\"@id\":\"https:\/\/www.fiscalia.gov.co\/colombia\/noticias\/fiscalia-judicializo-a-5-presuntos-integrantes-de-la-banda-dulces-suenos-dedicada-al-hurto-a-personas-residencias-y-vehiculos-en-pasto\/\",\"url\":\"https:\/\/www.fiscalia.gov.co\/colombia\/noticias\/fiscalia-judicializo-a-5-presuntos-integrantes-de-la-banda-dulces-suenos-dedicada-al-hurto-a-personas-residencias-y-vehiculos-en-pasto\/\",\"name\":\"Fiscal\u00eda General de la Naci\u00f3n\",\"isPartOf\":{\"@id\":\"https:\/\/www.fiscalia.gov.co\/colombia\/#website\"},\"primaryImageOfPage\":{\"@id\":\"https:\/\/www.fiscalia.gov.co\/colombia\/noticias\/fiscalia-judicializo-a-5-presuntos-integrantes-de-la-banda-dulces-suenos-dedicada-al-hurto-a-personas-residencias-y-vehiculos-en-pasto\/#primaryimage\"},\"image\":{\"@id\":\"https:\/\/www.fiscalia.gov.co\/colombia\/noticias\/fiscalia-judicializo-a-5-presuntos-integrantes-de-la-banda-dulces-suenos-dedicada-al-hurto-a-personas-residencias-y-vehiculos-en-pasto\/#primaryimage\"},\"thumbnailUrl\":\"https:\/\/www.fiscalia.gov.co\/colombia\/wp-content\/uploads\/Banda-Dulces-Suenos.jpg\",\"datePublished\":\"2022-09-29T20:20:19+00:00\",\"dateModified\":\"2022-10-07T19:20:16+00:00\",\"description\":\"P\u00e1gina oficial de la Fiscal\u00eda General de la Naci\u00f3n \u2013 Colombia. Garantizamos el acceso efectivo a la justicia, la verdad y la reparaci\u00f3n de las v\u00edctimas de los delitos.\",\"breadcrumb\":{\"@id\":\"https:\/\/www.fiscalia.gov.co\/colombia\/noticias\/fiscalia-judicializo-a-5-presuntos-integrantes-de-la-banda-dulces-suenos-dedicada-al-hurto-a-personas-residencias-y-vehiculos-en-pasto\/#breadcrumb\"},\"inLanguage\":\"es-CO\",\"potentialAction\":[{\"@type\":\"ReadAction\",\"target\":[\"https:\/\/www.fiscalia.gov.co\/colombia\/noticias\/fiscalia-judicializo-a-5-presuntos-integrantes-de-la-banda-dulces-suenos-dedicada-al-hurto-a-personas-residencias-y-vehiculos-en-pasto\/\"]}]},{\"@type\":\"ImageObject\",\"inLanguage\":\"es-CO\",\"@id\":\"https:\/\/www.fiscalia.gov.co\/colombia\/noticias\/fiscalia-judicializo-a-5-presuntos-integrantes-de-la-banda-dulces-suenos-dedicada-al-hurto-a-personas-residencias-y-vehiculos-en-pasto\/#primaryimage\",\"url\":\"https:\/\/www.fiscalia.gov.co\/colombia\/wp-content\/uploads\/Banda-Dulces-Suenos.jpg\",\"contentUrl\":\"https:\/\/www.fiscalia.gov.co\/colombia\/wp-content\/uploads\/Banda-Dulces-Suenos.jpg\",\"width\":1280,\"height\":720,\"caption\":\"Los cinco presuntos integrantes de la banda Dulces Sue\u00f1os de Ipiales (Nari\u00f1o) estar\u00edan dedicados al hurto de personas, utilizando sustancias como escopolamina y Lorazepam.\u00a0\"},{\"@type\":\"BreadcrumbList\",\"@id\":\"https:\/\/www.fiscalia.gov.co\/colombia\/noticias\/fiscalia-judicializo-a-5-presuntos-integrantes-de-la-banda-dulces-suenos-dedicada-al-hurto-a-personas-residencias-y-vehiculos-en-pasto\/#breadcrumb\",\"itemListElement\":[{\"@type\":\"ListItem\",\"position\":1,\"name\":\"Home\",\"item\":\"https:\/\/www.fiscalia.gov.co\/colombia\/\"},{\"@type\":\"ListItem\",\"position\":2,\"name\":\"Fiscal\u00eda judicializ\u00f3 a 5 presuntos integrantes de la banda Dulces Sue\u00f1os dedicada al hurto a personas, residencias y veh\u00edculos\u00a0en Pasto\"}]},{\"@type\":\"WebSite\",\"@id\":\"https:\/\/www.fiscalia.gov.co\/colombia\/#website\",\"url\":\"https:\/\/www.fiscalia.gov.co\/colombia\/\",\"name\":\"Fiscal\u00eda General de la Naci\u00f3n\",\"description\":\"P\u00e1gina oficial de la Fiscal\u00eda General de la Naci\u00f3n \u2013 Colombia. Garantizamos el acceso efectivo a la justicia, la verdad y la reparaci\u00f3n de las v\u00edctimas de los delitos.\",\"publisher\":{\"@id\":\"https:\/\/www.fiscalia.gov.co\/colombia\/#organization\"},\"potentialAction\":[{\"@type\":\"SearchAction\",\"target\":{\"@type\":\"EntryPoint\",\"urlTemplate\":\"https:\/\/www.fiscalia.gov.co\/colombia\/?s={search_term_string}\"},\"query-input\":{\"@type\":\"PropertyValueSpecification\",\"valueRequired\":true,\"valueName\":\"search_term_string\"}}],\"inLanguage\":\"es-CO\"},{\"@type\":\"Organization\",\"@id\":\"https:\/\/www.fiscalia.gov.co\/colombia\/#organization\",\"name\":\"Fiscal\u00eda General de la Naci\u00f3n\",\"url\":\"https:\/\/www.fiscalia.gov.co\/colombia\/\",\"logo\":{\"@type\":\"ImageObject\",\"inLanguage\":\"es-CO\",\"@id\":\"https:\/\/www.fiscalia.gov.co\/colombia\/#\/schema\/logo\/image\/\",\"url\":\"https:\/\/www.fiscalia.gov.co\/colombia\/wp-content\/uploads\/LogoHorizontal_1.jpg\",\"contentUrl\":\"https:\/\/www.fiscalia.gov.co\/colombia\/wp-content\/uploads\/LogoHorizontal_1.jpg\",\"width\":300,\"height\":90,\"caption\":\"Fiscal\u00eda General de la Naci\u00f3n\"},\"image\":{\"@id\":\"https:\/\/www.fiscalia.gov.co\/colombia\/#\/schema\/logo\/image\/\"},\"sameAs\":[\"https:\/\/www.facebook.com\/FiscaliaCol\",\"https:\/\/x.com\/FiscaliaCol\",\"https:\/\/www.instagram.com\/fiscaliacol\",\"https:\/\/www.linkedin.com\/company\/fiscalia-general-de-la-naci-n\/\",\"https:\/\/youtube.com\/@fiscaliageneraldelanacion-4668?si=6nN79nyQICPU5iTh\"]},{\"@type\":\"Person\",\"@id\":\"https:\/\/www.fiscalia.gov.co\/colombia\/#\/schema\/person\/2e76b9aba5ecf875ed565ce4de0e0415\",\"name\":\"Katherine Loaiza Mart\u00ednez\",\"image\":{\"@type\":\"ImageObject\",\"inLanguage\":\"es-CO\",\"@id\":\"https:\/\/www.fiscalia.gov.co\/colombia\/#\/schema\/person\/image\/\",\"url\":\"https:\/\/secure.gravatar.com\/avatar\/ab775a2f394c1b83b6d6f78680e57b50?s=96&d=mm&r=g\",\"contentUrl\":\"https:\/\/secure.gravatar.com\/avatar\/ab775a2f394c1b83b6d6f78680e57b50?s=96&d=mm&r=g\",\"caption\":\"Katherine Loaiza Mart\u00ednez\"},\"url\":\"https:\/\/www.fiscalia.gov.co\/colombia\/author\/kloaiza\/\"}]}<\/script>\n<!-- \/ Yoast SEO plugin. -->","yoast_head_json":{"title":"Fiscal\u00eda General de la Naci\u00f3n","description":"P\u00e1gina oficial de la Fiscal\u00eda General de la Naci\u00f3n \u2013 Colombia. Garantizamos el acceso efectivo a la justicia, la verdad y la reparaci\u00f3n de las v\u00edctimas de los delitos.","robots":{"index":"noindex","follow":"follow"},"og_locale":"es_ES","og_type":"article","og_title":"Fiscal\u00eda General de la Naci\u00f3n","og_description":"P\u00e1gina oficial de la Fiscal\u00eda General de la Naci\u00f3n \u2013 Colombia. Garantizamos el acceso efectivo a la justicia, la verdad y la reparaci\u00f3n de las v\u00edctimas de los delitos.","og_url":"https:\/\/www.fiscalia.gov.co\/colombia\/noticias\/fiscalia-judicializo-a-5-presuntos-integrantes-de-la-banda-dulces-suenos-dedicada-al-hurto-a-personas-residencias-y-vehiculos-en-pasto\/","og_site_name":"Fiscal\u00eda General de la Naci\u00f3n","article_publisher":"https:\/\/www.facebook.com\/FiscaliaCol","article_published_time":"2022-09-29T20:20:19+00:00","article_modified_time":"2022-10-07T19:20:16+00:00","og_image":[{"url":"https:\/\/www.fiscalia.gov.co\/colombia\/wp-content\/uploads\/Banda-Dulces-Suenos.jpg","type":"","width":"","height":""}],"author":"Katherine Loaiza Mart\u00ednez","twitter_card":"summary_large_image","twitter_creator":"@FiscaliaCol","twitter_site":"@FiscaliaCol","twitter_misc":{"Escrito por":"Katherine Loaiza Mart\u00ednez","Tiempo de lectura":"3 minutos"},"schema":{"@context":"https:\/\/schema.org","@graph":[{"@type":"Article","@id":"https:\/\/www.fiscalia.gov.co\/colombia\/noticias\/fiscalia-judicializo-a-5-presuntos-integrantes-de-la-banda-dulces-suenos-dedicada-al-hurto-a-personas-residencias-y-vehiculos-en-pasto\/#article","isPartOf":{"@id":"https:\/\/www.fiscalia.gov.co\/colombia\/noticias\/fiscalia-judicializo-a-5-presuntos-integrantes-de-la-banda-dulces-suenos-dedicada-al-hurto-a-personas-residencias-y-vehiculos-en-pasto\/"},"author":{"name":"Katherine Loaiza Mart\u00ednez","@id":"https:\/\/www.fiscalia.gov.co\/colombia\/#\/schema\/person\/2e76b9aba5ecf875ed565ce4de0e0415"},"headline":"Fiscal\u00eda judicializ\u00f3 a 5 presuntos integrantes de la banda Dulces Sue\u00f1os dedicada al hurto a personas, residencias y veh\u00edculos\u00a0en Pasto","datePublished":"2022-09-29T20:20:19+00:00","dateModified":"2022-10-07T19:20:16+00:00","mainEntityOfPage":{"@id":"https:\/\/www.fiscalia.gov.co\/colombia\/noticias\/fiscalia-judicializo-a-5-presuntos-integrantes-de-la-banda-dulces-suenos-dedicada-al-hurto-a-personas-residencias-y-vehiculos-en-pasto\/"},"wordCount":539,"publisher":{"@id":"https:\/\/www.fiscalia.gov.co\/colombia\/#organization"},"image":{"@id":"https:\/\/www.fiscalia.gov.co\/colombia\/noticias\/fiscalia-judicializo-a-5-presuntos-integrantes-de-la-banda-dulces-suenos-dedicada-al-hurto-a-personas-residencias-y-vehiculos-en-pasto\/#primaryimage"},"thumbnailUrl":"https:\/\/www.fiscalia.gov.co\/colombia\/wp-content\/uploads\/Banda-Dulces-Suenos.jpg","keywords":["escopolamina","Fiscal Francisco Barbosa Delgado","Fiscal General Francisco Barbosa","Fiscal General Francisco Barbosa Delgado","Fiscal\u00eda de Colombia","Fiscal\u00eda General de la Naci\u00f3n","Hurto"],"articleSection":["Noticias","Seccional Pasto","Seguridad territorial"],"inLanguage":"es-CO"},{"@type":"WebPage","@id":"https:\/\/www.fiscalia.gov.co\/colombia\/noticias\/fiscalia-judicializo-a-5-presuntos-integrantes-de-la-banda-dulces-suenos-dedicada-al-hurto-a-personas-residencias-y-vehiculos-en-pasto\/","url":"https:\/\/www.fiscalia.gov.co\/colombia\/noticias\/fiscalia-judicializo-a-5-presuntos-integrantes-de-la-banda-dulces-suenos-dedicada-al-hurto-a-personas-residencias-y-vehiculos-en-pasto\/","name":"Fiscal\u00eda General de la Naci\u00f3n","isPartOf":{"@id":"https:\/\/www.fiscalia.gov.co\/colombia\/#website"},"primaryImageOfPage":{"@id":"https:\/\/www.fiscalia.gov.co\/colombia\/noticias\/fiscalia-judicializo-a-5-presuntos-integrantes-de-la-banda-dulces-suenos-dedicada-al-hurto-a-personas-residencias-y-vehiculos-en-pasto\/#primaryimage"},"image":{"@id":"https:\/\/www.fiscalia.gov.co\/colombia\/noticias\/fiscalia-judicializo-a-5-presuntos-integrantes-de-la-banda-dulces-suenos-dedicada-al-hurto-a-personas-residencias-y-vehiculos-en-pasto\/#primaryimage"},"thumbnailUrl":"https:\/\/www.fiscalia.gov.co\/colombia\/wp-content\/uploads\/Banda-Dulces-Suenos.jpg","datePublished":"2022-09-29T20:20:19+00:00","dateModified":"2022-10-07T19:20:16+00:00","description":"P\u00e1gina oficial de la Fiscal\u00eda General de la Naci\u00f3n \u2013 Colombia. Garantizamos el acceso efectivo a la justicia, la verdad y la reparaci\u00f3n de las v\u00edctimas de los delitos.","breadcrumb":{"@id":"https:\/\/www.fiscalia.gov.co\/colombia\/noticias\/fiscalia-judicializo-a-5-presuntos-integrantes-de-la-banda-dulces-suenos-dedicada-al-hurto-a-personas-residencias-y-vehiculos-en-pasto\/#breadcrumb"},"inLanguage":"es-CO","potentialAction":[{"@type":"ReadAction","target":["https:\/\/www.fiscalia.gov.co\/colombia\/noticias\/fiscalia-judicializo-a-5-presuntos-integrantes-de-la-banda-dulces-suenos-dedicada-al-hurto-a-personas-residencias-y-vehiculos-en-pasto\/"]}]},{"@type":"ImageObject","inLanguage":"es-CO","@id":"https:\/\/www.fiscalia.gov.co\/colombia\/noticias\/fiscalia-judicializo-a-5-presuntos-integrantes-de-la-banda-dulces-suenos-dedicada-al-hurto-a-personas-residencias-y-vehiculos-en-pasto\/#primaryimage","url":"https:\/\/www.fiscalia.gov.co\/colombia\/wp-content\/uploads\/Banda-Dulces-Suenos.jpg","contentUrl":"https:\/\/www.fiscalia.gov.co\/colombia\/wp-content\/uploads\/Banda-Dulces-Suenos.jpg","width":1280,"height":720,"caption":"Los cinco presuntos integrantes de la banda Dulces Sue\u00f1os de Ipiales (Nari\u00f1o) estar\u00edan dedicados al hurto de personas, utilizando sustancias como escopolamina y Lorazepam.\u00a0"},{"@type":"BreadcrumbList","@id":"https:\/\/www.fiscalia.gov.co\/colombia\/noticias\/fiscalia-judicializo-a-5-presuntos-integrantes-de-la-banda-dulces-suenos-dedicada-al-hurto-a-personas-residencias-y-vehiculos-en-pasto\/#breadcrumb","itemListElement":[{"@type":"ListItem","position":1,"name":"Home","item":"https:\/\/www.fiscalia.gov.co\/colombia\/"},{"@type":"ListItem","position":2,"name":"Fiscal\u00eda judicializ\u00f3 a 5 presuntos integrantes de la banda Dulces Sue\u00f1os dedicada al hurto a personas, residencias y veh\u00edculos\u00a0en Pasto"}]},{"@type":"WebSite","@id":"https:\/\/www.fiscalia.gov.co\/colombia\/#website","url":"https:\/\/www.fiscalia.gov.co\/colombia\/","name":"Fiscal\u00eda General de la Naci\u00f3n","description":"P\u00e1gina oficial de la Fiscal\u00eda General de la Naci\u00f3n \u2013 Colombia. Garantizamos el acceso efectivo a la justicia, la verdad y la reparaci\u00f3n de las v\u00edctimas de los delitos.","publisher":{"@id":"https:\/\/www.fiscalia.gov.co\/colombia\/#organization"},"potentialAction":[{"@type":"SearchAction","target":{"@type":"EntryPoint","urlTemplate":"https:\/\/www.fiscalia.gov.co\/colombia\/?s={search_term_string}"},"query-input":{"@type":"PropertyValueSpecification","valueRequired":true,"valueName":"search_term_string"}}],"inLanguage":"es-CO"},{"@type":"Organization","@id":"https:\/\/www.fiscalia.gov.co\/colombia\/#organization","name":"Fiscal\u00eda General de la Naci\u00f3n","url":"https:\/\/www.fiscalia.gov.co\/colombia\/","logo":{"@type":"ImageObject","inLanguage":"es-CO","@id":"https:\/\/www.fiscalia.gov.co\/colombia\/#\/schema\/logo\/image\/","url":"https:\/\/www.fiscalia.gov.co\/colombia\/wp-content\/uploads\/LogoHorizontal_1.jpg","contentUrl":"https:\/\/www.fiscalia.gov.co\/colombia\/wp-content\/uploads\/LogoHorizontal_1.jpg","width":300,"height":90,"caption":"Fiscal\u00eda General de la Naci\u00f3n"},"image":{"@id":"https:\/\/www.fiscalia.gov.co\/colombia\/#\/schema\/logo\/image\/"},"sameAs":["https:\/\/www.facebook.com\/FiscaliaCol","https:\/\/x.com\/FiscaliaCol","https:\/\/www.instagram.com\/fiscaliacol","https:\/\/www.linkedin.com\/company\/fiscalia-general-de-la-naci-n\/","https:\/\/youtube.com\/@fiscaliageneraldelanacion-4668?si=6nN79nyQICPU5iTh"]},{"@type":"Person","@id":"https:\/\/www.fiscalia.gov.co\/colombia\/#\/schema\/person\/2e76b9aba5ecf875ed565ce4de0e0415","name":"Katherine Loaiza Mart\u00ednez","image":{"@type":"ImageObject","inLanguage":"es-CO","@id":"https:\/\/www.fiscalia.gov.co\/colombia\/#\/schema\/person\/image\/","url":"https:\/\/secure.gravatar.com\/avatar\/ab775a2f394c1b83b6d6f78680e57b50?s=96&d=mm&r=g","contentUrl":"https:\/\/secure.gravatar.com\/avatar\/ab775a2f394c1b83b6d6f78680e57b50?s=96&d=mm&r=g","caption":"Katherine Loaiza Mart\u00ednez"},"url":"https:\/\/www.fiscalia.gov.co\/colombia\/author\/kloaiza\/"}]}},"_links":{"self":[{"href":"https:\/\/www.fiscalia.gov.co\/colombia\/wp-json\/wp\/v2\/posts\/258207","targetHints":{"allow":["GET"]}}],"collection":[{"href":"https:\/\/www.fiscalia.gov.co\/colombia\/wp-json\/wp\/v2\/posts"}],"about":[{"href":"https:\/\/www.fiscalia.gov.co\/colombia\/wp-json\/wp\/v2\/types\/post"}],"author":[{"embeddable":true,"href":"https:\/\/www.fiscalia.gov.co\/colombia\/wp-json\/wp\/v2\/users\/175"}],"replies":[{"embeddable":true,"href":"https:\/\/www.fiscalia.gov.co\/colombia\/wp-json\/wp\/v2\/comments?post=258207"}],"version-history":[{"count":1,"href":"https:\/\/www.fiscalia.gov.co\/colombia\/wp-json\/wp\/v2\/posts\/258207\/revisions"}],"predecessor-version":[{"id":258209,"href":"https:\/\/www.fiscalia.gov.co\/colombia\/wp-json\/wp\/v2\/posts\/258207\/revisions\/258209"}],"wp:attachment":[{"href":"https:\/\/www.fiscalia.gov.co\/colombia\/wp-json\/wp\/v2\/media?parent=258207"}],"wp:term":[{"taxonomy":"category","embeddable":true,"href":"https:\/\/www.fiscalia.gov.co\/colombia\/wp-json\/wp\/v2\/categories?post=258207"},{"taxonomy":"post_tag","embeddable":true,"href":"https:\/\/www.fiscalia.gov.co\/colombia\/wp-json\/wp\/v2\/tags?post=258207"}],"curies":[{"name":"wp","href":"https:\/\/api.w.org\/{rel}","templated":true}]}}