{"id":257888,"date":"2022-09-24T09:52:09","date_gmt":"2022-09-24T14:52:09","guid":{"rendered":"https:\/\/www.fiscalia.gov.co\/colombia\/?p=257888"},"modified":"2022-09-24T09:52:09","modified_gmt":"2022-09-24T14:52:09","slug":"fiscalia-presenta-escrito-de-acusacion-contra-exinspector-del-inpec-que-habria-pagado-y-planeado-el-homicidio-de-un-companero-que-lo-reporto-por-posibles-actos-de-indisciplina","status":"publish","type":"post","link":"https:\/\/www.fiscalia.gov.co\/colombia\/noticias\/fiscalia-presenta-escrito-de-acusacion-contra-exinspector-del-inpec-que-habria-pagado-y-planeado-el-homicidio-de-un-companero-que-lo-reporto-por-posibles-actos-de-indisciplina\/","title":{"rendered":"Fiscal\u00eda presenta escrito de acusaci\u00f3n contra exinspector del INPEC que habr\u00eda pagado y planeado el homicidio de un compa\u00f1ero que lo report\u00f3 por posibles actos de indisciplina"},"content":{"rendered":"<blockquote>\n<h4 style=\"text-align: left;\"><strong><em>El procesado, Milton Libardo Jim\u00e9nez Arboleda, permanece privado de la libertad por la presunta participaci\u00f3n en la fuga del excabecilla del \u2018Clan del Golfo\u2019, Juan L\u00e1rrinson Castro Estupi\u00f1\u00e1n, alias Matamba.<\/em><\/strong><\/h4>\n<\/blockquote>\n<p>&nbsp;<\/p>\n<p>La Fiscal\u00eda General de la Naci\u00f3n radic\u00f3 escrito de acusaci\u00f3n contra el exinspector del Instituto Nacional Penitenciario y Carcelario (INPEC), Milton Libardo Jim\u00e9nez Arboleda, como presunto responsable del asesinato de Humberto Pe\u00f1a Gonz\u00e1lez, un dragoneante de la c\u00e1rcel de Caloto (Cauca).<\/p>\n<p>El exfuncionario habr\u00eda conseguido y aportado parte del dinero que le fue entregado a los dos sicarios que interceptaron y le propinaron tres disparos a la v\u00edctima, quien se trasladaba en una motocicleta a su lugar de residencia. El crimen ocurri\u00f3 entre Caloto y Santander de Quilichao (Cauca), el 5 de mayo de 2010.<\/p>\n<p>El material de prueba indica que Jim\u00e9nez Arboleda, al parecer, se vincul\u00f3 a la planeaci\u00f3n y financiaci\u00f3n de la acci\u00f3n ilegal porque su compa\u00f1ero, el dragoneante Pe\u00f1a Gonz\u00e1lez, lo report\u00f3 ante los superiores y pidi\u00f3 su traslado inmediato por posibles actos de indisciplina y de incumplimiento de sus deberes.<\/p>\n<p>En ese sentido, un fiscal de la Direcci\u00f3n Especializada contra las Violaciones a los Derechos Humanos radic\u00f3 el escrito de acusaci\u00f3n por el delito de homicidio agravado.<\/p>\n<p>Milton Libardo Jim\u00e9nez Arboleda se encuentra privado de la libertad y es procesado por presuntamente permitir escapar de la c\u00e1rcel La Picota de Bogot\u00e1 al excabecilla del \u2018Clan del Golfo\u2019, Juan L\u00e1rrinson Castro Estupi\u00f1\u00e1n, alias Matamba, el 18 de marzo del a\u00f1o en curso.<\/p>\n<p>JARG\/HCG\/DJR\/DEVDH\/MCRC.<\/p>\n<p><strong>La Fiscal\u00eda habla con resultados.<\/strong><\/p>\n<p>&nbsp;<\/p>\n<div class=\"td-post-content tagdiv-type\">\n<div class=\"td-post-content tagdiv-type\">\n<div class=\"td-post-content tagdiv-type\">\n<div class=\"td-post-content tagdiv-type\">\n<div class=\"td-post-content tagdiv-type\">\n<div class=\"td-post-content tagdiv-type\">\n<p><em>La informaci\u00f3n contenida en este bolet\u00edn de prensa corresponde a la narraci\u00f3n de los hechos noticiosos objetivos, suministrados por los funcionarios encargados de adelantar las investigaciones penales al interior de la Fiscal\u00eda General de la Naci\u00f3n. Para el momento de la divulgaci\u00f3n de este comunicado, la situaci\u00f3n jur\u00eddica de la(s) persona(s) relacionada(s) se encuentra pendiente de resolver por la autoridad judicial competente, siempre bajo los preceptos de la presunci\u00f3n de inocencia, consagrados en el art\u00edculo 29 de la Constituci\u00f3n Pol\u00edtica y el art\u00edculo 7\u00ba de la Ley 906 de 2004.\u00a0<\/em><\/p>\n<\/div>\n<\/div>\n<\/div>\n<\/div>\n<\/div>\n<\/div>\n\n<div class=\"twitter-share\"><a href=\"https:\/\/twitter.com\/intent\/tweet?via=fiscaliacol\" class=\"twitter-share-button\">Tweet<\/a><\/div>\n","protected":false},"excerpt":{"rendered":"<p>El procesado, Milton Libardo Jim\u00e9nez Arboleda, permanece privado de la libertad por la presunta participaci\u00f3n en la fuga del excabecilla del \u2018Clan del Golfo\u2019, Juan L\u00e1rrinson Castro Estupi\u00f1\u00e1n, alias Matamba. &nbsp; La Fiscal\u00eda General de la Naci\u00f3n radic\u00f3 escrito de acusaci\u00f3n contra el exinspector del Instituto Nacional Penitenciario y Carcelario (INPEC), Milton Libardo Jim\u00e9nez Arboleda, [&hellip;]<\/p>\n","protected":false},"author":175,"featured_media":0,"comment_status":"closed","ping_status":"open","sticky":false,"template":"","format":"standard","meta":{"_price":"","_stock":"","_tribe_ticket_header":"","_tribe_default_ticket_provider":"","_tribe_ticket_capacity":"0","_ticket_start_date":"","_ticket_end_date":"","_tribe_ticket_show_description":"","_tribe_ticket_show_not_going":false,"_tribe_ticket_use_global_stock":"","_tribe_ticket_global_stock_level":"","_global_stock_mode":"","_global_stock_cap":"","_tribe_rsvp_for_event":"","_tribe_ticket_going_count":"","_tribe_ticket_not_going_count":"","_tribe_tickets_list":"[]","_tribe_ticket_has_attendee_info_fields":false,"tdm_status":"","tdm_grid_status":"","footnotes":""},"categories":[24102,1],"tags":[24189,24305],"class_list":{"0":"post-257888","1":"post","2":"type-post","3":"status-publish","4":"format-standard","6":"category-derechos-humanos","7":"category-noticias","8":"tag-fiscal-francisco-barbosa-delgado","9":"tag-fiscal-general-francisco-barbosa"},"yoast_head":"<!-- This site is optimized with the Yoast SEO plugin v24.3 - https:\/\/yoast.com\/wordpress\/plugins\/seo\/ -->\n<title>Fiscal\u00eda General de la Naci\u00f3n<\/title>\n<meta name=\"description\" content=\"P\u00e1gina oficial de la Fiscal\u00eda General de la Naci\u00f3n \u2013 Colombia. Garantizamos el acceso efectivo a la justicia, la verdad y la reparaci\u00f3n de las v\u00edctimas de los delitos.\" \/>\n<meta name=\"robots\" content=\"noindex, follow\" \/>\n<meta property=\"og:locale\" content=\"es_ES\" \/>\n<meta property=\"og:type\" content=\"article\" \/>\n<meta property=\"og:title\" content=\"Fiscal\u00eda General de la Naci\u00f3n\" \/>\n<meta property=\"og:description\" content=\"P\u00e1gina oficial de la Fiscal\u00eda General de la Naci\u00f3n \u2013 Colombia. Garantizamos el acceso efectivo a la justicia, la verdad y la reparaci\u00f3n de las v\u00edctimas de los delitos.\" \/>\n<meta property=\"og:url\" content=\"https:\/\/www.fiscalia.gov.co\/colombia\/noticias\/fiscalia-presenta-escrito-de-acusacion-contra-exinspector-del-inpec-que-habria-pagado-y-planeado-el-homicidio-de-un-companero-que-lo-reporto-por-posibles-actos-de-indisciplina\/\" \/>\n<meta property=\"og:site_name\" content=\"Fiscal\u00eda General de la Naci\u00f3n\" \/>\n<meta property=\"article:publisher\" content=\"https:\/\/www.facebook.com\/FiscaliaCol\" \/>\n<meta property=\"article:published_time\" content=\"2022-09-24T14:52:09+00:00\" \/>\n<meta name=\"author\" content=\"Katherine Loaiza Mart\u00ednez\" \/>\n<meta name=\"twitter:card\" content=\"summary_large_image\" \/>\n<meta name=\"twitter:creator\" content=\"@FiscaliaCol\" \/>\n<meta name=\"twitter:site\" content=\"@FiscaliaCol\" \/>\n<meta name=\"twitter:label1\" content=\"Escrito por\" \/>\n\t<meta name=\"twitter:data1\" content=\"Katherine Loaiza Mart\u00ednez\" \/>\n\t<meta name=\"twitter:label2\" content=\"Tiempo de lectura\" \/>\n\t<meta name=\"twitter:data2\" content=\"2 minutos\" \/>\n<script type=\"application\/ld+json\" class=\"yoast-schema-graph\">{\"@context\":\"https:\/\/schema.org\",\"@graph\":[{\"@type\":\"Article\",\"@id\":\"https:\/\/www.fiscalia.gov.co\/colombia\/noticias\/fiscalia-presenta-escrito-de-acusacion-contra-exinspector-del-inpec-que-habria-pagado-y-planeado-el-homicidio-de-un-companero-que-lo-reporto-por-posibles-actos-de-indisciplina\/#article\",\"isPartOf\":{\"@id\":\"https:\/\/www.fiscalia.gov.co\/colombia\/noticias\/fiscalia-presenta-escrito-de-acusacion-contra-exinspector-del-inpec-que-habria-pagado-y-planeado-el-homicidio-de-un-companero-que-lo-reporto-por-posibles-actos-de-indisciplina\/\"},\"author\":{\"name\":\"Katherine Loaiza Mart\u00ednez\",\"@id\":\"https:\/\/www.fiscalia.gov.co\/colombia\/#\/schema\/person\/2e76b9aba5ecf875ed565ce4de0e0415\"},\"headline\":\"Fiscal\u00eda presenta escrito de acusaci\u00f3n contra exinspector del INPEC que habr\u00eda pagado y planeado el homicidio de un compa\u00f1ero que lo report\u00f3 por posibles actos de indisciplina\",\"datePublished\":\"2022-09-24T14:52:09+00:00\",\"dateModified\":\"2022-09-24T14:52:09+00:00\",\"mainEntityOfPage\":{\"@id\":\"https:\/\/www.fiscalia.gov.co\/colombia\/noticias\/fiscalia-presenta-escrito-de-acusacion-contra-exinspector-del-inpec-que-habria-pagado-y-planeado-el-homicidio-de-un-companero-que-lo-reporto-por-posibles-actos-de-indisciplina\/\"},\"wordCount\":415,\"publisher\":{\"@id\":\"https:\/\/www.fiscalia.gov.co\/colombia\/#organization\"},\"keywords\":[\"Fiscal Francisco Barbosa Delgado\",\"Fiscal General Francisco Barbosa\"],\"articleSection\":[\"Derechos Humanos\",\"Noticias\"],\"inLanguage\":\"es-CO\"},{\"@type\":\"WebPage\",\"@id\":\"https:\/\/www.fiscalia.gov.co\/colombia\/noticias\/fiscalia-presenta-escrito-de-acusacion-contra-exinspector-del-inpec-que-habria-pagado-y-planeado-el-homicidio-de-un-companero-que-lo-reporto-por-posibles-actos-de-indisciplina\/\",\"url\":\"https:\/\/www.fiscalia.gov.co\/colombia\/noticias\/fiscalia-presenta-escrito-de-acusacion-contra-exinspector-del-inpec-que-habria-pagado-y-planeado-el-homicidio-de-un-companero-que-lo-reporto-por-posibles-actos-de-indisciplina\/\",\"name\":\"Fiscal\u00eda General de la Naci\u00f3n\",\"isPartOf\":{\"@id\":\"https:\/\/www.fiscalia.gov.co\/colombia\/#website\"},\"datePublished\":\"2022-09-24T14:52:09+00:00\",\"dateModified\":\"2022-09-24T14:52:09+00:00\",\"description\":\"P\u00e1gina oficial de la Fiscal\u00eda General de la Naci\u00f3n \u2013 Colombia. Garantizamos el acceso efectivo a la justicia, la verdad y la reparaci\u00f3n de las v\u00edctimas de los delitos.\",\"breadcrumb\":{\"@id\":\"https:\/\/www.fiscalia.gov.co\/colombia\/noticias\/fiscalia-presenta-escrito-de-acusacion-contra-exinspector-del-inpec-que-habria-pagado-y-planeado-el-homicidio-de-un-companero-que-lo-reporto-por-posibles-actos-de-indisciplina\/#breadcrumb\"},\"inLanguage\":\"es-CO\",\"potentialAction\":[{\"@type\":\"ReadAction\",\"target\":[\"https:\/\/www.fiscalia.gov.co\/colombia\/noticias\/fiscalia-presenta-escrito-de-acusacion-contra-exinspector-del-inpec-que-habria-pagado-y-planeado-el-homicidio-de-un-companero-que-lo-reporto-por-posibles-actos-de-indisciplina\/\"]}]},{\"@type\":\"BreadcrumbList\",\"@id\":\"https:\/\/www.fiscalia.gov.co\/colombia\/noticias\/fiscalia-presenta-escrito-de-acusacion-contra-exinspector-del-inpec-que-habria-pagado-y-planeado-el-homicidio-de-un-companero-que-lo-reporto-por-posibles-actos-de-indisciplina\/#breadcrumb\",\"itemListElement\":[{\"@type\":\"ListItem\",\"position\":1,\"name\":\"Home\",\"item\":\"https:\/\/www.fiscalia.gov.co\/colombia\/\"},{\"@type\":\"ListItem\",\"position\":2,\"name\":\"Fiscal\u00eda presenta escrito de acusaci\u00f3n contra exinspector del INPEC que habr\u00eda pagado y planeado el homicidio de un compa\u00f1ero que lo report\u00f3 por posibles actos de indisciplina\"}]},{\"@type\":\"WebSite\",\"@id\":\"https:\/\/www.fiscalia.gov.co\/colombia\/#website\",\"url\":\"https:\/\/www.fiscalia.gov.co\/colombia\/\",\"name\":\"Fiscal\u00eda General de la Naci\u00f3n\",\"description\":\"P\u00e1gina oficial de la Fiscal\u00eda General de la Naci\u00f3n \u2013 Colombia. Garantizamos el acceso efectivo a la justicia, la verdad y la reparaci\u00f3n de las v\u00edctimas de los delitos.\",\"publisher\":{\"@id\":\"https:\/\/www.fiscalia.gov.co\/colombia\/#organization\"},\"potentialAction\":[{\"@type\":\"SearchAction\",\"target\":{\"@type\":\"EntryPoint\",\"urlTemplate\":\"https:\/\/www.fiscalia.gov.co\/colombia\/?s={search_term_string}\"},\"query-input\":{\"@type\":\"PropertyValueSpecification\",\"valueRequired\":true,\"valueName\":\"search_term_string\"}}],\"inLanguage\":\"es-CO\"},{\"@type\":\"Organization\",\"@id\":\"https:\/\/www.fiscalia.gov.co\/colombia\/#organization\",\"name\":\"Fiscal\u00eda General de la Naci\u00f3n\",\"url\":\"https:\/\/www.fiscalia.gov.co\/colombia\/\",\"logo\":{\"@type\":\"ImageObject\",\"inLanguage\":\"es-CO\",\"@id\":\"https:\/\/www.fiscalia.gov.co\/colombia\/#\/schema\/logo\/image\/\",\"url\":\"https:\/\/www.fiscalia.gov.co\/colombia\/wp-content\/uploads\/LogoHorizontal_1.jpg\",\"contentUrl\":\"https:\/\/www.fiscalia.gov.co\/colombia\/wp-content\/uploads\/LogoHorizontal_1.jpg\",\"width\":300,\"height\":90,\"caption\":\"Fiscal\u00eda General de la Naci\u00f3n\"},\"image\":{\"@id\":\"https:\/\/www.fiscalia.gov.co\/colombia\/#\/schema\/logo\/image\/\"},\"sameAs\":[\"https:\/\/www.facebook.com\/FiscaliaCol\",\"https:\/\/x.com\/FiscaliaCol\",\"https:\/\/www.instagram.com\/fiscaliacol\",\"https:\/\/www.linkedin.com\/company\/fiscalia-general-de-la-naci-n\/\",\"https:\/\/youtube.com\/@fiscaliageneraldelanacion-4668?si=6nN79nyQICPU5iTh\"]},{\"@type\":\"Person\",\"@id\":\"https:\/\/www.fiscalia.gov.co\/colombia\/#\/schema\/person\/2e76b9aba5ecf875ed565ce4de0e0415\",\"name\":\"Katherine Loaiza Mart\u00ednez\",\"image\":{\"@type\":\"ImageObject\",\"inLanguage\":\"es-CO\",\"@id\":\"https:\/\/www.fiscalia.gov.co\/colombia\/#\/schema\/person\/image\/\",\"url\":\"https:\/\/secure.gravatar.com\/avatar\/ab775a2f394c1b83b6d6f78680e57b50?s=96&d=mm&r=g\",\"contentUrl\":\"https:\/\/secure.gravatar.com\/avatar\/ab775a2f394c1b83b6d6f78680e57b50?s=96&d=mm&r=g\",\"caption\":\"Katherine Loaiza Mart\u00ednez\"},\"url\":\"https:\/\/www.fiscalia.gov.co\/colombia\/author\/kloaiza\/\"}]}<\/script>\n<!-- \/ Yoast SEO plugin. -->","yoast_head_json":{"title":"Fiscal\u00eda General de la Naci\u00f3n","description":"P\u00e1gina oficial de la Fiscal\u00eda General de la Naci\u00f3n \u2013 Colombia. Garantizamos el acceso efectivo a la justicia, la verdad y la reparaci\u00f3n de las v\u00edctimas de los delitos.","robots":{"index":"noindex","follow":"follow"},"og_locale":"es_ES","og_type":"article","og_title":"Fiscal\u00eda General de la Naci\u00f3n","og_description":"P\u00e1gina oficial de la Fiscal\u00eda General de la Naci\u00f3n \u2013 Colombia. Garantizamos el acceso efectivo a la justicia, la verdad y la reparaci\u00f3n de las v\u00edctimas de los delitos.","og_url":"https:\/\/www.fiscalia.gov.co\/colombia\/noticias\/fiscalia-presenta-escrito-de-acusacion-contra-exinspector-del-inpec-que-habria-pagado-y-planeado-el-homicidio-de-un-companero-que-lo-reporto-por-posibles-actos-de-indisciplina\/","og_site_name":"Fiscal\u00eda General de la Naci\u00f3n","article_publisher":"https:\/\/www.facebook.com\/FiscaliaCol","article_published_time":"2022-09-24T14:52:09+00:00","author":"Katherine Loaiza Mart\u00ednez","twitter_card":"summary_large_image","twitter_creator":"@FiscaliaCol","twitter_site":"@FiscaliaCol","twitter_misc":{"Escrito por":"Katherine Loaiza Mart\u00ednez","Tiempo de lectura":"2 minutos"},"schema":{"@context":"https:\/\/schema.org","@graph":[{"@type":"Article","@id":"https:\/\/www.fiscalia.gov.co\/colombia\/noticias\/fiscalia-presenta-escrito-de-acusacion-contra-exinspector-del-inpec-que-habria-pagado-y-planeado-el-homicidio-de-un-companero-que-lo-reporto-por-posibles-actos-de-indisciplina\/#article","isPartOf":{"@id":"https:\/\/www.fiscalia.gov.co\/colombia\/noticias\/fiscalia-presenta-escrito-de-acusacion-contra-exinspector-del-inpec-que-habria-pagado-y-planeado-el-homicidio-de-un-companero-que-lo-reporto-por-posibles-actos-de-indisciplina\/"},"author":{"name":"Katherine Loaiza Mart\u00ednez","@id":"https:\/\/www.fiscalia.gov.co\/colombia\/#\/schema\/person\/2e76b9aba5ecf875ed565ce4de0e0415"},"headline":"Fiscal\u00eda presenta escrito de acusaci\u00f3n contra exinspector del INPEC que habr\u00eda pagado y planeado el homicidio de un compa\u00f1ero que lo report\u00f3 por posibles actos de indisciplina","datePublished":"2022-09-24T14:52:09+00:00","dateModified":"2022-09-24T14:52:09+00:00","mainEntityOfPage":{"@id":"https:\/\/www.fiscalia.gov.co\/colombia\/noticias\/fiscalia-presenta-escrito-de-acusacion-contra-exinspector-del-inpec-que-habria-pagado-y-planeado-el-homicidio-de-un-companero-que-lo-reporto-por-posibles-actos-de-indisciplina\/"},"wordCount":415,"publisher":{"@id":"https:\/\/www.fiscalia.gov.co\/colombia\/#organization"},"keywords":["Fiscal Francisco Barbosa Delgado","Fiscal General Francisco Barbosa"],"articleSection":["Derechos Humanos","Noticias"],"inLanguage":"es-CO"},{"@type":"WebPage","@id":"https:\/\/www.fiscalia.gov.co\/colombia\/noticias\/fiscalia-presenta-escrito-de-acusacion-contra-exinspector-del-inpec-que-habria-pagado-y-planeado-el-homicidio-de-un-companero-que-lo-reporto-por-posibles-actos-de-indisciplina\/","url":"https:\/\/www.fiscalia.gov.co\/colombia\/noticias\/fiscalia-presenta-escrito-de-acusacion-contra-exinspector-del-inpec-que-habria-pagado-y-planeado-el-homicidio-de-un-companero-que-lo-reporto-por-posibles-actos-de-indisciplina\/","name":"Fiscal\u00eda General de la Naci\u00f3n","isPartOf":{"@id":"https:\/\/www.fiscalia.gov.co\/colombia\/#website"},"datePublished":"2022-09-24T14:52:09+00:00","dateModified":"2022-09-24T14:52:09+00:00","description":"P\u00e1gina oficial de la Fiscal\u00eda General de la Naci\u00f3n \u2013 Colombia. Garantizamos el acceso efectivo a la justicia, la verdad y la reparaci\u00f3n de las v\u00edctimas de los delitos.","breadcrumb":{"@id":"https:\/\/www.fiscalia.gov.co\/colombia\/noticias\/fiscalia-presenta-escrito-de-acusacion-contra-exinspector-del-inpec-que-habria-pagado-y-planeado-el-homicidio-de-un-companero-que-lo-reporto-por-posibles-actos-de-indisciplina\/#breadcrumb"},"inLanguage":"es-CO","potentialAction":[{"@type":"ReadAction","target":["https:\/\/www.fiscalia.gov.co\/colombia\/noticias\/fiscalia-presenta-escrito-de-acusacion-contra-exinspector-del-inpec-que-habria-pagado-y-planeado-el-homicidio-de-un-companero-que-lo-reporto-por-posibles-actos-de-indisciplina\/"]}]},{"@type":"BreadcrumbList","@id":"https:\/\/www.fiscalia.gov.co\/colombia\/noticias\/fiscalia-presenta-escrito-de-acusacion-contra-exinspector-del-inpec-que-habria-pagado-y-planeado-el-homicidio-de-un-companero-que-lo-reporto-por-posibles-actos-de-indisciplina\/#breadcrumb","itemListElement":[{"@type":"ListItem","position":1,"name":"Home","item":"https:\/\/www.fiscalia.gov.co\/colombia\/"},{"@type":"ListItem","position":2,"name":"Fiscal\u00eda presenta escrito de acusaci\u00f3n contra exinspector del INPEC que habr\u00eda pagado y planeado el homicidio de un compa\u00f1ero que lo report\u00f3 por posibles actos de indisciplina"}]},{"@type":"WebSite","@id":"https:\/\/www.fiscalia.gov.co\/colombia\/#website","url":"https:\/\/www.fiscalia.gov.co\/colombia\/","name":"Fiscal\u00eda General de la Naci\u00f3n","description":"P\u00e1gina oficial de la Fiscal\u00eda General de la Naci\u00f3n \u2013 Colombia. Garantizamos el acceso efectivo a la justicia, la verdad y la reparaci\u00f3n de las v\u00edctimas de los delitos.","publisher":{"@id":"https:\/\/www.fiscalia.gov.co\/colombia\/#organization"},"potentialAction":[{"@type":"SearchAction","target":{"@type":"EntryPoint","urlTemplate":"https:\/\/www.fiscalia.gov.co\/colombia\/?s={search_term_string}"},"query-input":{"@type":"PropertyValueSpecification","valueRequired":true,"valueName":"search_term_string"}}],"inLanguage":"es-CO"},{"@type":"Organization","@id":"https:\/\/www.fiscalia.gov.co\/colombia\/#organization","name":"Fiscal\u00eda General de la Naci\u00f3n","url":"https:\/\/www.fiscalia.gov.co\/colombia\/","logo":{"@type":"ImageObject","inLanguage":"es-CO","@id":"https:\/\/www.fiscalia.gov.co\/colombia\/#\/schema\/logo\/image\/","url":"https:\/\/www.fiscalia.gov.co\/colombia\/wp-content\/uploads\/LogoHorizontal_1.jpg","contentUrl":"https:\/\/www.fiscalia.gov.co\/colombia\/wp-content\/uploads\/LogoHorizontal_1.jpg","width":300,"height":90,"caption":"Fiscal\u00eda General de la Naci\u00f3n"},"image":{"@id":"https:\/\/www.fiscalia.gov.co\/colombia\/#\/schema\/logo\/image\/"},"sameAs":["https:\/\/www.facebook.com\/FiscaliaCol","https:\/\/x.com\/FiscaliaCol","https:\/\/www.instagram.com\/fiscaliacol","https:\/\/www.linkedin.com\/company\/fiscalia-general-de-la-naci-n\/","https:\/\/youtube.com\/@fiscaliageneraldelanacion-4668?si=6nN79nyQICPU5iTh"]},{"@type":"Person","@id":"https:\/\/www.fiscalia.gov.co\/colombia\/#\/schema\/person\/2e76b9aba5ecf875ed565ce4de0e0415","name":"Katherine Loaiza Mart\u00ednez","image":{"@type":"ImageObject","inLanguage":"es-CO","@id":"https:\/\/www.fiscalia.gov.co\/colombia\/#\/schema\/person\/image\/","url":"https:\/\/secure.gravatar.com\/avatar\/ab775a2f394c1b83b6d6f78680e57b50?s=96&d=mm&r=g","contentUrl":"https:\/\/secure.gravatar.com\/avatar\/ab775a2f394c1b83b6d6f78680e57b50?s=96&d=mm&r=g","caption":"Katherine Loaiza Mart\u00ednez"},"url":"https:\/\/www.fiscalia.gov.co\/colombia\/author\/kloaiza\/"}]}},"_links":{"self":[{"href":"https:\/\/www.fiscalia.gov.co\/colombia\/wp-json\/wp\/v2\/posts\/257888","targetHints":{"allow":["GET"]}}],"collection":[{"href":"https:\/\/www.fiscalia.gov.co\/colombia\/wp-json\/wp\/v2\/posts"}],"about":[{"href":"https:\/\/www.fiscalia.gov.co\/colombia\/wp-json\/wp\/v2\/types\/post"}],"author":[{"embeddable":true,"href":"https:\/\/www.fiscalia.gov.co\/colombia\/wp-json\/wp\/v2\/users\/175"}],"replies":[{"embeddable":true,"href":"https:\/\/www.fiscalia.gov.co\/colombia\/wp-json\/wp\/v2\/comments?post=257888"}],"version-history":[{"count":1,"href":"https:\/\/www.fiscalia.gov.co\/colombia\/wp-json\/wp\/v2\/posts\/257888\/revisions"}],"predecessor-version":[{"id":257889,"href":"https:\/\/www.fiscalia.gov.co\/colombia\/wp-json\/wp\/v2\/posts\/257888\/revisions\/257889"}],"wp:attachment":[{"href":"https:\/\/www.fiscalia.gov.co\/colombia\/wp-json\/wp\/v2\/media?parent=257888"}],"wp:term":[{"taxonomy":"category","embeddable":true,"href":"https:\/\/www.fiscalia.gov.co\/colombia\/wp-json\/wp\/v2\/categories?post=257888"},{"taxonomy":"post_tag","embeddable":true,"href":"https:\/\/www.fiscalia.gov.co\/colombia\/wp-json\/wp\/v2\/tags?post=257888"}],"curies":[{"name":"wp","href":"https:\/\/api.w.org\/{rel}","templated":true}]}}