{"id":257615,"date":"2022-09-22T09:30:45","date_gmt":"2022-09-22T14:30:45","guid":{"rendered":"https:\/\/www.fiscalia.gov.co\/colombia\/?p=257615"},"modified":"2022-09-30T15:04:16","modified_gmt":"2022-09-30T20:04:16","slug":"fiscalia-ocupo-con-fines-de-extincion-de-dominio-bienes-por-mas-de-30-000-millones-de-pesos-de-presuntos-testaferros-de-martin-llanos","status":"publish","type":"post","link":"https:\/\/www.fiscalia.gov.co\/colombia\/noticias\/fiscalia-ocupo-con-fines-de-extincion-de-dominio-bienes-por-mas-de-30-000-millones-de-pesos-de-presuntos-testaferros-de-martin-llanos\/","title":{"rendered":"Fiscal\u00eda ocup\u00f3 con fines de extinci\u00f3n de dominio bienes por m\u00e1s de 30.000 millones de pesos de presuntos testaferros de Mart\u00edn Llanos"},"content":{"rendered":"<h4><strong><em>Los activos afectados har\u00edan parte del patrimonio ilegal de los hermanos V\u00edctor Manuel, \u00c1lvaro Albeiro y Jairo Fredy Var\u00f3n Ram\u00edrez, quienes hicieron parte de los grupos paramilitares de Casanare.<\/em><\/strong><\/h4>\n<p>La Fiscal\u00eda General de la Naci\u00f3n, a trav\u00e9s de la Direcci\u00f3n Especializada de Extinci\u00f3n del Derecho de Dominio, impuso medidas cautelares sobre 21 inmuebles rurales, 5 urbanos y 1 establecimiento de comercio avaluados en m\u00e1s de 30.000 millones de pesos, que pertenecer\u00edan a exintegrantes de las extintas AUC.<\/p>\n<p>Los bienes afectados est\u00e1n ubicados en Vista Hermosa, Villavicencio y Restrepo (Meta); Man\u00ed, Tauramena y Monterrey (Casanare); y Bogot\u00e1.<\/p>\n<p>Seg\u00fan la investigaci\u00f3n, adelantada con el apoyo de la Dijin de la Polic\u00eda Nacional, los activos fueron adquiridos en 1999 por los hermanos V\u00edctor Manuel, \u00c1lvaro Albeiro y Jairo Fredy Var\u00f3n Ram\u00edrez, quienes hicieron parte de las Autodefensas Campesinas del Casanare, cuyo m\u00e1ximo cabecilla era H\u00e9ctor Germ\u00e1n Buitrago, alias Mart\u00edn Llanos.<\/p>\n<p>Los predios habr\u00edan sido adquiridos con dinero producto de actividades ilegales como desplazamientos forzados, extorsi\u00f3n, narcotr\u00e1fico, abigeato y hurto. Por estas condutas, el Tribunal Superior de Yopal (Casanare) conden\u00f3 a los hermanos Var\u00f3n Ram\u00edrez.<\/p>\n<p>La Sociedad de Activos Especiales (SAE) ser\u00e1 la encargada de administrar los bienes que recibieron medidas cautelares de suspensi\u00f3n del poder dispositivo, embargo y secuestro.<\/p>\n<p>Esta informaci\u00f3n se publica por razones de inter\u00e9s general.<\/p>\n<p><strong>La Fiscal\u00eda habla con resultados.<\/strong><\/p>\n<p>&nbsp;<\/p>\n<p>&nbsp;<\/p>\n<p>&nbsp;<\/p>\n<p>MAGA\/JARG\/CEVG\/LPDS\/DEEDD\/MRC.<\/p>\n<p>&nbsp;<\/p>\n<p>&nbsp;<\/p>\n<p>&nbsp;<\/p>\n<div class=\"td-post-content tagdiv-type\">\n<div class=\"td-post-content tagdiv-type\">\n<p><em>La informaci\u00f3n contenida en este bolet\u00edn de prensa corresponde a la narraci\u00f3n de los hechos noticiosos objetivos, suministrados por los funcionarios encargados de adelantar las investigaciones penales al interior de la Fiscal\u00eda General de la Naci\u00f3n. Para el momento de la divulgaci\u00f3n de este comunicado, la situaci\u00f3n jur\u00eddica de la(s) persona(s) relacionada(s) se encuentra pendiente de resolver por la autoridad judicial competente, siempre bajo los preceptos de la presunci\u00f3n de inocencia, consagrados en el art\u00edculo 29 de la Constituci\u00f3n Pol\u00edtica y el art\u00edculo 7\u00ba de la Ley 906 de 2004.<\/em><strong>\u00a0<\/strong><\/p>\n<\/div>\n<\/div>\n\n<div class=\"twitter-share\"><a href=\"https:\/\/twitter.com\/intent\/tweet?via=fiscaliacol\" class=\"twitter-share-button\">Tweet<\/a><\/div>\n","protected":false},"excerpt":{"rendered":"<p>Los activos afectados har\u00edan parte del patrimonio ilegal de los hermanos V\u00edctor Manuel, \u00c1lvaro Albeiro y Jairo Fredy Var\u00f3n Ram\u00edrez, quienes hicieron parte de los grupos paramilitares de Casanare. La [&hellip;]<\/p>\n","protected":false},"author":177,"featured_media":0,"comment_status":"closed","ping_status":"open","sticky":false,"template":"","format":"video","meta":{"tdm_status":"","tdm_grid_status":"","footnotes":""},"categories":[24116,1],"tags":[7034,1441,24185,32930,1517],"class_list":["post-257615","post","type-post","status-publish","format-video","category-extincion-de-dominio","category-noticias","tag-casanare","tag-extincion-de-dominio","tag-fiscal-barbosa","tag-fiscali-general-de-la-nacion","tag-paramilitares","post_format-post-format-video"],"yoast_head":"<!-- This site is optimized with the Yoast SEO plugin v24.3 - https:\/\/yoast.com\/wordpress\/plugins\/seo\/ -->\n<title>Fiscal\u00eda General de la Naci\u00f3n<\/title>\n<meta name=\"description\" content=\"P\u00e1gina oficial de la Fiscal\u00eda General de la Naci\u00f3n \u2013 Colombia. Garantizamos el acceso efectivo a la justicia, la verdad y la reparaci\u00f3n de las v\u00edctimas de los delitos.\" \/>\n<meta name=\"robots\" content=\"noindex, follow\" \/>\n<meta property=\"og:locale\" content=\"es_ES\" \/>\n<meta property=\"og:type\" content=\"article\" \/>\n<meta property=\"og:title\" content=\"Fiscal\u00eda General de la Naci\u00f3n\" \/>\n<meta property=\"og:description\" content=\"P\u00e1gina oficial de la Fiscal\u00eda General de la Naci\u00f3n \u2013 Colombia. Garantizamos el acceso efectivo a la justicia, la verdad y la reparaci\u00f3n de las v\u00edctimas de los delitos.\" \/>\n<meta property=\"og:url\" content=\"https:\/\/www.fiscalia.gov.co\/colombia\/noticias\/fiscalia-ocupo-con-fines-de-extincion-de-dominio-bienes-por-mas-de-30-000-millones-de-pesos-de-presuntos-testaferros-de-martin-llanos\/\" \/>\n<meta property=\"og:site_name\" content=\"Fiscal\u00eda General de la Naci\u00f3n\" \/>\n<meta property=\"article:publisher\" content=\"https:\/\/www.facebook.com\/FiscaliaCol\" \/>\n<meta property=\"article:published_time\" content=\"2022-09-22T14:30:45+00:00\" \/>\n<meta property=\"article:modified_time\" content=\"2022-09-30T20:04:16+00:00\" \/>\n<meta name=\"author\" content=\"Jordan Leandro Oviedo Anzola\" \/>\n<meta name=\"twitter:card\" content=\"summary_large_image\" \/>\n<meta name=\"twitter:creator\" content=\"@FiscaliaCol\" \/>\n<meta name=\"twitter:site\" content=\"@FiscaliaCol\" \/>\n<meta name=\"twitter:label1\" content=\"Escrito por\" \/>\n\t<meta name=\"twitter:data1\" content=\"Jordan Leandro Oviedo Anzola\" \/>\n\t<meta name=\"twitter:label2\" content=\"Tiempo de lectura\" \/>\n\t<meta name=\"twitter:data2\" content=\"2 minutos\" \/>\n<script type=\"application\/ld+json\" class=\"yoast-schema-graph\">{\"@context\":\"https:\/\/schema.org\",\"@graph\":[{\"@type\":\"Article\",\"@id\":\"https:\/\/www.fiscalia.gov.co\/colombia\/noticias\/fiscalia-ocupo-con-fines-de-extincion-de-dominio-bienes-por-mas-de-30-000-millones-de-pesos-de-presuntos-testaferros-de-martin-llanos\/#article\",\"isPartOf\":{\"@id\":\"https:\/\/www.fiscalia.gov.co\/colombia\/noticias\/fiscalia-ocupo-con-fines-de-extincion-de-dominio-bienes-por-mas-de-30-000-millones-de-pesos-de-presuntos-testaferros-de-martin-llanos\/\"},\"author\":{\"name\":\"Jordan Leandro Oviedo Anzola\",\"@id\":\"https:\/\/www.fiscalia.gov.co\/colombia\/#\/schema\/person\/bf84402cf293a5393e9c70b111020b24\"},\"headline\":\"Fiscal\u00eda ocup\u00f3 con fines de extinci\u00f3n de dominio bienes por m\u00e1s de 30.000 millones de pesos de presuntos testaferros de Mart\u00edn Llanos\",\"datePublished\":\"2022-09-22T14:30:45+00:00\",\"dateModified\":\"2022-09-30T20:04:16+00:00\",\"mainEntityOfPage\":{\"@id\":\"https:\/\/www.fiscalia.gov.co\/colombia\/noticias\/fiscalia-ocupo-con-fines-de-extincion-de-dominio-bienes-por-mas-de-30-000-millones-de-pesos-de-presuntos-testaferros-de-martin-llanos\/\"},\"wordCount\":385,\"publisher\":{\"@id\":\"https:\/\/www.fiscalia.gov.co\/colombia\/#organization\"},\"keywords\":[\"Casanare\",\"Extinci\u00f3n de dominio\",\"Fiscal Barbosa\",\"Fiscali General de la Naci\u00f3n\",\"Paramilitares\"],\"articleSection\":[\"Extinci\u00f3n de dominio\",\"Noticias\"],\"inLanguage\":\"es-CO\"},{\"@type\":\"WebPage\",\"@id\":\"https:\/\/www.fiscalia.gov.co\/colombia\/noticias\/fiscalia-ocupo-con-fines-de-extincion-de-dominio-bienes-por-mas-de-30-000-millones-de-pesos-de-presuntos-testaferros-de-martin-llanos\/\",\"url\":\"https:\/\/www.fiscalia.gov.co\/colombia\/noticias\/fiscalia-ocupo-con-fines-de-extincion-de-dominio-bienes-por-mas-de-30-000-millones-de-pesos-de-presuntos-testaferros-de-martin-llanos\/\",\"name\":\"Fiscal\u00eda General de la Naci\u00f3n\",\"isPartOf\":{\"@id\":\"https:\/\/www.fiscalia.gov.co\/colombia\/#website\"},\"datePublished\":\"2022-09-22T14:30:45+00:00\",\"dateModified\":\"2022-09-30T20:04:16+00:00\",\"description\":\"P\u00e1gina oficial de la Fiscal\u00eda General de la Naci\u00f3n \u2013 Colombia. Garantizamos el acceso efectivo a la justicia, la verdad y la reparaci\u00f3n de las v\u00edctimas de los delitos.\",\"breadcrumb\":{\"@id\":\"https:\/\/www.fiscalia.gov.co\/colombia\/noticias\/fiscalia-ocupo-con-fines-de-extincion-de-dominio-bienes-por-mas-de-30-000-millones-de-pesos-de-presuntos-testaferros-de-martin-llanos\/#breadcrumb\"},\"inLanguage\":\"es-CO\",\"potentialAction\":[{\"@type\":\"ReadAction\",\"target\":[\"https:\/\/www.fiscalia.gov.co\/colombia\/noticias\/fiscalia-ocupo-con-fines-de-extincion-de-dominio-bienes-por-mas-de-30-000-millones-de-pesos-de-presuntos-testaferros-de-martin-llanos\/\"]}]},{\"@type\":\"BreadcrumbList\",\"@id\":\"https:\/\/www.fiscalia.gov.co\/colombia\/noticias\/fiscalia-ocupo-con-fines-de-extincion-de-dominio-bienes-por-mas-de-30-000-millones-de-pesos-de-presuntos-testaferros-de-martin-llanos\/#breadcrumb\",\"itemListElement\":[{\"@type\":\"ListItem\",\"position\":1,\"name\":\"Home\",\"item\":\"https:\/\/www.fiscalia.gov.co\/colombia\/\"},{\"@type\":\"ListItem\",\"position\":2,\"name\":\"Fiscal\u00eda ocup\u00f3 con fines de extinci\u00f3n de dominio bienes por m\u00e1s de 30.000 millones de pesos de presuntos testaferros de Mart\u00edn Llanos\"}]},{\"@type\":\"WebSite\",\"@id\":\"https:\/\/www.fiscalia.gov.co\/colombia\/#website\",\"url\":\"https:\/\/www.fiscalia.gov.co\/colombia\/\",\"name\":\"Fiscal\u00eda General de la Naci\u00f3n\",\"description\":\"P\u00e1gina oficial de la Fiscal\u00eda General de la Naci\u00f3n \u2013 Colombia. Garantizamos el acceso efectivo a la justicia, la verdad y la reparaci\u00f3n de las v\u00edctimas de los delitos.\",\"publisher\":{\"@id\":\"https:\/\/www.fiscalia.gov.co\/colombia\/#organization\"},\"potentialAction\":[{\"@type\":\"SearchAction\",\"target\":{\"@type\":\"EntryPoint\",\"urlTemplate\":\"https:\/\/www.fiscalia.gov.co\/colombia\/?s={search_term_string}\"},\"query-input\":{\"@type\":\"PropertyValueSpecification\",\"valueRequired\":true,\"valueName\":\"search_term_string\"}}],\"inLanguage\":\"es-CO\"},{\"@type\":\"Organization\",\"@id\":\"https:\/\/www.fiscalia.gov.co\/colombia\/#organization\",\"name\":\"Fiscal\u00eda General de la Naci\u00f3n\",\"url\":\"https:\/\/www.fiscalia.gov.co\/colombia\/\",\"logo\":{\"@type\":\"ImageObject\",\"inLanguage\":\"es-CO\",\"@id\":\"https:\/\/www.fiscalia.gov.co\/colombia\/#\/schema\/logo\/image\/\",\"url\":\"https:\/\/www.fiscalia.gov.co\/colombia\/wp-content\/uploads\/LogoHorizontal_1.jpg\",\"contentUrl\":\"https:\/\/www.fiscalia.gov.co\/colombia\/wp-content\/uploads\/LogoHorizontal_1.jpg\",\"width\":300,\"height\":90,\"caption\":\"Fiscal\u00eda General de la Naci\u00f3n\"},\"image\":{\"@id\":\"https:\/\/www.fiscalia.gov.co\/colombia\/#\/schema\/logo\/image\/\"},\"sameAs\":[\"https:\/\/www.facebook.com\/FiscaliaCol\",\"https:\/\/x.com\/FiscaliaCol\",\"https:\/\/www.instagram.com\/fiscaliacol\",\"https:\/\/www.linkedin.com\/company\/fiscalia-general-de-la-naci-n\/\",\"https:\/\/youtube.com\/@fiscaliageneraldelanacion-4668?si=6nN79nyQICPU5iTh\"]},{\"@type\":\"Person\",\"@id\":\"https:\/\/www.fiscalia.gov.co\/colombia\/#\/schema\/person\/bf84402cf293a5393e9c70b111020b24\",\"name\":\"Jordan Leandro Oviedo Anzola\",\"image\":{\"@type\":\"ImageObject\",\"inLanguage\":\"es-CO\",\"@id\":\"https:\/\/www.fiscalia.gov.co\/colombia\/#\/schema\/person\/image\/\",\"url\":\"https:\/\/secure.gravatar.com\/avatar\/dabba4346fa9b9207d96adafa8f92721?s=96&d=mm&r=g\",\"contentUrl\":\"https:\/\/secure.gravatar.com\/avatar\/dabba4346fa9b9207d96adafa8f92721?s=96&d=mm&r=g\",\"caption\":\"Jordan Leandro Oviedo Anzola\"},\"url\":\"https:\/\/www.fiscalia.gov.co\/colombia\/author\/joviedo\/\"}]}<\/script>\n<!-- \/ Yoast SEO plugin. -->","yoast_head_json":{"title":"Fiscal\u00eda General de la Naci\u00f3n","description":"P\u00e1gina oficial de la Fiscal\u00eda General de la Naci\u00f3n \u2013 Colombia. Garantizamos el acceso efectivo a la justicia, la verdad y la reparaci\u00f3n de las v\u00edctimas de los delitos.","robots":{"index":"noindex","follow":"follow"},"og_locale":"es_ES","og_type":"article","og_title":"Fiscal\u00eda General de la Naci\u00f3n","og_description":"P\u00e1gina oficial de la Fiscal\u00eda General de la Naci\u00f3n \u2013 Colombia. Garantizamos el acceso efectivo a la justicia, la verdad y la reparaci\u00f3n de las v\u00edctimas de los delitos.","og_url":"https:\/\/www.fiscalia.gov.co\/colombia\/noticias\/fiscalia-ocupo-con-fines-de-extincion-de-dominio-bienes-por-mas-de-30-000-millones-de-pesos-de-presuntos-testaferros-de-martin-llanos\/","og_site_name":"Fiscal\u00eda General de la Naci\u00f3n","article_publisher":"https:\/\/www.facebook.com\/FiscaliaCol","article_published_time":"2022-09-22T14:30:45+00:00","article_modified_time":"2022-09-30T20:04:16+00:00","author":"Jordan Leandro Oviedo Anzola","twitter_card":"summary_large_image","twitter_creator":"@FiscaliaCol","twitter_site":"@FiscaliaCol","twitter_misc":{"Escrito por":"Jordan Leandro Oviedo Anzola","Tiempo de lectura":"2 minutos"},"schema":{"@context":"https:\/\/schema.org","@graph":[{"@type":"Article","@id":"https:\/\/www.fiscalia.gov.co\/colombia\/noticias\/fiscalia-ocupo-con-fines-de-extincion-de-dominio-bienes-por-mas-de-30-000-millones-de-pesos-de-presuntos-testaferros-de-martin-llanos\/#article","isPartOf":{"@id":"https:\/\/www.fiscalia.gov.co\/colombia\/noticias\/fiscalia-ocupo-con-fines-de-extincion-de-dominio-bienes-por-mas-de-30-000-millones-de-pesos-de-presuntos-testaferros-de-martin-llanos\/"},"author":{"name":"Jordan Leandro Oviedo Anzola","@id":"https:\/\/www.fiscalia.gov.co\/colombia\/#\/schema\/person\/bf84402cf293a5393e9c70b111020b24"},"headline":"Fiscal\u00eda ocup\u00f3 con fines de extinci\u00f3n de dominio bienes por m\u00e1s de 30.000 millones de pesos de presuntos testaferros de Mart\u00edn Llanos","datePublished":"2022-09-22T14:30:45+00:00","dateModified":"2022-09-30T20:04:16+00:00","mainEntityOfPage":{"@id":"https:\/\/www.fiscalia.gov.co\/colombia\/noticias\/fiscalia-ocupo-con-fines-de-extincion-de-dominio-bienes-por-mas-de-30-000-millones-de-pesos-de-presuntos-testaferros-de-martin-llanos\/"},"wordCount":385,"publisher":{"@id":"https:\/\/www.fiscalia.gov.co\/colombia\/#organization"},"keywords":["Casanare","Extinci\u00f3n de dominio","Fiscal Barbosa","Fiscali General de la Naci\u00f3n","Paramilitares"],"articleSection":["Extinci\u00f3n de dominio","Noticias"],"inLanguage":"es-CO"},{"@type":"WebPage","@id":"https:\/\/www.fiscalia.gov.co\/colombia\/noticias\/fiscalia-ocupo-con-fines-de-extincion-de-dominio-bienes-por-mas-de-30-000-millones-de-pesos-de-presuntos-testaferros-de-martin-llanos\/","url":"https:\/\/www.fiscalia.gov.co\/colombia\/noticias\/fiscalia-ocupo-con-fines-de-extincion-de-dominio-bienes-por-mas-de-30-000-millones-de-pesos-de-presuntos-testaferros-de-martin-llanos\/","name":"Fiscal\u00eda General de la Naci\u00f3n","isPartOf":{"@id":"https:\/\/www.fiscalia.gov.co\/colombia\/#website"},"datePublished":"2022-09-22T14:30:45+00:00","dateModified":"2022-09-30T20:04:16+00:00","description":"P\u00e1gina oficial de la Fiscal\u00eda General de la Naci\u00f3n \u2013 Colombia. Garantizamos el acceso efectivo a la justicia, la verdad y la reparaci\u00f3n de las v\u00edctimas de los delitos.","breadcrumb":{"@id":"https:\/\/www.fiscalia.gov.co\/colombia\/noticias\/fiscalia-ocupo-con-fines-de-extincion-de-dominio-bienes-por-mas-de-30-000-millones-de-pesos-de-presuntos-testaferros-de-martin-llanos\/#breadcrumb"},"inLanguage":"es-CO","potentialAction":[{"@type":"ReadAction","target":["https:\/\/www.fiscalia.gov.co\/colombia\/noticias\/fiscalia-ocupo-con-fines-de-extincion-de-dominio-bienes-por-mas-de-30-000-millones-de-pesos-de-presuntos-testaferros-de-martin-llanos\/"]}]},{"@type":"BreadcrumbList","@id":"https:\/\/www.fiscalia.gov.co\/colombia\/noticias\/fiscalia-ocupo-con-fines-de-extincion-de-dominio-bienes-por-mas-de-30-000-millones-de-pesos-de-presuntos-testaferros-de-martin-llanos\/#breadcrumb","itemListElement":[{"@type":"ListItem","position":1,"name":"Home","item":"https:\/\/www.fiscalia.gov.co\/colombia\/"},{"@type":"ListItem","position":2,"name":"Fiscal\u00eda ocup\u00f3 con fines de extinci\u00f3n de dominio bienes por m\u00e1s de 30.000 millones de pesos de presuntos testaferros de Mart\u00edn Llanos"}]},{"@type":"WebSite","@id":"https:\/\/www.fiscalia.gov.co\/colombia\/#website","url":"https:\/\/www.fiscalia.gov.co\/colombia\/","name":"Fiscal\u00eda General de la Naci\u00f3n","description":"P\u00e1gina oficial de la Fiscal\u00eda General de la Naci\u00f3n \u2013 Colombia. Garantizamos el acceso efectivo a la justicia, la verdad y la reparaci\u00f3n de las v\u00edctimas de los delitos.","publisher":{"@id":"https:\/\/www.fiscalia.gov.co\/colombia\/#organization"},"potentialAction":[{"@type":"SearchAction","target":{"@type":"EntryPoint","urlTemplate":"https:\/\/www.fiscalia.gov.co\/colombia\/?s={search_term_string}"},"query-input":{"@type":"PropertyValueSpecification","valueRequired":true,"valueName":"search_term_string"}}],"inLanguage":"es-CO"},{"@type":"Organization","@id":"https:\/\/www.fiscalia.gov.co\/colombia\/#organization","name":"Fiscal\u00eda General de la Naci\u00f3n","url":"https:\/\/www.fiscalia.gov.co\/colombia\/","logo":{"@type":"ImageObject","inLanguage":"es-CO","@id":"https:\/\/www.fiscalia.gov.co\/colombia\/#\/schema\/logo\/image\/","url":"https:\/\/www.fiscalia.gov.co\/colombia\/wp-content\/uploads\/LogoHorizontal_1.jpg","contentUrl":"https:\/\/www.fiscalia.gov.co\/colombia\/wp-content\/uploads\/LogoHorizontal_1.jpg","width":300,"height":90,"caption":"Fiscal\u00eda General de la Naci\u00f3n"},"image":{"@id":"https:\/\/www.fiscalia.gov.co\/colombia\/#\/schema\/logo\/image\/"},"sameAs":["https:\/\/www.facebook.com\/FiscaliaCol","https:\/\/x.com\/FiscaliaCol","https:\/\/www.instagram.com\/fiscaliacol","https:\/\/www.linkedin.com\/company\/fiscalia-general-de-la-naci-n\/","https:\/\/youtube.com\/@fiscaliageneraldelanacion-4668?si=6nN79nyQICPU5iTh"]},{"@type":"Person","@id":"https:\/\/www.fiscalia.gov.co\/colombia\/#\/schema\/person\/bf84402cf293a5393e9c70b111020b24","name":"Jordan Leandro Oviedo Anzola","image":{"@type":"ImageObject","inLanguage":"es-CO","@id":"https:\/\/www.fiscalia.gov.co\/colombia\/#\/schema\/person\/image\/","url":"https:\/\/secure.gravatar.com\/avatar\/dabba4346fa9b9207d96adafa8f92721?s=96&d=mm&r=g","contentUrl":"https:\/\/secure.gravatar.com\/avatar\/dabba4346fa9b9207d96adafa8f92721?s=96&d=mm&r=g","caption":"Jordan Leandro Oviedo Anzola"},"url":"https:\/\/www.fiscalia.gov.co\/colombia\/author\/joviedo\/"}]}},"_links":{"self":[{"href":"https:\/\/www.fiscalia.gov.co\/colombia\/wp-json\/wp\/v2\/posts\/257615","targetHints":{"allow":["GET"]}}],"collection":[{"href":"https:\/\/www.fiscalia.gov.co\/colombia\/wp-json\/wp\/v2\/posts"}],"about":[{"href":"https:\/\/www.fiscalia.gov.co\/colombia\/wp-json\/wp\/v2\/types\/post"}],"author":[{"embeddable":true,"href":"https:\/\/www.fiscalia.gov.co\/colombia\/wp-json\/wp\/v2\/users\/177"}],"replies":[{"embeddable":true,"href":"https:\/\/www.fiscalia.gov.co\/colombia\/wp-json\/wp\/v2\/comments?post=257615"}],"version-history":[{"count":1,"href":"https:\/\/www.fiscalia.gov.co\/colombia\/wp-json\/wp\/v2\/posts\/257615\/revisions"}],"predecessor-version":[{"id":257616,"href":"https:\/\/www.fiscalia.gov.co\/colombia\/wp-json\/wp\/v2\/posts\/257615\/revisions\/257616"}],"wp:attachment":[{"href":"https:\/\/www.fiscalia.gov.co\/colombia\/wp-json\/wp\/v2\/media?parent=257615"}],"wp:term":[{"taxonomy":"category","embeddable":true,"href":"https:\/\/www.fiscalia.gov.co\/colombia\/wp-json\/wp\/v2\/categories?post=257615"},{"taxonomy":"post_tag","embeddable":true,"href":"https:\/\/www.fiscalia.gov.co\/colombia\/wp-json\/wp\/v2\/tags?post=257615"}],"curies":[{"name":"wp","href":"https:\/\/api.w.org\/{rel}","templated":true}]}}