{"id":257489,"date":"2022-09-20T15:47:04","date_gmt":"2022-09-20T20:47:04","guid":{"rendered":"https:\/\/www.fiscalia.gov.co\/colombia\/?p=257489"},"modified":"2022-09-20T15:47:04","modified_gmt":"2022-09-20T20:47:04","slug":"judicializados-dos-hombres-presuntamente-implicados-en-porte-de-estupefacientes-en-arjona-bolivar","status":"publish","type":"post","link":"https:\/\/www.fiscalia.gov.co\/colombia\/noticias\/judicializados-dos-hombres-presuntamente-implicados-en-porte-de-estupefacientes-en-arjona-bolivar\/","title":{"rendered":"Judicializados dos hombres presuntamente implicados en porte de estupefacientes en Arjona (Bol\u00edvar)"},"content":{"rendered":"<p>Por petici\u00f3n de un fiscal en Arjona (Bol\u00edvar), jueces de control de garant\u00edas judicializaron, en distintos procesos, a dos hombres que estar\u00edan implicados en el delito de fabricaci\u00f3n, tr\u00e1fico y porte de estupefacientes.<\/p>\n<figure id=\"attachment_257490\" aria-describedby=\"caption-attachment-257490\" style=\"width: 696px\" class=\"wp-caption aligncenter\"><img loading=\"lazy\" decoding=\"async\" class=\"wp-image-257490 size-large\" src=\"https:\/\/www.fiscalia.gov.co\/colombia\/wp-content\/uploads\/Fiscal-Barbosa-Foto-boletin-20-de-septiembre-trafico-de-estupefacientes-1024x768.jpeg\" alt=\"En la fotograf\u00eda aparece el capturado con una camisa blanca y el rostro agachado acompa\u00f1ado de dos uniformados de la Polic\u00eda Nacional delante de un pend\u00f3n de esa instituci\u00f3n. Tambi\u00e9n se observa una mesa con mantel blanco y el estupefaciente que se incaut\u00f3.\u00a0\" width=\"696\" height=\"522\" srcset=\"https:\/\/www.fiscalia.gov.co\/colombia\/wp-content\/uploads\/Fiscal-Barbosa-Foto-boletin-20-de-septiembre-trafico-de-estupefacientes-1024x768.jpeg 1024w, https:\/\/www.fiscalia.gov.co\/colombia\/wp-content\/uploads\/Fiscal-Barbosa-Foto-boletin-20-de-septiembre-trafico-de-estupefacientes-300x225.jpeg 300w, https:\/\/www.fiscalia.gov.co\/colombia\/wp-content\/uploads\/Fiscal-Barbosa-Foto-boletin-20-de-septiembre-trafico-de-estupefacientes-768x576.jpeg 768w, https:\/\/www.fiscalia.gov.co\/colombia\/wp-content\/uploads\/Fiscal-Barbosa-Foto-boletin-20-de-septiembre-trafico-de-estupefacientes-696x522.jpeg 696w, https:\/\/www.fiscalia.gov.co\/colombia\/wp-content\/uploads\/Fiscal-Barbosa-Foto-boletin-20-de-septiembre-trafico-de-estupefacientes-1068x801.jpeg 1068w, https:\/\/www.fiscalia.gov.co\/colombia\/wp-content\/uploads\/Fiscal-Barbosa-Foto-boletin-20-de-septiembre-trafico-de-estupefacientes-560x420.jpeg 560w, https:\/\/www.fiscalia.gov.co\/colombia\/wp-content\/uploads\/Fiscal-Barbosa-Foto-boletin-20-de-septiembre-trafico-de-estupefacientes-80x60.jpeg 80w, https:\/\/www.fiscalia.gov.co\/colombia\/wp-content\/uploads\/Fiscal-Barbosa-Foto-boletin-20-de-septiembre-trafico-de-estupefacientes-265x198.jpeg 265w, https:\/\/www.fiscalia.gov.co\/colombia\/wp-content\/uploads\/Fiscal-Barbosa-Foto-boletin-20-de-septiembre-trafico-de-estupefacientes.jpeg 1280w\" sizes=\"auto, (max-width: 696px) 100vw, 696px\" \/><figcaption id=\"caption-attachment-257490\" class=\"wp-caption-text\">John Jairo Solera Durango\u00a0cuando fue capturado por la Polic\u00eda Nacional.<\/figcaption><\/figure>\n<p>El primer proceso est\u00e1 relacionado con hechos ocurridos el pasado 14 de septiembre en la v\u00eda que de San Onofre conduce a Cartagena. Durante una requisa a un bus de servicio intermunicipal la Polic\u00eda Nacional encontr\u00f3 3.029 gramos de marihuana en una maleta, aparentemente de propiedad de John Jairo Solera Durango. Al parecer, el estupefaciente era comercializado en Arjona.<\/p>\n<p>El procesado, de 49 a\u00f1os, no acept\u00f3 los cargos imputados por la Fiscal\u00eda y por disposici\u00f3n del juez su medida se llevar\u00e1 a cabo en centro carcelario.<\/p>\n<p>En otra investigaci\u00f3n por hechos sucedidos el 15 de septiembre cerca de la Estaci\u00f3n de Polic\u00eda de Arjona, fue capturado Eduardo Enrique Madero Padilla cuando, al parecer, lanzaba bolsas con marihuana a personas privadas de le libertad en la instalaci\u00f3n policial.<\/p>\n<p>Al momento de su detenci\u00f3n, al procesado le fueron incautados 20 empaques con marihuana. Ante la contundencia del material probatorio Madero Padilla decidi\u00f3 realizar un preacuerdo con la Fiscal\u00eda.<\/p>\n<p>La medida de aseguramiento deber\u00e1 cumplirla en su lugar de domicilio.<\/p>\n<p>Esta informaci\u00f3n se publica por razones de inter\u00e9s general.<\/p>\n<p><b>La Fiscal\u00eda habla con resultados.<\/b><\/p>\n<p>&nbsp;<\/p>\n<p>&nbsp;<\/p>\n<p>&nbsp;<\/p>\n<p>MEVA\/MAGA\/LEO\/DSB<\/p>\n<p>&nbsp;<\/p>\n<p>&nbsp;<\/p>\n<p>&nbsp;<\/p>\n<p><em><span lang=\"ES\">La informaci\u00f3n contenida en este bolet\u00edn de prensa corresponde a la narraci\u00f3n de los hechos noticiosos objetivos, suministrados por los funcionarios encargados de adelantar las investigaciones penales al interior de la Fiscal\u00eda General de la Naci\u00f3n. Para el momento de la divulgaci\u00f3n de este comunicado, la situaci\u00f3n jur\u00eddica de la(s) persona(s) relacionada(s) se encuentra pendiente de resolver por la autoridad judicial competente, siempre bajo los preceptos de la presunci\u00f3n de inocencia, consagrados en el art\u00edculo 29 de la Constituci\u00f3n Pol\u00edtica y el art\u00edculo 7\u00ba de la Ley 906 de 2004.<\/span><\/em><\/p>\n\n<div class=\"twitter-share\"><a href=\"https:\/\/twitter.com\/intent\/tweet?via=fiscaliacol\" class=\"twitter-share-button\">Tweet<\/a><\/div>\n","protected":false},"excerpt":{"rendered":"<p>Por petici\u00f3n de un fiscal en Arjona (Bol\u00edvar), jueces de control de garant\u00edas judicializaron, en distintos procesos, a dos hombres que estar\u00edan implicados en el delito de fabricaci\u00f3n, tr\u00e1fico y porte de estupefacientes. El primer proceso est\u00e1 relacionado con hechos ocurridos el pasado 14 de septiembre en la v\u00eda que de San Onofre conduce a [&hellip;]<\/p>\n","protected":false},"author":177,"featured_media":0,"comment_status":"closed","ping_status":"open","sticky":false,"template":"","format":"standard","meta":{"_price":"","_stock":"","_tribe_ticket_header":"","_tribe_default_ticket_provider":"","_tribe_ticket_capacity":"0","_ticket_start_date":"","_ticket_end_date":"","_tribe_ticket_show_description":"","_tribe_ticket_show_not_going":false,"_tribe_ticket_use_global_stock":"","_tribe_ticket_global_stock_level":"","_global_stock_mode":"","_global_stock_cap":"","_tribe_rsvp_for_event":"","_tribe_ticket_going_count":"","_tribe_ticket_not_going_count":"","_tribe_tickets_list":"[]","_tribe_ticket_has_attendee_info_fields":false,"tdm_status":"","tdm_grid_status":"","footnotes":""},"categories":[1,325,303,24103],"tags":[32910,32909,9082,14550,24187,1047,558,155],"class_list":{"0":"post-257489","1":"post","2":"type-post","3":"status-publish","4":"format-standard","6":"category-noticias","7":"category-seccional-cartagena","8":"category-seccionales","9":"category-trafico-de-estupefacientes","10":"tag-arjona","11":"tag-arjona-bolivar","12":"tag-bolivar","13":"tag-carcel","14":"tag-fiscalia-colombia","15":"tag-fiscalia-general-de-la-nacion","16":"tag-policia-nacional","17":"tag-trafico-de-estupefacientes"},"yoast_head":"<!-- This site is optimized with the Yoast SEO plugin v24.3 - https:\/\/yoast.com\/wordpress\/plugins\/seo\/ -->\n<title>Fiscal\u00eda General de la Naci\u00f3n<\/title>\n<meta name=\"description\" content=\"P\u00e1gina oficial de la Fiscal\u00eda General de la Naci\u00f3n \u2013 Colombia. Garantizamos el acceso efectivo a la justicia, la verdad y la reparaci\u00f3n de las v\u00edctimas de los delitos.\" \/>\n<meta name=\"robots\" content=\"noindex, follow\" \/>\n<meta property=\"og:locale\" content=\"es_ES\" \/>\n<meta property=\"og:type\" content=\"article\" \/>\n<meta property=\"og:title\" content=\"Fiscal\u00eda General de la Naci\u00f3n\" \/>\n<meta property=\"og:description\" content=\"P\u00e1gina oficial de la Fiscal\u00eda General de la Naci\u00f3n \u2013 Colombia. Garantizamos el acceso efectivo a la justicia, la verdad y la reparaci\u00f3n de las v\u00edctimas de los delitos.\" \/>\n<meta property=\"og:url\" content=\"https:\/\/www.fiscalia.gov.co\/colombia\/noticias\/judicializados-dos-hombres-presuntamente-implicados-en-porte-de-estupefacientes-en-arjona-bolivar\/\" \/>\n<meta property=\"og:site_name\" content=\"Fiscal\u00eda General de la Naci\u00f3n\" \/>\n<meta property=\"article:publisher\" content=\"https:\/\/www.facebook.com\/FiscaliaCol\" \/>\n<meta property=\"article:published_time\" content=\"2022-09-20T20:47:04+00:00\" \/>\n<meta property=\"og:image\" content=\"https:\/\/www.fiscalia.gov.co\/colombia\/wp-content\/uploads\/Fiscal-Barbosa-Foto-boletin-20-de-septiembre-trafico-de-estupefacientes-1024x768.jpeg\" \/>\n<meta name=\"author\" content=\"Jordan Leandro Oviedo Anzola\" \/>\n<meta name=\"twitter:card\" content=\"summary_large_image\" \/>\n<meta name=\"twitter:creator\" content=\"@FiscaliaCol\" \/>\n<meta name=\"twitter:site\" content=\"@FiscaliaCol\" \/>\n<meta name=\"twitter:label1\" content=\"Escrito por\" \/>\n\t<meta name=\"twitter:data1\" content=\"Jordan Leandro Oviedo Anzola\" \/>\n\t<meta name=\"twitter:label2\" content=\"Tiempo de lectura\" \/>\n\t<meta name=\"twitter:data2\" content=\"2 minutos\" \/>\n<script type=\"application\/ld+json\" class=\"yoast-schema-graph\">{\"@context\":\"https:\/\/schema.org\",\"@graph\":[{\"@type\":\"Article\",\"@id\":\"https:\/\/www.fiscalia.gov.co\/colombia\/noticias\/judicializados-dos-hombres-presuntamente-implicados-en-porte-de-estupefacientes-en-arjona-bolivar\/#article\",\"isPartOf\":{\"@id\":\"https:\/\/www.fiscalia.gov.co\/colombia\/noticias\/judicializados-dos-hombres-presuntamente-implicados-en-porte-de-estupefacientes-en-arjona-bolivar\/\"},\"author\":{\"name\":\"Jordan Leandro Oviedo Anzola\",\"@id\":\"https:\/\/www.fiscalia.gov.co\/colombia\/#\/schema\/person\/bf84402cf293a5393e9c70b111020b24\"},\"headline\":\"Judicializados dos hombres presuntamente implicados en porte de estupefacientes en Arjona (Bol\u00edvar)\",\"datePublished\":\"2022-09-20T20:47:04+00:00\",\"dateModified\":\"2022-09-20T20:47:04+00:00\",\"mainEntityOfPage\":{\"@id\":\"https:\/\/www.fiscalia.gov.co\/colombia\/noticias\/judicializados-dos-hombres-presuntamente-implicados-en-porte-de-estupefacientes-en-arjona-bolivar\/\"},\"wordCount\":373,\"publisher\":{\"@id\":\"https:\/\/www.fiscalia.gov.co\/colombia\/#organization\"},\"image\":{\"@id\":\"https:\/\/www.fiscalia.gov.co\/colombia\/noticias\/judicializados-dos-hombres-presuntamente-implicados-en-porte-de-estupefacientes-en-arjona-bolivar\/#primaryimage\"},\"thumbnailUrl\":\"https:\/\/www.fiscalia.gov.co\/colombia\/wp-content\/uploads\/Fiscal-Barbosa-Foto-boletin-20-de-septiembre-trafico-de-estupefacientes-1024x768.jpeg\",\"keywords\":[\"Arjona\",\"Arjona (Bol\u00edvar)\",\"Bol\u00edvar\",\"C\u00e1rcel\",\"Fiscal\u00eda Colombia\",\"Fiscal\u00eda General de la Naci\u00f3n\",\"Polic\u00eda Nacional\",\"Tr\u00e1fico de estupefacientes\"],\"articleSection\":[\"Noticias\",\"Seccional Cartagena\",\"Seccionales\",\"Tr\u00e1fico de estupefacientes\"],\"inLanguage\":\"es-CO\"},{\"@type\":\"WebPage\",\"@id\":\"https:\/\/www.fiscalia.gov.co\/colombia\/noticias\/judicializados-dos-hombres-presuntamente-implicados-en-porte-de-estupefacientes-en-arjona-bolivar\/\",\"url\":\"https:\/\/www.fiscalia.gov.co\/colombia\/noticias\/judicializados-dos-hombres-presuntamente-implicados-en-porte-de-estupefacientes-en-arjona-bolivar\/\",\"name\":\"Fiscal\u00eda General de la Naci\u00f3n\",\"isPartOf\":{\"@id\":\"https:\/\/www.fiscalia.gov.co\/colombia\/#website\"},\"primaryImageOfPage\":{\"@id\":\"https:\/\/www.fiscalia.gov.co\/colombia\/noticias\/judicializados-dos-hombres-presuntamente-implicados-en-porte-de-estupefacientes-en-arjona-bolivar\/#primaryimage\"},\"image\":{\"@id\":\"https:\/\/www.fiscalia.gov.co\/colombia\/noticias\/judicializados-dos-hombres-presuntamente-implicados-en-porte-de-estupefacientes-en-arjona-bolivar\/#primaryimage\"},\"thumbnailUrl\":\"https:\/\/www.fiscalia.gov.co\/colombia\/wp-content\/uploads\/Fiscal-Barbosa-Foto-boletin-20-de-septiembre-trafico-de-estupefacientes-1024x768.jpeg\",\"datePublished\":\"2022-09-20T20:47:04+00:00\",\"dateModified\":\"2022-09-20T20:47:04+00:00\",\"description\":\"P\u00e1gina oficial de la Fiscal\u00eda General de la Naci\u00f3n \u2013 Colombia. Garantizamos el acceso efectivo a la justicia, la verdad y la reparaci\u00f3n de las v\u00edctimas de los delitos.\",\"breadcrumb\":{\"@id\":\"https:\/\/www.fiscalia.gov.co\/colombia\/noticias\/judicializados-dos-hombres-presuntamente-implicados-en-porte-de-estupefacientes-en-arjona-bolivar\/#breadcrumb\"},\"inLanguage\":\"es-CO\",\"potentialAction\":[{\"@type\":\"ReadAction\",\"target\":[\"https:\/\/www.fiscalia.gov.co\/colombia\/noticias\/judicializados-dos-hombres-presuntamente-implicados-en-porte-de-estupefacientes-en-arjona-bolivar\/\"]}]},{\"@type\":\"ImageObject\",\"inLanguage\":\"es-CO\",\"@id\":\"https:\/\/www.fiscalia.gov.co\/colombia\/noticias\/judicializados-dos-hombres-presuntamente-implicados-en-porte-de-estupefacientes-en-arjona-bolivar\/#primaryimage\",\"url\":\"https:\/\/www.fiscalia.gov.co\/colombia\/wp-content\/uploads\/Fiscal-Barbosa-Foto-boletin-20-de-septiembre-trafico-de-estupefacientes-1024x768.jpeg\",\"contentUrl\":\"https:\/\/www.fiscalia.gov.co\/colombia\/wp-content\/uploads\/Fiscal-Barbosa-Foto-boletin-20-de-septiembre-trafico-de-estupefacientes-1024x768.jpeg\"},{\"@type\":\"BreadcrumbList\",\"@id\":\"https:\/\/www.fiscalia.gov.co\/colombia\/noticias\/judicializados-dos-hombres-presuntamente-implicados-en-porte-de-estupefacientes-en-arjona-bolivar\/#breadcrumb\",\"itemListElement\":[{\"@type\":\"ListItem\",\"position\":1,\"name\":\"Home\",\"item\":\"https:\/\/www.fiscalia.gov.co\/colombia\/\"},{\"@type\":\"ListItem\",\"position\":2,\"name\":\"Judicializados dos hombres presuntamente implicados en porte de estupefacientes en Arjona (Bol\u00edvar)\"}]},{\"@type\":\"WebSite\",\"@id\":\"https:\/\/www.fiscalia.gov.co\/colombia\/#website\",\"url\":\"https:\/\/www.fiscalia.gov.co\/colombia\/\",\"name\":\"Fiscal\u00eda General de la Naci\u00f3n\",\"description\":\"P\u00e1gina oficial de la Fiscal\u00eda General de la Naci\u00f3n \u2013 Colombia. Garantizamos el acceso efectivo a la justicia, la verdad y la reparaci\u00f3n de las v\u00edctimas de los delitos.\",\"publisher\":{\"@id\":\"https:\/\/www.fiscalia.gov.co\/colombia\/#organization\"},\"potentialAction\":[{\"@type\":\"SearchAction\",\"target\":{\"@type\":\"EntryPoint\",\"urlTemplate\":\"https:\/\/www.fiscalia.gov.co\/colombia\/?s={search_term_string}\"},\"query-input\":{\"@type\":\"PropertyValueSpecification\",\"valueRequired\":true,\"valueName\":\"search_term_string\"}}],\"inLanguage\":\"es-CO\"},{\"@type\":\"Organization\",\"@id\":\"https:\/\/www.fiscalia.gov.co\/colombia\/#organization\",\"name\":\"Fiscal\u00eda General de la Naci\u00f3n\",\"url\":\"https:\/\/www.fiscalia.gov.co\/colombia\/\",\"logo\":{\"@type\":\"ImageObject\",\"inLanguage\":\"es-CO\",\"@id\":\"https:\/\/www.fiscalia.gov.co\/colombia\/#\/schema\/logo\/image\/\",\"url\":\"https:\/\/www.fiscalia.gov.co\/colombia\/wp-content\/uploads\/LogoHorizontal_1.jpg\",\"contentUrl\":\"https:\/\/www.fiscalia.gov.co\/colombia\/wp-content\/uploads\/LogoHorizontal_1.jpg\",\"width\":300,\"height\":90,\"caption\":\"Fiscal\u00eda General de la Naci\u00f3n\"},\"image\":{\"@id\":\"https:\/\/www.fiscalia.gov.co\/colombia\/#\/schema\/logo\/image\/\"},\"sameAs\":[\"https:\/\/www.facebook.com\/FiscaliaCol\",\"https:\/\/x.com\/FiscaliaCol\",\"https:\/\/www.instagram.com\/fiscaliacol\",\"https:\/\/www.linkedin.com\/company\/fiscalia-general-de-la-naci-n\/\",\"https:\/\/youtube.com\/@fiscaliageneraldelanacion-4668?si=6nN79nyQICPU5iTh\"]},{\"@type\":\"Person\",\"@id\":\"https:\/\/www.fiscalia.gov.co\/colombia\/#\/schema\/person\/bf84402cf293a5393e9c70b111020b24\",\"name\":\"Jordan Leandro Oviedo Anzola\",\"image\":{\"@type\":\"ImageObject\",\"inLanguage\":\"es-CO\",\"@id\":\"https:\/\/www.fiscalia.gov.co\/colombia\/#\/schema\/person\/image\/\",\"url\":\"https:\/\/secure.gravatar.com\/avatar\/dabba4346fa9b9207d96adafa8f92721?s=96&d=mm&r=g\",\"contentUrl\":\"https:\/\/secure.gravatar.com\/avatar\/dabba4346fa9b9207d96adafa8f92721?s=96&d=mm&r=g\",\"caption\":\"Jordan Leandro Oviedo Anzola\"},\"url\":\"https:\/\/www.fiscalia.gov.co\/colombia\/author\/joviedo\/\"}]}<\/script>\n<!-- \/ Yoast SEO plugin. -->","yoast_head_json":{"title":"Fiscal\u00eda General de la Naci\u00f3n","description":"P\u00e1gina oficial de la Fiscal\u00eda General de la Naci\u00f3n \u2013 Colombia. Garantizamos el acceso efectivo a la justicia, la verdad y la reparaci\u00f3n de las v\u00edctimas de los delitos.","robots":{"index":"noindex","follow":"follow"},"og_locale":"es_ES","og_type":"article","og_title":"Fiscal\u00eda General de la Naci\u00f3n","og_description":"P\u00e1gina oficial de la Fiscal\u00eda General de la Naci\u00f3n \u2013 Colombia. Garantizamos el acceso efectivo a la justicia, la verdad y la reparaci\u00f3n de las v\u00edctimas de los delitos.","og_url":"https:\/\/www.fiscalia.gov.co\/colombia\/noticias\/judicializados-dos-hombres-presuntamente-implicados-en-porte-de-estupefacientes-en-arjona-bolivar\/","og_site_name":"Fiscal\u00eda General de la Naci\u00f3n","article_publisher":"https:\/\/www.facebook.com\/FiscaliaCol","article_published_time":"2022-09-20T20:47:04+00:00","og_image":[{"url":"https:\/\/www.fiscalia.gov.co\/colombia\/wp-content\/uploads\/Fiscal-Barbosa-Foto-boletin-20-de-septiembre-trafico-de-estupefacientes-1024x768.jpeg","type":"","width":"","height":""}],"author":"Jordan Leandro Oviedo Anzola","twitter_card":"summary_large_image","twitter_creator":"@FiscaliaCol","twitter_site":"@FiscaliaCol","twitter_misc":{"Escrito por":"Jordan Leandro Oviedo Anzola","Tiempo de lectura":"2 minutos"},"schema":{"@context":"https:\/\/schema.org","@graph":[{"@type":"Article","@id":"https:\/\/www.fiscalia.gov.co\/colombia\/noticias\/judicializados-dos-hombres-presuntamente-implicados-en-porte-de-estupefacientes-en-arjona-bolivar\/#article","isPartOf":{"@id":"https:\/\/www.fiscalia.gov.co\/colombia\/noticias\/judicializados-dos-hombres-presuntamente-implicados-en-porte-de-estupefacientes-en-arjona-bolivar\/"},"author":{"name":"Jordan Leandro Oviedo Anzola","@id":"https:\/\/www.fiscalia.gov.co\/colombia\/#\/schema\/person\/bf84402cf293a5393e9c70b111020b24"},"headline":"Judicializados dos hombres presuntamente implicados en porte de estupefacientes en Arjona (Bol\u00edvar)","datePublished":"2022-09-20T20:47:04+00:00","dateModified":"2022-09-20T20:47:04+00:00","mainEntityOfPage":{"@id":"https:\/\/www.fiscalia.gov.co\/colombia\/noticias\/judicializados-dos-hombres-presuntamente-implicados-en-porte-de-estupefacientes-en-arjona-bolivar\/"},"wordCount":373,"publisher":{"@id":"https:\/\/www.fiscalia.gov.co\/colombia\/#organization"},"image":{"@id":"https:\/\/www.fiscalia.gov.co\/colombia\/noticias\/judicializados-dos-hombres-presuntamente-implicados-en-porte-de-estupefacientes-en-arjona-bolivar\/#primaryimage"},"thumbnailUrl":"https:\/\/www.fiscalia.gov.co\/colombia\/wp-content\/uploads\/Fiscal-Barbosa-Foto-boletin-20-de-septiembre-trafico-de-estupefacientes-1024x768.jpeg","keywords":["Arjona","Arjona (Bol\u00edvar)","Bol\u00edvar","C\u00e1rcel","Fiscal\u00eda Colombia","Fiscal\u00eda General de la Naci\u00f3n","Polic\u00eda Nacional","Tr\u00e1fico de estupefacientes"],"articleSection":["Noticias","Seccional Cartagena","Seccionales","Tr\u00e1fico de estupefacientes"],"inLanguage":"es-CO"},{"@type":"WebPage","@id":"https:\/\/www.fiscalia.gov.co\/colombia\/noticias\/judicializados-dos-hombres-presuntamente-implicados-en-porte-de-estupefacientes-en-arjona-bolivar\/","url":"https:\/\/www.fiscalia.gov.co\/colombia\/noticias\/judicializados-dos-hombres-presuntamente-implicados-en-porte-de-estupefacientes-en-arjona-bolivar\/","name":"Fiscal\u00eda General de la Naci\u00f3n","isPartOf":{"@id":"https:\/\/www.fiscalia.gov.co\/colombia\/#website"},"primaryImageOfPage":{"@id":"https:\/\/www.fiscalia.gov.co\/colombia\/noticias\/judicializados-dos-hombres-presuntamente-implicados-en-porte-de-estupefacientes-en-arjona-bolivar\/#primaryimage"},"image":{"@id":"https:\/\/www.fiscalia.gov.co\/colombia\/noticias\/judicializados-dos-hombres-presuntamente-implicados-en-porte-de-estupefacientes-en-arjona-bolivar\/#primaryimage"},"thumbnailUrl":"https:\/\/www.fiscalia.gov.co\/colombia\/wp-content\/uploads\/Fiscal-Barbosa-Foto-boletin-20-de-septiembre-trafico-de-estupefacientes-1024x768.jpeg","datePublished":"2022-09-20T20:47:04+00:00","dateModified":"2022-09-20T20:47:04+00:00","description":"P\u00e1gina oficial de la Fiscal\u00eda General de la Naci\u00f3n \u2013 Colombia. Garantizamos el acceso efectivo a la justicia, la verdad y la reparaci\u00f3n de las v\u00edctimas de los delitos.","breadcrumb":{"@id":"https:\/\/www.fiscalia.gov.co\/colombia\/noticias\/judicializados-dos-hombres-presuntamente-implicados-en-porte-de-estupefacientes-en-arjona-bolivar\/#breadcrumb"},"inLanguage":"es-CO","potentialAction":[{"@type":"ReadAction","target":["https:\/\/www.fiscalia.gov.co\/colombia\/noticias\/judicializados-dos-hombres-presuntamente-implicados-en-porte-de-estupefacientes-en-arjona-bolivar\/"]}]},{"@type":"ImageObject","inLanguage":"es-CO","@id":"https:\/\/www.fiscalia.gov.co\/colombia\/noticias\/judicializados-dos-hombres-presuntamente-implicados-en-porte-de-estupefacientes-en-arjona-bolivar\/#primaryimage","url":"https:\/\/www.fiscalia.gov.co\/colombia\/wp-content\/uploads\/Fiscal-Barbosa-Foto-boletin-20-de-septiembre-trafico-de-estupefacientes-1024x768.jpeg","contentUrl":"https:\/\/www.fiscalia.gov.co\/colombia\/wp-content\/uploads\/Fiscal-Barbosa-Foto-boletin-20-de-septiembre-trafico-de-estupefacientes-1024x768.jpeg"},{"@type":"BreadcrumbList","@id":"https:\/\/www.fiscalia.gov.co\/colombia\/noticias\/judicializados-dos-hombres-presuntamente-implicados-en-porte-de-estupefacientes-en-arjona-bolivar\/#breadcrumb","itemListElement":[{"@type":"ListItem","position":1,"name":"Home","item":"https:\/\/www.fiscalia.gov.co\/colombia\/"},{"@type":"ListItem","position":2,"name":"Judicializados dos hombres presuntamente implicados en porte de estupefacientes en Arjona (Bol\u00edvar)"}]},{"@type":"WebSite","@id":"https:\/\/www.fiscalia.gov.co\/colombia\/#website","url":"https:\/\/www.fiscalia.gov.co\/colombia\/","name":"Fiscal\u00eda General de la Naci\u00f3n","description":"P\u00e1gina oficial de la Fiscal\u00eda General de la Naci\u00f3n \u2013 Colombia. Garantizamos el acceso efectivo a la justicia, la verdad y la reparaci\u00f3n de las v\u00edctimas de los delitos.","publisher":{"@id":"https:\/\/www.fiscalia.gov.co\/colombia\/#organization"},"potentialAction":[{"@type":"SearchAction","target":{"@type":"EntryPoint","urlTemplate":"https:\/\/www.fiscalia.gov.co\/colombia\/?s={search_term_string}"},"query-input":{"@type":"PropertyValueSpecification","valueRequired":true,"valueName":"search_term_string"}}],"inLanguage":"es-CO"},{"@type":"Organization","@id":"https:\/\/www.fiscalia.gov.co\/colombia\/#organization","name":"Fiscal\u00eda General de la Naci\u00f3n","url":"https:\/\/www.fiscalia.gov.co\/colombia\/","logo":{"@type":"ImageObject","inLanguage":"es-CO","@id":"https:\/\/www.fiscalia.gov.co\/colombia\/#\/schema\/logo\/image\/","url":"https:\/\/www.fiscalia.gov.co\/colombia\/wp-content\/uploads\/LogoHorizontal_1.jpg","contentUrl":"https:\/\/www.fiscalia.gov.co\/colombia\/wp-content\/uploads\/LogoHorizontal_1.jpg","width":300,"height":90,"caption":"Fiscal\u00eda General de la Naci\u00f3n"},"image":{"@id":"https:\/\/www.fiscalia.gov.co\/colombia\/#\/schema\/logo\/image\/"},"sameAs":["https:\/\/www.facebook.com\/FiscaliaCol","https:\/\/x.com\/FiscaliaCol","https:\/\/www.instagram.com\/fiscaliacol","https:\/\/www.linkedin.com\/company\/fiscalia-general-de-la-naci-n\/","https:\/\/youtube.com\/@fiscaliageneraldelanacion-4668?si=6nN79nyQICPU5iTh"]},{"@type":"Person","@id":"https:\/\/www.fiscalia.gov.co\/colombia\/#\/schema\/person\/bf84402cf293a5393e9c70b111020b24","name":"Jordan Leandro Oviedo Anzola","image":{"@type":"ImageObject","inLanguage":"es-CO","@id":"https:\/\/www.fiscalia.gov.co\/colombia\/#\/schema\/person\/image\/","url":"https:\/\/secure.gravatar.com\/avatar\/dabba4346fa9b9207d96adafa8f92721?s=96&d=mm&r=g","contentUrl":"https:\/\/secure.gravatar.com\/avatar\/dabba4346fa9b9207d96adafa8f92721?s=96&d=mm&r=g","caption":"Jordan Leandro Oviedo Anzola"},"url":"https:\/\/www.fiscalia.gov.co\/colombia\/author\/joviedo\/"}]}},"_links":{"self":[{"href":"https:\/\/www.fiscalia.gov.co\/colombia\/wp-json\/wp\/v2\/posts\/257489","targetHints":{"allow":["GET"]}}],"collection":[{"href":"https:\/\/www.fiscalia.gov.co\/colombia\/wp-json\/wp\/v2\/posts"}],"about":[{"href":"https:\/\/www.fiscalia.gov.co\/colombia\/wp-json\/wp\/v2\/types\/post"}],"author":[{"embeddable":true,"href":"https:\/\/www.fiscalia.gov.co\/colombia\/wp-json\/wp\/v2\/users\/177"}],"replies":[{"embeddable":true,"href":"https:\/\/www.fiscalia.gov.co\/colombia\/wp-json\/wp\/v2\/comments?post=257489"}],"version-history":[{"count":1,"href":"https:\/\/www.fiscalia.gov.co\/colombia\/wp-json\/wp\/v2\/posts\/257489\/revisions"}],"predecessor-version":[{"id":257491,"href":"https:\/\/www.fiscalia.gov.co\/colombia\/wp-json\/wp\/v2\/posts\/257489\/revisions\/257491"}],"wp:attachment":[{"href":"https:\/\/www.fiscalia.gov.co\/colombia\/wp-json\/wp\/v2\/media?parent=257489"}],"wp:term":[{"taxonomy":"category","embeddable":true,"href":"https:\/\/www.fiscalia.gov.co\/colombia\/wp-json\/wp\/v2\/categories?post=257489"},{"taxonomy":"post_tag","embeddable":true,"href":"https:\/\/www.fiscalia.gov.co\/colombia\/wp-json\/wp\/v2\/tags?post=257489"}],"curies":[{"name":"wp","href":"https:\/\/api.w.org\/{rel}","templated":true}]}}