{"id":257419,"date":"2022-09-19T17:47:41","date_gmt":"2022-09-19T22:47:41","guid":{"rendered":"https:\/\/www.fiscalia.gov.co\/colombia\/?p=257419"},"modified":"2022-09-19T17:47:41","modified_gmt":"2022-09-19T22:47:41","slug":"a-prision-siete-presuntos-integrantes-de-la-organizacion-criminal-los-pachelly-investigados-por-extorsion","status":"publish","type":"post","link":"https:\/\/www.fiscalia.gov.co\/colombia\/noticias\/a-prision-siete-presuntos-integrantes-de-la-organizacion-criminal-los-pachelly-investigados-por-extorsion\/","title":{"rendered":"A prisi\u00f3n siete presuntos integrantes de la organizaci\u00f3n criminal Los Pachelly, investigados por extorsi\u00f3n"},"content":{"rendered":"<p style=\"font-weight: 400;\">La Fiscal\u00eda General de la Naci\u00f3n obtuvo medida de aseguramiento en centro carcelario contra siete presuntos integrantes del Grupo de Delincuencia Organizado Los Pachelly, investigados por su presunta participaci\u00f3n en los delitos de concierto para delinquir agravado y extorsi\u00f3n agravada.<\/p>\n<figure id=\"attachment_257420\" aria-describedby=\"caption-attachment-257420\" style=\"width: 696px\" class=\"wp-caption aligncenter\"><img loading=\"lazy\" decoding=\"async\" class=\"wp-image-257420 size-large\" src=\"https:\/\/www.fiscalia.gov.co\/colombia\/wp-content\/uploads\/Fiscal-barbosa-Presuntos-integrantes-de-Grupo-Delincuencial-Organizado-Los-Pachelly-investigados-por-extorsion.--1024x732.jpg\" alt=\"En la foto se encuentran los 7 capturados\u00a0 \u00a0con 2 servidores del CTI y el Ej\u00e9rcito Nacional a cada lado.\u00a0\" width=\"696\" height=\"498\" srcset=\"https:\/\/www.fiscalia.gov.co\/colombia\/wp-content\/uploads\/Fiscal-barbosa-Presuntos-integrantes-de-Grupo-Delincuencial-Organizado-Los-Pachelly-investigados-por-extorsion.--1024x732.jpg 1024w, https:\/\/www.fiscalia.gov.co\/colombia\/wp-content\/uploads\/Fiscal-barbosa-Presuntos-integrantes-de-Grupo-Delincuencial-Organizado-Los-Pachelly-investigados-por-extorsion.--300x214.jpg 300w, https:\/\/www.fiscalia.gov.co\/colombia\/wp-content\/uploads\/Fiscal-barbosa-Presuntos-integrantes-de-Grupo-Delincuencial-Organizado-Los-Pachelly-investigados-por-extorsion.--768x549.jpg 768w, https:\/\/www.fiscalia.gov.co\/colombia\/wp-content\/uploads\/Fiscal-barbosa-Presuntos-integrantes-de-Grupo-Delincuencial-Organizado-Los-Pachelly-investigados-por-extorsion.--696x498.jpg 696w, https:\/\/www.fiscalia.gov.co\/colombia\/wp-content\/uploads\/Fiscal-barbosa-Presuntos-integrantes-de-Grupo-Delincuencial-Organizado-Los-Pachelly-investigados-por-extorsion.--1068x763.jpg 1068w, https:\/\/www.fiscalia.gov.co\/colombia\/wp-content\/uploads\/Fiscal-barbosa-Presuntos-integrantes-de-Grupo-Delincuencial-Organizado-Los-Pachelly-investigados-por-extorsion.--588x420.jpg 588w, https:\/\/www.fiscalia.gov.co\/colombia\/wp-content\/uploads\/Fiscal-barbosa-Presuntos-integrantes-de-Grupo-Delincuencial-Organizado-Los-Pachelly-investigados-por-extorsion.-.jpg 1280w\" sizes=\"auto, (max-width: 696px) 100vw, 696px\" \/><figcaption id=\"caption-attachment-257420\" class=\"wp-caption-text\">Presuntos integrantes de Grupo Delincuencial Organizado Los Pachelly investigados por extorsi\u00f3n.<\/figcaption><\/figure>\n<p style=\"font-weight: 400;\">Los afectados con la medida son: Jhonatan Arley Bedoya Ruda, alias Jhonatan; Juan Fernando Duque Bedoya, alias Juanfer; H\u00e9ctor Andr\u00e9s Vel\u00e1squez Buitrago, alias H\u00e9ctor; Edwin Esteban Matiz Echavarr\u00eda, alias Energ\u00eda; Adri\u00e1n Enrique Revete, alias Veneco; Elkin Albeiro Munera V\u00e9lez, alias Albeiro y Breiner Alexis Chica, alias La Chinga.<\/p>\n<p style=\"font-weight: 400;\">El Cuerpo T\u00e9cnico de Investigaci\u00f3n (CTI) determin\u00f3 que entre los a\u00f1os 2018 y septiembre del presente a\u00f1o, la referida organizaci\u00f3n criminal se habr\u00eda dedicado a extorsionar comerciantes y transportadores en los municipios antioque\u00f1os de Bello, San F\u00e9lix y San Pedro de los Milagros.<\/p>\n<p style=\"font-weight: 400;\">Seg\u00fan se evidenci\u00f3, los procesados les habr\u00edan exigido a las v\u00edctimas el pago de hasta 2 millones de pesos mensuales, seg\u00fan la capacidad econ\u00f3mica. Por estos hechos, se cree, que la organizaci\u00f3n ilegal recib\u00eda sumas superiores a los 85 millones de pesos anualmente.<\/p>\n<p style=\"font-weight: 400;\">Se afirma tambi\u00e9n que en peajes ilegales, instalados en los l\u00edmites entre los municipios de Bello y San Pedro de los Milagros, la banda criminal realizaba los cobros a los transportadores. En las denuncias instauradas se precisa que por cada veh\u00edculo de carga se deb\u00eda cancelar hasta 50.000 pesos por recorrido.<\/p>\n<p style=\"font-weight: 400;\">Los procesados fueron capturados por servidores del CTI con el apoyo del Ej\u00e9rcito Nacional. Ninguno acept\u00f3 los cargos imputados por un fiscal destacado ante el Gaula Antioquia.<\/p>\n<p style=\"font-weight: 400;\"><strong>La Fiscal\u00eda habla con resultados.<\/strong><strong>\u00a0<\/strong><\/p>\n<p>&nbsp;<\/p>\n<p>&nbsp;<\/p>\n<p>&nbsp;<\/p>\n<p>&nbsp;<\/p>\n<p style=\"font-weight: 400;\">NAMT\/MAGA\/MAM\/DSA.<\/p>\n<p style=\"font-weight: 400;\">\n<p>&nbsp;<\/p>\n<p style=\"font-weight: 400;\">\n<p style=\"font-weight: 400;\">\n<p style=\"font-weight: 400;\"><em>La informaci\u00f3n contenida en este bolet\u00edn de prensa corresponde a la narraci\u00f3n de los hechos noticiosos objetivos, suministrados por los funcionarios encargados de adelantar las investigaciones penales al interior de la Fiscal\u00eda General de la Naci\u00f3n. Para el momento de la divulgaci\u00f3n de este comunicado, la situaci\u00f3n jur\u00eddica de la(s) persona(s) relacionada(s) se encuentra pendiente de resolver por la autoridad judicial competente, siempre bajo los preceptos de la presunci\u00f3n de inocencia, consagrados en el art\u00edculo 29 de la Constituci\u00f3n Pol\u00edtica y el art\u00edculo 7\u00ba de la Ley 906 de 2004.<\/em><strong>\u00a0<\/strong><\/p>\n\n<div class=\"twitter-share\"><a href=\"https:\/\/twitter.com\/intent\/tweet?via=fiscaliacol\" class=\"twitter-share-button\">Tweet<\/a><\/div>\n","protected":false},"excerpt":{"rendered":"<p>La Fiscal\u00eda General de la Naci\u00f3n obtuvo medida de aseguramiento en centro carcelario contra siete presuntos integrantes del Grupo de Delincuencia Organizado Los Pachelly, investigados por su presunta participaci\u00f3n en los delitos de concierto para delinquir agravado y extorsi\u00f3n agravada. Los afectados con la medida son: Jhonatan Arley Bedoya Ruda, alias Jhonatan; Juan Fernando Duque [&hellip;]<\/p>\n","protected":false},"author":177,"featured_media":0,"comment_status":"closed","ping_status":"open","sticky":false,"template":"","format":"standard","meta":{"tdm_status":"","tdm_grid_status":"","footnotes":""},"categories":[1,318,331,303,24099],"tags":[27924,45,32893,32894,23985],"class_list":{"0":"post-257419","1":"post","2":"type-post","3":"status-publish","4":"format-standard","6":"category-noticias","7":"category-seccional-antioquia","8":"category-seccional-medellin","9":"category-seccionales","10":"category-seguridad-territorial","11":"tag-concierto-para-delinquir-agravado-y-extorsion-agravada","12":"tag-cti","13":"tag-grupo-criminal-los-pachelly","14":"tag-la-mencionada-banda-criminal-recibia-anualmente-sumas-superiores-a-los-85-millones-de-pesos-producto-de-las-rentas-ilicitas","15":"tag-medellin-antioquia"},"yoast_head":"<!-- This site is optimized with the Yoast SEO plugin v24.3 - https:\/\/yoast.com\/wordpress\/plugins\/seo\/ -->\n<title>Fiscal\u00eda General de la Naci\u00f3n<\/title>\n<meta name=\"description\" content=\"P\u00e1gina oficial de la Fiscal\u00eda General de la Naci\u00f3n \u2013 Colombia. Garantizamos el acceso efectivo a la justicia, la verdad y la reparaci\u00f3n de las v\u00edctimas de los delitos.\" \/>\n<meta name=\"robots\" content=\"noindex, follow\" \/>\n<meta property=\"og:locale\" content=\"es_ES\" \/>\n<meta property=\"og:type\" content=\"article\" \/>\n<meta property=\"og:title\" content=\"Fiscal\u00eda General de la Naci\u00f3n\" \/>\n<meta property=\"og:description\" content=\"P\u00e1gina oficial de la Fiscal\u00eda General de la Naci\u00f3n \u2013 Colombia. Garantizamos el acceso efectivo a la justicia, la verdad y la reparaci\u00f3n de las v\u00edctimas de los delitos.\" \/>\n<meta property=\"og:url\" content=\"https:\/\/www.fiscalia.gov.co\/colombia\/noticias\/a-prision-siete-presuntos-integrantes-de-la-organizacion-criminal-los-pachelly-investigados-por-extorsion\/\" \/>\n<meta property=\"og:site_name\" content=\"Fiscal\u00eda General de la Naci\u00f3n\" \/>\n<meta property=\"article:publisher\" content=\"https:\/\/www.facebook.com\/FiscaliaCol\" \/>\n<meta property=\"article:published_time\" content=\"2022-09-19T22:47:41+00:00\" \/>\n<meta property=\"og:image\" content=\"https:\/\/www.fiscalia.gov.co\/colombia\/wp-content\/uploads\/Fiscal-barbosa-Presuntos-integrantes-de-Grupo-Delincuencial-Organizado-Los-Pachelly-investigados-por-extorsion.--1024x732.jpg\" \/>\n<meta name=\"author\" content=\"Jordan Leandro Oviedo Anzola\" \/>\n<meta name=\"twitter:card\" content=\"summary_large_image\" \/>\n<meta name=\"twitter:creator\" content=\"@FiscaliaCol\" \/>\n<meta name=\"twitter:site\" content=\"@FiscaliaCol\" \/>\n<meta name=\"twitter:label1\" content=\"Escrito por\" \/>\n\t<meta name=\"twitter:data1\" content=\"Jordan Leandro Oviedo Anzola\" \/>\n\t<meta name=\"twitter:label2\" content=\"Tiempo de lectura\" \/>\n\t<meta name=\"twitter:data2\" content=\"2 minutos\" \/>\n<script type=\"application\/ld+json\" class=\"yoast-schema-graph\">{\"@context\":\"https:\/\/schema.org\",\"@graph\":[{\"@type\":\"Article\",\"@id\":\"https:\/\/www.fiscalia.gov.co\/colombia\/noticias\/a-prision-siete-presuntos-integrantes-de-la-organizacion-criminal-los-pachelly-investigados-por-extorsion\/#article\",\"isPartOf\":{\"@id\":\"https:\/\/www.fiscalia.gov.co\/colombia\/noticias\/a-prision-siete-presuntos-integrantes-de-la-organizacion-criminal-los-pachelly-investigados-por-extorsion\/\"},\"author\":{\"name\":\"Jordan Leandro Oviedo Anzola\",\"@id\":\"https:\/\/www.fiscalia.gov.co\/colombia\/#\/schema\/person\/bf84402cf293a5393e9c70b111020b24\"},\"headline\":\"A prisi\u00f3n siete presuntos integrantes de la organizaci\u00f3n criminal Los Pachelly, investigados por extorsi\u00f3n\",\"datePublished\":\"2022-09-19T22:47:41+00:00\",\"dateModified\":\"2022-09-19T22:47:41+00:00\",\"mainEntityOfPage\":{\"@id\":\"https:\/\/www.fiscalia.gov.co\/colombia\/noticias\/a-prision-siete-presuntos-integrantes-de-la-organizacion-criminal-los-pachelly-investigados-por-extorsion\/\"},\"wordCount\":433,\"publisher\":{\"@id\":\"https:\/\/www.fiscalia.gov.co\/colombia\/#organization\"},\"image\":{\"@id\":\"https:\/\/www.fiscalia.gov.co\/colombia\/noticias\/a-prision-siete-presuntos-integrantes-de-la-organizacion-criminal-los-pachelly-investigados-por-extorsion\/#primaryimage\"},\"thumbnailUrl\":\"https:\/\/www.fiscalia.gov.co\/colombia\/wp-content\/uploads\/Fiscal-barbosa-Presuntos-integrantes-de-Grupo-Delincuencial-Organizado-Los-Pachelly-investigados-por-extorsion.--1024x732.jpg\",\"keywords\":[\"concierto para delinquir agravado y extorsi\u00f3n agravada\",\"CTI\",\"Grupo criminal Los Pachelly\",\"La mencionada banda criminal recib\u00eda anualmente sumas superiores a los 85 millones de pesos producto de las rentas il\u00edcitas\",\"Medell\u00edn (Antioquia)\"],\"articleSection\":[\"Noticias\",\"Seccional Antioquia\",\"Seccional Medell\u00edn\",\"Seccionales\",\"Seguridad territorial\"],\"inLanguage\":\"es-CO\"},{\"@type\":\"WebPage\",\"@id\":\"https:\/\/www.fiscalia.gov.co\/colombia\/noticias\/a-prision-siete-presuntos-integrantes-de-la-organizacion-criminal-los-pachelly-investigados-por-extorsion\/\",\"url\":\"https:\/\/www.fiscalia.gov.co\/colombia\/noticias\/a-prision-siete-presuntos-integrantes-de-la-organizacion-criminal-los-pachelly-investigados-por-extorsion\/\",\"name\":\"Fiscal\u00eda General de la Naci\u00f3n\",\"isPartOf\":{\"@id\":\"https:\/\/www.fiscalia.gov.co\/colombia\/#website\"},\"primaryImageOfPage\":{\"@id\":\"https:\/\/www.fiscalia.gov.co\/colombia\/noticias\/a-prision-siete-presuntos-integrantes-de-la-organizacion-criminal-los-pachelly-investigados-por-extorsion\/#primaryimage\"},\"image\":{\"@id\":\"https:\/\/www.fiscalia.gov.co\/colombia\/noticias\/a-prision-siete-presuntos-integrantes-de-la-organizacion-criminal-los-pachelly-investigados-por-extorsion\/#primaryimage\"},\"thumbnailUrl\":\"https:\/\/www.fiscalia.gov.co\/colombia\/wp-content\/uploads\/Fiscal-barbosa-Presuntos-integrantes-de-Grupo-Delincuencial-Organizado-Los-Pachelly-investigados-por-extorsion.--1024x732.jpg\",\"datePublished\":\"2022-09-19T22:47:41+00:00\",\"dateModified\":\"2022-09-19T22:47:41+00:00\",\"description\":\"P\u00e1gina oficial de la Fiscal\u00eda General de la Naci\u00f3n \u2013 Colombia. Garantizamos el acceso efectivo a la justicia, la verdad y la reparaci\u00f3n de las v\u00edctimas de los delitos.\",\"breadcrumb\":{\"@id\":\"https:\/\/www.fiscalia.gov.co\/colombia\/noticias\/a-prision-siete-presuntos-integrantes-de-la-organizacion-criminal-los-pachelly-investigados-por-extorsion\/#breadcrumb\"},\"inLanguage\":\"es-CO\",\"potentialAction\":[{\"@type\":\"ReadAction\",\"target\":[\"https:\/\/www.fiscalia.gov.co\/colombia\/noticias\/a-prision-siete-presuntos-integrantes-de-la-organizacion-criminal-los-pachelly-investigados-por-extorsion\/\"]}]},{\"@type\":\"ImageObject\",\"inLanguage\":\"es-CO\",\"@id\":\"https:\/\/www.fiscalia.gov.co\/colombia\/noticias\/a-prision-siete-presuntos-integrantes-de-la-organizacion-criminal-los-pachelly-investigados-por-extorsion\/#primaryimage\",\"url\":\"https:\/\/www.fiscalia.gov.co\/colombia\/wp-content\/uploads\/Fiscal-barbosa-Presuntos-integrantes-de-Grupo-Delincuencial-Organizado-Los-Pachelly-investigados-por-extorsion.-.jpg\",\"contentUrl\":\"https:\/\/www.fiscalia.gov.co\/colombia\/wp-content\/uploads\/Fiscal-barbosa-Presuntos-integrantes-de-Grupo-Delincuencial-Organizado-Los-Pachelly-investigados-por-extorsion.-.jpg\",\"width\":1280,\"height\":915,\"caption\":\"Presuntos integrantes de Grupo Delincuencial Organizado Los Pachelly investigados por extorsi\u00f3n.\u00a0\"},{\"@type\":\"BreadcrumbList\",\"@id\":\"https:\/\/www.fiscalia.gov.co\/colombia\/noticias\/a-prision-siete-presuntos-integrantes-de-la-organizacion-criminal-los-pachelly-investigados-por-extorsion\/#breadcrumb\",\"itemListElement\":[{\"@type\":\"ListItem\",\"position\":1,\"name\":\"Home\",\"item\":\"https:\/\/www.fiscalia.gov.co\/colombia\/\"},{\"@type\":\"ListItem\",\"position\":2,\"name\":\"A prisi\u00f3n siete presuntos integrantes de la organizaci\u00f3n criminal Los Pachelly, investigados por extorsi\u00f3n\"}]},{\"@type\":\"WebSite\",\"@id\":\"https:\/\/www.fiscalia.gov.co\/colombia\/#website\",\"url\":\"https:\/\/www.fiscalia.gov.co\/colombia\/\",\"name\":\"Fiscal\u00eda General de la Naci\u00f3n\",\"description\":\"P\u00e1gina oficial de la Fiscal\u00eda General de la Naci\u00f3n \u2013 Colombia. Garantizamos el acceso efectivo a la justicia, la verdad y la reparaci\u00f3n de las v\u00edctimas de los delitos.\",\"publisher\":{\"@id\":\"https:\/\/www.fiscalia.gov.co\/colombia\/#organization\"},\"potentialAction\":[{\"@type\":\"SearchAction\",\"target\":{\"@type\":\"EntryPoint\",\"urlTemplate\":\"https:\/\/www.fiscalia.gov.co\/colombia\/?s={search_term_string}\"},\"query-input\":{\"@type\":\"PropertyValueSpecification\",\"valueRequired\":true,\"valueName\":\"search_term_string\"}}],\"inLanguage\":\"es-CO\"},{\"@type\":\"Organization\",\"@id\":\"https:\/\/www.fiscalia.gov.co\/colombia\/#organization\",\"name\":\"Fiscal\u00eda General de la Naci\u00f3n\",\"url\":\"https:\/\/www.fiscalia.gov.co\/colombia\/\",\"logo\":{\"@type\":\"ImageObject\",\"inLanguage\":\"es-CO\",\"@id\":\"https:\/\/www.fiscalia.gov.co\/colombia\/#\/schema\/logo\/image\/\",\"url\":\"https:\/\/www.fiscalia.gov.co\/colombia\/wp-content\/uploads\/LogoHorizontal_1.jpg\",\"contentUrl\":\"https:\/\/www.fiscalia.gov.co\/colombia\/wp-content\/uploads\/LogoHorizontal_1.jpg\",\"width\":300,\"height\":90,\"caption\":\"Fiscal\u00eda General de la Naci\u00f3n\"},\"image\":{\"@id\":\"https:\/\/www.fiscalia.gov.co\/colombia\/#\/schema\/logo\/image\/\"},\"sameAs\":[\"https:\/\/www.facebook.com\/FiscaliaCol\",\"https:\/\/x.com\/FiscaliaCol\",\"https:\/\/www.instagram.com\/fiscaliacol\",\"https:\/\/www.linkedin.com\/company\/fiscalia-general-de-la-naci-n\/\",\"https:\/\/youtube.com\/@fiscaliageneraldelanacion-4668?si=6nN79nyQICPU5iTh\"]},{\"@type\":\"Person\",\"@id\":\"https:\/\/www.fiscalia.gov.co\/colombia\/#\/schema\/person\/bf84402cf293a5393e9c70b111020b24\",\"name\":\"Jordan Leandro Oviedo Anzola\",\"image\":{\"@type\":\"ImageObject\",\"inLanguage\":\"es-CO\",\"@id\":\"https:\/\/www.fiscalia.gov.co\/colombia\/#\/schema\/person\/image\/\",\"url\":\"https:\/\/secure.gravatar.com\/avatar\/dabba4346fa9b9207d96adafa8f92721?s=96&d=mm&r=g\",\"contentUrl\":\"https:\/\/secure.gravatar.com\/avatar\/dabba4346fa9b9207d96adafa8f92721?s=96&d=mm&r=g\",\"caption\":\"Jordan Leandro Oviedo Anzola\"},\"url\":\"https:\/\/www.fiscalia.gov.co\/colombia\/author\/joviedo\/\"}]}<\/script>\n<!-- \/ Yoast SEO plugin. -->","yoast_head_json":{"title":"Fiscal\u00eda General de la Naci\u00f3n","description":"P\u00e1gina oficial de la Fiscal\u00eda General de la Naci\u00f3n \u2013 Colombia. Garantizamos el acceso efectivo a la justicia, la verdad y la reparaci\u00f3n de las v\u00edctimas de los delitos.","robots":{"index":"noindex","follow":"follow"},"og_locale":"es_ES","og_type":"article","og_title":"Fiscal\u00eda General de la Naci\u00f3n","og_description":"P\u00e1gina oficial de la Fiscal\u00eda General de la Naci\u00f3n \u2013 Colombia. Garantizamos el acceso efectivo a la justicia, la verdad y la reparaci\u00f3n de las v\u00edctimas de los delitos.","og_url":"https:\/\/www.fiscalia.gov.co\/colombia\/noticias\/a-prision-siete-presuntos-integrantes-de-la-organizacion-criminal-los-pachelly-investigados-por-extorsion\/","og_site_name":"Fiscal\u00eda General de la Naci\u00f3n","article_publisher":"https:\/\/www.facebook.com\/FiscaliaCol","article_published_time":"2022-09-19T22:47:41+00:00","og_image":[{"url":"https:\/\/www.fiscalia.gov.co\/colombia\/wp-content\/uploads\/Fiscal-barbosa-Presuntos-integrantes-de-Grupo-Delincuencial-Organizado-Los-Pachelly-investigados-por-extorsion.--1024x732.jpg","type":"","width":"","height":""}],"author":"Jordan Leandro Oviedo Anzola","twitter_card":"summary_large_image","twitter_creator":"@FiscaliaCol","twitter_site":"@FiscaliaCol","twitter_misc":{"Escrito por":"Jordan Leandro Oviedo Anzola","Tiempo de lectura":"2 minutos"},"schema":{"@context":"https:\/\/schema.org","@graph":[{"@type":"Article","@id":"https:\/\/www.fiscalia.gov.co\/colombia\/noticias\/a-prision-siete-presuntos-integrantes-de-la-organizacion-criminal-los-pachelly-investigados-por-extorsion\/#article","isPartOf":{"@id":"https:\/\/www.fiscalia.gov.co\/colombia\/noticias\/a-prision-siete-presuntos-integrantes-de-la-organizacion-criminal-los-pachelly-investigados-por-extorsion\/"},"author":{"name":"Jordan Leandro Oviedo Anzola","@id":"https:\/\/www.fiscalia.gov.co\/colombia\/#\/schema\/person\/bf84402cf293a5393e9c70b111020b24"},"headline":"A prisi\u00f3n siete presuntos integrantes de la organizaci\u00f3n criminal Los Pachelly, investigados por extorsi\u00f3n","datePublished":"2022-09-19T22:47:41+00:00","dateModified":"2022-09-19T22:47:41+00:00","mainEntityOfPage":{"@id":"https:\/\/www.fiscalia.gov.co\/colombia\/noticias\/a-prision-siete-presuntos-integrantes-de-la-organizacion-criminal-los-pachelly-investigados-por-extorsion\/"},"wordCount":433,"publisher":{"@id":"https:\/\/www.fiscalia.gov.co\/colombia\/#organization"},"image":{"@id":"https:\/\/www.fiscalia.gov.co\/colombia\/noticias\/a-prision-siete-presuntos-integrantes-de-la-organizacion-criminal-los-pachelly-investigados-por-extorsion\/#primaryimage"},"thumbnailUrl":"https:\/\/www.fiscalia.gov.co\/colombia\/wp-content\/uploads\/Fiscal-barbosa-Presuntos-integrantes-de-Grupo-Delincuencial-Organizado-Los-Pachelly-investigados-por-extorsion.--1024x732.jpg","keywords":["concierto para delinquir agravado y extorsi\u00f3n agravada","CTI","Grupo criminal Los Pachelly","La mencionada banda criminal recib\u00eda anualmente sumas superiores a los 85 millones de pesos producto de las rentas il\u00edcitas","Medell\u00edn (Antioquia)"],"articleSection":["Noticias","Seccional Antioquia","Seccional Medell\u00edn","Seccionales","Seguridad territorial"],"inLanguage":"es-CO"},{"@type":"WebPage","@id":"https:\/\/www.fiscalia.gov.co\/colombia\/noticias\/a-prision-siete-presuntos-integrantes-de-la-organizacion-criminal-los-pachelly-investigados-por-extorsion\/","url":"https:\/\/www.fiscalia.gov.co\/colombia\/noticias\/a-prision-siete-presuntos-integrantes-de-la-organizacion-criminal-los-pachelly-investigados-por-extorsion\/","name":"Fiscal\u00eda General de la Naci\u00f3n","isPartOf":{"@id":"https:\/\/www.fiscalia.gov.co\/colombia\/#website"},"primaryImageOfPage":{"@id":"https:\/\/www.fiscalia.gov.co\/colombia\/noticias\/a-prision-siete-presuntos-integrantes-de-la-organizacion-criminal-los-pachelly-investigados-por-extorsion\/#primaryimage"},"image":{"@id":"https:\/\/www.fiscalia.gov.co\/colombia\/noticias\/a-prision-siete-presuntos-integrantes-de-la-organizacion-criminal-los-pachelly-investigados-por-extorsion\/#primaryimage"},"thumbnailUrl":"https:\/\/www.fiscalia.gov.co\/colombia\/wp-content\/uploads\/Fiscal-barbosa-Presuntos-integrantes-de-Grupo-Delincuencial-Organizado-Los-Pachelly-investigados-por-extorsion.--1024x732.jpg","datePublished":"2022-09-19T22:47:41+00:00","dateModified":"2022-09-19T22:47:41+00:00","description":"P\u00e1gina oficial de la Fiscal\u00eda General de la Naci\u00f3n \u2013 Colombia. Garantizamos el acceso efectivo a la justicia, la verdad y la reparaci\u00f3n de las v\u00edctimas de los delitos.","breadcrumb":{"@id":"https:\/\/www.fiscalia.gov.co\/colombia\/noticias\/a-prision-siete-presuntos-integrantes-de-la-organizacion-criminal-los-pachelly-investigados-por-extorsion\/#breadcrumb"},"inLanguage":"es-CO","potentialAction":[{"@type":"ReadAction","target":["https:\/\/www.fiscalia.gov.co\/colombia\/noticias\/a-prision-siete-presuntos-integrantes-de-la-organizacion-criminal-los-pachelly-investigados-por-extorsion\/"]}]},{"@type":"ImageObject","inLanguage":"es-CO","@id":"https:\/\/www.fiscalia.gov.co\/colombia\/noticias\/a-prision-siete-presuntos-integrantes-de-la-organizacion-criminal-los-pachelly-investigados-por-extorsion\/#primaryimage","url":"https:\/\/www.fiscalia.gov.co\/colombia\/wp-content\/uploads\/Fiscal-barbosa-Presuntos-integrantes-de-Grupo-Delincuencial-Organizado-Los-Pachelly-investigados-por-extorsion.-.jpg","contentUrl":"https:\/\/www.fiscalia.gov.co\/colombia\/wp-content\/uploads\/Fiscal-barbosa-Presuntos-integrantes-de-Grupo-Delincuencial-Organizado-Los-Pachelly-investigados-por-extorsion.-.jpg","width":1280,"height":915,"caption":"Presuntos integrantes de Grupo Delincuencial Organizado Los Pachelly investigados por extorsi\u00f3n.\u00a0"},{"@type":"BreadcrumbList","@id":"https:\/\/www.fiscalia.gov.co\/colombia\/noticias\/a-prision-siete-presuntos-integrantes-de-la-organizacion-criminal-los-pachelly-investigados-por-extorsion\/#breadcrumb","itemListElement":[{"@type":"ListItem","position":1,"name":"Home","item":"https:\/\/www.fiscalia.gov.co\/colombia\/"},{"@type":"ListItem","position":2,"name":"A prisi\u00f3n siete presuntos integrantes de la organizaci\u00f3n criminal Los Pachelly, investigados por extorsi\u00f3n"}]},{"@type":"WebSite","@id":"https:\/\/www.fiscalia.gov.co\/colombia\/#website","url":"https:\/\/www.fiscalia.gov.co\/colombia\/","name":"Fiscal\u00eda General de la Naci\u00f3n","description":"P\u00e1gina oficial de la Fiscal\u00eda General de la Naci\u00f3n \u2013 Colombia. Garantizamos el acceso efectivo a la justicia, la verdad y la reparaci\u00f3n de las v\u00edctimas de los delitos.","publisher":{"@id":"https:\/\/www.fiscalia.gov.co\/colombia\/#organization"},"potentialAction":[{"@type":"SearchAction","target":{"@type":"EntryPoint","urlTemplate":"https:\/\/www.fiscalia.gov.co\/colombia\/?s={search_term_string}"},"query-input":{"@type":"PropertyValueSpecification","valueRequired":true,"valueName":"search_term_string"}}],"inLanguage":"es-CO"},{"@type":"Organization","@id":"https:\/\/www.fiscalia.gov.co\/colombia\/#organization","name":"Fiscal\u00eda General de la Naci\u00f3n","url":"https:\/\/www.fiscalia.gov.co\/colombia\/","logo":{"@type":"ImageObject","inLanguage":"es-CO","@id":"https:\/\/www.fiscalia.gov.co\/colombia\/#\/schema\/logo\/image\/","url":"https:\/\/www.fiscalia.gov.co\/colombia\/wp-content\/uploads\/LogoHorizontal_1.jpg","contentUrl":"https:\/\/www.fiscalia.gov.co\/colombia\/wp-content\/uploads\/LogoHorizontal_1.jpg","width":300,"height":90,"caption":"Fiscal\u00eda General de la Naci\u00f3n"},"image":{"@id":"https:\/\/www.fiscalia.gov.co\/colombia\/#\/schema\/logo\/image\/"},"sameAs":["https:\/\/www.facebook.com\/FiscaliaCol","https:\/\/x.com\/FiscaliaCol","https:\/\/www.instagram.com\/fiscaliacol","https:\/\/www.linkedin.com\/company\/fiscalia-general-de-la-naci-n\/","https:\/\/youtube.com\/@fiscaliageneraldelanacion-4668?si=6nN79nyQICPU5iTh"]},{"@type":"Person","@id":"https:\/\/www.fiscalia.gov.co\/colombia\/#\/schema\/person\/bf84402cf293a5393e9c70b111020b24","name":"Jordan Leandro Oviedo Anzola","image":{"@type":"ImageObject","inLanguage":"es-CO","@id":"https:\/\/www.fiscalia.gov.co\/colombia\/#\/schema\/person\/image\/","url":"https:\/\/secure.gravatar.com\/avatar\/dabba4346fa9b9207d96adafa8f92721?s=96&d=mm&r=g","contentUrl":"https:\/\/secure.gravatar.com\/avatar\/dabba4346fa9b9207d96adafa8f92721?s=96&d=mm&r=g","caption":"Jordan Leandro Oviedo Anzola"},"url":"https:\/\/www.fiscalia.gov.co\/colombia\/author\/joviedo\/"}]}},"_links":{"self":[{"href":"https:\/\/www.fiscalia.gov.co\/colombia\/wp-json\/wp\/v2\/posts\/257419","targetHints":{"allow":["GET"]}}],"collection":[{"href":"https:\/\/www.fiscalia.gov.co\/colombia\/wp-json\/wp\/v2\/posts"}],"about":[{"href":"https:\/\/www.fiscalia.gov.co\/colombia\/wp-json\/wp\/v2\/types\/post"}],"author":[{"embeddable":true,"href":"https:\/\/www.fiscalia.gov.co\/colombia\/wp-json\/wp\/v2\/users\/177"}],"replies":[{"embeddable":true,"href":"https:\/\/www.fiscalia.gov.co\/colombia\/wp-json\/wp\/v2\/comments?post=257419"}],"version-history":[{"count":1,"href":"https:\/\/www.fiscalia.gov.co\/colombia\/wp-json\/wp\/v2\/posts\/257419\/revisions"}],"predecessor-version":[{"id":257421,"href":"https:\/\/www.fiscalia.gov.co\/colombia\/wp-json\/wp\/v2\/posts\/257419\/revisions\/257421"}],"wp:attachment":[{"href":"https:\/\/www.fiscalia.gov.co\/colombia\/wp-json\/wp\/v2\/media?parent=257419"}],"wp:term":[{"taxonomy":"category","embeddable":true,"href":"https:\/\/www.fiscalia.gov.co\/colombia\/wp-json\/wp\/v2\/categories?post=257419"},{"taxonomy":"post_tag","embeddable":true,"href":"https:\/\/www.fiscalia.gov.co\/colombia\/wp-json\/wp\/v2\/tags?post=257419"}],"curies":[{"name":"wp","href":"https:\/\/api.w.org\/{rel}","templated":true}]}}