{"id":257390,"date":"2022-09-19T15:33:16","date_gmt":"2022-09-19T20:33:16","guid":{"rendered":"https:\/\/www.fiscalia.gov.co\/colombia\/?p=257390"},"modified":"2022-09-19T15:33:16","modified_gmt":"2022-09-19T20:33:16","slug":"a-la-carcel-hombre-capturado-por-presuntos-delitos-sexuales-contra-su-hija-de-dos-anos","status":"publish","type":"post","link":"https:\/\/www.fiscalia.gov.co\/colombia\/noticias\/a-la-carcel-hombre-capturado-por-presuntos-delitos-sexuales-contra-su-hija-de-dos-anos\/","title":{"rendered":"A la c\u00e1rcel hombre capturado por presuntos delitos sexuales contra su hija de dos a\u00f1os"},"content":{"rendered":"<p>Un fiscal de la Seccional Casanare logr\u00f3 que un juez con funciones de control de Garant\u00edas de La Salina (Casanare) legalizara la captura y enviara a la c\u00e1rcel a un hombre de 53 a\u00f1os,\u00a0quien habr\u00eda abusado sexualmente de su hija de dos a\u00f1os.<\/p>\n<figure id=\"attachment_257391\" aria-describedby=\"caption-attachment-257391\" style=\"width: 696px\" class=\"wp-caption aligncenter\"><img loading=\"lazy\" decoding=\"async\" class=\"wp-image-257391 size-large\" src=\"https:\/\/www.fiscalia.gov.co\/colombia\/wp-content\/uploads\/Fiscal-barbosa-Este-hombre-habria-abusado-sexualmente-de-su-hija-de-dos-anos-en-La-Salina-Casanare.-La-Fiscalia-lo-imputo-por-el-delito-de-acceso-carnal-abusivo-con-menor-de-14-anos-agravado.-1024x694.jpeg\" alt=\"El capturado est\u00e1\u00a0protegido\u00a0por un miembro del CTI de la Fiscal\u00eda, y dos\u00a0miembros de la fuerza p\u00fablica uno de la\u00a0Polic\u00eda Nacional nacional y otro del Ej\u00e9rcito.\" width=\"696\" height=\"472\" srcset=\"https:\/\/www.fiscalia.gov.co\/colombia\/wp-content\/uploads\/Fiscal-barbosa-Este-hombre-habria-abusado-sexualmente-de-su-hija-de-dos-anos-en-La-Salina-Casanare.-La-Fiscalia-lo-imputo-por-el-delito-de-acceso-carnal-abusivo-con-menor-de-14-anos-agravado.-1024x694.jpeg 1024w, https:\/\/www.fiscalia.gov.co\/colombia\/wp-content\/uploads\/Fiscal-barbosa-Este-hombre-habria-abusado-sexualmente-de-su-hija-de-dos-anos-en-La-Salina-Casanare.-La-Fiscalia-lo-imputo-por-el-delito-de-acceso-carnal-abusivo-con-menor-de-14-anos-agravado.-300x203.jpeg 300w, https:\/\/www.fiscalia.gov.co\/colombia\/wp-content\/uploads\/Fiscal-barbosa-Este-hombre-habria-abusado-sexualmente-de-su-hija-de-dos-anos-en-La-Salina-Casanare.-La-Fiscalia-lo-imputo-por-el-delito-de-acceso-carnal-abusivo-con-menor-de-14-anos-agravado.-768x521.jpeg 768w, https:\/\/www.fiscalia.gov.co\/colombia\/wp-content\/uploads\/Fiscal-barbosa-Este-hombre-habria-abusado-sexualmente-de-su-hija-de-dos-anos-en-La-Salina-Casanare.-La-Fiscalia-lo-imputo-por-el-delito-de-acceso-carnal-abusivo-con-menor-de-14-anos-agravado.-696x472.jpeg 696w, https:\/\/www.fiscalia.gov.co\/colombia\/wp-content\/uploads\/Fiscal-barbosa-Este-hombre-habria-abusado-sexualmente-de-su-hija-de-dos-anos-en-La-Salina-Casanare.-La-Fiscalia-lo-imputo-por-el-delito-de-acceso-carnal-abusivo-con-menor-de-14-anos-agravado.-620x420.jpeg 620w, https:\/\/www.fiscalia.gov.co\/colombia\/wp-content\/uploads\/Fiscal-barbosa-Este-hombre-habria-abusado-sexualmente-de-su-hija-de-dos-anos-en-La-Salina-Casanare.-La-Fiscalia-lo-imputo-por-el-delito-de-acceso-carnal-abusivo-con-menor-de-14-anos-agravado..jpeg 1062w\" sizes=\"auto, (max-width: 696px) 100vw, 696px\" \/><figcaption id=\"caption-attachment-257391\" class=\"wp-caption-text\">Este hombre habr\u00eda abusado sexualmente de su hija de dos a\u00f1os en La Salina (Casanare). La Fiscal\u00eda lo imput\u00f3 por\u00a0el delito de\u00a0acceso carnal abusivo con menor de 14 a\u00f1os\u00a0agravado.<\/figcaption><\/figure>\n<p><span id=\"m_3436477808852499195m_-4726145216164648014m_6167123039244606760divtagdefaultwrapper\">Los hechos que se investigan se conocieron debido a que el Instituto Colombiano de Bienestar Familiar denunci\u00f3 la presunta\u00a0agresi\u00f3n sexual\u00a0ante las autoridades, la cual habr\u00eda sucedido\u00a0en el resguardo ind\u00edgena de La Esmeralda de Paz de Ariporo (Casanare), el pasado 7 de julio.<\/span><\/p>\n<p>La Fiscal\u00eda imput\u00f3 al hombre\u00a0por su presunta responsabilidad en el delito de\u00a0acceso carnal abusivo con menor de 14 a\u00f1os\u00a0agravado.<\/p>\n<p>La captura, que se hizo efectiva por una orden que pesaba en su contra por funcionarios del CTI Casanare, la Polic\u00eda Nacional y Ej\u00e9rcito, se llev\u00f3 a cabo en la v\u00eda Marginal de la Selva, entre los municipios de Paz de Ariporo y Hato Corozal.<\/p>\n<p>El hombre no acept\u00f3 los cargos en su contra.<\/p>\n<p>Esta informaci\u00f3n se publica por razones de inter\u00e9s general.<\/p>\n<p style=\"text-align: left;\" align=\"center\"><b>La Fiscal\u00eda habla con resultados.<\/b><\/p>\n<p align=\"center\">\n<p align=\"center\">\n<p align=\"center\">\n<p align=\"center\">\n<p>LAZL\/CFG\/ELB\/DSC\/<\/p>\n<p>&nbsp;<\/p>\n<p>&nbsp;<\/p>\n<p>&nbsp;<\/p>\n<div id=\"m_3436477808852499195m_-4726145216164648014m_6167123039244606760divtagdefaultwrapper\">\n<p><em>La informaci\u00f3n contenida en este bolet\u00edn de prensa corresponde a la narraci\u00f3n de los hechos noticiosos objetivos, suministrados por los funcionarios encargados de adelantar las investigaciones penales al interior de la Fiscal\u00eda General de la Naci\u00f3n. Para el momento de la divulgaci\u00f3n de este comunicado, la situaci\u00f3n jur\u00eddica de la(s) persona(s) relacionada(s) se encuentra pendiente de resolver por la autoridad judicial competente, siempre bajo los preceptos de la presunci\u00f3n de inocencia, consagrados en el art\u00edculo 29 de la Constituci\u00f3n Pol\u00edtica y el art\u00edculo 7\u00ba de la Ley 906 de 2004.<\/em><\/p>\n<\/div>\n\n<div class=\"twitter-share\"><a href=\"https:\/\/twitter.com\/intent\/tweet?via=fiscaliacol\" class=\"twitter-share-button\">Tweet<\/a><\/div>\n","protected":false},"excerpt":{"rendered":"<p>Un fiscal de la Seccional Casanare logr\u00f3 que un juez con funciones de control de Garant\u00edas de La Salina (Casanare) legalizara la captura y enviara a la c\u00e1rcel a un hombre de 53 a\u00f1os,\u00a0quien habr\u00eda abusado sexualmente de su hija de dos a\u00f1os. Los hechos que se investigan se conocieron debido a que el Instituto [&hellip;]<\/p>\n","protected":false},"author":177,"featured_media":0,"comment_status":"closed","ping_status":"open","sticky":false,"template":"","format":"standard","meta":{"_price":"","_stock":"","_tribe_ticket_header":"","_tribe_default_ticket_provider":"","_tribe_ticket_capacity":"0","_ticket_start_date":"","_ticket_end_date":"","_tribe_ticket_show_description":"","_tribe_ticket_show_not_going":false,"_tribe_ticket_use_global_stock":"","_tribe_ticket_global_stock_level":"","_global_stock_mode":"","_global_stock_cap":"","_tribe_rsvp_for_event":"","_tribe_ticket_going_count":"","_tribe_ticket_not_going_count":"","_tribe_tickets_list":"[]","_tribe_ticket_has_attendee_info_fields":false,"tdm_status":"","tdm_grid_status":"","footnotes":""},"categories":[1,16751,303,24127],"tags":[32888,924,1047,1185,24034],"class_list":{"0":"post-257390","1":"post","2":"type-post","3":"status-publish","4":"format-standard","6":"category-noticias","7":"category-seccional-casanare","8":"category-seccionales","9":"category-violencia-sexual-e-intrafamiliar","10":"tag-acceso-carnal-abusivo-con-menor-de-14-anos-agravado-con-circunstancias-de-mayor-punibilidad","11":"tag-captura","12":"tag-fiscalia-general-de-la-nacion","13":"tag-medida-de-aseguramiento","14":"tag-yopal-casanare"},"yoast_head":"<!-- This site is optimized with the Yoast SEO plugin v24.3 - https:\/\/yoast.com\/wordpress\/plugins\/seo\/ -->\n<title>Fiscal\u00eda General de la Naci\u00f3n<\/title>\n<meta name=\"description\" content=\"P\u00e1gina oficial de la Fiscal\u00eda General de la Naci\u00f3n \u2013 Colombia. Garantizamos el acceso efectivo a la justicia, la verdad y la reparaci\u00f3n de las v\u00edctimas de los delitos.\" \/>\n<meta name=\"robots\" content=\"noindex, follow\" \/>\n<meta property=\"og:locale\" content=\"es_ES\" \/>\n<meta property=\"og:type\" content=\"article\" \/>\n<meta property=\"og:title\" content=\"Fiscal\u00eda General de la Naci\u00f3n\" \/>\n<meta property=\"og:description\" content=\"P\u00e1gina oficial de la Fiscal\u00eda General de la Naci\u00f3n \u2013 Colombia. Garantizamos el acceso efectivo a la justicia, la verdad y la reparaci\u00f3n de las v\u00edctimas de los delitos.\" \/>\n<meta property=\"og:url\" content=\"https:\/\/www.fiscalia.gov.co\/colombia\/noticias\/a-la-carcel-hombre-capturado-por-presuntos-delitos-sexuales-contra-su-hija-de-dos-anos\/\" \/>\n<meta property=\"og:site_name\" content=\"Fiscal\u00eda General de la Naci\u00f3n\" \/>\n<meta property=\"article:publisher\" content=\"https:\/\/www.facebook.com\/FiscaliaCol\" \/>\n<meta property=\"article:published_time\" content=\"2022-09-19T20:33:16+00:00\" \/>\n<meta property=\"og:image\" content=\"https:\/\/www.fiscalia.gov.co\/colombia\/wp-content\/uploads\/Fiscal-barbosa-Este-hombre-habria-abusado-sexualmente-de-su-hija-de-dos-anos-en-La-Salina-Casanare.-La-Fiscalia-lo-imputo-por-el-delito-de-acceso-carnal-abusivo-con-menor-de-14-anos-agravado.-1024x694.jpeg\" \/>\n<meta name=\"author\" content=\"Jordan Leandro Oviedo Anzola\" \/>\n<meta name=\"twitter:card\" content=\"summary_large_image\" \/>\n<meta name=\"twitter:creator\" content=\"@FiscaliaCol\" \/>\n<meta name=\"twitter:site\" content=\"@FiscaliaCol\" \/>\n<meta name=\"twitter:label1\" content=\"Escrito por\" \/>\n\t<meta name=\"twitter:data1\" content=\"Jordan Leandro Oviedo Anzola\" \/>\n\t<meta name=\"twitter:label2\" content=\"Tiempo de lectura\" \/>\n\t<meta name=\"twitter:data2\" content=\"2 minutos\" \/>\n<script type=\"application\/ld+json\" class=\"yoast-schema-graph\">{\"@context\":\"https:\/\/schema.org\",\"@graph\":[{\"@type\":\"Article\",\"@id\":\"https:\/\/www.fiscalia.gov.co\/colombia\/noticias\/a-la-carcel-hombre-capturado-por-presuntos-delitos-sexuales-contra-su-hija-de-dos-anos\/#article\",\"isPartOf\":{\"@id\":\"https:\/\/www.fiscalia.gov.co\/colombia\/noticias\/a-la-carcel-hombre-capturado-por-presuntos-delitos-sexuales-contra-su-hija-de-dos-anos\/\"},\"author\":{\"name\":\"Jordan Leandro Oviedo Anzola\",\"@id\":\"https:\/\/www.fiscalia.gov.co\/colombia\/#\/schema\/person\/bf84402cf293a5393e9c70b111020b24\"},\"headline\":\"A la c\u00e1rcel hombre capturado por presuntos delitos sexuales contra su hija de dos a\u00f1os\",\"datePublished\":\"2022-09-19T20:33:16+00:00\",\"dateModified\":\"2022-09-19T20:33:16+00:00\",\"mainEntityOfPage\":{\"@id\":\"https:\/\/www.fiscalia.gov.co\/colombia\/noticias\/a-la-carcel-hombre-capturado-por-presuntos-delitos-sexuales-contra-su-hija-de-dos-anos\/\"},\"wordCount\":360,\"publisher\":{\"@id\":\"https:\/\/www.fiscalia.gov.co\/colombia\/#organization\"},\"image\":{\"@id\":\"https:\/\/www.fiscalia.gov.co\/colombia\/noticias\/a-la-carcel-hombre-capturado-por-presuntos-delitos-sexuales-contra-su-hija-de-dos-anos\/#primaryimage\"},\"thumbnailUrl\":\"https:\/\/www.fiscalia.gov.co\/colombia\/wp-content\/uploads\/Fiscal-barbosa-Este-hombre-habria-abusado-sexualmente-de-su-hija-de-dos-anos-en-La-Salina-Casanare.-La-Fiscalia-lo-imputo-por-el-delito-de-acceso-carnal-abusivo-con-menor-de-14-anos-agravado.-1024x694.jpeg\",\"keywords\":[\"acceso carnal abusivo con menor de 14 a\u00f1os agravado con circunstancias de mayor punibilidad\",\"Captura\",\"Fiscal\u00eda General de la Naci\u00f3n\",\"Medida de aseguramiento\",\"Yopal (Casanare)\"],\"articleSection\":[\"Noticias\",\"Seccional Casanare\",\"Seccionales\",\"Violencia sexual e intrafamiliar\"],\"inLanguage\":\"es-CO\"},{\"@type\":\"WebPage\",\"@id\":\"https:\/\/www.fiscalia.gov.co\/colombia\/noticias\/a-la-carcel-hombre-capturado-por-presuntos-delitos-sexuales-contra-su-hija-de-dos-anos\/\",\"url\":\"https:\/\/www.fiscalia.gov.co\/colombia\/noticias\/a-la-carcel-hombre-capturado-por-presuntos-delitos-sexuales-contra-su-hija-de-dos-anos\/\",\"name\":\"Fiscal\u00eda General de la Naci\u00f3n\",\"isPartOf\":{\"@id\":\"https:\/\/www.fiscalia.gov.co\/colombia\/#website\"},\"primaryImageOfPage\":{\"@id\":\"https:\/\/www.fiscalia.gov.co\/colombia\/noticias\/a-la-carcel-hombre-capturado-por-presuntos-delitos-sexuales-contra-su-hija-de-dos-anos\/#primaryimage\"},\"image\":{\"@id\":\"https:\/\/www.fiscalia.gov.co\/colombia\/noticias\/a-la-carcel-hombre-capturado-por-presuntos-delitos-sexuales-contra-su-hija-de-dos-anos\/#primaryimage\"},\"thumbnailUrl\":\"https:\/\/www.fiscalia.gov.co\/colombia\/wp-content\/uploads\/Fiscal-barbosa-Este-hombre-habria-abusado-sexualmente-de-su-hija-de-dos-anos-en-La-Salina-Casanare.-La-Fiscalia-lo-imputo-por-el-delito-de-acceso-carnal-abusivo-con-menor-de-14-anos-agravado.-1024x694.jpeg\",\"datePublished\":\"2022-09-19T20:33:16+00:00\",\"dateModified\":\"2022-09-19T20:33:16+00:00\",\"description\":\"P\u00e1gina oficial de la Fiscal\u00eda General de la Naci\u00f3n \u2013 Colombia. Garantizamos el acceso efectivo a la justicia, la verdad y la reparaci\u00f3n de las v\u00edctimas de los delitos.\",\"breadcrumb\":{\"@id\":\"https:\/\/www.fiscalia.gov.co\/colombia\/noticias\/a-la-carcel-hombre-capturado-por-presuntos-delitos-sexuales-contra-su-hija-de-dos-anos\/#breadcrumb\"},\"inLanguage\":\"es-CO\",\"potentialAction\":[{\"@type\":\"ReadAction\",\"target\":[\"https:\/\/www.fiscalia.gov.co\/colombia\/noticias\/a-la-carcel-hombre-capturado-por-presuntos-delitos-sexuales-contra-su-hija-de-dos-anos\/\"]}]},{\"@type\":\"ImageObject\",\"inLanguage\":\"es-CO\",\"@id\":\"https:\/\/www.fiscalia.gov.co\/colombia\/noticias\/a-la-carcel-hombre-capturado-por-presuntos-delitos-sexuales-contra-su-hija-de-dos-anos\/#primaryimage\",\"url\":\"https:\/\/www.fiscalia.gov.co\/colombia\/wp-content\/uploads\/Fiscal-barbosa-Este-hombre-habria-abusado-sexualmente-de-su-hija-de-dos-anos-en-La-Salina-Casanare.-La-Fiscalia-lo-imputo-por-el-delito-de-acceso-carnal-abusivo-con-menor-de-14-anos-agravado.-1024x694.jpeg\",\"contentUrl\":\"https:\/\/www.fiscalia.gov.co\/colombia\/wp-content\/uploads\/Fiscal-barbosa-Este-hombre-habria-abusado-sexualmente-de-su-hija-de-dos-anos-en-La-Salina-Casanare.-La-Fiscalia-lo-imputo-por-el-delito-de-acceso-carnal-abusivo-con-menor-de-14-anos-agravado.-1024x694.jpeg\"},{\"@type\":\"BreadcrumbList\",\"@id\":\"https:\/\/www.fiscalia.gov.co\/colombia\/noticias\/a-la-carcel-hombre-capturado-por-presuntos-delitos-sexuales-contra-su-hija-de-dos-anos\/#breadcrumb\",\"itemListElement\":[{\"@type\":\"ListItem\",\"position\":1,\"name\":\"Home\",\"item\":\"https:\/\/www.fiscalia.gov.co\/colombia\/\"},{\"@type\":\"ListItem\",\"position\":2,\"name\":\"A la c\u00e1rcel hombre capturado por presuntos delitos sexuales contra su hija de dos a\u00f1os\"}]},{\"@type\":\"WebSite\",\"@id\":\"https:\/\/www.fiscalia.gov.co\/colombia\/#website\",\"url\":\"https:\/\/www.fiscalia.gov.co\/colombia\/\",\"name\":\"Fiscal\u00eda General de la Naci\u00f3n\",\"description\":\"P\u00e1gina oficial de la Fiscal\u00eda General de la Naci\u00f3n \u2013 Colombia. Garantizamos el acceso efectivo a la justicia, la verdad y la reparaci\u00f3n de las v\u00edctimas de los delitos.\",\"publisher\":{\"@id\":\"https:\/\/www.fiscalia.gov.co\/colombia\/#organization\"},\"potentialAction\":[{\"@type\":\"SearchAction\",\"target\":{\"@type\":\"EntryPoint\",\"urlTemplate\":\"https:\/\/www.fiscalia.gov.co\/colombia\/?s={search_term_string}\"},\"query-input\":{\"@type\":\"PropertyValueSpecification\",\"valueRequired\":true,\"valueName\":\"search_term_string\"}}],\"inLanguage\":\"es-CO\"},{\"@type\":\"Organization\",\"@id\":\"https:\/\/www.fiscalia.gov.co\/colombia\/#organization\",\"name\":\"Fiscal\u00eda General de la Naci\u00f3n\",\"url\":\"https:\/\/www.fiscalia.gov.co\/colombia\/\",\"logo\":{\"@type\":\"ImageObject\",\"inLanguage\":\"es-CO\",\"@id\":\"https:\/\/www.fiscalia.gov.co\/colombia\/#\/schema\/logo\/image\/\",\"url\":\"https:\/\/www.fiscalia.gov.co\/colombia\/wp-content\/uploads\/LogoHorizontal_1.jpg\",\"contentUrl\":\"https:\/\/www.fiscalia.gov.co\/colombia\/wp-content\/uploads\/LogoHorizontal_1.jpg\",\"width\":300,\"height\":90,\"caption\":\"Fiscal\u00eda General de la Naci\u00f3n\"},\"image\":{\"@id\":\"https:\/\/www.fiscalia.gov.co\/colombia\/#\/schema\/logo\/image\/\"},\"sameAs\":[\"https:\/\/www.facebook.com\/FiscaliaCol\",\"https:\/\/x.com\/FiscaliaCol\",\"https:\/\/www.instagram.com\/fiscaliacol\",\"https:\/\/www.linkedin.com\/company\/fiscalia-general-de-la-naci-n\/\",\"https:\/\/youtube.com\/@fiscaliageneraldelanacion-4668?si=6nN79nyQICPU5iTh\"]},{\"@type\":\"Person\",\"@id\":\"https:\/\/www.fiscalia.gov.co\/colombia\/#\/schema\/person\/bf84402cf293a5393e9c70b111020b24\",\"name\":\"Jordan Leandro Oviedo Anzola\",\"image\":{\"@type\":\"ImageObject\",\"inLanguage\":\"es-CO\",\"@id\":\"https:\/\/www.fiscalia.gov.co\/colombia\/#\/schema\/person\/image\/\",\"url\":\"https:\/\/secure.gravatar.com\/avatar\/dabba4346fa9b9207d96adafa8f92721?s=96&d=mm&r=g\",\"contentUrl\":\"https:\/\/secure.gravatar.com\/avatar\/dabba4346fa9b9207d96adafa8f92721?s=96&d=mm&r=g\",\"caption\":\"Jordan Leandro Oviedo Anzola\"},\"url\":\"https:\/\/www.fiscalia.gov.co\/colombia\/author\/joviedo\/\"}]}<\/script>\n<!-- \/ Yoast SEO plugin. -->","yoast_head_json":{"title":"Fiscal\u00eda General de la Naci\u00f3n","description":"P\u00e1gina oficial de la Fiscal\u00eda General de la Naci\u00f3n \u2013 Colombia. Garantizamos el acceso efectivo a la justicia, la verdad y la reparaci\u00f3n de las v\u00edctimas de los delitos.","robots":{"index":"noindex","follow":"follow"},"og_locale":"es_ES","og_type":"article","og_title":"Fiscal\u00eda General de la Naci\u00f3n","og_description":"P\u00e1gina oficial de la Fiscal\u00eda General de la Naci\u00f3n \u2013 Colombia. Garantizamos el acceso efectivo a la justicia, la verdad y la reparaci\u00f3n de las v\u00edctimas de los delitos.","og_url":"https:\/\/www.fiscalia.gov.co\/colombia\/noticias\/a-la-carcel-hombre-capturado-por-presuntos-delitos-sexuales-contra-su-hija-de-dos-anos\/","og_site_name":"Fiscal\u00eda General de la Naci\u00f3n","article_publisher":"https:\/\/www.facebook.com\/FiscaliaCol","article_published_time":"2022-09-19T20:33:16+00:00","og_image":[{"url":"https:\/\/www.fiscalia.gov.co\/colombia\/wp-content\/uploads\/Fiscal-barbosa-Este-hombre-habria-abusado-sexualmente-de-su-hija-de-dos-anos-en-La-Salina-Casanare.-La-Fiscalia-lo-imputo-por-el-delito-de-acceso-carnal-abusivo-con-menor-de-14-anos-agravado.-1024x694.jpeg","type":"","width":"","height":""}],"author":"Jordan Leandro Oviedo Anzola","twitter_card":"summary_large_image","twitter_creator":"@FiscaliaCol","twitter_site":"@FiscaliaCol","twitter_misc":{"Escrito por":"Jordan Leandro Oviedo Anzola","Tiempo de lectura":"2 minutos"},"schema":{"@context":"https:\/\/schema.org","@graph":[{"@type":"Article","@id":"https:\/\/www.fiscalia.gov.co\/colombia\/noticias\/a-la-carcel-hombre-capturado-por-presuntos-delitos-sexuales-contra-su-hija-de-dos-anos\/#article","isPartOf":{"@id":"https:\/\/www.fiscalia.gov.co\/colombia\/noticias\/a-la-carcel-hombre-capturado-por-presuntos-delitos-sexuales-contra-su-hija-de-dos-anos\/"},"author":{"name":"Jordan Leandro Oviedo Anzola","@id":"https:\/\/www.fiscalia.gov.co\/colombia\/#\/schema\/person\/bf84402cf293a5393e9c70b111020b24"},"headline":"A la c\u00e1rcel hombre capturado por presuntos delitos sexuales contra su hija de dos a\u00f1os","datePublished":"2022-09-19T20:33:16+00:00","dateModified":"2022-09-19T20:33:16+00:00","mainEntityOfPage":{"@id":"https:\/\/www.fiscalia.gov.co\/colombia\/noticias\/a-la-carcel-hombre-capturado-por-presuntos-delitos-sexuales-contra-su-hija-de-dos-anos\/"},"wordCount":360,"publisher":{"@id":"https:\/\/www.fiscalia.gov.co\/colombia\/#organization"},"image":{"@id":"https:\/\/www.fiscalia.gov.co\/colombia\/noticias\/a-la-carcel-hombre-capturado-por-presuntos-delitos-sexuales-contra-su-hija-de-dos-anos\/#primaryimage"},"thumbnailUrl":"https:\/\/www.fiscalia.gov.co\/colombia\/wp-content\/uploads\/Fiscal-barbosa-Este-hombre-habria-abusado-sexualmente-de-su-hija-de-dos-anos-en-La-Salina-Casanare.-La-Fiscalia-lo-imputo-por-el-delito-de-acceso-carnal-abusivo-con-menor-de-14-anos-agravado.-1024x694.jpeg","keywords":["acceso carnal abusivo con menor de 14 a\u00f1os agravado con circunstancias de mayor punibilidad","Captura","Fiscal\u00eda General de la Naci\u00f3n","Medida de aseguramiento","Yopal (Casanare)"],"articleSection":["Noticias","Seccional Casanare","Seccionales","Violencia sexual e intrafamiliar"],"inLanguage":"es-CO"},{"@type":"WebPage","@id":"https:\/\/www.fiscalia.gov.co\/colombia\/noticias\/a-la-carcel-hombre-capturado-por-presuntos-delitos-sexuales-contra-su-hija-de-dos-anos\/","url":"https:\/\/www.fiscalia.gov.co\/colombia\/noticias\/a-la-carcel-hombre-capturado-por-presuntos-delitos-sexuales-contra-su-hija-de-dos-anos\/","name":"Fiscal\u00eda General de la Naci\u00f3n","isPartOf":{"@id":"https:\/\/www.fiscalia.gov.co\/colombia\/#website"},"primaryImageOfPage":{"@id":"https:\/\/www.fiscalia.gov.co\/colombia\/noticias\/a-la-carcel-hombre-capturado-por-presuntos-delitos-sexuales-contra-su-hija-de-dos-anos\/#primaryimage"},"image":{"@id":"https:\/\/www.fiscalia.gov.co\/colombia\/noticias\/a-la-carcel-hombre-capturado-por-presuntos-delitos-sexuales-contra-su-hija-de-dos-anos\/#primaryimage"},"thumbnailUrl":"https:\/\/www.fiscalia.gov.co\/colombia\/wp-content\/uploads\/Fiscal-barbosa-Este-hombre-habria-abusado-sexualmente-de-su-hija-de-dos-anos-en-La-Salina-Casanare.-La-Fiscalia-lo-imputo-por-el-delito-de-acceso-carnal-abusivo-con-menor-de-14-anos-agravado.-1024x694.jpeg","datePublished":"2022-09-19T20:33:16+00:00","dateModified":"2022-09-19T20:33:16+00:00","description":"P\u00e1gina oficial de la Fiscal\u00eda General de la Naci\u00f3n \u2013 Colombia. Garantizamos el acceso efectivo a la justicia, la verdad y la reparaci\u00f3n de las v\u00edctimas de los delitos.","breadcrumb":{"@id":"https:\/\/www.fiscalia.gov.co\/colombia\/noticias\/a-la-carcel-hombre-capturado-por-presuntos-delitos-sexuales-contra-su-hija-de-dos-anos\/#breadcrumb"},"inLanguage":"es-CO","potentialAction":[{"@type":"ReadAction","target":["https:\/\/www.fiscalia.gov.co\/colombia\/noticias\/a-la-carcel-hombre-capturado-por-presuntos-delitos-sexuales-contra-su-hija-de-dos-anos\/"]}]},{"@type":"ImageObject","inLanguage":"es-CO","@id":"https:\/\/www.fiscalia.gov.co\/colombia\/noticias\/a-la-carcel-hombre-capturado-por-presuntos-delitos-sexuales-contra-su-hija-de-dos-anos\/#primaryimage","url":"https:\/\/www.fiscalia.gov.co\/colombia\/wp-content\/uploads\/Fiscal-barbosa-Este-hombre-habria-abusado-sexualmente-de-su-hija-de-dos-anos-en-La-Salina-Casanare.-La-Fiscalia-lo-imputo-por-el-delito-de-acceso-carnal-abusivo-con-menor-de-14-anos-agravado.-1024x694.jpeg","contentUrl":"https:\/\/www.fiscalia.gov.co\/colombia\/wp-content\/uploads\/Fiscal-barbosa-Este-hombre-habria-abusado-sexualmente-de-su-hija-de-dos-anos-en-La-Salina-Casanare.-La-Fiscalia-lo-imputo-por-el-delito-de-acceso-carnal-abusivo-con-menor-de-14-anos-agravado.-1024x694.jpeg"},{"@type":"BreadcrumbList","@id":"https:\/\/www.fiscalia.gov.co\/colombia\/noticias\/a-la-carcel-hombre-capturado-por-presuntos-delitos-sexuales-contra-su-hija-de-dos-anos\/#breadcrumb","itemListElement":[{"@type":"ListItem","position":1,"name":"Home","item":"https:\/\/www.fiscalia.gov.co\/colombia\/"},{"@type":"ListItem","position":2,"name":"A la c\u00e1rcel hombre capturado por presuntos delitos sexuales contra su hija de dos a\u00f1os"}]},{"@type":"WebSite","@id":"https:\/\/www.fiscalia.gov.co\/colombia\/#website","url":"https:\/\/www.fiscalia.gov.co\/colombia\/","name":"Fiscal\u00eda General de la Naci\u00f3n","description":"P\u00e1gina oficial de la Fiscal\u00eda General de la Naci\u00f3n \u2013 Colombia. Garantizamos el acceso efectivo a la justicia, la verdad y la reparaci\u00f3n de las v\u00edctimas de los delitos.","publisher":{"@id":"https:\/\/www.fiscalia.gov.co\/colombia\/#organization"},"potentialAction":[{"@type":"SearchAction","target":{"@type":"EntryPoint","urlTemplate":"https:\/\/www.fiscalia.gov.co\/colombia\/?s={search_term_string}"},"query-input":{"@type":"PropertyValueSpecification","valueRequired":true,"valueName":"search_term_string"}}],"inLanguage":"es-CO"},{"@type":"Organization","@id":"https:\/\/www.fiscalia.gov.co\/colombia\/#organization","name":"Fiscal\u00eda General de la Naci\u00f3n","url":"https:\/\/www.fiscalia.gov.co\/colombia\/","logo":{"@type":"ImageObject","inLanguage":"es-CO","@id":"https:\/\/www.fiscalia.gov.co\/colombia\/#\/schema\/logo\/image\/","url":"https:\/\/www.fiscalia.gov.co\/colombia\/wp-content\/uploads\/LogoHorizontal_1.jpg","contentUrl":"https:\/\/www.fiscalia.gov.co\/colombia\/wp-content\/uploads\/LogoHorizontal_1.jpg","width":300,"height":90,"caption":"Fiscal\u00eda General de la Naci\u00f3n"},"image":{"@id":"https:\/\/www.fiscalia.gov.co\/colombia\/#\/schema\/logo\/image\/"},"sameAs":["https:\/\/www.facebook.com\/FiscaliaCol","https:\/\/x.com\/FiscaliaCol","https:\/\/www.instagram.com\/fiscaliacol","https:\/\/www.linkedin.com\/company\/fiscalia-general-de-la-naci-n\/","https:\/\/youtube.com\/@fiscaliageneraldelanacion-4668?si=6nN79nyQICPU5iTh"]},{"@type":"Person","@id":"https:\/\/www.fiscalia.gov.co\/colombia\/#\/schema\/person\/bf84402cf293a5393e9c70b111020b24","name":"Jordan Leandro Oviedo Anzola","image":{"@type":"ImageObject","inLanguage":"es-CO","@id":"https:\/\/www.fiscalia.gov.co\/colombia\/#\/schema\/person\/image\/","url":"https:\/\/secure.gravatar.com\/avatar\/dabba4346fa9b9207d96adafa8f92721?s=96&d=mm&r=g","contentUrl":"https:\/\/secure.gravatar.com\/avatar\/dabba4346fa9b9207d96adafa8f92721?s=96&d=mm&r=g","caption":"Jordan Leandro Oviedo Anzola"},"url":"https:\/\/www.fiscalia.gov.co\/colombia\/author\/joviedo\/"}]}},"_links":{"self":[{"href":"https:\/\/www.fiscalia.gov.co\/colombia\/wp-json\/wp\/v2\/posts\/257390","targetHints":{"allow":["GET"]}}],"collection":[{"href":"https:\/\/www.fiscalia.gov.co\/colombia\/wp-json\/wp\/v2\/posts"}],"about":[{"href":"https:\/\/www.fiscalia.gov.co\/colombia\/wp-json\/wp\/v2\/types\/post"}],"author":[{"embeddable":true,"href":"https:\/\/www.fiscalia.gov.co\/colombia\/wp-json\/wp\/v2\/users\/177"}],"replies":[{"embeddable":true,"href":"https:\/\/www.fiscalia.gov.co\/colombia\/wp-json\/wp\/v2\/comments?post=257390"}],"version-history":[{"count":1,"href":"https:\/\/www.fiscalia.gov.co\/colombia\/wp-json\/wp\/v2\/posts\/257390\/revisions"}],"predecessor-version":[{"id":257393,"href":"https:\/\/www.fiscalia.gov.co\/colombia\/wp-json\/wp\/v2\/posts\/257390\/revisions\/257393"}],"wp:attachment":[{"href":"https:\/\/www.fiscalia.gov.co\/colombia\/wp-json\/wp\/v2\/media?parent=257390"}],"wp:term":[{"taxonomy":"category","embeddable":true,"href":"https:\/\/www.fiscalia.gov.co\/colombia\/wp-json\/wp\/v2\/categories?post=257390"},{"taxonomy":"post_tag","embeddable":true,"href":"https:\/\/www.fiscalia.gov.co\/colombia\/wp-json\/wp\/v2\/tags?post=257390"}],"curies":[{"name":"wp","href":"https:\/\/api.w.org\/{rel}","templated":true}]}}