{"id":257382,"date":"2022-09-19T15:20:07","date_gmt":"2022-09-19T20:20:07","guid":{"rendered":"https:\/\/www.fiscalia.gov.co\/colombia\/?p=257382"},"modified":"2022-09-19T15:20:07","modified_gmt":"2022-09-19T20:20:07","slug":"en-tulua-fue-judicializada-presunta-responsable-de-maltratar-y-mantener-en-condiciones-indignantes-a-sus-hijos-menores","status":"publish","type":"post","link":"https:\/\/www.fiscalia.gov.co\/colombia\/noticias\/en-tulua-fue-judicializada-presunta-responsable-de-maltratar-y-mantener-en-condiciones-indignantes-a-sus-hijos-menores\/","title":{"rendered":"En Tulu\u00e1 fue judicializada presunta responsable de maltratar y mantener en condiciones indignantes a sus hijos menores"},"content":{"rendered":"<div>\n<p><span lang=\"ES\">Con medida de aseguramiento en su lugar de domicilio fue cobijada una mujer de 22 a\u00f1os, presuntamente, responsable de maltratar a sus dos hijos de 4 y 2 a\u00f1os. Al parecer, esta persona manten\u00eda en condiciones indignas a los dos menores de edad en la casa donde viv\u00edan en el municipio de Tulu\u00e1 (Valle del Cauca).<\/span><\/p>\n<figure id=\"attachment_257383\" aria-describedby=\"caption-attachment-257383\" style=\"width: 347px\" class=\"wp-caption alignleft\"><img loading=\"lazy\" decoding=\"async\" class=\"wp-image-257383 \" src=\"https:\/\/www.fiscalia.gov.co\/colombia\/wp-content\/uploads\/Fiscal-Barbosa-Asegurada-por-violencia-intrafamiliar-contra-sus-dos-hijos-menores.-Tulua-Valle.-842x1024.jpg\" alt=\"En la foto aparece la mujer judicializada, con los brazos atr\u00e1s, vestida con buso negro y rayas rojas, legies tipo camuflado y zapatos tenis blancos. Al lado derecho de ella aparece un servidor del CTI de la Fiscal\u00eda y a su lado izquierdo uno de la Polic\u00eda Nacional. Detr\u00e1s de ellos aparece un pend\u00f3n institucional de la Fiscal\u00eda.\" width=\"347\" height=\"422\" srcset=\"https:\/\/www.fiscalia.gov.co\/colombia\/wp-content\/uploads\/Fiscal-Barbosa-Asegurada-por-violencia-intrafamiliar-contra-sus-dos-hijos-menores.-Tulua-Valle.-842x1024.jpg 842w, https:\/\/www.fiscalia.gov.co\/colombia\/wp-content\/uploads\/Fiscal-Barbosa-Asegurada-por-violencia-intrafamiliar-contra-sus-dos-hijos-menores.-Tulua-Valle.-247x300.jpg 247w, https:\/\/www.fiscalia.gov.co\/colombia\/wp-content\/uploads\/Fiscal-Barbosa-Asegurada-por-violencia-intrafamiliar-contra-sus-dos-hijos-menores.-Tulua-Valle.-768x934.jpg 768w, https:\/\/www.fiscalia.gov.co\/colombia\/wp-content\/uploads\/Fiscal-Barbosa-Asegurada-por-violencia-intrafamiliar-contra-sus-dos-hijos-menores.-Tulua-Valle.-696x846.jpg 696w, https:\/\/www.fiscalia.gov.co\/colombia\/wp-content\/uploads\/Fiscal-Barbosa-Asegurada-por-violencia-intrafamiliar-contra-sus-dos-hijos-menores.-Tulua-Valle.-345x420.jpg 345w, https:\/\/www.fiscalia.gov.co\/colombia\/wp-content\/uploads\/Fiscal-Barbosa-Asegurada-por-violencia-intrafamiliar-contra-sus-dos-hijos-menores.-Tulua-Valle..jpg 885w\" sizes=\"auto, (max-width: 347px) 100vw, 347px\" \/><figcaption id=\"caption-attachment-257383\" class=\"wp-caption-text\">Con medida de aseguramiento privativa de la libertad fue cobijada una mujer como presunta responsable de maltrato y trato indignante a sus dos hijos menores de edad, en zona rural de Tulu\u00e1 (Valle del Cauca).<\/figcaption><\/figure>\n<p><span lang=\"ES\">Los hechos investigados ocurrieron el pasado 3 de julio en la vereda La Moralia donde vecinos del sector hallaron a los ni\u00f1os con sus pies y manos atadas con cordones y cabuya. De la misma manera, se detall\u00f3 que los infantes se encontraban sin luz y se presume que no hab\u00edan recibido alimentos y, al parecer, hac\u00edan sus necesidades en el mismo espacio.<\/span><\/p>\n<p><span lang=\"ES\">Por estos hechos la madre de las v\u00edctimas fue capturada por servidores del Cuerpo T\u00e9cnico de Investigaci\u00f3n (CTI) de la Seccional Valle del Cauca y de la Polic\u00eda Nacional.<\/span><\/p>\n<p><span lang=\"ES\">Un Fiscal del Centro de Atenci\u00f3n a V\u00edctimas de Violencia Intrafamiliar (Cavif) imput\u00f3 cargos a la procesada el delito de\u00a0<a href=\"https:\/\/www.fiscalia.gov.co\/colombia\/noticias\/judicializados-dos-hombres-por-el-delito-de-violencia-intrafamiliar-agravada-en-mitu\/\" target=\"_blank\" rel=\"noopener\" data-saferedirecturl=\"https:\/\/www.google.com\/url?q=https:\/\/www.fiscalia.gov.co\/colombia\/noticias\/judicializados-dos-hombres-por-el-delito-de-violencia-intrafamiliar-agravada-en-mitu\/&amp;source=gmail&amp;ust=1663704651063000&amp;usg=AOvVaw2fBm7CPXR7J_lMX-W1Xh9i\">violencia intrafamiliar agravada<\/a>.<\/span>\u00a0Los menores quedaron a disposici\u00f3n de una Comisar\u00eda de Familia para el restablecimiento de sus derechos.<\/p>\n<p><span lang=\"ES\">Esta informaci\u00f3n se publica por razones de inter\u00e9s general.\u00a0<\/span><\/p>\n<p><strong><span lang=\"ES\">La Fiscal\u00eda habla con resultados.<\/span><\/strong><\/p>\n<\/div>\n<p>&nbsp;<\/p>\n<p>&nbsp;<\/p>\n<p>&nbsp;<\/p>\n<p>&nbsp;<\/p>\n<div>\n<p><span lang=\"ES\">MAP\/MAGA\/SMLR\/DSVC\/<\/span><\/p>\n<\/div>\n<p>&nbsp;<\/p>\n<p>&nbsp;<\/p>\n<p>&nbsp;<\/p>\n<p>&nbsp;<\/p>\n<p><em><span lang=\"ES\">La informaci\u00f3n contenida en este bolet\u00edn de prensa corresponde a la narraci\u00f3n de los hechos noticiosos objetivos, suministrados por los funcionarios encargados de adelantar las investigaciones penales al interior de la Fiscal\u00eda General de la Naci\u00f3n. Para el momento de la divulgaci\u00f3n de este comunicado, la situaci\u00f3n jur\u00eddica de la(s) persona(s) relacionada(s) se encuentra pendiente de resolver por la autoridad judicial competente, siempre bajo los preceptos de la presunci\u00f3n de inocencia, consagrados en el art\u00edculo 29 de la Constituci\u00f3n Pol\u00edtica y el art\u00edculo 7\u00ba de la Ley 906 de 2004.<\/span><\/em><b><u><\/u>\u00a0<\/b><\/p>\n\n<div class=\"twitter-share\"><a href=\"https:\/\/twitter.com\/intent\/tweet?via=fiscaliacol\" class=\"twitter-share-button\">Tweet<\/a><\/div>\n","protected":false},"excerpt":{"rendered":"<p>Con medida de aseguramiento en su lugar de domicilio fue cobijada una mujer de 22 a\u00f1os, presuntamente, responsable de maltratar a sus dos hijos de 4 y 2 a\u00f1os. Al [&hellip;]<\/p>\n","protected":false},"author":177,"featured_media":0,"comment_status":"closed","ping_status":"open","sticky":false,"template":"","format":"standard","meta":{"tdm_status":"","tdm_grid_status":"","footnotes":""},"categories":[1,324,303,24127],"tags":[32885,2418,14792,32886,24478,78,24187,26942,1185,24549,12158,32887,29437,24046,12433],"class_list":["post-257382","post","type-post","status-publish","format-standard","category-noticias","category-seccional-cali","category-seccionales","category-violencia-sexual-e-intrafamiliar","tag-amarrados","tag-capturada","tag-comisaria-de-familia","tag-condiciones-indignantes","tag-domiciliaria","tag-fiscal-general-de-la-nacion","tag-fiscalia-colombia","tag-mama","tag-medida-de-aseguramiento","tag-orden-judicial","tag-residencia","tag-restablecimiento-de-derechos","tag-seccional-valle-del-cauca","tag-tulua-valle-del-cauca","tag-violencia-intrafamiliar-agravada"],"yoast_head":"<!-- This site is optimized with the Yoast SEO plugin v24.3 - https:\/\/yoast.com\/wordpress\/plugins\/seo\/ -->\n<title>Fiscal\u00eda General de la Naci\u00f3n<\/title>\n<meta name=\"description\" content=\"P\u00e1gina oficial de la Fiscal\u00eda General de la Naci\u00f3n \u2013 Colombia. Garantizamos el acceso efectivo a la justicia, la verdad y la reparaci\u00f3n de las v\u00edctimas de los delitos.\" \/>\n<meta name=\"robots\" content=\"noindex, follow\" \/>\n<meta property=\"og:locale\" content=\"es_ES\" \/>\n<meta property=\"og:type\" content=\"article\" \/>\n<meta property=\"og:title\" content=\"Fiscal\u00eda General de la Naci\u00f3n\" \/>\n<meta property=\"og:description\" content=\"P\u00e1gina oficial de la Fiscal\u00eda General de la Naci\u00f3n \u2013 Colombia. Garantizamos el acceso efectivo a la justicia, la verdad y la reparaci\u00f3n de las v\u00edctimas de los delitos.\" \/>\n<meta property=\"og:url\" content=\"https:\/\/www.fiscalia.gov.co\/colombia\/noticias\/en-tulua-fue-judicializada-presunta-responsable-de-maltratar-y-mantener-en-condiciones-indignantes-a-sus-hijos-menores\/\" \/>\n<meta property=\"og:site_name\" content=\"Fiscal\u00eda General de la Naci\u00f3n\" \/>\n<meta property=\"article:publisher\" content=\"https:\/\/www.facebook.com\/FiscaliaCol\" \/>\n<meta property=\"article:published_time\" content=\"2022-09-19T20:20:07+00:00\" \/>\n<meta property=\"og:image\" content=\"https:\/\/www.fiscalia.gov.co\/colombia\/wp-content\/uploads\/Fiscal-Barbosa-Asegurada-por-violencia-intrafamiliar-contra-sus-dos-hijos-menores.-Tulua-Valle.-842x1024.jpg\" \/>\n<meta name=\"author\" content=\"Jordan Leandro Oviedo Anzola\" \/>\n<meta name=\"twitter:card\" content=\"summary_large_image\" \/>\n<meta name=\"twitter:creator\" content=\"@FiscaliaCol\" \/>\n<meta name=\"twitter:site\" content=\"@FiscaliaCol\" \/>\n<meta name=\"twitter:label1\" content=\"Escrito por\" \/>\n\t<meta name=\"twitter:data1\" content=\"Jordan Leandro Oviedo Anzola\" \/>\n\t<meta name=\"twitter:label2\" content=\"Tiempo de lectura\" \/>\n\t<meta name=\"twitter:data2\" content=\"2 minutos\" \/>\n<script type=\"application\/ld+json\" class=\"yoast-schema-graph\">{\"@context\":\"https:\/\/schema.org\",\"@graph\":[{\"@type\":\"Article\",\"@id\":\"https:\/\/www.fiscalia.gov.co\/colombia\/noticias\/en-tulua-fue-judicializada-presunta-responsable-de-maltratar-y-mantener-en-condiciones-indignantes-a-sus-hijos-menores\/#article\",\"isPartOf\":{\"@id\":\"https:\/\/www.fiscalia.gov.co\/colombia\/noticias\/en-tulua-fue-judicializada-presunta-responsable-de-maltratar-y-mantener-en-condiciones-indignantes-a-sus-hijos-menores\/\"},\"author\":{\"name\":\"Jordan Leandro Oviedo Anzola\",\"@id\":\"https:\/\/www.fiscalia.gov.co\/colombia\/#\/schema\/person\/bf84402cf293a5393e9c70b111020b24\"},\"headline\":\"En Tulu\u00e1 fue judicializada presunta responsable de maltratar y mantener en condiciones indignantes a sus hijos menores\",\"datePublished\":\"2022-09-19T20:20:07+00:00\",\"dateModified\":\"2022-09-19T20:20:07+00:00\",\"mainEntityOfPage\":{\"@id\":\"https:\/\/www.fiscalia.gov.co\/colombia\/noticias\/en-tulua-fue-judicializada-presunta-responsable-de-maltratar-y-mantener-en-condiciones-indignantes-a-sus-hijos-menores\/\"},\"wordCount\":388,\"publisher\":{\"@id\":\"https:\/\/www.fiscalia.gov.co\/colombia\/#organization\"},\"image\":{\"@id\":\"https:\/\/www.fiscalia.gov.co\/colombia\/noticias\/en-tulua-fue-judicializada-presunta-responsable-de-maltratar-y-mantener-en-condiciones-indignantes-a-sus-hijos-menores\/#primaryimage\"},\"thumbnailUrl\":\"https:\/\/www.fiscalia.gov.co\/colombia\/wp-content\/uploads\/Fiscal-Barbosa-Asegurada-por-violencia-intrafamiliar-contra-sus-dos-hijos-menores.-Tulua-Valle.-842x1024.jpg\",\"keywords\":[\"amarrados\",\"Capturada\",\"Comisaria de familia\",\"condiciones indignantes\",\"domiciliaria\",\"Fiscal General de la Naci\u00f3n\",\"Fiscal\u00eda Colombia\",\"Mam\u00e1\",\"Medida de aseguramiento\",\"orden judicial\",\"Residencia\",\"restablecimiento de derechos\",\"Seccional Valle del Cauca\",\"Tulu\u00e1 (Valle del Cauca)\",\"violencia intrafamiliar agravada\"],\"articleSection\":[\"Noticias\",\"Seccional Cali\",\"Seccionales\",\"Violencia sexual e intrafamiliar\"],\"inLanguage\":\"es-CO\"},{\"@type\":\"WebPage\",\"@id\":\"https:\/\/www.fiscalia.gov.co\/colombia\/noticias\/en-tulua-fue-judicializada-presunta-responsable-de-maltratar-y-mantener-en-condiciones-indignantes-a-sus-hijos-menores\/\",\"url\":\"https:\/\/www.fiscalia.gov.co\/colombia\/noticias\/en-tulua-fue-judicializada-presunta-responsable-de-maltratar-y-mantener-en-condiciones-indignantes-a-sus-hijos-menores\/\",\"name\":\"Fiscal\u00eda General de la Naci\u00f3n\",\"isPartOf\":{\"@id\":\"https:\/\/www.fiscalia.gov.co\/colombia\/#website\"},\"primaryImageOfPage\":{\"@id\":\"https:\/\/www.fiscalia.gov.co\/colombia\/noticias\/en-tulua-fue-judicializada-presunta-responsable-de-maltratar-y-mantener-en-condiciones-indignantes-a-sus-hijos-menores\/#primaryimage\"},\"image\":{\"@id\":\"https:\/\/www.fiscalia.gov.co\/colombia\/noticias\/en-tulua-fue-judicializada-presunta-responsable-de-maltratar-y-mantener-en-condiciones-indignantes-a-sus-hijos-menores\/#primaryimage\"},\"thumbnailUrl\":\"https:\/\/www.fiscalia.gov.co\/colombia\/wp-content\/uploads\/Fiscal-Barbosa-Asegurada-por-violencia-intrafamiliar-contra-sus-dos-hijos-menores.-Tulua-Valle.-842x1024.jpg\",\"datePublished\":\"2022-09-19T20:20:07+00:00\",\"dateModified\":\"2022-09-19T20:20:07+00:00\",\"description\":\"P\u00e1gina oficial de la Fiscal\u00eda General de la Naci\u00f3n \u2013 Colombia. Garantizamos el acceso efectivo a la justicia, la verdad y la reparaci\u00f3n de las v\u00edctimas de los delitos.\",\"breadcrumb\":{\"@id\":\"https:\/\/www.fiscalia.gov.co\/colombia\/noticias\/en-tulua-fue-judicializada-presunta-responsable-de-maltratar-y-mantener-en-condiciones-indignantes-a-sus-hijos-menores\/#breadcrumb\"},\"inLanguage\":\"es-CO\",\"potentialAction\":[{\"@type\":\"ReadAction\",\"target\":[\"https:\/\/www.fiscalia.gov.co\/colombia\/noticias\/en-tulua-fue-judicializada-presunta-responsable-de-maltratar-y-mantener-en-condiciones-indignantes-a-sus-hijos-menores\/\"]}]},{\"@type\":\"ImageObject\",\"inLanguage\":\"es-CO\",\"@id\":\"https:\/\/www.fiscalia.gov.co\/colombia\/noticias\/en-tulua-fue-judicializada-presunta-responsable-de-maltratar-y-mantener-en-condiciones-indignantes-a-sus-hijos-menores\/#primaryimage\",\"url\":\"https:\/\/www.fiscalia.gov.co\/colombia\/wp-content\/uploads\/Fiscal-Barbosa-Asegurada-por-violencia-intrafamiliar-contra-sus-dos-hijos-menores.-Tulua-Valle..jpg\",\"contentUrl\":\"https:\/\/www.fiscalia.gov.co\/colombia\/wp-content\/uploads\/Fiscal-Barbosa-Asegurada-por-violencia-intrafamiliar-contra-sus-dos-hijos-menores.-Tulua-Valle..jpg\",\"width\":885,\"height\":1076,\"caption\":\"Con medida de aseguramiento privativa de la libertad fue cobijada una mujer como presunta responsable de maltrato y trato indignante a sus dos hijos menores de edad, en zona rural de Tulu\u00e1 (Valle del Cauca).\"},{\"@type\":\"BreadcrumbList\",\"@id\":\"https:\/\/www.fiscalia.gov.co\/colombia\/noticias\/en-tulua-fue-judicializada-presunta-responsable-de-maltratar-y-mantener-en-condiciones-indignantes-a-sus-hijos-menores\/#breadcrumb\",\"itemListElement\":[{\"@type\":\"ListItem\",\"position\":1,\"name\":\"Home\",\"item\":\"https:\/\/www.fiscalia.gov.co\/colombia\/\"},{\"@type\":\"ListItem\",\"position\":2,\"name\":\"En Tulu\u00e1 fue judicializada presunta responsable de maltratar y mantener en condiciones indignantes a sus hijos menores\"}]},{\"@type\":\"WebSite\",\"@id\":\"https:\/\/www.fiscalia.gov.co\/colombia\/#website\",\"url\":\"https:\/\/www.fiscalia.gov.co\/colombia\/\",\"name\":\"Fiscal\u00eda General de la Naci\u00f3n\",\"description\":\"P\u00e1gina oficial de la Fiscal\u00eda General de la Naci\u00f3n \u2013 Colombia. Garantizamos el acceso efectivo a la justicia, la verdad y la reparaci\u00f3n de las v\u00edctimas de los delitos.\",\"publisher\":{\"@id\":\"https:\/\/www.fiscalia.gov.co\/colombia\/#organization\"},\"potentialAction\":[{\"@type\":\"SearchAction\",\"target\":{\"@type\":\"EntryPoint\",\"urlTemplate\":\"https:\/\/www.fiscalia.gov.co\/colombia\/?s={search_term_string}\"},\"query-input\":{\"@type\":\"PropertyValueSpecification\",\"valueRequired\":true,\"valueName\":\"search_term_string\"}}],\"inLanguage\":\"es-CO\"},{\"@type\":\"Organization\",\"@id\":\"https:\/\/www.fiscalia.gov.co\/colombia\/#organization\",\"name\":\"Fiscal\u00eda General de la Naci\u00f3n\",\"url\":\"https:\/\/www.fiscalia.gov.co\/colombia\/\",\"logo\":{\"@type\":\"ImageObject\",\"inLanguage\":\"es-CO\",\"@id\":\"https:\/\/www.fiscalia.gov.co\/colombia\/#\/schema\/logo\/image\/\",\"url\":\"https:\/\/www.fiscalia.gov.co\/colombia\/wp-content\/uploads\/LogoHorizontal_1.jpg\",\"contentUrl\":\"https:\/\/www.fiscalia.gov.co\/colombia\/wp-content\/uploads\/LogoHorizontal_1.jpg\",\"width\":300,\"height\":90,\"caption\":\"Fiscal\u00eda General de la Naci\u00f3n\"},\"image\":{\"@id\":\"https:\/\/www.fiscalia.gov.co\/colombia\/#\/schema\/logo\/image\/\"},\"sameAs\":[\"https:\/\/www.facebook.com\/FiscaliaCol\",\"https:\/\/x.com\/FiscaliaCol\",\"https:\/\/www.instagram.com\/fiscaliacol\",\"https:\/\/www.linkedin.com\/company\/fiscalia-general-de-la-naci-n\/\",\"https:\/\/youtube.com\/@fiscaliageneraldelanacion-4668?si=6nN79nyQICPU5iTh\"]},{\"@type\":\"Person\",\"@id\":\"https:\/\/www.fiscalia.gov.co\/colombia\/#\/schema\/person\/bf84402cf293a5393e9c70b111020b24\",\"name\":\"Jordan Leandro Oviedo Anzola\",\"image\":{\"@type\":\"ImageObject\",\"inLanguage\":\"es-CO\",\"@id\":\"https:\/\/www.fiscalia.gov.co\/colombia\/#\/schema\/person\/image\/\",\"url\":\"https:\/\/secure.gravatar.com\/avatar\/dabba4346fa9b9207d96adafa8f92721?s=96&d=mm&r=g\",\"contentUrl\":\"https:\/\/secure.gravatar.com\/avatar\/dabba4346fa9b9207d96adafa8f92721?s=96&d=mm&r=g\",\"caption\":\"Jordan Leandro Oviedo Anzola\"},\"url\":\"https:\/\/www.fiscalia.gov.co\/colombia\/author\/joviedo\/\"}]}<\/script>\n<!-- \/ Yoast SEO plugin. -->","yoast_head_json":{"title":"Fiscal\u00eda General de la Naci\u00f3n","description":"P\u00e1gina oficial de la Fiscal\u00eda General de la Naci\u00f3n \u2013 Colombia. Garantizamos el acceso efectivo a la justicia, la verdad y la reparaci\u00f3n de las v\u00edctimas de los delitos.","robots":{"index":"noindex","follow":"follow"},"og_locale":"es_ES","og_type":"article","og_title":"Fiscal\u00eda General de la Naci\u00f3n","og_description":"P\u00e1gina oficial de la Fiscal\u00eda General de la Naci\u00f3n \u2013 Colombia. Garantizamos el acceso efectivo a la justicia, la verdad y la reparaci\u00f3n de las v\u00edctimas de los delitos.","og_url":"https:\/\/www.fiscalia.gov.co\/colombia\/noticias\/en-tulua-fue-judicializada-presunta-responsable-de-maltratar-y-mantener-en-condiciones-indignantes-a-sus-hijos-menores\/","og_site_name":"Fiscal\u00eda General de la Naci\u00f3n","article_publisher":"https:\/\/www.facebook.com\/FiscaliaCol","article_published_time":"2022-09-19T20:20:07+00:00","og_image":[{"url":"https:\/\/www.fiscalia.gov.co\/colombia\/wp-content\/uploads\/Fiscal-Barbosa-Asegurada-por-violencia-intrafamiliar-contra-sus-dos-hijos-menores.-Tulua-Valle.-842x1024.jpg","type":"","width":"","height":""}],"author":"Jordan Leandro Oviedo Anzola","twitter_card":"summary_large_image","twitter_creator":"@FiscaliaCol","twitter_site":"@FiscaliaCol","twitter_misc":{"Escrito por":"Jordan Leandro Oviedo Anzola","Tiempo de lectura":"2 minutos"},"schema":{"@context":"https:\/\/schema.org","@graph":[{"@type":"Article","@id":"https:\/\/www.fiscalia.gov.co\/colombia\/noticias\/en-tulua-fue-judicializada-presunta-responsable-de-maltratar-y-mantener-en-condiciones-indignantes-a-sus-hijos-menores\/#article","isPartOf":{"@id":"https:\/\/www.fiscalia.gov.co\/colombia\/noticias\/en-tulua-fue-judicializada-presunta-responsable-de-maltratar-y-mantener-en-condiciones-indignantes-a-sus-hijos-menores\/"},"author":{"name":"Jordan Leandro Oviedo Anzola","@id":"https:\/\/www.fiscalia.gov.co\/colombia\/#\/schema\/person\/bf84402cf293a5393e9c70b111020b24"},"headline":"En Tulu\u00e1 fue judicializada presunta responsable de maltratar y mantener en condiciones indignantes a sus hijos menores","datePublished":"2022-09-19T20:20:07+00:00","dateModified":"2022-09-19T20:20:07+00:00","mainEntityOfPage":{"@id":"https:\/\/www.fiscalia.gov.co\/colombia\/noticias\/en-tulua-fue-judicializada-presunta-responsable-de-maltratar-y-mantener-en-condiciones-indignantes-a-sus-hijos-menores\/"},"wordCount":388,"publisher":{"@id":"https:\/\/www.fiscalia.gov.co\/colombia\/#organization"},"image":{"@id":"https:\/\/www.fiscalia.gov.co\/colombia\/noticias\/en-tulua-fue-judicializada-presunta-responsable-de-maltratar-y-mantener-en-condiciones-indignantes-a-sus-hijos-menores\/#primaryimage"},"thumbnailUrl":"https:\/\/www.fiscalia.gov.co\/colombia\/wp-content\/uploads\/Fiscal-Barbosa-Asegurada-por-violencia-intrafamiliar-contra-sus-dos-hijos-menores.-Tulua-Valle.-842x1024.jpg","keywords":["amarrados","Capturada","Comisaria de familia","condiciones indignantes","domiciliaria","Fiscal General de la Naci\u00f3n","Fiscal\u00eda Colombia","Mam\u00e1","Medida de aseguramiento","orden judicial","Residencia","restablecimiento de derechos","Seccional Valle del Cauca","Tulu\u00e1 (Valle del Cauca)","violencia intrafamiliar agravada"],"articleSection":["Noticias","Seccional Cali","Seccionales","Violencia sexual e intrafamiliar"],"inLanguage":"es-CO"},{"@type":"WebPage","@id":"https:\/\/www.fiscalia.gov.co\/colombia\/noticias\/en-tulua-fue-judicializada-presunta-responsable-de-maltratar-y-mantener-en-condiciones-indignantes-a-sus-hijos-menores\/","url":"https:\/\/www.fiscalia.gov.co\/colombia\/noticias\/en-tulua-fue-judicializada-presunta-responsable-de-maltratar-y-mantener-en-condiciones-indignantes-a-sus-hijos-menores\/","name":"Fiscal\u00eda General de la Naci\u00f3n","isPartOf":{"@id":"https:\/\/www.fiscalia.gov.co\/colombia\/#website"},"primaryImageOfPage":{"@id":"https:\/\/www.fiscalia.gov.co\/colombia\/noticias\/en-tulua-fue-judicializada-presunta-responsable-de-maltratar-y-mantener-en-condiciones-indignantes-a-sus-hijos-menores\/#primaryimage"},"image":{"@id":"https:\/\/www.fiscalia.gov.co\/colombia\/noticias\/en-tulua-fue-judicializada-presunta-responsable-de-maltratar-y-mantener-en-condiciones-indignantes-a-sus-hijos-menores\/#primaryimage"},"thumbnailUrl":"https:\/\/www.fiscalia.gov.co\/colombia\/wp-content\/uploads\/Fiscal-Barbosa-Asegurada-por-violencia-intrafamiliar-contra-sus-dos-hijos-menores.-Tulua-Valle.-842x1024.jpg","datePublished":"2022-09-19T20:20:07+00:00","dateModified":"2022-09-19T20:20:07+00:00","description":"P\u00e1gina oficial de la Fiscal\u00eda General de la Naci\u00f3n \u2013 Colombia. Garantizamos el acceso efectivo a la justicia, la verdad y la reparaci\u00f3n de las v\u00edctimas de los delitos.","breadcrumb":{"@id":"https:\/\/www.fiscalia.gov.co\/colombia\/noticias\/en-tulua-fue-judicializada-presunta-responsable-de-maltratar-y-mantener-en-condiciones-indignantes-a-sus-hijos-menores\/#breadcrumb"},"inLanguage":"es-CO","potentialAction":[{"@type":"ReadAction","target":["https:\/\/www.fiscalia.gov.co\/colombia\/noticias\/en-tulua-fue-judicializada-presunta-responsable-de-maltratar-y-mantener-en-condiciones-indignantes-a-sus-hijos-menores\/"]}]},{"@type":"ImageObject","inLanguage":"es-CO","@id":"https:\/\/www.fiscalia.gov.co\/colombia\/noticias\/en-tulua-fue-judicializada-presunta-responsable-de-maltratar-y-mantener-en-condiciones-indignantes-a-sus-hijos-menores\/#primaryimage","url":"https:\/\/www.fiscalia.gov.co\/colombia\/wp-content\/uploads\/Fiscal-Barbosa-Asegurada-por-violencia-intrafamiliar-contra-sus-dos-hijos-menores.-Tulua-Valle..jpg","contentUrl":"https:\/\/www.fiscalia.gov.co\/colombia\/wp-content\/uploads\/Fiscal-Barbosa-Asegurada-por-violencia-intrafamiliar-contra-sus-dos-hijos-menores.-Tulua-Valle..jpg","width":885,"height":1076,"caption":"Con medida de aseguramiento privativa de la libertad fue cobijada una mujer como presunta responsable de maltrato y trato indignante a sus dos hijos menores de edad, en zona rural de Tulu\u00e1 (Valle del Cauca)."},{"@type":"BreadcrumbList","@id":"https:\/\/www.fiscalia.gov.co\/colombia\/noticias\/en-tulua-fue-judicializada-presunta-responsable-de-maltratar-y-mantener-en-condiciones-indignantes-a-sus-hijos-menores\/#breadcrumb","itemListElement":[{"@type":"ListItem","position":1,"name":"Home","item":"https:\/\/www.fiscalia.gov.co\/colombia\/"},{"@type":"ListItem","position":2,"name":"En Tulu\u00e1 fue judicializada presunta responsable de maltratar y mantener en condiciones indignantes a sus hijos menores"}]},{"@type":"WebSite","@id":"https:\/\/www.fiscalia.gov.co\/colombia\/#website","url":"https:\/\/www.fiscalia.gov.co\/colombia\/","name":"Fiscal\u00eda General de la Naci\u00f3n","description":"P\u00e1gina oficial de la Fiscal\u00eda General de la Naci\u00f3n \u2013 Colombia. Garantizamos el acceso efectivo a la justicia, la verdad y la reparaci\u00f3n de las v\u00edctimas de los delitos.","publisher":{"@id":"https:\/\/www.fiscalia.gov.co\/colombia\/#organization"},"potentialAction":[{"@type":"SearchAction","target":{"@type":"EntryPoint","urlTemplate":"https:\/\/www.fiscalia.gov.co\/colombia\/?s={search_term_string}"},"query-input":{"@type":"PropertyValueSpecification","valueRequired":true,"valueName":"search_term_string"}}],"inLanguage":"es-CO"},{"@type":"Organization","@id":"https:\/\/www.fiscalia.gov.co\/colombia\/#organization","name":"Fiscal\u00eda General de la Naci\u00f3n","url":"https:\/\/www.fiscalia.gov.co\/colombia\/","logo":{"@type":"ImageObject","inLanguage":"es-CO","@id":"https:\/\/www.fiscalia.gov.co\/colombia\/#\/schema\/logo\/image\/","url":"https:\/\/www.fiscalia.gov.co\/colombia\/wp-content\/uploads\/LogoHorizontal_1.jpg","contentUrl":"https:\/\/www.fiscalia.gov.co\/colombia\/wp-content\/uploads\/LogoHorizontal_1.jpg","width":300,"height":90,"caption":"Fiscal\u00eda General de la Naci\u00f3n"},"image":{"@id":"https:\/\/www.fiscalia.gov.co\/colombia\/#\/schema\/logo\/image\/"},"sameAs":["https:\/\/www.facebook.com\/FiscaliaCol","https:\/\/x.com\/FiscaliaCol","https:\/\/www.instagram.com\/fiscaliacol","https:\/\/www.linkedin.com\/company\/fiscalia-general-de-la-naci-n\/","https:\/\/youtube.com\/@fiscaliageneraldelanacion-4668?si=6nN79nyQICPU5iTh"]},{"@type":"Person","@id":"https:\/\/www.fiscalia.gov.co\/colombia\/#\/schema\/person\/bf84402cf293a5393e9c70b111020b24","name":"Jordan Leandro Oviedo Anzola","image":{"@type":"ImageObject","inLanguage":"es-CO","@id":"https:\/\/www.fiscalia.gov.co\/colombia\/#\/schema\/person\/image\/","url":"https:\/\/secure.gravatar.com\/avatar\/dabba4346fa9b9207d96adafa8f92721?s=96&d=mm&r=g","contentUrl":"https:\/\/secure.gravatar.com\/avatar\/dabba4346fa9b9207d96adafa8f92721?s=96&d=mm&r=g","caption":"Jordan Leandro Oviedo Anzola"},"url":"https:\/\/www.fiscalia.gov.co\/colombia\/author\/joviedo\/"}]}},"_links":{"self":[{"href":"https:\/\/www.fiscalia.gov.co\/colombia\/wp-json\/wp\/v2\/posts\/257382","targetHints":{"allow":["GET"]}}],"collection":[{"href":"https:\/\/www.fiscalia.gov.co\/colombia\/wp-json\/wp\/v2\/posts"}],"about":[{"href":"https:\/\/www.fiscalia.gov.co\/colombia\/wp-json\/wp\/v2\/types\/post"}],"author":[{"embeddable":true,"href":"https:\/\/www.fiscalia.gov.co\/colombia\/wp-json\/wp\/v2\/users\/177"}],"replies":[{"embeddable":true,"href":"https:\/\/www.fiscalia.gov.co\/colombia\/wp-json\/wp\/v2\/comments?post=257382"}],"version-history":[{"count":1,"href":"https:\/\/www.fiscalia.gov.co\/colombia\/wp-json\/wp\/v2\/posts\/257382\/revisions"}],"predecessor-version":[{"id":257384,"href":"https:\/\/www.fiscalia.gov.co\/colombia\/wp-json\/wp\/v2\/posts\/257382\/revisions\/257384"}],"wp:attachment":[{"href":"https:\/\/www.fiscalia.gov.co\/colombia\/wp-json\/wp\/v2\/media?parent=257382"}],"wp:term":[{"taxonomy":"category","embeddable":true,"href":"https:\/\/www.fiscalia.gov.co\/colombia\/wp-json\/wp\/v2\/categories?post=257382"},{"taxonomy":"post_tag","embeddable":true,"href":"https:\/\/www.fiscalia.gov.co\/colombia\/wp-json\/wp\/v2\/tags?post=257382"}],"curies":[{"name":"wp","href":"https:\/\/api.w.org\/{rel}","templated":true}]}}