{"id":257353,"date":"2022-09-19T12:37:40","date_gmt":"2022-09-19T17:37:40","guid":{"rendered":"https:\/\/www.fiscalia.gov.co\/colombia\/?p=257353"},"modified":"2022-09-19T12:37:40","modified_gmt":"2022-09-19T17:37:40","slug":"a-la-carcel-por-presuntamente-agredir-a-su-expareja-sentimental","status":"publish","type":"post","link":"https:\/\/www.fiscalia.gov.co\/colombia\/noticias\/a-la-carcel-por-presuntamente-agredir-a-su-expareja-sentimental\/","title":{"rendered":"A la c\u00e1rcel por presuntamente agredir a su expareja sentimental"},"content":{"rendered":"<h4><strong><em>El victimario, al parecer, agred\u00eda f\u00edsica, verbal y sicol\u00f3gicamente a la mujer. Las intimidaciones inclu\u00edan amenazas de ataques con \u00e1cido en la cara y de arrancarle el cabello.<\/em><\/strong><\/h4>\n<p>Un fiscal del Centro de Atenci\u00f3n a V\u00edctimas de Violencia intrafamiliar de Sincelejo present\u00f3 material probatorio suficiente para que un juez avalara la solicitud de dictar medida intramural en contra de \u00c9dgar Javier Montenegro Palencia por el delito de violencia intrafamiliar agravada.<\/p>\n<figure id=\"attachment_257354\" aria-describedby=\"caption-attachment-257354\" style=\"width: 696px\" class=\"wp-caption aligncenter\"><img loading=\"lazy\" decoding=\"async\" class=\"wp-image-257354 size-large\" src=\"https:\/\/www.fiscalia.gov.co\/colombia\/wp-content\/uploads\/Fiscal-Barbosa-Edgar-Palencia-Violencia-intrafamiliar-1024x768.jpg\" alt=\"En la imagen se observa al imputado, \u00c9dgar Montenegro, en medio de dos custodios de la Polic\u00eda Nacional.\" width=\"696\" height=\"522\" srcset=\"https:\/\/www.fiscalia.gov.co\/colombia\/wp-content\/uploads\/Fiscal-Barbosa-Edgar-Palencia-Violencia-intrafamiliar-1024x768.jpg 1024w, https:\/\/www.fiscalia.gov.co\/colombia\/wp-content\/uploads\/Fiscal-Barbosa-Edgar-Palencia-Violencia-intrafamiliar-300x225.jpg 300w, https:\/\/www.fiscalia.gov.co\/colombia\/wp-content\/uploads\/Fiscal-Barbosa-Edgar-Palencia-Violencia-intrafamiliar-768x576.jpg 768w, https:\/\/www.fiscalia.gov.co\/colombia\/wp-content\/uploads\/Fiscal-Barbosa-Edgar-Palencia-Violencia-intrafamiliar-696x522.jpg 696w, https:\/\/www.fiscalia.gov.co\/colombia\/wp-content\/uploads\/Fiscal-Barbosa-Edgar-Palencia-Violencia-intrafamiliar-1068x801.jpg 1068w, https:\/\/www.fiscalia.gov.co\/colombia\/wp-content\/uploads\/Fiscal-Barbosa-Edgar-Palencia-Violencia-intrafamiliar-560x420.jpg 560w, https:\/\/www.fiscalia.gov.co\/colombia\/wp-content\/uploads\/Fiscal-Barbosa-Edgar-Palencia-Violencia-intrafamiliar-80x60.jpg 80w, https:\/\/www.fiscalia.gov.co\/colombia\/wp-content\/uploads\/Fiscal-Barbosa-Edgar-Palencia-Violencia-intrafamiliar-265x198.jpg 265w, https:\/\/www.fiscalia.gov.co\/colombia\/wp-content\/uploads\/Fiscal-Barbosa-Edgar-Palencia-Violencia-intrafamiliar.jpg 1280w\" sizes=\"auto, (max-width: 696px) 100vw, 696px\" \/><figcaption id=\"caption-attachment-257354\" class=\"wp-caption-text\">El imputado presuntamente amenazaba a su expareja con arrojarle \u00e1cido a la cara.<\/figcaption><\/figure>\n<p>El victimario, quien no se allan\u00f3 al cargo endilgado por el ente investigador, presuntamente agredi\u00f3 f\u00edsica, verbal y psicol\u00f3gicamente a su ex compa\u00f1era sentimental en reiteradas ocasiones con pu\u00f1os, patadas y amenazas que inclu\u00edan arrojarle \u00e1cido en la cara y arrancarle el cabello por completo.<\/p>\n<p>Los hechos se habr\u00edan presentado el 12 de febrero del 2022 en Sincelejo.<\/p>\n<p>Tras librar una orden de captura en su contra el imputado fue capturado el 14 de septiembre del a\u00f1o en curso.<\/p>\n<p><strong>La Fiscal\u00eda General de la Naci\u00f3n habla con resultados.<\/strong><\/p>\n<p><strong>Le puede interesar:<\/strong><\/p>\n<p><a href=\"https:\/\/www.fiscalia.gov.co\/colombia\/noticias\/carcel-para-presunto-responsable-de-tentativa-de-feminicidio-y-violencia-intrafamiliar\/\" data-saferedirecturl=\"https:\/\/www.google.com\/url?q=https:\/\/www.fiscalia.gov.co\/colombia\/noticias\/carcel-para-presunto-responsable-de-tentativa-de-feminicidio-y-violencia-intrafamiliar\/&amp;source=gmail&amp;ust=1663695290663000&amp;usg=AOvVaw0T3HGb8le4xffQzMVJApFR\">C\u00e1rcel para presunto responsable de tentativa de feminicidio y violencia intrafamiliar<\/a><\/p>\n<p><a href=\"https:\/\/www.fiscalia.gov.co\/colombia\/noticias\/a-la-carcel-hombre-que-habria-sometido-a-violencia-intrafamiliar-a-su-ex-pareja\/\" data-saferedirecturl=\"https:\/\/www.google.com\/url?q=https:\/\/www.fiscalia.gov.co\/colombia\/noticias\/a-la-carcel-hombre-que-habria-sometido-a-violencia-intrafamiliar-a-su-ex-pareja\/&amp;source=gmail&amp;ust=1663695290663000&amp;usg=AOvVaw2U0IZE5u1rjMUOHaK773To\">A la c\u00e1rcel hombre que habr\u00eda sometido a violencia intrafamiliar a su ex pareja<\/a><\/p>\n<p>&nbsp;<\/p>\n<p>&nbsp;<\/p>\n<p>&nbsp;<\/p>\n<p>&nbsp;<\/p>\n<p>VHGB\/FAGH\/AMW\/DSS<\/p>\n<p>&nbsp;<\/p>\n<p>&nbsp;<\/p>\n<p>&nbsp;<\/p>\n<p><em>La informaci\u00f3n contenida en este bolet\u00edn de prensa corresponde a la narraci\u00f3n de los hechos noticiosos objetivos, suministrados por los funcionarios encargados de adelantar las investigaciones penales al interior de la Fiscal\u00eda General de la Naci\u00f3n. Para el momento de la divulgaci\u00f3n de este comunicado, la situaci\u00f3n jur\u00eddica de la(s) persona(s) relacionada(s) se encuentra pendiente de resolver por la autoridad judicial competente, siempre bajo los preceptos de la presunci\u00f3n de inocencia, consagrados en el art\u00edculo 29 de la Constituci\u00f3n Pol\u00edtica y el art\u00edculo 7\u00ba de la Ley 906 de 2004.<\/em><\/p>\n\n<div class=\"twitter-share\"><a href=\"https:\/\/twitter.com\/intent\/tweet?via=fiscaliacol\" class=\"twitter-share-button\">Tweet<\/a><\/div>\n","protected":false},"excerpt":{"rendered":"<p>El victimario, al parecer, agred\u00eda f\u00edsica, verbal y sicol\u00f3gicamente a la mujer. Las intimidaciones inclu\u00edan amenazas de ataques con \u00e1cido en la cara y de arrancarle el cabello. Un fiscal del Centro de Atenci\u00f3n a V\u00edctimas de Violencia intrafamiliar de Sincelejo present\u00f3 material probatorio suficiente para que un juez avalara la solicitud de dictar medida [&hellip;]<\/p>\n","protected":false},"author":177,"featured_media":0,"comment_status":"closed","ping_status":"open","sticky":false,"template":"","format":"standard","meta":{"_price":"","_stock":"","_tribe_ticket_header":"","_tribe_default_ticket_provider":"","_tribe_ticket_capacity":"0","_ticket_start_date":"","_ticket_end_date":"","_tribe_ticket_show_description":"","_tribe_ticket_show_not_going":false,"_tribe_ticket_use_global_stock":"","_tribe_ticket_global_stock_level":"","_global_stock_mode":"","_global_stock_cap":"","_tribe_rsvp_for_event":"","_tribe_ticket_going_count":"","_tribe_ticket_not_going_count":"","_tribe_tickets_list":"[]","_tribe_ticket_has_attendee_info_fields":false,"tdm_status":"","tdm_grid_status":"","footnotes":""},"categories":[1,340,12641,303,24127],"tags":[413,3119,24187,1047,1185,558,29313,2437,682],"class_list":{"0":"post-257353","1":"post","2":"type-post","3":"status-publish","4":"format-standard","6":"category-noticias","7":"category-seccional-sincelejo","8":"category-seccional-sucre","9":"category-seccionales","10":"category-violencia-sexual-e-intrafamiliar","11":"tag-acido","12":"tag-amenazas","13":"tag-fiscalia-colombia","14":"tag-fiscalia-general-de-la-nacion","15":"tag-medida-de-aseguramiento","16":"tag-policia-nacional","17":"tag-sincelejo-sucre","18":"tag-sucre","19":"tag-violencia-intrafamiliar"},"yoast_head":"<!-- This site is optimized with the Yoast SEO plugin v24.3 - https:\/\/yoast.com\/wordpress\/plugins\/seo\/ -->\n<title>Fiscal\u00eda General de la Naci\u00f3n<\/title>\n<meta name=\"description\" content=\"P\u00e1gina oficial de la Fiscal\u00eda General de la Naci\u00f3n \u2013 Colombia. Garantizamos el acceso efectivo a la justicia, la verdad y la reparaci\u00f3n de las v\u00edctimas de los delitos.\" \/>\n<meta name=\"robots\" content=\"noindex, follow\" \/>\n<meta property=\"og:locale\" content=\"es_ES\" \/>\n<meta property=\"og:type\" content=\"article\" \/>\n<meta property=\"og:title\" content=\"Fiscal\u00eda General de la Naci\u00f3n\" \/>\n<meta property=\"og:description\" content=\"P\u00e1gina oficial de la Fiscal\u00eda General de la Naci\u00f3n \u2013 Colombia. Garantizamos el acceso efectivo a la justicia, la verdad y la reparaci\u00f3n de las v\u00edctimas de los delitos.\" \/>\n<meta property=\"og:url\" content=\"https:\/\/www.fiscalia.gov.co\/colombia\/noticias\/a-la-carcel-por-presuntamente-agredir-a-su-expareja-sentimental\/\" \/>\n<meta property=\"og:site_name\" content=\"Fiscal\u00eda General de la Naci\u00f3n\" \/>\n<meta property=\"article:publisher\" content=\"https:\/\/www.facebook.com\/FiscaliaCol\" \/>\n<meta property=\"article:published_time\" content=\"2022-09-19T17:37:40+00:00\" \/>\n<meta property=\"og:image\" content=\"https:\/\/www.fiscalia.gov.co\/colombia\/wp-content\/uploads\/Fiscal-Barbosa-Edgar-Palencia-Violencia-intrafamiliar-1024x768.jpg\" \/>\n<meta name=\"author\" content=\"Jordan Leandro Oviedo Anzola\" \/>\n<meta name=\"twitter:card\" content=\"summary_large_image\" \/>\n<meta name=\"twitter:creator\" content=\"@FiscaliaCol\" \/>\n<meta name=\"twitter:site\" content=\"@FiscaliaCol\" \/>\n<meta name=\"twitter:label1\" content=\"Escrito por\" \/>\n\t<meta name=\"twitter:data1\" content=\"Jordan Leandro Oviedo Anzola\" \/>\n\t<meta name=\"twitter:label2\" content=\"Tiempo de lectura\" \/>\n\t<meta name=\"twitter:data2\" content=\"2 minutos\" \/>\n<script type=\"application\/ld+json\" class=\"yoast-schema-graph\">{\"@context\":\"https:\/\/schema.org\",\"@graph\":[{\"@type\":\"Article\",\"@id\":\"https:\/\/www.fiscalia.gov.co\/colombia\/noticias\/a-la-carcel-por-presuntamente-agredir-a-su-expareja-sentimental\/#article\",\"isPartOf\":{\"@id\":\"https:\/\/www.fiscalia.gov.co\/colombia\/noticias\/a-la-carcel-por-presuntamente-agredir-a-su-expareja-sentimental\/\"},\"author\":{\"name\":\"Jordan Leandro Oviedo Anzola\",\"@id\":\"https:\/\/www.fiscalia.gov.co\/colombia\/#\/schema\/person\/bf84402cf293a5393e9c70b111020b24\"},\"headline\":\"A la c\u00e1rcel por presuntamente agredir a su expareja sentimental\",\"datePublished\":\"2022-09-19T17:37:40+00:00\",\"dateModified\":\"2022-09-19T17:37:40+00:00\",\"mainEntityOfPage\":{\"@id\":\"https:\/\/www.fiscalia.gov.co\/colombia\/noticias\/a-la-carcel-por-presuntamente-agredir-a-su-expareja-sentimental\/\"},\"wordCount\":345,\"publisher\":{\"@id\":\"https:\/\/www.fiscalia.gov.co\/colombia\/#organization\"},\"image\":{\"@id\":\"https:\/\/www.fiscalia.gov.co\/colombia\/noticias\/a-la-carcel-por-presuntamente-agredir-a-su-expareja-sentimental\/#primaryimage\"},\"thumbnailUrl\":\"https:\/\/www.fiscalia.gov.co\/colombia\/wp-content\/uploads\/Fiscal-Barbosa-Edgar-Palencia-Violencia-intrafamiliar-1024x768.jpg\",\"keywords\":[\"\u00c1cido\",\"Amenazas\",\"Fiscal\u00eda Colombia\",\"Fiscal\u00eda General de la Naci\u00f3n\",\"Medida de aseguramiento\",\"Polic\u00eda Nacional\",\"Sincelejo (Sucre)\",\"Sucre\",\"Violencia intrafamiliar\"],\"articleSection\":[\"Noticias\",\"Seccional Sincelejo\",\"Seccional Sucre\",\"Seccionales\",\"Violencia sexual e intrafamiliar\"],\"inLanguage\":\"es-CO\"},{\"@type\":\"WebPage\",\"@id\":\"https:\/\/www.fiscalia.gov.co\/colombia\/noticias\/a-la-carcel-por-presuntamente-agredir-a-su-expareja-sentimental\/\",\"url\":\"https:\/\/www.fiscalia.gov.co\/colombia\/noticias\/a-la-carcel-por-presuntamente-agredir-a-su-expareja-sentimental\/\",\"name\":\"Fiscal\u00eda General de la Naci\u00f3n\",\"isPartOf\":{\"@id\":\"https:\/\/www.fiscalia.gov.co\/colombia\/#website\"},\"primaryImageOfPage\":{\"@id\":\"https:\/\/www.fiscalia.gov.co\/colombia\/noticias\/a-la-carcel-por-presuntamente-agredir-a-su-expareja-sentimental\/#primaryimage\"},\"image\":{\"@id\":\"https:\/\/www.fiscalia.gov.co\/colombia\/noticias\/a-la-carcel-por-presuntamente-agredir-a-su-expareja-sentimental\/#primaryimage\"},\"thumbnailUrl\":\"https:\/\/www.fiscalia.gov.co\/colombia\/wp-content\/uploads\/Fiscal-Barbosa-Edgar-Palencia-Violencia-intrafamiliar-1024x768.jpg\",\"datePublished\":\"2022-09-19T17:37:40+00:00\",\"dateModified\":\"2022-09-19T17:37:40+00:00\",\"description\":\"P\u00e1gina oficial de la Fiscal\u00eda General de la Naci\u00f3n \u2013 Colombia. Garantizamos el acceso efectivo a la justicia, la verdad y la reparaci\u00f3n de las v\u00edctimas de los delitos.\",\"breadcrumb\":{\"@id\":\"https:\/\/www.fiscalia.gov.co\/colombia\/noticias\/a-la-carcel-por-presuntamente-agredir-a-su-expareja-sentimental\/#breadcrumb\"},\"inLanguage\":\"es-CO\",\"potentialAction\":[{\"@type\":\"ReadAction\",\"target\":[\"https:\/\/www.fiscalia.gov.co\/colombia\/noticias\/a-la-carcel-por-presuntamente-agredir-a-su-expareja-sentimental\/\"]}]},{\"@type\":\"ImageObject\",\"inLanguage\":\"es-CO\",\"@id\":\"https:\/\/www.fiscalia.gov.co\/colombia\/noticias\/a-la-carcel-por-presuntamente-agredir-a-su-expareja-sentimental\/#primaryimage\",\"url\":\"https:\/\/www.fiscalia.gov.co\/colombia\/wp-content\/uploads\/Fiscal-Barbosa-Edgar-Palencia-Violencia-intrafamiliar.jpg\",\"contentUrl\":\"https:\/\/www.fiscalia.gov.co\/colombia\/wp-content\/uploads\/Fiscal-Barbosa-Edgar-Palencia-Violencia-intrafamiliar.jpg\",\"width\":1280,\"height\":960},{\"@type\":\"BreadcrumbList\",\"@id\":\"https:\/\/www.fiscalia.gov.co\/colombia\/noticias\/a-la-carcel-por-presuntamente-agredir-a-su-expareja-sentimental\/#breadcrumb\",\"itemListElement\":[{\"@type\":\"ListItem\",\"position\":1,\"name\":\"Home\",\"item\":\"https:\/\/www.fiscalia.gov.co\/colombia\/\"},{\"@type\":\"ListItem\",\"position\":2,\"name\":\"A la c\u00e1rcel por presuntamente agredir a su expareja sentimental\"}]},{\"@type\":\"WebSite\",\"@id\":\"https:\/\/www.fiscalia.gov.co\/colombia\/#website\",\"url\":\"https:\/\/www.fiscalia.gov.co\/colombia\/\",\"name\":\"Fiscal\u00eda General de la Naci\u00f3n\",\"description\":\"P\u00e1gina oficial de la Fiscal\u00eda General de la Naci\u00f3n \u2013 Colombia. Garantizamos el acceso efectivo a la justicia, la verdad y la reparaci\u00f3n de las v\u00edctimas de los delitos.\",\"publisher\":{\"@id\":\"https:\/\/www.fiscalia.gov.co\/colombia\/#organization\"},\"potentialAction\":[{\"@type\":\"SearchAction\",\"target\":{\"@type\":\"EntryPoint\",\"urlTemplate\":\"https:\/\/www.fiscalia.gov.co\/colombia\/?s={search_term_string}\"},\"query-input\":{\"@type\":\"PropertyValueSpecification\",\"valueRequired\":true,\"valueName\":\"search_term_string\"}}],\"inLanguage\":\"es-CO\"},{\"@type\":\"Organization\",\"@id\":\"https:\/\/www.fiscalia.gov.co\/colombia\/#organization\",\"name\":\"Fiscal\u00eda General de la Naci\u00f3n\",\"url\":\"https:\/\/www.fiscalia.gov.co\/colombia\/\",\"logo\":{\"@type\":\"ImageObject\",\"inLanguage\":\"es-CO\",\"@id\":\"https:\/\/www.fiscalia.gov.co\/colombia\/#\/schema\/logo\/image\/\",\"url\":\"https:\/\/www.fiscalia.gov.co\/colombia\/wp-content\/uploads\/LogoHorizontal_1.jpg\",\"contentUrl\":\"https:\/\/www.fiscalia.gov.co\/colombia\/wp-content\/uploads\/LogoHorizontal_1.jpg\",\"width\":300,\"height\":90,\"caption\":\"Fiscal\u00eda General de la Naci\u00f3n\"},\"image\":{\"@id\":\"https:\/\/www.fiscalia.gov.co\/colombia\/#\/schema\/logo\/image\/\"},\"sameAs\":[\"https:\/\/www.facebook.com\/FiscaliaCol\",\"https:\/\/x.com\/FiscaliaCol\",\"https:\/\/www.instagram.com\/fiscaliacol\",\"https:\/\/www.linkedin.com\/company\/fiscalia-general-de-la-naci-n\/\",\"https:\/\/youtube.com\/@fiscaliageneraldelanacion-4668?si=6nN79nyQICPU5iTh\"]},{\"@type\":\"Person\",\"@id\":\"https:\/\/www.fiscalia.gov.co\/colombia\/#\/schema\/person\/bf84402cf293a5393e9c70b111020b24\",\"name\":\"Jordan Leandro Oviedo Anzola\",\"image\":{\"@type\":\"ImageObject\",\"inLanguage\":\"es-CO\",\"@id\":\"https:\/\/www.fiscalia.gov.co\/colombia\/#\/schema\/person\/image\/\",\"url\":\"https:\/\/secure.gravatar.com\/avatar\/dabba4346fa9b9207d96adafa8f92721?s=96&d=mm&r=g\",\"contentUrl\":\"https:\/\/secure.gravatar.com\/avatar\/dabba4346fa9b9207d96adafa8f92721?s=96&d=mm&r=g\",\"caption\":\"Jordan Leandro Oviedo Anzola\"},\"url\":\"https:\/\/www.fiscalia.gov.co\/colombia\/author\/joviedo\/\"}]}<\/script>\n<!-- \/ Yoast SEO plugin. -->","yoast_head_json":{"title":"Fiscal\u00eda General de la Naci\u00f3n","description":"P\u00e1gina oficial de la Fiscal\u00eda General de la Naci\u00f3n \u2013 Colombia. Garantizamos el acceso efectivo a la justicia, la verdad y la reparaci\u00f3n de las v\u00edctimas de los delitos.","robots":{"index":"noindex","follow":"follow"},"og_locale":"es_ES","og_type":"article","og_title":"Fiscal\u00eda General de la Naci\u00f3n","og_description":"P\u00e1gina oficial de la Fiscal\u00eda General de la Naci\u00f3n \u2013 Colombia. Garantizamos el acceso efectivo a la justicia, la verdad y la reparaci\u00f3n de las v\u00edctimas de los delitos.","og_url":"https:\/\/www.fiscalia.gov.co\/colombia\/noticias\/a-la-carcel-por-presuntamente-agredir-a-su-expareja-sentimental\/","og_site_name":"Fiscal\u00eda General de la Naci\u00f3n","article_publisher":"https:\/\/www.facebook.com\/FiscaliaCol","article_published_time":"2022-09-19T17:37:40+00:00","og_image":[{"url":"https:\/\/www.fiscalia.gov.co\/colombia\/wp-content\/uploads\/Fiscal-Barbosa-Edgar-Palencia-Violencia-intrafamiliar-1024x768.jpg","type":"","width":"","height":""}],"author":"Jordan Leandro Oviedo Anzola","twitter_card":"summary_large_image","twitter_creator":"@FiscaliaCol","twitter_site":"@FiscaliaCol","twitter_misc":{"Escrito por":"Jordan Leandro Oviedo Anzola","Tiempo de lectura":"2 minutos"},"schema":{"@context":"https:\/\/schema.org","@graph":[{"@type":"Article","@id":"https:\/\/www.fiscalia.gov.co\/colombia\/noticias\/a-la-carcel-por-presuntamente-agredir-a-su-expareja-sentimental\/#article","isPartOf":{"@id":"https:\/\/www.fiscalia.gov.co\/colombia\/noticias\/a-la-carcel-por-presuntamente-agredir-a-su-expareja-sentimental\/"},"author":{"name":"Jordan Leandro Oviedo Anzola","@id":"https:\/\/www.fiscalia.gov.co\/colombia\/#\/schema\/person\/bf84402cf293a5393e9c70b111020b24"},"headline":"A la c\u00e1rcel por presuntamente agredir a su expareja sentimental","datePublished":"2022-09-19T17:37:40+00:00","dateModified":"2022-09-19T17:37:40+00:00","mainEntityOfPage":{"@id":"https:\/\/www.fiscalia.gov.co\/colombia\/noticias\/a-la-carcel-por-presuntamente-agredir-a-su-expareja-sentimental\/"},"wordCount":345,"publisher":{"@id":"https:\/\/www.fiscalia.gov.co\/colombia\/#organization"},"image":{"@id":"https:\/\/www.fiscalia.gov.co\/colombia\/noticias\/a-la-carcel-por-presuntamente-agredir-a-su-expareja-sentimental\/#primaryimage"},"thumbnailUrl":"https:\/\/www.fiscalia.gov.co\/colombia\/wp-content\/uploads\/Fiscal-Barbosa-Edgar-Palencia-Violencia-intrafamiliar-1024x768.jpg","keywords":["\u00c1cido","Amenazas","Fiscal\u00eda Colombia","Fiscal\u00eda General de la Naci\u00f3n","Medida de aseguramiento","Polic\u00eda Nacional","Sincelejo (Sucre)","Sucre","Violencia intrafamiliar"],"articleSection":["Noticias","Seccional Sincelejo","Seccional Sucre","Seccionales","Violencia sexual e intrafamiliar"],"inLanguage":"es-CO"},{"@type":"WebPage","@id":"https:\/\/www.fiscalia.gov.co\/colombia\/noticias\/a-la-carcel-por-presuntamente-agredir-a-su-expareja-sentimental\/","url":"https:\/\/www.fiscalia.gov.co\/colombia\/noticias\/a-la-carcel-por-presuntamente-agredir-a-su-expareja-sentimental\/","name":"Fiscal\u00eda General de la Naci\u00f3n","isPartOf":{"@id":"https:\/\/www.fiscalia.gov.co\/colombia\/#website"},"primaryImageOfPage":{"@id":"https:\/\/www.fiscalia.gov.co\/colombia\/noticias\/a-la-carcel-por-presuntamente-agredir-a-su-expareja-sentimental\/#primaryimage"},"image":{"@id":"https:\/\/www.fiscalia.gov.co\/colombia\/noticias\/a-la-carcel-por-presuntamente-agredir-a-su-expareja-sentimental\/#primaryimage"},"thumbnailUrl":"https:\/\/www.fiscalia.gov.co\/colombia\/wp-content\/uploads\/Fiscal-Barbosa-Edgar-Palencia-Violencia-intrafamiliar-1024x768.jpg","datePublished":"2022-09-19T17:37:40+00:00","dateModified":"2022-09-19T17:37:40+00:00","description":"P\u00e1gina oficial de la Fiscal\u00eda General de la Naci\u00f3n \u2013 Colombia. Garantizamos el acceso efectivo a la justicia, la verdad y la reparaci\u00f3n de las v\u00edctimas de los delitos.","breadcrumb":{"@id":"https:\/\/www.fiscalia.gov.co\/colombia\/noticias\/a-la-carcel-por-presuntamente-agredir-a-su-expareja-sentimental\/#breadcrumb"},"inLanguage":"es-CO","potentialAction":[{"@type":"ReadAction","target":["https:\/\/www.fiscalia.gov.co\/colombia\/noticias\/a-la-carcel-por-presuntamente-agredir-a-su-expareja-sentimental\/"]}]},{"@type":"ImageObject","inLanguage":"es-CO","@id":"https:\/\/www.fiscalia.gov.co\/colombia\/noticias\/a-la-carcel-por-presuntamente-agredir-a-su-expareja-sentimental\/#primaryimage","url":"https:\/\/www.fiscalia.gov.co\/colombia\/wp-content\/uploads\/Fiscal-Barbosa-Edgar-Palencia-Violencia-intrafamiliar.jpg","contentUrl":"https:\/\/www.fiscalia.gov.co\/colombia\/wp-content\/uploads\/Fiscal-Barbosa-Edgar-Palencia-Violencia-intrafamiliar.jpg","width":1280,"height":960},{"@type":"BreadcrumbList","@id":"https:\/\/www.fiscalia.gov.co\/colombia\/noticias\/a-la-carcel-por-presuntamente-agredir-a-su-expareja-sentimental\/#breadcrumb","itemListElement":[{"@type":"ListItem","position":1,"name":"Home","item":"https:\/\/www.fiscalia.gov.co\/colombia\/"},{"@type":"ListItem","position":2,"name":"A la c\u00e1rcel por presuntamente agredir a su expareja sentimental"}]},{"@type":"WebSite","@id":"https:\/\/www.fiscalia.gov.co\/colombia\/#website","url":"https:\/\/www.fiscalia.gov.co\/colombia\/","name":"Fiscal\u00eda General de la Naci\u00f3n","description":"P\u00e1gina oficial de la Fiscal\u00eda General de la Naci\u00f3n \u2013 Colombia. Garantizamos el acceso efectivo a la justicia, la verdad y la reparaci\u00f3n de las v\u00edctimas de los delitos.","publisher":{"@id":"https:\/\/www.fiscalia.gov.co\/colombia\/#organization"},"potentialAction":[{"@type":"SearchAction","target":{"@type":"EntryPoint","urlTemplate":"https:\/\/www.fiscalia.gov.co\/colombia\/?s={search_term_string}"},"query-input":{"@type":"PropertyValueSpecification","valueRequired":true,"valueName":"search_term_string"}}],"inLanguage":"es-CO"},{"@type":"Organization","@id":"https:\/\/www.fiscalia.gov.co\/colombia\/#organization","name":"Fiscal\u00eda General de la Naci\u00f3n","url":"https:\/\/www.fiscalia.gov.co\/colombia\/","logo":{"@type":"ImageObject","inLanguage":"es-CO","@id":"https:\/\/www.fiscalia.gov.co\/colombia\/#\/schema\/logo\/image\/","url":"https:\/\/www.fiscalia.gov.co\/colombia\/wp-content\/uploads\/LogoHorizontal_1.jpg","contentUrl":"https:\/\/www.fiscalia.gov.co\/colombia\/wp-content\/uploads\/LogoHorizontal_1.jpg","width":300,"height":90,"caption":"Fiscal\u00eda General de la Naci\u00f3n"},"image":{"@id":"https:\/\/www.fiscalia.gov.co\/colombia\/#\/schema\/logo\/image\/"},"sameAs":["https:\/\/www.facebook.com\/FiscaliaCol","https:\/\/x.com\/FiscaliaCol","https:\/\/www.instagram.com\/fiscaliacol","https:\/\/www.linkedin.com\/company\/fiscalia-general-de-la-naci-n\/","https:\/\/youtube.com\/@fiscaliageneraldelanacion-4668?si=6nN79nyQICPU5iTh"]},{"@type":"Person","@id":"https:\/\/www.fiscalia.gov.co\/colombia\/#\/schema\/person\/bf84402cf293a5393e9c70b111020b24","name":"Jordan Leandro Oviedo Anzola","image":{"@type":"ImageObject","inLanguage":"es-CO","@id":"https:\/\/www.fiscalia.gov.co\/colombia\/#\/schema\/person\/image\/","url":"https:\/\/secure.gravatar.com\/avatar\/dabba4346fa9b9207d96adafa8f92721?s=96&d=mm&r=g","contentUrl":"https:\/\/secure.gravatar.com\/avatar\/dabba4346fa9b9207d96adafa8f92721?s=96&d=mm&r=g","caption":"Jordan Leandro Oviedo Anzola"},"url":"https:\/\/www.fiscalia.gov.co\/colombia\/author\/joviedo\/"}]}},"_links":{"self":[{"href":"https:\/\/www.fiscalia.gov.co\/colombia\/wp-json\/wp\/v2\/posts\/257353","targetHints":{"allow":["GET"]}}],"collection":[{"href":"https:\/\/www.fiscalia.gov.co\/colombia\/wp-json\/wp\/v2\/posts"}],"about":[{"href":"https:\/\/www.fiscalia.gov.co\/colombia\/wp-json\/wp\/v2\/types\/post"}],"author":[{"embeddable":true,"href":"https:\/\/www.fiscalia.gov.co\/colombia\/wp-json\/wp\/v2\/users\/177"}],"replies":[{"embeddable":true,"href":"https:\/\/www.fiscalia.gov.co\/colombia\/wp-json\/wp\/v2\/comments?post=257353"}],"version-history":[{"count":1,"href":"https:\/\/www.fiscalia.gov.co\/colombia\/wp-json\/wp\/v2\/posts\/257353\/revisions"}],"predecessor-version":[{"id":257355,"href":"https:\/\/www.fiscalia.gov.co\/colombia\/wp-json\/wp\/v2\/posts\/257353\/revisions\/257355"}],"wp:attachment":[{"href":"https:\/\/www.fiscalia.gov.co\/colombia\/wp-json\/wp\/v2\/media?parent=257353"}],"wp:term":[{"taxonomy":"category","embeddable":true,"href":"https:\/\/www.fiscalia.gov.co\/colombia\/wp-json\/wp\/v2\/categories?post=257353"},{"taxonomy":"post_tag","embeddable":true,"href":"https:\/\/www.fiscalia.gov.co\/colombia\/wp-json\/wp\/v2\/tags?post=257353"}],"curies":[{"name":"wp","href":"https:\/\/api.w.org\/{rel}","templated":true}]}}