{"id":257322,"date":"2022-09-19T08:59:08","date_gmt":"2022-09-19T13:59:08","guid":{"rendered":"https:\/\/www.fiscalia.gov.co\/colombia\/?p=257322"},"modified":"2022-09-19T08:59:08","modified_gmt":"2022-09-19T13:59:08","slug":"con-la-judicializacion-de-10-personas-y-la-extincion-de-bienes-por-mas-de-27-mil-millones-de-pesos-la-fiscalia-impacto-una-organizacion-criminal-dedicada-al-contrabando-de-cigarrillos","status":"publish","type":"post","link":"https:\/\/www.fiscalia.gov.co\/colombia\/noticias\/con-la-judicializacion-de-10-personas-y-la-extincion-de-bienes-por-mas-de-27-mil-millones-de-pesos-la-fiscalia-impacto-una-organizacion-criminal-dedicada-al-contrabando-de-cigarrillos\/","title":{"rendered":"Con la judicializaci\u00f3n de 10 personas y la extinci\u00f3n de bienes por m\u00e1s de 27 mil millones de pesos, la Fiscal\u00eda impact\u00f3 una organizaci\u00f3n criminal dedicada al contrabando de cigarrillos"},"content":{"rendered":"<ul>\n<li>\n<h4><strong><em>La evidencia f\u00edsica recopilada determin\u00f3 que la organizaci\u00f3n criminal usaba tractomulas y camiones ubicados en puntos espec\u00edficos y en los puertos de Maicao (La Guajira), Santa Marta (Magdalena) y Cartagena (Bol\u00edvar).<\/em><\/strong><\/h4>\n<\/li>\n<li>\n<h4><strong><em>Con medidas cautelares de extinci\u00f3n de dominio se afectaron 68 bienes pertenecientes a presuntos integrantes de la red de Los predios est\u00e1n ubicados en Nari\u00f1o, Santander, Meta y Cundinamarca.<\/em><\/strong><\/h4>\n<\/li>\n<\/ul>\n<p>El trabajo liderado por la Delegada para las Finanzas Criminales; desarrollado de manera articulada por las direcciones especializadas contra los Delitos Fiscales y de Extinci\u00f3n del Derecho de Dominio de la Fiscal\u00eda General de la Naci\u00f3n y la Polic\u00eda Fiscal y Aduanera (Polfa) de la Polic\u00eda Nacional, permiti\u00f3 afectar de manera estructural a una organizaci\u00f3n criminal dedicada al contrabando transnacional de cigarrillos.<\/p>\n<p>Labores de polic\u00eda judicial adelantadas mancomunadamente por el Cuerpo T\u00e9cnico de Investigaci\u00f3n (CTI) y la Polic\u00eda Fiscal y Aduanera posibilitaron la judicializaci\u00f3n de 10 presuntos integrantes de esta red dedicada a introducir ilegalmente al pa\u00eds, m\u00faltiples cargamentos de cigarrillos de diferentes marcas.<\/p>\n<p>El material probatorio recaudado por el ente investigador evidenci\u00f3 que la red ilegal aprovechaba su experiencia en el sector de transporte de carga para constituir empresas fachada dedicadas, presumiblemente, a movilizar mercanc\u00eda por el territorio nacional.<\/p>\n<p>La evidencia f\u00edsica recopilada determin\u00f3, adem\u00e1s, que dicha organizaci\u00f3n ubicaba tractomulas y camiones de su propiedad en puntos espec\u00edficos como lo son los puertos de Maicao (La Guajira), Santa Marta (Magdalena) y Cartagena (Bol\u00edvar) donde eran cargados con cigarrillos provenientes principalmente de Panam\u00e1 y Aruba.<\/p>\n<p>El trabajo investigativo permiti\u00f3 identificar que, dicha mercanc\u00eda era ingresada a territorio nacional evadiendo los controles aduaneros respectivos y, luego, era transportada a distintas ciudades. Otro tanto, era trasladada a Ecuador donde, debido al cambio de la divisa, la actividad ilegal resultaba mucho m\u00e1s lucrativa para la red delincuencial trasnacional.<\/p>\n<p>Seg\u00fan la investigaci\u00f3n, esta organizaci\u00f3n estuvo dedicada al contrabando de cigarrillos por un espacio cercano a los 10 a\u00f1os, per\u00edodo en el que habr\u00eda alcanzado millonarias utilidades producto de la actividad al margen de la Ley.<\/p>\n<p>Los 10 procesados deber\u00e1n responder en juicio como presuntos responsables de los delitos de concierto para delinquir con fines de contrabando, contrabando agravado y favorecimiento de contrabando.<\/p>\n<p><strong>Extinci\u00f3n a bienes por 27 mil millones de pesos.<\/strong><\/p>\n<p>De manera paralela, un fiscal adscrito a la Direcci\u00f3n Especializada de Extinci\u00f3n del Derecho de Dominio impuso medidas cautelares de suspensi\u00f3n del poder dispositivo, embargo, secuestro y toma de posesi\u00f3n sobre 68 bienes que habr\u00edan sido dispuestos por la red de contrabando para, presuntamente, incurrir en las actividades ilegales.<\/p>\n<p>Se trata de 1 establecimiento de comercio, 20 inmuebles entre rurales y urbanos, 45 veh\u00edculos y 2 sociedades. Los bienes se encuentran ubicados en Ipiales (Nari\u00f1o), Guavat\u00e1 (Santander), Acac\u00edas (Meta), Madrid, Apulo, Tabio, Fusagasug\u00e1 y Bogot\u00e1 (Cundinamarca). Su valor preliminar se calcula en 27.000 millones de pesos.<\/p>\n<p>La Sociedad de Activos Especiales (SAE) ser\u00e1 la encargada de administrar los bienes afectados con medidas cautelares.<\/p>\n<p>Esta informaci\u00f3n se publica por razones de inter\u00e9s general.<\/p>\n<p><strong>La Fiscal\u00eda habla con resultados.<\/strong><\/p>\n<p>&nbsp;<\/p>\n<p>&nbsp;<\/p>\n<p>&nbsp;<\/p>\n<p>MAGA\/NMDO\/LQC\/DECDF\/LPDS\/DEEDD\/LABF\/DPFC\/MRC.<\/p>\n<p>&nbsp;<\/p>\n<p>&nbsp;<\/p>\n<p>&nbsp;<\/p>\n<div class=\"td-post-content tagdiv-type\">\n<div class=\"td-post-content tagdiv-type\">\n<div class=\"td-post-content tagdiv-type\">\n<div class=\"td-post-content tagdiv-type\">\n<p><em>La informaci\u00f3n contenida en este bolet\u00edn de prensa corresponde a la narraci\u00f3n de los hechos noticiosos objetivos, suministrados por los funcionarios encargados de adelantar las investigaciones penales al interior de la Fiscal\u00eda General de la Naci\u00f3n. Para el momento de la divulgaci\u00f3n de este comunicado, la situaci\u00f3n jur\u00eddica de la(s) persona(s) relacionada(s) se encuentra pendiente de resolver por la autoridad judicial competente, siempre bajo los preceptos de la presunci\u00f3n de inocencia, consagrados en el art\u00edculo 29 de la Constituci\u00f3n Pol\u00edtica y el art\u00edculo 7\u00ba de la Ley 906 de 2004.<\/em><strong>\u00a0<\/strong><\/p>\n<\/div>\n<\/div>\n<\/div>\n<\/div>\n\n<div class=\"twitter-share\"><a href=\"https:\/\/twitter.com\/intent\/tweet?via=fiscaliacol\" class=\"twitter-share-button\">Tweet<\/a><\/div>\n","protected":false},"excerpt":{"rendered":"<p>La evidencia f\u00edsica recopilada determin\u00f3 que la organizaci\u00f3n criminal usaba tractomulas y camiones ubicados en puntos espec\u00edficos y en los puertos de Maicao (La Guajira), Santa Marta (Magdalena) y Cartagena (Bol\u00edvar). Con medidas cautelares de extinci\u00f3n de dominio se afectaron 68 bienes pertenecientes a presuntos integrantes de la red de Los predios est\u00e1n ubicados en [&hellip;]<\/p>\n","protected":false},"author":177,"featured_media":0,"comment_status":"closed","ping_status":"open","sticky":false,"template":"","format":"standard","meta":{"_price":"","_stock":"","_tribe_ticket_header":"","_tribe_default_ticket_provider":"","_tribe_ticket_capacity":"0","_ticket_start_date":"","_ticket_end_date":"","_tribe_ticket_show_description":"","_tribe_ticket_show_not_going":false,"_tribe_ticket_use_global_stock":"","_tribe_ticket_global_stock_level":"","_global_stock_mode":"","_global_stock_cap":"","_tribe_rsvp_for_event":"","_tribe_ticket_going_count":"","_tribe_ticket_not_going_count":"","_tribe_tickets_list":"[]","_tribe_ticket_has_attendee_info_fields":false,"tdm_status":"","tdm_grid_status":"","footnotes":""},"categories":[24157,1],"tags":[13049,32880,32879,24185,1047],"class_list":{"0":"post-257322","1":"post","2":"type-post","3":"status-publish","4":"format-standard","6":"category-finanzas-criminales","7":"category-noticias","8":"tag-cigarrillos","9":"tag-contrabando-cigarrillos","10":"tag-extincion-de-bienes","11":"tag-fiscal-barbosa","12":"tag-fiscalia-general-de-la-nacion"},"yoast_head":"<!-- This site is optimized with the Yoast SEO plugin v24.3 - https:\/\/yoast.com\/wordpress\/plugins\/seo\/ -->\n<title>Fiscal\u00eda General de la Naci\u00f3n<\/title>\n<meta name=\"description\" content=\"P\u00e1gina oficial de la Fiscal\u00eda General de la Naci\u00f3n \u2013 Colombia. Garantizamos el acceso efectivo a la justicia, la verdad y la reparaci\u00f3n de las v\u00edctimas de los delitos.\" \/>\n<meta name=\"robots\" content=\"noindex, follow\" \/>\n<meta property=\"og:locale\" content=\"es_ES\" \/>\n<meta property=\"og:type\" content=\"article\" \/>\n<meta property=\"og:title\" content=\"Fiscal\u00eda General de la Naci\u00f3n\" \/>\n<meta property=\"og:description\" content=\"P\u00e1gina oficial de la Fiscal\u00eda General de la Naci\u00f3n \u2013 Colombia. Garantizamos el acceso efectivo a la justicia, la verdad y la reparaci\u00f3n de las v\u00edctimas de los delitos.\" \/>\n<meta property=\"og:url\" content=\"https:\/\/www.fiscalia.gov.co\/colombia\/noticias\/con-la-judicializacion-de-10-personas-y-la-extincion-de-bienes-por-mas-de-27-mil-millones-de-pesos-la-fiscalia-impacto-una-organizacion-criminal-dedicada-al-contrabando-de-cigarrillos\/\" \/>\n<meta property=\"og:site_name\" content=\"Fiscal\u00eda General de la Naci\u00f3n\" \/>\n<meta property=\"article:publisher\" content=\"https:\/\/www.facebook.com\/FiscaliaCol\" \/>\n<meta property=\"article:published_time\" content=\"2022-09-19T13:59:08+00:00\" \/>\n<meta name=\"author\" content=\"Jordan Leandro Oviedo Anzola\" \/>\n<meta name=\"twitter:card\" content=\"summary_large_image\" \/>\n<meta name=\"twitter:creator\" content=\"@FiscaliaCol\" \/>\n<meta name=\"twitter:site\" content=\"@FiscaliaCol\" \/>\n<meta name=\"twitter:label1\" content=\"Escrito por\" \/>\n\t<meta name=\"twitter:data1\" content=\"Jordan Leandro Oviedo Anzola\" \/>\n\t<meta name=\"twitter:label2\" content=\"Tiempo de lectura\" \/>\n\t<meta name=\"twitter:data2\" content=\"3 minutos\" \/>\n<script type=\"application\/ld+json\" class=\"yoast-schema-graph\">{\"@context\":\"https:\/\/schema.org\",\"@graph\":[{\"@type\":\"Article\",\"@id\":\"https:\/\/www.fiscalia.gov.co\/colombia\/noticias\/con-la-judicializacion-de-10-personas-y-la-extincion-de-bienes-por-mas-de-27-mil-millones-de-pesos-la-fiscalia-impacto-una-organizacion-criminal-dedicada-al-contrabando-de-cigarrillos\/#article\",\"isPartOf\":{\"@id\":\"https:\/\/www.fiscalia.gov.co\/colombia\/noticias\/con-la-judicializacion-de-10-personas-y-la-extincion-de-bienes-por-mas-de-27-mil-millones-de-pesos-la-fiscalia-impacto-una-organizacion-criminal-dedicada-al-contrabando-de-cigarrillos\/\"},\"author\":{\"name\":\"Jordan Leandro Oviedo Anzola\",\"@id\":\"https:\/\/www.fiscalia.gov.co\/colombia\/#\/schema\/person\/bf84402cf293a5393e9c70b111020b24\"},\"headline\":\"Con la judicializaci\u00f3n de 10 personas y la extinci\u00f3n de bienes por m\u00e1s de 27 mil millones de pesos, la Fiscal\u00eda impact\u00f3 una organizaci\u00f3n criminal dedicada al contrabando de cigarrillos\",\"datePublished\":\"2022-09-19T13:59:08+00:00\",\"dateModified\":\"2022-09-19T13:59:08+00:00\",\"mainEntityOfPage\":{\"@id\":\"https:\/\/www.fiscalia.gov.co\/colombia\/noticias\/con-la-judicializacion-de-10-personas-y-la-extincion-de-bienes-por-mas-de-27-mil-millones-de-pesos-la-fiscalia-impacto-una-organizacion-criminal-dedicada-al-contrabando-de-cigarrillos\/\"},\"wordCount\":680,\"publisher\":{\"@id\":\"https:\/\/www.fiscalia.gov.co\/colombia\/#organization\"},\"keywords\":[\"Cigarrillos\",\"contrabando cigarrillos\",\"extinci\u00f3n de bienes\",\"Fiscal Barbosa\",\"Fiscal\u00eda General de la Naci\u00f3n\"],\"articleSection\":[\"Finanzas criminales\",\"Noticias\"],\"inLanguage\":\"es-CO\"},{\"@type\":\"WebPage\",\"@id\":\"https:\/\/www.fiscalia.gov.co\/colombia\/noticias\/con-la-judicializacion-de-10-personas-y-la-extincion-de-bienes-por-mas-de-27-mil-millones-de-pesos-la-fiscalia-impacto-una-organizacion-criminal-dedicada-al-contrabando-de-cigarrillos\/\",\"url\":\"https:\/\/www.fiscalia.gov.co\/colombia\/noticias\/con-la-judicializacion-de-10-personas-y-la-extincion-de-bienes-por-mas-de-27-mil-millones-de-pesos-la-fiscalia-impacto-una-organizacion-criminal-dedicada-al-contrabando-de-cigarrillos\/\",\"name\":\"Fiscal\u00eda General de la Naci\u00f3n\",\"isPartOf\":{\"@id\":\"https:\/\/www.fiscalia.gov.co\/colombia\/#website\"},\"datePublished\":\"2022-09-19T13:59:08+00:00\",\"dateModified\":\"2022-09-19T13:59:08+00:00\",\"description\":\"P\u00e1gina oficial de la Fiscal\u00eda General de la Naci\u00f3n \u2013 Colombia. Garantizamos el acceso efectivo a la justicia, la verdad y la reparaci\u00f3n de las v\u00edctimas de los delitos.\",\"breadcrumb\":{\"@id\":\"https:\/\/www.fiscalia.gov.co\/colombia\/noticias\/con-la-judicializacion-de-10-personas-y-la-extincion-de-bienes-por-mas-de-27-mil-millones-de-pesos-la-fiscalia-impacto-una-organizacion-criminal-dedicada-al-contrabando-de-cigarrillos\/#breadcrumb\"},\"inLanguage\":\"es-CO\",\"potentialAction\":[{\"@type\":\"ReadAction\",\"target\":[\"https:\/\/www.fiscalia.gov.co\/colombia\/noticias\/con-la-judicializacion-de-10-personas-y-la-extincion-de-bienes-por-mas-de-27-mil-millones-de-pesos-la-fiscalia-impacto-una-organizacion-criminal-dedicada-al-contrabando-de-cigarrillos\/\"]}]},{\"@type\":\"BreadcrumbList\",\"@id\":\"https:\/\/www.fiscalia.gov.co\/colombia\/noticias\/con-la-judicializacion-de-10-personas-y-la-extincion-de-bienes-por-mas-de-27-mil-millones-de-pesos-la-fiscalia-impacto-una-organizacion-criminal-dedicada-al-contrabando-de-cigarrillos\/#breadcrumb\",\"itemListElement\":[{\"@type\":\"ListItem\",\"position\":1,\"name\":\"Home\",\"item\":\"https:\/\/www.fiscalia.gov.co\/colombia\/\"},{\"@type\":\"ListItem\",\"position\":2,\"name\":\"Con la judicializaci\u00f3n de 10 personas y la extinci\u00f3n de bienes por m\u00e1s de 27 mil millones de pesos, la Fiscal\u00eda impact\u00f3 una organizaci\u00f3n criminal dedicada al contrabando de cigarrillos\"}]},{\"@type\":\"WebSite\",\"@id\":\"https:\/\/www.fiscalia.gov.co\/colombia\/#website\",\"url\":\"https:\/\/www.fiscalia.gov.co\/colombia\/\",\"name\":\"Fiscal\u00eda General de la Naci\u00f3n\",\"description\":\"P\u00e1gina oficial de la Fiscal\u00eda General de la Naci\u00f3n \u2013 Colombia. Garantizamos el acceso efectivo a la justicia, la verdad y la reparaci\u00f3n de las v\u00edctimas de los delitos.\",\"publisher\":{\"@id\":\"https:\/\/www.fiscalia.gov.co\/colombia\/#organization\"},\"potentialAction\":[{\"@type\":\"SearchAction\",\"target\":{\"@type\":\"EntryPoint\",\"urlTemplate\":\"https:\/\/www.fiscalia.gov.co\/colombia\/?s={search_term_string}\"},\"query-input\":{\"@type\":\"PropertyValueSpecification\",\"valueRequired\":true,\"valueName\":\"search_term_string\"}}],\"inLanguage\":\"es-CO\"},{\"@type\":\"Organization\",\"@id\":\"https:\/\/www.fiscalia.gov.co\/colombia\/#organization\",\"name\":\"Fiscal\u00eda General de la Naci\u00f3n\",\"url\":\"https:\/\/www.fiscalia.gov.co\/colombia\/\",\"logo\":{\"@type\":\"ImageObject\",\"inLanguage\":\"es-CO\",\"@id\":\"https:\/\/www.fiscalia.gov.co\/colombia\/#\/schema\/logo\/image\/\",\"url\":\"https:\/\/www.fiscalia.gov.co\/colombia\/wp-content\/uploads\/LogoHorizontal_1.jpg\",\"contentUrl\":\"https:\/\/www.fiscalia.gov.co\/colombia\/wp-content\/uploads\/LogoHorizontal_1.jpg\",\"width\":300,\"height\":90,\"caption\":\"Fiscal\u00eda General de la Naci\u00f3n\"},\"image\":{\"@id\":\"https:\/\/www.fiscalia.gov.co\/colombia\/#\/schema\/logo\/image\/\"},\"sameAs\":[\"https:\/\/www.facebook.com\/FiscaliaCol\",\"https:\/\/x.com\/FiscaliaCol\",\"https:\/\/www.instagram.com\/fiscaliacol\",\"https:\/\/www.linkedin.com\/company\/fiscalia-general-de-la-naci-n\/\",\"https:\/\/youtube.com\/@fiscaliageneraldelanacion-4668?si=6nN79nyQICPU5iTh\"]},{\"@type\":\"Person\",\"@id\":\"https:\/\/www.fiscalia.gov.co\/colombia\/#\/schema\/person\/bf84402cf293a5393e9c70b111020b24\",\"name\":\"Jordan Leandro Oviedo Anzola\",\"image\":{\"@type\":\"ImageObject\",\"inLanguage\":\"es-CO\",\"@id\":\"https:\/\/www.fiscalia.gov.co\/colombia\/#\/schema\/person\/image\/\",\"url\":\"https:\/\/secure.gravatar.com\/avatar\/dabba4346fa9b9207d96adafa8f92721?s=96&d=mm&r=g\",\"contentUrl\":\"https:\/\/secure.gravatar.com\/avatar\/dabba4346fa9b9207d96adafa8f92721?s=96&d=mm&r=g\",\"caption\":\"Jordan Leandro Oviedo Anzola\"},\"url\":\"https:\/\/www.fiscalia.gov.co\/colombia\/author\/joviedo\/\"}]}<\/script>\n<!-- \/ Yoast SEO plugin. -->","yoast_head_json":{"title":"Fiscal\u00eda General de la Naci\u00f3n","description":"P\u00e1gina oficial de la Fiscal\u00eda General de la Naci\u00f3n \u2013 Colombia. Garantizamos el acceso efectivo a la justicia, la verdad y la reparaci\u00f3n de las v\u00edctimas de los delitos.","robots":{"index":"noindex","follow":"follow"},"og_locale":"es_ES","og_type":"article","og_title":"Fiscal\u00eda General de la Naci\u00f3n","og_description":"P\u00e1gina oficial de la Fiscal\u00eda General de la Naci\u00f3n \u2013 Colombia. Garantizamos el acceso efectivo a la justicia, la verdad y la reparaci\u00f3n de las v\u00edctimas de los delitos.","og_url":"https:\/\/www.fiscalia.gov.co\/colombia\/noticias\/con-la-judicializacion-de-10-personas-y-la-extincion-de-bienes-por-mas-de-27-mil-millones-de-pesos-la-fiscalia-impacto-una-organizacion-criminal-dedicada-al-contrabando-de-cigarrillos\/","og_site_name":"Fiscal\u00eda General de la Naci\u00f3n","article_publisher":"https:\/\/www.facebook.com\/FiscaliaCol","article_published_time":"2022-09-19T13:59:08+00:00","author":"Jordan Leandro Oviedo Anzola","twitter_card":"summary_large_image","twitter_creator":"@FiscaliaCol","twitter_site":"@FiscaliaCol","twitter_misc":{"Escrito por":"Jordan Leandro Oviedo Anzola","Tiempo de lectura":"3 minutos"},"schema":{"@context":"https:\/\/schema.org","@graph":[{"@type":"Article","@id":"https:\/\/www.fiscalia.gov.co\/colombia\/noticias\/con-la-judicializacion-de-10-personas-y-la-extincion-de-bienes-por-mas-de-27-mil-millones-de-pesos-la-fiscalia-impacto-una-organizacion-criminal-dedicada-al-contrabando-de-cigarrillos\/#article","isPartOf":{"@id":"https:\/\/www.fiscalia.gov.co\/colombia\/noticias\/con-la-judicializacion-de-10-personas-y-la-extincion-de-bienes-por-mas-de-27-mil-millones-de-pesos-la-fiscalia-impacto-una-organizacion-criminal-dedicada-al-contrabando-de-cigarrillos\/"},"author":{"name":"Jordan Leandro Oviedo Anzola","@id":"https:\/\/www.fiscalia.gov.co\/colombia\/#\/schema\/person\/bf84402cf293a5393e9c70b111020b24"},"headline":"Con la judicializaci\u00f3n de 10 personas y la extinci\u00f3n de bienes por m\u00e1s de 27 mil millones de pesos, la Fiscal\u00eda impact\u00f3 una organizaci\u00f3n criminal dedicada al contrabando de cigarrillos","datePublished":"2022-09-19T13:59:08+00:00","dateModified":"2022-09-19T13:59:08+00:00","mainEntityOfPage":{"@id":"https:\/\/www.fiscalia.gov.co\/colombia\/noticias\/con-la-judicializacion-de-10-personas-y-la-extincion-de-bienes-por-mas-de-27-mil-millones-de-pesos-la-fiscalia-impacto-una-organizacion-criminal-dedicada-al-contrabando-de-cigarrillos\/"},"wordCount":680,"publisher":{"@id":"https:\/\/www.fiscalia.gov.co\/colombia\/#organization"},"keywords":["Cigarrillos","contrabando cigarrillos","extinci\u00f3n de bienes","Fiscal Barbosa","Fiscal\u00eda General de la Naci\u00f3n"],"articleSection":["Finanzas criminales","Noticias"],"inLanguage":"es-CO"},{"@type":"WebPage","@id":"https:\/\/www.fiscalia.gov.co\/colombia\/noticias\/con-la-judicializacion-de-10-personas-y-la-extincion-de-bienes-por-mas-de-27-mil-millones-de-pesos-la-fiscalia-impacto-una-organizacion-criminal-dedicada-al-contrabando-de-cigarrillos\/","url":"https:\/\/www.fiscalia.gov.co\/colombia\/noticias\/con-la-judicializacion-de-10-personas-y-la-extincion-de-bienes-por-mas-de-27-mil-millones-de-pesos-la-fiscalia-impacto-una-organizacion-criminal-dedicada-al-contrabando-de-cigarrillos\/","name":"Fiscal\u00eda General de la Naci\u00f3n","isPartOf":{"@id":"https:\/\/www.fiscalia.gov.co\/colombia\/#website"},"datePublished":"2022-09-19T13:59:08+00:00","dateModified":"2022-09-19T13:59:08+00:00","description":"P\u00e1gina oficial de la Fiscal\u00eda General de la Naci\u00f3n \u2013 Colombia. Garantizamos el acceso efectivo a la justicia, la verdad y la reparaci\u00f3n de las v\u00edctimas de los delitos.","breadcrumb":{"@id":"https:\/\/www.fiscalia.gov.co\/colombia\/noticias\/con-la-judicializacion-de-10-personas-y-la-extincion-de-bienes-por-mas-de-27-mil-millones-de-pesos-la-fiscalia-impacto-una-organizacion-criminal-dedicada-al-contrabando-de-cigarrillos\/#breadcrumb"},"inLanguage":"es-CO","potentialAction":[{"@type":"ReadAction","target":["https:\/\/www.fiscalia.gov.co\/colombia\/noticias\/con-la-judicializacion-de-10-personas-y-la-extincion-de-bienes-por-mas-de-27-mil-millones-de-pesos-la-fiscalia-impacto-una-organizacion-criminal-dedicada-al-contrabando-de-cigarrillos\/"]}]},{"@type":"BreadcrumbList","@id":"https:\/\/www.fiscalia.gov.co\/colombia\/noticias\/con-la-judicializacion-de-10-personas-y-la-extincion-de-bienes-por-mas-de-27-mil-millones-de-pesos-la-fiscalia-impacto-una-organizacion-criminal-dedicada-al-contrabando-de-cigarrillos\/#breadcrumb","itemListElement":[{"@type":"ListItem","position":1,"name":"Home","item":"https:\/\/www.fiscalia.gov.co\/colombia\/"},{"@type":"ListItem","position":2,"name":"Con la judicializaci\u00f3n de 10 personas y la extinci\u00f3n de bienes por m\u00e1s de 27 mil millones de pesos, la Fiscal\u00eda impact\u00f3 una organizaci\u00f3n criminal dedicada al contrabando de cigarrillos"}]},{"@type":"WebSite","@id":"https:\/\/www.fiscalia.gov.co\/colombia\/#website","url":"https:\/\/www.fiscalia.gov.co\/colombia\/","name":"Fiscal\u00eda General de la Naci\u00f3n","description":"P\u00e1gina oficial de la Fiscal\u00eda General de la Naci\u00f3n \u2013 Colombia. Garantizamos el acceso efectivo a la justicia, la verdad y la reparaci\u00f3n de las v\u00edctimas de los delitos.","publisher":{"@id":"https:\/\/www.fiscalia.gov.co\/colombia\/#organization"},"potentialAction":[{"@type":"SearchAction","target":{"@type":"EntryPoint","urlTemplate":"https:\/\/www.fiscalia.gov.co\/colombia\/?s={search_term_string}"},"query-input":{"@type":"PropertyValueSpecification","valueRequired":true,"valueName":"search_term_string"}}],"inLanguage":"es-CO"},{"@type":"Organization","@id":"https:\/\/www.fiscalia.gov.co\/colombia\/#organization","name":"Fiscal\u00eda General de la Naci\u00f3n","url":"https:\/\/www.fiscalia.gov.co\/colombia\/","logo":{"@type":"ImageObject","inLanguage":"es-CO","@id":"https:\/\/www.fiscalia.gov.co\/colombia\/#\/schema\/logo\/image\/","url":"https:\/\/www.fiscalia.gov.co\/colombia\/wp-content\/uploads\/LogoHorizontal_1.jpg","contentUrl":"https:\/\/www.fiscalia.gov.co\/colombia\/wp-content\/uploads\/LogoHorizontal_1.jpg","width":300,"height":90,"caption":"Fiscal\u00eda General de la Naci\u00f3n"},"image":{"@id":"https:\/\/www.fiscalia.gov.co\/colombia\/#\/schema\/logo\/image\/"},"sameAs":["https:\/\/www.facebook.com\/FiscaliaCol","https:\/\/x.com\/FiscaliaCol","https:\/\/www.instagram.com\/fiscaliacol","https:\/\/www.linkedin.com\/company\/fiscalia-general-de-la-naci-n\/","https:\/\/youtube.com\/@fiscaliageneraldelanacion-4668?si=6nN79nyQICPU5iTh"]},{"@type":"Person","@id":"https:\/\/www.fiscalia.gov.co\/colombia\/#\/schema\/person\/bf84402cf293a5393e9c70b111020b24","name":"Jordan Leandro Oviedo Anzola","image":{"@type":"ImageObject","inLanguage":"es-CO","@id":"https:\/\/www.fiscalia.gov.co\/colombia\/#\/schema\/person\/image\/","url":"https:\/\/secure.gravatar.com\/avatar\/dabba4346fa9b9207d96adafa8f92721?s=96&d=mm&r=g","contentUrl":"https:\/\/secure.gravatar.com\/avatar\/dabba4346fa9b9207d96adafa8f92721?s=96&d=mm&r=g","caption":"Jordan Leandro Oviedo Anzola"},"url":"https:\/\/www.fiscalia.gov.co\/colombia\/author\/joviedo\/"}]}},"_links":{"self":[{"href":"https:\/\/www.fiscalia.gov.co\/colombia\/wp-json\/wp\/v2\/posts\/257322","targetHints":{"allow":["GET"]}}],"collection":[{"href":"https:\/\/www.fiscalia.gov.co\/colombia\/wp-json\/wp\/v2\/posts"}],"about":[{"href":"https:\/\/www.fiscalia.gov.co\/colombia\/wp-json\/wp\/v2\/types\/post"}],"author":[{"embeddable":true,"href":"https:\/\/www.fiscalia.gov.co\/colombia\/wp-json\/wp\/v2\/users\/177"}],"replies":[{"embeddable":true,"href":"https:\/\/www.fiscalia.gov.co\/colombia\/wp-json\/wp\/v2\/comments?post=257322"}],"version-history":[{"count":1,"href":"https:\/\/www.fiscalia.gov.co\/colombia\/wp-json\/wp\/v2\/posts\/257322\/revisions"}],"predecessor-version":[{"id":257323,"href":"https:\/\/www.fiscalia.gov.co\/colombia\/wp-json\/wp\/v2\/posts\/257322\/revisions\/257323"}],"wp:attachment":[{"href":"https:\/\/www.fiscalia.gov.co\/colombia\/wp-json\/wp\/v2\/media?parent=257322"}],"wp:term":[{"taxonomy":"category","embeddable":true,"href":"https:\/\/www.fiscalia.gov.co\/colombia\/wp-json\/wp\/v2\/categories?post=257322"},{"taxonomy":"post_tag","embeddable":true,"href":"https:\/\/www.fiscalia.gov.co\/colombia\/wp-json\/wp\/v2\/tags?post=257322"}],"curies":[{"name":"wp","href":"https:\/\/api.w.org\/{rel}","templated":true}]}}