{"id":257296,"date":"2022-09-17T07:27:52","date_gmt":"2022-09-17T12:27:52","guid":{"rendered":"https:\/\/www.fiscalia.gov.co\/colombia\/?p=257296"},"modified":"2022-09-26T14:32:02","modified_gmt":"2022-09-26T19:32:02","slug":"fiscalia-logro-exclusion-de-jesus-emiro-pereira-rivera-alias-huevo-e-pisca-por-incumplir-compromiso-con-la-verdad-en-el-proceso-por-los-hechos-de-violencia-contra-la-periodista-jineth-bedoya-lima","status":"publish","type":"post","link":"https:\/\/www.fiscalia.gov.co\/colombia\/noticias\/fiscalia-logro-exclusion-de-jesus-emiro-pereira-rivera-alias-huevo-e-pisca-por-incumplir-compromiso-con-la-verdad-en-el-proceso-por-los-hechos-de-violencia-contra-la-periodista-jineth-bedoya-lima\/","title":{"rendered":"Fiscal\u00eda logr\u00f3 exclusi\u00f3n de Jes\u00fas Emiro Pereira Rivera, alias Huevo e Pisca, por incumplir compromiso con la verdad en el proceso por los hechos de violencia contra la periodista Jineth Bedoya Lima"},"content":{"rendered":"<h4><em><strong>El exintegrante de los grupos paramilitares de los llanos orientales fue condenado por las agresiones en contra de la comunicadora.<\/strong> <\/em><\/h4>\n<p>Por petici\u00f3n de un fiscal de la Direcci\u00f3n de Justicia Transicional, la Sala de Justicia y Paz del Tribunal Superior de Bogot\u00e1 excluy\u00f3 del proceso especial de la Ley de Justicia y Paz a Jes\u00fas Emiro Pereira Rivera, alias Huevo e Pisca, exintegrante del denominado Bloque Centauros de las extintas Autodefensas Unidas de Colombia (AUC).<\/p>\n<p>La Fiscal\u00eda demostr\u00f3 que Pereira Rivera incumpli\u00f3 su compromiso de esclarecer y obtener la verdad completa y veraz, con relaci\u00f3n a los hechos de violencia contra la periodista Jineth Bedoya Lima, ocurridos en mayo de 2000. Por este caso, el exparamilitar fue condenado a 40 a\u00f1os y seis meses de prisi\u00f3n, decisi\u00f3n que est\u00e1 en firme.<\/p>\n<p>En la investigaci\u00f3n se constat\u00f3 que la comunicadora lleg\u00f3 a la C\u00e1rcel Nacional Modelo de Bogot\u00e1 para realizar una entrevista a Mario Jaimes Mej\u00eda, alias Panadero. En el centro penitenciario fue intimidada por dos hombres, entre los que se encontraba Pereira Rivera, quienes se la llevaron en un carro hacia la ciudad de Villavicencio. En el lugar, Bedoya Lima fue retenida, torturada y abusada sexualmente. Posteriormente, fue abandonada en v\u00eda p\u00fablica.<\/p>\n<p>Esta informaci\u00f3n es publicada por razones de inter\u00e9s general.<\/p>\n<p><strong>La Fiscal\u00eda habla con resultados.<\/strong><\/p>\n<p>&nbsp;<\/p>\n<p>&nbsp;<\/p>\n<p>&nbsp;<\/p>\n<p>LMFO\/JARG\/SSR\/DJT\/<\/p>\n<p>&nbsp;<\/p>\n<p>&nbsp;<\/p>\n<p>&nbsp;<\/p>\n<p><em>La informaci\u00f3n contenida en este bolet\u00edn de prensa corresponde a la narraci\u00f3n de los hechos noticiosos objetivos, suministrados por los funcionarios encargados de adelantar las investigaciones penales al interior de la Fiscal\u00eda General de la Naci\u00f3n. Para el momento de la divulgaci\u00f3n de este comunicado, la situaci\u00f3n jur\u00eddica de la(s) persona(s) relacionada(s) se encuentra pendiente de resolver por la autoridad judicial competente, siempre bajo los preceptos de la presunci\u00f3n de inocencia, consagrados en el art\u00edculo 29 de la Constituci\u00f3n Pol\u00edtica y el art\u00edculo 7\u00ba de la Ley 906 de 2004.<\/em><\/p>\n<p>&nbsp;<\/p>\n\n<div class=\"twitter-share\"><a href=\"https:\/\/twitter.com\/intent\/tweet?via=fiscaliacol\" class=\"twitter-share-button\">Tweet<\/a><\/div>\n","protected":false},"excerpt":{"rendered":"<p>El exintegrante de los grupos paramilitares de los llanos orientales fue condenado por las agresiones en contra de la comunicadora. Por petici\u00f3n de un fiscal de la Direcci\u00f3n de Justicia Transicional, la Sala de Justicia y Paz del Tribunal Superior de Bogot\u00e1 excluy\u00f3 del proceso especial de la Ley de Justicia y Paz a Jes\u00fas [&hellip;]<\/p>\n","protected":false},"author":177,"featured_media":0,"comment_status":"closed","ping_status":"open","sticky":false,"template":"","format":"video","meta":{"_price":"","_stock":"","_tribe_ticket_header":"","_tribe_default_ticket_provider":"","_tribe_ticket_capacity":"0","_ticket_start_date":"","_ticket_end_date":"","_tribe_ticket_show_description":"","_tribe_ticket_show_not_going":false,"_tribe_ticket_use_global_stock":"","_tribe_ticket_global_stock_level":"","_global_stock_mode":"","_global_stock_cap":"","_tribe_rsvp_for_event":"","_tribe_ticket_going_count":"","_tribe_ticket_not_going_count":"","_tribe_tickets_list":"[]","_tribe_ticket_has_attendee_info_fields":false,"tdm_status":"","tdm_grid_status":"","footnotes":""},"categories":[24101,1],"tags":[23821,32698,1047,9644,410],"class_list":{"0":"post-257296","1":"post","2":"type-post","3":"status-publish","4":"format-video","6":"category-justicia-transicional","7":"category-noticias","8":"tag-bogota","9":"tag-fiscal-babrosa","10":"tag-fiscalia-general-de-la-nacion","11":"tag-jineth-bedoya","12":"tag-periodista","13":"post_format-post-format-video"},"yoast_head":"<!-- This site is optimized with the Yoast SEO plugin v24.3 - https:\/\/yoast.com\/wordpress\/plugins\/seo\/ -->\n<title>Fiscal\u00eda General de la Naci\u00f3n<\/title>\n<meta name=\"description\" content=\"P\u00e1gina oficial de la Fiscal\u00eda General de la Naci\u00f3n \u2013 Colombia. Garantizamos el acceso efectivo a la justicia, la verdad y la reparaci\u00f3n de las v\u00edctimas de los delitos.\" \/>\n<meta name=\"robots\" content=\"noindex, follow\" \/>\n<meta property=\"og:locale\" content=\"es_ES\" \/>\n<meta property=\"og:type\" content=\"article\" \/>\n<meta property=\"og:title\" content=\"Fiscal\u00eda General de la Naci\u00f3n\" \/>\n<meta property=\"og:description\" content=\"P\u00e1gina oficial de la Fiscal\u00eda General de la Naci\u00f3n \u2013 Colombia. Garantizamos el acceso efectivo a la justicia, la verdad y la reparaci\u00f3n de las v\u00edctimas de los delitos.\" \/>\n<meta property=\"og:url\" content=\"https:\/\/www.fiscalia.gov.co\/colombia\/noticias\/fiscalia-logro-exclusion-de-jesus-emiro-pereira-rivera-alias-huevo-e-pisca-por-incumplir-compromiso-con-la-verdad-en-el-proceso-por-los-hechos-de-violencia-contra-la-periodista-jineth-bedoya-lima\/\" \/>\n<meta property=\"og:site_name\" content=\"Fiscal\u00eda General de la Naci\u00f3n\" \/>\n<meta property=\"article:publisher\" content=\"https:\/\/www.facebook.com\/FiscaliaCol\" \/>\n<meta property=\"article:published_time\" content=\"2022-09-17T12:27:52+00:00\" \/>\n<meta property=\"article:modified_time\" content=\"2022-09-26T19:32:02+00:00\" \/>\n<meta name=\"author\" content=\"Jordan Leandro Oviedo Anzola\" \/>\n<meta name=\"twitter:card\" content=\"summary_large_image\" \/>\n<meta name=\"twitter:creator\" content=\"@FiscaliaCol\" \/>\n<meta name=\"twitter:site\" content=\"@FiscaliaCol\" \/>\n<meta name=\"twitter:label1\" content=\"Escrito por\" \/>\n\t<meta name=\"twitter:data1\" content=\"Jordan Leandro Oviedo Anzola\" \/>\n\t<meta name=\"twitter:label2\" content=\"Tiempo de lectura\" \/>\n\t<meta name=\"twitter:data2\" content=\"2 minutos\" \/>\n<script type=\"application\/ld+json\" class=\"yoast-schema-graph\">{\"@context\":\"https:\/\/schema.org\",\"@graph\":[{\"@type\":\"Article\",\"@id\":\"https:\/\/www.fiscalia.gov.co\/colombia\/noticias\/fiscalia-logro-exclusion-de-jesus-emiro-pereira-rivera-alias-huevo-e-pisca-por-incumplir-compromiso-con-la-verdad-en-el-proceso-por-los-hechos-de-violencia-contra-la-periodista-jineth-bedoya-lima\/#article\",\"isPartOf\":{\"@id\":\"https:\/\/www.fiscalia.gov.co\/colombia\/noticias\/fiscalia-logro-exclusion-de-jesus-emiro-pereira-rivera-alias-huevo-e-pisca-por-incumplir-compromiso-con-la-verdad-en-el-proceso-por-los-hechos-de-violencia-contra-la-periodista-jineth-bedoya-lima\/\"},\"author\":{\"name\":\"Jordan Leandro Oviedo Anzola\",\"@id\":\"https:\/\/www.fiscalia.gov.co\/colombia\/#\/schema\/person\/bf84402cf293a5393e9c70b111020b24\"},\"headline\":\"Fiscal\u00eda logr\u00f3 exclusi\u00f3n de Jes\u00fas Emiro Pereira Rivera, alias Huevo e Pisca, por incumplir compromiso con la verdad en el proceso por los hechos de violencia contra la periodista Jineth Bedoya Lima\",\"datePublished\":\"2022-09-17T12:27:52+00:00\",\"dateModified\":\"2022-09-26T19:32:02+00:00\",\"mainEntityOfPage\":{\"@id\":\"https:\/\/www.fiscalia.gov.co\/colombia\/noticias\/fiscalia-logro-exclusion-de-jesus-emiro-pereira-rivera-alias-huevo-e-pisca-por-incumplir-compromiso-con-la-verdad-en-el-proceso-por-los-hechos-de-violencia-contra-la-periodista-jineth-bedoya-lima\/\"},\"wordCount\":378,\"publisher\":{\"@id\":\"https:\/\/www.fiscalia.gov.co\/colombia\/#organization\"},\"keywords\":[\"Bogot\u00e1\",\"Fiscal Babrosa\",\"Fiscal\u00eda General de la Naci\u00f3n\",\"Jineth Bedoya\",\"Periodista\"],\"articleSection\":[\"Justicia Transicional\",\"Noticias\"],\"inLanguage\":\"es-CO\"},{\"@type\":\"WebPage\",\"@id\":\"https:\/\/www.fiscalia.gov.co\/colombia\/noticias\/fiscalia-logro-exclusion-de-jesus-emiro-pereira-rivera-alias-huevo-e-pisca-por-incumplir-compromiso-con-la-verdad-en-el-proceso-por-los-hechos-de-violencia-contra-la-periodista-jineth-bedoya-lima\/\",\"url\":\"https:\/\/www.fiscalia.gov.co\/colombia\/noticias\/fiscalia-logro-exclusion-de-jesus-emiro-pereira-rivera-alias-huevo-e-pisca-por-incumplir-compromiso-con-la-verdad-en-el-proceso-por-los-hechos-de-violencia-contra-la-periodista-jineth-bedoya-lima\/\",\"name\":\"Fiscal\u00eda General de la Naci\u00f3n\",\"isPartOf\":{\"@id\":\"https:\/\/www.fiscalia.gov.co\/colombia\/#website\"},\"datePublished\":\"2022-09-17T12:27:52+00:00\",\"dateModified\":\"2022-09-26T19:32:02+00:00\",\"description\":\"P\u00e1gina oficial de la Fiscal\u00eda General de la Naci\u00f3n \u2013 Colombia. Garantizamos el acceso efectivo a la justicia, la verdad y la reparaci\u00f3n de las v\u00edctimas de los delitos.\",\"breadcrumb\":{\"@id\":\"https:\/\/www.fiscalia.gov.co\/colombia\/noticias\/fiscalia-logro-exclusion-de-jesus-emiro-pereira-rivera-alias-huevo-e-pisca-por-incumplir-compromiso-con-la-verdad-en-el-proceso-por-los-hechos-de-violencia-contra-la-periodista-jineth-bedoya-lima\/#breadcrumb\"},\"inLanguage\":\"es-CO\",\"potentialAction\":[{\"@type\":\"ReadAction\",\"target\":[\"https:\/\/www.fiscalia.gov.co\/colombia\/noticias\/fiscalia-logro-exclusion-de-jesus-emiro-pereira-rivera-alias-huevo-e-pisca-por-incumplir-compromiso-con-la-verdad-en-el-proceso-por-los-hechos-de-violencia-contra-la-periodista-jineth-bedoya-lima\/\"]}]},{\"@type\":\"BreadcrumbList\",\"@id\":\"https:\/\/www.fiscalia.gov.co\/colombia\/noticias\/fiscalia-logro-exclusion-de-jesus-emiro-pereira-rivera-alias-huevo-e-pisca-por-incumplir-compromiso-con-la-verdad-en-el-proceso-por-los-hechos-de-violencia-contra-la-periodista-jineth-bedoya-lima\/#breadcrumb\",\"itemListElement\":[{\"@type\":\"ListItem\",\"position\":1,\"name\":\"Home\",\"item\":\"https:\/\/www.fiscalia.gov.co\/colombia\/\"},{\"@type\":\"ListItem\",\"position\":2,\"name\":\"Fiscal\u00eda logr\u00f3 exclusi\u00f3n de Jes\u00fas Emiro Pereira Rivera, alias Huevo e Pisca, por incumplir compromiso con la verdad en el proceso por los hechos de violencia contra la periodista Jineth Bedoya Lima\"}]},{\"@type\":\"WebSite\",\"@id\":\"https:\/\/www.fiscalia.gov.co\/colombia\/#website\",\"url\":\"https:\/\/www.fiscalia.gov.co\/colombia\/\",\"name\":\"Fiscal\u00eda General de la Naci\u00f3n\",\"description\":\"P\u00e1gina oficial de la Fiscal\u00eda General de la Naci\u00f3n \u2013 Colombia. Garantizamos el acceso efectivo a la justicia, la verdad y la reparaci\u00f3n de las v\u00edctimas de los delitos.\",\"publisher\":{\"@id\":\"https:\/\/www.fiscalia.gov.co\/colombia\/#organization\"},\"potentialAction\":[{\"@type\":\"SearchAction\",\"target\":{\"@type\":\"EntryPoint\",\"urlTemplate\":\"https:\/\/www.fiscalia.gov.co\/colombia\/?s={search_term_string}\"},\"query-input\":{\"@type\":\"PropertyValueSpecification\",\"valueRequired\":true,\"valueName\":\"search_term_string\"}}],\"inLanguage\":\"es-CO\"},{\"@type\":\"Organization\",\"@id\":\"https:\/\/www.fiscalia.gov.co\/colombia\/#organization\",\"name\":\"Fiscal\u00eda General de la Naci\u00f3n\",\"url\":\"https:\/\/www.fiscalia.gov.co\/colombia\/\",\"logo\":{\"@type\":\"ImageObject\",\"inLanguage\":\"es-CO\",\"@id\":\"https:\/\/www.fiscalia.gov.co\/colombia\/#\/schema\/logo\/image\/\",\"url\":\"https:\/\/www.fiscalia.gov.co\/colombia\/wp-content\/uploads\/LogoHorizontal_1.jpg\",\"contentUrl\":\"https:\/\/www.fiscalia.gov.co\/colombia\/wp-content\/uploads\/LogoHorizontal_1.jpg\",\"width\":300,\"height\":90,\"caption\":\"Fiscal\u00eda General de la Naci\u00f3n\"},\"image\":{\"@id\":\"https:\/\/www.fiscalia.gov.co\/colombia\/#\/schema\/logo\/image\/\"},\"sameAs\":[\"https:\/\/www.facebook.com\/FiscaliaCol\",\"https:\/\/x.com\/FiscaliaCol\",\"https:\/\/www.instagram.com\/fiscaliacol\",\"https:\/\/www.linkedin.com\/company\/fiscalia-general-de-la-naci-n\/\",\"https:\/\/youtube.com\/@fiscaliageneraldelanacion-4668?si=6nN79nyQICPU5iTh\"]},{\"@type\":\"Person\",\"@id\":\"https:\/\/www.fiscalia.gov.co\/colombia\/#\/schema\/person\/bf84402cf293a5393e9c70b111020b24\",\"name\":\"Jordan Leandro Oviedo Anzola\",\"image\":{\"@type\":\"ImageObject\",\"inLanguage\":\"es-CO\",\"@id\":\"https:\/\/www.fiscalia.gov.co\/colombia\/#\/schema\/person\/image\/\",\"url\":\"https:\/\/secure.gravatar.com\/avatar\/dabba4346fa9b9207d96adafa8f92721?s=96&d=mm&r=g\",\"contentUrl\":\"https:\/\/secure.gravatar.com\/avatar\/dabba4346fa9b9207d96adafa8f92721?s=96&d=mm&r=g\",\"caption\":\"Jordan Leandro Oviedo Anzola\"},\"url\":\"https:\/\/www.fiscalia.gov.co\/colombia\/author\/joviedo\/\"}]}<\/script>\n<!-- \/ Yoast SEO plugin. -->","yoast_head_json":{"title":"Fiscal\u00eda General de la Naci\u00f3n","description":"P\u00e1gina oficial de la Fiscal\u00eda General de la Naci\u00f3n \u2013 Colombia. Garantizamos el acceso efectivo a la justicia, la verdad y la reparaci\u00f3n de las v\u00edctimas de los delitos.","robots":{"index":"noindex","follow":"follow"},"og_locale":"es_ES","og_type":"article","og_title":"Fiscal\u00eda General de la Naci\u00f3n","og_description":"P\u00e1gina oficial de la Fiscal\u00eda General de la Naci\u00f3n \u2013 Colombia. Garantizamos el acceso efectivo a la justicia, la verdad y la reparaci\u00f3n de las v\u00edctimas de los delitos.","og_url":"https:\/\/www.fiscalia.gov.co\/colombia\/noticias\/fiscalia-logro-exclusion-de-jesus-emiro-pereira-rivera-alias-huevo-e-pisca-por-incumplir-compromiso-con-la-verdad-en-el-proceso-por-los-hechos-de-violencia-contra-la-periodista-jineth-bedoya-lima\/","og_site_name":"Fiscal\u00eda General de la Naci\u00f3n","article_publisher":"https:\/\/www.facebook.com\/FiscaliaCol","article_published_time":"2022-09-17T12:27:52+00:00","article_modified_time":"2022-09-26T19:32:02+00:00","author":"Jordan Leandro Oviedo Anzola","twitter_card":"summary_large_image","twitter_creator":"@FiscaliaCol","twitter_site":"@FiscaliaCol","twitter_misc":{"Escrito por":"Jordan Leandro Oviedo Anzola","Tiempo de lectura":"2 minutos"},"schema":{"@context":"https:\/\/schema.org","@graph":[{"@type":"Article","@id":"https:\/\/www.fiscalia.gov.co\/colombia\/noticias\/fiscalia-logro-exclusion-de-jesus-emiro-pereira-rivera-alias-huevo-e-pisca-por-incumplir-compromiso-con-la-verdad-en-el-proceso-por-los-hechos-de-violencia-contra-la-periodista-jineth-bedoya-lima\/#article","isPartOf":{"@id":"https:\/\/www.fiscalia.gov.co\/colombia\/noticias\/fiscalia-logro-exclusion-de-jesus-emiro-pereira-rivera-alias-huevo-e-pisca-por-incumplir-compromiso-con-la-verdad-en-el-proceso-por-los-hechos-de-violencia-contra-la-periodista-jineth-bedoya-lima\/"},"author":{"name":"Jordan Leandro Oviedo Anzola","@id":"https:\/\/www.fiscalia.gov.co\/colombia\/#\/schema\/person\/bf84402cf293a5393e9c70b111020b24"},"headline":"Fiscal\u00eda logr\u00f3 exclusi\u00f3n de Jes\u00fas Emiro Pereira Rivera, alias Huevo e Pisca, por incumplir compromiso con la verdad en el proceso por los hechos de violencia contra la periodista Jineth Bedoya Lima","datePublished":"2022-09-17T12:27:52+00:00","dateModified":"2022-09-26T19:32:02+00:00","mainEntityOfPage":{"@id":"https:\/\/www.fiscalia.gov.co\/colombia\/noticias\/fiscalia-logro-exclusion-de-jesus-emiro-pereira-rivera-alias-huevo-e-pisca-por-incumplir-compromiso-con-la-verdad-en-el-proceso-por-los-hechos-de-violencia-contra-la-periodista-jineth-bedoya-lima\/"},"wordCount":378,"publisher":{"@id":"https:\/\/www.fiscalia.gov.co\/colombia\/#organization"},"keywords":["Bogot\u00e1","Fiscal Babrosa","Fiscal\u00eda General de la Naci\u00f3n","Jineth Bedoya","Periodista"],"articleSection":["Justicia Transicional","Noticias"],"inLanguage":"es-CO"},{"@type":"WebPage","@id":"https:\/\/www.fiscalia.gov.co\/colombia\/noticias\/fiscalia-logro-exclusion-de-jesus-emiro-pereira-rivera-alias-huevo-e-pisca-por-incumplir-compromiso-con-la-verdad-en-el-proceso-por-los-hechos-de-violencia-contra-la-periodista-jineth-bedoya-lima\/","url":"https:\/\/www.fiscalia.gov.co\/colombia\/noticias\/fiscalia-logro-exclusion-de-jesus-emiro-pereira-rivera-alias-huevo-e-pisca-por-incumplir-compromiso-con-la-verdad-en-el-proceso-por-los-hechos-de-violencia-contra-la-periodista-jineth-bedoya-lima\/","name":"Fiscal\u00eda General de la Naci\u00f3n","isPartOf":{"@id":"https:\/\/www.fiscalia.gov.co\/colombia\/#website"},"datePublished":"2022-09-17T12:27:52+00:00","dateModified":"2022-09-26T19:32:02+00:00","description":"P\u00e1gina oficial de la Fiscal\u00eda General de la Naci\u00f3n \u2013 Colombia. Garantizamos el acceso efectivo a la justicia, la verdad y la reparaci\u00f3n de las v\u00edctimas de los delitos.","breadcrumb":{"@id":"https:\/\/www.fiscalia.gov.co\/colombia\/noticias\/fiscalia-logro-exclusion-de-jesus-emiro-pereira-rivera-alias-huevo-e-pisca-por-incumplir-compromiso-con-la-verdad-en-el-proceso-por-los-hechos-de-violencia-contra-la-periodista-jineth-bedoya-lima\/#breadcrumb"},"inLanguage":"es-CO","potentialAction":[{"@type":"ReadAction","target":["https:\/\/www.fiscalia.gov.co\/colombia\/noticias\/fiscalia-logro-exclusion-de-jesus-emiro-pereira-rivera-alias-huevo-e-pisca-por-incumplir-compromiso-con-la-verdad-en-el-proceso-por-los-hechos-de-violencia-contra-la-periodista-jineth-bedoya-lima\/"]}]},{"@type":"BreadcrumbList","@id":"https:\/\/www.fiscalia.gov.co\/colombia\/noticias\/fiscalia-logro-exclusion-de-jesus-emiro-pereira-rivera-alias-huevo-e-pisca-por-incumplir-compromiso-con-la-verdad-en-el-proceso-por-los-hechos-de-violencia-contra-la-periodista-jineth-bedoya-lima\/#breadcrumb","itemListElement":[{"@type":"ListItem","position":1,"name":"Home","item":"https:\/\/www.fiscalia.gov.co\/colombia\/"},{"@type":"ListItem","position":2,"name":"Fiscal\u00eda logr\u00f3 exclusi\u00f3n de Jes\u00fas Emiro Pereira Rivera, alias Huevo e Pisca, por incumplir compromiso con la verdad en el proceso por los hechos de violencia contra la periodista Jineth Bedoya Lima"}]},{"@type":"WebSite","@id":"https:\/\/www.fiscalia.gov.co\/colombia\/#website","url":"https:\/\/www.fiscalia.gov.co\/colombia\/","name":"Fiscal\u00eda General de la Naci\u00f3n","description":"P\u00e1gina oficial de la Fiscal\u00eda General de la Naci\u00f3n \u2013 Colombia. Garantizamos el acceso efectivo a la justicia, la verdad y la reparaci\u00f3n de las v\u00edctimas de los delitos.","publisher":{"@id":"https:\/\/www.fiscalia.gov.co\/colombia\/#organization"},"potentialAction":[{"@type":"SearchAction","target":{"@type":"EntryPoint","urlTemplate":"https:\/\/www.fiscalia.gov.co\/colombia\/?s={search_term_string}"},"query-input":{"@type":"PropertyValueSpecification","valueRequired":true,"valueName":"search_term_string"}}],"inLanguage":"es-CO"},{"@type":"Organization","@id":"https:\/\/www.fiscalia.gov.co\/colombia\/#organization","name":"Fiscal\u00eda General de la Naci\u00f3n","url":"https:\/\/www.fiscalia.gov.co\/colombia\/","logo":{"@type":"ImageObject","inLanguage":"es-CO","@id":"https:\/\/www.fiscalia.gov.co\/colombia\/#\/schema\/logo\/image\/","url":"https:\/\/www.fiscalia.gov.co\/colombia\/wp-content\/uploads\/LogoHorizontal_1.jpg","contentUrl":"https:\/\/www.fiscalia.gov.co\/colombia\/wp-content\/uploads\/LogoHorizontal_1.jpg","width":300,"height":90,"caption":"Fiscal\u00eda General de la Naci\u00f3n"},"image":{"@id":"https:\/\/www.fiscalia.gov.co\/colombia\/#\/schema\/logo\/image\/"},"sameAs":["https:\/\/www.facebook.com\/FiscaliaCol","https:\/\/x.com\/FiscaliaCol","https:\/\/www.instagram.com\/fiscaliacol","https:\/\/www.linkedin.com\/company\/fiscalia-general-de-la-naci-n\/","https:\/\/youtube.com\/@fiscaliageneraldelanacion-4668?si=6nN79nyQICPU5iTh"]},{"@type":"Person","@id":"https:\/\/www.fiscalia.gov.co\/colombia\/#\/schema\/person\/bf84402cf293a5393e9c70b111020b24","name":"Jordan Leandro Oviedo Anzola","image":{"@type":"ImageObject","inLanguage":"es-CO","@id":"https:\/\/www.fiscalia.gov.co\/colombia\/#\/schema\/person\/image\/","url":"https:\/\/secure.gravatar.com\/avatar\/dabba4346fa9b9207d96adafa8f92721?s=96&d=mm&r=g","contentUrl":"https:\/\/secure.gravatar.com\/avatar\/dabba4346fa9b9207d96adafa8f92721?s=96&d=mm&r=g","caption":"Jordan Leandro Oviedo Anzola"},"url":"https:\/\/www.fiscalia.gov.co\/colombia\/author\/joviedo\/"}]}},"_links":{"self":[{"href":"https:\/\/www.fiscalia.gov.co\/colombia\/wp-json\/wp\/v2\/posts\/257296","targetHints":{"allow":["GET"]}}],"collection":[{"href":"https:\/\/www.fiscalia.gov.co\/colombia\/wp-json\/wp\/v2\/posts"}],"about":[{"href":"https:\/\/www.fiscalia.gov.co\/colombia\/wp-json\/wp\/v2\/types\/post"}],"author":[{"embeddable":true,"href":"https:\/\/www.fiscalia.gov.co\/colombia\/wp-json\/wp\/v2\/users\/177"}],"replies":[{"embeddable":true,"href":"https:\/\/www.fiscalia.gov.co\/colombia\/wp-json\/wp\/v2\/comments?post=257296"}],"version-history":[{"count":2,"href":"https:\/\/www.fiscalia.gov.co\/colombia\/wp-json\/wp\/v2\/posts\/257296\/revisions"}],"predecessor-version":[{"id":257948,"href":"https:\/\/www.fiscalia.gov.co\/colombia\/wp-json\/wp\/v2\/posts\/257296\/revisions\/257948"}],"wp:attachment":[{"href":"https:\/\/www.fiscalia.gov.co\/colombia\/wp-json\/wp\/v2\/media?parent=257296"}],"wp:term":[{"taxonomy":"category","embeddable":true,"href":"https:\/\/www.fiscalia.gov.co\/colombia\/wp-json\/wp\/v2\/categories?post=257296"},{"taxonomy":"post_tag","embeddable":true,"href":"https:\/\/www.fiscalia.gov.co\/colombia\/wp-json\/wp\/v2\/tags?post=257296"}],"curies":[{"name":"wp","href":"https:\/\/api.w.org\/{rel}","templated":true}]}}