{"id":257236,"date":"2022-09-16T12:12:46","date_gmt":"2022-09-16T17:12:46","guid":{"rendered":"https:\/\/www.fiscalia.gov.co\/colombia\/?p=257236"},"modified":"2022-09-16T12:23:01","modified_gmt":"2022-09-16T17:23:01","slug":"a-prision-alias-costeno-presunto-integrante-del-frente-martin-villa-quien-estaria-extorsionando-a-transportadores-en-arauca","status":"publish","type":"post","link":"https:\/\/www.fiscalia.gov.co\/colombia\/noticias\/a-prision-alias-costeno-presunto-integrante-del-frente-martin-villa-quien-estaria-extorsionando-a-transportadores-en-arauca\/","title":{"rendered":"A prisi\u00f3n alias Coste\u00f1o, presunto integrante del frente Mart\u00edn Villa quien estar\u00eda extorsionando a transportadores en Arauca"},"content":{"rendered":"<p>La Fiscal\u00eda General de la Naci\u00f3n judicializ\u00f3 a\u00a0Rogelio Pacheco Robles, alias Coste\u00f1o, presunto integrante del\u00a0<a href=\"https:\/\/www.fiscalia.gov.co\/colombia\/noticias\/la-fiscalia-ha-capturado-a-mas-de-43-presuntos-integrantes-de-grupos-armados-organizados-con-injerencia-en-el-departamento-de-arauca\/\">grupo armado<\/a>\u00a0organizado residual Mart\u00edn Villa.<\/p>\n<figure id=\"attachment_257237\" aria-describedby=\"caption-attachment-257237\" style=\"width: 614px\" class=\"wp-caption aligncenter\"><img loading=\"lazy\" decoding=\"async\" class=\"size-full wp-image-257237\" src=\"https:\/\/www.fiscalia.gov.co\/colombia\/wp-content\/uploads\/Rogelio-Pacheco-Robles-alias-Costeno-judicializado-por-concierto-para-delinquir-con-fines-de-extorsion-y-secuestro-1.jpg\" alt=\"En la fotograf\u00eda aparece en el centro un capturado y junto a \u00e9l dos integrantes del Gaula del Ej\u00e9rcito y de la Polic\u00eda Nacional. En la parte posterior de ellos se encuentra el banner de la Polic\u00eda Nacional\" width=\"614\" height=\"345\" srcset=\"https:\/\/www.fiscalia.gov.co\/colombia\/wp-content\/uploads\/Rogelio-Pacheco-Robles-alias-Costeno-judicializado-por-concierto-para-delinquir-con-fines-de-extorsion-y-secuestro-1.jpg 614w, https:\/\/www.fiscalia.gov.co\/colombia\/wp-content\/uploads\/Rogelio-Pacheco-Robles-alias-Costeno-judicializado-por-concierto-para-delinquir-con-fines-de-extorsion-y-secuestro-1-300x169.jpg 300w\" sizes=\"auto, (max-width: 614px) 100vw, 614px\" \/><figcaption id=\"caption-attachment-257237\" class=\"wp-caption-text\">La Fiscal\u00eda General de la Naci\u00f3n judicializ\u00f3 a\u00a0Rogelio Pacheco Robles, alias Coste\u00f1o, presunto integrante del\u00a0grupo armado\u00a0organizado Mart\u00edn Villa., y quien al parecer coordinaba\u00a0 las acciones para extorsionar y secuestrar transportadores en Arauca.<\/figcaption><\/figure>\n<p>El procesado fue capturado mediante orden judicial por miembros del Gaula Militar y de la Polic\u00eda Nacional en v\u00eda p\u00fablica del municipio de Tame (Arauca), este 13 de septiembre.<\/p>\n<p>De acuerdo con las investigaciones, alias Coste\u00f1o al parecer coordinaba acciones relacionadas con\u00a0<a href=\"https:\/\/www.fiscalia.gov.co\/colombia\/noticias\/asegurado-por-porte-ilegal-de-armas-presunto-cabecilla-del-frente-martin-villa-en-arauca\/\">extorsiones y secuestros<\/a>\u00a0en contra de\u00a0transportadores que se movilizaban entre Tame, Arauca y Fortul (Arauca), entre 2020 y enero de presente a\u00f1o.<\/p>\n<p>La Fiscal\u00eda lo imput\u00f3 por los delitos de\u00a0concierto para delinquir con fines de extorsi\u00f3n y secuestro.<\/p>\n<p>Por decisi\u00f3n de un juez con funciones de control de garant\u00edas que acogi\u00f3 los argumentos de la Fiscal\u00eda, alias Coste\u00f1o fue cobijado con medida de aseguramiento privativa de la libertad en la c\u00e1rcel de la capital araucana.<\/p>\n<p><strong>La Fiscal\u00eda habla con resultados<\/strong><\/p>\n<p>MPHA\/CFG\/JFEL\/DSA<\/p>\n<p><em>La informaci\u00f3n contenida en este bolet\u00edn de prensa corresponde a la narraci\u00f3n de los hechos noticiosos objetivos, suministrados por los funcionarios encargados de adelantar las investigaciones penales al interior de la Fiscal\u00eda General de la Naci\u00f3n. Para el momento de la divulgaci\u00f3n de este comunicado, la situaci\u00f3n jur\u00eddica de la(s) persona(s) relacionada(s) se encuentra pendiente de resolver por la autoridad\u00a0judicial competente, siempre bajo los preceptos de la presunci\u00f3n de inocencia, consagrados en el art\u00edculo 29 de la Constituci\u00f3n Pol\u00edtica y el art\u00edculo 7\u00ba de la Ley 906 de 2004.\u00a0<\/em><\/p>\n\n<div class=\"twitter-share\"><a href=\"https:\/\/twitter.com\/intent\/tweet?via=fiscaliacol\" class=\"twitter-share-button\">Tweet<\/a><\/div>\n","protected":false},"excerpt":{"rendered":"<p>La Fiscal\u00eda General de la Naci\u00f3n judicializ\u00f3 a\u00a0Rogelio Pacheco Robles, alias Coste\u00f1o, presunto integrante del\u00a0grupo armado\u00a0organizado residual Mart\u00edn Villa. El procesado fue capturado mediante orden judicial por miembros del Gaula Militar y de la Polic\u00eda Nacional en v\u00eda p\u00fablica del municipio de Tame (Arauca), este 13 de septiembre. De acuerdo con las investigaciones, alias Coste\u00f1o [&hellip;]<\/p>\n","protected":false},"author":175,"featured_media":0,"comment_status":"closed","ping_status":"open","sticky":false,"template":"","format":"standard","meta":{"_price":"","_stock":"","_tribe_ticket_header":"","_tribe_default_ticket_provider":"","_tribe_ticket_capacity":"0","_ticket_start_date":"","_ticket_end_date":"","_tribe_ticket_show_description":"","_tribe_ticket_show_not_going":false,"_tribe_ticket_use_global_stock":"","_tribe_ticket_global_stock_level":"","_global_stock_mode":"","_global_stock_cap":"","_tribe_rsvp_for_event":"","_tribe_ticket_going_count":"","_tribe_ticket_not_going_count":"","_tribe_tickets_list":"[]","_tribe_ticket_has_attendee_info_fields":false,"tdm_status":"","tdm_grid_status":"","footnotes":""},"categories":[1,12632,24099],"tags":[924,24189,4614,24206,29615,17967,10084],"class_list":{"0":"post-257236","1":"post","2":"type-post","3":"status-publish","4":"format-standard","6":"category-noticias","7":"category-seccional-arauca","8":"category-seguridad-territorial","9":"tag-captura","10":"tag-fiscal-francisco-barbosa-delgado","11":"tag-fiscalia-2","12":"tag-gaor","13":"tag-impacto","14":"tag-investigacion","15":"tag-seguridad"},"yoast_head":"<!-- This site is optimized with the Yoast SEO plugin v24.3 - https:\/\/yoast.com\/wordpress\/plugins\/seo\/ -->\n<title>Fiscal\u00eda General de la Naci\u00f3n<\/title>\n<meta name=\"description\" content=\"P\u00e1gina oficial de la Fiscal\u00eda General de la Naci\u00f3n \u2013 Colombia. Garantizamos el acceso efectivo a la justicia, la verdad y la reparaci\u00f3n de las v\u00edctimas de los delitos.\" \/>\n<meta name=\"robots\" content=\"noindex, follow\" \/>\n<meta property=\"og:locale\" content=\"es_ES\" \/>\n<meta property=\"og:type\" content=\"article\" \/>\n<meta property=\"og:title\" content=\"Fiscal\u00eda General de la Naci\u00f3n\" \/>\n<meta property=\"og:description\" content=\"P\u00e1gina oficial de la Fiscal\u00eda General de la Naci\u00f3n \u2013 Colombia. Garantizamos el acceso efectivo a la justicia, la verdad y la reparaci\u00f3n de las v\u00edctimas de los delitos.\" \/>\n<meta property=\"og:url\" content=\"https:\/\/www.fiscalia.gov.co\/colombia\/noticias\/a-prision-alias-costeno-presunto-integrante-del-frente-martin-villa-quien-estaria-extorsionando-a-transportadores-en-arauca\/\" \/>\n<meta property=\"og:site_name\" content=\"Fiscal\u00eda General de la Naci\u00f3n\" \/>\n<meta property=\"article:publisher\" content=\"https:\/\/www.facebook.com\/FiscaliaCol\" \/>\n<meta property=\"article:published_time\" content=\"2022-09-16T17:12:46+00:00\" \/>\n<meta property=\"article:modified_time\" content=\"2022-09-16T17:23:01+00:00\" \/>\n<meta property=\"og:image\" content=\"https:\/\/www.fiscalia.gov.co\/colombia\/wp-content\/uploads\/Rogelio-Pacheco-Robles-alias-Costeno-judicializado-por-concierto-para-delinquir-con-fines-de-extorsion-y-secuestro-1.jpg\" \/>\n<meta name=\"author\" content=\"Katherine Loaiza Mart\u00ednez\" \/>\n<meta name=\"twitter:card\" content=\"summary_large_image\" \/>\n<meta name=\"twitter:creator\" content=\"@FiscaliaCol\" \/>\n<meta name=\"twitter:site\" content=\"@FiscaliaCol\" \/>\n<meta name=\"twitter:label1\" content=\"Escrito por\" \/>\n\t<meta name=\"twitter:data1\" content=\"Katherine Loaiza Mart\u00ednez\" \/>\n\t<meta name=\"twitter:label2\" content=\"Tiempo de lectura\" \/>\n\t<meta name=\"twitter:data2\" content=\"2 minutos\" \/>\n<script type=\"application\/ld+json\" class=\"yoast-schema-graph\">{\"@context\":\"https:\/\/schema.org\",\"@graph\":[{\"@type\":\"Article\",\"@id\":\"https:\/\/www.fiscalia.gov.co\/colombia\/noticias\/a-prision-alias-costeno-presunto-integrante-del-frente-martin-villa-quien-estaria-extorsionando-a-transportadores-en-arauca\/#article\",\"isPartOf\":{\"@id\":\"https:\/\/www.fiscalia.gov.co\/colombia\/noticias\/a-prision-alias-costeno-presunto-integrante-del-frente-martin-villa-quien-estaria-extorsionando-a-transportadores-en-arauca\/\"},\"author\":{\"name\":\"Katherine Loaiza Mart\u00ednez\",\"@id\":\"https:\/\/www.fiscalia.gov.co\/colombia\/#\/schema\/person\/2e76b9aba5ecf875ed565ce4de0e0415\"},\"headline\":\"A prisi\u00f3n alias Coste\u00f1o, presunto integrante del frente Mart\u00edn Villa quien estar\u00eda extorsionando a transportadores en Arauca\",\"datePublished\":\"2022-09-16T17:12:46+00:00\",\"dateModified\":\"2022-09-16T17:23:01+00:00\",\"mainEntityOfPage\":{\"@id\":\"https:\/\/www.fiscalia.gov.co\/colombia\/noticias\/a-prision-alias-costeno-presunto-integrante-del-frente-martin-villa-quien-estaria-extorsionando-a-transportadores-en-arauca\/\"},\"wordCount\":334,\"publisher\":{\"@id\":\"https:\/\/www.fiscalia.gov.co\/colombia\/#organization\"},\"image\":{\"@id\":\"https:\/\/www.fiscalia.gov.co\/colombia\/noticias\/a-prision-alias-costeno-presunto-integrante-del-frente-martin-villa-quien-estaria-extorsionando-a-transportadores-en-arauca\/#primaryimage\"},\"thumbnailUrl\":\"https:\/\/www.fiscalia.gov.co\/colombia\/wp-content\/uploads\/Rogelio-Pacheco-Robles-alias-Costeno-judicializado-por-concierto-para-delinquir-con-fines-de-extorsion-y-secuestro-1.jpg\",\"keywords\":[\"Captura\",\"Fiscal Francisco Barbosa Delgado\",\"Fiscal\u00eda\",\"Gaor\",\"impacto\",\"Investigaci\u00f3n\",\"Seguridad\"],\"articleSection\":[\"Noticias\",\"Seccional Arauca\",\"Seguridad territorial\"],\"inLanguage\":\"es-CO\"},{\"@type\":\"WebPage\",\"@id\":\"https:\/\/www.fiscalia.gov.co\/colombia\/noticias\/a-prision-alias-costeno-presunto-integrante-del-frente-martin-villa-quien-estaria-extorsionando-a-transportadores-en-arauca\/\",\"url\":\"https:\/\/www.fiscalia.gov.co\/colombia\/noticias\/a-prision-alias-costeno-presunto-integrante-del-frente-martin-villa-quien-estaria-extorsionando-a-transportadores-en-arauca\/\",\"name\":\"Fiscal\u00eda General de la Naci\u00f3n\",\"isPartOf\":{\"@id\":\"https:\/\/www.fiscalia.gov.co\/colombia\/#website\"},\"primaryImageOfPage\":{\"@id\":\"https:\/\/www.fiscalia.gov.co\/colombia\/noticias\/a-prision-alias-costeno-presunto-integrante-del-frente-martin-villa-quien-estaria-extorsionando-a-transportadores-en-arauca\/#primaryimage\"},\"image\":{\"@id\":\"https:\/\/www.fiscalia.gov.co\/colombia\/noticias\/a-prision-alias-costeno-presunto-integrante-del-frente-martin-villa-quien-estaria-extorsionando-a-transportadores-en-arauca\/#primaryimage\"},\"thumbnailUrl\":\"https:\/\/www.fiscalia.gov.co\/colombia\/wp-content\/uploads\/Rogelio-Pacheco-Robles-alias-Costeno-judicializado-por-concierto-para-delinquir-con-fines-de-extorsion-y-secuestro-1.jpg\",\"datePublished\":\"2022-09-16T17:12:46+00:00\",\"dateModified\":\"2022-09-16T17:23:01+00:00\",\"description\":\"P\u00e1gina oficial de la Fiscal\u00eda General de la Naci\u00f3n \u2013 Colombia. Garantizamos el acceso efectivo a la justicia, la verdad y la reparaci\u00f3n de las v\u00edctimas de los delitos.\",\"breadcrumb\":{\"@id\":\"https:\/\/www.fiscalia.gov.co\/colombia\/noticias\/a-prision-alias-costeno-presunto-integrante-del-frente-martin-villa-quien-estaria-extorsionando-a-transportadores-en-arauca\/#breadcrumb\"},\"inLanguage\":\"es-CO\",\"potentialAction\":[{\"@type\":\"ReadAction\",\"target\":[\"https:\/\/www.fiscalia.gov.co\/colombia\/noticias\/a-prision-alias-costeno-presunto-integrante-del-frente-martin-villa-quien-estaria-extorsionando-a-transportadores-en-arauca\/\"]}]},{\"@type\":\"ImageObject\",\"inLanguage\":\"es-CO\",\"@id\":\"https:\/\/www.fiscalia.gov.co\/colombia\/noticias\/a-prision-alias-costeno-presunto-integrante-del-frente-martin-villa-quien-estaria-extorsionando-a-transportadores-en-arauca\/#primaryimage\",\"url\":\"https:\/\/www.fiscalia.gov.co\/colombia\/wp-content\/uploads\/Rogelio-Pacheco-Robles-alias-Costeno-judicializado-por-concierto-para-delinquir-con-fines-de-extorsion-y-secuestro-1.jpg\",\"contentUrl\":\"https:\/\/www.fiscalia.gov.co\/colombia\/wp-content\/uploads\/Rogelio-Pacheco-Robles-alias-Costeno-judicializado-por-concierto-para-delinquir-con-fines-de-extorsion-y-secuestro-1.jpg\",\"width\":614,\"height\":345,\"caption\":\"La Fiscal\u00eda General de la Naci\u00f3n judicializ\u00f3 a\u00a0Rogelio Pacheco Robles, alias Coste\u00f1o, presunto integrante del\u00a0grupo armado\u00a0organizado Mart\u00edn Villa., y quien al parecer coordinaba\u00a0 las acciones para extorsionar y secuestrar transportadores en Arauca.\u00a0\"},{\"@type\":\"BreadcrumbList\",\"@id\":\"https:\/\/www.fiscalia.gov.co\/colombia\/noticias\/a-prision-alias-costeno-presunto-integrante-del-frente-martin-villa-quien-estaria-extorsionando-a-transportadores-en-arauca\/#breadcrumb\",\"itemListElement\":[{\"@type\":\"ListItem\",\"position\":1,\"name\":\"Home\",\"item\":\"https:\/\/www.fiscalia.gov.co\/colombia\/\"},{\"@type\":\"ListItem\",\"position\":2,\"name\":\"A prisi\u00f3n alias Coste\u00f1o, presunto integrante del frente Mart\u00edn Villa quien estar\u00eda extorsionando a transportadores en Arauca\"}]},{\"@type\":\"WebSite\",\"@id\":\"https:\/\/www.fiscalia.gov.co\/colombia\/#website\",\"url\":\"https:\/\/www.fiscalia.gov.co\/colombia\/\",\"name\":\"Fiscal\u00eda General de la Naci\u00f3n\",\"description\":\"P\u00e1gina oficial de la Fiscal\u00eda General de la Naci\u00f3n \u2013 Colombia. Garantizamos el acceso efectivo a la justicia, la verdad y la reparaci\u00f3n de las v\u00edctimas de los delitos.\",\"publisher\":{\"@id\":\"https:\/\/www.fiscalia.gov.co\/colombia\/#organization\"},\"potentialAction\":[{\"@type\":\"SearchAction\",\"target\":{\"@type\":\"EntryPoint\",\"urlTemplate\":\"https:\/\/www.fiscalia.gov.co\/colombia\/?s={search_term_string}\"},\"query-input\":{\"@type\":\"PropertyValueSpecification\",\"valueRequired\":true,\"valueName\":\"search_term_string\"}}],\"inLanguage\":\"es-CO\"},{\"@type\":\"Organization\",\"@id\":\"https:\/\/www.fiscalia.gov.co\/colombia\/#organization\",\"name\":\"Fiscal\u00eda General de la Naci\u00f3n\",\"url\":\"https:\/\/www.fiscalia.gov.co\/colombia\/\",\"logo\":{\"@type\":\"ImageObject\",\"inLanguage\":\"es-CO\",\"@id\":\"https:\/\/www.fiscalia.gov.co\/colombia\/#\/schema\/logo\/image\/\",\"url\":\"https:\/\/www.fiscalia.gov.co\/colombia\/wp-content\/uploads\/LogoHorizontal_1.jpg\",\"contentUrl\":\"https:\/\/www.fiscalia.gov.co\/colombia\/wp-content\/uploads\/LogoHorizontal_1.jpg\",\"width\":300,\"height\":90,\"caption\":\"Fiscal\u00eda General de la Naci\u00f3n\"},\"image\":{\"@id\":\"https:\/\/www.fiscalia.gov.co\/colombia\/#\/schema\/logo\/image\/\"},\"sameAs\":[\"https:\/\/www.facebook.com\/FiscaliaCol\",\"https:\/\/x.com\/FiscaliaCol\",\"https:\/\/www.instagram.com\/fiscaliacol\",\"https:\/\/www.linkedin.com\/company\/fiscalia-general-de-la-naci-n\/\",\"https:\/\/youtube.com\/@fiscaliageneraldelanacion-4668?si=6nN79nyQICPU5iTh\"]},{\"@type\":\"Person\",\"@id\":\"https:\/\/www.fiscalia.gov.co\/colombia\/#\/schema\/person\/2e76b9aba5ecf875ed565ce4de0e0415\",\"name\":\"Katherine Loaiza Mart\u00ednez\",\"image\":{\"@type\":\"ImageObject\",\"inLanguage\":\"es-CO\",\"@id\":\"https:\/\/www.fiscalia.gov.co\/colombia\/#\/schema\/person\/image\/\",\"url\":\"https:\/\/secure.gravatar.com\/avatar\/ab775a2f394c1b83b6d6f78680e57b50?s=96&d=mm&r=g\",\"contentUrl\":\"https:\/\/secure.gravatar.com\/avatar\/ab775a2f394c1b83b6d6f78680e57b50?s=96&d=mm&r=g\",\"caption\":\"Katherine Loaiza Mart\u00ednez\"},\"url\":\"https:\/\/www.fiscalia.gov.co\/colombia\/author\/kloaiza\/\"}]}<\/script>\n<!-- \/ Yoast SEO plugin. -->","yoast_head_json":{"title":"Fiscal\u00eda General de la Naci\u00f3n","description":"P\u00e1gina oficial de la Fiscal\u00eda General de la Naci\u00f3n \u2013 Colombia. Garantizamos el acceso efectivo a la justicia, la verdad y la reparaci\u00f3n de las v\u00edctimas de los delitos.","robots":{"index":"noindex","follow":"follow"},"og_locale":"es_ES","og_type":"article","og_title":"Fiscal\u00eda General de la Naci\u00f3n","og_description":"P\u00e1gina oficial de la Fiscal\u00eda General de la Naci\u00f3n \u2013 Colombia. Garantizamos el acceso efectivo a la justicia, la verdad y la reparaci\u00f3n de las v\u00edctimas de los delitos.","og_url":"https:\/\/www.fiscalia.gov.co\/colombia\/noticias\/a-prision-alias-costeno-presunto-integrante-del-frente-martin-villa-quien-estaria-extorsionando-a-transportadores-en-arauca\/","og_site_name":"Fiscal\u00eda General de la Naci\u00f3n","article_publisher":"https:\/\/www.facebook.com\/FiscaliaCol","article_published_time":"2022-09-16T17:12:46+00:00","article_modified_time":"2022-09-16T17:23:01+00:00","og_image":[{"url":"https:\/\/www.fiscalia.gov.co\/colombia\/wp-content\/uploads\/Rogelio-Pacheco-Robles-alias-Costeno-judicializado-por-concierto-para-delinquir-con-fines-de-extorsion-y-secuestro-1.jpg","type":"","width":"","height":""}],"author":"Katherine Loaiza Mart\u00ednez","twitter_card":"summary_large_image","twitter_creator":"@FiscaliaCol","twitter_site":"@FiscaliaCol","twitter_misc":{"Escrito por":"Katherine Loaiza Mart\u00ednez","Tiempo de lectura":"2 minutos"},"schema":{"@context":"https:\/\/schema.org","@graph":[{"@type":"Article","@id":"https:\/\/www.fiscalia.gov.co\/colombia\/noticias\/a-prision-alias-costeno-presunto-integrante-del-frente-martin-villa-quien-estaria-extorsionando-a-transportadores-en-arauca\/#article","isPartOf":{"@id":"https:\/\/www.fiscalia.gov.co\/colombia\/noticias\/a-prision-alias-costeno-presunto-integrante-del-frente-martin-villa-quien-estaria-extorsionando-a-transportadores-en-arauca\/"},"author":{"name":"Katherine Loaiza Mart\u00ednez","@id":"https:\/\/www.fiscalia.gov.co\/colombia\/#\/schema\/person\/2e76b9aba5ecf875ed565ce4de0e0415"},"headline":"A prisi\u00f3n alias Coste\u00f1o, presunto integrante del frente Mart\u00edn Villa quien estar\u00eda extorsionando a transportadores en Arauca","datePublished":"2022-09-16T17:12:46+00:00","dateModified":"2022-09-16T17:23:01+00:00","mainEntityOfPage":{"@id":"https:\/\/www.fiscalia.gov.co\/colombia\/noticias\/a-prision-alias-costeno-presunto-integrante-del-frente-martin-villa-quien-estaria-extorsionando-a-transportadores-en-arauca\/"},"wordCount":334,"publisher":{"@id":"https:\/\/www.fiscalia.gov.co\/colombia\/#organization"},"image":{"@id":"https:\/\/www.fiscalia.gov.co\/colombia\/noticias\/a-prision-alias-costeno-presunto-integrante-del-frente-martin-villa-quien-estaria-extorsionando-a-transportadores-en-arauca\/#primaryimage"},"thumbnailUrl":"https:\/\/www.fiscalia.gov.co\/colombia\/wp-content\/uploads\/Rogelio-Pacheco-Robles-alias-Costeno-judicializado-por-concierto-para-delinquir-con-fines-de-extorsion-y-secuestro-1.jpg","keywords":["Captura","Fiscal Francisco Barbosa Delgado","Fiscal\u00eda","Gaor","impacto","Investigaci\u00f3n","Seguridad"],"articleSection":["Noticias","Seccional Arauca","Seguridad territorial"],"inLanguage":"es-CO"},{"@type":"WebPage","@id":"https:\/\/www.fiscalia.gov.co\/colombia\/noticias\/a-prision-alias-costeno-presunto-integrante-del-frente-martin-villa-quien-estaria-extorsionando-a-transportadores-en-arauca\/","url":"https:\/\/www.fiscalia.gov.co\/colombia\/noticias\/a-prision-alias-costeno-presunto-integrante-del-frente-martin-villa-quien-estaria-extorsionando-a-transportadores-en-arauca\/","name":"Fiscal\u00eda General de la Naci\u00f3n","isPartOf":{"@id":"https:\/\/www.fiscalia.gov.co\/colombia\/#website"},"primaryImageOfPage":{"@id":"https:\/\/www.fiscalia.gov.co\/colombia\/noticias\/a-prision-alias-costeno-presunto-integrante-del-frente-martin-villa-quien-estaria-extorsionando-a-transportadores-en-arauca\/#primaryimage"},"image":{"@id":"https:\/\/www.fiscalia.gov.co\/colombia\/noticias\/a-prision-alias-costeno-presunto-integrante-del-frente-martin-villa-quien-estaria-extorsionando-a-transportadores-en-arauca\/#primaryimage"},"thumbnailUrl":"https:\/\/www.fiscalia.gov.co\/colombia\/wp-content\/uploads\/Rogelio-Pacheco-Robles-alias-Costeno-judicializado-por-concierto-para-delinquir-con-fines-de-extorsion-y-secuestro-1.jpg","datePublished":"2022-09-16T17:12:46+00:00","dateModified":"2022-09-16T17:23:01+00:00","description":"P\u00e1gina oficial de la Fiscal\u00eda General de la Naci\u00f3n \u2013 Colombia. Garantizamos el acceso efectivo a la justicia, la verdad y la reparaci\u00f3n de las v\u00edctimas de los delitos.","breadcrumb":{"@id":"https:\/\/www.fiscalia.gov.co\/colombia\/noticias\/a-prision-alias-costeno-presunto-integrante-del-frente-martin-villa-quien-estaria-extorsionando-a-transportadores-en-arauca\/#breadcrumb"},"inLanguage":"es-CO","potentialAction":[{"@type":"ReadAction","target":["https:\/\/www.fiscalia.gov.co\/colombia\/noticias\/a-prision-alias-costeno-presunto-integrante-del-frente-martin-villa-quien-estaria-extorsionando-a-transportadores-en-arauca\/"]}]},{"@type":"ImageObject","inLanguage":"es-CO","@id":"https:\/\/www.fiscalia.gov.co\/colombia\/noticias\/a-prision-alias-costeno-presunto-integrante-del-frente-martin-villa-quien-estaria-extorsionando-a-transportadores-en-arauca\/#primaryimage","url":"https:\/\/www.fiscalia.gov.co\/colombia\/wp-content\/uploads\/Rogelio-Pacheco-Robles-alias-Costeno-judicializado-por-concierto-para-delinquir-con-fines-de-extorsion-y-secuestro-1.jpg","contentUrl":"https:\/\/www.fiscalia.gov.co\/colombia\/wp-content\/uploads\/Rogelio-Pacheco-Robles-alias-Costeno-judicializado-por-concierto-para-delinquir-con-fines-de-extorsion-y-secuestro-1.jpg","width":614,"height":345,"caption":"La Fiscal\u00eda General de la Naci\u00f3n judicializ\u00f3 a\u00a0Rogelio Pacheco Robles, alias Coste\u00f1o, presunto integrante del\u00a0grupo armado\u00a0organizado Mart\u00edn Villa., y quien al parecer coordinaba\u00a0 las acciones para extorsionar y secuestrar transportadores en Arauca.\u00a0"},{"@type":"BreadcrumbList","@id":"https:\/\/www.fiscalia.gov.co\/colombia\/noticias\/a-prision-alias-costeno-presunto-integrante-del-frente-martin-villa-quien-estaria-extorsionando-a-transportadores-en-arauca\/#breadcrumb","itemListElement":[{"@type":"ListItem","position":1,"name":"Home","item":"https:\/\/www.fiscalia.gov.co\/colombia\/"},{"@type":"ListItem","position":2,"name":"A prisi\u00f3n alias Coste\u00f1o, presunto integrante del frente Mart\u00edn Villa quien estar\u00eda extorsionando a transportadores en Arauca"}]},{"@type":"WebSite","@id":"https:\/\/www.fiscalia.gov.co\/colombia\/#website","url":"https:\/\/www.fiscalia.gov.co\/colombia\/","name":"Fiscal\u00eda General de la Naci\u00f3n","description":"P\u00e1gina oficial de la Fiscal\u00eda General de la Naci\u00f3n \u2013 Colombia. Garantizamos el acceso efectivo a la justicia, la verdad y la reparaci\u00f3n de las v\u00edctimas de los delitos.","publisher":{"@id":"https:\/\/www.fiscalia.gov.co\/colombia\/#organization"},"potentialAction":[{"@type":"SearchAction","target":{"@type":"EntryPoint","urlTemplate":"https:\/\/www.fiscalia.gov.co\/colombia\/?s={search_term_string}"},"query-input":{"@type":"PropertyValueSpecification","valueRequired":true,"valueName":"search_term_string"}}],"inLanguage":"es-CO"},{"@type":"Organization","@id":"https:\/\/www.fiscalia.gov.co\/colombia\/#organization","name":"Fiscal\u00eda General de la Naci\u00f3n","url":"https:\/\/www.fiscalia.gov.co\/colombia\/","logo":{"@type":"ImageObject","inLanguage":"es-CO","@id":"https:\/\/www.fiscalia.gov.co\/colombia\/#\/schema\/logo\/image\/","url":"https:\/\/www.fiscalia.gov.co\/colombia\/wp-content\/uploads\/LogoHorizontal_1.jpg","contentUrl":"https:\/\/www.fiscalia.gov.co\/colombia\/wp-content\/uploads\/LogoHorizontal_1.jpg","width":300,"height":90,"caption":"Fiscal\u00eda General de la Naci\u00f3n"},"image":{"@id":"https:\/\/www.fiscalia.gov.co\/colombia\/#\/schema\/logo\/image\/"},"sameAs":["https:\/\/www.facebook.com\/FiscaliaCol","https:\/\/x.com\/FiscaliaCol","https:\/\/www.instagram.com\/fiscaliacol","https:\/\/www.linkedin.com\/company\/fiscalia-general-de-la-naci-n\/","https:\/\/youtube.com\/@fiscaliageneraldelanacion-4668?si=6nN79nyQICPU5iTh"]},{"@type":"Person","@id":"https:\/\/www.fiscalia.gov.co\/colombia\/#\/schema\/person\/2e76b9aba5ecf875ed565ce4de0e0415","name":"Katherine Loaiza Mart\u00ednez","image":{"@type":"ImageObject","inLanguage":"es-CO","@id":"https:\/\/www.fiscalia.gov.co\/colombia\/#\/schema\/person\/image\/","url":"https:\/\/secure.gravatar.com\/avatar\/ab775a2f394c1b83b6d6f78680e57b50?s=96&d=mm&r=g","contentUrl":"https:\/\/secure.gravatar.com\/avatar\/ab775a2f394c1b83b6d6f78680e57b50?s=96&d=mm&r=g","caption":"Katherine Loaiza Mart\u00ednez"},"url":"https:\/\/www.fiscalia.gov.co\/colombia\/author\/kloaiza\/"}]}},"_links":{"self":[{"href":"https:\/\/www.fiscalia.gov.co\/colombia\/wp-json\/wp\/v2\/posts\/257236","targetHints":{"allow":["GET"]}}],"collection":[{"href":"https:\/\/www.fiscalia.gov.co\/colombia\/wp-json\/wp\/v2\/posts"}],"about":[{"href":"https:\/\/www.fiscalia.gov.co\/colombia\/wp-json\/wp\/v2\/types\/post"}],"author":[{"embeddable":true,"href":"https:\/\/www.fiscalia.gov.co\/colombia\/wp-json\/wp\/v2\/users\/175"}],"replies":[{"embeddable":true,"href":"https:\/\/www.fiscalia.gov.co\/colombia\/wp-json\/wp\/v2\/comments?post=257236"}],"version-history":[{"count":2,"href":"https:\/\/www.fiscalia.gov.co\/colombia\/wp-json\/wp\/v2\/posts\/257236\/revisions"}],"predecessor-version":[{"id":257241,"href":"https:\/\/www.fiscalia.gov.co\/colombia\/wp-json\/wp\/v2\/posts\/257236\/revisions\/257241"}],"wp:attachment":[{"href":"https:\/\/www.fiscalia.gov.co\/colombia\/wp-json\/wp\/v2\/media?parent=257236"}],"wp:term":[{"taxonomy":"category","embeddable":true,"href":"https:\/\/www.fiscalia.gov.co\/colombia\/wp-json\/wp\/v2\/categories?post=257236"},{"taxonomy":"post_tag","embeddable":true,"href":"https:\/\/www.fiscalia.gov.co\/colombia\/wp-json\/wp\/v2\/tags?post=257236"}],"curies":[{"name":"wp","href":"https:\/\/api.w.org\/{rel}","templated":true}]}}