{"id":257000,"date":"2022-09-14T11:24:10","date_gmt":"2022-09-14T16:24:10","guid":{"rendered":"https:\/\/www.fiscalia.gov.co\/colombia\/?p=257000"},"modified":"2022-09-14T15:13:21","modified_gmt":"2022-09-14T20:13:21","slug":"fiscalias-de-colombia-y-ecuador-apoyados-por-la-policia-de-ambos-paises-ocuparon-con-fines-de-extincion-de-dominio-bienes-de-alias-lucio-presunto-narco-invisible","status":"publish","type":"post","link":"https:\/\/www.fiscalia.gov.co\/colombia\/noticias\/fiscalias-de-colombia-y-ecuador-apoyados-por-la-policia-de-ambos-paises-ocuparon-con-fines-de-extincion-de-dominio-bienes-de-alias-lucio-presunto-narco-invisible\/","title":{"rendered":"Fiscal\u00edas de Colombia y Ecuador, apoyados por la polic\u00eda de ambos pa\u00edses, ocuparon con fines de extinci\u00f3n de dominio bienes de alias Lucio, presunto \u2018narco invisible\u2019"},"content":{"rendered":"<blockquote>\n<h4 style=\"text-align: left;\"><strong><em>Los bienes afectados en Colombia est\u00e1n avaluados en cerca de 1.200 millones de pesos. Esta acci\u00f3n se suma a otra de extinci\u00f3n de dominio que se adelant\u00f3 contra Lucio Hernando Burbano.<\/em><\/strong><\/h4>\n<\/blockquote>\n<p><strong>\u00a0<\/strong><\/p>\n<p>Como parte de la estrategia internacional liderada por el Fiscal General de la Naci\u00f3n, Francisco Barbosa Delgado, la Direcci\u00f3n Especializada de Extinci\u00f3n del Derecho de Dominio de manera coordinada y en simult\u00e1neo con sus pares en Ecuador; quienes fueron liderados por la Fiscal General Diana Salazar, adelantaron una acci\u00f3n conjunta para afectar los bienes del presunto narcotraficante Lucio Hernando Burbano Portilla, alias Lucio o El Se\u00f1or, desmovilizado del extinto Bloque Libertadores del Sur de las Autodefensas Unidas de Colombia (AUC).<\/p>\n<p>Las acciones en Colombia se adelantaron en Jamund\u00ed (Valle Del Cauca) y Tumaco (Nari\u00f1o). Hasta estos lugares lleg\u00f3 un equipo conformado por una fiscal y polic\u00eda judicial del Cuerpo T\u00e9cnico de Investigaci\u00f3n (CTI), quienes estuvieron apoyados por el grupo interagencial Graos 2 de la Polic\u00eda Nacional.<\/p>\n<p><iframe loading=\"lazy\" title=\"YouTube video player\" src=\"https:\/\/www.youtube.com\/embed\/2hruT4TrQzo\" width=\"560\" height=\"315\" frameborder=\"0\" allowfullscreen=\"allowfullscreen\"><\/iframe><\/p>\n<p>Con este operativo se logr\u00f3 la afectaci\u00f3n, con medidas de suspensi\u00f3n del poder dispositivo, embargo, secuestro y toma de posesi\u00f3n de 4 establecimientos de comercio, 1 inmueble urbano, 3 veh\u00edculos y 1 inmueble rural avaluados preliminarmente en cerca de 1.200 millones de pesos.<\/p>\n<p>Las acciones coordinadas con la Fiscal\u00eda de Ecuador se dan en el marco de las acciones de cooperaci\u00f3n judicial lideradas desde la Asociaci\u00f3n Iberoamericana de Ministerios P\u00fablicos (AIAMP) que preside el Fiscal General de la Naci\u00f3n, Francisco Barbosa Delgado.<\/p>\n<p><strong><u>Resultados alcanzados por la Fiscal\u00eda y las autoridades en territorio ecuatoriano<\/u><\/strong><\/p>\n<p>Las operaciones en territorio ecuatoriano se cumplieron en la zona de Esmeraldas donde la Unidad Nacional Especializada de Investigaci\u00f3n contra la Delincuencia Organizada Transnacional, con ocho fiscales, adelant\u00f3 el allanamiento a ocho predios rurales cuya extensi\u00f3n supera las 1.405 hect\u00e1reas.<\/p>\n<figure id=\"attachment_257040\" aria-describedby=\"caption-attachment-257040\" style=\"width: 1284px\" class=\"wp-caption aligncenter\"><img loading=\"lazy\" decoding=\"async\" class=\"wp-image-257040 size-full\" src=\"https:\/\/www.fiscalia.gov.co\/colombia\/wp-content\/uploads\/Bienes-de-Lucio-Hernando-Burbano..jpeg\" alt=\"En la imagen aparecen tres personas, dos hombres y una mujer, de espaldas. Una persona tiene uniforme de la Polic\u00eda, otro un chaleco de la SAE, la tercera persona est\u00e1 de civil. Miran un lote. \" width=\"1284\" height=\"710\" srcset=\"https:\/\/www.fiscalia.gov.co\/colombia\/wp-content\/uploads\/Bienes-de-Lucio-Hernando-Burbano..jpeg 1284w, https:\/\/www.fiscalia.gov.co\/colombia\/wp-content\/uploads\/Bienes-de-Lucio-Hernando-Burbano.-300x166.jpeg 300w, https:\/\/www.fiscalia.gov.co\/colombia\/wp-content\/uploads\/Bienes-de-Lucio-Hernando-Burbano.-1024x566.jpeg 1024w, https:\/\/www.fiscalia.gov.co\/colombia\/wp-content\/uploads\/Bienes-de-Lucio-Hernando-Burbano.-768x425.jpeg 768w, https:\/\/www.fiscalia.gov.co\/colombia\/wp-content\/uploads\/Bienes-de-Lucio-Hernando-Burbano.-696x385.jpeg 696w, https:\/\/www.fiscalia.gov.co\/colombia\/wp-content\/uploads\/Bienes-de-Lucio-Hernando-Burbano.-1068x591.jpeg 1068w, https:\/\/www.fiscalia.gov.co\/colombia\/wp-content\/uploads\/Bienes-de-Lucio-Hernando-Burbano.-760x420.jpeg 760w\" sizes=\"auto, (max-width: 1284px) 100vw, 1284px\" \/><figcaption id=\"caption-attachment-257040\" class=\"wp-caption-text\">Con este operativo se logr\u00f3 la afectaci\u00f3n, con medidas de suspensi\u00f3n del poder dispositivo, embargo, secuestro y toma de posesi\u00f3n de 4 establecimientos de comercio, 1 inmueble urbano, 3 veh\u00edculos y 1 inmueble rural avaluados preliminarmente en cerca de 1.200 millones de pesos.<\/figcaption><\/figure>\n<p>Estas acciones se dieron en el marco de la investigaci\u00f3n por la posible comisi\u00f3n del delito de lavado de activos del que ser\u00eda responsable Lucio Hernando Burbano Portilla y varios integrantes de su n\u00facleo familiar y ciudadanos ecuatorianos.<\/p>\n<p>Alias Lucio, afirman las autoridades ecuatorianas, comandar\u00eda una organizaci\u00f3n narcotraficante a la que entre 2010 y 2021 le fueron incautadas, aproximadamente, dos toneladas de estupefacientes. Adem\u00e1s, se logr\u00f3 constatar la presencia de 2.296 semovientes en dichos lugares.<\/p>\n<p>Este trabajo adelantado de manera mancomunada entre las fiscal\u00edas de Colombia y Ecuador, apoyados por los cuerpos de polic\u00eda de los dos pa\u00edses, configura un importante resultado operacional que contribuye al fortalecimiento de la convivencia y seguridad ciudadana en la regi\u00f3n y constituyen un duro impacto a las organizaciones criminales trasnacionales, fijando un precedente legislativo de lucha contra las rentas criminales producto del narcotr\u00e1fico.<\/p>\n<p>La captura de alias Lucio fue dada a conocer por el Fiscal General de la Naci\u00f3n, Francisco Barbosa Delgado, al pa\u00eds el 12 de noviembre de 2020 desde Quibd\u00f3 (Choc\u00f3), acci\u00f3n que constituy\u00f3 un duro golpe al Grupo Armado Organizado Residual Oliver Sinisterra.<\/p>\n<p><strong><u>La investigaci\u00f3n adelantada en Colombia contra alias Lucio <\/u><\/strong><\/p>\n<p>Labores de polic\u00eda judicial permitieron identificar una organizaci\u00f3n criminal dedicada al tr\u00e1fico trasnacional de estupefacientes que operaba en el Valle del Cauca, desde donde eran enviados en lanchas r\u00e1pidas estupefacientes con destino a Panam\u00e1, Honduras, El Salvador y Guatemala. Tambi\u00e9n se pudo establecer la relaci\u00f3n de dicha estructura con el Clan del Golfo, el Grupo Armado Organizado Residual Oliver Sinisterra y Los Contadores.<\/p>\n<p>La evidencia f\u00edsica recaudada permiti\u00f3 establecer que el dinero producto del tr\u00e1fico de sustancias estupefacientes ser\u00eda incorporado al sistema financiero nacional, a trav\u00e9s de operaciones realizadas en casas de cambio ubicadas en Cali y Medell\u00edn.<\/p>\n<p>En el trascurso de las investigaciones relacionadas con las actividades ilegales desarrolladas por esta red criminal, a alias Lucio le fueron incautados 8.500 millones de pesos en efectivo, 3.700 d\u00f3lares, 11 relojes lujosos, armas de fuego y documentaci\u00f3n con informaci\u00f3n privilegiada sobre actividades judiciales y de la fuerza p\u00fablica.<\/p>\n<p>En desarrollo de las acciones penales fueron capturados y judicializados Lucio Hernando Burbano Portilla, alias Lucio o El Se\u00f1or; Segundo S\u00e1nchez, Diana Yiviana L\u00f3pez Montes, Jos\u00e9 Alejandro R\u00faales Melo, alias Perro, Cristi\u00e1n Estupi\u00f1\u00e1n Hern\u00e1ndez, alias T\u00edo Sega, Pablo Emilio Sevillano Castillo, Kevin Ferney Rodr\u00edguez D\u00edaz, Janer Javier Zambrano Rodr\u00edguez, Benis Jair Castillo y Hugo Hern\u00e1n Rodr\u00edguez.<\/p>\n<p><strong><u>En 2017 un juez fall\u00f3 en favor del Estado un proceso de extinci\u00f3n contra alias Lucio<\/u><\/strong><\/p>\n<p>El 19 de abril de 2017, el Juez Tercero de Extinci\u00f3n del Derecho de Dominio de Bogot\u00e1 decret\u00f3 en favor del Estado colombiano la extinci\u00f3n solicitada por la Fiscal\u00eda General de la Naci\u00f3n sobre 34 inmuebles entre establecimientos de comercio, veh\u00edculos, dinero y divisas de propiedad de Lucio Hernando Burbano Portilla, alias Lucio.<\/p>\n<p>MAGA\/SYP\/LPDS\/DEEDD\/LABF\/DPFC\/MRC.<\/p>\n<p>&nbsp;<\/p>\n<p><strong>La Fiscal\u00eda habla con resultados.<\/strong><\/p>\n<p>&nbsp;<\/p>\n<div class=\"td-post-content tagdiv-type\">\n<p><em>La informaci\u00f3n contenida en este bolet\u00edn de prensa corresponde a la narraci\u00f3n de los hechos noticiosos objetivos, suministrados por los funcionarios encargados de adelantar las investigaciones penales al interior de la Fiscal\u00eda General de la Naci\u00f3n. Para el momento de la divulgaci\u00f3n de este comunicado, la situaci\u00f3n jur\u00eddica de la(s) persona(s) relacionada(s) se encuentra pendiente de resolver por la autoridad judicial competente, siempre bajo los preceptos de la presunci\u00f3n de inocencia, consagrados en el art\u00edculo 29 de la Constituci\u00f3n Pol\u00edtica y el art\u00edculo 7\u00ba de la Ley 906 de 2004.<\/em><\/p>\n<\/div>\n\n<div class=\"twitter-share\"><a href=\"https:\/\/twitter.com\/intent\/tweet?via=fiscaliacol\" class=\"twitter-share-button\">Tweet<\/a><\/div>\n","protected":false},"excerpt":{"rendered":"<p>Los bienes afectados en Colombia est\u00e1n avaluados en cerca de 1.200 millones de pesos. Esta acci\u00f3n se suma a otra de extinci\u00f3n de dominio que se adelant\u00f3 contra Lucio Hernando [&hellip;]<\/p>\n","protected":false},"author":175,"featured_media":0,"comment_status":"closed","ping_status":"open","sticky":false,"template":"","format":"video","meta":{"tdm_status":"","tdm_grid_status":"","footnotes":""},"categories":[24132,24105,25128,24116,24096,1],"tags":[24189,24526],"class_list":["post-257000","post","type-post","status-publish","format-video","category-asuntos-internacionales","category-cooperacion-interinstitucional","category-el-fiscal-en-los-territorios","category-extincion-de-dominio","category-fiscal-general-de-la-nacion","category-noticias","tag-fiscal-francisco-barbosa-delgado","tag-fiscal-general-francisco-barbosa-delgado","post_format-post-format-video"],"yoast_head":"<!-- This site is optimized with the Yoast SEO plugin v24.3 - https:\/\/yoast.com\/wordpress\/plugins\/seo\/ -->\n<title>Fiscal\u00eda General de la Naci\u00f3n<\/title>\n<meta name=\"description\" content=\"P\u00e1gina oficial de la Fiscal\u00eda General de la Naci\u00f3n \u2013 Colombia. Garantizamos el acceso efectivo a la justicia, la verdad y la reparaci\u00f3n de las v\u00edctimas de los delitos.\" \/>\n<meta name=\"robots\" content=\"noindex, follow\" \/>\n<meta property=\"og:locale\" content=\"es_ES\" \/>\n<meta property=\"og:type\" content=\"article\" \/>\n<meta property=\"og:title\" content=\"Fiscal\u00eda General de la Naci\u00f3n\" \/>\n<meta property=\"og:description\" content=\"P\u00e1gina oficial de la Fiscal\u00eda General de la Naci\u00f3n \u2013 Colombia. Garantizamos el acceso efectivo a la justicia, la verdad y la reparaci\u00f3n de las v\u00edctimas de los delitos.\" \/>\n<meta property=\"og:url\" content=\"https:\/\/www.fiscalia.gov.co\/colombia\/noticias\/fiscalias-de-colombia-y-ecuador-apoyados-por-la-policia-de-ambos-paises-ocuparon-con-fines-de-extincion-de-dominio-bienes-de-alias-lucio-presunto-narco-invisible\/\" \/>\n<meta property=\"og:site_name\" content=\"Fiscal\u00eda General de la Naci\u00f3n\" \/>\n<meta property=\"article:publisher\" content=\"https:\/\/www.facebook.com\/FiscaliaCol\" \/>\n<meta property=\"article:published_time\" content=\"2022-09-14T16:24:10+00:00\" \/>\n<meta property=\"article:modified_time\" content=\"2022-09-14T20:13:21+00:00\" \/>\n<meta property=\"og:image\" content=\"https:\/\/www.fiscalia.gov.co\/colombia\/wp-content\/uploads\/Bienes-de-Lucio-Hernando-Burbano..jpeg\" \/>\n<meta name=\"author\" content=\"Katherine Loaiza Mart\u00ednez\" \/>\n<meta name=\"twitter:card\" content=\"summary_large_image\" \/>\n<meta name=\"twitter:creator\" content=\"@FiscaliaCol\" \/>\n<meta name=\"twitter:site\" content=\"@FiscaliaCol\" \/>\n<meta name=\"twitter:label1\" content=\"Escrito por\" \/>\n\t<meta name=\"twitter:data1\" content=\"Katherine Loaiza Mart\u00ednez\" \/>\n\t<meta name=\"twitter:label2\" content=\"Tiempo de lectura\" \/>\n\t<meta name=\"twitter:data2\" content=\"5 minutos\" \/>\n<script type=\"application\/ld+json\" class=\"yoast-schema-graph\">{\"@context\":\"https:\/\/schema.org\",\"@graph\":[{\"@type\":\"Article\",\"@id\":\"https:\/\/www.fiscalia.gov.co\/colombia\/noticias\/fiscalias-de-colombia-y-ecuador-apoyados-por-la-policia-de-ambos-paises-ocuparon-con-fines-de-extincion-de-dominio-bienes-de-alias-lucio-presunto-narco-invisible\/#article\",\"isPartOf\":{\"@id\":\"https:\/\/www.fiscalia.gov.co\/colombia\/noticias\/fiscalias-de-colombia-y-ecuador-apoyados-por-la-policia-de-ambos-paises-ocuparon-con-fines-de-extincion-de-dominio-bienes-de-alias-lucio-presunto-narco-invisible\/\"},\"author\":{\"name\":\"Katherine Loaiza Mart\u00ednez\",\"@id\":\"https:\/\/www.fiscalia.gov.co\/colombia\/#\/schema\/person\/2e76b9aba5ecf875ed565ce4de0e0415\"},\"headline\":\"Fiscal\u00edas de Colombia y Ecuador, apoyados por la polic\u00eda de ambos pa\u00edses, ocuparon con fines de extinci\u00f3n de dominio bienes de alias Lucio, presunto \u2018narco invisible\u2019\",\"datePublished\":\"2022-09-14T16:24:10+00:00\",\"dateModified\":\"2022-09-14T20:13:21+00:00\",\"mainEntityOfPage\":{\"@id\":\"https:\/\/www.fiscalia.gov.co\/colombia\/noticias\/fiscalias-de-colombia-y-ecuador-apoyados-por-la-policia-de-ambos-paises-ocuparon-con-fines-de-extincion-de-dominio-bienes-de-alias-lucio-presunto-narco-invisible\/\"},\"wordCount\":1005,\"publisher\":{\"@id\":\"https:\/\/www.fiscalia.gov.co\/colombia\/#organization\"},\"image\":{\"@id\":\"https:\/\/www.fiscalia.gov.co\/colombia\/noticias\/fiscalias-de-colombia-y-ecuador-apoyados-por-la-policia-de-ambos-paises-ocuparon-con-fines-de-extincion-de-dominio-bienes-de-alias-lucio-presunto-narco-invisible\/#primaryimage\"},\"thumbnailUrl\":\"https:\/\/www.fiscalia.gov.co\/colombia\/wp-content\/uploads\/Bienes-de-Lucio-Hernando-Burbano..jpeg\",\"keywords\":[\"Fiscal Francisco Barbosa Delgado\",\"Fiscal General Francisco Barbosa Delgado\"],\"articleSection\":[\"Asuntos internacionales\",\"Cooperaci\u00f3n interinstitucional\",\"El Fiscal en los territorios\",\"Extinci\u00f3n de dominio\",\"Fiscal General de la Naci\u00f3n\",\"Noticias\"],\"inLanguage\":\"es-CO\"},{\"@type\":\"WebPage\",\"@id\":\"https:\/\/www.fiscalia.gov.co\/colombia\/noticias\/fiscalias-de-colombia-y-ecuador-apoyados-por-la-policia-de-ambos-paises-ocuparon-con-fines-de-extincion-de-dominio-bienes-de-alias-lucio-presunto-narco-invisible\/\",\"url\":\"https:\/\/www.fiscalia.gov.co\/colombia\/noticias\/fiscalias-de-colombia-y-ecuador-apoyados-por-la-policia-de-ambos-paises-ocuparon-con-fines-de-extincion-de-dominio-bienes-de-alias-lucio-presunto-narco-invisible\/\",\"name\":\"Fiscal\u00eda General de la Naci\u00f3n\",\"isPartOf\":{\"@id\":\"https:\/\/www.fiscalia.gov.co\/colombia\/#website\"},\"primaryImageOfPage\":{\"@id\":\"https:\/\/www.fiscalia.gov.co\/colombia\/noticias\/fiscalias-de-colombia-y-ecuador-apoyados-por-la-policia-de-ambos-paises-ocuparon-con-fines-de-extincion-de-dominio-bienes-de-alias-lucio-presunto-narco-invisible\/#primaryimage\"},\"image\":{\"@id\":\"https:\/\/www.fiscalia.gov.co\/colombia\/noticias\/fiscalias-de-colombia-y-ecuador-apoyados-por-la-policia-de-ambos-paises-ocuparon-con-fines-de-extincion-de-dominio-bienes-de-alias-lucio-presunto-narco-invisible\/#primaryimage\"},\"thumbnailUrl\":\"https:\/\/www.fiscalia.gov.co\/colombia\/wp-content\/uploads\/Bienes-de-Lucio-Hernando-Burbano..jpeg\",\"datePublished\":\"2022-09-14T16:24:10+00:00\",\"dateModified\":\"2022-09-14T20:13:21+00:00\",\"description\":\"P\u00e1gina oficial de la Fiscal\u00eda General de la Naci\u00f3n \u2013 Colombia. Garantizamos el acceso efectivo a la justicia, la verdad y la reparaci\u00f3n de las v\u00edctimas de los delitos.\",\"breadcrumb\":{\"@id\":\"https:\/\/www.fiscalia.gov.co\/colombia\/noticias\/fiscalias-de-colombia-y-ecuador-apoyados-por-la-policia-de-ambos-paises-ocuparon-con-fines-de-extincion-de-dominio-bienes-de-alias-lucio-presunto-narco-invisible\/#breadcrumb\"},\"inLanguage\":\"es-CO\",\"potentialAction\":[{\"@type\":\"ReadAction\",\"target\":[\"https:\/\/www.fiscalia.gov.co\/colombia\/noticias\/fiscalias-de-colombia-y-ecuador-apoyados-por-la-policia-de-ambos-paises-ocuparon-con-fines-de-extincion-de-dominio-bienes-de-alias-lucio-presunto-narco-invisible\/\"]}]},{\"@type\":\"ImageObject\",\"inLanguage\":\"es-CO\",\"@id\":\"https:\/\/www.fiscalia.gov.co\/colombia\/noticias\/fiscalias-de-colombia-y-ecuador-apoyados-por-la-policia-de-ambos-paises-ocuparon-con-fines-de-extincion-de-dominio-bienes-de-alias-lucio-presunto-narco-invisible\/#primaryimage\",\"url\":\"https:\/\/www.fiscalia.gov.co\/colombia\/wp-content\/uploads\/Bienes-de-Lucio-Hernando-Burbano..jpeg\",\"contentUrl\":\"https:\/\/www.fiscalia.gov.co\/colombia\/wp-content\/uploads\/Bienes-de-Lucio-Hernando-Burbano..jpeg\",\"width\":1284,\"height\":710,\"caption\":\"Con este operativo se logr\u00f3 la afectaci\u00f3n, con medidas de suspensi\u00f3n del poder dispositivo, embargo, secuestro y toma de posesi\u00f3n de 4 establecimientos de comercio, 1 inmueble urbano, 3 veh\u00edculos y 1 inmueble rural avaluados preliminarmente en cerca de 1.200 millones de pesos.\"},{\"@type\":\"BreadcrumbList\",\"@id\":\"https:\/\/www.fiscalia.gov.co\/colombia\/noticias\/fiscalias-de-colombia-y-ecuador-apoyados-por-la-policia-de-ambos-paises-ocuparon-con-fines-de-extincion-de-dominio-bienes-de-alias-lucio-presunto-narco-invisible\/#breadcrumb\",\"itemListElement\":[{\"@type\":\"ListItem\",\"position\":1,\"name\":\"Home\",\"item\":\"https:\/\/www.fiscalia.gov.co\/colombia\/\"},{\"@type\":\"ListItem\",\"position\":2,\"name\":\"Fiscal\u00edas de Colombia y Ecuador, apoyados por la polic\u00eda de ambos pa\u00edses, ocuparon con fines de extinci\u00f3n de dominio bienes de alias Lucio, presunto \u2018narco invisible\u2019\"}]},{\"@type\":\"WebSite\",\"@id\":\"https:\/\/www.fiscalia.gov.co\/colombia\/#website\",\"url\":\"https:\/\/www.fiscalia.gov.co\/colombia\/\",\"name\":\"Fiscal\u00eda General de la Naci\u00f3n\",\"description\":\"P\u00e1gina oficial de la Fiscal\u00eda General de la Naci\u00f3n \u2013 Colombia. Garantizamos el acceso efectivo a la justicia, la verdad y la reparaci\u00f3n de las v\u00edctimas de los delitos.\",\"publisher\":{\"@id\":\"https:\/\/www.fiscalia.gov.co\/colombia\/#organization\"},\"potentialAction\":[{\"@type\":\"SearchAction\",\"target\":{\"@type\":\"EntryPoint\",\"urlTemplate\":\"https:\/\/www.fiscalia.gov.co\/colombia\/?s={search_term_string}\"},\"query-input\":{\"@type\":\"PropertyValueSpecification\",\"valueRequired\":true,\"valueName\":\"search_term_string\"}}],\"inLanguage\":\"es-CO\"},{\"@type\":\"Organization\",\"@id\":\"https:\/\/www.fiscalia.gov.co\/colombia\/#organization\",\"name\":\"Fiscal\u00eda General de la Naci\u00f3n\",\"url\":\"https:\/\/www.fiscalia.gov.co\/colombia\/\",\"logo\":{\"@type\":\"ImageObject\",\"inLanguage\":\"es-CO\",\"@id\":\"https:\/\/www.fiscalia.gov.co\/colombia\/#\/schema\/logo\/image\/\",\"url\":\"https:\/\/www.fiscalia.gov.co\/colombia\/wp-content\/uploads\/LogoHorizontal_1.jpg\",\"contentUrl\":\"https:\/\/www.fiscalia.gov.co\/colombia\/wp-content\/uploads\/LogoHorizontal_1.jpg\",\"width\":300,\"height\":90,\"caption\":\"Fiscal\u00eda General de la Naci\u00f3n\"},\"image\":{\"@id\":\"https:\/\/www.fiscalia.gov.co\/colombia\/#\/schema\/logo\/image\/\"},\"sameAs\":[\"https:\/\/www.facebook.com\/FiscaliaCol\",\"https:\/\/x.com\/FiscaliaCol\",\"https:\/\/www.instagram.com\/fiscaliacol\",\"https:\/\/www.linkedin.com\/company\/fiscalia-general-de-la-naci-n\/\",\"https:\/\/youtube.com\/@fiscaliageneraldelanacion-4668?si=6nN79nyQICPU5iTh\"]},{\"@type\":\"Person\",\"@id\":\"https:\/\/www.fiscalia.gov.co\/colombia\/#\/schema\/person\/2e76b9aba5ecf875ed565ce4de0e0415\",\"name\":\"Katherine Loaiza Mart\u00ednez\",\"image\":{\"@type\":\"ImageObject\",\"inLanguage\":\"es-CO\",\"@id\":\"https:\/\/www.fiscalia.gov.co\/colombia\/#\/schema\/person\/image\/\",\"url\":\"https:\/\/secure.gravatar.com\/avatar\/ab775a2f394c1b83b6d6f78680e57b50?s=96&d=mm&r=g\",\"contentUrl\":\"https:\/\/secure.gravatar.com\/avatar\/ab775a2f394c1b83b6d6f78680e57b50?s=96&d=mm&r=g\",\"caption\":\"Katherine Loaiza Mart\u00ednez\"},\"url\":\"https:\/\/www.fiscalia.gov.co\/colombia\/author\/kloaiza\/\"}]}<\/script>\n<!-- \/ Yoast SEO plugin. -->","yoast_head_json":{"title":"Fiscal\u00eda General de la Naci\u00f3n","description":"P\u00e1gina oficial de la Fiscal\u00eda General de la Naci\u00f3n \u2013 Colombia. Garantizamos el acceso efectivo a la justicia, la verdad y la reparaci\u00f3n de las v\u00edctimas de los delitos.","robots":{"index":"noindex","follow":"follow"},"og_locale":"es_ES","og_type":"article","og_title":"Fiscal\u00eda General de la Naci\u00f3n","og_description":"P\u00e1gina oficial de la Fiscal\u00eda General de la Naci\u00f3n \u2013 Colombia. Garantizamos el acceso efectivo a la justicia, la verdad y la reparaci\u00f3n de las v\u00edctimas de los delitos.","og_url":"https:\/\/www.fiscalia.gov.co\/colombia\/noticias\/fiscalias-de-colombia-y-ecuador-apoyados-por-la-policia-de-ambos-paises-ocuparon-con-fines-de-extincion-de-dominio-bienes-de-alias-lucio-presunto-narco-invisible\/","og_site_name":"Fiscal\u00eda General de la Naci\u00f3n","article_publisher":"https:\/\/www.facebook.com\/FiscaliaCol","article_published_time":"2022-09-14T16:24:10+00:00","article_modified_time":"2022-09-14T20:13:21+00:00","og_image":[{"url":"https:\/\/www.fiscalia.gov.co\/colombia\/wp-content\/uploads\/Bienes-de-Lucio-Hernando-Burbano..jpeg","type":"","width":"","height":""}],"author":"Katherine Loaiza Mart\u00ednez","twitter_card":"summary_large_image","twitter_creator":"@FiscaliaCol","twitter_site":"@FiscaliaCol","twitter_misc":{"Escrito por":"Katherine Loaiza Mart\u00ednez","Tiempo de lectura":"5 minutos"},"schema":{"@context":"https:\/\/schema.org","@graph":[{"@type":"Article","@id":"https:\/\/www.fiscalia.gov.co\/colombia\/noticias\/fiscalias-de-colombia-y-ecuador-apoyados-por-la-policia-de-ambos-paises-ocuparon-con-fines-de-extincion-de-dominio-bienes-de-alias-lucio-presunto-narco-invisible\/#article","isPartOf":{"@id":"https:\/\/www.fiscalia.gov.co\/colombia\/noticias\/fiscalias-de-colombia-y-ecuador-apoyados-por-la-policia-de-ambos-paises-ocuparon-con-fines-de-extincion-de-dominio-bienes-de-alias-lucio-presunto-narco-invisible\/"},"author":{"name":"Katherine Loaiza Mart\u00ednez","@id":"https:\/\/www.fiscalia.gov.co\/colombia\/#\/schema\/person\/2e76b9aba5ecf875ed565ce4de0e0415"},"headline":"Fiscal\u00edas de Colombia y Ecuador, apoyados por la polic\u00eda de ambos pa\u00edses, ocuparon con fines de extinci\u00f3n de dominio bienes de alias Lucio, presunto \u2018narco invisible\u2019","datePublished":"2022-09-14T16:24:10+00:00","dateModified":"2022-09-14T20:13:21+00:00","mainEntityOfPage":{"@id":"https:\/\/www.fiscalia.gov.co\/colombia\/noticias\/fiscalias-de-colombia-y-ecuador-apoyados-por-la-policia-de-ambos-paises-ocuparon-con-fines-de-extincion-de-dominio-bienes-de-alias-lucio-presunto-narco-invisible\/"},"wordCount":1005,"publisher":{"@id":"https:\/\/www.fiscalia.gov.co\/colombia\/#organization"},"image":{"@id":"https:\/\/www.fiscalia.gov.co\/colombia\/noticias\/fiscalias-de-colombia-y-ecuador-apoyados-por-la-policia-de-ambos-paises-ocuparon-con-fines-de-extincion-de-dominio-bienes-de-alias-lucio-presunto-narco-invisible\/#primaryimage"},"thumbnailUrl":"https:\/\/www.fiscalia.gov.co\/colombia\/wp-content\/uploads\/Bienes-de-Lucio-Hernando-Burbano..jpeg","keywords":["Fiscal Francisco Barbosa Delgado","Fiscal General Francisco Barbosa Delgado"],"articleSection":["Asuntos internacionales","Cooperaci\u00f3n interinstitucional","El Fiscal en los territorios","Extinci\u00f3n de dominio","Fiscal General de la Naci\u00f3n","Noticias"],"inLanguage":"es-CO"},{"@type":"WebPage","@id":"https:\/\/www.fiscalia.gov.co\/colombia\/noticias\/fiscalias-de-colombia-y-ecuador-apoyados-por-la-policia-de-ambos-paises-ocuparon-con-fines-de-extincion-de-dominio-bienes-de-alias-lucio-presunto-narco-invisible\/","url":"https:\/\/www.fiscalia.gov.co\/colombia\/noticias\/fiscalias-de-colombia-y-ecuador-apoyados-por-la-policia-de-ambos-paises-ocuparon-con-fines-de-extincion-de-dominio-bienes-de-alias-lucio-presunto-narco-invisible\/","name":"Fiscal\u00eda General de la Naci\u00f3n","isPartOf":{"@id":"https:\/\/www.fiscalia.gov.co\/colombia\/#website"},"primaryImageOfPage":{"@id":"https:\/\/www.fiscalia.gov.co\/colombia\/noticias\/fiscalias-de-colombia-y-ecuador-apoyados-por-la-policia-de-ambos-paises-ocuparon-con-fines-de-extincion-de-dominio-bienes-de-alias-lucio-presunto-narco-invisible\/#primaryimage"},"image":{"@id":"https:\/\/www.fiscalia.gov.co\/colombia\/noticias\/fiscalias-de-colombia-y-ecuador-apoyados-por-la-policia-de-ambos-paises-ocuparon-con-fines-de-extincion-de-dominio-bienes-de-alias-lucio-presunto-narco-invisible\/#primaryimage"},"thumbnailUrl":"https:\/\/www.fiscalia.gov.co\/colombia\/wp-content\/uploads\/Bienes-de-Lucio-Hernando-Burbano..jpeg","datePublished":"2022-09-14T16:24:10+00:00","dateModified":"2022-09-14T20:13:21+00:00","description":"P\u00e1gina oficial de la Fiscal\u00eda General de la Naci\u00f3n \u2013 Colombia. Garantizamos el acceso efectivo a la justicia, la verdad y la reparaci\u00f3n de las v\u00edctimas de los delitos.","breadcrumb":{"@id":"https:\/\/www.fiscalia.gov.co\/colombia\/noticias\/fiscalias-de-colombia-y-ecuador-apoyados-por-la-policia-de-ambos-paises-ocuparon-con-fines-de-extincion-de-dominio-bienes-de-alias-lucio-presunto-narco-invisible\/#breadcrumb"},"inLanguage":"es-CO","potentialAction":[{"@type":"ReadAction","target":["https:\/\/www.fiscalia.gov.co\/colombia\/noticias\/fiscalias-de-colombia-y-ecuador-apoyados-por-la-policia-de-ambos-paises-ocuparon-con-fines-de-extincion-de-dominio-bienes-de-alias-lucio-presunto-narco-invisible\/"]}]},{"@type":"ImageObject","inLanguage":"es-CO","@id":"https:\/\/www.fiscalia.gov.co\/colombia\/noticias\/fiscalias-de-colombia-y-ecuador-apoyados-por-la-policia-de-ambos-paises-ocuparon-con-fines-de-extincion-de-dominio-bienes-de-alias-lucio-presunto-narco-invisible\/#primaryimage","url":"https:\/\/www.fiscalia.gov.co\/colombia\/wp-content\/uploads\/Bienes-de-Lucio-Hernando-Burbano..jpeg","contentUrl":"https:\/\/www.fiscalia.gov.co\/colombia\/wp-content\/uploads\/Bienes-de-Lucio-Hernando-Burbano..jpeg","width":1284,"height":710,"caption":"Con este operativo se logr\u00f3 la afectaci\u00f3n, con medidas de suspensi\u00f3n del poder dispositivo, embargo, secuestro y toma de posesi\u00f3n de 4 establecimientos de comercio, 1 inmueble urbano, 3 veh\u00edculos y 1 inmueble rural avaluados preliminarmente en cerca de 1.200 millones de pesos."},{"@type":"BreadcrumbList","@id":"https:\/\/www.fiscalia.gov.co\/colombia\/noticias\/fiscalias-de-colombia-y-ecuador-apoyados-por-la-policia-de-ambos-paises-ocuparon-con-fines-de-extincion-de-dominio-bienes-de-alias-lucio-presunto-narco-invisible\/#breadcrumb","itemListElement":[{"@type":"ListItem","position":1,"name":"Home","item":"https:\/\/www.fiscalia.gov.co\/colombia\/"},{"@type":"ListItem","position":2,"name":"Fiscal\u00edas de Colombia y Ecuador, apoyados por la polic\u00eda de ambos pa\u00edses, ocuparon con fines de extinci\u00f3n de dominio bienes de alias Lucio, presunto \u2018narco invisible\u2019"}]},{"@type":"WebSite","@id":"https:\/\/www.fiscalia.gov.co\/colombia\/#website","url":"https:\/\/www.fiscalia.gov.co\/colombia\/","name":"Fiscal\u00eda General de la Naci\u00f3n","description":"P\u00e1gina oficial de la Fiscal\u00eda General de la Naci\u00f3n \u2013 Colombia. Garantizamos el acceso efectivo a la justicia, la verdad y la reparaci\u00f3n de las v\u00edctimas de los delitos.","publisher":{"@id":"https:\/\/www.fiscalia.gov.co\/colombia\/#organization"},"potentialAction":[{"@type":"SearchAction","target":{"@type":"EntryPoint","urlTemplate":"https:\/\/www.fiscalia.gov.co\/colombia\/?s={search_term_string}"},"query-input":{"@type":"PropertyValueSpecification","valueRequired":true,"valueName":"search_term_string"}}],"inLanguage":"es-CO"},{"@type":"Organization","@id":"https:\/\/www.fiscalia.gov.co\/colombia\/#organization","name":"Fiscal\u00eda General de la Naci\u00f3n","url":"https:\/\/www.fiscalia.gov.co\/colombia\/","logo":{"@type":"ImageObject","inLanguage":"es-CO","@id":"https:\/\/www.fiscalia.gov.co\/colombia\/#\/schema\/logo\/image\/","url":"https:\/\/www.fiscalia.gov.co\/colombia\/wp-content\/uploads\/LogoHorizontal_1.jpg","contentUrl":"https:\/\/www.fiscalia.gov.co\/colombia\/wp-content\/uploads\/LogoHorizontal_1.jpg","width":300,"height":90,"caption":"Fiscal\u00eda General de la Naci\u00f3n"},"image":{"@id":"https:\/\/www.fiscalia.gov.co\/colombia\/#\/schema\/logo\/image\/"},"sameAs":["https:\/\/www.facebook.com\/FiscaliaCol","https:\/\/x.com\/FiscaliaCol","https:\/\/www.instagram.com\/fiscaliacol","https:\/\/www.linkedin.com\/company\/fiscalia-general-de-la-naci-n\/","https:\/\/youtube.com\/@fiscaliageneraldelanacion-4668?si=6nN79nyQICPU5iTh"]},{"@type":"Person","@id":"https:\/\/www.fiscalia.gov.co\/colombia\/#\/schema\/person\/2e76b9aba5ecf875ed565ce4de0e0415","name":"Katherine Loaiza Mart\u00ednez","image":{"@type":"ImageObject","inLanguage":"es-CO","@id":"https:\/\/www.fiscalia.gov.co\/colombia\/#\/schema\/person\/image\/","url":"https:\/\/secure.gravatar.com\/avatar\/ab775a2f394c1b83b6d6f78680e57b50?s=96&d=mm&r=g","contentUrl":"https:\/\/secure.gravatar.com\/avatar\/ab775a2f394c1b83b6d6f78680e57b50?s=96&d=mm&r=g","caption":"Katherine Loaiza Mart\u00ednez"},"url":"https:\/\/www.fiscalia.gov.co\/colombia\/author\/kloaiza\/"}]}},"_links":{"self":[{"href":"https:\/\/www.fiscalia.gov.co\/colombia\/wp-json\/wp\/v2\/posts\/257000","targetHints":{"allow":["GET"]}}],"collection":[{"href":"https:\/\/www.fiscalia.gov.co\/colombia\/wp-json\/wp\/v2\/posts"}],"about":[{"href":"https:\/\/www.fiscalia.gov.co\/colombia\/wp-json\/wp\/v2\/types\/post"}],"author":[{"embeddable":true,"href":"https:\/\/www.fiscalia.gov.co\/colombia\/wp-json\/wp\/v2\/users\/175"}],"replies":[{"embeddable":true,"href":"https:\/\/www.fiscalia.gov.co\/colombia\/wp-json\/wp\/v2\/comments?post=257000"}],"version-history":[{"count":4,"href":"https:\/\/www.fiscalia.gov.co\/colombia\/wp-json\/wp\/v2\/posts\/257000\/revisions"}],"predecessor-version":[{"id":257041,"href":"https:\/\/www.fiscalia.gov.co\/colombia\/wp-json\/wp\/v2\/posts\/257000\/revisions\/257041"}],"wp:attachment":[{"href":"https:\/\/www.fiscalia.gov.co\/colombia\/wp-json\/wp\/v2\/media?parent=257000"}],"wp:term":[{"taxonomy":"category","embeddable":true,"href":"https:\/\/www.fiscalia.gov.co\/colombia\/wp-json\/wp\/v2\/categories?post=257000"},{"taxonomy":"post_tag","embeddable":true,"href":"https:\/\/www.fiscalia.gov.co\/colombia\/wp-json\/wp\/v2\/tags?post=257000"}],"curies":[{"name":"wp","href":"https:\/\/api.w.org\/{rel}","templated":true}]}}