{"id":256930,"date":"2022-09-13T16:43:21","date_gmt":"2022-09-13T21:43:21","guid":{"rendered":"https:\/\/www.fiscalia.gov.co\/colombia\/?p=256930"},"modified":"2022-09-13T16:43:21","modified_gmt":"2022-09-13T21:43:21","slug":"carcel-para-abogada-por-presunta-estafa-con-falsos-tramites-judiciales","status":"publish","type":"post","link":"https:\/\/www.fiscalia.gov.co\/colombia\/noticias\/carcel-para-abogada-por-presunta-estafa-con-falsos-tramites-judiciales\/","title":{"rendered":"C\u00e1rcel para abogada por presunta estafa con falsos tr\u00e1mites judiciales"},"content":{"rendered":"<blockquote>\n<h4 style=\"text-align: left;\"><strong><em>La mujer es se\u00f1alada de haber enga\u00f1ado a 12 personas. Un juez de paz tambi\u00e9n habr\u00eda participado en uno de los eventos por los cuales fue judicializada la mujer.<\/em><\/strong><\/h4>\n<\/blockquote>\n<p><em>\u00a0<\/em>Por los delitos de estafa y falsedad material en documento p\u00fablico, ambos agravados, la Fiscal\u00eda imput\u00f3 cargos y logr\u00f3 medida de aseguramiento en centro carcelario contra una abogada de 44 a\u00f1os en Ibagu\u00e9 (Tolima).<\/p>\n<figure id=\"attachment_256931\" aria-describedby=\"caption-attachment-256931\" style=\"width: 1152px\" class=\"wp-caption aligncenter\"><img loading=\"lazy\" decoding=\"async\" class=\"size-full wp-image-256931\" src=\"https:\/\/www.fiscalia.gov.co\/colombia\/wp-content\/uploads\/Clara-Isabel-Ortiz-Caicedo-abogada-suspendida-estafa-ibague.jpeg\" alt=\"En la imagen se ve un servidor del CTI y otro de la Polic\u00eda Nacional custodiando una mujer que se encuentra de espaldas. En la parte posterior de la fotograf\u00eda se ve un banner de la Fiscal\u00eda General de la Naci\u00f3n.\" width=\"1152\" height=\"864\" srcset=\"https:\/\/www.fiscalia.gov.co\/colombia\/wp-content\/uploads\/Clara-Isabel-Ortiz-Caicedo-abogada-suspendida-estafa-ibague.jpeg 1152w, https:\/\/www.fiscalia.gov.co\/colombia\/wp-content\/uploads\/Clara-Isabel-Ortiz-Caicedo-abogada-suspendida-estafa-ibague-300x225.jpeg 300w, https:\/\/www.fiscalia.gov.co\/colombia\/wp-content\/uploads\/Clara-Isabel-Ortiz-Caicedo-abogada-suspendida-estafa-ibague-1024x768.jpeg 1024w, https:\/\/www.fiscalia.gov.co\/colombia\/wp-content\/uploads\/Clara-Isabel-Ortiz-Caicedo-abogada-suspendida-estafa-ibague-768x576.jpeg 768w, https:\/\/www.fiscalia.gov.co\/colombia\/wp-content\/uploads\/Clara-Isabel-Ortiz-Caicedo-abogada-suspendida-estafa-ibague-696x522.jpeg 696w, https:\/\/www.fiscalia.gov.co\/colombia\/wp-content\/uploads\/Clara-Isabel-Ortiz-Caicedo-abogada-suspendida-estafa-ibague-1068x801.jpeg 1068w, https:\/\/www.fiscalia.gov.co\/colombia\/wp-content\/uploads\/Clara-Isabel-Ortiz-Caicedo-abogada-suspendida-estafa-ibague-560x420.jpeg 560w, https:\/\/www.fiscalia.gov.co\/colombia\/wp-content\/uploads\/Clara-Isabel-Ortiz-Caicedo-abogada-suspendida-estafa-ibague-80x60.jpeg 80w, https:\/\/www.fiscalia.gov.co\/colombia\/wp-content\/uploads\/Clara-Isabel-Ortiz-Caicedo-abogada-suspendida-estafa-ibague-265x198.jpeg 265w\" sizes=\"auto, (max-width: 1152px) 100vw, 1152px\" \/><figcaption id=\"caption-attachment-256931\" class=\"wp-caption-text\">Clara Isabel Ortiz Caicedo fue imputada por su presunta participaci\u00f3n en 31 falsedades y ocho estafas agravadas a 12 v\u00edctimas de Ibagu\u00e9, Tolima.<\/figcaption><\/figure>\n<p>Se trata de Clara Isabel Ortiz Caicedo quien fue detenida la semana pasada por investigadores del CTI del grupo de Estructura de Apoyo de la Fiscal\u00eda en el Tolima, en coordinaci\u00f3n con la Polic\u00eda Nacional en el barrio Villa Marlen de la ciudad por su presunta participaci\u00f3n en 31 falsedades y ocho estafas de lo cual fueron v\u00edctimas un total de 12 personas.<\/p>\n<p>Seg\u00fan las investigaciones preliminares, la procesada quien se encuentra suspendida para ejercer el derecho desde el a\u00f1o 2017, enga\u00f1aba, al parecer, a sus v\u00edctimas bajo la modalidad de ofrecimiento de servicios para tr\u00e1mites judiciales, pidi\u00e9ndoles dinero a cambio de procesos que nunca adelantaba y que para soportarlos presentaba documentos falsos.<\/p>\n<p>La abogada aduc\u00eda tener influencias y amigos en juzgados y as\u00ed lograr\u00eda darle celeridad a los procesos para que salieran pronto y a su favor.<\/p>\n<p>Mediante la labor investigativa se conexaron 11 noticias criminales que involucraban a la misma mujer quien en todas las denuncias ejercer\u00eda la misma conducta delictiva bajo similar modus operandi.<\/p>\n<p>El caso matriz, el cual fue el punto de partida para descubrir el entramado delictivo de la procesada, ocurri\u00f3 en el a\u00f1o 2020 cuando se comprometi\u00f3 con la v\u00edctima a llevar un proceso de conciliaci\u00f3n ante c\u00e1mara de Comercio y de simulaci\u00f3n ante la jurisdicci\u00f3n civil.<\/p>\n<p>Para mantenerla en error durante ese tiempo y solicitar m\u00e1s dinero, simular\u00eda llamadas de presuntos funcionarios del juzgado que le indicaban que el precio de las p\u00f3lizas hab\u00edan subido por orden del juez, al igual que los honorarios del supuesto secuestre. La estafa en este caso fue por la suma de $18.764.000.<\/p>\n<p>En este evento la abogada falsificar\u00eda el acta de conciliaci\u00f3n de no acuerdo ante c\u00e1mara de Comercio y otros documentos para justificar su presunta gesti\u00f3n como litigante.<\/p>\n<p><strong>Juez de paz involucrado<\/strong><\/p>\n<p>De igual manera fue imputado \u00c1lvaro Vargas, quien compareci\u00f3 de manera voluntaria al proceso y a quien se le atribuyeron los delitos de falsedad ideol\u00f3gica en documento p\u00fablico y estafa agravada; hechos en los cuales participar\u00eda tambi\u00e9n la abogada, obteniendo la suma de $27.300.000 de propiedad de una pareja de esposos.<\/p>\n<p>Para inducirlos y mantenerlos en el error Ortiz Caicedo recibi\u00f3 el dinero con el compromiso de pagarle a un acreedor un saldo que hab\u00eda quedado pendiente por la compra de una casa, el cual nunca entreg\u00f3.<\/p>\n<p>Fue as\u00ed como el para entonces juez de paz expidi\u00f3 el 19 de octubre de 2015 una constancia en la que hac\u00eda saber que el dinero lo hab\u00eda recibido el acreedor de parte de los esposos, lo cual no fue cierto, y que firm\u00f3 en presencia de la abogada y sus clientes sin que estuviera \u00e9l presente.<\/p>\n<p>Ninguno de los dos acept\u00f3 responsabilidad alguna.<\/p>\n<p>&nbsp;<\/p>\n<p>PAAM\/FAGH\/EIS\/DST<\/p>\n<p>&nbsp;<\/p>\n<p><strong>La Fiscal\u00eda habla con resultados.<\/strong><\/p>\n<p>&nbsp;<\/p>\n<div class=\"td-post-content tagdiv-type\">\n<div class=\"td-post-content tagdiv-type\">\n<div class=\"td-post-content tagdiv-type\">\n<div class=\"td-post-content tagdiv-type\">\n<div class=\"td-post-content tagdiv-type\">\n<div class=\"td-post-content tagdiv-type\">\n<div class=\"td-post-content tagdiv-type\">\n<div class=\"td-post-content tagdiv-type\">\n<p><em>La informaci\u00f3n contenida en este bolet\u00edn de prensa corresponde a la narraci\u00f3n de los hechos noticiosos objetivos, suministrados por los funcionarios encargados de adelantar las investigaciones penales al interior de la Fiscal\u00eda General de la Naci\u00f3n. Para el momento de la divulgaci\u00f3n de este comunicado, la situaci\u00f3n jur\u00eddica de la(s) persona(s) relacionada(s) se encuentra pendiente de resolver por la autoridad judicial competente, siempre bajo los preceptos de la presunci\u00f3n de inocencia, consagrados en el art\u00edculo 29 de la Constituci\u00f3n Pol\u00edtica y el art\u00edculo 7\u00ba de la Ley 906 de 2004.\u00a0<\/em><\/p>\n<\/div>\n<\/div>\n<\/div>\n<\/div>\n<\/div>\n<\/div>\n<\/div>\n<\/div>\n<footer>\n<div class=\"td-post-source-tags\"><\/div>\n<div class=\"td-post-sharing-bottom\"><\/div>\n<\/footer>\n\n<div class=\"twitter-share\"><a href=\"https:\/\/twitter.com\/intent\/tweet?via=fiscaliacol\" class=\"twitter-share-button\">Tweet<\/a><\/div>\n","protected":false},"excerpt":{"rendered":"<p>La mujer es se\u00f1alada de haber enga\u00f1ado a 12 personas. Un juez de paz tambi\u00e9n habr\u00eda participado en uno de los eventos por los cuales fue judicializada la mujer. \u00a0Por los delitos de estafa y falsedad material en documento p\u00fablico, ambos agravados, la Fiscal\u00eda imput\u00f3 cargos y logr\u00f3 medida de aseguramiento en centro carcelario contra [&hellip;]<\/p>\n","protected":false},"author":175,"featured_media":0,"comment_status":"closed","ping_status":"open","sticky":false,"template":"","format":"standard","meta":{"_price":"","_stock":"","_tribe_ticket_header":"","_tribe_default_ticket_provider":"","_tribe_ticket_capacity":"0","_ticket_start_date":"","_ticket_end_date":"","_tribe_ticket_show_description":"","_tribe_ticket_show_not_going":false,"_tribe_ticket_use_global_stock":"","_tribe_ticket_global_stock_level":"","_global_stock_mode":"","_global_stock_cap":"","_tribe_rsvp_for_event":"","_tribe_ticket_going_count":"","_tribe_ticket_not_going_count":"","_tribe_tickets_list":"[]","_tribe_ticket_has_attendee_info_fields":false,"tdm_status":"","tdm_grid_status":"","footnotes":""},"categories":[1,329,24099],"tags":[13739,45,24347,7393,1570,24189,24526,1047,23838,32828,5864,24211,32826,32827,12189,30899],"class_list":{"0":"post-256930","1":"post","2":"type-post","3":"status-publish","4":"format-standard","6":"category-noticias","7":"category-seccional-ibague","8":"category-seguridad-territorial","9":"tag-abogada","10":"tag-cti","11":"tag-engano","12":"tag-estafa-agravada","13":"tag-falsedad-material","14":"tag-fiscal-francisco-barbosa-delgado","15":"tag-fiscal-general-francisco-barbosa-delgado","16":"tag-fiscalia-general-de-la-nacion","17":"tag-ibague","18":"tag-juez-de-paz","19":"tag-juzgado","20":"tag-seccional-tolima","21":"tag-secuestre","22":"tag-simulacion-de-autoridad","23":"tag-tolima","24":"tag-unidad-de-estafas"},"yoast_head":"<!-- This site is optimized with the Yoast SEO plugin v24.3 - https:\/\/yoast.com\/wordpress\/plugins\/seo\/ -->\n<title>Fiscal\u00eda General de la Naci\u00f3n<\/title>\n<meta name=\"description\" content=\"P\u00e1gina oficial de la Fiscal\u00eda General de la Naci\u00f3n \u2013 Colombia. Garantizamos el acceso efectivo a la justicia, la verdad y la reparaci\u00f3n de las v\u00edctimas de los delitos.\" \/>\n<meta name=\"robots\" content=\"noindex, follow\" \/>\n<meta property=\"og:locale\" content=\"es_ES\" \/>\n<meta property=\"og:type\" content=\"article\" \/>\n<meta property=\"og:title\" content=\"Fiscal\u00eda General de la Naci\u00f3n\" \/>\n<meta property=\"og:description\" content=\"P\u00e1gina oficial de la Fiscal\u00eda General de la Naci\u00f3n \u2013 Colombia. Garantizamos el acceso efectivo a la justicia, la verdad y la reparaci\u00f3n de las v\u00edctimas de los delitos.\" \/>\n<meta property=\"og:url\" content=\"https:\/\/www.fiscalia.gov.co\/colombia\/noticias\/carcel-para-abogada-por-presunta-estafa-con-falsos-tramites-judiciales\/\" \/>\n<meta property=\"og:site_name\" content=\"Fiscal\u00eda General de la Naci\u00f3n\" \/>\n<meta property=\"article:publisher\" content=\"https:\/\/www.facebook.com\/FiscaliaCol\" \/>\n<meta property=\"article:published_time\" content=\"2022-09-13T21:43:21+00:00\" \/>\n<meta property=\"og:image\" content=\"https:\/\/www.fiscalia.gov.co\/colombia\/wp-content\/uploads\/Clara-Isabel-Ortiz-Caicedo-abogada-suspendida-estafa-ibague.jpeg\" \/>\n<meta name=\"author\" content=\"Katherine Loaiza Mart\u00ednez\" \/>\n<meta name=\"twitter:card\" content=\"summary_large_image\" \/>\n<meta name=\"twitter:creator\" content=\"@FiscaliaCol\" \/>\n<meta name=\"twitter:site\" content=\"@FiscaliaCol\" \/>\n<meta name=\"twitter:label1\" content=\"Escrito por\" \/>\n\t<meta name=\"twitter:data1\" content=\"Katherine Loaiza Mart\u00ednez\" \/>\n\t<meta name=\"twitter:label2\" content=\"Tiempo de lectura\" \/>\n\t<meta name=\"twitter:data2\" content=\"3 minutos\" \/>\n<script type=\"application\/ld+json\" class=\"yoast-schema-graph\">{\"@context\":\"https:\/\/schema.org\",\"@graph\":[{\"@type\":\"Article\",\"@id\":\"https:\/\/www.fiscalia.gov.co\/colombia\/noticias\/carcel-para-abogada-por-presunta-estafa-con-falsos-tramites-judiciales\/#article\",\"isPartOf\":{\"@id\":\"https:\/\/www.fiscalia.gov.co\/colombia\/noticias\/carcel-para-abogada-por-presunta-estafa-con-falsos-tramites-judiciales\/\"},\"author\":{\"name\":\"Katherine Loaiza Mart\u00ednez\",\"@id\":\"https:\/\/www.fiscalia.gov.co\/colombia\/#\/schema\/person\/2e76b9aba5ecf875ed565ce4de0e0415\"},\"headline\":\"C\u00e1rcel para abogada por presunta estafa con falsos tr\u00e1mites judiciales\",\"datePublished\":\"2022-09-13T21:43:21+00:00\",\"dateModified\":\"2022-09-13T21:43:21+00:00\",\"mainEntityOfPage\":{\"@id\":\"https:\/\/www.fiscalia.gov.co\/colombia\/noticias\/carcel-para-abogada-por-presunta-estafa-con-falsos-tramites-judiciales\/\"},\"wordCount\":698,\"publisher\":{\"@id\":\"https:\/\/www.fiscalia.gov.co\/colombia\/#organization\"},\"image\":{\"@id\":\"https:\/\/www.fiscalia.gov.co\/colombia\/noticias\/carcel-para-abogada-por-presunta-estafa-con-falsos-tramites-judiciales\/#primaryimage\"},\"thumbnailUrl\":\"https:\/\/www.fiscalia.gov.co\/colombia\/wp-content\/uploads\/Clara-Isabel-Ortiz-Caicedo-abogada-suspendida-estafa-ibague.jpeg\",\"keywords\":[\"Abogada\",\"CTI\",\"enga\u00f1o\",\"Estafa agravada\",\"Falsedad material\",\"Fiscal Francisco Barbosa Delgado\",\"Fiscal General Francisco Barbosa Delgado\",\"Fiscal\u00eda General de la Naci\u00f3n\",\"Ibagu\u00e9\",\"juez de paz\",\"Juzgado\",\"Seccional Tolima\",\"secuestre\",\"simulaci\u00f3n de autoridad\",\"Tolima\",\"unidad de estafas.\"],\"articleSection\":[\"Noticias\",\"Seccional Ibagu\u00e9\",\"Seguridad territorial\"],\"inLanguage\":\"es-CO\"},{\"@type\":\"WebPage\",\"@id\":\"https:\/\/www.fiscalia.gov.co\/colombia\/noticias\/carcel-para-abogada-por-presunta-estafa-con-falsos-tramites-judiciales\/\",\"url\":\"https:\/\/www.fiscalia.gov.co\/colombia\/noticias\/carcel-para-abogada-por-presunta-estafa-con-falsos-tramites-judiciales\/\",\"name\":\"Fiscal\u00eda General de la Naci\u00f3n\",\"isPartOf\":{\"@id\":\"https:\/\/www.fiscalia.gov.co\/colombia\/#website\"},\"primaryImageOfPage\":{\"@id\":\"https:\/\/www.fiscalia.gov.co\/colombia\/noticias\/carcel-para-abogada-por-presunta-estafa-con-falsos-tramites-judiciales\/#primaryimage\"},\"image\":{\"@id\":\"https:\/\/www.fiscalia.gov.co\/colombia\/noticias\/carcel-para-abogada-por-presunta-estafa-con-falsos-tramites-judiciales\/#primaryimage\"},\"thumbnailUrl\":\"https:\/\/www.fiscalia.gov.co\/colombia\/wp-content\/uploads\/Clara-Isabel-Ortiz-Caicedo-abogada-suspendida-estafa-ibague.jpeg\",\"datePublished\":\"2022-09-13T21:43:21+00:00\",\"dateModified\":\"2022-09-13T21:43:21+00:00\",\"description\":\"P\u00e1gina oficial de la Fiscal\u00eda General de la Naci\u00f3n \u2013 Colombia. Garantizamos el acceso efectivo a la justicia, la verdad y la reparaci\u00f3n de las v\u00edctimas de los delitos.\",\"breadcrumb\":{\"@id\":\"https:\/\/www.fiscalia.gov.co\/colombia\/noticias\/carcel-para-abogada-por-presunta-estafa-con-falsos-tramites-judiciales\/#breadcrumb\"},\"inLanguage\":\"es-CO\",\"potentialAction\":[{\"@type\":\"ReadAction\",\"target\":[\"https:\/\/www.fiscalia.gov.co\/colombia\/noticias\/carcel-para-abogada-por-presunta-estafa-con-falsos-tramites-judiciales\/\"]}]},{\"@type\":\"ImageObject\",\"inLanguage\":\"es-CO\",\"@id\":\"https:\/\/www.fiscalia.gov.co\/colombia\/noticias\/carcel-para-abogada-por-presunta-estafa-con-falsos-tramites-judiciales\/#primaryimage\",\"url\":\"https:\/\/www.fiscalia.gov.co\/colombia\/wp-content\/uploads\/Clara-Isabel-Ortiz-Caicedo-abogada-suspendida-estafa-ibague.jpeg\",\"contentUrl\":\"https:\/\/www.fiscalia.gov.co\/colombia\/wp-content\/uploads\/Clara-Isabel-Ortiz-Caicedo-abogada-suspendida-estafa-ibague.jpeg\",\"width\":1152,\"height\":864,\"caption\":\"Clara Isabel Ortiz Caicedo fue imputada por su presunta participaci\u00f3n en 31 falsedades y ocho estafas agravadas a 12 v\u00edctimas de Ibagu\u00e9, Tolima.\"},{\"@type\":\"BreadcrumbList\",\"@id\":\"https:\/\/www.fiscalia.gov.co\/colombia\/noticias\/carcel-para-abogada-por-presunta-estafa-con-falsos-tramites-judiciales\/#breadcrumb\",\"itemListElement\":[{\"@type\":\"ListItem\",\"position\":1,\"name\":\"Home\",\"item\":\"https:\/\/www.fiscalia.gov.co\/colombia\/\"},{\"@type\":\"ListItem\",\"position\":2,\"name\":\"C\u00e1rcel para abogada por presunta estafa con falsos tr\u00e1mites judiciales\"}]},{\"@type\":\"WebSite\",\"@id\":\"https:\/\/www.fiscalia.gov.co\/colombia\/#website\",\"url\":\"https:\/\/www.fiscalia.gov.co\/colombia\/\",\"name\":\"Fiscal\u00eda General de la Naci\u00f3n\",\"description\":\"P\u00e1gina oficial de la Fiscal\u00eda General de la Naci\u00f3n \u2013 Colombia. Garantizamos el acceso efectivo a la justicia, la verdad y la reparaci\u00f3n de las v\u00edctimas de los delitos.\",\"publisher\":{\"@id\":\"https:\/\/www.fiscalia.gov.co\/colombia\/#organization\"},\"potentialAction\":[{\"@type\":\"SearchAction\",\"target\":{\"@type\":\"EntryPoint\",\"urlTemplate\":\"https:\/\/www.fiscalia.gov.co\/colombia\/?s={search_term_string}\"},\"query-input\":{\"@type\":\"PropertyValueSpecification\",\"valueRequired\":true,\"valueName\":\"search_term_string\"}}],\"inLanguage\":\"es-CO\"},{\"@type\":\"Organization\",\"@id\":\"https:\/\/www.fiscalia.gov.co\/colombia\/#organization\",\"name\":\"Fiscal\u00eda General de la Naci\u00f3n\",\"url\":\"https:\/\/www.fiscalia.gov.co\/colombia\/\",\"logo\":{\"@type\":\"ImageObject\",\"inLanguage\":\"es-CO\",\"@id\":\"https:\/\/www.fiscalia.gov.co\/colombia\/#\/schema\/logo\/image\/\",\"url\":\"https:\/\/www.fiscalia.gov.co\/colombia\/wp-content\/uploads\/LogoHorizontal_1.jpg\",\"contentUrl\":\"https:\/\/www.fiscalia.gov.co\/colombia\/wp-content\/uploads\/LogoHorizontal_1.jpg\",\"width\":300,\"height\":90,\"caption\":\"Fiscal\u00eda General de la Naci\u00f3n\"},\"image\":{\"@id\":\"https:\/\/www.fiscalia.gov.co\/colombia\/#\/schema\/logo\/image\/\"},\"sameAs\":[\"https:\/\/www.facebook.com\/FiscaliaCol\",\"https:\/\/x.com\/FiscaliaCol\",\"https:\/\/www.instagram.com\/fiscaliacol\",\"https:\/\/www.linkedin.com\/company\/fiscalia-general-de-la-naci-n\/\",\"https:\/\/youtube.com\/@fiscaliageneraldelanacion-4668?si=6nN79nyQICPU5iTh\"]},{\"@type\":\"Person\",\"@id\":\"https:\/\/www.fiscalia.gov.co\/colombia\/#\/schema\/person\/2e76b9aba5ecf875ed565ce4de0e0415\",\"name\":\"Katherine Loaiza Mart\u00ednez\",\"image\":{\"@type\":\"ImageObject\",\"inLanguage\":\"es-CO\",\"@id\":\"https:\/\/www.fiscalia.gov.co\/colombia\/#\/schema\/person\/image\/\",\"url\":\"https:\/\/secure.gravatar.com\/avatar\/ab775a2f394c1b83b6d6f78680e57b50?s=96&d=mm&r=g\",\"contentUrl\":\"https:\/\/secure.gravatar.com\/avatar\/ab775a2f394c1b83b6d6f78680e57b50?s=96&d=mm&r=g\",\"caption\":\"Katherine Loaiza Mart\u00ednez\"},\"url\":\"https:\/\/www.fiscalia.gov.co\/colombia\/author\/kloaiza\/\"}]}<\/script>\n<!-- \/ Yoast SEO plugin. -->","yoast_head_json":{"title":"Fiscal\u00eda General de la Naci\u00f3n","description":"P\u00e1gina oficial de la Fiscal\u00eda General de la Naci\u00f3n \u2013 Colombia. Garantizamos el acceso efectivo a la justicia, la verdad y la reparaci\u00f3n de las v\u00edctimas de los delitos.","robots":{"index":"noindex","follow":"follow"},"og_locale":"es_ES","og_type":"article","og_title":"Fiscal\u00eda General de la Naci\u00f3n","og_description":"P\u00e1gina oficial de la Fiscal\u00eda General de la Naci\u00f3n \u2013 Colombia. Garantizamos el acceso efectivo a la justicia, la verdad y la reparaci\u00f3n de las v\u00edctimas de los delitos.","og_url":"https:\/\/www.fiscalia.gov.co\/colombia\/noticias\/carcel-para-abogada-por-presunta-estafa-con-falsos-tramites-judiciales\/","og_site_name":"Fiscal\u00eda General de la Naci\u00f3n","article_publisher":"https:\/\/www.facebook.com\/FiscaliaCol","article_published_time":"2022-09-13T21:43:21+00:00","og_image":[{"url":"https:\/\/www.fiscalia.gov.co\/colombia\/wp-content\/uploads\/Clara-Isabel-Ortiz-Caicedo-abogada-suspendida-estafa-ibague.jpeg","type":"","width":"","height":""}],"author":"Katherine Loaiza Mart\u00ednez","twitter_card":"summary_large_image","twitter_creator":"@FiscaliaCol","twitter_site":"@FiscaliaCol","twitter_misc":{"Escrito por":"Katherine Loaiza Mart\u00ednez","Tiempo de lectura":"3 minutos"},"schema":{"@context":"https:\/\/schema.org","@graph":[{"@type":"Article","@id":"https:\/\/www.fiscalia.gov.co\/colombia\/noticias\/carcel-para-abogada-por-presunta-estafa-con-falsos-tramites-judiciales\/#article","isPartOf":{"@id":"https:\/\/www.fiscalia.gov.co\/colombia\/noticias\/carcel-para-abogada-por-presunta-estafa-con-falsos-tramites-judiciales\/"},"author":{"name":"Katherine Loaiza Mart\u00ednez","@id":"https:\/\/www.fiscalia.gov.co\/colombia\/#\/schema\/person\/2e76b9aba5ecf875ed565ce4de0e0415"},"headline":"C\u00e1rcel para abogada por presunta estafa con falsos tr\u00e1mites judiciales","datePublished":"2022-09-13T21:43:21+00:00","dateModified":"2022-09-13T21:43:21+00:00","mainEntityOfPage":{"@id":"https:\/\/www.fiscalia.gov.co\/colombia\/noticias\/carcel-para-abogada-por-presunta-estafa-con-falsos-tramites-judiciales\/"},"wordCount":698,"publisher":{"@id":"https:\/\/www.fiscalia.gov.co\/colombia\/#organization"},"image":{"@id":"https:\/\/www.fiscalia.gov.co\/colombia\/noticias\/carcel-para-abogada-por-presunta-estafa-con-falsos-tramites-judiciales\/#primaryimage"},"thumbnailUrl":"https:\/\/www.fiscalia.gov.co\/colombia\/wp-content\/uploads\/Clara-Isabel-Ortiz-Caicedo-abogada-suspendida-estafa-ibague.jpeg","keywords":["Abogada","CTI","enga\u00f1o","Estafa agravada","Falsedad material","Fiscal Francisco Barbosa Delgado","Fiscal General Francisco Barbosa Delgado","Fiscal\u00eda General de la Naci\u00f3n","Ibagu\u00e9","juez de paz","Juzgado","Seccional Tolima","secuestre","simulaci\u00f3n de autoridad","Tolima","unidad de estafas."],"articleSection":["Noticias","Seccional Ibagu\u00e9","Seguridad territorial"],"inLanguage":"es-CO"},{"@type":"WebPage","@id":"https:\/\/www.fiscalia.gov.co\/colombia\/noticias\/carcel-para-abogada-por-presunta-estafa-con-falsos-tramites-judiciales\/","url":"https:\/\/www.fiscalia.gov.co\/colombia\/noticias\/carcel-para-abogada-por-presunta-estafa-con-falsos-tramites-judiciales\/","name":"Fiscal\u00eda General de la Naci\u00f3n","isPartOf":{"@id":"https:\/\/www.fiscalia.gov.co\/colombia\/#website"},"primaryImageOfPage":{"@id":"https:\/\/www.fiscalia.gov.co\/colombia\/noticias\/carcel-para-abogada-por-presunta-estafa-con-falsos-tramites-judiciales\/#primaryimage"},"image":{"@id":"https:\/\/www.fiscalia.gov.co\/colombia\/noticias\/carcel-para-abogada-por-presunta-estafa-con-falsos-tramites-judiciales\/#primaryimage"},"thumbnailUrl":"https:\/\/www.fiscalia.gov.co\/colombia\/wp-content\/uploads\/Clara-Isabel-Ortiz-Caicedo-abogada-suspendida-estafa-ibague.jpeg","datePublished":"2022-09-13T21:43:21+00:00","dateModified":"2022-09-13T21:43:21+00:00","description":"P\u00e1gina oficial de la Fiscal\u00eda General de la Naci\u00f3n \u2013 Colombia. Garantizamos el acceso efectivo a la justicia, la verdad y la reparaci\u00f3n de las v\u00edctimas de los delitos.","breadcrumb":{"@id":"https:\/\/www.fiscalia.gov.co\/colombia\/noticias\/carcel-para-abogada-por-presunta-estafa-con-falsos-tramites-judiciales\/#breadcrumb"},"inLanguage":"es-CO","potentialAction":[{"@type":"ReadAction","target":["https:\/\/www.fiscalia.gov.co\/colombia\/noticias\/carcel-para-abogada-por-presunta-estafa-con-falsos-tramites-judiciales\/"]}]},{"@type":"ImageObject","inLanguage":"es-CO","@id":"https:\/\/www.fiscalia.gov.co\/colombia\/noticias\/carcel-para-abogada-por-presunta-estafa-con-falsos-tramites-judiciales\/#primaryimage","url":"https:\/\/www.fiscalia.gov.co\/colombia\/wp-content\/uploads\/Clara-Isabel-Ortiz-Caicedo-abogada-suspendida-estafa-ibague.jpeg","contentUrl":"https:\/\/www.fiscalia.gov.co\/colombia\/wp-content\/uploads\/Clara-Isabel-Ortiz-Caicedo-abogada-suspendida-estafa-ibague.jpeg","width":1152,"height":864,"caption":"Clara Isabel Ortiz Caicedo fue imputada por su presunta participaci\u00f3n en 31 falsedades y ocho estafas agravadas a 12 v\u00edctimas de Ibagu\u00e9, Tolima."},{"@type":"BreadcrumbList","@id":"https:\/\/www.fiscalia.gov.co\/colombia\/noticias\/carcel-para-abogada-por-presunta-estafa-con-falsos-tramites-judiciales\/#breadcrumb","itemListElement":[{"@type":"ListItem","position":1,"name":"Home","item":"https:\/\/www.fiscalia.gov.co\/colombia\/"},{"@type":"ListItem","position":2,"name":"C\u00e1rcel para abogada por presunta estafa con falsos tr\u00e1mites judiciales"}]},{"@type":"WebSite","@id":"https:\/\/www.fiscalia.gov.co\/colombia\/#website","url":"https:\/\/www.fiscalia.gov.co\/colombia\/","name":"Fiscal\u00eda General de la Naci\u00f3n","description":"P\u00e1gina oficial de la Fiscal\u00eda General de la Naci\u00f3n \u2013 Colombia. Garantizamos el acceso efectivo a la justicia, la verdad y la reparaci\u00f3n de las v\u00edctimas de los delitos.","publisher":{"@id":"https:\/\/www.fiscalia.gov.co\/colombia\/#organization"},"potentialAction":[{"@type":"SearchAction","target":{"@type":"EntryPoint","urlTemplate":"https:\/\/www.fiscalia.gov.co\/colombia\/?s={search_term_string}"},"query-input":{"@type":"PropertyValueSpecification","valueRequired":true,"valueName":"search_term_string"}}],"inLanguage":"es-CO"},{"@type":"Organization","@id":"https:\/\/www.fiscalia.gov.co\/colombia\/#organization","name":"Fiscal\u00eda General de la Naci\u00f3n","url":"https:\/\/www.fiscalia.gov.co\/colombia\/","logo":{"@type":"ImageObject","inLanguage":"es-CO","@id":"https:\/\/www.fiscalia.gov.co\/colombia\/#\/schema\/logo\/image\/","url":"https:\/\/www.fiscalia.gov.co\/colombia\/wp-content\/uploads\/LogoHorizontal_1.jpg","contentUrl":"https:\/\/www.fiscalia.gov.co\/colombia\/wp-content\/uploads\/LogoHorizontal_1.jpg","width":300,"height":90,"caption":"Fiscal\u00eda General de la Naci\u00f3n"},"image":{"@id":"https:\/\/www.fiscalia.gov.co\/colombia\/#\/schema\/logo\/image\/"},"sameAs":["https:\/\/www.facebook.com\/FiscaliaCol","https:\/\/x.com\/FiscaliaCol","https:\/\/www.instagram.com\/fiscaliacol","https:\/\/www.linkedin.com\/company\/fiscalia-general-de-la-naci-n\/","https:\/\/youtube.com\/@fiscaliageneraldelanacion-4668?si=6nN79nyQICPU5iTh"]},{"@type":"Person","@id":"https:\/\/www.fiscalia.gov.co\/colombia\/#\/schema\/person\/2e76b9aba5ecf875ed565ce4de0e0415","name":"Katherine Loaiza Mart\u00ednez","image":{"@type":"ImageObject","inLanguage":"es-CO","@id":"https:\/\/www.fiscalia.gov.co\/colombia\/#\/schema\/person\/image\/","url":"https:\/\/secure.gravatar.com\/avatar\/ab775a2f394c1b83b6d6f78680e57b50?s=96&d=mm&r=g","contentUrl":"https:\/\/secure.gravatar.com\/avatar\/ab775a2f394c1b83b6d6f78680e57b50?s=96&d=mm&r=g","caption":"Katherine Loaiza Mart\u00ednez"},"url":"https:\/\/www.fiscalia.gov.co\/colombia\/author\/kloaiza\/"}]}},"_links":{"self":[{"href":"https:\/\/www.fiscalia.gov.co\/colombia\/wp-json\/wp\/v2\/posts\/256930","targetHints":{"allow":["GET"]}}],"collection":[{"href":"https:\/\/www.fiscalia.gov.co\/colombia\/wp-json\/wp\/v2\/posts"}],"about":[{"href":"https:\/\/www.fiscalia.gov.co\/colombia\/wp-json\/wp\/v2\/types\/post"}],"author":[{"embeddable":true,"href":"https:\/\/www.fiscalia.gov.co\/colombia\/wp-json\/wp\/v2\/users\/175"}],"replies":[{"embeddable":true,"href":"https:\/\/www.fiscalia.gov.co\/colombia\/wp-json\/wp\/v2\/comments?post=256930"}],"version-history":[{"count":1,"href":"https:\/\/www.fiscalia.gov.co\/colombia\/wp-json\/wp\/v2\/posts\/256930\/revisions"}],"predecessor-version":[{"id":256932,"href":"https:\/\/www.fiscalia.gov.co\/colombia\/wp-json\/wp\/v2\/posts\/256930\/revisions\/256932"}],"wp:attachment":[{"href":"https:\/\/www.fiscalia.gov.co\/colombia\/wp-json\/wp\/v2\/media?parent=256930"}],"wp:term":[{"taxonomy":"category","embeddable":true,"href":"https:\/\/www.fiscalia.gov.co\/colombia\/wp-json\/wp\/v2\/categories?post=256930"},{"taxonomy":"post_tag","embeddable":true,"href":"https:\/\/www.fiscalia.gov.co\/colombia\/wp-json\/wp\/v2\/tags?post=256930"}],"curies":[{"name":"wp","href":"https:\/\/api.w.org\/{rel}","templated":true}]}}