{"id":256314,"date":"2022-09-06T09:17:12","date_gmt":"2022-09-06T14:17:12","guid":{"rendered":"https:\/\/www.fiscalia.gov.co\/colombia\/?p=256314"},"modified":"2022-09-06T09:17:12","modified_gmt":"2022-09-06T14:17:12","slug":"fiscalia-logro-que-un-juez-de-antioquia-fallara-en-favor-del-estado-una-accion-de-extincion-sobre-bienes-de-familiares-y-personas-cercanas-a-alias-otoniel","status":"publish","type":"post","link":"https:\/\/www.fiscalia.gov.co\/colombia\/noticias\/fiscalia-logro-que-un-juez-de-antioquia-fallara-en-favor-del-estado-una-accion-de-extincion-sobre-bienes-de-familiares-y-personas-cercanas-a-alias-otoniel\/","title":{"rendered":"Fiscal\u00eda logr\u00f3 que un juez de Antioquia fallara en favor del Estado una acci\u00f3n de extinci\u00f3n sobre bienes de familiares y personas cercanas a alias Otoniel"},"content":{"rendered":"<h4><strong><em>El valor de los predios ocupados por la Fiscal\u00eda se acerca a los 80.000 millones de pesos y aparecen a nombre de personas que prestaron sus nombres para dar apariencia de legalidad a los mismos.<\/em><\/strong><\/h4>\n<p>La contundencia del material probatorio presentado por un fiscal de la Direcci\u00f3n Especializada de Extinci\u00f3n del Derecho de Dominio, permiti\u00f3 que un juez declarara la extinci\u00f3n de dominio sobre 48 bienes; entre muebles, inmuebles y cuentas bancarias; de propiedad de Juan de Dios \u00dasuga Orrego, padre de Dairo Antonio \u00dasuga David, alias Otoniel; y varios miembros de su familia y personas cercanas.<\/p>\n<p>Los activos extinguidos a favor del Estado, cuyo valor se acerca a los 80.000 millones de pesos, aparecen a nombre de Ana Celsa David de \u00dasuga, Ana Dilma \u00dasuga David, Yira \u00dasuga \u00dasuga, Ana Mar\u00eda G\u00f3mez David, Carmen Cardelia Castellanos Coava, Didier Geovanny Grisales Sarmiento, Juan de Dios \u00dasuga Orrego, Joaqu\u00edn Orlando G\u00f3mez Durango, Guillermo de Jes\u00fas Granada Arcila, Lody Amparo David S\u00e1nchez, Juli\u00e1n Enrique Uribe Villamizar y Sebasti\u00e1n Mauricio Uribe Villamizar.<\/p>\n<p>La Fiscal\u00eda demostr\u00f3 que los bienes hab\u00edan sido adquiridos con dinero producto de las acciones ilegales desarrolladas por el Clan del Golfo y que sus propietarios prestaron sus nombres para dar apariencia de legalidad a los mismos.<\/p>\n<p><strong>El proceso penal<\/strong><\/p>\n<p>Las acciones de extinci\u00f3n se originaron luego de adelantarse un proceso penal en contra de Nini Johana \u00dasuga David, alias La Negra; Rafael Uribe Nieto, Walter de Jes\u00fas Castrill\u00f3n Jaramillo y Medardo Pe\u00f1a Bautista, quienes fueron capturados por la Polic\u00eda Nacional.<\/p>\n<p>Al momento de su detenci\u00f3n a estas personas les fueron incautados 8.000 millones de pesos en efectivo que fueron encontrados en caletas descubiertas en fincas y apartamentos de Medell\u00edn. Dicha suma, al parecer, pertenec\u00eda al Clan del Golfo comandado por Dairo Antonio \u00dasuga David, alias Otoniel.<\/p>\n<p>En desarrollo de estas acciones tambi\u00e9n fueron vinculados James David Hern\u00e1ndez, Rafael Uribe Nieto, Joaqu\u00edn Orlando G\u00f3mez Durango y Harlinson \u00dasuga \u00dasuga; supuestos integrantes de organizaci\u00f3n criminal.<\/p>\n<p>La Fiscal\u00eda les imput\u00f3 los delitos de concierto para delinquir agravado, lavado de activos; fabricaci\u00f3n, tr\u00e1fico y porte de armas de fuego y municiones; y enriquecimiento il\u00edcito de particulares, entre otros.<\/p>\n<p>Como consecuencia de esta acci\u00f3n penal, un fiscal de extinci\u00f3n de dominio realiz\u00f3 un rastreo de bienes muebles e inmuebles que pertenecen a los miembros de la familia \u00dasuga David, al igual que terceros quienes incrementaron sus patrimonios producto de las actividades il\u00edcitas realizadas por el Clan del Golfo.<\/p>\n<p>Contra esta decisi\u00f3n proceden el recurso de apelaci\u00f3n.<\/p>\n<p>Otras sentencias de extinci\u00f3n de dominio.<\/p>\n<ul>\n<li>El 14 de febrero de 2017 un juez especializado de Antioquia, por sentencia judicial, decret\u00f3 la extinci\u00f3n del derecho de dominio sobre 16 bienes de Nini Jhoana \u00dasuga David, Rafael Uribe Nieto, Walter de Jes\u00fas Castrill\u00f3n y Medardo Pe\u00f1a Bautista. Se trat\u00f3 de 13 inmuebles, 2 automotores y 1 cuenta de<\/li>\n<li>En otra sentencia emitida por el juzgado primero de Antioquia el 31 de agosto de 2022 se decret\u00f3 la extinci\u00f3n de dominio sobre 47 bienes que hac\u00edan parte del patrimonio familiar de este mismo n\u00facleo familiar. Se trat\u00f3 de 33 inmuebles, 6 automotores y 8 cuenta de<\/li>\n<\/ul>\n<p><strong>La Fiscal\u00eda habla con resultados.<\/strong><\/p>\n<p>&nbsp;<\/p>\n<p>&nbsp;<\/p>\n<p>&nbsp;<\/p>\n<p>&nbsp;<\/p>\n<p>MAGA\/AG\/LPDS\/DEEDD\/MRC<\/p>\n<p>&nbsp;<\/p>\n<p>&nbsp;<\/p>\n<p>&nbsp;<\/p>\n<p>&nbsp;<\/p>\n<div class=\"td-post-content tagdiv-type\">\n<div class=\"td-post-content tagdiv-type\">\n<p><em><span lang=\"ES\">La informaci\u00f3n contenida en este bolet\u00edn de prensa corresponde a la narraci\u00f3n de los hechos noticiosos objetivos, suministrados por los funcionarios encargados de adelantar las investigaciones penales al interior de la Fiscal\u00eda General de la Naci\u00f3n. Para el momento de la divulgaci\u00f3n de este comunicado, la situaci\u00f3n jur\u00eddica de la(s) persona(s) relacionada(s) se encuentra pendiente de resolver por la autoridad judicial competente, siempre bajo los preceptos de la presunci\u00f3n de inocencia, consagrados en el art\u00edculo 29 de la Constituci\u00f3n Pol\u00edtica y el art\u00edculo 7\u00ba de la Ley 906 de 2004.<\/span><\/em><\/p>\n<\/div>\n<\/div>\n<p>&nbsp;<\/p>\n\n<div class=\"twitter-share\"><a href=\"https:\/\/twitter.com\/intent\/tweet?via=fiscaliacol\" class=\"twitter-share-button\">Tweet<\/a><\/div>\n","protected":false},"excerpt":{"rendered":"<p>El valor de los predios ocupados por la Fiscal\u00eda se acerca a los 80.000 millones de pesos y aparecen a nombre de personas que prestaron sus nombres para dar apariencia [&hellip;]<\/p>\n","protected":false},"author":177,"featured_media":0,"comment_status":"closed","ping_status":"open","sticky":false,"template":"","format":"standard","meta":{"tdm_status":"","tdm_grid_status":"","footnotes":""},"categories":[24116,1],"tags":[23821,1441,24185,1047],"class_list":["post-256314","post","type-post","status-publish","format-standard","category-extincion-de-dominio","category-noticias","tag-bogota","tag-extincion-de-dominio","tag-fiscal-barbosa","tag-fiscalia-general-de-la-nacion"],"yoast_head":"<!-- This site is optimized with the Yoast SEO plugin v24.3 - https:\/\/yoast.com\/wordpress\/plugins\/seo\/ -->\n<title>Fiscal\u00eda General de la Naci\u00f3n<\/title>\n<meta name=\"description\" content=\"P\u00e1gina oficial de la Fiscal\u00eda General de la Naci\u00f3n \u2013 Colombia. Garantizamos el acceso efectivo a la justicia, la verdad y la reparaci\u00f3n de las v\u00edctimas de los delitos.\" \/>\n<meta name=\"robots\" content=\"noindex, follow\" \/>\n<meta property=\"og:locale\" content=\"es_ES\" \/>\n<meta property=\"og:type\" content=\"article\" \/>\n<meta property=\"og:title\" content=\"Fiscal\u00eda General de la Naci\u00f3n\" \/>\n<meta property=\"og:description\" content=\"P\u00e1gina oficial de la Fiscal\u00eda General de la Naci\u00f3n \u2013 Colombia. Garantizamos el acceso efectivo a la justicia, la verdad y la reparaci\u00f3n de las v\u00edctimas de los delitos.\" \/>\n<meta property=\"og:url\" content=\"https:\/\/www.fiscalia.gov.co\/colombia\/noticias\/fiscalia-logro-que-un-juez-de-antioquia-fallara-en-favor-del-estado-una-accion-de-extincion-sobre-bienes-de-familiares-y-personas-cercanas-a-alias-otoniel\/\" \/>\n<meta property=\"og:site_name\" content=\"Fiscal\u00eda General de la Naci\u00f3n\" \/>\n<meta property=\"article:publisher\" content=\"https:\/\/www.facebook.com\/FiscaliaCol\" \/>\n<meta property=\"article:published_time\" content=\"2022-09-06T14:17:12+00:00\" \/>\n<meta name=\"author\" content=\"Jordan Leandro Oviedo Anzola\" \/>\n<meta name=\"twitter:card\" content=\"summary_large_image\" \/>\n<meta name=\"twitter:creator\" content=\"@FiscaliaCol\" \/>\n<meta name=\"twitter:site\" content=\"@FiscaliaCol\" \/>\n<meta name=\"twitter:label1\" content=\"Escrito por\" \/>\n\t<meta name=\"twitter:data1\" content=\"Jordan Leandro Oviedo Anzola\" \/>\n\t<meta name=\"twitter:label2\" content=\"Tiempo de lectura\" \/>\n\t<meta name=\"twitter:data2\" content=\"3 minutos\" \/>\n<script type=\"application\/ld+json\" class=\"yoast-schema-graph\">{\"@context\":\"https:\/\/schema.org\",\"@graph\":[{\"@type\":\"Article\",\"@id\":\"https:\/\/www.fiscalia.gov.co\/colombia\/noticias\/fiscalia-logro-que-un-juez-de-antioquia-fallara-en-favor-del-estado-una-accion-de-extincion-sobre-bienes-de-familiares-y-personas-cercanas-a-alias-otoniel\/#article\",\"isPartOf\":{\"@id\":\"https:\/\/www.fiscalia.gov.co\/colombia\/noticias\/fiscalia-logro-que-un-juez-de-antioquia-fallara-en-favor-del-estado-una-accion-de-extincion-sobre-bienes-de-familiares-y-personas-cercanas-a-alias-otoniel\/\"},\"author\":{\"name\":\"Jordan Leandro Oviedo Anzola\",\"@id\":\"https:\/\/www.fiscalia.gov.co\/colombia\/#\/schema\/person\/bf84402cf293a5393e9c70b111020b24\"},\"headline\":\"Fiscal\u00eda logr\u00f3 que un juez de Antioquia fallara en favor del Estado una acci\u00f3n de extinci\u00f3n sobre bienes de familiares y personas cercanas a alias Otoniel\",\"datePublished\":\"2022-09-06T14:17:12+00:00\",\"dateModified\":\"2022-09-06T14:17:12+00:00\",\"mainEntityOfPage\":{\"@id\":\"https:\/\/www.fiscalia.gov.co\/colombia\/noticias\/fiscalia-logro-que-un-juez-de-antioquia-fallara-en-favor-del-estado-una-accion-de-extincion-sobre-bienes-de-familiares-y-personas-cercanas-a-alias-otoniel\/\"},\"wordCount\":694,\"publisher\":{\"@id\":\"https:\/\/www.fiscalia.gov.co\/colombia\/#organization\"},\"keywords\":[\"Bogot\u00e1\",\"Extinci\u00f3n de dominio\",\"Fiscal Barbosa\",\"Fiscal\u00eda General de la Naci\u00f3n\"],\"articleSection\":[\"Extinci\u00f3n de dominio\",\"Noticias\"],\"inLanguage\":\"es-CO\"},{\"@type\":\"WebPage\",\"@id\":\"https:\/\/www.fiscalia.gov.co\/colombia\/noticias\/fiscalia-logro-que-un-juez-de-antioquia-fallara-en-favor-del-estado-una-accion-de-extincion-sobre-bienes-de-familiares-y-personas-cercanas-a-alias-otoniel\/\",\"url\":\"https:\/\/www.fiscalia.gov.co\/colombia\/noticias\/fiscalia-logro-que-un-juez-de-antioquia-fallara-en-favor-del-estado-una-accion-de-extincion-sobre-bienes-de-familiares-y-personas-cercanas-a-alias-otoniel\/\",\"name\":\"Fiscal\u00eda General de la Naci\u00f3n\",\"isPartOf\":{\"@id\":\"https:\/\/www.fiscalia.gov.co\/colombia\/#website\"},\"datePublished\":\"2022-09-06T14:17:12+00:00\",\"dateModified\":\"2022-09-06T14:17:12+00:00\",\"description\":\"P\u00e1gina oficial de la Fiscal\u00eda General de la Naci\u00f3n \u2013 Colombia. Garantizamos el acceso efectivo a la justicia, la verdad y la reparaci\u00f3n de las v\u00edctimas de los delitos.\",\"breadcrumb\":{\"@id\":\"https:\/\/www.fiscalia.gov.co\/colombia\/noticias\/fiscalia-logro-que-un-juez-de-antioquia-fallara-en-favor-del-estado-una-accion-de-extincion-sobre-bienes-de-familiares-y-personas-cercanas-a-alias-otoniel\/#breadcrumb\"},\"inLanguage\":\"es-CO\",\"potentialAction\":[{\"@type\":\"ReadAction\",\"target\":[\"https:\/\/www.fiscalia.gov.co\/colombia\/noticias\/fiscalia-logro-que-un-juez-de-antioquia-fallara-en-favor-del-estado-una-accion-de-extincion-sobre-bienes-de-familiares-y-personas-cercanas-a-alias-otoniel\/\"]}]},{\"@type\":\"BreadcrumbList\",\"@id\":\"https:\/\/www.fiscalia.gov.co\/colombia\/noticias\/fiscalia-logro-que-un-juez-de-antioquia-fallara-en-favor-del-estado-una-accion-de-extincion-sobre-bienes-de-familiares-y-personas-cercanas-a-alias-otoniel\/#breadcrumb\",\"itemListElement\":[{\"@type\":\"ListItem\",\"position\":1,\"name\":\"Home\",\"item\":\"https:\/\/www.fiscalia.gov.co\/colombia\/\"},{\"@type\":\"ListItem\",\"position\":2,\"name\":\"Fiscal\u00eda logr\u00f3 que un juez de Antioquia fallara en favor del Estado una acci\u00f3n de extinci\u00f3n sobre bienes de familiares y personas cercanas a alias Otoniel\"}]},{\"@type\":\"WebSite\",\"@id\":\"https:\/\/www.fiscalia.gov.co\/colombia\/#website\",\"url\":\"https:\/\/www.fiscalia.gov.co\/colombia\/\",\"name\":\"Fiscal\u00eda General de la Naci\u00f3n\",\"description\":\"P\u00e1gina oficial de la Fiscal\u00eda General de la Naci\u00f3n \u2013 Colombia. Garantizamos el acceso efectivo a la justicia, la verdad y la reparaci\u00f3n de las v\u00edctimas de los delitos.\",\"publisher\":{\"@id\":\"https:\/\/www.fiscalia.gov.co\/colombia\/#organization\"},\"potentialAction\":[{\"@type\":\"SearchAction\",\"target\":{\"@type\":\"EntryPoint\",\"urlTemplate\":\"https:\/\/www.fiscalia.gov.co\/colombia\/?s={search_term_string}\"},\"query-input\":{\"@type\":\"PropertyValueSpecification\",\"valueRequired\":true,\"valueName\":\"search_term_string\"}}],\"inLanguage\":\"es-CO\"},{\"@type\":\"Organization\",\"@id\":\"https:\/\/www.fiscalia.gov.co\/colombia\/#organization\",\"name\":\"Fiscal\u00eda General de la Naci\u00f3n\",\"url\":\"https:\/\/www.fiscalia.gov.co\/colombia\/\",\"logo\":{\"@type\":\"ImageObject\",\"inLanguage\":\"es-CO\",\"@id\":\"https:\/\/www.fiscalia.gov.co\/colombia\/#\/schema\/logo\/image\/\",\"url\":\"https:\/\/www.fiscalia.gov.co\/colombia\/wp-content\/uploads\/LogoHorizontal_1.jpg\",\"contentUrl\":\"https:\/\/www.fiscalia.gov.co\/colombia\/wp-content\/uploads\/LogoHorizontal_1.jpg\",\"width\":300,\"height\":90,\"caption\":\"Fiscal\u00eda General de la Naci\u00f3n\"},\"image\":{\"@id\":\"https:\/\/www.fiscalia.gov.co\/colombia\/#\/schema\/logo\/image\/\"},\"sameAs\":[\"https:\/\/www.facebook.com\/FiscaliaCol\",\"https:\/\/x.com\/FiscaliaCol\",\"https:\/\/www.instagram.com\/fiscaliacol\",\"https:\/\/www.linkedin.com\/company\/fiscalia-general-de-la-naci-n\/\",\"https:\/\/youtube.com\/@fiscaliageneraldelanacion-4668?si=6nN79nyQICPU5iTh\"]},{\"@type\":\"Person\",\"@id\":\"https:\/\/www.fiscalia.gov.co\/colombia\/#\/schema\/person\/bf84402cf293a5393e9c70b111020b24\",\"name\":\"Jordan Leandro Oviedo Anzola\",\"image\":{\"@type\":\"ImageObject\",\"inLanguage\":\"es-CO\",\"@id\":\"https:\/\/www.fiscalia.gov.co\/colombia\/#\/schema\/person\/image\/\",\"url\":\"https:\/\/secure.gravatar.com\/avatar\/dabba4346fa9b9207d96adafa8f92721?s=96&d=mm&r=g\",\"contentUrl\":\"https:\/\/secure.gravatar.com\/avatar\/dabba4346fa9b9207d96adafa8f92721?s=96&d=mm&r=g\",\"caption\":\"Jordan Leandro Oviedo Anzola\"},\"url\":\"https:\/\/www.fiscalia.gov.co\/colombia\/author\/joviedo\/\"}]}<\/script>\n<!-- \/ Yoast SEO plugin. -->","yoast_head_json":{"title":"Fiscal\u00eda General de la Naci\u00f3n","description":"P\u00e1gina oficial de la Fiscal\u00eda General de la Naci\u00f3n \u2013 Colombia. Garantizamos el acceso efectivo a la justicia, la verdad y la reparaci\u00f3n de las v\u00edctimas de los delitos.","robots":{"index":"noindex","follow":"follow"},"og_locale":"es_ES","og_type":"article","og_title":"Fiscal\u00eda General de la Naci\u00f3n","og_description":"P\u00e1gina oficial de la Fiscal\u00eda General de la Naci\u00f3n \u2013 Colombia. Garantizamos el acceso efectivo a la justicia, la verdad y la reparaci\u00f3n de las v\u00edctimas de los delitos.","og_url":"https:\/\/www.fiscalia.gov.co\/colombia\/noticias\/fiscalia-logro-que-un-juez-de-antioquia-fallara-en-favor-del-estado-una-accion-de-extincion-sobre-bienes-de-familiares-y-personas-cercanas-a-alias-otoniel\/","og_site_name":"Fiscal\u00eda General de la Naci\u00f3n","article_publisher":"https:\/\/www.facebook.com\/FiscaliaCol","article_published_time":"2022-09-06T14:17:12+00:00","author":"Jordan Leandro Oviedo Anzola","twitter_card":"summary_large_image","twitter_creator":"@FiscaliaCol","twitter_site":"@FiscaliaCol","twitter_misc":{"Escrito por":"Jordan Leandro Oviedo Anzola","Tiempo de lectura":"3 minutos"},"schema":{"@context":"https:\/\/schema.org","@graph":[{"@type":"Article","@id":"https:\/\/www.fiscalia.gov.co\/colombia\/noticias\/fiscalia-logro-que-un-juez-de-antioquia-fallara-en-favor-del-estado-una-accion-de-extincion-sobre-bienes-de-familiares-y-personas-cercanas-a-alias-otoniel\/#article","isPartOf":{"@id":"https:\/\/www.fiscalia.gov.co\/colombia\/noticias\/fiscalia-logro-que-un-juez-de-antioquia-fallara-en-favor-del-estado-una-accion-de-extincion-sobre-bienes-de-familiares-y-personas-cercanas-a-alias-otoniel\/"},"author":{"name":"Jordan Leandro Oviedo Anzola","@id":"https:\/\/www.fiscalia.gov.co\/colombia\/#\/schema\/person\/bf84402cf293a5393e9c70b111020b24"},"headline":"Fiscal\u00eda logr\u00f3 que un juez de Antioquia fallara en favor del Estado una acci\u00f3n de extinci\u00f3n sobre bienes de familiares y personas cercanas a alias Otoniel","datePublished":"2022-09-06T14:17:12+00:00","dateModified":"2022-09-06T14:17:12+00:00","mainEntityOfPage":{"@id":"https:\/\/www.fiscalia.gov.co\/colombia\/noticias\/fiscalia-logro-que-un-juez-de-antioquia-fallara-en-favor-del-estado-una-accion-de-extincion-sobre-bienes-de-familiares-y-personas-cercanas-a-alias-otoniel\/"},"wordCount":694,"publisher":{"@id":"https:\/\/www.fiscalia.gov.co\/colombia\/#organization"},"keywords":["Bogot\u00e1","Extinci\u00f3n de dominio","Fiscal Barbosa","Fiscal\u00eda General de la Naci\u00f3n"],"articleSection":["Extinci\u00f3n de dominio","Noticias"],"inLanguage":"es-CO"},{"@type":"WebPage","@id":"https:\/\/www.fiscalia.gov.co\/colombia\/noticias\/fiscalia-logro-que-un-juez-de-antioquia-fallara-en-favor-del-estado-una-accion-de-extincion-sobre-bienes-de-familiares-y-personas-cercanas-a-alias-otoniel\/","url":"https:\/\/www.fiscalia.gov.co\/colombia\/noticias\/fiscalia-logro-que-un-juez-de-antioquia-fallara-en-favor-del-estado-una-accion-de-extincion-sobre-bienes-de-familiares-y-personas-cercanas-a-alias-otoniel\/","name":"Fiscal\u00eda General de la Naci\u00f3n","isPartOf":{"@id":"https:\/\/www.fiscalia.gov.co\/colombia\/#website"},"datePublished":"2022-09-06T14:17:12+00:00","dateModified":"2022-09-06T14:17:12+00:00","description":"P\u00e1gina oficial de la Fiscal\u00eda General de la Naci\u00f3n \u2013 Colombia. Garantizamos el acceso efectivo a la justicia, la verdad y la reparaci\u00f3n de las v\u00edctimas de los delitos.","breadcrumb":{"@id":"https:\/\/www.fiscalia.gov.co\/colombia\/noticias\/fiscalia-logro-que-un-juez-de-antioquia-fallara-en-favor-del-estado-una-accion-de-extincion-sobre-bienes-de-familiares-y-personas-cercanas-a-alias-otoniel\/#breadcrumb"},"inLanguage":"es-CO","potentialAction":[{"@type":"ReadAction","target":["https:\/\/www.fiscalia.gov.co\/colombia\/noticias\/fiscalia-logro-que-un-juez-de-antioquia-fallara-en-favor-del-estado-una-accion-de-extincion-sobre-bienes-de-familiares-y-personas-cercanas-a-alias-otoniel\/"]}]},{"@type":"BreadcrumbList","@id":"https:\/\/www.fiscalia.gov.co\/colombia\/noticias\/fiscalia-logro-que-un-juez-de-antioquia-fallara-en-favor-del-estado-una-accion-de-extincion-sobre-bienes-de-familiares-y-personas-cercanas-a-alias-otoniel\/#breadcrumb","itemListElement":[{"@type":"ListItem","position":1,"name":"Home","item":"https:\/\/www.fiscalia.gov.co\/colombia\/"},{"@type":"ListItem","position":2,"name":"Fiscal\u00eda logr\u00f3 que un juez de Antioquia fallara en favor del Estado una acci\u00f3n de extinci\u00f3n sobre bienes de familiares y personas cercanas a alias Otoniel"}]},{"@type":"WebSite","@id":"https:\/\/www.fiscalia.gov.co\/colombia\/#website","url":"https:\/\/www.fiscalia.gov.co\/colombia\/","name":"Fiscal\u00eda General de la Naci\u00f3n","description":"P\u00e1gina oficial de la Fiscal\u00eda General de la Naci\u00f3n \u2013 Colombia. Garantizamos el acceso efectivo a la justicia, la verdad y la reparaci\u00f3n de las v\u00edctimas de los delitos.","publisher":{"@id":"https:\/\/www.fiscalia.gov.co\/colombia\/#organization"},"potentialAction":[{"@type":"SearchAction","target":{"@type":"EntryPoint","urlTemplate":"https:\/\/www.fiscalia.gov.co\/colombia\/?s={search_term_string}"},"query-input":{"@type":"PropertyValueSpecification","valueRequired":true,"valueName":"search_term_string"}}],"inLanguage":"es-CO"},{"@type":"Organization","@id":"https:\/\/www.fiscalia.gov.co\/colombia\/#organization","name":"Fiscal\u00eda General de la Naci\u00f3n","url":"https:\/\/www.fiscalia.gov.co\/colombia\/","logo":{"@type":"ImageObject","inLanguage":"es-CO","@id":"https:\/\/www.fiscalia.gov.co\/colombia\/#\/schema\/logo\/image\/","url":"https:\/\/www.fiscalia.gov.co\/colombia\/wp-content\/uploads\/LogoHorizontal_1.jpg","contentUrl":"https:\/\/www.fiscalia.gov.co\/colombia\/wp-content\/uploads\/LogoHorizontal_1.jpg","width":300,"height":90,"caption":"Fiscal\u00eda General de la Naci\u00f3n"},"image":{"@id":"https:\/\/www.fiscalia.gov.co\/colombia\/#\/schema\/logo\/image\/"},"sameAs":["https:\/\/www.facebook.com\/FiscaliaCol","https:\/\/x.com\/FiscaliaCol","https:\/\/www.instagram.com\/fiscaliacol","https:\/\/www.linkedin.com\/company\/fiscalia-general-de-la-naci-n\/","https:\/\/youtube.com\/@fiscaliageneraldelanacion-4668?si=6nN79nyQICPU5iTh"]},{"@type":"Person","@id":"https:\/\/www.fiscalia.gov.co\/colombia\/#\/schema\/person\/bf84402cf293a5393e9c70b111020b24","name":"Jordan Leandro Oviedo Anzola","image":{"@type":"ImageObject","inLanguage":"es-CO","@id":"https:\/\/www.fiscalia.gov.co\/colombia\/#\/schema\/person\/image\/","url":"https:\/\/secure.gravatar.com\/avatar\/dabba4346fa9b9207d96adafa8f92721?s=96&d=mm&r=g","contentUrl":"https:\/\/secure.gravatar.com\/avatar\/dabba4346fa9b9207d96adafa8f92721?s=96&d=mm&r=g","caption":"Jordan Leandro Oviedo Anzola"},"url":"https:\/\/www.fiscalia.gov.co\/colombia\/author\/joviedo\/"}]}},"_links":{"self":[{"href":"https:\/\/www.fiscalia.gov.co\/colombia\/wp-json\/wp\/v2\/posts\/256314","targetHints":{"allow":["GET"]}}],"collection":[{"href":"https:\/\/www.fiscalia.gov.co\/colombia\/wp-json\/wp\/v2\/posts"}],"about":[{"href":"https:\/\/www.fiscalia.gov.co\/colombia\/wp-json\/wp\/v2\/types\/post"}],"author":[{"embeddable":true,"href":"https:\/\/www.fiscalia.gov.co\/colombia\/wp-json\/wp\/v2\/users\/177"}],"replies":[{"embeddable":true,"href":"https:\/\/www.fiscalia.gov.co\/colombia\/wp-json\/wp\/v2\/comments?post=256314"}],"version-history":[{"count":1,"href":"https:\/\/www.fiscalia.gov.co\/colombia\/wp-json\/wp\/v2\/posts\/256314\/revisions"}],"predecessor-version":[{"id":256315,"href":"https:\/\/www.fiscalia.gov.co\/colombia\/wp-json\/wp\/v2\/posts\/256314\/revisions\/256315"}],"wp:attachment":[{"href":"https:\/\/www.fiscalia.gov.co\/colombia\/wp-json\/wp\/v2\/media?parent=256314"}],"wp:term":[{"taxonomy":"category","embeddable":true,"href":"https:\/\/www.fiscalia.gov.co\/colombia\/wp-json\/wp\/v2\/categories?post=256314"},{"taxonomy":"post_tag","embeddable":true,"href":"https:\/\/www.fiscalia.gov.co\/colombia\/wp-json\/wp\/v2\/tags?post=256314"}],"curies":[{"name":"wp","href":"https:\/\/api.w.org\/{rel}","templated":true}]}}