{"id":256260,"date":"2022-09-05T12:47:51","date_gmt":"2022-09-05T17:47:51","guid":{"rendered":"https:\/\/www.fiscalia.gov.co\/colombia\/?p=256260"},"modified":"2022-09-06T10:58:06","modified_gmt":"2022-09-06T15:58:06","slug":"impactados-los-del-filo-dedicados-al-trafico-de-estupefacientes-en-cajamarca-tolima","status":"publish","type":"post","link":"https:\/\/www.fiscalia.gov.co\/colombia\/noticias\/impactados-los-del-filo-dedicados-al-trafico-de-estupefacientes-en-cajamarca-tolima\/","title":{"rendered":"Impactados Los del Filo dedicados al tr\u00e1fico de estupefacientes en Cajamarca (Tolima)"},"content":{"rendered":"<p style=\"font-weight: 400;\">La Fiscal\u00eda General de la Naci\u00f3n, en un trabajo articulado con la Polic\u00eda Metropolitana de Ibagu\u00e9, impact\u00f3 con la captura de siete personas a un grupo de delincuencia organizada denominado Los del Filo, dedicado presuntamente al tr\u00e1fico de sustancias estupefacientes en Cajamarca (Tolima).<\/p>\n<figure id=\"attachment_256261\" aria-describedby=\"caption-attachment-256261\" style=\"width: 696px\" class=\"wp-caption aligncenter\"><img loading=\"lazy\" decoding=\"async\" class=\"size-large wp-image-256261\" src=\"https:\/\/www.fiscalia.gov.co\/colombia\/wp-content\/uploads\/Fiscal-Barbosa-LOS-DEL-FILO-TRAFICO-DE-ESTUPEFACIENTES-CAJAMARCA-TOLIMA-1024x576.jpeg\" alt=\"\" width=\"696\" height=\"392\" srcset=\"https:\/\/www.fiscalia.gov.co\/colombia\/wp-content\/uploads\/Fiscal-Barbosa-LOS-DEL-FILO-TRAFICO-DE-ESTUPEFACIENTES-CAJAMARCA-TOLIMA-1024x576.jpeg 1024w, https:\/\/www.fiscalia.gov.co\/colombia\/wp-content\/uploads\/Fiscal-Barbosa-LOS-DEL-FILO-TRAFICO-DE-ESTUPEFACIENTES-CAJAMARCA-TOLIMA-300x169.jpeg 300w, https:\/\/www.fiscalia.gov.co\/colombia\/wp-content\/uploads\/Fiscal-Barbosa-LOS-DEL-FILO-TRAFICO-DE-ESTUPEFACIENTES-CAJAMARCA-TOLIMA-768x432.jpeg 768w, https:\/\/www.fiscalia.gov.co\/colombia\/wp-content\/uploads\/Fiscal-Barbosa-LOS-DEL-FILO-TRAFICO-DE-ESTUPEFACIENTES-CAJAMARCA-TOLIMA-696x392.jpeg 696w, https:\/\/www.fiscalia.gov.co\/colombia\/wp-content\/uploads\/Fiscal-Barbosa-LOS-DEL-FILO-TRAFICO-DE-ESTUPEFACIENTES-CAJAMARCA-TOLIMA-1068x601.jpeg 1068w, https:\/\/www.fiscalia.gov.co\/colombia\/wp-content\/uploads\/Fiscal-Barbosa-LOS-DEL-FILO-TRAFICO-DE-ESTUPEFACIENTES-CAJAMARCA-TOLIMA-747x420.jpeg 747w, https:\/\/www.fiscalia.gov.co\/colombia\/wp-content\/uploads\/Fiscal-Barbosa-LOS-DEL-FILO-TRAFICO-DE-ESTUPEFACIENTES-CAJAMARCA-TOLIMA.jpeg 1280w\" sizes=\"auto, (max-width: 696px) 100vw, 696px\" \/><figcaption id=\"caption-attachment-256261\" class=\"wp-caption-text\">Los siete presuntos integrantes del grupo delincuencial Los del filo, fueron enviados a la c\u00e1rcel como medida de aseguramiento.<\/figcaption><\/figure>\n<p style=\"font-weight: 400;\">Gilberto Rocha, Pablo Alejandro Baquero Bulla, Mar\u00eda de Los \u00c1ngeles Pinilla S\u00e1nchez, Logan Urley Rodr\u00edguez Ospina, Jos\u00e9 Luis Velasco T\u00e9llez, Jeferson Alarc\u00f3n Contreras y Sandra Liliana Cubillos Guevara fueron capturados mediante cuatro diligencias de registro y allanamiento en diferentes puntos del municipio.<\/p>\n<p style=\"font-weight: 400;\">Durante estas diligencias se les encontraron dos rev\u00f3lveres calibre 32 y municiones, 1.049 gramos de marihuana, 62 gramos de coca\u00edna y sus derivados.\u00a0As\u00ed como dinero en efectivo cercano a los dos millones de pesos y elementos propios para el procesamiento y empaque de las sustancias.<\/p>\n<p style=\"font-weight: 400;\">A los detenidos les fueron imputados los delitos de\u00a0concierto para delinquir agravado; tr\u00e1fico, fabricaci\u00f3n o porte de estupefacientes; destinaci\u00f3n il\u00edcita de muebles o inmuebles; fabricaci\u00f3n, trafico, porte o tenencia de armas de fuego y uso de menores de edad en la comisi\u00f3n de delitos, seg\u00fan sus responsabilidades individuales.<\/p>\n<p style=\"font-weight: 400;\">Todos fueron afectados con medida de aseguramiento intramuros al t\u00e9rmino de las audiencias de rigor.<\/p>\n<p style=\"font-weight: 400;\"><strong>La investigaci\u00f3n<\/strong><\/p>\n<p style=\"font-weight: 400;\">De las labores investigativas adelantadas por cerca de seis meses, tales como interceptaci\u00f3n de comunicaciones, vigilancia\u00a0a lugares\u00a0y cosas, vigilancia y seguimiento\u00a0de\u00a0personas,\u00a0registros f\u00edlmicos, resultados de PIPH tomados a las sustancias incautadas, entrevistas a testigos, b\u00fasqueda selectiva en bases de datos, \u00a0an\u00e1lisis \u00a0link, \u00a0entre otras labores de polic\u00eda judicial, \u00a0se \u00a0logr\u00f3 \u00a0establecer \u00a0la\u00a0existencia \u00a0de \u00a0un \u00a0grupo \u00a0delictivo \u00a0organizado dedicado a la dosificaci\u00f3n de narc\u00f3ticos y su comercializaci\u00f3n en\u00a0peque\u00f1as cantidades.<\/p>\n<p style=\"font-weight: 400;\">Mediante el uso de l\u00edneas telef\u00f3nicas se estableci\u00f3 que coordinaban su labor cumpliendo cada uno un rol espec\u00edfico.<\/p>\n<p style=\"font-weight: 400;\">Ninguno acept\u00f3 los cargos imputados por el fiscal adscrito al Grupo de Estructura de Apoyo de la Seccional Tolima.<\/p>\n<p><strong>La Fiscal\u00eda habla con resultados.<\/strong><\/p>\n<p>&nbsp;<\/p>\n<p>&nbsp;<\/p>\n<p>&nbsp;<\/p>\n<p style=\"font-weight: 400;\">PAAM\/CFG\/JJS\/DST<\/p>\n<p>&nbsp;<\/p>\n<div class=\"td-post-content tagdiv-type\">\n<div class=\"td-post-content tagdiv-type\">\n<div class=\"td-post-content tagdiv-type\">\n<div class=\"td-post-content tagdiv-type\">\n<p><em>La informaci\u00f3n contenida en este bolet\u00edn de prensa corresponde a la narraci\u00f3n de los hechos noticiosos objetivos, suministrados por los funcionarios encargados de adelantar las investigaciones penales al interior de la Fiscal\u00eda General de la Naci\u00f3n. Para el momento de la divulgaci\u00f3n de este comunicado, la situaci\u00f3n jur\u00eddica de la(s) persona(s) relacionada(s) se encuentra pendiente de resolver por la autoridad judicial competente, siempre bajo los preceptos de la presunci\u00f3n de inocencia, consagrados en el art\u00edculo 29 de la Constituci\u00f3n Pol\u00edtica y el art\u00edculo 7\u00ba de la Ley 906 de 2004.<\/em><\/p>\n<\/div>\n<\/div>\n<\/div>\n<\/div>\n\n<div class=\"twitter-share\"><a href=\"https:\/\/twitter.com\/intent\/tweet?via=fiscaliacol\" class=\"twitter-share-button\">Tweet<\/a><\/div>\n","protected":false},"excerpt":{"rendered":"<p>La Fiscal\u00eda General de la Naci\u00f3n, en un trabajo articulado con la Polic\u00eda Metropolitana de Ibagu\u00e9, impact\u00f3 con la captura de siete personas a un grupo de delincuencia organizada denominado Los del Filo, dedicado presuntamente al tr\u00e1fico de sustancias estupefacientes en Cajamarca (Tolima). Gilberto Rocha, Pablo Alejandro Baquero Bulla, Mar\u00eda de Los \u00c1ngeles Pinilla S\u00e1nchez, [&hellip;]<\/p>\n","protected":false},"author":177,"featured_media":0,"comment_status":"closed","ping_status":"open","sticky":false,"template":"","format":"standard","meta":{"_price":"","_stock":"","_tribe_ticket_header":"","_tribe_default_ticket_provider":"","_tribe_ticket_capacity":"0","_ticket_start_date":"","_ticket_end_date":"","_tribe_ticket_show_description":"","_tribe_ticket_show_not_going":false,"_tribe_ticket_use_global_stock":"","_tribe_ticket_global_stock_level":"","_global_stock_mode":"","_global_stock_cap":"","_tribe_rsvp_for_event":"","_tribe_ticket_going_count":"","_tribe_ticket_not_going_count":"","_tribe_tickets_list":"[]","_tribe_ticket_has_attendee_info_fields":false,"tdm_status":"","tdm_grid_status":"","footnotes":""},"categories":[1,329,303,24103],"tags":[5636,26658,32739,83,1047,32740,1264,11563,30239,155,24233],"class_list":{"0":"post-256260","1":"post","2":"type-post","3":"status-publish","4":"format-standard","6":"category-noticias","7":"category-seccional-ibague","8":"category-seccionales","9":"category-trafico-de-estupefacientes","10":"tag-bazuco","11":"tag-cajamarca","12":"tag-cajamarca-tolima","13":"tag-concierto-para-delinquir","14":"tag-fiscalia-general-de-la-nacion","15":"tag-los-del-filo","16":"tag-marihuana","17":"tag-narcomenudeo","18":"tag-seguridad-territorial","19":"tag-trafico-de-estupefacientes","20":"tag-uso-de-menores"},"yoast_head":"<!-- This site is optimized with the Yoast SEO plugin v24.3 - https:\/\/yoast.com\/wordpress\/plugins\/seo\/ -->\n<title>Fiscal\u00eda General de la Naci\u00f3n<\/title>\n<meta name=\"description\" content=\"P\u00e1gina oficial de la Fiscal\u00eda General de la Naci\u00f3n \u2013 Colombia. Garantizamos el acceso efectivo a la justicia, la verdad y la reparaci\u00f3n de las v\u00edctimas de los delitos.\" \/>\n<meta name=\"robots\" content=\"noindex, follow\" \/>\n<meta property=\"og:locale\" content=\"es_ES\" \/>\n<meta property=\"og:type\" content=\"article\" \/>\n<meta property=\"og:title\" content=\"Fiscal\u00eda General de la Naci\u00f3n\" \/>\n<meta property=\"og:description\" content=\"P\u00e1gina oficial de la Fiscal\u00eda General de la Naci\u00f3n \u2013 Colombia. Garantizamos el acceso efectivo a la justicia, la verdad y la reparaci\u00f3n de las v\u00edctimas de los delitos.\" \/>\n<meta property=\"og:url\" content=\"https:\/\/www.fiscalia.gov.co\/colombia\/noticias\/impactados-los-del-filo-dedicados-al-trafico-de-estupefacientes-en-cajamarca-tolima\/\" \/>\n<meta property=\"og:site_name\" content=\"Fiscal\u00eda General de la Naci\u00f3n\" \/>\n<meta property=\"article:publisher\" content=\"https:\/\/www.facebook.com\/FiscaliaCol\" \/>\n<meta property=\"article:published_time\" content=\"2022-09-05T17:47:51+00:00\" \/>\n<meta property=\"article:modified_time\" content=\"2022-09-06T15:58:06+00:00\" \/>\n<meta property=\"og:image\" content=\"https:\/\/www.fiscalia.gov.co\/colombia\/wp-content\/uploads\/Fiscal-Barbosa-LOS-DEL-FILO-TRAFICO-DE-ESTUPEFACIENTES-CAJAMARCA-TOLIMA-1024x576.jpeg\" \/>\n<meta name=\"author\" content=\"Jordan Leandro Oviedo Anzola\" \/>\n<meta name=\"twitter:card\" content=\"summary_large_image\" \/>\n<meta name=\"twitter:creator\" content=\"@FiscaliaCol\" \/>\n<meta name=\"twitter:site\" content=\"@FiscaliaCol\" \/>\n<meta name=\"twitter:label1\" content=\"Escrito por\" \/>\n\t<meta name=\"twitter:data1\" content=\"Jordan Leandro Oviedo Anzola\" \/>\n\t<meta name=\"twitter:label2\" content=\"Tiempo de lectura\" \/>\n\t<meta name=\"twitter:data2\" content=\"2 minutos\" \/>\n<script type=\"application\/ld+json\" class=\"yoast-schema-graph\">{\"@context\":\"https:\/\/schema.org\",\"@graph\":[{\"@type\":\"Article\",\"@id\":\"https:\/\/www.fiscalia.gov.co\/colombia\/noticias\/impactados-los-del-filo-dedicados-al-trafico-de-estupefacientes-en-cajamarca-tolima\/#article\",\"isPartOf\":{\"@id\":\"https:\/\/www.fiscalia.gov.co\/colombia\/noticias\/impactados-los-del-filo-dedicados-al-trafico-de-estupefacientes-en-cajamarca-tolima\/\"},\"author\":{\"name\":\"Jordan Leandro Oviedo Anzola\",\"@id\":\"https:\/\/www.fiscalia.gov.co\/colombia\/#\/schema\/person\/bf84402cf293a5393e9c70b111020b24\"},\"headline\":\"Impactados Los del Filo dedicados al tr\u00e1fico de estupefacientes en Cajamarca (Tolima)\",\"datePublished\":\"2022-09-05T17:47:51+00:00\",\"dateModified\":\"2022-09-06T15:58:06+00:00\",\"mainEntityOfPage\":{\"@id\":\"https:\/\/www.fiscalia.gov.co\/colombia\/noticias\/impactados-los-del-filo-dedicados-al-trafico-de-estupefacientes-en-cajamarca-tolima\/\"},\"wordCount\":493,\"publisher\":{\"@id\":\"https:\/\/www.fiscalia.gov.co\/colombia\/#organization\"},\"image\":{\"@id\":\"https:\/\/www.fiscalia.gov.co\/colombia\/noticias\/impactados-los-del-filo-dedicados-al-trafico-de-estupefacientes-en-cajamarca-tolima\/#primaryimage\"},\"thumbnailUrl\":\"https:\/\/www.fiscalia.gov.co\/colombia\/wp-content\/uploads\/Fiscal-Barbosa-LOS-DEL-FILO-TRAFICO-DE-ESTUPEFACIENTES-CAJAMARCA-TOLIMA-1024x576.jpeg\",\"keywords\":[\"Bazuco\",\"Cajamarca\",\"Cajamarca (Tolima)\",\"Concierto para delinquir\",\"Fiscal\u00eda General de la Naci\u00f3n\",\"los del filo\",\"Marihuana\",\"Narcomenudeo\",\"Seguridad territorial\",\"Tr\u00e1fico de estupefacientes\",\"uso de menores\"],\"articleSection\":[\"Noticias\",\"Seccional Ibagu\u00e9\",\"Seccionales\",\"Tr\u00e1fico de estupefacientes\"],\"inLanguage\":\"es-CO\"},{\"@type\":\"WebPage\",\"@id\":\"https:\/\/www.fiscalia.gov.co\/colombia\/noticias\/impactados-los-del-filo-dedicados-al-trafico-de-estupefacientes-en-cajamarca-tolima\/\",\"url\":\"https:\/\/www.fiscalia.gov.co\/colombia\/noticias\/impactados-los-del-filo-dedicados-al-trafico-de-estupefacientes-en-cajamarca-tolima\/\",\"name\":\"Fiscal\u00eda General de la Naci\u00f3n\",\"isPartOf\":{\"@id\":\"https:\/\/www.fiscalia.gov.co\/colombia\/#website\"},\"primaryImageOfPage\":{\"@id\":\"https:\/\/www.fiscalia.gov.co\/colombia\/noticias\/impactados-los-del-filo-dedicados-al-trafico-de-estupefacientes-en-cajamarca-tolima\/#primaryimage\"},\"image\":{\"@id\":\"https:\/\/www.fiscalia.gov.co\/colombia\/noticias\/impactados-los-del-filo-dedicados-al-trafico-de-estupefacientes-en-cajamarca-tolima\/#primaryimage\"},\"thumbnailUrl\":\"https:\/\/www.fiscalia.gov.co\/colombia\/wp-content\/uploads\/Fiscal-Barbosa-LOS-DEL-FILO-TRAFICO-DE-ESTUPEFACIENTES-CAJAMARCA-TOLIMA-1024x576.jpeg\",\"datePublished\":\"2022-09-05T17:47:51+00:00\",\"dateModified\":\"2022-09-06T15:58:06+00:00\",\"description\":\"P\u00e1gina oficial de la Fiscal\u00eda General de la Naci\u00f3n \u2013 Colombia. Garantizamos el acceso efectivo a la justicia, la verdad y la reparaci\u00f3n de las v\u00edctimas de los delitos.\",\"breadcrumb\":{\"@id\":\"https:\/\/www.fiscalia.gov.co\/colombia\/noticias\/impactados-los-del-filo-dedicados-al-trafico-de-estupefacientes-en-cajamarca-tolima\/#breadcrumb\"},\"inLanguage\":\"es-CO\",\"potentialAction\":[{\"@type\":\"ReadAction\",\"target\":[\"https:\/\/www.fiscalia.gov.co\/colombia\/noticias\/impactados-los-del-filo-dedicados-al-trafico-de-estupefacientes-en-cajamarca-tolima\/\"]}]},{\"@type\":\"ImageObject\",\"inLanguage\":\"es-CO\",\"@id\":\"https:\/\/www.fiscalia.gov.co\/colombia\/noticias\/impactados-los-del-filo-dedicados-al-trafico-de-estupefacientes-en-cajamarca-tolima\/#primaryimage\",\"url\":\"https:\/\/www.fiscalia.gov.co\/colombia\/wp-content\/uploads\/Fiscal-Barbosa-LOS-DEL-FILO-TRAFICO-DE-ESTUPEFACIENTES-CAJAMARCA-TOLIMA-1024x576.jpeg\",\"contentUrl\":\"https:\/\/www.fiscalia.gov.co\/colombia\/wp-content\/uploads\/Fiscal-Barbosa-LOS-DEL-FILO-TRAFICO-DE-ESTUPEFACIENTES-CAJAMARCA-TOLIMA-1024x576.jpeg\"},{\"@type\":\"BreadcrumbList\",\"@id\":\"https:\/\/www.fiscalia.gov.co\/colombia\/noticias\/impactados-los-del-filo-dedicados-al-trafico-de-estupefacientes-en-cajamarca-tolima\/#breadcrumb\",\"itemListElement\":[{\"@type\":\"ListItem\",\"position\":1,\"name\":\"Home\",\"item\":\"https:\/\/www.fiscalia.gov.co\/colombia\/\"},{\"@type\":\"ListItem\",\"position\":2,\"name\":\"Impactados Los del Filo dedicados al tr\u00e1fico de estupefacientes en Cajamarca (Tolima)\"}]},{\"@type\":\"WebSite\",\"@id\":\"https:\/\/www.fiscalia.gov.co\/colombia\/#website\",\"url\":\"https:\/\/www.fiscalia.gov.co\/colombia\/\",\"name\":\"Fiscal\u00eda General de la Naci\u00f3n\",\"description\":\"P\u00e1gina oficial de la Fiscal\u00eda General de la Naci\u00f3n \u2013 Colombia. Garantizamos el acceso efectivo a la justicia, la verdad y la reparaci\u00f3n de las v\u00edctimas de los delitos.\",\"publisher\":{\"@id\":\"https:\/\/www.fiscalia.gov.co\/colombia\/#organization\"},\"potentialAction\":[{\"@type\":\"SearchAction\",\"target\":{\"@type\":\"EntryPoint\",\"urlTemplate\":\"https:\/\/www.fiscalia.gov.co\/colombia\/?s={search_term_string}\"},\"query-input\":{\"@type\":\"PropertyValueSpecification\",\"valueRequired\":true,\"valueName\":\"search_term_string\"}}],\"inLanguage\":\"es-CO\"},{\"@type\":\"Organization\",\"@id\":\"https:\/\/www.fiscalia.gov.co\/colombia\/#organization\",\"name\":\"Fiscal\u00eda General de la Naci\u00f3n\",\"url\":\"https:\/\/www.fiscalia.gov.co\/colombia\/\",\"logo\":{\"@type\":\"ImageObject\",\"inLanguage\":\"es-CO\",\"@id\":\"https:\/\/www.fiscalia.gov.co\/colombia\/#\/schema\/logo\/image\/\",\"url\":\"https:\/\/www.fiscalia.gov.co\/colombia\/wp-content\/uploads\/LogoHorizontal_1.jpg\",\"contentUrl\":\"https:\/\/www.fiscalia.gov.co\/colombia\/wp-content\/uploads\/LogoHorizontal_1.jpg\",\"width\":300,\"height\":90,\"caption\":\"Fiscal\u00eda General de la Naci\u00f3n\"},\"image\":{\"@id\":\"https:\/\/www.fiscalia.gov.co\/colombia\/#\/schema\/logo\/image\/\"},\"sameAs\":[\"https:\/\/www.facebook.com\/FiscaliaCol\",\"https:\/\/x.com\/FiscaliaCol\",\"https:\/\/www.instagram.com\/fiscaliacol\",\"https:\/\/www.linkedin.com\/company\/fiscalia-general-de-la-naci-n\/\",\"https:\/\/youtube.com\/@fiscaliageneraldelanacion-4668?si=6nN79nyQICPU5iTh\"]},{\"@type\":\"Person\",\"@id\":\"https:\/\/www.fiscalia.gov.co\/colombia\/#\/schema\/person\/bf84402cf293a5393e9c70b111020b24\",\"name\":\"Jordan Leandro Oviedo Anzola\",\"image\":{\"@type\":\"ImageObject\",\"inLanguage\":\"es-CO\",\"@id\":\"https:\/\/www.fiscalia.gov.co\/colombia\/#\/schema\/person\/image\/\",\"url\":\"https:\/\/secure.gravatar.com\/avatar\/dabba4346fa9b9207d96adafa8f92721?s=96&d=mm&r=g\",\"contentUrl\":\"https:\/\/secure.gravatar.com\/avatar\/dabba4346fa9b9207d96adafa8f92721?s=96&d=mm&r=g\",\"caption\":\"Jordan Leandro Oviedo Anzola\"},\"url\":\"https:\/\/www.fiscalia.gov.co\/colombia\/author\/joviedo\/\"}]}<\/script>\n<!-- \/ Yoast SEO plugin. -->","yoast_head_json":{"title":"Fiscal\u00eda General de la Naci\u00f3n","description":"P\u00e1gina oficial de la Fiscal\u00eda General de la Naci\u00f3n \u2013 Colombia. Garantizamos el acceso efectivo a la justicia, la verdad y la reparaci\u00f3n de las v\u00edctimas de los delitos.","robots":{"index":"noindex","follow":"follow"},"og_locale":"es_ES","og_type":"article","og_title":"Fiscal\u00eda General de la Naci\u00f3n","og_description":"P\u00e1gina oficial de la Fiscal\u00eda General de la Naci\u00f3n \u2013 Colombia. Garantizamos el acceso efectivo a la justicia, la verdad y la reparaci\u00f3n de las v\u00edctimas de los delitos.","og_url":"https:\/\/www.fiscalia.gov.co\/colombia\/noticias\/impactados-los-del-filo-dedicados-al-trafico-de-estupefacientes-en-cajamarca-tolima\/","og_site_name":"Fiscal\u00eda General de la Naci\u00f3n","article_publisher":"https:\/\/www.facebook.com\/FiscaliaCol","article_published_time":"2022-09-05T17:47:51+00:00","article_modified_time":"2022-09-06T15:58:06+00:00","og_image":[{"url":"https:\/\/www.fiscalia.gov.co\/colombia\/wp-content\/uploads\/Fiscal-Barbosa-LOS-DEL-FILO-TRAFICO-DE-ESTUPEFACIENTES-CAJAMARCA-TOLIMA-1024x576.jpeg","type":"","width":"","height":""}],"author":"Jordan Leandro Oviedo Anzola","twitter_card":"summary_large_image","twitter_creator":"@FiscaliaCol","twitter_site":"@FiscaliaCol","twitter_misc":{"Escrito por":"Jordan Leandro Oviedo Anzola","Tiempo de lectura":"2 minutos"},"schema":{"@context":"https:\/\/schema.org","@graph":[{"@type":"Article","@id":"https:\/\/www.fiscalia.gov.co\/colombia\/noticias\/impactados-los-del-filo-dedicados-al-trafico-de-estupefacientes-en-cajamarca-tolima\/#article","isPartOf":{"@id":"https:\/\/www.fiscalia.gov.co\/colombia\/noticias\/impactados-los-del-filo-dedicados-al-trafico-de-estupefacientes-en-cajamarca-tolima\/"},"author":{"name":"Jordan Leandro Oviedo Anzola","@id":"https:\/\/www.fiscalia.gov.co\/colombia\/#\/schema\/person\/bf84402cf293a5393e9c70b111020b24"},"headline":"Impactados Los del Filo dedicados al tr\u00e1fico de estupefacientes en Cajamarca (Tolima)","datePublished":"2022-09-05T17:47:51+00:00","dateModified":"2022-09-06T15:58:06+00:00","mainEntityOfPage":{"@id":"https:\/\/www.fiscalia.gov.co\/colombia\/noticias\/impactados-los-del-filo-dedicados-al-trafico-de-estupefacientes-en-cajamarca-tolima\/"},"wordCount":493,"publisher":{"@id":"https:\/\/www.fiscalia.gov.co\/colombia\/#organization"},"image":{"@id":"https:\/\/www.fiscalia.gov.co\/colombia\/noticias\/impactados-los-del-filo-dedicados-al-trafico-de-estupefacientes-en-cajamarca-tolima\/#primaryimage"},"thumbnailUrl":"https:\/\/www.fiscalia.gov.co\/colombia\/wp-content\/uploads\/Fiscal-Barbosa-LOS-DEL-FILO-TRAFICO-DE-ESTUPEFACIENTES-CAJAMARCA-TOLIMA-1024x576.jpeg","keywords":["Bazuco","Cajamarca","Cajamarca (Tolima)","Concierto para delinquir","Fiscal\u00eda General de la Naci\u00f3n","los del filo","Marihuana","Narcomenudeo","Seguridad territorial","Tr\u00e1fico de estupefacientes","uso de menores"],"articleSection":["Noticias","Seccional Ibagu\u00e9","Seccionales","Tr\u00e1fico de estupefacientes"],"inLanguage":"es-CO"},{"@type":"WebPage","@id":"https:\/\/www.fiscalia.gov.co\/colombia\/noticias\/impactados-los-del-filo-dedicados-al-trafico-de-estupefacientes-en-cajamarca-tolima\/","url":"https:\/\/www.fiscalia.gov.co\/colombia\/noticias\/impactados-los-del-filo-dedicados-al-trafico-de-estupefacientes-en-cajamarca-tolima\/","name":"Fiscal\u00eda General de la Naci\u00f3n","isPartOf":{"@id":"https:\/\/www.fiscalia.gov.co\/colombia\/#website"},"primaryImageOfPage":{"@id":"https:\/\/www.fiscalia.gov.co\/colombia\/noticias\/impactados-los-del-filo-dedicados-al-trafico-de-estupefacientes-en-cajamarca-tolima\/#primaryimage"},"image":{"@id":"https:\/\/www.fiscalia.gov.co\/colombia\/noticias\/impactados-los-del-filo-dedicados-al-trafico-de-estupefacientes-en-cajamarca-tolima\/#primaryimage"},"thumbnailUrl":"https:\/\/www.fiscalia.gov.co\/colombia\/wp-content\/uploads\/Fiscal-Barbosa-LOS-DEL-FILO-TRAFICO-DE-ESTUPEFACIENTES-CAJAMARCA-TOLIMA-1024x576.jpeg","datePublished":"2022-09-05T17:47:51+00:00","dateModified":"2022-09-06T15:58:06+00:00","description":"P\u00e1gina oficial de la Fiscal\u00eda General de la Naci\u00f3n \u2013 Colombia. Garantizamos el acceso efectivo a la justicia, la verdad y la reparaci\u00f3n de las v\u00edctimas de los delitos.","breadcrumb":{"@id":"https:\/\/www.fiscalia.gov.co\/colombia\/noticias\/impactados-los-del-filo-dedicados-al-trafico-de-estupefacientes-en-cajamarca-tolima\/#breadcrumb"},"inLanguage":"es-CO","potentialAction":[{"@type":"ReadAction","target":["https:\/\/www.fiscalia.gov.co\/colombia\/noticias\/impactados-los-del-filo-dedicados-al-trafico-de-estupefacientes-en-cajamarca-tolima\/"]}]},{"@type":"ImageObject","inLanguage":"es-CO","@id":"https:\/\/www.fiscalia.gov.co\/colombia\/noticias\/impactados-los-del-filo-dedicados-al-trafico-de-estupefacientes-en-cajamarca-tolima\/#primaryimage","url":"https:\/\/www.fiscalia.gov.co\/colombia\/wp-content\/uploads\/Fiscal-Barbosa-LOS-DEL-FILO-TRAFICO-DE-ESTUPEFACIENTES-CAJAMARCA-TOLIMA-1024x576.jpeg","contentUrl":"https:\/\/www.fiscalia.gov.co\/colombia\/wp-content\/uploads\/Fiscal-Barbosa-LOS-DEL-FILO-TRAFICO-DE-ESTUPEFACIENTES-CAJAMARCA-TOLIMA-1024x576.jpeg"},{"@type":"BreadcrumbList","@id":"https:\/\/www.fiscalia.gov.co\/colombia\/noticias\/impactados-los-del-filo-dedicados-al-trafico-de-estupefacientes-en-cajamarca-tolima\/#breadcrumb","itemListElement":[{"@type":"ListItem","position":1,"name":"Home","item":"https:\/\/www.fiscalia.gov.co\/colombia\/"},{"@type":"ListItem","position":2,"name":"Impactados Los del Filo dedicados al tr\u00e1fico de estupefacientes en Cajamarca (Tolima)"}]},{"@type":"WebSite","@id":"https:\/\/www.fiscalia.gov.co\/colombia\/#website","url":"https:\/\/www.fiscalia.gov.co\/colombia\/","name":"Fiscal\u00eda General de la Naci\u00f3n","description":"P\u00e1gina oficial de la Fiscal\u00eda General de la Naci\u00f3n \u2013 Colombia. Garantizamos el acceso efectivo a la justicia, la verdad y la reparaci\u00f3n de las v\u00edctimas de los delitos.","publisher":{"@id":"https:\/\/www.fiscalia.gov.co\/colombia\/#organization"},"potentialAction":[{"@type":"SearchAction","target":{"@type":"EntryPoint","urlTemplate":"https:\/\/www.fiscalia.gov.co\/colombia\/?s={search_term_string}"},"query-input":{"@type":"PropertyValueSpecification","valueRequired":true,"valueName":"search_term_string"}}],"inLanguage":"es-CO"},{"@type":"Organization","@id":"https:\/\/www.fiscalia.gov.co\/colombia\/#organization","name":"Fiscal\u00eda General de la Naci\u00f3n","url":"https:\/\/www.fiscalia.gov.co\/colombia\/","logo":{"@type":"ImageObject","inLanguage":"es-CO","@id":"https:\/\/www.fiscalia.gov.co\/colombia\/#\/schema\/logo\/image\/","url":"https:\/\/www.fiscalia.gov.co\/colombia\/wp-content\/uploads\/LogoHorizontal_1.jpg","contentUrl":"https:\/\/www.fiscalia.gov.co\/colombia\/wp-content\/uploads\/LogoHorizontal_1.jpg","width":300,"height":90,"caption":"Fiscal\u00eda General de la Naci\u00f3n"},"image":{"@id":"https:\/\/www.fiscalia.gov.co\/colombia\/#\/schema\/logo\/image\/"},"sameAs":["https:\/\/www.facebook.com\/FiscaliaCol","https:\/\/x.com\/FiscaliaCol","https:\/\/www.instagram.com\/fiscaliacol","https:\/\/www.linkedin.com\/company\/fiscalia-general-de-la-naci-n\/","https:\/\/youtube.com\/@fiscaliageneraldelanacion-4668?si=6nN79nyQICPU5iTh"]},{"@type":"Person","@id":"https:\/\/www.fiscalia.gov.co\/colombia\/#\/schema\/person\/bf84402cf293a5393e9c70b111020b24","name":"Jordan Leandro Oviedo Anzola","image":{"@type":"ImageObject","inLanguage":"es-CO","@id":"https:\/\/www.fiscalia.gov.co\/colombia\/#\/schema\/person\/image\/","url":"https:\/\/secure.gravatar.com\/avatar\/dabba4346fa9b9207d96adafa8f92721?s=96&d=mm&r=g","contentUrl":"https:\/\/secure.gravatar.com\/avatar\/dabba4346fa9b9207d96adafa8f92721?s=96&d=mm&r=g","caption":"Jordan Leandro Oviedo Anzola"},"url":"https:\/\/www.fiscalia.gov.co\/colombia\/author\/joviedo\/"}]}},"_links":{"self":[{"href":"https:\/\/www.fiscalia.gov.co\/colombia\/wp-json\/wp\/v2\/posts\/256260","targetHints":{"allow":["GET"]}}],"collection":[{"href":"https:\/\/www.fiscalia.gov.co\/colombia\/wp-json\/wp\/v2\/posts"}],"about":[{"href":"https:\/\/www.fiscalia.gov.co\/colombia\/wp-json\/wp\/v2\/types\/post"}],"author":[{"embeddable":true,"href":"https:\/\/www.fiscalia.gov.co\/colombia\/wp-json\/wp\/v2\/users\/177"}],"replies":[{"embeddable":true,"href":"https:\/\/www.fiscalia.gov.co\/colombia\/wp-json\/wp\/v2\/comments?post=256260"}],"version-history":[{"count":2,"href":"https:\/\/www.fiscalia.gov.co\/colombia\/wp-json\/wp\/v2\/posts\/256260\/revisions"}],"predecessor-version":[{"id":256332,"href":"https:\/\/www.fiscalia.gov.co\/colombia\/wp-json\/wp\/v2\/posts\/256260\/revisions\/256332"}],"wp:attachment":[{"href":"https:\/\/www.fiscalia.gov.co\/colombia\/wp-json\/wp\/v2\/media?parent=256260"}],"wp:term":[{"taxonomy":"category","embeddable":true,"href":"https:\/\/www.fiscalia.gov.co\/colombia\/wp-json\/wp\/v2\/categories?post=256260"},{"taxonomy":"post_tag","embeddable":true,"href":"https:\/\/www.fiscalia.gov.co\/colombia\/wp-json\/wp\/v2\/tags?post=256260"}],"curies":[{"name":"wp","href":"https:\/\/api.w.org\/{rel}","templated":true}]}}