{"id":256253,"date":"2022-09-05T10:04:09","date_gmt":"2022-09-05T15:04:09","guid":{"rendered":"https:\/\/www.fiscalia.gov.co\/colombia\/?p=256253"},"modified":"2022-09-05T10:04:09","modified_gmt":"2022-09-05T15:04:09","slug":"por-presunta-extorsion-a-un-comerciante-un-hombre-fue-enviado-a-la-carcel","status":"publish","type":"post","link":"https:\/\/www.fiscalia.gov.co\/colombia\/noticias\/por-presunta-extorsion-a-un-comerciante-un-hombre-fue-enviado-a-la-carcel\/","title":{"rendered":"Por presunta extorsi\u00f3n a un comerciante un hombre fue enviado a la c\u00e1rcel"},"content":{"rendered":"<p style=\"font-weight: 400;\">Un fiscal adscrito a la Seccional Atl\u00e1ntico le imput\u00f3 cargos a Juan Miguel Carrillo D\u00edaz, quien estar\u00eda implicado en la comisi\u00f3n de extorsiones en la capital del Atl\u00e1ntico.<\/p>\n<figure id=\"attachment_256254\" aria-describedby=\"caption-attachment-256254\" style=\"width: 491px\" class=\"wp-caption aligncenter\"><img loading=\"lazy\" decoding=\"async\" class=\" wp-image-256254\" src=\"https:\/\/www.fiscalia.gov.co\/colombia\/wp-content\/uploads\/Fiscal-Barbosa-Juan-Miguel-Carrillo-Diaz-fue-capturado-en-flagrancia-en-Soledad-Atlantico-por-funcionarios-del-CTI-en-coordinacion-con-el-Gaula-del-Ejercito.-760x1024.jpg\" alt=\"\" width=\"491\" height=\"662\" srcset=\"https:\/\/www.fiscalia.gov.co\/colombia\/wp-content\/uploads\/Fiscal-Barbosa-Juan-Miguel-Carrillo-Diaz-fue-capturado-en-flagrancia-en-Soledad-Atlantico-por-funcionarios-del-CTI-en-coordinacion-con-el-Gaula-del-Ejercito.-760x1024.jpg 760w, https:\/\/www.fiscalia.gov.co\/colombia\/wp-content\/uploads\/Fiscal-Barbosa-Juan-Miguel-Carrillo-Diaz-fue-capturado-en-flagrancia-en-Soledad-Atlantico-por-funcionarios-del-CTI-en-coordinacion-con-el-Gaula-del-Ejercito.-223x300.jpg 223w, https:\/\/www.fiscalia.gov.co\/colombia\/wp-content\/uploads\/Fiscal-Barbosa-Juan-Miguel-Carrillo-Diaz-fue-capturado-en-flagrancia-en-Soledad-Atlantico-por-funcionarios-del-CTI-en-coordinacion-con-el-Gaula-del-Ejercito.-768x1035.jpg 768w, https:\/\/www.fiscalia.gov.co\/colombia\/wp-content\/uploads\/Fiscal-Barbosa-Juan-Miguel-Carrillo-Diaz-fue-capturado-en-flagrancia-en-Soledad-Atlantico-por-funcionarios-del-CTI-en-coordinacion-con-el-Gaula-del-Ejercito.-696x938.jpg 696w, https:\/\/www.fiscalia.gov.co\/colombia\/wp-content\/uploads\/Fiscal-Barbosa-Juan-Miguel-Carrillo-Diaz-fue-capturado-en-flagrancia-en-Soledad-Atlantico-por-funcionarios-del-CTI-en-coordinacion-con-el-Gaula-del-Ejercito.-312x420.jpg 312w, https:\/\/www.fiscalia.gov.co\/colombia\/wp-content\/uploads\/Fiscal-Barbosa-Juan-Miguel-Carrillo-Diaz-fue-capturado-en-flagrancia-en-Soledad-Atlantico-por-funcionarios-del-CTI-en-coordinacion-con-el-Gaula-del-Ejercito..jpg 950w\" sizes=\"auto, (max-width: 491px) 100vw, 491px\" \/><figcaption id=\"caption-attachment-256254\" class=\"wp-caption-text\">Juan Miguel Carrillo D\u00edaz\u00a0fue capturado en flagrancia en Soledad (Atl\u00e1ntico), por funcionarios del CTI en coordinaci\u00f3n con el Gaula del Ej\u00e9rcito.<\/figcaption><\/figure>\n<p style=\"font-weight: 400;\">Este hombre fue capturado en flagrancia en v\u00eda p\u00fablica del barrio Tajamares de Soledad (Atl\u00e1ntico) por funcionarios del Cuerpo T\u00e9cnico de Investigaci\u00f3n, en coordinaci\u00f3n con el Gaula del Ej\u00e9rcito Nacional, cuando al parecer recib\u00eda 5 millones de pesos por parte de una comerciante de dicho municipio que estaba siendo extorsionado.<\/p>\n<p style=\"font-weight: 400;\">De acuerdo con la indagaci\u00f3n, el procesado, quien manifestaba ser integrante de la estructura criminal Los Coste\u00f1os, estar\u00eda exigi\u00e9ndole dinero a la v\u00edctima desde el pasado 29 de agosto manifest\u00e1ndole v\u00eda telef\u00f3nica que si no pagaba atentar\u00eda contra su vida y la de su familia.<\/p>\n<p style=\"font-weight: 400;\">Por estos hechos la Fiscal\u00eda lo imput\u00f3 por el delito de extorsi\u00f3n agravada tentada, el cual no acept\u00f3.<\/p>\n<p style=\"font-weight: 400;\">Ante el abundante material probatorio presentado por el ente acusador un juez con funciones de control de garant\u00edas le dict\u00f3 al procesado medida de aseguramiento intramural.<\/p>\n<p style=\"font-weight: 400;\"><strong>La Fiscal\u00eda habla con resultados.<\/strong><\/p>\n<p>&nbsp;<\/p>\n<p>&nbsp;<\/p>\n<p>&nbsp;<\/p>\n<p style=\"font-weight: 400;\">SKCR\/CFG\/DAAA\/DSA<\/p>\n<p style=\"font-weight: 400;\">\n<p>&nbsp;<\/p>\n<p>&nbsp;<\/p>\n<div class=\"td-post-content tagdiv-type\">\n<p><em>La informaci\u00f3n contenida en este bolet\u00edn de prensa corresponde a la narraci\u00f3n de los hechos noticiosos objetivos, suministrados por los funcionarios encargados de adelantar las investigaciones penales al interior de la Fiscal\u00eda General de la Naci\u00f3n. Para el momento de la divulgaci\u00f3n de este comunicado, la situaci\u00f3n jur\u00eddica de la(s) persona(s) relacionada(s) se encuentra pendiente de resolver por la autoridad judicial competente, siempre bajo los preceptos de la presunci\u00f3n de inocencia, consagrados en el art\u00edculo 29 de la Constituci\u00f3n Pol\u00edtica y el art\u00edculo 7\u00ba de la Ley 906 de 2004.<\/em><\/p>\n<\/div>\n\n<div class=\"twitter-share\"><a href=\"https:\/\/twitter.com\/intent\/tweet?via=fiscaliacol\" class=\"twitter-share-button\">Tweet<\/a><\/div>\n","protected":false},"excerpt":{"rendered":"<p>Un fiscal adscrito a la Seccional Atl\u00e1ntico le imput\u00f3 cargos a Juan Miguel Carrillo D\u00edaz, quien estar\u00eda implicado en la comisi\u00f3n de extorsiones en la capital del Atl\u00e1ntico. Este hombre fue capturado en flagrancia en v\u00eda p\u00fablica del barrio Tajamares de Soledad (Atl\u00e1ntico) por funcionarios del Cuerpo T\u00e9cnico de Investigaci\u00f3n, en coordinaci\u00f3n con el Gaula [&hellip;]<\/p>\n","protected":false},"author":177,"featured_media":0,"comment_status":"closed","ping_status":"open","sticky":false,"template":"","format":"standard","meta":{"tdm_status":"","tdm_grid_status":"","footnotes":""},"categories":[1,320,303,24099],"tags":[14083,23829,23982,2612,667,871,7169,23972],"class_list":{"0":"post-256253","1":"post","2":"type-post","3":"status-publish","4":"format-standard","6":"category-noticias","7":"category-seccional-barranquilla","8":"category-seccionales","9":"category-seguridad-territorial","10":"tag-atlantico","11":"tag-barranquilla","12":"tag-barranquilla-atlantico","13":"tag-comerciante","14":"tag-ejercito","15":"tag-extorion","16":"tag-flagrancia","17":"tag-policia"},"yoast_head":"<!-- This site is optimized with the Yoast SEO plugin v24.3 - https:\/\/yoast.com\/wordpress\/plugins\/seo\/ -->\n<title>Fiscal\u00eda General de la Naci\u00f3n<\/title>\n<meta name=\"description\" content=\"P\u00e1gina oficial de la Fiscal\u00eda General de la Naci\u00f3n \u2013 Colombia. Garantizamos el acceso efectivo a la justicia, la verdad y la reparaci\u00f3n de las v\u00edctimas de los delitos.\" \/>\n<meta name=\"robots\" content=\"noindex, follow\" \/>\n<meta property=\"og:locale\" content=\"es_ES\" \/>\n<meta property=\"og:type\" content=\"article\" \/>\n<meta property=\"og:title\" content=\"Fiscal\u00eda General de la Naci\u00f3n\" \/>\n<meta property=\"og:description\" content=\"P\u00e1gina oficial de la Fiscal\u00eda General de la Naci\u00f3n \u2013 Colombia. Garantizamos el acceso efectivo a la justicia, la verdad y la reparaci\u00f3n de las v\u00edctimas de los delitos.\" \/>\n<meta property=\"og:url\" content=\"https:\/\/www.fiscalia.gov.co\/colombia\/noticias\/por-presunta-extorsion-a-un-comerciante-un-hombre-fue-enviado-a-la-carcel\/\" \/>\n<meta property=\"og:site_name\" content=\"Fiscal\u00eda General de la Naci\u00f3n\" \/>\n<meta property=\"article:publisher\" content=\"https:\/\/www.facebook.com\/FiscaliaCol\" \/>\n<meta property=\"article:published_time\" content=\"2022-09-05T15:04:09+00:00\" \/>\n<meta property=\"og:image\" content=\"https:\/\/www.fiscalia.gov.co\/colombia\/wp-content\/uploads\/Fiscal-Barbosa-Juan-Miguel-Carrillo-Diaz-fue-capturado-en-flagrancia-en-Soledad-Atlantico-por-funcionarios-del-CTI-en-coordinacion-con-el-Gaula-del-Ejercito.-760x1024.jpg\" \/>\n<meta name=\"author\" content=\"Jordan Leandro Oviedo Anzola\" \/>\n<meta name=\"twitter:card\" content=\"summary_large_image\" \/>\n<meta name=\"twitter:creator\" content=\"@FiscaliaCol\" \/>\n<meta name=\"twitter:site\" content=\"@FiscaliaCol\" \/>\n<meta name=\"twitter:label1\" content=\"Escrito por\" \/>\n\t<meta name=\"twitter:data1\" content=\"Jordan Leandro Oviedo Anzola\" \/>\n\t<meta name=\"twitter:label2\" content=\"Tiempo de lectura\" \/>\n\t<meta name=\"twitter:data2\" content=\"2 minutos\" \/>\n<script type=\"application\/ld+json\" class=\"yoast-schema-graph\">{\"@context\":\"https:\/\/schema.org\",\"@graph\":[{\"@type\":\"Article\",\"@id\":\"https:\/\/www.fiscalia.gov.co\/colombia\/noticias\/por-presunta-extorsion-a-un-comerciante-un-hombre-fue-enviado-a-la-carcel\/#article\",\"isPartOf\":{\"@id\":\"https:\/\/www.fiscalia.gov.co\/colombia\/noticias\/por-presunta-extorsion-a-un-comerciante-un-hombre-fue-enviado-a-la-carcel\/\"},\"author\":{\"name\":\"Jordan Leandro Oviedo Anzola\",\"@id\":\"https:\/\/www.fiscalia.gov.co\/colombia\/#\/schema\/person\/bf84402cf293a5393e9c70b111020b24\"},\"headline\":\"Por presunta extorsi\u00f3n a un comerciante un hombre fue enviado a la c\u00e1rcel\",\"datePublished\":\"2022-09-05T15:04:09+00:00\",\"dateModified\":\"2022-09-05T15:04:09+00:00\",\"mainEntityOfPage\":{\"@id\":\"https:\/\/www.fiscalia.gov.co\/colombia\/noticias\/por-presunta-extorsion-a-un-comerciante-un-hombre-fue-enviado-a-la-carcel\/\"},\"wordCount\":355,\"publisher\":{\"@id\":\"https:\/\/www.fiscalia.gov.co\/colombia\/#organization\"},\"image\":{\"@id\":\"https:\/\/www.fiscalia.gov.co\/colombia\/noticias\/por-presunta-extorsion-a-un-comerciante-un-hombre-fue-enviado-a-la-carcel\/#primaryimage\"},\"thumbnailUrl\":\"https:\/\/www.fiscalia.gov.co\/colombia\/wp-content\/uploads\/Fiscal-Barbosa-Juan-Miguel-Carrillo-Diaz-fue-capturado-en-flagrancia-en-Soledad-Atlantico-por-funcionarios-del-CTI-en-coordinacion-con-el-Gaula-del-Ejercito.-760x1024.jpg\",\"keywords\":[\"Atl\u00e1ntico\",\"Barranquilla\",\"Barranquilla (Atl\u00e1ntico)\",\"Comerciante\",\"Ej\u00e9rcito\",\"Extorsi\u00f3n\",\"Flagrancia\",\"Polic\u00eda\"],\"articleSection\":[\"Noticias\",\"Seccional Barranquilla\",\"Seccionales\",\"Seguridad territorial\"],\"inLanguage\":\"es-CO\"},{\"@type\":\"WebPage\",\"@id\":\"https:\/\/www.fiscalia.gov.co\/colombia\/noticias\/por-presunta-extorsion-a-un-comerciante-un-hombre-fue-enviado-a-la-carcel\/\",\"url\":\"https:\/\/www.fiscalia.gov.co\/colombia\/noticias\/por-presunta-extorsion-a-un-comerciante-un-hombre-fue-enviado-a-la-carcel\/\",\"name\":\"Fiscal\u00eda General de la Naci\u00f3n\",\"isPartOf\":{\"@id\":\"https:\/\/www.fiscalia.gov.co\/colombia\/#website\"},\"primaryImageOfPage\":{\"@id\":\"https:\/\/www.fiscalia.gov.co\/colombia\/noticias\/por-presunta-extorsion-a-un-comerciante-un-hombre-fue-enviado-a-la-carcel\/#primaryimage\"},\"image\":{\"@id\":\"https:\/\/www.fiscalia.gov.co\/colombia\/noticias\/por-presunta-extorsion-a-un-comerciante-un-hombre-fue-enviado-a-la-carcel\/#primaryimage\"},\"thumbnailUrl\":\"https:\/\/www.fiscalia.gov.co\/colombia\/wp-content\/uploads\/Fiscal-Barbosa-Juan-Miguel-Carrillo-Diaz-fue-capturado-en-flagrancia-en-Soledad-Atlantico-por-funcionarios-del-CTI-en-coordinacion-con-el-Gaula-del-Ejercito.-760x1024.jpg\",\"datePublished\":\"2022-09-05T15:04:09+00:00\",\"dateModified\":\"2022-09-05T15:04:09+00:00\",\"description\":\"P\u00e1gina oficial de la Fiscal\u00eda General de la Naci\u00f3n \u2013 Colombia. Garantizamos el acceso efectivo a la justicia, la verdad y la reparaci\u00f3n de las v\u00edctimas de los delitos.\",\"breadcrumb\":{\"@id\":\"https:\/\/www.fiscalia.gov.co\/colombia\/noticias\/por-presunta-extorsion-a-un-comerciante-un-hombre-fue-enviado-a-la-carcel\/#breadcrumb\"},\"inLanguage\":\"es-CO\",\"potentialAction\":[{\"@type\":\"ReadAction\",\"target\":[\"https:\/\/www.fiscalia.gov.co\/colombia\/noticias\/por-presunta-extorsion-a-un-comerciante-un-hombre-fue-enviado-a-la-carcel\/\"]}]},{\"@type\":\"ImageObject\",\"inLanguage\":\"es-CO\",\"@id\":\"https:\/\/www.fiscalia.gov.co\/colombia\/noticias\/por-presunta-extorsion-a-un-comerciante-un-hombre-fue-enviado-a-la-carcel\/#primaryimage\",\"url\":\"https:\/\/www.fiscalia.gov.co\/colombia\/wp-content\/uploads\/Fiscal-Barbosa-Juan-Miguel-Carrillo-Diaz-fue-capturado-en-flagrancia-en-Soledad-Atlantico-por-funcionarios-del-CTI-en-coordinacion-con-el-Gaula-del-Ejercito..jpg\",\"contentUrl\":\"https:\/\/www.fiscalia.gov.co\/colombia\/wp-content\/uploads\/Fiscal-Barbosa-Juan-Miguel-Carrillo-Diaz-fue-capturado-en-flagrancia-en-Soledad-Atlantico-por-funcionarios-del-CTI-en-coordinacion-con-el-Gaula-del-Ejercito..jpg\",\"width\":950,\"height\":1280,\"caption\":\"Juan Miguel Carrillo D\u00edaz\u00a0fue capturado en flagrancia en Soledad (Atl\u00e1ntico), por funcionarios del CTI en coordinaci\u00f3n con el Gaula del Ej\u00e9rcito.\"},{\"@type\":\"BreadcrumbList\",\"@id\":\"https:\/\/www.fiscalia.gov.co\/colombia\/noticias\/por-presunta-extorsion-a-un-comerciante-un-hombre-fue-enviado-a-la-carcel\/#breadcrumb\",\"itemListElement\":[{\"@type\":\"ListItem\",\"position\":1,\"name\":\"Home\",\"item\":\"https:\/\/www.fiscalia.gov.co\/colombia\/\"},{\"@type\":\"ListItem\",\"position\":2,\"name\":\"Por presunta extorsi\u00f3n a un comerciante un hombre fue enviado a la c\u00e1rcel\"}]},{\"@type\":\"WebSite\",\"@id\":\"https:\/\/www.fiscalia.gov.co\/colombia\/#website\",\"url\":\"https:\/\/www.fiscalia.gov.co\/colombia\/\",\"name\":\"Fiscal\u00eda General de la Naci\u00f3n\",\"description\":\"P\u00e1gina oficial de la Fiscal\u00eda General de la Naci\u00f3n \u2013 Colombia. Garantizamos el acceso efectivo a la justicia, la verdad y la reparaci\u00f3n de las v\u00edctimas de los delitos.\",\"publisher\":{\"@id\":\"https:\/\/www.fiscalia.gov.co\/colombia\/#organization\"},\"potentialAction\":[{\"@type\":\"SearchAction\",\"target\":{\"@type\":\"EntryPoint\",\"urlTemplate\":\"https:\/\/www.fiscalia.gov.co\/colombia\/?s={search_term_string}\"},\"query-input\":{\"@type\":\"PropertyValueSpecification\",\"valueRequired\":true,\"valueName\":\"search_term_string\"}}],\"inLanguage\":\"es-CO\"},{\"@type\":\"Organization\",\"@id\":\"https:\/\/www.fiscalia.gov.co\/colombia\/#organization\",\"name\":\"Fiscal\u00eda General de la Naci\u00f3n\",\"url\":\"https:\/\/www.fiscalia.gov.co\/colombia\/\",\"logo\":{\"@type\":\"ImageObject\",\"inLanguage\":\"es-CO\",\"@id\":\"https:\/\/www.fiscalia.gov.co\/colombia\/#\/schema\/logo\/image\/\",\"url\":\"https:\/\/www.fiscalia.gov.co\/colombia\/wp-content\/uploads\/LogoHorizontal_1.jpg\",\"contentUrl\":\"https:\/\/www.fiscalia.gov.co\/colombia\/wp-content\/uploads\/LogoHorizontal_1.jpg\",\"width\":300,\"height\":90,\"caption\":\"Fiscal\u00eda General de la Naci\u00f3n\"},\"image\":{\"@id\":\"https:\/\/www.fiscalia.gov.co\/colombia\/#\/schema\/logo\/image\/\"},\"sameAs\":[\"https:\/\/www.facebook.com\/FiscaliaCol\",\"https:\/\/x.com\/FiscaliaCol\",\"https:\/\/www.instagram.com\/fiscaliacol\",\"https:\/\/www.linkedin.com\/company\/fiscalia-general-de-la-naci-n\/\",\"https:\/\/youtube.com\/@fiscaliageneraldelanacion-4668?si=6nN79nyQICPU5iTh\"]},{\"@type\":\"Person\",\"@id\":\"https:\/\/www.fiscalia.gov.co\/colombia\/#\/schema\/person\/bf84402cf293a5393e9c70b111020b24\",\"name\":\"Jordan Leandro Oviedo Anzola\",\"image\":{\"@type\":\"ImageObject\",\"inLanguage\":\"es-CO\",\"@id\":\"https:\/\/www.fiscalia.gov.co\/colombia\/#\/schema\/person\/image\/\",\"url\":\"https:\/\/secure.gravatar.com\/avatar\/dabba4346fa9b9207d96adafa8f92721?s=96&d=mm&r=g\",\"contentUrl\":\"https:\/\/secure.gravatar.com\/avatar\/dabba4346fa9b9207d96adafa8f92721?s=96&d=mm&r=g\",\"caption\":\"Jordan Leandro Oviedo Anzola\"},\"url\":\"https:\/\/www.fiscalia.gov.co\/colombia\/author\/joviedo\/\"}]}<\/script>\n<!-- \/ Yoast SEO plugin. -->","yoast_head_json":{"title":"Fiscal\u00eda General de la Naci\u00f3n","description":"P\u00e1gina oficial de la Fiscal\u00eda General de la Naci\u00f3n \u2013 Colombia. Garantizamos el acceso efectivo a la justicia, la verdad y la reparaci\u00f3n de las v\u00edctimas de los delitos.","robots":{"index":"noindex","follow":"follow"},"og_locale":"es_ES","og_type":"article","og_title":"Fiscal\u00eda General de la Naci\u00f3n","og_description":"P\u00e1gina oficial de la Fiscal\u00eda General de la Naci\u00f3n \u2013 Colombia. Garantizamos el acceso efectivo a la justicia, la verdad y la reparaci\u00f3n de las v\u00edctimas de los delitos.","og_url":"https:\/\/www.fiscalia.gov.co\/colombia\/noticias\/por-presunta-extorsion-a-un-comerciante-un-hombre-fue-enviado-a-la-carcel\/","og_site_name":"Fiscal\u00eda General de la Naci\u00f3n","article_publisher":"https:\/\/www.facebook.com\/FiscaliaCol","article_published_time":"2022-09-05T15:04:09+00:00","og_image":[{"url":"https:\/\/www.fiscalia.gov.co\/colombia\/wp-content\/uploads\/Fiscal-Barbosa-Juan-Miguel-Carrillo-Diaz-fue-capturado-en-flagrancia-en-Soledad-Atlantico-por-funcionarios-del-CTI-en-coordinacion-con-el-Gaula-del-Ejercito.-760x1024.jpg","type":"","width":"","height":""}],"author":"Jordan Leandro Oviedo Anzola","twitter_card":"summary_large_image","twitter_creator":"@FiscaliaCol","twitter_site":"@FiscaliaCol","twitter_misc":{"Escrito por":"Jordan Leandro Oviedo Anzola","Tiempo de lectura":"2 minutos"},"schema":{"@context":"https:\/\/schema.org","@graph":[{"@type":"Article","@id":"https:\/\/www.fiscalia.gov.co\/colombia\/noticias\/por-presunta-extorsion-a-un-comerciante-un-hombre-fue-enviado-a-la-carcel\/#article","isPartOf":{"@id":"https:\/\/www.fiscalia.gov.co\/colombia\/noticias\/por-presunta-extorsion-a-un-comerciante-un-hombre-fue-enviado-a-la-carcel\/"},"author":{"name":"Jordan Leandro Oviedo Anzola","@id":"https:\/\/www.fiscalia.gov.co\/colombia\/#\/schema\/person\/bf84402cf293a5393e9c70b111020b24"},"headline":"Por presunta extorsi\u00f3n a un comerciante un hombre fue enviado a la c\u00e1rcel","datePublished":"2022-09-05T15:04:09+00:00","dateModified":"2022-09-05T15:04:09+00:00","mainEntityOfPage":{"@id":"https:\/\/www.fiscalia.gov.co\/colombia\/noticias\/por-presunta-extorsion-a-un-comerciante-un-hombre-fue-enviado-a-la-carcel\/"},"wordCount":355,"publisher":{"@id":"https:\/\/www.fiscalia.gov.co\/colombia\/#organization"},"image":{"@id":"https:\/\/www.fiscalia.gov.co\/colombia\/noticias\/por-presunta-extorsion-a-un-comerciante-un-hombre-fue-enviado-a-la-carcel\/#primaryimage"},"thumbnailUrl":"https:\/\/www.fiscalia.gov.co\/colombia\/wp-content\/uploads\/Fiscal-Barbosa-Juan-Miguel-Carrillo-Diaz-fue-capturado-en-flagrancia-en-Soledad-Atlantico-por-funcionarios-del-CTI-en-coordinacion-con-el-Gaula-del-Ejercito.-760x1024.jpg","keywords":["Atl\u00e1ntico","Barranquilla","Barranquilla (Atl\u00e1ntico)","Comerciante","Ej\u00e9rcito","Extorsi\u00f3n","Flagrancia","Polic\u00eda"],"articleSection":["Noticias","Seccional Barranquilla","Seccionales","Seguridad territorial"],"inLanguage":"es-CO"},{"@type":"WebPage","@id":"https:\/\/www.fiscalia.gov.co\/colombia\/noticias\/por-presunta-extorsion-a-un-comerciante-un-hombre-fue-enviado-a-la-carcel\/","url":"https:\/\/www.fiscalia.gov.co\/colombia\/noticias\/por-presunta-extorsion-a-un-comerciante-un-hombre-fue-enviado-a-la-carcel\/","name":"Fiscal\u00eda General de la Naci\u00f3n","isPartOf":{"@id":"https:\/\/www.fiscalia.gov.co\/colombia\/#website"},"primaryImageOfPage":{"@id":"https:\/\/www.fiscalia.gov.co\/colombia\/noticias\/por-presunta-extorsion-a-un-comerciante-un-hombre-fue-enviado-a-la-carcel\/#primaryimage"},"image":{"@id":"https:\/\/www.fiscalia.gov.co\/colombia\/noticias\/por-presunta-extorsion-a-un-comerciante-un-hombre-fue-enviado-a-la-carcel\/#primaryimage"},"thumbnailUrl":"https:\/\/www.fiscalia.gov.co\/colombia\/wp-content\/uploads\/Fiscal-Barbosa-Juan-Miguel-Carrillo-Diaz-fue-capturado-en-flagrancia-en-Soledad-Atlantico-por-funcionarios-del-CTI-en-coordinacion-con-el-Gaula-del-Ejercito.-760x1024.jpg","datePublished":"2022-09-05T15:04:09+00:00","dateModified":"2022-09-05T15:04:09+00:00","description":"P\u00e1gina oficial de la Fiscal\u00eda General de la Naci\u00f3n \u2013 Colombia. Garantizamos el acceso efectivo a la justicia, la verdad y la reparaci\u00f3n de las v\u00edctimas de los delitos.","breadcrumb":{"@id":"https:\/\/www.fiscalia.gov.co\/colombia\/noticias\/por-presunta-extorsion-a-un-comerciante-un-hombre-fue-enviado-a-la-carcel\/#breadcrumb"},"inLanguage":"es-CO","potentialAction":[{"@type":"ReadAction","target":["https:\/\/www.fiscalia.gov.co\/colombia\/noticias\/por-presunta-extorsion-a-un-comerciante-un-hombre-fue-enviado-a-la-carcel\/"]}]},{"@type":"ImageObject","inLanguage":"es-CO","@id":"https:\/\/www.fiscalia.gov.co\/colombia\/noticias\/por-presunta-extorsion-a-un-comerciante-un-hombre-fue-enviado-a-la-carcel\/#primaryimage","url":"https:\/\/www.fiscalia.gov.co\/colombia\/wp-content\/uploads\/Fiscal-Barbosa-Juan-Miguel-Carrillo-Diaz-fue-capturado-en-flagrancia-en-Soledad-Atlantico-por-funcionarios-del-CTI-en-coordinacion-con-el-Gaula-del-Ejercito..jpg","contentUrl":"https:\/\/www.fiscalia.gov.co\/colombia\/wp-content\/uploads\/Fiscal-Barbosa-Juan-Miguel-Carrillo-Diaz-fue-capturado-en-flagrancia-en-Soledad-Atlantico-por-funcionarios-del-CTI-en-coordinacion-con-el-Gaula-del-Ejercito..jpg","width":950,"height":1280,"caption":"Juan Miguel Carrillo D\u00edaz\u00a0fue capturado en flagrancia en Soledad (Atl\u00e1ntico), por funcionarios del CTI en coordinaci\u00f3n con el Gaula del Ej\u00e9rcito."},{"@type":"BreadcrumbList","@id":"https:\/\/www.fiscalia.gov.co\/colombia\/noticias\/por-presunta-extorsion-a-un-comerciante-un-hombre-fue-enviado-a-la-carcel\/#breadcrumb","itemListElement":[{"@type":"ListItem","position":1,"name":"Home","item":"https:\/\/www.fiscalia.gov.co\/colombia\/"},{"@type":"ListItem","position":2,"name":"Por presunta extorsi\u00f3n a un comerciante un hombre fue enviado a la c\u00e1rcel"}]},{"@type":"WebSite","@id":"https:\/\/www.fiscalia.gov.co\/colombia\/#website","url":"https:\/\/www.fiscalia.gov.co\/colombia\/","name":"Fiscal\u00eda General de la Naci\u00f3n","description":"P\u00e1gina oficial de la Fiscal\u00eda General de la Naci\u00f3n \u2013 Colombia. Garantizamos el acceso efectivo a la justicia, la verdad y la reparaci\u00f3n de las v\u00edctimas de los delitos.","publisher":{"@id":"https:\/\/www.fiscalia.gov.co\/colombia\/#organization"},"potentialAction":[{"@type":"SearchAction","target":{"@type":"EntryPoint","urlTemplate":"https:\/\/www.fiscalia.gov.co\/colombia\/?s={search_term_string}"},"query-input":{"@type":"PropertyValueSpecification","valueRequired":true,"valueName":"search_term_string"}}],"inLanguage":"es-CO"},{"@type":"Organization","@id":"https:\/\/www.fiscalia.gov.co\/colombia\/#organization","name":"Fiscal\u00eda General de la Naci\u00f3n","url":"https:\/\/www.fiscalia.gov.co\/colombia\/","logo":{"@type":"ImageObject","inLanguage":"es-CO","@id":"https:\/\/www.fiscalia.gov.co\/colombia\/#\/schema\/logo\/image\/","url":"https:\/\/www.fiscalia.gov.co\/colombia\/wp-content\/uploads\/LogoHorizontal_1.jpg","contentUrl":"https:\/\/www.fiscalia.gov.co\/colombia\/wp-content\/uploads\/LogoHorizontal_1.jpg","width":300,"height":90,"caption":"Fiscal\u00eda General de la Naci\u00f3n"},"image":{"@id":"https:\/\/www.fiscalia.gov.co\/colombia\/#\/schema\/logo\/image\/"},"sameAs":["https:\/\/www.facebook.com\/FiscaliaCol","https:\/\/x.com\/FiscaliaCol","https:\/\/www.instagram.com\/fiscaliacol","https:\/\/www.linkedin.com\/company\/fiscalia-general-de-la-naci-n\/","https:\/\/youtube.com\/@fiscaliageneraldelanacion-4668?si=6nN79nyQICPU5iTh"]},{"@type":"Person","@id":"https:\/\/www.fiscalia.gov.co\/colombia\/#\/schema\/person\/bf84402cf293a5393e9c70b111020b24","name":"Jordan Leandro Oviedo Anzola","image":{"@type":"ImageObject","inLanguage":"es-CO","@id":"https:\/\/www.fiscalia.gov.co\/colombia\/#\/schema\/person\/image\/","url":"https:\/\/secure.gravatar.com\/avatar\/dabba4346fa9b9207d96adafa8f92721?s=96&d=mm&r=g","contentUrl":"https:\/\/secure.gravatar.com\/avatar\/dabba4346fa9b9207d96adafa8f92721?s=96&d=mm&r=g","caption":"Jordan Leandro Oviedo Anzola"},"url":"https:\/\/www.fiscalia.gov.co\/colombia\/author\/joviedo\/"}]}},"_links":{"self":[{"href":"https:\/\/www.fiscalia.gov.co\/colombia\/wp-json\/wp\/v2\/posts\/256253","targetHints":{"allow":["GET"]}}],"collection":[{"href":"https:\/\/www.fiscalia.gov.co\/colombia\/wp-json\/wp\/v2\/posts"}],"about":[{"href":"https:\/\/www.fiscalia.gov.co\/colombia\/wp-json\/wp\/v2\/types\/post"}],"author":[{"embeddable":true,"href":"https:\/\/www.fiscalia.gov.co\/colombia\/wp-json\/wp\/v2\/users\/177"}],"replies":[{"embeddable":true,"href":"https:\/\/www.fiscalia.gov.co\/colombia\/wp-json\/wp\/v2\/comments?post=256253"}],"version-history":[{"count":1,"href":"https:\/\/www.fiscalia.gov.co\/colombia\/wp-json\/wp\/v2\/posts\/256253\/revisions"}],"predecessor-version":[{"id":256255,"href":"https:\/\/www.fiscalia.gov.co\/colombia\/wp-json\/wp\/v2\/posts\/256253\/revisions\/256255"}],"wp:attachment":[{"href":"https:\/\/www.fiscalia.gov.co\/colombia\/wp-json\/wp\/v2\/media?parent=256253"}],"wp:term":[{"taxonomy":"category","embeddable":true,"href":"https:\/\/www.fiscalia.gov.co\/colombia\/wp-json\/wp\/v2\/categories?post=256253"},{"taxonomy":"post_tag","embeddable":true,"href":"https:\/\/www.fiscalia.gov.co\/colombia\/wp-json\/wp\/v2\/tags?post=256253"}],"curies":[{"name":"wp","href":"https:\/\/api.w.org\/{rel}","templated":true}]}}